{"id":40039,"date":"2025-12-08T11:11:16","date_gmt":"2025-12-08T14:11:16","guid":{"rendered":"https:\/\/www.grupomedcof.com.br\/blog\/?p=40039"},"modified":"2025-12-08T11:11:18","modified_gmt":"2025-12-08T14:11:18","slug":"edital-temfc","status":"publish","type":"post","link":"https:\/\/www.grupomedcof.com.br\/blog\/edital-temfc\/","title":{"rendered":"TEMFC: confira edital da prova de t\u00edtulo em MFC em 2026"},"content":{"rendered":"<div id=\"ez-toc-container\" class=\"ez-toc-v2_0_74 counter-hierarchy ez-toc-counter ez-toc-transparent ez-toc-container-direction\">\n<div class=\"ez-toc-title-container\">\n<p class=\"ez-toc-title\" style=\"cursor:inherit\">Sum\u00e1rio<\/p>\n<span class=\"ez-toc-title-toggle\"><a href=\"#\" class=\"ez-toc-pull-right ez-toc-btn ez-toc-btn-xs ez-toc-btn-default ez-toc-toggle\" aria-label=\"Alternar tabela de conte\u00fado\"><span class=\"ez-toc-js-icon-con\"><span class=\"\"><span class=\"eztoc-hide\" style=\"display:none;\">Toggle<\/span><span class=\"ez-toc-icon-toggle-span\"><svg style=\"fill: #999;color:#999\" xmlns=\"http:\/\/www.w3.org\/2000\/svg\" class=\"list-377408\" width=\"20px\" height=\"20px\" viewBox=\"0 0 24 24\" fill=\"none\"><path d=\"M6 6H4v2h2V6zm14 0H8v2h12V6zM4 11h2v2H4v-2zm16 0H8v2h12v-2zM4 16h2v2H4v-2zm16 0H8v2h12v-2z\" fill=\"currentColor\"><\/path><\/svg><svg style=\"fill: #999;color:#999\" class=\"arrow-unsorted-368013\" xmlns=\"http:\/\/www.w3.org\/2000\/svg\" width=\"10px\" height=\"10px\" viewBox=\"0 0 24 24\" version=\"1.2\" baseProfile=\"tiny\"><path d=\"M18.2 9.3l-6.2-6.3-6.2 6.3c-.2.2-.3.4-.3.7s.1.5.3.7c.2.2.4.3.7.3h11c.3 0 .5-.1.7-.3.2-.2.3-.5.3-.7s-.1-.5-.3-.7zM5.8 14.7l6.2 6.3 6.2-6.3c.2-.2.3-.5.3-.7s-.1-.5-.3-.7c-.2-.2-.4-.3-.7-.3h-11c-.3 0-.5.1-.7.3-.2.2-.3.5-.3.7s.1.5.3.7z\"\/><\/svg><\/span><\/span><\/span><\/a><\/span><\/div>\n<nav><ul class='ez-toc-list ez-toc-list-level-1 ' ><li class='ez-toc-page-1 ez-toc-heading-level-2'><a class=\"ez-toc-link ez-toc-heading-1\" href=\"https:\/\/www.grupomedcof.com.br\/blog\/edital-temfc\/#Principais_informacoes_TEMFC_37\" >Principais informa\u00e7\u00f5es TEMFC 37<\/a><\/li><li class='ez-toc-page-1 ez-toc-heading-level-2'><a class=\"ez-toc-link ez-toc-heading-2\" href=\"https:\/\/www.grupomedcof.com.br\/blog\/edital-temfc\/#Prova_TEMFC_37\" >Prova TEMFC 37<\/a><ul class='ez-toc-list-level-3' ><li class='ez-toc-heading-level-3'><a class=\"ez-toc-link ez-toc-heading-3\" href=\"https:\/\/www.grupomedcof.com.br\/blog\/edital-temfc\/#Edital_na_integra\" >Edital na \u00edntegra<\/a><\/li><\/ul><\/li><li class='ez-toc-page-1 ez-toc-heading-level-2'><a class=\"ez-toc-link ez-toc-heading-4\" href=\"https:\/\/www.grupomedcof.com.br\/blog\/edital-temfc\/#Quem_pode_prestar_o_TEMFC_37\" >Quem pode prestar o TEMFC 37<\/a><\/li><li class='ez-toc-page-1 ez-toc-heading-level-2'><a class=\"ez-toc-link ez-toc-heading-5\" href=\"https:\/\/www.grupomedcof.com.br\/blog\/edital-temfc\/#Cronograma_TEMFC_37\" >Cronograma TEMFC 37<\/a><\/li><li class='ez-toc-page-1 ez-toc-heading-level-2'><a class=\"ez-toc-link ez-toc-heading-6\" href=\"https:\/\/www.grupomedcof.com.br\/blog\/edital-temfc\/#Conquiste_a_aprovacao_e_acompanhe_mais_noticias\" >Conquiste a aprova\u00e7\u00e3o e acompanhe mais not\u00edcias!<\/a><\/li><\/ul><\/nav><\/div>\n\n<figure class=\"wp-block-image\"><img loading=\"lazy\" decoding=\"async\" width=\"1920\" height=\"1080\" src=\"https:\/\/www.grupomedcof.com.br\/blog\/wp-content\/uploads\/2025\/12\/Modelo-instituicoes-22.jpg\" alt=\"TEMFC\" class=\"wp-image-40046\" srcset=\"https:\/\/www.grupomedcof.com.br\/blog\/wp-content\/uploads\/2025\/12\/Modelo-instituicoes-22.jpg 1920w, https:\/\/www.grupomedcof.com.br\/blog\/wp-content\/uploads\/2025\/12\/Modelo-instituicoes-22-300x169.jpg 300w, https:\/\/www.grupomedcof.com.br\/blog\/wp-content\/uploads\/2025\/12\/Modelo-instituicoes-22-1024x576.jpg 1024w, https:\/\/www.grupomedcof.com.br\/blog\/wp-content\/uploads\/2025\/12\/Modelo-instituicoes-22-768x432.jpg 768w, https:\/\/www.grupomedcof.com.br\/blog\/wp-content\/uploads\/2025\/12\/Modelo-instituicoes-22-1536x864.jpg 1536w, https:\/\/www.grupomedcof.com.br\/blog\/wp-content\/uploads\/2025\/12\/Modelo-instituicoes-22-747x420.jpg 747w, https:\/\/www.grupomedcof.com.br\/blog\/wp-content\/uploads\/2025\/12\/Modelo-instituicoes-22-150x84.jpg 150w, https:\/\/www.grupomedcof.com.br\/blog\/wp-content\/uploads\/2025\/12\/Modelo-instituicoes-22-696x392.jpg 696w, https:\/\/www.grupomedcof.com.br\/blog\/wp-content\/uploads\/2025\/12\/Modelo-instituicoes-22-1068x601.jpg 1068w\" sizes=\"auto, (max-width: 1920px) 100vw, 1920px\" \/><\/figure>\n\n\n\n<p>A <strong>Sociedade Brasileira de Medicina de Fam\u00edlia e Comunidade (SBMFC)<\/strong> divulgou o edital da<strong> 37\u00aa edi\u00e7\u00e3o do Exame de Sufici\u00eancia para Obten\u00e7\u00e3o do T\u00edtulo de Especialista em Medicina de Fam\u00edlia e Comunidade (TEMFC 37)<\/strong>.<\/p>\n\n\n\n<h2 class=\"wp-block-heading\" id=\"h-principais-informacoes-temfc-37\"><span class=\"ez-toc-section\" id=\"Principais_informacoes_TEMFC_37\"><\/span><strong>Principais informa\u00e7\u00f5es TEMFC 37<\/strong><span class=\"ez-toc-section-end\"><\/span><\/h2>\n\n\n\n<p>O per\u00edodo de inscri\u00e7\u00f5es para o <strong>TEMFC 37<\/strong> vai de <strong>5 de dezembro de 2025 a 12 de janeiro de 2026<\/strong>. <\/p>\n\n\n\n<p>A taxa de inscri\u00e7\u00e3o varia entre <strong>R$ 500 e R$ 1.700<\/strong>, de acordo com a categoria do candidato. <\/p>\n\n\n\n<p>As inscri\u00e7\u00f5es podem ser realizadas pelo <strong><a href=\"https:\/\/sbmfc.org.br\/inscricao-temfc\/?acao=aceite\">site oficial da SBMFC<\/a><\/strong>.<\/p>\n\n\n\n<figure class=\"wp-block-image size-large\"><a href=\"https:\/\/www.grupomedcof.com.br\/cofletters\/?clientId=&amp;utm_campaign=newsletter&amp;utm_medium=banner&amp;utm_source=blog&amp;utm_content=inscricao#https:\/\/www.grupomedcof.com.br\/blog\/\" target=\"_blank\" rel=\" noreferrer noopener\"><img loading=\"lazy\" decoding=\"async\" width=\"1024\" height=\"320\" src=\"https:\/\/www.grupomedcof.com.br\/blog\/wp-content\/uploads\/2025\/11\/Banner-MedCof-Plus-2200x460-11-1343x420-1-1024x320.png\" alt=\"\" class=\"wp-image-39227\" srcset=\"https:\/\/www.grupomedcof.com.br\/blog\/wp-content\/uploads\/2025\/11\/Banner-MedCof-Plus-2200x460-11-1343x420-1-1024x320.png 1024w, https:\/\/www.grupomedcof.com.br\/blog\/wp-content\/uploads\/2025\/11\/Banner-MedCof-Plus-2200x460-11-1343x420-1-300x94.png 300w, https:\/\/www.grupomedcof.com.br\/blog\/wp-content\/uploads\/2025\/11\/Banner-MedCof-Plus-2200x460-11-1343x420-1-768x240.png 768w, https:\/\/www.grupomedcof.com.br\/blog\/wp-content\/uploads\/2025\/11\/Banner-MedCof-Plus-2200x460-11-1343x420-1-150x47.png 150w, https:\/\/www.grupomedcof.com.br\/blog\/wp-content\/uploads\/2025\/11\/Banner-MedCof-Plus-2200x460-11-1343x420-1-696x218.png 696w, https:\/\/www.grupomedcof.com.br\/blog\/wp-content\/uploads\/2025\/11\/Banner-MedCof-Plus-2200x460-11-1343x420-1-1068x334.png 1068w, https:\/\/www.grupomedcof.com.br\/blog\/wp-content\/uploads\/2025\/11\/Banner-MedCof-Plus-2200x460-11-1343x420-1.png 1343w\" sizes=\"auto, (max-width: 1024px) 100vw, 1024px\" \/><\/a><\/figure>\n\n\n\n<h2 class=\"wp-block-heading\" id=\"h-prova-temfc-37\"><span class=\"ez-toc-section\" id=\"Prova_TEMFC_37\"><\/span><strong>Prova TEMFC 37<\/strong><span class=\"ez-toc-section-end\"><\/span><\/h2>\n\n\n\n<p>O edital estabelece que o exame ser\u00e1 realizado em quatro etapas:<\/p>\n\n\n\n<ol class=\"wp-block-list\">\n<li><strong>An\u00e1lise documental<\/strong>;<\/li>\n\n\n\n<li><strong>Pr\u00e9-teste<\/strong>;<\/li>\n\n\n\n<li>Duas provas objetivas: uma<strong> Prova Te\u00f3rica<\/strong> e uma<strong> Prova Te\u00f3rico-Pr\u00e1tica<\/strong>. Ambas est\u00e3o previstas para o dia 19 de abril de 2026, com dura\u00e7\u00e3o total de cinco horas, das 09h \u00e0s 14h (hor\u00e1rio de Bras\u00edlia).<\/li>\n\n\n\n<li><strong>An\u00e1lise curricular<\/strong> (relacionada ao hist\u00f3rico profissional e de resid\u00eancia ou atua\u00e7\u00e3o em Aten\u00e7\u00e3o Prim\u00e1ria).<\/li>\n<\/ol>\n\n\n\n<h3 class=\"wp-block-heading\" id=\"h-edital-na-integra\"><span class=\"ez-toc-section\" id=\"Edital_na_integra\"><\/span><strong>Edital na \u00edntegra<\/strong><span class=\"ez-toc-section-end\"><\/span><\/h3>\n\n\n\n<div data-wp-interactive=\"core\/file\" class=\"wp-block-file\"><object data-wp-bind--hidden=\"!state.hasPdfPreview\" hidden class=\"wp-block-file__embed\" data=\"https:\/\/www.grupomedcof.com.br\/blog\/wp-content\/uploads\/2025\/12\/Edital-TEMFC-37.pdf\" type=\"application\/pdf\" style=\"width:100%;height:600px\" aria-label=\"Incorporado de Edital-TEMFC-37.\"><\/object><a id=\"wp-block-file--media-25bf6ec0-3bcf-4783-b7ec-aeb286f38e19\" href=\"https:\/\/www.grupomedcof.com.br\/blog\/wp-content\/uploads\/2025\/12\/Edital-TEMFC-37.pdf\">Edital-TEMFC-37<\/a><a href=\"https:\/\/www.grupomedcof.com.br\/blog\/wp-content\/uploads\/2025\/12\/Edital-TEMFC-37.pdf\" class=\"wp-block-file__button wp-element-button\" download aria-describedby=\"wp-block-file--media-25bf6ec0-3bcf-4783-b7ec-aeb286f38e19\">Baixar<\/a><\/div>\n\n\n\n<h2 class=\"wp-block-heading\" id=\"h-quem-pode-prestar-o-temfc-37\"><span class=\"ez-toc-section\" id=\"Quem_pode_prestar_o_TEMFC_37\"><\/span><strong>Quem pode prestar o TEMFC 37<\/strong><span class=\"ez-toc-section-end\"><\/span><\/h2>\n\n\n\n<p>Podem se inscrever quem preencha os seguintes requisitos b\u00e1sicos: estar <strong>graduado em Medicina<\/strong> e possuir registro definitivo junto ao respectivo<strong> Conselho Regional de Medicina (CRM)<\/strong> em situa\u00e7\u00e3o regular.<br><\/p>\n\n\n\n<p>Al\u00e9m disso, \u00e9 necess\u00e1rio cumprir pelo menos <strong>uma <\/strong>das seguintes condi\u00e7\u00f5es:<\/p>\n\n\n\n<ol class=\"wp-block-list\">\n<li>Ter conclu\u00eddo programa de <strong>resid\u00eancia m\u00e9dica em Medicina de Fam\u00edlia e Comunidade <\/strong>credenciado pela<strong> Comiss\u00e3o Nacional de Resid\u00eancia M\u00e9dica (CNRM)<\/strong>.<\/li>\n\n\n\n<li>Ser<strong> bolsista do Programa M\u00e9dicos pelo Brasil (PMpB)<\/strong> por um m\u00ednimo de 2 (dois) anos completos, com aprova\u00e7\u00e3o em todas as etapas do curso de especializa\u00e7\u00e3o.<\/li>\n\n\n\n<li>Ter<strong> atua\u00e7\u00e3o comprovada<\/strong> como m\u00e9dico na \u00e1rea da <strong>Aten\u00e7\u00e3o Prim\u00e1ria \u00e0 Sa\u00fade (APS) <\/strong>por m\u00ednimo de quatro anos, consecutivos ou n\u00e3o, at\u00e9 a data de inscri\u00e7\u00e3o.<\/li>\n<\/ol>\n\n\n\n<h2 class=\"wp-block-heading\" id=\"h-cronograma-temfc-37\"><span class=\"ez-toc-section\" id=\"Cronograma_TEMFC_37\"><\/span><strong>Cronograma<\/strong> <strong>TEMFC 37<\/strong><span class=\"ez-toc-section-end\"><\/span><\/h2>\n\n\n\n<figure class=\"wp-block-table\"><table class=\"has-fixed-layout\"><tbody><tr><td><strong>Per\u00edodo de Inscri\u00e7\u00f5es<\/strong><\/td><td>05\/12\/25 a 12\/02\/26<\/td><\/tr><tr><td><strong>Aplica\u00e7\u00e3o das provas<\/strong><\/td><td>19\/04\/2026<\/td><\/tr><tr><td><strong>Divulga\u00e7\u00e3o do Gabarito<\/strong><\/td><td>20\/04\/2026<\/td><\/tr><tr><td><strong>Resultado Preliminar da An\u00e1lise Curricular<\/strong><\/td><td>19\/06\/2026<\/td><\/tr><tr><td><strong>Resultado Final<\/strong><\/td><td>10\/07\/2026<\/td><\/tr><\/tbody><\/table><\/figure>\n\n\n\n<h2 class=\"wp-block-heading\" id=\"h-conquiste-a-aprovacao-e-acompanhe-mais-noticias\"><span class=\"ez-toc-section\" id=\"Conquiste_a_aprovacao_e_acompanhe_mais_noticias\"><\/span><strong>Conquiste a aprova\u00e7\u00e3o e acompanhe mais not\u00edcias!<\/strong><span class=\"ez-toc-section-end\"><\/span><\/h2>\n\n\n\n<p>Continue acompanhando nosso blog para ficar por dentro das principais\u00a0<strong>not\u00edcias sobre resid\u00eancia m\u00e9dica, editais e oportunidades que podem transformar sua carreira!<\/strong><\/p>\n\n\n\n<figure class=\"wp-block-embed is-type-video is-provider-youtube wp-block-embed-youtube wp-embed-aspect-16-9 wp-has-aspect-ratio\"><div class=\"wp-block-embed__wrapper\">\n<div class=\"youtube-embed\" data-video_id=\"GO8E14V48_A\"><iframe loading=\"lazy\" title=\"Medicina de Fam\u00edlia e Comunidade: as singularidades da resid\u00eancia m\u00e9dica com Dr. Darizon Filho EP.12\" width=\"696\" height=\"392\" src=\"https:\/\/www.youtube.com\/embed\/GO8E14V48_A?feature=oembed&#038;enablejsapi=1\" frameborder=\"0\" allow=\"accelerometer; autoplay; clipboard-write; encrypted-media; gyroscope; picture-in-picture; web-share\" referrerpolicy=\"strict-origin-when-cross-origin\" allowfullscreen><\/iframe><\/div>\n<\/div><\/figure>\n","protected":false},"excerpt":{"rendered":"<p>A SBMFC divulgou o edital para o exame para obten\u00e7\u00e3o do T\u00edtulo de Especialista em Medicina de Fam\u00edlia e Comunidade (TEMFC 37). Confira!<\/p>\n","protected":false},"author":35,"featured_media":40046,"comment_status":"closed","ping_status":"closed","sticky":false,"template":"","format":"standard","meta":{"footnotes":""},"categories":[3363,1409],"tags":[1568,93,1452],"ppma_author":[3619],"class_list":{"0":"post-40039","1":"post","2":"type-post","3":"status-publish","4":"format-standard","5":"has-post-thumbnail","7":"category-medicina-de-familia-e-comunidade","8":"category-prova-de-titulo","9":"tag-edital","10":"tag-especialidades-medicas","11":"tag-provas"},"yoast_head":"<!-- This site is optimized with the Yoast SEO Premium plugin v24.3 (Yoast SEO v27.4) - https:\/\/yoast.com\/product\/yoast-seo-premium-wordpress\/ -->\n<title>TEMFC: confira edital da prova de t\u00edtulo em MFC em 2026 - Blog de Medcof: conte\u00fados, editais, revalida e mais!<\/title>\n<meta name=\"description\" content=\"A SBMFC divulgou o edital para o exame para obten\u00e7\u00e3o do T\u00edtulo de Especialista em Medicina de Fam\u00edlia e Comunidade (TEMFC 37). Confira!\" \/>\n<meta name=\"robots\" content=\"index, follow, max-snippet:-1, max-image-preview:large, max-video-preview:-1\" \/>\n<link rel=\"canonical\" href=\"https:\/\/www.grupomedcof.com.br\/blog\/edital-temfc\/\" \/>\n<meta property=\"og:locale\" content=\"pt_BR\" \/>\n<meta property=\"og:type\" content=\"article\" \/>\n<meta property=\"og:title\" content=\"TEMFC: confira edital da prova de t\u00edtulo em MFC em 2026\" \/>\n<meta property=\"og:description\" content=\"A SBMFC divulgou o edital para o exame para obten\u00e7\u00e3o do T\u00edtulo de Especialista em Medicina de Fam\u00edlia e Comunidade (TEMFC 37). Confira!\" \/>\n<meta property=\"og:url\" content=\"https:\/\/www.grupomedcof.com.br\/blog\/edital-temfc\/\" \/>\n<meta property=\"og:site_name\" content=\"Blog de Medcof: conte\u00fados, editais, revalida e mais!\" \/>\n<meta property=\"article:publisher\" content=\"https:\/\/www.facebook.com\/MedCofQbank\/\" \/>\n<meta property=\"article:published_time\" content=\"2025-12-08T14:11:16+00:00\" \/>\n<meta property=\"article:modified_time\" content=\"2025-12-08T14:11:18+00:00\" \/>\n<meta property=\"og:image\" content=\"https:\/\/www.grupomedcof.com.br\/blog\/wp-content\/uploads\/2025\/12\/Modelo-instituicoes-22.jpg\" \/>\n\t<meta property=\"og:image:width\" content=\"1920\" \/>\n\t<meta property=\"og:image:height\" content=\"1080\" \/>\n\t<meta property=\"og:image:type\" content=\"image\/jpeg\" \/>\n<meta name=\"author\" content=\"Laura Fernandes\" \/>\n<meta name=\"twitter:card\" content=\"summary_large_image\" \/>\n<meta name=\"twitter:label1\" content=\"Escrito por\" \/>\n\t<meta name=\"twitter:data1\" content=\"Laura Fernandes\" \/>\n\t<meta name=\"twitter:label2\" content=\"Est. tempo de leitura\" \/>\n\t<meta name=\"twitter:data2\" content=\"3 minutos\" \/>\n<script type=\"application\/ld+json\" class=\"yoast-schema-graph\">{\"@context\":\"https:\\\/\\\/schema.org\",\"@graph\":[{\"@type\":\"Article\",\"@id\":\"https:\\\/\\\/www.grupomedcof.com.br\\\/blog\\\/edital-temfc\\\/#article\",\"isPartOf\":{\"@id\":\"https:\\\/\\\/www.grupomedcof.com.br\\\/blog\\\/edital-temfc\\\/\"},\"author\":{\"name\":\"Laura Fernandes\",\"@id\":\"https:\\\/\\\/www.grupomedcof.com.br\\\/blog\\\/#\\\/schema\\\/person\\\/8ef52fbd7689d8a1d2208bdf4d975d8e\"},\"headline\":\"TEMFC: confira edital da prova de t\u00edtulo em MFC em 2026\",\"datePublished\":\"2025-12-08T14:11:16+00:00\",\"dateModified\":\"2025-12-08T14:11:18+00:00\",\"mainEntityOfPage\":{\"@id\":\"https:\\\/\\\/www.grupomedcof.com.br\\\/blog\\\/edital-temfc\\\/\"},\"wordCount\":386,\"publisher\":{\"@id\":\"https:\\\/\\\/www.grupomedcof.com.br\\\/blog\\\/#organization\"},\"image\":{\"@id\":\"https:\\\/\\\/www.grupomedcof.com.br\\\/blog\\\/edital-temfc\\\/#primaryimage\"},\"thumbnailUrl\":\"https:\\\/\\\/www.grupomedcof.com.br\\\/blog\\\/wp-content\\\/uploads\\\/2025\\\/12\\\/Modelo-instituicoes-22.jpg\",\"keywords\":[\"Edital\",\"Especialidades m\u00e9dicas\",\"Provas\"],\"articleSection\":[\"Medicina de Fam\u00edlia e Comunidade\",\"Prova de T\u00edtulo: dicas e informa\u00e7\u00f5es confi\u00e1veis e atualizadas\"],\"inLanguage\":\"pt-BR\"},{\"@type\":\"WebPage\",\"@id\":\"https:\\\/\\\/www.grupomedcof.com.br\\\/blog\\\/edital-temfc\\\/\",\"url\":\"https:\\\/\\\/www.grupomedcof.com.br\\\/blog\\\/edital-temfc\\\/\",\"name\":\"TEMFC: confira edital da prova de t\u00edtulo em MFC em 2026 - Blog de Medcof: conte\u00fados, editais, revalida e mais!\",\"isPartOf\":{\"@id\":\"https:\\\/\\\/www.grupomedcof.com.br\\\/blog\\\/#website\"},\"primaryImageOfPage\":{\"@id\":\"https:\\\/\\\/www.grupomedcof.com.br\\\/blog\\\/edital-temfc\\\/#primaryimage\"},\"image\":{\"@id\":\"https:\\\/\\\/www.grupomedcof.com.br\\\/blog\\\/edital-temfc\\\/#primaryimage\"},\"thumbnailUrl\":\"https:\\\/\\\/www.grupomedcof.com.br\\\/blog\\\/wp-content\\\/uploads\\\/2025\\\/12\\\/Modelo-instituicoes-22.jpg\",\"datePublished\":\"2025-12-08T14:11:16+00:00\",\"dateModified\":\"2025-12-08T14:11:18+00:00\",\"description\":\"A SBMFC divulgou o edital para o exame para obten\u00e7\u00e3o do T\u00edtulo de Especialista em Medicina de Fam\u00edlia e Comunidade (TEMFC 37). Confira!\",\"breadcrumb\":{\"@id\":\"https:\\\/\\\/www.grupomedcof.com.br\\\/blog\\\/edital-temfc\\\/#breadcrumb\"},\"inLanguage\":\"pt-BR\",\"potentialAction\":[{\"@type\":\"ReadAction\",\"target\":[\"https:\\\/\\\/www.grupomedcof.com.br\\\/blog\\\/edital-temfc\\\/\"]}]},{\"@type\":\"ImageObject\",\"inLanguage\":\"pt-BR\",\"@id\":\"https:\\\/\\\/www.grupomedcof.com.br\\\/blog\\\/edital-temfc\\\/#primaryimage\",\"url\":\"https:\\\/\\\/www.grupomedcof.com.br\\\/blog\\\/wp-content\\\/uploads\\\/2025\\\/12\\\/Modelo-instituicoes-22.jpg\",\"contentUrl\":\"https:\\\/\\\/www.grupomedcof.com.br\\\/blog\\\/wp-content\\\/uploads\\\/2025\\\/12\\\/Modelo-instituicoes-22.jpg\",\"width\":1920,\"height\":1080,\"caption\":\"TEMFC\"},{\"@type\":\"BreadcrumbList\",\"@id\":\"https:\\\/\\\/www.grupomedcof.com.br\\\/blog\\\/edital-temfc\\\/#breadcrumb\",\"itemListElement\":[{\"@type\":\"ListItem\",\"position\":1,\"name\":\"In\u00edcio\",\"item\":\"https:\\\/\\\/www.grupomedcof.com.br\\\/blog\\\/\"},{\"@type\":\"ListItem\",\"position\":2,\"name\":\"TEMFC: confira edital da prova de t\u00edtulo em MFC em 2026\"}]},{\"@type\":\"WebSite\",\"@id\":\"https:\\\/\\\/www.grupomedcof.com.br\\\/blog\\\/#website\",\"url\":\"https:\\\/\\\/www.grupomedcof.com.br\\\/blog\\\/\",\"name\":\"Blog de Medcof: conte\u00fados, editais, revalida e mais!\",\"description\":\"Acesso o blog de MedCof! Seu portal de conte\u00fados sobre resid\u00eancia m\u00e9dica, an\u00e1lise e editais e muito mais. Clique e confira!\",\"publisher\":{\"@id\":\"https:\\\/\\\/www.grupomedcof.com.br\\\/blog\\\/#organization\"},\"alternateName\":\"Blog de Medcof: conte\u00fados, editais, revalida e mais!\",\"potentialAction\":[{\"@type\":\"SearchAction\",\"target\":{\"@type\":\"EntryPoint\",\"urlTemplate\":\"https:\\\/\\\/www.grupomedcof.com.br\\\/blog\\\/?s={search_term_string}\"},\"query-input\":{\"@type\":\"PropertyValueSpecification\",\"valueRequired\":true,\"valueName\":\"search_term_string\"}}],\"inLanguage\":\"pt-BR\"},{\"@type\":\"Organization\",\"@id\":\"https:\\\/\\\/www.grupomedcof.com.br\\\/blog\\\/#organization\",\"name\":\"Grupo MedCof\",\"url\":\"https:\\\/\\\/www.grupomedcof.com.br\\\/blog\\\/\",\"logo\":{\"@type\":\"ImageObject\",\"inLanguage\":\"pt-BR\",\"@id\":\"https:\\\/\\\/www.grupomedcof.com.br\\\/blog\\\/#\\\/schema\\\/logo\\\/image\\\/\",\"url\":\"https:\\\/\\\/www.grupomedcof.com.br\\\/blog\\\/wp-content\\\/uploads\\\/2022\\\/01\\\/logo-medcof.png\",\"contentUrl\":\"https:\\\/\\\/www.grupomedcof.com.br\\\/blog\\\/wp-content\\\/uploads\\\/2022\\\/01\\\/logo-medcof.png\",\"width\":768,\"height\":269,\"caption\":\"Grupo MedCof\"},\"image\":{\"@id\":\"https:\\\/\\\/www.grupomedcof.com.br\\\/blog\\\/#\\\/schema\\\/logo\\\/image\\\/\"},\"sameAs\":[\"https:\\\/\\\/www.facebook.com\\\/MedCofQbank\\\/\",\"https:\\\/\\\/www.instagram.com\\\/grupomedcof\\\/\",\"https:\\\/\\\/br.linkedin.com\\\/company\\\/medcof\",\"https:\\\/\\\/www.youtube.com\\\/channel\\\/UCdHMuOHKICxcHwecxN8P-AA\"]},{\"@type\":\"Person\",\"@id\":\"https:\\\/\\\/www.grupomedcof.com.br\\\/blog\\\/#\\\/schema\\\/person\\\/8ef52fbd7689d8a1d2208bdf4d975d8e\",\"name\":\"Laura Fernandes\",\"image\":{\"@type\":\"ImageObject\",\"inLanguage\":\"pt-BR\",\"@id\":\"https:\\\/\\\/www.grupomedcof.com.br\\\/blog\\\/wp-content\\\/uploads\\\/2025\\\/09\\\/cropped-equipe-96x96.jpegaa171aa213b4913d9406ab69d274aa2a\",\"url\":\"https:\\\/\\\/www.grupomedcof.com.br\\\/blog\\\/wp-content\\\/uploads\\\/2025\\\/09\\\/cropped-equipe-96x96.jpeg\",\"contentUrl\":\"https:\\\/\\\/www.grupomedcof.com.br\\\/blog\\\/wp-content\\\/uploads\\\/2025\\\/09\\\/cropped-equipe-96x96.jpeg\",\"caption\":\"Laura Fernandes\"},\"description\":\"Jornalista pela UFOP, escrevo sobre sa\u00fade e especializa\u00e7\u00f5es m\u00e9dicas.\",\"url\":\"https:\\\/\\\/www.grupomedcof.com.br\\\/blog\\\/author\\\/laura\\\/\"}]}<\/script>\n<!-- \/ Yoast SEO Premium plugin. -->","yoast_head_json":{"title":"TEMFC: confira edital da prova de t\u00edtulo em MFC em 2026 - Blog de Medcof: conte\u00fados, editais, revalida e mais!","description":"A SBMFC divulgou o edital para o exame para obten\u00e7\u00e3o do T\u00edtulo de Especialista em Medicina de Fam\u00edlia e Comunidade (TEMFC 37). Confira!","robots":{"index":"index","follow":"follow","max-snippet":"max-snippet:-1","max-image-preview":"max-image-preview:large","max-video-preview":"max-video-preview:-1"},"canonical":"https:\/\/www.grupomedcof.com.br\/blog\/edital-temfc\/","og_locale":"pt_BR","og_type":"article","og_title":"TEMFC: confira edital da prova de t\u00edtulo em MFC em 2026","og_description":"A SBMFC divulgou o edital para o exame para obten\u00e7\u00e3o do T\u00edtulo de Especialista em Medicina de Fam\u00edlia e Comunidade (TEMFC 37). Confira!","og_url":"https:\/\/www.grupomedcof.com.br\/blog\/edital-temfc\/","og_site_name":"Blog de Medcof: conte\u00fados, editais, revalida e mais!","article_publisher":"https:\/\/www.facebook.com\/MedCofQbank\/","article_published_time":"2025-12-08T14:11:16+00:00","article_modified_time":"2025-12-08T14:11:18+00:00","og_image":[{"width":1920,"height":1080,"url":"https:\/\/www.grupomedcof.com.br\/blog\/wp-content\/uploads\/2025\/12\/Modelo-instituicoes-22.jpg","type":"image\/jpeg"}],"author":"Laura Fernandes","twitter_card":"summary_large_image","twitter_misc":{"Escrito por":"Laura Fernandes","Est. tempo de leitura":"3 minutos"},"schema":{"@context":"https:\/\/schema.org","@graph":[{"@type":"Article","@id":"https:\/\/www.grupomedcof.com.br\/blog\/edital-temfc\/#article","isPartOf":{"@id":"https:\/\/www.grupomedcof.com.br\/blog\/edital-temfc\/"},"author":{"name":"Laura Fernandes","@id":"https:\/\/www.grupomedcof.com.br\/blog\/#\/schema\/person\/8ef52fbd7689d8a1d2208bdf4d975d8e"},"headline":"TEMFC: confira edital da prova de t\u00edtulo em MFC em 2026","datePublished":"2025-12-08T14:11:16+00:00","dateModified":"2025-12-08T14:11:18+00:00","mainEntityOfPage":{"@id":"https:\/\/www.grupomedcof.com.br\/blog\/edital-temfc\/"},"wordCount":386,"publisher":{"@id":"https:\/\/www.grupomedcof.com.br\/blog\/#organization"},"image":{"@id":"https:\/\/www.grupomedcof.com.br\/blog\/edital-temfc\/#primaryimage"},"thumbnailUrl":"https:\/\/www.grupomedcof.com.br\/blog\/wp-content\/uploads\/2025\/12\/Modelo-instituicoes-22.jpg","keywords":["Edital","Especialidades m\u00e9dicas","Provas"],"articleSection":["Medicina de Fam\u00edlia e Comunidade","Prova de T\u00edtulo: dicas e informa\u00e7\u00f5es confi\u00e1veis e atualizadas"],"inLanguage":"pt-BR"},{"@type":"WebPage","@id":"https:\/\/www.grupomedcof.com.br\/blog\/edital-temfc\/","url":"https:\/\/www.grupomedcof.com.br\/blog\/edital-temfc\/","name":"TEMFC: confira edital da prova de t\u00edtulo em MFC em 2026 - Blog de Medcof: conte\u00fados, editais, revalida e mais!","isPartOf":{"@id":"https:\/\/www.grupomedcof.com.br\/blog\/#website"},"primaryImageOfPage":{"@id":"https:\/\/www.grupomedcof.com.br\/blog\/edital-temfc\/#primaryimage"},"image":{"@id":"https:\/\/www.grupomedcof.com.br\/blog\/edital-temfc\/#primaryimage"},"thumbnailUrl":"https:\/\/www.grupomedcof.com.br\/blog\/wp-content\/uploads\/2025\/12\/Modelo-instituicoes-22.jpg","datePublished":"2025-12-08T14:11:16+00:00","dateModified":"2025-12-08T14:11:18+00:00","description":"A SBMFC divulgou o edital para o exame para obten\u00e7\u00e3o do T\u00edtulo de Especialista em Medicina de Fam\u00edlia e Comunidade (TEMFC 37). Confira!","breadcrumb":{"@id":"https:\/\/www.grupomedcof.com.br\/blog\/edital-temfc\/#breadcrumb"},"inLanguage":"pt-BR","potentialAction":[{"@type":"ReadAction","target":["https:\/\/www.grupomedcof.com.br\/blog\/edital-temfc\/"]}]},{"@type":"ImageObject","inLanguage":"pt-BR","@id":"https:\/\/www.grupomedcof.com.br\/blog\/edital-temfc\/#primaryimage","url":"https:\/\/www.grupomedcof.com.br\/blog\/wp-content\/uploads\/2025\/12\/Modelo-instituicoes-22.jpg","contentUrl":"https:\/\/www.grupomedcof.com.br\/blog\/wp-content\/uploads\/2025\/12\/Modelo-instituicoes-22.jpg","width":1920,"height":1080,"caption":"TEMFC"},{"@type":"BreadcrumbList","@id":"https:\/\/www.grupomedcof.com.br\/blog\/edital-temfc\/#breadcrumb","itemListElement":[{"@type":"ListItem","position":1,"name":"In\u00edcio","item":"https:\/\/www.grupomedcof.com.br\/blog\/"},{"@type":"ListItem","position":2,"name":"TEMFC: confira edital da prova de t\u00edtulo em MFC em 2026"}]},{"@type":"WebSite","@id":"https:\/\/www.grupomedcof.com.br\/blog\/#website","url":"https:\/\/www.grupomedcof.com.br\/blog\/","name":"Blog de Medcof: conte\u00fados, editais, revalida e mais!","description":"Acesso o blog de MedCof! Seu portal de conte\u00fados sobre resid\u00eancia m\u00e9dica, an\u00e1lise e editais e muito mais. Clique e confira!","publisher":{"@id":"https:\/\/www.grupomedcof.com.br\/blog\/#organization"},"alternateName":"Blog de Medcof: conte\u00fados, editais, revalida e mais!","potentialAction":[{"@type":"SearchAction","target":{"@type":"EntryPoint","urlTemplate":"https:\/\/www.grupomedcof.com.br\/blog\/?s={search_term_string}"},"query-input":{"@type":"PropertyValueSpecification","valueRequired":true,"valueName":"search_term_string"}}],"inLanguage":"pt-BR"},{"@type":"Organization","@id":"https:\/\/www.grupomedcof.com.br\/blog\/#organization","name":"Grupo MedCof","url":"https:\/\/www.grupomedcof.com.br\/blog\/","logo":{"@type":"ImageObject","inLanguage":"pt-BR","@id":"https:\/\/www.grupomedcof.com.br\/blog\/#\/schema\/logo\/image\/","url":"https:\/\/www.grupomedcof.com.br\/blog\/wp-content\/uploads\/2022\/01\/logo-medcof.png","contentUrl":"https:\/\/www.grupomedcof.com.br\/blog\/wp-content\/uploads\/2022\/01\/logo-medcof.png","width":768,"height":269,"caption":"Grupo MedCof"},"image":{"@id":"https:\/\/www.grupomedcof.com.br\/blog\/#\/schema\/logo\/image\/"},"sameAs":["https:\/\/www.facebook.com\/MedCofQbank\/","https:\/\/www.instagram.com\/grupomedcof\/","https:\/\/br.linkedin.com\/company\/medcof","https:\/\/www.youtube.com\/channel\/UCdHMuOHKICxcHwecxN8P-AA"]},{"@type":"Person","@id":"https:\/\/www.grupomedcof.com.br\/blog\/#\/schema\/person\/8ef52fbd7689d8a1d2208bdf4d975d8e","name":"Laura Fernandes","image":{"@type":"ImageObject","inLanguage":"pt-BR","@id":"https:\/\/www.grupomedcof.com.br\/blog\/wp-content\/uploads\/2025\/09\/cropped-equipe-96x96.jpegaa171aa213b4913d9406ab69d274aa2a","url":"https:\/\/www.grupomedcof.com.br\/blog\/wp-content\/uploads\/2025\/09\/cropped-equipe-96x96.jpeg","contentUrl":"https:\/\/www.grupomedcof.com.br\/blog\/wp-content\/uploads\/2025\/09\/cropped-equipe-96x96.jpeg","caption":"Laura Fernandes"},"description":"Jornalista pela UFOP, escrevo sobre sa\u00fade e especializa\u00e7\u00f5es m\u00e9dicas.","url":"https:\/\/www.grupomedcof.com.br\/blog\/author\/laura\/"}]}},"authors":[{"term_id":3619,"user_id":35,"is_guest":0,"slug":"laura","display_name":"Laura Fernandes","avatar_url":"https:\/\/www.grupomedcof.com.br\/blog\/wp-content\/uploads\/2025\/09\/cropped-equipe-96x96.jpeg","0":null,"1":"","2":"","3":"","4":"","5":"","6":"","7":"","8":""}],"_links":{"self":[{"href":"https:\/\/www.grupomedcof.com.br\/blog\/wp-json\/wp\/v2\/posts\/40039","targetHints":{"allow":["GET"]}}],"collection":[{"href":"https:\/\/www.grupomedcof.com.br\/blog\/wp-json\/wp\/v2\/posts"}],"about":[{"href":"https:\/\/www.grupomedcof.com.br\/blog\/wp-json\/wp\/v2\/types\/post"}],"author":[{"embeddable":true,"href":"https:\/\/www.grupomedcof.com.br\/blog\/wp-json\/wp\/v2\/users\/35"}],"replies":[{"embeddable":true,"href":"https:\/\/www.grupomedcof.com.br\/blog\/wp-json\/wp\/v2\/comments?post=40039"}],"version-history":[{"count":1,"href":"https:\/\/www.grupomedcof.com.br\/blog\/wp-json\/wp\/v2\/posts\/40039\/revisions"}],"predecessor-version":[{"id":40047,"href":"https:\/\/www.grupomedcof.com.br\/blog\/wp-json\/wp\/v2\/posts\/40039\/revisions\/40047"}],"wp:featuredmedia":[{"embeddable":true,"href":"https:\/\/www.grupomedcof.com.br\/blog\/wp-json\/wp\/v2\/media\/40046"}],"wp:attachment":[{"href":"https:\/\/www.grupomedcof.com.br\/blog\/wp-json\/wp\/v2\/media?parent=40039"}],"wp:term":[{"taxonomy":"category","embeddable":true,"href":"https:\/\/www.grupomedcof.com.br\/blog\/wp-json\/wp\/v2\/categories?post=40039"},{"taxonomy":"post_tag","embeddable":true,"href":"https:\/\/www.grupomedcof.com.br\/blog\/wp-json\/wp\/v2\/tags?post=40039"},{"taxonomy":"author","embeddable":true,"href":"https:\/\/www.grupomedcof.com.br\/blog\/wp-json\/wp\/v2\/ppma_author?post=40039"}],"curies":[{"name":"wp","href":"https:\/\/api.w.org\/{rel}","templated":true}]}}