{"id":40057,"date":"2025-12-08T16:13:02","date_gmt":"2025-12-08T19:13:02","guid":{"rendered":"https:\/\/www.grupomedcof.com.br\/blog\/?p=40057"},"modified":"2025-12-08T16:13:05","modified_gmt":"2025-12-08T19:13:05","slug":"obesidade-grau-1","status":"publish","type":"post","link":"https:\/\/www.grupomedcof.com.br\/blog\/obesidade-grau-1\/","title":{"rendered":"Obesidade Grau 1: causas, riscos e tratamento"},"content":{"rendered":"<div id=\"ez-toc-container\" class=\"ez-toc-v2_0_74 counter-hierarchy ez-toc-counter ez-toc-transparent ez-toc-container-direction\">\n<div class=\"ez-toc-title-container\">\n<p class=\"ez-toc-title\" style=\"cursor:inherit\">Sum\u00e1rio<\/p>\n<span class=\"ez-toc-title-toggle\"><a href=\"#\" class=\"ez-toc-pull-right ez-toc-btn ez-toc-btn-xs ez-toc-btn-default ez-toc-toggle\" aria-label=\"Alternar tabela de conte\u00fado\"><span class=\"ez-toc-js-icon-con\"><span class=\"\"><span class=\"eztoc-hide\" style=\"display:none;\">Toggle<\/span><span class=\"ez-toc-icon-toggle-span\"><svg style=\"fill: #999;color:#999\" xmlns=\"http:\/\/www.w3.org\/2000\/svg\" class=\"list-377408\" width=\"20px\" height=\"20px\" viewBox=\"0 0 24 24\" fill=\"none\"><path d=\"M6 6H4v2h2V6zm14 0H8v2h12V6zM4 11h2v2H4v-2zm16 0H8v2h12v-2zM4 16h2v2H4v-2zm16 0H8v2h12v-2z\" fill=\"currentColor\"><\/path><\/svg><svg style=\"fill: #999;color:#999\" class=\"arrow-unsorted-368013\" xmlns=\"http:\/\/www.w3.org\/2000\/svg\" width=\"10px\" height=\"10px\" viewBox=\"0 0 24 24\" version=\"1.2\" baseProfile=\"tiny\"><path d=\"M18.2 9.3l-6.2-6.3-6.2 6.3c-.2.2-.3.4-.3.7s.1.5.3.7c.2.2.4.3.7.3h11c.3 0 .5-.1.7-.3.2-.2.3-.5.3-.7s-.1-.5-.3-.7zM5.8 14.7l6.2 6.3 6.2-6.3c.2-.2.3-.5.3-.7s-.1-.5-.3-.7c-.2-.2-.4-.3-.7-.3h-11c-.3 0-.5.1-.7.3-.2.2-.3.5-.3.7s.1.5.3.7z\"\/><\/svg><\/span><\/span><\/span><\/a><\/span><\/div>\n<nav><ul class='ez-toc-list ez-toc-list-level-1 ' ><li class='ez-toc-page-1 ez-toc-heading-level-2'><a class=\"ez-toc-link ez-toc-heading-1\" href=\"https:\/\/www.grupomedcof.com.br\/blog\/obesidade-grau-1\/#Contextualizacao\" >Contextualiza\u00e7\u00e3o<\/a><\/li><li class='ez-toc-page-1 ez-toc-heading-level-2'><a class=\"ez-toc-link ez-toc-heading-2\" href=\"https:\/\/www.grupomedcof.com.br\/blog\/obesidade-grau-1\/#Epidemiologia\" >Epidemiologia<\/a><ul class='ez-toc-list-level-3' ><li class='ez-toc-heading-level-3'><a class=\"ez-toc-link ez-toc-heading-3\" href=\"https:\/\/www.grupomedcof.com.br\/blog\/obesidade-grau-1\/#Tendencias_Temporais_O_Avanco_do_Excesso_de_Peso_2006-2023\" >Tend\u00eancias Temporais: O Avan\u00e7o do Excesso de Peso (2006-2023)<\/a><\/li><li class='ez-toc-page-1 ez-toc-heading-level-3'><a class=\"ez-toc-link ez-toc-heading-4\" href=\"https:\/\/www.grupomedcof.com.br\/blog\/obesidade-grau-1\/#Genero\" >G\u00eanero:<\/a><\/li><li class='ez-toc-page-1 ez-toc-heading-level-3'><a class=\"ez-toc-link ez-toc-heading-5\" href=\"https:\/\/www.grupomedcof.com.br\/blog\/obesidade-grau-1\/#Raca_e_Renda\" >Ra\u00e7a e Renda:<\/a><\/li><\/ul><\/li><li class='ez-toc-page-1 ez-toc-heading-level-2'><a class=\"ez-toc-link ez-toc-heading-6\" href=\"https:\/\/www.grupomedcof.com.br\/blog\/obesidade-grau-1\/#Fisiopatologia\" >Fisiopatologia\u00a0<\/a><ul class='ez-toc-list-level-3' ><li class='ez-toc-heading-level-3'><a class=\"ez-toc-link ez-toc-heading-7\" href=\"https:\/\/www.grupomedcof.com.br\/blog\/obesidade-grau-1\/#Genetica_e_Ancestralidade_A_Contribuicao_Brasileira\" >Gen\u00e9tica e Ancestralidade: A Contribui\u00e7\u00e3o Brasileira<\/a><\/li><li class='ez-toc-page-1 ez-toc-heading-level-3'><a class=\"ez-toc-link ez-toc-heading-8\" href=\"https:\/\/www.grupomedcof.com.br\/blog\/obesidade-grau-1\/#Inflamacao_Cronica_de_Baixo_Grau_O_Motor_das_Comorbidades\" >Inflama\u00e7\u00e3o Cr\u00f4nica de Baixo Grau: O Motor das Comorbidades<\/a><\/li><li class='ez-toc-page-1 ez-toc-heading-level-3'><a class=\"ez-toc-link ez-toc-heading-9\" href=\"https:\/\/www.grupomedcof.com.br\/blog\/obesidade-grau-1\/#O_Processo_de_Remodelamento_Adiposo\" >O Processo de Remodelamento Adiposo:<\/a><\/li><li class='ez-toc-page-1 ez-toc-heading-level-3'><a class=\"ez-toc-link ez-toc-heading-10\" href=\"https:\/\/www.grupomedcof.com.br\/blog\/obesidade-grau-1\/#A_Resposta_Imunometabolica\" >A Resposta Imunometab\u00f3lica:<\/a><\/li><\/ul><\/li><li class='ez-toc-page-1 ez-toc-heading-level-2'><a class=\"ez-toc-link ez-toc-heading-11\" href=\"https:\/\/www.grupomedcof.com.br\/blog\/obesidade-grau-1\/#O_Papel_dos_Alimentos_Ultraprocessados_e_a_Microbiota\" >O Papel dos Alimentos Ultraprocessados e a Microbiota<\/a><ul class='ez-toc-list-level-3' ><li class='ez-toc-heading-level-3'><a class=\"ez-toc-link ez-toc-heading-12\" href=\"https:\/\/www.grupomedcof.com.br\/blog\/obesidade-grau-1\/#Mecanismos_de_Acao\" >Mecanismos de A\u00e7\u00e3o:<\/a><\/li><\/ul><\/li><li class='ez-toc-page-1 ez-toc-heading-level-2'><a class=\"ez-toc-link ez-toc-heading-13\" href=\"https:\/\/www.grupomedcof.com.br\/blog\/obesidade-grau-1\/#Diagnostico_e_Classificacao\" >Diagn\u00f3stico e Classifica\u00e7\u00e3o<\/a><ul class='ez-toc-list-level-3' ><li class='ez-toc-heading-level-3'><a class=\"ez-toc-link ez-toc-heading-14\" href=\"https:\/\/www.grupomedcof.com.br\/blog\/obesidade-grau-1\/#Limitacoes_do_IMC_e_a_Necessidade_de_Refinamento\" >Limita\u00e7\u00f5es do IMC e a Necessidade de Refinamento<\/a><\/li><li class='ez-toc-page-1 ez-toc-heading-level-3'><a class=\"ez-toc-link ez-toc-heading-15\" href=\"https:\/\/www.grupomedcof.com.br\/blog\/obesidade-grau-1\/#Antropometria_Avancada_A_Circunferencia_Abdominal\" >Antropometria Avan\u00e7ada: A Circunfer\u00eancia Abdominal<\/a><\/li><li class='ez-toc-page-1 ez-toc-heading-level-3'><a class=\"ez-toc-link ez-toc-heading-16\" href=\"https:\/\/www.grupomedcof.com.br\/blog\/obesidade-grau-1\/#Estratificacao_de_Risco_Cardiovascular_O_Escore_PREVENT\" >Estratifica\u00e7\u00e3o de Risco Cardiovascular: O Escore PREVENT<\/a><\/li><\/ul><\/li><li class='ez-toc-page-1 ez-toc-heading-level-2'><a class=\"ez-toc-link ez-toc-heading-17\" href=\"https:\/\/www.grupomedcof.com.br\/blog\/obesidade-grau-1\/#Tratamento_e_Manejo_Clinico\" >Tratamento e Manejo Cl\u00ednico<\/a><ul class='ez-toc-list-level-3' ><li class='ez-toc-heading-level-3'><a class=\"ez-toc-link ez-toc-heading-18\" href=\"https:\/\/www.grupomedcof.com.br\/blog\/obesidade-grau-1\/#Tratamento_Farmacologico_no_Setor_Privado\" >Tratamento Farmacol\u00f3gico no Setor Privado<\/a><\/li><\/ul><\/li><\/ul><\/nav><\/div>\n\n<figure class=\"wp-block-image\"><img loading=\"lazy\" decoding=\"async\" width=\"1920\" height=\"1080\" src=\"https:\/\/www.grupomedcof.com.br\/blog\/wp-content\/uploads\/2025\/12\/Blog-MedCof-2.jpg\" alt=\"obesidade grau 1\" class=\"wp-image-40058\" srcset=\"https:\/\/www.grupomedcof.com.br\/blog\/wp-content\/uploads\/2025\/12\/Blog-MedCof-2.jpg 1920w, https:\/\/www.grupomedcof.com.br\/blog\/wp-content\/uploads\/2025\/12\/Blog-MedCof-2-300x169.jpg 300w, https:\/\/www.grupomedcof.com.br\/blog\/wp-content\/uploads\/2025\/12\/Blog-MedCof-2-1024x576.jpg 1024w, https:\/\/www.grupomedcof.com.br\/blog\/wp-content\/uploads\/2025\/12\/Blog-MedCof-2-768x432.jpg 768w, https:\/\/www.grupomedcof.com.br\/blog\/wp-content\/uploads\/2025\/12\/Blog-MedCof-2-1536x864.jpg 1536w, https:\/\/www.grupomedcof.com.br\/blog\/wp-content\/uploads\/2025\/12\/Blog-MedCof-2-747x420.jpg 747w, https:\/\/www.grupomedcof.com.br\/blog\/wp-content\/uploads\/2025\/12\/Blog-MedCof-2-150x84.jpg 150w, https:\/\/www.grupomedcof.com.br\/blog\/wp-content\/uploads\/2025\/12\/Blog-MedCof-2-696x392.jpg 696w, https:\/\/www.grupomedcof.com.br\/blog\/wp-content\/uploads\/2025\/12\/Blog-MedCof-2-1068x601.jpg 1068w\" sizes=\"auto, (max-width: 1920px) 100vw, 1920px\" \/><\/figure>\n\n\n\n<p>A <strong>obesidade<\/strong>, definida como uma doen\u00e7a cr\u00f4nica complexa, recidivante e multifatorial, representa o <strong>maior desafio de sa\u00fade p\u00fablica do s\u00e9culo XXI<\/strong>.<\/p>\n\n\n\n<p>No Brasil, atingiu propor\u00e7\u00f5es epid\u00eamicas, exigindo uma reavalia\u00e7\u00e3o urgente das estrat\u00e9gias de vigil\u00e2ncia, diagn\u00f3stico e interven\u00e7\u00e3o terap\u00eautica. <\/p>\n\n\n\n<p>Aqui vamos falar especificamente na <strong>Obesidade Grau 1<\/strong> (\u00cdndice de Massa Corporal [IMC] entre 30,0 e 34,9 kg\/m\u00b2).<\/p>\n\n\n\n<h2 class=\"wp-block-heading\" id=\"h-contextualizacao\"><span class=\"ez-toc-section\" id=\"Contextualizacao\"><\/span><strong>Contextualiza\u00e7\u00e3o<\/strong><span class=\"ez-toc-section-end\"><\/span><\/h2>\n\n\n\n<p>A <strong>obesidade grau 1 <\/strong>representaum est\u00e1gio cr\u00edtico da doen\u00e7a que, embora frequentemente subestimado em compara\u00e7\u00e3o \u00e0s formas m\u00f3rbidas (Graus 2 e 3), constitui a maioria dos casos prevalentes e a principal janela de oportunidade para a preven\u00e7\u00e3o de desfechos cardiovasculares catastr\u00f3ficos.<\/p>\n\n\n\n<p><br>O <strong>cen\u00e1rio epidemiol\u00f3gico brasileiro atual<\/strong> \u00e9 marcado por uma transi\u00e7\u00e3o nutricional acelerada, onde a <strong>desnutri\u00e7\u00e3o <\/strong>cedeu lugar ao <strong>excesso de peso<\/strong> em uma velocidade superior \u00e0 observada em pa\u00edses desenvolvidos. <\/p>\n\n\n\n<p>Dados recentes indicam que o Brasil atravessa um momento de inflex\u00e3o hist\u00f3rica: pela primeira vez, a preval\u00eancia de sobrepeso ultrapassou a de peso normal na popula\u00e7\u00e3o adulta das capitais, sinalizando uma mudan\u00e7a estrutural no perfil demogr\u00e1fico sanit\u00e1rio da na\u00e7\u00e3o.<\/p>\n\n\n\n<h2 class=\"wp-block-heading\" id=\"h-epidemiologia\"><span class=\"ez-toc-section\" id=\"Epidemiologia\"><\/span><strong>Epidemiologia<\/strong><span class=\"ez-toc-section-end\"><\/span><\/h2>\n\n\n\n<p>A compreens\u00e3o da magnitude da obesidade Grau 1 no Brasil exige uma an\u00e1lise que considere n\u00e3o apenas os n\u00fameros absolutos, mas a velocidade de crescimento e as disparidades regionais e sociodemogr\u00e1ficas.<br><\/p>\n\n\n\n<h3 class=\"wp-block-heading\" id=\"h-tendencias-temporais-o-avanco-do-excesso-de-peso-2006-2023\"><span class=\"ez-toc-section\" id=\"Tendencias_Temporais_O_Avanco_do_Excesso_de_Peso_2006-2023\"><\/span><strong>Tend\u00eancias Temporais: O Avan\u00e7o do Excesso de Peso (2006-2023)<\/strong><span class=\"ez-toc-section-end\"><\/span><\/h3>\n\n\n\n<p>A an\u00e1lise temporal evidencia que, a partir de 2012, a propor\u00e7\u00e3o de indiv\u00edduos com excesso de peso j\u00e1 superava a daqueles com peso normal. Contudo, os dados consolidados de 2023 pela FioCruz mostram que essa tend\u00eancia se agravou, com o sobrepeso ultrapassando o peso normal de forma definitiva no agregado nacional. Esse fen\u00f4meno n\u00e3o \u00e9 isolado; observa-se um padr\u00e3o semelhante em todas as capitais, embora com velocidades vari\u00e1veis, indicando que o ambiente obesog\u00eanico urbano no Brasil atingiu um n\u00edvel de satura\u00e7\u00e3o onde as pol\u00edticas de preven\u00e7\u00e3o prim\u00e1ria vigentes n\u00e3o t\u00eam sido capazes de conter a incid\u00eancia de novos casos.<\/p>\n\n\n\n<ol class=\"wp-block-list\"><\/ol>\n\n\n\n<figure class=\"wp-block-image size-large\"><a href=\"https:\/\/www.grupomedcof.com.br\/cofletters\/?clientId=&amp;utm_campaign=newsletter&amp;utm_medium=banner&amp;utm_source=blog&amp;utm_content=inscricao#https:\/\/www.grupomedcof.com.br\/blog\/\" target=\"_blank\" rel=\" noreferrer noopener\"><img loading=\"lazy\" decoding=\"async\" width=\"1024\" height=\"320\" src=\"https:\/\/www.grupomedcof.com.br\/blog\/wp-content\/uploads\/2025\/11\/Banner-MedCof-Plus-2200x460-11-1343x420-1-1024x320.png\" alt=\"\" class=\"wp-image-39227\" srcset=\"https:\/\/www.grupomedcof.com.br\/blog\/wp-content\/uploads\/2025\/11\/Banner-MedCof-Plus-2200x460-11-1343x420-1-1024x320.png 1024w, https:\/\/www.grupomedcof.com.br\/blog\/wp-content\/uploads\/2025\/11\/Banner-MedCof-Plus-2200x460-11-1343x420-1-300x94.png 300w, https:\/\/www.grupomedcof.com.br\/blog\/wp-content\/uploads\/2025\/11\/Banner-MedCof-Plus-2200x460-11-1343x420-1-768x240.png 768w, https:\/\/www.grupomedcof.com.br\/blog\/wp-content\/uploads\/2025\/11\/Banner-MedCof-Plus-2200x460-11-1343x420-1-150x47.png 150w, https:\/\/www.grupomedcof.com.br\/blog\/wp-content\/uploads\/2025\/11\/Banner-MedCof-Plus-2200x460-11-1343x420-1-696x218.png 696w, https:\/\/www.grupomedcof.com.br\/blog\/wp-content\/uploads\/2025\/11\/Banner-MedCof-Plus-2200x460-11-1343x420-1-1068x334.png 1068w, https:\/\/www.grupomedcof.com.br\/blog\/wp-content\/uploads\/2025\/11\/Banner-MedCof-Plus-2200x460-11-1343x420-1.png 1343w\" sizes=\"auto, (max-width: 1024px) 100vw, 1024px\" \/><\/a><\/figure>\n\n\n\n<p>A obesidade Grau 1, sendo o primeiro est\u00e1gio cl\u00ednico da doen\u00e7a, atua como <strong>o reservat\u00f3rio populacional que alimenta os est\u00e1gios mais graves.<\/strong> O aumento da preval\u00eancia de obesidade total \u00e9 impulsionado primariamente pelo crescimento deste grupo.&nbsp;<\/p>\n\n\n\n<p>A epidemiologia da obesidade Grau 1 no Brasil n\u00e3o \u00e9 democr\u00e1tica; ela afeta desproporcionalmente certos grupos populacionais, refletindo as c<strong>omplexas intera\u00e7\u00f5es entre biologia e determinantes sociais de sa\u00fade.<\/strong><\/p>\n\n\n\n<h3 class=\"wp-block-heading\" id=\"h-genero\"><span class=\"ez-toc-section\" id=\"Genero\"><\/span><strong>G\u00eanero:<\/strong><span class=\"ez-toc-section-end\"><\/span><\/h3>\n\n\n\n<p>Existe um <strong>dimorfismo sexual<\/strong> consistente na preval\u00eancia da obesidade. As mulheres apresentam taxas significativamente maiores de obesidade em compara\u00e7\u00e3o aos homens em praticamente todas as faixas et\u00e1rias e regi\u00f5es. Dados recentes da UFMG sugerem que, al\u00e9m de<strong> fatores hormonais e ambientais, componentes gen\u00e9ticos<\/strong> espec\u00edficos da ancestralidade brasileira podem explicar parte dessa vulnerabilidade aumentada no sexo feminino.<\/p>\n\n\n\n<h3 class=\"wp-block-heading\" id=\"h-raca-e-renda\"><span class=\"ez-toc-section\" id=\"Raca_e_Renda\"><\/span><strong>Ra\u00e7a e Renda:<\/strong><span class=\"ez-toc-section-end\"><\/span><\/h3>\n\n\n\n<p>A PNS 2019 revelou nuances importantes na intersec\u00e7\u00e3o entre ra\u00e7a, renda e obesidade. Contrariando a no\u00e7\u00e3o de que a obesidade \u00e9 exclusivamente uma doen\u00e7a da pobreza em pa\u00edses desenvolvidos ou da riqueza em pa\u00edses em desenvolvimento, o Brasil apresenta um <strong>cen\u00e1rio misto.<\/strong><\/p>\n\n\n\n<h2 class=\"wp-block-heading\" id=\"h-fisiopatologia\"><span class=\"ez-toc-section\" id=\"Fisiopatologia\"><\/span><strong>Fisiopatologia\u00a0<\/strong><span class=\"ez-toc-section-end\"><\/span><\/h2>\n\n\n\n<p>A compreens\u00e3o cient\u00edfica da obesidade Grau 1 evoluiu radicalmente. Deixou-se de consider\u00e1-la apenas o resultado de um <strong>desequil\u00edbrio termodin\u00e2mico <\/strong>(ingest\u00e3o cal\u00f3rica <em>versus<\/em> gasto energ\u00e9tico) para entend\u00ea-la como uma desregula\u00e7\u00e3o neuroimunoend\u00f3crina complexa. No Brasil, pesquisas de ponta t\u00eam elucidado mecanismos espec\u00edficos que operam na nossa popula\u00e7\u00e3o.<\/p>\n\n\n\n<h3 class=\"wp-block-heading\" id=\"h-genetica-e-ancestralidade-a-contribuicao-brasileira\"><span class=\"ez-toc-section\" id=\"Genetica_e_Ancestralidade_A_Contribuicao_Brasileira\"><\/span><strong>Gen\u00e9tica e Ancestralidade: A Contribui\u00e7\u00e3o Brasileira<\/strong><span class=\"ez-toc-section-end\"><\/span><\/h3>\n\n\n\n<p>Um dos avan\u00e7os mais significativos na fisiopatologia da obesidade no Brasil vem dos <strong>estudos de gen\u00e9tica de popula\u00e7\u00f5es. <\/strong>&nbsp;A popula\u00e7\u00e3o brasileira, caracterizada por um alto grau de <strong>miscigena\u00e7\u00e3o <\/strong>(tri-h\u00edbrida: europeia, africana e amer\u00edndia), apresenta perfis de risco gen\u00e9tico que n\u00e3o s\u00e3o capturados pelos grandes estudos de associa\u00e7\u00e3o gen\u00f4mica (GWAS) realizados majoritariamente em popula\u00e7\u00f5es caucasianas.<\/p>\n\n\n\n<h3 class=\"wp-block-heading\" id=\"h-inflamacao-cronica-de-baixo-grau-o-motor-das-comorbidades\"><span class=\"ez-toc-section\" id=\"Inflamacao_Cronica_de_Baixo_Grau_O_Motor_das_Comorbidades\"><\/span><strong>Inflama\u00e7\u00e3o Cr\u00f4nica de Baixo Grau: O Motor das Comorbidades<\/strong><span class=\"ez-toc-section-end\"><\/span><\/h3>\n\n\n\n<p>A transi\u00e7\u00e3o do sobrepeso para a Obesidade Grau 1 \u00e9 marcada por uma mudan\u00e7a qualitativa no tecido adiposo. O tecido adiposo visceral, em particular, deixa de ser apenas um dep\u00f3sito inerte de triglicer\u00eddeos e torna-se u<strong>m \u00f3rg\u00e3o end\u00f3crino disfuncional e inflamado.<\/strong><\/p>\n\n\n\n<h3 class=\"wp-block-heading\" id=\"h-o-processo-de-remodelamento-adiposo\"><span class=\"ez-toc-section\" id=\"O_Processo_de_Remodelamento_Adiposo\"><\/span><strong>O Processo de Remodelamento Adiposo:<\/strong><span class=\"ez-toc-section-end\"><\/span><\/h3>\n\n\n\n<p>Quando a ingest\u00e3o cal\u00f3rica excede a capacidade de expans\u00e3o saud\u00e1vel do tecido adiposo (hiperplasia &#8211; aumento do n\u00famero de c\u00e9lulas), ocorre a<strong> hipertrofia patol\u00f3gica dos adip\u00f3citos existentes.<\/strong> Essas c\u00e9lulas agigantadas sofrem compress\u00e3o mec\u00e2nica e hip\u00f3xia relativa, pois a angiog\u00eanese (forma\u00e7\u00e3o de novos vasos) n\u00e3o acompanha o crescimento celular.<\/p>\n\n\n\n<h3 class=\"wp-block-heading\" id=\"h-a-resposta-imunometabolica\"><span class=\"ez-toc-section\" id=\"A_Resposta_Imunometabolica\"><\/span><strong>A Resposta Imunometab\u00f3lica:<\/strong><span class=\"ez-toc-section-end\"><\/span><\/h3>\n\n\n\n<p>A hip\u00f3xia celular desencadeia sinais de estresse que recrutam c\u00e9lulas do sistema imune para o tecido adiposo, principalmente macr\u00f3fagos.<\/p>\n\n\n\n<ul class=\"wp-block-list\">\n<li>Ocorre uma polariza\u00e7\u00e3o dos macr\u00f3fagos do fen\u00f3tipo M2 (anti-inflamat\u00f3rio, reparador) para o fen\u00f3tipo M1 (pr\u00f3-inflamat\u00f3rio).<\/li>\n\n\n\n<li>Os macr\u00f3fagos M1, juntamente com os adip\u00f3citos estressados, passam a secretar uma tempestade de citocinas pr\u00f3-inflamat\u00f3rias, incluindo <strong>TNF-alfa<\/strong>, <strong>Interleucina-6 (IL-6)<\/strong> e <strong>Interleucina-1 beta (IL-1beta)<\/strong>.<\/li>\n\n\n\n<li>Simultaneamente, h\u00e1 uma redu\u00e7\u00e3o na produ\u00e7\u00e3o de <strong>adiponectina<\/strong>, um horm\u00f4nio com potentes efeitos anti-inflamat\u00f3rios e sensibilizadores de insulina.<\/li>\n<\/ul>\n\n\n\n<h2 class=\"wp-block-heading\" id=\"h-o-papel-dos-alimentos-ultraprocessados-e-a-microbiota\"><span class=\"ez-toc-section\" id=\"O_Papel_dos_Alimentos_Ultraprocessados_e_a_Microbiota\"><\/span><strong>O Papel dos Alimentos Ultraprocessados e a Microbiota<\/strong><span class=\"ez-toc-section-end\"><\/span><\/h2>\n\n\n\n<p>A pesquisa brasileira \u00e9 pioneira mundial na identifica\u00e7\u00e3o do papel dos alimentos ultraprocessados na g\u00eanese da obesidade, atrav\u00e9s da <strong>Classifica\u00e7\u00e3o NOVA<\/strong> desenvolvida pelo N\u00facleo de Pesquisas Epidemiol\u00f3gicas em Nutri\u00e7\u00e3o e Sa\u00fade (NUPENS\/USP).<\/p>\n\n\n\n<h3 class=\"wp-block-heading\" id=\"h-mecanismos-de-acao\"><span class=\"ez-toc-section\" id=\"Mecanismos_de_Acao\"><\/span><strong>Mecanismos de A\u00e7\u00e3o:<\/strong><span class=\"ez-toc-section-end\"><\/span><\/h3>\n\n\n\n<p>Os alimentos ultraprocessados (refrigerantes, snacks, biscoitos, pratos prontos) n\u00e3o s\u00e3o apenas vetores de calorias vazias; eles s\u00e3o formulados para serem hiperpalat\u00e1veis, quebrando os mecanismos naturais de saciedade.<\/p>\n\n\n\n<ul class=\"wp-block-list\">\n<li><strong>Disbiose Intestinal:<\/strong> O consumo cr\u00f4nico desses alimentos, pobres em fibras e ricos em aditivos qu\u00edmicos, altera profundamente a composi\u00e7\u00e3o da microbiota intestinal. Observa-se uma redu\u00e7\u00e3o na diversidade bacteriana e uma altera\u00e7\u00e3o na raz\u00e3o <em>Firmicutes\/Bacteroidetes<\/em>.<\/li>\n\n\n\n<li><strong>Extra\u00e7\u00e3o de Energia e Endotoxemia:<\/strong> A microbiota alterada (disbi\u00f3tica) torna-se mais eficiente na extra\u00e7\u00e3o de energia da dieta (aumentando a absor\u00e7\u00e3o cal\u00f3rica) e aumenta a permeabilidade da barreira intestinal. Isso permite a transloca\u00e7\u00e3o de lipopolissacar\u00eddeos (LPS) bacterianos para a circula\u00e7\u00e3o, um fen\u00f4meno conhecido como endotoxemia metab\u00f3lica, que exacerba a inflama\u00e7\u00e3o sist\u00eamica descrita anteriormente.<\/li>\n<\/ul>\n\n\n\n<h2 class=\"wp-block-heading\" id=\"h-diagnostico-e-classificacao\"><span class=\"ez-toc-section\" id=\"Diagnostico_e_Classificacao\"><\/span><strong>Diagn\u00f3stico e Classifica\u00e7\u00e3o<\/strong><span class=\"ez-toc-section-end\"><\/span><\/h2>\n\n\n\n<p>O diagn\u00f3stico da obesidade no Brasil est\u00e1 passando por uma revolu\u00e7\u00e3o conceitual. As diretrizes publicadas entre 2024 e 2025 pela ABESO, SBEM e SBD abandonaram a vis\u00e3o &#8220;<strong>imcoc\u00eantrica<\/strong>&#8221; (focada apenas no IMC) para adotar uma <strong>abordagem baseada no risco e na funcionalidade.<\/strong><\/p>\n\n\n\n<h3 class=\"wp-block-heading\" id=\"h-limitacoes-do-imc-e-a-necessidade-de-refinamento\"><span class=\"ez-toc-section\" id=\"Limitacoes_do_IMC_e_a_Necessidade_de_Refinamento\"><\/span><strong>Limita\u00e7\u00f5es do IMC e a Necessidade de Refinamento<\/strong><span class=\"ez-toc-section-end\"><\/span><\/h3>\n\n\n\n<p>Embora o IMC (peso\/altura\u00b2) continue sendo a ferramenta padr\u00e3o para triagem populacional \u2014 definindo a Obesidade Grau 1 como o intervalo de <strong>30,0 a 34,9 kg\/m\u00b2<\/strong> \u2014 ele falha em <strong>distinguir massa magra de massa gorda e, crucialmente, n\u00e3o avalia a distribui\u00e7\u00e3o da gordura corporal.<\/strong><\/p>\n\n\n\n<ul class=\"wp-block-list\">\n<li>Em popula\u00e7\u00f5es miscigenadas como a brasileira, e especialmente em idosos (onde ocorre a obesidade sarcop\u00eanica), o IMC pode subestimar a gravidade da doen\u00e7a.<\/li>\n\n\n\n<li>A nova diretriz enfatiza que o diagn\u00f3stico de &#8220;doen\u00e7a obesidade&#8221; deve considerar a presen\u00e7a de tecido adiposo disfuncional que causa preju\u00edzo \u00e0 sa\u00fade, independentemente do n\u00famero exato do IMC.<\/li>\n<\/ul>\n\n\n\n<h3 class=\"wp-block-heading\" id=\"h-antropometria-avancada-a-circunferencia-abdominal\"><span class=\"ez-toc-section\" id=\"Antropometria_Avancada_A_Circunferencia_Abdominal\"><\/span><strong>Antropometria Avan\u00e7ada: A Circunfer\u00eancia Abdominal<\/strong><span class=\"ez-toc-section-end\"><\/span><\/h3>\n\n\n\n<p>A <strong>Circunfer\u00eancia Abdominal (CA)<\/strong> ou da cintura consolidou-se como um sinal vital na avalia\u00e7\u00e3o da obesidade. Ela \u00e9 um <em>proxy<\/em> (indicador indireto) muito mais fiel da gordura visceral, que \u00e9 o dep\u00f3sito de gordura metabolicamente ativo e perigoso.<\/p>\n\n\n\n<p>As diretrizes brasileiras vigentes refor\u00e7am pontos de corte \u00e9tnico-espec\u00edficos e de risco metab\u00f3lico aumentado:<\/p>\n\n\n\n<ul class=\"wp-block-list\">\n<li><strong>Homens:<\/strong> Risco aumentado acima de <strong>94 cm<\/strong>.<\/li>\n\n\n\n<li><strong>Mulheres:<\/strong> Risco aumentado acima de <strong>80 cm<\/strong>.<\/li>\n<\/ul>\n\n\n\n<p>Al\u00e9m da medida absoluta, a <strong>Rela\u00e7\u00e3o Cintura-Estatura (RCE)<\/strong> ganhou destaque. A recomenda\u00e7\u00e3o geral \u00e9 manter a cintura menor que a metade da altura (rela\u00e7\u00e3o &lt; 0,5). Estudos indicam que, para indiv\u00edduos com Obesidade Grau 1, a RCE \u00e9 um preditor de mortalidade cardiovascular superior ao IMC isolado, devendo ser registrada em todas as consultas na aten\u00e7\u00e3o prim\u00e1ria.<\/p>\n\n\n\n<h3 class=\"wp-block-heading\" id=\"h-estratificacao-de-risco-cardiovascular-o-escore-prevent\"><span class=\"ez-toc-section\" id=\"Estratificacao_de_Risco_Cardiovascular_O_Escore_PREVENT\"><\/span><strong>Estratifica\u00e7\u00e3o de Risco Cardiovascular: O Escore PREVENT<\/strong><span class=\"ez-toc-section-end\"><\/span><\/h3>\n\n\n\n<p>A grande inova\u00e7\u00e3o da <strong>Diretriz da Sociedade Brasileira de Diabetes (SBD) de 2025<\/strong> para o manejo da obesidade \u00e9 a incorpora\u00e7\u00e3o do <strong>Escore PREVENT<\/strong>. Desenvolvido originalmente pela <em>American Heart Association<\/em>, este escore foi validado e recomendado para uso no Brasil para refinar a decis\u00e3o terap\u00eautica.<\/p>\n\n\n\n<p>Como funciona na Obesidade Grau 1:<\/p>\n\n\n\n<p>O escore <strong>PREVENT <\/strong>calcula o risco de eventos cardiovasculares (infarto, AVC, insufici\u00eancia card\u00edaca) em 10 e 30 anos. Diferente de calculadoras antigas, ele incorpora a fun\u00e7\u00e3o renal e fatores metab\u00f3licos espec\u00edficos.<\/p>\n\n\n\n<ul class=\"wp-block-list\">\n<li>A diretriz estabelece que pacientes com Obesidade Grau 1 (IMC &lt; 40 kg\/m\u00b2) em preven\u00e7\u00e3o prim\u00e1ria (sem doen\u00e7a card\u00edaca pr\u00e9via) que apresentem um risco PREVENT estimado entre <strong>5% e &lt;20%<\/strong> (risco intermedi\u00e1rio a alto) devem ser alvos priorit\u00e1rios para <strong>intensifica\u00e7\u00e3o do tratamento<\/strong>, incluindo farmacoterapia potente.<\/li>\n\n\n\n<li>Isso significa que um paciente com Obesidade Grau 1 e risco elevado n\u00e3o deve ser tratado apenas com &#8220;dieta e exerc\u00edcio&#8221;; a estratifica\u00e7\u00e3o de risco justifica o uso precoce de medica\u00e7\u00f5es para prevenir o evento cardiovascular.<\/li>\n<\/ul>\n\n\n\n<h2 class=\"wp-block-heading\" id=\"h-tratamento-e-manejo-clinico\"><span class=\"ez-toc-section\" id=\"Tratamento_e_Manejo_Clinico\"><\/span><strong>Tratamento e Manejo Cl\u00ednico<\/strong><span class=\"ez-toc-section-end\"><\/span><\/h2>\n\n\n\n<p>O tratamento da Obesidade Grau 1 no Brasil em 2024-2025 caracteriza-se por uma <strong>dualidade extrema:<\/strong> vivemos a &#8220;era de ouro&#8221; da farmacologia da obesidade no setor privado, simultaneamente a um per\u00edodo de estagna\u00e7\u00e3o tecnol\u00f3gica no sistema p\u00fablico.<\/p>\n\n\n\n<h3 class=\"wp-block-heading\" id=\"h-tratamento-farmacologico-no-setor-privado\"><span class=\"ez-toc-section\" id=\"Tratamento_Farmacologico_no_Setor_Privado\"><\/span><strong>Tratamento Farmacol\u00f3gico no Setor Privado<\/strong><span class=\"ez-toc-section-end\"><\/span><\/h3>\n\n\n\n<p>A aprova\u00e7\u00e3o e comercializa\u00e7\u00e3o de novas classes de medicamentos revolucionaram o manejo da obesidade Grau 1, aproximando os resultados cl\u00ednicos daqueles obtidos com a cirurgia bari\u00e1trica, mas com menor invasividade.<\/p>\n\n\n\n<p>Agonistas do Receptor de GLP-1 (Semaglutida):<\/p>\n\n\n\n<p>A Semaglutida (comercializada como Wegovy para obesidade e Ozempic para diabetes\/off-label) consolidou-se como o padr\u00e3o ouro de tratamento at\u00e9 2024.<\/p>\n\n\n\n<ul class=\"wp-block-list\">\n<li><strong>Efic\u00e1cia:<\/strong> Promove perdas de peso m\u00e9dias de 15-17%.<\/li>\n\n\n\n<li><strong>Acesso:<\/strong> Em novembro de 2025, observou-se uma movimenta\u00e7\u00e3o de mercado com redu\u00e7\u00e3o de pre\u00e7os pela fabricante, visando ampliar o acesso frente \u00e0 chegada de concorrentes. O custo mensal, contudo, ainda orbita a faixa de R$ 1.000,00 a R$ 1.500,00, restringindo-se \u00e0s classes m\u00e9dia e alta.<\/li>\n<\/ul>\n\n\n\n<h4 class=\"wp-block-heading\" id=\"h-agonistas-duplos-glp-1-gip-tirzepatida\"><strong>Agonistas Duplos GLP-1\/GIP (Tirzepatida):<\/strong><\/h4>\n\n\n\n<p>A grande novidade para 2025 \u00e9 a Tirzepatida (Mounjaro). Esta mol\u00e9cula atua em dois receptores hormonais (GIP e GLP-1), potencializando a saciedade e o gasto energ\u00e9tico.<\/p>\n\n\n\n<ul class=\"wp-block-list\">\n<li><strong>Efic\u00e1cia:<\/strong> Estudos mostram redu\u00e7\u00f5es de peso superiores a 20%, in\u00e9ditas para farmacoterapia.<\/li>\n\n\n\n<li><strong>Disponibilidade:<\/strong> A comercializa\u00e7\u00e3o no Brasil foi aprovada pela ANVISA, com chegada \u00e0s farm\u00e1cias prevista e precifica\u00e7\u00e3o definida. O teto de pre\u00e7o para o tratamento mensal foi fixado em <strong>R$ 3.627,82<\/strong> (dose m\u00e1xima), embora varia\u00e7\u00f5es de mercado possam ocorrer. Este custo posiciona a Tirzepatida como uma terapia de elite, inacess\u00edvel para a vasta maioria da popula\u00e7\u00e3o sem subs\u00eddio.<\/li>\n<\/ul>\n\n\n\n<h4 class=\"wp-block-heading\" id=\"h-diretrizes-de-uso-abeso-sbem-2024\"><strong>Diretrizes de Uso (ABESO\/SBEM 2024):<\/strong><\/h4>\n\n\n\n<p>As sociedades m\u00e9dicas refor\u00e7am que o tratamento medicamentoso deve ser encarado como cr\u00f4nico. A obesidade n\u00e3o tem &#8220;cura&#8221;, tem controle. A interrup\u00e7\u00e3o da medica\u00e7\u00e3o leva, invariavelmente, ao reganho de peso (efeito rebote) devido a adapta\u00e7\u00f5es metab\u00f3licas do organismo que tentam recuperar a reserva de energia perdida. A meta terap\u00eautica m\u00ednima \u00e9 de 5% de perda de peso para benef\u00edcios metab\u00f3licos, mas busca-se &gt;10% para impacto significativo em comorbidades.<\/p>\n","protected":false},"excerpt":{"rendered":"<p>Entenda o que \u00e9 obesidade grau 1, como \u00e9 feito o diagn\u00f3stico, principais riscos \u00e0 sa\u00fade e quais s\u00e3o as op\u00e7\u00f5es atuais de tratamento.<\/p>\n","protected":false},"author":21,"featured_media":40058,"comment_status":"closed","ping_status":"closed","sticky":false,"template":"","format":"standard","meta":{"footnotes":""},"categories":[94,1679],"tags":[236,1460],"ppma_author":[3617],"class_list":{"0":"post-40057","1":"post","2":"type-post","3":"status-publish","4":"format-standard","5":"has-post-thumbnail","7":"category-endocrinologia","8":"category-medcof-endocrino","9":"tag-endocrinologia","10":"tag-noticias"},"yoast_head":"<!-- This site is optimized with the Yoast SEO Premium plugin v24.3 (Yoast SEO v27.4) - https:\/\/yoast.com\/product\/yoast-seo-premium-wordpress\/ -->\n<title>Obesidade Grau 1: causas, riscos e tratamento - Blog de Medcof: conte\u00fados, editais, revalida e mais!<\/title>\n<meta name=\"description\" content=\"Entenda o que \u00e9 obesidade grau 1, como \u00e9 feito o diagn\u00f3stico, principais riscos \u00e0 sa\u00fade e quais s\u00e3o as op\u00e7\u00f5es atuais de tratamento.\" \/>\n<meta name=\"robots\" content=\"index, follow, max-snippet:-1, max-image-preview:large, max-video-preview:-1\" \/>\n<link rel=\"canonical\" href=\"https:\/\/www.grupomedcof.com.br\/blog\/obesidade-grau-1\/\" \/>\n<meta property=\"og:locale\" content=\"pt_BR\" \/>\n<meta property=\"og:type\" content=\"article\" \/>\n<meta property=\"og:title\" content=\"Obesidade Grau 1: causas, riscos e tratamento\" \/>\n<meta property=\"og:description\" content=\"Entenda o que \u00e9 obesidade grau 1, como \u00e9 feito o diagn\u00f3stico, principais riscos \u00e0 sa\u00fade e quais s\u00e3o as op\u00e7\u00f5es atuais de tratamento.\" \/>\n<meta property=\"og:url\" content=\"https:\/\/www.grupomedcof.com.br\/blog\/obesidade-grau-1\/\" \/>\n<meta property=\"og:site_name\" content=\"Blog de Medcof: conte\u00fados, editais, revalida e mais!\" \/>\n<meta property=\"article:publisher\" content=\"https:\/\/www.facebook.com\/MedCofQbank\/\" \/>\n<meta property=\"article:published_time\" content=\"2025-12-08T19:13:02+00:00\" \/>\n<meta property=\"article:modified_time\" content=\"2025-12-08T19:13:05+00:00\" \/>\n<meta property=\"og:image\" content=\"https:\/\/www.grupomedcof.com.br\/blog\/wp-content\/uploads\/2025\/12\/Blog-MedCof-2.jpg\" \/>\n\t<meta property=\"og:image:width\" content=\"1920\" \/>\n\t<meta property=\"og:image:height\" content=\"1080\" \/>\n\t<meta property=\"og:image:type\" content=\"image\/jpeg\" \/>\n<meta name=\"author\" content=\"Kiara Adelino\" \/>\n<meta name=\"twitter:card\" content=\"summary_large_image\" \/>\n<meta name=\"twitter:label1\" content=\"Escrito por\" \/>\n\t<meta name=\"twitter:data1\" content=\"Kiara Adelino\" \/>\n\t<meta name=\"twitter:label2\" content=\"Est. tempo de leitura\" \/>\n\t<meta name=\"twitter:data2\" content=\"10 minutos\" \/>\n<script type=\"application\/ld+json\" class=\"yoast-schema-graph\">{\"@context\":\"https:\\\/\\\/schema.org\",\"@graph\":[{\"@type\":\"Article\",\"@id\":\"https:\\\/\\\/www.grupomedcof.com.br\\\/blog\\\/obesidade-grau-1\\\/#article\",\"isPartOf\":{\"@id\":\"https:\\\/\\\/www.grupomedcof.com.br\\\/blog\\\/obesidade-grau-1\\\/\"},\"author\":{\"name\":\"Kiara Adelino\",\"@id\":\"https:\\\/\\\/www.grupomedcof.com.br\\\/blog\\\/#\\\/schema\\\/person\\\/db19a651f86c5fc202d6eee744fd3292\"},\"headline\":\"Obesidade Grau 1: causas, riscos e tratamento\",\"datePublished\":\"2025-12-08T19:13:02+00:00\",\"dateModified\":\"2025-12-08T19:13:05+00:00\",\"mainEntityOfPage\":{\"@id\":\"https:\\\/\\\/www.grupomedcof.com.br\\\/blog\\\/obesidade-grau-1\\\/\"},\"wordCount\":1935,\"publisher\":{\"@id\":\"https:\\\/\\\/www.grupomedcof.com.br\\\/blog\\\/#organization\"},\"image\":{\"@id\":\"https:\\\/\\\/www.grupomedcof.com.br\\\/blog\\\/obesidade-grau-1\\\/#primaryimage\"},\"thumbnailUrl\":\"https:\\\/\\\/www.grupomedcof.com.br\\\/blog\\\/wp-content\\\/uploads\\\/2025\\\/12\\\/Blog-MedCof-2.jpg\",\"keywords\":[\"Endocrinologia\",\"not\u00edcias\"],\"articleSection\":[\"Endocrinologia\",\"Medcof Endocrino\"],\"inLanguage\":\"pt-BR\"},{\"@type\":\"WebPage\",\"@id\":\"https:\\\/\\\/www.grupomedcof.com.br\\\/blog\\\/obesidade-grau-1\\\/\",\"url\":\"https:\\\/\\\/www.grupomedcof.com.br\\\/blog\\\/obesidade-grau-1\\\/\",\"name\":\"Obesidade Grau 1: causas, riscos e tratamento - Blog de Medcof: conte\u00fados, editais, revalida e mais!\",\"isPartOf\":{\"@id\":\"https:\\\/\\\/www.grupomedcof.com.br\\\/blog\\\/#website\"},\"primaryImageOfPage\":{\"@id\":\"https:\\\/\\\/www.grupomedcof.com.br\\\/blog\\\/obesidade-grau-1\\\/#primaryimage\"},\"image\":{\"@id\":\"https:\\\/\\\/www.grupomedcof.com.br\\\/blog\\\/obesidade-grau-1\\\/#primaryimage\"},\"thumbnailUrl\":\"https:\\\/\\\/www.grupomedcof.com.br\\\/blog\\\/wp-content\\\/uploads\\\/2025\\\/12\\\/Blog-MedCof-2.jpg\",\"datePublished\":\"2025-12-08T19:13:02+00:00\",\"dateModified\":\"2025-12-08T19:13:05+00:00\",\"description\":\"Entenda o que \u00e9 obesidade grau 1, como \u00e9 feito o diagn\u00f3stico, principais riscos \u00e0 sa\u00fade e quais s\u00e3o as op\u00e7\u00f5es atuais de tratamento.\",\"breadcrumb\":{\"@id\":\"https:\\\/\\\/www.grupomedcof.com.br\\\/blog\\\/obesidade-grau-1\\\/#breadcrumb\"},\"inLanguage\":\"pt-BR\",\"potentialAction\":[{\"@type\":\"ReadAction\",\"target\":[\"https:\\\/\\\/www.grupomedcof.com.br\\\/blog\\\/obesidade-grau-1\\\/\"]}]},{\"@type\":\"ImageObject\",\"inLanguage\":\"pt-BR\",\"@id\":\"https:\\\/\\\/www.grupomedcof.com.br\\\/blog\\\/obesidade-grau-1\\\/#primaryimage\",\"url\":\"https:\\\/\\\/www.grupomedcof.com.br\\\/blog\\\/wp-content\\\/uploads\\\/2025\\\/12\\\/Blog-MedCof-2.jpg\",\"contentUrl\":\"https:\\\/\\\/www.grupomedcof.com.br\\\/blog\\\/wp-content\\\/uploads\\\/2025\\\/12\\\/Blog-MedCof-2.jpg\",\"width\":1920,\"height\":1080,\"caption\":\"obesidade grau 1\"},{\"@type\":\"BreadcrumbList\",\"@id\":\"https:\\\/\\\/www.grupomedcof.com.br\\\/blog\\\/obesidade-grau-1\\\/#breadcrumb\",\"itemListElement\":[{\"@type\":\"ListItem\",\"position\":1,\"name\":\"In\u00edcio\",\"item\":\"https:\\\/\\\/www.grupomedcof.com.br\\\/blog\\\/\"},{\"@type\":\"ListItem\",\"position\":2,\"name\":\"Obesidade Grau 1: causas, riscos e tratamento\"}]},{\"@type\":\"WebSite\",\"@id\":\"https:\\\/\\\/www.grupomedcof.com.br\\\/blog\\\/#website\",\"url\":\"https:\\\/\\\/www.grupomedcof.com.br\\\/blog\\\/\",\"name\":\"Blog de Medcof: conte\u00fados, editais, revalida e mais!\",\"description\":\"Acesso o blog de MedCof! Seu portal de conte\u00fados sobre resid\u00eancia m\u00e9dica, an\u00e1lise e editais e muito mais. Clique e confira!\",\"publisher\":{\"@id\":\"https:\\\/\\\/www.grupomedcof.com.br\\\/blog\\\/#organization\"},\"alternateName\":\"Blog de Medcof: conte\u00fados, editais, revalida e mais!\",\"potentialAction\":[{\"@type\":\"SearchAction\",\"target\":{\"@type\":\"EntryPoint\",\"urlTemplate\":\"https:\\\/\\\/www.grupomedcof.com.br\\\/blog\\\/?s={search_term_string}\"},\"query-input\":{\"@type\":\"PropertyValueSpecification\",\"valueRequired\":true,\"valueName\":\"search_term_string\"}}],\"inLanguage\":\"pt-BR\"},{\"@type\":\"Organization\",\"@id\":\"https:\\\/\\\/www.grupomedcof.com.br\\\/blog\\\/#organization\",\"name\":\"Grupo MedCof\",\"url\":\"https:\\\/\\\/www.grupomedcof.com.br\\\/blog\\\/\",\"logo\":{\"@type\":\"ImageObject\",\"inLanguage\":\"pt-BR\",\"@id\":\"https:\\\/\\\/www.grupomedcof.com.br\\\/blog\\\/#\\\/schema\\\/logo\\\/image\\\/\",\"url\":\"https:\\\/\\\/www.grupomedcof.com.br\\\/blog\\\/wp-content\\\/uploads\\\/2022\\\/01\\\/logo-medcof.png\",\"contentUrl\":\"https:\\\/\\\/www.grupomedcof.com.br\\\/blog\\\/wp-content\\\/uploads\\\/2022\\\/01\\\/logo-medcof.png\",\"width\":768,\"height\":269,\"caption\":\"Grupo MedCof\"},\"image\":{\"@id\":\"https:\\\/\\\/www.grupomedcof.com.br\\\/blog\\\/#\\\/schema\\\/logo\\\/image\\\/\"},\"sameAs\":[\"https:\\\/\\\/www.facebook.com\\\/MedCofQbank\\\/\",\"https:\\\/\\\/www.instagram.com\\\/grupomedcof\\\/\",\"https:\\\/\\\/br.linkedin.com\\\/company\\\/medcof\",\"https:\\\/\\\/www.youtube.com\\\/channel\\\/UCdHMuOHKICxcHwecxN8P-AA\"]},{\"@type\":\"Person\",\"@id\":\"https:\\\/\\\/www.grupomedcof.com.br\\\/blog\\\/#\\\/schema\\\/person\\\/db19a651f86c5fc202d6eee744fd3292\",\"name\":\"Kiara Adelino\",\"image\":{\"@type\":\"ImageObject\",\"inLanguage\":\"pt-BR\",\"@id\":\"https:\\\/\\\/www.grupomedcof.com.br\\\/blog\\\/wp-content\\\/uploads\\\/2024\\\/08\\\/cropped-Kiara-Adelino2-96x96.jpega85663bdda67261f8f06f86e555e1e49\",\"url\":\"https:\\\/\\\/www.grupomedcof.com.br\\\/blog\\\/wp-content\\\/uploads\\\/2024\\\/08\\\/cropped-Kiara-Adelino2-96x96.jpeg\",\"contentUrl\":\"https:\\\/\\\/www.grupomedcof.com.br\\\/blog\\\/wp-content\\\/uploads\\\/2024\\\/08\\\/cropped-Kiara-Adelino2-96x96.jpeg\",\"caption\":\"Kiara Adelino\"},\"description\":\"Estudante do 5\u00b0 semestre de Medicina. Gosto bastante de aprender coisas novas, principalmente na \u00e1rea de Neurologia e Anatomia humana.\",\"url\":\"https:\\\/\\\/www.grupomedcof.com.br\\\/blog\\\/author\\\/kiara-adelino\\\/\"}]}<\/script>\n<!-- \/ Yoast SEO Premium plugin. -->","yoast_head_json":{"title":"Obesidade Grau 1: causas, riscos e tratamento - Blog de Medcof: conte\u00fados, editais, revalida e mais!","description":"Entenda o que \u00e9 obesidade grau 1, como \u00e9 feito o diagn\u00f3stico, principais riscos \u00e0 sa\u00fade e quais s\u00e3o as op\u00e7\u00f5es atuais de tratamento.","robots":{"index":"index","follow":"follow","max-snippet":"max-snippet:-1","max-image-preview":"max-image-preview:large","max-video-preview":"max-video-preview:-1"},"canonical":"https:\/\/www.grupomedcof.com.br\/blog\/obesidade-grau-1\/","og_locale":"pt_BR","og_type":"article","og_title":"Obesidade Grau 1: causas, riscos e tratamento","og_description":"Entenda o que \u00e9 obesidade grau 1, como \u00e9 feito o diagn\u00f3stico, principais riscos \u00e0 sa\u00fade e quais s\u00e3o as op\u00e7\u00f5es atuais de tratamento.","og_url":"https:\/\/www.grupomedcof.com.br\/blog\/obesidade-grau-1\/","og_site_name":"Blog de Medcof: conte\u00fados, editais, revalida e mais!","article_publisher":"https:\/\/www.facebook.com\/MedCofQbank\/","article_published_time":"2025-12-08T19:13:02+00:00","article_modified_time":"2025-12-08T19:13:05+00:00","og_image":[{"width":1920,"height":1080,"url":"https:\/\/www.grupomedcof.com.br\/blog\/wp-content\/uploads\/2025\/12\/Blog-MedCof-2.jpg","type":"image\/jpeg"}],"author":"Kiara Adelino","twitter_card":"summary_large_image","twitter_misc":{"Escrito por":"Kiara Adelino","Est. tempo de leitura":"10 minutos"},"schema":{"@context":"https:\/\/schema.org","@graph":[{"@type":"Article","@id":"https:\/\/www.grupomedcof.com.br\/blog\/obesidade-grau-1\/#article","isPartOf":{"@id":"https:\/\/www.grupomedcof.com.br\/blog\/obesidade-grau-1\/"},"author":{"name":"Kiara Adelino","@id":"https:\/\/www.grupomedcof.com.br\/blog\/#\/schema\/person\/db19a651f86c5fc202d6eee744fd3292"},"headline":"Obesidade Grau 1: causas, riscos e tratamento","datePublished":"2025-12-08T19:13:02+00:00","dateModified":"2025-12-08T19:13:05+00:00","mainEntityOfPage":{"@id":"https:\/\/www.grupomedcof.com.br\/blog\/obesidade-grau-1\/"},"wordCount":1935,"publisher":{"@id":"https:\/\/www.grupomedcof.com.br\/blog\/#organization"},"image":{"@id":"https:\/\/www.grupomedcof.com.br\/blog\/obesidade-grau-1\/#primaryimage"},"thumbnailUrl":"https:\/\/www.grupomedcof.com.br\/blog\/wp-content\/uploads\/2025\/12\/Blog-MedCof-2.jpg","keywords":["Endocrinologia","not\u00edcias"],"articleSection":["Endocrinologia","Medcof Endocrino"],"inLanguage":"pt-BR"},{"@type":"WebPage","@id":"https:\/\/www.grupomedcof.com.br\/blog\/obesidade-grau-1\/","url":"https:\/\/www.grupomedcof.com.br\/blog\/obesidade-grau-1\/","name":"Obesidade Grau 1: causas, riscos e tratamento - Blog de Medcof: conte\u00fados, editais, revalida e mais!","isPartOf":{"@id":"https:\/\/www.grupomedcof.com.br\/blog\/#website"},"primaryImageOfPage":{"@id":"https:\/\/www.grupomedcof.com.br\/blog\/obesidade-grau-1\/#primaryimage"},"image":{"@id":"https:\/\/www.grupomedcof.com.br\/blog\/obesidade-grau-1\/#primaryimage"},"thumbnailUrl":"https:\/\/www.grupomedcof.com.br\/blog\/wp-content\/uploads\/2025\/12\/Blog-MedCof-2.jpg","datePublished":"2025-12-08T19:13:02+00:00","dateModified":"2025-12-08T19:13:05+00:00","description":"Entenda o que \u00e9 obesidade grau 1, como \u00e9 feito o diagn\u00f3stico, principais riscos \u00e0 sa\u00fade e quais s\u00e3o as op\u00e7\u00f5es atuais de tratamento.","breadcrumb":{"@id":"https:\/\/www.grupomedcof.com.br\/blog\/obesidade-grau-1\/#breadcrumb"},"inLanguage":"pt-BR","potentialAction":[{"@type":"ReadAction","target":["https:\/\/www.grupomedcof.com.br\/blog\/obesidade-grau-1\/"]}]},{"@type":"ImageObject","inLanguage":"pt-BR","@id":"https:\/\/www.grupomedcof.com.br\/blog\/obesidade-grau-1\/#primaryimage","url":"https:\/\/www.grupomedcof.com.br\/blog\/wp-content\/uploads\/2025\/12\/Blog-MedCof-2.jpg","contentUrl":"https:\/\/www.grupomedcof.com.br\/blog\/wp-content\/uploads\/2025\/12\/Blog-MedCof-2.jpg","width":1920,"height":1080,"caption":"obesidade grau 1"},{"@type":"BreadcrumbList","@id":"https:\/\/www.grupomedcof.com.br\/blog\/obesidade-grau-1\/#breadcrumb","itemListElement":[{"@type":"ListItem","position":1,"name":"In\u00edcio","item":"https:\/\/www.grupomedcof.com.br\/blog\/"},{"@type":"ListItem","position":2,"name":"Obesidade Grau 1: causas, riscos e tratamento"}]},{"@type":"WebSite","@id":"https:\/\/www.grupomedcof.com.br\/blog\/#website","url":"https:\/\/www.grupomedcof.com.br\/blog\/","name":"Blog de Medcof: conte\u00fados, editais, revalida e mais!","description":"Acesso o blog de MedCof! Seu portal de conte\u00fados sobre resid\u00eancia m\u00e9dica, an\u00e1lise e editais e muito mais. Clique e confira!","publisher":{"@id":"https:\/\/www.grupomedcof.com.br\/blog\/#organization"},"alternateName":"Blog de Medcof: conte\u00fados, editais, revalida e mais!","potentialAction":[{"@type":"SearchAction","target":{"@type":"EntryPoint","urlTemplate":"https:\/\/www.grupomedcof.com.br\/blog\/?s={search_term_string}"},"query-input":{"@type":"PropertyValueSpecification","valueRequired":true,"valueName":"search_term_string"}}],"inLanguage":"pt-BR"},{"@type":"Organization","@id":"https:\/\/www.grupomedcof.com.br\/blog\/#organization","name":"Grupo MedCof","url":"https:\/\/www.grupomedcof.com.br\/blog\/","logo":{"@type":"ImageObject","inLanguage":"pt-BR","@id":"https:\/\/www.grupomedcof.com.br\/blog\/#\/schema\/logo\/image\/","url":"https:\/\/www.grupomedcof.com.br\/blog\/wp-content\/uploads\/2022\/01\/logo-medcof.png","contentUrl":"https:\/\/www.grupomedcof.com.br\/blog\/wp-content\/uploads\/2022\/01\/logo-medcof.png","width":768,"height":269,"caption":"Grupo MedCof"},"image":{"@id":"https:\/\/www.grupomedcof.com.br\/blog\/#\/schema\/logo\/image\/"},"sameAs":["https:\/\/www.facebook.com\/MedCofQbank\/","https:\/\/www.instagram.com\/grupomedcof\/","https:\/\/br.linkedin.com\/company\/medcof","https:\/\/www.youtube.com\/channel\/UCdHMuOHKICxcHwecxN8P-AA"]},{"@type":"Person","@id":"https:\/\/www.grupomedcof.com.br\/blog\/#\/schema\/person\/db19a651f86c5fc202d6eee744fd3292","name":"Kiara Adelino","image":{"@type":"ImageObject","inLanguage":"pt-BR","@id":"https:\/\/www.grupomedcof.com.br\/blog\/wp-content\/uploads\/2024\/08\/cropped-Kiara-Adelino2-96x96.jpega85663bdda67261f8f06f86e555e1e49","url":"https:\/\/www.grupomedcof.com.br\/blog\/wp-content\/uploads\/2024\/08\/cropped-Kiara-Adelino2-96x96.jpeg","contentUrl":"https:\/\/www.grupomedcof.com.br\/blog\/wp-content\/uploads\/2024\/08\/cropped-Kiara-Adelino2-96x96.jpeg","caption":"Kiara Adelino"},"description":"Estudante do 5\u00b0 semestre de Medicina. Gosto bastante de aprender coisas novas, principalmente na \u00e1rea de Neurologia e Anatomia humana.","url":"https:\/\/www.grupomedcof.com.br\/blog\/author\/kiara-adelino\/"}]}},"authors":[{"term_id":3617,"user_id":21,"is_guest":0,"slug":"kiara-adelino","display_name":"Kiara Adelino","avatar_url":"https:\/\/www.grupomedcof.com.br\/blog\/wp-content\/uploads\/2024\/08\/cropped-Kiara-Adelino2-96x96.jpeg","0":null,"1":"","2":"","3":"","4":"","5":"","6":"","7":"","8":""}],"_links":{"self":[{"href":"https:\/\/www.grupomedcof.com.br\/blog\/wp-json\/wp\/v2\/posts\/40057","targetHints":{"allow":["GET"]}}],"collection":[{"href":"https:\/\/www.grupomedcof.com.br\/blog\/wp-json\/wp\/v2\/posts"}],"about":[{"href":"https:\/\/www.grupomedcof.com.br\/blog\/wp-json\/wp\/v2\/types\/post"}],"author":[{"embeddable":true,"href":"https:\/\/www.grupomedcof.com.br\/blog\/wp-json\/wp\/v2\/users\/21"}],"replies":[{"embeddable":true,"href":"https:\/\/www.grupomedcof.com.br\/blog\/wp-json\/wp\/v2\/comments?post=40057"}],"version-history":[{"count":1,"href":"https:\/\/www.grupomedcof.com.br\/blog\/wp-json\/wp\/v2\/posts\/40057\/revisions"}],"predecessor-version":[{"id":40060,"href":"https:\/\/www.grupomedcof.com.br\/blog\/wp-json\/wp\/v2\/posts\/40057\/revisions\/40060"}],"wp:featuredmedia":[{"embeddable":true,"href":"https:\/\/www.grupomedcof.com.br\/blog\/wp-json\/wp\/v2\/media\/40058"}],"wp:attachment":[{"href":"https:\/\/www.grupomedcof.com.br\/blog\/wp-json\/wp\/v2\/media?parent=40057"}],"wp:term":[{"taxonomy":"category","embeddable":true,"href":"https:\/\/www.grupomedcof.com.br\/blog\/wp-json\/wp\/v2\/categories?post=40057"},{"taxonomy":"post_tag","embeddable":true,"href":"https:\/\/www.grupomedcof.com.br\/blog\/wp-json\/wp\/v2\/tags?post=40057"},{"taxonomy":"author","embeddable":true,"href":"https:\/\/www.grupomedcof.com.br\/blog\/wp-json\/wp\/v2\/ppma_author?post=40057"}],"curies":[{"name":"wp","href":"https:\/\/api.w.org\/{rel}","templated":true}]}}