{"id":40137,"date":"2025-12-12T20:19:36","date_gmt":"2025-12-12T23:19:36","guid":{"rendered":"https:\/\/www.grupomedcof.com.br\/blog\/?p=40137"},"modified":"2025-12-12T20:19:38","modified_gmt":"2025-12-12T23:19:38","slug":"residencia-multiprofissional-em-saude","status":"publish","type":"post","link":"https:\/\/www.grupomedcof.com.br\/blog\/residencia-multiprofissional-em-saude\/","title":{"rendered":"Resid\u00eancia multiprofissional: o que \u00e9, principais especialidades e concursos."},"content":{"rendered":"<div id=\"ez-toc-container\" class=\"ez-toc-v2_0_74 counter-hierarchy ez-toc-counter ez-toc-transparent ez-toc-container-direction\">\n<div class=\"ez-toc-title-container\">\n<p class=\"ez-toc-title\" style=\"cursor:inherit\">Sum\u00e1rio<\/p>\n<span class=\"ez-toc-title-toggle\"><a href=\"#\" class=\"ez-toc-pull-right ez-toc-btn ez-toc-btn-xs ez-toc-btn-default ez-toc-toggle\" aria-label=\"Alternar tabela de conte\u00fado\"><span class=\"ez-toc-js-icon-con\"><span class=\"\"><span class=\"eztoc-hide\" style=\"display:none;\">Toggle<\/span><span class=\"ez-toc-icon-toggle-span\"><svg style=\"fill: #999;color:#999\" xmlns=\"http:\/\/www.w3.org\/2000\/svg\" class=\"list-377408\" width=\"20px\" height=\"20px\" viewBox=\"0 0 24 24\" fill=\"none\"><path d=\"M6 6H4v2h2V6zm14 0H8v2h12V6zM4 11h2v2H4v-2zm16 0H8v2h12v-2zM4 16h2v2H4v-2zm16 0H8v2h12v-2z\" fill=\"currentColor\"><\/path><\/svg><svg style=\"fill: #999;color:#999\" class=\"arrow-unsorted-368013\" xmlns=\"http:\/\/www.w3.org\/2000\/svg\" width=\"10px\" height=\"10px\" viewBox=\"0 0 24 24\" version=\"1.2\" baseProfile=\"tiny\"><path d=\"M18.2 9.3l-6.2-6.3-6.2 6.3c-.2.2-.3.4-.3.7s.1.5.3.7c.2.2.4.3.7.3h11c.3 0 .5-.1.7-.3.2-.2.3-.5.3-.7s-.1-.5-.3-.7zM5.8 14.7l6.2 6.3 6.2-6.3c.2-.2.3-.5.3-.7s-.1-.5-.3-.7c-.2-.2-.4-.3-.7-.3h-11c-.3 0-.5.1-.7.3-.2.2-.3.5-.3.7s.1.5.3.7z\"\/><\/svg><\/span><\/span><\/span><\/a><\/span><\/div>\n<nav><ul class='ez-toc-list ez-toc-list-level-1 ' ><li class='ez-toc-page-1 ez-toc-heading-level-2'><a class=\"ez-toc-link ez-toc-heading-1\" href=\"https:\/\/www.grupomedcof.com.br\/blog\/residencia-multiprofissional-em-saude\/#O_que_e_a_residencia_multiprofissional_em_saude\" >O que \u00e9 a resid\u00eancia multiprofissional em sa\u00fade?<\/a><ul class='ez-toc-list-level-3' ><li class='ez-toc-heading-level-3'><a class=\"ez-toc-link ez-toc-heading-2\" href=\"https:\/\/www.grupomedcof.com.br\/blog\/residencia-multiprofissional-em-saude\/#Rotina_da_residencia_multiprofissional\" >Rotina da resid\u00eancia multiprofissional<\/a><\/li><\/ul><\/li><li class='ez-toc-page-1 ez-toc-heading-level-2'><a class=\"ez-toc-link ez-toc-heading-3\" href=\"https:\/\/www.grupomedcof.com.br\/blog\/residencia-multiprofissional-em-saude\/#Quais_sao_os_pre-requisitos_para_a_residencia_multiprofissional\" >Quais s\u00e3o os pr\u00e9-requisitos para a resid\u00eancia multiprofissional?<\/a><\/li><li class='ez-toc-page-1 ez-toc-heading-level-2'><a class=\"ez-toc-link ez-toc-heading-4\" href=\"https:\/\/www.grupomedcof.com.br\/blog\/residencia-multiprofissional-em-saude\/#Qual_a_media_de_duracao_de_uma_residencia_multiprofissional\" >Qual a m\u00e9dia de dura\u00e7\u00e3o de uma resid\u00eancia multiprofissional?<\/a><\/li><li class='ez-toc-page-1 ez-toc-heading-level-2'><a class=\"ez-toc-link ez-toc-heading-5\" href=\"https:\/\/www.grupomedcof.com.br\/blog\/residencia-multiprofissional-em-saude\/#Quais_as_principais_areas_da_residencia_multiprofissional_em_saude\" >Quais as principais \u00e1reas da resid\u00eancia multiprofissional em sa\u00fade?<\/a><\/li><li class='ez-toc-page-1 ez-toc-heading-level-2'><a class=\"ez-toc-link ez-toc-heading-6\" href=\"https:\/\/www.grupomedcof.com.br\/blog\/residencia-multiprofissional-em-saude\/#Quais_os_principais_processos_seletivos_para_residencias_multiprofissionais\" >Quais os principais processos seletivos para resid\u00eancias multiprofissionais?<\/a><\/li><li class='ez-toc-page-1 ez-toc-heading-level-2'><a class=\"ez-toc-link ez-toc-heading-7\" href=\"https:\/\/www.grupomedcof.com.br\/blog\/residencia-multiprofissional-em-saude\/#Programas_de_atendimentos_em_nivel_nacional\" >Programas de atendimentos em n\u00edvel nacional<\/a><\/li><li class='ez-toc-page-1 ez-toc-heading-level-2'><a class=\"ez-toc-link ez-toc-heading-8\" href=\"https:\/\/www.grupomedcof.com.br\/blog\/residencia-multiprofissional-em-saude\/#Caracterizacao_geral_da_Residencia_Multiprofissional_em_Saude\" >Caracteriza\u00e7\u00e3o geral da Resid\u00eancia Multiprofissional em Sa\u00fade<\/a><\/li><li class='ez-toc-page-1 ez-toc-heading-level-2'><a class=\"ez-toc-link ez-toc-heading-9\" href=\"https:\/\/www.grupomedcof.com.br\/blog\/residencia-multiprofissional-em-saude\/#Conquiste_a_aprovacao_e_acompanhe_mais_conteudos\" >Conquiste a aprova\u00e7\u00e3o e acompanhe mais conte\u00fados!<\/a><\/li><\/ul><\/nav><\/div>\n\n<figure class=\"wp-block-image size-large\"><img loading=\"lazy\" decoding=\"async\" width=\"1024\" height=\"576\" src=\"https:\/\/www.grupomedcof.com.br\/blog\/wp-content\/uploads\/2025\/12\/Modelo-instituicoes-6-1024x576.jpg\" alt=\"\" class=\"wp-image-40151\" srcset=\"https:\/\/www.grupomedcof.com.br\/blog\/wp-content\/uploads\/2025\/12\/Modelo-instituicoes-6-1024x576.jpg 1024w, https:\/\/www.grupomedcof.com.br\/blog\/wp-content\/uploads\/2025\/12\/Modelo-instituicoes-6-300x169.jpg 300w, https:\/\/www.grupomedcof.com.br\/blog\/wp-content\/uploads\/2025\/12\/Modelo-instituicoes-6-768x432.jpg 768w, https:\/\/www.grupomedcof.com.br\/blog\/wp-content\/uploads\/2025\/12\/Modelo-instituicoes-6-1536x864.jpg 1536w, https:\/\/www.grupomedcof.com.br\/blog\/wp-content\/uploads\/2025\/12\/Modelo-instituicoes-6-2048x1152.jpg 2048w, https:\/\/www.grupomedcof.com.br\/blog\/wp-content\/uploads\/2025\/12\/Modelo-instituicoes-6-747x420.jpg 747w, https:\/\/www.grupomedcof.com.br\/blog\/wp-content\/uploads\/2025\/12\/Modelo-instituicoes-6-150x84.jpg 150w, https:\/\/www.grupomedcof.com.br\/blog\/wp-content\/uploads\/2025\/12\/Modelo-instituicoes-6-696x392.jpg 696w, https:\/\/www.grupomedcof.com.br\/blog\/wp-content\/uploads\/2025\/12\/Modelo-instituicoes-6-1068x601.jpg 1068w, https:\/\/www.grupomedcof.com.br\/blog\/wp-content\/uploads\/2025\/12\/Modelo-instituicoes-6-1920x1080.jpg 1920w\" sizes=\"auto, (max-width: 1024px) 100vw, 1024px\" \/><\/figure>\n\n\n\n<p>Assim como na medicina, a resid\u00eancia multiprofissional em sa\u00fade \u00e9 destinada \u00e0 especializa\u00e7\u00e3o de profissionais por meio da exposi\u00e7\u00e3o a conte\u00fados te\u00f3ricos e pr\u00e1ticos e atua\u00e7\u00e3o nas \u00e1reas selecionadas pelos candidatos.<\/p>\n\n\n\n<p>O per\u00edodo para essa p\u00f3s-gradua\u00e7\u00e3o \u00e9, em m\u00e9dia, de 2 anos, podendo variar de acordo com as atividades apresentadas no curso, a especialidade e o desenvolvimento do aluno durante todo o processo.<\/p>\n\n\n\n<p>O mercado de trabalho se torna cada vez mais concorrido, por isso o aprofundamento na \u00e1rea de atua\u00e7\u00e3o se torna um diferencial para o meio profissional.<\/p>\n\n\n\n<h2 class=\"wp-block-heading\" id=\"h-o-que-e-a-residencia-multiprofissional-em-saude\"><span class=\"ez-toc-section\" id=\"O_que_e_a_residencia_multiprofissional_em_saude\"><\/span><strong>O que \u00e9 a resid\u00eancia multiprofissional em sa\u00fade?<\/strong><span class=\"ez-toc-section-end\"><\/span><\/h2>\n\n\n\n<p>A resid\u00eancia multiprofissional \u00e9 uma p\u00f3s-gradua\u00e7\u00e3o <em>lato sensu <\/em>que busca a especializa\u00e7\u00e3o e exerc\u00edcio&nbsp; com singularidade dos seus servi\u00e7os. Por tr\u00e1s da regulamenta\u00e7\u00e3o desses programas, institui\u00e7\u00f5es como o <strong>MEC<\/strong> e a<strong> Comiss\u00e3o Nacional de Resid\u00eancia Multiprofissional em Sa\u00fade (CNRMS)<\/strong> se responsabilizam pela qualidade e orienta\u00e7\u00f5es dos cursos oferecidos, garantindo a seguran\u00e7a e o comprometimento com a educa\u00e7\u00e3o da sa\u00fade.&nbsp;<\/p>\n\n\n\n<p>J\u00e1 mencionado anteriormente no texto, essa resid\u00eancia \u00e9 direcionada \u00e0 pr\u00e1tica da \u00e1rea na qual o estudante atua,inserido no ambiente necess\u00e1rio para o desenvolvimento de suas atividades, podendo ser em hospitais, cl\u00ednicas, consult\u00f3rios e\/ou institui\u00e7\u00f5es de sa\u00fade no geral.<\/p>\n\n\n\n<h3 class=\"wp-block-heading\" id=\"h-rotina-da-residencia-multiprofissional\"><span class=\"ez-toc-section\" id=\"Rotina_da_residencia_multiprofissional\"><\/span><strong>Rotina da resid\u00eancia multiprofissional<\/strong><span class=\"ez-toc-section-end\"><\/span><\/h3>\n\n\n\n<p>Sendo necess\u00e1ria a dedica\u00e7\u00e3o exclusiva ao programa, o candidato ser\u00e1 imerso em um carga hor\u00e1ria de <strong>60 horas semanais<\/strong>, em um tempo de, no m\u00ednimo, <strong>dois anos de dura\u00e7\u00e3o<\/strong>.<\/p>\n\n\n\n<p>Neste per\u00edodo, o indiv\u00edduo ser\u00e1 treinado para a pr\u00e1tica da especialidade escolhida, assim como na institui\u00e7\u00e3o selecionada.<\/p>\n\n\n\n<h2 class=\"wp-block-heading\" id=\"h-quais-sao-os-pre-requisitos-para-a-residencia-multiprofissional\"><span class=\"ez-toc-section\" id=\"Quais_sao_os_pre-requisitos_para_a_residencia_multiprofissional\"><\/span><strong>Quais s\u00e3o os pr\u00e9-requisitos para a resid\u00eancia multiprofissional?<\/strong><span class=\"ez-toc-section-end\"><\/span><\/h2>\n\n\n\n<p>A principal exig\u00eancia para que uma pessoa curse a resid\u00eancia multiprofissional \u00e9 que esta seja j\u00e1 <strong>formada na \u00e1rea selecionada<\/strong> e tenha registro no \u00f3rg\u00e3o que administra e regula a profiss\u00e3o escolhida.<\/p>\n\n\n\n<p>Al\u00e9m disso, \u00e9 necess\u00e1rio que a institui\u00e7\u00e3o na qual o indiv\u00edduo seja graduado esteja dentro dos <strong>regimentos estabelecidos pelo MEC<\/strong> e seja reconhecida pelo \u00f3rg\u00e3o.<\/p>\n\n\n\n<p>Estando em conformidade com essas especifica\u00e7\u00f5es, ser\u00e1 feita a inscri\u00e7\u00e3o em um processo seletivo, o qual far\u00e1 a avalia\u00e7\u00e3o por meio de duas a quatro fases, dependendo da estrutura\u00e7\u00e3o.<\/p>\n\n\n\n<p>Ser\u00e3o considerados aspectos como forma\u00e7\u00e3o, viv\u00eancias, conhecimentos e experi\u00eancias te\u00f3rico-pr\u00e1ticas.<\/p>\n\n\n\n<p>Veja abaixo a possibilidade das fases para a entrada em uma resid\u00eancia multiprofissional:<\/p>\n\n\n\n<ul class=\"wp-block-list\">\n<li><strong>Prova objetiva e\/ou discursiva<\/strong>: de car\u00e1ter eliminat\u00f3rio e que avalia os conhecimentos te\u00f3ricos adquiridos na gradua\u00e7\u00e3o;<\/li>\n<\/ul>\n\n\n\n<ul class=\"wp-block-list\">\n<li><strong>An\u00e1lise curricular<\/strong>: onde s\u00e3o pontuadas experi\u00eancias acad\u00eamicas, monitorias, publica\u00e7\u00f5es e atividades extracurriculares.<\/li>\n<\/ul>\n\n\n\n<ul class=\"wp-block-list\">\n<li><strong>Provas pr\u00e1ticas e entrevistas<\/strong>: algumas institui\u00e7\u00f5es adicionam em sua composi\u00e7\u00e3o do processo provas pr\u00e1ticas e entrevistas com a banca organizadora.<\/li>\n<\/ul>\n\n\n\n<h2 class=\"wp-block-heading\" id=\"h-qual-a-media-de-duracao-de-uma-residencia-multiprofissional\"><span class=\"ez-toc-section\" id=\"Qual_a_media_de_duracao_de_uma_residencia_multiprofissional\"><\/span><strong>Qual a m\u00e9dia de dura\u00e7\u00e3o de uma resid\u00eancia multiprofissional?<\/strong><span class=\"ez-toc-section-end\"><\/span><\/h2>\n\n\n\n<p>O tempo de dura\u00e7\u00e3o de uma resid\u00eancia multiprofissional ir\u00e1 depender da sele\u00e7\u00e3o do candidato e tamb\u00e9m da \u00e1rea na qual est\u00e1 inserido e inscrito. Por\u00e9m, \u00e9 definido pelo <strong>CNRMS <\/strong>que haja, pelo menos, <strong>5.760 horas para as resid\u00eancias de 2 anos e 8.640 horas para as de 3 anos<\/strong>, o que totaliza <strong>60 horas semanais.<\/strong><br><\/p>\n\n\n\n<h2 class=\"wp-block-heading\" id=\"h-quais-as-principais-areas-da-residencia-multiprofissional-em-saude\"><span class=\"ez-toc-section\" id=\"Quais_as_principais_areas_da_residencia_multiprofissional_em_saude\"><\/span><strong>Quais as principais \u00e1reas da resid\u00eancia multiprofissional em sa\u00fade?<\/strong><span class=\"ez-toc-section-end\"><\/span><\/h2>\n\n\n\n<p>O CNRMS abrange m\u00faltiplas \u00e1reas de atua\u00e7\u00e3o em sa\u00fade na composi\u00e7\u00e3o de seus programas. Confira na lista abaixo quais s\u00e3o os <strong>campos definidos para a resid\u00eancia multiprofissional em sa\u00fade<\/strong>:<\/p>\n\n\n\n<ul class=\"wp-block-list\">\n<li>Biomedicina<\/li>\n\n\n\n<li>Ci\u00eancias Biol\u00f3gicas<\/li>\n\n\n\n<li>Educa\u00e7\u00e3o F\u00edsica<\/li>\n\n\n\n<li>Enfermagem<\/li>\n\n\n\n<li>Farm\u00e1cia<\/li>\n\n\n\n<li>Fisioterapia<\/li>\n\n\n\n<li>Fonoaudiologia<\/li>\n\n\n\n<li>Medicina Veterin\u00e1ria<\/li>\n\n\n\n<li>Nutri\u00e7\u00e3o\u00a0<\/li>\n\n\n\n<li>Odontologia<\/li>\n\n\n\n<li>Psicologia\u00a0<\/li>\n\n\n\n<li>Servi\u00e7o Social<\/li>\n\n\n\n<li>Terapia Ocupacional<\/li>\n\n\n\n<li>Sa\u00fade Coletiva<\/li>\n\n\n\n<li>F\u00edsica M\u00e9dica<\/li>\n<\/ul>\n\n\n\n<h2 class=\"wp-block-heading\" id=\"h-quais-os-principais-processos-seletivos-para-residencias-multiprofissionais\"><span class=\"ez-toc-section\" id=\"Quais_os_principais_processos_seletivos_para_residencias_multiprofissionais\"><\/span><strong>Quais os principais processos seletivos para resid\u00eancias multiprofissionais?<\/strong><span class=\"ez-toc-section-end\"><\/span><\/h2>\n\n\n\n<p>Em uma parceria do Minist\u00e9rio da Sa\u00fade com o Minist\u00e9rio da Educa\u00e7\u00e3o, s\u00e3o elaborados diversos exames para a avalia\u00e7\u00e3o e, consequentemente, para programas de resid\u00eancia.&nbsp;<\/p>\n\n\n\n<p>Veja a seguir uma lista com alguns concursos para resid\u00eancia multiprofissional em sa\u00fade:<\/p>\n\n\n\n<ul class=\"wp-block-list\">\n<li><strong>EBSERH\/ENARE<\/strong>: uma das principais provas do pa\u00eds, o ENARE \u00e9 direcionado exclusivamente para vagas de resid\u00eancia m\u00e9dica e multiprofissional em diversas institui\u00e7\u00f5es do pa\u00eds.\u00a0 Assim, seu funcionamento permite que os candidatos realizem a prova em diversas localidades do pa\u00eds, podendo se candidatar \u00e0s vagas para in\u00fameras especialidades e institui\u00e7\u00f5es.<\/li>\n\n\n\n<li><strong>USP\/FUVEST<\/strong>: direcionado a programas de resid\u00eancia multiprofissional na Universidade de S\u00e3o Paulo, a FUVEST \u00e9 um dos exames mais concorridos do pa\u00eds.<\/li>\n\n\n\n<li><strong>VUNESP<\/strong>: institui\u00e7\u00e3o focada na aplica\u00e7\u00e3o, organiza\u00e7\u00e3o e corre\u00e7\u00e3o de exames para concursos em institui\u00e7\u00f5es p\u00fablicas, principalmente a UNESP, FAMERP e FAMEMA, al\u00e9m de aplicar provas para concursos p\u00fablicos, como da pol\u00edcia militar e do tribunal de justi\u00e7a.<\/li>\n\n\n\n<li><strong>Fiocruz<\/strong>: A Funda\u00e7\u00e3o Oswaldo Cruz tamb\u00e9m fornece programas para resid\u00eancia multiprofissional e m\u00e9dica, sendo ela um centro de refer\u00eancia nacional da sa\u00fade.<\/li>\n<\/ul>\n\n\n\n<h2 class=\"wp-block-heading\" id=\"h-programas-de-atendimentos-em-nivel-nacional\"><span class=\"ez-toc-section\" id=\"Programas_de_atendimentos_em_nivel_nacional\"><\/span><strong>Programas de atendimentos em n\u00edvel nacional<\/strong><span class=\"ez-toc-section-end\"><\/span><\/h2>\n\n\n\n<p>O Minist\u00e9rio da Sa\u00fade, por meio do SUS, possibilita tamb\u00e9m que os profissionais, depois de especializados, possam atuar em programas oficiais do governo, colaborando para um maior atendimento \u00e0 popula\u00e7\u00e3o.<\/p>\n\n\n\n<p>Exemplo disso foi a expans\u00e3o no atendimento direto \u00e0 sa\u00fade mental com o <a href=\"https:\/\/www.camara.leg.br\/noticias\/1215299-comissao-aprova-projeto-que-amplia-acesso-a-saude-mental\/\"><strong>Programa Nacional de Amplia\u00e7\u00e3o do Acesso \u00e0 Sa\u00fade Mental no Brasil no P\u00f3s-Pandemia<\/strong><\/a>, aprovado recententemente a partir do <a href=\"https:\/\/www.camara.leg.br\/noticias\/1042476-proposta-preve-ampliacao-do-acesso-aos-servicos-de-saude-mental\"><strong>Projeto 311\/24<\/strong><\/a>, qual amplia o refor\u00e7o para atendimento \u00e0s quest\u00f5es de sa\u00fade mental, selecionando especialistas como psic\u00f3logos, terapeutas, assistentes sociais, entre outros.<\/p>\n\n\n\n<h2 class=\"wp-block-heading\" id=\"h-caracterizacao-geral-da-residencia-multiprofissional-em-saude\"><span class=\"ez-toc-section\" id=\"Caracterizacao_geral_da_Residencia_Multiprofissional_em_Saude\"><\/span><strong>Caracteriza\u00e7\u00e3o geral da Resid\u00eancia Multiprofissional em Sa\u00fade<\/strong><span class=\"ez-toc-section-end\"><\/span><\/h2>\n\n\n\n<p>Confira a estrutura\u00e7\u00e3o das resid\u00eancia multiprofissionais em sa\u00fade estabelecida pelo CNRMS:<\/p>\n\n\n\n<p><strong>Tipo de forma\u00e7\u00e3o<\/strong>: P\u00f3s-gradua\u00e7\u00e3o Lato Sensu<\/p>\n\n\n\n<p><strong>Tempo de resid\u00eancia<\/strong>: de 2 a 3 anos.<\/p>\n\n\n\n<p><strong>Carga hor\u00e1ria dos cursos<\/strong>: 8.640 horas para as de 3 anos e 5.760 horas para as resid\u00eancias de 2 anos.<\/p>\n\n\n\n<p><strong>Jornada semanal<\/strong>: 60 horas.<\/p>\n\n\n\n<p><strong>Possibilidade de est\u00e1gio<\/strong>: a realiza\u00e7\u00e3o de um est\u00e1gio se torna optativa durante a resid\u00eancia, mas \u00e9 poss\u00edvel faz\u00ea-lo somente a partir do segundo ano.<\/p>\n\n\n\n<p><strong>Composi\u00e7\u00e3o das atividades<\/strong>: 80% de atividades pr\u00e1ticas e 20% atividades te\u00f3ricas ou te\u00f3rico-pr\u00e1ticas, sendo necess\u00e1ria a realiza\u00e7\u00e3o de um <strong>Trabalho de Conclus\u00e3o de Resid\u00eancia (TCR)<\/strong> para a certifica\u00e7\u00e3o.<\/p>\n\n\n\n<h2 class=\"wp-block-heading\" id=\"h-conquiste-a-aprovacao-e-acompanhe-mais-conteudos\"><span class=\"ez-toc-section\" id=\"Conquiste_a_aprovacao_e_acompanhe_mais_conteudos\"><\/span><strong>Conquiste a aprova\u00e7\u00e3o e acompanhe mais conte\u00fados!<\/strong><span class=\"ez-toc-section-end\"><\/span><\/h2>\n\n\n\n<p>Gostou da novidade? Continue acompanhando o blog do Grupo MedCof para ficar por dentro das principais\u00a0<strong>not\u00edcias sobre resid\u00eancia m\u00e9dica, editais e oportunidades que podem transformar sua carreira!<\/strong><\/p>\n\n\n\n<figure class=\"wp-block-embed is-type-video is-provider-youtube wp-block-embed-youtube wp-embed-aspect-16-9 wp-has-aspect-ratio\"><div class=\"wp-block-embed__wrapper\">\n<div class=\"youtube-embed\" data-video_id=\"TJHQp2FK04E\"><iframe loading=\"lazy\" title=\"Como Funciona o M\u00e9todo Cl\u00ednico Centrado na Pessoa? Saiba Tudo! Com Dr. Carlos Rafael\" width=\"696\" height=\"392\" src=\"https:\/\/www.youtube.com\/embed\/TJHQp2FK04E?feature=oembed&#038;enablejsapi=1\" frameborder=\"0\" allow=\"accelerometer; autoplay; clipboard-write; encrypted-media; gyroscope; picture-in-picture; web-share\" referrerpolicy=\"strict-origin-when-cross-origin\" allowfullscreen><\/iframe><\/div>\n<\/div><\/figure>\n","protected":false},"excerpt":{"rendered":"<p>Saiba tudo sobre resid\u00eancia multiprofissional em sa\u00fade: especialidades, processos seletivos, caracteriza\u00e7\u00f5es e muito mais! <\/p>\n","protected":false},"author":22,"featured_media":40151,"comment_status":"closed","ping_status":"closed","sticky":false,"template":"","format":"standard","meta":{"footnotes":""},"categories":[55,213,2443],"tags":[1490,2311,1514,805,15],"ppma_author":[3621],"class_list":{"0":"post-40137","1":"post","2":"type-post","3":"status-publish","4":"format-standard","5":"has-post-thumbnail","7":"category-carreira-medica","8":"category-concurso-publico","9":"category-especialidades","10":"tag-especialidades","11":"tag-especializacao","12":"tag-residencia","13":"tag-sus","14":"tag-usp"},"yoast_head":"<!-- This site is optimized with the Yoast SEO Premium plugin v24.3 (Yoast SEO v27.5) - https:\/\/yoast.com\/product\/yoast-seo-premium-wordpress\/ -->\n<title>Resid\u00eancia multiprofissional: o que \u00e9, principais especialidades e concursos. - Blog de Medcof: conte\u00fados, editais, revalida e mais!<\/title>\n<meta name=\"description\" content=\"Saiba tudo sobre resid\u00eancia multiprofissional em sa\u00fade: especialidades, processos seletivos, caracteriza\u00e7\u00f5es e muito mais!\" \/>\n<meta name=\"robots\" content=\"index, follow, max-snippet:-1, max-image-preview:large, max-video-preview:-1\" \/>\n<link rel=\"canonical\" href=\"https:\/\/www.grupomedcof.com.br\/blog\/residencia-multiprofissional-em-saude\/\" \/>\n<meta property=\"og:locale\" content=\"pt_BR\" \/>\n<meta property=\"og:type\" content=\"article\" \/>\n<meta property=\"og:title\" content=\"Resid\u00eancia multiprofissional: o que \u00e9, principais especialidades e concursos.\" \/>\n<meta property=\"og:description\" content=\"Saiba tudo sobre resid\u00eancia multiprofissional em sa\u00fade: especialidades, processos seletivos, caracteriza\u00e7\u00f5es e muito mais!\" \/>\n<meta property=\"og:url\" content=\"https:\/\/www.grupomedcof.com.br\/blog\/residencia-multiprofissional-em-saude\/\" \/>\n<meta property=\"og:site_name\" content=\"Blog de Medcof: conte\u00fados, editais, revalida e mais!\" \/>\n<meta property=\"article:publisher\" content=\"https:\/\/www.facebook.com\/MedCofQbank\/\" \/>\n<meta property=\"article:published_time\" content=\"2025-12-12T23:19:36+00:00\" \/>\n<meta property=\"article:modified_time\" content=\"2025-12-12T23:19:38+00:00\" \/>\n<meta property=\"og:image\" content=\"https:\/\/www.grupomedcof.com.br\/blog\/wp-content\/uploads\/2025\/12\/Modelo-instituicoes-6-scaled.jpg\" \/>\n\t<meta property=\"og:image:width\" content=\"2560\" \/>\n\t<meta property=\"og:image:height\" content=\"1440\" \/>\n\t<meta property=\"og:image:type\" content=\"image\/jpeg\" \/>\n<meta name=\"author\" content=\"Ettore Falcone\" \/>\n<meta name=\"twitter:card\" content=\"summary_large_image\" \/>\n<meta name=\"twitter:label1\" content=\"Escrito por\" \/>\n\t<meta name=\"twitter:data1\" content=\"Ettore Falcone\" \/>\n\t<meta name=\"twitter:label2\" content=\"Est. tempo de leitura\" \/>\n\t<meta name=\"twitter:data2\" content=\"6 minutos\" \/>\n<script type=\"application\/ld+json\" class=\"yoast-schema-graph\">{\"@context\":\"https:\\\/\\\/schema.org\",\"@graph\":[{\"@type\":\"Article\",\"@id\":\"https:\\\/\\\/www.grupomedcof.com.br\\\/blog\\\/residencia-multiprofissional-em-saude\\\/#article\",\"isPartOf\":{\"@id\":\"https:\\\/\\\/www.grupomedcof.com.br\\\/blog\\\/residencia-multiprofissional-em-saude\\\/\"},\"author\":{\"name\":\"Ettore Falcone\",\"@id\":\"https:\\\/\\\/www.grupomedcof.com.br\\\/blog\\\/#\\\/schema\\\/person\\\/ad0add4bd130988a15b8256e3db09359\"},\"headline\":\"Resid\u00eancia multiprofissional: o que \u00e9, principais especialidades e concursos.\",\"datePublished\":\"2025-12-12T23:19:36+00:00\",\"dateModified\":\"2025-12-12T23:19:38+00:00\",\"mainEntityOfPage\":{\"@id\":\"https:\\\/\\\/www.grupomedcof.com.br\\\/blog\\\/residencia-multiprofissional-em-saude\\\/\"},\"wordCount\":1140,\"publisher\":{\"@id\":\"https:\\\/\\\/www.grupomedcof.com.br\\\/blog\\\/#organization\"},\"image\":{\"@id\":\"https:\\\/\\\/www.grupomedcof.com.br\\\/blog\\\/residencia-multiprofissional-em-saude\\\/#primaryimage\"},\"thumbnailUrl\":\"https:\\\/\\\/www.grupomedcof.com.br\\\/blog\\\/wp-content\\\/uploads\\\/2025\\\/12\\\/Modelo-instituicoes-6-scaled.jpg\",\"keywords\":[\"Especialidades\",\"especializa\u00e7\u00e3o\",\"Resid\u00eancia\",\"SUS\",\"USP\"],\"articleSection\":[\"Carreira M\u00e9dica\",\"Concurso P\u00fablico\",\"Especialidades\"],\"inLanguage\":\"pt-BR\"},{\"@type\":\"WebPage\",\"@id\":\"https:\\\/\\\/www.grupomedcof.com.br\\\/blog\\\/residencia-multiprofissional-em-saude\\\/\",\"url\":\"https:\\\/\\\/www.grupomedcof.com.br\\\/blog\\\/residencia-multiprofissional-em-saude\\\/\",\"name\":\"Resid\u00eancia multiprofissional: o que \u00e9, principais especialidades e concursos. - Blog de Medcof: conte\u00fados, editais, revalida e mais!\",\"isPartOf\":{\"@id\":\"https:\\\/\\\/www.grupomedcof.com.br\\\/blog\\\/#website\"},\"primaryImageOfPage\":{\"@id\":\"https:\\\/\\\/www.grupomedcof.com.br\\\/blog\\\/residencia-multiprofissional-em-saude\\\/#primaryimage\"},\"image\":{\"@id\":\"https:\\\/\\\/www.grupomedcof.com.br\\\/blog\\\/residencia-multiprofissional-em-saude\\\/#primaryimage\"},\"thumbnailUrl\":\"https:\\\/\\\/www.grupomedcof.com.br\\\/blog\\\/wp-content\\\/uploads\\\/2025\\\/12\\\/Modelo-instituicoes-6-scaled.jpg\",\"datePublished\":\"2025-12-12T23:19:36+00:00\",\"dateModified\":\"2025-12-12T23:19:38+00:00\",\"description\":\"Saiba tudo sobre resid\u00eancia multiprofissional em sa\u00fade: especialidades, processos seletivos, caracteriza\u00e7\u00f5es e muito mais!\",\"breadcrumb\":{\"@id\":\"https:\\\/\\\/www.grupomedcof.com.br\\\/blog\\\/residencia-multiprofissional-em-saude\\\/#breadcrumb\"},\"inLanguage\":\"pt-BR\",\"potentialAction\":[{\"@type\":\"ReadAction\",\"target\":[\"https:\\\/\\\/www.grupomedcof.com.br\\\/blog\\\/residencia-multiprofissional-em-saude\\\/\"]}]},{\"@type\":\"ImageObject\",\"inLanguage\":\"pt-BR\",\"@id\":\"https:\\\/\\\/www.grupomedcof.com.br\\\/blog\\\/residencia-multiprofissional-em-saude\\\/#primaryimage\",\"url\":\"https:\\\/\\\/www.grupomedcof.com.br\\\/blog\\\/wp-content\\\/uploads\\\/2025\\\/12\\\/Modelo-instituicoes-6-scaled.jpg\",\"contentUrl\":\"https:\\\/\\\/www.grupomedcof.com.br\\\/blog\\\/wp-content\\\/uploads\\\/2025\\\/12\\\/Modelo-instituicoes-6-scaled.jpg\",\"width\":2560,\"height\":1440,\"caption\":\"imagem mostra uma profissional da sa\u00fade preenchendo um formul\u00e1rio enquanto uma paciete ao lado acompanha.\"},{\"@type\":\"BreadcrumbList\",\"@id\":\"https:\\\/\\\/www.grupomedcof.com.br\\\/blog\\\/residencia-multiprofissional-em-saude\\\/#breadcrumb\",\"itemListElement\":[{\"@type\":\"ListItem\",\"position\":1,\"name\":\"In\u00edcio\",\"item\":\"https:\\\/\\\/www.grupomedcof.com.br\\\/blog\\\/\"},{\"@type\":\"ListItem\",\"position\":2,\"name\":\"Resid\u00eancia multiprofissional: o que \u00e9, principais especialidades e concursos.\"}]},{\"@type\":\"WebSite\",\"@id\":\"https:\\\/\\\/www.grupomedcof.com.br\\\/blog\\\/#website\",\"url\":\"https:\\\/\\\/www.grupomedcof.com.br\\\/blog\\\/\",\"name\":\"Blog de Medcof: conte\u00fados, editais, revalida e mais!\",\"description\":\"Acesso o blog de MedCof! Seu portal de conte\u00fados sobre resid\u00eancia m\u00e9dica, an\u00e1lise e editais e muito mais. Clique e confira!\",\"publisher\":{\"@id\":\"https:\\\/\\\/www.grupomedcof.com.br\\\/blog\\\/#organization\"},\"alternateName\":\"Blog de Medcof: conte\u00fados, editais, revalida e mais!\",\"potentialAction\":[{\"@type\":\"SearchAction\",\"target\":{\"@type\":\"EntryPoint\",\"urlTemplate\":\"https:\\\/\\\/www.grupomedcof.com.br\\\/blog\\\/?s={search_term_string}\"},\"query-input\":{\"@type\":\"PropertyValueSpecification\",\"valueRequired\":true,\"valueName\":\"search_term_string\"}}],\"inLanguage\":\"pt-BR\"},{\"@type\":\"Organization\",\"@id\":\"https:\\\/\\\/www.grupomedcof.com.br\\\/blog\\\/#organization\",\"name\":\"Grupo MedCof\",\"url\":\"https:\\\/\\\/www.grupomedcof.com.br\\\/blog\\\/\",\"logo\":{\"@type\":\"ImageObject\",\"inLanguage\":\"pt-BR\",\"@id\":\"https:\\\/\\\/www.grupomedcof.com.br\\\/blog\\\/#\\\/schema\\\/logo\\\/image\\\/\",\"url\":\"https:\\\/\\\/www.grupomedcof.com.br\\\/blog\\\/wp-content\\\/uploads\\\/2022\\\/01\\\/logo-medcof.png\",\"contentUrl\":\"https:\\\/\\\/www.grupomedcof.com.br\\\/blog\\\/wp-content\\\/uploads\\\/2022\\\/01\\\/logo-medcof.png\",\"width\":768,\"height\":269,\"caption\":\"Grupo MedCof\"},\"image\":{\"@id\":\"https:\\\/\\\/www.grupomedcof.com.br\\\/blog\\\/#\\\/schema\\\/logo\\\/image\\\/\"},\"sameAs\":[\"https:\\\/\\\/www.facebook.com\\\/MedCofQbank\\\/\",\"https:\\\/\\\/www.instagram.com\\\/grupomedcof\\\/\",\"https:\\\/\\\/br.linkedin.com\\\/company\\\/medcof\",\"https:\\\/\\\/www.youtube.com\\\/channel\\\/UCdHMuOHKICxcHwecxN8P-AA\"]},{\"@type\":\"Person\",\"@id\":\"https:\\\/\\\/www.grupomedcof.com.br\\\/blog\\\/#\\\/schema\\\/person\\\/ad0add4bd130988a15b8256e3db09359\",\"name\":\"Ettore Falcone\",\"image\":{\"@type\":\"ImageObject\",\"inLanguage\":\"pt-BR\",\"@id\":\"https:\\\/\\\/www.grupomedcof.com.br\\\/blog\\\/wp-content\\\/uploads\\\/2025\\\/11\\\/cropped-Imagem-do-WhatsApp-de-2025-11-27-as-10.40.59_de7ecb99-96x96.jpgcf2a84df9a5145806f5b1e554c54b779\",\"url\":\"https:\\\/\\\/www.grupomedcof.com.br\\\/blog\\\/wp-content\\\/uploads\\\/2025\\\/11\\\/cropped-Imagem-do-WhatsApp-de-2025-11-27-as-10.40.59_de7ecb99-96x96.jpg\",\"contentUrl\":\"https:\\\/\\\/www.grupomedcof.com.br\\\/blog\\\/wp-content\\\/uploads\\\/2025\\\/11\\\/cropped-Imagem-do-WhatsApp-de-2025-11-27-as-10.40.59_de7ecb99-96x96.jpg\",\"caption\":\"Ettore Falcone\"},\"description\":\"Jornalista formado, apaixonado por gastronomia, cinema e literatura. Sempre interessado em aprender algo novo e descobrir coisas novas todos os dias.\",\"url\":\"https:\\\/\\\/www.grupomedcof.com.br\\\/blog\\\/author\\\/ettore-falcone\\\/\"}]}<\/script>\n<!-- \/ Yoast SEO Premium plugin. -->","yoast_head_json":{"title":"Resid\u00eancia multiprofissional: o que \u00e9, principais especialidades e concursos. - Blog de Medcof: conte\u00fados, editais, revalida e mais!","description":"Saiba tudo sobre resid\u00eancia multiprofissional em sa\u00fade: especialidades, processos seletivos, caracteriza\u00e7\u00f5es e muito mais!","robots":{"index":"index","follow":"follow","max-snippet":"max-snippet:-1","max-image-preview":"max-image-preview:large","max-video-preview":"max-video-preview:-1"},"canonical":"https:\/\/www.grupomedcof.com.br\/blog\/residencia-multiprofissional-em-saude\/","og_locale":"pt_BR","og_type":"article","og_title":"Resid\u00eancia multiprofissional: o que \u00e9, principais especialidades e concursos.","og_description":"Saiba tudo sobre resid\u00eancia multiprofissional em sa\u00fade: especialidades, processos seletivos, caracteriza\u00e7\u00f5es e muito mais!","og_url":"https:\/\/www.grupomedcof.com.br\/blog\/residencia-multiprofissional-em-saude\/","og_site_name":"Blog de Medcof: conte\u00fados, editais, revalida e mais!","article_publisher":"https:\/\/www.facebook.com\/MedCofQbank\/","article_published_time":"2025-12-12T23:19:36+00:00","article_modified_time":"2025-12-12T23:19:38+00:00","og_image":[{"width":2560,"height":1440,"url":"https:\/\/www.grupomedcof.com.br\/blog\/wp-content\/uploads\/2025\/12\/Modelo-instituicoes-6-scaled.jpg","type":"image\/jpeg"}],"author":"Ettore Falcone","twitter_card":"summary_large_image","twitter_misc":{"Escrito por":"Ettore Falcone","Est. tempo de leitura":"6 minutos"},"schema":{"@context":"https:\/\/schema.org","@graph":[{"@type":"Article","@id":"https:\/\/www.grupomedcof.com.br\/blog\/residencia-multiprofissional-em-saude\/#article","isPartOf":{"@id":"https:\/\/www.grupomedcof.com.br\/blog\/residencia-multiprofissional-em-saude\/"},"author":{"name":"Ettore Falcone","@id":"https:\/\/www.grupomedcof.com.br\/blog\/#\/schema\/person\/ad0add4bd130988a15b8256e3db09359"},"headline":"Resid\u00eancia multiprofissional: o que \u00e9, principais especialidades e concursos.","datePublished":"2025-12-12T23:19:36+00:00","dateModified":"2025-12-12T23:19:38+00:00","mainEntityOfPage":{"@id":"https:\/\/www.grupomedcof.com.br\/blog\/residencia-multiprofissional-em-saude\/"},"wordCount":1140,"publisher":{"@id":"https:\/\/www.grupomedcof.com.br\/blog\/#organization"},"image":{"@id":"https:\/\/www.grupomedcof.com.br\/blog\/residencia-multiprofissional-em-saude\/#primaryimage"},"thumbnailUrl":"https:\/\/www.grupomedcof.com.br\/blog\/wp-content\/uploads\/2025\/12\/Modelo-instituicoes-6-scaled.jpg","keywords":["Especialidades","especializa\u00e7\u00e3o","Resid\u00eancia","SUS","USP"],"articleSection":["Carreira M\u00e9dica","Concurso P\u00fablico","Especialidades"],"inLanguage":"pt-BR"},{"@type":"WebPage","@id":"https:\/\/www.grupomedcof.com.br\/blog\/residencia-multiprofissional-em-saude\/","url":"https:\/\/www.grupomedcof.com.br\/blog\/residencia-multiprofissional-em-saude\/","name":"Resid\u00eancia multiprofissional: o que \u00e9, principais especialidades e concursos. - Blog de Medcof: conte\u00fados, editais, revalida e mais!","isPartOf":{"@id":"https:\/\/www.grupomedcof.com.br\/blog\/#website"},"primaryImageOfPage":{"@id":"https:\/\/www.grupomedcof.com.br\/blog\/residencia-multiprofissional-em-saude\/#primaryimage"},"image":{"@id":"https:\/\/www.grupomedcof.com.br\/blog\/residencia-multiprofissional-em-saude\/#primaryimage"},"thumbnailUrl":"https:\/\/www.grupomedcof.com.br\/blog\/wp-content\/uploads\/2025\/12\/Modelo-instituicoes-6-scaled.jpg","datePublished":"2025-12-12T23:19:36+00:00","dateModified":"2025-12-12T23:19:38+00:00","description":"Saiba tudo sobre resid\u00eancia multiprofissional em sa\u00fade: especialidades, processos seletivos, caracteriza\u00e7\u00f5es e muito mais!","breadcrumb":{"@id":"https:\/\/www.grupomedcof.com.br\/blog\/residencia-multiprofissional-em-saude\/#breadcrumb"},"inLanguage":"pt-BR","potentialAction":[{"@type":"ReadAction","target":["https:\/\/www.grupomedcof.com.br\/blog\/residencia-multiprofissional-em-saude\/"]}]},{"@type":"ImageObject","inLanguage":"pt-BR","@id":"https:\/\/www.grupomedcof.com.br\/blog\/residencia-multiprofissional-em-saude\/#primaryimage","url":"https:\/\/www.grupomedcof.com.br\/blog\/wp-content\/uploads\/2025\/12\/Modelo-instituicoes-6-scaled.jpg","contentUrl":"https:\/\/www.grupomedcof.com.br\/blog\/wp-content\/uploads\/2025\/12\/Modelo-instituicoes-6-scaled.jpg","width":2560,"height":1440,"caption":"imagem mostra uma profissional da sa\u00fade preenchendo um formul\u00e1rio enquanto uma paciete ao lado acompanha."},{"@type":"BreadcrumbList","@id":"https:\/\/www.grupomedcof.com.br\/blog\/residencia-multiprofissional-em-saude\/#breadcrumb","itemListElement":[{"@type":"ListItem","position":1,"name":"In\u00edcio","item":"https:\/\/www.grupomedcof.com.br\/blog\/"},{"@type":"ListItem","position":2,"name":"Resid\u00eancia multiprofissional: o que \u00e9, principais especialidades e concursos."}]},{"@type":"WebSite","@id":"https:\/\/www.grupomedcof.com.br\/blog\/#website","url":"https:\/\/www.grupomedcof.com.br\/blog\/","name":"Blog de Medcof: conte\u00fados, editais, revalida e mais!","description":"Acesso o blog de MedCof! Seu portal de conte\u00fados sobre resid\u00eancia m\u00e9dica, an\u00e1lise e editais e muito mais. Clique e confira!","publisher":{"@id":"https:\/\/www.grupomedcof.com.br\/blog\/#organization"},"alternateName":"Blog de Medcof: conte\u00fados, editais, revalida e mais!","potentialAction":[{"@type":"SearchAction","target":{"@type":"EntryPoint","urlTemplate":"https:\/\/www.grupomedcof.com.br\/blog\/?s={search_term_string}"},"query-input":{"@type":"PropertyValueSpecification","valueRequired":true,"valueName":"search_term_string"}}],"inLanguage":"pt-BR"},{"@type":"Organization","@id":"https:\/\/www.grupomedcof.com.br\/blog\/#organization","name":"Grupo MedCof","url":"https:\/\/www.grupomedcof.com.br\/blog\/","logo":{"@type":"ImageObject","inLanguage":"pt-BR","@id":"https:\/\/www.grupomedcof.com.br\/blog\/#\/schema\/logo\/image\/","url":"https:\/\/www.grupomedcof.com.br\/blog\/wp-content\/uploads\/2022\/01\/logo-medcof.png","contentUrl":"https:\/\/www.grupomedcof.com.br\/blog\/wp-content\/uploads\/2022\/01\/logo-medcof.png","width":768,"height":269,"caption":"Grupo MedCof"},"image":{"@id":"https:\/\/www.grupomedcof.com.br\/blog\/#\/schema\/logo\/image\/"},"sameAs":["https:\/\/www.facebook.com\/MedCofQbank\/","https:\/\/www.instagram.com\/grupomedcof\/","https:\/\/br.linkedin.com\/company\/medcof","https:\/\/www.youtube.com\/channel\/UCdHMuOHKICxcHwecxN8P-AA"]},{"@type":"Person","@id":"https:\/\/www.grupomedcof.com.br\/blog\/#\/schema\/person\/ad0add4bd130988a15b8256e3db09359","name":"Ettore Falcone","image":{"@type":"ImageObject","inLanguage":"pt-BR","@id":"https:\/\/www.grupomedcof.com.br\/blog\/wp-content\/uploads\/2025\/11\/cropped-Imagem-do-WhatsApp-de-2025-11-27-as-10.40.59_de7ecb99-96x96.jpgcf2a84df9a5145806f5b1e554c54b779","url":"https:\/\/www.grupomedcof.com.br\/blog\/wp-content\/uploads\/2025\/11\/cropped-Imagem-do-WhatsApp-de-2025-11-27-as-10.40.59_de7ecb99-96x96.jpg","contentUrl":"https:\/\/www.grupomedcof.com.br\/blog\/wp-content\/uploads\/2025\/11\/cropped-Imagem-do-WhatsApp-de-2025-11-27-as-10.40.59_de7ecb99-96x96.jpg","caption":"Ettore Falcone"},"description":"Jornalista formado, apaixonado por gastronomia, cinema e literatura. Sempre interessado em aprender algo novo e descobrir coisas novas todos os dias.","url":"https:\/\/www.grupomedcof.com.br\/blog\/author\/ettore-falcone\/"}]}},"authors":[{"term_id":3621,"user_id":22,"is_guest":0,"slug":"ettore-falcone","display_name":"Ettore Falcone","avatar_url":"https:\/\/www.grupomedcof.com.br\/blog\/wp-content\/uploads\/2025\/11\/cropped-Imagem-do-WhatsApp-de-2025-11-27-as-10.40.59_de7ecb99-96x96.jpg","0":null,"1":"","2":"","3":"","4":"","5":"","6":"","7":"","8":""}],"_links":{"self":[{"href":"https:\/\/www.grupomedcof.com.br\/blog\/wp-json\/wp\/v2\/posts\/40137","targetHints":{"allow":["GET"]}}],"collection":[{"href":"https:\/\/www.grupomedcof.com.br\/blog\/wp-json\/wp\/v2\/posts"}],"about":[{"href":"https:\/\/www.grupomedcof.com.br\/blog\/wp-json\/wp\/v2\/types\/post"}],"author":[{"embeddable":true,"href":"https:\/\/www.grupomedcof.com.br\/blog\/wp-json\/wp\/v2\/users\/22"}],"replies":[{"embeddable":true,"href":"https:\/\/www.grupomedcof.com.br\/blog\/wp-json\/wp\/v2\/comments?post=40137"}],"version-history":[{"count":2,"href":"https:\/\/www.grupomedcof.com.br\/blog\/wp-json\/wp\/v2\/posts\/40137\/revisions"}],"predecessor-version":[{"id":40163,"href":"https:\/\/www.grupomedcof.com.br\/blog\/wp-json\/wp\/v2\/posts\/40137\/revisions\/40163"}],"wp:featuredmedia":[{"embeddable":true,"href":"https:\/\/www.grupomedcof.com.br\/blog\/wp-json\/wp\/v2\/media\/40151"}],"wp:attachment":[{"href":"https:\/\/www.grupomedcof.com.br\/blog\/wp-json\/wp\/v2\/media?parent=40137"}],"wp:term":[{"taxonomy":"category","embeddable":true,"href":"https:\/\/www.grupomedcof.com.br\/blog\/wp-json\/wp\/v2\/categories?post=40137"},{"taxonomy":"post_tag","embeddable":true,"href":"https:\/\/www.grupomedcof.com.br\/blog\/wp-json\/wp\/v2\/tags?post=40137"},{"taxonomy":"author","embeddable":true,"href":"https:\/\/www.grupomedcof.com.br\/blog\/wp-json\/wp\/v2\/ppma_author?post=40137"}],"curies":[{"name":"wp","href":"https:\/\/api.w.org\/{rel}","templated":true}]}}