{"id":40733,"date":"2026-01-18T18:00:00","date_gmt":"2026-01-18T21:00:00","guid":{"rendered":"https:\/\/www.grupomedcof.com.br\/blog\/?p=40733"},"modified":"2026-01-16T15:33:50","modified_gmt":"2026-01-16T18:33:50","slug":"raciocinio-clinico","status":"publish","type":"post","link":"https:\/\/www.grupomedcof.com.br\/blog\/raciocinio-clinico\/","title":{"rendered":"Racioc\u00ednio Cl\u00ednico: como desenvolver e aplicar na pr\u00e1tica m\u00e9dica"},"content":{"rendered":"<div id=\"ez-toc-container\" class=\"ez-toc-v2_0_74 counter-hierarchy ez-toc-counter ez-toc-transparent ez-toc-container-direction\">\n<div class=\"ez-toc-title-container\">\n<p class=\"ez-toc-title\" style=\"cursor:inherit\">Sum\u00e1rio<\/p>\n<span class=\"ez-toc-title-toggle\"><a href=\"#\" class=\"ez-toc-pull-right ez-toc-btn ez-toc-btn-xs ez-toc-btn-default ez-toc-toggle\" aria-label=\"Alternar tabela de conte\u00fado\"><span class=\"ez-toc-js-icon-con\"><span class=\"\"><span class=\"eztoc-hide\" style=\"display:none;\">Toggle<\/span><span class=\"ez-toc-icon-toggle-span\"><svg style=\"fill: #999;color:#999\" xmlns=\"http:\/\/www.w3.org\/2000\/svg\" class=\"list-377408\" width=\"20px\" height=\"20px\" viewBox=\"0 0 24 24\" fill=\"none\"><path d=\"M6 6H4v2h2V6zm14 0H8v2h12V6zM4 11h2v2H4v-2zm16 0H8v2h12v-2zM4 16h2v2H4v-2zm16 0H8v2h12v-2z\" fill=\"currentColor\"><\/path><\/svg><svg style=\"fill: #999;color:#999\" class=\"arrow-unsorted-368013\" xmlns=\"http:\/\/www.w3.org\/2000\/svg\" width=\"10px\" height=\"10px\" viewBox=\"0 0 24 24\" version=\"1.2\" baseProfile=\"tiny\"><path d=\"M18.2 9.3l-6.2-6.3-6.2 6.3c-.2.2-.3.4-.3.7s.1.5.3.7c.2.2.4.3.7.3h11c.3 0 .5-.1.7-.3.2-.2.3-.5.3-.7s-.1-.5-.3-.7zM5.8 14.7l6.2 6.3 6.2-6.3c.2-.2.3-.5.3-.7s-.1-.5-.3-.7c-.2-.2-.4-.3-.7-.3h-11c-.3 0-.5.1-.7.3-.2.2-.3.5-.3.7s.1.5.3.7z\"\/><\/svg><\/span><\/span><\/span><\/a><\/span><\/div>\n<nav><ul class='ez-toc-list ez-toc-list-level-1 ' ><li class='ez-toc-page-1 ez-toc-heading-level-2'><a class=\"ez-toc-link ez-toc-heading-1\" href=\"https:\/\/www.grupomedcof.com.br\/blog\/raciocinio-clinico\/#O_que_e_raciocinio_clinico_e_por_que_ele_e_essencial_na_medicina\" >O que \u00e9 racioc\u00ednio cl\u00ednico e por que ele \u00e9 essencial na medicina?<\/a><\/li><li class='ez-toc-page-1 ez-toc-heading-level-2'><a class=\"ez-toc-link ez-toc-heading-2\" href=\"https:\/\/www.grupomedcof.com.br\/blog\/raciocinio-clinico\/#Quais_sao_as_etapas_do_raciocinio_clinico\" >Quais s\u00e3o as etapas do racioc\u00ednio cl\u00ednico?<\/a><\/li><li class='ez-toc-page-1 ez-toc-heading-level-2'><a class=\"ez-toc-link ez-toc-heading-3\" href=\"https:\/\/www.grupomedcof.com.br\/blog\/raciocinio-clinico\/#Quais_sao_os_fatores_que_influenciam_o_raciocinio_clinico\" >Quais s\u00e3o os fatores que influenciam o racioc\u00ednio cl\u00ednico?<\/a><\/li><li class='ez-toc-page-1 ez-toc-heading-level-2'><a class=\"ez-toc-link ez-toc-heading-4\" href=\"https:\/\/www.grupomedcof.com.br\/blog\/raciocinio-clinico\/#Quais_sao_os_tipos_de_raciocinio_clinico\" >Quais s\u00e3o os tipos de racioc\u00ednio cl\u00ednico?<\/a><\/li><li class='ez-toc-page-1 ez-toc-heading-level-2'><a class=\"ez-toc-link ez-toc-heading-5\" href=\"https:\/\/www.grupomedcof.com.br\/blog\/raciocinio-clinico\/#Como_desenvolver_o_raciocinio_clinico\" >Como desenvolver o racioc\u00ednio cl\u00ednico?<\/a><\/li><li class='ez-toc-page-1 ez-toc-heading-level-2'><a class=\"ez-toc-link ez-toc-heading-6\" href=\"https:\/\/www.grupomedcof.com.br\/blog\/raciocinio-clinico\/#Como_aprimorar_o_raciocinio_clinico\" >Como aprimorar o racioc\u00ednio cl\u00ednico?<\/a><\/li><li class='ez-toc-page-1 ez-toc-heading-level-2'><a class=\"ez-toc-link ez-toc-heading-7\" href=\"https:\/\/www.grupomedcof.com.br\/blog\/raciocinio-clinico\/#Erros_comuns_no_raciocinio_clinico_e_como_evita-los\" >Erros comuns no racioc\u00ednio cl\u00ednico e como evit\u00e1-los<\/a><\/li><li class='ez-toc-page-1 ez-toc-heading-level-2'><a class=\"ez-toc-link ez-toc-heading-8\" href=\"https:\/\/www.grupomedcof.com.br\/blog\/raciocinio-clinico\/#Impulsione_a_sua_carreira_medica_com_a_MedCof\" >Impulsione a sua carreira m\u00e9dica com a MedCof<\/a><\/li><\/ul><\/nav><\/div>\n\n<figure class=\"wp-block-image size-large\"><img loading=\"lazy\" decoding=\"async\" width=\"1024\" height=\"576\" src=\"https:\/\/www.grupomedcof.com.br\/blog\/wp-content\/uploads\/2026\/01\/Blog-MedCof-2026-01-16T153202.092-1024x576.jpg\" alt=\"\" class=\"wp-image-40734\" srcset=\"https:\/\/www.grupomedcof.com.br\/blog\/wp-content\/uploads\/2026\/01\/Blog-MedCof-2026-01-16T153202.092-1024x576.jpg 1024w, https:\/\/www.grupomedcof.com.br\/blog\/wp-content\/uploads\/2026\/01\/Blog-MedCof-2026-01-16T153202.092-300x169.jpg 300w, https:\/\/www.grupomedcof.com.br\/blog\/wp-content\/uploads\/2026\/01\/Blog-MedCof-2026-01-16T153202.092-768x432.jpg 768w, https:\/\/www.grupomedcof.com.br\/blog\/wp-content\/uploads\/2026\/01\/Blog-MedCof-2026-01-16T153202.092-1536x864.jpg 1536w, https:\/\/www.grupomedcof.com.br\/blog\/wp-content\/uploads\/2026\/01\/Blog-MedCof-2026-01-16T153202.092-747x420.jpg 747w, https:\/\/www.grupomedcof.com.br\/blog\/wp-content\/uploads\/2026\/01\/Blog-MedCof-2026-01-16T153202.092-150x84.jpg 150w, https:\/\/www.grupomedcof.com.br\/blog\/wp-content\/uploads\/2026\/01\/Blog-MedCof-2026-01-16T153202.092-696x392.jpg 696w, https:\/\/www.grupomedcof.com.br\/blog\/wp-content\/uploads\/2026\/01\/Blog-MedCof-2026-01-16T153202.092-1068x601.jpg 1068w, https:\/\/www.grupomedcof.com.br\/blog\/wp-content\/uploads\/2026\/01\/Blog-MedCof-2026-01-16T153202.092.jpg 1920w\" sizes=\"auto, (max-width: 1024px) 100vw, 1024px\" \/><\/figure>\n\n\n\n<p><strong>Racioc\u00ednio cl\u00ednico<\/strong> \u00e9 o <strong>processo cognitivo utilizado pelo m\u00e9dico para coletar, analisar e interpretar informa\u00e7\u00f5es do paciente<\/strong>, integrando dados cl\u00ednicos, conhecimento cient\u00edfico e experi\u00eancia para <strong>formular hip\u00f3teses diagn\u00f3sticas e tomar decis\u00f5es seguras<\/strong>. Ele \u00e9 essencial para garantir <strong>diagn\u00f3sticos precisos<\/strong>, <strong>condutas adequadas<\/strong> e <strong>melhor desfecho cl\u00ednico<\/strong>, sendo uma das compet\u00eancias centrais da pr\u00e1tica m\u00e9dica.<\/p>\n\n\n\n<h2 class=\"wp-block-heading\" id=\"h-o-que-e-raciocinio-clinico-e-por-que-ele-e-essencial-na-medicina\"><span class=\"ez-toc-section\" id=\"O_que_e_raciocinio_clinico_e_por_que_ele_e_essencial_na_medicina\"><\/span><strong>O que \u00e9 racioc\u00ednio cl\u00ednico e por que ele \u00e9 essencial na medicina?<\/strong><span class=\"ez-toc-section-end\"><\/span><\/h2>\n\n\n\n<p>O racioc\u00ednio cl\u00ednico pode ser definido como um <strong>processo cognitivo estruturado que permite ao m\u00e9dico integrar informa\u00e7\u00f5es cl\u00ednicas, conhecimento cient\u00edfico e experi\u00eancia pr\u00e9via<\/strong> para <strong>formular hip\u00f3teses diagn\u00f3sticas, confirmar ou refutar possibilidades e definir a melhor conduta terap\u00eautica<\/strong> para cada paciente. Trata-se de uma habilidade complexa, din\u00e2mica e central \u00e0 pr\u00e1tica m\u00e9dica, presente em todas as etapas do cuidado em sa\u00fade.<\/p>\n\n\n\n<p>Diferentemente do <a href=\"https:\/\/www.grupomedcof.com.br\/blog\/55-especialidades-medicas\/\" target=\"_blank\" rel=\"noreferrer noopener\"><strong>conhecimento m\u00e9dico te\u00f3rico<\/strong><\/a>, que envolve a memoriza\u00e7\u00e3o de conceitos, diretrizes e protocolos, o racioc\u00ednio cl\u00ednico diz respeito \u00e0 <strong>aplica\u00e7\u00e3o pr\u00e1tica desse conhecimento em situa\u00e7\u00f5es reais<\/strong>, muitas vezes marcadas por incertezas, informa\u00e7\u00f5es incompletas e m\u00faltiplas vari\u00e1veis. Saber o conte\u00fado \u00e9 fundamental, mas \u00e9 o racioc\u00ednio cl\u00ednico que permite <strong>interpretar sinais e sintomas no contexto do paciente<\/strong> e transformar teoria em decis\u00e3o cl\u00ednica efetiva.<\/p>\n\n\n\n<p>Sua import\u00e2ncia \u00e9 refor\u00e7ada pelo impacto direto na <strong>redu\u00e7\u00e3o de erros diagn\u00f3sticos<\/strong>, que representam uma das principais causas de eventos adversos na medicina. Estudos internacionais apontam que <strong>erros de diagn\u00f3stico podem ocorrer em at\u00e9 10\u201315% dos atendimentos cl\u00ednicos<\/strong>, frequentemente associados a falhas no processo de racioc\u00ednio, como vieses cognitivos ou interpreta\u00e7\u00e3o inadequada dos dados dispon\u00edveis.Al\u00e9m do diagn\u00f3stico, o racioc\u00ednio cl\u00ednico influencia <strong>todas as dimens\u00f5es da pr\u00e1tica m\u00e9dica<\/strong>, incluindo a solicita\u00e7\u00e3o racional de exames, a defini\u00e7\u00e3o do tratamento mais adequado, o acompanhamento evolutivo do paciente e a tomada de decis\u00f5es em situa\u00e7\u00f5es complexas ou emergenciais. Dessa forma, ele \u00e9 essencial para uma medicina mais <strong>segura, eficiente e centrada no paciente<\/strong>.<\/p>\n\n\n\n<h2 class=\"wp-block-heading\" id=\"h-quais-sao-as-etapas-do-raciocinio-clinico\"><span class=\"ez-toc-section\" id=\"Quais_sao_as_etapas_do_raciocinio_clinico\"><\/span><strong>Quais s\u00e3o as etapas do racioc\u00ednio cl\u00ednico?<\/strong><span class=\"ez-toc-section-end\"><\/span><\/h2>\n\n\n\n<p>O racioc\u00ednio cl\u00ednico ocorre por meio de um <strong>processo estruturado e sequencial<\/strong>, que orienta o m\u00e9dico desde o primeiro contato com o paciente at\u00e9 a tomada de decis\u00e3o final. Entender <strong>como funciona o processo do racioc\u00ednio cl\u00ednico<\/strong> \u00e9 fundamental para aprimorar a pr\u00e1tica e reduzir falhas cognitivas. De forma geral, esse processo pode ser dividido nas seguintes etapas:<\/p>\n\n\n\n<ol class=\"wp-block-list\">\n<li><strong>Coleta de informa\u00e7\u00f5es cl\u00ednicas<\/strong><strong><br><\/strong> Envolve a anamnese, o exame f\u00edsico e a an\u00e1lise do contexto do paciente, reunindo dados relevantes sobre sintomas, hist\u00f3rico, fatores de risco e achados objetivos.<\/li>\n\n\n\n<li><strong>Organiza\u00e7\u00e3o e interpreta\u00e7\u00e3o dos dados<\/strong><strong><br><\/strong> Nesta fase, o m\u00e9dico seleciona as informa\u00e7\u00f5es mais relevantes, identifica padr\u00f5es cl\u00ednicos e come\u00e7a a relacionar os achados com poss\u00edveis diagn\u00f3sticos.<\/li>\n\n\n\n<li><strong>Formula\u00e7\u00e3o de hip\u00f3teses diagn\u00f3sticas<\/strong><strong><br><\/strong> A partir da interpreta\u00e7\u00e3o dos dados, s\u00e3o levantadas hip\u00f3teses que explicam o quadro cl\u00ednico, considerando diagn\u00f3sticos diferenciais prov\u00e1veis e menos prov\u00e1veis.<\/li>\n\n\n\n<li><strong>Testagem das hip\u00f3teses<\/strong><strong><br><\/strong> Consiste na solicita\u00e7\u00e3o e interpreta\u00e7\u00e3o de exames complementares, bem como na reavalia\u00e7\u00e3o cl\u00ednica, com o objetivo de confirmar ou excluir hip\u00f3teses levantadas.<\/li>\n\n\n\n<li><strong>Tomada de decis\u00e3o cl\u00ednica<\/strong><strong><br><\/strong> Etapa final, na qual o m\u00e9dico define o diagn\u00f3stico mais prov\u00e1vel e estabelece a <strong>conduta terap\u00eautica mais adequada<\/strong>, considerando evid\u00eancias cient\u00edficas, riscos, benef\u00edcios e caracter\u00edsticas individuais do paciente.<\/li>\n<\/ol>\n\n\n\n<h2 class=\"wp-block-heading\" id=\"h-quais-sao-os-fatores-que-influenciam-o-raciocinio-clinico\"><span class=\"ez-toc-section\" id=\"Quais_sao_os_fatores_que_influenciam_o_raciocinio_clinico\"><\/span><strong>Quais s\u00e3o os fatores que influenciam o racioc\u00ednio cl\u00ednico?<\/strong><span class=\"ez-toc-section-end\"><\/span><\/h2>\n\n\n\n<p>O racioc\u00ednio cl\u00ednico n\u00e3o ocorre de forma isolada. Ele \u00e9 influenciado por m\u00faltiplos fatores relacionados ao paciente, ao profissional e ao ambiente de atendimento. Compreender esses elementos \u00e9 essencial para reconhecer potenciais limita\u00e7\u00f5es e aprimorar a tomada de decis\u00e3o m\u00e9dica. Entre os principais fatores, destacam-se:<\/p>\n\n\n\n<ul class=\"wp-block-list\">\n<li><strong>Contexto do atendimento: <\/strong>\u00a0Situa\u00e7\u00f5es de urg\u00eancia, sobrecarga de trabalho, tempo reduzido para avalia\u00e7\u00e3o e press\u00e3o emocional podem impactar a qualidade do racioc\u00ednio cl\u00ednico.<\/li>\n\n\n\n<li><strong>Caracter\u00edsticas do paciente: <\/strong>Idade, comorbidades, uso de m\u00faltiplos medicamentos, complexidade do quadro cl\u00ednico e dificuldade de comunica\u00e7\u00e3o influenciam diretamente a interpreta\u00e7\u00e3o dos dados.<\/li>\n\n\n\n<li><strong>Experi\u00eancia cl\u00ednica do m\u00e9dico: <\/strong>Profissionais mais experientes tendem a reconhecer padr\u00f5es com maior facilidade, enquanto m\u00e9dicos em forma\u00e7\u00e3o utilizam mais abordagens anal\u00edticas e estruturadas.<\/li>\n\n\n\n<li><strong>Conhecimento cient\u00edfico atualizado:<\/strong> A familiaridade com diretrizes, evid\u00eancias recentes e protocolos cl\u00ednicos contribui para decis\u00f5es mais seguras e embasadas.<\/li>\n\n\n\n<li><strong>Vieses cognitivos: <\/strong>Atalhos mentais, como ancoragem, vi\u00e9s de confirma\u00e7\u00e3o e excesso de confian\u00e7a, podem distorcer o julgamento cl\u00ednico e levar a erros diagn\u00f3sticos.<\/li>\n<\/ul>\n\n\n\n<h2 class=\"wp-block-heading\" id=\"h-quais-sao-os-tipos-de-raciocinio-clinico\"><span class=\"ez-toc-section\" id=\"Quais_sao_os_tipos_de_raciocinio_clinico\"><\/span><strong>Quais s\u00e3o os tipos de racioc\u00ednio cl\u00ednico?<\/strong><span class=\"ez-toc-section-end\"><\/span><\/h2>\n\n\n\n<p>O racioc\u00ednio cl\u00ednico pode ser compreendido a partir de diferentes modelos te\u00f3ricos, sendo os mais conhecidos aqueles baseados na teoria dos <strong>dois sistemas cognitivos<\/strong>, considerados as <strong>principais teorias e modelos de racioc\u00ednio cl\u00ednico<\/strong>.<\/p>\n\n\n\n<p>O <strong>racioc\u00ednio n\u00e3o-anal\u00edtico (Sistema 1)<\/strong> \u00e9 r\u00e1pido, intuitivo e autom\u00e1tico. Ele se baseia no reconhecimento de padr\u00f5es previamente vivenciados e \u00e9 frequentemente utilizado em situa\u00e7\u00f5es comuns ou familiares, como o diagn\u00f3stico de quadros t\u00edpicos vistos repetidamente na pr\u00e1tica cl\u00ednica. Em contextos de emerg\u00eancia, esse tipo de racioc\u00ednio permite decis\u00f5es \u00e1geis, por\u00e9m est\u00e1 mais sujeito a vieses cognitivos.<\/p>\n\n\n\n<p>J\u00e1 o <strong>racioc\u00ednio anal\u00edtico (Sistema 2)<\/strong> \u00e9 mais lento, deliberativo e consciente. Envolve a an\u00e1lise sistem\u00e1tica dos dados, o levantamento estruturado de hip\u00f3teses e a compara\u00e7\u00e3o com o conhecimento cient\u00edfico. Esse modelo \u00e9 mais utilizado em <strong>casos complexos, at\u00edpicos ou quando h\u00e1 incerteza diagn\u00f3stica<\/strong>, reduzindo a probabilidade de erros.Na pr\u00e1tica m\u00e9dica, esses dois sistemas <strong>n\u00e3o atuam de forma isolada<\/strong>, mas de maneira complementar. M\u00e9dicos experientes tendem a alternar entre ambos, utilizando o Sistema 1 para reconhecimento inicial do quadro e o Sistema 2 para validar ou revisar decis\u00f5es quando necess\u00e1rio. A <strong>experi\u00eancia cl\u00ednica<\/strong> desempenha papel fundamental nesse equil\u00edbrio, permitindo maior efici\u00eancia sem comprometer a seguran\u00e7a do paciente.<\/p>\n\n\n\n<h2 class=\"wp-block-heading\" id=\"h-como-desenvolver-o-raciocinio-clinico\"><span class=\"ez-toc-section\" id=\"Como_desenvolver_o_raciocinio_clinico\"><\/span><strong>Como desenvolver o racioc\u00ednio cl\u00ednico?<\/strong><span class=\"ez-toc-section-end\"><\/span><\/h2>\n\n\n\n<p>O desenvolvimento do racioc\u00ednio cl\u00ednico exige pr\u00e1tica deliberada e exposi\u00e7\u00e3o cont\u00ednua a situa\u00e7\u00f5es cl\u00ednicas reais e simuladas. Para estudantes de Medicina, \u00e9 fundamental adotar m\u00e9todos que v\u00e3o al\u00e9m da memoriza\u00e7\u00e3o de conte\u00fados e favore\u00e7am a <strong>integra\u00e7\u00e3o entre teoria e pr\u00e1tica<\/strong>. Algumas estrat\u00e9gias eficazes incluem:<\/p>\n\n\n\n<ul class=\"wp-block-list\">\n<li><strong>Resolu\u00e7\u00e3o sistem\u00e1tica de casos cl\u00ednicos: <\/strong>Analisar casos completos, desde a anamnese at\u00e9 a conduta, estimula a formula\u00e7\u00e3o de hip\u00f3teses, o racioc\u00ednio diagn\u00f3stico e a tomada de decis\u00e3o baseada em evid\u00eancias.<\/li>\n\n\n\n<li><strong>Estudo ativo e baseado em problemas (PBL): <\/strong>Metodologias que partem de problemas cl\u00ednicos reais favorecem o pensamento cr\u00edtico e a aplica\u00e7\u00e3o pr\u00e1tica do conhecimento te\u00f3rico.<\/li>\n\n\n\n<li><strong>Grupos de discuss\u00e3o e clubes de racioc\u00ednio cl\u00ednico: <\/strong>A troca de perspectivas entre colegas e tutores permite identificar diferentes linhas de pensamento, reconhecer vieses e aprimorar a argumenta\u00e7\u00e3o cl\u00ednica, tornando o aprendizado mais profundo e colaborativo.<\/li>\n\n\n\n<li><strong>Simula\u00e7\u00f5es e discuss\u00f5es guiadas: <\/strong>Atividades pr\u00e1ticas com cen\u00e1rios simulados ajudam a desenvolver o racioc\u00ednio cl\u00ednico em ambientes controlados, reduzindo erros e aumentando a seguran\u00e7a.<\/li>\n<\/ul>\n\n\n\n<h2 class=\"wp-block-heading\" id=\"h-como-aprimorar-o-raciocinio-clinico\"><span class=\"ez-toc-section\" id=\"Como_aprimorar_o_raciocinio_clinico\"><\/span><strong>Como aprimorar o racioc\u00ednio cl\u00ednico?<\/strong><span class=\"ez-toc-section-end\"><\/span><\/h2>\n\n\n\n<p>Mesmo ap\u00f3s a forma\u00e7\u00e3o, o racioc\u00ednio cl\u00ednico deve ser continuamente aprimorado para acompanhar a complexidade da pr\u00e1tica m\u00e9dica. Entre as principais estrat\u00e9gias, destacam-se:<\/p>\n\n\n\n<ul class=\"wp-block-list\">\n<li><strong>Revis\u00e3o sistem\u00e1tica de casos atendidos: <\/strong>Refletir sobre decis\u00f5es tomadas, diagn\u00f3sticos confirmados e desfechos cl\u00ednicos ajuda a identificar acertos e oportunidades de melhoria.<\/li>\n\n\n\n<li><strong>Educa\u00e7\u00e3o m\u00e9dica continuada: <\/strong>Participar de cursos, congressos e atualiza\u00e7\u00f5es cient\u00edficas mant\u00e9m o profissional alinhado \u00e0s melhores evid\u00eancias dispon\u00edveis.<\/li>\n\n\n\n<li><strong>Discuss\u00e3o de casos com pares e equipes multiprofissionais: <\/strong>\u00a0O compartilhamento de experi\u00eancias amplia a vis\u00e3o cl\u00ednica e contribui para decis\u00f5es mais seguras.<\/li>\n\n\n\n<li><strong>Uso consciente de protocolos e diretrizes: <\/strong>Diretrizes auxiliam na padroniza\u00e7\u00e3o do cuidado, sem substituir o julgamento cl\u00ednico individual.<\/li>\n\n\n\n<li><strong>Autoconhecimento e reflex\u00e3o sobre vieses cognitivos: <\/strong>Reconhecer limita\u00e7\u00f5es pessoais e padr\u00f5es de pensamento ajuda a reduzir erros de julgamento.<\/li>\n<\/ul>\n\n\n\n<h2 class=\"wp-block-heading\" id=\"h-erros-comuns-no-raciocinio-clinico-e-como-evita-los\"><span class=\"ez-toc-section\" id=\"Erros_comuns_no_raciocinio_clinico_e_como_evita-los\"><\/span><strong>Erros comuns no racioc\u00ednio cl\u00ednico e como evit\u00e1-los<\/strong><span class=\"ez-toc-section-end\"><\/span><\/h2>\n\n\n\n<p>Diversos erros no racioc\u00ednio cl\u00ednico est\u00e3o relacionados a <strong>vieses cognitivos<\/strong>, que funcionam como atalhos mentais e podem comprometer a tomada de decis\u00e3o. Entre os principais, destacam-se:<\/p>\n\n\n\n<ul class=\"wp-block-list\">\n<li><strong>Vi\u00e9s de confirma\u00e7\u00e3o: <\/strong>Tend\u00eancia a buscar ou valorizar apenas informa\u00e7\u00f5es que confirmem a hip\u00f3tese inicial.<br>Como evitar: revisar diagn\u00f3sticos diferenciais e questionar ativamente a hip\u00f3tese principal.<\/li>\n\n\n\n<li><strong>Vi\u00e9s da disponibilidade: <\/strong>Julgamento influenciado por casos recentes ou marcantes, mesmo que sejam menos prov\u00e1veis.<br>Como evitar: basear decis\u00f5es em dados epidemiol\u00f3gicos e crit\u00e9rios cl\u00ednicos objetivos.<\/li>\n\n\n\n<li><strong>Ancoragem:<\/strong> Fixa\u00e7\u00e3o excessiva em uma informa\u00e7\u00e3o inicial, dificultando a revis\u00e3o do diagn\u00f3stico.<br>Como evitar: reavaliar o quadro cl\u00ednico diante de novos achados ou evolu\u00e7\u00e3o desfavor\u00e1vel.<\/li>\n\n\n\n<li><strong>Excesso de confian\u00e7a: <\/strong>Superestima\u00e7\u00e3o da pr\u00f3pria capacidade diagn\u00f3stica.<br>Como evitar: buscar segunda opini\u00e3o e utilizar protocolos quando indicados.<\/li>\n<\/ul>\n\n\n\n<h2 class=\"wp-block-heading\" id=\"h-impulsione-a-sua-carreira-medica-com-a-medcof\"><span class=\"ez-toc-section\" id=\"Impulsione_a_sua_carreira_medica_com_a_MedCof\"><\/span><strong>Impulsione a sua carreira m\u00e9dica com a MedCof<\/strong><span class=\"ez-toc-section-end\"><\/span><\/h2>\n\n\n\n<p>Desenvolver um racioc\u00ednio cl\u00ednico s\u00f3lido \u00e9 indispens\u00e1vel na pr\u00e1tica m\u00e9dica, mas <strong>transformar esse conhecimento em aprova\u00e7\u00e3o na <\/strong><a href=\"https:\/\/www.grupomedcof.com.br\/blog\/categorias\/residencia-medica\/\" target=\"_blank\" rel=\"noreferrer noopener\"><strong>resid\u00eancia m\u00e9dica<\/strong><\/a> exige prepara\u00e7\u00e3o estrat\u00e9gica.\u00a0<\/p>\n\n\n\n<p>A <a href=\"https:\/\/www.grupomedcof.com.br\/home\/\" target=\"_blank\" rel=\"noreferrer noopener\"><strong>MedCof<\/strong> <\/a>se destaca como a parceira ideal nesse desafio, oferecendo <strong>preparat\u00f3rios focados no perfil real das provas<\/strong>, com professores que s\u00e3o <strong>refer\u00eancia nacional<\/strong>, metodologia baseada em resolu\u00e7\u00e3o de quest\u00f5es e <strong>plataforma inteligente<\/strong>, que direciona os estudos conforme o desempenho do aluno. Ao treinar de forma estruturada e orientada, o candidato desenvolve n\u00e3o s\u00f3 conhecimento te\u00f3rico, mas tamb\u00e9m o <strong>racioc\u00ednio cl\u00ednico necess\u00e1rio para conquistar a aprova\u00e7\u00e3o<\/strong>.<\/p>\n\n\n\n<figure class=\"wp-block-embed is-type-video is-provider-youtube wp-block-embed-youtube wp-embed-aspect-16-9 wp-has-aspect-ratio\"><div class=\"wp-block-embed__wrapper\">\n<div class=\"youtube-embed\" data-video_id=\"45SqAgTucv4\"><iframe loading=\"lazy\" title=\"Racioc\u00ednio cl\u00ednico e ferramentas de estudos.\" width=\"696\" height=\"392\" src=\"https:\/\/www.youtube.com\/embed\/45SqAgTucv4?start=16&#038;feature=oembed\" frameborder=\"0\" allow=\"accelerometer; autoplay; clipboard-write; encrypted-media; gyroscope; picture-in-picture; web-share\" referrerpolicy=\"strict-origin-when-cross-origin\" allowfullscreen><\/iframe><\/div>\n<\/div><\/figure>\n","protected":false},"excerpt":{"rendered":"<p>Aprenda o que \u00e9 racioc\u00ednio cl\u00ednico, conhe\u00e7a as principais teorias. Descubra t\u00e9cnicas para aprimorar esta habilidade essencial para diagn\u00f3sticos precisos.<\/p>\n","protected":false},"author":20,"featured_media":40734,"comment_status":"closed","ping_status":"closed","sticky":false,"template":"","format":"standard","meta":{"footnotes":""},"categories":[115],"tags":[],"ppma_author":[3616],"class_list":{"0":"post-40733","1":"post","2":"type-post","3":"status-publish","4":"format-standard","5":"has-post-thumbnail","7":"category-clinica-medica"},"yoast_head":"<!-- This site is optimized with the Yoast SEO Premium plugin v24.3 (Yoast SEO v27.4) - https:\/\/yoast.com\/product\/yoast-seo-premium-wordpress\/ -->\n<title>Racioc\u00ednio Cl\u00ednico: o que \u00e9, tipos e como desenvolver<\/title>\n<meta name=\"description\" content=\"Aprenda o que \u00e9 racioc\u00ednio cl\u00ednico, conhe\u00e7a as principais teorias. Descubra t\u00e9cnicas para aprimorar esta habilidade essencial para diagn\u00f3sticos precisos.\" \/>\n<meta name=\"robots\" content=\"index, follow, max-snippet:-1, max-image-preview:large, max-video-preview:-1\" \/>\n<link rel=\"canonical\" href=\"https:\/\/www.grupomedcof.com.br\/blog\/raciocinio-clinico\/\" \/>\n<meta property=\"og:locale\" content=\"pt_BR\" \/>\n<meta property=\"og:type\" content=\"article\" \/>\n<meta property=\"og:title\" content=\"Racioc\u00ednio Cl\u00ednico: como desenvolver e aplicar na pr\u00e1tica m\u00e9dica\" \/>\n<meta property=\"og:description\" content=\"Aprenda o que \u00e9 racioc\u00ednio cl\u00ednico, conhe\u00e7a as principais teorias. Descubra t\u00e9cnicas para aprimorar esta habilidade essencial para diagn\u00f3sticos precisos.\" \/>\n<meta property=\"og:url\" content=\"https:\/\/www.grupomedcof.com.br\/blog\/raciocinio-clinico\/\" \/>\n<meta property=\"og:site_name\" content=\"Blog de Medcof: conte\u00fados, editais, revalida e mais!\" \/>\n<meta property=\"article:publisher\" content=\"https:\/\/www.facebook.com\/MedCofQbank\/\" \/>\n<meta property=\"article:published_time\" content=\"2026-01-18T21:00:00+00:00\" \/>\n<meta property=\"og:image\" content=\"https:\/\/www.grupomedcof.com.br\/blog\/wp-content\/uploads\/2026\/01\/Blog-MedCof-2026-01-16T153202.092.jpg\" \/>\n\t<meta property=\"og:image:width\" content=\"1920\" \/>\n\t<meta property=\"og:image:height\" content=\"1080\" \/>\n\t<meta property=\"og:image:type\" content=\"image\/jpeg\" \/>\n<meta name=\"author\" content=\"Leila Menzel\" \/>\n<meta name=\"twitter:card\" content=\"summary_large_image\" \/>\n<meta name=\"twitter:label1\" content=\"Escrito por\" \/>\n\t<meta name=\"twitter:data1\" content=\"Leila Menzel\" \/>\n\t<meta name=\"twitter:label2\" content=\"Est. tempo de leitura\" \/>\n\t<meta name=\"twitter:data2\" content=\"9 minutos\" \/>\n<script type=\"application\/ld+json\" class=\"yoast-schema-graph\">{\"@context\":\"https:\\\/\\\/schema.org\",\"@graph\":[{\"@type\":\"Article\",\"@id\":\"https:\\\/\\\/www.grupomedcof.com.br\\\/blog\\\/raciocinio-clinico\\\/#article\",\"isPartOf\":{\"@id\":\"https:\\\/\\\/www.grupomedcof.com.br\\\/blog\\\/raciocinio-clinico\\\/\"},\"author\":{\"name\":\"Leila Menzel\",\"@id\":\"https:\\\/\\\/www.grupomedcof.com.br\\\/blog\\\/#\\\/schema\\\/person\\\/9a44c2184a836bf5ae6967fdb3a1451e\"},\"headline\":\"Racioc\u00ednio Cl\u00ednico: como desenvolver e aplicar na pr\u00e1tica m\u00e9dica\",\"datePublished\":\"2026-01-18T21:00:00+00:00\",\"mainEntityOfPage\":{\"@id\":\"https:\\\/\\\/www.grupomedcof.com.br\\\/blog\\\/raciocinio-clinico\\\/\"},\"wordCount\":1717,\"publisher\":{\"@id\":\"https:\\\/\\\/www.grupomedcof.com.br\\\/blog\\\/#organization\"},\"image\":{\"@id\":\"https:\\\/\\\/www.grupomedcof.com.br\\\/blog\\\/raciocinio-clinico\\\/#primaryimage\"},\"thumbnailUrl\":\"https:\\\/\\\/www.grupomedcof.com.br\\\/blog\\\/wp-content\\\/uploads\\\/2026\\\/01\\\/Blog-MedCof-2026-01-16T153202.092.jpg\",\"articleSection\":[\"Cl\u00ednica M\u00e9dica\"],\"inLanguage\":\"pt-BR\"},{\"@type\":\"WebPage\",\"@id\":\"https:\\\/\\\/www.grupomedcof.com.br\\\/blog\\\/raciocinio-clinico\\\/\",\"url\":\"https:\\\/\\\/www.grupomedcof.com.br\\\/blog\\\/raciocinio-clinico\\\/\",\"name\":\"Racioc\u00ednio Cl\u00ednico: o que \u00e9, tipos e como desenvolver\",\"isPartOf\":{\"@id\":\"https:\\\/\\\/www.grupomedcof.com.br\\\/blog\\\/#website\"},\"primaryImageOfPage\":{\"@id\":\"https:\\\/\\\/www.grupomedcof.com.br\\\/blog\\\/raciocinio-clinico\\\/#primaryimage\"},\"image\":{\"@id\":\"https:\\\/\\\/www.grupomedcof.com.br\\\/blog\\\/raciocinio-clinico\\\/#primaryimage\"},\"thumbnailUrl\":\"https:\\\/\\\/www.grupomedcof.com.br\\\/blog\\\/wp-content\\\/uploads\\\/2026\\\/01\\\/Blog-MedCof-2026-01-16T153202.092.jpg\",\"datePublished\":\"2026-01-18T21:00:00+00:00\",\"description\":\"Aprenda o que \u00e9 racioc\u00ednio cl\u00ednico, conhe\u00e7a as principais teorias. Descubra t\u00e9cnicas para aprimorar esta habilidade essencial para diagn\u00f3sticos precisos.\",\"breadcrumb\":{\"@id\":\"https:\\\/\\\/www.grupomedcof.com.br\\\/blog\\\/raciocinio-clinico\\\/#breadcrumb\"},\"inLanguage\":\"pt-BR\",\"potentialAction\":[{\"@type\":\"ReadAction\",\"target\":[\"https:\\\/\\\/www.grupomedcof.com.br\\\/blog\\\/raciocinio-clinico\\\/\"]}]},{\"@type\":\"ImageObject\",\"inLanguage\":\"pt-BR\",\"@id\":\"https:\\\/\\\/www.grupomedcof.com.br\\\/blog\\\/raciocinio-clinico\\\/#primaryimage\",\"url\":\"https:\\\/\\\/www.grupomedcof.com.br\\\/blog\\\/wp-content\\\/uploads\\\/2026\\\/01\\\/Blog-MedCof-2026-01-16T153202.092.jpg\",\"contentUrl\":\"https:\\\/\\\/www.grupomedcof.com.br\\\/blog\\\/wp-content\\\/uploads\\\/2026\\\/01\\\/Blog-MedCof-2026-01-16T153202.092.jpg\",\"width\":1920,\"height\":1080},{\"@type\":\"BreadcrumbList\",\"@id\":\"https:\\\/\\\/www.grupomedcof.com.br\\\/blog\\\/raciocinio-clinico\\\/#breadcrumb\",\"itemListElement\":[{\"@type\":\"ListItem\",\"position\":1,\"name\":\"In\u00edcio\",\"item\":\"https:\\\/\\\/www.grupomedcof.com.br\\\/blog\\\/\"},{\"@type\":\"ListItem\",\"position\":2,\"name\":\"Racioc\u00ednio Cl\u00ednico: como desenvolver e aplicar na pr\u00e1tica m\u00e9dica\"}]},{\"@type\":\"WebSite\",\"@id\":\"https:\\\/\\\/www.grupomedcof.com.br\\\/blog\\\/#website\",\"url\":\"https:\\\/\\\/www.grupomedcof.com.br\\\/blog\\\/\",\"name\":\"Blog de Medcof: conte\u00fados, editais, revalida e mais!\",\"description\":\"Acesso o blog de MedCof! Seu portal de conte\u00fados sobre resid\u00eancia m\u00e9dica, an\u00e1lise e editais e muito mais. Clique e confira!\",\"publisher\":{\"@id\":\"https:\\\/\\\/www.grupomedcof.com.br\\\/blog\\\/#organization\"},\"alternateName\":\"Blog de Medcof: conte\u00fados, editais, revalida e mais!\",\"potentialAction\":[{\"@type\":\"SearchAction\",\"target\":{\"@type\":\"EntryPoint\",\"urlTemplate\":\"https:\\\/\\\/www.grupomedcof.com.br\\\/blog\\\/?s={search_term_string}\"},\"query-input\":{\"@type\":\"PropertyValueSpecification\",\"valueRequired\":true,\"valueName\":\"search_term_string\"}}],\"inLanguage\":\"pt-BR\"},{\"@type\":\"Organization\",\"@id\":\"https:\\\/\\\/www.grupomedcof.com.br\\\/blog\\\/#organization\",\"name\":\"Grupo MedCof\",\"url\":\"https:\\\/\\\/www.grupomedcof.com.br\\\/blog\\\/\",\"logo\":{\"@type\":\"ImageObject\",\"inLanguage\":\"pt-BR\",\"@id\":\"https:\\\/\\\/www.grupomedcof.com.br\\\/blog\\\/#\\\/schema\\\/logo\\\/image\\\/\",\"url\":\"https:\\\/\\\/www.grupomedcof.com.br\\\/blog\\\/wp-content\\\/uploads\\\/2022\\\/01\\\/logo-medcof.png\",\"contentUrl\":\"https:\\\/\\\/www.grupomedcof.com.br\\\/blog\\\/wp-content\\\/uploads\\\/2022\\\/01\\\/logo-medcof.png\",\"width\":768,\"height\":269,\"caption\":\"Grupo MedCof\"},\"image\":{\"@id\":\"https:\\\/\\\/www.grupomedcof.com.br\\\/blog\\\/#\\\/schema\\\/logo\\\/image\\\/\"},\"sameAs\":[\"https:\\\/\\\/www.facebook.com\\\/MedCofQbank\\\/\",\"https:\\\/\\\/www.instagram.com\\\/grupomedcof\\\/\",\"https:\\\/\\\/br.linkedin.com\\\/company\\\/medcof\",\"https:\\\/\\\/www.youtube.com\\\/channel\\\/UCdHMuOHKICxcHwecxN8P-AA\"]},{\"@type\":\"Person\",\"@id\":\"https:\\\/\\\/www.grupomedcof.com.br\\\/blog\\\/#\\\/schema\\\/person\\\/9a44c2184a836bf5ae6967fdb3a1451e\",\"name\":\"Leila Menzel\",\"image\":{\"@type\":\"ImageObject\",\"inLanguage\":\"pt-BR\",\"@id\":\"https:\\\/\\\/www.grupomedcof.com.br\\\/blog\\\/wp-content\\\/uploads\\\/2025\\\/09\\\/cropped-eu-96x96.jpeg19a74936d997c0a8b3031618467fa1d0\",\"url\":\"https:\\\/\\\/www.grupomedcof.com.br\\\/blog\\\/wp-content\\\/uploads\\\/2025\\\/09\\\/cropped-eu-96x96.jpeg\",\"contentUrl\":\"https:\\\/\\\/www.grupomedcof.com.br\\\/blog\\\/wp-content\\\/uploads\\\/2025\\\/09\\\/cropped-eu-96x96.jpeg\",\"caption\":\"Leila Menzel\"},\"description\":\"Estudante do 6\u00b0 semestre de jornalismo, amo e escrevo poesias e viajo em livros de romances clich\u00eas.\",\"url\":\"https:\\\/\\\/www.grupomedcof.com.br\\\/blog\\\/author\\\/leila-menzel\\\/\"}]}<\/script>\n<!-- \/ Yoast SEO Premium plugin. -->","yoast_head_json":{"title":"Racioc\u00ednio Cl\u00ednico: o que \u00e9, tipos e como desenvolver","description":"Aprenda o que \u00e9 racioc\u00ednio cl\u00ednico, conhe\u00e7a as principais teorias. Descubra t\u00e9cnicas para aprimorar esta habilidade essencial para diagn\u00f3sticos precisos.","robots":{"index":"index","follow":"follow","max-snippet":"max-snippet:-1","max-image-preview":"max-image-preview:large","max-video-preview":"max-video-preview:-1"},"canonical":"https:\/\/www.grupomedcof.com.br\/blog\/raciocinio-clinico\/","og_locale":"pt_BR","og_type":"article","og_title":"Racioc\u00ednio Cl\u00ednico: como desenvolver e aplicar na pr\u00e1tica m\u00e9dica","og_description":"Aprenda o que \u00e9 racioc\u00ednio cl\u00ednico, conhe\u00e7a as principais teorias. Descubra t\u00e9cnicas para aprimorar esta habilidade essencial para diagn\u00f3sticos precisos.","og_url":"https:\/\/www.grupomedcof.com.br\/blog\/raciocinio-clinico\/","og_site_name":"Blog de Medcof: conte\u00fados, editais, revalida e mais!","article_publisher":"https:\/\/www.facebook.com\/MedCofQbank\/","article_published_time":"2026-01-18T21:00:00+00:00","og_image":[{"width":1920,"height":1080,"url":"https:\/\/www.grupomedcof.com.br\/blog\/wp-content\/uploads\/2026\/01\/Blog-MedCof-2026-01-16T153202.092.jpg","type":"image\/jpeg"}],"author":"Leila Menzel","twitter_card":"summary_large_image","twitter_misc":{"Escrito por":"Leila Menzel","Est. tempo de leitura":"9 minutos"},"schema":{"@context":"https:\/\/schema.org","@graph":[{"@type":"Article","@id":"https:\/\/www.grupomedcof.com.br\/blog\/raciocinio-clinico\/#article","isPartOf":{"@id":"https:\/\/www.grupomedcof.com.br\/blog\/raciocinio-clinico\/"},"author":{"name":"Leila Menzel","@id":"https:\/\/www.grupomedcof.com.br\/blog\/#\/schema\/person\/9a44c2184a836bf5ae6967fdb3a1451e"},"headline":"Racioc\u00ednio Cl\u00ednico: como desenvolver e aplicar na pr\u00e1tica m\u00e9dica","datePublished":"2026-01-18T21:00:00+00:00","mainEntityOfPage":{"@id":"https:\/\/www.grupomedcof.com.br\/blog\/raciocinio-clinico\/"},"wordCount":1717,"publisher":{"@id":"https:\/\/www.grupomedcof.com.br\/blog\/#organization"},"image":{"@id":"https:\/\/www.grupomedcof.com.br\/blog\/raciocinio-clinico\/#primaryimage"},"thumbnailUrl":"https:\/\/www.grupomedcof.com.br\/blog\/wp-content\/uploads\/2026\/01\/Blog-MedCof-2026-01-16T153202.092.jpg","articleSection":["Cl\u00ednica M\u00e9dica"],"inLanguage":"pt-BR"},{"@type":"WebPage","@id":"https:\/\/www.grupomedcof.com.br\/blog\/raciocinio-clinico\/","url":"https:\/\/www.grupomedcof.com.br\/blog\/raciocinio-clinico\/","name":"Racioc\u00ednio Cl\u00ednico: o que \u00e9, tipos e como desenvolver","isPartOf":{"@id":"https:\/\/www.grupomedcof.com.br\/blog\/#website"},"primaryImageOfPage":{"@id":"https:\/\/www.grupomedcof.com.br\/blog\/raciocinio-clinico\/#primaryimage"},"image":{"@id":"https:\/\/www.grupomedcof.com.br\/blog\/raciocinio-clinico\/#primaryimage"},"thumbnailUrl":"https:\/\/www.grupomedcof.com.br\/blog\/wp-content\/uploads\/2026\/01\/Blog-MedCof-2026-01-16T153202.092.jpg","datePublished":"2026-01-18T21:00:00+00:00","description":"Aprenda o que \u00e9 racioc\u00ednio cl\u00ednico, conhe\u00e7a as principais teorias. Descubra t\u00e9cnicas para aprimorar esta habilidade essencial para diagn\u00f3sticos precisos.","breadcrumb":{"@id":"https:\/\/www.grupomedcof.com.br\/blog\/raciocinio-clinico\/#breadcrumb"},"inLanguage":"pt-BR","potentialAction":[{"@type":"ReadAction","target":["https:\/\/www.grupomedcof.com.br\/blog\/raciocinio-clinico\/"]}]},{"@type":"ImageObject","inLanguage":"pt-BR","@id":"https:\/\/www.grupomedcof.com.br\/blog\/raciocinio-clinico\/#primaryimage","url":"https:\/\/www.grupomedcof.com.br\/blog\/wp-content\/uploads\/2026\/01\/Blog-MedCof-2026-01-16T153202.092.jpg","contentUrl":"https:\/\/www.grupomedcof.com.br\/blog\/wp-content\/uploads\/2026\/01\/Blog-MedCof-2026-01-16T153202.092.jpg","width":1920,"height":1080},{"@type":"BreadcrumbList","@id":"https:\/\/www.grupomedcof.com.br\/blog\/raciocinio-clinico\/#breadcrumb","itemListElement":[{"@type":"ListItem","position":1,"name":"In\u00edcio","item":"https:\/\/www.grupomedcof.com.br\/blog\/"},{"@type":"ListItem","position":2,"name":"Racioc\u00ednio Cl\u00ednico: como desenvolver e aplicar na pr\u00e1tica m\u00e9dica"}]},{"@type":"WebSite","@id":"https:\/\/www.grupomedcof.com.br\/blog\/#website","url":"https:\/\/www.grupomedcof.com.br\/blog\/","name":"Blog de Medcof: conte\u00fados, editais, revalida e mais!","description":"Acesso o blog de MedCof! Seu portal de conte\u00fados sobre resid\u00eancia m\u00e9dica, an\u00e1lise e editais e muito mais. Clique e confira!","publisher":{"@id":"https:\/\/www.grupomedcof.com.br\/blog\/#organization"},"alternateName":"Blog de Medcof: conte\u00fados, editais, revalida e mais!","potentialAction":[{"@type":"SearchAction","target":{"@type":"EntryPoint","urlTemplate":"https:\/\/www.grupomedcof.com.br\/blog\/?s={search_term_string}"},"query-input":{"@type":"PropertyValueSpecification","valueRequired":true,"valueName":"search_term_string"}}],"inLanguage":"pt-BR"},{"@type":"Organization","@id":"https:\/\/www.grupomedcof.com.br\/blog\/#organization","name":"Grupo MedCof","url":"https:\/\/www.grupomedcof.com.br\/blog\/","logo":{"@type":"ImageObject","inLanguage":"pt-BR","@id":"https:\/\/www.grupomedcof.com.br\/blog\/#\/schema\/logo\/image\/","url":"https:\/\/www.grupomedcof.com.br\/blog\/wp-content\/uploads\/2022\/01\/logo-medcof.png","contentUrl":"https:\/\/www.grupomedcof.com.br\/blog\/wp-content\/uploads\/2022\/01\/logo-medcof.png","width":768,"height":269,"caption":"Grupo MedCof"},"image":{"@id":"https:\/\/www.grupomedcof.com.br\/blog\/#\/schema\/logo\/image\/"},"sameAs":["https:\/\/www.facebook.com\/MedCofQbank\/","https:\/\/www.instagram.com\/grupomedcof\/","https:\/\/br.linkedin.com\/company\/medcof","https:\/\/www.youtube.com\/channel\/UCdHMuOHKICxcHwecxN8P-AA"]},{"@type":"Person","@id":"https:\/\/www.grupomedcof.com.br\/blog\/#\/schema\/person\/9a44c2184a836bf5ae6967fdb3a1451e","name":"Leila Menzel","image":{"@type":"ImageObject","inLanguage":"pt-BR","@id":"https:\/\/www.grupomedcof.com.br\/blog\/wp-content\/uploads\/2025\/09\/cropped-eu-96x96.jpeg19a74936d997c0a8b3031618467fa1d0","url":"https:\/\/www.grupomedcof.com.br\/blog\/wp-content\/uploads\/2025\/09\/cropped-eu-96x96.jpeg","contentUrl":"https:\/\/www.grupomedcof.com.br\/blog\/wp-content\/uploads\/2025\/09\/cropped-eu-96x96.jpeg","caption":"Leila Menzel"},"description":"Estudante do 6\u00b0 semestre de jornalismo, amo e escrevo poesias e viajo em livros de romances clich\u00eas.","url":"https:\/\/www.grupomedcof.com.br\/blog\/author\/leila-menzel\/"}]}},"authors":[{"term_id":3616,"user_id":20,"is_guest":0,"slug":"leila-menzel","display_name":"Leila Menzel","avatar_url":"https:\/\/www.grupomedcof.com.br\/blog\/wp-content\/uploads\/2025\/09\/cropped-eu-96x96.jpeg","0":null,"1":"","2":"","3":"","4":"","5":"","6":"","7":"","8":""}],"_links":{"self":[{"href":"https:\/\/www.grupomedcof.com.br\/blog\/wp-json\/wp\/v2\/posts\/40733","targetHints":{"allow":["GET"]}}],"collection":[{"href":"https:\/\/www.grupomedcof.com.br\/blog\/wp-json\/wp\/v2\/posts"}],"about":[{"href":"https:\/\/www.grupomedcof.com.br\/blog\/wp-json\/wp\/v2\/types\/post"}],"author":[{"embeddable":true,"href":"https:\/\/www.grupomedcof.com.br\/blog\/wp-json\/wp\/v2\/users\/20"}],"replies":[{"embeddable":true,"href":"https:\/\/www.grupomedcof.com.br\/blog\/wp-json\/wp\/v2\/comments?post=40733"}],"version-history":[{"count":1,"href":"https:\/\/www.grupomedcof.com.br\/blog\/wp-json\/wp\/v2\/posts\/40733\/revisions"}],"predecessor-version":[{"id":40735,"href":"https:\/\/www.grupomedcof.com.br\/blog\/wp-json\/wp\/v2\/posts\/40733\/revisions\/40735"}],"wp:featuredmedia":[{"embeddable":true,"href":"https:\/\/www.grupomedcof.com.br\/blog\/wp-json\/wp\/v2\/media\/40734"}],"wp:attachment":[{"href":"https:\/\/www.grupomedcof.com.br\/blog\/wp-json\/wp\/v2\/media?parent=40733"}],"wp:term":[{"taxonomy":"category","embeddable":true,"href":"https:\/\/www.grupomedcof.com.br\/blog\/wp-json\/wp\/v2\/categories?post=40733"},{"taxonomy":"post_tag","embeddable":true,"href":"https:\/\/www.grupomedcof.com.br\/blog\/wp-json\/wp\/v2\/tags?post=40733"},{"taxonomy":"author","embeddable":true,"href":"https:\/\/www.grupomedcof.com.br\/blog\/wp-json\/wp\/v2\/ppma_author?post=40733"}],"curies":[{"name":"wp","href":"https:\/\/api.w.org\/{rel}","templated":true}]}}