{"id":40736,"date":"2026-01-18T15:00:00","date_gmt":"2026-01-18T18:00:00","guid":{"rendered":"https:\/\/www.grupomedcof.com.br\/blog\/?p=40736"},"modified":"2026-01-29T14:39:02","modified_gmt":"2026-01-29T17:39:02","slug":"prontuario-medico","status":"publish","type":"post","link":"https:\/\/www.grupomedcof.com.br\/blog\/prontuario-medico\/","title":{"rendered":"Prontu\u00e1rio m\u00e9dico: import\u00e2ncia, normas e como preencher corretamente"},"content":{"rendered":"<div id=\"ez-toc-container\" class=\"ez-toc-v2_0_74 counter-hierarchy ez-toc-counter ez-toc-transparent ez-toc-container-direction\">\n<div class=\"ez-toc-title-container\">\n<p class=\"ez-toc-title\" style=\"cursor:inherit\">Sum\u00e1rio<\/p>\n<span class=\"ez-toc-title-toggle\"><a href=\"#\" class=\"ez-toc-pull-right ez-toc-btn ez-toc-btn-xs ez-toc-btn-default ez-toc-toggle\" aria-label=\"Alternar tabela de conte\u00fado\"><span class=\"ez-toc-js-icon-con\"><span class=\"\"><span class=\"eztoc-hide\" style=\"display:none;\">Toggle<\/span><span class=\"ez-toc-icon-toggle-span\"><svg style=\"fill: #999;color:#999\" xmlns=\"http:\/\/www.w3.org\/2000\/svg\" class=\"list-377408\" width=\"20px\" height=\"20px\" viewBox=\"0 0 24 24\" fill=\"none\"><path d=\"M6 6H4v2h2V6zm14 0H8v2h12V6zM4 11h2v2H4v-2zm16 0H8v2h12v-2zM4 16h2v2H4v-2zm16 0H8v2h12v-2z\" fill=\"currentColor\"><\/path><\/svg><svg style=\"fill: #999;color:#999\" class=\"arrow-unsorted-368013\" xmlns=\"http:\/\/www.w3.org\/2000\/svg\" width=\"10px\" height=\"10px\" viewBox=\"0 0 24 24\" version=\"1.2\" baseProfile=\"tiny\"><path d=\"M18.2 9.3l-6.2-6.3-6.2 6.3c-.2.2-.3.4-.3.7s.1.5.3.7c.2.2.4.3.7.3h11c.3 0 .5-.1.7-.3.2-.2.3-.5.3-.7s-.1-.5-.3-.7zM5.8 14.7l6.2 6.3 6.2-6.3c.2-.2.3-.5.3-.7s-.1-.5-.3-.7c-.2-.2-.4-.3-.7-.3h-11c-.3 0-.5.1-.7.3-.2.2-.3.5-.3.7s.1.5.3.7z\"\/><\/svg><\/span><\/span><\/span><\/a><\/span><\/div>\n<nav><ul class='ez-toc-list ez-toc-list-level-1 ' ><li class='ez-toc-page-1 ez-toc-heading-level-2'><a class=\"ez-toc-link ez-toc-heading-1\" href=\"https:\/\/www.grupomedcof.com.br\/blog\/prontuario-medico\/#O_que_contem_no_prontuario_medico\" >O que cont\u00e9m no prontu\u00e1rio m\u00e9dico?<\/a><ul class='ez-toc-list-level-3' ><li class='ez-toc-heading-level-3'><a class=\"ez-toc-link ez-toc-heading-2\" href=\"https:\/\/www.grupomedcof.com.br\/blog\/prontuario-medico\/#Dados_obrigatorios_segundo_normas_nacionais\" >Dados obrigat\u00f3rios segundo normas nacionais<\/a><\/li><\/ul><\/li><li class='ez-toc-page-1 ez-toc-heading-level-2'><a class=\"ez-toc-link ez-toc-heading-3\" href=\"https:\/\/www.grupomedcof.com.br\/blog\/prontuario-medico\/#Para_que_serve_o_prontuario_medico\" >Para que serve o prontu\u00e1rio m\u00e9dico?<\/a><\/li><li class='ez-toc-page-1 ez-toc-heading-level-2'><a class=\"ez-toc-link ez-toc-heading-4\" href=\"https:\/\/www.grupomedcof.com.br\/blog\/prontuario-medico\/#Base_legal_e_normativa_do_prontuario_medico\" >Base legal e normativa do prontu\u00e1rio m\u00e9dico<\/a><ul class='ez-toc-list-level-3' ><li class='ez-toc-heading-level-3'><a class=\"ez-toc-link ez-toc-heading-5\" href=\"https:\/\/www.grupomedcof.com.br\/blog\/prontuario-medico\/#Sigilo_medico_privacidade_e_LGPD\" >Sigilo m\u00e9dico, privacidade e LGPD<\/a><\/li><\/ul><\/li><li class='ez-toc-page-1 ez-toc-heading-level-2'><a class=\"ez-toc-link ez-toc-heading-6\" href=\"https:\/\/www.grupomedcof.com.br\/blog\/prontuario-medico\/#Quem_tem_acesso_ao_prontuario_medico\" >Quem tem acesso ao prontu\u00e1rio m\u00e9dico?<\/a><\/li><li class='ez-toc-page-1 ez-toc-heading-level-2'><a class=\"ez-toc-link ez-toc-heading-7\" href=\"https:\/\/www.grupomedcof.com.br\/blog\/prontuario-medico\/#Quanto_tempo_o_prontuario_deve_ser_guardado\" >Quanto tempo o prontu\u00e1rio deve ser guardado?<\/a><\/li><li class='ez-toc-page-1 ez-toc-heading-level-2'><a class=\"ez-toc-link ez-toc-heading-8\" href=\"https:\/\/www.grupomedcof.com.br\/blog\/prontuario-medico\/#Prontuario_Eletronico_PEP_vs_Prontuario_de_Papel_qual_a_diferenca\" >Prontu\u00e1rio Eletr\u00f4nico (PEP) vs. Prontu\u00e1rio de Papel: qual a diferen\u00e7a?<\/a><\/li><li class='ez-toc-page-1 ez-toc-heading-level-2'><a class=\"ez-toc-link ez-toc-heading-9\" href=\"https:\/\/www.grupomedcof.com.br\/blog\/prontuario-medico\/#Qual_a_diferenca_entre_prontuario_e_relatorio_medico\" >Qual a diferen\u00e7a entre prontu\u00e1rio e relat\u00f3rio m\u00e9dico?<\/a><\/li><li class='ez-toc-page-1 ez-toc-heading-level-2'><a class=\"ez-toc-link ez-toc-heading-10\" href=\"https:\/\/www.grupomedcof.com.br\/blog\/prontuario-medico\/#Como_preencher_o_prontuario_medico_de_forma_correta\" >Como preencher o prontu\u00e1rio m\u00e9dico de forma correta<\/a><\/li><li class='ez-toc-page-1 ez-toc-heading-level-2'><a class=\"ez-toc-link ez-toc-heading-11\" href=\"https:\/\/www.grupomedcof.com.br\/blog\/prontuario-medico\/#Erros_comuns_no_prontuario_e_como_evita-los\" >Erros comuns no prontu\u00e1rio e como evit\u00e1-los<\/a><\/li><li class='ez-toc-page-1 ez-toc-heading-level-2'><a class=\"ez-toc-link ez-toc-heading-12\" href=\"https:\/\/www.grupomedcof.com.br\/blog\/prontuario-medico\/#O_prontuario_na_pratica_da_residencia_medica\" >O prontu\u00e1rio na pr\u00e1tica da resid\u00eancia m\u00e9dica<\/a><\/li><li class='ez-toc-page-1 ez-toc-heading-level-2'><a class=\"ez-toc-link ez-toc-heading-13\" href=\"https:\/\/www.grupomedcof.com.br\/blog\/prontuario-medico\/#Impulsione_a_sua_carreira_medica_com_a_MedCof\" >Impulsione a sua carreira m\u00e9dica com a MedCof<\/a><\/li><\/ul><\/nav><\/div>\n\n<figure class=\"wp-block-image size-large\"><img loading=\"lazy\" decoding=\"async\" width=\"1024\" height=\"576\" src=\"https:\/\/www.grupomedcof.com.br\/blog\/wp-content\/uploads\/2026\/01\/Blog-MedCof-2026-01-16T154616.277-1024x576.jpg\" alt=\"\" class=\"wp-image-40737\" srcset=\"https:\/\/www.grupomedcof.com.br\/blog\/wp-content\/uploads\/2026\/01\/Blog-MedCof-2026-01-16T154616.277-1024x576.jpg 1024w, https:\/\/www.grupomedcof.com.br\/blog\/wp-content\/uploads\/2026\/01\/Blog-MedCof-2026-01-16T154616.277-300x169.jpg 300w, https:\/\/www.grupomedcof.com.br\/blog\/wp-content\/uploads\/2026\/01\/Blog-MedCof-2026-01-16T154616.277-768x432.jpg 768w, https:\/\/www.grupomedcof.com.br\/blog\/wp-content\/uploads\/2026\/01\/Blog-MedCof-2026-01-16T154616.277-1536x864.jpg 1536w, https:\/\/www.grupomedcof.com.br\/blog\/wp-content\/uploads\/2026\/01\/Blog-MedCof-2026-01-16T154616.277-747x420.jpg 747w, https:\/\/www.grupomedcof.com.br\/blog\/wp-content\/uploads\/2026\/01\/Blog-MedCof-2026-01-16T154616.277-150x84.jpg 150w, https:\/\/www.grupomedcof.com.br\/blog\/wp-content\/uploads\/2026\/01\/Blog-MedCof-2026-01-16T154616.277-696x392.jpg 696w, https:\/\/www.grupomedcof.com.br\/blog\/wp-content\/uploads\/2026\/01\/Blog-MedCof-2026-01-16T154616.277-1068x601.jpg 1068w, https:\/\/www.grupomedcof.com.br\/blog\/wp-content\/uploads\/2026\/01\/Blog-MedCof-2026-01-16T154616.277.jpg 1920w\" sizes=\"auto, (max-width: 1024px) 100vw, 1024px\" \/><\/figure>\n\n\n\n<p>O <strong>prontu\u00e1rio m\u00e9dico<\/strong> \u00e9 o conjunto organizado de registros que re\u00fane todas as informa\u00e7\u00f5es cl\u00ednicas, assistenciais e administrativas relacionadas ao atendimento de um paciente. Sua principal fun\u00e7\u00e3o \u00e9 <strong>documentar o cuidado prestado<\/strong>, garantindo a continuidade da assist\u00eancia, a seguran\u00e7a do paciente e o respaldo \u00e9tico e legal do profissional de sa\u00fade.<\/p>\n\n\n\n<h2 class=\"wp-block-heading\" id=\"h-o-que-contem-no-prontuario-medico\"><span class=\"ez-toc-section\" id=\"O_que_contem_no_prontuario_medico\"><\/span><strong>O que cont\u00e9m no prontu\u00e1rio m\u00e9dico?<\/strong><span class=\"ez-toc-section-end\"><\/span><\/h2>\n\n\n\n<p>O prontu\u00e1rio m\u00e9dico re\u00fane <strong>todas as informa\u00e7\u00f5es essenciais sobre o atendimento ao paciente<\/strong>, garantindo continuidade do cuidado, comunica\u00e7\u00e3o entre profissionais e respaldo \u00e9tico-legal. Abaixo est\u00e3o os <strong>elementos obrigat\u00f3rios<\/strong> que devem compor um prontu\u00e1rio completo \u2014 ou seja, <strong>o que vem no prontu\u00e1rio m\u00e9dico<\/strong> e as <strong>informa\u00e7\u00f5es essenciais que devem constar no prontu\u00e1rio<\/strong>:<\/p>\n\n\n\n<ul class=\"wp-block-list\">\n<li><strong>Identifica\u00e7\u00e3o do paciente:<\/strong> Nome completo, data de nascimento, sexo, n\u00famero de prontu\u00e1rio e outros dados de identifica\u00e7\u00e3o. \u00c9 fundamental para evitar erros de troca de pacientes e assegurar rastreabilidade do atendimento.<\/li>\n\n\n\n<li><strong>Queixa principal (QP):<\/strong> Registro objetivo do motivo que levou o paciente a buscar atendimento. Direciona a avalia\u00e7\u00e3o cl\u00ednica e a tomada de decis\u00f5es.<\/li>\n\n\n\n<li><strong>Anamnese (hist\u00f3ria cl\u00ednica)<\/strong>: Relato detalhado da hist\u00f3ria da doen\u00e7a atual, antecedentes pessoais e familiares, uso de medicamentos e alergias. Permite compreender o contexto cl\u00ednico e orientar hip\u00f3teses diagn\u00f3sticas.<\/li>\n\n\n\n<li><strong>Exame f\u00edsico:<\/strong> Descri\u00e7\u00e3o sistem\u00e1tica dos achados cl\u00ednicos. Complementa a anamnese e contribui para a avalia\u00e7\u00e3o objetiva do estado do paciente.<\/li>\n\n\n\n<li><strong>Hip\u00f3teses diagn\u00f3sticas ou diagn\u00f3stico:<\/strong> Registro do racioc\u00ednio cl\u00ednico, com hip\u00f3teses ou diagn\u00f3stico definido. \u00c9 essencial para justificar condutas e acompanhar a evolu\u00e7\u00e3o do caso.<\/li>\n\n\n\n<li><strong>Condutas e plano terap\u00eautico:<\/strong> Medidas adotadas, como prescri\u00e7\u00f5es, solicita\u00e7\u00f5es de exames, orienta\u00e7\u00f5es e procedimentos. Garante clareza sobre o tratamento institu\u00eddo.<\/li>\n\n\n\n<li><strong>Prescri\u00e7\u00e3o m\u00e9dica:<\/strong> Medicamentos, doses, vias de administra\u00e7\u00e3o e hor\u00e1rios. Fundamental para a seguran\u00e7a do paciente e para evitar erros terap\u00eauticos.<\/li>\n\n\n\n<li><strong>Evolu\u00e7\u00f5es m\u00e9dicas e multiprofissionais:<\/strong> Registros peri\u00f3dicos sobre a resposta ao tratamento e mudan\u00e7as no quadro cl\u00ednico. Asseguram continuidade e integra\u00e7\u00e3o do cuidado.<\/li>\n\n\n\n<li><strong>Identifica\u00e7\u00e3o e assinatura do profissional:<\/strong> Nome, n\u00famero do CRM e assinatura (f\u00edsica ou digital). Confere validade, responsabilidade e rastreabilidade aos registros.<\/li>\n<\/ul>\n\n\n\n<p>Al\u00e9m dos registros cl\u00ednicos, o prontu\u00e1rio tamb\u00e9m inclui documentos que subsidiam o cuidado, como:<\/p>\n\n\n\n<ul class=\"wp-block-list\">\n<li>Resultados de exames laboratoriais e de imagem;<\/li>\n\n\n\n<li>Laudos e pareceres m\u00e9dicos;<\/li>\n\n\n\n<li>Termos de consentimento livre e esclarecido;<\/li>\n\n\n\n<li>Relat\u00f3rios de procedimentos;<\/li>\n\n\n\n<li>Sum\u00e1rios de alta e encaminhamentos.<\/li>\n<\/ul>\n\n\n\n<p>Esses documentos complementam as informa\u00e7\u00f5es cl\u00ednicas e fortalecem a tomada de decis\u00e3o.<\/p>\n\n\n\n<h3 class=\"wp-block-heading\" id=\"h-dados-obrigatorios-segundo-normas-nacionais\"><span class=\"ez-toc-section\" id=\"Dados_obrigatorios_segundo_normas_nacionais\"><\/span><strong>Dados obrigat\u00f3rios segundo normas nacionais<\/strong><span class=\"ez-toc-section-end\"><\/span><\/h3>\n\n\n\n<p>De acordo com as normas nacionais adotadas por institui\u00e7\u00f5es de sa\u00fade, CFM e Minist\u00e9rio da Sa\u00fade, o prontu\u00e1rio deve conter, no m\u00ednimo:<\/p>\n\n\n\n<ul class=\"wp-block-list\">\n<li>Identifica\u00e7\u00e3o completa do paciente;<\/li>\n\n\n\n<li>Registros cronol\u00f3gicos e leg\u00edveis do atendimento;<\/li>\n\n\n\n<li>Anamnese, exame f\u00edsico e diagn\u00f3stico ou hip\u00f3teses diagn\u00f3sticas;<\/li>\n\n\n\n<li>Condutas, prescri\u00e7\u00f5es e evolu\u00e7\u00f5es;<\/li>\n\n\n\n<li>Identifica\u00e7\u00e3o clara dos profissionais envolvidos.<\/li>\n<\/ul>\n\n\n\n<p>Esses elementos m\u00ednimos garantem que o prontu\u00e1rio cumpra sua fun\u00e7\u00e3o assistencial, \u00e9tica e legal, independentemente do tipo de servi\u00e7o ou formato (f\u00edsico ou eletr\u00f4nico).<\/p>\n\n\n\n<figure class=\"wp-block-image size-large\"><a href=\"https:\/\/www.grupomedcof.com.br\/cofletters\/?clientId=&amp;utm_campaign=newsletter&amp;utm_medium=banner&amp;utm_source=blog&amp;utm_content=inscricao#https:\/\/www.grupomedcof.com.br\/blog\/\" target=\"_blank\" rel=\" noreferrer noopener\"><img loading=\"lazy\" decoding=\"async\" width=\"1024\" height=\"320\" src=\"https:\/\/www.grupomedcof.com.br\/blog\/wp-content\/uploads\/2025\/11\/Banner-MedCof-Plus-2200x460-11-1343x420-1-1024x320.png\" alt=\"\" class=\"wp-image-39227\" srcset=\"https:\/\/www.grupomedcof.com.br\/blog\/wp-content\/uploads\/2025\/11\/Banner-MedCof-Plus-2200x460-11-1343x420-1-1024x320.png 1024w, https:\/\/www.grupomedcof.com.br\/blog\/wp-content\/uploads\/2025\/11\/Banner-MedCof-Plus-2200x460-11-1343x420-1-300x94.png 300w, https:\/\/www.grupomedcof.com.br\/blog\/wp-content\/uploads\/2025\/11\/Banner-MedCof-Plus-2200x460-11-1343x420-1-768x240.png 768w, https:\/\/www.grupomedcof.com.br\/blog\/wp-content\/uploads\/2025\/11\/Banner-MedCof-Plus-2200x460-11-1343x420-1-150x47.png 150w, https:\/\/www.grupomedcof.com.br\/blog\/wp-content\/uploads\/2025\/11\/Banner-MedCof-Plus-2200x460-11-1343x420-1-696x218.png 696w, https:\/\/www.grupomedcof.com.br\/blog\/wp-content\/uploads\/2025\/11\/Banner-MedCof-Plus-2200x460-11-1343x420-1-1068x334.png 1068w, https:\/\/www.grupomedcof.com.br\/blog\/wp-content\/uploads\/2025\/11\/Banner-MedCof-Plus-2200x460-11-1343x420-1.png 1343w\" sizes=\"auto, (max-width: 1024px) 100vw, 1024px\" \/><\/a><\/figure>\n\n\n\n<h2 class=\"wp-block-heading\" id=\"h-para-que-serve-o-prontuario-medico\"><span class=\"ez-toc-section\" id=\"Para_que_serve_o_prontuario_medico\"><\/span><strong>Para que serve o prontu\u00e1rio m\u00e9dico?<\/strong><span class=\"ez-toc-section-end\"><\/span><\/h2>\n\n\n\n<p>O prontu\u00e1rio m\u00e9dico tem como <strong>objetivo principal registrar, de forma organizada e cronol\u00f3gica, todo o hist\u00f3rico de atendimento do paciente<\/strong>, desde a primeira consulta at\u00e9 a alta ou seguimento cont\u00ednuo. Ele funciona como um <strong>instrumento central de comunica\u00e7\u00e3o entre os profissionais de sa\u00fade<\/strong>, permitindo que diferentes membros da equipe compreendam o quadro cl\u00ednico, as condutas adotadas e a evolu\u00e7\u00e3o do paciente.<\/p>\n\n\n\n<p>A <strong>import\u00e2ncia do prontu\u00e1rio m\u00e9dico para o paciente<\/strong> est\u00e1 diretamente relacionada \u00e0 <strong>continuidade do cuidado e \u00e0 seguran\u00e7a assistencial<\/strong>. Registros completos e adequados reduzem erros, evitam retrabalho, facilitam decis\u00f5es cl\u00ednicas e garantem que o tratamento seja conduzido com base em informa\u00e7\u00f5es confi\u00e1veis. Al\u00e9m disso, o prontu\u00e1rio tamb\u00e9m cumpre finalidade \u00e9tica, legal, cient\u00edfica e administrativa, servindo como prova documental do atendimento prestado.<\/p>\n\n\n\n<h2 class=\"wp-block-heading\" id=\"h-base-legal-e-normativa-do-prontuario-medico\"><span class=\"ez-toc-section\" id=\"Base_legal_e_normativa_do_prontuario_medico\"><\/span><strong>Base legal e normativa do prontu\u00e1rio m\u00e9dico<\/strong><span class=\"ez-toc-section-end\"><\/span><\/h2>\n\n\n\n<p>O prontu\u00e1rio m\u00e9dico \u00e9 regulado por normas que definem sua obrigatoriedade, conte\u00fado m\u00ednimo e responsabilidades dos profissionais envolvidos. Entre as principais, destacam-se:<\/p>\n\n\n\n<ul class=\"wp-block-list\">\n<li><strong>Resolu\u00e7\u00e3o CFM n\u00ba 1.638\/2002: <\/strong>Define o prontu\u00e1rio m\u00e9dico, estabelece seus objetivos e determina que ele \u00e9 de elabora\u00e7\u00e3o obrigat\u00f3ria para todo paciente atendido.<\/li>\n\n\n\n<li><strong>Resolu\u00e7\u00e3o CFM n\u00ba 2.056\/2013: <\/strong>Disp\u00f5e sobre o prontu\u00e1rio m\u00e9dico em meio eletr\u00f4nico, estabelecendo requisitos para validade, seguran\u00e7a e certifica\u00e7\u00e3o digital.<\/li>\n<\/ul>\n\n\n\n<p>Essas normas atribuem ao <a href=\"https:\/\/www.grupomedcof.com.br\/blog\/55-especialidades-medicas\/\">m\u00e9dico <\/a>a <strong>responsabilidade \u00e9tica e jur\u00eddica pelo correto preenchimento, guarda e sigilo do prontu\u00e1rio<\/strong>, mesmo quando o documento \u00e9 mantido pela institui\u00e7\u00e3o de sa\u00fade. O descumprimento dessas obriga\u00e7\u00f5es pode gerar <strong>responsabiliza\u00e7\u00e3o \u00e9tica, civil e at\u00e9 penal<\/strong>.<\/p>\n\n\n\n<p>Os textos oficiais dessas resolu\u00e7\u00f5es est\u00e3o dispon\u00edveis para consulta no <strong>site do Conselho Federal de Medicina (CFM)<\/strong> e em portais oficiais do governo, como o <strong>gov.br<\/strong>, o que refor\u00e7a a autoridade e a seguran\u00e7a jur\u00eddica das orienta\u00e7\u00f5es.<\/p>\n\n\n\n<h3 class=\"wp-block-heading\" id=\"h-sigilo-medico-privacidade-e-lgpd\"><span class=\"ez-toc-section\" id=\"Sigilo_medico_privacidade_e_LGPD\"><\/span><strong>Sigilo m\u00e9dico, privacidade e LGPD<\/strong><span class=\"ez-toc-section-end\"><\/span><\/h3>\n\n\n\n<p>O prontu\u00e1rio m\u00e9dico est\u00e1 diretamente ligado ao <strong>sigilo profissional<\/strong>, princ\u00edpio fundamental da rela\u00e7\u00e3o m\u00e9dico-paciente. As informa\u00e7\u00f5es nele contidas s\u00e3o confidenciais e s\u00f3 podem ser acessadas por profissionais envolvidos no cuidado ou mediante autoriza\u00e7\u00e3o do paciente ou determina\u00e7\u00e3o legal.<\/p>\n\n\n\n<p>Com a vig\u00eancia da <strong>Lei Geral de Prote\u00e7\u00e3o de Dados (LGPD \u2013 Lei n\u00ba 13.709\/2018)<\/strong>, o prontu\u00e1rio passou a ser formalmente reconhecido como um conjunto de <strong>dados pessoais sens\u00edveis<\/strong>, exigindo cuidados adicionais quanto ao acesso, armazenamento, compartilhamento e seguran\u00e7a da informa\u00e7\u00e3o. Isso inclui controle de usu\u00e1rios, rastreabilidade de acessos e prote\u00e7\u00e3o contra vazamentos.<\/p>\n\n\n\n<p>Assim, o prontu\u00e1rio m\u00e9dico cumpre dupla fun\u00e7\u00e3o: al\u00e9m de instrumento essencial para o cuidado em sa\u00fade, \u00e9 tamb\u00e9m um <strong>documento protegido por normas \u00e9ticas e legais<\/strong>, que exigem do m\u00e9dico e das institui\u00e7\u00f5es postura ativa na preserva\u00e7\u00e3o da privacidade e da dignidade do paciente.<\/p>\n\n\n\n<h2 class=\"wp-block-heading\" id=\"h-quem-tem-acesso-ao-prontuario-medico\"><span class=\"ez-toc-section\" id=\"Quem_tem_acesso_ao_prontuario_medico\"><\/span><strong>Quem tem acesso ao prontu\u00e1rio m\u00e9dico?<\/strong><span class=\"ez-toc-section-end\"><\/span><\/h2>\n\n\n\n<p>O acesso ao prontu\u00e1rio m\u00e9dico \u00e9 restrito e protegido por normas \u00e9ticas e legais. <strong>Quem pode acessar um prontu\u00e1rio m\u00e9dico<\/strong> depende da finalidade e do v\u00ednculo com o atendimento:<\/p>\n\n\n\n<ul class=\"wp-block-list\">\n<li><strong>Paciente:<\/strong> Tem direito de acessar integralmente seu prontu\u00e1rio e solicitar c\u00f3pias, inclusive em meio eletr\u00f4nico, salvo exce\u00e7\u00f5es legais espec\u00edficas.<\/li>\n\n\n\n<li><strong>Equipe de sa\u00fade diretamente envolvida no cuidado:<\/strong> M\u00e9dicos, enfermeiros e outros profissionais assistenciais podem acessar as informa\u00e7\u00f5es <strong>estritamente necess\u00e1rias<\/strong> para a assist\u00eancia ao paciente.<\/li>\n\n\n\n<li><strong>Auditoria, per\u00edcia e fiscaliza\u00e7\u00e3o:<\/strong> O acesso \u00e9 permitido quando houver finalidade leg\u00edtima (auditoria m\u00e9dica, per\u00edcia judicial ou administrativa), sempre respeitando o sigilo e a minimiza\u00e7\u00e3o de dados.<\/li>\n\n\n\n<li><strong>Terceiros:<\/strong> Somente com <strong>autoriza\u00e7\u00e3o expressa do paciente<\/strong> ou por <strong>ordem judicial<\/strong>. O uso indevido configura infra\u00e7\u00e3o \u00e9tica e pode gerar responsabiliza\u00e7\u00e3o civil e penal.<\/li>\n<\/ul>\n\n\n\n<h2 class=\"wp-block-heading\" id=\"h-quanto-tempo-o-prontuario-deve-ser-guardado\"><span class=\"ez-toc-section\" id=\"Quanto_tempo_o_prontuario_deve_ser_guardado\"><\/span><strong>Quanto tempo o prontu\u00e1rio deve ser guardado?<\/strong><span class=\"ez-toc-section-end\"><\/span><\/h2>\n\n\n\n<p>As diretrizes nacionais indicam que o prontu\u00e1rio m\u00e9dico deve ser <strong>armazenado por, no m\u00ednimo, 20 anos<\/strong> ap\u00f3s o \u00faltimo registro. Em caso de prontu\u00e1rio eletr\u00f4nico, recomenda-se a guarda <strong>por prazo indeterminado<\/strong>, desde que asseguradas integridade, autenticidade e acesso seguro. Institui\u00e7\u00f5es podem adotar prazos maiores conforme pol\u00edticas internas ou exig\u00eancias legais espec\u00edficas.<\/p>\n\n\n\n<h2 class=\"wp-block-heading\" id=\"h-prontuario-eletronico-pep-vs-prontuario-de-papel-qual-a-diferenca\"><span class=\"ez-toc-section\" id=\"Prontuario_Eletronico_PEP_vs_Prontuario_de_Papel_qual_a_diferenca\"><\/span><strong>Prontu\u00e1rio Eletr\u00f4nico (PEP) vs. Prontu\u00e1rio de Papel: qual a diferen\u00e7a?<\/strong><span class=\"ez-toc-section-end\"><\/span><\/h2>\n\n\n\n<p>O <strong>Prontu\u00e1rio Eletr\u00f4nico do Paciente (PEP)<\/strong> e o prontu\u00e1rio em papel t\u00eam a mesma finalidade, mas diferem na forma de registro e gest\u00e3o:<\/p>\n\n\n\n<ul class=\"wp-block-list\">\n<li><strong>PEP<\/strong>\n<ul class=\"wp-block-list\">\n<li>Vantagens: legibilidade, acesso r\u00e1pido, integra\u00e7\u00e3o entre setores, rastreabilidade de acessos e maior seguran\u00e7a.<\/li>\n\n\n\n<li>Requisitos: certifica\u00e7\u00e3o digital, controle de usu\u00e1rios, backups, criptografia e conformidade com normas do CFM e LGPD.<br><\/li>\n<\/ul>\n<\/li>\n\n\n\n<li><strong>Papel<\/strong>\n<ul class=\"wp-block-list\">\n<li>Limita\u00e7\u00f5es: risco de perda, ilegibilidade, dificuldade de compartilhamento e menor rastreabilidade.<br>Ambos s\u00e3o v\u00e1lidos, desde que atendam \u00e0s exig\u00eancias \u00e9ticas e legais; o PEP, por\u00e9m, oferece maior efici\u00eancia e seguran\u00e7a.<\/li>\n<\/ul>\n<\/li>\n<\/ul>\n\n\n\n<h2 class=\"wp-block-heading\" id=\"h-qual-a-diferenca-entre-prontuario-e-relatorio-medico\"><span class=\"ez-toc-section\" id=\"Qual_a_diferenca_entre_prontuario_e_relatorio_medico\"><\/span><strong>Qual a diferen\u00e7a entre prontu\u00e1rio e relat\u00f3rio m\u00e9dico?<\/strong><span class=\"ez-toc-section-end\"><\/span><\/h2>\n\n\n\n<ul class=\"wp-block-list\">\n<li><strong>Prontu\u00e1rio m\u00e9dico: <\/strong>Documento <strong>completo e cont\u00ednuo<\/strong>, que re\u00fane todo o hist\u00f3rico assistencial do paciente ao longo do tempo.<\/li>\n\n\n\n<li><strong>Relat\u00f3rio m\u00e9dico:<\/strong> Documento <strong>pontual<\/strong>, elaborado para uma finalidade espec\u00edfica (encaminhamento, per\u00edcia, conv\u00eanio), com recorte das informa\u00e7\u00f5es relevantes.<br>O relat\u00f3rio pode ser extra\u00eddo do prontu\u00e1rio, mas <strong>n\u00e3o o substitui<\/strong>.<\/li>\n<\/ul>\n\n\n\n<h2 class=\"wp-block-heading\" id=\"h-como-preencher-o-prontuario-medico-de-forma-correta\"><span class=\"ez-toc-section\" id=\"Como_preencher_o_prontuario_medico_de_forma_correta\"><\/span><strong>Como preencher o prontu\u00e1rio m\u00e9dico de forma correta<\/strong><span class=\"ez-toc-section-end\"><\/span><\/h2>\n\n\n\n<ol class=\"wp-block-list\">\n<li><strong>Clareza e objetividade<\/strong>: registre fatos cl\u00ednicos de forma direta e compreens\u00edvel.<\/li>\n\n\n\n<li><strong>Linguagem t\u00e9cnica adequada<\/strong>: evite termos coloquiais; use nomenclatura m\u00e9dica padronizada.<\/li>\n\n\n\n<li><strong>Cronologia<\/strong>: anote sempre <strong>data e hor\u00e1rio<\/strong> de cada registro.<\/li>\n\n\n\n<li><strong>Rastreabilidade<\/strong>: identifique-se com nome, CRM e assinatura (ou certifica\u00e7\u00e3o digital).<\/li>\n\n\n\n<li><strong>Completude<\/strong>: registre hip\u00f3teses, condutas, orienta\u00e7\u00f5es e respostas do paciente.<\/li>\n<\/ol>\n\n\n\n<h2 class=\"wp-block-heading\" id=\"h-erros-comuns-no-prontuario-e-como-evita-los\"><span class=\"ez-toc-section\" id=\"Erros_comuns_no_prontuario_e_como_evita-los\"><\/span><strong>Erros comuns no prontu\u00e1rio e como evit\u00e1-los<\/strong><span class=\"ez-toc-section-end\"><\/span><\/h2>\n\n\n\n<ul class=\"wp-block-list\">\n<li><strong>Omiss\u00f5es de informa\u00e7\u00f5es relevantes: <\/strong>Evite: use checklists mentais (QP, exame, diagn\u00f3stico, conduta).<\/li>\n\n\n\n<li><strong>Termos vagos (\u201cest\u00e1vel\u201d, \u201cbem\u201d): <\/strong>\u00a0Evite: descreva achados objetivos.<\/li>\n\n\n\n<li><strong>Aus\u00eancia de data e hor\u00e1rio: <\/strong>Evite: padronize o registro imediato.<\/li>\n\n\n\n<li><strong>Erros de evolu\u00e7\u00e3o:<\/strong> Evite: revise antes de salvar\/assinar.<\/li>\n\n\n\n<li><strong>Abrevia\u00e7\u00f5es indevidas:<\/strong> Evite: use apenas abrevia\u00e7\u00f5es consagradas.<\/li>\n<\/ul>\n\n\n\n<h2 class=\"wp-block-heading\" id=\"h-o-prontuario-na-pratica-da-residencia-medica\"><span class=\"ez-toc-section\" id=\"O_prontuario_na_pratica_da_residencia_medica\"><\/span><strong>O prontu\u00e1rio na pr\u00e1tica da resid\u00eancia m\u00e9dica<\/strong><span class=\"ez-toc-section-end\"><\/span><\/h2>\n\n\n\n<p>Na <a href=\"https:\/\/www.grupomedcof.com.br\/blog\/categorias\/residencia-medica\/\">resid\u00eancia<\/a>, o prontu\u00e1rio \u00e9 essencial para <strong>passagem de plant\u00e3o<\/strong>, <strong>rondas<\/strong>, <strong>discuss\u00e3o de casos<\/strong> e <strong>responsabilidade profissional<\/strong> do residente. Registros sistem\u00e1ticos organizam o racioc\u00ednio cl\u00ednico, facilitam a comunica\u00e7\u00e3o da equipe e reduzem riscos assistenciais e \u00e9ticos.<\/p>\n\n\n\n<h2 class=\"wp-block-heading\" id=\"h-impulsione-a-sua-carreira-medica-com-a-medcof\"><span class=\"ez-toc-section\" id=\"Impulsione_a_sua_carreira_medica_com_a_MedCof\"><\/span><strong>Impulsione a sua carreira m\u00e9dica com a MedCof<\/strong><span class=\"ez-toc-section-end\"><\/span><\/h2>\n\n\n\n<p>Conciliar a rotina intensa da resid\u00eancia com a prepara\u00e7\u00e3o para novas <a href=\"https:\/\/www.grupomedcof.com.br\/blog\/categorias\/prova-de-titulo\/\">provas<\/a> \u00e9 desafiador. A <a href=\"https:\/\/www.grupomedcof.com.br\/home\/sobre-nos\"><strong>MedCof<\/strong><\/a> oferece a solu\u00e7\u00e3o ideal com <strong>metodologia focada em provas<\/strong>, <strong>professores refer\u00eancia nacional<\/strong> e <strong>plataforma inteligente<\/strong>, que personaliza o estudo e otimiza o tempo. Para quem busca aprova\u00e7\u00e3o e evolu\u00e7\u00e3o profissional, a MedCof \u00e9 a <strong>parceira certa para <\/strong><a href=\"https:\/\/www.grupomedcof.com.br\/home\/\"><strong>conquistar o pr\u00f3ximo passo da carreira m\u00e9dica<\/strong>.<\/a><\/p>\n\n\n\n<figure class=\"wp-block-embed is-type-video is-provider-youtube wp-block-embed-youtube wp-embed-aspect-4-3 wp-has-aspect-ratio\"><div class=\"wp-block-embed__wrapper\">\n<div class=\"youtube-embed\" data-video_id=\"mAPaa99bjzc\"><iframe loading=\"lazy\" title=\"Onboarding: Como conciliar gradua\u00e7\u00e3o e prepara\u00e7\u00e3o para o Enamed 4\u00ba Ano\" width=\"696\" height=\"522\" src=\"https:\/\/www.youtube.com\/embed\/mAPaa99bjzc?feature=oembed&#038;enablejsapi=1\" frameborder=\"0\" allow=\"accelerometer; autoplay; clipboard-write; encrypted-media; gyroscope; picture-in-picture; web-share\" referrerpolicy=\"strict-origin-when-cross-origin\" allowfullscreen><\/iframe><\/div>\n<\/div><\/figure>\n","protected":false},"excerpt":{"rendered":"<p>Entenda o que \u00e9 prontu\u00e1rio m\u00e9dico, qual sua import\u00e2ncia e aspectos legais. Saiba como preencher corretamente e quais erros evitar na pr\u00e1tica cl\u00ednica.<\/p>\n","protected":false},"author":20,"featured_media":40737,"comment_status":"closed","ping_status":"closed","sticky":false,"template":"","format":"standard","meta":{"footnotes":""},"categories":[55],"tags":[2707,3408,3406,3405,3409,3412,3411,3410],"ppma_author":[3616],"class_list":{"0":"post-40736","1":"post","2":"type-post","3":"status-publish","4":"format-standard","5":"has-post-thumbnail","7":"category-carreira-medica","8":"tag-anamnese","9":"tag-base-legal","10":"tag-evolucoes-medicas","11":"tag-exame-fisico","12":"tag-lgpd","13":"tag-pep","14":"tag-prontuario-de-papel","15":"tag-prontuario-eletronico"},"yoast_head":"<!-- This site is optimized with the Yoast SEO Premium plugin v24.3 (Yoast SEO v27.4) - https:\/\/yoast.com\/product\/yoast-seo-premium-wordpress\/ -->\n<title>Prontu\u00e1rio m\u00e9dico: o que \u00e9, import\u00e2ncia e aspectos legais<\/title>\n<meta name=\"description\" content=\"Entenda o que \u00e9 prontu\u00e1rio m\u00e9dico, qual sua import\u00e2ncia e aspectos legais. Saiba como preencher corretamente e quais erros evitar na pr\u00e1tica cl\u00ednica.\" \/>\n<meta name=\"robots\" content=\"index, follow, max-snippet:-1, max-image-preview:large, max-video-preview:-1\" \/>\n<link rel=\"canonical\" href=\"https:\/\/www.grupomedcof.com.br\/blog\/prontuario-medico\/\" \/>\n<meta property=\"og:locale\" content=\"pt_BR\" \/>\n<meta property=\"og:type\" content=\"article\" \/>\n<meta property=\"og:title\" content=\"Prontu\u00e1rio m\u00e9dico: import\u00e2ncia, normas e como preencher corretamente\" \/>\n<meta property=\"og:description\" content=\"Entenda o que \u00e9 prontu\u00e1rio m\u00e9dico, qual sua import\u00e2ncia e aspectos legais. Saiba como preencher corretamente e quais erros evitar na pr\u00e1tica cl\u00ednica.\" \/>\n<meta property=\"og:url\" content=\"https:\/\/www.grupomedcof.com.br\/blog\/prontuario-medico\/\" \/>\n<meta property=\"og:site_name\" content=\"Blog de Medcof: conte\u00fados, editais, revalida e mais!\" \/>\n<meta property=\"article:publisher\" content=\"https:\/\/www.facebook.com\/MedCofQbank\/\" \/>\n<meta property=\"article:published_time\" content=\"2026-01-18T18:00:00+00:00\" \/>\n<meta property=\"article:modified_time\" content=\"2026-01-29T17:39:02+00:00\" \/>\n<meta property=\"og:image\" content=\"https:\/\/www.grupomedcof.com.br\/blog\/wp-content\/uploads\/2026\/01\/Blog-MedCof-2026-01-16T154616.277.jpg\" \/>\n\t<meta property=\"og:image:width\" content=\"1920\" \/>\n\t<meta property=\"og:image:height\" content=\"1080\" \/>\n\t<meta property=\"og:image:type\" content=\"image\/jpeg\" \/>\n<meta name=\"author\" content=\"Leila Menzel\" \/>\n<meta name=\"twitter:card\" content=\"summary_large_image\" \/>\n<meta name=\"twitter:label1\" content=\"Escrito por\" \/>\n\t<meta name=\"twitter:data1\" content=\"Leila Menzel\" \/>\n\t<meta name=\"twitter:label2\" content=\"Est. tempo de leitura\" \/>\n\t<meta name=\"twitter:data2\" content=\"9 minutos\" \/>\n<script type=\"application\/ld+json\" class=\"yoast-schema-graph\">{\"@context\":\"https:\\\/\\\/schema.org\",\"@graph\":[{\"@type\":\"Article\",\"@id\":\"https:\\\/\\\/www.grupomedcof.com.br\\\/blog\\\/prontuario-medico\\\/#article\",\"isPartOf\":{\"@id\":\"https:\\\/\\\/www.grupomedcof.com.br\\\/blog\\\/prontuario-medico\\\/\"},\"author\":{\"name\":\"Leila Menzel\",\"@id\":\"https:\\\/\\\/www.grupomedcof.com.br\\\/blog\\\/#\\\/schema\\\/person\\\/9a44c2184a836bf5ae6967fdb3a1451e\"},\"headline\":\"Prontu\u00e1rio m\u00e9dico: import\u00e2ncia, normas e como preencher corretamente\",\"datePublished\":\"2026-01-18T18:00:00+00:00\",\"dateModified\":\"2026-01-29T17:39:02+00:00\",\"mainEntityOfPage\":{\"@id\":\"https:\\\/\\\/www.grupomedcof.com.br\\\/blog\\\/prontuario-medico\\\/\"},\"wordCount\":1724,\"publisher\":{\"@id\":\"https:\\\/\\\/www.grupomedcof.com.br\\\/blog\\\/#organization\"},\"image\":{\"@id\":\"https:\\\/\\\/www.grupomedcof.com.br\\\/blog\\\/prontuario-medico\\\/#primaryimage\"},\"thumbnailUrl\":\"https:\\\/\\\/www.grupomedcof.com.br\\\/blog\\\/wp-content\\\/uploads\\\/2026\\\/01\\\/Blog-MedCof-2026-01-16T154616.277.jpg\",\"keywords\":[\"Anamnese\",\"Base legal\",\"Evolu\u00e7\u00f5es m\u00e9dicas\",\"Exame f\u00edsico\",\"LGPD\",\"PEP\",\"Prontu\u00e1rio de Papel\",\"Prontu\u00e1rio eletr\u00f4nico\"],\"articleSection\":[\"Carreira M\u00e9dica\"],\"inLanguage\":\"pt-BR\"},{\"@type\":\"WebPage\",\"@id\":\"https:\\\/\\\/www.grupomedcof.com.br\\\/blog\\\/prontuario-medico\\\/\",\"url\":\"https:\\\/\\\/www.grupomedcof.com.br\\\/blog\\\/prontuario-medico\\\/\",\"name\":\"Prontu\u00e1rio m\u00e9dico: o que \u00e9, import\u00e2ncia e aspectos legais\",\"isPartOf\":{\"@id\":\"https:\\\/\\\/www.grupomedcof.com.br\\\/blog\\\/#website\"},\"primaryImageOfPage\":{\"@id\":\"https:\\\/\\\/www.grupomedcof.com.br\\\/blog\\\/prontuario-medico\\\/#primaryimage\"},\"image\":{\"@id\":\"https:\\\/\\\/www.grupomedcof.com.br\\\/blog\\\/prontuario-medico\\\/#primaryimage\"},\"thumbnailUrl\":\"https:\\\/\\\/www.grupomedcof.com.br\\\/blog\\\/wp-content\\\/uploads\\\/2026\\\/01\\\/Blog-MedCof-2026-01-16T154616.277.jpg\",\"datePublished\":\"2026-01-18T18:00:00+00:00\",\"dateModified\":\"2026-01-29T17:39:02+00:00\",\"description\":\"Entenda o que \u00e9 prontu\u00e1rio m\u00e9dico, qual sua import\u00e2ncia e aspectos legais. Saiba como preencher corretamente e quais erros evitar na pr\u00e1tica cl\u00ednica.\",\"breadcrumb\":{\"@id\":\"https:\\\/\\\/www.grupomedcof.com.br\\\/blog\\\/prontuario-medico\\\/#breadcrumb\"},\"inLanguage\":\"pt-BR\",\"potentialAction\":[{\"@type\":\"ReadAction\",\"target\":[\"https:\\\/\\\/www.grupomedcof.com.br\\\/blog\\\/prontuario-medico\\\/\"]}]},{\"@type\":\"ImageObject\",\"inLanguage\":\"pt-BR\",\"@id\":\"https:\\\/\\\/www.grupomedcof.com.br\\\/blog\\\/prontuario-medico\\\/#primaryimage\",\"url\":\"https:\\\/\\\/www.grupomedcof.com.br\\\/blog\\\/wp-content\\\/uploads\\\/2026\\\/01\\\/Blog-MedCof-2026-01-16T154616.277.jpg\",\"contentUrl\":\"https:\\\/\\\/www.grupomedcof.com.br\\\/blog\\\/wp-content\\\/uploads\\\/2026\\\/01\\\/Blog-MedCof-2026-01-16T154616.277.jpg\",\"width\":1920,\"height\":1080},{\"@type\":\"BreadcrumbList\",\"@id\":\"https:\\\/\\\/www.grupomedcof.com.br\\\/blog\\\/prontuario-medico\\\/#breadcrumb\",\"itemListElement\":[{\"@type\":\"ListItem\",\"position\":1,\"name\":\"In\u00edcio\",\"item\":\"https:\\\/\\\/www.grupomedcof.com.br\\\/blog\\\/\"},{\"@type\":\"ListItem\",\"position\":2,\"name\":\"Prontu\u00e1rio m\u00e9dico: import\u00e2ncia, normas e como preencher corretamente\"}]},{\"@type\":\"WebSite\",\"@id\":\"https:\\\/\\\/www.grupomedcof.com.br\\\/blog\\\/#website\",\"url\":\"https:\\\/\\\/www.grupomedcof.com.br\\\/blog\\\/\",\"name\":\"Blog de Medcof: conte\u00fados, editais, revalida e mais!\",\"description\":\"Acesso o blog de MedCof! Seu portal de conte\u00fados sobre resid\u00eancia m\u00e9dica, an\u00e1lise e editais e muito mais. Clique e confira!\",\"publisher\":{\"@id\":\"https:\\\/\\\/www.grupomedcof.com.br\\\/blog\\\/#organization\"},\"alternateName\":\"Blog de Medcof: conte\u00fados, editais, revalida e mais!\",\"potentialAction\":[{\"@type\":\"SearchAction\",\"target\":{\"@type\":\"EntryPoint\",\"urlTemplate\":\"https:\\\/\\\/www.grupomedcof.com.br\\\/blog\\\/?s={search_term_string}\"},\"query-input\":{\"@type\":\"PropertyValueSpecification\",\"valueRequired\":true,\"valueName\":\"search_term_string\"}}],\"inLanguage\":\"pt-BR\"},{\"@type\":\"Organization\",\"@id\":\"https:\\\/\\\/www.grupomedcof.com.br\\\/blog\\\/#organization\",\"name\":\"Grupo MedCof\",\"url\":\"https:\\\/\\\/www.grupomedcof.com.br\\\/blog\\\/\",\"logo\":{\"@type\":\"ImageObject\",\"inLanguage\":\"pt-BR\",\"@id\":\"https:\\\/\\\/www.grupomedcof.com.br\\\/blog\\\/#\\\/schema\\\/logo\\\/image\\\/\",\"url\":\"https:\\\/\\\/www.grupomedcof.com.br\\\/blog\\\/wp-content\\\/uploads\\\/2022\\\/01\\\/logo-medcof.png\",\"contentUrl\":\"https:\\\/\\\/www.grupomedcof.com.br\\\/blog\\\/wp-content\\\/uploads\\\/2022\\\/01\\\/logo-medcof.png\",\"width\":768,\"height\":269,\"caption\":\"Grupo MedCof\"},\"image\":{\"@id\":\"https:\\\/\\\/www.grupomedcof.com.br\\\/blog\\\/#\\\/schema\\\/logo\\\/image\\\/\"},\"sameAs\":[\"https:\\\/\\\/www.facebook.com\\\/MedCofQbank\\\/\",\"https:\\\/\\\/www.instagram.com\\\/grupomedcof\\\/\",\"https:\\\/\\\/br.linkedin.com\\\/company\\\/medcof\",\"https:\\\/\\\/www.youtube.com\\\/channel\\\/UCdHMuOHKICxcHwecxN8P-AA\"]},{\"@type\":\"Person\",\"@id\":\"https:\\\/\\\/www.grupomedcof.com.br\\\/blog\\\/#\\\/schema\\\/person\\\/9a44c2184a836bf5ae6967fdb3a1451e\",\"name\":\"Leila Menzel\",\"image\":{\"@type\":\"ImageObject\",\"inLanguage\":\"pt-BR\",\"@id\":\"https:\\\/\\\/www.grupomedcof.com.br\\\/blog\\\/wp-content\\\/uploads\\\/2025\\\/09\\\/cropped-eu-96x96.jpeg19a74936d997c0a8b3031618467fa1d0\",\"url\":\"https:\\\/\\\/www.grupomedcof.com.br\\\/blog\\\/wp-content\\\/uploads\\\/2025\\\/09\\\/cropped-eu-96x96.jpeg\",\"contentUrl\":\"https:\\\/\\\/www.grupomedcof.com.br\\\/blog\\\/wp-content\\\/uploads\\\/2025\\\/09\\\/cropped-eu-96x96.jpeg\",\"caption\":\"Leila Menzel\"},\"description\":\"Estudante do 6\u00b0 semestre de jornalismo, amo e escrevo poesias e viajo em livros de romances clich\u00eas.\",\"url\":\"https:\\\/\\\/www.grupomedcof.com.br\\\/blog\\\/author\\\/leila-menzel\\\/\"}]}<\/script>\n<!-- \/ Yoast SEO Premium plugin. -->","yoast_head_json":{"title":"Prontu\u00e1rio m\u00e9dico: o que \u00e9, import\u00e2ncia e aspectos legais","description":"Entenda o que \u00e9 prontu\u00e1rio m\u00e9dico, qual sua import\u00e2ncia e aspectos legais. Saiba como preencher corretamente e quais erros evitar na pr\u00e1tica cl\u00ednica.","robots":{"index":"index","follow":"follow","max-snippet":"max-snippet:-1","max-image-preview":"max-image-preview:large","max-video-preview":"max-video-preview:-1"},"canonical":"https:\/\/www.grupomedcof.com.br\/blog\/prontuario-medico\/","og_locale":"pt_BR","og_type":"article","og_title":"Prontu\u00e1rio m\u00e9dico: import\u00e2ncia, normas e como preencher corretamente","og_description":"Entenda o que \u00e9 prontu\u00e1rio m\u00e9dico, qual sua import\u00e2ncia e aspectos legais. Saiba como preencher corretamente e quais erros evitar na pr\u00e1tica cl\u00ednica.","og_url":"https:\/\/www.grupomedcof.com.br\/blog\/prontuario-medico\/","og_site_name":"Blog de Medcof: conte\u00fados, editais, revalida e mais!","article_publisher":"https:\/\/www.facebook.com\/MedCofQbank\/","article_published_time":"2026-01-18T18:00:00+00:00","article_modified_time":"2026-01-29T17:39:02+00:00","og_image":[{"width":1920,"height":1080,"url":"https:\/\/www.grupomedcof.com.br\/blog\/wp-content\/uploads\/2026\/01\/Blog-MedCof-2026-01-16T154616.277.jpg","type":"image\/jpeg"}],"author":"Leila Menzel","twitter_card":"summary_large_image","twitter_misc":{"Escrito por":"Leila Menzel","Est. tempo de leitura":"9 minutos"},"schema":{"@context":"https:\/\/schema.org","@graph":[{"@type":"Article","@id":"https:\/\/www.grupomedcof.com.br\/blog\/prontuario-medico\/#article","isPartOf":{"@id":"https:\/\/www.grupomedcof.com.br\/blog\/prontuario-medico\/"},"author":{"name":"Leila Menzel","@id":"https:\/\/www.grupomedcof.com.br\/blog\/#\/schema\/person\/9a44c2184a836bf5ae6967fdb3a1451e"},"headline":"Prontu\u00e1rio m\u00e9dico: import\u00e2ncia, normas e como preencher corretamente","datePublished":"2026-01-18T18:00:00+00:00","dateModified":"2026-01-29T17:39:02+00:00","mainEntityOfPage":{"@id":"https:\/\/www.grupomedcof.com.br\/blog\/prontuario-medico\/"},"wordCount":1724,"publisher":{"@id":"https:\/\/www.grupomedcof.com.br\/blog\/#organization"},"image":{"@id":"https:\/\/www.grupomedcof.com.br\/blog\/prontuario-medico\/#primaryimage"},"thumbnailUrl":"https:\/\/www.grupomedcof.com.br\/blog\/wp-content\/uploads\/2026\/01\/Blog-MedCof-2026-01-16T154616.277.jpg","keywords":["Anamnese","Base legal","Evolu\u00e7\u00f5es m\u00e9dicas","Exame f\u00edsico","LGPD","PEP","Prontu\u00e1rio de Papel","Prontu\u00e1rio eletr\u00f4nico"],"articleSection":["Carreira M\u00e9dica"],"inLanguage":"pt-BR"},{"@type":"WebPage","@id":"https:\/\/www.grupomedcof.com.br\/blog\/prontuario-medico\/","url":"https:\/\/www.grupomedcof.com.br\/blog\/prontuario-medico\/","name":"Prontu\u00e1rio m\u00e9dico: o que \u00e9, import\u00e2ncia e aspectos legais","isPartOf":{"@id":"https:\/\/www.grupomedcof.com.br\/blog\/#website"},"primaryImageOfPage":{"@id":"https:\/\/www.grupomedcof.com.br\/blog\/prontuario-medico\/#primaryimage"},"image":{"@id":"https:\/\/www.grupomedcof.com.br\/blog\/prontuario-medico\/#primaryimage"},"thumbnailUrl":"https:\/\/www.grupomedcof.com.br\/blog\/wp-content\/uploads\/2026\/01\/Blog-MedCof-2026-01-16T154616.277.jpg","datePublished":"2026-01-18T18:00:00+00:00","dateModified":"2026-01-29T17:39:02+00:00","description":"Entenda o que \u00e9 prontu\u00e1rio m\u00e9dico, qual sua import\u00e2ncia e aspectos legais. Saiba como preencher corretamente e quais erros evitar na pr\u00e1tica cl\u00ednica.","breadcrumb":{"@id":"https:\/\/www.grupomedcof.com.br\/blog\/prontuario-medico\/#breadcrumb"},"inLanguage":"pt-BR","potentialAction":[{"@type":"ReadAction","target":["https:\/\/www.grupomedcof.com.br\/blog\/prontuario-medico\/"]}]},{"@type":"ImageObject","inLanguage":"pt-BR","@id":"https:\/\/www.grupomedcof.com.br\/blog\/prontuario-medico\/#primaryimage","url":"https:\/\/www.grupomedcof.com.br\/blog\/wp-content\/uploads\/2026\/01\/Blog-MedCof-2026-01-16T154616.277.jpg","contentUrl":"https:\/\/www.grupomedcof.com.br\/blog\/wp-content\/uploads\/2026\/01\/Blog-MedCof-2026-01-16T154616.277.jpg","width":1920,"height":1080},{"@type":"BreadcrumbList","@id":"https:\/\/www.grupomedcof.com.br\/blog\/prontuario-medico\/#breadcrumb","itemListElement":[{"@type":"ListItem","position":1,"name":"In\u00edcio","item":"https:\/\/www.grupomedcof.com.br\/blog\/"},{"@type":"ListItem","position":2,"name":"Prontu\u00e1rio m\u00e9dico: import\u00e2ncia, normas e como preencher corretamente"}]},{"@type":"WebSite","@id":"https:\/\/www.grupomedcof.com.br\/blog\/#website","url":"https:\/\/www.grupomedcof.com.br\/blog\/","name":"Blog de Medcof: conte\u00fados, editais, revalida e mais!","description":"Acesso o blog de MedCof! Seu portal de conte\u00fados sobre resid\u00eancia m\u00e9dica, an\u00e1lise e editais e muito mais. Clique e confira!","publisher":{"@id":"https:\/\/www.grupomedcof.com.br\/blog\/#organization"},"alternateName":"Blog de Medcof: conte\u00fados, editais, revalida e mais!","potentialAction":[{"@type":"SearchAction","target":{"@type":"EntryPoint","urlTemplate":"https:\/\/www.grupomedcof.com.br\/blog\/?s={search_term_string}"},"query-input":{"@type":"PropertyValueSpecification","valueRequired":true,"valueName":"search_term_string"}}],"inLanguage":"pt-BR"},{"@type":"Organization","@id":"https:\/\/www.grupomedcof.com.br\/blog\/#organization","name":"Grupo MedCof","url":"https:\/\/www.grupomedcof.com.br\/blog\/","logo":{"@type":"ImageObject","inLanguage":"pt-BR","@id":"https:\/\/www.grupomedcof.com.br\/blog\/#\/schema\/logo\/image\/","url":"https:\/\/www.grupomedcof.com.br\/blog\/wp-content\/uploads\/2022\/01\/logo-medcof.png","contentUrl":"https:\/\/www.grupomedcof.com.br\/blog\/wp-content\/uploads\/2022\/01\/logo-medcof.png","width":768,"height":269,"caption":"Grupo MedCof"},"image":{"@id":"https:\/\/www.grupomedcof.com.br\/blog\/#\/schema\/logo\/image\/"},"sameAs":["https:\/\/www.facebook.com\/MedCofQbank\/","https:\/\/www.instagram.com\/grupomedcof\/","https:\/\/br.linkedin.com\/company\/medcof","https:\/\/www.youtube.com\/channel\/UCdHMuOHKICxcHwecxN8P-AA"]},{"@type":"Person","@id":"https:\/\/www.grupomedcof.com.br\/blog\/#\/schema\/person\/9a44c2184a836bf5ae6967fdb3a1451e","name":"Leila Menzel","image":{"@type":"ImageObject","inLanguage":"pt-BR","@id":"https:\/\/www.grupomedcof.com.br\/blog\/wp-content\/uploads\/2025\/09\/cropped-eu-96x96.jpeg19a74936d997c0a8b3031618467fa1d0","url":"https:\/\/www.grupomedcof.com.br\/blog\/wp-content\/uploads\/2025\/09\/cropped-eu-96x96.jpeg","contentUrl":"https:\/\/www.grupomedcof.com.br\/blog\/wp-content\/uploads\/2025\/09\/cropped-eu-96x96.jpeg","caption":"Leila Menzel"},"description":"Estudante do 6\u00b0 semestre de jornalismo, amo e escrevo poesias e viajo em livros de romances clich\u00eas.","url":"https:\/\/www.grupomedcof.com.br\/blog\/author\/leila-menzel\/"}]}},"authors":[{"term_id":3616,"user_id":20,"is_guest":0,"slug":"leila-menzel","display_name":"Leila Menzel","avatar_url":"https:\/\/www.grupomedcof.com.br\/blog\/wp-content\/uploads\/2025\/09\/cropped-eu-96x96.jpeg","0":null,"1":"","2":"","3":"","4":"","5":"","6":"","7":"","8":""}],"_links":{"self":[{"href":"https:\/\/www.grupomedcof.com.br\/blog\/wp-json\/wp\/v2\/posts\/40736","targetHints":{"allow":["GET"]}}],"collection":[{"href":"https:\/\/www.grupomedcof.com.br\/blog\/wp-json\/wp\/v2\/posts"}],"about":[{"href":"https:\/\/www.grupomedcof.com.br\/blog\/wp-json\/wp\/v2\/types\/post"}],"author":[{"embeddable":true,"href":"https:\/\/www.grupomedcof.com.br\/blog\/wp-json\/wp\/v2\/users\/20"}],"replies":[{"embeddable":true,"href":"https:\/\/www.grupomedcof.com.br\/blog\/wp-json\/wp\/v2\/comments?post=40736"}],"version-history":[{"count":1,"href":"https:\/\/www.grupomedcof.com.br\/blog\/wp-json\/wp\/v2\/posts\/40736\/revisions"}],"predecessor-version":[{"id":40738,"href":"https:\/\/www.grupomedcof.com.br\/blog\/wp-json\/wp\/v2\/posts\/40736\/revisions\/40738"}],"wp:featuredmedia":[{"embeddable":true,"href":"https:\/\/www.grupomedcof.com.br\/blog\/wp-json\/wp\/v2\/media\/40737"}],"wp:attachment":[{"href":"https:\/\/www.grupomedcof.com.br\/blog\/wp-json\/wp\/v2\/media?parent=40736"}],"wp:term":[{"taxonomy":"category","embeddable":true,"href":"https:\/\/www.grupomedcof.com.br\/blog\/wp-json\/wp\/v2\/categories?post=40736"},{"taxonomy":"post_tag","embeddable":true,"href":"https:\/\/www.grupomedcof.com.br\/blog\/wp-json\/wp\/v2\/tags?post=40736"},{"taxonomy":"author","embeddable":true,"href":"https:\/\/www.grupomedcof.com.br\/blog\/wp-json\/wp\/v2\/ppma_author?post=40736"}],"curies":[{"name":"wp","href":"https:\/\/api.w.org\/{rel}","templated":true}]}}