{"id":40953,"date":"2026-01-27T18:00:00","date_gmt":"2026-01-27T21:00:00","guid":{"rendered":"https:\/\/www.grupomedcof.com.br\/blog\/?p=40953"},"modified":"2026-01-26T15:59:37","modified_gmt":"2026-01-26T18:59:37","slug":"cefaleia-e-hipertensao-na-infancia","status":"publish","type":"post","link":"https:\/\/www.grupomedcof.com.br\/blog\/cefaleia-e-hipertensao-na-infancia\/","title":{"rendered":"Saiba diferenciar as Cefaleias e a Hipertens\u00e3o Intracraniana na Inf\u00e2ncia"},"content":{"rendered":"<div id=\"ez-toc-container\" class=\"ez-toc-v2_0_74 counter-hierarchy ez-toc-counter ez-toc-transparent ez-toc-container-direction\">\n<div class=\"ez-toc-title-container\">\n<p class=\"ez-toc-title\" style=\"cursor:inherit\">Sum\u00e1rio<\/p>\n<span class=\"ez-toc-title-toggle\"><a href=\"#\" class=\"ez-toc-pull-right ez-toc-btn ez-toc-btn-xs ez-toc-btn-default ez-toc-toggle\" aria-label=\"Alternar tabela de conte\u00fado\"><span class=\"ez-toc-js-icon-con\"><span class=\"\"><span class=\"eztoc-hide\" style=\"display:none;\">Toggle<\/span><span class=\"ez-toc-icon-toggle-span\"><svg style=\"fill: #999;color:#999\" xmlns=\"http:\/\/www.w3.org\/2000\/svg\" class=\"list-377408\" width=\"20px\" height=\"20px\" viewBox=\"0 0 24 24\" fill=\"none\"><path d=\"M6 6H4v2h2V6zm14 0H8v2h12V6zM4 11h2v2H4v-2zm16 0H8v2h12v-2zM4 16h2v2H4v-2zm16 0H8v2h12v-2z\" fill=\"currentColor\"><\/path><\/svg><svg style=\"fill: #999;color:#999\" class=\"arrow-unsorted-368013\" xmlns=\"http:\/\/www.w3.org\/2000\/svg\" width=\"10px\" height=\"10px\" viewBox=\"0 0 24 24\" version=\"1.2\" baseProfile=\"tiny\"><path d=\"M18.2 9.3l-6.2-6.3-6.2 6.3c-.2.2-.3.4-.3.7s.1.5.3.7c.2.2.4.3.7.3h11c.3 0 .5-.1.7-.3.2-.2.3-.5.3-.7s-.1-.5-.3-.7zM5.8 14.7l6.2 6.3 6.2-6.3c.2-.2.3-.5.3-.7s-.1-.5-.3-.7c-.2-.2-.4-.3-.7-.3h-11c-.3 0-.5.1-.7.3-.2.2-.3.5-.3.7s.1.5.3.7z\"\/><\/svg><\/span><\/span><\/span><\/a><\/span><\/div>\n<nav><ul class='ez-toc-list ez-toc-list-level-1 ' ><li class='ez-toc-page-1 ez-toc-heading-level-2'><a class=\"ez-toc-link ez-toc-heading-1\" href=\"https:\/\/www.grupomedcof.com.br\/blog\/cefaleia-e-hipertensao-na-infancia\/#Conceitos_basicos\" >Conceitos b\u00e1sicos<\/a><ul class='ez-toc-list-level-3' ><li class='ez-toc-heading-level-3'><a class=\"ez-toc-link ez-toc-heading-2\" href=\"https:\/\/www.grupomedcof.com.br\/blog\/cefaleia-e-hipertensao-na-infancia\/#O_Sinal_de_Alerta_Red_Flags\" >O Sinal de Alerta: Red Flags<\/a><\/li><li class='ez-toc-page-1 ez-toc-heading-level-3'><a class=\"ez-toc-link ez-toc-heading-3\" href=\"https:\/\/www.grupomedcof.com.br\/blog\/cefaleia-e-hipertensao-na-infancia\/#As_Primarias_Migranea_x_Tensional\" >As Prim\u00e1rias: Migr\u00e2nea x Tensional<\/a><\/li><li class='ez-toc-page-1 ez-toc-heading-level-3'><a class=\"ez-toc-link ez-toc-heading-4\" href=\"https:\/\/www.grupomedcof.com.br\/blog\/cefaleia-e-hipertensao-na-infancia\/#Tratamento\" >Tratamento<\/a><\/li><\/ul><\/li><li class='ez-toc-page-1 ez-toc-heading-level-2'><a class=\"ez-toc-link ez-toc-heading-5\" href=\"https:\/\/www.grupomedcof.com.br\/blog\/cefaleia-e-hipertensao-na-infancia\/#Hipertensao_Intracraniana_HIC\" >Hipertens\u00e3o Intracraniana (HIC)<\/a><\/li><li class='ez-toc-page-1 ez-toc-heading-level-2'><a class=\"ez-toc-link ez-toc-heading-6\" href=\"https:\/\/www.grupomedcof.com.br\/blog\/cefaleia-e-hipertensao-na-infancia\/#Conquiste_a_aprovacao_e_acompanhe_mais_noticias\" >Conquiste a aprova\u00e7\u00e3o e acompanhe mais not\u00edcias!<\/a><\/li><\/ul><\/nav><\/div>\n\n<figure class=\"wp-block-image size-large\"><img loading=\"lazy\" decoding=\"async\" width=\"1024\" height=\"576\" src=\"https:\/\/www.grupomedcof.com.br\/blog\/wp-content\/uploads\/2026\/01\/Blog-MedCof-2026-01-26T155226.514-1024x576.jpg\" alt=\"\" class=\"wp-image-40956\" srcset=\"https:\/\/www.grupomedcof.com.br\/blog\/wp-content\/uploads\/2026\/01\/Blog-MedCof-2026-01-26T155226.514-1024x576.jpg 1024w, https:\/\/www.grupomedcof.com.br\/blog\/wp-content\/uploads\/2026\/01\/Blog-MedCof-2026-01-26T155226.514-300x169.jpg 300w, https:\/\/www.grupomedcof.com.br\/blog\/wp-content\/uploads\/2026\/01\/Blog-MedCof-2026-01-26T155226.514-768x432.jpg 768w, https:\/\/www.grupomedcof.com.br\/blog\/wp-content\/uploads\/2026\/01\/Blog-MedCof-2026-01-26T155226.514-1536x864.jpg 1536w, https:\/\/www.grupomedcof.com.br\/blog\/wp-content\/uploads\/2026\/01\/Blog-MedCof-2026-01-26T155226.514-747x420.jpg 747w, https:\/\/www.grupomedcof.com.br\/blog\/wp-content\/uploads\/2026\/01\/Blog-MedCof-2026-01-26T155226.514-150x84.jpg 150w, https:\/\/www.grupomedcof.com.br\/blog\/wp-content\/uploads\/2026\/01\/Blog-MedCof-2026-01-26T155226.514-696x392.jpg 696w, https:\/\/www.grupomedcof.com.br\/blog\/wp-content\/uploads\/2026\/01\/Blog-MedCof-2026-01-26T155226.514-1068x601.jpg 1068w, https:\/\/www.grupomedcof.com.br\/blog\/wp-content\/uploads\/2026\/01\/Blog-MedCof-2026-01-26T155226.514.jpg 1920w\" sizes=\"auto, (max-width: 1024px) 100vw, 1024px\" \/><\/figure>\n\n\n\n<p><strong>Cefaleia<\/strong> na pediatria \u00e9 uma queixa extremamente frequente no pronto-socorro e no ambulat\u00f3rio, saber quando \u00e9 apenas uma cefaleia prim\u00e1ria e quando h\u00e1 uma &#8220;bomba rel\u00f3gio&#8221; (causa secund\u00e1ria) por tr\u00e1s \u00e9 fundamental!<\/p>\n\n\n\n<h2 class=\"wp-block-heading\" id=\"h-conceitos-basicos\"><span class=\"ez-toc-section\" id=\"Conceitos_basicos\"><\/span><strong>Conceitos b\u00e1sicos<\/strong><span class=\"ez-toc-section-end\"><\/span><\/h2>\n\n\n\n<p>A cefaleia \u00e9 a principal causa de anos vividos com incapacidade entre crian\u00e7as e adolescentes de <strong>10 a 19 anos.<\/strong><\/p>\n\n\n\n<h3 class=\"wp-block-heading\" id=\"h-o-sinal-de-alerta-red-flags\"><span class=\"ez-toc-section\" id=\"O_Sinal_de_Alerta_Red_Flags\"><\/span><strong>O Sinal de Alerta: Red Flags<\/strong><span class=\"ez-toc-section-end\"><\/span><\/h3>\n\n\n\n<p>Antes de diagnosticar uma enxaqueca, precisamos excluir o grave. Os <strong><em>Red Flags<\/em><\/strong> s\u00e3o os sinais de alarme que exigem neuroimagem e investiga\u00e7\u00e3o imediata. Memorize os principais:<\/p>\n\n\n\n<ul class=\"wp-block-list\">\n<li><strong>Sist\u00eamicos:<\/strong> Febre, perda de peso, malignidade (hist\u00f3rico de c\u00e2ncer).<\/li>\n\n\n\n<li><strong>Neurol\u00f3gicos:<\/strong> Qualquer d\u00e9ficit focal, papiledema, altera\u00e7\u00e3o de consci\u00eancia.<\/li>\n\n\n\n<li><strong>In\u00edcio:<\/strong> Cefaleia s\u00fabita (&#8220;trovoada&#8221;) ou abrupta.<\/li>\n\n\n\n<li><strong>Padr\u00e3o:<\/strong> Mudan\u00e7a no padr\u00e3o de uma dor antiga, dor progressiva, ou dor que acorda a crian\u00e7a.<\/li>\n\n\n\n<li><strong>Posicional:<\/strong> Dor que piora ao deitar ou levantar, ou precipitada por tosse\/espirro (Valsalva).<\/li>\n\n\n\n<li><strong>Contexto:<\/strong> Hist\u00f3ria de trauma recente, imunossupress\u00e3o (HIV) ou gesta\u00e7\u00e3o\/puerp\u00e9rio (em adolescentes).<\/li>\n<\/ul>\n\n\n\n<h3 class=\"wp-block-heading\" id=\"h-as-primarias-migranea-x-tensional\"><span class=\"ez-toc-section\" id=\"As_Primarias_Migranea_x_Tensional\"><\/span><strong>As Prim\u00e1rias: Migr\u00e2nea x Tensional<\/strong><span class=\"ez-toc-section-end\"><\/span><\/h3>\n\n\n\n<p>Se os <em>red flags<\/em> foram exclu\u00eddos, pensamos nas <strong>prim\u00e1rias<\/strong>. Na pediatria, elas t\u00eam particularidades:<\/p>\n\n\n\n<h4 class=\"wp-block-heading\" id=\"h-migranea-enxaqueca\"><strong>Migr\u00e2nea (Enxaqueca):<\/strong><\/h4>\n\n\n\n<ul class=\"wp-block-list\">\n<li><strong>A Dor:<\/strong> Puls\u00e1til, moderada a forte, piora com atividade f\u00edsica.<\/li>\n\n\n\n<li><strong>Diferencial Pedi\u00e1trico:<\/strong> Em adultos \u00e9 unilateral, mas em crian\u00e7as frequentemente \u00e9 <strong>bilateral<\/strong> (frontotemporal). A dura\u00e7\u00e3o tamb\u00e9m \u00e9 menor (2 a 72 horas).<\/li>\n\n\n\n<li><strong>Acompanhantes:<\/strong> N\u00e1useas\/v\u00f4mitos OU fotofobia + fonofobia.<\/li>\n\n\n\n<li><strong>Com ou Sem Aura:<\/strong> A aura (visual, sensorial, fala) ocorre antes da dor, durando de 5 a 60 minutos.<\/li>\n<\/ul>\n\n\n\n<figure class=\"wp-block-image size-full\"><img loading=\"lazy\" decoding=\"async\" width=\"800\" height=\"420\" src=\"https:\/\/www.grupomedcof.com.br\/blog\/wp-content\/uploads\/2026\/01\/image-2.jpeg\" alt=\"\" class=\"wp-image-40954\" srcset=\"https:\/\/www.grupomedcof.com.br\/blog\/wp-content\/uploads\/2026\/01\/image-2.jpeg 800w, https:\/\/www.grupomedcof.com.br\/blog\/wp-content\/uploads\/2026\/01\/image-2-300x158.jpeg 300w, https:\/\/www.grupomedcof.com.br\/blog\/wp-content\/uploads\/2026\/01\/image-2-768x403.jpeg 768w, https:\/\/www.grupomedcof.com.br\/blog\/wp-content\/uploads\/2026\/01\/image-2-150x79.jpeg 150w, https:\/\/www.grupomedcof.com.br\/blog\/wp-content\/uploads\/2026\/01\/image-2-696x365.jpeg 696w\" sizes=\"auto, (max-width: 800px) 100vw, 800px\" \/><figcaption class=\"wp-element-caption\">Representa\u00e7\u00e3o dos tipos de Aura. Fonte: <a href=\"https:\/\/www.mdsaude.com\/neurologia\/enxaqueca\/#google_vignette\">https:\/\/www.mdsaude.com\/neurologia\/enxaqueca\/#google_vignette<\/a>\u00a0<\/figcaption><\/figure>\n\n\n\n<h4 class=\"wp-block-heading\" id=\"h-cefaleia-tensional\"><strong>Cefaleia Tensional:<\/strong><\/h4>\n\n\n\n<ul class=\"wp-block-list\">\n<li><strong>A Dor:<\/strong> Em press\u00e3o ou aperto (como um capacete), leve a moderada, n\u00e3o piora com atividade rotineira.<\/li>\n\n\n\n<li><strong>Acompanhantes:<\/strong> Sem n\u00e1useas ou v\u00f4mitos importantes. Pode ter foto OU fonofobia, mas nunca os dois juntos.<\/li>\n<\/ul>\n\n\n\n<h3 class=\"wp-block-heading\" id=\"h-tratamento\"><span class=\"ez-toc-section\" id=\"Tratamento\"><\/span><strong>Tratamento<\/strong><span class=\"ez-toc-section-end\"><\/span><\/h3>\n\n\n\n<h4 class=\"wp-block-heading\">Fase Aguda:<\/h4>\n\n\n\n<p>O objetivo \u00e9 o al\u00edvio r\u00e1pido. Usamos analg\u00e9sicos simples (dipirona, paracetamol), AINEs (ibuprofeno) e Triptanos (sumatriptano).<\/p>\n\n\n\n<ul class=\"wp-block-list\">\n<li><strong>Aten\u00e7\u00e3o:<\/strong> Opioides devem ser evitados!<\/li>\n\n\n\n<li><strong>Cefaleia em Salvas:<\/strong> O tratamento de escolha \u00e9 Oxig\u00eanio em alto fluxo (10-15L\/min).<\/li>\n<\/ul>\n\n\n\n<p>Profilaxia (Preventivo):<\/p>\n\n\n\n<p>Indicado quando a dor compromete a funcionalidade ou a frequ\u00eancia \u00e9 alta.<\/p>\n\n\n\n<ul class=\"wp-block-list\">\n<li><strong>N\u00e3o Medicamentoso (M\u00e9todo SMART):<\/strong> Regularidade no Sono (<strong>S<\/strong>leep), Alimenta\u00e7\u00e3o (<strong>M<\/strong>eals), Atividade f\u00edsica (<strong>A<\/strong>ctivity), Relaxamento (<strong>R<\/strong>elaxation) e evitar Gatilhos (<strong>T<\/strong>riggers &#8211; como telas excessivas).<\/li>\n\n\n\n<li><strong>Medicamentoso:<\/strong> As op\u00e7\u00f5es incluem Amitriptilina (ajuda no sono), Topiramato (evitar se nefrolit\u00edase), Propranolol, \u00c1cido Valproico e Flunarizina.<\/li>\n<\/ul>\n\n\n\n<p><strong>Cuidado com o Abuso:<\/strong> O uso excessivo de analg\u00e9sicos (&gt;15 dias\/m\u00eas) ou triptanos (&gt;10 dias\/m\u00eas) pode causar a <strong>Cefaleia por Uso Excessivo de Medicamentos<\/strong>, gerando um ciclo vicioso de dor cr\u00f4nica. O tratamento \u00e9 a suspens\u00e3o da droga abusada.<\/p>\n\n\n\n<h2 class=\"wp-block-heading\" id=\"h-hipertensao-intracraniana-hic\"><span class=\"ez-toc-section\" id=\"Hipertensao_Intracraniana_HIC\"><\/span><strong>Hipertens\u00e3o Intracraniana (HIC)<\/strong><span class=\"ez-toc-section-end\"><\/span><\/h2>\n\n\n\n<p>A HIC \u00e9 uma emerg\u00eancia. Pode ser secund\u00e1ria (tumor, trauma, AVC) ou prim\u00e1ria.<\/p>\n\n\n\n<p><strong>Pseudotumor Cerebral (HIC Benigna\/Idiop\u00e1tica):<\/strong><\/p>\n\n\n\n<ul class=\"wp-block-list\">\n<li><strong>Perfil:<\/strong> Mulheres, obesas, idade f\u00e9rtil.<\/li>\n\n\n\n<li><strong>Cl\u00ednica:<\/strong> Cefaleia que piora ao deitar, zumbido puls\u00e1til, diplopia (paralisia do VI par) e <strong>papiledema<\/strong> obrigat\u00f3rio no exame de fundo de olho.<\/li>\n\n\n\n<li><strong>Manejo:<\/strong> Perda de peso \u00e9 fundamental. Medicamentosamente usa-se Acetazolamida ou Topiramato. Em casos graves, cirurgia (deriva\u00e7\u00e3o ou fenestra\u00e7\u00e3o do nervo \u00f3ptico).<\/li>\n<\/ul>\n\n\n\n<ul class=\"wp-block-list\">\n<li>Hidrocefalia:<\/li>\n<\/ul>\n\n\n\n<p>\u00c9 o ac\u00famulo de l\u00edquor.<\/p>\n\n\n\n<ul class=\"wp-block-list\">\n<li><strong>&lt; 1 ano:<\/strong> Macrocefalia, fontanela tensa, sinal do sol poente, irritabilidade.<\/li>\n\n\n\n<li><strong>> 1 ano:<\/strong> Cefaleia, v\u00f4mitos, estrabismo, sonol\u00eancia.<\/li>\n\n\n\n<li>Pode ser comunicante (falha na reabsor\u00e7\u00e3o) ou obstrutiva (bloqueio no fluxo, ex: estenose de aqueduto).<\/li>\n<\/ul>\n\n\n\n<figure class=\"wp-block-image size-full\"><img loading=\"lazy\" decoding=\"async\" width=\"800\" height=\"500\" src=\"https:\/\/www.grupomedcof.com.br\/blog\/wp-content\/uploads\/2026\/01\/image-3.jpeg\" alt=\"\" class=\"wp-image-40955\" srcset=\"https:\/\/www.grupomedcof.com.br\/blog\/wp-content\/uploads\/2026\/01\/image-3.jpeg 800w, https:\/\/www.grupomedcof.com.br\/blog\/wp-content\/uploads\/2026\/01\/image-3-300x188.jpeg 300w, https:\/\/www.grupomedcof.com.br\/blog\/wp-content\/uploads\/2026\/01\/image-3-768x480.jpeg 768w, https:\/\/www.grupomedcof.com.br\/blog\/wp-content\/uploads\/2026\/01\/image-3-672x420.jpeg 672w, https:\/\/www.grupomedcof.com.br\/blog\/wp-content\/uploads\/2026\/01\/image-3-150x94.jpeg 150w, https:\/\/www.grupomedcof.com.br\/blog\/wp-content\/uploads\/2026\/01\/image-3-696x435.jpeg 696w\" sizes=\"auto, (max-width: 800px) 100vw, 800px\" \/><figcaption class=\"wp-element-caption\">Fonte: <a href=\"https:\/\/neurocirurgiao.net.br\/hidrocefalia\/\">https:\/\/neurocirurgiao.net.br\/hidrocefalia\/<\/a>\u00a0<\/figcaption><\/figure>\n\n\n\n<p>Manejo da HIC Aguda (N\u00edveis de Tratamento):<\/p>\n\n\n\n<p>O tratamento \u00e9 escalonado conforme a gravidade:<\/p>\n\n\n\n<ul class=\"wp-block-list\">\n<li><strong>N\u00edvel 0 (B\u00e1sico):<\/strong> Cabeceira elevada (30\u00ba), cabe\u00e7a centrada na linha m\u00e9dia, normotermia, evitar hiponatremia.<\/li>\n\n\n\n<li><strong>N\u00edvel 1:<\/strong> Terapia hiperosmolar (manitol\/salina), hiperventila\u00e7\u00e3o leve transit\u00f3ria, drenagem de l\u00edquor.<\/li>\n\n\n\n<li><strong>N\u00edveis 2 e 3 (UTI grave):<\/strong> Coma barbit\u00farico, hipotermia moderada e descompress\u00e3o cir\u00fargica como medida salvadora.<\/li>\n<\/ul>\n\n\n\n<h2 class=\"wp-block-heading\" id=\"h-conquiste-a-aprovacao-e-acompanhe-mais-noticias\"><span class=\"ez-toc-section\" id=\"Conquiste_a_aprovacao_e_acompanhe_mais_noticias\"><\/span><strong>Conquiste a aprova\u00e7\u00e3o e acompanhe mais not\u00edcias!<\/strong><span class=\"ez-toc-section-end\"><\/span><\/h2>\n\n\n\n<p>Gostou do conte\u00fado? Continue acompanhando nosso blog para ficar por dentro das principais&nbsp;<strong>not\u00edcias sobre&nbsp;<a href=\"https:\/\/www.grupomedcof.com.br\/home\/\" target=\"_blank\" rel=\"noreferrer noopener\">resid\u00eancia m\u00e9dica,<\/a>&nbsp;editais e&nbsp;<a href=\"https:\/\/www.grupomedcof.com.br\/blog\/presenca-da-medcof-nas-aprovacoes-em-residencia-medica-no-brasil\/\" target=\"_blank\" rel=\"noreferrer noopener\">oportunidades que podem transformar sua carreira!<\/a><\/strong><\/p>\n\n\n\n<figure class=\"wp-block-embed is-type-video is-provider-youtube wp-block-embed-youtube wp-embed-aspect-16-9 wp-has-aspect-ratio\"><div class=\"wp-block-embed__wrapper\">\n<div class=\"youtube-embed\" data-video_id=\"_MGnSNXlesw\"><iframe loading=\"lazy\" title=\"LIVE OFICIAL | M\u00c9TODO VALIDADO E ESTUDO PERSONALIZADO \u2014 MedCof 2025\" width=\"696\" height=\"392\" src=\"https:\/\/www.youtube.com\/embed\/_MGnSNXlesw?feature=oembed&#038;enablejsapi=1\" frameborder=\"0\" allow=\"accelerometer; autoplay; clipboard-write; encrypted-media; gyroscope; picture-in-picture; web-share\" referrerpolicy=\"strict-origin-when-cross-origin\" allowfullscreen><\/iframe><\/div>\n<\/div><\/figure>\n","protected":false},"excerpt":{"rendered":"<p>Entenda mais sobre a queixa mais frequente no pronto-socorro e ambulat\u00f3rio da pediatria. Clique e confira!<\/p>\n","protected":false},"author":21,"featured_media":40956,"comment_status":"closed","ping_status":"closed","sticky":false,"template":"","format":"standard","meta":{"footnotes":""},"categories":[120],"tags":[257,1675,3451],"ppma_author":[3617],"class_list":{"0":"post-40953","1":"post","2":"type-post","3":"status-publish","4":"format-standard","5":"has-post-thumbnail","7":"category-pediatria","8":"tag-cefaleia","9":"tag-hipertensao","10":"tag-neuroped"},"yoast_head":"<!-- This site is optimized with the Yoast SEO Premium plugin v24.3 (Yoast SEO v27.5) - https:\/\/yoast.com\/product\/yoast-seo-premium-wordpress\/ -->\n<title>Saiba diferenciar as Cefaleias e a Hipertens\u00e3o Intracraniana na Inf\u00e2ncia - Blog de Medcof: conte\u00fados, editais, revalida e mais!<\/title>\n<meta name=\"description\" content=\"Entenda mais sobre a queixa mais frequente no pronto-socorro e ambulat\u00f3rio da pediatria. Clique e confira!\" \/>\n<meta name=\"robots\" content=\"index, follow, max-snippet:-1, max-image-preview:large, max-video-preview:-1\" \/>\n<link rel=\"canonical\" href=\"https:\/\/www.grupomedcof.com.br\/blog\/cefaleia-e-hipertensao-na-infancia\/\" \/>\n<meta property=\"og:locale\" content=\"pt_BR\" \/>\n<meta property=\"og:type\" content=\"article\" \/>\n<meta property=\"og:title\" content=\"Saiba diferenciar as Cefaleias e a Hipertens\u00e3o Intracraniana na Inf\u00e2ncia\" \/>\n<meta property=\"og:description\" content=\"Entenda mais sobre a queixa mais frequente no pronto-socorro e ambulat\u00f3rio da pediatria. Clique e confira!\" \/>\n<meta property=\"og:url\" content=\"https:\/\/www.grupomedcof.com.br\/blog\/cefaleia-e-hipertensao-na-infancia\/\" \/>\n<meta property=\"og:site_name\" content=\"Blog de Medcof: conte\u00fados, editais, revalida e mais!\" \/>\n<meta property=\"article:publisher\" content=\"https:\/\/www.facebook.com\/MedCofQbank\/\" \/>\n<meta property=\"article:published_time\" content=\"2026-01-27T21:00:00+00:00\" \/>\n<meta property=\"og:image\" content=\"https:\/\/www.grupomedcof.com.br\/blog\/wp-content\/uploads\/2026\/01\/Blog-MedCof-2026-01-26T155226.514.jpg\" \/>\n\t<meta property=\"og:image:width\" content=\"1920\" \/>\n\t<meta property=\"og:image:height\" content=\"1080\" \/>\n\t<meta property=\"og:image:type\" content=\"image\/jpeg\" \/>\n<meta name=\"author\" content=\"Kiara Adelino\" \/>\n<meta name=\"twitter:card\" content=\"summary_large_image\" \/>\n<meta name=\"twitter:label1\" content=\"Escrito por\" \/>\n\t<meta name=\"twitter:data1\" content=\"Kiara Adelino\" \/>\n\t<meta name=\"twitter:label2\" content=\"Est. tempo de leitura\" \/>\n\t<meta name=\"twitter:data2\" content=\"5 minutos\" \/>\n<script type=\"application\/ld+json\" class=\"yoast-schema-graph\">{\"@context\":\"https:\\\/\\\/schema.org\",\"@graph\":[{\"@type\":\"Article\",\"@id\":\"https:\\\/\\\/www.grupomedcof.com.br\\\/blog\\\/cefaleia-e-hipertensao-na-infancia\\\/#article\",\"isPartOf\":{\"@id\":\"https:\\\/\\\/www.grupomedcof.com.br\\\/blog\\\/cefaleia-e-hipertensao-na-infancia\\\/\"},\"author\":{\"name\":\"Kiara Adelino\",\"@id\":\"https:\\\/\\\/www.grupomedcof.com.br\\\/blog\\\/#\\\/schema\\\/person\\\/db19a651f86c5fc202d6eee744fd3292\"},\"headline\":\"Saiba diferenciar as Cefaleias e a Hipertens\u00e3o Intracraniana na Inf\u00e2ncia\",\"datePublished\":\"2026-01-27T21:00:00+00:00\",\"mainEntityOfPage\":{\"@id\":\"https:\\\/\\\/www.grupomedcof.com.br\\\/blog\\\/cefaleia-e-hipertensao-na-infancia\\\/\"},\"wordCount\":705,\"publisher\":{\"@id\":\"https:\\\/\\\/www.grupomedcof.com.br\\\/blog\\\/#organization\"},\"image\":{\"@id\":\"https:\\\/\\\/www.grupomedcof.com.br\\\/blog\\\/cefaleia-e-hipertensao-na-infancia\\\/#primaryimage\"},\"thumbnailUrl\":\"https:\\\/\\\/www.grupomedcof.com.br\\\/blog\\\/wp-content\\\/uploads\\\/2026\\\/01\\\/Blog-MedCof-2026-01-26T155226.514.jpg\",\"keywords\":[\"Cefaleia\",\"Hipertens\u00e3o\",\"Neuroped\"],\"articleSection\":[\"Pediatria\"],\"inLanguage\":\"pt-BR\"},{\"@type\":\"WebPage\",\"@id\":\"https:\\\/\\\/www.grupomedcof.com.br\\\/blog\\\/cefaleia-e-hipertensao-na-infancia\\\/\",\"url\":\"https:\\\/\\\/www.grupomedcof.com.br\\\/blog\\\/cefaleia-e-hipertensao-na-infancia\\\/\",\"name\":\"Saiba diferenciar as Cefaleias e a Hipertens\u00e3o Intracraniana na Inf\u00e2ncia - Blog de Medcof: conte\u00fados, editais, revalida e mais!\",\"isPartOf\":{\"@id\":\"https:\\\/\\\/www.grupomedcof.com.br\\\/blog\\\/#website\"},\"primaryImageOfPage\":{\"@id\":\"https:\\\/\\\/www.grupomedcof.com.br\\\/blog\\\/cefaleia-e-hipertensao-na-infancia\\\/#primaryimage\"},\"image\":{\"@id\":\"https:\\\/\\\/www.grupomedcof.com.br\\\/blog\\\/cefaleia-e-hipertensao-na-infancia\\\/#primaryimage\"},\"thumbnailUrl\":\"https:\\\/\\\/www.grupomedcof.com.br\\\/blog\\\/wp-content\\\/uploads\\\/2026\\\/01\\\/Blog-MedCof-2026-01-26T155226.514.jpg\",\"datePublished\":\"2026-01-27T21:00:00+00:00\",\"description\":\"Entenda mais sobre a queixa mais frequente no pronto-socorro e ambulat\u00f3rio da pediatria. Clique e confira!\",\"breadcrumb\":{\"@id\":\"https:\\\/\\\/www.grupomedcof.com.br\\\/blog\\\/cefaleia-e-hipertensao-na-infancia\\\/#breadcrumb\"},\"inLanguage\":\"pt-BR\",\"potentialAction\":[{\"@type\":\"ReadAction\",\"target\":[\"https:\\\/\\\/www.grupomedcof.com.br\\\/blog\\\/cefaleia-e-hipertensao-na-infancia\\\/\"]}]},{\"@type\":\"ImageObject\",\"inLanguage\":\"pt-BR\",\"@id\":\"https:\\\/\\\/www.grupomedcof.com.br\\\/blog\\\/cefaleia-e-hipertensao-na-infancia\\\/#primaryimage\",\"url\":\"https:\\\/\\\/www.grupomedcof.com.br\\\/blog\\\/wp-content\\\/uploads\\\/2026\\\/01\\\/Blog-MedCof-2026-01-26T155226.514.jpg\",\"contentUrl\":\"https:\\\/\\\/www.grupomedcof.com.br\\\/blog\\\/wp-content\\\/uploads\\\/2026\\\/01\\\/Blog-MedCof-2026-01-26T155226.514.jpg\",\"width\":1920,\"height\":1080},{\"@type\":\"BreadcrumbList\",\"@id\":\"https:\\\/\\\/www.grupomedcof.com.br\\\/blog\\\/cefaleia-e-hipertensao-na-infancia\\\/#breadcrumb\",\"itemListElement\":[{\"@type\":\"ListItem\",\"position\":1,\"name\":\"In\u00edcio\",\"item\":\"https:\\\/\\\/www.grupomedcof.com.br\\\/blog\\\/\"},{\"@type\":\"ListItem\",\"position\":2,\"name\":\"Saiba diferenciar as Cefaleias e a Hipertens\u00e3o Intracraniana na Inf\u00e2ncia\"}]},{\"@type\":\"WebSite\",\"@id\":\"https:\\\/\\\/www.grupomedcof.com.br\\\/blog\\\/#website\",\"url\":\"https:\\\/\\\/www.grupomedcof.com.br\\\/blog\\\/\",\"name\":\"Blog de Medcof: conte\u00fados, editais, revalida e mais!\",\"description\":\"Acesso o blog de MedCof! Seu portal de conte\u00fados sobre resid\u00eancia m\u00e9dica, an\u00e1lise e editais e muito mais. Clique e confira!\",\"publisher\":{\"@id\":\"https:\\\/\\\/www.grupomedcof.com.br\\\/blog\\\/#organization\"},\"alternateName\":\"Blog de Medcof: conte\u00fados, editais, revalida e mais!\",\"potentialAction\":[{\"@type\":\"SearchAction\",\"target\":{\"@type\":\"EntryPoint\",\"urlTemplate\":\"https:\\\/\\\/www.grupomedcof.com.br\\\/blog\\\/?s={search_term_string}\"},\"query-input\":{\"@type\":\"PropertyValueSpecification\",\"valueRequired\":true,\"valueName\":\"search_term_string\"}}],\"inLanguage\":\"pt-BR\"},{\"@type\":\"Organization\",\"@id\":\"https:\\\/\\\/www.grupomedcof.com.br\\\/blog\\\/#organization\",\"name\":\"Grupo MedCof\",\"url\":\"https:\\\/\\\/www.grupomedcof.com.br\\\/blog\\\/\",\"logo\":{\"@type\":\"ImageObject\",\"inLanguage\":\"pt-BR\",\"@id\":\"https:\\\/\\\/www.grupomedcof.com.br\\\/blog\\\/#\\\/schema\\\/logo\\\/image\\\/\",\"url\":\"https:\\\/\\\/www.grupomedcof.com.br\\\/blog\\\/wp-content\\\/uploads\\\/2022\\\/01\\\/logo-medcof.png\",\"contentUrl\":\"https:\\\/\\\/www.grupomedcof.com.br\\\/blog\\\/wp-content\\\/uploads\\\/2022\\\/01\\\/logo-medcof.png\",\"width\":768,\"height\":269,\"caption\":\"Grupo MedCof\"},\"image\":{\"@id\":\"https:\\\/\\\/www.grupomedcof.com.br\\\/blog\\\/#\\\/schema\\\/logo\\\/image\\\/\"},\"sameAs\":[\"https:\\\/\\\/www.facebook.com\\\/MedCofQbank\\\/\",\"https:\\\/\\\/www.instagram.com\\\/grupomedcof\\\/\",\"https:\\\/\\\/br.linkedin.com\\\/company\\\/medcof\",\"https:\\\/\\\/www.youtube.com\\\/channel\\\/UCdHMuOHKICxcHwecxN8P-AA\"]},{\"@type\":\"Person\",\"@id\":\"https:\\\/\\\/www.grupomedcof.com.br\\\/blog\\\/#\\\/schema\\\/person\\\/db19a651f86c5fc202d6eee744fd3292\",\"name\":\"Kiara Adelino\",\"image\":{\"@type\":\"ImageObject\",\"inLanguage\":\"pt-BR\",\"@id\":\"https:\\\/\\\/www.grupomedcof.com.br\\\/blog\\\/wp-content\\\/uploads\\\/2024\\\/08\\\/cropped-Kiara-Adelino2-96x96.jpega85663bdda67261f8f06f86e555e1e49\",\"url\":\"https:\\\/\\\/www.grupomedcof.com.br\\\/blog\\\/wp-content\\\/uploads\\\/2024\\\/08\\\/cropped-Kiara-Adelino2-96x96.jpeg\",\"contentUrl\":\"https:\\\/\\\/www.grupomedcof.com.br\\\/blog\\\/wp-content\\\/uploads\\\/2024\\\/08\\\/cropped-Kiara-Adelino2-96x96.jpeg\",\"caption\":\"Kiara Adelino\"},\"description\":\"Estudante do 5\u00b0 semestre de Medicina. Gosto bastante de aprender coisas novas, principalmente na \u00e1rea de Neurologia e Anatomia humana.\",\"url\":\"https:\\\/\\\/www.grupomedcof.com.br\\\/blog\\\/author\\\/kiara-adelino\\\/\"}]}<\/script>\n<!-- \/ Yoast SEO Premium plugin. -->","yoast_head_json":{"title":"Saiba diferenciar as Cefaleias e a Hipertens\u00e3o Intracraniana na Inf\u00e2ncia - Blog de Medcof: conte\u00fados, editais, revalida e mais!","description":"Entenda mais sobre a queixa mais frequente no pronto-socorro e ambulat\u00f3rio da pediatria. Clique e confira!","robots":{"index":"index","follow":"follow","max-snippet":"max-snippet:-1","max-image-preview":"max-image-preview:large","max-video-preview":"max-video-preview:-1"},"canonical":"https:\/\/www.grupomedcof.com.br\/blog\/cefaleia-e-hipertensao-na-infancia\/","og_locale":"pt_BR","og_type":"article","og_title":"Saiba diferenciar as Cefaleias e a Hipertens\u00e3o Intracraniana na Inf\u00e2ncia","og_description":"Entenda mais sobre a queixa mais frequente no pronto-socorro e ambulat\u00f3rio da pediatria. Clique e confira!","og_url":"https:\/\/www.grupomedcof.com.br\/blog\/cefaleia-e-hipertensao-na-infancia\/","og_site_name":"Blog de Medcof: conte\u00fados, editais, revalida e mais!","article_publisher":"https:\/\/www.facebook.com\/MedCofQbank\/","article_published_time":"2026-01-27T21:00:00+00:00","og_image":[{"width":1920,"height":1080,"url":"https:\/\/www.grupomedcof.com.br\/blog\/wp-content\/uploads\/2026\/01\/Blog-MedCof-2026-01-26T155226.514.jpg","type":"image\/jpeg"}],"author":"Kiara Adelino","twitter_card":"summary_large_image","twitter_misc":{"Escrito por":"Kiara Adelino","Est. tempo de leitura":"5 minutos"},"schema":{"@context":"https:\/\/schema.org","@graph":[{"@type":"Article","@id":"https:\/\/www.grupomedcof.com.br\/blog\/cefaleia-e-hipertensao-na-infancia\/#article","isPartOf":{"@id":"https:\/\/www.grupomedcof.com.br\/blog\/cefaleia-e-hipertensao-na-infancia\/"},"author":{"name":"Kiara Adelino","@id":"https:\/\/www.grupomedcof.com.br\/blog\/#\/schema\/person\/db19a651f86c5fc202d6eee744fd3292"},"headline":"Saiba diferenciar as Cefaleias e a Hipertens\u00e3o Intracraniana na Inf\u00e2ncia","datePublished":"2026-01-27T21:00:00+00:00","mainEntityOfPage":{"@id":"https:\/\/www.grupomedcof.com.br\/blog\/cefaleia-e-hipertensao-na-infancia\/"},"wordCount":705,"publisher":{"@id":"https:\/\/www.grupomedcof.com.br\/blog\/#organization"},"image":{"@id":"https:\/\/www.grupomedcof.com.br\/blog\/cefaleia-e-hipertensao-na-infancia\/#primaryimage"},"thumbnailUrl":"https:\/\/www.grupomedcof.com.br\/blog\/wp-content\/uploads\/2026\/01\/Blog-MedCof-2026-01-26T155226.514.jpg","keywords":["Cefaleia","Hipertens\u00e3o","Neuroped"],"articleSection":["Pediatria"],"inLanguage":"pt-BR"},{"@type":"WebPage","@id":"https:\/\/www.grupomedcof.com.br\/blog\/cefaleia-e-hipertensao-na-infancia\/","url":"https:\/\/www.grupomedcof.com.br\/blog\/cefaleia-e-hipertensao-na-infancia\/","name":"Saiba diferenciar as Cefaleias e a Hipertens\u00e3o Intracraniana na Inf\u00e2ncia - Blog de Medcof: conte\u00fados, editais, revalida e mais!","isPartOf":{"@id":"https:\/\/www.grupomedcof.com.br\/blog\/#website"},"primaryImageOfPage":{"@id":"https:\/\/www.grupomedcof.com.br\/blog\/cefaleia-e-hipertensao-na-infancia\/#primaryimage"},"image":{"@id":"https:\/\/www.grupomedcof.com.br\/blog\/cefaleia-e-hipertensao-na-infancia\/#primaryimage"},"thumbnailUrl":"https:\/\/www.grupomedcof.com.br\/blog\/wp-content\/uploads\/2026\/01\/Blog-MedCof-2026-01-26T155226.514.jpg","datePublished":"2026-01-27T21:00:00+00:00","description":"Entenda mais sobre a queixa mais frequente no pronto-socorro e ambulat\u00f3rio da pediatria. Clique e confira!","breadcrumb":{"@id":"https:\/\/www.grupomedcof.com.br\/blog\/cefaleia-e-hipertensao-na-infancia\/#breadcrumb"},"inLanguage":"pt-BR","potentialAction":[{"@type":"ReadAction","target":["https:\/\/www.grupomedcof.com.br\/blog\/cefaleia-e-hipertensao-na-infancia\/"]}]},{"@type":"ImageObject","inLanguage":"pt-BR","@id":"https:\/\/www.grupomedcof.com.br\/blog\/cefaleia-e-hipertensao-na-infancia\/#primaryimage","url":"https:\/\/www.grupomedcof.com.br\/blog\/wp-content\/uploads\/2026\/01\/Blog-MedCof-2026-01-26T155226.514.jpg","contentUrl":"https:\/\/www.grupomedcof.com.br\/blog\/wp-content\/uploads\/2026\/01\/Blog-MedCof-2026-01-26T155226.514.jpg","width":1920,"height":1080},{"@type":"BreadcrumbList","@id":"https:\/\/www.grupomedcof.com.br\/blog\/cefaleia-e-hipertensao-na-infancia\/#breadcrumb","itemListElement":[{"@type":"ListItem","position":1,"name":"In\u00edcio","item":"https:\/\/www.grupomedcof.com.br\/blog\/"},{"@type":"ListItem","position":2,"name":"Saiba diferenciar as Cefaleias e a Hipertens\u00e3o Intracraniana na Inf\u00e2ncia"}]},{"@type":"WebSite","@id":"https:\/\/www.grupomedcof.com.br\/blog\/#website","url":"https:\/\/www.grupomedcof.com.br\/blog\/","name":"Blog de Medcof: conte\u00fados, editais, revalida e mais!","description":"Acesso o blog de MedCof! Seu portal de conte\u00fados sobre resid\u00eancia m\u00e9dica, an\u00e1lise e editais e muito mais. Clique e confira!","publisher":{"@id":"https:\/\/www.grupomedcof.com.br\/blog\/#organization"},"alternateName":"Blog de Medcof: conte\u00fados, editais, revalida e mais!","potentialAction":[{"@type":"SearchAction","target":{"@type":"EntryPoint","urlTemplate":"https:\/\/www.grupomedcof.com.br\/blog\/?s={search_term_string}"},"query-input":{"@type":"PropertyValueSpecification","valueRequired":true,"valueName":"search_term_string"}}],"inLanguage":"pt-BR"},{"@type":"Organization","@id":"https:\/\/www.grupomedcof.com.br\/blog\/#organization","name":"Grupo MedCof","url":"https:\/\/www.grupomedcof.com.br\/blog\/","logo":{"@type":"ImageObject","inLanguage":"pt-BR","@id":"https:\/\/www.grupomedcof.com.br\/blog\/#\/schema\/logo\/image\/","url":"https:\/\/www.grupomedcof.com.br\/blog\/wp-content\/uploads\/2022\/01\/logo-medcof.png","contentUrl":"https:\/\/www.grupomedcof.com.br\/blog\/wp-content\/uploads\/2022\/01\/logo-medcof.png","width":768,"height":269,"caption":"Grupo MedCof"},"image":{"@id":"https:\/\/www.grupomedcof.com.br\/blog\/#\/schema\/logo\/image\/"},"sameAs":["https:\/\/www.facebook.com\/MedCofQbank\/","https:\/\/www.instagram.com\/grupomedcof\/","https:\/\/br.linkedin.com\/company\/medcof","https:\/\/www.youtube.com\/channel\/UCdHMuOHKICxcHwecxN8P-AA"]},{"@type":"Person","@id":"https:\/\/www.grupomedcof.com.br\/blog\/#\/schema\/person\/db19a651f86c5fc202d6eee744fd3292","name":"Kiara Adelino","image":{"@type":"ImageObject","inLanguage":"pt-BR","@id":"https:\/\/www.grupomedcof.com.br\/blog\/wp-content\/uploads\/2024\/08\/cropped-Kiara-Adelino2-96x96.jpega85663bdda67261f8f06f86e555e1e49","url":"https:\/\/www.grupomedcof.com.br\/blog\/wp-content\/uploads\/2024\/08\/cropped-Kiara-Adelino2-96x96.jpeg","contentUrl":"https:\/\/www.grupomedcof.com.br\/blog\/wp-content\/uploads\/2024\/08\/cropped-Kiara-Adelino2-96x96.jpeg","caption":"Kiara Adelino"},"description":"Estudante do 5\u00b0 semestre de Medicina. Gosto bastante de aprender coisas novas, principalmente na \u00e1rea de Neurologia e Anatomia humana.","url":"https:\/\/www.grupomedcof.com.br\/blog\/author\/kiara-adelino\/"}]}},"authors":[{"term_id":3617,"user_id":21,"is_guest":0,"slug":"kiara-adelino","display_name":"Kiara Adelino","avatar_url":"https:\/\/www.grupomedcof.com.br\/blog\/wp-content\/uploads\/2024\/08\/cropped-Kiara-Adelino2-96x96.jpeg","0":null,"1":"","2":"","3":"","4":"","5":"","6":"","7":"","8":""}],"_links":{"self":[{"href":"https:\/\/www.grupomedcof.com.br\/blog\/wp-json\/wp\/v2\/posts\/40953","targetHints":{"allow":["GET"]}}],"collection":[{"href":"https:\/\/www.grupomedcof.com.br\/blog\/wp-json\/wp\/v2\/posts"}],"about":[{"href":"https:\/\/www.grupomedcof.com.br\/blog\/wp-json\/wp\/v2\/types\/post"}],"author":[{"embeddable":true,"href":"https:\/\/www.grupomedcof.com.br\/blog\/wp-json\/wp\/v2\/users\/21"}],"replies":[{"embeddable":true,"href":"https:\/\/www.grupomedcof.com.br\/blog\/wp-json\/wp\/v2\/comments?post=40953"}],"version-history":[{"count":1,"href":"https:\/\/www.grupomedcof.com.br\/blog\/wp-json\/wp\/v2\/posts\/40953\/revisions"}],"predecessor-version":[{"id":40957,"href":"https:\/\/www.grupomedcof.com.br\/blog\/wp-json\/wp\/v2\/posts\/40953\/revisions\/40957"}],"wp:featuredmedia":[{"embeddable":true,"href":"https:\/\/www.grupomedcof.com.br\/blog\/wp-json\/wp\/v2\/media\/40956"}],"wp:attachment":[{"href":"https:\/\/www.grupomedcof.com.br\/blog\/wp-json\/wp\/v2\/media?parent=40953"}],"wp:term":[{"taxonomy":"category","embeddable":true,"href":"https:\/\/www.grupomedcof.com.br\/blog\/wp-json\/wp\/v2\/categories?post=40953"},{"taxonomy":"post_tag","embeddable":true,"href":"https:\/\/www.grupomedcof.com.br\/blog\/wp-json\/wp\/v2\/tags?post=40953"},{"taxonomy":"author","embeddable":true,"href":"https:\/\/www.grupomedcof.com.br\/blog\/wp-json\/wp\/v2\/ppma_author?post=40953"}],"curies":[{"name":"wp","href":"https:\/\/api.w.org\/{rel}","templated":true}]}}