{"id":40958,"date":"2026-01-28T11:00:00","date_gmt":"2026-01-28T14:00:00","guid":{"rendered":"https:\/\/www.grupomedcof.com.br\/blog\/?p=40958"},"modified":"2026-01-26T16:30:42","modified_gmt":"2026-01-26T19:30:42","slug":"ataxia-na-infancia","status":"publish","type":"post","link":"https:\/\/www.grupomedcof.com.br\/blog\/ataxia-na-infancia\/","title":{"rendered":"O racioc\u00ednio cl\u00ednico essencial diante da Crian\u00e7a At\u00e1xica"},"content":{"rendered":"<div id=\"ez-toc-container\" class=\"ez-toc-v2_0_74 counter-hierarchy ez-toc-counter ez-toc-transparent ez-toc-container-direction\">\n<div class=\"ez-toc-title-container\">\n<p class=\"ez-toc-title\" style=\"cursor:inherit\">Sum\u00e1rio<\/p>\n<span class=\"ez-toc-title-toggle\"><a href=\"#\" class=\"ez-toc-pull-right ez-toc-btn ez-toc-btn-xs ez-toc-btn-default ez-toc-toggle\" aria-label=\"Alternar tabela de conte\u00fado\"><span class=\"ez-toc-js-icon-con\"><span class=\"\"><span class=\"eztoc-hide\" style=\"display:none;\">Toggle<\/span><span class=\"ez-toc-icon-toggle-span\"><svg style=\"fill: #999;color:#999\" xmlns=\"http:\/\/www.w3.org\/2000\/svg\" class=\"list-377408\" width=\"20px\" height=\"20px\" viewBox=\"0 0 24 24\" fill=\"none\"><path d=\"M6 6H4v2h2V6zm14 0H8v2h12V6zM4 11h2v2H4v-2zm16 0H8v2h12v-2zM4 16h2v2H4v-2zm16 0H8v2h12v-2z\" fill=\"currentColor\"><\/path><\/svg><svg style=\"fill: #999;color:#999\" class=\"arrow-unsorted-368013\" xmlns=\"http:\/\/www.w3.org\/2000\/svg\" width=\"10px\" height=\"10px\" viewBox=\"0 0 24 24\" version=\"1.2\" baseProfile=\"tiny\"><path d=\"M18.2 9.3l-6.2-6.3-6.2 6.3c-.2.2-.3.4-.3.7s.1.5.3.7c.2.2.4.3.7.3h11c.3 0 .5-.1.7-.3.2-.2.3-.5.3-.7s-.1-.5-.3-.7zM5.8 14.7l6.2 6.3 6.2-6.3c.2-.2.3-.5.3-.7s-.1-.5-.3-.7c-.2-.2-.4-.3-.7-.3h-11c-.3 0-.5.1-.7.3-.2.2-.3.5-.3.7s.1.5.3.7z\"\/><\/svg><\/span><\/span><\/span><\/a><\/span><\/div>\n<nav><ul class='ez-toc-list ez-toc-list-level-1 ' ><li class='ez-toc-page-1 ez-toc-heading-level-2'><a class=\"ez-toc-link ez-toc-heading-1\" href=\"https:\/\/www.grupomedcof.com.br\/blog\/ataxia-na-infancia\/#Anatomia_Funcional_e_Vascularizacao\" >Anatomia Funcional e Vasculariza\u00e7\u00e3o<\/a><\/li><li class='ez-toc-page-1 ez-toc-heading-level-2'><a class=\"ez-toc-link ez-toc-heading-2\" href=\"https:\/\/www.grupomedcof.com.br\/blog\/ataxia-na-infancia\/#Ataxias_Adquiridas_O_Cenario_Agudo\" >Ataxias Adquiridas: O Cen\u00e1rio Agudo<\/a><\/li><li class='ez-toc-page-1 ez-toc-heading-level-2'><a class=\"ez-toc-link ez-toc-heading-3\" href=\"https:\/\/www.grupomedcof.com.br\/blog\/ataxia-na-infancia\/#Ataxias_Hereditarias_Recessivas_O_Paradigma_Cronico\" >Ataxias Heredit\u00e1rias Recessivas: O Paradigma Cr\u00f4nico<\/a><\/li><li class='ez-toc-page-1 ez-toc-heading-level-2'><a class=\"ez-toc-link ez-toc-heading-4\" href=\"https:\/\/www.grupomedcof.com.br\/blog\/ataxia-na-infancia\/#Ataxias_Dominantes_e_Diagnosticos_Trataveis\" >Ataxias Dominantes e Diagn\u00f3sticos Trat\u00e1veis<\/a><\/li><li class='ez-toc-page-1 ez-toc-heading-level-2'><a class=\"ez-toc-link ez-toc-heading-5\" href=\"https:\/\/www.grupomedcof.com.br\/blog\/ataxia-na-infancia\/#Conquiste_a_aprovacao_e_acompanhe_mais_noticias\" >Conquiste a aprova\u00e7\u00e3o e acompanhe mais not\u00edcias!<\/a><\/li><\/ul><\/nav><\/div>\n\n<figure class=\"wp-block-image size-large\"><img loading=\"lazy\" decoding=\"async\" width=\"1024\" height=\"576\" src=\"https:\/\/www.grupomedcof.com.br\/blog\/wp-content\/uploads\/2026\/01\/Blog-MedCof-2026-01-26T162918.108-1024x576.jpg\" alt=\"\" class=\"wp-image-40964\" srcset=\"https:\/\/www.grupomedcof.com.br\/blog\/wp-content\/uploads\/2026\/01\/Blog-MedCof-2026-01-26T162918.108-1024x576.jpg 1024w, https:\/\/www.grupomedcof.com.br\/blog\/wp-content\/uploads\/2026\/01\/Blog-MedCof-2026-01-26T162918.108-300x169.jpg 300w, https:\/\/www.grupomedcof.com.br\/blog\/wp-content\/uploads\/2026\/01\/Blog-MedCof-2026-01-26T162918.108-768x432.jpg 768w, https:\/\/www.grupomedcof.com.br\/blog\/wp-content\/uploads\/2026\/01\/Blog-MedCof-2026-01-26T162918.108-1536x864.jpg 1536w, https:\/\/www.grupomedcof.com.br\/blog\/wp-content\/uploads\/2026\/01\/Blog-MedCof-2026-01-26T162918.108-747x420.jpg 747w, https:\/\/www.grupomedcof.com.br\/blog\/wp-content\/uploads\/2026\/01\/Blog-MedCof-2026-01-26T162918.108-150x84.jpg 150w, https:\/\/www.grupomedcof.com.br\/blog\/wp-content\/uploads\/2026\/01\/Blog-MedCof-2026-01-26T162918.108-696x392.jpg 696w, https:\/\/www.grupomedcof.com.br\/blog\/wp-content\/uploads\/2026\/01\/Blog-MedCof-2026-01-26T162918.108-1068x601.jpg 1068w, https:\/\/www.grupomedcof.com.br\/blog\/wp-content\/uploads\/2026\/01\/Blog-MedCof-2026-01-26T162918.108.jpg 1920w\" sizes=\"auto, (max-width: 1024px) 100vw, 1024px\" \/><\/figure>\n\n\n\n<p>A<strong> ataxia na faixa et\u00e1ria pedi\u00e1trica<\/strong> representa um desafio diagn\u00f3stico significativo. N\u00e3o se trata de uma patologia isolada, mas de uma manifesta\u00e7\u00e3o cl\u00ednica decorrente de disfun\u00e7\u00f5es no <strong>cerebelo <\/strong>e suas<strong> vias de conex\u00e3o<\/strong>. Diante de um paciente at\u00e1xico, o racioc\u00ednio cl\u00ednico deve ser meticulosamente estruturado em tr\u00eas pilares: a<strong> topografia da les\u00e3o, o tempo de evolu\u00e7\u00e3o e a etiologia subjacente.<\/strong><\/p>\n\n\n\n<h2 class=\"wp-block-heading\" id=\"h-anatomia-funcional-e-vascularizacao\"><span class=\"ez-toc-section\" id=\"Anatomia_Funcional_e_Vascularizacao\"><\/span><strong>Anatomia Funcional e Vasculariza\u00e7\u00e3o<\/strong><span class=\"ez-toc-section-end\"><\/span><\/h2>\n\n\n\n<p>O cerebelo divide-se funcionalmente e a semiologia neurol\u00f3gica permite inferir a localiza\u00e7\u00e3o da les\u00e3o. \u00c9 crucial recordar que as <strong>disfun\u00e7\u00f5es cerebelares manifestam-se ipsilateralmente<\/strong> \u00e0 les\u00e3o.<\/p>\n\n\n\n<ul class=\"wp-block-list\">\n<li><strong>S\u00edndrome do V\u00e9rmis (Ataxia Axial):<\/strong> O acometimento da linha m\u00e9dia (v\u00e9rmis) resulta em ataxia axial. Clinicamente, observa-se comprometimento do equil\u00edbrio est\u00e1tico e din\u00e2mico, disartria (fala ebriosa) e altera\u00e7\u00f5es da motricidade ocular, como nistagmo e intrus\u00f5es sac\u00e1dicas.<\/li>\n\n\n\n<li><strong>S\u00edndrome dos Hemisf\u00e9rios (Ataxia Apendicular):<\/strong> Les\u00f5es nas por\u00e7\u00f5es laterais afetam a coordena\u00e7\u00e3o das extremidades. A sintomatologia inclui dismetria, decomposi\u00e7\u00e3o do movimento, tremor de inten\u00e7\u00e3o, disdiadococinesia e hipotonia ipsilateral.<\/li>\n<\/ul>\n\n\n\n<figure class=\"wp-block-image size-full\"><img loading=\"lazy\" decoding=\"async\" width=\"560\" height=\"508\" src=\"https:\/\/www.grupomedcof.com.br\/blog\/wp-content\/uploads\/2026\/01\/image-9.png\" alt=\"\" class=\"wp-image-40959\" srcset=\"https:\/\/www.grupomedcof.com.br\/blog\/wp-content\/uploads\/2026\/01\/image-9.png 560w, https:\/\/www.grupomedcof.com.br\/blog\/wp-content\/uploads\/2026\/01\/image-9-300x272.png 300w, https:\/\/www.grupomedcof.com.br\/blog\/wp-content\/uploads\/2026\/01\/image-9-463x420.png 463w, https:\/\/www.grupomedcof.com.br\/blog\/wp-content\/uploads\/2026\/01\/image-9-150x136.png 150w\" sizes=\"auto, (max-width: 560px) 100vw, 560px\" \/><figcaption class=\"wp-element-caption\">Zonas funcionais do cerebelo. Fonte: Acervo de aulas do Grupo MedCof<\/figcaption><\/figure>\n\n\n\n<p>Aten\u00e7\u00e3o \u00e0 Vasculariza\u00e7\u00e3o:<\/p>\n\n\n\n<p>\u00c9 fundamental recordar a irriga\u00e7\u00e3o para suspeitas de eventos vasculares de fossa posterior (como em dissec\u00e7\u00f5es arteriais ou anemia falciforme). O cerebelo \u00e9 nutrido por tr\u00eas art\u00e9rias principais:<\/p>\n\n\n\n<ol class=\"wp-block-list\">\n<li><strong>PICA (Art\u00e9ria Cerebelar Inferior Posterior):<\/strong> Ramo da vertebral.<\/li>\n\n\n\n<li><strong>AICA (Art\u00e9ria Cerebelar Inferior Anterior):<\/strong> Ramo da basilar.<\/li>\n\n\n\n<li><strong>SUCA (Art\u00e9ria Cerebelar Superior):<\/strong> Ramo da basilar.<\/li>\n<\/ol>\n\n\n\n<figure class=\"wp-block-image size-full\"><img loading=\"lazy\" decoding=\"async\" width=\"894\" height=\"459\" src=\"https:\/\/www.grupomedcof.com.br\/blog\/wp-content\/uploads\/2026\/01\/image-10.png\" alt=\"\" class=\"wp-image-40960\" srcset=\"https:\/\/www.grupomedcof.com.br\/blog\/wp-content\/uploads\/2026\/01\/image-10.png 894w, https:\/\/www.grupomedcof.com.br\/blog\/wp-content\/uploads\/2026\/01\/image-10-300x154.png 300w, https:\/\/www.grupomedcof.com.br\/blog\/wp-content\/uploads\/2026\/01\/image-10-768x394.png 768w, https:\/\/www.grupomedcof.com.br\/blog\/wp-content\/uploads\/2026\/01\/image-10-818x420.png 818w, https:\/\/www.grupomedcof.com.br\/blog\/wp-content\/uploads\/2026\/01\/image-10-150x77.png 150w, https:\/\/www.grupomedcof.com.br\/blog\/wp-content\/uploads\/2026\/01\/image-10-696x357.png 696w\" sizes=\"auto, (max-width: 894px) 100vw, 894px\" \/><figcaption class=\"wp-element-caption\">Ilustra\u00e7\u00e3o da vasculariza\u00e7\u00e3o do cerebelo. Fonte: NETTER: Frank H. Netter Atlas De Anatomia Humana. 7 ed. Rio de Janeiro, Elsevier, 2018.<\/figcaption><\/figure>\n\n\n\n<h2 class=\"wp-block-heading\" id=\"h-ataxias-adquiridas-o-cenario-agudo\"><span class=\"ez-toc-section\" id=\"Ataxias_Adquiridas_O_Cenario_Agudo\"><\/span><strong>Ataxias Adquiridas: O Cen\u00e1rio Agudo<\/strong><span class=\"ez-toc-section-end\"><\/span><\/h2>\n\n\n\n<p>Nos quadros de instala\u00e7\u00e3o s\u00fabita ou aguda, as etiologias adquiridas predominam. A investiga\u00e7\u00e3o deve ser meticulosa para diferenciar quadros benignos de emerg\u00eancias m\u00e9dicas.<\/p>\n\n\n\n<ul class=\"wp-block-list\">\n<li><strong>Intoxica\u00e7\u00e3o Ex\u00f3gena:<\/strong> Frequentemente subdiagnosticada, representa uma das causas mais comuns em refer\u00eancias nacionais. F\u00e1rmacos como fenito\u00edna, carbamazepina e benzodiazep\u00ednicos, al\u00e9m do \u00e1lcool e mon\u00f3xido de carbono, s\u00e3o os principais agentes. Um alto \u00edndice de suspei\u00e7\u00e3o \u00e9 mandat\u00f3rio na anamnese.<\/li>\n<\/ul>\n\n\n\n<ul class=\"wp-block-list\">\n<li><strong>Cerebelite Aguda:<\/strong> Geralmente de etiologia p\u00f3s-infecciosa (viral) ou p\u00f3s-vacinal, com destaque para a fam\u00edlia Herpes v\u00edrus (Varicela-Z\u00f3ster, EBV). O curso tende a ser benigno e autolimitado, embora a Resson\u00e2ncia Magn\u00e9tica (RNM) possa evidenciar altera\u00e7\u00f5es. O uso de Aciclovir \u00e9 controverso e geralmente reservado para formas graves.<\/li>\n<\/ul>\n\n\n\n<ul class=\"wp-block-list\">\n<li><strong>S\u00edndrome Opsoclonus-Mioclonus-Ataxia (OMA):<\/strong> Trata-se de uma s\u00edndrome paraneopl\u00e1sica de extrema relev\u00e2ncia. A tr\u00edade cl\u00e1ssica envolve opsoclonus (movimentos oculares err\u00e1ticos e multidirecionais), mioclonias e ataxia. Em crian\u00e7as (m\u00e9dia de idade de 16 meses), h\u00e1 uma forte associa\u00e7\u00e3o com o <strong>Neuroblastoma<\/strong> (S\u00edndrome de Kinsbourne).\n<ul class=\"wp-block-list\">\n<li><strong>Investiga\u00e7\u00e3o:<\/strong> Exige <em>screening<\/em> tumoral imediato com RNM de corpo inteiro (padr\u00e3o-ouro), Cintilografia MIBG e metab\u00f3litos de catecolaminas urin\u00e1rias.<\/li>\n\n\n\n<li><strong>Tratamento:<\/strong> Cirurgia e imunoterapia agressiva (corticoides, imunoglobulina, Rituximabe). O tratamento precoce (at\u00e9 2 meses) melhora significativamente o desfecho.<\/li>\n<\/ul>\n<\/li>\n<\/ul>\n\n\n\n<h2 class=\"wp-block-heading\" id=\"h-ataxias-hereditarias-recessivas-o-paradigma-cronico\"><span class=\"ez-toc-section\" id=\"Ataxias_Hereditarias_Recessivas_O_Paradigma_Cronico\"><\/span><strong>Ataxias Heredit\u00e1rias Recessivas: O Paradigma Cr\u00f4nico<\/strong><span class=\"ez-toc-section-end\"><\/span><\/h2>\n\n\n\n<p>Nas ataxias de evolu\u00e7\u00e3o insidiosa ou progressiva, deve-se investigar causas gen\u00e9ticas, predominantemente autoss\u00f4micas recessivas na inf\u00e2ncia.<\/p>\n\n\n\n<p>Ataxia de Friedreich:<\/p>\n\n\n\n<p>\u00c9 a ataxia heredit\u00e1ria mais prevalente. Decorre da expans\u00e3o do trinucleot\u00eddeo GAA no gene FXN.<\/p>\n\n\n\n<ul class=\"wp-block-list\">\n<li><strong>Cl\u00ednica:<\/strong> Ataxia mista (cerebelar e sensitiva, esta \u00faltima proeminente), associada a sinais piramidais (Sinal de Babinski) e arreflexia profunda.<\/li>\n\n\n\n<li><strong>Sist\u00eamico:<\/strong> Miocardiopatia (principal causa de mortalidade), diabetes mellitus e deformidades esquel\u00e9ticas (p\u00e9s cavos e escoliose).<\/li>\n\n\n\n<li><strong>Terap\u00eautica:<\/strong> Recentemente (2023), o FDA aprovou a <strong>Omaveloxolona<\/strong> para pacientes entre 16 e 40 anos, representando um avan\u00e7o significativo.<\/li>\n<\/ul>\n\n\n\n<p>Ataxia-Telangiectasia (A-T):<\/p>\n\n\n\n<p>Causada por muta\u00e7\u00e3o no gene ATM, manifesta-se precocemente (2 a 3 anos).<\/p>\n\n\n\n<ul class=\"wp-block-list\">\n<li><strong>Marcadores:<\/strong> Al\u00e9m da ataxia progressiva e dist\u00farbios do movimento (coreoatetose), o paciente apresenta telangiectasias oculares e cut\u00e2neas, imunodefici\u00eancia humoral e celular, e risco elevado de neoplasias linfoproliferativas. A <strong>alfafetoprote\u00edna<\/strong> encontra-se elevada em cerca de 95% dos casos.<\/li>\n<\/ul>\n\n\n\n<figure class=\"wp-block-image size-full\"><img loading=\"lazy\" decoding=\"async\" width=\"552\" height=\"480\" src=\"https:\/\/www.grupomedcof.com.br\/blog\/wp-content\/uploads\/2026\/01\/image-11.png\" alt=\"\" class=\"wp-image-40961\" srcset=\"https:\/\/www.grupomedcof.com.br\/blog\/wp-content\/uploads\/2026\/01\/image-11.png 552w, https:\/\/www.grupomedcof.com.br\/blog\/wp-content\/uploads\/2026\/01\/image-11-300x261.png 300w, https:\/\/www.grupomedcof.com.br\/blog\/wp-content\/uploads\/2026\/01\/image-11-483x420.png 483w, https:\/\/www.grupomedcof.com.br\/blog\/wp-content\/uploads\/2026\/01\/image-11-150x130.png 150w\" sizes=\"auto, (max-width: 552px) 100vw, 552px\" \/><figcaption class=\"wp-element-caption\">Telangiectasia conjuntiva ocular. Fonte: Acervo de aulas do Grupo MedCof<\/figcaption><\/figure>\n\n\n\n<p><strong>Outras Ataxias Recessivas Relevantes:<\/strong><\/p>\n\n\n\n<ul class=\"wp-block-list\">\n<li><strong>Apraxia Oculomotora (AOA):<\/strong> O Tipo 1 cursa com hipoalbuminemia e hipercolesterolemia; o Tipo 2 apresenta aumento de alfafetoprote\u00edna.<\/li>\n\n\n\n<li><strong>Doen\u00e7a de Refsum:<\/strong> Ac\u00famulo de \u00e1cido fit\u00e2nico. A tr\u00edade envolve retinite pigmentosa, surdez e ictiose. O tratamento envolve restri\u00e7\u00e3o diet\u00e9tica rigorosa e plasmaf\u00e9rese.<\/li>\n\n\n\n<li><strong>ARSACS (Ataxia Esp\u00e1stica de Charlevoix-Saguenay):<\/strong> Caracteriza-se por ataxia associada \u00e0 espasticidade. A RNM demonstra atrofia do v\u00e9rmis superior e estrias pontinas lineares caracter\u00edsticas.<\/li>\n<\/ul>\n\n\n\n<figure class=\"wp-block-image size-full\"><img loading=\"lazy\" decoding=\"async\" width=\"518\" height=\"517\" src=\"https:\/\/www.grupomedcof.com.br\/blog\/wp-content\/uploads\/2026\/01\/image-12.png\" alt=\"\" class=\"wp-image-40962\" srcset=\"https:\/\/www.grupomedcof.com.br\/blog\/wp-content\/uploads\/2026\/01\/image-12.png 518w, https:\/\/www.grupomedcof.com.br\/blog\/wp-content\/uploads\/2026\/01\/image-12-300x299.png 300w, https:\/\/www.grupomedcof.com.br\/blog\/wp-content\/uploads\/2026\/01\/image-12-150x150.png 150w, https:\/\/www.grupomedcof.com.br\/blog\/wp-content\/uploads\/2026\/01\/image-12-421x420.png 421w, https:\/\/www.grupomedcof.com.br\/blog\/wp-content\/uploads\/2026\/01\/image-12-96x96.png 96w\" sizes=\"auto, (max-width: 518px) 100vw, 518px\" \/><figcaption class=\"wp-element-caption\">\u00a0RM de enc\u00e9falo, com evid\u00eancia de estrias transversais pontinas. Fonte: Acervo de aulas do Grupo MedCof.<\/figcaption><\/figure>\n\n\n\n<h2 class=\"wp-block-heading\" id=\"h-ataxias-dominantes-e-diagnosticos-trataveis\"><span class=\"ez-toc-section\" id=\"Ataxias_Dominantes_e_Diagnosticos_Trataveis\"><\/span><strong>Ataxias Dominantes e Diagn\u00f3sticos Trat\u00e1veis<\/strong><span class=\"ez-toc-section-end\"><\/span><\/h2>\n\n\n\n<p>Ataxias Espinocerebelares (SCAs):<\/p>\n\n\n\n<p>Embora t\u00edpicas de adultos (heran\u00e7a autoss\u00f4mica dominante), subtipos como SCA 2, SCA 7 e SCA 48 podem ocorrer na inf\u00e2ncia devido ao fen\u00f4meno de antecipa\u00e7\u00e3o (expans\u00e3o de trinucleot\u00eddeos CAG). A SCA 7 destaca-se por causar altera\u00e7\u00f5es retinianas graves com perda visual.<\/p>\n\n\n\n<p>Diagn\u00f3sticos Diferenciais Trat\u00e1veis:<\/p>\n\n\n\n<p>\u00c9 imperativo excluir causas metab\u00f3licas trat\u00e1veis para prevenir sequelas irrevers\u00edveis:<\/p>\n\n\n\n<ul class=\"wp-block-list\">\n<li><strong>Defici\u00eancia de Vitamina E:<\/strong> Clinicamente indistingu\u00edvel da Ataxia de Friedreich em fases iniciais, mas responsiva \u00e0 suplementa\u00e7\u00e3o de alfa-tocoferol.<\/li>\n\n\n\n<li><strong>Xantomatose Cerebrotend\u00ednea:<\/strong> Associa-se a catarata infantil, diarreia cr\u00f4nica e xantomas tend\u00edneos. O tratamento \u00e9 realizado com \u00e1cido quenodesoxic\u00f3lico.<\/li>\n<\/ul>\n\n\n\n<figure class=\"wp-block-image size-full\"><img loading=\"lazy\" decoding=\"async\" width=\"639\" height=\"522\" src=\"https:\/\/www.grupomedcof.com.br\/blog\/wp-content\/uploads\/2026\/01\/image-13.png\" alt=\"\" class=\"wp-image-40963\" srcset=\"https:\/\/www.grupomedcof.com.br\/blog\/wp-content\/uploads\/2026\/01\/image-13.png 639w, https:\/\/www.grupomedcof.com.br\/blog\/wp-content\/uploads\/2026\/01\/image-13-300x245.png 300w, https:\/\/www.grupomedcof.com.br\/blog\/wp-content\/uploads\/2026\/01\/image-13-514x420.png 514w, https:\/\/www.grupomedcof.com.br\/blog\/wp-content\/uploads\/2026\/01\/image-13-150x123.png 150w\" sizes=\"auto, (max-width: 639px) 100vw, 639px\" \/><figcaption class=\"wp-element-caption\">Xantomas no tend\u00e3o patelar. Fonte:\u00a0 Antonio Federico et al, Gene reviews. 2022.\u00a0\u00a0<\/figcaption><\/figure>\n\n\n\n<h2 class=\"wp-block-heading\" id=\"h-conquiste-a-aprovacao-e-acompanhe-mais-noticias\"><span class=\"ez-toc-section\" id=\"Conquiste_a_aprovacao_e_acompanhe_mais_noticias\"><\/span><strong>Conquiste a aprova\u00e7\u00e3o e acompanhe mais not\u00edcias!<\/strong><span class=\"ez-toc-section-end\"><\/span><\/h2>\n\n\n\n<p>Gostou do conte\u00fado? Continue acompanhando nosso blog para ficar por dentro das principais&nbsp;<strong>not\u00edcias sobre&nbsp;<a href=\"https:\/\/www.grupomedcof.com.br\/home\/\" target=\"_blank\" rel=\"noreferrer noopener\">resid\u00eancia m\u00e9dica,<\/a>&nbsp;editais e&nbsp;<a href=\"https:\/\/www.grupomedcof.com.br\/blog\/presenca-da-medcof-nas-aprovacoes-em-residencia-medica-no-brasil\/\" target=\"_blank\" rel=\"noreferrer noopener\">oportunidades que podem transformar sua carreira!<\/a><\/strong><\/p>\n\n\n\n<figure class=\"wp-block-embed is-type-video is-provider-youtube wp-block-embed-youtube wp-embed-aspect-16-9 wp-has-aspect-ratio\"><div class=\"wp-block-embed__wrapper\">\n<div class=\"youtube-embed\" data-video_id=\"Wk6-ai9ZzyA\"><iframe loading=\"lazy\" title=\"Ataxias na Inf\u00e2ncia: Entenda os Sintomas e Tratamentos. Com Dr. Joemir Brito\" width=\"696\" height=\"392\" src=\"https:\/\/www.youtube.com\/embed\/Wk6-ai9ZzyA?feature=oembed&#038;enablejsapi=1\" frameborder=\"0\" allow=\"accelerometer; autoplay; clipboard-write; encrypted-media; gyroscope; picture-in-picture; web-share\" referrerpolicy=\"strict-origin-when-cross-origin\" allowfullscreen><\/iframe><\/div>\n<\/div><\/figure>\n","protected":false},"excerpt":{"rendered":"<p>Diante de um paciente at\u00e1xico, o racioc\u00ednio cl\u00ednico deve ser meticulosamente estruturado em tr\u00eas pilares, descubra quais!<\/p>\n","protected":false},"author":21,"featured_media":40964,"comment_status":"closed","ping_status":"closed","sticky":false,"template":"","format":"standard","meta":{"footnotes":""},"categories":[120],"tags":[3454,3452,3453],"ppma_author":[3617],"class_list":{"0":"post-40958","1":"post","2":"type-post","3":"status-publish","4":"format-standard","5":"has-post-thumbnail","7":"category-pediatria","8":"tag-anatomia-funcional","9":"tag-ataxia","10":"tag-vascularizacao"},"yoast_head":"<!-- This site is optimized with the Yoast SEO Premium plugin v24.3 (Yoast SEO v27.5) - https:\/\/yoast.com\/product\/yoast-seo-premium-wordpress\/ -->\n<title>O racioc\u00ednio cl\u00ednico essencial diante da Crian\u00e7a At\u00e1xica - Blog de Medcof: conte\u00fados, editais, revalida e mais!<\/title>\n<meta name=\"description\" content=\"Diante de um paciente at\u00e1xico, o racioc\u00ednio cl\u00ednico deve ser meticulosamente estruturado em tr\u00eas pilares, descubra quais!\" \/>\n<meta name=\"robots\" content=\"index, follow, max-snippet:-1, max-image-preview:large, max-video-preview:-1\" \/>\n<link rel=\"canonical\" href=\"https:\/\/www.grupomedcof.com.br\/blog\/ataxia-na-infancia\/\" \/>\n<meta property=\"og:locale\" content=\"pt_BR\" \/>\n<meta property=\"og:type\" content=\"article\" \/>\n<meta property=\"og:title\" content=\"O racioc\u00ednio cl\u00ednico essencial diante da Crian\u00e7a At\u00e1xica\" \/>\n<meta property=\"og:description\" content=\"Diante de um paciente at\u00e1xico, o racioc\u00ednio cl\u00ednico deve ser meticulosamente estruturado em tr\u00eas pilares, descubra quais!\" \/>\n<meta property=\"og:url\" content=\"https:\/\/www.grupomedcof.com.br\/blog\/ataxia-na-infancia\/\" \/>\n<meta property=\"og:site_name\" content=\"Blog de Medcof: conte\u00fados, editais, revalida e mais!\" \/>\n<meta property=\"article:publisher\" content=\"https:\/\/www.facebook.com\/MedCofQbank\/\" \/>\n<meta property=\"article:published_time\" content=\"2026-01-28T14:00:00+00:00\" \/>\n<meta property=\"og:image\" content=\"https:\/\/www.grupomedcof.com.br\/blog\/wp-content\/uploads\/2026\/01\/Blog-MedCof-2026-01-26T162918.108.jpg\" \/>\n\t<meta property=\"og:image:width\" content=\"1920\" \/>\n\t<meta property=\"og:image:height\" content=\"1080\" \/>\n\t<meta property=\"og:image:type\" content=\"image\/jpeg\" \/>\n<meta name=\"author\" content=\"Kiara Adelino\" \/>\n<meta name=\"twitter:card\" content=\"summary_large_image\" \/>\n<meta name=\"twitter:label1\" content=\"Escrito por\" \/>\n\t<meta name=\"twitter:data1\" content=\"Kiara Adelino\" \/>\n\t<meta name=\"twitter:label2\" content=\"Est. tempo de leitura\" \/>\n\t<meta name=\"twitter:data2\" content=\"6 minutos\" \/>\n<script type=\"application\/ld+json\" class=\"yoast-schema-graph\">{\"@context\":\"https:\\\/\\\/schema.org\",\"@graph\":[{\"@type\":\"Article\",\"@id\":\"https:\\\/\\\/www.grupomedcof.com.br\\\/blog\\\/ataxia-na-infancia\\\/#article\",\"isPartOf\":{\"@id\":\"https:\\\/\\\/www.grupomedcof.com.br\\\/blog\\\/ataxia-na-infancia\\\/\"},\"author\":{\"name\":\"Kiara Adelino\",\"@id\":\"https:\\\/\\\/www.grupomedcof.com.br\\\/blog\\\/#\\\/schema\\\/person\\\/db19a651f86c5fc202d6eee744fd3292\"},\"headline\":\"O racioc\u00ednio cl\u00ednico essencial diante da Crian\u00e7a At\u00e1xica\",\"datePublished\":\"2026-01-28T14:00:00+00:00\",\"mainEntityOfPage\":{\"@id\":\"https:\\\/\\\/www.grupomedcof.com.br\\\/blog\\\/ataxia-na-infancia\\\/\"},\"wordCount\":959,\"publisher\":{\"@id\":\"https:\\\/\\\/www.grupomedcof.com.br\\\/blog\\\/#organization\"},\"image\":{\"@id\":\"https:\\\/\\\/www.grupomedcof.com.br\\\/blog\\\/ataxia-na-infancia\\\/#primaryimage\"},\"thumbnailUrl\":\"https:\\\/\\\/www.grupomedcof.com.br\\\/blog\\\/wp-content\\\/uploads\\\/2026\\\/01\\\/Blog-MedCof-2026-01-26T162918.108.jpg\",\"keywords\":[\"Anatomia Funcional\",\"Ataxia\",\"Vasculariza\u00e7\u00e3o\"],\"articleSection\":[\"Pediatria\"],\"inLanguage\":\"pt-BR\"},{\"@type\":\"WebPage\",\"@id\":\"https:\\\/\\\/www.grupomedcof.com.br\\\/blog\\\/ataxia-na-infancia\\\/\",\"url\":\"https:\\\/\\\/www.grupomedcof.com.br\\\/blog\\\/ataxia-na-infancia\\\/\",\"name\":\"O racioc\u00ednio cl\u00ednico essencial diante da Crian\u00e7a At\u00e1xica - Blog de Medcof: conte\u00fados, editais, revalida e mais!\",\"isPartOf\":{\"@id\":\"https:\\\/\\\/www.grupomedcof.com.br\\\/blog\\\/#website\"},\"primaryImageOfPage\":{\"@id\":\"https:\\\/\\\/www.grupomedcof.com.br\\\/blog\\\/ataxia-na-infancia\\\/#primaryimage\"},\"image\":{\"@id\":\"https:\\\/\\\/www.grupomedcof.com.br\\\/blog\\\/ataxia-na-infancia\\\/#primaryimage\"},\"thumbnailUrl\":\"https:\\\/\\\/www.grupomedcof.com.br\\\/blog\\\/wp-content\\\/uploads\\\/2026\\\/01\\\/Blog-MedCof-2026-01-26T162918.108.jpg\",\"datePublished\":\"2026-01-28T14:00:00+00:00\",\"description\":\"Diante de um paciente at\u00e1xico, o racioc\u00ednio cl\u00ednico deve ser meticulosamente estruturado em tr\u00eas pilares, descubra quais!\",\"breadcrumb\":{\"@id\":\"https:\\\/\\\/www.grupomedcof.com.br\\\/blog\\\/ataxia-na-infancia\\\/#breadcrumb\"},\"inLanguage\":\"pt-BR\",\"potentialAction\":[{\"@type\":\"ReadAction\",\"target\":[\"https:\\\/\\\/www.grupomedcof.com.br\\\/blog\\\/ataxia-na-infancia\\\/\"]}]},{\"@type\":\"ImageObject\",\"inLanguage\":\"pt-BR\",\"@id\":\"https:\\\/\\\/www.grupomedcof.com.br\\\/blog\\\/ataxia-na-infancia\\\/#primaryimage\",\"url\":\"https:\\\/\\\/www.grupomedcof.com.br\\\/blog\\\/wp-content\\\/uploads\\\/2026\\\/01\\\/Blog-MedCof-2026-01-26T162918.108.jpg\",\"contentUrl\":\"https:\\\/\\\/www.grupomedcof.com.br\\\/blog\\\/wp-content\\\/uploads\\\/2026\\\/01\\\/Blog-MedCof-2026-01-26T162918.108.jpg\",\"width\":1920,\"height\":1080},{\"@type\":\"BreadcrumbList\",\"@id\":\"https:\\\/\\\/www.grupomedcof.com.br\\\/blog\\\/ataxia-na-infancia\\\/#breadcrumb\",\"itemListElement\":[{\"@type\":\"ListItem\",\"position\":1,\"name\":\"In\u00edcio\",\"item\":\"https:\\\/\\\/www.grupomedcof.com.br\\\/blog\\\/\"},{\"@type\":\"ListItem\",\"position\":2,\"name\":\"O racioc\u00ednio cl\u00ednico essencial diante da Crian\u00e7a At\u00e1xica\"}]},{\"@type\":\"WebSite\",\"@id\":\"https:\\\/\\\/www.grupomedcof.com.br\\\/blog\\\/#website\",\"url\":\"https:\\\/\\\/www.grupomedcof.com.br\\\/blog\\\/\",\"name\":\"Blog de Medcof: conte\u00fados, editais, revalida e mais!\",\"description\":\"Acesso o blog de MedCof! Seu portal de conte\u00fados sobre resid\u00eancia m\u00e9dica, an\u00e1lise e editais e muito mais. Clique e confira!\",\"publisher\":{\"@id\":\"https:\\\/\\\/www.grupomedcof.com.br\\\/blog\\\/#organization\"},\"alternateName\":\"Blog de Medcof: conte\u00fados, editais, revalida e mais!\",\"potentialAction\":[{\"@type\":\"SearchAction\",\"target\":{\"@type\":\"EntryPoint\",\"urlTemplate\":\"https:\\\/\\\/www.grupomedcof.com.br\\\/blog\\\/?s={search_term_string}\"},\"query-input\":{\"@type\":\"PropertyValueSpecification\",\"valueRequired\":true,\"valueName\":\"search_term_string\"}}],\"inLanguage\":\"pt-BR\"},{\"@type\":\"Organization\",\"@id\":\"https:\\\/\\\/www.grupomedcof.com.br\\\/blog\\\/#organization\",\"name\":\"Grupo MedCof\",\"url\":\"https:\\\/\\\/www.grupomedcof.com.br\\\/blog\\\/\",\"logo\":{\"@type\":\"ImageObject\",\"inLanguage\":\"pt-BR\",\"@id\":\"https:\\\/\\\/www.grupomedcof.com.br\\\/blog\\\/#\\\/schema\\\/logo\\\/image\\\/\",\"url\":\"https:\\\/\\\/www.grupomedcof.com.br\\\/blog\\\/wp-content\\\/uploads\\\/2022\\\/01\\\/logo-medcof.png\",\"contentUrl\":\"https:\\\/\\\/www.grupomedcof.com.br\\\/blog\\\/wp-content\\\/uploads\\\/2022\\\/01\\\/logo-medcof.png\",\"width\":768,\"height\":269,\"caption\":\"Grupo MedCof\"},\"image\":{\"@id\":\"https:\\\/\\\/www.grupomedcof.com.br\\\/blog\\\/#\\\/schema\\\/logo\\\/image\\\/\"},\"sameAs\":[\"https:\\\/\\\/www.facebook.com\\\/MedCofQbank\\\/\",\"https:\\\/\\\/www.instagram.com\\\/grupomedcof\\\/\",\"https:\\\/\\\/br.linkedin.com\\\/company\\\/medcof\",\"https:\\\/\\\/www.youtube.com\\\/channel\\\/UCdHMuOHKICxcHwecxN8P-AA\"]},{\"@type\":\"Person\",\"@id\":\"https:\\\/\\\/www.grupomedcof.com.br\\\/blog\\\/#\\\/schema\\\/person\\\/db19a651f86c5fc202d6eee744fd3292\",\"name\":\"Kiara Adelino\",\"image\":{\"@type\":\"ImageObject\",\"inLanguage\":\"pt-BR\",\"@id\":\"https:\\\/\\\/www.grupomedcof.com.br\\\/blog\\\/wp-content\\\/uploads\\\/2024\\\/08\\\/cropped-Kiara-Adelino2-96x96.jpega85663bdda67261f8f06f86e555e1e49\",\"url\":\"https:\\\/\\\/www.grupomedcof.com.br\\\/blog\\\/wp-content\\\/uploads\\\/2024\\\/08\\\/cropped-Kiara-Adelino2-96x96.jpeg\",\"contentUrl\":\"https:\\\/\\\/www.grupomedcof.com.br\\\/blog\\\/wp-content\\\/uploads\\\/2024\\\/08\\\/cropped-Kiara-Adelino2-96x96.jpeg\",\"caption\":\"Kiara Adelino\"},\"description\":\"Estudante do 5\u00b0 semestre de Medicina. Gosto bastante de aprender coisas novas, principalmente na \u00e1rea de Neurologia e Anatomia humana.\",\"url\":\"https:\\\/\\\/www.grupomedcof.com.br\\\/blog\\\/author\\\/kiara-adelino\\\/\"}]}<\/script>\n<!-- \/ Yoast SEO Premium plugin. -->","yoast_head_json":{"title":"O racioc\u00ednio cl\u00ednico essencial diante da Crian\u00e7a At\u00e1xica - Blog de Medcof: conte\u00fados, editais, revalida e mais!","description":"Diante de um paciente at\u00e1xico, o racioc\u00ednio cl\u00ednico deve ser meticulosamente estruturado em tr\u00eas pilares, descubra quais!","robots":{"index":"index","follow":"follow","max-snippet":"max-snippet:-1","max-image-preview":"max-image-preview:large","max-video-preview":"max-video-preview:-1"},"canonical":"https:\/\/www.grupomedcof.com.br\/blog\/ataxia-na-infancia\/","og_locale":"pt_BR","og_type":"article","og_title":"O racioc\u00ednio cl\u00ednico essencial diante da Crian\u00e7a At\u00e1xica","og_description":"Diante de um paciente at\u00e1xico, o racioc\u00ednio cl\u00ednico deve ser meticulosamente estruturado em tr\u00eas pilares, descubra quais!","og_url":"https:\/\/www.grupomedcof.com.br\/blog\/ataxia-na-infancia\/","og_site_name":"Blog de Medcof: conte\u00fados, editais, revalida e mais!","article_publisher":"https:\/\/www.facebook.com\/MedCofQbank\/","article_published_time":"2026-01-28T14:00:00+00:00","og_image":[{"width":1920,"height":1080,"url":"https:\/\/www.grupomedcof.com.br\/blog\/wp-content\/uploads\/2026\/01\/Blog-MedCof-2026-01-26T162918.108.jpg","type":"image\/jpeg"}],"author":"Kiara Adelino","twitter_card":"summary_large_image","twitter_misc":{"Escrito por":"Kiara Adelino","Est. tempo de leitura":"6 minutos"},"schema":{"@context":"https:\/\/schema.org","@graph":[{"@type":"Article","@id":"https:\/\/www.grupomedcof.com.br\/blog\/ataxia-na-infancia\/#article","isPartOf":{"@id":"https:\/\/www.grupomedcof.com.br\/blog\/ataxia-na-infancia\/"},"author":{"name":"Kiara Adelino","@id":"https:\/\/www.grupomedcof.com.br\/blog\/#\/schema\/person\/db19a651f86c5fc202d6eee744fd3292"},"headline":"O racioc\u00ednio cl\u00ednico essencial diante da Crian\u00e7a At\u00e1xica","datePublished":"2026-01-28T14:00:00+00:00","mainEntityOfPage":{"@id":"https:\/\/www.grupomedcof.com.br\/blog\/ataxia-na-infancia\/"},"wordCount":959,"publisher":{"@id":"https:\/\/www.grupomedcof.com.br\/blog\/#organization"},"image":{"@id":"https:\/\/www.grupomedcof.com.br\/blog\/ataxia-na-infancia\/#primaryimage"},"thumbnailUrl":"https:\/\/www.grupomedcof.com.br\/blog\/wp-content\/uploads\/2026\/01\/Blog-MedCof-2026-01-26T162918.108.jpg","keywords":["Anatomia Funcional","Ataxia","Vasculariza\u00e7\u00e3o"],"articleSection":["Pediatria"],"inLanguage":"pt-BR"},{"@type":"WebPage","@id":"https:\/\/www.grupomedcof.com.br\/blog\/ataxia-na-infancia\/","url":"https:\/\/www.grupomedcof.com.br\/blog\/ataxia-na-infancia\/","name":"O racioc\u00ednio cl\u00ednico essencial diante da Crian\u00e7a At\u00e1xica - Blog de Medcof: conte\u00fados, editais, revalida e mais!","isPartOf":{"@id":"https:\/\/www.grupomedcof.com.br\/blog\/#website"},"primaryImageOfPage":{"@id":"https:\/\/www.grupomedcof.com.br\/blog\/ataxia-na-infancia\/#primaryimage"},"image":{"@id":"https:\/\/www.grupomedcof.com.br\/blog\/ataxia-na-infancia\/#primaryimage"},"thumbnailUrl":"https:\/\/www.grupomedcof.com.br\/blog\/wp-content\/uploads\/2026\/01\/Blog-MedCof-2026-01-26T162918.108.jpg","datePublished":"2026-01-28T14:00:00+00:00","description":"Diante de um paciente at\u00e1xico, o racioc\u00ednio cl\u00ednico deve ser meticulosamente estruturado em tr\u00eas pilares, descubra quais!","breadcrumb":{"@id":"https:\/\/www.grupomedcof.com.br\/blog\/ataxia-na-infancia\/#breadcrumb"},"inLanguage":"pt-BR","potentialAction":[{"@type":"ReadAction","target":["https:\/\/www.grupomedcof.com.br\/blog\/ataxia-na-infancia\/"]}]},{"@type":"ImageObject","inLanguage":"pt-BR","@id":"https:\/\/www.grupomedcof.com.br\/blog\/ataxia-na-infancia\/#primaryimage","url":"https:\/\/www.grupomedcof.com.br\/blog\/wp-content\/uploads\/2026\/01\/Blog-MedCof-2026-01-26T162918.108.jpg","contentUrl":"https:\/\/www.grupomedcof.com.br\/blog\/wp-content\/uploads\/2026\/01\/Blog-MedCof-2026-01-26T162918.108.jpg","width":1920,"height":1080},{"@type":"BreadcrumbList","@id":"https:\/\/www.grupomedcof.com.br\/blog\/ataxia-na-infancia\/#breadcrumb","itemListElement":[{"@type":"ListItem","position":1,"name":"In\u00edcio","item":"https:\/\/www.grupomedcof.com.br\/blog\/"},{"@type":"ListItem","position":2,"name":"O racioc\u00ednio cl\u00ednico essencial diante da Crian\u00e7a At\u00e1xica"}]},{"@type":"WebSite","@id":"https:\/\/www.grupomedcof.com.br\/blog\/#website","url":"https:\/\/www.grupomedcof.com.br\/blog\/","name":"Blog de Medcof: conte\u00fados, editais, revalida e mais!","description":"Acesso o blog de MedCof! Seu portal de conte\u00fados sobre resid\u00eancia m\u00e9dica, an\u00e1lise e editais e muito mais. Clique e confira!","publisher":{"@id":"https:\/\/www.grupomedcof.com.br\/blog\/#organization"},"alternateName":"Blog de Medcof: conte\u00fados, editais, revalida e mais!","potentialAction":[{"@type":"SearchAction","target":{"@type":"EntryPoint","urlTemplate":"https:\/\/www.grupomedcof.com.br\/blog\/?s={search_term_string}"},"query-input":{"@type":"PropertyValueSpecification","valueRequired":true,"valueName":"search_term_string"}}],"inLanguage":"pt-BR"},{"@type":"Organization","@id":"https:\/\/www.grupomedcof.com.br\/blog\/#organization","name":"Grupo MedCof","url":"https:\/\/www.grupomedcof.com.br\/blog\/","logo":{"@type":"ImageObject","inLanguage":"pt-BR","@id":"https:\/\/www.grupomedcof.com.br\/blog\/#\/schema\/logo\/image\/","url":"https:\/\/www.grupomedcof.com.br\/blog\/wp-content\/uploads\/2022\/01\/logo-medcof.png","contentUrl":"https:\/\/www.grupomedcof.com.br\/blog\/wp-content\/uploads\/2022\/01\/logo-medcof.png","width":768,"height":269,"caption":"Grupo MedCof"},"image":{"@id":"https:\/\/www.grupomedcof.com.br\/blog\/#\/schema\/logo\/image\/"},"sameAs":["https:\/\/www.facebook.com\/MedCofQbank\/","https:\/\/www.instagram.com\/grupomedcof\/","https:\/\/br.linkedin.com\/company\/medcof","https:\/\/www.youtube.com\/channel\/UCdHMuOHKICxcHwecxN8P-AA"]},{"@type":"Person","@id":"https:\/\/www.grupomedcof.com.br\/blog\/#\/schema\/person\/db19a651f86c5fc202d6eee744fd3292","name":"Kiara Adelino","image":{"@type":"ImageObject","inLanguage":"pt-BR","@id":"https:\/\/www.grupomedcof.com.br\/blog\/wp-content\/uploads\/2024\/08\/cropped-Kiara-Adelino2-96x96.jpega85663bdda67261f8f06f86e555e1e49","url":"https:\/\/www.grupomedcof.com.br\/blog\/wp-content\/uploads\/2024\/08\/cropped-Kiara-Adelino2-96x96.jpeg","contentUrl":"https:\/\/www.grupomedcof.com.br\/blog\/wp-content\/uploads\/2024\/08\/cropped-Kiara-Adelino2-96x96.jpeg","caption":"Kiara Adelino"},"description":"Estudante do 5\u00b0 semestre de Medicina. Gosto bastante de aprender coisas novas, principalmente na \u00e1rea de Neurologia e Anatomia humana.","url":"https:\/\/www.grupomedcof.com.br\/blog\/author\/kiara-adelino\/"}]}},"authors":[{"term_id":3617,"user_id":21,"is_guest":0,"slug":"kiara-adelino","display_name":"Kiara Adelino","avatar_url":"https:\/\/www.grupomedcof.com.br\/blog\/wp-content\/uploads\/2024\/08\/cropped-Kiara-Adelino2-96x96.jpeg","0":null,"1":"","2":"","3":"","4":"","5":"","6":"","7":"","8":""}],"_links":{"self":[{"href":"https:\/\/www.grupomedcof.com.br\/blog\/wp-json\/wp\/v2\/posts\/40958","targetHints":{"allow":["GET"]}}],"collection":[{"href":"https:\/\/www.grupomedcof.com.br\/blog\/wp-json\/wp\/v2\/posts"}],"about":[{"href":"https:\/\/www.grupomedcof.com.br\/blog\/wp-json\/wp\/v2\/types\/post"}],"author":[{"embeddable":true,"href":"https:\/\/www.grupomedcof.com.br\/blog\/wp-json\/wp\/v2\/users\/21"}],"replies":[{"embeddable":true,"href":"https:\/\/www.grupomedcof.com.br\/blog\/wp-json\/wp\/v2\/comments?post=40958"}],"version-history":[{"count":1,"href":"https:\/\/www.grupomedcof.com.br\/blog\/wp-json\/wp\/v2\/posts\/40958\/revisions"}],"predecessor-version":[{"id":40965,"href":"https:\/\/www.grupomedcof.com.br\/blog\/wp-json\/wp\/v2\/posts\/40958\/revisions\/40965"}],"wp:featuredmedia":[{"embeddable":true,"href":"https:\/\/www.grupomedcof.com.br\/blog\/wp-json\/wp\/v2\/media\/40964"}],"wp:attachment":[{"href":"https:\/\/www.grupomedcof.com.br\/blog\/wp-json\/wp\/v2\/media?parent=40958"}],"wp:term":[{"taxonomy":"category","embeddable":true,"href":"https:\/\/www.grupomedcof.com.br\/blog\/wp-json\/wp\/v2\/categories?post=40958"},{"taxonomy":"post_tag","embeddable":true,"href":"https:\/\/www.grupomedcof.com.br\/blog\/wp-json\/wp\/v2\/tags?post=40958"},{"taxonomy":"author","embeddable":true,"href":"https:\/\/www.grupomedcof.com.br\/blog\/wp-json\/wp\/v2\/ppma_author?post=40958"}],"curies":[{"name":"wp","href":"https:\/\/api.w.org\/{rel}","templated":true}]}}