{"id":40984,"date":"2026-01-27T09:07:04","date_gmt":"2026-01-27T12:07:04","guid":{"rendered":"https:\/\/www.grupomedcof.com.br\/blog\/?p=40984"},"modified":"2026-01-29T14:35:45","modified_gmt":"2026-01-29T17:35:45","slug":"lista-notificacao-compulsoria-anomalias-congenitas","status":"publish","type":"post","link":"https:\/\/www.grupomedcof.com.br\/blog\/lista-notificacao-compulsoria-anomalias-congenitas\/","title":{"rendered":"Anomalias cong\u00eanitas passam a ser de notifica\u00e7\u00e3o compuls\u00f3ria ap\u00f3s portaria do MS"},"content":{"rendered":"<div id=\"ez-toc-container\" class=\"ez-toc-v2_0_74 counter-hierarchy ez-toc-counter ez-toc-transparent ez-toc-container-direction\">\n<div class=\"ez-toc-title-container\">\n<p class=\"ez-toc-title\" style=\"cursor:inherit\">Sum\u00e1rio<\/p>\n<span class=\"ez-toc-title-toggle\"><a href=\"#\" class=\"ez-toc-pull-right ez-toc-btn ez-toc-btn-xs ez-toc-btn-default ez-toc-toggle\" aria-label=\"Alternar tabela de conte\u00fado\"><span class=\"ez-toc-js-icon-con\"><span class=\"\"><span class=\"eztoc-hide\" style=\"display:none;\">Toggle<\/span><span class=\"ez-toc-icon-toggle-span\"><svg style=\"fill: #999;color:#999\" xmlns=\"http:\/\/www.w3.org\/2000\/svg\" class=\"list-377408\" width=\"20px\" height=\"20px\" viewBox=\"0 0 24 24\" fill=\"none\"><path d=\"M6 6H4v2h2V6zm14 0H8v2h12V6zM4 11h2v2H4v-2zm16 0H8v2h12v-2zM4 16h2v2H4v-2zm16 0H8v2h12v-2z\" fill=\"currentColor\"><\/path><\/svg><svg style=\"fill: #999;color:#999\" class=\"arrow-unsorted-368013\" xmlns=\"http:\/\/www.w3.org\/2000\/svg\" width=\"10px\" height=\"10px\" viewBox=\"0 0 24 24\" version=\"1.2\" baseProfile=\"tiny\"><path d=\"M18.2 9.3l-6.2-6.3-6.2 6.3c-.2.2-.3.4-.3.7s.1.5.3.7c.2.2.4.3.7.3h11c.3 0 .5-.1.7-.3.2-.2.3-.5.3-.7s-.1-.5-.3-.7zM5.8 14.7l6.2 6.3 6.2-6.3c.2-.2.3-.5.3-.7s-.1-.5-.3-.7c-.2-.2-.4-.3-.7-.3h-11c-.3 0-.5.1-.7.3-.2.2-.3.5-.3.7s.1.5.3.7z\"\/><\/svg><\/span><\/span><\/span><\/a><\/span><\/div>\n<nav><ul class='ez-toc-list ez-toc-list-level-1 ' ><li class='ez-toc-page-1 ez-toc-heading-level-2'><a class=\"ez-toc-link ez-toc-heading-1\" href=\"https:\/\/www.grupomedcof.com.br\/blog\/lista-notificacao-compulsoria-anomalias-congenitas\/#O_que_diz_a_nova_Portaria_do_Ministerio_da_Saude\" >O que diz a nova Portaria do Minist\u00e9rio da Sa\u00fade?<\/a><\/li><li class='ez-toc-page-1 ez-toc-heading-level-2'><a class=\"ez-toc-link ez-toc-heading-2\" href=\"https:\/\/www.grupomedcof.com.br\/blog\/lista-notificacao-compulsoria-anomalias-congenitas\/#Anomalias_congenitas_qual_e_a_periodicidade_da_notificacao\" >Anomalias cong\u00eanitas: qual \u00e9 a periodicidade da notifica\u00e7\u00e3o?<\/a><\/li><li class='ez-toc-page-1 ez-toc-heading-level-2'><a class=\"ez-toc-link ez-toc-heading-3\" href=\"https:\/\/www.grupomedcof.com.br\/blog\/lista-notificacao-compulsoria-anomalias-congenitas\/#A_importancia_dessa_nova_inclusao\" >A import\u00e2ncia dessa nova inclus\u00e3o<\/a><\/li><li class='ez-toc-page-1 ez-toc-heading-level-2'><a class=\"ez-toc-link ez-toc-heading-4\" href=\"https:\/\/www.grupomedcof.com.br\/blog\/lista-notificacao-compulsoria-anomalias-congenitas\/#Quem_deve_notificar_as_anomalias_congenitas\" >Quem deve notificar as anomalias cong\u00eanitas?<\/a><\/li><li class='ez-toc-page-1 ez-toc-heading-level-2'><a class=\"ez-toc-link ez-toc-heading-5\" href=\"https:\/\/www.grupomedcof.com.br\/blog\/lista-notificacao-compulsoria-anomalias-congenitas\/#Lista_Nacional_de_Notificacao_Compulsoria_atualizada\" >Lista Nacional de Notifica\u00e7\u00e3o Compuls\u00f3ria atualizada<\/a><\/li><li class='ez-toc-page-1 ez-toc-heading-level-2'><a class=\"ez-toc-link ez-toc-heading-6\" href=\"https:\/\/www.grupomedcof.com.br\/blog\/lista-notificacao-compulsoria-anomalias-congenitas\/#Garanta_o_Extensivo_2026_com_bonus_exclusivos_ate_3101\" >Garanta o Extensivo 2026 com b\u00f4nus exclusivos at\u00e9 31\/01<\/a><\/li><\/ul><\/nav><\/div>\n\n<figure class=\"wp-block-image size-full\"><img loading=\"lazy\" decoding=\"async\" width=\"1024\" height=\"768\" src=\"https:\/\/www.grupomedcof.com.br\/blog\/wp-content\/uploads\/2026\/01\/mca_abr_numero_de_serie_de_4_digitos_090620_1-1-1.jpg\" alt=\"\" class=\"wp-image-40987\" srcset=\"https:\/\/www.grupomedcof.com.br\/blog\/wp-content\/uploads\/2026\/01\/mca_abr_numero_de_serie_de_4_digitos_090620_1-1-1.jpg 1024w, https:\/\/www.grupomedcof.com.br\/blog\/wp-content\/uploads\/2026\/01\/mca_abr_numero_de_serie_de_4_digitos_090620_1-1-1-300x225.jpg 300w, https:\/\/www.grupomedcof.com.br\/blog\/wp-content\/uploads\/2026\/01\/mca_abr_numero_de_serie_de_4_digitos_090620_1-1-1-768x576.jpg 768w, https:\/\/www.grupomedcof.com.br\/blog\/wp-content\/uploads\/2026\/01\/mca_abr_numero_de_serie_de_4_digitos_090620_1-1-1-560x420.jpg 560w, https:\/\/www.grupomedcof.com.br\/blog\/wp-content\/uploads\/2026\/01\/mca_abr_numero_de_serie_de_4_digitos_090620_1-1-1-80x60.jpg 80w, https:\/\/www.grupomedcof.com.br\/blog\/wp-content\/uploads\/2026\/01\/mca_abr_numero_de_serie_de_4_digitos_090620_1-1-1-150x113.jpg 150w, https:\/\/www.grupomedcof.com.br\/blog\/wp-content\/uploads\/2026\/01\/mca_abr_numero_de_serie_de_4_digitos_090620_1-1-1-696x522.jpg 696w\" sizes=\"auto, (max-width: 1024px) 100vw, 1024px\" \/><figcaption class=\"wp-element-caption\">Fonte: Portal.GOV<\/figcaption><\/figure>\n\n\n\n<p>O <strong>Minist\u00e9rio da Sa\u00fade<\/strong> publicou, em janeiro de 2026, uma atualiza\u00e7\u00e3o importante na <strong>Lista Nacional de Notifica\u00e7\u00e3o Compuls\u00f3ria<\/strong>: as <strong>anomalias cong\u00eanitas<\/strong> agora passam a integrar oficialmente o rol de agravos que <strong>devem ser notificados em todo o territ\u00f3rio nacional<\/strong>, tanto na rede p\u00fablica quanto privada. <\/p>\n\n\n\n<p>A mudan\u00e7a foi estabelecida pela <strong>Portaria GM\/MS n\u00ba 10.175, de 23 de janeiro de 2026<\/strong>, e tem impacto direto na rotina de residentes m\u00e9dicos, especialmente nas \u00e1reas de <strong>pediatria, ginecologia e obstetr\u00edcia, gen\u00e9tica m\u00e9dica, medicina de fam\u00edlia e comunidade, neonatologia e sa\u00fade coletiva<\/strong>.<\/p>\n\n\n\n<h2 class=\"wp-block-heading\" id=\"h-o-que-diz-a-nova-portaria-do-ministerio-da-saude\"><span class=\"ez-toc-section\" id=\"O_que_diz_a_nova_Portaria_do_Ministerio_da_Saude\"><\/span><strong>O que diz a nova Portaria do Minist\u00e9rio da Sa\u00fade?<\/strong><span class=\"ez-toc-section-end\"><\/span><\/h2>\n\n\n\n<p>A <strong>Portaria GM\/MS n\u00ba 10.175<\/strong> altera o <strong>Anexo 1 do Anexo V da Portaria de Consolida\u00e7\u00e3o GM\/MS n\u00ba 4\/2017<\/strong>, incluindo formalmente as <strong>anomalias cong\u00eanitas<\/strong> na <strong>Lista Nacional de Notifica\u00e7\u00e3o Compuls\u00f3ria de doen\u00e7as, agravos e eventos de sa\u00fade p\u00fablica<\/strong>.<\/p>\n\n\n\n<p>Na pr\u00e1tica, isso significa que <strong>todo caso identificado deve ser notificado<\/strong>, independentemente do n\u00edvel de complexidade do servi\u00e7o de sa\u00fade onde o diagn\u00f3stico foi realizado.<\/p>\n\n\n\n<div class=\"wp-block-buttons is-layout-flex wp-block-buttons-is-layout-flex\">\n<div class=\"wp-block-button\"><a class=\"wp-block-button__link wp-element-button\" href=\"https:\/\/www.grupomedcof.com.br\/blog\/wp-content\/uploads\/2026\/01\/PORTARIA-GM_MS-No-10.175-DE-23-DE-JANEIRO-DE-2026-PORTARIA-GM_MS-No-10.175-DE-23-DE-JANEIRO-DE-2026-DOU-Imprensa-Nacional.pdf\" target=\"_blank\" rel=\"noreferrer noopener\">Portaria GM\/MS N\u00b010.175<\/a><\/div>\n<\/div>\n\n\n\n<h2 class=\"wp-block-heading\" id=\"h-anomalias-congenitas-qual-e-a-periodicidade-da-notificacao\"><span class=\"ez-toc-section\" id=\"Anomalias_congenitas_qual_e_a_periodicidade_da_notificacao\"><\/span><strong>Anomalias cong\u00eanitas: qual \u00e9 a periodicidade da notifica\u00e7\u00e3o?<\/strong><span class=\"ez-toc-section-end\"><\/span><\/h2>\n\n\n\n<p>Segundo o documento atualizado da Portaria, as <strong>anomalias cong\u00eanitas<\/strong> entram como evento de <strong>notifica\u00e7\u00e3o semanal<\/strong>. Isso refor\u00e7a a necessidade de aten\u00e7\u00e3o cont\u00ednua dos profissionais envolvidos no diagn\u00f3stico, acompanhamento e registro desses casos.<\/p>\n\n\n\n<p>Al\u00e9m disso, \u00e9 essencial entender que <strong>a notifica\u00e7\u00e3o n\u00e3o \u00e9 opcional<\/strong> e faz parte das atribui\u00e7\u00f5es assistenciais e legais do cuidado em sa\u00fade.<\/p>\n\n\n\n<h2 class=\"wp-block-heading\" id=\"h-a-importancia-dessa-nova-inclusao\"><span class=\"ez-toc-section\" id=\"A_importancia_dessa_nova_inclusao\"><\/span><strong>A import\u00e2ncia dessa nova inclus\u00e3o<\/strong><span class=\"ez-toc-section-end\"><\/span><\/h2>\n\n\n\n<p>Apesar de j\u00e1 existirem sistemas como o <strong>SINASC<\/strong> (Sistema de Informa\u00e7\u00f5es sobre Nascidos Vivos), a inclus\u00e3o das anomalias cong\u00eanitas na lista de notifica\u00e7\u00e3o compuls\u00f3ria amplia o <strong>monitoramento epidemiol\u00f3gico ativo<\/strong>, permitindo:<\/p>\n\n\n\n<ul class=\"wp-block-list\">\n<li>Melhor vigil\u00e2ncia da incid\u00eancia e distribui\u00e7\u00e3o das malforma\u00e7\u00f5es cong\u00eanitas;<\/li>\n\n\n\n<li>Identifica\u00e7\u00e3o precoce de padr\u00f5es, surtos ou associa\u00e7\u00f5es ambientais;<\/li>\n\n\n\n<li>Planejamento mais eficaz de pol\u00edticas p\u00fablicas em sa\u00fade materno-infantil;<\/li>\n\n\n\n<li>Fortalecimento das a\u00e7\u00f5es de preven\u00e7\u00e3o, diagn\u00f3stico precoce e reabilita\u00e7\u00e3o.<\/li>\n<\/ul>\n\n\n\n<h2 class=\"wp-block-heading\" id=\"h-quem-deve-notificar-as-anomalias-congenitas\"><span class=\"ez-toc-section\" id=\"Quem_deve_notificar_as_anomalias_congenitas\"><\/span><strong>Quem deve notificar as anomalias cong\u00eanitas?<\/strong><span class=\"ez-toc-section-end\"><\/span><\/h2>\n\n\n\n<p>A responsabilidade pela notifica\u00e7\u00e3o \u00e9 <strong>institucional<\/strong>, mas recai diretamente sobre os profissionais de sa\u00fade envolvidos na assist\u00eancia. Isso inclui:<\/p>\n\n\n\n<ul class=\"wp-block-list\">\n<li>M\u00e9dicos residentes;<\/li>\n\n\n\n<li>Preceptores;<\/li>\n\n\n\n<li>Equipes multiprofissionais dos servi\u00e7os p\u00fablicos e privados.<\/li>\n<\/ul>\n\n\n\n<p>Ou seja, se o residente identifica ou acompanha um caso, ele <strong>precisa garantir que a notifica\u00e7\u00e3o seja realizada<\/strong>, conforme os fluxos da vigil\u00e2ncia epidemiol\u00f3gica local.<\/p>\n\n\n\n<h2 class=\"wp-block-heading\" id=\"h-lista-nacional-de-notificacao-compulsoria-atualizada\"><span class=\"ez-toc-section\" id=\"Lista_Nacional_de_Notificacao_Compulsoria_atualizada\"><\/span><strong>Lista Nacional de Notifica\u00e7\u00e3o Compuls\u00f3ria atualizada<\/strong><span class=\"ez-toc-section-end\"><\/span><\/h2>\n\n\n\n<figure class=\"wp-block-table\"><table class=\"has-fixed-layout\"><thead><tr><th>N\u00ba<\/th><th>Doen\u00e7a ou Agravo<\/th><th>Notifica\u00e7\u00e3o Imediata (at\u00e9 24h)<\/th><th>Notifica\u00e7\u00e3o Semanal<\/th><\/tr><\/thead><tbody><tr><td>1a<\/td><td>Acidente de trabalho com exposi\u00e7\u00e3o a material biol\u00f3gico<\/td><td><\/td><td>X<\/td><\/tr><tr><td>1b<\/td><td>Acidente de trabalho<\/td><td>X<\/td><td><\/td><\/tr><tr><td>2<\/td><td>Acidente por animal pe\u00e7onhento<\/td><td>X<\/td><td><\/td><\/tr><tr><td>3<\/td><td>Acidente por animal potencialmente transmissor da raiva<\/td><td>X<\/td><td><\/td><\/tr><tr><td>4<\/td><td><strong>Anomalias cong\u00eanitas<\/strong><\/td><td><\/td><td><strong>X<\/strong><\/td><\/tr><tr><td>5<\/td><td>Botulismo<\/td><td>X<\/td><td><\/td><\/tr><tr><td>6<\/td><td>C\u00e2ncer relacionado ao trabalho<\/td><td><\/td><td>X<\/td><\/tr><tr><td>7<\/td><td>C\u00f3lera<\/td><td>X<\/td><td><\/td><\/tr><tr><td>8<\/td><td>Coqueluche<\/td><td>X<\/td><td><\/td><\/tr><tr><td>9<\/td><td>Covid-19<\/td><td>X<\/td><td><\/td><\/tr><tr><td>10a<\/td><td>Dengue \u2013 Casos<\/td><td><\/td><td>X<\/td><\/tr><tr><td>10b<\/td><td>Dengue \u2013 \u00d3bitos<\/td><td>X<\/td><td><\/td><\/tr><tr><td>11<\/td><td>Dermatoses ocupacionais<\/td><td><\/td><td>X<\/td><\/tr><tr><td>12<\/td><td>Difteria<\/td><td>X<\/td><td><\/td><\/tr><tr><td>13<\/td><td>Dist\u00farbio de voz relacionado ao trabalho<\/td><td><\/td><td>X<\/td><\/tr><tr><td>14a<\/td><td>Doen\u00e7a de Chagas Aguda<\/td><td>X<\/td><td><\/td><\/tr><tr><td>14b<\/td><td>Doen\u00e7a de Chagas Cr\u00f4nica<\/td><td><\/td><td>X<\/td><\/tr><tr><td>15<\/td><td>Doen\u00e7a de Creutzfeldt-Jakob (DCJ)<\/td><td><\/td><td>X<\/td><\/tr><tr><td>16<\/td><td>Doen\u00e7a Falciforme<\/td><td><\/td><td>X<\/td><\/tr><tr><td>17a<\/td><td>Doen\u00e7a invasiva por <em>Haemophilus influenzae<\/em><\/td><td>X<\/td><td><\/td><\/tr><tr><td>17b<\/td><td>Doen\u00e7a meningoc\u00f3cica e outras meningites<\/td><td>X<\/td><td><\/td><\/tr><tr><td>18<\/td><td>Doen\u00e7as com suspeita de dissemina\u00e7\u00e3o intencional<\/td><td>X<\/td><td><\/td><\/tr><tr><td>19<\/td><td>Doen\u00e7as febris hemorr\u00e1gicas emergentes\/reemergentes<\/td><td>X<\/td><td><\/td><\/tr><tr><td>20a<\/td><td>Doen\u00e7a aguda pelo v\u00edrus Zika<\/td><td><\/td><td>X<\/td><\/tr><tr><td>20b<\/td><td>Doen\u00e7a aguda pelo v\u00edrus Zika em gestante<\/td><td>X<\/td><td><\/td><\/tr><tr><td>20c<\/td><td>\u00d3bito com suspeita de doen\u00e7a pelo v\u00edrus Zika<\/td><td>X<\/td><td><\/td><\/tr><tr><td>20d<\/td><td>S\u00edndrome cong\u00eanita associada \u00e0 infec\u00e7\u00e3o pelo v\u00edrus Zika<\/td><td><\/td><td>X<\/td><\/tr><tr><td>21<\/td><td>Esporotricose humana<\/td><td><\/td><td>X<\/td><\/tr><tr><td>22<\/td><td>Esquistossomose<\/td><td><\/td><td>X<\/td><\/tr><tr><td>23<\/td><td>Evento de Sa\u00fade P\u00fablica (ESP)<\/td><td>X<\/td><td><\/td><\/tr><tr><td>24<\/td><td>Eventos adversos graves ou \u00f3bitos p\u00f3s-vacina\u00e7\u00e3o<\/td><td>X<\/td><td><\/td><\/tr><tr><td>25<\/td><td>Febre Amarela<\/td><td>X<\/td><td><\/td><\/tr><tr><td>26a<\/td><td>Febre de Chikungunya<\/td><td><\/td><td>X<\/td><\/tr><tr><td>26b<\/td><td>Chikungunya em \u00e1rea sem transmiss\u00e3o<\/td><td>X<\/td><td><\/td><\/tr><tr><td>26c<\/td><td>\u00d3bito por Chikungunya<\/td><td>X<\/td><td><\/td><\/tr><tr><td>27<\/td><td>Febre do Nilo Ocidental e outras arboviroses<\/td><td>X<\/td><td><\/td><\/tr><tr><td>28<\/td><td>Febre Maculosa e outras Riquetsioses<\/td><td>X<\/td><td><\/td><\/tr><tr><td>29<\/td><td>Febre Tifoide<\/td><td>X<\/td><td><\/td><\/tr><tr><td>30<\/td><td>Hansen\u00edase<\/td><td><\/td><td>X<\/td><\/tr><tr><td>31<\/td><td>Hantavirose<\/td><td>X<\/td><td><\/td><\/tr><tr><td>32<\/td><td>Hepatites virais<\/td><td><\/td><td>X<\/td><\/tr><tr><td>33<\/td><td>Hepatite B em gestante \/ crian\u00e7a exposta<\/td><td><\/td><td>X<\/td><\/tr><tr><td>34<\/td><td>HIV\/AIDS<\/td><td><\/td><td>X<\/td><\/tr><tr><td>35<\/td><td>HIV em gestante \/ crian\u00e7a exposta<\/td><td><\/td><td>X<\/td><\/tr><tr><td>36<\/td><td>Infec\u00e7\u00e3o pelo HIV<\/td><td><\/td><td>X<\/td><\/tr><tr><td>37<\/td><td>Infec\u00e7\u00e3o pelo HTLV<\/td><td><\/td><td>X<\/td><\/tr><tr><td>38<\/td><td>HTLV em gestante \/ crian\u00e7a exposta<\/td><td><\/td><td>X<\/td><\/tr><tr><td>39<\/td><td>Influenza humana por novo subtipo viral<\/td><td>X<\/td><td><\/td><\/tr><tr><td>40<\/td><td>Intoxica\u00e7\u00e3o ex\u00f3gena<\/td><td><\/td><td>X<\/td><\/tr><tr><td>41<\/td><td>Leishmaniose Tegumentar Americana<\/td><td><\/td><td>X<\/td><\/tr><tr><td>42<\/td><td>Leishmaniose Visceral<\/td><td><\/td><td>X<\/td><\/tr><tr><td>43<\/td><td>Leptospirose<\/td><td>X<\/td><td><\/td><\/tr><tr><td>44<\/td><td>LER\/DORT<\/td><td><\/td><td>X<\/td><\/tr><tr><td>45a<\/td><td>Mal\u00e1ria \u2013 regi\u00e3o amaz\u00f4nica<\/td><td><\/td><td>X<\/td><\/tr><tr><td>45b<\/td><td>Mal\u00e1ria \u2013 regi\u00e3o extra-Amaz\u00f4nica<\/td><td>X<\/td><td><\/td><\/tr><tr><td>46<\/td><td>Monkeypox (Var\u00edola dos Macacos)<\/td><td>X<\/td><td><\/td><\/tr><tr><td>47<\/td><td>\u00d3bito infantil e materno<\/td><td><\/td><td>X<\/td><\/tr><tr><td>48<\/td><td>Perda auditiva relacionada ao trabalho<\/td><td><\/td><td>X<\/td><\/tr><tr><td>49<\/td><td>Pneumoconioses relacionadas ao trabalho<\/td><td><\/td><td>X<\/td><\/tr><tr><td>50<\/td><td>Peste<\/td><td>X<\/td><td><\/td><\/tr><tr><td>51<\/td><td>Poliomielite por poliov\u00edrus selvagem<\/td><td>X<\/td><td><\/td><\/tr><tr><td>52<\/td><td>Raiva humana<\/td><td>X<\/td><td><\/td><\/tr><tr><td>53<\/td><td>S\u00edndrome da Rub\u00e9ola Cong\u00eanita<\/td><td>X<\/td><td><\/td><\/tr><tr><td>54<\/td><td>Sarampo e Rub\u00e9ola<\/td><td>X<\/td><td><\/td><\/tr><tr><td>55<\/td><td>S\u00edfilis (adquirida, cong\u00eanita e em gestante)<\/td><td><\/td><td>X<\/td><\/tr><tr><td>56<\/td><td>S\u00edndrome da Paralisia Fl\u00e1cida Aguda<\/td><td>X<\/td><td><\/td><\/tr><tr><td>57<\/td><td>SIM-A associada \u00e0 Covid-19<\/td><td>X<\/td><td><\/td><\/tr><tr><td>58<\/td><td>SIM-P associada \u00e0 Covid-19<\/td><td>X<\/td><td><\/td><\/tr><tr><td>59<\/td><td>SRAG associada a coronav\u00edrus<\/td><td>X<\/td><td><\/td><\/tr><tr><td>60<\/td><td>S\u00edndrome Gripal suspeita de Covid-19<\/td><td>X<\/td><td><\/td><\/tr><tr><td>61<\/td><td>T\u00e9tano (acidental e neonatal)<\/td><td>X<\/td><td><\/td><\/tr><tr><td>62<\/td><td>Toxoplasmose gestacional e cong\u00eanita<\/td><td><\/td><td>X<\/td><\/tr><tr><td>63<\/td><td>Transtornos mentais relacionados ao trabalho<\/td><td><\/td><td>X<\/td><\/tr><tr><td>64<\/td><td>Tuberculose<\/td><td><\/td><td>X<\/td><\/tr><tr><td>65<\/td><td>Varicela grave ou \u00f3bito<\/td><td>X<\/td><td><\/td><\/tr><tr><td>66a<\/td><td>Viol\u00eancia dom\u00e9stica e outras viol\u00eancias<\/td><td><\/td><td>X<\/td><\/tr><tr><td>66b<\/td><td>Viol\u00eancia sexual e tentativa de suic\u00eddio<\/td><td>X<\/td><td><\/td><\/tr><\/tbody><\/table><\/figure>\n\n\n\n<h2 class=\"wp-block-heading\" id=\"h-garanta-o-extensivo-2026-com-bonus-exclusivos-ate-31-01\"><span class=\"ez-toc-section\" id=\"Garanta_o_Extensivo_2026_com_bonus_exclusivos_ate_3101\"><\/span><strong><strong><strong>Garanta o Extensivo 2026 com b\u00f4nus exclusivos at\u00e9 31\/01<\/strong><\/strong><\/strong><span class=\"ez-toc-section-end\"><\/span><\/h2>\n\n\n\n<p>Ao se inscrever no <strong><a href=\"https:\/\/extensivo.grupomedcof.com.br\/r1-acesso-direto?clientId=&amp;utm_campaign=extensivo&amp;utm_medium=banner&amp;utm_source=blog&amp;utm_content=r1#https:\/\/www.grupomedcof.com.br\/\" target=\"_blank\" rel=\"noreferrer noopener\">Extensivo 2026<\/a><\/strong>, voc\u00ea n\u00e3o leva apenas o curso principal: at\u00e9 <strong>31 de janeiro<\/strong>, voc\u00ea garante <strong>b\u00f4nus estrat\u00e9gicos<\/strong> que ampliam sua prepara\u00e7\u00e3o desde o in\u00edcio do ano, sem custo adicional:<\/p>\n\n\n\n<ul class=\"wp-block-list\">\n<li><strong>CofQuest<\/strong> \u2014 jogo de aprendizagem ativa para fixar conte\u00fado de forma mais eficaz;<\/li>\n\n\n\n<li><strong>MedCof Life Hacks<\/strong> \u2014 prepara\u00e7\u00e3o para a vida real m\u00e9dica;<\/li>\n\n\n\n<li><strong>MedCof Hands On Online<\/strong> \u2014 pr\u00e1tica aplicada com casos cl\u00ednicos;<\/li>\n\n\n\n<li><strong>Direcionamento Inicial<\/strong> ao vivo \u2014 organiza\u00e7\u00e3o estrat\u00e9gica dos seus estudos.<\/li>\n<\/ul>\n\n\n\n<p>Aten\u00e7\u00e3o: essa condi\u00e7\u00e3o \u00e9 <strong>por tempo limitado<\/strong> e encerra em <strong>31\/01<\/strong>! Garanta agora e comece 2026 no ritmo certo, com mais seguran\u00e7a e dire\u00e7\u00e3o.<\/p>\n\n\n\n<figure class=\"wp-block-image size-large\"><a href=\"https:\/\/extensivo.grupomedcof.com.br\/r1-acesso-direto?clientId=&amp;utm_campaign=extensivo&amp;utm_medium=banner&amp;utm_source=blog&amp;utm_content=r1#https:\/\/www.grupomedcof.com.br\/\" target=\"_blank\" rel=\" noreferrer noopener\"><img loading=\"lazy\" decoding=\"async\" width=\"1024\" height=\"382\" src=\"https:\/\/www.grupomedcof.com.br\/blog\/wp-content\/uploads\/2026\/01\/image-14-1024x382.png\" alt=\"\" class=\"wp-image-40992\" srcset=\"https:\/\/www.grupomedcof.com.br\/blog\/wp-content\/uploads\/2026\/01\/image-14-1024x382.png 1024w, https:\/\/www.grupomedcof.com.br\/blog\/wp-content\/uploads\/2026\/01\/image-14-300x112.png 300w, https:\/\/www.grupomedcof.com.br\/blog\/wp-content\/uploads\/2026\/01\/image-14-768x286.png 768w, https:\/\/www.grupomedcof.com.br\/blog\/wp-content\/uploads\/2026\/01\/image-14-1536x572.png 1536w, https:\/\/www.grupomedcof.com.br\/blog\/wp-content\/uploads\/2026\/01\/image-14-1127x420.png 1127w, https:\/\/www.grupomedcof.com.br\/blog\/wp-content\/uploads\/2026\/01\/image-14-150x56.png 150w, https:\/\/www.grupomedcof.com.br\/blog\/wp-content\/uploads\/2026\/01\/image-14-696x259.png 696w, https:\/\/www.grupomedcof.com.br\/blog\/wp-content\/uploads\/2026\/01\/image-14-1068x398.png 1068w, https:\/\/www.grupomedcof.com.br\/blog\/wp-content\/uploads\/2026\/01\/image-14.png 1744w\" sizes=\"auto, (max-width: 1024px) 100vw, 1024px\" \/><\/a><\/figure>\n","protected":false},"excerpt":{"rendered":"<p>Confira a Lista Nacional de Notifica\u00e7\u00e3o Compuls\u00f3ria atualizada ap\u00f3s a Portaria GM\/MS n\u00ba 10.175\/2026. Acesse o blog e saiba j\u00e1!<\/p>\n","protected":false},"author":20,"featured_media":40986,"comment_status":"closed","ping_status":"closed","sticky":false,"template":"","format":"standard","meta":{"footnotes":""},"categories":[240,173],"tags":[1776,235,68],"ppma_author":[3616],"class_list":{"0":"post-40984","1":"post","2":"type-post","3":"status-publish","4":"format-standard","5":"has-post-thumbnail","7":"category-noticias","8":"category-novidades","9":"tag-anomalias-congenitas","10":"tag-ministerio-da-saude","11":"tag-residencia-medica"},"yoast_head":"<!-- This site is optimized with the Yoast SEO Premium plugin v24.3 (Yoast SEO v27.5) - https:\/\/yoast.com\/product\/yoast-seo-premium-wordpress\/ -->\n<title>Anomalias cong\u00eanitas passam a ser de notifica\u00e7\u00e3o compuls\u00f3ria ap\u00f3s portaria do MS - Blog de Medcof: conte\u00fados, editais, revalida e mais!<\/title>\n<meta name=\"description\" content=\"Confira a Lista Nacional de Notifica\u00e7\u00e3o Compuls\u00f3ria atualizada ap\u00f3s a Portaria GM\/MS n\u00ba 10.175\/2026. Acesse o blog e saiba j\u00e1!\" \/>\n<meta name=\"robots\" content=\"index, follow, max-snippet:-1, max-image-preview:large, max-video-preview:-1\" \/>\n<link rel=\"canonical\" href=\"https:\/\/www.grupomedcof.com.br\/blog\/lista-notificacao-compulsoria-anomalias-congenitas\/\" \/>\n<meta property=\"og:locale\" content=\"pt_BR\" \/>\n<meta property=\"og:type\" content=\"article\" \/>\n<meta property=\"og:title\" content=\"Anomalias cong\u00eanitas passam a ser de notifica\u00e7\u00e3o compuls\u00f3ria ap\u00f3s portaria do MS\" \/>\n<meta property=\"og:description\" content=\"Confira a Lista Nacional de Notifica\u00e7\u00e3o Compuls\u00f3ria atualizada ap\u00f3s a Portaria GM\/MS n\u00ba 10.175\/2026. Acesse o blog e saiba j\u00e1!\" \/>\n<meta property=\"og:url\" content=\"https:\/\/www.grupomedcof.com.br\/blog\/lista-notificacao-compulsoria-anomalias-congenitas\/\" \/>\n<meta property=\"og:site_name\" content=\"Blog de Medcof: conte\u00fados, editais, revalida e mais!\" \/>\n<meta property=\"article:publisher\" content=\"https:\/\/www.facebook.com\/MedCofQbank\/\" \/>\n<meta property=\"article:published_time\" content=\"2026-01-27T12:07:04+00:00\" \/>\n<meta property=\"article:modified_time\" content=\"2026-01-29T17:35:45+00:00\" \/>\n<meta property=\"og:image\" content=\"https:\/\/www.grupomedcof.com.br\/blog\/wp-content\/uploads\/2026\/01\/mca_abr_numero_de_serie_de_4_digitos_090620_1-1.jpg\" \/>\n\t<meta property=\"og:image:width\" content=\"1024\" \/>\n\t<meta property=\"og:image:height\" content=\"768\" \/>\n\t<meta property=\"og:image:type\" content=\"image\/jpeg\" \/>\n<meta name=\"author\" content=\"Leila Menzel\" \/>\n<meta name=\"twitter:card\" content=\"summary_large_image\" \/>\n<meta name=\"twitter:label1\" content=\"Escrito por\" \/>\n\t<meta name=\"twitter:data1\" content=\"Leila Menzel\" \/>\n\t<meta name=\"twitter:label2\" content=\"Est. tempo de leitura\" \/>\n\t<meta name=\"twitter:data2\" content=\"6 minutos\" \/>\n<script type=\"application\/ld+json\" class=\"yoast-schema-graph\">{\"@context\":\"https:\\\/\\\/schema.org\",\"@graph\":[{\"@type\":\"Article\",\"@id\":\"https:\\\/\\\/www.grupomedcof.com.br\\\/blog\\\/lista-notificacao-compulsoria-anomalias-congenitas\\\/#article\",\"isPartOf\":{\"@id\":\"https:\\\/\\\/www.grupomedcof.com.br\\\/blog\\\/lista-notificacao-compulsoria-anomalias-congenitas\\\/\"},\"author\":{\"name\":\"Leila Menzel\",\"@id\":\"https:\\\/\\\/www.grupomedcof.com.br\\\/blog\\\/#\\\/schema\\\/person\\\/9a44c2184a836bf5ae6967fdb3a1451e\"},\"headline\":\"Anomalias cong\u00eanitas passam a ser de notifica\u00e7\u00e3o compuls\u00f3ria ap\u00f3s portaria do MS\",\"datePublished\":\"2026-01-27T12:07:04+00:00\",\"dateModified\":\"2026-01-29T17:35:45+00:00\",\"mainEntityOfPage\":{\"@id\":\"https:\\\/\\\/www.grupomedcof.com.br\\\/blog\\\/lista-notificacao-compulsoria-anomalias-congenitas\\\/\"},\"wordCount\":1027,\"publisher\":{\"@id\":\"https:\\\/\\\/www.grupomedcof.com.br\\\/blog\\\/#organization\"},\"image\":{\"@id\":\"https:\\\/\\\/www.grupomedcof.com.br\\\/blog\\\/lista-notificacao-compulsoria-anomalias-congenitas\\\/#primaryimage\"},\"thumbnailUrl\":\"https:\\\/\\\/www.grupomedcof.com.br\\\/blog\\\/wp-content\\\/uploads\\\/2026\\\/01\\\/mca_abr_numero_de_serie_de_4_digitos_090620_1-1.jpg\",\"keywords\":[\"Anomalias Cong\u00eanitas\",\"Minist\u00e9rio da Sa\u00fade\",\"Resid\u00eancia M\u00e9dica\"],\"articleSection\":[\"Not\u00edcias\",\"Novidades\"],\"inLanguage\":\"pt-BR\"},{\"@type\":\"WebPage\",\"@id\":\"https:\\\/\\\/www.grupomedcof.com.br\\\/blog\\\/lista-notificacao-compulsoria-anomalias-congenitas\\\/\",\"url\":\"https:\\\/\\\/www.grupomedcof.com.br\\\/blog\\\/lista-notificacao-compulsoria-anomalias-congenitas\\\/\",\"name\":\"Anomalias cong\u00eanitas passam a ser de notifica\u00e7\u00e3o compuls\u00f3ria ap\u00f3s portaria do MS - Blog de Medcof: conte\u00fados, editais, revalida e mais!\",\"isPartOf\":{\"@id\":\"https:\\\/\\\/www.grupomedcof.com.br\\\/blog\\\/#website\"},\"primaryImageOfPage\":{\"@id\":\"https:\\\/\\\/www.grupomedcof.com.br\\\/blog\\\/lista-notificacao-compulsoria-anomalias-congenitas\\\/#primaryimage\"},\"image\":{\"@id\":\"https:\\\/\\\/www.grupomedcof.com.br\\\/blog\\\/lista-notificacao-compulsoria-anomalias-congenitas\\\/#primaryimage\"},\"thumbnailUrl\":\"https:\\\/\\\/www.grupomedcof.com.br\\\/blog\\\/wp-content\\\/uploads\\\/2026\\\/01\\\/mca_abr_numero_de_serie_de_4_digitos_090620_1-1.jpg\",\"datePublished\":\"2026-01-27T12:07:04+00:00\",\"dateModified\":\"2026-01-29T17:35:45+00:00\",\"description\":\"Confira a Lista Nacional de Notifica\u00e7\u00e3o Compuls\u00f3ria atualizada ap\u00f3s a Portaria GM\\\/MS n\u00ba 10.175\\\/2026. Acesse o blog e saiba j\u00e1!\",\"breadcrumb\":{\"@id\":\"https:\\\/\\\/www.grupomedcof.com.br\\\/blog\\\/lista-notificacao-compulsoria-anomalias-congenitas\\\/#breadcrumb\"},\"inLanguage\":\"pt-BR\",\"potentialAction\":[{\"@type\":\"ReadAction\",\"target\":[\"https:\\\/\\\/www.grupomedcof.com.br\\\/blog\\\/lista-notificacao-compulsoria-anomalias-congenitas\\\/\"]}]},{\"@type\":\"ImageObject\",\"inLanguage\":\"pt-BR\",\"@id\":\"https:\\\/\\\/www.grupomedcof.com.br\\\/blog\\\/lista-notificacao-compulsoria-anomalias-congenitas\\\/#primaryimage\",\"url\":\"https:\\\/\\\/www.grupomedcof.com.br\\\/blog\\\/wp-content\\\/uploads\\\/2026\\\/01\\\/mca_abr_numero_de_serie_de_4_digitos_090620_1-1.jpg\",\"contentUrl\":\"https:\\\/\\\/www.grupomedcof.com.br\\\/blog\\\/wp-content\\\/uploads\\\/2026\\\/01\\\/mca_abr_numero_de_serie_de_4_digitos_090620_1-1.jpg\",\"width\":1024,\"height\":768,\"caption\":\"Fonte: Portal.GOV\"},{\"@type\":\"BreadcrumbList\",\"@id\":\"https:\\\/\\\/www.grupomedcof.com.br\\\/blog\\\/lista-notificacao-compulsoria-anomalias-congenitas\\\/#breadcrumb\",\"itemListElement\":[{\"@type\":\"ListItem\",\"position\":1,\"name\":\"In\u00edcio\",\"item\":\"https:\\\/\\\/www.grupomedcof.com.br\\\/blog\\\/\"},{\"@type\":\"ListItem\",\"position\":2,\"name\":\"Anomalias cong\u00eanitas passam a ser de notifica\u00e7\u00e3o compuls\u00f3ria ap\u00f3s portaria do MS\"}]},{\"@type\":\"WebSite\",\"@id\":\"https:\\\/\\\/www.grupomedcof.com.br\\\/blog\\\/#website\",\"url\":\"https:\\\/\\\/www.grupomedcof.com.br\\\/blog\\\/\",\"name\":\"Blog de Medcof: conte\u00fados, editais, revalida e mais!\",\"description\":\"Acesso o blog de MedCof! Seu portal de conte\u00fados sobre resid\u00eancia m\u00e9dica, an\u00e1lise e editais e muito mais. Clique e confira!\",\"publisher\":{\"@id\":\"https:\\\/\\\/www.grupomedcof.com.br\\\/blog\\\/#organization\"},\"alternateName\":\"Blog de Medcof: conte\u00fados, editais, revalida e mais!\",\"potentialAction\":[{\"@type\":\"SearchAction\",\"target\":{\"@type\":\"EntryPoint\",\"urlTemplate\":\"https:\\\/\\\/www.grupomedcof.com.br\\\/blog\\\/?s={search_term_string}\"},\"query-input\":{\"@type\":\"PropertyValueSpecification\",\"valueRequired\":true,\"valueName\":\"search_term_string\"}}],\"inLanguage\":\"pt-BR\"},{\"@type\":\"Organization\",\"@id\":\"https:\\\/\\\/www.grupomedcof.com.br\\\/blog\\\/#organization\",\"name\":\"Grupo MedCof\",\"url\":\"https:\\\/\\\/www.grupomedcof.com.br\\\/blog\\\/\",\"logo\":{\"@type\":\"ImageObject\",\"inLanguage\":\"pt-BR\",\"@id\":\"https:\\\/\\\/www.grupomedcof.com.br\\\/blog\\\/#\\\/schema\\\/logo\\\/image\\\/\",\"url\":\"https:\\\/\\\/www.grupomedcof.com.br\\\/blog\\\/wp-content\\\/uploads\\\/2022\\\/01\\\/logo-medcof.png\",\"contentUrl\":\"https:\\\/\\\/www.grupomedcof.com.br\\\/blog\\\/wp-content\\\/uploads\\\/2022\\\/01\\\/logo-medcof.png\",\"width\":768,\"height\":269,\"caption\":\"Grupo MedCof\"},\"image\":{\"@id\":\"https:\\\/\\\/www.grupomedcof.com.br\\\/blog\\\/#\\\/schema\\\/logo\\\/image\\\/\"},\"sameAs\":[\"https:\\\/\\\/www.facebook.com\\\/MedCofQbank\\\/\",\"https:\\\/\\\/www.instagram.com\\\/grupomedcof\\\/\",\"https:\\\/\\\/br.linkedin.com\\\/company\\\/medcof\",\"https:\\\/\\\/www.youtube.com\\\/channel\\\/UCdHMuOHKICxcHwecxN8P-AA\"]},{\"@type\":\"Person\",\"@id\":\"https:\\\/\\\/www.grupomedcof.com.br\\\/blog\\\/#\\\/schema\\\/person\\\/9a44c2184a836bf5ae6967fdb3a1451e\",\"name\":\"Leila Menzel\",\"image\":{\"@type\":\"ImageObject\",\"inLanguage\":\"pt-BR\",\"@id\":\"https:\\\/\\\/www.grupomedcof.com.br\\\/blog\\\/wp-content\\\/uploads\\\/2025\\\/09\\\/cropped-eu-96x96.jpeg19a74936d997c0a8b3031618467fa1d0\",\"url\":\"https:\\\/\\\/www.grupomedcof.com.br\\\/blog\\\/wp-content\\\/uploads\\\/2025\\\/09\\\/cropped-eu-96x96.jpeg\",\"contentUrl\":\"https:\\\/\\\/www.grupomedcof.com.br\\\/blog\\\/wp-content\\\/uploads\\\/2025\\\/09\\\/cropped-eu-96x96.jpeg\",\"caption\":\"Leila Menzel\"},\"description\":\"Estudante do 6\u00b0 semestre de jornalismo, amo e escrevo poesias e viajo em livros de romances clich\u00eas.\",\"url\":\"https:\\\/\\\/www.grupomedcof.com.br\\\/blog\\\/author\\\/leila-menzel\\\/\"}]}<\/script>\n<!-- \/ Yoast SEO Premium plugin. -->","yoast_head_json":{"title":"Anomalias cong\u00eanitas passam a ser de notifica\u00e7\u00e3o compuls\u00f3ria ap\u00f3s portaria do MS - Blog de Medcof: conte\u00fados, editais, revalida e mais!","description":"Confira a Lista Nacional de Notifica\u00e7\u00e3o Compuls\u00f3ria atualizada ap\u00f3s a Portaria GM\/MS n\u00ba 10.175\/2026. Acesse o blog e saiba j\u00e1!","robots":{"index":"index","follow":"follow","max-snippet":"max-snippet:-1","max-image-preview":"max-image-preview:large","max-video-preview":"max-video-preview:-1"},"canonical":"https:\/\/www.grupomedcof.com.br\/blog\/lista-notificacao-compulsoria-anomalias-congenitas\/","og_locale":"pt_BR","og_type":"article","og_title":"Anomalias cong\u00eanitas passam a ser de notifica\u00e7\u00e3o compuls\u00f3ria ap\u00f3s portaria do MS","og_description":"Confira a Lista Nacional de Notifica\u00e7\u00e3o Compuls\u00f3ria atualizada ap\u00f3s a Portaria GM\/MS n\u00ba 10.175\/2026. Acesse o blog e saiba j\u00e1!","og_url":"https:\/\/www.grupomedcof.com.br\/blog\/lista-notificacao-compulsoria-anomalias-congenitas\/","og_site_name":"Blog de Medcof: conte\u00fados, editais, revalida e mais!","article_publisher":"https:\/\/www.facebook.com\/MedCofQbank\/","article_published_time":"2026-01-27T12:07:04+00:00","article_modified_time":"2026-01-29T17:35:45+00:00","og_image":[{"width":1024,"height":768,"url":"https:\/\/www.grupomedcof.com.br\/blog\/wp-content\/uploads\/2026\/01\/mca_abr_numero_de_serie_de_4_digitos_090620_1-1.jpg","type":"image\/jpeg"}],"author":"Leila Menzel","twitter_card":"summary_large_image","twitter_misc":{"Escrito por":"Leila Menzel","Est. tempo de leitura":"6 minutos"},"schema":{"@context":"https:\/\/schema.org","@graph":[{"@type":"Article","@id":"https:\/\/www.grupomedcof.com.br\/blog\/lista-notificacao-compulsoria-anomalias-congenitas\/#article","isPartOf":{"@id":"https:\/\/www.grupomedcof.com.br\/blog\/lista-notificacao-compulsoria-anomalias-congenitas\/"},"author":{"name":"Leila Menzel","@id":"https:\/\/www.grupomedcof.com.br\/blog\/#\/schema\/person\/9a44c2184a836bf5ae6967fdb3a1451e"},"headline":"Anomalias cong\u00eanitas passam a ser de notifica\u00e7\u00e3o compuls\u00f3ria ap\u00f3s portaria do MS","datePublished":"2026-01-27T12:07:04+00:00","dateModified":"2026-01-29T17:35:45+00:00","mainEntityOfPage":{"@id":"https:\/\/www.grupomedcof.com.br\/blog\/lista-notificacao-compulsoria-anomalias-congenitas\/"},"wordCount":1027,"publisher":{"@id":"https:\/\/www.grupomedcof.com.br\/blog\/#organization"},"image":{"@id":"https:\/\/www.grupomedcof.com.br\/blog\/lista-notificacao-compulsoria-anomalias-congenitas\/#primaryimage"},"thumbnailUrl":"https:\/\/www.grupomedcof.com.br\/blog\/wp-content\/uploads\/2026\/01\/mca_abr_numero_de_serie_de_4_digitos_090620_1-1.jpg","keywords":["Anomalias Cong\u00eanitas","Minist\u00e9rio da Sa\u00fade","Resid\u00eancia M\u00e9dica"],"articleSection":["Not\u00edcias","Novidades"],"inLanguage":"pt-BR"},{"@type":"WebPage","@id":"https:\/\/www.grupomedcof.com.br\/blog\/lista-notificacao-compulsoria-anomalias-congenitas\/","url":"https:\/\/www.grupomedcof.com.br\/blog\/lista-notificacao-compulsoria-anomalias-congenitas\/","name":"Anomalias cong\u00eanitas passam a ser de notifica\u00e7\u00e3o compuls\u00f3ria ap\u00f3s portaria do MS - Blog de Medcof: conte\u00fados, editais, revalida e mais!","isPartOf":{"@id":"https:\/\/www.grupomedcof.com.br\/blog\/#website"},"primaryImageOfPage":{"@id":"https:\/\/www.grupomedcof.com.br\/blog\/lista-notificacao-compulsoria-anomalias-congenitas\/#primaryimage"},"image":{"@id":"https:\/\/www.grupomedcof.com.br\/blog\/lista-notificacao-compulsoria-anomalias-congenitas\/#primaryimage"},"thumbnailUrl":"https:\/\/www.grupomedcof.com.br\/blog\/wp-content\/uploads\/2026\/01\/mca_abr_numero_de_serie_de_4_digitos_090620_1-1.jpg","datePublished":"2026-01-27T12:07:04+00:00","dateModified":"2026-01-29T17:35:45+00:00","description":"Confira a Lista Nacional de Notifica\u00e7\u00e3o Compuls\u00f3ria atualizada ap\u00f3s a Portaria GM\/MS n\u00ba 10.175\/2026. Acesse o blog e saiba j\u00e1!","breadcrumb":{"@id":"https:\/\/www.grupomedcof.com.br\/blog\/lista-notificacao-compulsoria-anomalias-congenitas\/#breadcrumb"},"inLanguage":"pt-BR","potentialAction":[{"@type":"ReadAction","target":["https:\/\/www.grupomedcof.com.br\/blog\/lista-notificacao-compulsoria-anomalias-congenitas\/"]}]},{"@type":"ImageObject","inLanguage":"pt-BR","@id":"https:\/\/www.grupomedcof.com.br\/blog\/lista-notificacao-compulsoria-anomalias-congenitas\/#primaryimage","url":"https:\/\/www.grupomedcof.com.br\/blog\/wp-content\/uploads\/2026\/01\/mca_abr_numero_de_serie_de_4_digitos_090620_1-1.jpg","contentUrl":"https:\/\/www.grupomedcof.com.br\/blog\/wp-content\/uploads\/2026\/01\/mca_abr_numero_de_serie_de_4_digitos_090620_1-1.jpg","width":1024,"height":768,"caption":"Fonte: Portal.GOV"},{"@type":"BreadcrumbList","@id":"https:\/\/www.grupomedcof.com.br\/blog\/lista-notificacao-compulsoria-anomalias-congenitas\/#breadcrumb","itemListElement":[{"@type":"ListItem","position":1,"name":"In\u00edcio","item":"https:\/\/www.grupomedcof.com.br\/blog\/"},{"@type":"ListItem","position":2,"name":"Anomalias cong\u00eanitas passam a ser de notifica\u00e7\u00e3o compuls\u00f3ria ap\u00f3s portaria do MS"}]},{"@type":"WebSite","@id":"https:\/\/www.grupomedcof.com.br\/blog\/#website","url":"https:\/\/www.grupomedcof.com.br\/blog\/","name":"Blog de Medcof: conte\u00fados, editais, revalida e mais!","description":"Acesso o blog de MedCof! Seu portal de conte\u00fados sobre resid\u00eancia m\u00e9dica, an\u00e1lise e editais e muito mais. Clique e confira!","publisher":{"@id":"https:\/\/www.grupomedcof.com.br\/blog\/#organization"},"alternateName":"Blog de Medcof: conte\u00fados, editais, revalida e mais!","potentialAction":[{"@type":"SearchAction","target":{"@type":"EntryPoint","urlTemplate":"https:\/\/www.grupomedcof.com.br\/blog\/?s={search_term_string}"},"query-input":{"@type":"PropertyValueSpecification","valueRequired":true,"valueName":"search_term_string"}}],"inLanguage":"pt-BR"},{"@type":"Organization","@id":"https:\/\/www.grupomedcof.com.br\/blog\/#organization","name":"Grupo MedCof","url":"https:\/\/www.grupomedcof.com.br\/blog\/","logo":{"@type":"ImageObject","inLanguage":"pt-BR","@id":"https:\/\/www.grupomedcof.com.br\/blog\/#\/schema\/logo\/image\/","url":"https:\/\/www.grupomedcof.com.br\/blog\/wp-content\/uploads\/2022\/01\/logo-medcof.png","contentUrl":"https:\/\/www.grupomedcof.com.br\/blog\/wp-content\/uploads\/2022\/01\/logo-medcof.png","width":768,"height":269,"caption":"Grupo MedCof"},"image":{"@id":"https:\/\/www.grupomedcof.com.br\/blog\/#\/schema\/logo\/image\/"},"sameAs":["https:\/\/www.facebook.com\/MedCofQbank\/","https:\/\/www.instagram.com\/grupomedcof\/","https:\/\/br.linkedin.com\/company\/medcof","https:\/\/www.youtube.com\/channel\/UCdHMuOHKICxcHwecxN8P-AA"]},{"@type":"Person","@id":"https:\/\/www.grupomedcof.com.br\/blog\/#\/schema\/person\/9a44c2184a836bf5ae6967fdb3a1451e","name":"Leila Menzel","image":{"@type":"ImageObject","inLanguage":"pt-BR","@id":"https:\/\/www.grupomedcof.com.br\/blog\/wp-content\/uploads\/2025\/09\/cropped-eu-96x96.jpeg19a74936d997c0a8b3031618467fa1d0","url":"https:\/\/www.grupomedcof.com.br\/blog\/wp-content\/uploads\/2025\/09\/cropped-eu-96x96.jpeg","contentUrl":"https:\/\/www.grupomedcof.com.br\/blog\/wp-content\/uploads\/2025\/09\/cropped-eu-96x96.jpeg","caption":"Leila Menzel"},"description":"Estudante do 6\u00b0 semestre de jornalismo, amo e escrevo poesias e viajo em livros de romances clich\u00eas.","url":"https:\/\/www.grupomedcof.com.br\/blog\/author\/leila-menzel\/"}]}},"authors":[{"term_id":3616,"user_id":20,"is_guest":0,"slug":"leila-menzel","display_name":"Leila Menzel","avatar_url":"https:\/\/www.grupomedcof.com.br\/blog\/wp-content\/uploads\/2025\/09\/cropped-eu-96x96.jpeg","0":null,"1":"","2":"","3":"","4":"","5":"","6":"","7":"","8":""}],"_links":{"self":[{"href":"https:\/\/www.grupomedcof.com.br\/blog\/wp-json\/wp\/v2\/posts\/40984","targetHints":{"allow":["GET"]}}],"collection":[{"href":"https:\/\/www.grupomedcof.com.br\/blog\/wp-json\/wp\/v2\/posts"}],"about":[{"href":"https:\/\/www.grupomedcof.com.br\/blog\/wp-json\/wp\/v2\/types\/post"}],"author":[{"embeddable":true,"href":"https:\/\/www.grupomedcof.com.br\/blog\/wp-json\/wp\/v2\/users\/20"}],"replies":[{"embeddable":true,"href":"https:\/\/www.grupomedcof.com.br\/blog\/wp-json\/wp\/v2\/comments?post=40984"}],"version-history":[{"count":5,"href":"https:\/\/www.grupomedcof.com.br\/blog\/wp-json\/wp\/v2\/posts\/40984\/revisions"}],"predecessor-version":[{"id":41013,"href":"https:\/\/www.grupomedcof.com.br\/blog\/wp-json\/wp\/v2\/posts\/40984\/revisions\/41013"}],"wp:featuredmedia":[{"embeddable":true,"href":"https:\/\/www.grupomedcof.com.br\/blog\/wp-json\/wp\/v2\/media\/40986"}],"wp:attachment":[{"href":"https:\/\/www.grupomedcof.com.br\/blog\/wp-json\/wp\/v2\/media?parent=40984"}],"wp:term":[{"taxonomy":"category","embeddable":true,"href":"https:\/\/www.grupomedcof.com.br\/blog\/wp-json\/wp\/v2\/categories?post=40984"},{"taxonomy":"post_tag","embeddable":true,"href":"https:\/\/www.grupomedcof.com.br\/blog\/wp-json\/wp\/v2\/tags?post=40984"},{"taxonomy":"author","embeddable":true,"href":"https:\/\/www.grupomedcof.com.br\/blog\/wp-json\/wp\/v2\/ppma_author?post=40984"}],"curies":[{"name":"wp","href":"https:\/\/api.w.org\/{rel}","templated":true}]}}