{"id":41196,"date":"2026-01-29T11:34:11","date_gmt":"2026-01-29T14:34:11","guid":{"rendered":"https:\/\/www.grupomedcof.com.br\/blog\/?p=41196"},"modified":"2026-02-20T16:36:20","modified_gmt":"2026-02-20T19:36:20","slug":"nova-entidade-medica-e-a-disputa-por-titulos-de-especialista","status":"publish","type":"post","link":"https:\/\/www.grupomedcof.com.br\/blog\/nova-entidade-medica-e-a-disputa-por-titulos-de-especialista\/","title":{"rendered":"Sistema de titula\u00e7\u00e3o m\u00e9dica \u00e9 questionado por nova entidade e gera rea\u00e7\u00e3o do CFM e da AMB"},"content":{"rendered":"<div id=\"ez-toc-container\" class=\"ez-toc-v2_0_74 counter-hierarchy ez-toc-counter ez-toc-transparent ez-toc-container-direction\">\n<div class=\"ez-toc-title-container\">\n<p class=\"ez-toc-title\" style=\"cursor:inherit\">Sum\u00e1rio<\/p>\n<span class=\"ez-toc-title-toggle\"><a href=\"#\" class=\"ez-toc-pull-right ez-toc-btn ez-toc-btn-xs ez-toc-btn-default ez-toc-toggle\" aria-label=\"Alternar tabela de conte\u00fado\"><span class=\"ez-toc-js-icon-con\"><span class=\"\"><span class=\"eztoc-hide\" style=\"display:none;\">Toggle<\/span><span class=\"ez-toc-icon-toggle-span\"><svg style=\"fill: #999;color:#999\" xmlns=\"http:\/\/www.w3.org\/2000\/svg\" class=\"list-377408\" width=\"20px\" height=\"20px\" viewBox=\"0 0 24 24\" fill=\"none\"><path d=\"M6 6H4v2h2V6zm14 0H8v2h12V6zM4 11h2v2H4v-2zm16 0H8v2h12v-2zM4 16h2v2H4v-2zm16 0H8v2h12v-2z\" fill=\"currentColor\"><\/path><\/svg><svg style=\"fill: #999;color:#999\" class=\"arrow-unsorted-368013\" xmlns=\"http:\/\/www.w3.org\/2000\/svg\" width=\"10px\" height=\"10px\" viewBox=\"0 0 24 24\" version=\"1.2\" baseProfile=\"tiny\"><path d=\"M18.2 9.3l-6.2-6.3-6.2 6.3c-.2.2-.3.4-.3.7s.1.5.3.7c.2.2.4.3.7.3h11c.3 0 .5-.1.7-.3.2-.2.3-.5.3-.7s-.1-.5-.3-.7zM5.8 14.7l6.2 6.3 6.2-6.3c.2-.2.3-.5.3-.7s-.1-.5-.3-.7c-.2-.2-.4-.3-.7-.3h-11c-.3 0-.5.1-.7.3-.2.2-.3.5-.3.7s.1.5.3.7z\"\/><\/svg><\/span><\/span><\/span><\/a><\/span><\/div>\n<nav><ul class='ez-toc-list ez-toc-list-level-1 ' ><li class='ez-toc-page-1 ez-toc-heading-level-2'><a class=\"ez-toc-link ez-toc-heading-1\" href=\"https:\/\/www.grupomedcof.com.br\/blog\/nova-entidade-medica-e-a-disputa-por-titulos-de-especialista\/#Propostas_e_objetivos_da_Ordem_Medica_Brasileira\" >Propostas e objetivos da Ordem M\u00e9dica Brasileira<\/a><\/li><li class='ez-toc-page-1 ez-toc-heading-level-2'><a class=\"ez-toc-link ez-toc-heading-2\" href=\"https:\/\/www.grupomedcof.com.br\/blog\/nova-entidade-medica-e-a-disputa-por-titulos-de-especialista\/#Posicionamento_do_Conselho_Federal_de_Medicina\" >Posicionamento do Conselho Federal de Medicina<\/a><\/li><li class='ez-toc-page-1 ez-toc-heading-level-2'><a class=\"ez-toc-link ez-toc-heading-3\" href=\"https:\/\/www.grupomedcof.com.br\/blog\/nova-entidade-medica-e-a-disputa-por-titulos-de-especialista\/#Alerta_da_Associacao_Medica_Brasileira\" >Alerta da Associa\u00e7\u00e3o M\u00e9dica Brasileira<\/a><\/li><li class='ez-toc-page-1 ez-toc-heading-level-2'><a class=\"ez-toc-link ez-toc-heading-4\" href=\"https:\/\/www.grupomedcof.com.br\/blog\/nova-entidade-medica-e-a-disputa-por-titulos-de-especialista\/#Como_surgiu_a_OMB\" >Como surgiu a OMB?<\/a><\/li><li class='ez-toc-page-1 ez-toc-heading-level-2'><a class=\"ez-toc-link ez-toc-heading-5\" href=\"https:\/\/www.grupomedcof.com.br\/blog\/nova-entidade-medica-e-a-disputa-por-titulos-de-especialista\/#Justica_Federal_impede_que_OMB_ofereca_titulo_de_especialista\" >Justi\u00e7a Federal impede que OMB ofere\u00e7a t\u00edtulo de especialista<\/a><\/li><li class='ez-toc-page-1 ez-toc-heading-level-2'><a class=\"ez-toc-link ez-toc-heading-6\" href=\"https:\/\/www.grupomedcof.com.br\/blog\/nova-entidade-medica-e-a-disputa-por-titulos-de-especialista\/#Conquiste_a_aprovacao_e_acompanhe_mais_noticias\" >Conquiste a aprova\u00e7\u00e3o e acompanhe mais not\u00edcias!<\/a><\/li><\/ul><\/nav><\/div>\n\n<figure class=\"wp-block-image size-large\"><img loading=\"lazy\" decoding=\"async\" width=\"1024\" height=\"576\" src=\"https:\/\/www.grupomedcof.com.br\/blog\/wp-content\/uploads\/2026\/01\/Blog-MedCof-2026-01-29T113228.634-1024x576.jpg\" alt=\"\" class=\"wp-image-41198\" srcset=\"https:\/\/www.grupomedcof.com.br\/blog\/wp-content\/uploads\/2026\/01\/Blog-MedCof-2026-01-29T113228.634-1024x576.jpg 1024w, https:\/\/www.grupomedcof.com.br\/blog\/wp-content\/uploads\/2026\/01\/Blog-MedCof-2026-01-29T113228.634-300x169.jpg 300w, https:\/\/www.grupomedcof.com.br\/blog\/wp-content\/uploads\/2026\/01\/Blog-MedCof-2026-01-29T113228.634-768x432.jpg 768w, https:\/\/www.grupomedcof.com.br\/blog\/wp-content\/uploads\/2026\/01\/Blog-MedCof-2026-01-29T113228.634-1536x864.jpg 1536w, https:\/\/www.grupomedcof.com.br\/blog\/wp-content\/uploads\/2026\/01\/Blog-MedCof-2026-01-29T113228.634-747x420.jpg 747w, https:\/\/www.grupomedcof.com.br\/blog\/wp-content\/uploads\/2026\/01\/Blog-MedCof-2026-01-29T113228.634-150x84.jpg 150w, https:\/\/www.grupomedcof.com.br\/blog\/wp-content\/uploads\/2026\/01\/Blog-MedCof-2026-01-29T113228.634-696x392.jpg 696w, https:\/\/www.grupomedcof.com.br\/blog\/wp-content\/uploads\/2026\/01\/Blog-MedCof-2026-01-29T113228.634-1068x601.jpg 1068w, https:\/\/www.grupomedcof.com.br\/blog\/wp-content\/uploads\/2026\/01\/Blog-MedCof-2026-01-29T113228.634.jpg 1920w\" sizes=\"auto, (max-width: 1024px) 100vw, 1024px\" \/><\/figure>\n\n\n\n<p>Uma nova entidade m\u00e9dica, denominada <strong>Ordem M\u00e9dica Brasileira (OMB)<\/strong>, tem ganhado aten\u00e7\u00e3o no cen\u00e1rio da medicina nacional ao anunciar planos para emitir <strong>t\u00edtulos de especialista<\/strong> e <strong>organizar provas de titula\u00e7\u00e3o<\/strong> a partir de 2026. <\/p>\n\n\n\n<p>A iniciativa, que se coloca como alternativa \u00e0s entidades tradicionais, provocou rea\u00e7\u00f5es contundentes do <strong>Conselho Federal de Medicina (CFM)<\/strong> e da <strong>Associa\u00e7\u00e3o M\u00e9dica Brasileira (AMB)<\/strong>, desencadeando uma disputa com poss\u00edveis desdobramentos judiciais e debates sobre a seguran\u00e7a do processo de certifica\u00e7\u00e3o m\u00e9dica no Brasil.<\/p>\n\n\n\n<h2 class=\"wp-block-heading\" id=\"h-propostas-e-objetivos-da-ordem-medica-brasileira\"><span class=\"ez-toc-section\" id=\"Propostas_e_objetivos_da_Ordem_Medica_Brasileira\"><\/span><strong>Propostas e objetivos da Ordem M\u00e9dica Brasileira<\/strong><span class=\"ez-toc-section-end\"><\/span><\/h2>\n\n\n\n<p>A proposta da OMB \u00e9 <strong>criar um sistema paralelo para certificar m\u00e9dicos como especialistas em diversas \u00e1reas m\u00e9dicas<\/strong>, lan\u00e7ando editais e anunciando <strong>provas de titula\u00e7\u00e3o<\/strong> que pretendem contrariar normas vigentes. A entidade defende uma suposta necessidade de equidade e pluralidade na titula\u00e7\u00e3o m\u00e9dica, afirmando que o modelo atual seria demasiado concentrado.<\/p>\n\n\n\n<p>No entanto, o site ainda est\u00e1 em constru\u00e7\u00e3o e a iniciativa <strong>n\u00e3o possui reconhecimento formal perante os \u00f3rg\u00e3os reguladores da profiss\u00e3o no Brasil.<\/strong><\/p>\n\n\n\n<h2 class=\"wp-block-heading\" id=\"h-posicionamento-do-conselho-federal-de-medicina\"><span class=\"ez-toc-section\" id=\"Posicionamento_do_Conselho_Federal_de_Medicina\"><\/span><strong>Posicionamento do Conselho Federal de Medicina<\/strong><span class=\"ez-toc-section-end\"><\/span><\/h2>\n\n\n\n<p>O Conselho Federal de Medicina (CFM) j\u00e1 posicionou publicamente que a OMB <strong>n\u00e3o possui respaldo na legisla\u00e7\u00e3o brasileira<\/strong> para conceder t\u00edtulos de especialista e que qualquer certifica\u00e7\u00e3o emitida por essa entidade <strong>n\u00e3o ser\u00e1 reconhecida<\/strong> como v\u00e1lida para fins legais ou profissionais no pa\u00eds.<\/p>\n\n\n\n<p>O reconhecimento de especialidades \u00e9 regido por leis espec\u00edficas, incluindo o <strong>Decreto n\u00ba 8.516\/2015<\/strong>, que disciplina a cria\u00e7\u00e3o de especialidades m\u00e9dicas e os crit\u00e9rios para registro profissional.<\/p>\n\n\n\n<p>De acordo com o CFM, permitir que m\u00e9dicos se apresentem como especialistas sem titula\u00e7\u00e3o v\u00e1lida <strong>constitui risco jur\u00eddico e \u00e9tico<\/strong>, al\u00e9m de potencialmente configurar estelionato profissional, podendo ser objeto de a\u00e7\u00f5es civis e criminais.<\/p>\n\n\n\n<h2 class=\"wp-block-heading\" id=\"h-alerta-da-associacao-medica-brasileira\"><span class=\"ez-toc-section\" id=\"Alerta_da_Associacao_Medica_Brasileira\"><\/span><strong>Alerta da Associa\u00e7\u00e3o M\u00e9dica Brasileira<\/strong><span class=\"ez-toc-section-end\"><\/span><\/h2>\n\n\n\n<p>A AMB, entidade com mais de sete d\u00e9cadas de tradi\u00e7\u00e3o na emiss\u00e3o de t\u00edtulos de especialistas em conjunto com suas sociedades filiadas, emitiu notas oficiais alertando sobre <strong>&#8220;grave amea\u00e7a&#8221; ao sistema consolidado de certifica\u00e7\u00e3o m\u00e9dica no Brasil,<\/strong> al\u00e9m do risco de que profissionais sem qualifica\u00e7\u00e3o formal se apresentem como especialistas, <strong>comprometendo a seguran\u00e7a do paciente e a confiabilidade do sistema de sa\u00fade.<\/strong><\/p>\n\n\n\n<p>Ainda de acordo com o posicionamento da entidade, <strong>apenas m\u00e9dicos que completaram resid\u00eancia m\u00e9dica reconhecida pela Comiss\u00e3o Nacional de Resid\u00eancia M\u00e9dica (CNRM) <\/strong>ou que<strong> obtiveram t\u00edtulo pelas sociedades credenciadas<\/strong> podem obter o <strong>Registro de Qualifica\u00e7\u00e3o de Especialista (RQE)<\/strong>, documenta\u00e7\u00e3o indispens\u00e1vel para anunciar sua especialidade.<\/p>\n\n\n\n<h2 class=\"wp-block-heading\" id=\"h-como-surgiu-a-omb\"><span class=\"ez-toc-section\" id=\"Como_surgiu_a_OMB\"><\/span><strong>Como surgiu a OMB?<\/strong><span class=\"ez-toc-section-end\"><\/span><\/h2>\n\n\n\n<p>Um grupo de profissionais liderado pelo m\u00e9dico Lucio Monte Alto criou, h\u00e1 mais ou menos um ano, a <strong>Ordem M\u00e9dica Brasileira (OMB)<\/strong> com o objetivo de ser uma nova voz na representatividade da classe. Ap\u00f3s alguns meses, anunciaram a <strong>cria\u00e7\u00e3o de 54 sociedades de especialidades vinculadas \u00e0 OMB<\/strong>. <\/p>\n\n\n\n<p>Al\u00e9m disso, no dia 28 de janeiro de 2026, a <a href=\"https:\/\/www.ombmedicina.com.br\/edital\" target=\"_blank\" rel=\"noreferrer noopener\">OMB publicou um edital<\/a> definindo as regras gerais para o seu exame de t\u00edtulos, previsto para acontecer no in\u00edcio de novembro do mesmo ano.<\/p>\n\n\n\n<h2 class=\"wp-block-heading\" id=\"h-justica-federal-impede-que-omb-ofereca-titulo-de-especialista\"><span class=\"ez-toc-section\" id=\"Justica_Federal_impede_que_OMB_ofereca_titulo_de_especialista\"><\/span><strong>Justi\u00e7a Federal impede que OMB ofere\u00e7a t\u00edtulo de especialista<\/strong><span class=\"ez-toc-section-end\"><\/span><\/h2>\n\n\n\n<p>A Justi\u00e7a Federal de Santa Catarina concedeu uma decis\u00e3o liminar em a\u00e7\u00e3o movida pelo Conselho Federal de Medicina (CFM) contra a Ordem dos M\u00e9dicos do Brasil (OMB). O processo contesta a possibilidade de conceber t\u00edtulo de especialista pela nova entidade. <\/p>\n\n\n\n<h2 class=\"wp-block-heading\" id=\"h-conquiste-a-aprovacao-e-acompanhe-mais-noticias\"><span class=\"ez-toc-section\" id=\"Conquiste_a_aprovacao_e_acompanhe_mais_noticias\"><\/span><strong>Conquiste a aprova\u00e7\u00e3o e acompanhe mais not\u00edcias!<\/strong><span class=\"ez-toc-section-end\"><\/span><\/h2>\n\n\n\n<p>Gostou da novidade? Continue acompanhando nosso blog para ficar por dentro das principais&nbsp;<strong>not\u00edcias sobre&nbsp;<a href=\"https:\/\/www.grupomedcof.com.br\/home\/\" target=\"_blank\" rel=\"noreferrer noopener\">resid\u00eancia m\u00e9dica,<\/a>&nbsp;editais e&nbsp;<a href=\"https:\/\/www.grupomedcof.com.br\/blog\/presenca-da-medcof-nas-aprovacoes-em-residencia-medica-no-brasil\/\" target=\"_blank\" rel=\"noreferrer noopener\">oportunidades que podem transformar sua carreira!<\/a><\/strong><\/p>\n\n\n\n<figure class=\"wp-block-image\"><a href=\"https:\/\/extensivo.grupomedcof.com.br\/r1-acesso-direto?clientId=&amp;utm_campaign=extensivo&amp;utm_medium=banner&amp;utm_source=blog&amp;utm_content=r1#https:\/\/www.grupomedcof.com.br\/\" target=\"_blank\" rel=\"noreferrer noopener\"><img loading=\"lazy\" decoding=\"async\" width=\"1024\" height=\"382\" src=\"https:\/\/www.grupomedcof.com.br\/blog\/wp-content\/uploads\/2026\/01\/image-14-1024x382.png\" alt=\"\" class=\"wp-image-40992\" srcset=\"https:\/\/www.grupomedcof.com.br\/blog\/wp-content\/uploads\/2026\/01\/image-14-1024x382.png 1024w, https:\/\/www.grupomedcof.com.br\/blog\/wp-content\/uploads\/2026\/01\/image-14-300x112.png 300w, https:\/\/www.grupomedcof.com.br\/blog\/wp-content\/uploads\/2026\/01\/image-14-768x286.png 768w, https:\/\/www.grupomedcof.com.br\/blog\/wp-content\/uploads\/2026\/01\/image-14-1536x572.png 1536w, https:\/\/www.grupomedcof.com.br\/blog\/wp-content\/uploads\/2026\/01\/image-14-1127x420.png 1127w, https:\/\/www.grupomedcof.com.br\/blog\/wp-content\/uploads\/2026\/01\/image-14-150x56.png 150w, https:\/\/www.grupomedcof.com.br\/blog\/wp-content\/uploads\/2026\/01\/image-14-696x259.png 696w, https:\/\/www.grupomedcof.com.br\/blog\/wp-content\/uploads\/2026\/01\/image-14-1068x398.png 1068w, https:\/\/www.grupomedcof.com.br\/blog\/wp-content\/uploads\/2026\/01\/image-14.png 1744w\" sizes=\"auto, (max-width: 1024px) 100vw, 1024px\" \/><\/a><\/figure>\n","protected":false},"excerpt":{"rendered":"<p>Entenda a disputa entre uma nova entidade m\u00e9dica, o CFM e a AMB sobre a emiss\u00e3o de t\u00edtulos de especialista.<\/p>\n","protected":false},"author":20,"featured_media":41198,"comment_status":"closed","ping_status":"closed","sticky":false,"template":"","format":"standard","meta":{"footnotes":""},"categories":[240,173],"tags":[2621,264,3496,1964,2552,1965],"ppma_author":[3616],"class_list":{"0":"post-41196","1":"post","2":"type-post","3":"status-publish","4":"format-standard","5":"has-post-thumbnail","7":"category-noticias","8":"category-novidades","9":"tag-amb","10":"tag-cfm","11":"tag-omb","12":"tag-prova-de-titulo","13":"tag-prova-de-titulo-de-especialista","14":"tag-titulo-de-especialista"},"yoast_head":"<!-- This site is optimized with the Yoast SEO Premium plugin v24.3 (Yoast SEO v27.5) - https:\/\/yoast.com\/product\/yoast-seo-premium-wordpress\/ -->\n<title>Nova entidade m\u00e9dica quer emitir t\u00edtulos de especialista<\/title>\n<meta name=\"description\" content=\"Entenda a disputa entre uma nova entidade m\u00e9dica, o CFM e a AMB sobre a emiss\u00e3o de t\u00edtulos de especialista.\" \/>\n<meta name=\"robots\" content=\"index, follow, max-snippet:-1, max-image-preview:large, max-video-preview:-1\" \/>\n<link rel=\"canonical\" href=\"https:\/\/www.grupomedcof.com.br\/blog\/nova-entidade-medica-e-a-disputa-por-titulos-de-especialista\/\" \/>\n<meta property=\"og:locale\" content=\"pt_BR\" \/>\n<meta property=\"og:type\" content=\"article\" \/>\n<meta property=\"og:title\" content=\"Sistema de titula\u00e7\u00e3o m\u00e9dica \u00e9 questionado por nova entidade e gera rea\u00e7\u00e3o do CFM e da AMB\" \/>\n<meta property=\"og:description\" content=\"Entenda a disputa entre uma nova entidade m\u00e9dica, o CFM e a AMB sobre a emiss\u00e3o de t\u00edtulos de especialista.\" \/>\n<meta property=\"og:url\" content=\"https:\/\/www.grupomedcof.com.br\/blog\/nova-entidade-medica-e-a-disputa-por-titulos-de-especialista\/\" \/>\n<meta property=\"og:site_name\" content=\"Blog de Medcof: conte\u00fados, editais, revalida e mais!\" \/>\n<meta property=\"article:publisher\" content=\"https:\/\/www.facebook.com\/MedCofQbank\/\" \/>\n<meta property=\"article:published_time\" content=\"2026-01-29T14:34:11+00:00\" \/>\n<meta property=\"article:modified_time\" content=\"2026-02-20T19:36:20+00:00\" \/>\n<meta property=\"og:image\" content=\"https:\/\/www.grupomedcof.com.br\/blog\/wp-content\/uploads\/2026\/01\/Blog-MedCof-2026-01-29T113228.634.jpg\" \/>\n\t<meta property=\"og:image:width\" content=\"1920\" \/>\n\t<meta property=\"og:image:height\" content=\"1080\" \/>\n\t<meta property=\"og:image:type\" content=\"image\/jpeg\" \/>\n<meta name=\"author\" content=\"Leila Menzel\" \/>\n<meta name=\"twitter:card\" content=\"summary_large_image\" \/>\n<meta name=\"twitter:label1\" content=\"Escrito por\" \/>\n\t<meta name=\"twitter:data1\" content=\"Leila Menzel\" \/>\n\t<meta name=\"twitter:label2\" content=\"Est. tempo de leitura\" \/>\n\t<meta name=\"twitter:data2\" content=\"4 minutos\" \/>\n<script type=\"application\/ld+json\" class=\"yoast-schema-graph\">{\"@context\":\"https:\\\/\\\/schema.org\",\"@graph\":[{\"@type\":\"Article\",\"@id\":\"https:\\\/\\\/www.grupomedcof.com.br\\\/blog\\\/nova-entidade-medica-e-a-disputa-por-titulos-de-especialista\\\/#article\",\"isPartOf\":{\"@id\":\"https:\\\/\\\/www.grupomedcof.com.br\\\/blog\\\/nova-entidade-medica-e-a-disputa-por-titulos-de-especialista\\\/\"},\"author\":{\"name\":\"Leila Menzel\",\"@id\":\"https:\\\/\\\/www.grupomedcof.com.br\\\/blog\\\/#\\\/schema\\\/person\\\/9a44c2184a836bf5ae6967fdb3a1451e\"},\"headline\":\"Sistema de titula\u00e7\u00e3o m\u00e9dica \u00e9 questionado por nova entidade e gera rea\u00e7\u00e3o do CFM e da AMB\",\"datePublished\":\"2026-01-29T14:34:11+00:00\",\"dateModified\":\"2026-02-20T19:36:20+00:00\",\"mainEntityOfPage\":{\"@id\":\"https:\\\/\\\/www.grupomedcof.com.br\\\/blog\\\/nova-entidade-medica-e-a-disputa-por-titulos-de-especialista\\\/\"},\"wordCount\":646,\"publisher\":{\"@id\":\"https:\\\/\\\/www.grupomedcof.com.br\\\/blog\\\/#organization\"},\"image\":{\"@id\":\"https:\\\/\\\/www.grupomedcof.com.br\\\/blog\\\/nova-entidade-medica-e-a-disputa-por-titulos-de-especialista\\\/#primaryimage\"},\"thumbnailUrl\":\"https:\\\/\\\/www.grupomedcof.com.br\\\/blog\\\/wp-content\\\/uploads\\\/2026\\\/01\\\/Blog-MedCof-2026-01-29T113228.634.jpg\",\"keywords\":[\"AMB\",\"CFM\",\"OMB\",\"Prova de T\u00edtulo\",\"Prova de T\u00edtulo de Especialista\",\"T\u00edtulo de Especialista\"],\"articleSection\":[\"Not\u00edcias\",\"Novidades\"],\"inLanguage\":\"pt-BR\"},{\"@type\":\"WebPage\",\"@id\":\"https:\\\/\\\/www.grupomedcof.com.br\\\/blog\\\/nova-entidade-medica-e-a-disputa-por-titulos-de-especialista\\\/\",\"url\":\"https:\\\/\\\/www.grupomedcof.com.br\\\/blog\\\/nova-entidade-medica-e-a-disputa-por-titulos-de-especialista\\\/\",\"name\":\"Nova entidade m\u00e9dica quer emitir t\u00edtulos de especialista\",\"isPartOf\":{\"@id\":\"https:\\\/\\\/www.grupomedcof.com.br\\\/blog\\\/#website\"},\"primaryImageOfPage\":{\"@id\":\"https:\\\/\\\/www.grupomedcof.com.br\\\/blog\\\/nova-entidade-medica-e-a-disputa-por-titulos-de-especialista\\\/#primaryimage\"},\"image\":{\"@id\":\"https:\\\/\\\/www.grupomedcof.com.br\\\/blog\\\/nova-entidade-medica-e-a-disputa-por-titulos-de-especialista\\\/#primaryimage\"},\"thumbnailUrl\":\"https:\\\/\\\/www.grupomedcof.com.br\\\/blog\\\/wp-content\\\/uploads\\\/2026\\\/01\\\/Blog-MedCof-2026-01-29T113228.634.jpg\",\"datePublished\":\"2026-01-29T14:34:11+00:00\",\"dateModified\":\"2026-02-20T19:36:20+00:00\",\"description\":\"Entenda a disputa entre uma nova entidade m\u00e9dica, o CFM e a AMB sobre a emiss\u00e3o de t\u00edtulos de especialista.\",\"breadcrumb\":{\"@id\":\"https:\\\/\\\/www.grupomedcof.com.br\\\/blog\\\/nova-entidade-medica-e-a-disputa-por-titulos-de-especialista\\\/#breadcrumb\"},\"inLanguage\":\"pt-BR\",\"potentialAction\":[{\"@type\":\"ReadAction\",\"target\":[\"https:\\\/\\\/www.grupomedcof.com.br\\\/blog\\\/nova-entidade-medica-e-a-disputa-por-titulos-de-especialista\\\/\"]}]},{\"@type\":\"ImageObject\",\"inLanguage\":\"pt-BR\",\"@id\":\"https:\\\/\\\/www.grupomedcof.com.br\\\/blog\\\/nova-entidade-medica-e-a-disputa-por-titulos-de-especialista\\\/#primaryimage\",\"url\":\"https:\\\/\\\/www.grupomedcof.com.br\\\/blog\\\/wp-content\\\/uploads\\\/2026\\\/01\\\/Blog-MedCof-2026-01-29T113228.634.jpg\",\"contentUrl\":\"https:\\\/\\\/www.grupomedcof.com.br\\\/blog\\\/wp-content\\\/uploads\\\/2026\\\/01\\\/Blog-MedCof-2026-01-29T113228.634.jpg\",\"width\":1920,\"height\":1080},{\"@type\":\"BreadcrumbList\",\"@id\":\"https:\\\/\\\/www.grupomedcof.com.br\\\/blog\\\/nova-entidade-medica-e-a-disputa-por-titulos-de-especialista\\\/#breadcrumb\",\"itemListElement\":[{\"@type\":\"ListItem\",\"position\":1,\"name\":\"In\u00edcio\",\"item\":\"https:\\\/\\\/www.grupomedcof.com.br\\\/blog\\\/\"},{\"@type\":\"ListItem\",\"position\":2,\"name\":\"Sistema de titula\u00e7\u00e3o m\u00e9dica \u00e9 questionado por nova entidade e gera rea\u00e7\u00e3o do CFM e da AMB\"}]},{\"@type\":\"WebSite\",\"@id\":\"https:\\\/\\\/www.grupomedcof.com.br\\\/blog\\\/#website\",\"url\":\"https:\\\/\\\/www.grupomedcof.com.br\\\/blog\\\/\",\"name\":\"Blog de Medcof: conte\u00fados, editais, revalida e mais!\",\"description\":\"Acesso o blog de MedCof! Seu portal de conte\u00fados sobre resid\u00eancia m\u00e9dica, an\u00e1lise e editais e muito mais. Clique e confira!\",\"publisher\":{\"@id\":\"https:\\\/\\\/www.grupomedcof.com.br\\\/blog\\\/#organization\"},\"alternateName\":\"Blog de Medcof: conte\u00fados, editais, revalida e mais!\",\"potentialAction\":[{\"@type\":\"SearchAction\",\"target\":{\"@type\":\"EntryPoint\",\"urlTemplate\":\"https:\\\/\\\/www.grupomedcof.com.br\\\/blog\\\/?s={search_term_string}\"},\"query-input\":{\"@type\":\"PropertyValueSpecification\",\"valueRequired\":true,\"valueName\":\"search_term_string\"}}],\"inLanguage\":\"pt-BR\"},{\"@type\":\"Organization\",\"@id\":\"https:\\\/\\\/www.grupomedcof.com.br\\\/blog\\\/#organization\",\"name\":\"Grupo MedCof\",\"url\":\"https:\\\/\\\/www.grupomedcof.com.br\\\/blog\\\/\",\"logo\":{\"@type\":\"ImageObject\",\"inLanguage\":\"pt-BR\",\"@id\":\"https:\\\/\\\/www.grupomedcof.com.br\\\/blog\\\/#\\\/schema\\\/logo\\\/image\\\/\",\"url\":\"https:\\\/\\\/www.grupomedcof.com.br\\\/blog\\\/wp-content\\\/uploads\\\/2022\\\/01\\\/logo-medcof.png\",\"contentUrl\":\"https:\\\/\\\/www.grupomedcof.com.br\\\/blog\\\/wp-content\\\/uploads\\\/2022\\\/01\\\/logo-medcof.png\",\"width\":768,\"height\":269,\"caption\":\"Grupo MedCof\"},\"image\":{\"@id\":\"https:\\\/\\\/www.grupomedcof.com.br\\\/blog\\\/#\\\/schema\\\/logo\\\/image\\\/\"},\"sameAs\":[\"https:\\\/\\\/www.facebook.com\\\/MedCofQbank\\\/\",\"https:\\\/\\\/www.instagram.com\\\/grupomedcof\\\/\",\"https:\\\/\\\/br.linkedin.com\\\/company\\\/medcof\",\"https:\\\/\\\/www.youtube.com\\\/channel\\\/UCdHMuOHKICxcHwecxN8P-AA\"]},{\"@type\":\"Person\",\"@id\":\"https:\\\/\\\/www.grupomedcof.com.br\\\/blog\\\/#\\\/schema\\\/person\\\/9a44c2184a836bf5ae6967fdb3a1451e\",\"name\":\"Leila Menzel\",\"image\":{\"@type\":\"ImageObject\",\"inLanguage\":\"pt-BR\",\"@id\":\"https:\\\/\\\/www.grupomedcof.com.br\\\/blog\\\/wp-content\\\/uploads\\\/2025\\\/09\\\/cropped-eu-96x96.jpeg19a74936d997c0a8b3031618467fa1d0\",\"url\":\"https:\\\/\\\/www.grupomedcof.com.br\\\/blog\\\/wp-content\\\/uploads\\\/2025\\\/09\\\/cropped-eu-96x96.jpeg\",\"contentUrl\":\"https:\\\/\\\/www.grupomedcof.com.br\\\/blog\\\/wp-content\\\/uploads\\\/2025\\\/09\\\/cropped-eu-96x96.jpeg\",\"caption\":\"Leila Menzel\"},\"description\":\"Estudante do 6\u00b0 semestre de jornalismo, amo e escrevo poesias e viajo em livros de romances clich\u00eas.\",\"url\":\"https:\\\/\\\/www.grupomedcof.com.br\\\/blog\\\/author\\\/leila-menzel\\\/\"}]}<\/script>\n<!-- \/ Yoast SEO Premium plugin. -->","yoast_head_json":{"title":"Nova entidade m\u00e9dica quer emitir t\u00edtulos de especialista","description":"Entenda a disputa entre uma nova entidade m\u00e9dica, o CFM e a AMB sobre a emiss\u00e3o de t\u00edtulos de especialista.","robots":{"index":"index","follow":"follow","max-snippet":"max-snippet:-1","max-image-preview":"max-image-preview:large","max-video-preview":"max-video-preview:-1"},"canonical":"https:\/\/www.grupomedcof.com.br\/blog\/nova-entidade-medica-e-a-disputa-por-titulos-de-especialista\/","og_locale":"pt_BR","og_type":"article","og_title":"Sistema de titula\u00e7\u00e3o m\u00e9dica \u00e9 questionado por nova entidade e gera rea\u00e7\u00e3o do CFM e da AMB","og_description":"Entenda a disputa entre uma nova entidade m\u00e9dica, o CFM e a AMB sobre a emiss\u00e3o de t\u00edtulos de especialista.","og_url":"https:\/\/www.grupomedcof.com.br\/blog\/nova-entidade-medica-e-a-disputa-por-titulos-de-especialista\/","og_site_name":"Blog de Medcof: conte\u00fados, editais, revalida e mais!","article_publisher":"https:\/\/www.facebook.com\/MedCofQbank\/","article_published_time":"2026-01-29T14:34:11+00:00","article_modified_time":"2026-02-20T19:36:20+00:00","og_image":[{"width":1920,"height":1080,"url":"https:\/\/www.grupomedcof.com.br\/blog\/wp-content\/uploads\/2026\/01\/Blog-MedCof-2026-01-29T113228.634.jpg","type":"image\/jpeg"}],"author":"Leila Menzel","twitter_card":"summary_large_image","twitter_misc":{"Escrito por":"Leila Menzel","Est. tempo de leitura":"4 minutos"},"schema":{"@context":"https:\/\/schema.org","@graph":[{"@type":"Article","@id":"https:\/\/www.grupomedcof.com.br\/blog\/nova-entidade-medica-e-a-disputa-por-titulos-de-especialista\/#article","isPartOf":{"@id":"https:\/\/www.grupomedcof.com.br\/blog\/nova-entidade-medica-e-a-disputa-por-titulos-de-especialista\/"},"author":{"name":"Leila Menzel","@id":"https:\/\/www.grupomedcof.com.br\/blog\/#\/schema\/person\/9a44c2184a836bf5ae6967fdb3a1451e"},"headline":"Sistema de titula\u00e7\u00e3o m\u00e9dica \u00e9 questionado por nova entidade e gera rea\u00e7\u00e3o do CFM e da AMB","datePublished":"2026-01-29T14:34:11+00:00","dateModified":"2026-02-20T19:36:20+00:00","mainEntityOfPage":{"@id":"https:\/\/www.grupomedcof.com.br\/blog\/nova-entidade-medica-e-a-disputa-por-titulos-de-especialista\/"},"wordCount":646,"publisher":{"@id":"https:\/\/www.grupomedcof.com.br\/blog\/#organization"},"image":{"@id":"https:\/\/www.grupomedcof.com.br\/blog\/nova-entidade-medica-e-a-disputa-por-titulos-de-especialista\/#primaryimage"},"thumbnailUrl":"https:\/\/www.grupomedcof.com.br\/blog\/wp-content\/uploads\/2026\/01\/Blog-MedCof-2026-01-29T113228.634.jpg","keywords":["AMB","CFM","OMB","Prova de T\u00edtulo","Prova de T\u00edtulo de Especialista","T\u00edtulo de Especialista"],"articleSection":["Not\u00edcias","Novidades"],"inLanguage":"pt-BR"},{"@type":"WebPage","@id":"https:\/\/www.grupomedcof.com.br\/blog\/nova-entidade-medica-e-a-disputa-por-titulos-de-especialista\/","url":"https:\/\/www.grupomedcof.com.br\/blog\/nova-entidade-medica-e-a-disputa-por-titulos-de-especialista\/","name":"Nova entidade m\u00e9dica quer emitir t\u00edtulos de especialista","isPartOf":{"@id":"https:\/\/www.grupomedcof.com.br\/blog\/#website"},"primaryImageOfPage":{"@id":"https:\/\/www.grupomedcof.com.br\/blog\/nova-entidade-medica-e-a-disputa-por-titulos-de-especialista\/#primaryimage"},"image":{"@id":"https:\/\/www.grupomedcof.com.br\/blog\/nova-entidade-medica-e-a-disputa-por-titulos-de-especialista\/#primaryimage"},"thumbnailUrl":"https:\/\/www.grupomedcof.com.br\/blog\/wp-content\/uploads\/2026\/01\/Blog-MedCof-2026-01-29T113228.634.jpg","datePublished":"2026-01-29T14:34:11+00:00","dateModified":"2026-02-20T19:36:20+00:00","description":"Entenda a disputa entre uma nova entidade m\u00e9dica, o CFM e a AMB sobre a emiss\u00e3o de t\u00edtulos de especialista.","breadcrumb":{"@id":"https:\/\/www.grupomedcof.com.br\/blog\/nova-entidade-medica-e-a-disputa-por-titulos-de-especialista\/#breadcrumb"},"inLanguage":"pt-BR","potentialAction":[{"@type":"ReadAction","target":["https:\/\/www.grupomedcof.com.br\/blog\/nova-entidade-medica-e-a-disputa-por-titulos-de-especialista\/"]}]},{"@type":"ImageObject","inLanguage":"pt-BR","@id":"https:\/\/www.grupomedcof.com.br\/blog\/nova-entidade-medica-e-a-disputa-por-titulos-de-especialista\/#primaryimage","url":"https:\/\/www.grupomedcof.com.br\/blog\/wp-content\/uploads\/2026\/01\/Blog-MedCof-2026-01-29T113228.634.jpg","contentUrl":"https:\/\/www.grupomedcof.com.br\/blog\/wp-content\/uploads\/2026\/01\/Blog-MedCof-2026-01-29T113228.634.jpg","width":1920,"height":1080},{"@type":"BreadcrumbList","@id":"https:\/\/www.grupomedcof.com.br\/blog\/nova-entidade-medica-e-a-disputa-por-titulos-de-especialista\/#breadcrumb","itemListElement":[{"@type":"ListItem","position":1,"name":"In\u00edcio","item":"https:\/\/www.grupomedcof.com.br\/blog\/"},{"@type":"ListItem","position":2,"name":"Sistema de titula\u00e7\u00e3o m\u00e9dica \u00e9 questionado por nova entidade e gera rea\u00e7\u00e3o do CFM e da AMB"}]},{"@type":"WebSite","@id":"https:\/\/www.grupomedcof.com.br\/blog\/#website","url":"https:\/\/www.grupomedcof.com.br\/blog\/","name":"Blog de Medcof: conte\u00fados, editais, revalida e mais!","description":"Acesso o blog de MedCof! Seu portal de conte\u00fados sobre resid\u00eancia m\u00e9dica, an\u00e1lise e editais e muito mais. Clique e confira!","publisher":{"@id":"https:\/\/www.grupomedcof.com.br\/blog\/#organization"},"alternateName":"Blog de Medcof: conte\u00fados, editais, revalida e mais!","potentialAction":[{"@type":"SearchAction","target":{"@type":"EntryPoint","urlTemplate":"https:\/\/www.grupomedcof.com.br\/blog\/?s={search_term_string}"},"query-input":{"@type":"PropertyValueSpecification","valueRequired":true,"valueName":"search_term_string"}}],"inLanguage":"pt-BR"},{"@type":"Organization","@id":"https:\/\/www.grupomedcof.com.br\/blog\/#organization","name":"Grupo MedCof","url":"https:\/\/www.grupomedcof.com.br\/blog\/","logo":{"@type":"ImageObject","inLanguage":"pt-BR","@id":"https:\/\/www.grupomedcof.com.br\/blog\/#\/schema\/logo\/image\/","url":"https:\/\/www.grupomedcof.com.br\/blog\/wp-content\/uploads\/2022\/01\/logo-medcof.png","contentUrl":"https:\/\/www.grupomedcof.com.br\/blog\/wp-content\/uploads\/2022\/01\/logo-medcof.png","width":768,"height":269,"caption":"Grupo MedCof"},"image":{"@id":"https:\/\/www.grupomedcof.com.br\/blog\/#\/schema\/logo\/image\/"},"sameAs":["https:\/\/www.facebook.com\/MedCofQbank\/","https:\/\/www.instagram.com\/grupomedcof\/","https:\/\/br.linkedin.com\/company\/medcof","https:\/\/www.youtube.com\/channel\/UCdHMuOHKICxcHwecxN8P-AA"]},{"@type":"Person","@id":"https:\/\/www.grupomedcof.com.br\/blog\/#\/schema\/person\/9a44c2184a836bf5ae6967fdb3a1451e","name":"Leila Menzel","image":{"@type":"ImageObject","inLanguage":"pt-BR","@id":"https:\/\/www.grupomedcof.com.br\/blog\/wp-content\/uploads\/2025\/09\/cropped-eu-96x96.jpeg19a74936d997c0a8b3031618467fa1d0","url":"https:\/\/www.grupomedcof.com.br\/blog\/wp-content\/uploads\/2025\/09\/cropped-eu-96x96.jpeg","contentUrl":"https:\/\/www.grupomedcof.com.br\/blog\/wp-content\/uploads\/2025\/09\/cropped-eu-96x96.jpeg","caption":"Leila Menzel"},"description":"Estudante do 6\u00b0 semestre de jornalismo, amo e escrevo poesias e viajo em livros de romances clich\u00eas.","url":"https:\/\/www.grupomedcof.com.br\/blog\/author\/leila-menzel\/"}]}},"authors":[{"term_id":3616,"user_id":20,"is_guest":0,"slug":"leila-menzel","display_name":"Leila Menzel","avatar_url":"https:\/\/www.grupomedcof.com.br\/blog\/wp-content\/uploads\/2025\/09\/cropped-eu-96x96.jpeg","0":null,"1":"","2":"","3":"","4":"","5":"","6":"","7":"","8":""}],"_links":{"self":[{"href":"https:\/\/www.grupomedcof.com.br\/blog\/wp-json\/wp\/v2\/posts\/41196","targetHints":{"allow":["GET"]}}],"collection":[{"href":"https:\/\/www.grupomedcof.com.br\/blog\/wp-json\/wp\/v2\/posts"}],"about":[{"href":"https:\/\/www.grupomedcof.com.br\/blog\/wp-json\/wp\/v2\/types\/post"}],"author":[{"embeddable":true,"href":"https:\/\/www.grupomedcof.com.br\/blog\/wp-json\/wp\/v2\/users\/20"}],"replies":[{"embeddable":true,"href":"https:\/\/www.grupomedcof.com.br\/blog\/wp-json\/wp\/v2\/comments?post=41196"}],"version-history":[{"count":5,"href":"https:\/\/www.grupomedcof.com.br\/blog\/wp-json\/wp\/v2\/posts\/41196\/revisions"}],"predecessor-version":[{"id":41953,"href":"https:\/\/www.grupomedcof.com.br\/blog\/wp-json\/wp\/v2\/posts\/41196\/revisions\/41953"}],"wp:featuredmedia":[{"embeddable":true,"href":"https:\/\/www.grupomedcof.com.br\/blog\/wp-json\/wp\/v2\/media\/41198"}],"wp:attachment":[{"href":"https:\/\/www.grupomedcof.com.br\/blog\/wp-json\/wp\/v2\/media?parent=41196"}],"wp:term":[{"taxonomy":"category","embeddable":true,"href":"https:\/\/www.grupomedcof.com.br\/blog\/wp-json\/wp\/v2\/categories?post=41196"},{"taxonomy":"post_tag","embeddable":true,"href":"https:\/\/www.grupomedcof.com.br\/blog\/wp-json\/wp\/v2\/tags?post=41196"},{"taxonomy":"author","embeddable":true,"href":"https:\/\/www.grupomedcof.com.br\/blog\/wp-json\/wp\/v2\/ppma_author?post=41196"}],"curies":[{"name":"wp","href":"https:\/\/api.w.org\/{rel}","templated":true}]}}