{"id":43622,"date":"2026-04-27T13:30:39","date_gmt":"2026-04-27T16:30:39","guid":{"rendered":"https:\/\/www.grupomedcof.com.br\/blog\/?p=43622"},"modified":"2026-04-27T15:43:13","modified_gmt":"2026-04-27T18:43:13","slug":"concurso-itapecerica-da-serra","status":"publish","type":"post","link":"https:\/\/www.grupomedcof.com.br\/blog\/concurso-itapecerica-da-serra\/","title":{"rendered":"Concurso Itapecerica da Serra: vagas de at\u00e9 R$ 10.628,2"},"content":{"rendered":"<div id=\"ez-toc-container\" class=\"ez-toc-v2_0_74 counter-hierarchy ez-toc-counter ez-toc-transparent ez-toc-container-direction\">\n<div class=\"ez-toc-title-container\">\n<p class=\"ez-toc-title\" style=\"cursor:inherit\">Sum\u00e1rio<\/p>\n<span class=\"ez-toc-title-toggle\"><a href=\"#\" class=\"ez-toc-pull-right ez-toc-btn ez-toc-btn-xs ez-toc-btn-default ez-toc-toggle\" aria-label=\"Alternar tabela de conte\u00fado\"><span class=\"ez-toc-js-icon-con\"><span class=\"\"><span class=\"eztoc-hide\" style=\"display:none;\">Toggle<\/span><span class=\"ez-toc-icon-toggle-span\"><svg style=\"fill: #999;color:#999\" xmlns=\"http:\/\/www.w3.org\/2000\/svg\" class=\"list-377408\" width=\"20px\" height=\"20px\" viewBox=\"0 0 24 24\" fill=\"none\"><path d=\"M6 6H4v2h2V6zm14 0H8v2h12V6zM4 11h2v2H4v-2zm16 0H8v2h12v-2zM4 16h2v2H4v-2zm16 0H8v2h12v-2z\" fill=\"currentColor\"><\/path><\/svg><svg style=\"fill: #999;color:#999\" class=\"arrow-unsorted-368013\" xmlns=\"http:\/\/www.w3.org\/2000\/svg\" width=\"10px\" height=\"10px\" viewBox=\"0 0 24 24\" version=\"1.2\" baseProfile=\"tiny\"><path d=\"M18.2 9.3l-6.2-6.3-6.2 6.3c-.2.2-.3.4-.3.7s.1.5.3.7c.2.2.4.3.7.3h11c.3 0 .5-.1.7-.3.2-.2.3-.5.3-.7s-.1-.5-.3-.7zM5.8 14.7l6.2 6.3 6.2-6.3c.2-.2.3-.5.3-.7s-.1-.5-.3-.7c-.2-.2-.4-.3-.7-.3h-11c-.3 0-.5.1-.7.3-.2.2-.3.5-.3.7s.1.5.3.7z\"\/><\/svg><\/span><\/span><\/span><\/a><\/span><\/div>\n<nav><ul class='ez-toc-list ez-toc-list-level-1 ' ><li class='ez-toc-page-1 ez-toc-heading-level-2'><a class=\"ez-toc-link ez-toc-heading-1\" href=\"https:\/\/www.grupomedcof.com.br\/blog\/concurso-itapecerica-da-serra\/#Quais_sao_as_vagas_disponiveis_no_concurso_de_Itapecerica_da_Serra\" >Quais s\u00e3o as vagas dispon\u00edveis no concurso de Itapecerica da Serra?<\/a><ul class='ez-toc-list-level-3' ><li class='ez-toc-heading-level-3'><a class=\"ez-toc-link ez-toc-heading-2\" href=\"https:\/\/www.grupomedcof.com.br\/blog\/concurso-itapecerica-da-serra\/#Nivel_Superior_Completo_%E2%80%94_Taxa_de_inscricao_R_7700\" >N\u00edvel Superior Completo \u2014 Taxa de inscri\u00e7\u00e3o: R$ 77,00<\/a><\/li><li class='ez-toc-page-1 ez-toc-heading-level-3'><a class=\"ez-toc-link ez-toc-heading-3\" href=\"https:\/\/www.grupomedcof.com.br\/blog\/concurso-itapecerica-da-serra\/#Nivel_Medio_Completo_%E2%80%94_Taxa_de_inscricao_R_5800\" >N\u00edvel M\u00e9dio Completo \u2014 Taxa de inscri\u00e7\u00e3o: R$ 58,00<\/a><\/li><\/ul><\/li><li class='ez-toc-page-1 ez-toc-heading-level-2'><a class=\"ez-toc-link ez-toc-heading-4\" href=\"https:\/\/www.grupomedcof.com.br\/blog\/concurso-itapecerica-da-serra\/#Como_se_inscrever\" >Como se inscrever?<\/a><\/li><li class='ez-toc-page-1 ez-toc-heading-level-2'><a class=\"ez-toc-link ez-toc-heading-5\" href=\"https:\/\/www.grupomedcof.com.br\/blog\/concurso-itapecerica-da-serra\/#Como_vai_funcionar_o_concurso\" >Como vai funcionar o concurso?<\/a><ul class='ez-toc-list-level-3' ><li class='ez-toc-heading-level-3'><a class=\"ez-toc-link ez-toc-heading-6\" href=\"https:\/\/www.grupomedcof.com.br\/blog\/concurso-itapecerica-da-serra\/#Prova_Objetiva\" >Prova Objetiva<\/a><\/li><li class='ez-toc-page-1 ez-toc-heading-level-3'><a class=\"ez-toc-link ez-toc-heading-7\" href=\"https:\/\/www.grupomedcof.com.br\/blog\/concurso-itapecerica-da-serra\/#Prova_Pratica\" >Prova Pr\u00e1tica<\/a><\/li><li class='ez-toc-page-1 ez-toc-heading-level-3'><a class=\"ez-toc-link ez-toc-heading-8\" href=\"https:\/\/www.grupomedcof.com.br\/blog\/concurso-itapecerica-da-serra\/#Avaliacao_de_Titulos\" >Avalia\u00e7\u00e3o de T\u00edtulos<\/a><\/li><\/ul><\/li><li class='ez-toc-page-1 ez-toc-heading-level-2'><a class=\"ez-toc-link ez-toc-heading-9\" href=\"https:\/\/www.grupomedcof.com.br\/blog\/concurso-itapecerica-da-serra\/#Concurso_Itapecerica_da_Serra_Cronograma\" >Concurso Itapecerica da Serra: Cronograma<\/a><\/li><li class='ez-toc-page-1 ez-toc-heading-level-2'><a class=\"ez-toc-link ez-toc-heading-10\" href=\"https:\/\/www.grupomedcof.com.br\/blog\/concurso-itapecerica-da-serra\/#Para_saber_mais_confira_o_edital\" >Para saber mais, confira o edital!<\/a><\/li><li class='ez-toc-page-1 ez-toc-heading-level-2'><a class=\"ez-toc-link ez-toc-heading-11\" href=\"https:\/\/www.grupomedcof.com.br\/blog\/concurso-itapecerica-da-serra\/#Conquiste_sua_aprovacao_com_a_MedCof\" >Conquiste sua aprova\u00e7\u00e3o com a MedCof!<\/a><\/li><\/ul><\/nav><\/div>\n\n<figure class=\"wp-block-image size-large\"><img loading=\"lazy\" decoding=\"async\" width=\"1024\" height=\"576\" src=\"https:\/\/www.grupomedcof.com.br\/blog\/wp-content\/uploads\/2026\/04\/Modelo-instituicoes-27-1024x576.jpg\" alt=\"concurso p\u00fablico itapecerica da serra\" class=\"wp-image-43624\" srcset=\"https:\/\/www.grupomedcof.com.br\/blog\/wp-content\/uploads\/2026\/04\/Modelo-instituicoes-27-1024x576.jpg 1024w, https:\/\/www.grupomedcof.com.br\/blog\/wp-content\/uploads\/2026\/04\/Modelo-instituicoes-27-300x169.jpg 300w, https:\/\/www.grupomedcof.com.br\/blog\/wp-content\/uploads\/2026\/04\/Modelo-instituicoes-27-768x432.jpg 768w, https:\/\/www.grupomedcof.com.br\/blog\/wp-content\/uploads\/2026\/04\/Modelo-instituicoes-27-1536x864.jpg 1536w, https:\/\/www.grupomedcof.com.br\/blog\/wp-content\/uploads\/2026\/04\/Modelo-instituicoes-27-747x420.jpg 747w, https:\/\/www.grupomedcof.com.br\/blog\/wp-content\/uploads\/2026\/04\/Modelo-instituicoes-27-150x84.jpg 150w, https:\/\/www.grupomedcof.com.br\/blog\/wp-content\/uploads\/2026\/04\/Modelo-instituicoes-27-696x392.jpg 696w, https:\/\/www.grupomedcof.com.br\/blog\/wp-content\/uploads\/2026\/04\/Modelo-instituicoes-27-1068x601.jpg 1068w, https:\/\/www.grupomedcof.com.br\/blog\/wp-content\/uploads\/2026\/04\/Modelo-instituicoes-27.jpg 1920w\" sizes=\"auto, (max-width: 1024px) 100vw, 1024px\" \/><\/figure>\n\n\n\n<p>A <strong>Prefeitura Municipal de Itapecerica da Serra<\/strong>, em S\u00e3o Paulo, publicou o Edital n\u00ba 055\/2026 de Concurso P\u00fablico 02\/2026 para provimento de vagas no quadro permanente de servidores. O edital oferece oportunidades em <strong>6 cargos diferentes, com remunera\u00e7\u00e3o de at\u00e9 R$ 48,31 por hora para o cargo de M\u00e9dico do Trabalho.<\/strong> <\/p>\n\n\n\n<p>A AVAN\u00c7ASP organiza o processo seletivo.<\/p>\n\n\n\n<figure class=\"wp-block-image size-large\"><a href=\"https:\/\/www.grupomedcof.com.br\/cofletters\/?clientId=&amp;utm_campaign=newsletter&amp;utm_medium=banner&amp;utm_source=blog&amp;utm_content=inscricao#https:\/\/www.grupomedcof.com.br\/blog\/\"><img loading=\"lazy\" decoding=\"async\" width=\"1024\" height=\"320\" src=\"https:\/\/www.grupomedcof.com.br\/blog\/wp-content\/uploads\/2025\/11\/Banner-MedCof-Plus-2200x460-11-1343x420-1-1024x320.png\" alt=\"\" class=\"wp-image-39227\" srcset=\"https:\/\/www.grupomedcof.com.br\/blog\/wp-content\/uploads\/2025\/11\/Banner-MedCof-Plus-2200x460-11-1343x420-1-1024x320.png 1024w, https:\/\/www.grupomedcof.com.br\/blog\/wp-content\/uploads\/2025\/11\/Banner-MedCof-Plus-2200x460-11-1343x420-1-300x94.png 300w, https:\/\/www.grupomedcof.com.br\/blog\/wp-content\/uploads\/2025\/11\/Banner-MedCof-Plus-2200x460-11-1343x420-1-768x240.png 768w, https:\/\/www.grupomedcof.com.br\/blog\/wp-content\/uploads\/2025\/11\/Banner-MedCof-Plus-2200x460-11-1343x420-1-150x47.png 150w, https:\/\/www.grupomedcof.com.br\/blog\/wp-content\/uploads\/2025\/11\/Banner-MedCof-Plus-2200x460-11-1343x420-1-696x218.png 696w, https:\/\/www.grupomedcof.com.br\/blog\/wp-content\/uploads\/2025\/11\/Banner-MedCof-Plus-2200x460-11-1343x420-1-1068x334.png 1068w, https:\/\/www.grupomedcof.com.br\/blog\/wp-content\/uploads\/2025\/11\/Banner-MedCof-Plus-2200x460-11-1343x420-1.png 1343w\" sizes=\"auto, (max-width: 1024px) 100vw, 1024px\" \/><\/a><\/figure>\n\n\n\n<h2 class=\"wp-block-heading\" id=\"h-quais-sao-as-vagas-disponiveis-no-concurso-de-itapecerica-da-serra\"><span class=\"ez-toc-section\" id=\"Quais_sao_as_vagas_disponiveis_no_concurso_de_Itapecerica_da_Serra\"><\/span><strong>Quais s\u00e3o as vagas dispon\u00edveis no concurso de Itapecerica da Serra?<\/strong><span class=\"ez-toc-section-end\"><\/span><\/h2>\n\n\n\n<p>O edital contempla vagas de in\u00edcio imediato e de Cadastro Reserva (CR) em dois n\u00edveis:<\/p>\n\n\n\n<h3 class=\"wp-block-heading\" id=\"h-nivel-superior-completo-taxa-de-inscricao-r-77-00\"><span class=\"ez-toc-section\" id=\"Nivel_Superior_Completo_%E2%80%94_Taxa_de_inscricao_R_7700\"><\/span><strong>N\u00edvel Superior Completo \u2014 Taxa de inscri\u00e7\u00e3o: R$ 77,00<\/strong><span class=\"ez-toc-section-end\"><\/span><\/h3>\n\n\n\n<figure class=\"wp-block-table\"><table class=\"has-fixed-layout\"><tbody><tr><td><strong>Cargo<\/strong><\/td><td><strong>Vagas<\/strong><\/td><td><strong>Carga Hor\u00e1ria<\/strong><\/td><td><strong>Sal\u00e1rio<\/strong><\/td><\/tr><tr><td>Assistente Social<\/td><td>1 + CR<\/td><td>30h semanais<\/td><td>R$ 4.837,10<\/td><\/tr><tr><td>M\u00e9dico do Trabalho<\/td><td>2 + CR<\/td><td>At\u00e9 220h mensais<\/td><td>R$ 48,31\/hora<\/td><\/tr><tr><td>Professor de Educa\u00e7\u00e3o F\u00edsica (Bacharel)<\/td><td>1 + CR<\/td><td>30h semanais<\/td><td>R$ 4.837,10<\/td><\/tr><tr><td>Professor de Educa\u00e7\u00e3o F\u00edsica (P4)<\/td><td>2 + CR<\/td><td>23h semanais<\/td><td>R$ 4.467,84<\/td><\/tr><\/tbody><\/table><\/figure>\n\n\n\n<h3 class=\"wp-block-heading\" id=\"h-nivel-medio-completo-taxa-de-inscricao-r-58-00\"><span class=\"ez-toc-section\" id=\"Nivel_Medio_Completo_%E2%80%94_Taxa_de_inscricao_R_5800\"><\/span><strong>N\u00edvel M\u00e9dio Completo \u2014 Taxa de inscri\u00e7\u00e3o: R$ 58,00<\/strong><span class=\"ez-toc-section-end\"><\/span><\/h3>\n\n\n\n<figure class=\"wp-block-table\"><table class=\"has-fixed-layout\"><tbody><tr><td><strong>Cargo<\/strong><\/td><td><strong>Vagas<\/strong><\/td><td><strong>Carga Hor\u00e1ria<\/strong><\/td><td><strong>Sal\u00e1rio<\/strong><\/td><\/tr><tr><td>Oficial de Escola<\/td><td>2 + CR<\/td><td>40h semanais<\/td><td>R$ 2.554,02<\/td><\/tr><tr><td>Pedreiro<\/td><td>1 + CR<\/td><td>40h semanais<\/td><td>R$ 2.250,49<\/td><\/tr><\/tbody><\/table><\/figure>\n\n\n\n<p>Todos os cargos oferecem benef\u00edcios de Vale Transporte, Assist\u00eancia M\u00e9dica e Odontol\u00f3gica e Vale Alimenta\u00e7\u00e3o no valor de R$ 264,00.<\/p>\n\n\n\n<p>O edital reserva 5% das vagas para Pessoas com Defici\u00eancia (PcD) e 20% para candidatos negros (pretos ou pardos), conforme a Lei Municipal n\u00ba 2.763\/2020. Candidatos inscritos no Cad\u00danico ou doadores de sangue podem solicitar isen\u00e7\u00e3o da taxa de inscri\u00e7\u00e3o at\u00e9 06\/04\/2026.<\/p>\n\n\n\n<h2 class=\"wp-block-heading\" id=\"h-como-se-inscrever\"><span class=\"ez-toc-section\" id=\"Como_se_inscrever\"><\/span><strong>Como se inscrever?<\/strong><span class=\"ez-toc-section-end\"><\/span><\/h2>\n\n\n\n<p>As inscri\u00e7\u00f5es devem ser realizadas exclusivamente pelo site<a href=\"http:\/\/www.avancasp.org.br\"> <strong>www.avancasp.org.br<\/strong><\/a>. O regime de trabalho \u00e9 estatut\u00e1rio. O per\u00edodo de inscri\u00e7\u00f5es vai de <strong>30 de mar\u00e7o a 04 de maio de 2026<\/strong>.<\/p>\n\n\n\n<h2 class=\"wp-block-heading\" id=\"h-como-vai-funcionar-o-concurso\"><span class=\"ez-toc-section\" id=\"Como_vai_funcionar_o_concurso\"><\/span><strong>Como vai funcionar o concurso?<\/strong><span class=\"ez-toc-section-end\"><\/span><\/h2>\n\n\n\n<p>As etapas variam conforme o cargo pretendido:<\/p>\n\n\n\n<figure class=\"wp-block-table\"><table class=\"has-fixed-layout\"><tbody><tr><td><strong>Grupo de Cargos<\/strong><\/td><td><strong>Etapas<\/strong><\/td><\/tr><tr><td>Oficial de Escola, Assistente Social, M\u00e9dico do Trabalho<\/td><td>Prova Objetiva (PO)<\/td><\/tr><tr><td>Pedreiro<\/td><td>Prova Objetiva (PO) + Prova Pr\u00e1tica (PP)<\/td><\/tr><tr><td>Professor de Educa\u00e7\u00e3o F\u00edsica (Bacharel e P4)<\/td><td>Prova Objetiva (PO) + Avalia\u00e7\u00e3o de T\u00edtulos (AT)<\/td><\/tr><\/tbody><\/table><\/figure>\n\n\n\n<h3 class=\"wp-block-heading\" id=\"h-prova-objetiva\"><span class=\"ez-toc-section\" id=\"Prova_Objetiva\"><\/span><strong>Prova Objetiva<\/strong><span class=\"ez-toc-section-end\"><\/span><\/h3>\n\n\n\n<p>A prova ser\u00e1 realizada no Munic\u00edpio de Itapecerica da Serra\/SP em <strong>31 de maio de 2026<\/strong>, com dura\u00e7\u00e3o m\u00e1xima de 3 horas. As quest\u00f5es s\u00e3o de m\u00faltipla escolha com 5 alternativas cada. A composi\u00e7\u00e3o varia por cargo:<\/p>\n\n\n\n<ul class=\"wp-block-list\">\n<li><strong>Assistente Social, M\u00e9dico do Trabalho e Professores:<\/strong> 50 quest\u00f5es (L\u00edngua Portuguesa, Matem\u00e1tica e Racioc\u00ednio L\u00f3gico, No\u00e7\u00f5es de Inform\u00e1tica, Conhecimentos Espec\u00edficos) \u2014 nota m\u00ednima: 50 pontos<\/li>\n\n\n\n<li><strong>Oficial de Escola:<\/strong> 40 quest\u00f5es (L\u00edngua Portuguesa, Matem\u00e1tica e Racioc\u00ednio L\u00f3gico, No\u00e7\u00f5es de Inform\u00e1tica, Conhecimentos Espec\u00edficos) \u2014 nota m\u00ednima: 50 pontos<\/li>\n\n\n\n<li><strong>Pedreiro:<\/strong> 40 quest\u00f5es (L\u00edngua Portuguesa, Matem\u00e1tica e Racioc\u00ednio L\u00f3gico, Conhecimentos Espec\u00edficos) \u2014 nota m\u00ednima: 50 pontos<\/li>\n<\/ul>\n\n\n\n<p>A prova do M\u00e9dico do Trabalho \u00e9 de car\u00e1ter apenas classificat\u00f3rio (n\u00e3o eliminat\u00f3rio).<\/p>\n\n\n\n<h3 class=\"wp-block-heading\" id=\"h-prova-pratica\"><span class=\"ez-toc-section\" id=\"Prova_Pratica\"><\/span><strong>Prova Pr\u00e1tica<\/strong><span class=\"ez-toc-section-end\"><\/span><\/h3>\n\n\n\n<p>Destinada exclusivamente ao cargo de Pedreiro, ap\u00f3s aprova\u00e7\u00e3o na Prova Objetiva. Ser\u00e1 realizada em data, local e hor\u00e1rio a serem divulgados em edital pr\u00f3prio no site <a href=\"http:\/\/www.avancasp.org.br\">www.avancasp.org.br<\/a>.<\/p>\n\n\n\n<h3 class=\"wp-block-heading\" id=\"h-avaliacao-de-titulos\"><span class=\"ez-toc-section\" id=\"Avaliacao_de_Titulos\"><\/span><strong>Avalia\u00e7\u00e3o de T\u00edtulos<\/strong><span class=\"ez-toc-section-end\"><\/span><\/h3>\n\n\n\n<p>De car\u00e1ter exclusivamente classificat\u00f3rio, destinada aos cargos de Professor de Educa\u00e7\u00e3o F\u00edsica (Bacharel e P4).&nbsp;&nbsp;<\/p>\n\n\n\n<h2 class=\"wp-block-heading\" id=\"h-concurso-itapecerica-da-serra-cronograma\"><span class=\"ez-toc-section\" id=\"Concurso_Itapecerica_da_Serra_Cronograma\"><\/span><strong>Concurso Itapecerica da Serra:<\/strong> <strong>Cronograma<\/strong><span class=\"ez-toc-section-end\"><\/span><\/h2>\n\n\n\n<figure class=\"wp-block-table\"><table class=\"has-fixed-layout\"><tbody><tr><td><strong>Evento<\/strong><\/td><td><strong>Data Prevista<\/strong><\/td><\/tr><tr><td>Divulga\u00e7\u00e3o do Edital<\/td><td>30\/03\/2026<\/td><\/tr><tr><td>Per\u00edodo de Inscri\u00e7\u00f5es<\/td><td>30\/03 a 04\/05\/2026<\/td><\/tr><tr><td>Prazo para Solicita\u00e7\u00e3o de Isen\u00e7\u00e3o<\/td><td>At\u00e9 06\/04\/2026<\/td><\/tr><tr><td>Resultado Preliminar das Isen\u00e7\u00f5es<\/td><td>13\/04\/2026<\/td><\/tr><tr><td>Resultado Definitivo das Isen\u00e7\u00f5es<\/td><td>22\/04\/2026<\/td><\/tr><tr><td>\u00daltimo dia para pagamento e envio de t\u00edtulos<\/td><td>05\/05\/2026<\/td><\/tr><tr><td>Resultado Preliminar \u2014 PcD e Candidatos Negros<\/td><td>11\/05\/2026<\/td><\/tr><tr><td>Divulga\u00e7\u00e3o dos Locais de Prova e Edital de Convoca\u00e7\u00e3o<\/td><td>22\/05\/2026<\/td><\/tr><tr><td>Realiza\u00e7\u00e3o da Prova Objetiva<\/td><td>31\/05\/2026<\/td><\/tr><tr><td>Divulga\u00e7\u00e3o do Gabarito Preliminar<\/td><td>31\/05\/2026<\/td><\/tr><tr><td>Per\u00edodo de Recursos \u2014 Gabarito Preliminar<\/td><td>01 e 02\/06\/2026<\/td><\/tr><tr><td>Gabarito Definitivo, Prova de T\u00edtulos e Resultado Final Preliminar<\/td><td>22\/06\/2026<\/td><\/tr><tr><td>Per\u00edodo de Recursos \u2014 Resultado Final Preliminar<\/td><td>23 e 24\/06\/2026<\/td><\/tr><tr><td>Resultado Final Definitivo<\/td><td>At\u00e9 29\/06\/2026<\/td><\/tr><tr><td>Homologa\u00e7\u00e3o Parcial<\/td><td>A partir do Resultado Final Definitivo<\/td><\/tr><\/tbody><\/table><\/figure>\n\n\n\n<p>O concurso vale por 2 anos a partir da homologa\u00e7\u00e3o do resultado final, e a Prefeitura pode prorrog\u00e1-lo por mais 2 anos.<\/p>\n\n\n\n<h2 class=\"wp-block-heading\" id=\"h-para-saber-mais-confira-o-edital\"><span class=\"ez-toc-section\" id=\"Para_saber_mais_confira_o_edital\"><\/span><strong>Para saber mais, confira o edital!<\/strong><span class=\"ez-toc-section-end\"><\/span><\/h2>\n\n\n\n<div data-wp-interactive=\"core\/file\" class=\"wp-block-file\"><object data-wp-bind--hidden=\"!state.hasPdfPreview\" hidden class=\"wp-block-file__embed\" data=\"https:\/\/www.grupomedcof.com.br\/blog\/wp-content\/uploads\/2026\/04\/itaperecerica-02-2026.pdf\" type=\"application\/pdf\" style=\"width:100%;height:600px\" aria-label=\"Incorporado de edital itapecerica da serra.\"><\/object><a id=\"wp-block-file--media-98e2193e-c604-4e96-b4ab-2af016412bac\" href=\"https:\/\/www.grupomedcof.com.br\/blog\/wp-content\/uploads\/2026\/04\/itaperecerica-02-2026.pdf\">edital itapecerica da serra<\/a><a href=\"https:\/\/www.grupomedcof.com.br\/blog\/wp-content\/uploads\/2026\/04\/itaperecerica-02-2026.pdf\" class=\"wp-block-file__button wp-element-button\" download aria-describedby=\"wp-block-file--media-98e2193e-c604-4e96-b4ab-2af016412bac\">Baixar<\/a><\/div>\n\n\n\n<h2 class=\"wp-block-heading\" id=\"h-conquiste-sua-aprovacao-com-a-medcof\"><span class=\"ez-toc-section\" id=\"Conquiste_sua_aprovacao_com_a_MedCof\"><\/span><strong>Conquiste sua aprova\u00e7\u00e3o com a MedCof!<\/strong><span class=\"ez-toc-section-end\"><\/span><\/h2>\n\n\n\n<p>Se voc\u00ea quer ir al\u00e9m da prepara\u00e7\u00e3o tradicional, os preparat\u00f3rios da&nbsp;<a href=\"https:\/\/www.grupomedcof.com.br\/home\/\"><strong>MedCof<\/strong><\/a>&nbsp;s\u00e3o desenvolvidos especificamente para quem busca aprova\u00e7\u00e3o em concursos m\u00e9dicos como o de&nbsp;<strong>Itapecerica da Serra<\/strong>.<\/p>\n\n\n\n<p>A metodologia combina:<\/p>\n\n\n\n<ul class=\"wp-block-list\">\n<li><strong>Banco inteligente de quest\u00f5es<\/strong><\/li>\n\n\n\n<li><strong>An\u00e1lise de desempenho com uso de dados<\/strong><\/li>\n\n\n\n<li><strong>Estudo direcionado por incid\u00eancia de temas<\/strong><\/li>\n\n\n\n<li><strong>Treinamento focado no perfil da banca<\/strong><\/li>\n<\/ul>\n\n\n\n<p>Isso permite que voc\u00ea estude com estrat\u00e9gia, priorizando o que realmente aumenta suas chances de aprova\u00e7\u00e3o \u2014 e n\u00e3o apenas acumulando conte\u00fado. Para entender melhor,&nbsp;<a href=\"http:\/\/grupomedcof.com.br\/home\/?page=sobre-nos\">conhe\u00e7a a MedCof<\/a>.<\/p>\n\n\n\n<figure class=\"wp-block-embed is-type-wp-embed is-provider-blog-de-medcof-conte-dos-editais-revalida-e-mais wp-block-embed-blog-de-medcof-conte-dos-editais-revalida-e-mais\"><div class=\"wp-block-embed__wrapper\">\n<blockquote class=\"wp-embedded-content\" data-secret=\"saooJKdpph\"><a href=\"https:\/\/www.grupomedcof.com.br\/blog\/calendario-de-concursos-publicos-2026\/\">Calend\u00e1rio de Concursos P\u00fablicos 2026<\/a><\/blockquote><iframe loading=\"lazy\" class=\"wp-embedded-content\" sandbox=\"allow-scripts\" security=\"restricted\" style=\"position: absolute; visibility: hidden;\" title=\"&#8220;Calend\u00e1rio de Concursos P\u00fablicos 2026&#8221; &#8212; Blog de Medcof: conte\u00fados, editais, revalida e mais!\" src=\"https:\/\/www.grupomedcof.com.br\/blog\/calendario-de-concursos-publicos-2026\/embed\/#?secret=UKu1JTOZAh#?secret=saooJKdpph\" data-secret=\"saooJKdpph\" width=\"600\" height=\"338\" frameborder=\"0\" marginwidth=\"0\" marginheight=\"0\" scrolling=\"no\"><\/iframe>\n<\/div><\/figure>\n","protected":false},"excerpt":{"rendered":"<p>A Prefeitura Municipal de Itapecerica da Serra, em S\u00e3o Paulo, publicou o Edital n\u00ba 055\/2026 de Concurso P\u00fablico 02\/2026 para provimento de vagas no quadro permanente de servidores. O edital oferece oportunidades em 6 cargos diferentes, com remunera\u00e7\u00e3o de at\u00e9 R$ 48,31 por hora para o cargo de M\u00e9dico do Trabalho.<\/p>\n","protected":false},"author":41,"featured_media":43624,"comment_status":"closed","ping_status":"closed","sticky":false,"template":"","format":"standard","meta":{"footnotes":""},"categories":[55,213,2023,2630,240,173],"tags":[3645,1568,3730,1452],"ppma_author":[3629],"class_list":{"0":"post-43622","1":"post","2":"type-post","3":"status-publish","4":"format-standard","5":"has-post-thumbnail","7":"category-carreira-medica","8":"category-concurso-publico","9":"category-editais","10":"category-medicina-do-trabalho","11":"category-noticias","12":"category-novidades","13":"tag-concurso-publico","14":"tag-edital","15":"tag-itapecerica-da-serra","16":"tag-provas"},"yoast_head":"<!-- This site is optimized with the Yoast SEO Premium plugin v24.3 (Yoast SEO v27.4) - https:\/\/yoast.com\/product\/yoast-seo-premium-wordpress\/ -->\n<title>Concurso Itapecerica da Serra: vagas de at\u00e9 R$ 10.628,2 - Blog de Medcof: conte\u00fados, editais, revalida e mais!<\/title>\n<meta name=\"description\" content=\"Concurso Itapecerica da Serra 2026: vagas de n\u00edvel m\u00e9dio e superior com sal\u00e1rios at\u00e9 R$ 10.628. Inscri\u00e7\u00f5es abertas pela AVAN\u00c7ASP at\u00e9 04\/05.\" \/>\n<meta name=\"robots\" content=\"index, follow, max-snippet:-1, max-image-preview:large, max-video-preview:-1\" \/>\n<link rel=\"canonical\" href=\"https:\/\/www.grupomedcof.com.br\/blog\/concurso-itapecerica-da-serra\/\" \/>\n<meta property=\"og:locale\" content=\"pt_BR\" \/>\n<meta property=\"og:type\" content=\"article\" \/>\n<meta property=\"og:title\" content=\"Concurso Itapecerica da Serra: vagas de at\u00e9 R$ 10.628,2\" \/>\n<meta property=\"og:description\" content=\"Concurso Itapecerica da Serra 2026: vagas de n\u00edvel m\u00e9dio e superior com sal\u00e1rios at\u00e9 R$ 10.628. Inscri\u00e7\u00f5es abertas pela AVAN\u00c7ASP at\u00e9 04\/05.\" \/>\n<meta property=\"og:url\" content=\"https:\/\/www.grupomedcof.com.br\/blog\/concurso-itapecerica-da-serra\/\" \/>\n<meta property=\"og:site_name\" content=\"Blog de Medcof: conte\u00fados, editais, revalida e mais!\" \/>\n<meta property=\"article:publisher\" content=\"https:\/\/www.facebook.com\/MedCofQbank\/\" \/>\n<meta property=\"article:published_time\" content=\"2026-04-27T16:30:39+00:00\" \/>\n<meta property=\"article:modified_time\" content=\"2026-04-27T18:43:13+00:00\" \/>\n<meta property=\"og:image\" content=\"https:\/\/www.grupomedcof.com.br\/blog\/wp-content\/uploads\/2026\/04\/Modelo-instituicoes-27.jpg\" \/>\n\t<meta property=\"og:image:width\" content=\"1920\" \/>\n\t<meta property=\"og:image:height\" content=\"1080\" \/>\n\t<meta property=\"og:image:type\" content=\"image\/jpeg\" \/>\n<meta name=\"author\" content=\"Nana N\u00f3brega\" \/>\n<meta name=\"twitter:card\" content=\"summary_large_image\" \/>\n<meta name=\"twitter:label1\" content=\"Escrito por\" \/>\n\t<meta name=\"twitter:data1\" content=\"Nana N\u00f3brega\" \/>\n\t<meta name=\"twitter:label2\" content=\"Est. tempo de leitura\" \/>\n\t<meta name=\"twitter:data2\" content=\"5 minutos\" \/>\n<script type=\"application\/ld+json\" class=\"yoast-schema-graph\">{\"@context\":\"https:\\\/\\\/schema.org\",\"@graph\":[{\"@type\":\"Article\",\"@id\":\"https:\\\/\\\/www.grupomedcof.com.br\\\/blog\\\/concurso-itapecerica-da-serra\\\/#article\",\"isPartOf\":{\"@id\":\"https:\\\/\\\/www.grupomedcof.com.br\\\/blog\\\/concurso-itapecerica-da-serra\\\/\"},\"author\":{\"name\":\"Nana N\u00f3brega\",\"@id\":\"https:\\\/\\\/www.grupomedcof.com.br\\\/blog\\\/#\\\/schema\\\/person\\\/9fb2c4e0c5987a2a74b0cd7bfe7d5413\"},\"headline\":\"Concurso Itapecerica da Serra: vagas de at\u00e9 R$ 10.628,2\",\"datePublished\":\"2026-04-27T16:30:39+00:00\",\"dateModified\":\"2026-04-27T18:43:13+00:00\",\"mainEntityOfPage\":{\"@id\":\"https:\\\/\\\/www.grupomedcof.com.br\\\/blog\\\/concurso-itapecerica-da-serra\\\/\"},\"wordCount\":794,\"publisher\":{\"@id\":\"https:\\\/\\\/www.grupomedcof.com.br\\\/blog\\\/#organization\"},\"image\":{\"@id\":\"https:\\\/\\\/www.grupomedcof.com.br\\\/blog\\\/concurso-itapecerica-da-serra\\\/#primaryimage\"},\"thumbnailUrl\":\"https:\\\/\\\/www.grupomedcof.com.br\\\/blog\\\/wp-content\\\/uploads\\\/2026\\\/04\\\/Modelo-instituicoes-27.jpg\",\"keywords\":[\"concurso p\u00fablico\",\"Edital\",\"itapecerica da serra\",\"Provas\"],\"articleSection\":[\"Carreira M\u00e9dica\",\"Concurso P\u00fablico\",\"Editais\",\"Medicina do Trabalho\",\"Not\u00edcias\",\"Novidades\"],\"inLanguage\":\"pt-BR\"},{\"@type\":\"WebPage\",\"@id\":\"https:\\\/\\\/www.grupomedcof.com.br\\\/blog\\\/concurso-itapecerica-da-serra\\\/\",\"url\":\"https:\\\/\\\/www.grupomedcof.com.br\\\/blog\\\/concurso-itapecerica-da-serra\\\/\",\"name\":\"Concurso Itapecerica da Serra: vagas de at\u00e9 R$ 10.628,2 - Blog de Medcof: conte\u00fados, editais, revalida e mais!\",\"isPartOf\":{\"@id\":\"https:\\\/\\\/www.grupomedcof.com.br\\\/blog\\\/#website\"},\"primaryImageOfPage\":{\"@id\":\"https:\\\/\\\/www.grupomedcof.com.br\\\/blog\\\/concurso-itapecerica-da-serra\\\/#primaryimage\"},\"image\":{\"@id\":\"https:\\\/\\\/www.grupomedcof.com.br\\\/blog\\\/concurso-itapecerica-da-serra\\\/#primaryimage\"},\"thumbnailUrl\":\"https:\\\/\\\/www.grupomedcof.com.br\\\/blog\\\/wp-content\\\/uploads\\\/2026\\\/04\\\/Modelo-instituicoes-27.jpg\",\"datePublished\":\"2026-04-27T16:30:39+00:00\",\"dateModified\":\"2026-04-27T18:43:13+00:00\",\"description\":\"Concurso Itapecerica da Serra 2026: vagas de n\u00edvel m\u00e9dio e superior com sal\u00e1rios at\u00e9 R$ 10.628. Inscri\u00e7\u00f5es abertas pela AVAN\u00c7ASP at\u00e9 04\\\/05.\",\"breadcrumb\":{\"@id\":\"https:\\\/\\\/www.grupomedcof.com.br\\\/blog\\\/concurso-itapecerica-da-serra\\\/#breadcrumb\"},\"inLanguage\":\"pt-BR\",\"potentialAction\":[{\"@type\":\"ReadAction\",\"target\":[\"https:\\\/\\\/www.grupomedcof.com.br\\\/blog\\\/concurso-itapecerica-da-serra\\\/\"]}]},{\"@type\":\"ImageObject\",\"inLanguage\":\"pt-BR\",\"@id\":\"https:\\\/\\\/www.grupomedcof.com.br\\\/blog\\\/concurso-itapecerica-da-serra\\\/#primaryimage\",\"url\":\"https:\\\/\\\/www.grupomedcof.com.br\\\/blog\\\/wp-content\\\/uploads\\\/2026\\\/04\\\/Modelo-instituicoes-27.jpg\",\"contentUrl\":\"https:\\\/\\\/www.grupomedcof.com.br\\\/blog\\\/wp-content\\\/uploads\\\/2026\\\/04\\\/Modelo-instituicoes-27.jpg\",\"width\":1920,\"height\":1080,\"caption\":\"concurso p\u00fablico itapecerica da serra\"},{\"@type\":\"BreadcrumbList\",\"@id\":\"https:\\\/\\\/www.grupomedcof.com.br\\\/blog\\\/concurso-itapecerica-da-serra\\\/#breadcrumb\",\"itemListElement\":[{\"@type\":\"ListItem\",\"position\":1,\"name\":\"In\u00edcio\",\"item\":\"https:\\\/\\\/www.grupomedcof.com.br\\\/blog\\\/\"},{\"@type\":\"ListItem\",\"position\":2,\"name\":\"Concurso Itapecerica da Serra: vagas de at\u00e9 R$ 10.628,2\"}]},{\"@type\":\"WebSite\",\"@id\":\"https:\\\/\\\/www.grupomedcof.com.br\\\/blog\\\/#website\",\"url\":\"https:\\\/\\\/www.grupomedcof.com.br\\\/blog\\\/\",\"name\":\"Blog de Medcof: conte\u00fados, editais, revalida e mais!\",\"description\":\"Acesso o blog de MedCof! Seu portal de conte\u00fados sobre resid\u00eancia m\u00e9dica, an\u00e1lise e editais e muito mais. Clique e confira!\",\"publisher\":{\"@id\":\"https:\\\/\\\/www.grupomedcof.com.br\\\/blog\\\/#organization\"},\"alternateName\":\"Blog de Medcof: conte\u00fados, editais, revalida e mais!\",\"potentialAction\":[{\"@type\":\"SearchAction\",\"target\":{\"@type\":\"EntryPoint\",\"urlTemplate\":\"https:\\\/\\\/www.grupomedcof.com.br\\\/blog\\\/?s={search_term_string}\"},\"query-input\":{\"@type\":\"PropertyValueSpecification\",\"valueRequired\":true,\"valueName\":\"search_term_string\"}}],\"inLanguage\":\"pt-BR\"},{\"@type\":\"Organization\",\"@id\":\"https:\\\/\\\/www.grupomedcof.com.br\\\/blog\\\/#organization\",\"name\":\"Grupo MedCof\",\"url\":\"https:\\\/\\\/www.grupomedcof.com.br\\\/blog\\\/\",\"logo\":{\"@type\":\"ImageObject\",\"inLanguage\":\"pt-BR\",\"@id\":\"https:\\\/\\\/www.grupomedcof.com.br\\\/blog\\\/#\\\/schema\\\/logo\\\/image\\\/\",\"url\":\"https:\\\/\\\/www.grupomedcof.com.br\\\/blog\\\/wp-content\\\/uploads\\\/2022\\\/01\\\/logo-medcof.png\",\"contentUrl\":\"https:\\\/\\\/www.grupomedcof.com.br\\\/blog\\\/wp-content\\\/uploads\\\/2022\\\/01\\\/logo-medcof.png\",\"width\":768,\"height\":269,\"caption\":\"Grupo MedCof\"},\"image\":{\"@id\":\"https:\\\/\\\/www.grupomedcof.com.br\\\/blog\\\/#\\\/schema\\\/logo\\\/image\\\/\"},\"sameAs\":[\"https:\\\/\\\/www.facebook.com\\\/MedCofQbank\\\/\",\"https:\\\/\\\/www.instagram.com\\\/grupomedcof\\\/\",\"https:\\\/\\\/br.linkedin.com\\\/company\\\/medcof\",\"https:\\\/\\\/www.youtube.com\\\/channel\\\/UCdHMuOHKICxcHwecxN8P-AA\"]},{\"@type\":\"Person\",\"@id\":\"https:\\\/\\\/www.grupomedcof.com.br\\\/blog\\\/#\\\/schema\\\/person\\\/9fb2c4e0c5987a2a74b0cd7bfe7d5413\",\"name\":\"Nana N\u00f3brega\",\"pronouns\":\"ele\\\/ela\",\"image\":{\"@type\":\"ImageObject\",\"inLanguage\":\"pt-BR\",\"@id\":\"https:\\\/\\\/www.grupomedcof.com.br\\\/blog\\\/wp-content\\\/uploads\\\/2026\\\/03\\\/cropped-cropped-WhatsApp-Image-2026-03-19-at-09.30.33.jpega4f3600081af811f8cb877d267a26dad\",\"url\":\"https:\\\/\\\/www.grupomedcof.com.br\\\/blog\\\/wp-content\\\/uploads\\\/2026\\\/03\\\/cropped-cropped-WhatsApp-Image-2026-03-19-at-09.30.33.jpeg\",\"contentUrl\":\"https:\\\/\\\/www.grupomedcof.com.br\\\/blog\\\/wp-content\\\/uploads\\\/2026\\\/03\\\/cropped-cropped-WhatsApp-Image-2026-03-19-at-09.30.33.jpeg\",\"caption\":\"Nana N\u00f3brega\"},\"description\":\"Jornalista e linguista. Especialista em acessibilidade para pessoas cegas e com baixa vis\u00e3o.\",\"jobTitle\":\"jornalista\",\"url\":\"https:\\\/\\\/www.grupomedcof.com.br\\\/blog\\\/author\\\/nana\\\/\"}]}<\/script>\n<!-- \/ Yoast SEO Premium plugin. -->","yoast_head_json":{"title":"Concurso Itapecerica da Serra: vagas de at\u00e9 R$ 10.628,2 - Blog de Medcof: conte\u00fados, editais, revalida e mais!","description":"Concurso Itapecerica da Serra 2026: vagas de n\u00edvel m\u00e9dio e superior com sal\u00e1rios at\u00e9 R$ 10.628. Inscri\u00e7\u00f5es abertas pela AVAN\u00c7ASP at\u00e9 04\/05.","robots":{"index":"index","follow":"follow","max-snippet":"max-snippet:-1","max-image-preview":"max-image-preview:large","max-video-preview":"max-video-preview:-1"},"canonical":"https:\/\/www.grupomedcof.com.br\/blog\/concurso-itapecerica-da-serra\/","og_locale":"pt_BR","og_type":"article","og_title":"Concurso Itapecerica da Serra: vagas de at\u00e9 R$ 10.628,2","og_description":"Concurso Itapecerica da Serra 2026: vagas de n\u00edvel m\u00e9dio e superior com sal\u00e1rios at\u00e9 R$ 10.628. Inscri\u00e7\u00f5es abertas pela AVAN\u00c7ASP at\u00e9 04\/05.","og_url":"https:\/\/www.grupomedcof.com.br\/blog\/concurso-itapecerica-da-serra\/","og_site_name":"Blog de Medcof: conte\u00fados, editais, revalida e mais!","article_publisher":"https:\/\/www.facebook.com\/MedCofQbank\/","article_published_time":"2026-04-27T16:30:39+00:00","article_modified_time":"2026-04-27T18:43:13+00:00","og_image":[{"width":1920,"height":1080,"url":"https:\/\/www.grupomedcof.com.br\/blog\/wp-content\/uploads\/2026\/04\/Modelo-instituicoes-27.jpg","type":"image\/jpeg"}],"author":"Nana N\u00f3brega","twitter_card":"summary_large_image","twitter_misc":{"Escrito por":"Nana N\u00f3brega","Est. tempo de leitura":"5 minutos"},"schema":{"@context":"https:\/\/schema.org","@graph":[{"@type":"Article","@id":"https:\/\/www.grupomedcof.com.br\/blog\/concurso-itapecerica-da-serra\/#article","isPartOf":{"@id":"https:\/\/www.grupomedcof.com.br\/blog\/concurso-itapecerica-da-serra\/"},"author":{"name":"Nana N\u00f3brega","@id":"https:\/\/www.grupomedcof.com.br\/blog\/#\/schema\/person\/9fb2c4e0c5987a2a74b0cd7bfe7d5413"},"headline":"Concurso Itapecerica da Serra: vagas de at\u00e9 R$ 10.628,2","datePublished":"2026-04-27T16:30:39+00:00","dateModified":"2026-04-27T18:43:13+00:00","mainEntityOfPage":{"@id":"https:\/\/www.grupomedcof.com.br\/blog\/concurso-itapecerica-da-serra\/"},"wordCount":794,"publisher":{"@id":"https:\/\/www.grupomedcof.com.br\/blog\/#organization"},"image":{"@id":"https:\/\/www.grupomedcof.com.br\/blog\/concurso-itapecerica-da-serra\/#primaryimage"},"thumbnailUrl":"https:\/\/www.grupomedcof.com.br\/blog\/wp-content\/uploads\/2026\/04\/Modelo-instituicoes-27.jpg","keywords":["concurso p\u00fablico","Edital","itapecerica da serra","Provas"],"articleSection":["Carreira M\u00e9dica","Concurso P\u00fablico","Editais","Medicina do Trabalho","Not\u00edcias","Novidades"],"inLanguage":"pt-BR"},{"@type":"WebPage","@id":"https:\/\/www.grupomedcof.com.br\/blog\/concurso-itapecerica-da-serra\/","url":"https:\/\/www.grupomedcof.com.br\/blog\/concurso-itapecerica-da-serra\/","name":"Concurso Itapecerica da Serra: vagas de at\u00e9 R$ 10.628,2 - Blog de Medcof: conte\u00fados, editais, revalida e mais!","isPartOf":{"@id":"https:\/\/www.grupomedcof.com.br\/blog\/#website"},"primaryImageOfPage":{"@id":"https:\/\/www.grupomedcof.com.br\/blog\/concurso-itapecerica-da-serra\/#primaryimage"},"image":{"@id":"https:\/\/www.grupomedcof.com.br\/blog\/concurso-itapecerica-da-serra\/#primaryimage"},"thumbnailUrl":"https:\/\/www.grupomedcof.com.br\/blog\/wp-content\/uploads\/2026\/04\/Modelo-instituicoes-27.jpg","datePublished":"2026-04-27T16:30:39+00:00","dateModified":"2026-04-27T18:43:13+00:00","description":"Concurso Itapecerica da Serra 2026: vagas de n\u00edvel m\u00e9dio e superior com sal\u00e1rios at\u00e9 R$ 10.628. Inscri\u00e7\u00f5es abertas pela AVAN\u00c7ASP at\u00e9 04\/05.","breadcrumb":{"@id":"https:\/\/www.grupomedcof.com.br\/blog\/concurso-itapecerica-da-serra\/#breadcrumb"},"inLanguage":"pt-BR","potentialAction":[{"@type":"ReadAction","target":["https:\/\/www.grupomedcof.com.br\/blog\/concurso-itapecerica-da-serra\/"]}]},{"@type":"ImageObject","inLanguage":"pt-BR","@id":"https:\/\/www.grupomedcof.com.br\/blog\/concurso-itapecerica-da-serra\/#primaryimage","url":"https:\/\/www.grupomedcof.com.br\/blog\/wp-content\/uploads\/2026\/04\/Modelo-instituicoes-27.jpg","contentUrl":"https:\/\/www.grupomedcof.com.br\/blog\/wp-content\/uploads\/2026\/04\/Modelo-instituicoes-27.jpg","width":1920,"height":1080,"caption":"concurso p\u00fablico itapecerica da serra"},{"@type":"BreadcrumbList","@id":"https:\/\/www.grupomedcof.com.br\/blog\/concurso-itapecerica-da-serra\/#breadcrumb","itemListElement":[{"@type":"ListItem","position":1,"name":"In\u00edcio","item":"https:\/\/www.grupomedcof.com.br\/blog\/"},{"@type":"ListItem","position":2,"name":"Concurso Itapecerica da Serra: vagas de at\u00e9 R$ 10.628,2"}]},{"@type":"WebSite","@id":"https:\/\/www.grupomedcof.com.br\/blog\/#website","url":"https:\/\/www.grupomedcof.com.br\/blog\/","name":"Blog de Medcof: conte\u00fados, editais, revalida e mais!","description":"Acesso o blog de MedCof! Seu portal de conte\u00fados sobre resid\u00eancia m\u00e9dica, an\u00e1lise e editais e muito mais. Clique e confira!","publisher":{"@id":"https:\/\/www.grupomedcof.com.br\/blog\/#organization"},"alternateName":"Blog de Medcof: conte\u00fados, editais, revalida e mais!","potentialAction":[{"@type":"SearchAction","target":{"@type":"EntryPoint","urlTemplate":"https:\/\/www.grupomedcof.com.br\/blog\/?s={search_term_string}"},"query-input":{"@type":"PropertyValueSpecification","valueRequired":true,"valueName":"search_term_string"}}],"inLanguage":"pt-BR"},{"@type":"Organization","@id":"https:\/\/www.grupomedcof.com.br\/blog\/#organization","name":"Grupo MedCof","url":"https:\/\/www.grupomedcof.com.br\/blog\/","logo":{"@type":"ImageObject","inLanguage":"pt-BR","@id":"https:\/\/www.grupomedcof.com.br\/blog\/#\/schema\/logo\/image\/","url":"https:\/\/www.grupomedcof.com.br\/blog\/wp-content\/uploads\/2022\/01\/logo-medcof.png","contentUrl":"https:\/\/www.grupomedcof.com.br\/blog\/wp-content\/uploads\/2022\/01\/logo-medcof.png","width":768,"height":269,"caption":"Grupo MedCof"},"image":{"@id":"https:\/\/www.grupomedcof.com.br\/blog\/#\/schema\/logo\/image\/"},"sameAs":["https:\/\/www.facebook.com\/MedCofQbank\/","https:\/\/www.instagram.com\/grupomedcof\/","https:\/\/br.linkedin.com\/company\/medcof","https:\/\/www.youtube.com\/channel\/UCdHMuOHKICxcHwecxN8P-AA"]},{"@type":"Person","@id":"https:\/\/www.grupomedcof.com.br\/blog\/#\/schema\/person\/9fb2c4e0c5987a2a74b0cd7bfe7d5413","name":"Nana N\u00f3brega","pronouns":"ele\/ela","image":{"@type":"ImageObject","inLanguage":"pt-BR","@id":"https:\/\/www.grupomedcof.com.br\/blog\/wp-content\/uploads\/2026\/03\/cropped-cropped-WhatsApp-Image-2026-03-19-at-09.30.33.jpega4f3600081af811f8cb877d267a26dad","url":"https:\/\/www.grupomedcof.com.br\/blog\/wp-content\/uploads\/2026\/03\/cropped-cropped-WhatsApp-Image-2026-03-19-at-09.30.33.jpeg","contentUrl":"https:\/\/www.grupomedcof.com.br\/blog\/wp-content\/uploads\/2026\/03\/cropped-cropped-WhatsApp-Image-2026-03-19-at-09.30.33.jpeg","caption":"Nana N\u00f3brega"},"description":"Jornalista e linguista. Especialista em acessibilidade para pessoas cegas e com baixa vis\u00e3o.","jobTitle":"jornalista","url":"https:\/\/www.grupomedcof.com.br\/blog\/author\/nana\/"}]}},"authors":[{"term_id":3629,"user_id":41,"is_guest":0,"slug":"nana","display_name":"Nana N\u00f3brega","avatar_url":{"url":"https:\/\/www.grupomedcof.com.br\/blog\/wp-content\/uploads\/2026\/03\/cropped-cropped-WhatsApp-Image-2026-03-19-at-09.30.33.jpeg","url2x":"https:\/\/www.grupomedcof.com.br\/blog\/wp-content\/uploads\/2026\/03\/cropped-cropped-WhatsApp-Image-2026-03-19-at-09.30.33.jpeg"},"0":null,"1":"","2":"","3":"","4":"","5":"","6":"","7":"","8":""}],"_links":{"self":[{"href":"https:\/\/www.grupomedcof.com.br\/blog\/wp-json\/wp\/v2\/posts\/43622","targetHints":{"allow":["GET"]}}],"collection":[{"href":"https:\/\/www.grupomedcof.com.br\/blog\/wp-json\/wp\/v2\/posts"}],"about":[{"href":"https:\/\/www.grupomedcof.com.br\/blog\/wp-json\/wp\/v2\/types\/post"}],"author":[{"embeddable":true,"href":"https:\/\/www.grupomedcof.com.br\/blog\/wp-json\/wp\/v2\/users\/41"}],"replies":[{"embeddable":true,"href":"https:\/\/www.grupomedcof.com.br\/blog\/wp-json\/wp\/v2\/comments?post=43622"}],"version-history":[{"count":5,"href":"https:\/\/www.grupomedcof.com.br\/blog\/wp-json\/wp\/v2\/posts\/43622\/revisions"}],"predecessor-version":[{"id":43652,"href":"https:\/\/www.grupomedcof.com.br\/blog\/wp-json\/wp\/v2\/posts\/43622\/revisions\/43652"}],"wp:featuredmedia":[{"embeddable":true,"href":"https:\/\/www.grupomedcof.com.br\/blog\/wp-json\/wp\/v2\/media\/43624"}],"wp:attachment":[{"href":"https:\/\/www.grupomedcof.com.br\/blog\/wp-json\/wp\/v2\/media?parent=43622"}],"wp:term":[{"taxonomy":"category","embeddable":true,"href":"https:\/\/www.grupomedcof.com.br\/blog\/wp-json\/wp\/v2\/categories?post=43622"},{"taxonomy":"post_tag","embeddable":true,"href":"https:\/\/www.grupomedcof.com.br\/blog\/wp-json\/wp\/v2\/tags?post=43622"},{"taxonomy":"author","embeddable":true,"href":"https:\/\/www.grupomedcof.com.br\/blog\/wp-json\/wp\/v2\/ppma_author?post=43622"}],"curies":[{"name":"wp","href":"https:\/\/api.w.org\/{rel}","templated":true}]}}