{"id":43630,"date":"2026-04-27T14:29:51","date_gmt":"2026-04-27T17:29:51","guid":{"rendered":"https:\/\/www.grupomedcof.com.br\/blog\/?p=43630"},"modified":"2026-04-27T15:37:33","modified_gmt":"2026-04-27T18:37:33","slug":"concurso-goianinha","status":"publish","type":"post","link":"https:\/\/www.grupomedcof.com.br\/blog\/concurso-goianinha\/","title":{"rendered":"Concurso Goianinha:\u00a099 vagas com sal\u00e1rios de at\u00e9 R$ 6.165,00"},"content":{"rendered":"<div id=\"ez-toc-container\" class=\"ez-toc-v2_0_74 counter-hierarchy ez-toc-counter ez-toc-transparent ez-toc-container-direction\">\n<div class=\"ez-toc-title-container\">\n<p class=\"ez-toc-title\" style=\"cursor:inherit\">Sum\u00e1rio<\/p>\n<span class=\"ez-toc-title-toggle\"><a href=\"#\" class=\"ez-toc-pull-right ez-toc-btn ez-toc-btn-xs ez-toc-btn-default ez-toc-toggle\" aria-label=\"Alternar tabela de conte\u00fado\"><span class=\"ez-toc-js-icon-con\"><span class=\"\"><span class=\"eztoc-hide\" style=\"display:none;\">Toggle<\/span><span class=\"ez-toc-icon-toggle-span\"><svg style=\"fill: #999;color:#999\" xmlns=\"http:\/\/www.w3.org\/2000\/svg\" class=\"list-377408\" width=\"20px\" height=\"20px\" viewBox=\"0 0 24 24\" fill=\"none\"><path d=\"M6 6H4v2h2V6zm14 0H8v2h12V6zM4 11h2v2H4v-2zm16 0H8v2h12v-2zM4 16h2v2H4v-2zm16 0H8v2h12v-2z\" fill=\"currentColor\"><\/path><\/svg><svg style=\"fill: #999;color:#999\" class=\"arrow-unsorted-368013\" xmlns=\"http:\/\/www.w3.org\/2000\/svg\" width=\"10px\" height=\"10px\" viewBox=\"0 0 24 24\" version=\"1.2\" baseProfile=\"tiny\"><path d=\"M18.2 9.3l-6.2-6.3-6.2 6.3c-.2.2-.3.4-.3.7s.1.5.3.7c.2.2.4.3.7.3h11c.3 0 .5-.1.7-.3.2-.2.3-.5.3-.7s-.1-.5-.3-.7zM5.8 14.7l6.2 6.3 6.2-6.3c.2-.2.3-.5.3-.7s-.1-.5-.3-.7c-.2-.2-.4-.3-.7-.3h-11c-.3 0-.5.1-.7.3-.2.2-.3.5-.3.7s.1.5.3.7z\"\/><\/svg><\/span><\/span><\/span><\/a><\/span><\/div>\n<nav><ul class='ez-toc-list ez-toc-list-level-1 ' ><li class='ez-toc-page-1 ez-toc-heading-level-2'><a class=\"ez-toc-link ez-toc-heading-1\" href=\"https:\/\/www.grupomedcof.com.br\/blog\/concurso-goianinha\/#Quais_sao_as_vagas_disponiveis\" >Quais s\u00e3o as vagas dispon\u00edveis?<\/a><ul class='ez-toc-list-level-3' ><li class='ez-toc-heading-level-3'><a class=\"ez-toc-link ez-toc-heading-2\" href=\"https:\/\/www.grupomedcof.com.br\/blog\/concurso-goianinha\/#Nivel_Superior_selecao_de_cargos\" >N\u00edvel Superior (sele\u00e7\u00e3o de cargos)<\/a><\/li><li class='ez-toc-page-1 ez-toc-heading-level-3'><a class=\"ez-toc-link ez-toc-heading-3\" href=\"https:\/\/www.grupomedcof.com.br\/blog\/concurso-goianinha\/#Nivel_Medio_selecao_de_cargos\" >N\u00edvel M\u00e9dio (sele\u00e7\u00e3o de cargos)<\/a><\/li><\/ul><\/li><li class='ez-toc-page-1 ez-toc-heading-level-2'><a class=\"ez-toc-link ez-toc-heading-4\" href=\"https:\/\/www.grupomedcof.com.br\/blog\/concurso-goianinha\/#Como_se_inscrever\" >Como se inscrever?<\/a><ul class='ez-toc-list-level-3' ><li class='ez-toc-heading-level-3'><a class=\"ez-toc-link ez-toc-heading-5\" href=\"https:\/\/www.grupomedcof.com.br\/blog\/concurso-goianinha\/#Valores_das_taxas_de_inscricao\" >Valores das taxas de inscri\u00e7\u00e3o<\/a><\/li><\/ul><\/li><li class='ez-toc-page-1 ez-toc-heading-level-2'><a class=\"ez-toc-link ez-toc-heading-6\" href=\"https:\/\/www.grupomedcof.com.br\/blog\/concurso-goianinha\/#Como_vai_funcionar_o_concurso\" >Como vai funcionar o concurso?<\/a><ul class='ez-toc-list-level-3' ><li class='ez-toc-heading-level-3'><a class=\"ez-toc-link ez-toc-heading-7\" href=\"https:\/\/www.grupomedcof.com.br\/blog\/concurso-goianinha\/#Prova_Objetiva\" >Prova Objetiva<\/a><\/li><li class='ez-toc-page-1 ez-toc-heading-level-3'><a class=\"ez-toc-link ez-toc-heading-8\" href=\"https:\/\/www.grupomedcof.com.br\/blog\/concurso-goianinha\/#Prova_Discursiva_Redacao\" >Prova Discursiva (Reda\u00e7\u00e3o)<\/a><\/li><\/ul><\/li><li class='ez-toc-page-1 ez-toc-heading-level-2'><a class=\"ez-toc-link ez-toc-heading-9\" href=\"https:\/\/www.grupomedcof.com.br\/blog\/concurso-goianinha\/#Cronograma\" >Cronograma<\/a><\/li><li class='ez-toc-page-1 ez-toc-heading-level-2'><a class=\"ez-toc-link ez-toc-heading-10\" href=\"https:\/\/www.grupomedcof.com.br\/blog\/concurso-goianinha\/#Para_saber_mais_confira_o_edital\" >Para saber mais, confira o edital!<\/a><\/li><li class='ez-toc-page-1 ez-toc-heading-level-2'><a class=\"ez-toc-link ez-toc-heading-11\" href=\"https:\/\/www.grupomedcof.com.br\/blog\/concurso-goianinha\/#Conquiste_sua_aprovacao_com_a_MedCof\" >Conquiste sua aprova\u00e7\u00e3o com a MedCof!<\/a><\/li><\/ul><\/nav><\/div>\n\n<figure class=\"wp-block-image size-large\"><img loading=\"lazy\" decoding=\"async\" width=\"1024\" height=\"576\" src=\"https:\/\/www.grupomedcof.com.br\/blog\/wp-content\/uploads\/2026\/04\/Modelo-instituicoes-28-1024x576.jpg\" alt=\"concurso goianinha\" class=\"wp-image-43633\" srcset=\"https:\/\/www.grupomedcof.com.br\/blog\/wp-content\/uploads\/2026\/04\/Modelo-instituicoes-28-1024x576.jpg 1024w, https:\/\/www.grupomedcof.com.br\/blog\/wp-content\/uploads\/2026\/04\/Modelo-instituicoes-28-300x169.jpg 300w, https:\/\/www.grupomedcof.com.br\/blog\/wp-content\/uploads\/2026\/04\/Modelo-instituicoes-28-768x432.jpg 768w, https:\/\/www.grupomedcof.com.br\/blog\/wp-content\/uploads\/2026\/04\/Modelo-instituicoes-28-1536x864.jpg 1536w, https:\/\/www.grupomedcof.com.br\/blog\/wp-content\/uploads\/2026\/04\/Modelo-instituicoes-28-747x420.jpg 747w, https:\/\/www.grupomedcof.com.br\/blog\/wp-content\/uploads\/2026\/04\/Modelo-instituicoes-28-150x84.jpg 150w, https:\/\/www.grupomedcof.com.br\/blog\/wp-content\/uploads\/2026\/04\/Modelo-instituicoes-28-696x392.jpg 696w, https:\/\/www.grupomedcof.com.br\/blog\/wp-content\/uploads\/2026\/04\/Modelo-instituicoes-28-1068x601.jpg 1068w, https:\/\/www.grupomedcof.com.br\/blog\/wp-content\/uploads\/2026\/04\/Modelo-instituicoes-28.jpg 1920w\" sizes=\"auto, (max-width: 1024px) 100vw, 1024px\" \/><\/figure>\n\n\n\n<p>A <strong>Prefeitura Municipal de Goianinha<\/strong>, no Rio Grande do Norte, publicou o Edital n\u00ba 02\/2026 de Concurso P\u00fablico para provimento de vagas na Secretaria Municipal de Administra\u00e7\u00e3o e Sa\u00fade.&nbsp;<\/p>\n\n\n\n<p>S\u00e3o oferecidas <strong>99 vagas imediatas em mais de 25 cargos diferentes, com sal\u00e1rios que chegam a R$ 6.165,00 para o cargo de M\u00e9dico Cl\u00ednico Geral. <\/strong>O processo seletivo \u00e9 organizado pelo <strong>Instituto de Desenvolvimento Institucional Brasileiro (IDIB).<\/strong><\/p>\n\n\n\n<figure class=\"wp-block-image size-large\"><img loading=\"lazy\" decoding=\"async\" width=\"1024\" height=\"320\" src=\"https:\/\/www.grupomedcof.com.br\/blog\/wp-content\/uploads\/2025\/11\/Banner-MedCof-Plus-2200x460-11-1343x420-1-1024x320.png\" alt=\"\" class=\"wp-image-39227\" srcset=\"https:\/\/www.grupomedcof.com.br\/blog\/wp-content\/uploads\/2025\/11\/Banner-MedCof-Plus-2200x460-11-1343x420-1-1024x320.png 1024w, https:\/\/www.grupomedcof.com.br\/blog\/wp-content\/uploads\/2025\/11\/Banner-MedCof-Plus-2200x460-11-1343x420-1-300x94.png 300w, https:\/\/www.grupomedcof.com.br\/blog\/wp-content\/uploads\/2025\/11\/Banner-MedCof-Plus-2200x460-11-1343x420-1-768x240.png 768w, https:\/\/www.grupomedcof.com.br\/blog\/wp-content\/uploads\/2025\/11\/Banner-MedCof-Plus-2200x460-11-1343x420-1-150x47.png 150w, https:\/\/www.grupomedcof.com.br\/blog\/wp-content\/uploads\/2025\/11\/Banner-MedCof-Plus-2200x460-11-1343x420-1-696x218.png 696w, https:\/\/www.grupomedcof.com.br\/blog\/wp-content\/uploads\/2025\/11\/Banner-MedCof-Plus-2200x460-11-1343x420-1-1068x334.png 1068w, https:\/\/www.grupomedcof.com.br\/blog\/wp-content\/uploads\/2025\/11\/Banner-MedCof-Plus-2200x460-11-1343x420-1.png 1343w\" sizes=\"auto, (max-width: 1024px) 100vw, 1024px\" \/><\/figure>\n\n\n\n<h2 class=\"wp-block-heading\" id=\"h-quais-sao-as-vagas-disponiveis\"><span class=\"ez-toc-section\" id=\"Quais_sao_as_vagas_disponiveis\"><\/span><strong>Quais s\u00e3o as vagas dispon\u00edveis?<\/strong><span class=\"ez-toc-section-end\"><\/span><\/h2>\n\n\n\n<p>O edital contempla <strong>vagas imediatas e de Cadastro Reserva<\/strong> em dois n\u00edveis:<\/p>\n\n\n\n<h3 class=\"wp-block-heading\" id=\"h-nivel-superior-selecao-de-cargos\"><span class=\"ez-toc-section\" id=\"Nivel_Superior_selecao_de_cargos\"><\/span><strong>N\u00edvel Superior (sele\u00e7\u00e3o de cargos)<\/strong><span class=\"ez-toc-section-end\"><\/span><\/h3>\n\n\n\n<figure class=\"wp-block-table\"><table class=\"has-fixed-layout\"><tbody><tr><td><strong>Cargo<\/strong><\/td><td><strong>Pr\u00e9-requisitos<\/strong><\/td><td><strong>Vagas<\/strong><\/td><td><strong>Carga Hor\u00e1ria<\/strong><\/td><td><strong>Sal\u00e1rio<\/strong><\/td><\/tr><tr><td>M\u00e9dico Cl\u00ednico Geral<\/td><td>Curso de gradua\u00e7\u00e3o em medicina com&nbsp; habilita\u00e7\u00e3o legal para o exerc\u00edcio da profiss\u00e3o e com registro no&nbsp; respectivo conselho.<\/td><td>05<\/td><td>40h<\/td><td>R$ 6.165,00<\/td><\/tr><tr><td>M\u00e9dico Cl\u00ednico Geral<\/td><td>Curso de gradua\u00e7\u00e3oem medicina com&nbsp; habilita\u00e7\u00e3o legal para oexerc\u00edcio da profiss\u00e3o ecom registro no&nbsp; respectivo conselho.<\/td><td>05<\/td><td>20h<\/td><td>R$ 3.082,50<\/td><\/tr><tr><td>M\u00e9dico do Trabalho<\/td><td>Curso de gradua\u00e7\u00e3o em medicina com&nbsp; habilita\u00e7\u00e3o legal para o exerc\u00edcio da profiss\u00e3o e com registro no respectivo conselho.<\/td><td>01<\/td><td>40h<\/td><td>R$ 5.000,00<\/td><\/tr><tr><td>M\u00e9dico Neurologista<\/td><td>Curso de gradua\u00e7\u00e3o em medicina com&nbsp; habilita\u00e7\u00e3o legal para o exerc\u00edcio da profiss\u00e3o e com registro no&nbsp;respectivo conselho.<\/td><td>01<\/td><td>40h<\/td><td>R$ 5.000,00<\/td><\/tr><tr><td>M\u00e9dico Psiquiatra<\/td><td>Curso de gradua\u00e7\u00e3o em medicina com&nbsp; habilita\u00e7\u00e3o legal para o exerc\u00edcio da profiss\u00e3o e com registro no&nbsp;respectivo conselho.<\/td><td>02<\/td><td>40h<\/td><td>R$ 5.000,00<\/td><\/tr><tr><td>Arquiteto(a)<\/td><td>Curso de gradua\u00e7\u00e3o em arquitetura com&nbsp;habilita\u00e7\u00e3o legal para o exerc\u00edcio da profiss\u00e3o e com registro no&nbsp; respectivo conselho.<\/td><td>01<\/td><td>40h<\/td><td>R$ 3.700,00<\/td><\/tr><tr><td>Engenheiro Civil<\/td><td>Curso superior completo.<\/td><td>01<\/td><td>40h<\/td><td>R$ 3.700,00<\/td><\/tr><tr><td>M\u00e9dico Veterin\u00e1rio<\/td><td>Curso de gradua\u00e7\u00e3o em medicina veterin\u00e1ria com&nbsp;habilita\u00e7\u00e3o legal para o exerc\u00edcio da profiss\u00e3o e com registro no&nbsp; respectivo conselho.<\/td><td>01<\/td><td>20h<\/td><td>R$ 2.688,00<\/td><\/tr><tr><td>Nutricionista<\/td><td>Gradua\u00e7\u00e3o em Nutri\u00e7\u00e3o com registro no respectivo conselho.<\/td><td>03<\/td><td>30h<\/td><td>R$ 2.800,00<\/td><\/tr><tr><td>Psic\u00f3logo<\/td><td>Gradua\u00e7\u00e3o em psicologia com registro no respectivo conselho&nbsp;<\/td><td>05<\/td><td>30h<\/td><td>R$ 2.800,00<\/td><\/tr><tr><td>Terapeuta Ocupacional<\/td><td>Gradua\u00e7\u00e3o em terapia ocupacional.<\/td><td>02<\/td><td>30h<\/td><td>R$ 2.800,00<\/td><\/tr><tr><td>Assistente Social<\/td><td>Curso de gradua\u00e7\u00e3o em servi\u00e7o social com&nbsp;habilita\u00e7\u00e3o legal para o exerc\u00edcio da profiss\u00e3o e com registro no&nbsp; respectivo conselho.<\/td><td>04<\/td><td>30h<\/td><td>R$ 2.000,00<\/td><\/tr><tr><td>Biom\u00e9dico(a)<\/td><td>Curso de gradua\u00e7\u00e3o em biomedicina com habilita\u00e7\u00e3o legal para o exerc\u00edcio da profiss\u00e3o e com registro no&nbsp; respectivo conselho.<\/td><td>02<\/td><td>40h<\/td><td>R$ 2.000,00<\/td><\/tr><tr><td>Dentista<\/td><td>Curso de gradua\u00e7\u00e3o em odontologia com&nbsp;habilita\u00e7\u00e3o legal para o exerc\u00edcio da profiss\u00e3o e com registro no&nbsp; respectivo conselho.<\/td><td>06<\/td><td>40h<\/td><td>R$ 2.000,00<\/td><\/tr><tr><td>Fisioterapeuta<\/td><td>Curso de gradua\u00e7\u00e3o em fisioterapia com&nbsp;habilita\u00e7\u00e3o legal para o exerc\u00edcio da profiss\u00e3o e com registro no&nbsp; respectivo conselho.<\/td><td>03<\/td><td>30h<\/td><td>R$ 2.000,00<\/td><\/tr><tr><td>Fonoaudi\u00f3logo(a)<\/td><td>Curso de gradua\u00e7\u00e3oem fonoaudiologia com&nbsp; habilita\u00e7\u00e3o legal para o exerc\u00edcio da profiss\u00e3o e com registro no&nbsp; respectivo conselho.<\/td><td>03<\/td><td>40h<\/td><td>R$ 2.000,00<\/td><\/tr><tr><td>Farmac\u00eautico<\/td><td>Curso de gradua\u00e7\u00e3o em farm\u00e1cia e bioqu\u00edmica com&nbsp;habilita\u00e7\u00e3o legal para o exerc\u00edcio da profiss\u00e3o e com registro no&nbsp; respectivo conselho.<\/td><td>02<\/td><td>40h<\/td><td>R$ 1.800,00<\/td><\/tr><tr><td>Enfermeiro \u2013 ESF<\/td><td>Curso de gradua\u00e7\u00e3o em enfermagem com&nbsp;habilita\u00e7\u00e3o legal para o exerc\u00edcio da profiss\u00e3o e com registro no&nbsp; respectivo conselho.<\/td><td>05<\/td><td>40h<\/td><td>R$ 1.621,00<\/td><\/tr><tr><td>Enfermeiro(a)<\/td><td>Gradua\u00e7\u00e3o em enfermagem, com p\u00f3s gradua\u00e7\u00e3o, &nbsp; especializa\u00e7\u00e3o ou resid\u00eancia em sa\u00fade da fam\u00edlia e com registro no respectivo conselho.<\/td><td>07<\/td><td>40h<\/td><td>R$ 1.621,00<\/td><\/tr><\/tbody><\/table><\/figure>\n\n\n\n<h3 class=\"wp-block-heading\" id=\"h-nivel-medio-selecao-de-cargos\"><span class=\"ez-toc-section\" id=\"Nivel_Medio_selecao_de_cargos\"><\/span><strong>N\u00edvel M\u00e9dio (sele\u00e7\u00e3o de cargos)<\/strong><span class=\"ez-toc-section-end\"><\/span><\/h3>\n\n\n\n<figure class=\"wp-block-table\"><table class=\"has-fixed-layout\"><tbody><tr><td><strong>Cargo<\/strong><\/td><td><strong>Pr\u00e9-requisitos<\/strong><\/td><td><strong>Vagas<\/strong><\/td><td><strong>Carga Hor\u00e1ria<\/strong><\/td><td><strong>Sal\u00e1rio<\/strong><\/td><\/tr><tr><td>Agente de Endemias<\/td><td>Ensino m\u00e9dio completo.&nbsp;<\/td><td>01<\/td><td>40h<\/td><td>R$ 3.242,00<\/td><\/tr><tr><td>Agente de Sa\u00fade<\/td><td>Ensino m\u00e9dio completo.&nbsp;<\/td><td>06<\/td><td>40h<\/td><td>R$ 3.242,00<\/td><\/tr><tr><td>Operador de M\u00e1quinas<\/td><td>Ensino m\u00e9dio completo, curso t\u00e9cnico ou forma\u00e7\u00e3o espec\u00edfica em opera\u00e7\u00e3o de m\u00e1quinas pesadas.&nbsp;<\/td><td>04<\/td><td>40h<\/td><td>R$ 2.000,00<\/td><\/tr><tr><td>Assistente de Controle Interno<\/td><td>Ensino m\u00e9dio completo cumulado com curso t\u00e9cnico na \u00e1rea Cont\u00e1bil, ou curso t\u00e9cnico na \u00e1rea administrativa ou de gest\u00e3o p\u00fablica.<\/td><td>02<\/td><td>40h<\/td><td>R$ 2.000,00<\/td><\/tr><tr><td>T\u00e9cnico de Enfermagem<\/td><td>Curso t\u00e9cnico de enfermagem e com registro no respectivo conselho.&nbsp;<\/td><td>20<\/td><td>40h<\/td><td>R$ 1.621,00<\/td><\/tr><tr><td>Eletricista-Encanador<\/td><td>Ensino m\u00e9dio completo completo, acrescido de certificado de curso t\u00e9cnico em eletricidade, expedidos por institui\u00e7\u00e3o de ensino reconhecida pelo \u00f3rg\u00e3o competente.&nbsp;<\/td><td>01<\/td><td>40h<\/td><td>R$ 1.621,00<\/td><\/tr><tr><td>Fiscal Ambiental<\/td><td>Nivel m\u00e9dio completo, e curso t\u00e9c. em meio ambiente e com registro no respectivo conselho.&nbsp;<\/td><td>01<\/td><td>40h<\/td><td>R$ 1.621,00<\/td><\/tr><tr><td>Fiscal de Tributos<\/td><td>Ensino m\u00e9dio completo, curso t\u00e9cnico na \u00e1rea cont\u00e1bil, ou curso t\u00e9cnico na \u00e1rea administrativa e com registro no respectivo conselho&nbsp;<\/td><td>01<\/td><td>40h<\/td><td>R$ 1.621,00<\/td><\/tr><tr><td>Fiscal Urban\u00edstico<\/td><td>N\u00edvel m\u00e9dio completo, curso t\u00e9cnico em edifica\u00e7\u00f5es e com registro no respectivo conselho.&nbsp;<\/td><td>01<\/td><td>40h<\/td><td>R$ 1.621,00<\/td><\/tr><tr><td>Fiscal de Vigil\u00e2ncia Sanit\u00e1ria<\/td><td>N\u00edvel m\u00e9dio completo, curso t\u00e9cnico nas \u00e1reas de sa\u00fade p\u00fablica, enfermagem, saneamento, meio ambiente ou vigil\u00e2ncia sanit\u00e1ria e com registro no respectivo conselho.&nbsp;<\/td><td>01<\/td><td>40h<\/td><td>R$ 1.621,00<\/td><\/tr><tr><td>T\u00e9cnico em Pr\u00f3tese Dent\u00e1ria<\/td><td>Curso t\u00e9cnico em pr\u00f3tese dent\u00e1ria e com habilita\u00e7\u00e3o legal para o exerc\u00edcio da fun\u00e7\u00e3o.&nbsp;<\/td><td>01<\/td><td>40h<\/td><td>R$ 1.621,00<\/td><\/tr><tr><td>T\u00e9cnico de Sa\u00fade Bucal<\/td><td>Cursot\u00e9cnico desa\u00fade bucale comhabilita\u00e7\u00e3olegal para oexerc\u00edcio dafun\u00e7\u00e3o.<\/td><td>01<\/td><td>40h<\/td><td>R$ 1.621,00<\/td><\/tr><tr><td>Artes\u00e3(o)<\/td><td>Ensino m\u00e9dio completo e carteira nacional do artes\u00e3o.&nbsp;<\/td><td>01<\/td><td>40h<\/td><td>R$ 1.621,00<\/td><\/tr><\/tbody><\/table><\/figure>\n\n\n\n<h2 class=\"wp-block-heading\" id=\"h-como-se-inscrever\"><span class=\"ez-toc-section\" id=\"Como_se_inscrever\"><\/span><strong>Como se inscrever?<\/strong><span class=\"ez-toc-section-end\"><\/span><\/h2>\n\n\n\n<p>As inscri\u00e7\u00f5es devem ser realizadas exclusivamente pelo site <strong>www.idib.org.br<\/strong>, durante o per\u00edodo de <strong>31\/04\/2026 a 04\/05\/2026<\/strong>. O regime de trabalho \u00e9 estatut\u00e1rio.<\/p>\n\n\n\n<p>O edital reserva <strong>5% das vagas para Pessoas com Defici\u00eancia (PcD)<\/strong> e <strong>20% para candidatos pretos, pardos ou ind\u00edgenas (PPI)<\/strong>, conforme a Lei Federal 15.142\/2025 e a Lei Municipal n\u00ba 2.237\/2023. Candidatos inscritos no Cad\u00danico e quem tenha prestado servi\u00e7os \u00e0 Justi\u00e7a Eleitoral podem solicitar isen\u00e7\u00e3o da taxa de inscri\u00e7\u00e3o.<\/p>\n\n\n\n<h3 class=\"wp-block-heading\" id=\"h-valores-das-taxas-de-inscricao\"><span class=\"ez-toc-section\" id=\"Valores_das_taxas_de_inscricao\"><\/span><strong>Valores das taxas de inscri\u00e7\u00e3o<\/strong><span class=\"ez-toc-section-end\"><\/span><\/h3>\n\n\n\n<figure class=\"wp-block-table\"><table class=\"has-fixed-layout\"><tbody><tr><td><strong>N\u00edvel<\/strong><\/td><td><strong>Valor<\/strong><\/td><\/tr><tr><td>N\u00edvel M\u00e9dio<\/td><td>R$ 120,00<\/td><\/tr><tr><td>N\u00edvel Superior<\/td><td>R$ 140,00<\/td><\/tr><\/tbody><\/table><\/figure>\n\n\n\n<h2 class=\"wp-block-heading\" id=\"h-como-vai-funcionar-o-concurso\"><span class=\"ez-toc-section\" id=\"Como_vai_funcionar_o_concurso\"><\/span><strong>Como vai funcionar o concurso?<\/strong><span class=\"ez-toc-section-end\"><\/span><\/h2>\n\n\n\n<p>As etapas variam conforme o n\u00edvel do cargo:<\/p>\n\n\n\n<figure class=\"wp-block-table\"><table class=\"has-fixed-layout\"><tbody><tr><td><strong>Grupo de Cargos<\/strong><\/td><td><strong>Etapas<\/strong><\/td><\/tr><tr><td>N\u00edvel M\u00e9dio<\/td><td>Prova Objetiva (PO)<\/td><\/tr><tr><td>N\u00edvel Superior<\/td><td>Prova Objetiva (PO) + Prova Discursiva (Reda\u00e7\u00e3o)<\/td><\/tr><\/tbody><\/table><\/figure>\n\n\n\n<h3 class=\"wp-block-heading\" id=\"h-prova-objetiva\"><span class=\"ez-toc-section\" id=\"Prova_Objetiva\"><\/span><strong>Prova Objetiva<\/strong><span class=\"ez-toc-section-end\"><\/span><\/h3>\n\n\n\n<p>A prova ser\u00e1 realizada preferencialmente no munic\u00edpio de Goianinha\/RN e, se necess\u00e1rio, em munic\u00edpios circunvizinhos. Contar\u00e1 com <strong>60 quest\u00f5es de m\u00faltipla escolha<\/strong> (4 alternativas cada), totalizando at\u00e9 <strong>120 pontos<\/strong>. A composi\u00e7\u00e3o \u00e9 a seguinte:<\/p>\n\n\n\n<ul class=\"wp-block-list\">\n<li>L\u00edngua Portuguesa: 10 quest\u00f5es<\/li>\n\n\n\n<li>Racioc\u00ednio L\u00f3gico Matem\u00e1tico: 10 quest\u00f5es<\/li>\n\n\n\n<li>Conhecimentos Espec\u00edficos ao Cargo: 40 quest\u00f5es<\/li>\n<\/ul>\n\n\n\n<p>O candidato deve atingir no m\u00ednimo <strong>50% do total de pontos<\/strong> e n\u00e3o pode zerar nenhuma das disciplinas.<\/p>\n\n\n\n<h3 class=\"wp-block-heading\" id=\"h-prova-discursiva-redacao\"><span class=\"ez-toc-section\" id=\"Prova_Discursiva_Redacao\"><\/span><strong>Prova Discursiva (Reda\u00e7\u00e3o)<\/strong><span class=\"ez-toc-section-end\"><\/span><\/h3>\n\n\n\n<p>Aplicada apenas aos cargos de n\u00edvel superior, no mesmo dia da prova objetiva. Consiste na elabora\u00e7\u00e3o de <strong>texto dissertativo-argumentativo com entre 20 e 30 linhas.<\/strong> A nota varia de 0 a 30 pontos, sendo necess\u00e1rio atingir ao menos 50% para ser classificado.<\/p>\n\n\n\n<h2 class=\"wp-block-heading\" id=\"h-cronograma\"><span class=\"ez-toc-section\" id=\"Cronograma\"><\/span><strong>Cronograma<\/strong><span class=\"ez-toc-section-end\"><\/span><\/h2>\n\n\n\n<figure class=\"wp-block-table\"><table class=\"has-fixed-layout\"><tbody><tr><td><strong>Evento<\/strong><\/td><td><strong>Data<\/strong><\/td><\/tr><tr><td>Publica\u00e7\u00e3o do edital<\/td><td>31\/03\/2026<\/td><\/tr><tr><td>Per\u00edodo de inscri\u00e7\u00f5es<\/td><td>31\/03 a 04\/05\/2026<\/td><\/tr><tr><td>\u00daltimo dia para pagamento da taxa<\/td><td>05\/05\/2026<\/td><\/tr><tr><td>Divulga\u00e7\u00e3o dos locais de prova<\/td><td>29\/05\/2026<\/td><\/tr><tr><td><strong>Realiza\u00e7\u00e3o das Provas Objetiva e Discursiva<\/strong><\/td><td><strong>07\/06\/2026<\/strong><\/td><\/tr><tr><td>Publica\u00e7\u00e3o dos gabaritos preliminares<\/td><td>08\/06\/2026<\/td><\/tr><tr><td>Prazo para recursos dos gabaritos<\/td><td>09 a 10\/06\/2026<\/td><\/tr><tr><td>Resultado definitivo das provas objetivas<\/td><td>20\/07\/2026<\/td><\/tr><tr><td>Resultado preliminar da prova discursiva<\/td><td>04\/08\/2026<\/td><\/tr><tr><td>Resultado definitivo da prova discursiva<\/td><td>21\/08\/2026<\/td><\/tr><tr><td>Resultado Final<\/td><td>11\/09\/2026<\/td><\/tr><\/tbody><\/table><\/figure>\n\n\n\n<p>O prazo de validade do concurso \u00e9 de <strong>2 anos<\/strong> a partir da homologa\u00e7\u00e3o do resultado final, podendo ser prorrogado por igual per\u00edodo a crit\u00e9rio da Prefeitura Municipal de Goianinha.<\/p>\n\n\n\n<h2 class=\"wp-block-heading\" id=\"h-para-saber-mais-confira-o-edital\"><span class=\"ez-toc-section\" id=\"Para_saber_mais_confira_o_edital\"><\/span><strong>Para saber mais, confira o edital!<\/strong><span class=\"ez-toc-section-end\"><\/span><\/h2>\n\n\n\n<div data-wp-interactive=\"core\/file\" class=\"wp-block-file\"><object data-wp-bind--hidden=\"!state.hasPdfPreview\" hidden class=\"wp-block-file__embed\" data=\"https:\/\/www.grupomedcof.com.br\/blog\/wp-content\/uploads\/2026\/04\/edital-concurso-prefeitura-goianinha-02-2026-estrategia-concursos.pdf\" type=\"application\/pdf\" style=\"width:100%;height:600px\" aria-label=\"Incorporado de edital goianinha.\"><\/object><a id=\"wp-block-file--media-7fddaef0-f543-4d9d-a72f-8192f6bea1ea\" href=\"https:\/\/www.grupomedcof.com.br\/blog\/wp-content\/uploads\/2026\/04\/edital-concurso-prefeitura-goianinha-02-2026-estrategia-concursos.pdf\">edital goianinha<\/a><a href=\"https:\/\/www.grupomedcof.com.br\/blog\/wp-content\/uploads\/2026\/04\/edital-concurso-prefeitura-goianinha-02-2026-estrategia-concursos.pdf\" class=\"wp-block-file__button wp-element-button\" download aria-describedby=\"wp-block-file--media-7fddaef0-f543-4d9d-a72f-8192f6bea1ea\">Baixar<\/a><\/div>\n\n\n\n<h2 class=\"wp-block-heading\" id=\"h-conquiste-sua-aprovacao-com-a-medcof\"><span class=\"ez-toc-section\" id=\"Conquiste_sua_aprovacao_com_a_MedCof\"><\/span><strong>Conquiste sua aprova\u00e7\u00e3o com a MedCof!<\/strong><span class=\"ez-toc-section-end\"><\/span><\/h2>\n\n\n\n<p>Se voc\u00ea quer ir al\u00e9m da prepara\u00e7\u00e3o tradicional, os preparat\u00f3rios da&nbsp;<a href=\"https:\/\/www.grupomedcof.com.br\/home\/\"><strong>MedCof<\/strong><\/a>&nbsp;s\u00e3o desenvolvidos especificamente para quem busca aprova\u00e7\u00e3o em concursos m\u00e9dicos como o de <strong>Goianinha<\/strong>.<\/p>\n\n\n\n<p>A metodologia combina:<\/p>\n\n\n\n<ul class=\"wp-block-list\">\n<li><strong>Banco inteligente de quest\u00f5es<\/strong><\/li>\n\n\n\n<li><strong>An\u00e1lise de desempenho com uso de dados<\/strong><\/li>\n\n\n\n<li><strong>Estudo direcionado por incid\u00eancia de temas<\/strong><\/li>\n\n\n\n<li><strong>Treinamento focado no perfil da banca<\/strong><\/li>\n<\/ul>\n\n\n\n<p>Isso permite que voc\u00ea estude com estrat\u00e9gia, priorizando o que realmente aumenta suas chances de aprova\u00e7\u00e3o \u2014 e n\u00e3o apenas acumulando conte\u00fado. Para entender melhor,&nbsp;<a href=\"http:\/\/grupomedcof.com.br\/home\/?page=sobre-nos\">conhe\u00e7a a MedCof<\/a>.<\/p>\n\n\n\n<figure class=\"wp-block-embed is-type-wp-embed is-provider-blog-de-medcof-conte-dos-editais-revalida-e-mais wp-block-embed-blog-de-medcof-conte-dos-editais-revalida-e-mais\"><div class=\"wp-block-embed__wrapper\">\n<blockquote class=\"wp-embedded-content\" data-secret=\"8S5KHYQhFr\"><a href=\"https:\/\/www.grupomedcof.com.br\/blog\/calendario-de-concursos-publicos-2026\/\">Calend\u00e1rio de Concursos P\u00fablicos 2026<\/a><\/blockquote><iframe loading=\"lazy\" class=\"wp-embedded-content\" sandbox=\"allow-scripts\" security=\"restricted\" style=\"position: absolute; visibility: hidden;\" title=\"&#8220;Calend\u00e1rio de Concursos P\u00fablicos 2026&#8221; &#8212; Blog de Medcof: conte\u00fados, editais, revalida e mais!\" src=\"https:\/\/www.grupomedcof.com.br\/blog\/calendario-de-concursos-publicos-2026\/embed\/#?secret=soPNpBw29h#?secret=8S5KHYQhFr\" data-secret=\"8S5KHYQhFr\" width=\"600\" height=\"338\" frameborder=\"0\" marginwidth=\"0\" marginheight=\"0\" scrolling=\"no\"><\/iframe>\n<\/div><\/figure>\n","protected":false},"excerpt":{"rendered":"<p>A Prefeitura Municipal de Goianinha, no Rio Grande do Norte, publicou o Edital n\u00ba 02\/2026 de Concurso P\u00fablico para provimento de vagas na Secretaria Municipal de Administra\u00e7\u00e3o e Sa\u00fade.\u00a0<\/p>\n","protected":false},"author":41,"featured_media":43633,"comment_status":"closed","ping_status":"closed","sticky":false,"template":"","format":"standard","meta":{"footnotes":""},"categories":[55,213,2023,240,173],"tags":[3645,1568,3731,1452,2612],"ppma_author":[3629],"class_list":{"0":"post-43630","1":"post","2":"type-post","3":"status-publish","4":"format-standard","5":"has-post-thumbnail","7":"category-carreira-medica","8":"category-concurso-publico","9":"category-editais","10":"category-noticias","11":"category-novidades","12":"tag-concurso-publico","13":"tag-edital","14":"tag-goianinha","15":"tag-provas","16":"tag-rio-grande-do-norte"},"yoast_head":"<!-- This site is optimized with the Yoast SEO Premium plugin v24.3 (Yoast SEO v27.4) - https:\/\/yoast.com\/product\/yoast-seo-premium-wordpress\/ -->\n<title>Concurso Goianinha:\u00a099 vagas com sal\u00e1rios de at\u00e9 R$ 6.165,00 - Blog de Medcof: conte\u00fados, editais, revalida e mais!<\/title>\n<meta name=\"description\" content=\"Concurso P\u00fablico de Goianinha\/RN: 99 vagas para n\u00edvel m\u00e9dio e superior, sal\u00e1rios at\u00e9 R$ 6.165. Inscri\u00e7\u00f5es at\u00e9 4\/05\/2026 pelo site do IDIB.\" \/>\n<meta name=\"robots\" content=\"index, follow, max-snippet:-1, max-image-preview:large, max-video-preview:-1\" \/>\n<link rel=\"canonical\" href=\"https:\/\/www.grupomedcof.com.br\/blog\/concurso-goianinha\/\" \/>\n<meta property=\"og:locale\" content=\"pt_BR\" \/>\n<meta property=\"og:type\" content=\"article\" \/>\n<meta property=\"og:title\" content=\"Concurso Goianinha:\u00a099 vagas com sal\u00e1rios de at\u00e9 R$ 6.165,00\" \/>\n<meta property=\"og:description\" content=\"Concurso P\u00fablico de Goianinha\/RN: 99 vagas para n\u00edvel m\u00e9dio e superior, sal\u00e1rios at\u00e9 R$ 6.165. Inscri\u00e7\u00f5es at\u00e9 4\/05\/2026 pelo site do IDIB.\" \/>\n<meta property=\"og:url\" content=\"https:\/\/www.grupomedcof.com.br\/blog\/concurso-goianinha\/\" \/>\n<meta property=\"og:site_name\" content=\"Blog de Medcof: conte\u00fados, editais, revalida e mais!\" \/>\n<meta property=\"article:publisher\" content=\"https:\/\/www.facebook.com\/MedCofQbank\/\" \/>\n<meta property=\"article:published_time\" content=\"2026-04-27T17:29:51+00:00\" \/>\n<meta property=\"article:modified_time\" content=\"2026-04-27T18:37:33+00:00\" \/>\n<meta property=\"og:image\" content=\"https:\/\/www.grupomedcof.com.br\/blog\/wp-content\/uploads\/2026\/04\/Modelo-instituicoes-28.jpg\" \/>\n\t<meta property=\"og:image:width\" content=\"1920\" \/>\n\t<meta property=\"og:image:height\" content=\"1080\" \/>\n\t<meta property=\"og:image:type\" content=\"image\/jpeg\" \/>\n<meta name=\"author\" content=\"Nana N\u00f3brega\" \/>\n<meta name=\"twitter:card\" content=\"summary_large_image\" \/>\n<meta name=\"twitter:label1\" content=\"Escrito por\" \/>\n\t<meta name=\"twitter:data1\" content=\"Nana N\u00f3brega\" \/>\n\t<meta name=\"twitter:label2\" content=\"Est. tempo de leitura\" \/>\n\t<meta name=\"twitter:data2\" content=\"8 minutos\" \/>\n<script type=\"application\/ld+json\" class=\"yoast-schema-graph\">{\"@context\":\"https:\\\/\\\/schema.org\",\"@graph\":[{\"@type\":\"Article\",\"@id\":\"https:\\\/\\\/www.grupomedcof.com.br\\\/blog\\\/concurso-goianinha\\\/#article\",\"isPartOf\":{\"@id\":\"https:\\\/\\\/www.grupomedcof.com.br\\\/blog\\\/concurso-goianinha\\\/\"},\"author\":{\"name\":\"Nana N\u00f3brega\",\"@id\":\"https:\\\/\\\/www.grupomedcof.com.br\\\/blog\\\/#\\\/schema\\\/person\\\/9fb2c4e0c5987a2a74b0cd7bfe7d5413\"},\"headline\":\"Concurso Goianinha:\u00a099 vagas com sal\u00e1rios de at\u00e9 R$ 6.165,00\",\"datePublished\":\"2026-04-27T17:29:51+00:00\",\"dateModified\":\"2026-04-27T18:37:33+00:00\",\"mainEntityOfPage\":{\"@id\":\"https:\\\/\\\/www.grupomedcof.com.br\\\/blog\\\/concurso-goianinha\\\/\"},\"wordCount\":1395,\"publisher\":{\"@id\":\"https:\\\/\\\/www.grupomedcof.com.br\\\/blog\\\/#organization\"},\"image\":{\"@id\":\"https:\\\/\\\/www.grupomedcof.com.br\\\/blog\\\/concurso-goianinha\\\/#primaryimage\"},\"thumbnailUrl\":\"https:\\\/\\\/www.grupomedcof.com.br\\\/blog\\\/wp-content\\\/uploads\\\/2026\\\/04\\\/Modelo-instituicoes-28.jpg\",\"keywords\":[\"concurso p\u00fablico\",\"Edital\",\"goianinha\",\"Provas\",\"Rio Grande do Norte\"],\"articleSection\":[\"Carreira M\u00e9dica\",\"Concurso P\u00fablico\",\"Editais\",\"Not\u00edcias\",\"Novidades\"],\"inLanguage\":\"pt-BR\"},{\"@type\":\"WebPage\",\"@id\":\"https:\\\/\\\/www.grupomedcof.com.br\\\/blog\\\/concurso-goianinha\\\/\",\"url\":\"https:\\\/\\\/www.grupomedcof.com.br\\\/blog\\\/concurso-goianinha\\\/\",\"name\":\"Concurso Goianinha:\u00a099 vagas com sal\u00e1rios de at\u00e9 R$ 6.165,00 - Blog de Medcof: conte\u00fados, editais, revalida e mais!\",\"isPartOf\":{\"@id\":\"https:\\\/\\\/www.grupomedcof.com.br\\\/blog\\\/#website\"},\"primaryImageOfPage\":{\"@id\":\"https:\\\/\\\/www.grupomedcof.com.br\\\/blog\\\/concurso-goianinha\\\/#primaryimage\"},\"image\":{\"@id\":\"https:\\\/\\\/www.grupomedcof.com.br\\\/blog\\\/concurso-goianinha\\\/#primaryimage\"},\"thumbnailUrl\":\"https:\\\/\\\/www.grupomedcof.com.br\\\/blog\\\/wp-content\\\/uploads\\\/2026\\\/04\\\/Modelo-instituicoes-28.jpg\",\"datePublished\":\"2026-04-27T17:29:51+00:00\",\"dateModified\":\"2026-04-27T18:37:33+00:00\",\"description\":\"Concurso P\u00fablico de Goianinha\\\/RN: 99 vagas para n\u00edvel m\u00e9dio e superior, sal\u00e1rios at\u00e9 R$ 6.165. Inscri\u00e7\u00f5es at\u00e9 4\\\/05\\\/2026 pelo site do IDIB.\",\"breadcrumb\":{\"@id\":\"https:\\\/\\\/www.grupomedcof.com.br\\\/blog\\\/concurso-goianinha\\\/#breadcrumb\"},\"inLanguage\":\"pt-BR\",\"potentialAction\":[{\"@type\":\"ReadAction\",\"target\":[\"https:\\\/\\\/www.grupomedcof.com.br\\\/blog\\\/concurso-goianinha\\\/\"]}]},{\"@type\":\"ImageObject\",\"inLanguage\":\"pt-BR\",\"@id\":\"https:\\\/\\\/www.grupomedcof.com.br\\\/blog\\\/concurso-goianinha\\\/#primaryimage\",\"url\":\"https:\\\/\\\/www.grupomedcof.com.br\\\/blog\\\/wp-content\\\/uploads\\\/2026\\\/04\\\/Modelo-instituicoes-28.jpg\",\"contentUrl\":\"https:\\\/\\\/www.grupomedcof.com.br\\\/blog\\\/wp-content\\\/uploads\\\/2026\\\/04\\\/Modelo-instituicoes-28.jpg\",\"width\":1920,\"height\":1080,\"caption\":\"concurso goianinha\"},{\"@type\":\"BreadcrumbList\",\"@id\":\"https:\\\/\\\/www.grupomedcof.com.br\\\/blog\\\/concurso-goianinha\\\/#breadcrumb\",\"itemListElement\":[{\"@type\":\"ListItem\",\"position\":1,\"name\":\"In\u00edcio\",\"item\":\"https:\\\/\\\/www.grupomedcof.com.br\\\/blog\\\/\"},{\"@type\":\"ListItem\",\"position\":2,\"name\":\"Concurso Goianinha:\u00a099 vagas com sal\u00e1rios de at\u00e9 R$ 6.165,00\"}]},{\"@type\":\"WebSite\",\"@id\":\"https:\\\/\\\/www.grupomedcof.com.br\\\/blog\\\/#website\",\"url\":\"https:\\\/\\\/www.grupomedcof.com.br\\\/blog\\\/\",\"name\":\"Blog de Medcof: conte\u00fados, editais, revalida e mais!\",\"description\":\"Acesso o blog de MedCof! Seu portal de conte\u00fados sobre resid\u00eancia m\u00e9dica, an\u00e1lise e editais e muito mais. Clique e confira!\",\"publisher\":{\"@id\":\"https:\\\/\\\/www.grupomedcof.com.br\\\/blog\\\/#organization\"},\"alternateName\":\"Blog de Medcof: conte\u00fados, editais, revalida e mais!\",\"potentialAction\":[{\"@type\":\"SearchAction\",\"target\":{\"@type\":\"EntryPoint\",\"urlTemplate\":\"https:\\\/\\\/www.grupomedcof.com.br\\\/blog\\\/?s={search_term_string}\"},\"query-input\":{\"@type\":\"PropertyValueSpecification\",\"valueRequired\":true,\"valueName\":\"search_term_string\"}}],\"inLanguage\":\"pt-BR\"},{\"@type\":\"Organization\",\"@id\":\"https:\\\/\\\/www.grupomedcof.com.br\\\/blog\\\/#organization\",\"name\":\"Grupo MedCof\",\"url\":\"https:\\\/\\\/www.grupomedcof.com.br\\\/blog\\\/\",\"logo\":{\"@type\":\"ImageObject\",\"inLanguage\":\"pt-BR\",\"@id\":\"https:\\\/\\\/www.grupomedcof.com.br\\\/blog\\\/#\\\/schema\\\/logo\\\/image\\\/\",\"url\":\"https:\\\/\\\/www.grupomedcof.com.br\\\/blog\\\/wp-content\\\/uploads\\\/2022\\\/01\\\/logo-medcof.png\",\"contentUrl\":\"https:\\\/\\\/www.grupomedcof.com.br\\\/blog\\\/wp-content\\\/uploads\\\/2022\\\/01\\\/logo-medcof.png\",\"width\":768,\"height\":269,\"caption\":\"Grupo MedCof\"},\"image\":{\"@id\":\"https:\\\/\\\/www.grupomedcof.com.br\\\/blog\\\/#\\\/schema\\\/logo\\\/image\\\/\"},\"sameAs\":[\"https:\\\/\\\/www.facebook.com\\\/MedCofQbank\\\/\",\"https:\\\/\\\/www.instagram.com\\\/grupomedcof\\\/\",\"https:\\\/\\\/br.linkedin.com\\\/company\\\/medcof\",\"https:\\\/\\\/www.youtube.com\\\/channel\\\/UCdHMuOHKICxcHwecxN8P-AA\"]},{\"@type\":\"Person\",\"@id\":\"https:\\\/\\\/www.grupomedcof.com.br\\\/blog\\\/#\\\/schema\\\/person\\\/9fb2c4e0c5987a2a74b0cd7bfe7d5413\",\"name\":\"Nana N\u00f3brega\",\"pronouns\":\"ele\\\/ela\",\"image\":{\"@type\":\"ImageObject\",\"inLanguage\":\"pt-BR\",\"@id\":\"https:\\\/\\\/www.grupomedcof.com.br\\\/blog\\\/wp-content\\\/uploads\\\/2026\\\/03\\\/cropped-cropped-WhatsApp-Image-2026-03-19-at-09.30.33.jpega4f3600081af811f8cb877d267a26dad\",\"url\":\"https:\\\/\\\/www.grupomedcof.com.br\\\/blog\\\/wp-content\\\/uploads\\\/2026\\\/03\\\/cropped-cropped-WhatsApp-Image-2026-03-19-at-09.30.33.jpeg\",\"contentUrl\":\"https:\\\/\\\/www.grupomedcof.com.br\\\/blog\\\/wp-content\\\/uploads\\\/2026\\\/03\\\/cropped-cropped-WhatsApp-Image-2026-03-19-at-09.30.33.jpeg\",\"caption\":\"Nana N\u00f3brega\"},\"description\":\"Jornalista e linguista. Especialista em acessibilidade para pessoas cegas e com baixa vis\u00e3o.\",\"jobTitle\":\"jornalista\",\"url\":\"https:\\\/\\\/www.grupomedcof.com.br\\\/blog\\\/author\\\/nana\\\/\"}]}<\/script>\n<!-- \/ Yoast SEO Premium plugin. -->","yoast_head_json":{"title":"Concurso Goianinha:\u00a099 vagas com sal\u00e1rios de at\u00e9 R$ 6.165,00 - Blog de Medcof: conte\u00fados, editais, revalida e mais!","description":"Concurso P\u00fablico de Goianinha\/RN: 99 vagas para n\u00edvel m\u00e9dio e superior, sal\u00e1rios at\u00e9 R$ 6.165. Inscri\u00e7\u00f5es at\u00e9 4\/05\/2026 pelo site do IDIB.","robots":{"index":"index","follow":"follow","max-snippet":"max-snippet:-1","max-image-preview":"max-image-preview:large","max-video-preview":"max-video-preview:-1"},"canonical":"https:\/\/www.grupomedcof.com.br\/blog\/concurso-goianinha\/","og_locale":"pt_BR","og_type":"article","og_title":"Concurso Goianinha:\u00a099 vagas com sal\u00e1rios de at\u00e9 R$ 6.165,00","og_description":"Concurso P\u00fablico de Goianinha\/RN: 99 vagas para n\u00edvel m\u00e9dio e superior, sal\u00e1rios at\u00e9 R$ 6.165. Inscri\u00e7\u00f5es at\u00e9 4\/05\/2026 pelo site do IDIB.","og_url":"https:\/\/www.grupomedcof.com.br\/blog\/concurso-goianinha\/","og_site_name":"Blog de Medcof: conte\u00fados, editais, revalida e mais!","article_publisher":"https:\/\/www.facebook.com\/MedCofQbank\/","article_published_time":"2026-04-27T17:29:51+00:00","article_modified_time":"2026-04-27T18:37:33+00:00","og_image":[{"width":1920,"height":1080,"url":"https:\/\/www.grupomedcof.com.br\/blog\/wp-content\/uploads\/2026\/04\/Modelo-instituicoes-28.jpg","type":"image\/jpeg"}],"author":"Nana N\u00f3brega","twitter_card":"summary_large_image","twitter_misc":{"Escrito por":"Nana N\u00f3brega","Est. tempo de leitura":"8 minutos"},"schema":{"@context":"https:\/\/schema.org","@graph":[{"@type":"Article","@id":"https:\/\/www.grupomedcof.com.br\/blog\/concurso-goianinha\/#article","isPartOf":{"@id":"https:\/\/www.grupomedcof.com.br\/blog\/concurso-goianinha\/"},"author":{"name":"Nana N\u00f3brega","@id":"https:\/\/www.grupomedcof.com.br\/blog\/#\/schema\/person\/9fb2c4e0c5987a2a74b0cd7bfe7d5413"},"headline":"Concurso Goianinha:\u00a099 vagas com sal\u00e1rios de at\u00e9 R$ 6.165,00","datePublished":"2026-04-27T17:29:51+00:00","dateModified":"2026-04-27T18:37:33+00:00","mainEntityOfPage":{"@id":"https:\/\/www.grupomedcof.com.br\/blog\/concurso-goianinha\/"},"wordCount":1395,"publisher":{"@id":"https:\/\/www.grupomedcof.com.br\/blog\/#organization"},"image":{"@id":"https:\/\/www.grupomedcof.com.br\/blog\/concurso-goianinha\/#primaryimage"},"thumbnailUrl":"https:\/\/www.grupomedcof.com.br\/blog\/wp-content\/uploads\/2026\/04\/Modelo-instituicoes-28.jpg","keywords":["concurso p\u00fablico","Edital","goianinha","Provas","Rio Grande do Norte"],"articleSection":["Carreira M\u00e9dica","Concurso P\u00fablico","Editais","Not\u00edcias","Novidades"],"inLanguage":"pt-BR"},{"@type":"WebPage","@id":"https:\/\/www.grupomedcof.com.br\/blog\/concurso-goianinha\/","url":"https:\/\/www.grupomedcof.com.br\/blog\/concurso-goianinha\/","name":"Concurso Goianinha:\u00a099 vagas com sal\u00e1rios de at\u00e9 R$ 6.165,00 - Blog de Medcof: conte\u00fados, editais, revalida e mais!","isPartOf":{"@id":"https:\/\/www.grupomedcof.com.br\/blog\/#website"},"primaryImageOfPage":{"@id":"https:\/\/www.grupomedcof.com.br\/blog\/concurso-goianinha\/#primaryimage"},"image":{"@id":"https:\/\/www.grupomedcof.com.br\/blog\/concurso-goianinha\/#primaryimage"},"thumbnailUrl":"https:\/\/www.grupomedcof.com.br\/blog\/wp-content\/uploads\/2026\/04\/Modelo-instituicoes-28.jpg","datePublished":"2026-04-27T17:29:51+00:00","dateModified":"2026-04-27T18:37:33+00:00","description":"Concurso P\u00fablico de Goianinha\/RN: 99 vagas para n\u00edvel m\u00e9dio e superior, sal\u00e1rios at\u00e9 R$ 6.165. Inscri\u00e7\u00f5es at\u00e9 4\/05\/2026 pelo site do IDIB.","breadcrumb":{"@id":"https:\/\/www.grupomedcof.com.br\/blog\/concurso-goianinha\/#breadcrumb"},"inLanguage":"pt-BR","potentialAction":[{"@type":"ReadAction","target":["https:\/\/www.grupomedcof.com.br\/blog\/concurso-goianinha\/"]}]},{"@type":"ImageObject","inLanguage":"pt-BR","@id":"https:\/\/www.grupomedcof.com.br\/blog\/concurso-goianinha\/#primaryimage","url":"https:\/\/www.grupomedcof.com.br\/blog\/wp-content\/uploads\/2026\/04\/Modelo-instituicoes-28.jpg","contentUrl":"https:\/\/www.grupomedcof.com.br\/blog\/wp-content\/uploads\/2026\/04\/Modelo-instituicoes-28.jpg","width":1920,"height":1080,"caption":"concurso goianinha"},{"@type":"BreadcrumbList","@id":"https:\/\/www.grupomedcof.com.br\/blog\/concurso-goianinha\/#breadcrumb","itemListElement":[{"@type":"ListItem","position":1,"name":"In\u00edcio","item":"https:\/\/www.grupomedcof.com.br\/blog\/"},{"@type":"ListItem","position":2,"name":"Concurso Goianinha:\u00a099 vagas com sal\u00e1rios de at\u00e9 R$ 6.165,00"}]},{"@type":"WebSite","@id":"https:\/\/www.grupomedcof.com.br\/blog\/#website","url":"https:\/\/www.grupomedcof.com.br\/blog\/","name":"Blog de Medcof: conte\u00fados, editais, revalida e mais!","description":"Acesso o blog de MedCof! Seu portal de conte\u00fados sobre resid\u00eancia m\u00e9dica, an\u00e1lise e editais e muito mais. Clique e confira!","publisher":{"@id":"https:\/\/www.grupomedcof.com.br\/blog\/#organization"},"alternateName":"Blog de Medcof: conte\u00fados, editais, revalida e mais!","potentialAction":[{"@type":"SearchAction","target":{"@type":"EntryPoint","urlTemplate":"https:\/\/www.grupomedcof.com.br\/blog\/?s={search_term_string}"},"query-input":{"@type":"PropertyValueSpecification","valueRequired":true,"valueName":"search_term_string"}}],"inLanguage":"pt-BR"},{"@type":"Organization","@id":"https:\/\/www.grupomedcof.com.br\/blog\/#organization","name":"Grupo MedCof","url":"https:\/\/www.grupomedcof.com.br\/blog\/","logo":{"@type":"ImageObject","inLanguage":"pt-BR","@id":"https:\/\/www.grupomedcof.com.br\/blog\/#\/schema\/logo\/image\/","url":"https:\/\/www.grupomedcof.com.br\/blog\/wp-content\/uploads\/2022\/01\/logo-medcof.png","contentUrl":"https:\/\/www.grupomedcof.com.br\/blog\/wp-content\/uploads\/2022\/01\/logo-medcof.png","width":768,"height":269,"caption":"Grupo MedCof"},"image":{"@id":"https:\/\/www.grupomedcof.com.br\/blog\/#\/schema\/logo\/image\/"},"sameAs":["https:\/\/www.facebook.com\/MedCofQbank\/","https:\/\/www.instagram.com\/grupomedcof\/","https:\/\/br.linkedin.com\/company\/medcof","https:\/\/www.youtube.com\/channel\/UCdHMuOHKICxcHwecxN8P-AA"]},{"@type":"Person","@id":"https:\/\/www.grupomedcof.com.br\/blog\/#\/schema\/person\/9fb2c4e0c5987a2a74b0cd7bfe7d5413","name":"Nana N\u00f3brega","pronouns":"ele\/ela","image":{"@type":"ImageObject","inLanguage":"pt-BR","@id":"https:\/\/www.grupomedcof.com.br\/blog\/wp-content\/uploads\/2026\/03\/cropped-cropped-WhatsApp-Image-2026-03-19-at-09.30.33.jpega4f3600081af811f8cb877d267a26dad","url":"https:\/\/www.grupomedcof.com.br\/blog\/wp-content\/uploads\/2026\/03\/cropped-cropped-WhatsApp-Image-2026-03-19-at-09.30.33.jpeg","contentUrl":"https:\/\/www.grupomedcof.com.br\/blog\/wp-content\/uploads\/2026\/03\/cropped-cropped-WhatsApp-Image-2026-03-19-at-09.30.33.jpeg","caption":"Nana N\u00f3brega"},"description":"Jornalista e linguista. Especialista em acessibilidade para pessoas cegas e com baixa vis\u00e3o.","jobTitle":"jornalista","url":"https:\/\/www.grupomedcof.com.br\/blog\/author\/nana\/"}]}},"authors":[{"term_id":3629,"user_id":41,"is_guest":0,"slug":"nana","display_name":"Nana N\u00f3brega","avatar_url":{"url":"https:\/\/www.grupomedcof.com.br\/blog\/wp-content\/uploads\/2026\/03\/cropped-cropped-WhatsApp-Image-2026-03-19-at-09.30.33.jpeg","url2x":"https:\/\/www.grupomedcof.com.br\/blog\/wp-content\/uploads\/2026\/03\/cropped-cropped-WhatsApp-Image-2026-03-19-at-09.30.33.jpeg"},"0":null,"1":"","2":"","3":"","4":"","5":"","6":"","7":"","8":""}],"_links":{"self":[{"href":"https:\/\/www.grupomedcof.com.br\/blog\/wp-json\/wp\/v2\/posts\/43630","targetHints":{"allow":["GET"]}}],"collection":[{"href":"https:\/\/www.grupomedcof.com.br\/blog\/wp-json\/wp\/v2\/posts"}],"about":[{"href":"https:\/\/www.grupomedcof.com.br\/blog\/wp-json\/wp\/v2\/types\/post"}],"author":[{"embeddable":true,"href":"https:\/\/www.grupomedcof.com.br\/blog\/wp-json\/wp\/v2\/users\/41"}],"replies":[{"embeddable":true,"href":"https:\/\/www.grupomedcof.com.br\/blog\/wp-json\/wp\/v2\/comments?post=43630"}],"version-history":[{"count":4,"href":"https:\/\/www.grupomedcof.com.br\/blog\/wp-json\/wp\/v2\/posts\/43630\/revisions"}],"predecessor-version":[{"id":43646,"href":"https:\/\/www.grupomedcof.com.br\/blog\/wp-json\/wp\/v2\/posts\/43630\/revisions\/43646"}],"wp:featuredmedia":[{"embeddable":true,"href":"https:\/\/www.grupomedcof.com.br\/blog\/wp-json\/wp\/v2\/media\/43633"}],"wp:attachment":[{"href":"https:\/\/www.grupomedcof.com.br\/blog\/wp-json\/wp\/v2\/media?parent=43630"}],"wp:term":[{"taxonomy":"category","embeddable":true,"href":"https:\/\/www.grupomedcof.com.br\/blog\/wp-json\/wp\/v2\/categories?post=43630"},{"taxonomy":"post_tag","embeddable":true,"href":"https:\/\/www.grupomedcof.com.br\/blog\/wp-json\/wp\/v2\/tags?post=43630"},{"taxonomy":"author","embeddable":true,"href":"https:\/\/www.grupomedcof.com.br\/blog\/wp-json\/wp\/v2\/ppma_author?post=43630"}],"curies":[{"name":"wp","href":"https:\/\/api.w.org\/{rel}","templated":true}]}}