{"id":43639,"date":"2026-04-27T15:32:43","date_gmt":"2026-04-27T18:32:43","guid":{"rendered":"https:\/\/www.grupomedcof.com.br\/blog\/?p=43639"},"modified":"2026-04-27T15:39:32","modified_gmt":"2026-04-27T18:39:32","slug":"concurso-esteio","status":"publish","type":"post","link":"https:\/\/www.grupomedcof.com.br\/blog\/concurso-esteio\/","title":{"rendered":"Concurso Esteio: vagas com sal\u00e1rios de at\u00e9 R$ 11.248,03"},"content":{"rendered":"<div id=\"ez-toc-container\" class=\"ez-toc-v2_0_74 counter-hierarchy ez-toc-counter ez-toc-transparent ez-toc-container-direction\">\n<div class=\"ez-toc-title-container\">\n<p class=\"ez-toc-title\" style=\"cursor:inherit\">Sum\u00e1rio<\/p>\n<span class=\"ez-toc-title-toggle\"><a href=\"#\" class=\"ez-toc-pull-right ez-toc-btn ez-toc-btn-xs ez-toc-btn-default ez-toc-toggle\" aria-label=\"Alternar tabela de conte\u00fado\"><span class=\"ez-toc-js-icon-con\"><span class=\"\"><span class=\"eztoc-hide\" style=\"display:none;\">Toggle<\/span><span class=\"ez-toc-icon-toggle-span\"><svg style=\"fill: #999;color:#999\" xmlns=\"http:\/\/www.w3.org\/2000\/svg\" class=\"list-377408\" width=\"20px\" height=\"20px\" viewBox=\"0 0 24 24\" fill=\"none\"><path d=\"M6 6H4v2h2V6zm14 0H8v2h12V6zM4 11h2v2H4v-2zm16 0H8v2h12v-2zM4 16h2v2H4v-2zm16 0H8v2h12v-2z\" fill=\"currentColor\"><\/path><\/svg><svg style=\"fill: #999;color:#999\" class=\"arrow-unsorted-368013\" xmlns=\"http:\/\/www.w3.org\/2000\/svg\" width=\"10px\" height=\"10px\" viewBox=\"0 0 24 24\" version=\"1.2\" baseProfile=\"tiny\"><path d=\"M18.2 9.3l-6.2-6.3-6.2 6.3c-.2.2-.3.4-.3.7s.1.5.3.7c.2.2.4.3.7.3h11c.3 0 .5-.1.7-.3.2-.2.3-.5.3-.7s-.1-.5-.3-.7zM5.8 14.7l6.2 6.3 6.2-6.3c.2-.2.3-.5.3-.7s-.1-.5-.3-.7c-.2-.2-.4-.3-.7-.3h-11c-.3 0-.5.1-.7.3-.2.2-.3.5-.3.7s.1.5.3.7z\"\/><\/svg><\/span><\/span><\/span><\/a><\/span><\/div>\n<nav><ul class='ez-toc-list ez-toc-list-level-1 ' ><li class='ez-toc-page-1 ez-toc-heading-level-2'><a class=\"ez-toc-link ez-toc-heading-1\" href=\"https:\/\/www.grupomedcof.com.br\/blog\/concurso-esteio\/#Quais_sao_as_vagas_disponiveis\" >Quais s\u00e3o as vagas dispon\u00edveis?<\/a><ul class='ez-toc-list-level-3' ><li class='ez-toc-heading-level-3'><a class=\"ez-toc-link ez-toc-heading-2\" href=\"https:\/\/www.grupomedcof.com.br\/blog\/concurso-esteio\/#Superior_selecao_de_cargos\" >Superior (sele\u00e7\u00e3o de cargos)<\/a><\/li><li class='ez-toc-page-1 ez-toc-heading-level-3'><a class=\"ez-toc-link ez-toc-heading-3\" href=\"https:\/\/www.grupomedcof.com.br\/blog\/concurso-esteio\/#Fundamental\" >Fundamental<\/a><\/li><li class='ez-toc-page-1 ez-toc-heading-level-3'><a class=\"ez-toc-link ez-toc-heading-4\" href=\"https:\/\/www.grupomedcof.com.br\/blog\/concurso-esteio\/#Medio_Tecnico_selecao_de_cargos\" >M\u00e9dio \/ T\u00e9cnico (sele\u00e7\u00e3o de cargos)<\/a><\/li><\/ul><\/li><li class='ez-toc-page-1 ez-toc-heading-level-2'><a class=\"ez-toc-link ez-toc-heading-5\" href=\"https:\/\/www.grupomedcof.com.br\/blog\/concurso-esteio\/#Como_se_inscrever\" >Como se inscrever?<\/a><ul class='ez-toc-list-level-3' ><li class='ez-toc-heading-level-3'><a class=\"ez-toc-link ez-toc-heading-6\" href=\"https:\/\/www.grupomedcof.com.br\/blog\/concurso-esteio\/#Valores_das_taxas_de_inscricao\" >Valores das taxas de inscri\u00e7\u00e3o<\/a><\/li><\/ul><\/li><li class='ez-toc-page-1 ez-toc-heading-level-2'><a class=\"ez-toc-link ez-toc-heading-7\" href=\"https:\/\/www.grupomedcof.com.br\/blog\/concurso-esteio\/#Como_vai_funcionar_o_concurso\" >Como vai funcionar o concurso?<\/a><ul class='ez-toc-list-level-3' ><li class='ez-toc-heading-level-3'><a class=\"ez-toc-link ez-toc-heading-8\" href=\"https:\/\/www.grupomedcof.com.br\/blog\/concurso-esteio\/#Prova_Objetiva\" >Prova Objetiva<\/a><\/li><\/ul><\/li><li class='ez-toc-page-1 ez-toc-heading-level-2'><a class=\"ez-toc-link ez-toc-heading-9\" href=\"https:\/\/www.grupomedcof.com.br\/blog\/concurso-esteio\/#Concurso_Esteio_Cronograma\" >Concurso Esteio: Cronograma<\/a><\/li><li class='ez-toc-page-1 ez-toc-heading-level-2'><a class=\"ez-toc-link ez-toc-heading-10\" href=\"https:\/\/www.grupomedcof.com.br\/blog\/concurso-esteio\/#Para_saber_mais_confira_o_edital\" >Para saber mais, confira o edital!<\/a><\/li><li class='ez-toc-page-1 ez-toc-heading-level-2'><a class=\"ez-toc-link ez-toc-heading-11\" href=\"https:\/\/www.grupomedcof.com.br\/blog\/concurso-esteio\/#Conquiste_sua_aprovacao_com_a_MedCof\" >Conquiste sua aprova\u00e7\u00e3o com a MedCof!<\/a><\/li><\/ul><\/nav><\/div>\n\n<figure class=\"wp-block-image size-large\"><img loading=\"lazy\" decoding=\"async\" width=\"1024\" height=\"576\" src=\"https:\/\/www.grupomedcof.com.br\/blog\/wp-content\/uploads\/2026\/04\/Modelo-instituicoes-30-1024x576.jpg\" alt=\"Concurso Esteio\" class=\"wp-image-43640\" srcset=\"https:\/\/www.grupomedcof.com.br\/blog\/wp-content\/uploads\/2026\/04\/Modelo-instituicoes-30-1024x576.jpg 1024w, https:\/\/www.grupomedcof.com.br\/blog\/wp-content\/uploads\/2026\/04\/Modelo-instituicoes-30-300x169.jpg 300w, https:\/\/www.grupomedcof.com.br\/blog\/wp-content\/uploads\/2026\/04\/Modelo-instituicoes-30-768x432.jpg 768w, https:\/\/www.grupomedcof.com.br\/blog\/wp-content\/uploads\/2026\/04\/Modelo-instituicoes-30-1536x864.jpg 1536w, https:\/\/www.grupomedcof.com.br\/blog\/wp-content\/uploads\/2026\/04\/Modelo-instituicoes-30-747x420.jpg 747w, https:\/\/www.grupomedcof.com.br\/blog\/wp-content\/uploads\/2026\/04\/Modelo-instituicoes-30-150x84.jpg 150w, https:\/\/www.grupomedcof.com.br\/blog\/wp-content\/uploads\/2026\/04\/Modelo-instituicoes-30-696x392.jpg 696w, https:\/\/www.grupomedcof.com.br\/blog\/wp-content\/uploads\/2026\/04\/Modelo-instituicoes-30-1068x601.jpg 1068w, https:\/\/www.grupomedcof.com.br\/blog\/wp-content\/uploads\/2026\/04\/Modelo-instituicoes-30.jpg 1920w\" sizes=\"auto, (max-width: 1024px) 100vw, 1024px\" \/><\/figure>\n\n\n\n<p>A <strong>Prefeitura Municipal de Esteio<\/strong>, no Rio Grande do Sul, publicou o Edital de Abertura n\u00ba 02\/2026 de Concurso P\u00fablico para forma\u00e7\u00e3o de Cadastro de Reserva no quadro de pessoal do munic\u00edpio. S\u00e3o oferecidas <strong>vagas em mais de 50 cargos diferentes, com sal\u00e1rios que chegam a R$ 6.564,20 para o cargo de M\u00e9dico Comunit\u00e1rio PSF.<\/strong><\/p>\n\n\n\n<p>O processo seletivo \u00e9 executado pela <strong>Funda\u00e7\u00e3o La Salle<\/strong>.<\/p>\n\n\n\n<h2 class=\"wp-block-heading\" id=\"h-quais-sao-as-vagas-disponiveis\"><span class=\"ez-toc-section\" id=\"Quais_sao_as_vagas_disponiveis\"><\/span><strong>Quais s\u00e3o as vagas dispon\u00edveis?<\/strong><span class=\"ez-toc-section-end\"><\/span><\/h2>\n\n\n\n<p>O edital contempla vagas de Cadastro de Reserva (C.R.) em tr\u00eas n\u00edveis:<\/p>\n\n\n\n<h3 class=\"wp-block-heading\" id=\"h-superior-selecao-de-cargos\"><span class=\"ez-toc-section\" id=\"Superior_selecao_de_cargos\"><\/span><strong>Superior (sele\u00e7\u00e3o de cargos)<\/strong><span class=\"ez-toc-section-end\"><\/span><\/h3>\n\n\n\n<figure class=\"wp-block-table\"><table class=\"has-fixed-layout\"><tbody><tr><td><strong>Cargo<\/strong><\/td><td><strong>Vagas<\/strong><\/td><td><strong>Carga Hor\u00e1ria<\/strong><\/td><td><strong>Sal\u00e1rio<\/strong><\/td><\/tr><tr><td>M\u00e9dico Comunit\u00e1rio PSF<\/td><td>C.R.<\/td><td>30h<\/td><td>R$ 11.248,03<\/td><\/tr><tr><td>M\u00e9dico Generalista<\/td><td>C.R.<\/td><td>20h<\/td><td>R$ 6.153,95<\/td><\/tr><tr><td>M\u00e9dico Infectologista<\/td><td>C.R.<\/td><td>16h<\/td><td>R$ 4.923,15<\/td><\/tr><tr><td>M\u00e9dico Infectologista Infantil<\/td><td>C.R.<\/td><td>16h<\/td><td>R$ 4.923,15<\/td><\/tr><tr><td>M\u00e9dico Gineco-Obstetra<\/td><td>C.R.<\/td><td>16h<\/td><td>R$ 4.923,15<\/td><\/tr><tr><td>M\u00e9dico Pediatra<\/td><td>C.R.<\/td><td>16h<\/td><td>R$ 4.923,15<\/td><\/tr><tr><td>M\u00e9dico Psiquiatra Infantil<\/td><td>C.R.<\/td><td>16h<\/td><td>R$ 4.923,15<\/td><\/tr><tr><td>M\u00e9dico Psiquiatra<\/td><td>C.R.<\/td><td>16h<\/td><td>R$ 4.923,15<\/td><\/tr><tr><td>Auditor Fiscal de Tributos<\/td><td>C.R.<\/td><td>40h<\/td><td>R$ 8.024,34<\/td><\/tr><tr><td>Analista Administrativo<\/td><td>C.R.<\/td><td>40h<\/td><td>R$ 5.565,10<\/td><\/tr><tr><td>Analista de Sistemas<\/td><td>C.R.<\/td><td>40h<\/td><td>R$ 5.565,10<\/td><\/tr><tr><td>Engenheiro Civil<\/td><td>C.R.<\/td><td>30h<\/td><td>R$ 4.923,15<\/td><\/tr><tr><td>Engenheiro do Trabalho<\/td><td>C.R.<\/td><td>30h<\/td><td>R$ 4.923,15<\/td><\/tr><tr><td>Engenheiro Agr\u00f4nomo<\/td><td>C.R.<\/td><td>30h<\/td><td>R$ 4.923,15<\/td><\/tr><tr><td>Engenheiro Eletricista<\/td><td>C.R.<\/td><td>30h<\/td><td>R$ 4.923,15<\/td><\/tr><tr><td>Engenheiro Qu\u00edmico<\/td><td>C.R.<\/td><td>30h<\/td><td>R$ 4.923,15<\/td><\/tr><tr><td>Procurador Municipal&nbsp;<\/td><td>C.R.<\/td><td>40h<\/td><td>R$ 4.923,15&nbsp;<\/td><\/tr><tr><td>Odont\u00f3logo<\/td><td>C.R.<\/td><td>40h<\/td><td>R$ 6.564,20<\/td><\/tr><tr><td>Arquiteto<\/td><td>C.R.<\/td><td>30h<\/td><td>R$ 4.923,15<\/td><\/tr><tr><td>Arquivista<\/td><td>C.R.<\/td><td>30h<\/td><td>R$ 4.923,15<\/td><\/tr><tr><td>Assistente Social<\/td><td>C.R.<\/td><td>30h<\/td><td>R$ 4.923,15<\/td><\/tr><tr><td>Bibliotec\u00e1rio<\/td><td>C.R.<\/td><td>30h<\/td><td>R$ 4.923,15<\/td><\/tr><tr><td>Bi\u00f3logo<\/td><td>C.R.<\/td><td>30h<\/td><td>R$ 4.923,15<\/td><\/tr><tr><td>Contador<\/td><td>C.R.<\/td><td>30h<\/td><td>R$ 4.923,15<\/td><\/tr><tr><td>Enfermeiro Assistencial<\/td><td>C.R.<\/td><td>30h<\/td><td>R$ 8.024,34&nbsp;<\/td><\/tr><tr><td>Farmac\u00eautico<\/td><td>C.R.<\/td><td>30h<\/td><td>R$ 5.565,10&nbsp;<\/td><\/tr><tr><td>Fisioterapeuta<\/td><td>C.R.<\/td><td>30h<\/td><td>R$ 4.923,15<\/td><\/tr><tr><td>Fonoaudi\u00f3logo<\/td><td>C.R.<\/td><td>30h<\/td><td>R$ 4.923,15<\/td><\/tr><tr><td>Jornalista<\/td><td>C.R.<\/td><td>30h<\/td><td>R$ 4.923,15<\/td><\/tr><tr><td>Muse\u00f3logo<\/td><td>C.R.<\/td><td>30h<\/td><td>R$ 4.923,15<\/td><\/tr><tr><td>Nutricionista<\/td><td>C.R.<\/td><td>30h<\/td><td>R$ 4.923,15<\/td><\/tr><tr><td>Preparador F\u00edsico<\/td><td>C.R.<\/td><td>20h<\/td><td>R$ 1.876,21<\/td><\/tr><tr><td>Psic\u00f3logo<\/td><td>C.R.<\/td><td>30h<\/td><td>R$ 4.923,15<\/td><\/tr><tr><td>Psicopedagogo<\/td><td>C.R.<\/td><td>30h<\/td><td>R$ 4.923,15<\/td><\/tr><tr><td>Terapeuta Ocupacional<\/td><td>C.R.<\/td><td>30h<\/td><td>R$ 4.923,15<\/td><\/tr><tr><td>M\u00e9dico Veterin\u00e1rio<\/td><td>C.R.<\/td><td>30h<\/td><td>R$ 4.923,15<\/td><\/tr><\/tbody><\/table><\/figure>\n\n\n\n<h3 class=\"wp-block-heading\" id=\"h-fundamental\"><span class=\"ez-toc-section\" id=\"Fundamental\"><\/span><strong>Fundamental<\/strong><span class=\"ez-toc-section-end\"><\/span><\/h3>\n\n\n\n<figure class=\"wp-block-table\"><table class=\"has-fixed-layout\"><tbody><tr><td><strong>Cargo<\/strong><\/td><td><strong>Vagas<\/strong><\/td><td><strong>Carga Hor\u00e1ria<\/strong><\/td><td><strong>Sal\u00e1rio<\/strong><\/td><\/tr><tr><td>Sepultador<\/td><td>C.R.<\/td><td>40h<\/td><td>R$ 2.115,01<\/td><\/tr><tr><td>Mec\u00e2nico de Ve\u00edculos<\/td><td>C.R.<\/td><td>40h<\/td><td>R$ 1.724,25<\/td><\/tr><tr><td>Operador de M\u00e1quinas<\/td><td>C.R.<\/td><td>40h<\/td><td>R$ 2.422,02<\/td><\/tr><\/tbody><\/table><\/figure>\n\n\n\n<h3 class=\"wp-block-heading\" id=\"h-medio-tecnico-selecao-de-cargos\"><span class=\"ez-toc-section\" id=\"Medio_Tecnico_selecao_de_cargos\"><\/span><strong>M\u00e9dio \/ T\u00e9cnico (sele\u00e7\u00e3o de cargos)<\/strong><span class=\"ez-toc-section-end\"><\/span><\/h3>\n\n\n\n<figure class=\"wp-block-table\"><table class=\"has-fixed-layout\"><tbody><tr><td><strong>Cargo<\/strong><\/td><td><strong>Vagas<\/strong><\/td><td><strong>Carga Hor\u00e1ria<\/strong><\/td><td><strong>Sal\u00e1rio<\/strong><\/td><\/tr><tr><td>Agente Comunit\u00e1rio de Sa\u00fade (diversas UBS)<\/td><td>C.R.<\/td><td>40h<\/td><td>R$ 3.036,00<\/td><\/tr><tr><td>Agente de Combate \u00e0s Endemias<\/td><td>C.R.<\/td><td>40h<\/td><td>R$ 3.036,00<\/td><\/tr><tr><td>Assistente Administrativo<\/td><td>C.R.<\/td><td>40h<\/td><td>R$ 2.115,01<\/td><\/tr><tr><td>Fiscal<\/td><td>C.R.<\/td><td>40h<\/td><td>R$ 2.115,01<\/td><\/tr><tr><td>Guarda Municipal<\/td><td>C.R.<\/td><td>40h<\/td><td>R$ 2.546,09<\/td><\/tr><tr><td>T\u00e9cnico de Enfermagem<\/td><td>C.R.<\/td><td>40h<\/td><td>R$ 3.727,64<\/td><\/tr><tr><td>T\u00e9cnico de Enfermagem do Trabalho<\/td><td>C.R.<\/td><td>40h<\/td><td>R$ 3.727,64<\/td><\/tr><tr><td>T\u00e9cnico de Sa\u00fade Bucal<\/td><td>C.R.<\/td><td>40h<\/td><td>R$ 3.727,64<\/td><\/tr><tr><td>T\u00e9cnico em Biblioteconomia<\/td><td>C.R.<\/td><td>40h<\/td><td>R$ 2.660,81<\/td><\/tr><tr><td>T\u00e9cnico em Inform\u00e1tica<\/td><td>C.R.<\/td><td>40h<\/td><td>R$ 2.660,81<\/td><\/tr><tr><td>T\u00e9cnico em Nutri\u00e7\u00e3o<\/td><td>C.R.<\/td><td>40h<\/td><td>R$ 2.660,81<\/td><\/tr><tr><td>T\u00e9cnico em Seguran\u00e7a do Trabalho<\/td><td>C.R.<\/td><td>40h<\/td><td>R$ 2.660,81<\/td><\/tr><\/tbody><\/table><\/figure>\n\n\n\n<h2 class=\"wp-block-heading\" id=\"h-como-se-inscrever\"><span class=\"ez-toc-section\" id=\"Como_se_inscrever\"><\/span><strong>Como se inscrever?<\/strong><span class=\"ez-toc-section-end\"><\/span><\/h2>\n\n\n\n<p>As inscri\u00e7\u00f5es devem ser realizadas exclusivamente pelo site <strong>fundacaolasalle.org.br\/concursos<\/strong>, durante o per\u00edodo de <strong>09\/04\/2026 a 04\/05\/2026<\/strong> (at\u00e9 as 17h do \u00faltimo dia). O regime de trabalho \u00e9 estatut\u00e1rio.<\/p>\n\n\n\n<p>Candidatos doadores de sangue ou medula \u00f3ssea podem solicitar <strong>isen\u00e7\u00e3o da taxa de inscri\u00e7\u00e3o<\/strong>, mediante comprova\u00e7\u00e3o documental, no per\u00edodo de 09 a 13\/04\/2026. O candidato poder\u00e1 se inscrever em <strong>at\u00e9 dois cargos<\/strong>, desde que as provas sejam aplicadas em turnos distintos.<\/p>\n\n\n\n<h3 class=\"wp-block-heading\" id=\"h-valores-das-taxas-de-inscricao\"><span class=\"ez-toc-section\" id=\"Valores_das_taxas_de_inscricao\"><\/span><strong>Valores das taxas de inscri\u00e7\u00e3o<\/strong><span class=\"ez-toc-section-end\"><\/span><\/h3>\n\n\n\n<figure class=\"wp-block-table\"><table class=\"has-fixed-layout\"><tbody><tr><td><strong>N\u00edvel<\/strong><\/td><td><strong>Valor<\/strong><\/td><\/tr><tr><td>N\u00edvel Fundamental<\/td><td>R$ 79,00<\/td><\/tr><tr><td>N\u00edvel M\u00e9dio \/ T\u00e9cnico<\/td><td>R$ 100,00<\/td><\/tr><tr><td>N\u00edvel Superior<\/td><td>R$ 150,00<\/td><\/tr><\/tbody><\/table><\/figure>\n\n\n\n<h2 class=\"wp-block-heading\" id=\"h-como-vai-funcionar-o-concurso\"><span class=\"ez-toc-section\" id=\"Como_vai_funcionar_o_concurso\"><\/span><strong>Como vai funcionar o concurso?<\/strong><span class=\"ez-toc-section-end\"><\/span><\/h2>\n\n\n\n<p>As etapas variam conforme o cargo:<\/p>\n\n\n\n<figure class=\"wp-block-table\"><table class=\"has-fixed-layout\"><tbody><tr><td><strong>Grupo de Cargos<\/strong><\/td><td><strong>Etapas<\/strong><\/td><\/tr><tr><td>Todos os cargos<\/td><td>Prova Objetiva + Avalia\u00e7\u00e3o Psicol\u00f3gica<\/td><\/tr><tr><td>Sepultador e Operador de M\u00e1quinas<\/td><td>Prova Objetiva + Prova Pr\u00e1tica + Avalia\u00e7\u00e3o Psicol\u00f3gica<\/td><\/tr><tr><td>Fiscal, Analista Administrativo, Auditor Fiscal de Tributos e Preparador F\u00edsico<\/td><td>Prova Objetiva + Prova de T\u00edtulos + Avalia\u00e7\u00e3o Psicol\u00f3gica<\/td><\/tr><tr><td>Procurador Municipal<\/td><td>Prova Objetiva + Prova de T\u00edtulos + Prova Discursiva + Avalia\u00e7\u00e3o Psicol\u00f3gica<\/td><\/tr><tr><td>Guarda Municipal<\/td><td>Prova Objetiva + Prova de Aptid\u00e3o F\u00edsica + Investiga\u00e7\u00e3o Social + Curso de Capacita\u00e7\u00e3o + Avalia\u00e7\u00e3o Psicol\u00f3gica<\/td><\/tr><\/tbody><\/table><\/figure>\n\n\n\n<p>As provas ser\u00e3o aplicadas em cidades da <strong>regi\u00e3o metropolitana de Porto Alegre<\/strong>, conforme disponibilidade de locais.<\/p>\n\n\n\n<h3 class=\"wp-block-heading\" id=\"h-prova-objetiva\"><span class=\"ez-toc-section\" id=\"Prova_Objetiva\"><\/span><strong>Prova Objetiva<\/strong><span class=\"ez-toc-section-end\"><\/span><\/h3>\n\n\n\n<p>As provas ser\u00e3o aplicadas em cidades da <strong>regi\u00e3o metropolitana de Porto Alegre<\/strong>, conforme disponibilidade de locais. As quest\u00f5es s\u00e3o de m\u00faltipla escolha com 5 alternativas cada. A composi\u00e7\u00e3o para todos os cargos ser\u00e1:<\/p>\n\n\n\n<figure class=\"wp-block-table\"><table class=\"has-fixed-layout\"><tbody><tr><td><strong>Disciplinas&nbsp;<\/strong><\/td><td><strong>Car\u00e1ter&nbsp;<\/strong><\/td><td><strong>N\u00ba de Quest\u00f5es&nbsp;<\/strong><\/td><td><strong>Peso por Quest\u00e3o&nbsp;<\/strong><\/td><td><strong>Pontua\u00e7\u00e3o M\u00ednima&nbsp;<\/strong><\/td><td><strong>Pontua\u00e7\u00e3o M\u00e1xima&nbsp;<\/strong><\/td><\/tr><tr><td>Conhecimentos Espec\u00edficos&nbsp;<\/td><td rowspan=\"4\">Classificat\u00f3rio e Eliminat\u00f3rio&nbsp;&nbsp;&nbsp;&nbsp;<\/td><td>20&nbsp;<\/td><td>2,50 pontos&nbsp;<\/td><td>25,00 pontos&nbsp;<\/td><td>50,00 pontos&nbsp;<\/td><\/tr><tr><td>L\u00edngua Portuguesa&nbsp;<\/td><td>10<\/td><td>2,00 pontos&nbsp;<\/td><td>8,00 pontos&nbsp;<\/td><td>20,00 pontos&nbsp;<\/td><\/tr><tr><td>Legisla\u00e7\u00e3o&nbsp;<\/td><td>10<\/td><td>2,00 pontos&nbsp;<\/td><td>8,00 pontos&nbsp;<\/td><td>20,00 pontos&nbsp;<\/td><\/tr><tr><td>Racioc\u00ednio L\u00f3gico&nbsp;<\/td><td>10<\/td><td>1,00 pontos&nbsp;<\/td><td>4,00 pontos&nbsp;<\/td><td>10,00 pontos&nbsp;<\/td><\/tr><tr><td>Total&nbsp;<\/td><td><\/td><td>50&nbsp;<\/td><td colspan=\"2\"><\/td><td>100 pontos&nbsp;<\/td><\/tr><\/tbody><\/table><\/figure>\n\n\n\n<p>Os candidatos ter\u00e3o o <strong>tempo m\u00e1ximo de 03 (tr\u00eas) horas e 30 minutos<\/strong> para realizar as Provas e preencher a grade de resposta.&nbsp;<\/p>\n\n\n\n<h2 class=\"wp-block-heading\" id=\"h-concurso-esteio-cronograma\"><span class=\"ez-toc-section\" id=\"Concurso_Esteio_Cronograma\"><\/span><strong>Concurso Esteio:<\/strong> <strong>Cronograma<\/strong><span class=\"ez-toc-section-end\"><\/span><\/h2>\n\n\n\n<figure class=\"wp-block-table\"><table class=\"has-fixed-layout\"><tbody><tr><td><strong>Evento<\/strong><\/td><td><strong>Data<\/strong><\/td><\/tr><tr><td>Publica\u00e7\u00e3o do edital<\/td><td>09\/04\/2026<\/td><\/tr><tr><td>Per\u00edodo de inscri\u00e7\u00f5es<\/td><td>09\/04 a 04\/05\/2026<\/td><\/tr><tr><td>Per\u00edodo para isen\u00e7\u00e3o da taxa<\/td><td>09 a 13\/04\/2026<\/td><\/tr><tr><td>\u00daltimo dia para pagamento da taxa<\/td><td>05\/05\/2026<\/td><\/tr><tr><td>Resultado homologado das inscri\u00e7\u00f5es<\/td><td>29\/05\/2026<\/td><\/tr><tr><td><strong>Prov\u00e1vel realiza\u00e7\u00e3o das Provas Objetivas<\/strong><\/td><td><strong>14\/06\/2026<\/strong><\/td><\/tr><tr><td>Publica\u00e7\u00e3o dos gabaritos preliminares<\/td><td>15\/06\/2026<\/td><\/tr><tr><td>Resultado oficial das Provas Objetivas<\/td><td>10\/07\/2026<\/td><\/tr><tr><td>Provas Pr\u00e1ticas (Sepultador e Operador de M\u00e1quinas)<\/td><td>25\/07\/2026<\/td><\/tr><tr><td>Prova Discursiva (Procurador Municipal)<\/td><td>26\/07\/2026<\/td><\/tr><tr><td>Provas de Aptid\u00e3o F\u00edsica (Guarda Municipal)<\/td><td>15 e\/ou 16\/08\/2026<\/td><\/tr><tr><td>Notas homologadas das Provas de T\u00edtulos<\/td><td>22\/09\/2026<\/td><\/tr><tr><td><strong>Homologa\u00e7\u00e3o Final do Concurso<\/strong><\/td><td><strong>23\/09\/2026<\/strong><\/td><\/tr><\/tbody><\/table><\/figure>\n\n\n\n<p>O prazo de validade do concurso ser\u00e1 definido conforme a legisla\u00e7\u00e3o municipal vigente.<\/p>\n\n\n\n<h2 class=\"wp-block-heading\" id=\"h-para-saber-mais-confira-o-edital\"><span class=\"ez-toc-section\" id=\"Para_saber_mais_confira_o_edital\"><\/span><strong>Para saber mais, confira o edital!<\/strong><span class=\"ez-toc-section-end\"><\/span><\/h2>\n\n\n\n<div data-wp-interactive=\"core\/file\" class=\"wp-block-file\"><object data-wp-bind--hidden=\"!state.hasPdfPreview\" hidden class=\"wp-block-file__embed\" data=\"https:\/\/www.grupomedcof.com.br\/blog\/wp-content\/uploads\/2026\/04\/ed_abert_esteio0226.pdf\" type=\"application\/pdf\" style=\"width:100%;height:600px\" aria-label=\"Incorporado de edital esteio.\"><\/object><a id=\"wp-block-file--media-8a43c76e-825e-4237-8c7c-b1c642cc87ea\" href=\"https:\/\/www.grupomedcof.com.br\/blog\/wp-content\/uploads\/2026\/04\/ed_abert_esteio0226.pdf\">edital esteio<\/a><a href=\"https:\/\/www.grupomedcof.com.br\/blog\/wp-content\/uploads\/2026\/04\/ed_abert_esteio0226.pdf\" class=\"wp-block-file__button wp-element-button\" download aria-describedby=\"wp-block-file--media-8a43c76e-825e-4237-8c7c-b1c642cc87ea\">Baixar<\/a><\/div>\n\n\n\n<h2 class=\"wp-block-heading\" id=\"h-conquiste-sua-aprovacao-com-a-medcof\"><span class=\"ez-toc-section\" id=\"Conquiste_sua_aprovacao_com_a_MedCof\"><\/span><strong>Conquiste sua aprova\u00e7\u00e3o com a MedCof!<\/strong><span class=\"ez-toc-section-end\"><\/span><\/h2>\n\n\n\n<p>Se voc\u00ea quer ir al\u00e9m da prepara\u00e7\u00e3o tradicional, os preparat\u00f3rios da&nbsp;<a href=\"https:\/\/www.grupomedcof.com.br\/home\/\"><strong>MedCof<\/strong><\/a>&nbsp;s\u00e3o desenvolvidos especificamente para quem busca aprova\u00e7\u00e3o em concursos m\u00e9dicos como o de&nbsp;<strong>Esteio<\/strong>.<\/p>\n\n\n\n<p>A metodologia combina:<\/p>\n\n\n\n<ul class=\"wp-block-list\">\n<li><strong>Banco inteligente de quest\u00f5es<\/strong><\/li>\n\n\n\n<li><strong>An\u00e1lise de desempenho com uso de dados<\/strong><\/li>\n\n\n\n<li><strong>Estudo direcionado por incid\u00eancia de temas<\/strong><\/li>\n\n\n\n<li><strong>Treinamento focado no perfil da banca<\/strong><\/li>\n<\/ul>\n\n\n\n<p>Isso permite que voc\u00ea estude com estrat\u00e9gia, priorizando o que realmente aumenta suas chances de aprova\u00e7\u00e3o \u2014 e n\u00e3o apenas acumulando conte\u00fado. Para entender melhor,&nbsp;<a href=\"http:\/\/grupomedcof.com.br\/home\/?page=sobre-nos\">conhe\u00e7a a MedCof<\/a>.<\/p>\n\n\n\n<figure class=\"wp-block-embed is-type-wp-embed is-provider-blog-de-medcof-conte-dos-editais-revalida-e-mais wp-block-embed-blog-de-medcof-conte-dos-editais-revalida-e-mais\"><div class=\"wp-block-embed__wrapper\">\n<blockquote class=\"wp-embedded-content\" data-secret=\"E5scDOrWxe\"><a href=\"https:\/\/www.grupomedcof.com.br\/blog\/calendario-de-concursos-publicos-2026\/\">Calend\u00e1rio de Concursos P\u00fablicos 2026<\/a><\/blockquote><iframe loading=\"lazy\" class=\"wp-embedded-content\" sandbox=\"allow-scripts\" security=\"restricted\" style=\"position: absolute; visibility: hidden;\" title=\"&#8220;Calend\u00e1rio de Concursos P\u00fablicos 2026&#8221; &#8212; Blog de Medcof: conte\u00fados, editais, revalida e mais!\" src=\"https:\/\/www.grupomedcof.com.br\/blog\/calendario-de-concursos-publicos-2026\/embed\/#?secret=IyagsNfHpW#?secret=E5scDOrWxe\" data-secret=\"E5scDOrWxe\" width=\"600\" height=\"338\" frameborder=\"0\" marginwidth=\"0\" marginheight=\"0\" scrolling=\"no\"><\/iframe>\n<\/div><\/figure>\n","protected":false},"excerpt":{"rendered":"<p>A Prefeitura Municipal de Esteio, no Rio Grande do Sul, publicou o Edital de Abertura n\u00ba 02\/2026 de Concurso P\u00fablico para forma\u00e7\u00e3o de Cadastro de Reserva no quadro de pessoal do munic\u00edpio. S\u00e3o oferecidas vagas em mais de 50 cargos diferentes, com sal\u00e1rios que chegam a R$ 6.564,20 para o cargo de M\u00e9dico Comunit\u00e1rio PSF.<\/p>\n","protected":false},"author":41,"featured_media":43640,"comment_status":"closed","ping_status":"closed","sticky":false,"template":"","format":"standard","meta":{"footnotes":""},"categories":[55,31,213,2023,240,173],"tags":[],"ppma_author":[3629],"class_list":{"0":"post-43639","1":"post","2":"type-post","3":"status-publish","4":"format-standard","5":"has-post-thumbnail","7":"category-carreira-medica","8":"category-cirurgia-toracica","9":"category-concurso-publico","10":"category-editais","11":"category-noticias","12":"category-novidades"},"yoast_head":"<!-- This site is optimized with the Yoast SEO Premium plugin v24.3 (Yoast SEO v27.4) - https:\/\/yoast.com\/product\/yoast-seo-premium-wordpress\/ -->\n<title>Concurso Esteio: vagas com sal\u00e1rios de at\u00e9 R$ 11.248,03 - Blog de Medcof: conte\u00fados, editais, revalida e mais!<\/title>\n<meta name=\"description\" content=\"Concurso Esteio\/RS: mais de 50 cargos do n\u00edvel fundamental ao superior, sal\u00e1rios at\u00e9 R$ 11.248. Inscri\u00e7\u00f5es at\u00e9 4\/05 pela Funda\u00e7\u00e3o La Salle.\" \/>\n<meta name=\"robots\" content=\"index, follow, max-snippet:-1, max-image-preview:large, max-video-preview:-1\" \/>\n<link rel=\"canonical\" href=\"https:\/\/www.grupomedcof.com.br\/blog\/concurso-esteio\/\" \/>\n<meta property=\"og:locale\" content=\"pt_BR\" \/>\n<meta property=\"og:type\" content=\"article\" \/>\n<meta property=\"og:title\" content=\"Concurso Esteio: vagas com sal\u00e1rios de at\u00e9 R$ 11.248,03\" \/>\n<meta property=\"og:description\" content=\"Concurso Esteio\/RS: mais de 50 cargos do n\u00edvel fundamental ao superior, sal\u00e1rios at\u00e9 R$ 11.248. Inscri\u00e7\u00f5es at\u00e9 4\/05 pela Funda\u00e7\u00e3o La Salle.\" \/>\n<meta property=\"og:url\" content=\"https:\/\/www.grupomedcof.com.br\/blog\/concurso-esteio\/\" \/>\n<meta property=\"og:site_name\" content=\"Blog de Medcof: conte\u00fados, editais, revalida e mais!\" \/>\n<meta property=\"article:publisher\" content=\"https:\/\/www.facebook.com\/MedCofQbank\/\" \/>\n<meta property=\"article:published_time\" content=\"2026-04-27T18:32:43+00:00\" \/>\n<meta property=\"article:modified_time\" content=\"2026-04-27T18:39:32+00:00\" \/>\n<meta property=\"og:image\" content=\"https:\/\/www.grupomedcof.com.br\/blog\/wp-content\/uploads\/2026\/04\/Modelo-instituicoes-30.jpg\" \/>\n\t<meta property=\"og:image:width\" content=\"1920\" \/>\n\t<meta property=\"og:image:height\" content=\"1080\" \/>\n\t<meta property=\"og:image:type\" content=\"image\/jpeg\" \/>\n<meta name=\"author\" content=\"Nana N\u00f3brega\" \/>\n<meta name=\"twitter:card\" content=\"summary_large_image\" \/>\n<meta name=\"twitter:label1\" content=\"Escrito por\" \/>\n\t<meta name=\"twitter:data1\" content=\"Nana N\u00f3brega\" \/>\n\t<meta name=\"twitter:label2\" content=\"Est. tempo de leitura\" \/>\n\t<meta name=\"twitter:data2\" content=\"6 minutos\" \/>\n<script type=\"application\/ld+json\" class=\"yoast-schema-graph\">{\"@context\":\"https:\\\/\\\/schema.org\",\"@graph\":[{\"@type\":\"Article\",\"@id\":\"https:\\\/\\\/www.grupomedcof.com.br\\\/blog\\\/concurso-esteio\\\/#article\",\"isPartOf\":{\"@id\":\"https:\\\/\\\/www.grupomedcof.com.br\\\/blog\\\/concurso-esteio\\\/\"},\"author\":{\"name\":\"Nana N\u00f3brega\",\"@id\":\"https:\\\/\\\/www.grupomedcof.com.br\\\/blog\\\/#\\\/schema\\\/person\\\/9fb2c4e0c5987a2a74b0cd7bfe7d5413\"},\"headline\":\"Concurso Esteio: vagas com sal\u00e1rios de at\u00e9 R$ 11.248,03\",\"datePublished\":\"2026-04-27T18:32:43+00:00\",\"dateModified\":\"2026-04-27T18:39:32+00:00\",\"mainEntityOfPage\":{\"@id\":\"https:\\\/\\\/www.grupomedcof.com.br\\\/blog\\\/concurso-esteio\\\/\"},\"wordCount\":1072,\"publisher\":{\"@id\":\"https:\\\/\\\/www.grupomedcof.com.br\\\/blog\\\/#organization\"},\"image\":{\"@id\":\"https:\\\/\\\/www.grupomedcof.com.br\\\/blog\\\/concurso-esteio\\\/#primaryimage\"},\"thumbnailUrl\":\"https:\\\/\\\/www.grupomedcof.com.br\\\/blog\\\/wp-content\\\/uploads\\\/2026\\\/04\\\/Modelo-instituicoes-30.jpg\",\"articleSection\":[\"Carreira M\u00e9dica\",\"Cirurgia Tor\u00e1cica\",\"Concurso P\u00fablico\",\"Editais\",\"Not\u00edcias\",\"Novidades\"],\"inLanguage\":\"pt-BR\"},{\"@type\":\"WebPage\",\"@id\":\"https:\\\/\\\/www.grupomedcof.com.br\\\/blog\\\/concurso-esteio\\\/\",\"url\":\"https:\\\/\\\/www.grupomedcof.com.br\\\/blog\\\/concurso-esteio\\\/\",\"name\":\"Concurso Esteio: vagas com sal\u00e1rios de at\u00e9 R$ 11.248,03 - Blog de Medcof: conte\u00fados, editais, revalida e mais!\",\"isPartOf\":{\"@id\":\"https:\\\/\\\/www.grupomedcof.com.br\\\/blog\\\/#website\"},\"primaryImageOfPage\":{\"@id\":\"https:\\\/\\\/www.grupomedcof.com.br\\\/blog\\\/concurso-esteio\\\/#primaryimage\"},\"image\":{\"@id\":\"https:\\\/\\\/www.grupomedcof.com.br\\\/blog\\\/concurso-esteio\\\/#primaryimage\"},\"thumbnailUrl\":\"https:\\\/\\\/www.grupomedcof.com.br\\\/blog\\\/wp-content\\\/uploads\\\/2026\\\/04\\\/Modelo-instituicoes-30.jpg\",\"datePublished\":\"2026-04-27T18:32:43+00:00\",\"dateModified\":\"2026-04-27T18:39:32+00:00\",\"description\":\"Concurso Esteio\\\/RS: mais de 50 cargos do n\u00edvel fundamental ao superior, sal\u00e1rios at\u00e9 R$ 11.248. Inscri\u00e7\u00f5es at\u00e9 4\\\/05 pela Funda\u00e7\u00e3o La Salle.\",\"breadcrumb\":{\"@id\":\"https:\\\/\\\/www.grupomedcof.com.br\\\/blog\\\/concurso-esteio\\\/#breadcrumb\"},\"inLanguage\":\"pt-BR\",\"potentialAction\":[{\"@type\":\"ReadAction\",\"target\":[\"https:\\\/\\\/www.grupomedcof.com.br\\\/blog\\\/concurso-esteio\\\/\"]}]},{\"@type\":\"ImageObject\",\"inLanguage\":\"pt-BR\",\"@id\":\"https:\\\/\\\/www.grupomedcof.com.br\\\/blog\\\/concurso-esteio\\\/#primaryimage\",\"url\":\"https:\\\/\\\/www.grupomedcof.com.br\\\/blog\\\/wp-content\\\/uploads\\\/2026\\\/04\\\/Modelo-instituicoes-30.jpg\",\"contentUrl\":\"https:\\\/\\\/www.grupomedcof.com.br\\\/blog\\\/wp-content\\\/uploads\\\/2026\\\/04\\\/Modelo-instituicoes-30.jpg\",\"width\":1920,\"height\":1080,\"caption\":\"Concurso Esteio\"},{\"@type\":\"BreadcrumbList\",\"@id\":\"https:\\\/\\\/www.grupomedcof.com.br\\\/blog\\\/concurso-esteio\\\/#breadcrumb\",\"itemListElement\":[{\"@type\":\"ListItem\",\"position\":1,\"name\":\"In\u00edcio\",\"item\":\"https:\\\/\\\/www.grupomedcof.com.br\\\/blog\\\/\"},{\"@type\":\"ListItem\",\"position\":2,\"name\":\"Concurso Esteio: vagas com sal\u00e1rios de at\u00e9 R$ 11.248,03\"}]},{\"@type\":\"WebSite\",\"@id\":\"https:\\\/\\\/www.grupomedcof.com.br\\\/blog\\\/#website\",\"url\":\"https:\\\/\\\/www.grupomedcof.com.br\\\/blog\\\/\",\"name\":\"Blog de Medcof: conte\u00fados, editais, revalida e mais!\",\"description\":\"Acesso o blog de MedCof! Seu portal de conte\u00fados sobre resid\u00eancia m\u00e9dica, an\u00e1lise e editais e muito mais. Clique e confira!\",\"publisher\":{\"@id\":\"https:\\\/\\\/www.grupomedcof.com.br\\\/blog\\\/#organization\"},\"alternateName\":\"Blog de Medcof: conte\u00fados, editais, revalida e mais!\",\"potentialAction\":[{\"@type\":\"SearchAction\",\"target\":{\"@type\":\"EntryPoint\",\"urlTemplate\":\"https:\\\/\\\/www.grupomedcof.com.br\\\/blog\\\/?s={search_term_string}\"},\"query-input\":{\"@type\":\"PropertyValueSpecification\",\"valueRequired\":true,\"valueName\":\"search_term_string\"}}],\"inLanguage\":\"pt-BR\"},{\"@type\":\"Organization\",\"@id\":\"https:\\\/\\\/www.grupomedcof.com.br\\\/blog\\\/#organization\",\"name\":\"Grupo MedCof\",\"url\":\"https:\\\/\\\/www.grupomedcof.com.br\\\/blog\\\/\",\"logo\":{\"@type\":\"ImageObject\",\"inLanguage\":\"pt-BR\",\"@id\":\"https:\\\/\\\/www.grupomedcof.com.br\\\/blog\\\/#\\\/schema\\\/logo\\\/image\\\/\",\"url\":\"https:\\\/\\\/www.grupomedcof.com.br\\\/blog\\\/wp-content\\\/uploads\\\/2022\\\/01\\\/logo-medcof.png\",\"contentUrl\":\"https:\\\/\\\/www.grupomedcof.com.br\\\/blog\\\/wp-content\\\/uploads\\\/2022\\\/01\\\/logo-medcof.png\",\"width\":768,\"height\":269,\"caption\":\"Grupo MedCof\"},\"image\":{\"@id\":\"https:\\\/\\\/www.grupomedcof.com.br\\\/blog\\\/#\\\/schema\\\/logo\\\/image\\\/\"},\"sameAs\":[\"https:\\\/\\\/www.facebook.com\\\/MedCofQbank\\\/\",\"https:\\\/\\\/www.instagram.com\\\/grupomedcof\\\/\",\"https:\\\/\\\/br.linkedin.com\\\/company\\\/medcof\",\"https:\\\/\\\/www.youtube.com\\\/channel\\\/UCdHMuOHKICxcHwecxN8P-AA\"]},{\"@type\":\"Person\",\"@id\":\"https:\\\/\\\/www.grupomedcof.com.br\\\/blog\\\/#\\\/schema\\\/person\\\/9fb2c4e0c5987a2a74b0cd7bfe7d5413\",\"name\":\"Nana N\u00f3brega\",\"pronouns\":\"ele\\\/ela\",\"image\":{\"@type\":\"ImageObject\",\"inLanguage\":\"pt-BR\",\"@id\":\"https:\\\/\\\/www.grupomedcof.com.br\\\/blog\\\/wp-content\\\/uploads\\\/2026\\\/03\\\/cropped-cropped-WhatsApp-Image-2026-03-19-at-09.30.33.jpega4f3600081af811f8cb877d267a26dad\",\"url\":\"https:\\\/\\\/www.grupomedcof.com.br\\\/blog\\\/wp-content\\\/uploads\\\/2026\\\/03\\\/cropped-cropped-WhatsApp-Image-2026-03-19-at-09.30.33.jpeg\",\"contentUrl\":\"https:\\\/\\\/www.grupomedcof.com.br\\\/blog\\\/wp-content\\\/uploads\\\/2026\\\/03\\\/cropped-cropped-WhatsApp-Image-2026-03-19-at-09.30.33.jpeg\",\"caption\":\"Nana N\u00f3brega\"},\"description\":\"Jornalista e linguista. Especialista em acessibilidade para pessoas cegas e com baixa vis\u00e3o.\",\"jobTitle\":\"jornalista\",\"url\":\"https:\\\/\\\/www.grupomedcof.com.br\\\/blog\\\/author\\\/nana\\\/\"}]}<\/script>\n<!-- \/ Yoast SEO Premium plugin. -->","yoast_head_json":{"title":"Concurso Esteio: vagas com sal\u00e1rios de at\u00e9 R$ 11.248,03 - Blog de Medcof: conte\u00fados, editais, revalida e mais!","description":"Concurso Esteio\/RS: mais de 50 cargos do n\u00edvel fundamental ao superior, sal\u00e1rios at\u00e9 R$ 11.248. Inscri\u00e7\u00f5es at\u00e9 4\/05 pela Funda\u00e7\u00e3o La Salle.","robots":{"index":"index","follow":"follow","max-snippet":"max-snippet:-1","max-image-preview":"max-image-preview:large","max-video-preview":"max-video-preview:-1"},"canonical":"https:\/\/www.grupomedcof.com.br\/blog\/concurso-esteio\/","og_locale":"pt_BR","og_type":"article","og_title":"Concurso Esteio: vagas com sal\u00e1rios de at\u00e9 R$ 11.248,03","og_description":"Concurso Esteio\/RS: mais de 50 cargos do n\u00edvel fundamental ao superior, sal\u00e1rios at\u00e9 R$ 11.248. Inscri\u00e7\u00f5es at\u00e9 4\/05 pela Funda\u00e7\u00e3o La Salle.","og_url":"https:\/\/www.grupomedcof.com.br\/blog\/concurso-esteio\/","og_site_name":"Blog de Medcof: conte\u00fados, editais, revalida e mais!","article_publisher":"https:\/\/www.facebook.com\/MedCofQbank\/","article_published_time":"2026-04-27T18:32:43+00:00","article_modified_time":"2026-04-27T18:39:32+00:00","og_image":[{"width":1920,"height":1080,"url":"https:\/\/www.grupomedcof.com.br\/blog\/wp-content\/uploads\/2026\/04\/Modelo-instituicoes-30.jpg","type":"image\/jpeg"}],"author":"Nana N\u00f3brega","twitter_card":"summary_large_image","twitter_misc":{"Escrito por":"Nana N\u00f3brega","Est. tempo de leitura":"6 minutos"},"schema":{"@context":"https:\/\/schema.org","@graph":[{"@type":"Article","@id":"https:\/\/www.grupomedcof.com.br\/blog\/concurso-esteio\/#article","isPartOf":{"@id":"https:\/\/www.grupomedcof.com.br\/blog\/concurso-esteio\/"},"author":{"name":"Nana N\u00f3brega","@id":"https:\/\/www.grupomedcof.com.br\/blog\/#\/schema\/person\/9fb2c4e0c5987a2a74b0cd7bfe7d5413"},"headline":"Concurso Esteio: vagas com sal\u00e1rios de at\u00e9 R$ 11.248,03","datePublished":"2026-04-27T18:32:43+00:00","dateModified":"2026-04-27T18:39:32+00:00","mainEntityOfPage":{"@id":"https:\/\/www.grupomedcof.com.br\/blog\/concurso-esteio\/"},"wordCount":1072,"publisher":{"@id":"https:\/\/www.grupomedcof.com.br\/blog\/#organization"},"image":{"@id":"https:\/\/www.grupomedcof.com.br\/blog\/concurso-esteio\/#primaryimage"},"thumbnailUrl":"https:\/\/www.grupomedcof.com.br\/blog\/wp-content\/uploads\/2026\/04\/Modelo-instituicoes-30.jpg","articleSection":["Carreira M\u00e9dica","Cirurgia Tor\u00e1cica","Concurso P\u00fablico","Editais","Not\u00edcias","Novidades"],"inLanguage":"pt-BR"},{"@type":"WebPage","@id":"https:\/\/www.grupomedcof.com.br\/blog\/concurso-esteio\/","url":"https:\/\/www.grupomedcof.com.br\/blog\/concurso-esteio\/","name":"Concurso Esteio: vagas com sal\u00e1rios de at\u00e9 R$ 11.248,03 - Blog de Medcof: conte\u00fados, editais, revalida e mais!","isPartOf":{"@id":"https:\/\/www.grupomedcof.com.br\/blog\/#website"},"primaryImageOfPage":{"@id":"https:\/\/www.grupomedcof.com.br\/blog\/concurso-esteio\/#primaryimage"},"image":{"@id":"https:\/\/www.grupomedcof.com.br\/blog\/concurso-esteio\/#primaryimage"},"thumbnailUrl":"https:\/\/www.grupomedcof.com.br\/blog\/wp-content\/uploads\/2026\/04\/Modelo-instituicoes-30.jpg","datePublished":"2026-04-27T18:32:43+00:00","dateModified":"2026-04-27T18:39:32+00:00","description":"Concurso Esteio\/RS: mais de 50 cargos do n\u00edvel fundamental ao superior, sal\u00e1rios at\u00e9 R$ 11.248. Inscri\u00e7\u00f5es at\u00e9 4\/05 pela Funda\u00e7\u00e3o La Salle.","breadcrumb":{"@id":"https:\/\/www.grupomedcof.com.br\/blog\/concurso-esteio\/#breadcrumb"},"inLanguage":"pt-BR","potentialAction":[{"@type":"ReadAction","target":["https:\/\/www.grupomedcof.com.br\/blog\/concurso-esteio\/"]}]},{"@type":"ImageObject","inLanguage":"pt-BR","@id":"https:\/\/www.grupomedcof.com.br\/blog\/concurso-esteio\/#primaryimage","url":"https:\/\/www.grupomedcof.com.br\/blog\/wp-content\/uploads\/2026\/04\/Modelo-instituicoes-30.jpg","contentUrl":"https:\/\/www.grupomedcof.com.br\/blog\/wp-content\/uploads\/2026\/04\/Modelo-instituicoes-30.jpg","width":1920,"height":1080,"caption":"Concurso Esteio"},{"@type":"BreadcrumbList","@id":"https:\/\/www.grupomedcof.com.br\/blog\/concurso-esteio\/#breadcrumb","itemListElement":[{"@type":"ListItem","position":1,"name":"In\u00edcio","item":"https:\/\/www.grupomedcof.com.br\/blog\/"},{"@type":"ListItem","position":2,"name":"Concurso Esteio: vagas com sal\u00e1rios de at\u00e9 R$ 11.248,03"}]},{"@type":"WebSite","@id":"https:\/\/www.grupomedcof.com.br\/blog\/#website","url":"https:\/\/www.grupomedcof.com.br\/blog\/","name":"Blog de Medcof: conte\u00fados, editais, revalida e mais!","description":"Acesso o blog de MedCof! Seu portal de conte\u00fados sobre resid\u00eancia m\u00e9dica, an\u00e1lise e editais e muito mais. Clique e confira!","publisher":{"@id":"https:\/\/www.grupomedcof.com.br\/blog\/#organization"},"alternateName":"Blog de Medcof: conte\u00fados, editais, revalida e mais!","potentialAction":[{"@type":"SearchAction","target":{"@type":"EntryPoint","urlTemplate":"https:\/\/www.grupomedcof.com.br\/blog\/?s={search_term_string}"},"query-input":{"@type":"PropertyValueSpecification","valueRequired":true,"valueName":"search_term_string"}}],"inLanguage":"pt-BR"},{"@type":"Organization","@id":"https:\/\/www.grupomedcof.com.br\/blog\/#organization","name":"Grupo MedCof","url":"https:\/\/www.grupomedcof.com.br\/blog\/","logo":{"@type":"ImageObject","inLanguage":"pt-BR","@id":"https:\/\/www.grupomedcof.com.br\/blog\/#\/schema\/logo\/image\/","url":"https:\/\/www.grupomedcof.com.br\/blog\/wp-content\/uploads\/2022\/01\/logo-medcof.png","contentUrl":"https:\/\/www.grupomedcof.com.br\/blog\/wp-content\/uploads\/2022\/01\/logo-medcof.png","width":768,"height":269,"caption":"Grupo MedCof"},"image":{"@id":"https:\/\/www.grupomedcof.com.br\/blog\/#\/schema\/logo\/image\/"},"sameAs":["https:\/\/www.facebook.com\/MedCofQbank\/","https:\/\/www.instagram.com\/grupomedcof\/","https:\/\/br.linkedin.com\/company\/medcof","https:\/\/www.youtube.com\/channel\/UCdHMuOHKICxcHwecxN8P-AA"]},{"@type":"Person","@id":"https:\/\/www.grupomedcof.com.br\/blog\/#\/schema\/person\/9fb2c4e0c5987a2a74b0cd7bfe7d5413","name":"Nana N\u00f3brega","pronouns":"ele\/ela","image":{"@type":"ImageObject","inLanguage":"pt-BR","@id":"https:\/\/www.grupomedcof.com.br\/blog\/wp-content\/uploads\/2026\/03\/cropped-cropped-WhatsApp-Image-2026-03-19-at-09.30.33.jpega4f3600081af811f8cb877d267a26dad","url":"https:\/\/www.grupomedcof.com.br\/blog\/wp-content\/uploads\/2026\/03\/cropped-cropped-WhatsApp-Image-2026-03-19-at-09.30.33.jpeg","contentUrl":"https:\/\/www.grupomedcof.com.br\/blog\/wp-content\/uploads\/2026\/03\/cropped-cropped-WhatsApp-Image-2026-03-19-at-09.30.33.jpeg","caption":"Nana N\u00f3brega"},"description":"Jornalista e linguista. Especialista em acessibilidade para pessoas cegas e com baixa vis\u00e3o.","jobTitle":"jornalista","url":"https:\/\/www.grupomedcof.com.br\/blog\/author\/nana\/"}]}},"authors":[{"term_id":3629,"user_id":41,"is_guest":0,"slug":"nana","display_name":"Nana N\u00f3brega","avatar_url":{"url":"https:\/\/www.grupomedcof.com.br\/blog\/wp-content\/uploads\/2026\/03\/cropped-cropped-WhatsApp-Image-2026-03-19-at-09.30.33.jpeg","url2x":"https:\/\/www.grupomedcof.com.br\/blog\/wp-content\/uploads\/2026\/03\/cropped-cropped-WhatsApp-Image-2026-03-19-at-09.30.33.jpeg"},"0":null,"1":"","2":"","3":"","4":"","5":"","6":"","7":"","8":""}],"_links":{"self":[{"href":"https:\/\/www.grupomedcof.com.br\/blog\/wp-json\/wp\/v2\/posts\/43639","targetHints":{"allow":["GET"]}}],"collection":[{"href":"https:\/\/www.grupomedcof.com.br\/blog\/wp-json\/wp\/v2\/posts"}],"about":[{"href":"https:\/\/www.grupomedcof.com.br\/blog\/wp-json\/wp\/v2\/types\/post"}],"author":[{"embeddable":true,"href":"https:\/\/www.grupomedcof.com.br\/blog\/wp-json\/wp\/v2\/users\/41"}],"replies":[{"embeddable":true,"href":"https:\/\/www.grupomedcof.com.br\/blog\/wp-json\/wp\/v2\/comments?post=43639"}],"version-history":[{"count":3,"href":"https:\/\/www.grupomedcof.com.br\/blog\/wp-json\/wp\/v2\/posts\/43639\/revisions"}],"predecessor-version":[{"id":43650,"href":"https:\/\/www.grupomedcof.com.br\/blog\/wp-json\/wp\/v2\/posts\/43639\/revisions\/43650"}],"wp:featuredmedia":[{"embeddable":true,"href":"https:\/\/www.grupomedcof.com.br\/blog\/wp-json\/wp\/v2\/media\/43640"}],"wp:attachment":[{"href":"https:\/\/www.grupomedcof.com.br\/blog\/wp-json\/wp\/v2\/media?parent=43639"}],"wp:term":[{"taxonomy":"category","embeddable":true,"href":"https:\/\/www.grupomedcof.com.br\/blog\/wp-json\/wp\/v2\/categories?post=43639"},{"taxonomy":"post_tag","embeddable":true,"href":"https:\/\/www.grupomedcof.com.br\/blog\/wp-json\/wp\/v2\/tags?post=43639"},{"taxonomy":"author","embeddable":true,"href":"https:\/\/www.grupomedcof.com.br\/blog\/wp-json\/wp\/v2\/ppma_author?post=43639"}],"curies":[{"name":"wp","href":"https:\/\/api.w.org\/{rel}","templated":true}]}}