{"id":43694,"date":"2026-04-28T18:08:53","date_gmt":"2026-04-28T21:08:53","guid":{"rendered":"https:\/\/www.grupomedcof.com.br\/blog\/?p=43694"},"modified":"2026-04-28T18:09:06","modified_gmt":"2026-04-28T21:09:06","slug":"concurso-promissao","status":"publish","type":"post","link":"https:\/\/www.grupomedcof.com.br\/blog\/concurso-promissao\/","title":{"rendered":"Concurso Promiss\u00e3o: 186 vagas com sal\u00e1rios de at\u00e9 R$ 25 mil"},"content":{"rendered":"<div id=\"ez-toc-container\" class=\"ez-toc-v2_0_74 counter-hierarchy ez-toc-counter ez-toc-transparent ez-toc-container-direction\">\n<div class=\"ez-toc-title-container\">\n<p class=\"ez-toc-title\" style=\"cursor:inherit\">Sum\u00e1rio<\/p>\n<span class=\"ez-toc-title-toggle\"><a href=\"#\" class=\"ez-toc-pull-right ez-toc-btn ez-toc-btn-xs ez-toc-btn-default ez-toc-toggle\" aria-label=\"Alternar tabela de conte\u00fado\"><span class=\"ez-toc-js-icon-con\"><span class=\"\"><span class=\"eztoc-hide\" style=\"display:none;\">Toggle<\/span><span class=\"ez-toc-icon-toggle-span\"><svg style=\"fill: #999;color:#999\" xmlns=\"http:\/\/www.w3.org\/2000\/svg\" class=\"list-377408\" width=\"20px\" height=\"20px\" viewBox=\"0 0 24 24\" fill=\"none\"><path d=\"M6 6H4v2h2V6zm14 0H8v2h12V6zM4 11h2v2H4v-2zm16 0H8v2h12v-2zM4 16h2v2H4v-2zm16 0H8v2h12v-2z\" fill=\"currentColor\"><\/path><\/svg><svg style=\"fill: #999;color:#999\" class=\"arrow-unsorted-368013\" xmlns=\"http:\/\/www.w3.org\/2000\/svg\" width=\"10px\" height=\"10px\" viewBox=\"0 0 24 24\" version=\"1.2\" baseProfile=\"tiny\"><path d=\"M18.2 9.3l-6.2-6.3-6.2 6.3c-.2.2-.3.4-.3.7s.1.5.3.7c.2.2.4.3.7.3h11c.3 0 .5-.1.7-.3.2-.2.3-.5.3-.7s-.1-.5-.3-.7zM5.8 14.7l6.2 6.3 6.2-6.3c.2-.2.3-.5.3-.7s-.1-.5-.3-.7c-.2-.2-.4-.3-.7-.3h-11c-.3 0-.5.1-.7.3-.2.2-.3.5-.3.7s.1.5.3.7z\"\/><\/svg><\/span><\/span><\/span><\/a><\/span><\/div>\n<nav><ul class='ez-toc-list ez-toc-list-level-1 ' ><li class='ez-toc-page-1 ez-toc-heading-level-2'><a class=\"ez-toc-link ez-toc-heading-1\" href=\"https:\/\/www.grupomedcof.com.br\/blog\/concurso-promissao\/#Quais_sao_as_vagas_disponiveis_no_concurso_de_Promissao\" >Quais s\u00e3o as vagas dispon\u00edveis no concurso de Promiss\u00e3o?<\/a><ul class='ez-toc-list-level-3' ><li class='ez-toc-heading-level-3'><a class=\"ez-toc-link ez-toc-heading-2\" href=\"https:\/\/www.grupomedcof.com.br\/blog\/concurso-promissao\/#Superior_selecao_de_cargos\" >Superior (sele\u00e7\u00e3o de cargos)<\/a><\/li><li class='ez-toc-page-1 ez-toc-heading-level-3'><a class=\"ez-toc-link ez-toc-heading-3\" href=\"https:\/\/www.grupomedcof.com.br\/blog\/concurso-promissao\/#Medio_selecao_de_cargos\" >M\u00e9dio (sele\u00e7\u00e3o de cargos)<\/a><\/li><li class='ez-toc-page-1 ez-toc-heading-level-3'><a class=\"ez-toc-link ez-toc-heading-4\" href=\"https:\/\/www.grupomedcof.com.br\/blog\/concurso-promissao\/#Fundamental_selecao_de_cargos\" >Fundamental (sele\u00e7\u00e3o de cargos)<\/a><\/li><\/ul><\/li><li class='ez-toc-page-1 ez-toc-heading-level-2'><a class=\"ez-toc-link ez-toc-heading-5\" href=\"https:\/\/www.grupomedcof.com.br\/blog\/concurso-promissao\/#Como_se_inscrever\" >Como se inscrever?<\/a><ul class='ez-toc-list-level-3' ><li class='ez-toc-heading-level-3'><a class=\"ez-toc-link ez-toc-heading-6\" href=\"https:\/\/www.grupomedcof.com.br\/blog\/concurso-promissao\/#Valores_das_taxas_de_inscricao\" >Valores das taxas de inscri\u00e7\u00e3o<\/a><\/li><\/ul><\/li><li class='ez-toc-page-1 ez-toc-heading-level-2'><a class=\"ez-toc-link ez-toc-heading-7\" href=\"https:\/\/www.grupomedcof.com.br\/blog\/concurso-promissao\/#Como_vai_funcionar_o_concurso\" >Como vai funcionar o concurso?<\/a><ul class='ez-toc-list-level-3' ><li class='ez-toc-heading-level-3'><a class=\"ez-toc-link ez-toc-heading-8\" href=\"https:\/\/www.grupomedcof.com.br\/blog\/concurso-promissao\/#Prova_Objetiva\" >Prova Objetiva<\/a><\/li><li class='ez-toc-page-1 ez-toc-heading-level-3'><a class=\"ez-toc-link ez-toc-heading-9\" href=\"https:\/\/www.grupomedcof.com.br\/blog\/concurso-promissao\/#Avaliacao_de_Titulos\" >Avalia\u00e7\u00e3o de T\u00edtulos<\/a><\/li><\/ul><\/li><li class='ez-toc-page-1 ez-toc-heading-level-2'><a class=\"ez-toc-link ez-toc-heading-10\" href=\"https:\/\/www.grupomedcof.com.br\/blog\/concurso-promissao\/#Para_saber_mais_confira_o_edital\" >Para saber mais, confira o edital!<\/a><\/li><li class='ez-toc-page-1 ez-toc-heading-level-2'><a class=\"ez-toc-link ez-toc-heading-11\" href=\"https:\/\/www.grupomedcof.com.br\/blog\/concurso-promissao\/#Concurso_Promissao_cronograma\" >Concurso Promiss\u00e3o: cronograma<\/a><\/li><li class='ez-toc-page-1 ez-toc-heading-level-2'><a class=\"ez-toc-link ez-toc-heading-12\" href=\"https:\/\/www.grupomedcof.com.br\/blog\/concurso-promissao\/#Conquiste_sua_aprovacao_com_a_MedCof\" >Conquiste sua aprova\u00e7\u00e3o com a MedCof!<\/a><\/li><\/ul><\/nav><\/div>\n\n<figure class=\"wp-block-image size-large\"><img loading=\"lazy\" decoding=\"async\" width=\"1024\" height=\"576\" src=\"https:\/\/www.grupomedcof.com.br\/blog\/wp-content\/uploads\/2026\/04\/Modelo-instituicoes-32-1024x576.jpg\" alt=\"Concurso Promiss\u00e3o\" class=\"wp-image-43702\" srcset=\"https:\/\/www.grupomedcof.com.br\/blog\/wp-content\/uploads\/2026\/04\/Modelo-instituicoes-32-1024x576.jpg 1024w, https:\/\/www.grupomedcof.com.br\/blog\/wp-content\/uploads\/2026\/04\/Modelo-instituicoes-32-300x169.jpg 300w, https:\/\/www.grupomedcof.com.br\/blog\/wp-content\/uploads\/2026\/04\/Modelo-instituicoes-32-768x432.jpg 768w, https:\/\/www.grupomedcof.com.br\/blog\/wp-content\/uploads\/2026\/04\/Modelo-instituicoes-32-1536x864.jpg 1536w, https:\/\/www.grupomedcof.com.br\/blog\/wp-content\/uploads\/2026\/04\/Modelo-instituicoes-32-747x420.jpg 747w, https:\/\/www.grupomedcof.com.br\/blog\/wp-content\/uploads\/2026\/04\/Modelo-instituicoes-32-150x84.jpg 150w, https:\/\/www.grupomedcof.com.br\/blog\/wp-content\/uploads\/2026\/04\/Modelo-instituicoes-32-696x392.jpg 696w, https:\/\/www.grupomedcof.com.br\/blog\/wp-content\/uploads\/2026\/04\/Modelo-instituicoes-32-1068x601.jpg 1068w, https:\/\/www.grupomedcof.com.br\/blog\/wp-content\/uploads\/2026\/04\/Modelo-instituicoes-32.jpg 1920w\" sizes=\"auto, (max-width: 1024px) 100vw, 1024px\" \/><\/figure>\n\n\n\n<p>A <strong>Prefeitura Municipal de Promiss\u00e3o<\/strong>, no interior de S\u00e3o Paulo, publicou o Edital n\u00ba 1\/2026, para realiza\u00e7\u00e3o de <strong>Concurso P\u00fablico<\/strong> destinado ao preenchimento de vagas e forma\u00e7\u00e3o de Cadastro de Reserva para os quadros da Administra\u00e7\u00e3o Geral.&nbsp;<\/p>\n\n\n\n<p>S\u00e3o oferecidas <strong>186 vagas imediatas, al\u00e9m de cadastro de reserva<\/strong>, distribu\u00eddas em mais de 60 cargos diferentes, com sal\u00e1rios que chegam a R$ 25.200,00 (R$ 126,00\/hora) para o cargo de M\u00e9dico Psiquiatra (40h).<\/p>\n\n\n\n<p>O processo seletivo \u00e9 organizado pelo Instituto de Acesso \u00e0 Educa\u00e7\u00e3o, Capacita\u00e7\u00e3o Profissional e Desenvolvimento Humano \u2014 <strong>Instituto ACCESS<\/strong>.<\/p>\n\n\n\n<figure class=\"wp-block-image size-large\"><a href=\"https:\/\/www.grupomedcof.com.br\/cofletters\/?clientId=&amp;utm_campaign=newsletter&amp;utm_medium=banner&amp;utm_source=blog&amp;utm_content=inscricao#https:\/\/www.grupomedcof.com.br\/blog\/\"><img loading=\"lazy\" decoding=\"async\" width=\"1024\" height=\"320\" src=\"https:\/\/www.grupomedcof.com.br\/blog\/wp-content\/uploads\/2025\/11\/Banner-MedCof-Plus-2200x460-11-1343x420-1-1024x320.png\" alt=\"\" class=\"wp-image-39227\" srcset=\"https:\/\/www.grupomedcof.com.br\/blog\/wp-content\/uploads\/2025\/11\/Banner-MedCof-Plus-2200x460-11-1343x420-1-1024x320.png 1024w, https:\/\/www.grupomedcof.com.br\/blog\/wp-content\/uploads\/2025\/11\/Banner-MedCof-Plus-2200x460-11-1343x420-1-300x94.png 300w, https:\/\/www.grupomedcof.com.br\/blog\/wp-content\/uploads\/2025\/11\/Banner-MedCof-Plus-2200x460-11-1343x420-1-768x240.png 768w, https:\/\/www.grupomedcof.com.br\/blog\/wp-content\/uploads\/2025\/11\/Banner-MedCof-Plus-2200x460-11-1343x420-1-150x47.png 150w, https:\/\/www.grupomedcof.com.br\/blog\/wp-content\/uploads\/2025\/11\/Banner-MedCof-Plus-2200x460-11-1343x420-1-696x218.png 696w, https:\/\/www.grupomedcof.com.br\/blog\/wp-content\/uploads\/2025\/11\/Banner-MedCof-Plus-2200x460-11-1343x420-1-1068x334.png 1068w, https:\/\/www.grupomedcof.com.br\/blog\/wp-content\/uploads\/2025\/11\/Banner-MedCof-Plus-2200x460-11-1343x420-1.png 1343w\" sizes=\"auto, (max-width: 1024px) 100vw, 1024px\" \/><\/a><\/figure>\n\n\n\n<h2 class=\"wp-block-heading\" id=\"h-quais-sao-as-vagas-disponiveis-no-concurso-de-promissao\"><span class=\"ez-toc-section\" id=\"Quais_sao_as_vagas_disponiveis_no_concurso_de_Promissao\"><\/span><strong>Quais s\u00e3o as vagas dispon\u00edveis no concurso de Promiss\u00e3o?<\/strong><span class=\"ez-toc-section-end\"><\/span><\/h2>\n\n\n\n<p>O edital contempla vagas de in\u00edcio imediato e de Cadastro Reserva (CR) em tr\u00eas n\u00edveis:<\/p>\n\n\n\n<h3 class=\"wp-block-heading\" id=\"h-superior-selecao-de-cargos\"><span class=\"ez-toc-section\" id=\"Superior_selecao_de_cargos\"><\/span><strong>Superior (sele\u00e7\u00e3o de cargos)<\/strong><span class=\"ez-toc-section-end\"><\/span><\/h3>\n\n\n\n<figure class=\"wp-block-table\"><table class=\"has-fixed-layout\"><tbody><tr><td><strong>Cargo<\/strong><\/td><td><strong>Requisitos<\/strong><\/td><td><strong>Vagas<\/strong><\/td><td><strong>Carga Hor\u00e1ria<\/strong><\/td><td><strong>Sal\u00e1rio<\/strong><\/td><\/tr><tr><td>M\u00e9dico Cardiologista&nbsp;<\/td><td rowspan=\"6\">Ensino Superior em Medicina, resid\u00eancia ou especializa\u00e7\u00e3o e registro no respectivo conselho de classe<\/td><td>1 + CR<\/td><td>20h<\/td><td>R$ 126,00\/hora<\/td><\/tr><tr><td>M\u00e9dico Ginecologista e Obstetra&nbsp;<\/td><td>1 + CR<\/td><td>20h&nbsp;<\/td><td>R$ 126,00\/hora<\/td><\/tr><tr><td>M\u00e9dico Horista &#8211; Cl\u00ednico Geral&nbsp;<\/td><td>1 + CR<\/td><td>20h&nbsp;<\/td><td>R$ 126,00\/hora<\/td><\/tr><tr><td>M\u00e9dico Oftalmologista&nbsp;<\/td><td>1 + CR<\/td><td>10h<\/td><td>R$ 126,00\/hora<\/td><\/tr><tr><td>M\u00e9dico Pediatra&nbsp;<\/td><td>1 + CR<\/td><td>10h<\/td><td>R$ 126,00\/hora<\/td><\/tr><tr><td>M\u00e9dico Psiquiatra&nbsp;<\/td><td>1 + CR<\/td><td>40h<\/td><td>R$ 126,00\/hora<\/td><\/tr><tr><td>Cirurgi\u00e3o Dentista<\/td><td>Ensino Superior em Odontologia e&nbsp;registro no respectivo conselho de classe&nbsp;<\/td><td>1 + CR<\/td><td>20h&nbsp;<\/td><td>R$ 3.188,37&nbsp;<\/td><\/tr><tr><td>Cirurgi\u00e3o Dentista<\/td><td>Ensino Superior em Odontologia e&nbsp;registro no respectivo conselho de classe<\/td><td>1 + CR<\/td><td>40h<\/td><td>R$ 6.376,74<\/td><\/tr><tr><td>Cirurgi\u00e3o Dentista &#8211; Cirurgia Oral Menor&nbsp;<\/td><td>Ensino Superior em Odontologia, curso espec\u00edfico de cirurgia oral menor e registro no respectivo conselho de classe&nbsp;<\/td><td>1 + CR<\/td><td>20h&nbsp;<\/td><td>R$ 3.188,37&nbsp;<\/td><\/tr><tr><td>Cirurgi\u00e3o Dentista &#8211; Protesista&nbsp;<\/td><td>Ensino Superior em Odontologia, especializa\u00e7\u00e3o em pr\u00f3tese dent\u00e1ria e registro no respectivo conselho de classe&nbsp;<\/td><td>1 + CR<\/td><td>20h&nbsp;<\/td><td>R$ 3.188,37&nbsp;<\/td><\/tr><tr><td>Cirurgi\u00e3o Endodontista&nbsp;<\/td><td>Ensino Superior em Odontologia, especializa\u00e7\u00e3o em Endodontia e registro no respectivo conselho de classe&nbsp;<\/td><td>1 + CR<\/td><td>20h&nbsp;<\/td><td>R$ 3.188,37&nbsp;<\/td><\/tr><tr><td>Enfermeiro<\/td><td>Ensino Superior em Enfermagem e registro no respectivo conselho de classe&nbsp;<\/td><td>CR<\/td><td>40h<\/td><td>R$ 5.062,28<\/td><\/tr><tr><td>M\u00e9dico Veterin\u00e1rio<\/td><td>Ensino Superior em Medicina Veterin\u00e1ria e registro no&nbsp; respectivo conselho de classe<\/td><td>1 + CR<\/td><td>20h<\/td><td>R$ 5.668,68<\/td><\/tr><tr><td>Fonoaudi\u00f3logo&nbsp;<\/td><td>Ensino Superior em Fonoaudiologia e registro no respectivo conselho de classe&nbsp;<\/td><td>1 + CR<\/td><td>20h<\/td><td>R$ 2.834,34<\/td><\/tr><tr><td>Assistente Social<\/td><td>Ensino Superior em Servi\u00e7o<br>Social e registro no respectivo conselho de<br>classe<\/td><td>1 + CR<\/td><td>30h<\/td><td>R$ 4.252,00<\/td><\/tr><tr><td>Farmac\u00eautico<\/td><td>Ensino Superior em Farm\u00e1cia e registro no respectivo conselho de classe&nbsp;<\/td><td>1 + CR<\/td><td>20h<\/td><td>R$ 3.896,32<\/td><\/tr><tr><td>Psic\u00f3logo<\/td><td>Ensino Superior em Psicologia e registro no respectivo conselho de classe&nbsp;<\/td><td>1 + CR<\/td><td>20h<\/td><td>R$ 2.834,34<\/td><\/tr><tr><td>Fisioterapeuta<\/td><td>Ensino Superior em Fisioterapia e registro no respectivo conselho de classe&nbsp;<\/td><td>1 + CR<\/td><td>20h<\/td><td>R$ 2.834,34<\/td><\/tr><tr><td>Odontopediatra&nbsp;<\/td><td>Ensino Superior em Odontologia, especializa\u00e7\u00e3o em Odontopediatria e registro no respectivo conselho de classe&nbsp;<\/td><td>1 + CR<\/td><td>20h<\/td><td>R$ 3.188,37&nbsp;<\/td><\/tr><tr><td>Terapeuta Ocupacional&nbsp;<\/td><td>Ensino Superior emTerapia Ocupacional e registro no respectivoconselho de classe&nbsp;<\/td><td>1 + CR<\/td><td>20h<\/td><td>R$ 2.834,34<\/td><\/tr><tr><td>Nutricionista<\/td><td>Ensino Superior em Nutri\u00e7\u00e3o e registro no respectivo conselho de classe&nbsp;<\/td><td>1 + CR<\/td><td>20h<\/td><td>R$ 2.727,48<\/td><\/tr><tr><td>Professor de Apoio &#8211; PEB I&nbsp;<\/td><td>Ensino Superior de Licenciatura em Pedagogia e curso de P\u00f3sGradua\u00e7\u00e3o\/Especializa\u00e7\u00e3o Lato Sensu de, no m\u00ednimo 360 horas, em Educa\u00e7\u00e3o Especial ou Psicopedagogia&nbsp;<\/td><td>CR<\/td><td>38 h\/s&nbsp;<\/td><td>R$ 4.437,07&nbsp;<\/td><\/tr><tr><td>Professor de Educa\u00e7\u00e3o Especial&nbsp;<\/td><td>Ensino Superior de Licenciatura em Pedagogia e curso de P\u00f3sGradua\u00e7\u00e3o\/Especializa\u00e7\u00e3o Lato Sensu de, no m\u00ednimo 360 horas, em Educa\u00e7\u00e3o Especial, Educa\u00e7\u00e3o Inclusiva ou Atendimento Educacional Especializado&nbsp;<\/td><td>CR<\/td><td>30 h\/s&nbsp;<\/td><td>R$ 3.502,95&nbsp;<\/td><\/tr><tr><td>Professor de Educa\u00e7\u00e3o F\u00edsica para Modalidades Esportivas: Basquetebol, Handebol, Voleibol, Futsal e Centro de Fortalecimento&nbsp;<\/td><td>Ensino Superior emEduca\u00e7\u00e3o F\u00edsica e registro no respectivo conselho de classe&nbsp;<\/td><td><\/td><td>30 h\/s&nbsp;<\/td><td>R$ 3.777,11&nbsp;<\/td><\/tr><tr><td>Professor de EJA &#8211; PEB I&nbsp;<\/td><td>Ensino Superior de Licenciatura em Pedagogia; ou Curso Normal Superior&nbsp;<\/td><td>CR<\/td><td>30 h\/s&nbsp;<\/td><td>R$ 3.502,95&nbsp;<\/td><\/tr><tr><td>Professor PEB I &#8211; Educa\u00e7\u00e3o Infantil&nbsp;<\/td><td>Ensino Superior de Licenciatura em Pedagogia, com habilita\u00e7\u00e3o m\u00ednima em Educa\u00e7\u00e3o Infantil&nbsp;<\/td><td>5 + CR<\/td><td>30 h\/s&nbsp;<\/td><td>R$ 3.502,95&nbsp;<\/td><\/tr><tr><td>Professor PEB II &#8211; Artes&nbsp;<\/td><td>Ensino Superior de Licenciatura com habilita\u00e7\u00e3o em artes ou com&nbsp; complementa\u00e7\u00e3o pedag\u00f3gica, nos termos da legisla\u00e7\u00e3o vigente&nbsp;<\/td><td>1 + CR<\/td><td>30 h\/s&nbsp;<\/td><td>R$ 3.777,10&nbsp;<\/td><\/tr><tr><td>Professor PEB I &#8211; Ensino Fundamental&nbsp;<\/td><td>Ensino Superior de Licenciatura em Pedagogia; ou Curso Normal Superior&nbsp;<\/td><td>4 + CR<\/td><td>38 h\/s&nbsp;<\/td><td>R$ 4.437,07&nbsp;<\/td><\/tr><tr><td>Profissional de Educa\u00e7\u00e3o F\u00edsica&nbsp;<\/td><td>Ensino Superior de Licenciatura em Educa\u00e7\u00e3o F\u00edsica ou com&nbsp; complementa\u00e7\u00e3o pedag\u00f3gica, nos termos da legisla\u00e7\u00e3o vigente, registro no respectivo conselho de classe&nbsp;<\/td><td>1 + CR<\/td><td>30 h\/s&nbsp;<\/td><td>R$ 3.777,11&nbsp;<\/td><\/tr><\/tbody><\/table><\/figure>\n\n\n\n<h3 class=\"wp-block-heading\" id=\"h-medio-selecao-de-cargos\"><span class=\"ez-toc-section\" id=\"Medio_selecao_de_cargos\"><\/span><strong>M\u00e9dio (sele\u00e7\u00e3o de cargos)<\/strong><span class=\"ez-toc-section-end\"><\/span><\/h3>\n\n\n\n<figure class=\"wp-block-table\"><table class=\"has-fixed-layout\"><tbody><tr><td><strong>Cargo<\/strong><\/td><td><strong>Requisitos<\/strong><\/td><td><strong>Vagas<\/strong><\/td><td><strong>Carga Hor\u00e1ria<\/strong><\/td><td><strong>Sal\u00e1rio<\/strong><\/td><\/tr><tr><td>Auxiliar de Desenvolvimento Infantil<\/td><td>Ensino M\u00e9dio Completo&nbsp;<\/td><td>40 + CR<\/td><td>40h<\/td><td>R$ 1.806,00<\/td><\/tr><tr><td>Cuidador Educacional<\/td><td>Ensino M\u00e9dio Completo&nbsp;<\/td><td>40 + CR<\/td><td>40h<\/td><td>R$ 1.750,00<\/td><\/tr><tr><td>Guarda Civil Municipal<\/td><td>Ensino M\u00e9dio Completo&nbsp;<\/td><td>10 + CR&nbsp;<\/td><td>12x36h<\/td><td>R$ 2.400,00<\/td><\/tr><tr><td>T\u00e9cnico em Enfermagem<\/td><td>Ensino M\u00e9dio T\u00e9cnico em Enfermagem e registro no respectivo conselho de classe&nbsp;<\/td><td>1 + CR<\/td><td>40h<\/td><td>R$ 3.543,61<\/td><\/tr><tr><td>Agente Comunit\u00e1rio de Sa\u00fade<\/td><td>Ensino M\u00e9dio Completo&nbsp;<\/td><td>1 + CR<\/td><td>40h<\/td><td>R$ 3.426,88<\/td><\/tr><tr><td>Agente de Combate \u00e0s Endemias&nbsp;<\/td><td>Ensino M\u00e9dio Completo&nbsp;<\/td><td>1 + CR<\/td><td>40h<\/td><td>R$ 3.426,88&nbsp;<\/td><\/tr><tr><td>Agente de Tr\u00e2nsito&nbsp;<\/td><td>Ensino M\u00e9dio Completo&nbsp;<\/td><td>1 + CR<\/td><td>40h<\/td><td>R$ 2.126,08&nbsp;<\/td><\/tr><tr><td>Atendente de Farm\u00e1cia&nbsp;<\/td><td>Ensino M\u00e9dio Completo&nbsp;<\/td><td>1 + CR<\/td><td>40h<\/td><td>R$ 2.342,78&nbsp;<\/td><\/tr><tr><td>Auxiliar de Sa\u00fade Bucal&nbsp;<\/td><td>Ensino M\u00e9dio Completo e Curso Espec\u00edfico de Auxiliar de Sa\u00fade Bucal e registro no respectivo conselho de classe&nbsp;<\/td><td>1 + CR<\/td><td>40h<\/td><td>R$ 2.220,14&nbsp;<\/td><\/tr><tr><td>Cuidador de Sa\u00fade&nbsp;<\/td><td>Ensino M\u00e9dio Completo e curso de cuidador de idosos&nbsp;<\/td><td>1 + CR<\/td><td>40h<\/td><td>R$ 2.232,34&nbsp;<\/td><\/tr><tr><td>Escritur\u00e1rio A&nbsp;<\/td><td>Ensino M\u00e9dio Completo&nbsp;<\/td><td>1 + CR<\/td><td>40h<\/td><td>R$ 2.303,31&nbsp;<\/td><\/tr><tr><td>Fiscal de Tributos Municipais&nbsp;<\/td><td>Ensino M\u00e9dio Completo&nbsp;<\/td><td>CR<\/td><td>40h<\/td><td>R$ 2.126,08&nbsp;<\/td><\/tr><tr><td>Monitor Infantil&nbsp;<\/td><td>Ensino M\u00e9dio Completo&nbsp;<\/td><td>1 + CR<\/td><td>40h<\/td><td>R$ 1.750,00&nbsp;<\/td><\/tr><tr><td>T\u00e9cnico em Enfermagem 192&nbsp;<\/td><td>Ensino M\u00e9dio T\u00e9cnico em Enfermagem e registro no respectivo conselho de classe&nbsp;<\/td><td>1 + CR<\/td><td>12x36h&nbsp;<\/td><td>R$ 3.543,61&nbsp;<\/td><\/tr><tr><td>T\u00e9cnico em Radiologia&nbsp;<\/td><td>Ensino M\u00e9dio T\u00e9cnico em Radiologia e registro no respectivo conselho de classe&nbsp;<\/td><td>1 + CR<\/td><td>20h<\/td><td>R$ 2.730,80&nbsp;<\/td><\/tr><tr><td>T\u00e9cnico em Redes&nbsp;<\/td><td>Ensino M\u00e9dio Completo&nbsp;<\/td><td>CR<\/td><td>40h<\/td><td>R$ 2.266,96&nbsp;<\/td><\/tr><tr><td>Visitador Sanit\u00e1rio&nbsp;<\/td><td>Ensino M\u00e9dio Completo&nbsp;<\/td><td>1 + CR<\/td><td>40h<\/td><td>R$ 2.126,08&nbsp;<\/td><\/tr><\/tbody><\/table><\/figure>\n\n\n\n<h3 class=\"wp-block-heading\" id=\"h-fundamental-selecao-de-cargos\"><span class=\"ez-toc-section\" id=\"Fundamental_selecao_de_cargos\"><\/span><strong>Fundamental (sele\u00e7\u00e3o de cargos)<\/strong><span class=\"ez-toc-section-end\"><\/span><\/h3>\n\n\n\n<figure class=\"wp-block-table\"><table class=\"has-fixed-layout\"><tbody><tr><td><strong>Cargo<\/strong><\/td><td><strong>Requisitos<\/strong><\/td><td><strong>Vagas<\/strong><\/td><td><strong>Carga Hor\u00e1ria<\/strong><\/td><td><strong>Sal\u00e1rio<\/strong><\/td><\/tr><tr><td>Ajudante de Servi\u00e7os Gerais<\/td><td rowspan=\"26\">Ensino Fundamental Completo&nbsp;<\/td><td>20 + CR<\/td><td>44h<\/td><td>R$ 1.750,00<\/td><\/tr><tr><td>Auxiliar de Mec\u00e2nico&nbsp;<\/td><td>1 + CR<\/td><td>44h&nbsp;&nbsp;<\/td><td>R$ 1.750,00&nbsp;<\/td><\/tr><tr><td>Carpinteiro&nbsp;<\/td><td><\/td><td>40h&nbsp;<\/td><td>R$ 1.865,60&nbsp;<\/td><\/tr><tr><td>Coletor de Lixo&nbsp;<\/td><td>6 + CR<\/td><td>40h&nbsp;<\/td><td>R$ 1.750,00&nbsp;<\/td><\/tr><tr><td>Controlador de Acesso&nbsp;<\/td><td>5 + CR<\/td><td>40h&nbsp;<\/td><td>R$ 1.750,00&nbsp;<\/td><\/tr><tr><td>Coveiro&nbsp;<\/td><td>1 + CR<\/td><td>40h&nbsp;<\/td><td>R$ 1.865,60&nbsp;<\/td><\/tr><tr><td>Cuidador de Animais&nbsp;<\/td><td>CR&nbsp;<\/td><td>40h&nbsp;<\/td><td>R$ 2.240,23&nbsp;<\/td><\/tr><tr><td>Eletricista&nbsp;<\/td><td>1 + CR<\/td><td>44h<\/td><td>R$ 1.865,60&nbsp;<\/td><\/tr><tr><td>Encanador&nbsp;<\/td><td>CR<\/td><td>44h<\/td><td>R$ 1.949,46&nbsp;<\/td><\/tr><tr><td>Gari&nbsp;<\/td><td>1 + CR<\/td><td>40h<\/td><td>R$ 1.750,00&nbsp;<\/td><\/tr><tr><td>Jardineiro&nbsp;<\/td><td>1 + CR<\/td><td>44h<\/td><td>R$ 1.865,60&nbsp;<\/td><\/tr><tr><td>Marceneiro&nbsp;<\/td><td>CR<\/td><td>44h<\/td><td>R$ 1.865,60&nbsp;<\/td><\/tr><tr><td>Mec\u00e2nico&nbsp;<\/td><td>5 + CR<\/td><td>40h<\/td><td>R$ 1.865,60&nbsp;<\/td><\/tr><tr><td>Operador de Motoniveladora&nbsp;<\/td><td>CR<\/td><td>44h<\/td><td>R$ 2.126,08&nbsp;<\/td><\/tr><tr><td>Operador de P\u00e1 Carregadeira&nbsp;<\/td><td>CR<\/td><td>44h<\/td><td>R$ 2.126,08&nbsp;<\/td><\/tr><tr><td>Operador de Retroescavadeira&nbsp;<\/td><td>CR<\/td><td>44h<\/td><td>R$ 2.126,08&nbsp;<\/td><\/tr><tr><td>Pedreiro&nbsp;<\/td><td>1 + CR<\/td><td>44h<\/td><td>R$ 1.865,60&nbsp;<\/td><\/tr><tr><td>Pintor de Paredes&nbsp;<\/td><td>1 + CR<\/td><td>44h<\/td><td>R$ 1.750,00&nbsp;<\/td><\/tr><tr><td>Serralheiro&nbsp;<\/td><td>1 + CR<\/td><td>40h<\/td><td>R$ 1.865,60&nbsp;<\/td><\/tr><tr><td>Servente&nbsp;<\/td><td>CR<\/td><td>44h<\/td><td>R$ 1.750,00&nbsp;<\/td><\/tr><tr><td>Tratorista&nbsp;<\/td><td>CR<\/td><td>44h<\/td><td>R$ 1.865,60&nbsp;<\/td><\/tr><tr><td>Vigia&nbsp;<\/td><td>5 + CR<\/td><td>12x36h&nbsp;<\/td><td>R$ 1.750,00&nbsp;<\/td><\/tr><tr><td>Zelador&nbsp;<\/td><td>CR<\/td><td>44h<\/td><td>R$ 1.750,00&nbsp;<\/td><\/tr><tr><td>Merendeira<\/td><td>5 + CR<\/td><td>40h<\/td><td>R$ 1.750,00<\/td><\/tr><tr><td>Motorista<\/td><td>1 + CR<\/td><td>44h<\/td><td>R$ 2.012,36<\/td><\/tr><tr><td>Coletor de Lixo<\/td><td>6 + CR<\/td><td>40h<\/td><td>R$ 1.750,00<\/td><\/tr><\/tbody><\/table><\/figure>\n\n\n\n<h2 class=\"wp-block-heading\" id=\"h-como-se-inscrever\"><span class=\"ez-toc-section\" id=\"Como_se_inscrever\"><\/span><strong>Como se inscrever?<\/strong><span class=\"ez-toc-section-end\"><\/span><\/h2>\n\n\n\n<p>As inscri\u00e7\u00f5es devem ser realizadas exclusivamente pelo site <strong>www.access.org.br<\/strong>, no per\u00edodo de <strong>08\/04\/2026 a 07\/05\/2026<\/strong>. O regime de contrata\u00e7\u00e3o \u00e9 <strong>celetista<\/strong> (CLT), regido pela Lei Complementar Municipal n\u00ba 45\/2017.<\/p>\n\n\n\n<p>O edital reserva <strong>10% das vagas para Pessoas com Defici\u00eancia (PcD)<\/strong>. Candidatos inscritos no Cad\u00danico, desempregados considerados carentes, mes\u00e1rios eleitorais e doadores de sangue podem solicitar isen\u00e7\u00e3o da taxa de inscri\u00e7\u00e3o.<\/p>\n\n\n\n<h3 class=\"wp-block-heading\" id=\"h-valores-das-taxas-de-inscricao\"><span class=\"ez-toc-section\" id=\"Valores_das_taxas_de_inscricao\"><\/span><strong>Valores das taxas de inscri\u00e7\u00e3o<\/strong><span class=\"ez-toc-section-end\"><\/span><\/h3>\n\n\n\n<figure class=\"wp-block-table\"><table class=\"has-fixed-layout\"><tbody><tr><td><strong>N\u00edvel<\/strong><\/td><td><strong>Valor<\/strong><\/td><\/tr><tr><td>N\u00edvel Fundamental<\/td><td>R$ 55,00<\/td><\/tr><tr><td>N\u00edvel M\u00e9dio e T\u00e9cnico<\/td><td>R$ 60,00<\/td><\/tr><tr><td>N\u00edvel Superior<\/td><td>R$ 75,00<\/td><\/tr><\/tbody><\/table><\/figure>\n\n\n\n<h2 class=\"wp-block-heading\" id=\"h-como-vai-funcionar-o-concurso\"><span class=\"ez-toc-section\" id=\"Como_vai_funcionar_o_concurso\"><\/span><strong>Como vai funcionar o concurso?<\/strong><span class=\"ez-toc-section-end\"><\/span><\/h2>\n\n\n\n<p>As etapas variam conforme o cargo pretendido:<\/p>\n\n\n\n<figure class=\"wp-block-table\"><table class=\"has-fixed-layout\"><tbody><tr><td><strong>Grupo de Cargos<\/strong><\/td><td><strong>Etapas<\/strong><\/td><\/tr><tr><td>Todos os cargos<\/td><td>Prova Objetiva (PO)<\/td><\/tr><tr><td>Cargos t\u00e9cnicos (ex.: Eletricista, Motorista, Mec\u00e2nico)<\/td><td>PO + Prova Pr\u00e1tica (PP)<\/td><\/tr><tr><td>Coletor de Lixo, Gari e Guarda Civil Municipal<\/td><td>PO + Teste de Aptid\u00e3o F\u00edsica (TAF)<\/td><\/tr><tr><td>Cargos de n\u00edvel superior<\/td><td>PO + Avalia\u00e7\u00e3o de T\u00edtulos (AT)<\/td><\/tr><\/tbody><\/table><\/figure>\n\n\n\n<h3 class=\"wp-block-heading\" id=\"h-prova-objetiva\"><span class=\"ez-toc-section\" id=\"Prova_Objetiva\"><\/span><strong>Prova Objetiva<\/strong><span class=\"ez-toc-section-end\"><\/span><\/h3>\n\n\n\n<p>A prova ser\u00e1 realizada em <strong>14\/06\/2026<\/strong>, no munic\u00edpio de Promiss\u00e3o-SP e, se necess\u00e1rio, em cidades vizinhas. A composi\u00e7\u00e3o varia por n\u00edvel:<\/p>\n\n\n\n<ul class=\"wp-block-list\">\n<li><strong>N\u00edvel Fundamental:<\/strong> 30 quest\u00f5es (nota m\u00ednima: 50%)<\/li>\n\n\n\n<li><strong>N\u00edvel M\u00e9dio e Superior:<\/strong> 40 quest\u00f5es (nota m\u00ednima: 50%)<\/li>\n<\/ul>\n\n\n\n<p>Todos os n\u00edveis contemplam L\u00edngua Portuguesa, Racioc\u00ednio L\u00f3gico e Matem\u00e1tico, Conhecimentos Gerais e, para m\u00e9dio e superior, Conhecimentos Espec\u00edficos.<\/p>\n\n\n\n<h3 class=\"wp-block-heading\" id=\"h-avaliacao-de-titulos\"><span class=\"ez-toc-section\" id=\"Avaliacao_de_Titulos\"><\/span><strong>Avalia\u00e7\u00e3o de T\u00edtulos<\/strong><span class=\"ez-toc-section-end\"><\/span><\/h3>\n\n\n\n<p>De car\u00e1ter exclusivamente classificat\u00f3rio,<strong> destinada aos cargos de n\u00edvel superior<\/strong>. A pontua\u00e7\u00e3o m\u00e1xima \u00e9 de <strong>4,2 pontos<\/strong>, conforme tabela abaixo:<\/p>\n\n\n\n<figure class=\"wp-block-table\"><table class=\"has-fixed-layout\"><tbody><tr><td><strong>T\u00edtulo<\/strong><\/td><td><strong>Pontua\u00e7\u00e3o<\/strong><\/td><\/tr><tr><td>Doutorado<\/td><td>2,0 pontos<\/td><\/tr><tr><td>Mestrado<\/td><td>1,0 ponto<\/td><\/tr><tr><td>P\u00f3s-Gradua\u00e7\u00e3o Lato Sensu<\/td><td>0,5 ponto<\/td><\/tr><tr><td>Desempenho na Prova Nacional Docente (PND) \u2013 para professores<\/td><td>0,2 ponto<\/td><\/tr><\/tbody><\/table><\/figure>\n\n\n\n<h2 class=\"wp-block-heading\" id=\"h-para-saber-mais-confira-o-edital\"><span class=\"ez-toc-section\" id=\"Para_saber_mais_confira_o_edital\"><\/span><strong>Para saber mais, confira o edital!<\/strong><span class=\"ez-toc-section-end\"><\/span><\/h2>\n\n\n\n<div data-wp-interactive=\"core\/file\" class=\"wp-block-file\"><object data-wp-bind--hidden=\"!state.hasPdfPreview\" hidden class=\"wp-block-file__embed\" data=\"https:\/\/www.grupomedcof.com.br\/blog\/wp-content\/uploads\/2026\/04\/edital_promissaosp.pdf\" type=\"application\/pdf\" style=\"width:100%;height:600px\" aria-label=\"Incorporado de Edital Promiss\u00e3o.\"><\/object><a id=\"wp-block-file--media-79c4e584-5ddd-4195-9f2d-f3614e465a18\" href=\"https:\/\/www.grupomedcof.com.br\/blog\/wp-content\/uploads\/2026\/04\/edital_promissaosp.pdf\">Edital Promiss\u00e3o<\/a><a href=\"https:\/\/www.grupomedcof.com.br\/blog\/wp-content\/uploads\/2026\/04\/edital_promissaosp.pdf\" class=\"wp-block-file__button wp-element-button\" download aria-describedby=\"wp-block-file--media-79c4e584-5ddd-4195-9f2d-f3614e465a18\">Baixar<\/a><\/div>\n\n\n\n<h2 class=\"wp-block-heading\" id=\"h-concurso-promissao-cronograma\"><span class=\"ez-toc-section\" id=\"Concurso_Promissao_cronograma\"><\/span><strong>Concurso Promiss\u00e3o: cronograma<\/strong><span class=\"ez-toc-section-end\"><\/span><\/h2>\n\n\n\n<figure class=\"wp-block-table\"><table class=\"has-fixed-layout\"><tbody><tr><td><strong>Evento<\/strong><\/td><td><strong>Data<\/strong><\/td><\/tr><tr><td>Publica\u00e7\u00e3o do Edital<\/td><td>07\/04\/2026<\/td><\/tr><tr><td>Per\u00edodo de Inscri\u00e7\u00f5es<\/td><td>08\/04 a 7\/05\/2026<\/td><\/tr><tr><td>Solicita\u00e7\u00e3o de Isen\u00e7\u00e3o<\/td><td>08 e 09\/04\/2026<\/td><\/tr><tr><td>Resultado Definitivo das Isen\u00e7\u00f5es<\/td><td>23\/04\/2026<\/td><\/tr><tr><td>Divulga\u00e7\u00e3o dos Locais de Prova<\/td><td>08\/06\/2026<\/td><\/tr><tr><td><strong>Realiza\u00e7\u00e3o da Prova Objetiva<\/strong><\/td><td><strong>14\/06\/2026<\/strong><\/td><\/tr><tr><td>Provas Pr\u00e1ticas e Testes de Aptid\u00e3o F\u00edsica<\/td><td>18 e 19\/07\/2026<\/td><\/tr><tr><td><strong>Convoca\u00e7\u00e3o para a avalia\u00e7\u00e3o de t\u00edtulos&nbsp;&nbsp;<\/strong><\/td><td><strong>14\/07\/2026&nbsp;<\/strong><\/td><\/tr><tr><td><strong>Prazo para envio dos t\u00edtulos&nbsp;&nbsp;<\/strong><\/td><td><strong>15 a 17\/07\/2026&nbsp;<\/strong><\/td><\/tr><tr><td>Resultado definitivo da avalia\u00e7\u00e3o de t\u00edtulos&nbsp;&nbsp;<\/td><td>05\/08\/2026<strong>&nbsp;<\/strong><\/td><\/tr><tr><td><strong>Resultado Final do Concurso<\/strong><\/td><td><strong>06\/08\/2026<\/strong><\/td><\/tr><\/tbody><\/table><\/figure>\n\n\n\n<p>O prazo de validade do concurso \u00e9 de <strong>2 anos<\/strong> a partir da homologa\u00e7\u00e3o do resultado final, podendo ser prorrogado por igual per\u00edodo a crit\u00e9rio da Administra\u00e7\u00e3o Municipal.<\/p>\n\n\n\n<h2 class=\"wp-block-heading\" id=\"h-conquiste-sua-aprovacao-com-a-medcof\"><span class=\"ez-toc-section\" id=\"Conquiste_sua_aprovacao_com_a_MedCof\"><\/span><strong>Conquiste sua aprova\u00e7\u00e3o com a MedCof!<\/strong><span class=\"ez-toc-section-end\"><\/span><\/h2>\n\n\n\n<p>Se voc\u00ea quer ir al\u00e9m da prepara\u00e7\u00e3o tradicional, os preparat\u00f3rios da&nbsp;<a href=\"https:\/\/www.grupomedcof.com.br\/home\/\"><strong>MedCof<\/strong><\/a>&nbsp;s\u00e3o desenvolvidos especificamente para quem busca aprova\u00e7\u00e3o em concursos m\u00e9dicos como o de <strong>Promiss\u00e3o<\/strong>.<\/p>\n\n\n\n<p>A metodologia combina:<\/p>\n\n\n\n<ul class=\"wp-block-list\">\n<li><strong>Banco inteligente de quest\u00f5es<\/strong><\/li>\n\n\n\n<li><strong>An\u00e1lise de desempenho com uso de dados<\/strong><\/li>\n\n\n\n<li><strong>Estudo direcionado por incid\u00eancia de temas<\/strong><\/li>\n\n\n\n<li><strong>Treinamento focado no perfil da banca<\/strong><\/li>\n<\/ul>\n\n\n\n<p>Isso permite que voc\u00ea estude com estrat\u00e9gia, priorizando o que realmente aumenta suas chances de aprova\u00e7\u00e3o \u2014 e n\u00e3o apenas acumulando conte\u00fado. Para entender melhor,&nbsp;<a href=\"http:\/\/grupomedcof.com.br\/home\/?page=sobre-nos\">conhe\u00e7a a MedCof<\/a>.<\/p>\n\n\n\n<figure class=\"wp-block-embed is-type-wp-embed is-provider-blog-de-medcof-conte-dos-editais-revalida-e-mais wp-block-embed-blog-de-medcof-conte-dos-editais-revalida-e-mais\"><div class=\"wp-block-embed__wrapper\">\n<blockquote class=\"wp-embedded-content\" data-secret=\"9HOvMZahZV\"><a href=\"https:\/\/www.grupomedcof.com.br\/blog\/calendario-de-concursos-publicos-2026\/\">Calend\u00e1rio de Concursos P\u00fablicos 2026<\/a><\/blockquote><iframe loading=\"lazy\" class=\"wp-embedded-content\" sandbox=\"allow-scripts\" security=\"restricted\" style=\"position: absolute; visibility: hidden;\" title=\"&#8220;Calend\u00e1rio de Concursos P\u00fablicos 2026&#8221; &#8212; Blog de Medcof: conte\u00fados, editais, revalida e mais!\" src=\"https:\/\/www.grupomedcof.com.br\/blog\/calendario-de-concursos-publicos-2026\/embed\/#?secret=gXCxTIsUtl#?secret=9HOvMZahZV\" data-secret=\"9HOvMZahZV\" width=\"600\" height=\"338\" frameborder=\"0\" marginwidth=\"0\" marginheight=\"0\" scrolling=\"no\"><\/iframe>\n<\/div><\/figure>\n","protected":false},"excerpt":{"rendered":"<p>A Prefeitura Municipal de Promiss\u00e3o, no interior de S\u00e3o Paulo, publicou o Edital n\u00ba 1\/2026, para realiza\u00e7\u00e3o de Concurso P\u00fablico destinado ao preenchimento de vagas e forma\u00e7\u00e3o de Cadastro de Reserva para os quadros da Administra\u00e7\u00e3o Geral.\u00a0<\/p>\n","protected":false},"author":41,"featured_media":43702,"comment_status":"closed","ping_status":"closed","sticky":false,"template":"","format":"standard","meta":{"footnotes":""},"categories":[55,213,287,2023,240],"tags":[3733,3645,1568,1452],"ppma_author":[3629],"class_list":{"0":"post-43694","1":"post","2":"type-post","3":"status-publish","4":"format-standard","5":"has-post-thumbnail","7":"category-carreira-medica","8":"category-concurso-publico","9":"category-destaques-medcof","10":"category-editais","11":"category-noticias","12":"tag-concurso-promissao","13":"tag-concurso-publico","14":"tag-edital","15":"tag-provas"},"yoast_head":"<!-- This site is optimized with the Yoast SEO Premium plugin v24.3 (Yoast SEO v27.5) - https:\/\/yoast.com\/product\/yoast-seo-premium-wordpress\/ -->\n<title>Concurso Promiss\u00e3o: 186 vagas com sal\u00e1rios de at\u00e9 R$ 25 mil - Blog de Medcof: conte\u00fados, editais, revalida e mais!<\/title>\n<meta name=\"description\" content=\"Concurso Promiss\u00e3o: 186 vagas do n\u00edvel fundamental ao superior, sal\u00e1rios at\u00e9 R$ 25 mil. Inscri\u00e7\u00f5es at\u00e9 7\/5\/2026 pelo Instituto ACCESS.\" \/>\n<meta name=\"robots\" content=\"index, follow, max-snippet:-1, max-image-preview:large, max-video-preview:-1\" \/>\n<link rel=\"canonical\" href=\"https:\/\/www.grupomedcof.com.br\/blog\/concurso-promissao\/\" \/>\n<meta property=\"og:locale\" content=\"pt_BR\" \/>\n<meta property=\"og:type\" content=\"article\" \/>\n<meta property=\"og:title\" content=\"Concurso Promiss\u00e3o: 186 vagas com sal\u00e1rios de at\u00e9 R$ 25 mil\" \/>\n<meta property=\"og:description\" content=\"Concurso Promiss\u00e3o: 186 vagas do n\u00edvel fundamental ao superior, sal\u00e1rios at\u00e9 R$ 25 mil. Inscri\u00e7\u00f5es at\u00e9 7\/5\/2026 pelo Instituto ACCESS.\" \/>\n<meta property=\"og:url\" content=\"https:\/\/www.grupomedcof.com.br\/blog\/concurso-promissao\/\" \/>\n<meta property=\"og:site_name\" content=\"Blog de Medcof: conte\u00fados, editais, revalida e mais!\" \/>\n<meta property=\"article:publisher\" content=\"https:\/\/www.facebook.com\/MedCofQbank\/\" \/>\n<meta property=\"article:published_time\" content=\"2026-04-28T21:08:53+00:00\" \/>\n<meta property=\"article:modified_time\" content=\"2026-04-28T21:09:06+00:00\" \/>\n<meta property=\"og:image\" content=\"https:\/\/www.grupomedcof.com.br\/blog\/wp-content\/uploads\/2026\/04\/Modelo-instituicoes-32.jpg\" \/>\n\t<meta property=\"og:image:width\" content=\"1920\" \/>\n\t<meta property=\"og:image:height\" content=\"1080\" \/>\n\t<meta property=\"og:image:type\" content=\"image\/jpeg\" \/>\n<meta name=\"author\" content=\"Nana N\u00f3brega\" \/>\n<meta name=\"twitter:card\" content=\"summary_large_image\" \/>\n<meta name=\"twitter:label1\" content=\"Escrito por\" \/>\n\t<meta name=\"twitter:data1\" content=\"Nana N\u00f3brega\" \/>\n\t<meta name=\"twitter:label2\" content=\"Est. tempo de leitura\" \/>\n\t<meta name=\"twitter:data2\" content=\"10 minutos\" \/>\n<script type=\"application\/ld+json\" class=\"yoast-schema-graph\">{\"@context\":\"https:\\\/\\\/schema.org\",\"@graph\":[{\"@type\":\"Article\",\"@id\":\"https:\\\/\\\/www.grupomedcof.com.br\\\/blog\\\/concurso-promissao\\\/#article\",\"isPartOf\":{\"@id\":\"https:\\\/\\\/www.grupomedcof.com.br\\\/blog\\\/concurso-promissao\\\/\"},\"author\":{\"name\":\"Nana N\u00f3brega\",\"@id\":\"https:\\\/\\\/www.grupomedcof.com.br\\\/blog\\\/#\\\/schema\\\/person\\\/9fb2c4e0c5987a2a74b0cd7bfe7d5413\"},\"headline\":\"Concurso Promiss\u00e3o: 186 vagas com sal\u00e1rios de at\u00e9 R$ 25 mil\",\"datePublished\":\"2026-04-28T21:08:53+00:00\",\"dateModified\":\"2026-04-28T21:09:06+00:00\",\"mainEntityOfPage\":{\"@id\":\"https:\\\/\\\/www.grupomedcof.com.br\\\/blog\\\/concurso-promissao\\\/\"},\"wordCount\":1816,\"publisher\":{\"@id\":\"https:\\\/\\\/www.grupomedcof.com.br\\\/blog\\\/#organization\"},\"image\":{\"@id\":\"https:\\\/\\\/www.grupomedcof.com.br\\\/blog\\\/concurso-promissao\\\/#primaryimage\"},\"thumbnailUrl\":\"https:\\\/\\\/www.grupomedcof.com.br\\\/blog\\\/wp-content\\\/uploads\\\/2026\\\/04\\\/Modelo-instituicoes-32.jpg\",\"keywords\":[\"concurso promiss\u00e3o\",\"concurso p\u00fablico\",\"Edital\",\"Provas\"],\"articleSection\":[\"Carreira M\u00e9dica\",\"Concurso P\u00fablico\",\"Destaques MedCof\",\"Editais\",\"Not\u00edcias\"],\"inLanguage\":\"pt-BR\"},{\"@type\":\"WebPage\",\"@id\":\"https:\\\/\\\/www.grupomedcof.com.br\\\/blog\\\/concurso-promissao\\\/\",\"url\":\"https:\\\/\\\/www.grupomedcof.com.br\\\/blog\\\/concurso-promissao\\\/\",\"name\":\"Concurso Promiss\u00e3o: 186 vagas com sal\u00e1rios de at\u00e9 R$ 25 mil - Blog de Medcof: conte\u00fados, editais, revalida e mais!\",\"isPartOf\":{\"@id\":\"https:\\\/\\\/www.grupomedcof.com.br\\\/blog\\\/#website\"},\"primaryImageOfPage\":{\"@id\":\"https:\\\/\\\/www.grupomedcof.com.br\\\/blog\\\/concurso-promissao\\\/#primaryimage\"},\"image\":{\"@id\":\"https:\\\/\\\/www.grupomedcof.com.br\\\/blog\\\/concurso-promissao\\\/#primaryimage\"},\"thumbnailUrl\":\"https:\\\/\\\/www.grupomedcof.com.br\\\/blog\\\/wp-content\\\/uploads\\\/2026\\\/04\\\/Modelo-instituicoes-32.jpg\",\"datePublished\":\"2026-04-28T21:08:53+00:00\",\"dateModified\":\"2026-04-28T21:09:06+00:00\",\"description\":\"Concurso Promiss\u00e3o: 186 vagas do n\u00edvel fundamental ao superior, sal\u00e1rios at\u00e9 R$ 25 mil. Inscri\u00e7\u00f5es at\u00e9 7\\\/5\\\/2026 pelo Instituto ACCESS.\",\"breadcrumb\":{\"@id\":\"https:\\\/\\\/www.grupomedcof.com.br\\\/blog\\\/concurso-promissao\\\/#breadcrumb\"},\"inLanguage\":\"pt-BR\",\"potentialAction\":[{\"@type\":\"ReadAction\",\"target\":[\"https:\\\/\\\/www.grupomedcof.com.br\\\/blog\\\/concurso-promissao\\\/\"]}]},{\"@type\":\"ImageObject\",\"inLanguage\":\"pt-BR\",\"@id\":\"https:\\\/\\\/www.grupomedcof.com.br\\\/blog\\\/concurso-promissao\\\/#primaryimage\",\"url\":\"https:\\\/\\\/www.grupomedcof.com.br\\\/blog\\\/wp-content\\\/uploads\\\/2026\\\/04\\\/Modelo-instituicoes-32.jpg\",\"contentUrl\":\"https:\\\/\\\/www.grupomedcof.com.br\\\/blog\\\/wp-content\\\/uploads\\\/2026\\\/04\\\/Modelo-instituicoes-32.jpg\",\"width\":1920,\"height\":1080,\"caption\":\"Concurso Promiss\u00e3o\"},{\"@type\":\"BreadcrumbList\",\"@id\":\"https:\\\/\\\/www.grupomedcof.com.br\\\/blog\\\/concurso-promissao\\\/#breadcrumb\",\"itemListElement\":[{\"@type\":\"ListItem\",\"position\":1,\"name\":\"In\u00edcio\",\"item\":\"https:\\\/\\\/www.grupomedcof.com.br\\\/blog\\\/\"},{\"@type\":\"ListItem\",\"position\":2,\"name\":\"Concurso Promiss\u00e3o: 186 vagas com sal\u00e1rios de at\u00e9 R$ 25 mil\"}]},{\"@type\":\"WebSite\",\"@id\":\"https:\\\/\\\/www.grupomedcof.com.br\\\/blog\\\/#website\",\"url\":\"https:\\\/\\\/www.grupomedcof.com.br\\\/blog\\\/\",\"name\":\"Blog de Medcof: conte\u00fados, editais, revalida e mais!\",\"description\":\"Acesso o blog de MedCof! Seu portal de conte\u00fados sobre resid\u00eancia m\u00e9dica, an\u00e1lise e editais e muito mais. Clique e confira!\",\"publisher\":{\"@id\":\"https:\\\/\\\/www.grupomedcof.com.br\\\/blog\\\/#organization\"},\"alternateName\":\"Blog de Medcof: conte\u00fados, editais, revalida e mais!\",\"potentialAction\":[{\"@type\":\"SearchAction\",\"target\":{\"@type\":\"EntryPoint\",\"urlTemplate\":\"https:\\\/\\\/www.grupomedcof.com.br\\\/blog\\\/?s={search_term_string}\"},\"query-input\":{\"@type\":\"PropertyValueSpecification\",\"valueRequired\":true,\"valueName\":\"search_term_string\"}}],\"inLanguage\":\"pt-BR\"},{\"@type\":\"Organization\",\"@id\":\"https:\\\/\\\/www.grupomedcof.com.br\\\/blog\\\/#organization\",\"name\":\"Grupo MedCof\",\"url\":\"https:\\\/\\\/www.grupomedcof.com.br\\\/blog\\\/\",\"logo\":{\"@type\":\"ImageObject\",\"inLanguage\":\"pt-BR\",\"@id\":\"https:\\\/\\\/www.grupomedcof.com.br\\\/blog\\\/#\\\/schema\\\/logo\\\/image\\\/\",\"url\":\"https:\\\/\\\/www.grupomedcof.com.br\\\/blog\\\/wp-content\\\/uploads\\\/2022\\\/01\\\/logo-medcof.png\",\"contentUrl\":\"https:\\\/\\\/www.grupomedcof.com.br\\\/blog\\\/wp-content\\\/uploads\\\/2022\\\/01\\\/logo-medcof.png\",\"width\":768,\"height\":269,\"caption\":\"Grupo MedCof\"},\"image\":{\"@id\":\"https:\\\/\\\/www.grupomedcof.com.br\\\/blog\\\/#\\\/schema\\\/logo\\\/image\\\/\"},\"sameAs\":[\"https:\\\/\\\/www.facebook.com\\\/MedCofQbank\\\/\",\"https:\\\/\\\/www.instagram.com\\\/grupomedcof\\\/\",\"https:\\\/\\\/br.linkedin.com\\\/company\\\/medcof\",\"https:\\\/\\\/www.youtube.com\\\/channel\\\/UCdHMuOHKICxcHwecxN8P-AA\"]},{\"@type\":\"Person\",\"@id\":\"https:\\\/\\\/www.grupomedcof.com.br\\\/blog\\\/#\\\/schema\\\/person\\\/9fb2c4e0c5987a2a74b0cd7bfe7d5413\",\"name\":\"Nana N\u00f3brega\",\"pronouns\":\"ele\\\/ela\",\"image\":{\"@type\":\"ImageObject\",\"inLanguage\":\"pt-BR\",\"@id\":\"https:\\\/\\\/www.grupomedcof.com.br\\\/blog\\\/wp-content\\\/uploads\\\/2026\\\/03\\\/cropped-cropped-WhatsApp-Image-2026-03-19-at-09.30.33.jpega4f3600081af811f8cb877d267a26dad\",\"url\":\"https:\\\/\\\/www.grupomedcof.com.br\\\/blog\\\/wp-content\\\/uploads\\\/2026\\\/03\\\/cropped-cropped-WhatsApp-Image-2026-03-19-at-09.30.33.jpeg\",\"contentUrl\":\"https:\\\/\\\/www.grupomedcof.com.br\\\/blog\\\/wp-content\\\/uploads\\\/2026\\\/03\\\/cropped-cropped-WhatsApp-Image-2026-03-19-at-09.30.33.jpeg\",\"caption\":\"Nana N\u00f3brega\"},\"description\":\"Jornalista e linguista. Especialista em acessibilidade para pessoas cegas e com baixa vis\u00e3o.\",\"jobTitle\":\"jornalista\",\"url\":\"https:\\\/\\\/www.grupomedcof.com.br\\\/blog\\\/author\\\/nana\\\/\"}]}<\/script>\n<!-- \/ Yoast SEO Premium plugin. -->","yoast_head_json":{"title":"Concurso Promiss\u00e3o: 186 vagas com sal\u00e1rios de at\u00e9 R$ 25 mil - Blog de Medcof: conte\u00fados, editais, revalida e mais!","description":"Concurso Promiss\u00e3o: 186 vagas do n\u00edvel fundamental ao superior, sal\u00e1rios at\u00e9 R$ 25 mil. Inscri\u00e7\u00f5es at\u00e9 7\/5\/2026 pelo Instituto ACCESS.","robots":{"index":"index","follow":"follow","max-snippet":"max-snippet:-1","max-image-preview":"max-image-preview:large","max-video-preview":"max-video-preview:-1"},"canonical":"https:\/\/www.grupomedcof.com.br\/blog\/concurso-promissao\/","og_locale":"pt_BR","og_type":"article","og_title":"Concurso Promiss\u00e3o: 186 vagas com sal\u00e1rios de at\u00e9 R$ 25 mil","og_description":"Concurso Promiss\u00e3o: 186 vagas do n\u00edvel fundamental ao superior, sal\u00e1rios at\u00e9 R$ 25 mil. Inscri\u00e7\u00f5es at\u00e9 7\/5\/2026 pelo Instituto ACCESS.","og_url":"https:\/\/www.grupomedcof.com.br\/blog\/concurso-promissao\/","og_site_name":"Blog de Medcof: conte\u00fados, editais, revalida e mais!","article_publisher":"https:\/\/www.facebook.com\/MedCofQbank\/","article_published_time":"2026-04-28T21:08:53+00:00","article_modified_time":"2026-04-28T21:09:06+00:00","og_image":[{"width":1920,"height":1080,"url":"https:\/\/www.grupomedcof.com.br\/blog\/wp-content\/uploads\/2026\/04\/Modelo-instituicoes-32.jpg","type":"image\/jpeg"}],"author":"Nana N\u00f3brega","twitter_card":"summary_large_image","twitter_misc":{"Escrito por":"Nana N\u00f3brega","Est. tempo de leitura":"10 minutos"},"schema":{"@context":"https:\/\/schema.org","@graph":[{"@type":"Article","@id":"https:\/\/www.grupomedcof.com.br\/blog\/concurso-promissao\/#article","isPartOf":{"@id":"https:\/\/www.grupomedcof.com.br\/blog\/concurso-promissao\/"},"author":{"name":"Nana N\u00f3brega","@id":"https:\/\/www.grupomedcof.com.br\/blog\/#\/schema\/person\/9fb2c4e0c5987a2a74b0cd7bfe7d5413"},"headline":"Concurso Promiss\u00e3o: 186 vagas com sal\u00e1rios de at\u00e9 R$ 25 mil","datePublished":"2026-04-28T21:08:53+00:00","dateModified":"2026-04-28T21:09:06+00:00","mainEntityOfPage":{"@id":"https:\/\/www.grupomedcof.com.br\/blog\/concurso-promissao\/"},"wordCount":1816,"publisher":{"@id":"https:\/\/www.grupomedcof.com.br\/blog\/#organization"},"image":{"@id":"https:\/\/www.grupomedcof.com.br\/blog\/concurso-promissao\/#primaryimage"},"thumbnailUrl":"https:\/\/www.grupomedcof.com.br\/blog\/wp-content\/uploads\/2026\/04\/Modelo-instituicoes-32.jpg","keywords":["concurso promiss\u00e3o","concurso p\u00fablico","Edital","Provas"],"articleSection":["Carreira M\u00e9dica","Concurso P\u00fablico","Destaques MedCof","Editais","Not\u00edcias"],"inLanguage":"pt-BR"},{"@type":"WebPage","@id":"https:\/\/www.grupomedcof.com.br\/blog\/concurso-promissao\/","url":"https:\/\/www.grupomedcof.com.br\/blog\/concurso-promissao\/","name":"Concurso Promiss\u00e3o: 186 vagas com sal\u00e1rios de at\u00e9 R$ 25 mil - Blog de Medcof: conte\u00fados, editais, revalida e mais!","isPartOf":{"@id":"https:\/\/www.grupomedcof.com.br\/blog\/#website"},"primaryImageOfPage":{"@id":"https:\/\/www.grupomedcof.com.br\/blog\/concurso-promissao\/#primaryimage"},"image":{"@id":"https:\/\/www.grupomedcof.com.br\/blog\/concurso-promissao\/#primaryimage"},"thumbnailUrl":"https:\/\/www.grupomedcof.com.br\/blog\/wp-content\/uploads\/2026\/04\/Modelo-instituicoes-32.jpg","datePublished":"2026-04-28T21:08:53+00:00","dateModified":"2026-04-28T21:09:06+00:00","description":"Concurso Promiss\u00e3o: 186 vagas do n\u00edvel fundamental ao superior, sal\u00e1rios at\u00e9 R$ 25 mil. Inscri\u00e7\u00f5es at\u00e9 7\/5\/2026 pelo Instituto ACCESS.","breadcrumb":{"@id":"https:\/\/www.grupomedcof.com.br\/blog\/concurso-promissao\/#breadcrumb"},"inLanguage":"pt-BR","potentialAction":[{"@type":"ReadAction","target":["https:\/\/www.grupomedcof.com.br\/blog\/concurso-promissao\/"]}]},{"@type":"ImageObject","inLanguage":"pt-BR","@id":"https:\/\/www.grupomedcof.com.br\/blog\/concurso-promissao\/#primaryimage","url":"https:\/\/www.grupomedcof.com.br\/blog\/wp-content\/uploads\/2026\/04\/Modelo-instituicoes-32.jpg","contentUrl":"https:\/\/www.grupomedcof.com.br\/blog\/wp-content\/uploads\/2026\/04\/Modelo-instituicoes-32.jpg","width":1920,"height":1080,"caption":"Concurso Promiss\u00e3o"},{"@type":"BreadcrumbList","@id":"https:\/\/www.grupomedcof.com.br\/blog\/concurso-promissao\/#breadcrumb","itemListElement":[{"@type":"ListItem","position":1,"name":"In\u00edcio","item":"https:\/\/www.grupomedcof.com.br\/blog\/"},{"@type":"ListItem","position":2,"name":"Concurso Promiss\u00e3o: 186 vagas com sal\u00e1rios de at\u00e9 R$ 25 mil"}]},{"@type":"WebSite","@id":"https:\/\/www.grupomedcof.com.br\/blog\/#website","url":"https:\/\/www.grupomedcof.com.br\/blog\/","name":"Blog de Medcof: conte\u00fados, editais, revalida e mais!","description":"Acesso o blog de MedCof! Seu portal de conte\u00fados sobre resid\u00eancia m\u00e9dica, an\u00e1lise e editais e muito mais. Clique e confira!","publisher":{"@id":"https:\/\/www.grupomedcof.com.br\/blog\/#organization"},"alternateName":"Blog de Medcof: conte\u00fados, editais, revalida e mais!","potentialAction":[{"@type":"SearchAction","target":{"@type":"EntryPoint","urlTemplate":"https:\/\/www.grupomedcof.com.br\/blog\/?s={search_term_string}"},"query-input":{"@type":"PropertyValueSpecification","valueRequired":true,"valueName":"search_term_string"}}],"inLanguage":"pt-BR"},{"@type":"Organization","@id":"https:\/\/www.grupomedcof.com.br\/blog\/#organization","name":"Grupo MedCof","url":"https:\/\/www.grupomedcof.com.br\/blog\/","logo":{"@type":"ImageObject","inLanguage":"pt-BR","@id":"https:\/\/www.grupomedcof.com.br\/blog\/#\/schema\/logo\/image\/","url":"https:\/\/www.grupomedcof.com.br\/blog\/wp-content\/uploads\/2022\/01\/logo-medcof.png","contentUrl":"https:\/\/www.grupomedcof.com.br\/blog\/wp-content\/uploads\/2022\/01\/logo-medcof.png","width":768,"height":269,"caption":"Grupo MedCof"},"image":{"@id":"https:\/\/www.grupomedcof.com.br\/blog\/#\/schema\/logo\/image\/"},"sameAs":["https:\/\/www.facebook.com\/MedCofQbank\/","https:\/\/www.instagram.com\/grupomedcof\/","https:\/\/br.linkedin.com\/company\/medcof","https:\/\/www.youtube.com\/channel\/UCdHMuOHKICxcHwecxN8P-AA"]},{"@type":"Person","@id":"https:\/\/www.grupomedcof.com.br\/blog\/#\/schema\/person\/9fb2c4e0c5987a2a74b0cd7bfe7d5413","name":"Nana N\u00f3brega","pronouns":"ele\/ela","image":{"@type":"ImageObject","inLanguage":"pt-BR","@id":"https:\/\/www.grupomedcof.com.br\/blog\/wp-content\/uploads\/2026\/03\/cropped-cropped-WhatsApp-Image-2026-03-19-at-09.30.33.jpega4f3600081af811f8cb877d267a26dad","url":"https:\/\/www.grupomedcof.com.br\/blog\/wp-content\/uploads\/2026\/03\/cropped-cropped-WhatsApp-Image-2026-03-19-at-09.30.33.jpeg","contentUrl":"https:\/\/www.grupomedcof.com.br\/blog\/wp-content\/uploads\/2026\/03\/cropped-cropped-WhatsApp-Image-2026-03-19-at-09.30.33.jpeg","caption":"Nana N\u00f3brega"},"description":"Jornalista e linguista. Especialista em acessibilidade para pessoas cegas e com baixa vis\u00e3o.","jobTitle":"jornalista","url":"https:\/\/www.grupomedcof.com.br\/blog\/author\/nana\/"}]}},"authors":[{"term_id":3629,"user_id":41,"is_guest":0,"slug":"nana","display_name":"Nana N\u00f3brega","avatar_url":{"url":"https:\/\/www.grupomedcof.com.br\/blog\/wp-content\/uploads\/2026\/03\/cropped-cropped-WhatsApp-Image-2026-03-19-at-09.30.33.jpeg","url2x":"https:\/\/www.grupomedcof.com.br\/blog\/wp-content\/uploads\/2026\/03\/cropped-cropped-WhatsApp-Image-2026-03-19-at-09.30.33.jpeg"},"0":null,"1":"","2":"","3":"","4":"","5":"","6":"","7":"","8":""}],"_links":{"self":[{"href":"https:\/\/www.grupomedcof.com.br\/blog\/wp-json\/wp\/v2\/posts\/43694","targetHints":{"allow":["GET"]}}],"collection":[{"href":"https:\/\/www.grupomedcof.com.br\/blog\/wp-json\/wp\/v2\/posts"}],"about":[{"href":"https:\/\/www.grupomedcof.com.br\/blog\/wp-json\/wp\/v2\/types\/post"}],"author":[{"embeddable":true,"href":"https:\/\/www.grupomedcof.com.br\/blog\/wp-json\/wp\/v2\/users\/41"}],"replies":[{"embeddable":true,"href":"https:\/\/www.grupomedcof.com.br\/blog\/wp-json\/wp\/v2\/comments?post=43694"}],"version-history":[{"count":3,"href":"https:\/\/www.grupomedcof.com.br\/blog\/wp-json\/wp\/v2\/posts\/43694\/revisions"}],"predecessor-version":[{"id":43704,"href":"https:\/\/www.grupomedcof.com.br\/blog\/wp-json\/wp\/v2\/posts\/43694\/revisions\/43704"}],"wp:featuredmedia":[{"embeddable":true,"href":"https:\/\/www.grupomedcof.com.br\/blog\/wp-json\/wp\/v2\/media\/43702"}],"wp:attachment":[{"href":"https:\/\/www.grupomedcof.com.br\/blog\/wp-json\/wp\/v2\/media?parent=43694"}],"wp:term":[{"taxonomy":"category","embeddable":true,"href":"https:\/\/www.grupomedcof.com.br\/blog\/wp-json\/wp\/v2\/categories?post=43694"},{"taxonomy":"post_tag","embeddable":true,"href":"https:\/\/www.grupomedcof.com.br\/blog\/wp-json\/wp\/v2\/tags?post=43694"},{"taxonomy":"author","embeddable":true,"href":"https:\/\/www.grupomedcof.com.br\/blog\/wp-json\/wp\/v2\/ppma_author?post=43694"}],"curies":[{"name":"wp","href":"https:\/\/api.w.org\/{rel}","templated":true}]}}