{"id":43806,"date":"2026-04-29T13:47:28","date_gmt":"2026-04-29T16:47:28","guid":{"rendered":"https:\/\/www.grupomedcof.com.br\/blog\/?p=43806"},"modified":"2026-04-29T13:54:57","modified_gmt":"2026-04-29T16:54:57","slug":"concurso-sao-leopoldo","status":"publish","type":"post","link":"https:\/\/www.grupomedcof.com.br\/blog\/concurso-sao-leopoldo\/","title":{"rendered":"Concurso S\u00e3o Leopoldo: vagas com sal\u00e1rios de at\u00e9 R$ 7,2 mil"},"content":{"rendered":"<div id=\"ez-toc-container\" class=\"ez-toc-v2_0_74 counter-hierarchy ez-toc-counter ez-toc-transparent ez-toc-container-direction\">\n<div class=\"ez-toc-title-container\">\n<p class=\"ez-toc-title\" style=\"cursor:inherit\">Sum\u00e1rio<\/p>\n<span class=\"ez-toc-title-toggle\"><a href=\"#\" class=\"ez-toc-pull-right ez-toc-btn ez-toc-btn-xs ez-toc-btn-default ez-toc-toggle\" aria-label=\"Alternar tabela de conte\u00fado\"><span class=\"ez-toc-js-icon-con\"><span class=\"\"><span class=\"eztoc-hide\" style=\"display:none;\">Toggle<\/span><span class=\"ez-toc-icon-toggle-span\"><svg style=\"fill: #999;color:#999\" xmlns=\"http:\/\/www.w3.org\/2000\/svg\" class=\"list-377408\" width=\"20px\" height=\"20px\" viewBox=\"0 0 24 24\" fill=\"none\"><path d=\"M6 6H4v2h2V6zm14 0H8v2h12V6zM4 11h2v2H4v-2zm16 0H8v2h12v-2zM4 16h2v2H4v-2zm16 0H8v2h12v-2z\" fill=\"currentColor\"><\/path><\/svg><svg style=\"fill: #999;color:#999\" class=\"arrow-unsorted-368013\" xmlns=\"http:\/\/www.w3.org\/2000\/svg\" width=\"10px\" height=\"10px\" viewBox=\"0 0 24 24\" version=\"1.2\" baseProfile=\"tiny\"><path d=\"M18.2 9.3l-6.2-6.3-6.2 6.3c-.2.2-.3.4-.3.7s.1.5.3.7c.2.2.4.3.7.3h11c.3 0 .5-.1.7-.3.2-.2.3-.5.3-.7s-.1-.5-.3-.7zM5.8 14.7l6.2 6.3 6.2-6.3c.2-.2.3-.5.3-.7s-.1-.5-.3-.7c-.2-.2-.4-.3-.7-.3h-11c-.3 0-.5.1-.7.3-.2.2-.3.5-.3.7s.1.5.3.7z\"\/><\/svg><\/span><\/span><\/span><\/a><\/span><\/div>\n<nav><ul class='ez-toc-list ez-toc-list-level-1 ' ><li class='ez-toc-page-1 ez-toc-heading-level-2'><a class=\"ez-toc-link ez-toc-heading-1\" href=\"https:\/\/www.grupomedcof.com.br\/blog\/concurso-sao-leopoldo\/#Garanta_a_maior_condicao_da_historia_do_Grupo_MedCof\" >Garanta a maior condi\u00e7\u00e3o da hist\u00f3ria do Grupo MedCof!&nbsp;<\/a><\/li><li class='ez-toc-page-1 ez-toc-heading-level-2'><a class=\"ez-toc-link ez-toc-heading-2\" href=\"https:\/\/www.grupomedcof.com.br\/blog\/concurso-sao-leopoldo\/#Quais_sao_as_vagas_disponiveis\" >Quais s\u00e3o as vagas dispon\u00edveis?<\/a><ul class='ez-toc-list-level-3' ><li class='ez-toc-heading-level-3'><a class=\"ez-toc-link ez-toc-heading-3\" href=\"https:\/\/www.grupomedcof.com.br\/blog\/concurso-sao-leopoldo\/#Superior\" >Superior<\/a><\/li><li class='ez-toc-page-1 ez-toc-heading-level-3'><a class=\"ez-toc-link ez-toc-heading-4\" href=\"https:\/\/www.grupomedcof.com.br\/blog\/concurso-sao-leopoldo\/#Medio\" >M\u00e9dio<\/a><\/li><li class='ez-toc-page-1 ez-toc-heading-level-3'><a class=\"ez-toc-link ez-toc-heading-5\" href=\"https:\/\/www.grupomedcof.com.br\/blog\/concurso-sao-leopoldo\/#Tecnico\" >T\u00e9cnico<\/a><\/li><\/ul><\/li><li class='ez-toc-page-1 ez-toc-heading-level-2'><a class=\"ez-toc-link ez-toc-heading-6\" href=\"https:\/\/www.grupomedcof.com.br\/blog\/concurso-sao-leopoldo\/#Como_se_inscrever\" >Como se inscrever?<\/a><ul class='ez-toc-list-level-3' ><li class='ez-toc-heading-level-3'><a class=\"ez-toc-link ez-toc-heading-7\" href=\"https:\/\/www.grupomedcof.com.br\/blog\/concurso-sao-leopoldo\/#Valores_das_taxas_de_inscricao\" >Valores das taxas de inscri\u00e7\u00e3o&nbsp;<\/a><\/li><\/ul><\/li><li class='ez-toc-page-1 ez-toc-heading-level-2'><a class=\"ez-toc-link ez-toc-heading-8\" href=\"https:\/\/www.grupomedcof.com.br\/blog\/concurso-sao-leopoldo\/#Como_vai_funcionar_o_concurso\" >Como vai funcionar o concurso?<\/a><ul class='ez-toc-list-level-3' ><li class='ez-toc-heading-level-3'><a class=\"ez-toc-link ez-toc-heading-9\" href=\"https:\/\/www.grupomedcof.com.br\/blog\/concurso-sao-leopoldo\/#Prova_Objetiva\" >Prova Objetiva<\/a><\/li><\/ul><\/li><li class='ez-toc-page-1 ez-toc-heading-level-2'><a class=\"ez-toc-link ez-toc-heading-10\" href=\"https:\/\/www.grupomedcof.com.br\/blog\/concurso-sao-leopoldo\/#Quais_os_requisitos_para_as_vagas\" >Quais os requisitos para as vagas?<\/a><\/li><li class='ez-toc-page-1 ez-toc-heading-level-2'><a class=\"ez-toc-link ez-toc-heading-11\" href=\"https:\/\/www.grupomedcof.com.br\/blog\/concurso-sao-leopoldo\/#Concurso_Sao_Leopoldo_Cronograma\" >Concurso S\u00e3o Leopoldo: Cronograma<\/a><\/li><li class='ez-toc-page-1 ez-toc-heading-level-2'><a class=\"ez-toc-link ez-toc-heading-12\" href=\"https:\/\/www.grupomedcof.com.br\/blog\/concurso-sao-leopoldo\/#Para_saber_mais_confira_o_edital\" >Para saber mais, confira o edital!<\/a><\/li><li class='ez-toc-page-1 ez-toc-heading-level-2'><a class=\"ez-toc-link ez-toc-heading-13\" href=\"https:\/\/www.grupomedcof.com.br\/blog\/concurso-sao-leopoldo\/#Conquiste_sua_aprovacao_com_a_MedCof\" >Conquiste sua aprova\u00e7\u00e3o com a MedCof!<\/a><\/li><\/ul><\/nav><\/div>\n\n<figure class=\"wp-block-image size-large\"><img loading=\"lazy\" decoding=\"async\" width=\"1024\" height=\"576\" src=\"https:\/\/www.grupomedcof.com.br\/blog\/wp-content\/uploads\/2026\/04\/Modelo-instituicoes-33-1024x576.jpg\" alt=\"concurso s\u00e3o leopoldo\" class=\"wp-image-43809\" srcset=\"https:\/\/www.grupomedcof.com.br\/blog\/wp-content\/uploads\/2026\/04\/Modelo-instituicoes-33-1024x576.jpg 1024w, https:\/\/www.grupomedcof.com.br\/blog\/wp-content\/uploads\/2026\/04\/Modelo-instituicoes-33-300x169.jpg 300w, https:\/\/www.grupomedcof.com.br\/blog\/wp-content\/uploads\/2026\/04\/Modelo-instituicoes-33-768x432.jpg 768w, https:\/\/www.grupomedcof.com.br\/blog\/wp-content\/uploads\/2026\/04\/Modelo-instituicoes-33-1536x864.jpg 1536w, https:\/\/www.grupomedcof.com.br\/blog\/wp-content\/uploads\/2026\/04\/Modelo-instituicoes-33-747x420.jpg 747w, https:\/\/www.grupomedcof.com.br\/blog\/wp-content\/uploads\/2026\/04\/Modelo-instituicoes-33-150x84.jpg 150w, https:\/\/www.grupomedcof.com.br\/blog\/wp-content\/uploads\/2026\/04\/Modelo-instituicoes-33-696x392.jpg 696w, https:\/\/www.grupomedcof.com.br\/blog\/wp-content\/uploads\/2026\/04\/Modelo-instituicoes-33-1068x601.jpg 1068w, https:\/\/www.grupomedcof.com.br\/blog\/wp-content\/uploads\/2026\/04\/Modelo-instituicoes-33.jpg 1920w\" sizes=\"auto, (max-width: 1024px) 100vw, 1024px\" \/><\/figure>\n\n\n\n<p>A <strong>Prefeitura Municipal de S\u00e3o Leopoldo<\/strong>, no Rio Grande do Sul, publicou o Edital de Abertura n\u00ba 02\/2026, de 07 de abril de 2026, para realiza\u00e7\u00e3o de Concurso P\u00fablico destinado ao provimento de cargos efetivos e forma\u00e7\u00e3o de Cadastro de Reserva para o quadro municipal.<\/p>\n\n\n\n<p>O processo seletivo \u00e9 <strong>organizado pela Funda\u00e7\u00e3o La Salle<\/strong> <strong>e <\/strong>oferece vagas nos n\u00edveis m\u00e9dio, t\u00e9cnico e superior, com <strong>sal\u00e1rios que chegam a R$ 7.211,97 para os cargos de M\u00e9dico do Trabalho (24h semanais). <\/strong>Todos os aprovados ingressam sob o regime estatut\u00e1rio.<\/p>\n\n\n\n<h2 class=\"wp-block-heading\" id=\"h-garanta-a-maior-condicao-da-historia-do-grupo-medcof-nbsp\"><span class=\"ez-toc-section\" id=\"Garanta_a_maior_condicao_da_historia_do_Grupo_MedCof\"><\/span><strong>Garanta a maior condi\u00e7\u00e3o da hist\u00f3ria do Grupo MedCof!&nbsp;<\/strong><span class=\"ez-toc-section-end\"><\/span><\/h2>\n\n\n\n<p>A oportunidade que voc\u00ea esperava para&nbsp;<strong>transformar sua carreira m\u00e9dica chegou<\/strong>. Seja para conquistar a vaga na Resid\u00eancia, obter seu T\u00edtulo de Especialista ou revalidar seu diploma no Brasil ou no exterior, o&nbsp;<strong>Grupo MedCof oferece a metodologia l\u00edder em aprova\u00e7\u00e3o&nbsp;<\/strong>com ferramentas de intelig\u00eancia artificial e suporte de subespecialistas.<\/p>\n\n\n\n<p>Faltam poucas horas para o encerramento da nossa maior a\u00e7\u00e3o de vendas:&nbsp;<strong>todos os preparat\u00f3rios<\/strong>&nbsp;do ecossistema est\u00e3o com&nbsp;<strong>condi\u00e7\u00f5es exclusivas e in\u00e9ditas<\/strong>.&nbsp;<\/p>\n\n\n\n<p>Clique no bot\u00e3o abaixo, fale agora com nosso&nbsp;<strong>time comercial via WhatsApp<\/strong>&nbsp;e garanta seu acesso com desconto especial at\u00e9 o dia 30\/04 \u00e0s 23:59!<\/p>\n\n\n\n<div class=\"wp-block-buttons is-layout-flex wp-block-buttons-is-layout-flex\">\n<div class=\"wp-block-button\"><a class=\"wp-block-button__link wp-element-button\" href=\"https:\/\/api.whatsapp.com\/send\/?phone=551150281610&amp;text=Vim+pelo+Blog+do+Grupo+Medcof+e+quero+saber+a+condi%C3%A7%C3%A3o+especial.&amp;type=phone_number&amp;app_absent=0&amp;utm_campaign=blog-comercial-condicao-especial&amp;utm_source=blog-comercial-condicao-especial\"><strong>QUERO GARANTIR MINHA CONDI\u00c7\u00c3O ESPECIAL<\/strong><\/a><\/div>\n<\/div>\n\n\n\n<h2 class=\"wp-block-heading\" id=\"h-quais-sao-as-vagas-disponiveis\"><span class=\"ez-toc-section\" id=\"Quais_sao_as_vagas_disponiveis\"><\/span><strong>Quais s\u00e3o as vagas dispon\u00edveis?<\/strong><span class=\"ez-toc-section-end\"><\/span><\/h2>\n\n\n\n<p>O edital contempla vagas imediatas e de Cadastro de Reserva (C.R.) em tr\u00eas n\u00edveis:<\/p>\n\n\n\n<h3 class=\"wp-block-heading\" id=\"h-superior\"><span class=\"ez-toc-section\" id=\"Superior\"><\/span><strong>Superior<\/strong><span class=\"ez-toc-section-end\"><\/span><\/h3>\n\n\n\n<figure class=\"wp-block-table\"><table class=\"has-fixed-layout\"><tbody><tr><td><strong>Cargo<\/strong><\/td><td><strong>Vagas<\/strong><\/td><td><strong>Carga Hor\u00e1ria<\/strong><\/td><td><strong>Sal\u00e1rio<\/strong><\/td><\/tr><tr><td>M\u00e9dico do Trabalho<\/td><td>C.R.<\/td><td>24h<\/td><td>R$ 7.211,97<\/td><\/tr><tr><td>Analista de Sistemas<\/td><td>C.R.<\/td><td>30h<\/td><td>R$ 6.938,40<\/td><\/tr><tr><td>Analista em Seguran\u00e7a da Informa\u00e7\u00e3o<\/td><td>01 + C.R.<\/td><td>30h<\/td><td>R$ 6.938,40<\/td><\/tr><tr><td>Analista em Tecnologia da Informa\u00e7\u00e3o<\/td><td>03 + C.R.<\/td><td>30h<\/td><td>R$ 6.938,40<\/td><\/tr><tr><td>Arquiteto<\/td><td>C.R.<\/td><td>30h<\/td><td>R$ 6.009,98<\/td><\/tr><tr><td>Arquivista<\/td><td>01 + C.R.<\/td><td>30h<\/td><td>R$ 5.388,78<\/td><\/tr><tr><td>Assistente Social<\/td><td>C.R.<\/td><td>30h<\/td><td>R$ 6.009,98<\/td><\/tr><tr><td>Bi\u00f3logo<\/td><td>C.R.<\/td><td>30h<\/td><td>R$ 6.009,98<\/td><\/tr><tr><td>Cirurgi\u00e3o Dentista\/Endodontista<\/td><td>01 + C.R.<\/td><td>24h<\/td><td>R$ 6.009,98<\/td><\/tr><tr><td>Cirurgi\u00e3o Dentista\/Periodontista<\/td><td>C.R.<\/td><td>24h<\/td><td>R$ 6.009,98<\/td><\/tr><tr><td>Contador<\/td><td>C.R.<\/td><td>30h<\/td><td>R$ 6.938,40<\/td><\/tr><tr><td>Enfermeiro<\/td><td>C.R.<\/td><td>30h<\/td><td>R$ 6.009,98<\/td><\/tr><tr><td>Engenheiro Ambiental<\/td><td>C.R.<\/td><td>30h<\/td><td>R$ 6.009,98<\/td><\/tr><tr><td>Engenheiro Civil<\/td><td>C.R.<\/td><td>30h<\/td><td>R$ 6.009,98<\/td><\/tr><tr><td>Fiscal Tribut\u00e1rio<\/td><td>C.R.<\/td><td>40h<\/td><td>R$ 6.938,40<\/td><\/tr><tr><td>Fonoaudi\u00f3logo<\/td><td>C.R.<\/td><td>30h<\/td><td>R$ 5.388,78<\/td><\/tr><tr><td>M\u00e9dico Veterin\u00e1rio<\/td><td>C.R.<\/td><td>24h<\/td><td>R$ 7.211,97<\/td><\/tr><tr><td>Nutricionista<\/td><td>C.R.<\/td><td>30h<\/td><td>R$ 6.009,98<\/td><\/tr><tr><td>Odont\u00f3logo Cirurgi\u00e3o Bucomaxilofacial<\/td><td>C.R.<\/td><td>24h<\/td><td>R$ 6.009,98<\/td><\/tr><tr><td>Odontopediatra<\/td><td>C.R.<\/td><td>24h<\/td><td>R$ 6.009,98<\/td><\/tr><tr><td>Procurador do Munic\u00edpio<\/td><td>C.R.<\/td><td>20h<\/td><td>R$ 6.938,40<\/td><\/tr><tr><td>Psic\u00f3logo<\/td><td>C.R.<\/td><td>30h<\/td><td>R$ 6.009,98<\/td><\/tr><\/tbody><\/table><\/figure>\n\n\n\n<h3 class=\"wp-block-heading\" id=\"h-medio\"><span class=\"ez-toc-section\" id=\"Medio\"><\/span><strong>M\u00e9dio<\/strong><span class=\"ez-toc-section-end\"><\/span><\/h3>\n\n\n\n<figure class=\"wp-block-table\"><table class=\"has-fixed-layout\"><tbody><tr><td><strong>Cargo<\/strong><\/td><td><strong>Vagas<\/strong><\/td><td><strong>Carga Hor\u00e1ria<\/strong><\/td><td><strong>Sal\u00e1rio<\/strong><\/td><\/tr><tr><td>Agente Administrativo III<\/td><td>05 + C.R.<\/td><td>40h<\/td><td>R$ 2.783,69<\/td><\/tr><tr><td>Agente de Cadastramento em Programas Sociais<\/td><td>C.R.<\/td><td>40h<\/td><td>R$ 2.450,98<\/td><\/tr><tr><td>Agente Defesa Civil<\/td><td>05 + C.R.<\/td><td>40h<\/td><td>R$ 3.178,78<\/td><\/tr><tr><td>Atendente Social<\/td><td>03 + C.R.<\/td><td>40h<\/td><td>R$ 2.450,98<\/td><\/tr><tr><td>Auxiliar de Sa\u00fade Bucal<\/td><td>05 + C.R.<\/td><td>40h<\/td><td>R$ 2.450,98<\/td><\/tr><tr><td>Educador Social<\/td><td>C.R.<\/td><td>40h<\/td><td>R$ 2.450,98<\/td><\/tr><tr><td>Fiscal Municipal<\/td><td>C.R.<\/td><td>40h<\/td><td>R$ 2.783,69<\/td><\/tr><\/tbody><\/table><\/figure>\n\n\n\n<h3 class=\"wp-block-heading\" id=\"h-tecnico\"><span class=\"ez-toc-section\" id=\"Tecnico\"><\/span><strong>T\u00e9cnico<\/strong><span class=\"ez-toc-section-end\"><\/span><\/h3>\n\n\n\n<figure class=\"wp-block-table\"><table class=\"has-fixed-layout\"><tbody><tr><td><strong>Cargo<\/strong><\/td><td><strong>Vagas<\/strong><\/td><td><strong>Carga Hor\u00e1ria<\/strong><\/td><td><strong>Sal\u00e1rio<\/strong><\/td><\/tr><tr><td>Agente de Fiscaliza\u00e7\u00e3o Ambiental Qu\u00edmico<\/td><td>C.R.<\/td><td>40h<\/td><td>R$ 3.199,72<\/td><\/tr><tr><td>Agente de Fiscaliza\u00e7\u00e3o Ambiental Tratamento de Efluentes<\/td><td>C.R.<\/td><td>40h<\/td><td>R$ 3.178,78<\/td><\/tr><tr><td>T\u00e9cnico de Enfermagem<\/td><td>03 + C.R.<\/td><td>36h<\/td><td>R$ 3.199,72<\/td><\/tr><tr><td>T\u00e9cnico em Eletrot\u00e9cnico<\/td><td>C.R.<\/td><td>40h<\/td><td>R$ 3.199,72<\/td><\/tr><tr><td>T\u00e9cnico em Desenvolvimento de Sistemas<\/td><td>02 + C.R.<\/td><td>40h<\/td><td>R$ 3.199,72<\/td><\/tr><tr><td>T\u00e9cnico em Rede de Computadores<\/td><td>04 + C.R.<\/td><td>40h<\/td><td>R$ 3.199,72<\/td><\/tr><tr><td>T\u00e9cnico em Tecnologia da Informa\u00e7\u00e3o<\/td><td>12 + C.R.<\/td><td>40h<\/td><td>R$ 3.199,72<\/td><\/tr><tr><td>Top\u00f3grafo<\/td><td>C.R.<\/td><td>40h<\/td><td>R$ 3.199,72<\/td><\/tr><\/tbody><\/table><\/figure>\n\n\n\n<p>Al\u00e9m do vencimento b\u00e1sico, todos os servidores recebem <strong>aux\u00edlio-alimenta\u00e7\u00e3o de R$ 792,74 e aux\u00edlio-transporte de R$ 257,40.<\/strong><\/p>\n\n\n\n<h2 class=\"wp-block-heading\" id=\"h-como-se-inscrever\"><span class=\"ez-toc-section\" id=\"Como_se_inscrever\"><\/span><strong>Como se inscrever?<\/strong><span class=\"ez-toc-section-end\"><\/span><\/h2>\n\n\n\n<p>As inscri\u00e7\u00f5es devem ser realizadas exclusivamente pelo site <strong>fundacaolasalle.org.br\/concursos<\/strong>, no per\u00edodo de <strong>07\/04\/2026 a 06\/05\/2026<\/strong> (at\u00e9 as 17h do \u00faltimo dia). O edital reserva vagas para Pessoas com Defici\u00eancia (5%), Pessoas Pretas ou Pardas (20%), Ind\u00edgenas (2%), Quilombolas (2%) e Pessoas Trans (1%). N\u00e3o h\u00e1 isen\u00e7\u00e3o da taxa de inscri\u00e7\u00e3o.<\/p>\n\n\n\n<h3 class=\"wp-block-heading\" id=\"h-valores-das-taxas-de-inscricao-nbsp\"><span class=\"ez-toc-section\" id=\"Valores_das_taxas_de_inscricao\"><\/span><strong>Valores das taxas de inscri\u00e7\u00e3o&nbsp;<\/strong><span class=\"ez-toc-section-end\"><\/span><\/h3>\n\n\n\n<figure class=\"wp-block-table\"><table class=\"has-fixed-layout\"><tbody><tr><td><strong>N\u00edvel<\/strong><\/td><td><strong>Valor<\/strong><\/td><\/tr><tr><td>M\u00e9dio e T\u00e9cnico<\/td><td>R$ 190,20<\/td><\/tr><tr><td>Superior<\/td><td>R$ 253,60<\/td><\/tr><\/tbody><\/table><\/figure>\n\n\n\n<h2 class=\"wp-block-heading\" id=\"h-como-vai-funcionar-o-concurso\"><span class=\"ez-toc-section\" id=\"Como_vai_funcionar_o_concurso\"><\/span><strong>Como vai funcionar o concurso?<\/strong><span class=\"ez-toc-section-end\"><\/span><\/h2>\n\n\n\n<p>As etapas variam conforme o cargo:<\/p>\n\n\n\n<figure class=\"wp-block-table\"><table class=\"has-fixed-layout\"><tbody><tr><td><strong>Grupo de Cargos<\/strong><\/td><td><strong>Etapas<\/strong><\/td><\/tr><tr><td>Todos os cargos<\/td><td>Prova Objetiva (eliminat\u00f3ria e classificat\u00f3ria)<\/td><\/tr><tr><td>Procurador do Munic\u00edpio<\/td><td>Prova Objetiva + Prova Discursiva + Avalia\u00e7\u00e3o de T\u00edtulos<\/td><\/tr><\/tbody><\/table><\/figure>\n\n\n\n<h3 class=\"wp-block-heading\" id=\"h-prova-objetiva\"><span class=\"ez-toc-section\" id=\"Prova_Objetiva\"><\/span><strong>Prova Objetiva<\/strong><span class=\"ez-toc-section-end\"><\/span><\/h3>\n\n\n\n<p>A prova ser\u00e1 realizada em <strong>05\/07\/2026<\/strong>, em S\u00e3o Leopoldo\/RS e, se necess\u00e1rio, em munic\u00edpios da regi\u00e3o. Todas as provas t\u00eam 40 quest\u00f5es de m\u00faltipla escolha, com nota m\u00ednima de 50 pontos para aprova\u00e7\u00e3o.<\/p>\n\n\n\n<p>Para os cargos de n\u00edvel m\u00e9dio, a prova abrange L\u00edngua Portuguesa (15 quest\u00f5es), Racioc\u00ednio L\u00f3gico\/Matem\u00e1tica (10), Legisla\u00e7\u00e3o (10) e Inform\u00e1tica (5). Para os n\u00edveis t\u00e9cnico e superior, s\u00e3o 10 quest\u00f5es de Conhecimentos Espec\u00edficos, 10 de L\u00edngua Portuguesa, 10 de Legisla\u00e7\u00e3o e 10 de Racioc\u00ednio L\u00f3gico\/Matem\u00e1tica.<\/p>\n\n\n\n<h2 class=\"wp-block-heading\" id=\"h-quais-os-requisitos-para-as-vagas\"><span class=\"ez-toc-section\" id=\"Quais_os_requisitos_para_as_vagas\"><\/span><strong>Quais os requisitos para as vagas?<\/strong><span class=\"ez-toc-section-end\"><\/span><\/h2>\n\n\n\n<p>Todas as vagas possuem um requisito m\u00ednimo, que varia de acordo com o n\u00edvel de escolaridade:<\/p>\n\n\n\n<figure class=\"wp-block-table\"><table class=\"has-fixed-layout\"><tbody><tr><td><strong>Cargo<\/strong><\/td><td><strong>Requisito<\/strong><\/td><\/tr><tr><td>M\u00e9dico do Trabalho<\/td><td>Curso superior completo em Medicina com t\u00edtulo de especializa\u00e7\u00e3o em Medicina do Trabalho e registro no \u00f3rg\u00e3o de classe (CREMERS).&nbsp;<\/td><\/tr><tr><td>Agente administrativo II<\/td><td>N\u00edvel m\u00e9dio completo.&nbsp;<\/td><\/tr><tr><td>Agente de cadastramento em programas sociais<\/td><td>Ensino M\u00e9dio Completo.&nbsp;<\/td><\/tr><tr><td>Agente defesa civil&nbsp;<\/td><td>Ensino m\u00e9dio completo, carteira nacional de habilita\u00e7\u00e3o &#8211; CNH categoria B.&nbsp;<\/td><\/tr><tr><td>Atendente social&nbsp;<\/td><td>Ensino m\u00e9dio completo.&nbsp;<\/td><\/tr><tr><td>Auxiliar de sa\u00fade bucal&nbsp;<\/td><td>Ensino m\u00e9dio completo e inscri\u00e7\u00e3o no Conselho Regional de Odontologia.&nbsp;<\/td><\/tr><tr><td>Educador social<\/td><td>Ensino M\u00e9dio Completo.&nbsp;<\/td><\/tr><tr><td>Fiscal municipal<\/td><td>Ensino m\u00e9dio completo.&nbsp;<\/td><\/tr><tr><td>Agente de fiscaliza\u00e7\u00e3o ambiental qu\u00edmico<\/td><td>Curso T\u00e9cnico de Qu\u00edmica.&nbsp;<\/td><\/tr><tr><td>Agente de fiscaliza\u00e7\u00e3o ambiental em tratamento de efluentes&nbsp;<\/td><td>Curso T\u00e9cnico de Tratamento de Efluentes e\/ou T\u00e9cnico em Meio Ambiente.&nbsp;<\/td><\/tr><tr><td>T\u00e9cnico em enfermagem<\/td><td>Curso T\u00e9cnico de Enfermagem e registro no COREN.&nbsp;<\/td><\/tr><tr><td>T\u00e9cnico em eletrot\u00e9cnico<\/td><td>Ensino m\u00e9dio completo e Curso T\u00e9cnico em Eletrot\u00e9cnica, fornecido por institui\u00e7\u00e3o de ensino oficial ou reconhecida pelo Minist\u00e9rio da Educa\u00e7\u00e3o e registro no respectivo Conselho (CREA).&nbsp;<\/td><\/tr><tr><td>T\u00e9cnico em desenvolvimento de sistemas&nbsp;<\/td><td rowspan=\"3\">Forma\u00e7\u00e3o na \u00e1rea de Tecnologia da Informa\u00e7\u00e3o (TI), com exce\u00e7\u00e3o de cursos de Gest\u00e3o em TI, comprovada por uma das seguintes op\u00e7\u00f5es:\u00a0a) Diploma de conclus\u00e3o de curso t\u00e9cnico na \u00e1rea de TI, emitido por institui\u00e7\u00e3o de ensino reconhecida pelo Minist\u00e9rio da Educa\u00e7\u00e3o; OU\u00a0<br>b) Comprova\u00e7\u00e3o de matr\u00edcula regular em curso de Ensino Superior na \u00e1rea de TI, em institui\u00e7\u00e3o de ensino reconhecida pelo Minist\u00e9rio da Educa\u00e7\u00e3o, com aproveitamento de, no m\u00ednimo, 1.200 horas da carga hor\u00e1ria total do curso.\u00a0<\/td><\/tr><tr><td>T\u00e9cnico em redes de computadores<\/td><\/tr><tr><td>T\u00e9cnico em tecnologia da informa\u00e7\u00e3o<\/td><\/tr><tr><td>Top\u00f3grafo<\/td><td>Curso T\u00e9cnico em Topografia e registro regular no CREA.&nbsp;<\/td><\/tr><tr><td>Analista de sistemas<\/td><td>Curso superior completo na \u00e1rea profissional: An\u00e1lise e Desenvolvimento de Sistemas, Sistemas para Internet, Sistemas de Informa\u00e7\u00e3o, Ci\u00eancia da Computa\u00e7\u00e3o, Engenharia da Computa\u00e7\u00e3o ou Engenharia de Software.&nbsp;<\/td><\/tr><tr><td>Analista em seguran\u00e7a da informa\u00e7\u00e3o<\/td><td>Curso superior completo na \u00e1rea profissional: Seguran\u00e7a da Informa\u00e7\u00e3o (Ciberseguran\u00e7a), Redes de Computadores, Sistemas de Informa\u00e7\u00e3o, Ci\u00eancia da Computa\u00e7\u00e3o ou Engenharia da Computa\u00e7\u00e3o.&nbsp;<\/td><\/tr><tr><td>Analista em tecnologia da informa\u00e7\u00e3o<\/td><td>Curso superior completo na \u00e1rea de Tecnologia da Informa\u00e7\u00e3o.&nbsp;<\/td><\/tr><tr><td>Arquiteto<\/td><td>Gradua\u00e7\u00e3o em curso superior de Arquitetura ou Arquitetura e Urbanismo e registro no CAU\/RS.&nbsp;<\/td><\/tr><tr><td>Arquivista<\/td><td>Curso superior de Arquivologia, reconhecido na forma da lei.&nbsp;<\/td><\/tr><tr><td>Assistente social<\/td><td>Curso superior em Assist\u00eancia Social ou Servi\u00e7o Social e registro no CRESS\/RS.&nbsp;<\/td><\/tr><tr><td>Bi\u00f3logo<\/td><td>Curso superior em Biologia e registro no CRBio\/RS.&nbsp;<\/td><\/tr><tr><td>Cirurgi\u00e3o dentista\/endodontista<\/td><td>Curso superior completo em Odontologia com Especializa\u00e7\u00e3o em Endodontia e Registro Profissional no CRO\/RS.&nbsp;<\/td><\/tr><tr><td>Cirurgi\u00e3o dentista\/periodontista<\/td><td>Curso superior completo em Odontologia com Especializa\u00e7\u00e3o em Periodontista e Registro Profissional no CRO\/RS.&nbsp;<\/td><\/tr><tr><td>Contador<\/td><td>Curso superior completo em Contabilidade e registro no CRC.&nbsp;<\/td><\/tr><tr><td>Enfermeiro<\/td><td>N\u00edvel superior completo em curso de Enfermagem e registro no respectivo \u00f3rg\u00e3o de classe.&nbsp;<\/td><\/tr><tr><td>Engenheiro ambiental<\/td><td>Curso superior completo em Engenharia Ambiental e registro no CREA.&nbsp;<\/td><\/tr><tr><td>Engenheiro civil<\/td><td>Curso superior completo em Engenharia e registro CREA.&nbsp;<\/td><\/tr><tr><td>Fiscal Tribut\u00e1rio&nbsp;<\/td><td>Curso superior completo, com gradua\u00e7\u00e3o acad\u00eamica em licenciatura ou bacharelado.&nbsp;<\/td><\/tr><tr><td>Fonoaudi\u00f3logo<\/td><td>Curso superior completo em Fonoaudiologia e registro no respectivo \u00f3rg\u00e3o de classe.&nbsp;<\/td><\/tr><tr><td>M\u00e9dico veterin\u00e1rio<\/td><td>Curso superior completo em Medicina Veterin\u00e1ria acrescido de registro no respectivo \u00f3rg\u00e3o de classe.&nbsp;<\/td><\/tr><tr><td>Nutricionista<\/td><td>Curso superior completo em Nutri\u00e7\u00e3o e registro CRN\/RS.&nbsp;<\/td><\/tr><tr><td>Odont\u00f3logo cirurgi\u00e3o bucomaxilofacial&nbsp;<\/td><td>Curso superior completo com resid\u00eancia m\u00e9dica em Odontologia com registro no \u00d3rg\u00e3o de Classe e Especializa\u00e7\u00e3o em Bucomaxilia na \u00e1rea \/registro no respectivo \u00f3rg\u00e3o de classe.&nbsp;<\/td><\/tr><tr><td>Odontopediatria<\/td><td>Curso superior completo em Odontologia com t\u00edtulo de especializa\u00e7\u00e3o em Odontopediatria e registro no \u00f3rg\u00e3o de classe (CRO\/RS).&nbsp;<\/td><\/tr><tr><td>Procurador do munic\u00edpio&nbsp;<\/td><td>Curso superior completo em Direito ou Ci\u00eancias Jur\u00eddicas e Sociais e registro na OAB\/RS.&nbsp;<\/td><\/tr><tr><td>Psic\u00f3logo<\/td><td>Curso superior completo em Psicologia e registro CRP\/RS.&nbsp;<\/td><\/tr><\/tbody><\/table><\/figure>\n\n\n\n<h2 class=\"wp-block-heading\" id=\"h-concurso-sao-leopoldo-cronograma\"><span class=\"ez-toc-section\" id=\"Concurso_Sao_Leopoldo_Cronograma\"><\/span><strong>Concurso S\u00e3o Leopoldo: Cronograma<\/strong><span class=\"ez-toc-section-end\"><\/span><\/h2>\n\n\n\n<figure class=\"wp-block-table\"><table class=\"has-fixed-layout\"><tbody><tr><td><strong>Evento<\/strong><\/td><td><strong>Data<\/strong><\/td><\/tr><tr><td>Publica\u00e7\u00e3o do Edital<\/td><td>07\/04\/2026<\/td><\/tr><tr><td><strong>Per\u00edodo de Inscri\u00e7\u00f5es<\/strong><\/td><td><strong>07\/04 a 06\/05\/2026<\/strong><\/td><\/tr><tr><td>Resultado Preliminar das Inscri\u00e7\u00f5es<\/td><td>22\/05\/2026<\/td><\/tr><tr><td>Resultado Homologado das Inscri\u00e7\u00f5es<\/td><td>09\/06\/2026<\/td><\/tr><tr><td>Divulga\u00e7\u00e3o dos Locais de Prova<\/td><td>26\/06\/2026<\/td><\/tr><tr><td><strong>Realiza\u00e7\u00e3o da Prova Objetiva<\/strong><\/td><td><strong>05\/07\/2026<\/strong><\/td><\/tr><tr><td>Gabaritos Preliminares<\/td><td>06\/07\/2026<\/td><\/tr><tr><td>Gabaritos Oficiais<\/td><td>21\/07\/2026<\/td><\/tr><tr><td>Notas Homologadas<\/td><td>30\/07\/2026<\/td><\/tr><tr><td>Provas Discursivas (Procurador)<\/td><td>09\/08\/2026<\/td><\/tr><tr><td><strong>Homologa\u00e7\u00e3o do Resultado Final<\/strong><\/td><td><strong>03\/09\/2026<\/strong><\/td><\/tr><\/tbody><\/table><\/figure>\n\n\n\n<p>O prazo de validade do concurso \u00e9 de 2 anos a partir da homologa\u00e7\u00e3o do resultado final, podendo ser prorrogado por igual per\u00edodo a crit\u00e9rio do Munic\u00edpio de S\u00e3o Leopoldo.<\/p>\n\n\n\n<h2 class=\"wp-block-heading\" id=\"h-para-saber-mais-confira-o-edital\"><span class=\"ez-toc-section\" id=\"Para_saber_mais_confira_o_edital\"><\/span><strong>Para saber mais, confira o edital!<\/strong><span class=\"ez-toc-section-end\"><\/span><\/h2>\n\n\n\n<div data-wp-interactive=\"core\/file\" class=\"wp-block-file\"><object data-wp-bind--hidden=\"!state.hasPdfPreview\" hidden class=\"wp-block-file__embed\" data=\"https:\/\/www.grupomedcof.com.br\/blog\/wp-content\/uploads\/2026\/04\/ed_abert_v3__saoleopoldo0226.pdf\" type=\"application\/pdf\" style=\"width:100%;height:600px\" aria-label=\"Incorporado de edital s\u00e3o leopoldo.\"><\/object><a id=\"wp-block-file--media-7f641b7d-486a-456b-8665-8fa883e9e365\" href=\"https:\/\/www.grupomedcof.com.br\/blog\/wp-content\/uploads\/2026\/04\/ed_abert_v3__saoleopoldo0226.pdf\">edital s\u00e3o leopoldo<\/a><a href=\"https:\/\/www.grupomedcof.com.br\/blog\/wp-content\/uploads\/2026\/04\/ed_abert_v3__saoleopoldo0226.pdf\" class=\"wp-block-file__button wp-element-button\" download aria-describedby=\"wp-block-file--media-7f641b7d-486a-456b-8665-8fa883e9e365\">Baixar<\/a><\/div>\n\n\n\n<h2 class=\"wp-block-heading\" id=\"h-conquiste-sua-aprovacao-com-a-medcof\"><span class=\"ez-toc-section\" id=\"Conquiste_sua_aprovacao_com_a_MedCof\"><\/span><strong>Conquiste sua aprova\u00e7\u00e3o com a MedCof!<\/strong><span class=\"ez-toc-section-end\"><\/span><\/h2>\n\n\n\n<p>Se voc\u00ea quer ir al\u00e9m da prepara\u00e7\u00e3o tradicional, os preparat\u00f3rios da&nbsp;<a href=\"https:\/\/www.grupomedcof.com.br\/home\/\"><strong>MedCof<\/strong><\/a>&nbsp;s\u00e3o desenvolvidos especificamente para quem busca aprova\u00e7\u00e3o em concursos m\u00e9dicos como o de&nbsp;<strong>Promiss\u00e3o<\/strong>.<\/p>\n\n\n\n<p>A metodologia combina:<\/p>\n\n\n\n<ul class=\"wp-block-list\">\n<li><strong>Banco inteligente de quest\u00f5es<\/strong><\/li>\n\n\n\n<li><strong>An\u00e1lise de desempenho com uso de dados<\/strong><\/li>\n\n\n\n<li><strong>Estudo direcionado por incid\u00eancia de temas<\/strong><\/li>\n\n\n\n<li><strong>Treinamento focado no perfil da banca<\/strong><\/li>\n<\/ul>\n\n\n\n<p>Isso permite que voc\u00ea estude com estrat\u00e9gia, priorizando o que realmente aumenta suas chances de aprova\u00e7\u00e3o \u2014 e n\u00e3o apenas acumulando conte\u00fado. Para entender melhor,&nbsp;<a href=\"http:\/\/grupomedcof.com.br\/home\/?page=sobre-nos\">conhe\u00e7a a MedCof<\/a>.<\/p>\n\n\n\n<figure class=\"wp-block-embed is-type-wp-embed is-provider-blog-de-medcof-conte-dos-editais-revalida-e-mais wp-block-embed-blog-de-medcof-conte-dos-editais-revalida-e-mais\"><div class=\"wp-block-embed__wrapper\">\n<blockquote class=\"wp-embedded-content\" data-secret=\"LmP4E8JK9a\"><a href=\"https:\/\/www.grupomedcof.com.br\/blog\/calendario-de-concursos-publicos-2026\/\">Calend\u00e1rio de Concursos P\u00fablicos 2026<\/a><\/blockquote><iframe loading=\"lazy\" class=\"wp-embedded-content\" sandbox=\"allow-scripts\" security=\"restricted\" style=\"position: absolute; visibility: hidden;\" title=\"&#8220;Calend\u00e1rio de Concursos P\u00fablicos 2026&#8221; &#8212; Blog de Medcof: conte\u00fados, editais, revalida e mais!\" src=\"https:\/\/www.grupomedcof.com.br\/blog\/calendario-de-concursos-publicos-2026\/embed\/#?secret=HdPzyLVYuv#?secret=LmP4E8JK9a\" data-secret=\"LmP4E8JK9a\" width=\"600\" height=\"338\" frameborder=\"0\" marginwidth=\"0\" marginheight=\"0\" scrolling=\"no\"><\/iframe>\n<\/div><\/figure>\n","protected":false},"excerpt":{"rendered":"<p>A Prefeitura Municipal de S\u00e3o Leopoldo, no Rio Grande do Sul, publicou o Edital de Abertura n\u00ba 02\/2026, de 07 de abril de 2026, para realiza\u00e7\u00e3o de Concurso P\u00fablico destinado ao provimento de cargos efetivos e forma\u00e7\u00e3o de Cadastro de Reserva para o quadro municipal.<\/p>\n","protected":false},"author":41,"featured_media":43809,"comment_status":"closed","ping_status":"closed","sticky":false,"template":"","format":"standard","meta":{"footnotes":""},"categories":[258,55,213,2023,240],"tags":[3645,1568,3736,1452],"ppma_author":[3629],"class_list":{"0":"post-43806","1":"post","2":"type-post","3":"status-publish","4":"format-standard","5":"has-post-thumbnail","7":"category-atualizacoes","8":"category-carreira-medica","9":"category-concurso-publico","10":"category-editais","11":"category-noticias","12":"tag-concurso-publico","13":"tag-edital","14":"tag-medico-do-trabalho","15":"tag-provas"},"yoast_head":"<!-- This site is optimized with the Yoast SEO Premium plugin v24.3 (Yoast SEO v27.5) - https:\/\/yoast.com\/product\/yoast-seo-premium-wordpress\/ -->\n<title>Concurso S\u00e3o Leopoldo: vagas com sal\u00e1rios de at\u00e9 R$ 7,2 mil - Blog de Medcof: conte\u00fados, editais, revalida e mais!<\/title>\n<meta name=\"description\" content=\"Concurso S\u00e3o Leopoldo 2026: Vagas para n\u00edveis m\u00e9dio, t\u00e9cnico e superior com sal\u00e1rios at\u00e9 R$ 7,2 mil. Confira o edital e cargos!\" \/>\n<meta name=\"robots\" content=\"index, follow, max-snippet:-1, max-image-preview:large, max-video-preview:-1\" \/>\n<link rel=\"canonical\" href=\"https:\/\/www.grupomedcof.com.br\/blog\/concurso-sao-leopoldo\/\" \/>\n<meta property=\"og:locale\" content=\"pt_BR\" \/>\n<meta property=\"og:type\" content=\"article\" \/>\n<meta property=\"og:title\" content=\"Concurso S\u00e3o Leopoldo: vagas com sal\u00e1rios de at\u00e9 R$ 7,2 mil\" \/>\n<meta property=\"og:description\" content=\"Concurso S\u00e3o Leopoldo 2026: Vagas para n\u00edveis m\u00e9dio, t\u00e9cnico e superior com sal\u00e1rios at\u00e9 R$ 7,2 mil. Confira o edital e cargos!\" \/>\n<meta property=\"og:url\" content=\"https:\/\/www.grupomedcof.com.br\/blog\/concurso-sao-leopoldo\/\" \/>\n<meta property=\"og:site_name\" content=\"Blog de Medcof: conte\u00fados, editais, revalida e mais!\" \/>\n<meta property=\"article:publisher\" content=\"https:\/\/www.facebook.com\/MedCofQbank\/\" \/>\n<meta property=\"article:published_time\" content=\"2026-04-29T16:47:28+00:00\" \/>\n<meta property=\"article:modified_time\" content=\"2026-04-29T16:54:57+00:00\" \/>\n<meta property=\"og:image\" content=\"https:\/\/www.grupomedcof.com.br\/blog\/wp-content\/uploads\/2026\/04\/Modelo-instituicoes-33.jpg\" \/>\n\t<meta property=\"og:image:width\" content=\"1920\" \/>\n\t<meta property=\"og:image:height\" content=\"1080\" \/>\n\t<meta property=\"og:image:type\" content=\"image\/jpeg\" \/>\n<meta name=\"author\" content=\"Nana N\u00f3brega\" \/>\n<meta name=\"twitter:card\" content=\"summary_large_image\" \/>\n<meta name=\"twitter:label1\" content=\"Escrito por\" \/>\n\t<meta name=\"twitter:data1\" content=\"Nana N\u00f3brega\" \/>\n\t<meta name=\"twitter:label2\" content=\"Est. tempo de leitura\" \/>\n\t<meta name=\"twitter:data2\" content=\"9 minutos\" \/>\n<script type=\"application\/ld+json\" class=\"yoast-schema-graph\">{\"@context\":\"https:\\\/\\\/schema.org\",\"@graph\":[{\"@type\":\"Article\",\"@id\":\"https:\\\/\\\/www.grupomedcof.com.br\\\/blog\\\/concurso-sao-leopoldo\\\/#article\",\"isPartOf\":{\"@id\":\"https:\\\/\\\/www.grupomedcof.com.br\\\/blog\\\/concurso-sao-leopoldo\\\/\"},\"author\":{\"name\":\"Nana N\u00f3brega\",\"@id\":\"https:\\\/\\\/www.grupomedcof.com.br\\\/blog\\\/#\\\/schema\\\/person\\\/9fb2c4e0c5987a2a74b0cd7bfe7d5413\"},\"headline\":\"Concurso S\u00e3o Leopoldo: vagas com sal\u00e1rios de at\u00e9 R$ 7,2 mil\",\"datePublished\":\"2026-04-29T16:47:28+00:00\",\"dateModified\":\"2026-04-29T16:54:57+00:00\",\"mainEntityOfPage\":{\"@id\":\"https:\\\/\\\/www.grupomedcof.com.br\\\/blog\\\/concurso-sao-leopoldo\\\/\"},\"wordCount\":1769,\"publisher\":{\"@id\":\"https:\\\/\\\/www.grupomedcof.com.br\\\/blog\\\/#organization\"},\"image\":{\"@id\":\"https:\\\/\\\/www.grupomedcof.com.br\\\/blog\\\/concurso-sao-leopoldo\\\/#primaryimage\"},\"thumbnailUrl\":\"https:\\\/\\\/www.grupomedcof.com.br\\\/blog\\\/wp-content\\\/uploads\\\/2026\\\/04\\\/Modelo-instituicoes-33.jpg\",\"keywords\":[\"concurso p\u00fablico\",\"Edital\",\"m\u00e9dico do trabalho\",\"Provas\"],\"articleSection\":[\"Atualiza\u00e7\u00f5es\",\"Carreira M\u00e9dica\",\"Concurso P\u00fablico\",\"Editais\",\"Not\u00edcias\"],\"inLanguage\":\"pt-BR\"},{\"@type\":\"WebPage\",\"@id\":\"https:\\\/\\\/www.grupomedcof.com.br\\\/blog\\\/concurso-sao-leopoldo\\\/\",\"url\":\"https:\\\/\\\/www.grupomedcof.com.br\\\/blog\\\/concurso-sao-leopoldo\\\/\",\"name\":\"Concurso S\u00e3o Leopoldo: vagas com sal\u00e1rios de at\u00e9 R$ 7,2 mil - Blog de Medcof: conte\u00fados, editais, revalida e mais!\",\"isPartOf\":{\"@id\":\"https:\\\/\\\/www.grupomedcof.com.br\\\/blog\\\/#website\"},\"primaryImageOfPage\":{\"@id\":\"https:\\\/\\\/www.grupomedcof.com.br\\\/blog\\\/concurso-sao-leopoldo\\\/#primaryimage\"},\"image\":{\"@id\":\"https:\\\/\\\/www.grupomedcof.com.br\\\/blog\\\/concurso-sao-leopoldo\\\/#primaryimage\"},\"thumbnailUrl\":\"https:\\\/\\\/www.grupomedcof.com.br\\\/blog\\\/wp-content\\\/uploads\\\/2026\\\/04\\\/Modelo-instituicoes-33.jpg\",\"datePublished\":\"2026-04-29T16:47:28+00:00\",\"dateModified\":\"2026-04-29T16:54:57+00:00\",\"description\":\"Concurso S\u00e3o Leopoldo 2026: Vagas para n\u00edveis m\u00e9dio, t\u00e9cnico e superior com sal\u00e1rios at\u00e9 R$ 7,2 mil. Confira o edital e cargos!\",\"breadcrumb\":{\"@id\":\"https:\\\/\\\/www.grupomedcof.com.br\\\/blog\\\/concurso-sao-leopoldo\\\/#breadcrumb\"},\"inLanguage\":\"pt-BR\",\"potentialAction\":[{\"@type\":\"ReadAction\",\"target\":[\"https:\\\/\\\/www.grupomedcof.com.br\\\/blog\\\/concurso-sao-leopoldo\\\/\"]}]},{\"@type\":\"ImageObject\",\"inLanguage\":\"pt-BR\",\"@id\":\"https:\\\/\\\/www.grupomedcof.com.br\\\/blog\\\/concurso-sao-leopoldo\\\/#primaryimage\",\"url\":\"https:\\\/\\\/www.grupomedcof.com.br\\\/blog\\\/wp-content\\\/uploads\\\/2026\\\/04\\\/Modelo-instituicoes-33.jpg\",\"contentUrl\":\"https:\\\/\\\/www.grupomedcof.com.br\\\/blog\\\/wp-content\\\/uploads\\\/2026\\\/04\\\/Modelo-instituicoes-33.jpg\",\"width\":1920,\"height\":1080,\"caption\":\"concurso s\u00e3o leopoldo\"},{\"@type\":\"BreadcrumbList\",\"@id\":\"https:\\\/\\\/www.grupomedcof.com.br\\\/blog\\\/concurso-sao-leopoldo\\\/#breadcrumb\",\"itemListElement\":[{\"@type\":\"ListItem\",\"position\":1,\"name\":\"In\u00edcio\",\"item\":\"https:\\\/\\\/www.grupomedcof.com.br\\\/blog\\\/\"},{\"@type\":\"ListItem\",\"position\":2,\"name\":\"Concurso S\u00e3o Leopoldo: vagas com sal\u00e1rios de at\u00e9 R$ 7,2 mil\"}]},{\"@type\":\"WebSite\",\"@id\":\"https:\\\/\\\/www.grupomedcof.com.br\\\/blog\\\/#website\",\"url\":\"https:\\\/\\\/www.grupomedcof.com.br\\\/blog\\\/\",\"name\":\"Blog de Medcof: conte\u00fados, editais, revalida e mais!\",\"description\":\"Acesso o blog de MedCof! Seu portal de conte\u00fados sobre resid\u00eancia m\u00e9dica, an\u00e1lise e editais e muito mais. Clique e confira!\",\"publisher\":{\"@id\":\"https:\\\/\\\/www.grupomedcof.com.br\\\/blog\\\/#organization\"},\"alternateName\":\"Blog de Medcof: conte\u00fados, editais, revalida e mais!\",\"potentialAction\":[{\"@type\":\"SearchAction\",\"target\":{\"@type\":\"EntryPoint\",\"urlTemplate\":\"https:\\\/\\\/www.grupomedcof.com.br\\\/blog\\\/?s={search_term_string}\"},\"query-input\":{\"@type\":\"PropertyValueSpecification\",\"valueRequired\":true,\"valueName\":\"search_term_string\"}}],\"inLanguage\":\"pt-BR\"},{\"@type\":\"Organization\",\"@id\":\"https:\\\/\\\/www.grupomedcof.com.br\\\/blog\\\/#organization\",\"name\":\"Grupo MedCof\",\"url\":\"https:\\\/\\\/www.grupomedcof.com.br\\\/blog\\\/\",\"logo\":{\"@type\":\"ImageObject\",\"inLanguage\":\"pt-BR\",\"@id\":\"https:\\\/\\\/www.grupomedcof.com.br\\\/blog\\\/#\\\/schema\\\/logo\\\/image\\\/\",\"url\":\"https:\\\/\\\/www.grupomedcof.com.br\\\/blog\\\/wp-content\\\/uploads\\\/2022\\\/01\\\/logo-medcof.png\",\"contentUrl\":\"https:\\\/\\\/www.grupomedcof.com.br\\\/blog\\\/wp-content\\\/uploads\\\/2022\\\/01\\\/logo-medcof.png\",\"width\":768,\"height\":269,\"caption\":\"Grupo MedCof\"},\"image\":{\"@id\":\"https:\\\/\\\/www.grupomedcof.com.br\\\/blog\\\/#\\\/schema\\\/logo\\\/image\\\/\"},\"sameAs\":[\"https:\\\/\\\/www.facebook.com\\\/MedCofQbank\\\/\",\"https:\\\/\\\/www.instagram.com\\\/grupomedcof\\\/\",\"https:\\\/\\\/br.linkedin.com\\\/company\\\/medcof\",\"https:\\\/\\\/www.youtube.com\\\/channel\\\/UCdHMuOHKICxcHwecxN8P-AA\"]},{\"@type\":\"Person\",\"@id\":\"https:\\\/\\\/www.grupomedcof.com.br\\\/blog\\\/#\\\/schema\\\/person\\\/9fb2c4e0c5987a2a74b0cd7bfe7d5413\",\"name\":\"Nana N\u00f3brega\",\"pronouns\":\"ele\\\/ela\",\"image\":{\"@type\":\"ImageObject\",\"inLanguage\":\"pt-BR\",\"@id\":\"https:\\\/\\\/www.grupomedcof.com.br\\\/blog\\\/wp-content\\\/uploads\\\/2026\\\/03\\\/cropped-cropped-WhatsApp-Image-2026-03-19-at-09.30.33.jpega4f3600081af811f8cb877d267a26dad\",\"url\":\"https:\\\/\\\/www.grupomedcof.com.br\\\/blog\\\/wp-content\\\/uploads\\\/2026\\\/03\\\/cropped-cropped-WhatsApp-Image-2026-03-19-at-09.30.33.jpeg\",\"contentUrl\":\"https:\\\/\\\/www.grupomedcof.com.br\\\/blog\\\/wp-content\\\/uploads\\\/2026\\\/03\\\/cropped-cropped-WhatsApp-Image-2026-03-19-at-09.30.33.jpeg\",\"caption\":\"Nana N\u00f3brega\"},\"description\":\"Jornalista e linguista. Especialista em acessibilidade para pessoas cegas e com baixa vis\u00e3o.\",\"jobTitle\":\"jornalista\",\"url\":\"https:\\\/\\\/www.grupomedcof.com.br\\\/blog\\\/author\\\/nana\\\/\"}]}<\/script>\n<!-- \/ Yoast SEO Premium plugin. -->","yoast_head_json":{"title":"Concurso S\u00e3o Leopoldo: vagas com sal\u00e1rios de at\u00e9 R$ 7,2 mil - Blog de Medcof: conte\u00fados, editais, revalida e mais!","description":"Concurso S\u00e3o Leopoldo 2026: Vagas para n\u00edveis m\u00e9dio, t\u00e9cnico e superior com sal\u00e1rios at\u00e9 R$ 7,2 mil. Confira o edital e cargos!","robots":{"index":"index","follow":"follow","max-snippet":"max-snippet:-1","max-image-preview":"max-image-preview:large","max-video-preview":"max-video-preview:-1"},"canonical":"https:\/\/www.grupomedcof.com.br\/blog\/concurso-sao-leopoldo\/","og_locale":"pt_BR","og_type":"article","og_title":"Concurso S\u00e3o Leopoldo: vagas com sal\u00e1rios de at\u00e9 R$ 7,2 mil","og_description":"Concurso S\u00e3o Leopoldo 2026: Vagas para n\u00edveis m\u00e9dio, t\u00e9cnico e superior com sal\u00e1rios at\u00e9 R$ 7,2 mil. Confira o edital e cargos!","og_url":"https:\/\/www.grupomedcof.com.br\/blog\/concurso-sao-leopoldo\/","og_site_name":"Blog de Medcof: conte\u00fados, editais, revalida e mais!","article_publisher":"https:\/\/www.facebook.com\/MedCofQbank\/","article_published_time":"2026-04-29T16:47:28+00:00","article_modified_time":"2026-04-29T16:54:57+00:00","og_image":[{"width":1920,"height":1080,"url":"https:\/\/www.grupomedcof.com.br\/blog\/wp-content\/uploads\/2026\/04\/Modelo-instituicoes-33.jpg","type":"image\/jpeg"}],"author":"Nana N\u00f3brega","twitter_card":"summary_large_image","twitter_misc":{"Escrito por":"Nana N\u00f3brega","Est. tempo de leitura":"9 minutos"},"schema":{"@context":"https:\/\/schema.org","@graph":[{"@type":"Article","@id":"https:\/\/www.grupomedcof.com.br\/blog\/concurso-sao-leopoldo\/#article","isPartOf":{"@id":"https:\/\/www.grupomedcof.com.br\/blog\/concurso-sao-leopoldo\/"},"author":{"name":"Nana N\u00f3brega","@id":"https:\/\/www.grupomedcof.com.br\/blog\/#\/schema\/person\/9fb2c4e0c5987a2a74b0cd7bfe7d5413"},"headline":"Concurso S\u00e3o Leopoldo: vagas com sal\u00e1rios de at\u00e9 R$ 7,2 mil","datePublished":"2026-04-29T16:47:28+00:00","dateModified":"2026-04-29T16:54:57+00:00","mainEntityOfPage":{"@id":"https:\/\/www.grupomedcof.com.br\/blog\/concurso-sao-leopoldo\/"},"wordCount":1769,"publisher":{"@id":"https:\/\/www.grupomedcof.com.br\/blog\/#organization"},"image":{"@id":"https:\/\/www.grupomedcof.com.br\/blog\/concurso-sao-leopoldo\/#primaryimage"},"thumbnailUrl":"https:\/\/www.grupomedcof.com.br\/blog\/wp-content\/uploads\/2026\/04\/Modelo-instituicoes-33.jpg","keywords":["concurso p\u00fablico","Edital","m\u00e9dico do trabalho","Provas"],"articleSection":["Atualiza\u00e7\u00f5es","Carreira M\u00e9dica","Concurso P\u00fablico","Editais","Not\u00edcias"],"inLanguage":"pt-BR"},{"@type":"WebPage","@id":"https:\/\/www.grupomedcof.com.br\/blog\/concurso-sao-leopoldo\/","url":"https:\/\/www.grupomedcof.com.br\/blog\/concurso-sao-leopoldo\/","name":"Concurso S\u00e3o Leopoldo: vagas com sal\u00e1rios de at\u00e9 R$ 7,2 mil - Blog de Medcof: conte\u00fados, editais, revalida e mais!","isPartOf":{"@id":"https:\/\/www.grupomedcof.com.br\/blog\/#website"},"primaryImageOfPage":{"@id":"https:\/\/www.grupomedcof.com.br\/blog\/concurso-sao-leopoldo\/#primaryimage"},"image":{"@id":"https:\/\/www.grupomedcof.com.br\/blog\/concurso-sao-leopoldo\/#primaryimage"},"thumbnailUrl":"https:\/\/www.grupomedcof.com.br\/blog\/wp-content\/uploads\/2026\/04\/Modelo-instituicoes-33.jpg","datePublished":"2026-04-29T16:47:28+00:00","dateModified":"2026-04-29T16:54:57+00:00","description":"Concurso S\u00e3o Leopoldo 2026: Vagas para n\u00edveis m\u00e9dio, t\u00e9cnico e superior com sal\u00e1rios at\u00e9 R$ 7,2 mil. Confira o edital e cargos!","breadcrumb":{"@id":"https:\/\/www.grupomedcof.com.br\/blog\/concurso-sao-leopoldo\/#breadcrumb"},"inLanguage":"pt-BR","potentialAction":[{"@type":"ReadAction","target":["https:\/\/www.grupomedcof.com.br\/blog\/concurso-sao-leopoldo\/"]}]},{"@type":"ImageObject","inLanguage":"pt-BR","@id":"https:\/\/www.grupomedcof.com.br\/blog\/concurso-sao-leopoldo\/#primaryimage","url":"https:\/\/www.grupomedcof.com.br\/blog\/wp-content\/uploads\/2026\/04\/Modelo-instituicoes-33.jpg","contentUrl":"https:\/\/www.grupomedcof.com.br\/blog\/wp-content\/uploads\/2026\/04\/Modelo-instituicoes-33.jpg","width":1920,"height":1080,"caption":"concurso s\u00e3o leopoldo"},{"@type":"BreadcrumbList","@id":"https:\/\/www.grupomedcof.com.br\/blog\/concurso-sao-leopoldo\/#breadcrumb","itemListElement":[{"@type":"ListItem","position":1,"name":"In\u00edcio","item":"https:\/\/www.grupomedcof.com.br\/blog\/"},{"@type":"ListItem","position":2,"name":"Concurso S\u00e3o Leopoldo: vagas com sal\u00e1rios de at\u00e9 R$ 7,2 mil"}]},{"@type":"WebSite","@id":"https:\/\/www.grupomedcof.com.br\/blog\/#website","url":"https:\/\/www.grupomedcof.com.br\/blog\/","name":"Blog de Medcof: conte\u00fados, editais, revalida e mais!","description":"Acesso o blog de MedCof! Seu portal de conte\u00fados sobre resid\u00eancia m\u00e9dica, an\u00e1lise e editais e muito mais. Clique e confira!","publisher":{"@id":"https:\/\/www.grupomedcof.com.br\/blog\/#organization"},"alternateName":"Blog de Medcof: conte\u00fados, editais, revalida e mais!","potentialAction":[{"@type":"SearchAction","target":{"@type":"EntryPoint","urlTemplate":"https:\/\/www.grupomedcof.com.br\/blog\/?s={search_term_string}"},"query-input":{"@type":"PropertyValueSpecification","valueRequired":true,"valueName":"search_term_string"}}],"inLanguage":"pt-BR"},{"@type":"Organization","@id":"https:\/\/www.grupomedcof.com.br\/blog\/#organization","name":"Grupo MedCof","url":"https:\/\/www.grupomedcof.com.br\/blog\/","logo":{"@type":"ImageObject","inLanguage":"pt-BR","@id":"https:\/\/www.grupomedcof.com.br\/blog\/#\/schema\/logo\/image\/","url":"https:\/\/www.grupomedcof.com.br\/blog\/wp-content\/uploads\/2022\/01\/logo-medcof.png","contentUrl":"https:\/\/www.grupomedcof.com.br\/blog\/wp-content\/uploads\/2022\/01\/logo-medcof.png","width":768,"height":269,"caption":"Grupo MedCof"},"image":{"@id":"https:\/\/www.grupomedcof.com.br\/blog\/#\/schema\/logo\/image\/"},"sameAs":["https:\/\/www.facebook.com\/MedCofQbank\/","https:\/\/www.instagram.com\/grupomedcof\/","https:\/\/br.linkedin.com\/company\/medcof","https:\/\/www.youtube.com\/channel\/UCdHMuOHKICxcHwecxN8P-AA"]},{"@type":"Person","@id":"https:\/\/www.grupomedcof.com.br\/blog\/#\/schema\/person\/9fb2c4e0c5987a2a74b0cd7bfe7d5413","name":"Nana N\u00f3brega","pronouns":"ele\/ela","image":{"@type":"ImageObject","inLanguage":"pt-BR","@id":"https:\/\/www.grupomedcof.com.br\/blog\/wp-content\/uploads\/2026\/03\/cropped-cropped-WhatsApp-Image-2026-03-19-at-09.30.33.jpega4f3600081af811f8cb877d267a26dad","url":"https:\/\/www.grupomedcof.com.br\/blog\/wp-content\/uploads\/2026\/03\/cropped-cropped-WhatsApp-Image-2026-03-19-at-09.30.33.jpeg","contentUrl":"https:\/\/www.grupomedcof.com.br\/blog\/wp-content\/uploads\/2026\/03\/cropped-cropped-WhatsApp-Image-2026-03-19-at-09.30.33.jpeg","caption":"Nana N\u00f3brega"},"description":"Jornalista e linguista. Especialista em acessibilidade para pessoas cegas e com baixa vis\u00e3o.","jobTitle":"jornalista","url":"https:\/\/www.grupomedcof.com.br\/blog\/author\/nana\/"}]}},"authors":[{"term_id":3629,"user_id":41,"is_guest":0,"slug":"nana","display_name":"Nana N\u00f3brega","avatar_url":{"url":"https:\/\/www.grupomedcof.com.br\/blog\/wp-content\/uploads\/2026\/03\/cropped-cropped-WhatsApp-Image-2026-03-19-at-09.30.33.jpeg","url2x":"https:\/\/www.grupomedcof.com.br\/blog\/wp-content\/uploads\/2026\/03\/cropped-cropped-WhatsApp-Image-2026-03-19-at-09.30.33.jpeg"},"0":null,"1":"","2":"","3":"","4":"","5":"","6":"","7":"","8":""}],"_links":{"self":[{"href":"https:\/\/www.grupomedcof.com.br\/blog\/wp-json\/wp\/v2\/posts\/43806","targetHints":{"allow":["GET"]}}],"collection":[{"href":"https:\/\/www.grupomedcof.com.br\/blog\/wp-json\/wp\/v2\/posts"}],"about":[{"href":"https:\/\/www.grupomedcof.com.br\/blog\/wp-json\/wp\/v2\/types\/post"}],"author":[{"embeddable":true,"href":"https:\/\/www.grupomedcof.com.br\/blog\/wp-json\/wp\/v2\/users\/41"}],"replies":[{"embeddable":true,"href":"https:\/\/www.grupomedcof.com.br\/blog\/wp-json\/wp\/v2\/comments?post=43806"}],"version-history":[{"count":2,"href":"https:\/\/www.grupomedcof.com.br\/blog\/wp-json\/wp\/v2\/posts\/43806\/revisions"}],"predecessor-version":[{"id":43810,"href":"https:\/\/www.grupomedcof.com.br\/blog\/wp-json\/wp\/v2\/posts\/43806\/revisions\/43810"}],"wp:featuredmedia":[{"embeddable":true,"href":"https:\/\/www.grupomedcof.com.br\/blog\/wp-json\/wp\/v2\/media\/43809"}],"wp:attachment":[{"href":"https:\/\/www.grupomedcof.com.br\/blog\/wp-json\/wp\/v2\/media?parent=43806"}],"wp:term":[{"taxonomy":"category","embeddable":true,"href":"https:\/\/www.grupomedcof.com.br\/blog\/wp-json\/wp\/v2\/categories?post=43806"},{"taxonomy":"post_tag","embeddable":true,"href":"https:\/\/www.grupomedcof.com.br\/blog\/wp-json\/wp\/v2\/tags?post=43806"},{"taxonomy":"author","embeddable":true,"href":"https:\/\/www.grupomedcof.com.br\/blog\/wp-json\/wp\/v2\/ppma_author?post=43806"}],"curies":[{"name":"wp","href":"https:\/\/api.w.org\/{rel}","templated":true}]}}