{"id":43812,"date":"2026-04-29T16:13:12","date_gmt":"2026-04-29T19:13:12","guid":{"rendered":"https:\/\/www.grupomedcof.com.br\/blog\/?p=43812"},"modified":"2026-04-29T16:15:27","modified_gmt":"2026-04-29T19:15:27","slug":"impacto-social-parceria-medcof-ceap","status":"publish","type":"post","link":"https:\/\/www.grupomedcof.com.br\/blog\/impacto-social-parceria-medcof-ceap\/","title":{"rendered":"O impacto social da parceria entre MedCof e CEAP"},"content":{"rendered":"<div id=\"ez-toc-container\" class=\"ez-toc-v2_0_74 counter-hierarchy ez-toc-counter ez-toc-transparent ez-toc-container-direction\">\n<div class=\"ez-toc-title-container\">\n<p class=\"ez-toc-title\" style=\"cursor:inherit\">Sum\u00e1rio<\/p>\n<span class=\"ez-toc-title-toggle\"><a href=\"#\" class=\"ez-toc-pull-right ez-toc-btn ez-toc-btn-xs ez-toc-btn-default ez-toc-toggle\" aria-label=\"Alternar tabela de conte\u00fado\"><span class=\"ez-toc-js-icon-con\"><span class=\"\"><span class=\"eztoc-hide\" style=\"display:none;\">Toggle<\/span><span class=\"ez-toc-icon-toggle-span\"><svg style=\"fill: #999;color:#999\" xmlns=\"http:\/\/www.w3.org\/2000\/svg\" class=\"list-377408\" width=\"20px\" height=\"20px\" viewBox=\"0 0 24 24\" fill=\"none\"><path d=\"M6 6H4v2h2V6zm14 0H8v2h12V6zM4 11h2v2H4v-2zm16 0H8v2h12v-2zM4 16h2v2H4v-2zm16 0H8v2h12v-2z\" fill=\"currentColor\"><\/path><\/svg><svg style=\"fill: #999;color:#999\" class=\"arrow-unsorted-368013\" xmlns=\"http:\/\/www.w3.org\/2000\/svg\" width=\"10px\" height=\"10px\" viewBox=\"0 0 24 24\" version=\"1.2\" baseProfile=\"tiny\"><path d=\"M18.2 9.3l-6.2-6.3-6.2 6.3c-.2.2-.3.4-.3.7s.1.5.3.7c.2.2.4.3.7.3h11c.3 0 .5-.1.7-.3.2-.2.3-.5.3-.7s-.1-.5-.3-.7zM5.8 14.7l6.2 6.3 6.2-6.3c.2-.2.3-.5.3-.7s-.1-.5-.3-.7c-.2-.2-.4-.3-.7-.3h-11c-.3 0-.5.1-.7.3-.2.2-.3.5-.3.7s.1.5.3.7z\"\/><\/svg><\/span><\/span><\/span><\/a><\/span><\/div>\n<nav><ul class='ez-toc-list ez-toc-list-level-1 ' ><li class='ez-toc-page-1 ez-toc-heading-level-2'><a class=\"ez-toc-link ez-toc-heading-1\" href=\"https:\/\/www.grupomedcof.com.br\/blog\/impacto-social-parceria-medcof-ceap\/#O_que_e_o_CEAP\" >O que \u00e9 o CEAP?&nbsp;&nbsp;<\/a><\/li><li class='ez-toc-page-1 ez-toc-heading-level-2'><a class=\"ez-toc-link ez-toc-heading-2\" href=\"https:\/\/www.grupomedcof.com.br\/blog\/impacto-social-parceria-medcof-ceap\/#Como_funciona_a_parceria_CEAP_MedCof\" >Como funciona a parceria CEAP + MedCof?<\/a><ul class='ez-toc-list-level-3' ><li class='ez-toc-heading-level-3'><a class=\"ez-toc-link ez-toc-heading-3\" href=\"https:\/\/www.grupomedcof.com.br\/blog\/impacto-social-parceria-medcof-ceap\/#Quais_criterios_tornam_a_MedCof_uma_parceira_estrategica_O_que_une_as_instituicoes_em_valores\" >Quais crit\u00e9rios tornam a MedCof uma parceira estrat\u00e9gica? O que une as institui\u00e7\u00f5es em valores?<\/a><\/li><li class='ez-toc-page-1 ez-toc-heading-level-3'><a class=\"ez-toc-link ez-toc-heading-4\" href=\"https:\/\/www.grupomedcof.com.br\/blog\/impacto-social-parceria-medcof-ceap\/#Como_funciona_a_curadoria_ou_preparacao_dos_alunos_encaminhados_para_empresas_parceiras\" >Como funciona a curadoria ou prepara\u00e7\u00e3o dos alunos encaminhados para empresas parceiras?<\/a><\/li><li class='ez-toc-page-1 ez-toc-heading-level-3'><a class=\"ez-toc-link ez-toc-heading-5\" href=\"https:\/\/www.grupomedcof.com.br\/blog\/impacto-social-parceria-medcof-ceap\/#Existe_acompanhamento_pos-contratacao\" >Existe acompanhamento p\u00f3s-contrata\u00e7\u00e3o?<\/a><\/li><li class='ez-toc-page-1 ez-toc-heading-level-3'><a class=\"ez-toc-link ez-toc-heading-6\" href=\"https:\/\/www.grupomedcof.com.br\/blog\/impacto-social-parceria-medcof-ceap\/#Como_a_vivencia_em_uma_empresa_de_educacao_medica_contribui_para_o_amadurecimento_profissional\" >Como a viv\u00eancia em uma empresa de educa\u00e7\u00e3o m\u00e9dica contribui para o amadurecimento profissional?<\/a><\/li><li class='ez-toc-page-1 ez-toc-heading-level-3'><a class=\"ez-toc-link ez-toc-heading-7\" href=\"https:\/\/www.grupomedcof.com.br\/blog\/impacto-social-parceria-medcof-ceap\/#Como_iniciativas_desse_tipo_reduzem_o_hiato_entre_formacao_tecnica_e_mercado_de_trabalho\" >Como iniciativas desse tipo reduzem o hiato entre forma\u00e7\u00e3o t\u00e9cnica e mercado de trabalho?<\/a><\/li><\/ul><\/li><li class='ez-toc-page-1 ez-toc-heading-level-2'><a class=\"ez-toc-link ez-toc-heading-8\" href=\"https:\/\/www.grupomedcof.com.br\/blog\/impacto-social-parceria-medcof-ceap\/#Do_CEAP_para_o_Time_MedCof_Historias_Reais\" >Do CEAP para o Time MedCof: Hist\u00f3rias Reais&nbsp;<\/a><ul class='ez-toc-list-level-3' ><li class='ez-toc-heading-level-3'><a class=\"ez-toc-link ez-toc-heading-9\" href=\"https:\/\/www.grupomedcof.com.br\/blog\/impacto-social-parceria-medcof-ceap\/#Foco_em_Estrategia_e_Novos_Negocios\" >Foco em Estrat\u00e9gia e Novos Neg\u00f3cios&nbsp;<\/a><\/li><li class='ez-toc-page-1 ez-toc-heading-level-3'><a class=\"ez-toc-link ez-toc-heading-10\" href=\"https:\/\/www.grupomedcof.com.br\/blog\/impacto-social-parceria-medcof-ceap\/#Lideranca_e_Proposito_no_Marketing\" >Lideran\u00e7a e Prop\u00f3sito no Marketing<\/a><\/li><\/ul><\/li><li class='ez-toc-page-1 ez-toc-heading-level-2'><a class=\"ez-toc-link ez-toc-heading-11\" href=\"https:\/\/www.grupomedcof.com.br\/blog\/impacto-social-parceria-medcof-ceap\/#O_Impacto_na_Saude_Brasileira\" >O Impacto na Sa\u00fade Brasileira&nbsp;<\/a><\/li><li class='ez-toc-page-1 ez-toc-heading-level-2'><a class=\"ez-toc-link ez-toc-heading-12\" href=\"https:\/\/www.grupomedcof.com.br\/blog\/impacto-social-parceria-medcof-ceap\/#Garanta_a_maior_condicao_da_historia_do_Grupo_MedCof\" >Garanta a maior condi\u00e7\u00e3o da hist\u00f3ria do Grupo MedCof!&nbsp;<\/a><\/li><\/ul><\/nav><\/div>\n\n<figure class=\"wp-block-image size-large\"><img loading=\"lazy\" decoding=\"async\" width=\"1024\" height=\"576\" src=\"https:\/\/www.grupomedcof.com.br\/blog\/wp-content\/uploads\/2026\/04\/Modelo-instituicoes-2026-04-29T144245.980-1024x576.jpg\" alt=\"\" class=\"wp-image-43818\" srcset=\"https:\/\/www.grupomedcof.com.br\/blog\/wp-content\/uploads\/2026\/04\/Modelo-instituicoes-2026-04-29T144245.980-1024x576.jpg 1024w, https:\/\/www.grupomedcof.com.br\/blog\/wp-content\/uploads\/2026\/04\/Modelo-instituicoes-2026-04-29T144245.980-300x169.jpg 300w, https:\/\/www.grupomedcof.com.br\/blog\/wp-content\/uploads\/2026\/04\/Modelo-instituicoes-2026-04-29T144245.980-768x432.jpg 768w, https:\/\/www.grupomedcof.com.br\/blog\/wp-content\/uploads\/2026\/04\/Modelo-instituicoes-2026-04-29T144245.980-1536x864.jpg 1536w, https:\/\/www.grupomedcof.com.br\/blog\/wp-content\/uploads\/2026\/04\/Modelo-instituicoes-2026-04-29T144245.980-747x420.jpg 747w, https:\/\/www.grupomedcof.com.br\/blog\/wp-content\/uploads\/2026\/04\/Modelo-instituicoes-2026-04-29T144245.980-150x84.jpg 150w, https:\/\/www.grupomedcof.com.br\/blog\/wp-content\/uploads\/2026\/04\/Modelo-instituicoes-2026-04-29T144245.980-696x392.jpg 696w, https:\/\/www.grupomedcof.com.br\/blog\/wp-content\/uploads\/2026\/04\/Modelo-instituicoes-2026-04-29T144245.980-1068x601.jpg 1068w, https:\/\/www.grupomedcof.com.br\/blog\/wp-content\/uploads\/2026\/04\/Modelo-instituicoes-2026-04-29T144245.980.jpg 1920w\" sizes=\"auto, (max-width: 1024px) 100vw, 1024px\" \/><\/figure>\n\n\n\n<p>O que acontece quando o <strong>rigor de uma EdTech voltada \u00e0 elite da medicina<\/strong> encontra o <strong>potencial de jovens talentos em forma\u00e7\u00e3o t\u00e9cnica profissionalizante? <\/strong>A resposta est\u00e1 na <strong>parceria entre a MedCof e o CEAP.<\/strong><\/p>\n\n\n\n<p>Ao abrir as portas para alunos de uma das institui\u00e7\u00f5es de ensino social mais respeitadas de S\u00e3o Paulo, a MedCof n\u00e3o apenas <strong>fortalece seu quadro administrativo e tecnol\u00f3gico<\/strong>, mas tamb\u00e9m participa ativamente do ciclo de transforma\u00e7\u00e3o social atrav\u00e9s da educa\u00e7\u00e3o. O foco aqui <strong>n\u00e3o<\/strong> \u00e9 a forma\u00e7\u00e3o assistencial em sa\u00fade, mas sim a <strong>qualifica\u00e7\u00e3o de excel\u00eancia em \u00e1reas como Gest\u00e3o, Marketing e Novos Neg\u00f3cios,<\/strong> que d\u00e3o suporte para que milhares de m\u00e9dicos em todo o pa\u00eds alcancem seus objetivos.<\/p>\n\n\n\n<p>Neste artigo, exploramos como essa integra\u00e7\u00e3o funciona na pr\u00e1tica e ouvimos os protagonistas dessa hist\u00f3ria: a dire\u00e7\u00e3o que estruturou essa ponte e os profissionais que trilharam o caminho das salas de aula do CEAP at\u00e9 postos de destaque no time MedCof.<\/p>\n\n\n\n<h2 class=\"wp-block-heading\" id=\"h-o-que-e-o-ceap-nbsp-nbsp\"><span class=\"ez-toc-section\" id=\"O_que_e_o_CEAP\"><\/span><strong>O que \u00e9 o CEAP?&nbsp;&nbsp;<\/strong><span class=\"ez-toc-section-end\"><\/span><\/h2>\n\n\n\n<p>O <strong><a href=\"https:\/\/ceappedreira.org.br\/\" target=\"_blank\" rel=\"noreferrer noopener\">CEAP (Centro Educacional Assistencial Profissionalizante)<\/a> <\/strong>\u00e9 uma organiza\u00e7\u00e3o da sociedade civil fundada em 1985, na zona sul de S\u00e3o Paulo, com o objetivo de<strong>ampliar oportunidades para jovens em situa\u00e7\u00e3o de vulnerabilidade social por meio da educa\u00e7\u00e3o e da forma\u00e7\u00e3o profissional.<\/strong>&nbsp;<\/p>\n\n\n\n<p>Ao longo de quatro d\u00e9cadas de atua\u00e7\u00e3o, a institui\u00e7\u00e3o se consolidou como uma <strong>refer\u00eancia em ensino complementar no contraturno escolar,<\/strong> combinando <strong>desenvolvimento acad\u00eamico, forma\u00e7\u00e3o t\u00e9cnica<\/strong> e <strong>preparo para o mercado de trabalho.<\/strong><\/p>\n\n\n\n<p>Atualmente, o CEAP atende cerca de<strong> 1.100 estudantes por ano,<\/strong> entre<strong> 10 e 18 anos<\/strong>, oferecendo programas estruturados que acompanham o jovem desde o ensino fundamental at\u00e9 a inser\u00e7\u00e3o profissional. Desde sua cria\u00e7\u00e3o, <strong>mais de 9.000 alunos j\u00e1 passaram pela institui\u00e7\u00e3o,<\/strong> refletindo um impacto consistente e duradouro na comunidade.&nbsp;<\/p>\n\n\n\n<p>Com uma abordagem pr\u00e1tica e voltada \u00e0 realidade do mercado, al\u00e9m de atuar na educa\u00e7\u00e3o formal, o CEAP tamb\u00e9m agrega na constru\u00e7\u00e3o de autonomia, projeto de vida e inclus\u00e3o social.<\/p>\n\n\n\n<p>De acordo com <strong>Gustavo Pena, diretor do CEAP<\/strong>, a institui\u00e7\u00e3o tem como miss\u00e3o <strong>formar cidad\u00e3os \u00edntegros que transformem o mundo por meio do trabalho, <\/strong>com excel\u00eancia, consci\u00eancia e esp\u00edrito de servi\u00e7o.&nbsp;<\/p>\n\n\n\n<p>Ele ainda cita que, na transi\u00e7\u00e3o para o mercado de trabalho, o objetivo \u00e9 <strong>formar jovens tecnicamente preparados e humanamente maduros,<\/strong> capazes&nbsp; de assumir responsabilidades, crescer profissionalmente e gerar valor real dentro das empresas.&nbsp;<\/p>\n\n\n\n<h2 class=\"wp-block-heading\"><span class=\"ez-toc-section\" id=\"Como_funciona_a_parceria_CEAP_MedCof\"><\/span><strong>Como funciona a parceria CEAP + MedCof?<\/strong><span class=\"ez-toc-section-end\"><\/span><\/h2>\n\n\n\n<p>A parceria entre a MedCof e o CEAP nasceu h\u00e1 3 anos, envolvendo suporte financeiro, contribuindo nos estudos do ensino t\u00e9cnico e desenvolvimento da carreira do aluno.&nbsp;<\/p>\n\n\n\n<p>Gustavo menciona que encontrou na MedCof uma <strong>empresa que valoriza a forma\u00e7\u00e3o de pessoas de modo profundo<\/strong>, unindo exig\u00eancia profissional, excel\u00eancia e prop\u00f3sito:<\/p>\n\n\n\n<div class=\"wp-block-columns is-layout-flex wp-container-core-columns-is-layout-9d6595d7 wp-block-columns-is-layout-flex\">\n<div class=\"wp-block-column is-layout-flow wp-block-column-is-layout-flow\" style=\"flex-basis:66.66%\">\n<figure class=\"wp-block-image size-full\"><img loading=\"lazy\" decoding=\"async\" width=\"945\" height=\"641\" src=\"https:\/\/www.grupomedcof.com.br\/blog\/wp-content\/uploads\/2026\/04\/WhatsApp-Image-2026-04-28-at-16.46.02.jpeg\" alt=\"\" class=\"wp-image-43813\" srcset=\"https:\/\/www.grupomedcof.com.br\/blog\/wp-content\/uploads\/2026\/04\/WhatsApp-Image-2026-04-28-at-16.46.02.jpeg 945w, https:\/\/www.grupomedcof.com.br\/blog\/wp-content\/uploads\/2026\/04\/WhatsApp-Image-2026-04-28-at-16.46.02-300x203.jpeg 300w, https:\/\/www.grupomedcof.com.br\/blog\/wp-content\/uploads\/2026\/04\/WhatsApp-Image-2026-04-28-at-16.46.02-768x521.jpeg 768w, https:\/\/www.grupomedcof.com.br\/blog\/wp-content\/uploads\/2026\/04\/WhatsApp-Image-2026-04-28-at-16.46.02-619x420.jpeg 619w, https:\/\/www.grupomedcof.com.br\/blog\/wp-content\/uploads\/2026\/04\/WhatsApp-Image-2026-04-28-at-16.46.02-150x102.jpeg 150w, https:\/\/www.grupomedcof.com.br\/blog\/wp-content\/uploads\/2026\/04\/WhatsApp-Image-2026-04-28-at-16.46.02-696x472.jpeg 696w\" sizes=\"auto, (max-width: 945px) 100vw, 945px\" \/><figcaption class=\"wp-element-caption\">Gustavo Pena, diretor do CEAP | Arquivo pessoal<\/figcaption><\/figure>\n<\/div>\n\n\n\n<div class=\"wp-block-column is-layout-flow wp-block-column-is-layout-flow\" style=\"flex-basis:33.33%\">\n<p> \u201cA MedCof n\u00e3o apenas apoia o CEAP institucionalmente, mas tamb\u00e9m <strong>abre oportunidades concretas para que nossos jovens se desenvolvam no ambiente corporativo.<\/strong>\u201d<\/p>\n<\/div>\n<\/div>\n\n\n\n<p>Ainda, ele nota uma evolu\u00e7\u00e3o dos alunos muito positiva: \u201cOs jovens ganham maturidade, autonomia, responsabilidade e clareza sobre sua trajet\u00f3ria profissional. A experi\u00eancia pr\u00e1tica acelera o amadurecimento e ajuda o aluno a transformar sua forma\u00e7\u00e3o em postura concreta de trabalho.\u201d<\/p>\n\n\n\n<p>Al\u00e9m disso, Gustavo tamb\u00e9m nos contou outros detalhes sobre a parceria:<\/p>\n\n\n\n<h3 class=\"wp-block-heading\"><span class=\"ez-toc-section\" id=\"Quais_criterios_tornam_a_MedCof_uma_parceira_estrategica_O_que_une_as_instituicoes_em_valores\"><\/span><strong>Quais crit\u00e9rios tornam a MedCof uma parceira estrat\u00e9gica? O que une as institui\u00e7\u00f5es em valores?<\/strong><span class=\"ez-toc-section-end\"><\/span><\/h3>\n\n\n\n<p>A MedCof \u00e9 estrat\u00e9gica pela <strong>consist\u00eancia do apoio<\/strong>, pela abertura real \u00e0 contrata\u00e7\u00e3o de jovens e pelo <strong>alinhamento de valores.<\/strong><\/p>\n\n\n\n<p>O que une as duas institui\u00e7\u00f5es \u00e9 a <strong>busca pela excel\u00eancia, a valoriza\u00e7\u00e3o do trabalho bem feito<\/strong> e a convic\u00e7\u00e3o de que a forma\u00e7\u00e3o t\u00e9cnica precisa <strong>caminhar junto com a forma\u00e7\u00e3o de virtudes.<\/strong><\/p>\n\n\n\n<h3 class=\"wp-block-heading\"><span class=\"ez-toc-section\" id=\"Como_funciona_a_curadoria_ou_preparacao_dos_alunos_encaminhados_para_empresas_parceiras\"><\/span><strong>Como funciona a curadoria ou prepara\u00e7\u00e3o dos alunos encaminhados para empresas parceiras?<\/strong><span class=\"ez-toc-section-end\"><\/span><\/h3>\n\n\n\n<p>A prepara\u00e7\u00e3o acontece ao longo de todo o percurso formativo do CEAP, com forma\u00e7\u00e3o t\u00e9cnica, preceptoria e desenvolvimento de virtudes como responsabilidade, disciplina, respeito e esp\u00edrito de servi\u00e7o.<\/p>\n\n\n\n<p>Antes da entrada no mercado, tamb\u00e9m trabalhamos postura profissional, curr\u00edculo, entrevistas e compreens\u00e3o do ambiente corporativo.<\/p>\n\n\n\n<h3 class=\"wp-block-heading\"><span class=\"ez-toc-section\" id=\"Existe_acompanhamento_pos-contratacao\"><\/span><strong>Existe acompanhamento p\u00f3s-contrata\u00e7\u00e3o?<\/strong><span class=\"ez-toc-section-end\"><\/span><\/h3>\n\n\n\n<p>Sim. O CEAP mant\u00e9m proximidade com os antigos alunos e abertura para orienta\u00e7\u00e3o, especialmente nos primeiros passos da vida profissional.<\/p>\n\n\n\n<p>Tamb\u00e9m buscamos manter di\u00e1logo para acompanhar a evolu\u00e7\u00e3o dos jovens e aprimorar nosso processo formativo.<\/p>\n\n\n\n<h3 class=\"wp-block-heading\"><span class=\"ez-toc-section\" id=\"Como_a_vivencia_em_uma_empresa_de_educacao_medica_contribui_para_o_amadurecimento_profissional\"><\/span><strong>Como a viv\u00eancia em uma empresa de educa\u00e7\u00e3o m\u00e9dica contribui para o amadurecimento profissional?<\/strong><span class=\"ez-toc-section-end\"><\/span><\/h3>\n\n\n\n<p>A MedCof oferece um ambiente exigente, orientado \u00e0 qualidade, ao estudo e \u00e0 performance.<\/p>\n\n\n\n<p>Essa viv\u00eancia ajuda o jovem a elevar seu padr\u00e3o de responsabilidade, organiza\u00e7\u00e3o e compromisso com resultados.<\/p>\n\n\n\n<h3 class=\"wp-block-heading\"><span class=\"ez-toc-section\" id=\"Como_iniciativas_desse_tipo_reduzem_o_hiato_entre_formacao_tecnica_e_mercado_de_trabalho\"><\/span><strong>Como iniciativas desse tipo reduzem o hiato entre forma\u00e7\u00e3o t\u00e9cnica e mercado de trabalho?<\/strong><span class=\"ez-toc-section-end\"><\/span><\/h3>\n\n\n\n<p>Elas <strong>aproximam a escola da realidade das empresas.<\/strong> Quando o jovem tem contato com ambientes profissionais exigentes e bem acompanhados, sua adapta\u00e7\u00e3o \u00e9 <strong>mais r\u00e1pida<\/strong>, sua forma\u00e7\u00e3o ganha concretude e sua entrada no mercado se torna mais qualificada.<\/p>\n\n\n\n<h2 class=\"wp-block-heading\"><span class=\"ez-toc-section\" id=\"Do_CEAP_para_o_Time_MedCof_Historias_Reais\"><\/span><strong>Do CEAP para o Time MedCof: Hist\u00f3rias Reais&nbsp;<\/strong><span class=\"ez-toc-section-end\"><\/span><\/h2>\n\n\n\n<p>A teoria das salas de aula ganha forma no dia a dia da MedCof. Para entender esse impacto, conversamos com um colaborador que iniciou sua trajet\u00f3ria no CEAP e hoje desempenha fun\u00e7\u00f5es estrat\u00e9gicas na empresa.&nbsp;<\/p>\n\n\n\n<h3 class=\"wp-block-heading\"><span class=\"ez-toc-section\" id=\"Foco_em_Estrategia_e_Novos_Negocios\"><\/span><strong>Foco em Estrat\u00e9gia e Novos Neg\u00f3cios&nbsp;<\/strong><span class=\"ez-toc-section-end\"><\/span><\/h3>\n\n\n\n<p>Para Jo\u00e3o Vitor Cabral, integrante do time de <strong>Novos Neg\u00f3cios<\/strong>, a transi\u00e7\u00e3o do ambiente profissionalizante para o mercado de alto desempenho foi uma &#8220;oportunidade de ouro&#8221;. Ele destaca que a <strong>base t\u00e9cnica em Contabilidade, Gest\u00e3o de Projetos e Marketing<\/strong> recebida no CEAP foi o <strong>alicerce para desenvolver o racioc\u00ednio l\u00f3gico e a mentalidade de ROI<\/strong> (Retorno sobre Investimento) que sua fun\u00e7\u00e3o exige hoje.<\/p>\n\n\n\n<div class=\"wp-block-columns is-layout-flex wp-container-core-columns-is-layout-9d6595d7 wp-block-columns-is-layout-flex\">\n<div class=\"wp-block-column is-layout-flow wp-block-column-is-layout-flow\" style=\"flex-basis:33.33%\">\n<p>&#8220;O CEAP me ensinou a comunica\u00e7\u00e3o, a n\u00e3o ter medo de propor ideias e a saber me portar em reuni\u00f5es com a lideran\u00e7a. Na MedCof, sou constantemente desafiado a entender relat\u00f3rios e sugerir processos que agreguem valor \u00e0 marca&#8221;, explica.<br><\/p>\n<\/div>\n\n\n\n<div class=\"wp-block-column is-layout-flow wp-block-column-is-layout-flow\" style=\"flex-basis:66.66%\">\n<figure class=\"wp-block-image size-full is-resized\"><img loading=\"lazy\" decoding=\"async\" width=\"301\" height=\"290\" src=\"https:\/\/www.grupomedcof.com.br\/blog\/wp-content\/uploads\/2026\/04\/image-14.png\" alt=\"\" class=\"wp-image-43814\" style=\"aspect-ratio:1.0379330782908562;width:400px;height:auto\" srcset=\"https:\/\/www.grupomedcof.com.br\/blog\/wp-content\/uploads\/2026\/04\/image-14.png 301w, https:\/\/www.grupomedcof.com.br\/blog\/wp-content\/uploads\/2026\/04\/image-14-150x145.png 150w\" sizes=\"auto, (max-width: 301px) 100vw, 301px\" \/><figcaption class=\"wp-element-caption\">Jo\u00e3o Vitor Cabral, executivo de Novos Neg\u00f3cios do Grupo MedCof | Arquivo pessoal<\/figcaption><\/figure>\n<\/div>\n<\/div>\n\n\n\n<p>Com tr\u00eas anos de casa, ele ressalta que o <strong>amadurecimento profissional \u00e9 um processo di\u00e1rio<\/strong>: &#8220;Aprendi que a sala de aula \u00e9 uma coisa e o mercado \u00e9 outra; \u00e9 preciso aprender a lidar com as cobran\u00e7as e ser lapidado aos poucos. Meu conselho para quem est\u00e1 no CEAP \u00e9: <strong>n\u00e3o pulem fases<\/strong>, vivam o cargo e busquem ser competentes em v\u00e1rias frentes.\u201d<\/p>\n\n\n\n<h3 class=\"wp-block-heading\" id=\"h-lideranca-e-proposito-no-marketing\"><span class=\"ez-toc-section\" id=\"Lideranca_e_Proposito_no_Marketing\"><\/span><strong>Lideran\u00e7a e Prop\u00f3sito no Marketing<\/strong><span class=\"ez-toc-section-end\"><\/span><\/h3>\n\n\n\n<p>Para Thomas, atual <strong>Coordenador de Marketing da MedCof,<\/strong> a trajet\u00f3ria no CEAP foi marcada por um amadurecimento que uniu o desenvolvimento profissional a uma s\u00f3lida base de valores pessoais:<\/p>\n\n\n\n<div class=\"wp-block-columns is-layout-flex wp-container-core-columns-is-layout-9d6595d7 wp-block-columns-is-layout-flex\">\n<div class=\"wp-block-column is-layout-flow wp-block-column-is-layout-flow\" style=\"flex-basis:66.66%\">\n<figure class=\"wp-block-image size-full\"><img loading=\"lazy\" decoding=\"async\" width=\"512\" height=\"512\" src=\"https:\/\/www.grupomedcof.com.br\/blog\/wp-content\/uploads\/2026\/04\/WhatsApp-Image-2026-04-29-at-15.23.26.jpeg\" alt=\"\" class=\"wp-image-43823\" srcset=\"https:\/\/www.grupomedcof.com.br\/blog\/wp-content\/uploads\/2026\/04\/WhatsApp-Image-2026-04-29-at-15.23.26.jpeg 512w, https:\/\/www.grupomedcof.com.br\/blog\/wp-content\/uploads\/2026\/04\/WhatsApp-Image-2026-04-29-at-15.23.26-300x300.jpeg 300w, https:\/\/www.grupomedcof.com.br\/blog\/wp-content\/uploads\/2026\/04\/WhatsApp-Image-2026-04-29-at-15.23.26-150x150.jpeg 150w, https:\/\/www.grupomedcof.com.br\/blog\/wp-content\/uploads\/2026\/04\/WhatsApp-Image-2026-04-29-at-15.23.26-420x420.jpeg 420w, https:\/\/www.grupomedcof.com.br\/blog\/wp-content\/uploads\/2026\/04\/WhatsApp-Image-2026-04-29-at-15.23.26-96x96.jpeg 96w\" sizes=\"auto, (max-width: 512px) 100vw, 512px\" \/><figcaption class=\"wp-element-caption\">Thomas Kau\u00e3, coordenador de marketing de resid\u00eancia m\u00e9dica do Grupo MedCof | Arquivo pessoal<\/figcaption><\/figure>\n<\/div>\n\n\n\n<div class=\"wp-block-column is-layout-flow wp-block-column-is-layout-flow\" style=\"flex-basis:33.33%\">\n<p>&#8220;Minha trajet\u00f3ria come\u00e7a com uma transforma\u00e7\u00e3o profunda. Foi no CEAP que me tornei cat\u00f3lico e passei a enxergar a vida com mais disciplina, responsabilidade e prop\u00f3sito. Amadureci cedo, ao ponto de hoje muitos dizerem que penso como algu\u00e9m mais velho. Passei a valorizar a constru\u00e7\u00e3o de uma fam\u00edlia e a ver o trabalho como forma de servir. Como ensina S\u00e3o Josemaria Escriv\u00e1, o trabalho tamb\u00e9m \u00e9 um caminho de ajudar o pr\u00f3ximo, e \u00e9 assim que eu encaro o que fa\u00e7o hoje.&#8221;<\/p>\n<\/div>\n<\/div>\n\n\n\n<p>Essa mentalidade reflete diretamente em sua performance t\u00e9cnica. Thomas destaca que as compet\u00eancias adquiridas no CEAP, como <strong>organiza\u00e7\u00e3o, pensamento anal\u00edtico e consist\u00eancia na execu\u00e7\u00e3o<\/strong>, foram fundamentais para sua entrada na MedCof. Com o tempo, essa base permitiu que ele evolu\u00edsse de executor para estrategista, antecipando problemas e construindo solu\u00e7\u00f5es de longo prazo.<\/p>\n\n\n\n<p>Hoje, na posi\u00e7\u00e3o de coordenador, ele aplica esses valores na gest\u00e3o da equipe, priorizando a lideran\u00e7a pelo <strong>exemplo e o desenvolvimento das pessoas<\/strong>. &#8220;Mais do que entregar resultados, eu me preocupo em desenvolver quem est\u00e1 comigo, porque foi isso que fizeram por mim. A disciplina e a busca constante por excel\u00eancia viraram os pilares da minha gest\u00e3o&#8221;, afirma.<\/p>\n\n\n\n<p>Para ele, os principais marcos de sua trajet\u00f3ria na empresa foram justamente os momentos de maior press\u00e3o, que moldaram sua capacidade de pensar no impacto coletivo e no resultado global da institui\u00e7\u00e3o.<\/p>\n\n\n\n<h2 class=\"wp-block-heading\"><span class=\"ez-toc-section\" id=\"O_Impacto_na_Saude_Brasileira\"><\/span><strong>O Impacto na Sa\u00fade Brasileira&nbsp;<\/strong><span class=\"ez-toc-section-end\"><\/span><\/h2>\n\n\n\n<p>Pode parecer uma conex\u00e3o distante, mas quando a MedCof investe em talentos do CEAP, ela fortalece sua <strong>capacidade de entrega, inova\u00e7\u00e3o e suporte. <\/strong>Um time interno bem preparado e tecnicamente robusto permite que a MedCof <strong>produza<\/strong> <strong>materiais de melhor qualidade e plataformas mais eficientes.<\/strong><\/p>\n\n\n\n<p>O resultado final \u00e9 uma prepara\u00e7\u00e3o de excel\u00eancia para os futuros especialistas do pa\u00eds. Em \u00faltima an\u00e1lise, cada processo otimizado por um ex-aluno do CEAP na MedCof contribui para que mais de <strong>35 mil m\u00e9dicos aprovados<\/strong> cheguem ao mercado mais bem treinados, impactando diretamente o atendimento de mais de <strong>140 milh\u00f5es de pacientes<\/strong> em todo o Brasil. \u00c9 o trabalho administrativo e t\u00e9cnico transformado em benef\u00edcio social na ponta do sistema de sa\u00fade.<\/p>\n\n\n\n<figure class=\"wp-block-image size-large\"><a href=\"https:\/\/www.grupomedcof.com.br\/cofletters\/?clientId=&amp;utm_campaign=newsletter&amp;utm_medium=banner&amp;utm_source=blog&amp;utm_content=inscricao#https:\/\/www.grupomedcof.com.br\/blog\/\" target=\"_blank\" rel=\" noreferrer noopener\"><img loading=\"lazy\" decoding=\"async\" width=\"1024\" height=\"320\" src=\"https:\/\/www.grupomedcof.com.br\/blog\/wp-content\/uploads\/2025\/11\/Banner-MedCof-Plus-2200x460-11-1343x420-1-1024x320.png\" alt=\"\" class=\"wp-image-39227\" srcset=\"https:\/\/www.grupomedcof.com.br\/blog\/wp-content\/uploads\/2025\/11\/Banner-MedCof-Plus-2200x460-11-1343x420-1-1024x320.png 1024w, https:\/\/www.grupomedcof.com.br\/blog\/wp-content\/uploads\/2025\/11\/Banner-MedCof-Plus-2200x460-11-1343x420-1-300x94.png 300w, https:\/\/www.grupomedcof.com.br\/blog\/wp-content\/uploads\/2025\/11\/Banner-MedCof-Plus-2200x460-11-1343x420-1-768x240.png 768w, https:\/\/www.grupomedcof.com.br\/blog\/wp-content\/uploads\/2025\/11\/Banner-MedCof-Plus-2200x460-11-1343x420-1-150x47.png 150w, https:\/\/www.grupomedcof.com.br\/blog\/wp-content\/uploads\/2025\/11\/Banner-MedCof-Plus-2200x460-11-1343x420-1-696x218.png 696w, https:\/\/www.grupomedcof.com.br\/blog\/wp-content\/uploads\/2025\/11\/Banner-MedCof-Plus-2200x460-11-1343x420-1-1068x334.png 1068w, https:\/\/www.grupomedcof.com.br\/blog\/wp-content\/uploads\/2025\/11\/Banner-MedCof-Plus-2200x460-11-1343x420-1.png 1343w\" sizes=\"auto, (max-width: 1024px) 100vw, 1024px\" \/><\/a><\/figure>\n\n\n\n<h2 class=\"wp-block-heading\" id=\"h-garanta-a-maior-condicao-da-historia-do-grupo-medcof-nbsp\"><span class=\"ez-toc-section\" id=\"Garanta_a_maior_condicao_da_historia_do_Grupo_MedCof\"><\/span><strong>Garanta a maior condi\u00e7\u00e3o da hist\u00f3ria do Grupo MedCof!&nbsp;<\/strong><span class=\"ez-toc-section-end\"><\/span><\/h2>\n\n\n\n<p>A oportunidade que voc\u00ea esperava para <strong>transformar sua carreira m\u00e9dica chegou<\/strong>. Seja para conquistar a vaga na Resid\u00eancia, obter seu T\u00edtulo de Especialista ou revalidar seu diploma no Brasil ou no exterior, o <strong>Grupo MedCof oferece a metodologia l\u00edder em aprova\u00e7\u00e3o <\/strong>com ferramentas de intelig\u00eancia artificial e suporte de subespecialistas.<\/p>\n\n\n\n<p>Faltam poucas horas para o encerramento da nossa maior a\u00e7\u00e3o de vendas:<strong> todos os preparat\u00f3rios<\/strong> do ecossistema est\u00e3o com<strong> condi\u00e7\u00f5es exclusivas e in\u00e9ditas<\/strong>.&nbsp;<\/p>\n\n\n\n<p>Clique no bot\u00e3o abaixo, fale agora com nosso <strong>time comercial via WhatsApp<\/strong> e garanta seu acesso com desconto especial at\u00e9 o dia 30\/04 \u00e0s 23:59!<\/p>\n\n\n\n<div class=\"wp-block-buttons is-layout-flex wp-block-buttons-is-layout-flex\">\n<div class=\"wp-block-button\"><a class=\"wp-block-button__link wp-element-button\" href=\"https:\/\/api.whatsapp.com\/send\/?phone=551150281610&amp;text=Vim+pelo+Blog+do+Grupo+Medcof+e+quero+saber+a+condi%C3%A7%C3%A3o+especial.&amp;type=phone_number&amp;app_absent=0&amp;utm_campaign=blog-comercial-condicao-especial&amp;utm_source=blog-comercial-condicao-especial\" target=\"_blank\" rel=\"noreferrer noopener\">QUERO GARANTIR MINHA CONDI\u00c7\u00c3O ESPECIAL!<\/a><\/div>\n<\/div>\n\n\n\n<figure class=\"wp-block-image size-large\"><a href=\"https:\/\/api.whatsapp.com\/send\/?phone=551150281610&amp;text=Vim+pelo+Blog+do+Grupo+Medcof+e+quero+saber+a+condi%C3%A7%C3%A3o+especial.&amp;type=phone_number&amp;app_absent=0&amp;utm_campaign=blog-comercial-condicao-especial&amp;utm_source=blog-comercial-condicao-especial\" target=\"_blank\" rel=\" noreferrer noopener\"><img loading=\"lazy\" decoding=\"async\" width=\"1024\" height=\"320\" src=\"https:\/\/www.grupomedcof.com.br\/blog\/wp-content\/uploads\/2026\/04\/image-12-1024x320.png\" alt=\"\" class=\"wp-image-43710\" srcset=\"https:\/\/www.grupomedcof.com.br\/blog\/wp-content\/uploads\/2026\/04\/image-12-1024x320.png 1024w, https:\/\/www.grupomedcof.com.br\/blog\/wp-content\/uploads\/2026\/04\/image-12-300x94.png 300w, https:\/\/www.grupomedcof.com.br\/blog\/wp-content\/uploads\/2026\/04\/image-12-768x240.png 768w, https:\/\/www.grupomedcof.com.br\/blog\/wp-content\/uploads\/2026\/04\/image-12-1536x480.png 1536w, https:\/\/www.grupomedcof.com.br\/blog\/wp-content\/uploads\/2026\/04\/image-12-1344x420.png 1344w, https:\/\/www.grupomedcof.com.br\/blog\/wp-content\/uploads\/2026\/04\/image-12-150x47.png 150w, https:\/\/www.grupomedcof.com.br\/blog\/wp-content\/uploads\/2026\/04\/image-12-696x218.png 696w, https:\/\/www.grupomedcof.com.br\/blog\/wp-content\/uploads\/2026\/04\/image-12-1068x334.png 1068w, https:\/\/www.grupomedcof.com.br\/blog\/wp-content\/uploads\/2026\/04\/image-12.png 1600w\" sizes=\"auto, (max-width: 1024px) 100vw, 1024px\" \/><\/a><\/figure>\n","protected":false},"excerpt":{"rendered":"<p>Conhe\u00e7a o impacto social da parceria entre MedCof e CEAP na forma\u00e7\u00e3o de jovens talentos. Veja como a integra\u00e7\u00e3o profissional impulsiona carreiras e a sa\u00fade no Brasil.<\/p>\n","protected":false},"author":20,"featured_media":43818,"comment_status":"closed","ping_status":"closed","sticky":false,"template":"","format":"standard","meta":{"footnotes":""},"categories":[240,173],"tags":[3738,3737],"ppma_author":[3616],"class_list":{"0":"post-43812","1":"post","2":"type-post","3":"status-publish","4":"format-standard","5":"has-post-thumbnail","7":"category-noticias","8":"category-novidades","9":"tag-ceap","10":"tag-time-medcof"},"yoast_head":"<!-- This site is optimized with the Yoast SEO Premium plugin v24.3 (Yoast SEO v27.5) - https:\/\/yoast.com\/product\/yoast-seo-premium-wordpress\/ -->\n<title>O impacto social da parceria entre MedCof e CEAP - Blog de Medcof: conte\u00fados, editais, revalida e mais!<\/title>\n<meta name=\"description\" content=\"Conhe\u00e7a o impacto social da parceria entre MedCof e CEAP na forma\u00e7\u00e3o de jovens talentos. Veja como a integra\u00e7\u00e3o profissional impulsiona carreiras e a sa\u00fade no Brasil.\" \/>\n<meta name=\"robots\" content=\"index, follow, max-snippet:-1, max-image-preview:large, max-video-preview:-1\" \/>\n<link rel=\"canonical\" href=\"https:\/\/www.grupomedcof.com.br\/blog\/impacto-social-parceria-medcof-ceap\/\" \/>\n<meta property=\"og:locale\" content=\"pt_BR\" \/>\n<meta property=\"og:type\" content=\"article\" \/>\n<meta property=\"og:title\" content=\"O impacto social da parceria entre MedCof e CEAP\" \/>\n<meta property=\"og:description\" content=\"Conhe\u00e7a o impacto social da parceria entre MedCof e CEAP na forma\u00e7\u00e3o de jovens talentos. Veja como a integra\u00e7\u00e3o profissional impulsiona carreiras e a sa\u00fade no Brasil.\" \/>\n<meta property=\"og:url\" content=\"https:\/\/www.grupomedcof.com.br\/blog\/impacto-social-parceria-medcof-ceap\/\" \/>\n<meta property=\"og:site_name\" content=\"Blog de Medcof: conte\u00fados, editais, revalida e mais!\" \/>\n<meta property=\"article:publisher\" content=\"https:\/\/www.facebook.com\/MedCofQbank\/\" \/>\n<meta property=\"article:published_time\" content=\"2026-04-29T19:13:12+00:00\" \/>\n<meta property=\"article:modified_time\" content=\"2026-04-29T19:15:27+00:00\" \/>\n<meta property=\"og:image\" content=\"https:\/\/www.grupomedcof.com.br\/blog\/wp-content\/uploads\/2026\/04\/Modelo-instituicoes-2026-04-29T144245.980.jpg\" \/>\n\t<meta property=\"og:image:width\" content=\"1920\" \/>\n\t<meta property=\"og:image:height\" content=\"1080\" \/>\n\t<meta property=\"og:image:type\" content=\"image\/jpeg\" \/>\n<meta name=\"author\" content=\"Leila Menzel\" \/>\n<meta name=\"twitter:card\" content=\"summary_large_image\" \/>\n<meta name=\"twitter:label1\" content=\"Escrito por\" \/>\n\t<meta name=\"twitter:data1\" content=\"Leila Menzel\" \/>\n\t<meta name=\"twitter:label2\" content=\"Est. tempo de leitura\" \/>\n\t<meta name=\"twitter:data2\" content=\"10 minutos\" \/>\n<script type=\"application\/ld+json\" class=\"yoast-schema-graph\">{\"@context\":\"https:\\\/\\\/schema.org\",\"@graph\":[{\"@type\":\"Article\",\"@id\":\"https:\\\/\\\/www.grupomedcof.com.br\\\/blog\\\/impacto-social-parceria-medcof-ceap\\\/#article\",\"isPartOf\":{\"@id\":\"https:\\\/\\\/www.grupomedcof.com.br\\\/blog\\\/impacto-social-parceria-medcof-ceap\\\/\"},\"author\":{\"name\":\"Leila Menzel\",\"@id\":\"https:\\\/\\\/www.grupomedcof.com.br\\\/blog\\\/#\\\/schema\\\/person\\\/9a44c2184a836bf5ae6967fdb3a1451e\"},\"headline\":\"O impacto social da parceria entre MedCof e CEAP\",\"datePublished\":\"2026-04-29T19:13:12+00:00\",\"dateModified\":\"2026-04-29T19:15:27+00:00\",\"mainEntityOfPage\":{\"@id\":\"https:\\\/\\\/www.grupomedcof.com.br\\\/blog\\\/impacto-social-parceria-medcof-ceap\\\/\"},\"wordCount\":1688,\"publisher\":{\"@id\":\"https:\\\/\\\/www.grupomedcof.com.br\\\/blog\\\/#organization\"},\"image\":{\"@id\":\"https:\\\/\\\/www.grupomedcof.com.br\\\/blog\\\/impacto-social-parceria-medcof-ceap\\\/#primaryimage\"},\"thumbnailUrl\":\"https:\\\/\\\/www.grupomedcof.com.br\\\/blog\\\/wp-content\\\/uploads\\\/2026\\\/04\\\/Modelo-instituicoes-2026-04-29T144245.980.jpg\",\"keywords\":[\"CEAP\",\"Time MedCof\"],\"articleSection\":[\"Not\u00edcias\",\"Novidades\"],\"inLanguage\":\"pt-BR\"},{\"@type\":\"WebPage\",\"@id\":\"https:\\\/\\\/www.grupomedcof.com.br\\\/blog\\\/impacto-social-parceria-medcof-ceap\\\/\",\"url\":\"https:\\\/\\\/www.grupomedcof.com.br\\\/blog\\\/impacto-social-parceria-medcof-ceap\\\/\",\"name\":\"O impacto social da parceria entre MedCof e CEAP - Blog de Medcof: conte\u00fados, editais, revalida e mais!\",\"isPartOf\":{\"@id\":\"https:\\\/\\\/www.grupomedcof.com.br\\\/blog\\\/#website\"},\"primaryImageOfPage\":{\"@id\":\"https:\\\/\\\/www.grupomedcof.com.br\\\/blog\\\/impacto-social-parceria-medcof-ceap\\\/#primaryimage\"},\"image\":{\"@id\":\"https:\\\/\\\/www.grupomedcof.com.br\\\/blog\\\/impacto-social-parceria-medcof-ceap\\\/#primaryimage\"},\"thumbnailUrl\":\"https:\\\/\\\/www.grupomedcof.com.br\\\/blog\\\/wp-content\\\/uploads\\\/2026\\\/04\\\/Modelo-instituicoes-2026-04-29T144245.980.jpg\",\"datePublished\":\"2026-04-29T19:13:12+00:00\",\"dateModified\":\"2026-04-29T19:15:27+00:00\",\"description\":\"Conhe\u00e7a o impacto social da parceria entre MedCof e CEAP na forma\u00e7\u00e3o de jovens talentos. Veja como a integra\u00e7\u00e3o profissional impulsiona carreiras e a sa\u00fade no Brasil.\",\"breadcrumb\":{\"@id\":\"https:\\\/\\\/www.grupomedcof.com.br\\\/blog\\\/impacto-social-parceria-medcof-ceap\\\/#breadcrumb\"},\"inLanguage\":\"pt-BR\",\"potentialAction\":[{\"@type\":\"ReadAction\",\"target\":[\"https:\\\/\\\/www.grupomedcof.com.br\\\/blog\\\/impacto-social-parceria-medcof-ceap\\\/\"]}]},{\"@type\":\"ImageObject\",\"inLanguage\":\"pt-BR\",\"@id\":\"https:\\\/\\\/www.grupomedcof.com.br\\\/blog\\\/impacto-social-parceria-medcof-ceap\\\/#primaryimage\",\"url\":\"https:\\\/\\\/www.grupomedcof.com.br\\\/blog\\\/wp-content\\\/uploads\\\/2026\\\/04\\\/Modelo-instituicoes-2026-04-29T144245.980.jpg\",\"contentUrl\":\"https:\\\/\\\/www.grupomedcof.com.br\\\/blog\\\/wp-content\\\/uploads\\\/2026\\\/04\\\/Modelo-instituicoes-2026-04-29T144245.980.jpg\",\"width\":1920,\"height\":1080},{\"@type\":\"BreadcrumbList\",\"@id\":\"https:\\\/\\\/www.grupomedcof.com.br\\\/blog\\\/impacto-social-parceria-medcof-ceap\\\/#breadcrumb\",\"itemListElement\":[{\"@type\":\"ListItem\",\"position\":1,\"name\":\"In\u00edcio\",\"item\":\"https:\\\/\\\/www.grupomedcof.com.br\\\/blog\\\/\"},{\"@type\":\"ListItem\",\"position\":2,\"name\":\"O impacto social da parceria entre MedCof e CEAP\"}]},{\"@type\":\"WebSite\",\"@id\":\"https:\\\/\\\/www.grupomedcof.com.br\\\/blog\\\/#website\",\"url\":\"https:\\\/\\\/www.grupomedcof.com.br\\\/blog\\\/\",\"name\":\"Blog de Medcof: conte\u00fados, editais, revalida e mais!\",\"description\":\"Acesso o blog de MedCof! Seu portal de conte\u00fados sobre resid\u00eancia m\u00e9dica, an\u00e1lise e editais e muito mais. Clique e confira!\",\"publisher\":{\"@id\":\"https:\\\/\\\/www.grupomedcof.com.br\\\/blog\\\/#organization\"},\"alternateName\":\"Blog de Medcof: conte\u00fados, editais, revalida e mais!\",\"potentialAction\":[{\"@type\":\"SearchAction\",\"target\":{\"@type\":\"EntryPoint\",\"urlTemplate\":\"https:\\\/\\\/www.grupomedcof.com.br\\\/blog\\\/?s={search_term_string}\"},\"query-input\":{\"@type\":\"PropertyValueSpecification\",\"valueRequired\":true,\"valueName\":\"search_term_string\"}}],\"inLanguage\":\"pt-BR\"},{\"@type\":\"Organization\",\"@id\":\"https:\\\/\\\/www.grupomedcof.com.br\\\/blog\\\/#organization\",\"name\":\"Grupo MedCof\",\"url\":\"https:\\\/\\\/www.grupomedcof.com.br\\\/blog\\\/\",\"logo\":{\"@type\":\"ImageObject\",\"inLanguage\":\"pt-BR\",\"@id\":\"https:\\\/\\\/www.grupomedcof.com.br\\\/blog\\\/#\\\/schema\\\/logo\\\/image\\\/\",\"url\":\"https:\\\/\\\/www.grupomedcof.com.br\\\/blog\\\/wp-content\\\/uploads\\\/2022\\\/01\\\/logo-medcof.png\",\"contentUrl\":\"https:\\\/\\\/www.grupomedcof.com.br\\\/blog\\\/wp-content\\\/uploads\\\/2022\\\/01\\\/logo-medcof.png\",\"width\":768,\"height\":269,\"caption\":\"Grupo MedCof\"},\"image\":{\"@id\":\"https:\\\/\\\/www.grupomedcof.com.br\\\/blog\\\/#\\\/schema\\\/logo\\\/image\\\/\"},\"sameAs\":[\"https:\\\/\\\/www.facebook.com\\\/MedCofQbank\\\/\",\"https:\\\/\\\/www.instagram.com\\\/grupomedcof\\\/\",\"https:\\\/\\\/br.linkedin.com\\\/company\\\/medcof\",\"https:\\\/\\\/www.youtube.com\\\/channel\\\/UCdHMuOHKICxcHwecxN8P-AA\"]},{\"@type\":\"Person\",\"@id\":\"https:\\\/\\\/www.grupomedcof.com.br\\\/blog\\\/#\\\/schema\\\/person\\\/9a44c2184a836bf5ae6967fdb3a1451e\",\"name\":\"Leila Menzel\",\"image\":{\"@type\":\"ImageObject\",\"inLanguage\":\"pt-BR\",\"@id\":\"https:\\\/\\\/www.grupomedcof.com.br\\\/blog\\\/wp-content\\\/uploads\\\/2025\\\/09\\\/cropped-eu-96x96.jpeg19a74936d997c0a8b3031618467fa1d0\",\"url\":\"https:\\\/\\\/www.grupomedcof.com.br\\\/blog\\\/wp-content\\\/uploads\\\/2025\\\/09\\\/cropped-eu-96x96.jpeg\",\"contentUrl\":\"https:\\\/\\\/www.grupomedcof.com.br\\\/blog\\\/wp-content\\\/uploads\\\/2025\\\/09\\\/cropped-eu-96x96.jpeg\",\"caption\":\"Leila Menzel\"},\"description\":\"Estudante do 6\u00b0 semestre de jornalismo, amo e escrevo poesias e viajo em livros de romances clich\u00eas.\",\"url\":\"https:\\\/\\\/www.grupomedcof.com.br\\\/blog\\\/author\\\/leila-menzel\\\/\"}]}<\/script>\n<!-- \/ Yoast SEO Premium plugin. -->","yoast_head_json":{"title":"O impacto social da parceria entre MedCof e CEAP - Blog de Medcof: conte\u00fados, editais, revalida e mais!","description":"Conhe\u00e7a o impacto social da parceria entre MedCof e CEAP na forma\u00e7\u00e3o de jovens talentos. Veja como a integra\u00e7\u00e3o profissional impulsiona carreiras e a sa\u00fade no Brasil.","robots":{"index":"index","follow":"follow","max-snippet":"max-snippet:-1","max-image-preview":"max-image-preview:large","max-video-preview":"max-video-preview:-1"},"canonical":"https:\/\/www.grupomedcof.com.br\/blog\/impacto-social-parceria-medcof-ceap\/","og_locale":"pt_BR","og_type":"article","og_title":"O impacto social da parceria entre MedCof e CEAP","og_description":"Conhe\u00e7a o impacto social da parceria entre MedCof e CEAP na forma\u00e7\u00e3o de jovens talentos. Veja como a integra\u00e7\u00e3o profissional impulsiona carreiras e a sa\u00fade no Brasil.","og_url":"https:\/\/www.grupomedcof.com.br\/blog\/impacto-social-parceria-medcof-ceap\/","og_site_name":"Blog de Medcof: conte\u00fados, editais, revalida e mais!","article_publisher":"https:\/\/www.facebook.com\/MedCofQbank\/","article_published_time":"2026-04-29T19:13:12+00:00","article_modified_time":"2026-04-29T19:15:27+00:00","og_image":[{"width":1920,"height":1080,"url":"https:\/\/www.grupomedcof.com.br\/blog\/wp-content\/uploads\/2026\/04\/Modelo-instituicoes-2026-04-29T144245.980.jpg","type":"image\/jpeg"}],"author":"Leila Menzel","twitter_card":"summary_large_image","twitter_misc":{"Escrito por":"Leila Menzel","Est. tempo de leitura":"10 minutos"},"schema":{"@context":"https:\/\/schema.org","@graph":[{"@type":"Article","@id":"https:\/\/www.grupomedcof.com.br\/blog\/impacto-social-parceria-medcof-ceap\/#article","isPartOf":{"@id":"https:\/\/www.grupomedcof.com.br\/blog\/impacto-social-parceria-medcof-ceap\/"},"author":{"name":"Leila Menzel","@id":"https:\/\/www.grupomedcof.com.br\/blog\/#\/schema\/person\/9a44c2184a836bf5ae6967fdb3a1451e"},"headline":"O impacto social da parceria entre MedCof e CEAP","datePublished":"2026-04-29T19:13:12+00:00","dateModified":"2026-04-29T19:15:27+00:00","mainEntityOfPage":{"@id":"https:\/\/www.grupomedcof.com.br\/blog\/impacto-social-parceria-medcof-ceap\/"},"wordCount":1688,"publisher":{"@id":"https:\/\/www.grupomedcof.com.br\/blog\/#organization"},"image":{"@id":"https:\/\/www.grupomedcof.com.br\/blog\/impacto-social-parceria-medcof-ceap\/#primaryimage"},"thumbnailUrl":"https:\/\/www.grupomedcof.com.br\/blog\/wp-content\/uploads\/2026\/04\/Modelo-instituicoes-2026-04-29T144245.980.jpg","keywords":["CEAP","Time MedCof"],"articleSection":["Not\u00edcias","Novidades"],"inLanguage":"pt-BR"},{"@type":"WebPage","@id":"https:\/\/www.grupomedcof.com.br\/blog\/impacto-social-parceria-medcof-ceap\/","url":"https:\/\/www.grupomedcof.com.br\/blog\/impacto-social-parceria-medcof-ceap\/","name":"O impacto social da parceria entre MedCof e CEAP - Blog de Medcof: conte\u00fados, editais, revalida e mais!","isPartOf":{"@id":"https:\/\/www.grupomedcof.com.br\/blog\/#website"},"primaryImageOfPage":{"@id":"https:\/\/www.grupomedcof.com.br\/blog\/impacto-social-parceria-medcof-ceap\/#primaryimage"},"image":{"@id":"https:\/\/www.grupomedcof.com.br\/blog\/impacto-social-parceria-medcof-ceap\/#primaryimage"},"thumbnailUrl":"https:\/\/www.grupomedcof.com.br\/blog\/wp-content\/uploads\/2026\/04\/Modelo-instituicoes-2026-04-29T144245.980.jpg","datePublished":"2026-04-29T19:13:12+00:00","dateModified":"2026-04-29T19:15:27+00:00","description":"Conhe\u00e7a o impacto social da parceria entre MedCof e CEAP na forma\u00e7\u00e3o de jovens talentos. Veja como a integra\u00e7\u00e3o profissional impulsiona carreiras e a sa\u00fade no Brasil.","breadcrumb":{"@id":"https:\/\/www.grupomedcof.com.br\/blog\/impacto-social-parceria-medcof-ceap\/#breadcrumb"},"inLanguage":"pt-BR","potentialAction":[{"@type":"ReadAction","target":["https:\/\/www.grupomedcof.com.br\/blog\/impacto-social-parceria-medcof-ceap\/"]}]},{"@type":"ImageObject","inLanguage":"pt-BR","@id":"https:\/\/www.grupomedcof.com.br\/blog\/impacto-social-parceria-medcof-ceap\/#primaryimage","url":"https:\/\/www.grupomedcof.com.br\/blog\/wp-content\/uploads\/2026\/04\/Modelo-instituicoes-2026-04-29T144245.980.jpg","contentUrl":"https:\/\/www.grupomedcof.com.br\/blog\/wp-content\/uploads\/2026\/04\/Modelo-instituicoes-2026-04-29T144245.980.jpg","width":1920,"height":1080},{"@type":"BreadcrumbList","@id":"https:\/\/www.grupomedcof.com.br\/blog\/impacto-social-parceria-medcof-ceap\/#breadcrumb","itemListElement":[{"@type":"ListItem","position":1,"name":"In\u00edcio","item":"https:\/\/www.grupomedcof.com.br\/blog\/"},{"@type":"ListItem","position":2,"name":"O impacto social da parceria entre MedCof e CEAP"}]},{"@type":"WebSite","@id":"https:\/\/www.grupomedcof.com.br\/blog\/#website","url":"https:\/\/www.grupomedcof.com.br\/blog\/","name":"Blog de Medcof: conte\u00fados, editais, revalida e mais!","description":"Acesso o blog de MedCof! Seu portal de conte\u00fados sobre resid\u00eancia m\u00e9dica, an\u00e1lise e editais e muito mais. Clique e confira!","publisher":{"@id":"https:\/\/www.grupomedcof.com.br\/blog\/#organization"},"alternateName":"Blog de Medcof: conte\u00fados, editais, revalida e mais!","potentialAction":[{"@type":"SearchAction","target":{"@type":"EntryPoint","urlTemplate":"https:\/\/www.grupomedcof.com.br\/blog\/?s={search_term_string}"},"query-input":{"@type":"PropertyValueSpecification","valueRequired":true,"valueName":"search_term_string"}}],"inLanguage":"pt-BR"},{"@type":"Organization","@id":"https:\/\/www.grupomedcof.com.br\/blog\/#organization","name":"Grupo MedCof","url":"https:\/\/www.grupomedcof.com.br\/blog\/","logo":{"@type":"ImageObject","inLanguage":"pt-BR","@id":"https:\/\/www.grupomedcof.com.br\/blog\/#\/schema\/logo\/image\/","url":"https:\/\/www.grupomedcof.com.br\/blog\/wp-content\/uploads\/2022\/01\/logo-medcof.png","contentUrl":"https:\/\/www.grupomedcof.com.br\/blog\/wp-content\/uploads\/2022\/01\/logo-medcof.png","width":768,"height":269,"caption":"Grupo MedCof"},"image":{"@id":"https:\/\/www.grupomedcof.com.br\/blog\/#\/schema\/logo\/image\/"},"sameAs":["https:\/\/www.facebook.com\/MedCofQbank\/","https:\/\/www.instagram.com\/grupomedcof\/","https:\/\/br.linkedin.com\/company\/medcof","https:\/\/www.youtube.com\/channel\/UCdHMuOHKICxcHwecxN8P-AA"]},{"@type":"Person","@id":"https:\/\/www.grupomedcof.com.br\/blog\/#\/schema\/person\/9a44c2184a836bf5ae6967fdb3a1451e","name":"Leila Menzel","image":{"@type":"ImageObject","inLanguage":"pt-BR","@id":"https:\/\/www.grupomedcof.com.br\/blog\/wp-content\/uploads\/2025\/09\/cropped-eu-96x96.jpeg19a74936d997c0a8b3031618467fa1d0","url":"https:\/\/www.grupomedcof.com.br\/blog\/wp-content\/uploads\/2025\/09\/cropped-eu-96x96.jpeg","contentUrl":"https:\/\/www.grupomedcof.com.br\/blog\/wp-content\/uploads\/2025\/09\/cropped-eu-96x96.jpeg","caption":"Leila Menzel"},"description":"Estudante do 6\u00b0 semestre de jornalismo, amo e escrevo poesias e viajo em livros de romances clich\u00eas.","url":"https:\/\/www.grupomedcof.com.br\/blog\/author\/leila-menzel\/"}]}},"authors":[{"term_id":3616,"user_id":20,"is_guest":0,"slug":"leila-menzel","display_name":"Leila Menzel","avatar_url":"https:\/\/www.grupomedcof.com.br\/blog\/wp-content\/uploads\/2025\/09\/cropped-eu-96x96.jpeg","0":null,"1":"","2":"","3":"","4":"","5":"","6":"","7":"","8":""}],"_links":{"self":[{"href":"https:\/\/www.grupomedcof.com.br\/blog\/wp-json\/wp\/v2\/posts\/43812","targetHints":{"allow":["GET"]}}],"collection":[{"href":"https:\/\/www.grupomedcof.com.br\/blog\/wp-json\/wp\/v2\/posts"}],"about":[{"href":"https:\/\/www.grupomedcof.com.br\/blog\/wp-json\/wp\/v2\/types\/post"}],"author":[{"embeddable":true,"href":"https:\/\/www.grupomedcof.com.br\/blog\/wp-json\/wp\/v2\/users\/20"}],"replies":[{"embeddable":true,"href":"https:\/\/www.grupomedcof.com.br\/blog\/wp-json\/wp\/v2\/comments?post=43812"}],"version-history":[{"count":7,"href":"https:\/\/www.grupomedcof.com.br\/blog\/wp-json\/wp\/v2\/posts\/43812\/revisions"}],"predecessor-version":[{"id":43835,"href":"https:\/\/www.grupomedcof.com.br\/blog\/wp-json\/wp\/v2\/posts\/43812\/revisions\/43835"}],"wp:featuredmedia":[{"embeddable":true,"href":"https:\/\/www.grupomedcof.com.br\/blog\/wp-json\/wp\/v2\/media\/43818"}],"wp:attachment":[{"href":"https:\/\/www.grupomedcof.com.br\/blog\/wp-json\/wp\/v2\/media?parent=43812"}],"wp:term":[{"taxonomy":"category","embeddable":true,"href":"https:\/\/www.grupomedcof.com.br\/blog\/wp-json\/wp\/v2\/categories?post=43812"},{"taxonomy":"post_tag","embeddable":true,"href":"https:\/\/www.grupomedcof.com.br\/blog\/wp-json\/wp\/v2\/tags?post=43812"},{"taxonomy":"author","embeddable":true,"href":"https:\/\/www.grupomedcof.com.br\/blog\/wp-json\/wp\/v2\/ppma_author?post=43812"}],"curies":[{"name":"wp","href":"https:\/\/api.w.org\/{rel}","templated":true}]}}