{"id":43820,"date":"2026-04-29T15:46:22","date_gmt":"2026-04-29T18:46:22","guid":{"rendered":"https:\/\/www.grupomedcof.com.br\/blog\/?p=43820"},"modified":"2026-04-29T15:50:32","modified_gmt":"2026-04-29T18:50:32","slug":"projetos-de-lei-propoem-reajuste-da-bolsa-de-residencia-medica","status":"publish","type":"post","link":"https:\/\/www.grupomedcof.com.br\/blog\/projetos-de-lei-propoem-reajuste-da-bolsa-de-residencia-medica\/","title":{"rendered":"Projetos de lei prop\u00f5em reajuste da bolsa de resid\u00eancia m\u00e9dica"},"content":{"rendered":"<div id=\"ez-toc-container\" class=\"ez-toc-v2_0_74 counter-hierarchy ez-toc-counter ez-toc-transparent ez-toc-container-direction\">\n<div class=\"ez-toc-title-container\">\n<p class=\"ez-toc-title\" style=\"cursor:inherit\">Sum\u00e1rio<\/p>\n<span class=\"ez-toc-title-toggle\"><a href=\"#\" class=\"ez-toc-pull-right ez-toc-btn ez-toc-btn-xs ez-toc-btn-default ez-toc-toggle\" aria-label=\"Alternar tabela de conte\u00fado\"><span class=\"ez-toc-js-icon-con\"><span class=\"\"><span class=\"eztoc-hide\" style=\"display:none;\">Toggle<\/span><span class=\"ez-toc-icon-toggle-span\"><svg style=\"fill: #999;color:#999\" xmlns=\"http:\/\/www.w3.org\/2000\/svg\" class=\"list-377408\" width=\"20px\" height=\"20px\" viewBox=\"0 0 24 24\" fill=\"none\"><path d=\"M6 6H4v2h2V6zm14 0H8v2h12V6zM4 11h2v2H4v-2zm16 0H8v2h12v-2zM4 16h2v2H4v-2zm16 0H8v2h12v-2z\" fill=\"currentColor\"><\/path><\/svg><svg style=\"fill: #999;color:#999\" class=\"arrow-unsorted-368013\" xmlns=\"http:\/\/www.w3.org\/2000\/svg\" width=\"10px\" height=\"10px\" viewBox=\"0 0 24 24\" version=\"1.2\" baseProfile=\"tiny\"><path d=\"M18.2 9.3l-6.2-6.3-6.2 6.3c-.2.2-.3.4-.3.7s.1.5.3.7c.2.2.4.3.7.3h11c.3 0 .5-.1.7-.3.2-.2.3-.5.3-.7s-.1-.5-.3-.7zM5.8 14.7l6.2 6.3 6.2-6.3c.2-.2.3-.5.3-.7s-.1-.5-.3-.7c-.2-.2-.4-.3-.7-.3h-11c-.3 0-.5.1-.7.3-.2.2-.3.5-.3.7s.1.5.3.7z\"\/><\/svg><\/span><\/span><\/span><\/a><\/span><\/div>\n<nav><ul class='ez-toc-list ez-toc-list-level-1 ' ><li class='ez-toc-page-1 ez-toc-heading-level-2'><a class=\"ez-toc-link ez-toc-heading-1\" href=\"https:\/\/www.grupomedcof.com.br\/blog\/projetos-de-lei-propoem-reajuste-da-bolsa-de-residencia-medica\/#Proposta_do_PL_no_18002026\" >Proposta do PL n\u00ba 1800\/2026<\/a><\/li><li class='ez-toc-page-1 ez-toc-heading-level-2'><a class=\"ez-toc-link ez-toc-heading-2\" href=\"https:\/\/www.grupomedcof.com.br\/blog\/projetos-de-lei-propoem-reajuste-da-bolsa-de-residencia-medica\/#Proposta_do_PL_no_18092026\" >Proposta do PL n\u00ba 1809\/2026<\/a><\/li><li class='ez-toc-page-1 ez-toc-heading-level-2'><a class=\"ez-toc-link ez-toc-heading-3\" href=\"https:\/\/www.grupomedcof.com.br\/blog\/projetos-de-lei-propoem-reajuste-da-bolsa-de-residencia-medica\/#Como_vai_funcionar_a_aprovacao_dos_projetos\" >Como vai funcionar a aprova\u00e7\u00e3o dos projetos?<\/a><\/li><li class='ez-toc-page-1 ez-toc-heading-level-2'><a class=\"ez-toc-link ez-toc-heading-4\" href=\"https:\/\/www.grupomedcof.com.br\/blog\/projetos-de-lei-propoem-reajuste-da-bolsa-de-residencia-medica\/#Garanta_a_maior_condicao_da_historia_do_Grupo_MedCof\" >Garanta a maior condi\u00e7\u00e3o da hist\u00f3ria do Grupo MedCof!\u00a0<\/a><\/li><\/ul><\/nav><\/div>\n\n<figure class=\"wp-block-image size-large\"><img loading=\"lazy\" decoding=\"async\" width=\"1024\" height=\"576\" src=\"https:\/\/www.grupomedcof.com.br\/blog\/wp-content\/uploads\/2026\/04\/Blog-MedCof-36-1024x576.jpg\" alt=\"bolsa de resid\u00eancia m\u00e9dica\" class=\"wp-image-43824\" srcset=\"https:\/\/www.grupomedcof.com.br\/blog\/wp-content\/uploads\/2026\/04\/Blog-MedCof-36-1024x576.jpg 1024w, https:\/\/www.grupomedcof.com.br\/blog\/wp-content\/uploads\/2026\/04\/Blog-MedCof-36-300x169.jpg 300w, https:\/\/www.grupomedcof.com.br\/blog\/wp-content\/uploads\/2026\/04\/Blog-MedCof-36-768x432.jpg 768w, https:\/\/www.grupomedcof.com.br\/blog\/wp-content\/uploads\/2026\/04\/Blog-MedCof-36-1536x864.jpg 1536w, https:\/\/www.grupomedcof.com.br\/blog\/wp-content\/uploads\/2026\/04\/Blog-MedCof-36-747x420.jpg 747w, https:\/\/www.grupomedcof.com.br\/blog\/wp-content\/uploads\/2026\/04\/Blog-MedCof-36-150x84.jpg 150w, https:\/\/www.grupomedcof.com.br\/blog\/wp-content\/uploads\/2026\/04\/Blog-MedCof-36-696x392.jpg 696w, https:\/\/www.grupomedcof.com.br\/blog\/wp-content\/uploads\/2026\/04\/Blog-MedCof-36-1068x601.jpg 1068w, https:\/\/www.grupomedcof.com.br\/blog\/wp-content\/uploads\/2026\/04\/Blog-MedCof-36.jpg 1920w\" sizes=\"auto, (max-width: 1024px) 100vw, 1024px\" \/><figcaption class=\"wp-element-caption\">Imagem: Getty Images<\/figcaption><\/figure>\n\n\n\n<p>No dia 14 de abril foram apresentados dois projetos de lei ao Senado, que visam <strong>o aumento do valor da bolsa de resid\u00eancia m\u00e9dica e a sua manuten\u00e7\u00e3o monet\u00e1ria permanente.<\/strong> Os textos ainda precisam ser avaliados pelas comiss\u00f5es da C\u00e2mara, mas levantam uma discuss\u00e3o importante para a \u00e1rea m\u00e9dica.\u00a0<\/p>\n\n\n\n<p><strong>O atual valor da bolsa \u00e9 de R$ 4.106,09<\/strong>, determinado pelo Governo Federal, por meio de portarias interministeriais assinadas pelos Minist\u00e9rios da Educa\u00e7\u00e3o (MEC) e da Sa\u00fade (MS).&nbsp;<\/p>\n\n\n\n<p>Segundo os autores das propostas, <strong>esse valor \u00e9 defasado da realidade do m\u00e9dico residente<\/strong>, o que desvaloriza a resid\u00eancia como meio de especializa\u00e7\u00e3o e fortalecimento do Sistema \u00danico de Sa\u00fade (SUS).&nbsp;<\/p>\n\n\n\n<figure class=\"wp-block-image size-large\"><img loading=\"lazy\" decoding=\"async\" width=\"1024\" height=\"320\" src=\"https:\/\/www.grupomedcof.com.br\/blog\/wp-content\/uploads\/2025\/11\/Banner-MedCof-Plus-2200x460-11-1343x420-1-1024x320.png\" alt=\"\" class=\"wp-image-39227\" srcset=\"https:\/\/www.grupomedcof.com.br\/blog\/wp-content\/uploads\/2025\/11\/Banner-MedCof-Plus-2200x460-11-1343x420-1-1024x320.png 1024w, https:\/\/www.grupomedcof.com.br\/blog\/wp-content\/uploads\/2025\/11\/Banner-MedCof-Plus-2200x460-11-1343x420-1-300x94.png 300w, https:\/\/www.grupomedcof.com.br\/blog\/wp-content\/uploads\/2025\/11\/Banner-MedCof-Plus-2200x460-11-1343x420-1-768x240.png 768w, https:\/\/www.grupomedcof.com.br\/blog\/wp-content\/uploads\/2025\/11\/Banner-MedCof-Plus-2200x460-11-1343x420-1-150x47.png 150w, https:\/\/www.grupomedcof.com.br\/blog\/wp-content\/uploads\/2025\/11\/Banner-MedCof-Plus-2200x460-11-1343x420-1-696x218.png 696w, https:\/\/www.grupomedcof.com.br\/blog\/wp-content\/uploads\/2025\/11\/Banner-MedCof-Plus-2200x460-11-1343x420-1-1068x334.png 1068w, https:\/\/www.grupomedcof.com.br\/blog\/wp-content\/uploads\/2025\/11\/Banner-MedCof-Plus-2200x460-11-1343x420-1.png 1343w\" sizes=\"auto, (max-width: 1024px) 100vw, 1024px\" \/><\/figure>\n\n\n\n<h2 class=\"wp-block-heading\" id=\"h-proposta-do-pl-n\u00ba-1800-2026\"><span class=\"ez-toc-section\" id=\"Proposta_do_PL_no_18002026\"><\/span><strong>Proposta do PL n\u00ba 1800\/2026<\/strong><span class=\"ez-toc-section-end\"><\/span><\/h2>\n\n\n\n<p>Apresentado pelo senador Rog\u00e9rio Carvalho (PT\/SE), <strong>o <\/strong><a href=\"https:\/\/www25.senado.leg.br\/web\/atividade\/materias\/-\/materia\/173613#tramitacao_11283022\"><strong>projeto de lei<\/strong><\/a><strong> prev\u00ea o aumento da bolsa de resid\u00eancia m\u00e9dica para R$ 7.500,00<\/strong>, bem como o reajuste anual, todo m\u00eas de janeiro, de acordo com o<strong> \u00cdndice Nacional de Pre\u00e7os ao Consumidor Amplo (IPCA)<\/strong>.&nbsp;<\/p>\n\n\n\n<p>Na justificativa, o autor discorre que quando o governo fixou o valor da bolsa pela primeira vez, <a href=\"https:\/\/www.planalto.gov.br\/ccivil_03\/_ato2011-2014\/2011\/lei\/l12514.htm\"><strong>ainda em 2011<\/strong><\/a>, o texto previa uma revis\u00e3o anual, que se manteve abaixo da infla\u00e7\u00e3o acumulada por 14 anos.&nbsp;<\/p>\n\n\n\n<p>Conforme o texto, a realidade dos residentes comprova que o pagamento \u00e9 insuficiente. Visto que <strong>plant\u00f5es exaustivos e a responsabilidade central pelo atendimento<\/strong> em hospitais de ensino definem o dia a dia desses profissionais.<\/p>\n\n\n\n<p>Por fim, o autor tamb\u00e9m destaca que o <strong>valor da bolsa leva ao abandono de programas de resid\u00eancia<\/strong>, principalmente em especialidades que o <strong>mercado de trabalho considera<\/strong> menos lucrativas. Construindo, assim, um cen\u00e1rio de <strong>desigualdade no acesso \u00e0 especialistas em regi\u00f5es vulner\u00e1veis do pa\u00eds.\u00a0<\/strong><\/p>\n\n\n\n<h2 class=\"wp-block-heading\" id=\"h-proposta-do-pl-n\u00ba-1809-2026\"><span class=\"ez-toc-section\" id=\"Proposta_do_PL_no_18092026\"><\/span><strong>Proposta do PL n\u00ba 1809\/2026<\/strong><span class=\"ez-toc-section-end\"><\/span><\/h2>\n\n\n\n<p>Em contrapartida, o <a href=\"https:\/\/www25.senado.leg.br\/web\/atividade\/materias\/-\/materia\/173618\"><strong>PL n\u00ba 1809\/2026<\/strong><\/a>, da senadora Roberta Acioly (Republicanos\/RR), prop\u00f5e um<strong> aumento um pouco maior para a bolsa, de R$ 8.105,00.<\/strong> A proposta da senadora tamb\u00e9m sugere um ajuste anual conforme a base do IPCA.&nbsp;<\/p>\n\n\n\n<p>Diferente do texto do senador Rog\u00e9rio Carvalho, o PL permite que <strong>estados, Distrito Federal, munic\u00edpios e institui\u00e7\u00f5es mantenedoras complementem<\/strong> o valor da bolsa de resid\u00eancia m\u00e9dica.<\/p>\n\n\n\n<p>O projeto tamb\u00e9m garante a manuten\u00e7\u00e3o de benef\u00edcios previstos na legisla\u00e7\u00e3o, como alimenta\u00e7\u00e3o, moradia ou aux\u00edlio equivalente, quando n\u00e3o fornecidos pela institui\u00e7\u00e3o respons\u00e1vel. Tamb\u00e9m \u00e9 sugerido <strong>a cria\u00e7\u00e3o de programas espec\u00edficos de incentivo \u00e0 forma\u00e7\u00e3o m\u00e9dica em regi\u00f5es priorit\u00e1rias para o SUS.&nbsp;<\/strong><\/p>\n\n\n\n<p>Na justificativa, a senadora afirma que o projeto de lei tem como objetivo promover a valoriza\u00e7\u00e3o da resid\u00eancia m\u00e9dica no Brasil. Desse modo, reconhecendo a import\u00e2ncia desta etapa de forma\u00e7\u00e3o profissional e fortalecendo o sistema de sa\u00fade. <strong>O texto argumenta que essa mudan\u00e7a contribui diretamente para:<\/strong><\/p>\n\n\n\n<ul class=\"wp-block-list\">\n<li>melhoria da qualidade da assist\u00eancia prestada \u00e0 popula\u00e7\u00e3o;\u00a0<\/li>\n\n\n\n<li>fortalecimento da forma\u00e7\u00e3o de especialistas;\u00a0<\/li>\n\n\n\n<li>est\u00edmulo \u00e0 perman\u00eancia de profissionais no SUS;<\/li>\n\n\n\n<li>redu\u00e7\u00e3o da car\u00eancia de m\u00e9dicos em regi\u00f5es mais vulner\u00e1veis;<\/li>\n\n\n\n<li>fortalecimento da pol\u00edtica nacional de forma\u00e7\u00e3o em sa\u00fade .<\/li>\n<\/ul>\n\n\n\n<h2 class=\"wp-block-heading\" id=\"h-como-vai-funcionar-a-aprovacao-dos-projetos\"><span class=\"ez-toc-section\" id=\"Como_vai_funcionar_a_aprovacao_dos_projetos\"><\/span><strong>Como vai funcionar a aprova\u00e7\u00e3o dos projetos?<\/strong><span class=\"ez-toc-section-end\"><\/span><\/h2>\n\n\n\n<p>Com a apresenta\u00e7\u00e3o dos dois projetos ao Senado, a Mesa Diretora deve agora <strong>encaminh\u00e1-los<\/strong> <strong>para a an\u00e1lise das comiss\u00f5es tem\u00e1ticas.<\/strong> A partir disso, os textos passam por <strong>an\u00e1lise t\u00e9cnica entre os parlamentares, antes de seguir para a vota\u00e7\u00e3o.<\/strong><br><\/p>\n\n\n\n<p>Caso <strong>o Congresso Nacional aprove<\/strong> os textos, a vig\u00eancia da lei depender\u00e1 apenas da <strong>san\u00e7\u00e3o do Presidente da Rep\u00fablica<\/strong>.<\/p>\n\n\n\n<h2 class=\"wp-block-heading\" id=\"h-garanta-a-maior-condicao-da-historia-do-grupo-medcof\"><span class=\"ez-toc-section\" id=\"Garanta_a_maior_condicao_da_historia_do_Grupo_MedCof\"><\/span><strong>Garanta a maior condi\u00e7\u00e3o da hist\u00f3ria do Grupo MedCof!\u00a0<\/strong><span class=\"ez-toc-section-end\"><\/span><\/h2>\n\n\n\n<p>A oportunidade que voc\u00ea esperava para\u00a0<strong>transformar sua carreira m\u00e9dica chegou<\/strong>. Seja para conquistar a vaga na Resid\u00eancia, obter seu T\u00edtulo de Especialista ou revalidar seu diploma no Brasil ou no exterior, o\u00a0<strong><a href=\"https:\/\/www.grupomedcof.com.br\/blog\/guia-preparatorios-grupo-medcof\/\" type=\"link\" id=\"https:\/\/www.grupomedcof.com.br\/blog\/guia-preparatorios-grupo-medcof\/\">Grupo MedCof oferece a metodologia l\u00edder em aprova\u00e7\u00e3o<\/a>\u00a0<\/strong>com ferramentas de intelig\u00eancia artificial e suporte de subespecialistas.<\/p>\n\n\n\n<p>Faltam poucas horas para o encerramento da nossa maior a\u00e7\u00e3o de vendas:&nbsp;<strong>todos os preparat\u00f3rios<\/strong>&nbsp;do ecossistema est\u00e3o com&nbsp;<strong>condi\u00e7\u00f5es exclusivas e in\u00e9ditas<\/strong>.&nbsp;<\/p>\n\n\n\n<p>Clique no bot\u00e3o abaixo, fale agora com nosso&nbsp;<strong>time comercial via WhatsApp<\/strong>&nbsp;e garanta seu acesso com desconto especial at\u00e9 o dia 30\/04 \u00e0s 23:59!<\/p>\n\n\n\n<div class=\"wp-block-buttons is-layout-flex wp-block-buttons-is-layout-flex\">\n<div class=\"wp-block-button\"><a class=\"wp-block-button__link wp-element-button\" href=\"https:\/\/api.whatsapp.com\/send\/?phone=551150281610&amp;text=Vim+pelo+Blog+do+Grupo+Medcof+e+quero+saber+a+condi%C3%A7%C3%A3o+especial.&amp;type=phone_number&amp;app_absent=0&amp;utm_campaign=blog-comercial-condicao-especial&amp;utm_source=blog-comercial-condicao-especial\"><strong>QUERO GARANTIR MINHA CONDI\u00c7\u00c3O ESPECIAL<\/strong><\/a><\/div>\n<\/div>\n","protected":false},"excerpt":{"rendered":"<p>No dia 14 de abril foram apresentados dois projetos de lei ao Senado, que visam o aumento do valor da bolsa de m\u00e9dico residente e a sua manuten\u00e7\u00e3o monet\u00e1ria permanente. Os textos ainda precisam ser avaliados pelas comiss\u00f5es da C\u00e2mara, mas levantam uma discuss\u00e3o importante para a \u00e1rea m\u00e9dica.\u00a0<\/p>\n","protected":false},"author":41,"featured_media":43824,"comment_status":"closed","ping_status":"closed","sticky":false,"template":"","format":"standard","meta":{"footnotes":""},"categories":[258,55,240,173,174],"tags":[3740,3739,68,1496],"ppma_author":[3629],"class_list":{"0":"post-43820","1":"post","2":"type-post","3":"status-publish","4":"format-standard","5":"has-post-thumbnail","7":"category-atualizacoes","8":"category-carreira-medica","9":"category-noticias","10":"category-novidades","11":"category-residencia-medica","12":"tag-bolsa-de-residencia-medica","13":"tag-bolsa-de-residente","14":"tag-residencia-medica","15":"tag-temas-quentes"},"yoast_head":"<!-- This site is optimized with the Yoast SEO Premium plugin v24.3 (Yoast SEO v27.5) - https:\/\/yoast.com\/product\/yoast-seo-premium-wordpress\/ -->\n<title>Projetos de lei prop\u00f5em reajuste da bolsa de resid\u00eancia m\u00e9dica - Blog de Medcof: conte\u00fados, editais, revalida e mais!<\/title>\n<meta name=\"description\" content=\"Conhe\u00e7a os PLs 1800\/2026 e 1809\/2026, que prop\u00f5em reajustar a bolsa de resid\u00eancia m\u00e9dica e garantir corre\u00e7\u00f5es anuais pelo IPCA. Saiba mais!\" \/>\n<meta name=\"robots\" content=\"index, follow, max-snippet:-1, max-image-preview:large, max-video-preview:-1\" \/>\n<link rel=\"canonical\" href=\"https:\/\/www.grupomedcof.com.br\/blog\/projetos-de-lei-propoem-reajuste-da-bolsa-de-residencia-medica\/\" \/>\n<meta property=\"og:locale\" content=\"pt_BR\" \/>\n<meta property=\"og:type\" content=\"article\" \/>\n<meta property=\"og:title\" content=\"Projetos de lei prop\u00f5em reajuste da bolsa de resid\u00eancia m\u00e9dica\" \/>\n<meta property=\"og:description\" content=\"Conhe\u00e7a os PLs 1800\/2026 e 1809\/2026, que prop\u00f5em reajustar a bolsa de resid\u00eancia m\u00e9dica e garantir corre\u00e7\u00f5es anuais pelo IPCA. Saiba mais!\" \/>\n<meta property=\"og:url\" content=\"https:\/\/www.grupomedcof.com.br\/blog\/projetos-de-lei-propoem-reajuste-da-bolsa-de-residencia-medica\/\" \/>\n<meta property=\"og:site_name\" content=\"Blog de Medcof: conte\u00fados, editais, revalida e mais!\" \/>\n<meta property=\"article:publisher\" content=\"https:\/\/www.facebook.com\/MedCofQbank\/\" \/>\n<meta property=\"article:published_time\" content=\"2026-04-29T18:46:22+00:00\" \/>\n<meta property=\"article:modified_time\" content=\"2026-04-29T18:50:32+00:00\" \/>\n<meta property=\"og:image\" content=\"https:\/\/www.grupomedcof.com.br\/blog\/wp-content\/uploads\/2026\/04\/Blog-MedCof-36.jpg\" \/>\n\t<meta property=\"og:image:width\" content=\"1920\" \/>\n\t<meta property=\"og:image:height\" content=\"1080\" \/>\n\t<meta property=\"og:image:type\" content=\"image\/jpeg\" \/>\n<meta name=\"author\" content=\"Nana N\u00f3brega\" \/>\n<meta name=\"twitter:card\" content=\"summary_large_image\" \/>\n<meta name=\"twitter:label1\" content=\"Escrito por\" \/>\n\t<meta name=\"twitter:data1\" content=\"Nana N\u00f3brega\" \/>\n\t<meta name=\"twitter:label2\" content=\"Est. tempo de leitura\" \/>\n\t<meta name=\"twitter:data2\" content=\"5 minutos\" \/>\n<script type=\"application\/ld+json\" class=\"yoast-schema-graph\">{\"@context\":\"https:\\\/\\\/schema.org\",\"@graph\":[{\"@type\":\"Article\",\"@id\":\"https:\\\/\\\/www.grupomedcof.com.br\\\/blog\\\/projetos-de-lei-propoem-reajuste-da-bolsa-de-residencia-medica\\\/#article\",\"isPartOf\":{\"@id\":\"https:\\\/\\\/www.grupomedcof.com.br\\\/blog\\\/projetos-de-lei-propoem-reajuste-da-bolsa-de-residencia-medica\\\/\"},\"author\":{\"name\":\"Nana N\u00f3brega\",\"@id\":\"https:\\\/\\\/www.grupomedcof.com.br\\\/blog\\\/#\\\/schema\\\/person\\\/9fb2c4e0c5987a2a74b0cd7bfe7d5413\"},\"headline\":\"Projetos de lei prop\u00f5em reajuste da bolsa de resid\u00eancia m\u00e9dica\",\"datePublished\":\"2026-04-29T18:46:22+00:00\",\"dateModified\":\"2026-04-29T18:50:32+00:00\",\"mainEntityOfPage\":{\"@id\":\"https:\\\/\\\/www.grupomedcof.com.br\\\/blog\\\/projetos-de-lei-propoem-reajuste-da-bolsa-de-residencia-medica\\\/\"},\"wordCount\":748,\"publisher\":{\"@id\":\"https:\\\/\\\/www.grupomedcof.com.br\\\/blog\\\/#organization\"},\"image\":{\"@id\":\"https:\\\/\\\/www.grupomedcof.com.br\\\/blog\\\/projetos-de-lei-propoem-reajuste-da-bolsa-de-residencia-medica\\\/#primaryimage\"},\"thumbnailUrl\":\"https:\\\/\\\/www.grupomedcof.com.br\\\/blog\\\/wp-content\\\/uploads\\\/2026\\\/04\\\/Blog-MedCof-36.jpg\",\"keywords\":[\"bolsa de resid\u00eancia m\u00e9dica\",\"bolsa de residente\",\"Resid\u00eancia M\u00e9dica\",\"Temas quentes\"],\"articleSection\":[\"Atualiza\u00e7\u00f5es\",\"Carreira M\u00e9dica\",\"Not\u00edcias\",\"Novidades\",\"Resid\u00eancia m\u00e9dica: editais, resultados, temas quentes e mais\"],\"inLanguage\":\"pt-BR\"},{\"@type\":\"WebPage\",\"@id\":\"https:\\\/\\\/www.grupomedcof.com.br\\\/blog\\\/projetos-de-lei-propoem-reajuste-da-bolsa-de-residencia-medica\\\/\",\"url\":\"https:\\\/\\\/www.grupomedcof.com.br\\\/blog\\\/projetos-de-lei-propoem-reajuste-da-bolsa-de-residencia-medica\\\/\",\"name\":\"Projetos de lei prop\u00f5em reajuste da bolsa de resid\u00eancia m\u00e9dica - Blog de Medcof: conte\u00fados, editais, revalida e mais!\",\"isPartOf\":{\"@id\":\"https:\\\/\\\/www.grupomedcof.com.br\\\/blog\\\/#website\"},\"primaryImageOfPage\":{\"@id\":\"https:\\\/\\\/www.grupomedcof.com.br\\\/blog\\\/projetos-de-lei-propoem-reajuste-da-bolsa-de-residencia-medica\\\/#primaryimage\"},\"image\":{\"@id\":\"https:\\\/\\\/www.grupomedcof.com.br\\\/blog\\\/projetos-de-lei-propoem-reajuste-da-bolsa-de-residencia-medica\\\/#primaryimage\"},\"thumbnailUrl\":\"https:\\\/\\\/www.grupomedcof.com.br\\\/blog\\\/wp-content\\\/uploads\\\/2026\\\/04\\\/Blog-MedCof-36.jpg\",\"datePublished\":\"2026-04-29T18:46:22+00:00\",\"dateModified\":\"2026-04-29T18:50:32+00:00\",\"description\":\"Conhe\u00e7a os PLs 1800\\\/2026 e 1809\\\/2026, que prop\u00f5em reajustar a bolsa de resid\u00eancia m\u00e9dica e garantir corre\u00e7\u00f5es anuais pelo IPCA. Saiba mais!\",\"breadcrumb\":{\"@id\":\"https:\\\/\\\/www.grupomedcof.com.br\\\/blog\\\/projetos-de-lei-propoem-reajuste-da-bolsa-de-residencia-medica\\\/#breadcrumb\"},\"inLanguage\":\"pt-BR\",\"potentialAction\":[{\"@type\":\"ReadAction\",\"target\":[\"https:\\\/\\\/www.grupomedcof.com.br\\\/blog\\\/projetos-de-lei-propoem-reajuste-da-bolsa-de-residencia-medica\\\/\"]}]},{\"@type\":\"ImageObject\",\"inLanguage\":\"pt-BR\",\"@id\":\"https:\\\/\\\/www.grupomedcof.com.br\\\/blog\\\/projetos-de-lei-propoem-reajuste-da-bolsa-de-residencia-medica\\\/#primaryimage\",\"url\":\"https:\\\/\\\/www.grupomedcof.com.br\\\/blog\\\/wp-content\\\/uploads\\\/2026\\\/04\\\/Blog-MedCof-36.jpg\",\"contentUrl\":\"https:\\\/\\\/www.grupomedcof.com.br\\\/blog\\\/wp-content\\\/uploads\\\/2026\\\/04\\\/Blog-MedCof-36.jpg\",\"width\":1920,\"height\":1080,\"caption\":\"Imagem: Getty Images\"},{\"@type\":\"BreadcrumbList\",\"@id\":\"https:\\\/\\\/www.grupomedcof.com.br\\\/blog\\\/projetos-de-lei-propoem-reajuste-da-bolsa-de-residencia-medica\\\/#breadcrumb\",\"itemListElement\":[{\"@type\":\"ListItem\",\"position\":1,\"name\":\"In\u00edcio\",\"item\":\"https:\\\/\\\/www.grupomedcof.com.br\\\/blog\\\/\"},{\"@type\":\"ListItem\",\"position\":2,\"name\":\"Projetos de lei prop\u00f5em reajuste da bolsa de resid\u00eancia m\u00e9dica\"}]},{\"@type\":\"WebSite\",\"@id\":\"https:\\\/\\\/www.grupomedcof.com.br\\\/blog\\\/#website\",\"url\":\"https:\\\/\\\/www.grupomedcof.com.br\\\/blog\\\/\",\"name\":\"Blog de Medcof: conte\u00fados, editais, revalida e mais!\",\"description\":\"Acesso o blog de MedCof! Seu portal de conte\u00fados sobre resid\u00eancia m\u00e9dica, an\u00e1lise e editais e muito mais. Clique e confira!\",\"publisher\":{\"@id\":\"https:\\\/\\\/www.grupomedcof.com.br\\\/blog\\\/#organization\"},\"alternateName\":\"Blog de Medcof: conte\u00fados, editais, revalida e mais!\",\"potentialAction\":[{\"@type\":\"SearchAction\",\"target\":{\"@type\":\"EntryPoint\",\"urlTemplate\":\"https:\\\/\\\/www.grupomedcof.com.br\\\/blog\\\/?s={search_term_string}\"},\"query-input\":{\"@type\":\"PropertyValueSpecification\",\"valueRequired\":true,\"valueName\":\"search_term_string\"}}],\"inLanguage\":\"pt-BR\"},{\"@type\":\"Organization\",\"@id\":\"https:\\\/\\\/www.grupomedcof.com.br\\\/blog\\\/#organization\",\"name\":\"Grupo MedCof\",\"url\":\"https:\\\/\\\/www.grupomedcof.com.br\\\/blog\\\/\",\"logo\":{\"@type\":\"ImageObject\",\"inLanguage\":\"pt-BR\",\"@id\":\"https:\\\/\\\/www.grupomedcof.com.br\\\/blog\\\/#\\\/schema\\\/logo\\\/image\\\/\",\"url\":\"https:\\\/\\\/www.grupomedcof.com.br\\\/blog\\\/wp-content\\\/uploads\\\/2022\\\/01\\\/logo-medcof.png\",\"contentUrl\":\"https:\\\/\\\/www.grupomedcof.com.br\\\/blog\\\/wp-content\\\/uploads\\\/2022\\\/01\\\/logo-medcof.png\",\"width\":768,\"height\":269,\"caption\":\"Grupo MedCof\"},\"image\":{\"@id\":\"https:\\\/\\\/www.grupomedcof.com.br\\\/blog\\\/#\\\/schema\\\/logo\\\/image\\\/\"},\"sameAs\":[\"https:\\\/\\\/www.facebook.com\\\/MedCofQbank\\\/\",\"https:\\\/\\\/www.instagram.com\\\/grupomedcof\\\/\",\"https:\\\/\\\/br.linkedin.com\\\/company\\\/medcof\",\"https:\\\/\\\/www.youtube.com\\\/channel\\\/UCdHMuOHKICxcHwecxN8P-AA\"]},{\"@type\":\"Person\",\"@id\":\"https:\\\/\\\/www.grupomedcof.com.br\\\/blog\\\/#\\\/schema\\\/person\\\/9fb2c4e0c5987a2a74b0cd7bfe7d5413\",\"name\":\"Nana N\u00f3brega\",\"pronouns\":\"ele\\\/ela\",\"image\":{\"@type\":\"ImageObject\",\"inLanguage\":\"pt-BR\",\"@id\":\"https:\\\/\\\/www.grupomedcof.com.br\\\/blog\\\/wp-content\\\/uploads\\\/2026\\\/03\\\/cropped-cropped-WhatsApp-Image-2026-03-19-at-09.30.33.jpega4f3600081af811f8cb877d267a26dad\",\"url\":\"https:\\\/\\\/www.grupomedcof.com.br\\\/blog\\\/wp-content\\\/uploads\\\/2026\\\/03\\\/cropped-cropped-WhatsApp-Image-2026-03-19-at-09.30.33.jpeg\",\"contentUrl\":\"https:\\\/\\\/www.grupomedcof.com.br\\\/blog\\\/wp-content\\\/uploads\\\/2026\\\/03\\\/cropped-cropped-WhatsApp-Image-2026-03-19-at-09.30.33.jpeg\",\"caption\":\"Nana N\u00f3brega\"},\"description\":\"Jornalista e linguista. Especialista em acessibilidade para pessoas cegas e com baixa vis\u00e3o.\",\"jobTitle\":\"jornalista\",\"url\":\"https:\\\/\\\/www.grupomedcof.com.br\\\/blog\\\/author\\\/nana\\\/\"}]}<\/script>\n<!-- \/ Yoast SEO Premium plugin. -->","yoast_head_json":{"title":"Projetos de lei prop\u00f5em reajuste da bolsa de resid\u00eancia m\u00e9dica - Blog de Medcof: conte\u00fados, editais, revalida e mais!","description":"Conhe\u00e7a os PLs 1800\/2026 e 1809\/2026, que prop\u00f5em reajustar a bolsa de resid\u00eancia m\u00e9dica e garantir corre\u00e7\u00f5es anuais pelo IPCA. Saiba mais!","robots":{"index":"index","follow":"follow","max-snippet":"max-snippet:-1","max-image-preview":"max-image-preview:large","max-video-preview":"max-video-preview:-1"},"canonical":"https:\/\/www.grupomedcof.com.br\/blog\/projetos-de-lei-propoem-reajuste-da-bolsa-de-residencia-medica\/","og_locale":"pt_BR","og_type":"article","og_title":"Projetos de lei prop\u00f5em reajuste da bolsa de resid\u00eancia m\u00e9dica","og_description":"Conhe\u00e7a os PLs 1800\/2026 e 1809\/2026, que prop\u00f5em reajustar a bolsa de resid\u00eancia m\u00e9dica e garantir corre\u00e7\u00f5es anuais pelo IPCA. Saiba mais!","og_url":"https:\/\/www.grupomedcof.com.br\/blog\/projetos-de-lei-propoem-reajuste-da-bolsa-de-residencia-medica\/","og_site_name":"Blog de Medcof: conte\u00fados, editais, revalida e mais!","article_publisher":"https:\/\/www.facebook.com\/MedCofQbank\/","article_published_time":"2026-04-29T18:46:22+00:00","article_modified_time":"2026-04-29T18:50:32+00:00","og_image":[{"width":1920,"height":1080,"url":"https:\/\/www.grupomedcof.com.br\/blog\/wp-content\/uploads\/2026\/04\/Blog-MedCof-36.jpg","type":"image\/jpeg"}],"author":"Nana N\u00f3brega","twitter_card":"summary_large_image","twitter_misc":{"Escrito por":"Nana N\u00f3brega","Est. tempo de leitura":"5 minutos"},"schema":{"@context":"https:\/\/schema.org","@graph":[{"@type":"Article","@id":"https:\/\/www.grupomedcof.com.br\/blog\/projetos-de-lei-propoem-reajuste-da-bolsa-de-residencia-medica\/#article","isPartOf":{"@id":"https:\/\/www.grupomedcof.com.br\/blog\/projetos-de-lei-propoem-reajuste-da-bolsa-de-residencia-medica\/"},"author":{"name":"Nana N\u00f3brega","@id":"https:\/\/www.grupomedcof.com.br\/blog\/#\/schema\/person\/9fb2c4e0c5987a2a74b0cd7bfe7d5413"},"headline":"Projetos de lei prop\u00f5em reajuste da bolsa de resid\u00eancia m\u00e9dica","datePublished":"2026-04-29T18:46:22+00:00","dateModified":"2026-04-29T18:50:32+00:00","mainEntityOfPage":{"@id":"https:\/\/www.grupomedcof.com.br\/blog\/projetos-de-lei-propoem-reajuste-da-bolsa-de-residencia-medica\/"},"wordCount":748,"publisher":{"@id":"https:\/\/www.grupomedcof.com.br\/blog\/#organization"},"image":{"@id":"https:\/\/www.grupomedcof.com.br\/blog\/projetos-de-lei-propoem-reajuste-da-bolsa-de-residencia-medica\/#primaryimage"},"thumbnailUrl":"https:\/\/www.grupomedcof.com.br\/blog\/wp-content\/uploads\/2026\/04\/Blog-MedCof-36.jpg","keywords":["bolsa de resid\u00eancia m\u00e9dica","bolsa de residente","Resid\u00eancia M\u00e9dica","Temas quentes"],"articleSection":["Atualiza\u00e7\u00f5es","Carreira M\u00e9dica","Not\u00edcias","Novidades","Resid\u00eancia m\u00e9dica: editais, resultados, temas quentes e mais"],"inLanguage":"pt-BR"},{"@type":"WebPage","@id":"https:\/\/www.grupomedcof.com.br\/blog\/projetos-de-lei-propoem-reajuste-da-bolsa-de-residencia-medica\/","url":"https:\/\/www.grupomedcof.com.br\/blog\/projetos-de-lei-propoem-reajuste-da-bolsa-de-residencia-medica\/","name":"Projetos de lei prop\u00f5em reajuste da bolsa de resid\u00eancia m\u00e9dica - Blog de Medcof: conte\u00fados, editais, revalida e mais!","isPartOf":{"@id":"https:\/\/www.grupomedcof.com.br\/blog\/#website"},"primaryImageOfPage":{"@id":"https:\/\/www.grupomedcof.com.br\/blog\/projetos-de-lei-propoem-reajuste-da-bolsa-de-residencia-medica\/#primaryimage"},"image":{"@id":"https:\/\/www.grupomedcof.com.br\/blog\/projetos-de-lei-propoem-reajuste-da-bolsa-de-residencia-medica\/#primaryimage"},"thumbnailUrl":"https:\/\/www.grupomedcof.com.br\/blog\/wp-content\/uploads\/2026\/04\/Blog-MedCof-36.jpg","datePublished":"2026-04-29T18:46:22+00:00","dateModified":"2026-04-29T18:50:32+00:00","description":"Conhe\u00e7a os PLs 1800\/2026 e 1809\/2026, que prop\u00f5em reajustar a bolsa de resid\u00eancia m\u00e9dica e garantir corre\u00e7\u00f5es anuais pelo IPCA. Saiba mais!","breadcrumb":{"@id":"https:\/\/www.grupomedcof.com.br\/blog\/projetos-de-lei-propoem-reajuste-da-bolsa-de-residencia-medica\/#breadcrumb"},"inLanguage":"pt-BR","potentialAction":[{"@type":"ReadAction","target":["https:\/\/www.grupomedcof.com.br\/blog\/projetos-de-lei-propoem-reajuste-da-bolsa-de-residencia-medica\/"]}]},{"@type":"ImageObject","inLanguage":"pt-BR","@id":"https:\/\/www.grupomedcof.com.br\/blog\/projetos-de-lei-propoem-reajuste-da-bolsa-de-residencia-medica\/#primaryimage","url":"https:\/\/www.grupomedcof.com.br\/blog\/wp-content\/uploads\/2026\/04\/Blog-MedCof-36.jpg","contentUrl":"https:\/\/www.grupomedcof.com.br\/blog\/wp-content\/uploads\/2026\/04\/Blog-MedCof-36.jpg","width":1920,"height":1080,"caption":"Imagem: Getty Images"},{"@type":"BreadcrumbList","@id":"https:\/\/www.grupomedcof.com.br\/blog\/projetos-de-lei-propoem-reajuste-da-bolsa-de-residencia-medica\/#breadcrumb","itemListElement":[{"@type":"ListItem","position":1,"name":"In\u00edcio","item":"https:\/\/www.grupomedcof.com.br\/blog\/"},{"@type":"ListItem","position":2,"name":"Projetos de lei prop\u00f5em reajuste da bolsa de resid\u00eancia m\u00e9dica"}]},{"@type":"WebSite","@id":"https:\/\/www.grupomedcof.com.br\/blog\/#website","url":"https:\/\/www.grupomedcof.com.br\/blog\/","name":"Blog de Medcof: conte\u00fados, editais, revalida e mais!","description":"Acesso o blog de MedCof! Seu portal de conte\u00fados sobre resid\u00eancia m\u00e9dica, an\u00e1lise e editais e muito mais. Clique e confira!","publisher":{"@id":"https:\/\/www.grupomedcof.com.br\/blog\/#organization"},"alternateName":"Blog de Medcof: conte\u00fados, editais, revalida e mais!","potentialAction":[{"@type":"SearchAction","target":{"@type":"EntryPoint","urlTemplate":"https:\/\/www.grupomedcof.com.br\/blog\/?s={search_term_string}"},"query-input":{"@type":"PropertyValueSpecification","valueRequired":true,"valueName":"search_term_string"}}],"inLanguage":"pt-BR"},{"@type":"Organization","@id":"https:\/\/www.grupomedcof.com.br\/blog\/#organization","name":"Grupo MedCof","url":"https:\/\/www.grupomedcof.com.br\/blog\/","logo":{"@type":"ImageObject","inLanguage":"pt-BR","@id":"https:\/\/www.grupomedcof.com.br\/blog\/#\/schema\/logo\/image\/","url":"https:\/\/www.grupomedcof.com.br\/blog\/wp-content\/uploads\/2022\/01\/logo-medcof.png","contentUrl":"https:\/\/www.grupomedcof.com.br\/blog\/wp-content\/uploads\/2022\/01\/logo-medcof.png","width":768,"height":269,"caption":"Grupo MedCof"},"image":{"@id":"https:\/\/www.grupomedcof.com.br\/blog\/#\/schema\/logo\/image\/"},"sameAs":["https:\/\/www.facebook.com\/MedCofQbank\/","https:\/\/www.instagram.com\/grupomedcof\/","https:\/\/br.linkedin.com\/company\/medcof","https:\/\/www.youtube.com\/channel\/UCdHMuOHKICxcHwecxN8P-AA"]},{"@type":"Person","@id":"https:\/\/www.grupomedcof.com.br\/blog\/#\/schema\/person\/9fb2c4e0c5987a2a74b0cd7bfe7d5413","name":"Nana N\u00f3brega","pronouns":"ele\/ela","image":{"@type":"ImageObject","inLanguage":"pt-BR","@id":"https:\/\/www.grupomedcof.com.br\/blog\/wp-content\/uploads\/2026\/03\/cropped-cropped-WhatsApp-Image-2026-03-19-at-09.30.33.jpega4f3600081af811f8cb877d267a26dad","url":"https:\/\/www.grupomedcof.com.br\/blog\/wp-content\/uploads\/2026\/03\/cropped-cropped-WhatsApp-Image-2026-03-19-at-09.30.33.jpeg","contentUrl":"https:\/\/www.grupomedcof.com.br\/blog\/wp-content\/uploads\/2026\/03\/cropped-cropped-WhatsApp-Image-2026-03-19-at-09.30.33.jpeg","caption":"Nana N\u00f3brega"},"description":"Jornalista e linguista. Especialista em acessibilidade para pessoas cegas e com baixa vis\u00e3o.","jobTitle":"jornalista","url":"https:\/\/www.grupomedcof.com.br\/blog\/author\/nana\/"}]}},"authors":[{"term_id":3629,"user_id":41,"is_guest":0,"slug":"nana","display_name":"Nana N\u00f3brega","avatar_url":{"url":"https:\/\/www.grupomedcof.com.br\/blog\/wp-content\/uploads\/2026\/03\/cropped-cropped-WhatsApp-Image-2026-03-19-at-09.30.33.jpeg","url2x":"https:\/\/www.grupomedcof.com.br\/blog\/wp-content\/uploads\/2026\/03\/cropped-cropped-WhatsApp-Image-2026-03-19-at-09.30.33.jpeg"},"0":null,"1":"","2":"","3":"","4":"","5":"","6":"","7":"","8":""}],"_links":{"self":[{"href":"https:\/\/www.grupomedcof.com.br\/blog\/wp-json\/wp\/v2\/posts\/43820","targetHints":{"allow":["GET"]}}],"collection":[{"href":"https:\/\/www.grupomedcof.com.br\/blog\/wp-json\/wp\/v2\/posts"}],"about":[{"href":"https:\/\/www.grupomedcof.com.br\/blog\/wp-json\/wp\/v2\/types\/post"}],"author":[{"embeddable":true,"href":"https:\/\/www.grupomedcof.com.br\/blog\/wp-json\/wp\/v2\/users\/41"}],"replies":[{"embeddable":true,"href":"https:\/\/www.grupomedcof.com.br\/blog\/wp-json\/wp\/v2\/comments?post=43820"}],"version-history":[{"count":3,"href":"https:\/\/www.grupomedcof.com.br\/blog\/wp-json\/wp\/v2\/posts\/43820\/revisions"}],"predecessor-version":[{"id":43827,"href":"https:\/\/www.grupomedcof.com.br\/blog\/wp-json\/wp\/v2\/posts\/43820\/revisions\/43827"}],"wp:featuredmedia":[{"embeddable":true,"href":"https:\/\/www.grupomedcof.com.br\/blog\/wp-json\/wp\/v2\/media\/43824"}],"wp:attachment":[{"href":"https:\/\/www.grupomedcof.com.br\/blog\/wp-json\/wp\/v2\/media?parent=43820"}],"wp:term":[{"taxonomy":"category","embeddable":true,"href":"https:\/\/www.grupomedcof.com.br\/blog\/wp-json\/wp\/v2\/categories?post=43820"},{"taxonomy":"post_tag","embeddable":true,"href":"https:\/\/www.grupomedcof.com.br\/blog\/wp-json\/wp\/v2\/tags?post=43820"},{"taxonomy":"author","embeddable":true,"href":"https:\/\/www.grupomedcof.com.br\/blog\/wp-json\/wp\/v2\/ppma_author?post=43820"}],"curies":[{"name":"wp","href":"https:\/\/api.w.org\/{rel}","templated":true}]}}