{"id":43838,"date":"2026-04-30T09:14:43","date_gmt":"2026-04-30T12:14:43","guid":{"rendered":"https:\/\/www.grupomedcof.com.br\/blog\/?p=43838"},"modified":"2026-04-30T09:19:18","modified_gmt":"2026-04-30T12:19:18","slug":"concurso-milagres","status":"publish","type":"post","link":"https:\/\/www.grupomedcof.com.br\/blog\/concurso-milagres\/","title":{"rendered":"Concurso Milagres: 154 vagas com sal\u00e1rios de at\u00e9 R$ 10 mil"},"content":{"rendered":"<div id=\"ez-toc-container\" class=\"ez-toc-v2_0_74 counter-hierarchy ez-toc-counter ez-toc-transparent ez-toc-container-direction\">\n<div class=\"ez-toc-title-container\">\n<p class=\"ez-toc-title\" style=\"cursor:inherit\">Sum\u00e1rio<\/p>\n<span class=\"ez-toc-title-toggle\"><a href=\"#\" class=\"ez-toc-pull-right ez-toc-btn ez-toc-btn-xs ez-toc-btn-default ez-toc-toggle\" aria-label=\"Alternar tabela de conte\u00fado\"><span class=\"ez-toc-js-icon-con\"><span class=\"\"><span class=\"eztoc-hide\" style=\"display:none;\">Toggle<\/span><span class=\"ez-toc-icon-toggle-span\"><svg style=\"fill: #999;color:#999\" xmlns=\"http:\/\/www.w3.org\/2000\/svg\" class=\"list-377408\" width=\"20px\" height=\"20px\" viewBox=\"0 0 24 24\" fill=\"none\"><path d=\"M6 6H4v2h2V6zm14 0H8v2h12V6zM4 11h2v2H4v-2zm16 0H8v2h12v-2zM4 16h2v2H4v-2zm16 0H8v2h12v-2z\" fill=\"currentColor\"><\/path><\/svg><svg style=\"fill: #999;color:#999\" class=\"arrow-unsorted-368013\" xmlns=\"http:\/\/www.w3.org\/2000\/svg\" width=\"10px\" height=\"10px\" viewBox=\"0 0 24 24\" version=\"1.2\" baseProfile=\"tiny\"><path d=\"M18.2 9.3l-6.2-6.3-6.2 6.3c-.2.2-.3.4-.3.7s.1.5.3.7c.2.2.4.3.7.3h11c.3 0 .5-.1.7-.3.2-.2.3-.5.3-.7s-.1-.5-.3-.7zM5.8 14.7l6.2 6.3 6.2-6.3c.2-.2.3-.5.3-.7s-.1-.5-.3-.7c-.2-.2-.4-.3-.7-.3h-11c-.3 0-.5.1-.7.3-.2.2-.3.5-.3.7s.1.5.3.7z\"\/><\/svg><\/span><\/span><\/span><\/a><\/span><\/div>\n<nav><ul class='ez-toc-list ez-toc-list-level-1 ' ><li class='ez-toc-page-1 ez-toc-heading-level-2'><a class=\"ez-toc-link ez-toc-heading-1\" href=\"https:\/\/www.grupomedcof.com.br\/blog\/concurso-milagres\/#Garanta_a_maior_condicao_da_historia_do_Grupo_MedCof\" >Garanta a maior condi\u00e7\u00e3o da hist\u00f3ria do Grupo MedCof!\u00a0<\/a><\/li><li class='ez-toc-page-1 ez-toc-heading-level-2'><a class=\"ez-toc-link ez-toc-heading-2\" href=\"https:\/\/www.grupomedcof.com.br\/blog\/concurso-milagres\/#Quais_sao_as_vagas_disponiveis\" >Quais s\u00e3o as vagas dispon\u00edveis?<\/a><ul class='ez-toc-list-level-3' ><li class='ez-toc-heading-level-3'><a class=\"ez-toc-link ez-toc-heading-3\" href=\"https:\/\/www.grupomedcof.com.br\/blog\/concurso-milagres\/#Superior_selecao_de_cargos\" >Superior (sele\u00e7\u00e3o de cargos)<\/a><\/li><li class='ez-toc-page-1 ez-toc-heading-level-3'><a class=\"ez-toc-link ez-toc-heading-4\" href=\"https:\/\/www.grupomedcof.com.br\/blog\/concurso-milagres\/#Nivel_MedioTecnico_selecao_de_cargos\" >N\u00edvel M\u00e9dio\/T\u00e9cnico (sele\u00e7\u00e3o de cargos)<\/a><\/li><li class='ez-toc-page-1 ez-toc-heading-level-3'><a class=\"ez-toc-link ez-toc-heading-5\" href=\"https:\/\/www.grupomedcof.com.br\/blog\/concurso-milagres\/#Nivel_Fundamental_selecao_de_cargos\" >N\u00edvel Fundamental (sele\u00e7\u00e3o de cargos)<\/a><\/li><\/ul><\/li><li class='ez-toc-page-1 ez-toc-heading-level-2'><a class=\"ez-toc-link ez-toc-heading-6\" href=\"https:\/\/www.grupomedcof.com.br\/blog\/concurso-milagres\/#Como_se_inscrever\" >Como se inscrever?<\/a><ul class='ez-toc-list-level-3' ><li class='ez-toc-heading-level-3'><a class=\"ez-toc-link ez-toc-heading-7\" href=\"https:\/\/www.grupomedcof.com.br\/blog\/concurso-milagres\/#Valores_das_taxas_de_inscricao\" >Valores das taxas de inscri\u00e7\u00e3o<\/a><\/li><\/ul><\/li><li class='ez-toc-page-1 ez-toc-heading-level-2'><a class=\"ez-toc-link ez-toc-heading-8\" href=\"https:\/\/www.grupomedcof.com.br\/blog\/concurso-milagres\/#Como_vai_funcionar_o_concurso\" >Como vai funcionar o concurso?<\/a><ul class='ez-toc-list-level-3' ><li class='ez-toc-heading-level-3'><a class=\"ez-toc-link ez-toc-heading-9\" href=\"https:\/\/www.grupomedcof.com.br\/blog\/concurso-milagres\/#Prova_Objetiva\" >Prova Objetiva<\/a><\/li><li class='ez-toc-page-1 ez-toc-heading-level-3'><a class=\"ez-toc-link ez-toc-heading-10\" href=\"https:\/\/www.grupomedcof.com.br\/blog\/concurso-milagres\/#Prova_de_Titulos\" >Prova de T\u00edtulos&nbsp;<\/a><\/li><\/ul><\/li><li class='ez-toc-page-1 ez-toc-heading-level-2'><a class=\"ez-toc-link ez-toc-heading-11\" href=\"https:\/\/www.grupomedcof.com.br\/blog\/concurso-milagres\/#Concurso_Milagres_Cronograma\" >Concurso Milagres: Cronograma<\/a><\/li><li class='ez-toc-page-1 ez-toc-heading-level-2'><a class=\"ez-toc-link ez-toc-heading-12\" href=\"https:\/\/www.grupomedcof.com.br\/blog\/concurso-milagres\/#Para_saber_mais_confira_o_edital\" >Para saber mais, confira o edital!<\/a><\/li><li class='ez-toc-page-1 ez-toc-heading-level-2'><a class=\"ez-toc-link ez-toc-heading-13\" href=\"https:\/\/www.grupomedcof.com.br\/blog\/concurso-milagres\/#Conquiste_sua_aprovacao_com_a_MedCof\" >Conquiste sua aprova\u00e7\u00e3o com a MedCof!<\/a><\/li><\/ul><\/nav><\/div>\n\n<figure class=\"wp-block-image size-large\"><img loading=\"lazy\" decoding=\"async\" width=\"1024\" height=\"576\" src=\"https:\/\/www.grupomedcof.com.br\/blog\/wp-content\/uploads\/2026\/04\/Modelo-instituicoes-34-1024x576.jpg\" alt=\"concurso milagres\" class=\"wp-image-43841\" srcset=\"https:\/\/www.grupomedcof.com.br\/blog\/wp-content\/uploads\/2026\/04\/Modelo-instituicoes-34-1024x576.jpg 1024w, https:\/\/www.grupomedcof.com.br\/blog\/wp-content\/uploads\/2026\/04\/Modelo-instituicoes-34-300x169.jpg 300w, https:\/\/www.grupomedcof.com.br\/blog\/wp-content\/uploads\/2026\/04\/Modelo-instituicoes-34-768x432.jpg 768w, https:\/\/www.grupomedcof.com.br\/blog\/wp-content\/uploads\/2026\/04\/Modelo-instituicoes-34-1536x864.jpg 1536w, https:\/\/www.grupomedcof.com.br\/blog\/wp-content\/uploads\/2026\/04\/Modelo-instituicoes-34-747x420.jpg 747w, https:\/\/www.grupomedcof.com.br\/blog\/wp-content\/uploads\/2026\/04\/Modelo-instituicoes-34-150x84.jpg 150w, https:\/\/www.grupomedcof.com.br\/blog\/wp-content\/uploads\/2026\/04\/Modelo-instituicoes-34-696x392.jpg 696w, https:\/\/www.grupomedcof.com.br\/blog\/wp-content\/uploads\/2026\/04\/Modelo-instituicoes-34-1068x601.jpg 1068w, https:\/\/www.grupomedcof.com.br\/blog\/wp-content\/uploads\/2026\/04\/Modelo-instituicoes-34.jpg 1920w\" sizes=\"auto, (max-width: 1024px) 100vw, 1024px\" \/><\/figure>\n\n\n\n<p>A <strong>Prefeitura Municipal de Milagres<\/strong>, Cear\u00e1, publicou o edital n\u00ba 001\/2026, abrindo Concurso P\u00fablico para provimento de cargos da Administra\u00e7\u00e3o Municipal. O edital abre 154 vagas imediatas e cadastro de reserva em 74 cargos diferentes, com remunera\u00e7\u00f5es que atingem <strong>R$ 10.000,00 para M\u00e9dico Psiquiatra (40h)<\/strong>.<\/p>\n\n\n\n<p>O processo seletivo \u00e9 organizado pelo <strong>Instituto Consulpam (Consultoria P\u00fablico-Privada)<\/strong>.<\/p>\n\n\n\n<h2 class=\"wp-block-heading\" id=\"h-garanta-a-maior-condicao-da-historia-do-grupo-medcof\"><span class=\"ez-toc-section\" id=\"Garanta_a_maior_condicao_da_historia_do_Grupo_MedCof\"><\/span><strong>Garanta a maior condi\u00e7\u00e3o da hist\u00f3ria do Grupo MedCof!\u00a0<\/strong><span class=\"ez-toc-section-end\"><\/span><\/h2>\n\n\n\n<p>A oportunidade que voc\u00ea esperava para&nbsp;<strong>transformar sua carreira m\u00e9dica chegou<\/strong>. Seja para conquistar a vaga na Resid\u00eancia, obter seu T\u00edtulo de Especialista ou revalidar seu diploma no Brasil ou no exterior, o&nbsp;<strong>Grupo MedCof oferece a metodologia l\u00edder em aprova\u00e7\u00e3o&nbsp;<\/strong>com ferramentas de intelig\u00eancia artificial e suporte de subespecialistas.<\/p>\n\n\n\n<p>Faltam poucas horas para o encerramento da nossa maior a\u00e7\u00e3o de vendas:&nbsp;<strong>todos os preparat\u00f3rios<\/strong>&nbsp;do ecossistema est\u00e3o com&nbsp;<strong>condi\u00e7\u00f5es exclusivas e in\u00e9ditas<\/strong>.&nbsp;<\/p>\n\n\n\n<p>Clique no bot\u00e3o abaixo, fale agora com nosso&nbsp;<strong>time comercial via WhatsApp<\/strong>&nbsp;e garanta seu acesso com desconto especial at\u00e9 o dia 30\/04 \u00e0s 23:59!<\/p>\n\n\n\n<div class=\"wp-block-buttons is-layout-flex wp-block-buttons-is-layout-flex\">\n<div class=\"wp-block-button\"><a class=\"wp-block-button__link wp-element-button\" href=\"https:\/\/api.whatsapp.com\/send\/?phone=551150281610&amp;text=Vim+pelo+Blog+do+Grupo+Medcof+e+quero+saber+a+condi%C3%A7%C3%A3o+especial.&amp;type=phone_number&amp;app_absent=0&amp;utm_campaign=blog-comercial-condicao-especial&amp;utm_source=blog-comercial-condicao-especial\"><strong>QUERO GARANTIR MINHA CONDI\u00c7\u00c3O ESPECIAL<\/strong><\/a><\/div>\n<\/div>\n\n\n\n<h2 class=\"wp-block-heading\" id=\"h-quais-sao-as-vagas-disponiveis\"><span class=\"ez-toc-section\" id=\"Quais_sao_as_vagas_disponiveis\"><\/span><strong>Quais s\u00e3o as vagas dispon\u00edveis?<\/strong><span class=\"ez-toc-section-end\"><\/span><\/h2>\n\n\n\n<p>O edital contempla oportunidades em tr\u00eas n\u00edveis:<\/p>\n\n\n\n<h3 class=\"wp-block-heading\" id=\"h-superior-selecao-de-cargos\"><span class=\"ez-toc-section\" id=\"Superior_selecao_de_cargos\"><\/span><strong>Superior (sele\u00e7\u00e3o de cargos)<\/strong><span class=\"ez-toc-section-end\"><\/span><\/h3>\n\n\n\n<figure class=\"wp-block-table\"><table class=\"has-fixed-layout\"><tbody><tr><td><strong>Cargo<\/strong><\/td><td><strong>Vagas Imediatas<\/strong><\/td><td><strong>Carga Hor\u00e1ria<\/strong><\/td><td><strong>Sal\u00e1rio<\/strong><\/td><\/tr><tr><td>M\u00e9dico Psiquiatra<\/td><td>1 + CR<\/td><td>40h<\/td><td>R$ 10.000,00<\/td><\/tr><tr><td>M\u00e9dico<\/td><td>2 + CR<\/td><td>40h<\/td><td>R$ 8.800,00<\/td><\/tr><tr><td>Terapeuta Ocupacional<\/td><td>2 + CR<\/td><td>30h<\/td><td>R$ 5.000,00<\/td><\/tr><tr><td>M\u00e9dico Veterin\u00e1rio<\/td><td>1 + CR<\/td><td>40h<\/td><td>R$ 3.441,00<\/td><\/tr><tr><td>Enfermeiro<\/td><td>4 + CR<\/td><td>40h<\/td><td>R$ 3.108,00 + complementa\u00e7\u00e3o federal<\/td><\/tr><tr><td>Dentista<\/td><td>4 + CR<\/td><td>40h<\/td><td>R$ 3.108,00<\/td><\/tr><tr><td>Biom\u00e9dico<\/td><td>2 + CR<\/td><td>40h<\/td><td>R$ 2.800,00<\/td><\/tr><tr><td>Psic\u00f3logo&nbsp;<\/td><td>2 + CR<\/td><td>40h<\/td><td>R$ 2.246,86<\/td><\/tr><tr><td>Psic\u00f3logo&nbsp;<\/td><td>2 + CR<\/td><td>20h<\/td><td>R$ 1.685,15&nbsp;<\/td><\/tr><tr><td>Psic\u00f3logo (Secretaria de Sa\u00fade)<\/td><td>2 + CR<\/td><td>20h<\/td><td>R$ 1.621,00&nbsp;<\/td><\/tr><tr><td>Farmac\u00eautico<\/td><td>2 + CR<\/td><td>40h<\/td><td>R$ 2.000,00<\/td><\/tr><tr><td>Nutricionista<\/td><td>1 + CR<\/td><td>30h<\/td><td>R$ 2.197,80<\/td><\/tr><tr><td>Assistente Social<\/td><td>1 + CR<\/td><td>30h<\/td><td>R$ 1.685,15<\/td><\/tr><tr><td>Fisioterapeuta<\/td><td>2 + CR<\/td><td>20h<\/td><td>R$ 1.621,00&nbsp;<\/td><\/tr><tr><td>Fonoaudi\u00f3logo<\/td><td>2 + CR<\/td><td>20h<\/td><td>R$ 1.621,00&nbsp;<\/td><\/tr><\/tbody><\/table><\/figure>\n\n\n\n<h3 class=\"wp-block-heading\" id=\"h-nivel-medio-tecnico-selecao-de-cargos\"><span class=\"ez-toc-section\" id=\"Nivel_MedioTecnico_selecao_de_cargos\"><\/span><strong>N\u00edvel M\u00e9dio\/T\u00e9cnico (sele\u00e7\u00e3o de cargos)<\/strong><span class=\"ez-toc-section-end\"><\/span><\/h3>\n\n\n\n<figure class=\"wp-block-table\"><table class=\"has-fixed-layout\"><tbody><tr><td><strong>Cargo<\/strong><\/td><td><strong>Vagas Imediatas<\/strong><\/td><td><strong>Carga Hor\u00e1ria<\/strong><\/td><td><strong>Sal\u00e1rio<\/strong><\/td><\/tr><tr><td>Secret\u00e1rio Escolar<\/td><td>4 + CR<\/td><td>40h<\/td><td>R$ 1.621,00<\/td><\/tr><tr><td>Orientador Social<\/td><td>3 + CR<\/td><td>40h<\/td><td>R$ 1.621,00<\/td><\/tr><tr><td>T\u00e9cnico de Enfermagem<\/td><td>2 + CR<\/td><td>40h<\/td><td>R$ 1.621,00 + complementa\u00e7\u00e3o federal<\/td><\/tr><tr><td>Auxiliar de Creche<\/td><td>diversas unidades<\/td><td>40h<\/td><td>R$ 1.621,00<\/td><\/tr><tr><td>Recepcionista<\/td><td>diversas unidades<\/td><td>40h<\/td><td>R$ 1.621,00<\/td><\/tr><tr><td>Auxiliar Administrativo<\/td><td>2 + CR<\/td><td>40h<\/td><td>R$ 1.621,00<\/td><\/tr><tr><td>Auxiliar de Sa\u00fade Bucal<\/td><td>2 + CR<\/td><td>40h<\/td><td>R$ 1.621,00<\/td><\/tr><tr><td>T\u00e9cnico em Radiologia<\/td><td>1+ CR<\/td><td>24h<\/td><td>R$ 1.621,00<\/td><\/tr><\/tbody><\/table><\/figure>\n\n\n\n<h3 class=\"wp-block-heading\" id=\"h-nivel-fundamental-selecao-de-cargos\"><span class=\"ez-toc-section\" id=\"Nivel_Fundamental_selecao_de_cargos\"><\/span><strong>N\u00edvel Fundamental (sele\u00e7\u00e3o de cargos)<\/strong><span class=\"ez-toc-section-end\"><\/span><\/h3>\n\n\n\n<figure class=\"wp-block-table\"><table class=\"has-fixed-layout\"><tbody><tr><td><strong>Cargo<\/strong><\/td><td><strong>Vagas Imediatas<\/strong><\/td><td><strong>Carga Hor\u00e1ria<\/strong><\/td><td><strong>Sal\u00e1rio<\/strong><\/td><\/tr><tr><td>Monitor de Transporte Escolar<\/td><td>8 + CR<\/td><td>40h<\/td><td>R$ 1.621,00<\/td><\/tr><tr><td>Auxiliar de Servi\u00e7os Gerais<\/td><td>diversas unidades<\/td><td>40h<\/td><td>R$ 1.621,00<\/td><\/tr><tr><td>Auxiliar de Nutri\u00e7\u00e3o<\/td><td>diversas unidades<\/td><td>40h<\/td><td>R$ 1.621,00<\/td><\/tr><tr><td>Motorista<\/td><td>diversas secretarias<\/td><td>40h<\/td><td>R$ 1.621,00<\/td><\/tr><tr><td>Agente Administrativo<\/td><td>3 + CR<\/td><td>40h<\/td><td>R$ 1.621,00<\/td><\/tr><tr><td>Porteiro<\/td><td>2 +CR<\/td><td>40h<\/td><td>R$ 1.621,00<\/td><\/tr><tr><td>Vigia<\/td><td>2 +CR<\/td><td>40h<\/td><td>R$ 1.621,00<\/td><\/tr><tr><td>Motorista de Ambul\u00e3ncia<\/td><td>1 + CR<\/td><td>40h<\/td><td>R$ 1.621,00<\/td><\/tr><tr><td>Cozinheiro<\/td><td>1 + CR<\/td><td>40h<\/td><td>R$ 1.621,00<\/td><\/tr><tr><td>Copeira<\/td><td>1 + CR<\/td><td>40h<\/td><td>R$ 1.621,00<\/td><\/tr><\/tbody><\/table><\/figure>\n\n\n\n<h2 class=\"wp-block-heading\" id=\"h-como-se-inscrever\"><span class=\"ez-toc-section\" id=\"Como_se_inscrever\"><\/span><strong>Como se inscrever?<\/strong><span class=\"ez-toc-section-end\"><\/span><\/h2>\n\n\n\n<p>As inscri\u00e7\u00f5es s\u00e3o realizadas <strong>exclusivamente pelo site www.consulpam.com.br<\/strong>, no per\u00edodo de <strong>23\/04\/2026 a 11\/05\/2026<\/strong>. O edital reserva <strong>5% das vagas para Pessoas com Defici\u00eancia (PcD)<\/strong> e <strong>20% para candidatos negros<\/strong> (conforme Lei Estadual n\u00ba 17.432\/2021).&nbsp;<\/p>\n\n\n\n<p>Candidatos inscritos no <strong>Cad\u00danico, doadores de medula \u00f3ssea, doadores de sangue e prestadores de servi\u00e7o eleitoral<\/strong> podem solicitar isen\u00e7\u00e3o da taxa.<\/p>\n\n\n\n<h3 class=\"wp-block-heading\" id=\"h-valores-das-taxas-de-inscricao\"><span class=\"ez-toc-section\" id=\"Valores_das_taxas_de_inscricao\"><\/span><strong>Valores das taxas de inscri\u00e7\u00e3o<\/strong><span class=\"ez-toc-section-end\"><\/span><\/h3>\n\n\n\n<figure class=\"wp-block-table\"><table class=\"has-fixed-layout\"><tbody><tr><td><strong>N\u00edvel<\/strong><\/td><td><strong>Valor<\/strong><\/td><\/tr><tr><td>N\u00edvel Fundamental<\/td><td>R$ 70,00<\/td><\/tr><tr><td>N\u00edvel M\u00e9dio<\/td><td>R$ 100,00<\/td><\/tr><tr><td>N\u00edvel Superior<\/td><td>R$ 140,00<\/td><\/tr><\/tbody><\/table><\/figure>\n\n\n\n<figure class=\"wp-block-image size-large\"><a href=\"https:\/\/www.grupomedcof.com.br\/cofletters\/?clientId=&amp;utm_campaign=newsletter&amp;utm_medium=banner&amp;utm_source=blog&amp;utm_content=inscricao#https:\/\/www.grupomedcof.com.br\/blog\/\" target=\"_blank\" rel=\" noreferrer noopener\"><img loading=\"lazy\" decoding=\"async\" width=\"1024\" height=\"320\" src=\"https:\/\/www.grupomedcof.com.br\/blog\/wp-content\/uploads\/2025\/02\/Banner-MedCof-Plus-2200x460-11-1024x320.png\" alt=\"Banner de inscri\u00e7\u00e3o para recebimento da newsletter do Grupo MedCof, a Cofletter. Ela traz as principais not\u00edcias da \u00e1rea da sa\u00fade e dos processos seletivos para resid\u00eancia m\u00e9dica.\" class=\"wp-image-33723\" srcset=\"https:\/\/www.grupomedcof.com.br\/blog\/wp-content\/uploads\/2025\/02\/Banner-MedCof-Plus-2200x460-11-1024x320.png 1024w, https:\/\/www.grupomedcof.com.br\/blog\/wp-content\/uploads\/2025\/02\/Banner-MedCof-Plus-2200x460-11-300x94.png 300w, https:\/\/www.grupomedcof.com.br\/blog\/wp-content\/uploads\/2025\/02\/Banner-MedCof-Plus-2200x460-11-768x240.png 768w, https:\/\/www.grupomedcof.com.br\/blog\/wp-content\/uploads\/2025\/02\/Banner-MedCof-Plus-2200x460-11-1536x480.png 1536w, https:\/\/www.grupomedcof.com.br\/blog\/wp-content\/uploads\/2025\/02\/Banner-MedCof-Plus-2200x460-11-2048x640.png 2048w, https:\/\/www.grupomedcof.com.br\/blog\/wp-content\/uploads\/2025\/02\/Banner-MedCof-Plus-2200x460-11-1343x420.png 1343w, https:\/\/www.grupomedcof.com.br\/blog\/wp-content\/uploads\/2025\/02\/Banner-MedCof-Plus-2200x460-11-150x47.png 150w, https:\/\/www.grupomedcof.com.br\/blog\/wp-content\/uploads\/2025\/02\/Banner-MedCof-Plus-2200x460-11-696x218.png 696w, https:\/\/www.grupomedcof.com.br\/blog\/wp-content\/uploads\/2025\/02\/Banner-MedCof-Plus-2200x460-11-1068x334.png 1068w, https:\/\/www.grupomedcof.com.br\/blog\/wp-content\/uploads\/2025\/02\/Banner-MedCof-Plus-2200x460-11-1920x600.png 1920w\" sizes=\"auto, (max-width: 1024px) 100vw, 1024px\" \/><\/a><\/figure>\n\n\n\n<h2 class=\"wp-block-heading\" id=\"h-como-vai-funcionar-o-concurso\"><span class=\"ez-toc-section\" id=\"Como_vai_funcionar_o_concurso\"><\/span><strong>Como vai funcionar o concurso?<\/strong><span class=\"ez-toc-section-end\"><\/span><\/h2>\n\n\n\n<p>O processo seletivo consiste em duas etapas:<\/p>\n\n\n\n<h3 class=\"wp-block-heading\" id=\"h-prova-objetiva\"><span class=\"ez-toc-section\" id=\"Prova_Objetiva\"><\/span><strong>Prova Objetiva<\/strong><span class=\"ez-toc-section-end\"><\/span><\/h3>\n\n\n\n<p>Ser\u00e1 aplicada em <strong>07\/06\/2026<\/strong>, no munic\u00edpio de Milagres &#8211; CE, ou cidades vizinhas, se necess\u00e1rio, no per\u00edodo da manh\u00e3 (09h \u00e0s 12h, hor\u00e1rio de Bras\u00edlia). A composi\u00e7\u00e3o do exame varia por n\u00edvel:<\/p>\n\n\n\n<ul class=\"wp-block-list\">\n<li>N\u00edvel Fundamental: 40 quest\u00f5es (nota m\u00ednima: 50% em cada bloco)<\/li>\n\n\n\n<li>N\u00edvel M\u00e9dio e Superior: 40 quest\u00f5es (nota m\u00ednima: 50% em cada bloco)<\/li>\n<\/ul>\n\n\n\n<p>Todos os n\u00edveis contemplam L\u00edngua Portuguesa e Conhecimentos sobre o Munic\u00edpio. Para o n\u00edvel m\u00e9dio e superior, somam-se No\u00e7\u00f5es de Inform\u00e1tica, Direito Administrativo e Constitucional, Matem\u00e1tica e Racioc\u00ednio L\u00f3gico, al\u00e9m de Conhecimentos Espec\u00edficos do cargo.<\/p>\n\n\n\n<h3 class=\"wp-block-heading\" id=\"h-prova-de-titulos-nbsp\"><span class=\"ez-toc-section\" id=\"Prova_de_Titulos\"><\/span><strong>Prova de T\u00edtulos<\/strong>&nbsp;<span class=\"ez-toc-section-end\"><\/span><\/h3>\n\n\n\n<p>Essa avalia\u00e7\u00e3o \u00e9 de car\u00e1ter exclusivamente classificat\u00f3rio, destinada aos cargos de n\u00edvel superior, com pontua\u00e7\u00e3o m\u00e1xima de 10 pontos:<\/p>\n\n\n\n<figure class=\"wp-block-table\"><table class=\"has-fixed-layout\"><tbody><tr><td><strong>T\u00edtulo<\/strong><\/td><td><strong>Pontua\u00e7\u00e3o por t\u00edtulo<\/strong><\/td><td><strong>Valor m\u00e1ximo<\/strong><\/td><\/tr><tr><td>Doutorado<\/td><td>5,0 pontos<\/td><td>5,0 pontos<\/td><\/tr><tr><td>Mestrado<\/td><td>3,0 pontos<\/td><td>3,0 pontos<\/td><\/tr><tr><td>Especializa\u00e7\u00e3o Lato Sensu<\/td><td>1,0 ponto<\/td><td>2,0 pontos<\/td><\/tr><\/tbody><\/table><\/figure>\n\n\n\n<p>Profissionais que desejarem prestar para os cargos de m\u00e9dico devem apresentar certificado de forma\u00e7\u00e3o em n\u00edvel superior, gradua\u00e7\u00e3o no curso de Medicina, comprovante de resid\u00eancia (no caso de especialistas) e o registro no Conselho de classe.<\/p>\n\n\n\n<h2 class=\"wp-block-heading\" id=\"h-concurso-milagres-cronograma\"><span class=\"ez-toc-section\" id=\"Concurso_Milagres_Cronograma\"><\/span><strong>Concurso Milagres: Cronograma<\/strong><span class=\"ez-toc-section-end\"><\/span><\/h2>\n\n\n\n<figure class=\"wp-block-table\"><table class=\"has-fixed-layout\"><tbody><tr><td><strong>Evento<\/strong><\/td><td><strong>Data<\/strong><\/td><\/tr><tr><td>Publica\u00e7\u00e3o do Edital<\/td><td>23\/04\/2026<\/td><\/tr><tr><td>Per\u00edodo de Inscri\u00e7\u00f5es<\/td><td>23\/04 a 11\/05\/2026<\/td><\/tr><tr><td>Solicita\u00e7\u00e3o de Isen\u00e7\u00e3o<\/td><td>27 e 28\/04\/2026<\/td><\/tr><tr><td>Resultado Definitivo das Isen\u00e7\u00f5es<\/td><td>08\/05\/2026<\/td><\/tr><tr><td>Divulga\u00e7\u00e3o do Cart\u00e3o de Identifica\u00e7\u00e3o<\/td><td>05\/06\/2026<\/td><\/tr><tr><td>Realiza\u00e7\u00e3o da Prova Objetiva<\/td><td>07\/06\/2026<\/td><\/tr><tr><td>Resultado Preliminar das Provas<\/td><td>01\/07\/2026<\/td><\/tr><tr><td>Envio de T\u00edtulos<\/td><td>13 a 15\/07\/2026<\/td><\/tr><tr><td>Avalia\u00e7\u00e3o de Heteroidentifica\u00e7\u00e3o<\/td><td>08\/08\/2026<\/td><\/tr><tr><td>Resultado Final do Concurso<\/td><td>21\/08\/2026<\/td><\/tr><\/tbody><\/table><\/figure>\n\n\n\n<p>O prazo de validade do concurso \u00e9 de 2 anos a partir da homologa\u00e7\u00e3o do resultado final, podendo ser prorrogado por igual per\u00edodo.<\/p>\n\n\n\n<h2 class=\"wp-block-heading\" id=\"h-para-saber-mais-confira-o-edital\"><span class=\"ez-toc-section\" id=\"Para_saber_mais_confira_o_edital\"><\/span><strong>Para saber mais, confira o edital!<\/strong><span class=\"ez-toc-section-end\"><\/span><\/h2>\n\n\n\n<div data-wp-interactive=\"core\/file\" class=\"wp-block-file\"><object data-wp-bind--hidden=\"!state.hasPdfPreview\" hidden class=\"wp-block-file__embed\" data=\"https:\/\/www.grupomedcof.com.br\/blog\/wp-content\/uploads\/2026\/04\/20260423_111506_EDITAL-001.2026-MILAGRES-CARGOS-GERAIS.pdf\" type=\"application\/pdf\" style=\"width:100%;height:600px\" aria-label=\"Incorporado de Edital Milagres.\"><\/object><a id=\"wp-block-file--media-a39e6913-453b-4bc6-9f10-91f4cfd47bfc\" href=\"https:\/\/www.grupomedcof.com.br\/blog\/wp-content\/uploads\/2026\/04\/20260423_111506_EDITAL-001.2026-MILAGRES-CARGOS-GERAIS.pdf\">Edital Milagres<\/a><a href=\"https:\/\/www.grupomedcof.com.br\/blog\/wp-content\/uploads\/2026\/04\/20260423_111506_EDITAL-001.2026-MILAGRES-CARGOS-GERAIS.pdf\" class=\"wp-block-file__button wp-element-button\" download aria-describedby=\"wp-block-file--media-a39e6913-453b-4bc6-9f10-91f4cfd47bfc\">Baixar<\/a><\/div>\n\n\n\n<h2 class=\"wp-block-heading\" id=\"h-conquiste-sua-aprovacao-com-a-medcof\"><span class=\"ez-toc-section\" id=\"Conquiste_sua_aprovacao_com_a_MedCof\"><\/span><strong>Conquiste sua aprova\u00e7\u00e3o com a MedCof!<\/strong><span class=\"ez-toc-section-end\"><\/span><\/h2>\n\n\n\n<p>Se voc\u00ea quer ir al\u00e9m da prepara\u00e7\u00e3o tradicional, os preparat\u00f3rios da\u00a0<a href=\"https:\/\/www.grupomedcof.com.br\/home\/\"><strong>MedCof<\/strong><\/a>\u00a0s\u00e3o desenvolvidos especificamente para quem busca aprova\u00e7\u00e3o em concursos m\u00e9dicos como o de\u00a0<strong>Milagres<\/strong>.<\/p>\n\n\n\n<p>A metodologia combina:<\/p>\n\n\n\n<ul class=\"wp-block-list\">\n<li><strong>Banco inteligente de quest\u00f5es<\/strong><\/li>\n\n\n\n<li><strong>An\u00e1lise de desempenho com uso de dados<\/strong><\/li>\n\n\n\n<li><strong>Estudo direcionado por incid\u00eancia de temas<\/strong><\/li>\n\n\n\n<li><strong>Treinamento focado no perfil da banca<\/strong><\/li>\n<\/ul>\n\n\n\n<p>Isso permite que voc\u00ea estude com estrat\u00e9gia, priorizando o que realmente aumenta suas chances de aprova\u00e7\u00e3o \u2014 e n\u00e3o apenas acumulando conte\u00fado. Para entender melhor,\u00a0<a href=\"http:\/\/grupomedcof.com.br\/home\/?page=sobre-nos\">conhe\u00e7a a MedCof<\/a>.<\/p>\n\n\n\n<figure class=\"wp-block-embed is-type-wp-embed is-provider-blog-de-medcof-conte-dos-editais-revalida-e-mais wp-block-embed-blog-de-medcof-conte-dos-editais-revalida-e-mais\"><div class=\"wp-block-embed__wrapper\">\n<blockquote class=\"wp-embedded-content\" data-secret=\"qiVZ36Ma8d\"><a href=\"https:\/\/www.grupomedcof.com.br\/blog\/calendario-de-concursos-publicos-2026\/\">Calend\u00e1rio de Concursos P\u00fablicos 2026<\/a><\/blockquote><iframe loading=\"lazy\" class=\"wp-embedded-content\" sandbox=\"allow-scripts\" security=\"restricted\" style=\"position: absolute; visibility: hidden;\" title=\"&#8220;Calend\u00e1rio de Concursos P\u00fablicos 2026&#8221; &#8212; Blog de Medcof: conte\u00fados, editais, revalida e mais!\" src=\"https:\/\/www.grupomedcof.com.br\/blog\/calendario-de-concursos-publicos-2026\/embed\/#?secret=bci9nNKBN8#?secret=qiVZ36Ma8d\" data-secret=\"qiVZ36Ma8d\" width=\"600\" height=\"338\" frameborder=\"0\" marginwidth=\"0\" marginheight=\"0\" scrolling=\"no\"><\/iframe>\n<\/div><\/figure>\n","protected":false},"excerpt":{"rendered":"<p>A Prefeitura Municipal de Milagres, Cear\u00e1, publicou o edital n\u00ba 001\/2026, abrindo Concurso P\u00fablico para provimento de cargos da Administra\u00e7\u00e3o Municipal. S\u00e3o oferecidas 154 vagas imediatas, al\u00e9m de igual n\u00famero em Cadastro de Reserva, distribu\u00eddas em 74 cargos, com sal\u00e1rios que chegam a R$ 10.000,00 para o cargo de M\u00e9dico Psiquiatra (40h).<\/p>\n","protected":false},"author":41,"featured_media":43841,"comment_status":"closed","ping_status":"closed","sticky":false,"template":"","format":"standard","meta":{"footnotes":""},"categories":[258,55,213,2023,240],"tags":[3741,3645,1568,3743,1452],"ppma_author":[3629],"class_list":{"0":"post-43838","1":"post","2":"type-post","3":"status-publish","4":"format-standard","5":"has-post-thumbnail","7":"category-atualizacoes","8":"category-carreira-medica","9":"category-concurso-publico","10":"category-editais","11":"category-noticias","12":"tag-concurso-milagres","13":"tag-concurso-publico","14":"tag-edital","15":"tag-medico-psiquiatra","16":"tag-provas"},"yoast_head":"<!-- This site is optimized with the Yoast SEO Premium plugin v24.3 (Yoast SEO v27.5) - https:\/\/yoast.com\/product\/yoast-seo-premium-wordpress\/ -->\n<title>Concurso Milagres: 154 vagas com sal\u00e1rios de at\u00e9 R$ 10 mil - Blog de Medcof: conte\u00fados, editais, revalida e mais!<\/title>\n<meta name=\"description\" content=\"Prefeitura de Milagres (CE) abre concurso com 154 vagas + cadastro reserva. Sal\u00e1rios de at\u00e9 R$ 10 mil. Confira cargos e edital!\" \/>\n<meta name=\"robots\" content=\"index, follow, max-snippet:-1, max-image-preview:large, max-video-preview:-1\" \/>\n<link rel=\"canonical\" href=\"https:\/\/www.grupomedcof.com.br\/blog\/concurso-milagres\/\" \/>\n<meta property=\"og:locale\" content=\"pt_BR\" \/>\n<meta property=\"og:type\" content=\"article\" \/>\n<meta property=\"og:title\" content=\"Concurso Milagres: 154 vagas com sal\u00e1rios de at\u00e9 R$ 10 mil\" \/>\n<meta property=\"og:description\" content=\"Prefeitura de Milagres (CE) abre concurso com 154 vagas + cadastro reserva. Sal\u00e1rios de at\u00e9 R$ 10 mil. Confira cargos e edital!\" \/>\n<meta property=\"og:url\" content=\"https:\/\/www.grupomedcof.com.br\/blog\/concurso-milagres\/\" \/>\n<meta property=\"og:site_name\" content=\"Blog de Medcof: conte\u00fados, editais, revalida e mais!\" \/>\n<meta property=\"article:publisher\" content=\"https:\/\/www.facebook.com\/MedCofQbank\/\" \/>\n<meta property=\"article:published_time\" content=\"2026-04-30T12:14:43+00:00\" \/>\n<meta property=\"article:modified_time\" content=\"2026-04-30T12:19:18+00:00\" \/>\n<meta property=\"og:image\" content=\"https:\/\/www.grupomedcof.com.br\/blog\/wp-content\/uploads\/2026\/04\/Modelo-instituicoes-34.jpg\" \/>\n\t<meta property=\"og:image:width\" content=\"1920\" \/>\n\t<meta property=\"og:image:height\" content=\"1080\" \/>\n\t<meta property=\"og:image:type\" content=\"image\/jpeg\" \/>\n<meta name=\"author\" content=\"Nana N\u00f3brega\" \/>\n<meta name=\"twitter:card\" content=\"summary_large_image\" \/>\n<meta name=\"twitter:label1\" content=\"Escrito por\" \/>\n\t<meta name=\"twitter:data1\" content=\"Nana N\u00f3brega\" \/>\n\t<meta name=\"twitter:label2\" content=\"Est. tempo de leitura\" \/>\n\t<meta name=\"twitter:data2\" content=\"6 minutos\" \/>\n<script type=\"application\/ld+json\" class=\"yoast-schema-graph\">{\"@context\":\"https:\\\/\\\/schema.org\",\"@graph\":[{\"@type\":\"Article\",\"@id\":\"https:\\\/\\\/www.grupomedcof.com.br\\\/blog\\\/concurso-milagres\\\/#article\",\"isPartOf\":{\"@id\":\"https:\\\/\\\/www.grupomedcof.com.br\\\/blog\\\/concurso-milagres\\\/\"},\"author\":{\"name\":\"Nana N\u00f3brega\",\"@id\":\"https:\\\/\\\/www.grupomedcof.com.br\\\/blog\\\/#\\\/schema\\\/person\\\/9fb2c4e0c5987a2a74b0cd7bfe7d5413\"},\"headline\":\"Concurso Milagres: 154 vagas com sal\u00e1rios de at\u00e9 R$ 10 mil\",\"datePublished\":\"2026-04-30T12:14:43+00:00\",\"dateModified\":\"2026-04-30T12:19:18+00:00\",\"mainEntityOfPage\":{\"@id\":\"https:\\\/\\\/www.grupomedcof.com.br\\\/blog\\\/concurso-milagres\\\/\"},\"wordCount\":956,\"publisher\":{\"@id\":\"https:\\\/\\\/www.grupomedcof.com.br\\\/blog\\\/#organization\"},\"image\":{\"@id\":\"https:\\\/\\\/www.grupomedcof.com.br\\\/blog\\\/concurso-milagres\\\/#primaryimage\"},\"thumbnailUrl\":\"https:\\\/\\\/www.grupomedcof.com.br\\\/blog\\\/wp-content\\\/uploads\\\/2026\\\/04\\\/Modelo-instituicoes-34.jpg\",\"keywords\":[\"concurso milagres\",\"concurso p\u00fablico\",\"Edital\",\"m\u00e9dico psiquiatra\",\"Provas\"],\"articleSection\":[\"Atualiza\u00e7\u00f5es\",\"Carreira M\u00e9dica\",\"Concurso P\u00fablico\",\"Editais\",\"Not\u00edcias\"],\"inLanguage\":\"pt-BR\"},{\"@type\":\"WebPage\",\"@id\":\"https:\\\/\\\/www.grupomedcof.com.br\\\/blog\\\/concurso-milagres\\\/\",\"url\":\"https:\\\/\\\/www.grupomedcof.com.br\\\/blog\\\/concurso-milagres\\\/\",\"name\":\"Concurso Milagres: 154 vagas com sal\u00e1rios de at\u00e9 R$ 10 mil - Blog de Medcof: conte\u00fados, editais, revalida e mais!\",\"isPartOf\":{\"@id\":\"https:\\\/\\\/www.grupomedcof.com.br\\\/blog\\\/#website\"},\"primaryImageOfPage\":{\"@id\":\"https:\\\/\\\/www.grupomedcof.com.br\\\/blog\\\/concurso-milagres\\\/#primaryimage\"},\"image\":{\"@id\":\"https:\\\/\\\/www.grupomedcof.com.br\\\/blog\\\/concurso-milagres\\\/#primaryimage\"},\"thumbnailUrl\":\"https:\\\/\\\/www.grupomedcof.com.br\\\/blog\\\/wp-content\\\/uploads\\\/2026\\\/04\\\/Modelo-instituicoes-34.jpg\",\"datePublished\":\"2026-04-30T12:14:43+00:00\",\"dateModified\":\"2026-04-30T12:19:18+00:00\",\"description\":\"Prefeitura de Milagres (CE) abre concurso com 154 vagas + cadastro reserva. Sal\u00e1rios de at\u00e9 R$ 10 mil. Confira cargos e edital!\",\"breadcrumb\":{\"@id\":\"https:\\\/\\\/www.grupomedcof.com.br\\\/blog\\\/concurso-milagres\\\/#breadcrumb\"},\"inLanguage\":\"pt-BR\",\"potentialAction\":[{\"@type\":\"ReadAction\",\"target\":[\"https:\\\/\\\/www.grupomedcof.com.br\\\/blog\\\/concurso-milagres\\\/\"]}]},{\"@type\":\"ImageObject\",\"inLanguage\":\"pt-BR\",\"@id\":\"https:\\\/\\\/www.grupomedcof.com.br\\\/blog\\\/concurso-milagres\\\/#primaryimage\",\"url\":\"https:\\\/\\\/www.grupomedcof.com.br\\\/blog\\\/wp-content\\\/uploads\\\/2026\\\/04\\\/Modelo-instituicoes-34.jpg\",\"contentUrl\":\"https:\\\/\\\/www.grupomedcof.com.br\\\/blog\\\/wp-content\\\/uploads\\\/2026\\\/04\\\/Modelo-instituicoes-34.jpg\",\"width\":1920,\"height\":1080,\"caption\":\"concurso milagres\"},{\"@type\":\"BreadcrumbList\",\"@id\":\"https:\\\/\\\/www.grupomedcof.com.br\\\/blog\\\/concurso-milagres\\\/#breadcrumb\",\"itemListElement\":[{\"@type\":\"ListItem\",\"position\":1,\"name\":\"In\u00edcio\",\"item\":\"https:\\\/\\\/www.grupomedcof.com.br\\\/blog\\\/\"},{\"@type\":\"ListItem\",\"position\":2,\"name\":\"Concurso Milagres: 154 vagas com sal\u00e1rios de at\u00e9 R$ 10 mil\"}]},{\"@type\":\"WebSite\",\"@id\":\"https:\\\/\\\/www.grupomedcof.com.br\\\/blog\\\/#website\",\"url\":\"https:\\\/\\\/www.grupomedcof.com.br\\\/blog\\\/\",\"name\":\"Blog de Medcof: conte\u00fados, editais, revalida e mais!\",\"description\":\"Acesso o blog de MedCof! Seu portal de conte\u00fados sobre resid\u00eancia m\u00e9dica, an\u00e1lise e editais e muito mais. Clique e confira!\",\"publisher\":{\"@id\":\"https:\\\/\\\/www.grupomedcof.com.br\\\/blog\\\/#organization\"},\"alternateName\":\"Blog de Medcof: conte\u00fados, editais, revalida e mais!\",\"potentialAction\":[{\"@type\":\"SearchAction\",\"target\":{\"@type\":\"EntryPoint\",\"urlTemplate\":\"https:\\\/\\\/www.grupomedcof.com.br\\\/blog\\\/?s={search_term_string}\"},\"query-input\":{\"@type\":\"PropertyValueSpecification\",\"valueRequired\":true,\"valueName\":\"search_term_string\"}}],\"inLanguage\":\"pt-BR\"},{\"@type\":\"Organization\",\"@id\":\"https:\\\/\\\/www.grupomedcof.com.br\\\/blog\\\/#organization\",\"name\":\"Grupo MedCof\",\"url\":\"https:\\\/\\\/www.grupomedcof.com.br\\\/blog\\\/\",\"logo\":{\"@type\":\"ImageObject\",\"inLanguage\":\"pt-BR\",\"@id\":\"https:\\\/\\\/www.grupomedcof.com.br\\\/blog\\\/#\\\/schema\\\/logo\\\/image\\\/\",\"url\":\"https:\\\/\\\/www.grupomedcof.com.br\\\/blog\\\/wp-content\\\/uploads\\\/2022\\\/01\\\/logo-medcof.png\",\"contentUrl\":\"https:\\\/\\\/www.grupomedcof.com.br\\\/blog\\\/wp-content\\\/uploads\\\/2022\\\/01\\\/logo-medcof.png\",\"width\":768,\"height\":269,\"caption\":\"Grupo MedCof\"},\"image\":{\"@id\":\"https:\\\/\\\/www.grupomedcof.com.br\\\/blog\\\/#\\\/schema\\\/logo\\\/image\\\/\"},\"sameAs\":[\"https:\\\/\\\/www.facebook.com\\\/MedCofQbank\\\/\",\"https:\\\/\\\/www.instagram.com\\\/grupomedcof\\\/\",\"https:\\\/\\\/br.linkedin.com\\\/company\\\/medcof\",\"https:\\\/\\\/www.youtube.com\\\/channel\\\/UCdHMuOHKICxcHwecxN8P-AA\"]},{\"@type\":\"Person\",\"@id\":\"https:\\\/\\\/www.grupomedcof.com.br\\\/blog\\\/#\\\/schema\\\/person\\\/9fb2c4e0c5987a2a74b0cd7bfe7d5413\",\"name\":\"Nana N\u00f3brega\",\"pronouns\":\"ele\\\/ela\",\"image\":{\"@type\":\"ImageObject\",\"inLanguage\":\"pt-BR\",\"@id\":\"https:\\\/\\\/www.grupomedcof.com.br\\\/blog\\\/wp-content\\\/uploads\\\/2026\\\/03\\\/cropped-cropped-WhatsApp-Image-2026-03-19-at-09.30.33.jpega4f3600081af811f8cb877d267a26dad\",\"url\":\"https:\\\/\\\/www.grupomedcof.com.br\\\/blog\\\/wp-content\\\/uploads\\\/2026\\\/03\\\/cropped-cropped-WhatsApp-Image-2026-03-19-at-09.30.33.jpeg\",\"contentUrl\":\"https:\\\/\\\/www.grupomedcof.com.br\\\/blog\\\/wp-content\\\/uploads\\\/2026\\\/03\\\/cropped-cropped-WhatsApp-Image-2026-03-19-at-09.30.33.jpeg\",\"caption\":\"Nana N\u00f3brega\"},\"description\":\"Jornalista e linguista. Especialista em acessibilidade para pessoas cegas e com baixa vis\u00e3o.\",\"jobTitle\":\"jornalista\",\"url\":\"https:\\\/\\\/www.grupomedcof.com.br\\\/blog\\\/author\\\/nana\\\/\"}]}<\/script>\n<!-- \/ Yoast SEO Premium plugin. -->","yoast_head_json":{"title":"Concurso Milagres: 154 vagas com sal\u00e1rios de at\u00e9 R$ 10 mil - Blog de Medcof: conte\u00fados, editais, revalida e mais!","description":"Prefeitura de Milagres (CE) abre concurso com 154 vagas + cadastro reserva. Sal\u00e1rios de at\u00e9 R$ 10 mil. Confira cargos e edital!","robots":{"index":"index","follow":"follow","max-snippet":"max-snippet:-1","max-image-preview":"max-image-preview:large","max-video-preview":"max-video-preview:-1"},"canonical":"https:\/\/www.grupomedcof.com.br\/blog\/concurso-milagres\/","og_locale":"pt_BR","og_type":"article","og_title":"Concurso Milagres: 154 vagas com sal\u00e1rios de at\u00e9 R$ 10 mil","og_description":"Prefeitura de Milagres (CE) abre concurso com 154 vagas + cadastro reserva. Sal\u00e1rios de at\u00e9 R$ 10 mil. Confira cargos e edital!","og_url":"https:\/\/www.grupomedcof.com.br\/blog\/concurso-milagres\/","og_site_name":"Blog de Medcof: conte\u00fados, editais, revalida e mais!","article_publisher":"https:\/\/www.facebook.com\/MedCofQbank\/","article_published_time":"2026-04-30T12:14:43+00:00","article_modified_time":"2026-04-30T12:19:18+00:00","og_image":[{"width":1920,"height":1080,"url":"https:\/\/www.grupomedcof.com.br\/blog\/wp-content\/uploads\/2026\/04\/Modelo-instituicoes-34.jpg","type":"image\/jpeg"}],"author":"Nana N\u00f3brega","twitter_card":"summary_large_image","twitter_misc":{"Escrito por":"Nana N\u00f3brega","Est. tempo de leitura":"6 minutos"},"schema":{"@context":"https:\/\/schema.org","@graph":[{"@type":"Article","@id":"https:\/\/www.grupomedcof.com.br\/blog\/concurso-milagres\/#article","isPartOf":{"@id":"https:\/\/www.grupomedcof.com.br\/blog\/concurso-milagres\/"},"author":{"name":"Nana N\u00f3brega","@id":"https:\/\/www.grupomedcof.com.br\/blog\/#\/schema\/person\/9fb2c4e0c5987a2a74b0cd7bfe7d5413"},"headline":"Concurso Milagres: 154 vagas com sal\u00e1rios de at\u00e9 R$ 10 mil","datePublished":"2026-04-30T12:14:43+00:00","dateModified":"2026-04-30T12:19:18+00:00","mainEntityOfPage":{"@id":"https:\/\/www.grupomedcof.com.br\/blog\/concurso-milagres\/"},"wordCount":956,"publisher":{"@id":"https:\/\/www.grupomedcof.com.br\/blog\/#organization"},"image":{"@id":"https:\/\/www.grupomedcof.com.br\/blog\/concurso-milagres\/#primaryimage"},"thumbnailUrl":"https:\/\/www.grupomedcof.com.br\/blog\/wp-content\/uploads\/2026\/04\/Modelo-instituicoes-34.jpg","keywords":["concurso milagres","concurso p\u00fablico","Edital","m\u00e9dico psiquiatra","Provas"],"articleSection":["Atualiza\u00e7\u00f5es","Carreira M\u00e9dica","Concurso P\u00fablico","Editais","Not\u00edcias"],"inLanguage":"pt-BR"},{"@type":"WebPage","@id":"https:\/\/www.grupomedcof.com.br\/blog\/concurso-milagres\/","url":"https:\/\/www.grupomedcof.com.br\/blog\/concurso-milagres\/","name":"Concurso Milagres: 154 vagas com sal\u00e1rios de at\u00e9 R$ 10 mil - Blog de Medcof: conte\u00fados, editais, revalida e mais!","isPartOf":{"@id":"https:\/\/www.grupomedcof.com.br\/blog\/#website"},"primaryImageOfPage":{"@id":"https:\/\/www.grupomedcof.com.br\/blog\/concurso-milagres\/#primaryimage"},"image":{"@id":"https:\/\/www.grupomedcof.com.br\/blog\/concurso-milagres\/#primaryimage"},"thumbnailUrl":"https:\/\/www.grupomedcof.com.br\/blog\/wp-content\/uploads\/2026\/04\/Modelo-instituicoes-34.jpg","datePublished":"2026-04-30T12:14:43+00:00","dateModified":"2026-04-30T12:19:18+00:00","description":"Prefeitura de Milagres (CE) abre concurso com 154 vagas + cadastro reserva. Sal\u00e1rios de at\u00e9 R$ 10 mil. Confira cargos e edital!","breadcrumb":{"@id":"https:\/\/www.grupomedcof.com.br\/blog\/concurso-milagres\/#breadcrumb"},"inLanguage":"pt-BR","potentialAction":[{"@type":"ReadAction","target":["https:\/\/www.grupomedcof.com.br\/blog\/concurso-milagres\/"]}]},{"@type":"ImageObject","inLanguage":"pt-BR","@id":"https:\/\/www.grupomedcof.com.br\/blog\/concurso-milagres\/#primaryimage","url":"https:\/\/www.grupomedcof.com.br\/blog\/wp-content\/uploads\/2026\/04\/Modelo-instituicoes-34.jpg","contentUrl":"https:\/\/www.grupomedcof.com.br\/blog\/wp-content\/uploads\/2026\/04\/Modelo-instituicoes-34.jpg","width":1920,"height":1080,"caption":"concurso milagres"},{"@type":"BreadcrumbList","@id":"https:\/\/www.grupomedcof.com.br\/blog\/concurso-milagres\/#breadcrumb","itemListElement":[{"@type":"ListItem","position":1,"name":"In\u00edcio","item":"https:\/\/www.grupomedcof.com.br\/blog\/"},{"@type":"ListItem","position":2,"name":"Concurso Milagres: 154 vagas com sal\u00e1rios de at\u00e9 R$ 10 mil"}]},{"@type":"WebSite","@id":"https:\/\/www.grupomedcof.com.br\/blog\/#website","url":"https:\/\/www.grupomedcof.com.br\/blog\/","name":"Blog de Medcof: conte\u00fados, editais, revalida e mais!","description":"Acesso o blog de MedCof! Seu portal de conte\u00fados sobre resid\u00eancia m\u00e9dica, an\u00e1lise e editais e muito mais. Clique e confira!","publisher":{"@id":"https:\/\/www.grupomedcof.com.br\/blog\/#organization"},"alternateName":"Blog de Medcof: conte\u00fados, editais, revalida e mais!","potentialAction":[{"@type":"SearchAction","target":{"@type":"EntryPoint","urlTemplate":"https:\/\/www.grupomedcof.com.br\/blog\/?s={search_term_string}"},"query-input":{"@type":"PropertyValueSpecification","valueRequired":true,"valueName":"search_term_string"}}],"inLanguage":"pt-BR"},{"@type":"Organization","@id":"https:\/\/www.grupomedcof.com.br\/blog\/#organization","name":"Grupo MedCof","url":"https:\/\/www.grupomedcof.com.br\/blog\/","logo":{"@type":"ImageObject","inLanguage":"pt-BR","@id":"https:\/\/www.grupomedcof.com.br\/blog\/#\/schema\/logo\/image\/","url":"https:\/\/www.grupomedcof.com.br\/blog\/wp-content\/uploads\/2022\/01\/logo-medcof.png","contentUrl":"https:\/\/www.grupomedcof.com.br\/blog\/wp-content\/uploads\/2022\/01\/logo-medcof.png","width":768,"height":269,"caption":"Grupo MedCof"},"image":{"@id":"https:\/\/www.grupomedcof.com.br\/blog\/#\/schema\/logo\/image\/"},"sameAs":["https:\/\/www.facebook.com\/MedCofQbank\/","https:\/\/www.instagram.com\/grupomedcof\/","https:\/\/br.linkedin.com\/company\/medcof","https:\/\/www.youtube.com\/channel\/UCdHMuOHKICxcHwecxN8P-AA"]},{"@type":"Person","@id":"https:\/\/www.grupomedcof.com.br\/blog\/#\/schema\/person\/9fb2c4e0c5987a2a74b0cd7bfe7d5413","name":"Nana N\u00f3brega","pronouns":"ele\/ela","image":{"@type":"ImageObject","inLanguage":"pt-BR","@id":"https:\/\/www.grupomedcof.com.br\/blog\/wp-content\/uploads\/2026\/03\/cropped-cropped-WhatsApp-Image-2026-03-19-at-09.30.33.jpega4f3600081af811f8cb877d267a26dad","url":"https:\/\/www.grupomedcof.com.br\/blog\/wp-content\/uploads\/2026\/03\/cropped-cropped-WhatsApp-Image-2026-03-19-at-09.30.33.jpeg","contentUrl":"https:\/\/www.grupomedcof.com.br\/blog\/wp-content\/uploads\/2026\/03\/cropped-cropped-WhatsApp-Image-2026-03-19-at-09.30.33.jpeg","caption":"Nana N\u00f3brega"},"description":"Jornalista e linguista. Especialista em acessibilidade para pessoas cegas e com baixa vis\u00e3o.","jobTitle":"jornalista","url":"https:\/\/www.grupomedcof.com.br\/blog\/author\/nana\/"}]}},"authors":[{"term_id":3629,"user_id":41,"is_guest":0,"slug":"nana","display_name":"Nana N\u00f3brega","avatar_url":{"url":"https:\/\/www.grupomedcof.com.br\/blog\/wp-content\/uploads\/2026\/03\/cropped-cropped-WhatsApp-Image-2026-03-19-at-09.30.33.jpeg","url2x":"https:\/\/www.grupomedcof.com.br\/blog\/wp-content\/uploads\/2026\/03\/cropped-cropped-WhatsApp-Image-2026-03-19-at-09.30.33.jpeg"},"0":null,"1":"","2":"","3":"","4":"","5":"","6":"","7":"","8":""}],"_links":{"self":[{"href":"https:\/\/www.grupomedcof.com.br\/blog\/wp-json\/wp\/v2\/posts\/43838","targetHints":{"allow":["GET"]}}],"collection":[{"href":"https:\/\/www.grupomedcof.com.br\/blog\/wp-json\/wp\/v2\/posts"}],"about":[{"href":"https:\/\/www.grupomedcof.com.br\/blog\/wp-json\/wp\/v2\/types\/post"}],"author":[{"embeddable":true,"href":"https:\/\/www.grupomedcof.com.br\/blog\/wp-json\/wp\/v2\/users\/41"}],"replies":[{"embeddable":true,"href":"https:\/\/www.grupomedcof.com.br\/blog\/wp-json\/wp\/v2\/comments?post=43838"}],"version-history":[{"count":4,"href":"https:\/\/www.grupomedcof.com.br\/blog\/wp-json\/wp\/v2\/posts\/43838\/revisions"}],"predecessor-version":[{"id":43847,"href":"https:\/\/www.grupomedcof.com.br\/blog\/wp-json\/wp\/v2\/posts\/43838\/revisions\/43847"}],"wp:featuredmedia":[{"embeddable":true,"href":"https:\/\/www.grupomedcof.com.br\/blog\/wp-json\/wp\/v2\/media\/43841"}],"wp:attachment":[{"href":"https:\/\/www.grupomedcof.com.br\/blog\/wp-json\/wp\/v2\/media?parent=43838"}],"wp:term":[{"taxonomy":"category","embeddable":true,"href":"https:\/\/www.grupomedcof.com.br\/blog\/wp-json\/wp\/v2\/categories?post=43838"},{"taxonomy":"post_tag","embeddable":true,"href":"https:\/\/www.grupomedcof.com.br\/blog\/wp-json\/wp\/v2\/tags?post=43838"},{"taxonomy":"author","embeddable":true,"href":"https:\/\/www.grupomedcof.com.br\/blog\/wp-json\/wp\/v2\/ppma_author?post=43838"}],"curies":[{"name":"wp","href":"https:\/\/api.w.org\/{rel}","templated":true}]}}