{"id":43867,"date":"2026-04-30T14:34:00","date_gmt":"2026-04-30T17:34:00","guid":{"rendered":"https:\/\/www.grupomedcof.com.br\/blog\/?p=43867"},"modified":"2026-04-30T14:36:23","modified_gmt":"2026-04-30T17:36:23","slug":"concurso-camboriu","status":"publish","type":"post","link":"https:\/\/www.grupomedcof.com.br\/blog\/concurso-camboriu\/","title":{"rendered":"Concurso Cambori\u00fa: vagas com sal\u00e1rios de at\u00e9 R$ 15,9 mil"},"content":{"rendered":"<div id=\"ez-toc-container\" class=\"ez-toc-v2_0_74 counter-hierarchy ez-toc-counter ez-toc-transparent ez-toc-container-direction\">\n<div class=\"ez-toc-title-container\">\n<p class=\"ez-toc-title\" style=\"cursor:inherit\">Sum\u00e1rio<\/p>\n<span class=\"ez-toc-title-toggle\"><a href=\"#\" class=\"ez-toc-pull-right ez-toc-btn ez-toc-btn-xs ez-toc-btn-default ez-toc-toggle\" aria-label=\"Alternar tabela de conte\u00fado\"><span class=\"ez-toc-js-icon-con\"><span class=\"\"><span class=\"eztoc-hide\" style=\"display:none;\">Toggle<\/span><span class=\"ez-toc-icon-toggle-span\"><svg style=\"fill: #999;color:#999\" xmlns=\"http:\/\/www.w3.org\/2000\/svg\" class=\"list-377408\" width=\"20px\" height=\"20px\" viewBox=\"0 0 24 24\" fill=\"none\"><path d=\"M6 6H4v2h2V6zm14 0H8v2h12V6zM4 11h2v2H4v-2zm16 0H8v2h12v-2zM4 16h2v2H4v-2zm16 0H8v2h12v-2z\" fill=\"currentColor\"><\/path><\/svg><svg style=\"fill: #999;color:#999\" class=\"arrow-unsorted-368013\" xmlns=\"http:\/\/www.w3.org\/2000\/svg\" width=\"10px\" height=\"10px\" viewBox=\"0 0 24 24\" version=\"1.2\" baseProfile=\"tiny\"><path d=\"M18.2 9.3l-6.2-6.3-6.2 6.3c-.2.2-.3.4-.3.7s.1.5.3.7c.2.2.4.3.7.3h11c.3 0 .5-.1.7-.3.2-.2.3-.5.3-.7s-.1-.5-.3-.7zM5.8 14.7l6.2 6.3 6.2-6.3c.2-.2.3-.5.3-.7s-.1-.5-.3-.7c-.2-.2-.4-.3-.7-.3h-11c-.3 0-.5.1-.7.3-.2.2-.3.5-.3.7s.1.5.3.7z\"\/><\/svg><\/span><\/span><\/span><\/a><\/span><\/div>\n<nav><ul class='ez-toc-list ez-toc-list-level-1 ' ><li class='ez-toc-page-1 ez-toc-heading-level-2'><a class=\"ez-toc-link ez-toc-heading-1\" href=\"https:\/\/www.grupomedcof.com.br\/blog\/concurso-camboriu\/#Quais_sao_as_vagas_disponiveis_no_Concurso_de_Camboriu\" >Quais s\u00e3o as vagas dispon\u00edveis no Concurso de Cambori\u00fa?<\/a><\/li><li class='ez-toc-page-1 ez-toc-heading-level-2'><a class=\"ez-toc-link ez-toc-heading-2\" href=\"https:\/\/www.grupomedcof.com.br\/blog\/concurso-camboriu\/#Como_se_inscrever\" >Como se inscrever?<\/a><ul class='ez-toc-list-level-3' ><li class='ez-toc-heading-level-3'><a class=\"ez-toc-link ez-toc-heading-3\" href=\"https:\/\/www.grupomedcof.com.br\/blog\/concurso-camboriu\/#Valores_das_taxas_de_inscricao\" >Valores das taxas de inscri\u00e7\u00e3o<\/a><\/li><\/ul><\/li><li class='ez-toc-page-1 ez-toc-heading-level-2'><a class=\"ez-toc-link ez-toc-heading-4\" href=\"https:\/\/www.grupomedcof.com.br\/blog\/concurso-camboriu\/#Como_vai_funcionar_o_concurso\" >Como vai funcionar o concurso?<\/a><ul class='ez-toc-list-level-3' ><li class='ez-toc-heading-level-3'><a class=\"ez-toc-link ez-toc-heading-5\" href=\"https:\/\/www.grupomedcof.com.br\/blog\/concurso-camboriu\/#Prova_Objetiva\" >Prova Objetiva<\/a><\/li><li class='ez-toc-page-1 ez-toc-heading-level-3'><a class=\"ez-toc-link ez-toc-heading-6\" href=\"https:\/\/www.grupomedcof.com.br\/blog\/concurso-camboriu\/#Avaliacao_de_Titulos\" >Avalia\u00e7\u00e3o de T\u00edtulos<\/a><\/li><\/ul><\/li><li class='ez-toc-page-1 ez-toc-heading-level-2'><a class=\"ez-toc-link ez-toc-heading-7\" href=\"https:\/\/www.grupomedcof.com.br\/blog\/concurso-camboriu\/#Concurso_Camboriu_Cronograma\" >Concurso Cambori\u00fa: Cronograma<\/a><\/li><li class='ez-toc-page-1 ez-toc-heading-level-2'><a class=\"ez-toc-link ez-toc-heading-8\" href=\"https:\/\/www.grupomedcof.com.br\/blog\/concurso-camboriu\/#Para_saber_mais_confira_o_edital\" >Para saber mais, confira o edital!<\/a><\/li><li class='ez-toc-page-1 ez-toc-heading-level-2'><a class=\"ez-toc-link ez-toc-heading-9\" href=\"https:\/\/www.grupomedcof.com.br\/blog\/concurso-camboriu\/#Garanta_a_maior_condicao_da_historia_do_Grupo_MedCof\" >Garanta a maior condi\u00e7\u00e3o da hist\u00f3ria do Grupo MedCof!\u00a0<\/a><\/li><\/ul><\/nav><\/div>\n\n<figure class=\"wp-block-image size-large\"><img loading=\"lazy\" decoding=\"async\" width=\"1024\" height=\"576\" src=\"https:\/\/www.grupomedcof.com.br\/blog\/wp-content\/uploads\/2026\/04\/Modelo-instituicoes-35-1024x576.jpg\" alt=\"Concurso Cambori\u00fa\" class=\"wp-image-43869\" srcset=\"https:\/\/www.grupomedcof.com.br\/blog\/wp-content\/uploads\/2026\/04\/Modelo-instituicoes-35-1024x576.jpg 1024w, https:\/\/www.grupomedcof.com.br\/blog\/wp-content\/uploads\/2026\/04\/Modelo-instituicoes-35-300x169.jpg 300w, https:\/\/www.grupomedcof.com.br\/blog\/wp-content\/uploads\/2026\/04\/Modelo-instituicoes-35-768x432.jpg 768w, https:\/\/www.grupomedcof.com.br\/blog\/wp-content\/uploads\/2026\/04\/Modelo-instituicoes-35-1536x864.jpg 1536w, https:\/\/www.grupomedcof.com.br\/blog\/wp-content\/uploads\/2026\/04\/Modelo-instituicoes-35-747x420.jpg 747w, https:\/\/www.grupomedcof.com.br\/blog\/wp-content\/uploads\/2026\/04\/Modelo-instituicoes-35-150x84.jpg 150w, https:\/\/www.grupomedcof.com.br\/blog\/wp-content\/uploads\/2026\/04\/Modelo-instituicoes-35-696x392.jpg 696w, https:\/\/www.grupomedcof.com.br\/blog\/wp-content\/uploads\/2026\/04\/Modelo-instituicoes-35-1068x601.jpg 1068w, https:\/\/www.grupomedcof.com.br\/blog\/wp-content\/uploads\/2026\/04\/Modelo-instituicoes-35.jpg 1920w\" sizes=\"auto, (max-width: 1024px) 100vw, 1024px\" \/><\/figure>\n\n\n\n<p>O <strong>Munic\u00edpio de Cambori\u00fa<\/strong>, no litoral de Santa Catarina, publicou o edital n\u00ba 03\/2026, para realiza\u00e7\u00e3o de concurso p\u00fablico destinado ao preenchimento de vagas e forma\u00e7\u00e3o de <strong>cadastro de reserva vinculados \u00e0 \u00e1rea da Sa\u00fade<\/strong>.<\/p>\n\n\n\n<p>O concurso oferece oportunidades para cargos de n\u00edvel fundamental, m\u00e9dio\/t\u00e9cnico e superior, com sal\u00e1rios que chegam a <strong>R$ 15.955,99<\/strong> para M\u00e9dico ESF (40h).<\/p>\n\n\n\n<p>O <strong>Instituto de Desenvolvimento Educacional, Cultural e Assistencial Nacional (IDECAN)<\/strong> organiza o processo seletivo.<\/p>\n\n\n\n<figure class=\"wp-block-image size-large\"><a href=\"https:\/\/www.grupomedcof.com.br\/cofletters\/?clientId=&amp;utm_campaign=newsletter&amp;utm_medium=banner&amp;utm_source=blog&amp;utm_content=inscricao#https:\/\/www.grupomedcof.com.br\/blog\/\"><img loading=\"lazy\" decoding=\"async\" width=\"1024\" height=\"320\" src=\"https:\/\/www.grupomedcof.com.br\/blog\/wp-content\/uploads\/2025\/11\/Banner-MedCof-Plus-2200x460-11-1343x420-1-1024x320.png\" alt=\"\" class=\"wp-image-39227\" srcset=\"https:\/\/www.grupomedcof.com.br\/blog\/wp-content\/uploads\/2025\/11\/Banner-MedCof-Plus-2200x460-11-1343x420-1-1024x320.png 1024w, https:\/\/www.grupomedcof.com.br\/blog\/wp-content\/uploads\/2025\/11\/Banner-MedCof-Plus-2200x460-11-1343x420-1-300x94.png 300w, https:\/\/www.grupomedcof.com.br\/blog\/wp-content\/uploads\/2025\/11\/Banner-MedCof-Plus-2200x460-11-1343x420-1-768x240.png 768w, https:\/\/www.grupomedcof.com.br\/blog\/wp-content\/uploads\/2025\/11\/Banner-MedCof-Plus-2200x460-11-1343x420-1-150x47.png 150w, https:\/\/www.grupomedcof.com.br\/blog\/wp-content\/uploads\/2025\/11\/Banner-MedCof-Plus-2200x460-11-1343x420-1-696x218.png 696w, https:\/\/www.grupomedcof.com.br\/blog\/wp-content\/uploads\/2025\/11\/Banner-MedCof-Plus-2200x460-11-1343x420-1-1068x334.png 1068w, https:\/\/www.grupomedcof.com.br\/blog\/wp-content\/uploads\/2025\/11\/Banner-MedCof-Plus-2200x460-11-1343x420-1.png 1343w\" sizes=\"auto, (max-width: 1024px) 100vw, 1024px\" \/><\/a><\/figure>\n\n\n\n<h2 class=\"wp-block-heading\" id=\"h-quais-sao-as-vagas-disponiveis-no-concurso-de-camboriu\"><span class=\"ez-toc-section\" id=\"Quais_sao_as_vagas_disponiveis_no_Concurso_de_Camboriu\"><\/span><strong>Quais s\u00e3o as vagas dispon\u00edveis no Concurso de Cambori\u00fa?<\/strong><span class=\"ez-toc-section-end\"><\/span><\/h2>\n\n\n\n<p>O edital contempla vagas imediatas e de Cadastro de Reserva (CR) nos seguintes cargos:<\/p>\n\n\n\n<figure class=\"wp-block-table\"><table class=\"has-fixed-layout\"><tbody><tr><td><strong>Cargo<\/strong><\/td><td><strong>Vagas<\/strong><\/td><td><strong>Carga Hor\u00e1ria<\/strong><\/td><td><strong>Sal\u00e1rio Base<\/strong><\/td><\/tr><tr><td>M\u00e9dico ESF<\/td><td>15 + CR<\/td><td>40h<\/td><td>R$ 15.955,99<\/td><\/tr><tr><td>Cirurgi\u00e3o Dentista ESF<\/td><td>10 + CR<\/td><td>40h<\/td><td>R$ 6.382,41<\/td><\/tr><tr><td>Enfermeiro ESF<\/td><td>10 + CR<\/td><td>40h<\/td><td>R$ 4.653,84<\/td><\/tr><tr><td>Agente Comunit\u00e1rio de Sa\u00fade<\/td><td>Vagas por micro\u00e1rea + CR<\/td><td>40h<\/td><td>R$ 3.001,08<\/td><\/tr><tr><td>T\u00e9cnico em Enfermagem ESF<\/td><td>12 + CR<\/td><td>40h<\/td><td>R$ 3.123,84<\/td><\/tr><tr><td>Auxiliar de Consult\u00f3rio Dent\u00e1rio ESF<\/td><td>12 + CR<\/td><td>40h<\/td><td>R$ 2.136,79<\/td><\/tr><tr><td>Motorista ESF<\/td><td>1 + CR<\/td><td>40h<\/td><td>R$ 2.977,42<\/td><\/tr><\/tbody><\/table><\/figure>\n\n\n\n<p>Para o cargo de Agente Comunit\u00e1rio de Sa\u00fade, o <strong>edital distribui as vagas por micro\u00e1reas<\/strong> (Areias, Monte Alegre, Cedro, Centro, Conde, Macacos, Bra\u00e7o, Rio Pequeno, Santa Regina, S\u00e3o Francisco, Tabuleiro e V\u00e1rzea do Ranchinho). <strong>O candidato deve comprovar resid\u00eancia na micro\u00e1rea de atua\u00e7\u00e3o at\u00e9 a data de publica\u00e7\u00e3o do edital.<\/strong><\/p>\n\n\n\n<p>O edital reserva <strong>5% das vagas<\/strong> para Pessoas com Defici\u00eancia (PcD). Os contratos ser\u00e3o regidos pela <strong>CLT<\/strong>, conforme a Lei Municipal n\u00ba 2.442\/2012.<\/p>\n\n\n\n<h2 class=\"wp-block-heading\" id=\"h-como-se-inscrever\"><span class=\"ez-toc-section\" id=\"Como_se_inscrever\"><\/span><strong>Como se inscrever?<\/strong><span class=\"ez-toc-section-end\"><\/span><\/h2>\n\n\n\n<p>As inscri\u00e7\u00f5es devem ser realizadas exclusivamente pelo site <strong>www.idecan.org.br<\/strong>, no per\u00edodo de <strong>09\/04\/2026 a 11\/05\/2026<\/strong>.&nbsp;&nbsp;<\/p>\n\n\n\n<p>Candidatos doadores de sangue (m\u00ednimo de 3 doa\u00e7\u00f5es nos \u00faltimos 12 meses) ou doadores de medula \u00f3ssea cadastrados no REDOME (Registro Nacional de Doadores de Medula \u00d3ssea) podem solicitar <strong>isen\u00e7\u00e3o da taxa<\/strong>, no per\u00edodo de 09 a 10\/04\/2026.<\/p>\n\n\n\n<h3 class=\"wp-block-heading\" id=\"h-valores-das-taxas-de-inscricao\"><span class=\"ez-toc-section\" id=\"Valores_das_taxas_de_inscricao\"><\/span><strong>Valores das taxas de inscri\u00e7\u00e3o<\/strong><span class=\"ez-toc-section-end\"><\/span><\/h3>\n\n\n\n<figure class=\"wp-block-table\"><table class=\"has-fixed-layout\"><tbody><tr><td><strong>N\u00edvel<\/strong><\/td><td><strong>Valor<\/strong><\/td><\/tr><tr><td>N\u00edvel Fundamental<\/td><td>R$ 75,00<\/td><\/tr><tr><td>N\u00edvel M\u00e9dio\/T\u00e9cnico<\/td><td>R$ 85,00<\/td><\/tr><tr><td>N\u00edvel Superior<\/td><td>R$ 99,00<\/td><\/tr><\/tbody><\/table><\/figure>\n\n\n\n<h2 class=\"wp-block-heading\" id=\"h-como-vai-funcionar-o-concurso\"><span class=\"ez-toc-section\" id=\"Como_vai_funcionar_o_concurso\"><\/span><strong>Como vai funcionar o concurso?<\/strong><span class=\"ez-toc-section-end\"><\/span><\/h2>\n\n\n\n<p>O processo seletivo do concurso Cambori\u00fa \u00e9 composto pelas seguintes etapas:<\/p>\n\n\n\n<figure class=\"wp-block-table\"><table class=\"has-fixed-layout\"><tbody><tr><td><strong>Grupo de Cargos<\/strong><\/td><td><strong>Etapas<\/strong><\/td><\/tr><tr><td>Todos os cargos<\/td><td>Prova Objetiva (PO)<\/td><\/tr><tr><td>Cargos de n\u00edvel superior<\/td><td>PO + Avalia\u00e7\u00e3o de T\u00edtulos (AT)<\/td><\/tr><\/tbody><\/table><\/figure>\n\n\n\n<h3 class=\"wp-block-heading\" id=\"h-prova-objetiva\"><span class=\"ez-toc-section\" id=\"Prova_Objetiva\"><\/span><strong>Prova Objetiva<\/strong><span class=\"ez-toc-section-end\"><\/span><\/h3>\n\n\n\n<p>A prova ser\u00e1 realizada em <strong>14\/06\/2026<\/strong>, preferencialmente no munic\u00edpio de Cambori\u00fa, Santa Catarina, se necess\u00e1rio, em cidades vizinhas. A composi\u00e7\u00e3o varia por n\u00edvel:<\/p>\n\n\n\n<ul class=\"wp-block-list\">\n<li><strong>N\u00edvel Fundamental:<\/strong> 40 quest\u00f5es (nota m\u00ednima: 50%)<\/li>\n\n\n\n<li><strong>N\u00edvel M\u00e9dio\/T\u00e9cnico:<\/strong> 50 quest\u00f5es (nota m\u00ednima: 50%)<\/li>\n\n\n\n<li><strong>N\u00edvel Superior:<\/strong> 60 quest\u00f5es (nota m\u00ednima: 50%)<\/li>\n<\/ul>\n\n\n\n<p>Todos os n\u00edveis contemplam L\u00edngua Portuguesa, Conhecimentos Gerais, Racioc\u00ednio L\u00f3gico e, para os cargos de n\u00edvel m\u00e9dio e superior, Conhecimentos Espec\u00edficos.<\/p>\n\n\n\n<h3 class=\"wp-block-heading\" id=\"h-avaliacao-de-titulos\"><span class=\"ez-toc-section\" id=\"Avaliacao_de_Titulos\"><\/span><strong>Avalia\u00e7\u00e3o de T\u00edtulos<\/strong><span class=\"ez-toc-section-end\"><\/span><\/h3>\n\n\n\n<p>De car\u00e1ter exclusivamente classificat\u00f3rio, destinada aos cargos de n\u00edvel superior. A pontua\u00e7\u00e3o m\u00e1xima \u00e9 de <strong>6,0 pontos<\/strong>, conforme tabela abaixo:<\/p>\n\n\n\n<figure class=\"wp-block-table\"><table class=\"has-fixed-layout\"><tbody><tr><td><strong>T\u00edtulo<\/strong><\/td><td><strong>Pontua\u00e7\u00e3o<\/strong><\/td><\/tr><tr><td>Doutorado (stricto sensu) na \u00e1rea do cargo<\/td><td>3,0 pontos<\/td><\/tr><tr><td>Mestrado (stricto sensu) na \u00e1rea do cargo<\/td><td>2,0 pontos<\/td><\/tr><tr><td>Especializa\u00e7\u00e3o (lato sensu, m\u00edn. 360h) na \u00e1rea do cargo<\/td><td>1,0 ponto<\/td><\/tr><\/tbody><\/table><\/figure>\n\n\n\n<p>Al\u00e9m da avalia\u00e7\u00e3o de t\u00edtulos, o concurso tem como requisito habilita\u00e7\u00f5es m\u00ednimas para cada cargo:<\/p>\n\n\n\n<figure class=\"wp-block-table\"><table class=\"has-fixed-layout\"><tbody><tr><td><strong>Cargo<\/strong><\/td><td><strong>Pr\u00e9-requisito<\/strong><\/td><\/tr><tr><td>Auxiliar de Consult\u00f3rio Dent\u00e1rio ESF&nbsp;<\/td><td>Ensino M\u00e9dio Completo +Diploma do curso Auxiliar deSa\u00fade Bucal + RegistroProfissional<\/td><\/tr><tr><td>Cirurgi\u00e3o Dentista ESF&nbsp;<\/td><td>Ensino Superior Completo emOdontologia + Registro no respectivoConselho Profissional<\/td><\/tr><tr><td>Enfermeiro ESF&nbsp;<\/td><td>Ensino Superior Completo emEnfermagem + RegistroProfissional<\/td><\/tr><tr><td>M\u00e9dico ESF&nbsp;<\/td><td>Ensino Superior completo em Medicina + Registro no respectivo Conselho Profissional&nbsp;<\/td><\/tr><tr><td>Motorista ESF&nbsp;<\/td><td>Alfabetizado ou Ensino Fundamentalcompleto + Carteira Nacional deHabilita\u00e7\u00e3o categoria A e B ousuperior<\/td><\/tr><tr><td>T\u00e9cnico em Enfermagem ESF&nbsp;<\/td><td>Ensino M\u00e9dio Completo +Educa\u00e7\u00e3o Profissional emEnfermagem<\/td><\/tr><\/tbody><\/table><\/figure>\n\n\n\n<h2 class=\"wp-block-heading\" id=\"h-concurso-camboriu-cronograma\"><span class=\"ez-toc-section\" id=\"Concurso_Camboriu_Cronograma\"><\/span><strong>Concurso Cambori\u00fa: Cronograma<\/strong><span class=\"ez-toc-section-end\"><\/span><\/h2>\n\n\n\n<figure class=\"wp-block-table\"><table class=\"has-fixed-layout\"><tbody><tr><td><strong>Evento<\/strong><\/td><td><strong>Data<\/strong><\/td><\/tr><tr><td>Publica\u00e7\u00e3o do Edital<\/td><td>09\/04\/2026<\/td><\/tr><tr><td>Per\u00edodo de Inscri\u00e7\u00f5es<\/td><td>09\/04 a 11\/05\/2026<\/td><\/tr><tr><td>Solicita\u00e7\u00e3o de Isen\u00e7\u00e3o<\/td><td>09 e 10\/04\/2026<\/td><\/tr><tr><td>Resultado Definitivo das Isen\u00e7\u00f5es<\/td><td>06\/05\/2026<\/td><\/tr><tr><td>Divulga\u00e7\u00e3o dos Locais de Prova<\/td><td>05\/06\/2026<\/td><\/tr><tr><td><strong>Realiza\u00e7\u00e3o da Prova Objetiva<\/strong><\/td><td><strong>14\/06\/2026<\/strong><\/td><\/tr><tr><td>Gabaritos Preliminares<\/td><td>15\/06\/2026<\/td><\/tr><tr><td>Resultado Definitivo das Provas Objetivas<\/td><td>17\/07\/2026<\/td><\/tr><tr><td>Convoca\u00e7\u00e3o para Prova de T\u00edtulos<\/td><td>20\/07\/2026<\/td><\/tr><tr><td>Prazo para Envio dos T\u00edtulos<\/td><td>21 a 23\/07\/2026<\/td><\/tr><tr><td><strong>Resultado Final<\/strong><\/td><td><strong>21\/08\/2026<\/strong><\/td><\/tr><\/tbody><\/table><\/figure>\n\n\n\n<p>O concurso vale por <strong>2 anos a partir da homologa\u00e7\u00e3o do resultado final<\/strong>, com possibilidade de a Administra\u00e7\u00e3o Municipal prorrogar o prazo por igual per\u00edodo.<\/p>\n\n\n\n<h2 class=\"wp-block-heading\" id=\"h-para-saber-mais-confira-o-edital\"><span class=\"ez-toc-section\" id=\"Para_saber_mais_confira_o_edital\"><\/span><strong>Para saber mais, confira o edital!<\/strong><span class=\"ez-toc-section-end\"><\/span><\/h2>\n\n\n\n<div data-wp-interactive=\"core\/file\" class=\"wp-block-file\"><object data-wp-bind--hidden=\"!state.hasPdfPreview\" hidden class=\"wp-block-file__embed\" data=\"https:\/\/www.grupomedcof.com.br\/blog\/wp-content\/uploads\/2026\/04\/9RRKDBK2GN25S5E50BT80KD0RJ44O5CFSO99U8QRS9EVGJY7KAVCUJ0EKUTR75R1EQOF5YQ6ANKC72FT7145.pdf\" type=\"application\/pdf\" style=\"width:100%;height:600px\" aria-label=\"Incorporado de Edital Cambori\u00fa.\"><\/object><a id=\"wp-block-file--media-ac871858-49b4-45c5-a616-015f885e9460\" href=\"https:\/\/www.grupomedcof.com.br\/blog\/wp-content\/uploads\/2026\/04\/9RRKDBK2GN25S5E50BT80KD0RJ44O5CFSO99U8QRS9EVGJY7KAVCUJ0EKUTR75R1EQOF5YQ6ANKC72FT7145.pdf\">Edital Cambori\u00fa<\/a><a href=\"https:\/\/www.grupomedcof.com.br\/blog\/wp-content\/uploads\/2026\/04\/9RRKDBK2GN25S5E50BT80KD0RJ44O5CFSO99U8QRS9EVGJY7KAVCUJ0EKUTR75R1EQOF5YQ6ANKC72FT7145.pdf\" class=\"wp-block-file__button wp-element-button\" download aria-describedby=\"wp-block-file--media-ac871858-49b4-45c5-a616-015f885e9460\">Baixar<\/a><\/div>\n\n\n\n<h2 class=\"wp-block-heading\" id=\"h-garanta-a-maior-condicao-da-historia-do-grupo-medcof\"><span class=\"ez-toc-section\" id=\"Garanta_a_maior_condicao_da_historia_do_Grupo_MedCof\"><\/span><strong>Garanta a maior condi\u00e7\u00e3o da hist\u00f3ria do Grupo MedCof!\u00a0<\/strong><span class=\"ez-toc-section-end\"><\/span><\/h2>\n\n\n\n<p>A oportunidade que voc\u00ea esperava para <strong>transformar sua carreira m\u00e9dica chegou<\/strong>. Seja para conquistar a vaga na Resid\u00eancia, obter seu T\u00edtulo de Especialista ou revalidar seu diploma no Brasil ou no exterior, o <strong><a href=\"https:\/\/www.grupomedcof.com.br\/blog\/guia-preparatorios-grupo-medcof\/\" type=\"link\" id=\"https:\/\/www.grupomedcof.com.br\/blog\/guia-preparatorios-grupo-medcof\/\">Grupo MedCof oferece a metodologia l\u00edder em aprova\u00e7\u00e3o<\/a> <\/strong>com ferramentas de intelig\u00eancia artificial e suporte de subespecialistas.<\/p>\n\n\n\n<p>Faltam poucas horas para o encerramento da nossa maior a\u00e7\u00e3o de vendas: <strong>todos os preparat\u00f3rios<\/strong> do ecossistema est\u00e3o com <strong>condi\u00e7\u00f5es exclusivas e in\u00e9ditas<\/strong>.&nbsp;<\/p>\n\n\n\n<p>Clique no bot\u00e3o abaixo, fale agora com nosso <strong>time comercial via WhatsApp<\/strong> e garanta seu acesso com desconto especial at\u00e9 o dia 30\/04 \u00e0s 23:59!<\/p>\n\n\n\n<div class=\"wp-block-buttons is-layout-flex wp-block-buttons-is-layout-flex\">\n<div class=\"wp-block-button\"><a class=\"wp-block-button__link wp-element-button\" href=\"https:\/\/api.whatsapp.com\/send\/?phone=551150281610&amp;text=Vim+pelo+Blog+do+Grupo+Medcof+e+quero+saber+a+condi%C3%A7%C3%A3o+especial.&amp;type=phone_number&amp;app_absent=0&amp;utm_campaign=blog-comercial-condicao-especial&amp;utm_source=blog-comercial-condicao-especial\"><strong>QUERO GARANTIR MINHA CONDI\u00c7\u00c3O ESPECIAL<\/strong><\/a><\/div>\n<\/div>\n\n\n\n<figure class=\"wp-block-embed is-type-wp-embed is-provider-blog-de-medcof-conte-dos-editais-revalida-e-mais wp-block-embed-blog-de-medcof-conte-dos-editais-revalida-e-mais\"><div class=\"wp-block-embed__wrapper\">\n<blockquote class=\"wp-embedded-content\" data-secret=\"WhqsZMHsw5\"><a href=\"https:\/\/www.grupomedcof.com.br\/blog\/calendario-de-concursos-publicos-2026\/\">Calend\u00e1rio de Concursos P\u00fablicos 2026<\/a><\/blockquote><iframe loading=\"lazy\" class=\"wp-embedded-content\" sandbox=\"allow-scripts\" security=\"restricted\" style=\"position: absolute; visibility: hidden;\" title=\"&#8220;Calend\u00e1rio de Concursos P\u00fablicos 2026&#8221; &#8212; Blog de Medcof: conte\u00fados, editais, revalida e mais!\" src=\"https:\/\/www.grupomedcof.com.br\/blog\/calendario-de-concursos-publicos-2026\/embed\/#?secret=utXArfyf7x#?secret=WhqsZMHsw5\" data-secret=\"WhqsZMHsw5\" width=\"600\" height=\"338\" frameborder=\"0\" marginwidth=\"0\" marginheight=\"0\" scrolling=\"no\"><\/iframe>\n<\/div><\/figure>\n","protected":false},"excerpt":{"rendered":"<p>O Munic\u00edpio de Cambori\u00fa, no litoral de Santa Catarina, publicou o edital n\u00ba 03\/2026, para realiza\u00e7\u00e3o de concurso p\u00fablico destinado ao preenchimento de vagas e forma\u00e7\u00e3o de cadastro de reserva vinculados \u00e0 \u00e1rea da Sa\u00fade.<\/p>\n","protected":false},"author":41,"featured_media":43869,"comment_status":"closed","ping_status":"closed","sticky":false,"template":"","format":"standard","meta":{"footnotes":""},"categories":[258,55,213,2023,240],"tags":[3746,3645,1568,3747,1452],"ppma_author":[3629],"class_list":{"0":"post-43867","1":"post","2":"type-post","3":"status-publish","4":"format-standard","5":"has-post-thumbnail","7":"category-atualizacoes","8":"category-carreira-medica","9":"category-concurso-publico","10":"category-editais","11":"category-noticias","12":"tag-camboriu","13":"tag-concurso-publico","14":"tag-edital","15":"tag-medico-esf","16":"tag-provas"},"yoast_head":"<!-- This site is optimized with the Yoast SEO Premium plugin v24.3 (Yoast SEO v27.5) - https:\/\/yoast.com\/product\/yoast-seo-premium-wordpress\/ -->\n<title>Concurso Cambori\u00fa: vagas com sal\u00e1rios de at\u00e9 R$ 15,9 mil - Blog de Medcof: conte\u00fados, editais, revalida e mais!<\/title>\n<meta name=\"description\" content=\"Confira o edital do concurso Cambori\u00fa (SC). Vagas para todos os n\u00edveis, com sal\u00e1rios de at\u00e9 R$ 15,9 mil. Inscri\u00e7\u00f5es at\u00e9 11\/05.\" \/>\n<meta name=\"robots\" content=\"index, follow, max-snippet:-1, max-image-preview:large, max-video-preview:-1\" \/>\n<link rel=\"canonical\" href=\"https:\/\/www.grupomedcof.com.br\/blog\/concurso-camboriu\/\" \/>\n<meta property=\"og:locale\" content=\"pt_BR\" \/>\n<meta property=\"og:type\" content=\"article\" \/>\n<meta property=\"og:title\" content=\"Concurso Cambori\u00fa: vagas com sal\u00e1rios de at\u00e9 R$ 15,9 mil\" \/>\n<meta property=\"og:description\" content=\"Confira o edital do concurso Cambori\u00fa (SC). Vagas para todos os n\u00edveis, com sal\u00e1rios de at\u00e9 R$ 15,9 mil. Inscri\u00e7\u00f5es at\u00e9 11\/05.\" \/>\n<meta property=\"og:url\" content=\"https:\/\/www.grupomedcof.com.br\/blog\/concurso-camboriu\/\" \/>\n<meta property=\"og:site_name\" content=\"Blog de Medcof: conte\u00fados, editais, revalida e mais!\" \/>\n<meta property=\"article:publisher\" content=\"https:\/\/www.facebook.com\/MedCofQbank\/\" \/>\n<meta property=\"article:published_time\" content=\"2026-04-30T17:34:00+00:00\" \/>\n<meta property=\"article:modified_time\" content=\"2026-04-30T17:36:23+00:00\" \/>\n<meta property=\"og:image\" content=\"https:\/\/www.grupomedcof.com.br\/blog\/wp-content\/uploads\/2026\/04\/Modelo-instituicoes-35.jpg\" \/>\n\t<meta property=\"og:image:width\" content=\"1920\" \/>\n\t<meta property=\"og:image:height\" content=\"1080\" \/>\n\t<meta property=\"og:image:type\" content=\"image\/jpeg\" \/>\n<meta name=\"author\" content=\"Nana N\u00f3brega\" \/>\n<meta name=\"twitter:card\" content=\"summary_large_image\" \/>\n<meta name=\"twitter:label1\" content=\"Escrito por\" \/>\n\t<meta name=\"twitter:data1\" content=\"Nana N\u00f3brega\" \/>\n\t<meta name=\"twitter:label2\" content=\"Est. tempo de leitura\" \/>\n\t<meta name=\"twitter:data2\" content=\"5 minutos\" \/>\n<script type=\"application\/ld+json\" class=\"yoast-schema-graph\">{\"@context\":\"https:\\\/\\\/schema.org\",\"@graph\":[{\"@type\":\"Article\",\"@id\":\"https:\\\/\\\/www.grupomedcof.com.br\\\/blog\\\/concurso-camboriu\\\/#article\",\"isPartOf\":{\"@id\":\"https:\\\/\\\/www.grupomedcof.com.br\\\/blog\\\/concurso-camboriu\\\/\"},\"author\":{\"name\":\"Nana N\u00f3brega\",\"@id\":\"https:\\\/\\\/www.grupomedcof.com.br\\\/blog\\\/#\\\/schema\\\/person\\\/9fb2c4e0c5987a2a74b0cd7bfe7d5413\"},\"headline\":\"Concurso Cambori\u00fa: vagas com sal\u00e1rios de at\u00e9 R$ 15,9 mil\",\"datePublished\":\"2026-04-30T17:34:00+00:00\",\"dateModified\":\"2026-04-30T17:36:23+00:00\",\"mainEntityOfPage\":{\"@id\":\"https:\\\/\\\/www.grupomedcof.com.br\\\/blog\\\/concurso-camboriu\\\/\"},\"wordCount\":863,\"publisher\":{\"@id\":\"https:\\\/\\\/www.grupomedcof.com.br\\\/blog\\\/#organization\"},\"image\":{\"@id\":\"https:\\\/\\\/www.grupomedcof.com.br\\\/blog\\\/concurso-camboriu\\\/#primaryimage\"},\"thumbnailUrl\":\"https:\\\/\\\/www.grupomedcof.com.br\\\/blog\\\/wp-content\\\/uploads\\\/2026\\\/04\\\/Modelo-instituicoes-35.jpg\",\"keywords\":[\"Cambori\u00fa\",\"concurso p\u00fablico\",\"Edital\",\"m\u00e9dico esf\",\"Provas\"],\"articleSection\":[\"Atualiza\u00e7\u00f5es\",\"Carreira M\u00e9dica\",\"Concurso P\u00fablico\",\"Editais\",\"Not\u00edcias\"],\"inLanguage\":\"pt-BR\"},{\"@type\":\"WebPage\",\"@id\":\"https:\\\/\\\/www.grupomedcof.com.br\\\/blog\\\/concurso-camboriu\\\/\",\"url\":\"https:\\\/\\\/www.grupomedcof.com.br\\\/blog\\\/concurso-camboriu\\\/\",\"name\":\"Concurso Cambori\u00fa: vagas com sal\u00e1rios de at\u00e9 R$ 15,9 mil - Blog de Medcof: conte\u00fados, editais, revalida e mais!\",\"isPartOf\":{\"@id\":\"https:\\\/\\\/www.grupomedcof.com.br\\\/blog\\\/#website\"},\"primaryImageOfPage\":{\"@id\":\"https:\\\/\\\/www.grupomedcof.com.br\\\/blog\\\/concurso-camboriu\\\/#primaryimage\"},\"image\":{\"@id\":\"https:\\\/\\\/www.grupomedcof.com.br\\\/blog\\\/concurso-camboriu\\\/#primaryimage\"},\"thumbnailUrl\":\"https:\\\/\\\/www.grupomedcof.com.br\\\/blog\\\/wp-content\\\/uploads\\\/2026\\\/04\\\/Modelo-instituicoes-35.jpg\",\"datePublished\":\"2026-04-30T17:34:00+00:00\",\"dateModified\":\"2026-04-30T17:36:23+00:00\",\"description\":\"Confira o edital do concurso Cambori\u00fa (SC). Vagas para todos os n\u00edveis, com sal\u00e1rios de at\u00e9 R$ 15,9 mil. Inscri\u00e7\u00f5es at\u00e9 11\\\/05.\",\"breadcrumb\":{\"@id\":\"https:\\\/\\\/www.grupomedcof.com.br\\\/blog\\\/concurso-camboriu\\\/#breadcrumb\"},\"inLanguage\":\"pt-BR\",\"potentialAction\":[{\"@type\":\"ReadAction\",\"target\":[\"https:\\\/\\\/www.grupomedcof.com.br\\\/blog\\\/concurso-camboriu\\\/\"]}]},{\"@type\":\"ImageObject\",\"inLanguage\":\"pt-BR\",\"@id\":\"https:\\\/\\\/www.grupomedcof.com.br\\\/blog\\\/concurso-camboriu\\\/#primaryimage\",\"url\":\"https:\\\/\\\/www.grupomedcof.com.br\\\/blog\\\/wp-content\\\/uploads\\\/2026\\\/04\\\/Modelo-instituicoes-35.jpg\",\"contentUrl\":\"https:\\\/\\\/www.grupomedcof.com.br\\\/blog\\\/wp-content\\\/uploads\\\/2026\\\/04\\\/Modelo-instituicoes-35.jpg\",\"width\":1920,\"height\":1080,\"caption\":\"Concurso Cambori\u00fa\"},{\"@type\":\"BreadcrumbList\",\"@id\":\"https:\\\/\\\/www.grupomedcof.com.br\\\/blog\\\/concurso-camboriu\\\/#breadcrumb\",\"itemListElement\":[{\"@type\":\"ListItem\",\"position\":1,\"name\":\"In\u00edcio\",\"item\":\"https:\\\/\\\/www.grupomedcof.com.br\\\/blog\\\/\"},{\"@type\":\"ListItem\",\"position\":2,\"name\":\"Concurso Cambori\u00fa: vagas com sal\u00e1rios de at\u00e9 R$ 15,9 mil\"}]},{\"@type\":\"WebSite\",\"@id\":\"https:\\\/\\\/www.grupomedcof.com.br\\\/blog\\\/#website\",\"url\":\"https:\\\/\\\/www.grupomedcof.com.br\\\/blog\\\/\",\"name\":\"Blog de Medcof: conte\u00fados, editais, revalida e mais!\",\"description\":\"Acesso o blog de MedCof! Seu portal de conte\u00fados sobre resid\u00eancia m\u00e9dica, an\u00e1lise e editais e muito mais. Clique e confira!\",\"publisher\":{\"@id\":\"https:\\\/\\\/www.grupomedcof.com.br\\\/blog\\\/#organization\"},\"alternateName\":\"Blog de Medcof: conte\u00fados, editais, revalida e mais!\",\"potentialAction\":[{\"@type\":\"SearchAction\",\"target\":{\"@type\":\"EntryPoint\",\"urlTemplate\":\"https:\\\/\\\/www.grupomedcof.com.br\\\/blog\\\/?s={search_term_string}\"},\"query-input\":{\"@type\":\"PropertyValueSpecification\",\"valueRequired\":true,\"valueName\":\"search_term_string\"}}],\"inLanguage\":\"pt-BR\"},{\"@type\":\"Organization\",\"@id\":\"https:\\\/\\\/www.grupomedcof.com.br\\\/blog\\\/#organization\",\"name\":\"Grupo MedCof\",\"url\":\"https:\\\/\\\/www.grupomedcof.com.br\\\/blog\\\/\",\"logo\":{\"@type\":\"ImageObject\",\"inLanguage\":\"pt-BR\",\"@id\":\"https:\\\/\\\/www.grupomedcof.com.br\\\/blog\\\/#\\\/schema\\\/logo\\\/image\\\/\",\"url\":\"https:\\\/\\\/www.grupomedcof.com.br\\\/blog\\\/wp-content\\\/uploads\\\/2022\\\/01\\\/logo-medcof.png\",\"contentUrl\":\"https:\\\/\\\/www.grupomedcof.com.br\\\/blog\\\/wp-content\\\/uploads\\\/2022\\\/01\\\/logo-medcof.png\",\"width\":768,\"height\":269,\"caption\":\"Grupo MedCof\"},\"image\":{\"@id\":\"https:\\\/\\\/www.grupomedcof.com.br\\\/blog\\\/#\\\/schema\\\/logo\\\/image\\\/\"},\"sameAs\":[\"https:\\\/\\\/www.facebook.com\\\/MedCofQbank\\\/\",\"https:\\\/\\\/www.instagram.com\\\/grupomedcof\\\/\",\"https:\\\/\\\/br.linkedin.com\\\/company\\\/medcof\",\"https:\\\/\\\/www.youtube.com\\\/channel\\\/UCdHMuOHKICxcHwecxN8P-AA\"]},{\"@type\":\"Person\",\"@id\":\"https:\\\/\\\/www.grupomedcof.com.br\\\/blog\\\/#\\\/schema\\\/person\\\/9fb2c4e0c5987a2a74b0cd7bfe7d5413\",\"name\":\"Nana N\u00f3brega\",\"pronouns\":\"ele\\\/ela\",\"image\":{\"@type\":\"ImageObject\",\"inLanguage\":\"pt-BR\",\"@id\":\"https:\\\/\\\/www.grupomedcof.com.br\\\/blog\\\/wp-content\\\/uploads\\\/2026\\\/03\\\/cropped-cropped-WhatsApp-Image-2026-03-19-at-09.30.33.jpega4f3600081af811f8cb877d267a26dad\",\"url\":\"https:\\\/\\\/www.grupomedcof.com.br\\\/blog\\\/wp-content\\\/uploads\\\/2026\\\/03\\\/cropped-cropped-WhatsApp-Image-2026-03-19-at-09.30.33.jpeg\",\"contentUrl\":\"https:\\\/\\\/www.grupomedcof.com.br\\\/blog\\\/wp-content\\\/uploads\\\/2026\\\/03\\\/cropped-cropped-WhatsApp-Image-2026-03-19-at-09.30.33.jpeg\",\"caption\":\"Nana N\u00f3brega\"},\"description\":\"Jornalista e linguista. Especialista em acessibilidade para pessoas cegas e com baixa vis\u00e3o.\",\"jobTitle\":\"jornalista\",\"url\":\"https:\\\/\\\/www.grupomedcof.com.br\\\/blog\\\/author\\\/nana\\\/\"}]}<\/script>\n<!-- \/ Yoast SEO Premium plugin. -->","yoast_head_json":{"title":"Concurso Cambori\u00fa: vagas com sal\u00e1rios de at\u00e9 R$ 15,9 mil - Blog de Medcof: conte\u00fados, editais, revalida e mais!","description":"Confira o edital do concurso Cambori\u00fa (SC). Vagas para todos os n\u00edveis, com sal\u00e1rios de at\u00e9 R$ 15,9 mil. Inscri\u00e7\u00f5es at\u00e9 11\/05.","robots":{"index":"index","follow":"follow","max-snippet":"max-snippet:-1","max-image-preview":"max-image-preview:large","max-video-preview":"max-video-preview:-1"},"canonical":"https:\/\/www.grupomedcof.com.br\/blog\/concurso-camboriu\/","og_locale":"pt_BR","og_type":"article","og_title":"Concurso Cambori\u00fa: vagas com sal\u00e1rios de at\u00e9 R$ 15,9 mil","og_description":"Confira o edital do concurso Cambori\u00fa (SC). Vagas para todos os n\u00edveis, com sal\u00e1rios de at\u00e9 R$ 15,9 mil. Inscri\u00e7\u00f5es at\u00e9 11\/05.","og_url":"https:\/\/www.grupomedcof.com.br\/blog\/concurso-camboriu\/","og_site_name":"Blog de Medcof: conte\u00fados, editais, revalida e mais!","article_publisher":"https:\/\/www.facebook.com\/MedCofQbank\/","article_published_time":"2026-04-30T17:34:00+00:00","article_modified_time":"2026-04-30T17:36:23+00:00","og_image":[{"width":1920,"height":1080,"url":"https:\/\/www.grupomedcof.com.br\/blog\/wp-content\/uploads\/2026\/04\/Modelo-instituicoes-35.jpg","type":"image\/jpeg"}],"author":"Nana N\u00f3brega","twitter_card":"summary_large_image","twitter_misc":{"Escrito por":"Nana N\u00f3brega","Est. tempo de leitura":"5 minutos"},"schema":{"@context":"https:\/\/schema.org","@graph":[{"@type":"Article","@id":"https:\/\/www.grupomedcof.com.br\/blog\/concurso-camboriu\/#article","isPartOf":{"@id":"https:\/\/www.grupomedcof.com.br\/blog\/concurso-camboriu\/"},"author":{"name":"Nana N\u00f3brega","@id":"https:\/\/www.grupomedcof.com.br\/blog\/#\/schema\/person\/9fb2c4e0c5987a2a74b0cd7bfe7d5413"},"headline":"Concurso Cambori\u00fa: vagas com sal\u00e1rios de at\u00e9 R$ 15,9 mil","datePublished":"2026-04-30T17:34:00+00:00","dateModified":"2026-04-30T17:36:23+00:00","mainEntityOfPage":{"@id":"https:\/\/www.grupomedcof.com.br\/blog\/concurso-camboriu\/"},"wordCount":863,"publisher":{"@id":"https:\/\/www.grupomedcof.com.br\/blog\/#organization"},"image":{"@id":"https:\/\/www.grupomedcof.com.br\/blog\/concurso-camboriu\/#primaryimage"},"thumbnailUrl":"https:\/\/www.grupomedcof.com.br\/blog\/wp-content\/uploads\/2026\/04\/Modelo-instituicoes-35.jpg","keywords":["Cambori\u00fa","concurso p\u00fablico","Edital","m\u00e9dico esf","Provas"],"articleSection":["Atualiza\u00e7\u00f5es","Carreira M\u00e9dica","Concurso P\u00fablico","Editais","Not\u00edcias"],"inLanguage":"pt-BR"},{"@type":"WebPage","@id":"https:\/\/www.grupomedcof.com.br\/blog\/concurso-camboriu\/","url":"https:\/\/www.grupomedcof.com.br\/blog\/concurso-camboriu\/","name":"Concurso Cambori\u00fa: vagas com sal\u00e1rios de at\u00e9 R$ 15,9 mil - Blog de Medcof: conte\u00fados, editais, revalida e mais!","isPartOf":{"@id":"https:\/\/www.grupomedcof.com.br\/blog\/#website"},"primaryImageOfPage":{"@id":"https:\/\/www.grupomedcof.com.br\/blog\/concurso-camboriu\/#primaryimage"},"image":{"@id":"https:\/\/www.grupomedcof.com.br\/blog\/concurso-camboriu\/#primaryimage"},"thumbnailUrl":"https:\/\/www.grupomedcof.com.br\/blog\/wp-content\/uploads\/2026\/04\/Modelo-instituicoes-35.jpg","datePublished":"2026-04-30T17:34:00+00:00","dateModified":"2026-04-30T17:36:23+00:00","description":"Confira o edital do concurso Cambori\u00fa (SC). Vagas para todos os n\u00edveis, com sal\u00e1rios de at\u00e9 R$ 15,9 mil. Inscri\u00e7\u00f5es at\u00e9 11\/05.","breadcrumb":{"@id":"https:\/\/www.grupomedcof.com.br\/blog\/concurso-camboriu\/#breadcrumb"},"inLanguage":"pt-BR","potentialAction":[{"@type":"ReadAction","target":["https:\/\/www.grupomedcof.com.br\/blog\/concurso-camboriu\/"]}]},{"@type":"ImageObject","inLanguage":"pt-BR","@id":"https:\/\/www.grupomedcof.com.br\/blog\/concurso-camboriu\/#primaryimage","url":"https:\/\/www.grupomedcof.com.br\/blog\/wp-content\/uploads\/2026\/04\/Modelo-instituicoes-35.jpg","contentUrl":"https:\/\/www.grupomedcof.com.br\/blog\/wp-content\/uploads\/2026\/04\/Modelo-instituicoes-35.jpg","width":1920,"height":1080,"caption":"Concurso Cambori\u00fa"},{"@type":"BreadcrumbList","@id":"https:\/\/www.grupomedcof.com.br\/blog\/concurso-camboriu\/#breadcrumb","itemListElement":[{"@type":"ListItem","position":1,"name":"In\u00edcio","item":"https:\/\/www.grupomedcof.com.br\/blog\/"},{"@type":"ListItem","position":2,"name":"Concurso Cambori\u00fa: vagas com sal\u00e1rios de at\u00e9 R$ 15,9 mil"}]},{"@type":"WebSite","@id":"https:\/\/www.grupomedcof.com.br\/blog\/#website","url":"https:\/\/www.grupomedcof.com.br\/blog\/","name":"Blog de Medcof: conte\u00fados, editais, revalida e mais!","description":"Acesso o blog de MedCof! Seu portal de conte\u00fados sobre resid\u00eancia m\u00e9dica, an\u00e1lise e editais e muito mais. Clique e confira!","publisher":{"@id":"https:\/\/www.grupomedcof.com.br\/blog\/#organization"},"alternateName":"Blog de Medcof: conte\u00fados, editais, revalida e mais!","potentialAction":[{"@type":"SearchAction","target":{"@type":"EntryPoint","urlTemplate":"https:\/\/www.grupomedcof.com.br\/blog\/?s={search_term_string}"},"query-input":{"@type":"PropertyValueSpecification","valueRequired":true,"valueName":"search_term_string"}}],"inLanguage":"pt-BR"},{"@type":"Organization","@id":"https:\/\/www.grupomedcof.com.br\/blog\/#organization","name":"Grupo MedCof","url":"https:\/\/www.grupomedcof.com.br\/blog\/","logo":{"@type":"ImageObject","inLanguage":"pt-BR","@id":"https:\/\/www.grupomedcof.com.br\/blog\/#\/schema\/logo\/image\/","url":"https:\/\/www.grupomedcof.com.br\/blog\/wp-content\/uploads\/2022\/01\/logo-medcof.png","contentUrl":"https:\/\/www.grupomedcof.com.br\/blog\/wp-content\/uploads\/2022\/01\/logo-medcof.png","width":768,"height":269,"caption":"Grupo MedCof"},"image":{"@id":"https:\/\/www.grupomedcof.com.br\/blog\/#\/schema\/logo\/image\/"},"sameAs":["https:\/\/www.facebook.com\/MedCofQbank\/","https:\/\/www.instagram.com\/grupomedcof\/","https:\/\/br.linkedin.com\/company\/medcof","https:\/\/www.youtube.com\/channel\/UCdHMuOHKICxcHwecxN8P-AA"]},{"@type":"Person","@id":"https:\/\/www.grupomedcof.com.br\/blog\/#\/schema\/person\/9fb2c4e0c5987a2a74b0cd7bfe7d5413","name":"Nana N\u00f3brega","pronouns":"ele\/ela","image":{"@type":"ImageObject","inLanguage":"pt-BR","@id":"https:\/\/www.grupomedcof.com.br\/blog\/wp-content\/uploads\/2026\/03\/cropped-cropped-WhatsApp-Image-2026-03-19-at-09.30.33.jpega4f3600081af811f8cb877d267a26dad","url":"https:\/\/www.grupomedcof.com.br\/blog\/wp-content\/uploads\/2026\/03\/cropped-cropped-WhatsApp-Image-2026-03-19-at-09.30.33.jpeg","contentUrl":"https:\/\/www.grupomedcof.com.br\/blog\/wp-content\/uploads\/2026\/03\/cropped-cropped-WhatsApp-Image-2026-03-19-at-09.30.33.jpeg","caption":"Nana N\u00f3brega"},"description":"Jornalista e linguista. Especialista em acessibilidade para pessoas cegas e com baixa vis\u00e3o.","jobTitle":"jornalista","url":"https:\/\/www.grupomedcof.com.br\/blog\/author\/nana\/"}]}},"authors":[{"term_id":3629,"user_id":41,"is_guest":0,"slug":"nana","display_name":"Nana N\u00f3brega","avatar_url":{"url":"https:\/\/www.grupomedcof.com.br\/blog\/wp-content\/uploads\/2026\/03\/cropped-cropped-WhatsApp-Image-2026-03-19-at-09.30.33.jpeg","url2x":"https:\/\/www.grupomedcof.com.br\/blog\/wp-content\/uploads\/2026\/03\/cropped-cropped-WhatsApp-Image-2026-03-19-at-09.30.33.jpeg"},"0":null,"1":"","2":"","3":"","4":"","5":"","6":"","7":"","8":""}],"_links":{"self":[{"href":"https:\/\/www.grupomedcof.com.br\/blog\/wp-json\/wp\/v2\/posts\/43867","targetHints":{"allow":["GET"]}}],"collection":[{"href":"https:\/\/www.grupomedcof.com.br\/blog\/wp-json\/wp\/v2\/posts"}],"about":[{"href":"https:\/\/www.grupomedcof.com.br\/blog\/wp-json\/wp\/v2\/types\/post"}],"author":[{"embeddable":true,"href":"https:\/\/www.grupomedcof.com.br\/blog\/wp-json\/wp\/v2\/users\/41"}],"replies":[{"embeddable":true,"href":"https:\/\/www.grupomedcof.com.br\/blog\/wp-json\/wp\/v2\/comments?post=43867"}],"version-history":[{"count":3,"href":"https:\/\/www.grupomedcof.com.br\/blog\/wp-json\/wp\/v2\/posts\/43867\/revisions"}],"predecessor-version":[{"id":43873,"href":"https:\/\/www.grupomedcof.com.br\/blog\/wp-json\/wp\/v2\/posts\/43867\/revisions\/43873"}],"wp:featuredmedia":[{"embeddable":true,"href":"https:\/\/www.grupomedcof.com.br\/blog\/wp-json\/wp\/v2\/media\/43869"}],"wp:attachment":[{"href":"https:\/\/www.grupomedcof.com.br\/blog\/wp-json\/wp\/v2\/media?parent=43867"}],"wp:term":[{"taxonomy":"category","embeddable":true,"href":"https:\/\/www.grupomedcof.com.br\/blog\/wp-json\/wp\/v2\/categories?post=43867"},{"taxonomy":"post_tag","embeddable":true,"href":"https:\/\/www.grupomedcof.com.br\/blog\/wp-json\/wp\/v2\/tags?post=43867"},{"taxonomy":"author","embeddable":true,"href":"https:\/\/www.grupomedcof.com.br\/blog\/wp-json\/wp\/v2\/ppma_author?post=43867"}],"curies":[{"name":"wp","href":"https:\/\/api.w.org\/{rel}","templated":true}]}}