{"id":4817,"date":"2025-09-08T08:58:56","date_gmt":"2025-09-08T11:58:56","guid":{"rendered":"https:\/\/www.grupomedcof.com.br\/blog\/?p=4817"},"modified":"2025-09-08T09:01:01","modified_gmt":"2025-09-08T12:01:01","slug":"residencia-medica-psu-go","status":"publish","type":"post","link":"https:\/\/www.grupomedcof.com.br\/blog\/residencia-medica-psu-go\/","title":{"rendered":"Resid\u00eancia M\u00e9dica PSU-GO 2026: edital, vagas, cronogramas e mais!"},"content":{"rendered":"<div id=\"ez-toc-container\" class=\"ez-toc-v2_0_74 counter-hierarchy ez-toc-counter ez-toc-transparent ez-toc-container-direction\">\n<div class=\"ez-toc-title-container\">\n<p class=\"ez-toc-title\" style=\"cursor:inherit\">Sum\u00e1rio<\/p>\n<span class=\"ez-toc-title-toggle\"><a href=\"#\" class=\"ez-toc-pull-right ez-toc-btn ez-toc-btn-xs ez-toc-btn-default ez-toc-toggle\" aria-label=\"Alternar tabela de conte\u00fado\"><span class=\"ez-toc-js-icon-con\"><span class=\"\"><span class=\"eztoc-hide\" style=\"display:none;\">Toggle<\/span><span class=\"ez-toc-icon-toggle-span\"><svg style=\"fill: #999;color:#999\" xmlns=\"http:\/\/www.w3.org\/2000\/svg\" class=\"list-377408\" width=\"20px\" height=\"20px\" viewBox=\"0 0 24 24\" fill=\"none\"><path d=\"M6 6H4v2h2V6zm14 0H8v2h12V6zM4 11h2v2H4v-2zm16 0H8v2h12v-2zM4 16h2v2H4v-2zm16 0H8v2h12v-2z\" fill=\"currentColor\"><\/path><\/svg><svg style=\"fill: #999;color:#999\" class=\"arrow-unsorted-368013\" xmlns=\"http:\/\/www.w3.org\/2000\/svg\" width=\"10px\" height=\"10px\" viewBox=\"0 0 24 24\" version=\"1.2\" baseProfile=\"tiny\"><path d=\"M18.2 9.3l-6.2-6.3-6.2 6.3c-.2.2-.3.4-.3.7s.1.5.3.7c.2.2.4.3.7.3h11c.3 0 .5-.1.7-.3.2-.2.3-.5.3-.7s-.1-.5-.3-.7zM5.8 14.7l6.2 6.3 6.2-6.3c.2-.2.3-.5.3-.7s-.1-.5-.3-.7c-.2-.2-.4-.3-.7-.3h-11c-.3 0-.5.1-.7.3-.2.2-.3.5-.3.7s.1.5.3.7z\"\/><\/svg><\/span><\/span><\/span><\/a><\/span><\/div>\n<nav><ul class='ez-toc-list ez-toc-list-level-1 ' ><li class='ez-toc-page-1 ez-toc-heading-level-2'><a class=\"ez-toc-link ez-toc-heading-1\" href=\"https:\/\/www.grupomedcof.com.br\/blog\/residencia-medica-psu-go\/#Sobre_o_processo_seletivo_unificado_de_goias_PSU-GO\" >Sobre o processo seletivo unificado de goi\u00e1s (PSU-GO)<\/a><\/li><li class='ez-toc-page-1 ez-toc-heading-level-2'><a class=\"ez-toc-link ez-toc-heading-2\" href=\"https:\/\/www.grupomedcof.com.br\/blog\/residencia-medica-psu-go\/#Criterios_de_selecao_e_etapas\" >Crit\u00e9rios de sele\u00e7\u00e3o e etapas<\/a><ul class='ez-toc-list-level-3' ><li class='ez-toc-heading-level-3'><a class=\"ez-toc-link ez-toc-heading-3\" href=\"https:\/\/www.grupomedcof.com.br\/blog\/residencia-medica-psu-go\/#Inscricoes\" >Inscri\u00e7\u00f5es<\/a><\/li><li class='ez-toc-page-1 ez-toc-heading-level-3'><a class=\"ez-toc-link ez-toc-heading-4\" href=\"https:\/\/www.grupomedcof.com.br\/blog\/residencia-medica-psu-go\/#Prova_objetiva\" >Prova objetiva<\/a><\/li><li class='ez-toc-page-1 ez-toc-heading-level-3'><a class=\"ez-toc-link ez-toc-heading-5\" href=\"https:\/\/www.grupomedcof.com.br\/blog\/residencia-medica-psu-go\/#Analise_curricular\" >An\u00e1lise curricular<\/a><\/li><\/ul><\/li><li class='ez-toc-page-1 ez-toc-heading-level-2'><a class=\"ez-toc-link ez-toc-heading-6\" href=\"https:\/\/www.grupomedcof.com.br\/blog\/residencia-medica-psu-go\/#Vagas_PSU-GO_20252026\" >Vagas PSU-GO 2025\/2026<\/a><ul class='ez-toc-list-level-3' ><li class='ez-toc-heading-level-3'><a class=\"ez-toc-link ez-toc-heading-7\" href=\"https:\/\/www.grupomedcof.com.br\/blog\/residencia-medica-psu-go\/#Acesso_Direto\" >Acesso Direto<\/a><\/li><li class='ez-toc-page-1 ez-toc-heading-level-3'><a class=\"ez-toc-link ez-toc-heading-8\" href=\"https:\/\/www.grupomedcof.com.br\/blog\/residencia-medica-psu-go\/#Pre-Requisito\" >Pr\u00e9-Requisito<\/a><\/li><\/ul><\/li><li class='ez-toc-page-1 ez-toc-heading-level-2'><a class=\"ez-toc-link ez-toc-heading-9\" href=\"https:\/\/www.grupomedcof.com.br\/blog\/residencia-medica-psu-go\/#Instituicoes_participantes\" >Institui\u00e7\u00f5es participantes<\/a><\/li><li class='ez-toc-page-1 ez-toc-heading-level-2'><a class=\"ez-toc-link ez-toc-heading-10\" href=\"https:\/\/www.grupomedcof.com.br\/blog\/residencia-medica-psu-go\/#Relacao_CandidatoVaga_e_Concorrencia_PSU-GO\" >Rela\u00e7\u00e3o Candidato\/Vaga e Concorr\u00eancia&nbsp;PSU-GO<\/a><\/li><li class='ez-toc-page-1 ez-toc-heading-level-2'><a class=\"ez-toc-link ez-toc-heading-11\" href=\"https:\/\/www.grupomedcof.com.br\/blog\/residencia-medica-psu-go\/#Cronograma_PSU-GO_20252026\" >Cronograma PSU-GO 2025\/2026<\/a><\/li><li class='ez-toc-page-1 ez-toc-heading-level-2'><a class=\"ez-toc-link ez-toc-heading-12\" href=\"https:\/\/www.grupomedcof.com.br\/blog\/residencia-medica-psu-go\/#Resultado_da_1a_etapa\" >Resultado da 1\u00aa etapa<\/a><\/li><li class='ez-toc-page-1 ez-toc-heading-level-2'><a class=\"ez-toc-link ez-toc-heading-13\" href=\"https:\/\/www.grupomedcof.com.br\/blog\/residencia-medica-psu-go\/#Resultado_Preliminar_Analise_Curricular\" >Resultado Preliminar An\u00e1lise Curricular<\/a><\/li><li class='ez-toc-page-1 ez-toc-heading-level-2'><a class=\"ez-toc-link ez-toc-heading-14\" href=\"https:\/\/www.grupomedcof.com.br\/blog\/residencia-medica-psu-go\/#Nota_Final_e_Convocacao_para_matriculas\" >Nota Final e Convoca\u00e7\u00e3o para matr\u00edculas<\/a><\/li><li class='ez-toc-page-1 ez-toc-heading-level-2'><a class=\"ez-toc-link ez-toc-heading-15\" href=\"https:\/\/www.grupomedcof.com.br\/blog\/residencia-medica-psu-go\/#Seja_aprovado_no_PSU-GO_2026\" >Seja aprovado no PSU-GO 2026!<\/a><\/li><\/ul><\/nav><\/div>\n\n<figure class=\"wp-block-image size-large\"><img loading=\"lazy\" decoding=\"async\" width=\"1024\" height=\"576\" src=\"https:\/\/www.grupomedcof.com.br\/blog\/wp-content\/uploads\/2023\/03\/Modelo-instituicoes-48-1024x576.jpg\" alt=\"\" class=\"wp-image-32477\" srcset=\"https:\/\/www.grupomedcof.com.br\/blog\/wp-content\/uploads\/2023\/03\/Modelo-instituicoes-48-1024x576.jpg 1024w, https:\/\/www.grupomedcof.com.br\/blog\/wp-content\/uploads\/2023\/03\/Modelo-instituicoes-48-300x169.jpg 300w, https:\/\/www.grupomedcof.com.br\/blog\/wp-content\/uploads\/2023\/03\/Modelo-instituicoes-48-768x432.jpg 768w, https:\/\/www.grupomedcof.com.br\/blog\/wp-content\/uploads\/2023\/03\/Modelo-instituicoes-48-1536x864.jpg 1536w, https:\/\/www.grupomedcof.com.br\/blog\/wp-content\/uploads\/2023\/03\/Modelo-instituicoes-48-2048x1152.jpg 2048w, https:\/\/www.grupomedcof.com.br\/blog\/wp-content\/uploads\/2023\/03\/Modelo-instituicoes-48-747x420.jpg 747w, https:\/\/www.grupomedcof.com.br\/blog\/wp-content\/uploads\/2023\/03\/Modelo-instituicoes-48-150x84.jpg 150w, https:\/\/www.grupomedcof.com.br\/blog\/wp-content\/uploads\/2023\/03\/Modelo-instituicoes-48-696x392.jpg 696w, https:\/\/www.grupomedcof.com.br\/blog\/wp-content\/uploads\/2023\/03\/Modelo-instituicoes-48-1068x601.jpg 1068w, https:\/\/www.grupomedcof.com.br\/blog\/wp-content\/uploads\/2023\/03\/Modelo-instituicoes-48-1920x1080.jpg 1920w\" sizes=\"auto, (max-width: 1024px) 100vw, 1024px\" \/><\/figure>\n\n\n\n<p>Confira agora todas as informa\u00e7\u00f5es sobre o Processo Seletivo Unificado de Goi\u00e1s de&nbsp;2025!<\/p>\n\n\n\n<h2 class=\"wp-block-heading\" id=\"sobre-o-processo-seletivo-unificado-de-goi\u00e1s-psu-go\"><span class=\"ez-toc-section\" id=\"Sobre_o_processo_seletivo_unificado_de_goias_PSU-GO\"><\/span><strong>Sobre o processo seletivo unificado de goi\u00e1s (PSU-GO)<\/strong><span class=\"ez-toc-section-end\"><\/span><\/h2>\n\n\n\n<p>O\u00a0<strong>PSU-GO<\/strong>\u00a0\u00e9 um processo seletivo que une diversas institui\u00e7\u00f5es do estado, <a href=\"https:\/\/www.grupomedcof.com.br\/blog\/edital-psu-go-publicado\/\" target=\"_blank\" rel=\"noreferrer noopener\">nesta edi\u00e7\u00e3o<\/a>, o processo contou com\u00a0<strong>20 institui\u00e7\u00f5es<\/strong>\u00a0ofertando um total de\u00a0<strong>270 vagas<\/strong>.<\/p>\n\n\n\n<h2 class=\"wp-block-heading\" id=\"crit\u00e9rios-de-sele\u00e7\u00e3o-e-etapas\"><span class=\"ez-toc-section\" id=\"Criterios_de_selecao_e_etapas\"><\/span><strong>Crit\u00e9rios de sele\u00e7\u00e3o e etapas<\/strong><span class=\"ez-toc-section-end\"><\/span><\/h2>\n\n\n\n<p>As vagas do Processo Seletivo Unificado est\u00e3o divididas entre os programas com&nbsp;<strong>acesso direto<\/strong>,&nbsp;<strong>pr\u00e9-requisito<\/strong>,&nbsp;<strong>anos adicionais<\/strong>&nbsp;e&nbsp;<strong>\u00e1reas de atua\u00e7\u00e3o<\/strong>.<\/p>\n\n\n\n<h3 class=\"wp-block-heading\" id=\"h-inscricoes\"><span class=\"ez-toc-section\" id=\"Inscricoes\"><\/span><strong>Inscri\u00e7\u00f5es<\/strong><span class=\"ez-toc-section-end\"><\/span><\/h3>\n\n\n\n<p>As <a href=\"https:\/\/www.grupomedcof.com.br\/blog\/inscricoes-do-psu-go-2024-2025-sao-prorrogadas\/\" target=\"_blank\" rel=\"noreferrer noopener\">inscri\u00e7\u00f5es<\/a> para o processo inicialmente acontecer\u00e3o no per\u00edodo de\u00a0<strong>22 de setembro e 13 de outubro de 2025<\/strong>, com a taxa estabelecida em <strong>R$510,00<\/strong>\u00a0por programa de resid\u00eancia m\u00e9dica.<\/p>\n\n\n\n<h3 class=\"wp-block-heading\" id=\"prova-objetiva\"><span class=\"ez-toc-section\" id=\"Prova_objetiva\"><\/span><strong>Prova objetiva<\/strong><span class=\"ez-toc-section-end\"><\/span><\/h3>\n\n\n\n<p>A prova objetiva ocorrer\u00e1 no dia\u00a0<strong><strong>23 de novembro de 2025<\/strong><\/strong>, em Goi\u00e2nia \u2013 GO e Belo Horizonte.<\/p>\n\n\n\n<p>Para se preparar, veja nossos post de&nbsp;<a href=\"https:\/\/www.grupomedcof.com.br\/blog\/psu-go-2024-provas-similares\/\"><strong>provas similares<\/strong><\/a>&nbsp;e&nbsp;<a href=\"https:\/\/www.grupomedcof.com.br\/blog\/psu-go-2024-temas-quentes\/\"><strong>temas quentes!<\/strong><\/a><\/p>\n\n\n\n<h3 class=\"wp-block-heading\" id=\"an\u00e1lise-curricular\"><span class=\"ez-toc-section\" id=\"Analise_curricular\"><\/span><strong>An\u00e1lise curricular<\/strong><span class=\"ez-toc-section-end\"><\/span><\/h3>\n\n\n\n<p>A an\u00e1lise curricular, de peso 1, tem seu resultado preliminar previsto para o dia\u00a0<strong><strong>13 de janeiro de 2026<\/strong>.\u00a0<\/strong>Passar\u00e3o para esta fase, os candidatos que obtiverem 50% de acertos na primeira etapa.<\/p>\n\n\n\n<figure class=\"wp-block-image size-large\"><a href=\"https:\/\/www.grupomedcof.com.br\/cofletters\/\" target=\"_blank\" rel=\" noreferrer noopener\"><img loading=\"lazy\" decoding=\"async\" width=\"1024\" height=\"320\" src=\"https:\/\/www.grupomedcof.com.br\/blog\/wp-content\/uploads\/2025\/02\/Banner-MedCof-Plus-2200x460-11-1024x320.png\" alt=\"\" class=\"wp-image-33723\" srcset=\"https:\/\/www.grupomedcof.com.br\/blog\/wp-content\/uploads\/2025\/02\/Banner-MedCof-Plus-2200x460-11-1024x320.png 1024w, https:\/\/www.grupomedcof.com.br\/blog\/wp-content\/uploads\/2025\/02\/Banner-MedCof-Plus-2200x460-11-300x94.png 300w, https:\/\/www.grupomedcof.com.br\/blog\/wp-content\/uploads\/2025\/02\/Banner-MedCof-Plus-2200x460-11-768x240.png 768w, https:\/\/www.grupomedcof.com.br\/blog\/wp-content\/uploads\/2025\/02\/Banner-MedCof-Plus-2200x460-11-1536x480.png 1536w, https:\/\/www.grupomedcof.com.br\/blog\/wp-content\/uploads\/2025\/02\/Banner-MedCof-Plus-2200x460-11-2048x640.png 2048w, https:\/\/www.grupomedcof.com.br\/blog\/wp-content\/uploads\/2025\/02\/Banner-MedCof-Plus-2200x460-11-1343x420.png 1343w, https:\/\/www.grupomedcof.com.br\/blog\/wp-content\/uploads\/2025\/02\/Banner-MedCof-Plus-2200x460-11-150x47.png 150w, https:\/\/www.grupomedcof.com.br\/blog\/wp-content\/uploads\/2025\/02\/Banner-MedCof-Plus-2200x460-11-696x218.png 696w, https:\/\/www.grupomedcof.com.br\/blog\/wp-content\/uploads\/2025\/02\/Banner-MedCof-Plus-2200x460-11-1068x334.png 1068w, https:\/\/www.grupomedcof.com.br\/blog\/wp-content\/uploads\/2025\/02\/Banner-MedCof-Plus-2200x460-11-1920x600.png 1920w\" sizes=\"auto, (max-width: 1024px) 100vw, 1024px\" \/><\/a><\/figure>\n\n\n\n<h2 class=\"wp-block-heading\" id=\"h-vagas-psu-go-2025-2026\"><span class=\"ez-toc-section\" id=\"Vagas_PSU-GO_20252026\"><\/span><strong>Vagas PSU-GO 2025\/2026<\/strong><span class=\"ez-toc-section-end\"><\/span><\/h2>\n\n\n\n<p>Nesta edi\u00e7\u00e3o, o PSU-GO ofertar\u00e1 <strong>270 vagas<\/strong> divididas entre especialidades de Acesso Direto e Pr\u00e9-Requisito. Veja a seguir:<\/p>\n\n\n\n<h3 class=\"wp-block-heading\" id=\"h-acesso-direto\"><span class=\"ez-toc-section\" id=\"Acesso_Direto\"><\/span><strong>Acesso Direto<\/strong><span class=\"ez-toc-section-end\"><\/span><\/h3>\n\n\n\n<figure class=\"wp-block-table\"><table class=\"has-fixed-layout\"><thead><tr><th>Especialidades<\/th><th>Vagas<\/th><\/tr><\/thead><tbody><tr><td>Anestesiologia<\/td><td>14<\/td><\/tr><tr><td>Cirurgia Geral<\/td><td>10<\/td><\/tr><tr><td>Cl\u00ednica M\u00e9dica<\/td><td>46<\/td><\/tr><tr><td>Dermatologia<\/td><td>4<\/td><\/tr><tr><td>Ginecologia e Obstetr\u00edcia<\/td><td>29<\/td><\/tr><tr><td>Infectologia<\/td><td>2<\/td><\/tr><tr><td>Medicina de Emerg\u00eancia<\/td><td>1<\/td><\/tr><tr><td>Medicina de Fam\u00edlia e Comunidade<\/td><td>31<\/td><\/tr><tr><td>Medicina Intensiva<\/td><td>11<\/td><\/tr><tr><td>Neurocirurgia<\/td><td>3<\/td><\/tr><tr><td>Neurologia<\/td><td>4<\/td><\/tr><tr><td>Oftalmologia<\/td><td>13<\/td><\/tr><tr><td>Ortopedia e Traumatologia<\/td><td>10<\/td><\/tr><tr><td>Otorrinolaringologia<\/td><td>2<\/td><\/tr><tr><td>Patologia<\/td><td>2<\/td><\/tr><tr><td>Pediatria<\/td><td>23<\/td><\/tr><tr><td>Psiquiatria<\/td><td>10<\/td><\/tr><tr><td>Radiologia e Diagn\u00f3stico por Imagem<\/td><td>4<\/td><\/tr><tr><td>Radioterapia<\/td><td>1<\/td><\/tr><\/tbody><\/table><\/figure>\n\n\n\n<h3 class=\"wp-block-heading\" id=\"h-pre-requisito\"><span class=\"ez-toc-section\" id=\"Pre-Requisito\"><\/span><strong>Pr\u00e9-Requisito<\/strong><span class=\"ez-toc-section-end\"><\/span><\/h3>\n\n\n\n<figure class=\"wp-block-table\"><table class=\"has-fixed-layout\"><thead><tr><th>Especialidades<\/th><th>Vagas<\/th><\/tr><\/thead><tbody><tr><td>Angiorradiologia e Cirurgia Endovascular<\/td><td>1<\/td><\/tr><tr><td>Cardiologia<\/td><td>13<\/td><\/tr><tr><td>Cirurgia da M\u00e3o<\/td><td>1<\/td><\/tr><tr><td>Cirurgia de Cabe\u00e7a e Pesco\u00e7o<\/td><td>1<\/td><\/tr><tr><td>Cirurgia do Aparelho Digestivo<\/td><td>4<\/td><\/tr><tr><td>Cirurgia Oncol\u00f3gica<\/td><td>4<\/td><\/tr><tr><td>Cirurgia Pl\u00e1stica<\/td><td>2<\/td><\/tr><tr><td>Cirurgia Vascular<\/td><td>6<\/td><\/tr><tr><td>Coloproctologia<\/td><td>2<\/td><\/tr><tr><td>Dor<\/td><td>1<\/td><\/tr><tr><td>Mastologia<\/td><td>2<\/td><\/tr><tr><td>Nefrologia<\/td><td>2<\/td><\/tr><tr><td>Neonatologia<\/td><td>5<\/td><\/tr><tr><td>Oncologia Cl\u00ednica<\/td><td>4<\/td><\/tr><tr><td>Urologia<\/td><td>2<\/td><\/tr><\/tbody><\/table><\/figure>\n\n\n\n<h2 class=\"wp-block-heading\" id=\"institui\u00e7\u00f5es-participantes\"><span class=\"ez-toc-section\" id=\"Instituicoes_participantes\"><\/span><strong>Institui\u00e7\u00f5es participantes<\/strong><span class=\"ez-toc-section-end\"><\/span><\/h2>\n\n\n\n<p>Confira as 20 institui\u00e7\u00f5es participantes do PSU-GO 2025\/2026:<\/p>\n\n\n\n<ul class=\"wp-block-list\">\n<li>\u00c2nima Centro Hospitalar;<\/li>\n\n\n\n<li>Centro Universit\u00e1rio De Mineiros (UNFIMES) \u2013 Funda\u00e7\u00e3o Integrada Municipal De Ensino;<\/li>\n\n\n\n<li>Cl\u00ednica Santa M\u00f4nica;<\/li>\n\n\n\n<li>Faculdade Zarns \u2013 Faculdade de Medicina de Itumbiara;<\/li>\n\n\n\n<li>Funda\u00e7\u00e3o Banco de Olhos de Goi\u00e1s (aguardando publica\u00e7\u00e3o);<\/li>\n\n\n\n<li>Hospital Ara\u00fajo Jorge \u2013 Associa\u00e7\u00e3o de Combate ao C\u00e2ncer;<\/li>\n\n\n\n<li>Hospital das Cl\u00ednicas da UFG;<\/li>\n\n\n\n<li>Hospital do Cora\u00e7\u00e3o Anis Rassi;<\/li>\n\n\n\n<li>Hospital e Maternidade Aristina C\u00e2ndida \u2013 Fundo Municipal de Sa\u00fade Senador Canedo;<\/li>\n\n\n\n<li>Hospital e Maternidade Dona Iris \u2013 Secretaria Municipal de Sa\u00fade;<\/li>\n\n\n\n<li>Hospital Esp\u00edrita Eur\u00edpedes Barsanulfo;<\/li>\n\n\n\n<li>Hospital Oftalmol\u00f3gico de An\u00e1polis \u2013 Associa\u00e7\u00e3o Animus Curae;<\/li>\n\n\n\n<li>Hospital Ortop\u00e9dico de Ceres;<\/li>\n\n\n\n<li>Hospital Premium \u2013 IPO \u2013 Instituto de Cirurgia Pl\u00e1stica e Oftalmologia (aguardando publica\u00e7\u00e3o);<\/li>\n\n\n\n<li>Hospital Santa Helena \u2013 Souza e Prado;<\/li>\n\n\n\n<li>Hospital S\u00e3o Francisco de Assis \u2013 HSFA;<\/li>\n\n\n\n<li>Santa Casa de Miseric\u00f3rdia de Goi\u00e2nia;<\/li>\n\n\n\n<li>Universidade Evang\u00e9lica de Goi\u00e1s \u2013 UniEvang\u00e9lica;<\/li>\n\n\n\n<li>Universidade de Rio Verde;<\/li>\n\n\n\n<li>Universidade Federal de Jata\u00ed.<\/li>\n<\/ul>\n\n\n\n<p>Confira o <a href=\"https:\/\/www.grupomedcof.com.br\/blog\/confira-o-gabarito-e-correcao-da-prova-de-acesso-direto-do-psu-go\/\" target=\"_blank\" rel=\"noreferrer noopener\">gabarito e a live de corre\u00e7\u00e3o<\/a>, na qual nossos professores especialistas estiveram corrigindo e comentando sobre a prova do PSU-GO!<\/p>\n\n\n\n<h2 class=\"wp-block-heading\" id=\"rela\u00e7\u00e3o-candidato-vaga-e-concorr\u00eancia-psu-go\"><span class=\"ez-toc-section\" id=\"Relacao_CandidatoVaga_e_Concorrencia_PSU-GO\"><\/span><strong>Rela\u00e7\u00e3o Candidato\/Vaga e Concorr\u00eancia<\/strong>&nbsp;<strong>PSU-GO<\/strong><span class=\"ez-toc-section-end\"><\/span><\/h2>\n\n\n\n<p>Na edi\u00e7\u00e3o anterior, o PSU-GO obteve\u00a0<strong>6.207 candidatos inscritos<\/strong>\u00a0no processo seletivo, contando com\u00a0<strong>282 vagas<\/strong>\u00a0ofertadas. Sendo assim, veja em nosso post a <a href=\"https:\/\/www.grupomedcof.com.br\/blog\/confira-a-relacao-candidato-vaga-do-psu-go-2024-2025\/\" target=\"_blank\" rel=\"noreferrer noopener\">concorr\u00eancia<\/a> completa!<\/p>\n\n\n\n<figure class=\"wp-block-image size-large\"><img loading=\"lazy\" decoding=\"async\" width=\"1024\" height=\"205\" src=\"https:\/\/www.grupomedcof.com.br\/blog\/wp-content\/uploads\/2023\/06\/Conheca-o-Qbank-MedCof-1024x205.png\" alt=\"medcof qbank, medcof aulas, grupo medcof, aulas medcof, qbank, banco de questoes medcof, medcof banco de questoes\" class=\"wp-image-8008\" srcset=\"https:\/\/www.grupomedcof.com.br\/blog\/wp-content\/uploads\/2023\/06\/Conheca-o-Qbank-MedCof-1024x205.png 1024w, https:\/\/www.grupomedcof.com.br\/blog\/wp-content\/uploads\/2023\/06\/Conheca-o-Qbank-MedCof-300x60.png 300w, https:\/\/www.grupomedcof.com.br\/blog\/wp-content\/uploads\/2023\/06\/Conheca-o-Qbank-MedCof-768x154.png 768w, https:\/\/www.grupomedcof.com.br\/blog\/wp-content\/uploads\/2023\/06\/Conheca-o-Qbank-MedCof-1536x307.png 1536w, https:\/\/www.grupomedcof.com.br\/blog\/wp-content\/uploads\/2023\/06\/Conheca-o-Qbank-MedCof-2048x410.png 2048w\" sizes=\"auto, (max-width: 1024px) 100vw, 1024px\" \/><\/figure>\n\n\n\n<h2 class=\"wp-block-heading\" id=\"h-cronograma-psu-go-2025-2026\"><span class=\"ez-toc-section\" id=\"Cronograma_PSU-GO_20252026\"><\/span><strong>Cronograma PSU-GO 2025\/2026<\/strong><span class=\"ez-toc-section-end\"><\/span><\/h2>\n\n\n\n<figure class=\"wp-block-table\"><table class=\"has-fixed-layout\"><tbody><tr><td><strong>Inscri\u00e7\u00f5es e Envio do Curr\u00edculo<\/strong><\/td><td>22\/09 a 13\/10\/2025<\/td><\/tr><tr><td><strong>Aplica\u00e7\u00e3o da Prova Objetiva e Divulga\u00e7\u00e3o do Gabarito<\/strong><\/td><td>23\/11\/2025<\/td><\/tr><tr><td><strong>Recursos ao Gabarito<\/strong><\/td><td>24 e 25\/11\/2025<\/td><\/tr><tr><td><strong>Resultado da Prova<\/strong><\/td><td>09\/12\/2025<\/td><\/tr><tr><td><strong>Resultado preliminar da An\u00e1lise Curricular<\/strong><\/td><td>13\/01\/2026<\/td><\/tr><tr><td><strong>Nota final com a Ordem de Prefer\u00eancia<\/strong><\/td><td>21\/01\/2026<\/td><\/tr><tr><td><strong>Resultado final \u2013 Convoca\u00e7\u00e3o<\/strong><\/td><td>26\/01\/2026<\/td><\/tr><\/tbody><\/table><\/figure>\n\n\n\n<p>Veja tamb\u00e9m nosso&nbsp;<a href=\"https:\/\/www.grupomedcof.com.br\/blog\/residencia-medica-2024-2025-calendario-de-provas\/\"><strong>calend\u00e1rio de provas<\/strong><\/a>&nbsp;para ficar por dentro dos prazos!<\/p>\n\n\n\n<h2 class=\"wp-block-heading\" id=\"h-resultado-da-1\u00aa-etapa\"><span class=\"ez-toc-section\" id=\"Resultado_da_1a_etapa\"><\/span><strong>Resultado da 1\u00aa etapa <\/strong><span class=\"ez-toc-section-end\"><\/span><\/h2>\n\n\n\n<p>O <strong>resultado da prova <\/strong>est\u00e1 previsto para ser publicado no dia <strong>09 de dezembro de 2025,<\/strong> conforme calend\u00e1rio proposto.<\/p>\n\n\n\n<h2 class=\"wp-block-heading\" id=\"h-resultado-preliminar-analise-curricular\"><span class=\"ez-toc-section\" id=\"Resultado_Preliminar_Analise_Curricular\"><\/span><strong>Resultado Preliminar An\u00e1lise Curricular<\/strong><span class=\"ez-toc-section-end\"><\/span><\/h2>\n\n\n\n<p>Conforme calend\u00e1rio proposto, o<strong> resultado preliminar <\/strong>da segunda fase, a an\u00e1lise curricular, ser\u00e1 divulgado no dia <strong>13 de janeiro de 2026.<\/strong><\/p>\n\n\n\n<h2 class=\"wp-block-heading\" id=\"h-nota-final-e-convocacao-para-matriculas\"><span class=\"ez-toc-section\" id=\"Nota_Final_e_Convocacao_para_matriculas\"><\/span><strong>Nota Final<\/strong> <strong>e Convoca\u00e7\u00e3o para matr\u00edculas<\/strong><span class=\"ez-toc-section-end\"><\/span><\/h2>\n\n\n\n<p>Por fim, a nota final tem previs\u00e3o de divulga\u00e7\u00e3o para o dia <strong>26 de janeiro de 2026,<\/strong> bem como a convoca\u00e7\u00e3o para as matr\u00edculas dos candidatos aprovados.<\/p>\n\n\n\n<h2 class=\"wp-block-heading\" id=\"conquiste-a-aprova\u00e7\u00e3o\"><span class=\"ez-toc-section\" id=\"Seja_aprovado_no_PSU-GO_2026\"><\/span><strong>Seja aprovado no PSU-GO 2026!<\/strong><span class=\"ez-toc-section-end\"><\/span><\/h2>\n\n\n\n<p>As provas de resid\u00eancia m\u00e9dica est\u00e3o cada vez mais perto e para garantir a sua aprova\u00e7\u00e3o, n\u00f3s criamos uma&nbsp;nova modalidade de<a href=\"https:\/\/www.grupomedcof.com.br\/blog\/hiit-medcof-o-curso-intensivo-para-residencia-medica\/\" target=\"_blank\" rel=\"noreferrer noopener\">&nbsp;intensivo<\/a>&nbsp;que \u00e9 capaz de revisar todo conte\u00fado necess\u00e1rio em apenas&nbsp;04 semanas! O<a href=\"https:\/\/www.grupomedcof.com.br\/hiit-target-2023-links\/\" target=\"_blank\" rel=\"noreferrer noopener\">&nbsp;HIIT Target<\/a>&nbsp;\u00e9 mais novo preparat\u00f3rio com conte\u00fado focado na institui\u00e7\u00e3o de seu interesse.<\/p>\n\n\n\n<p>Acesse o site do<a href=\"https:\/\/www.grupomedcof.com.br\/#cursos\" target=\"_blank\" rel=\"noreferrer noopener\">\u00a0Grupo MedCof\u00a0<\/a>e\u00a0conhe\u00e7a a metodologia que j\u00e1 aprovou\u00a0<a href=\"https:\/\/www.grupomedcof.com.br\/blog\/presenca-da-medcof-nas-aprovacoes-em-residencia-medica-no-brasil\/\" target=\"_blank\" rel=\"noreferrer noopener\">20 mil residentes em todo o pa\u00eds!<\/a><\/p>\n\n\n\n<figure class=\"wp-block-embed is-type-video is-provider-youtube wp-block-embed-youtube wp-embed-aspect-16-9 wp-has-aspect-ratio\"><div class=\"wp-block-embed__wrapper\">\n<div class=\"youtube-embed\" data-video_id=\"7nbhYOcj924\"><iframe loading=\"lazy\" title=\"COFEXPRESS - Endoscopia: Linfoma G\u00e1strico. Com Dr. Felipe Nunes\" width=\"696\" height=\"392\" src=\"https:\/\/www.youtube.com\/embed\/7nbhYOcj924?feature=oembed&#038;enablejsapi=1\" frameborder=\"0\" allow=\"accelerometer; autoplay; clipboard-write; encrypted-media; gyroscope; picture-in-picture; web-share\" referrerpolicy=\"strict-origin-when-cross-origin\" allowfullscreen><\/iframe><\/div>\n<\/div><\/figure>\n","protected":false},"excerpt":{"rendered":"<p>Saiba como foi cada etapa da Resid\u00eancia M\u00e9dica PSU-GO 2025, o Processo Seletivo Unificado de Goi\u00e1s!<\/p>\n","protected":false},"author":20,"featured_media":32477,"comment_status":"open","ping_status":"open","sticky":false,"template":"","format":"standard","meta":{"footnotes":""},"categories":[10],"tags":[2125,2372,117,261,68,2379],"ppma_author":[3616],"class_list":{"0":"post-4817","1":"post","2":"type-post","3":"status-publish","4":"format-standard","5":"has-post-thumbnail","7":"category-raio-x-editais","8":"tag-concorrencia","9":"tag-live-de-correcao","10":"tag-provas-de-residencia","11":"tag-psu-go","12":"tag-residencia-medica","13":"tag-vagas-psu-go"},"yoast_head":"<!-- This site is optimized with the Yoast SEO Premium plugin v24.3 (Yoast SEO v27.4) - https:\/\/yoast.com\/product\/yoast-seo-premium-wordpress\/ -->\n<title>Resid\u00eancia M\u00e9dica PSU-GO 2026: edital, vagas, cronogramas e mais! - Blog de Medcof: conte\u00fados, editais, revalida e mais!<\/title>\n<meta name=\"description\" content=\"Saiba como foi cada etapa da Resid\u00eancia M\u00e9dica PSU-GO 2025, o Processo Seletivo Unificado de Goi\u00e1s!\" \/>\n<meta name=\"robots\" content=\"index, follow, max-snippet:-1, max-image-preview:large, max-video-preview:-1\" \/>\n<link rel=\"canonical\" href=\"https:\/\/www.grupomedcof.com.br\/blog\/residencia-medica-psu-go\/\" \/>\n<meta property=\"og:locale\" content=\"pt_BR\" \/>\n<meta property=\"og:type\" content=\"article\" \/>\n<meta property=\"og:title\" content=\"Resid\u00eancia M\u00e9dica PSU-GO 2026: edital, vagas, cronogramas e mais!\" \/>\n<meta property=\"og:description\" content=\"Saiba como foi cada etapa da Resid\u00eancia M\u00e9dica PSU-GO 2025, o Processo Seletivo Unificado de Goi\u00e1s!\" \/>\n<meta property=\"og:url\" content=\"https:\/\/www.grupomedcof.com.br\/blog\/residencia-medica-psu-go\/\" \/>\n<meta property=\"og:site_name\" content=\"Blog de Medcof: conte\u00fados, editais, revalida e mais!\" \/>\n<meta property=\"article:publisher\" content=\"https:\/\/www.facebook.com\/MedCofQbank\/\" \/>\n<meta property=\"article:published_time\" content=\"2025-09-08T11:58:56+00:00\" \/>\n<meta property=\"article:modified_time\" content=\"2025-09-08T12:01:01+00:00\" \/>\n<meta property=\"og:image\" content=\"https:\/\/www.grupomedcof.com.br\/blog\/wp-content\/uploads\/2023\/03\/Modelo-instituicoes-48-scaled.jpg\" \/>\n\t<meta property=\"og:image:width\" content=\"2560\" \/>\n\t<meta property=\"og:image:height\" content=\"1440\" \/>\n\t<meta property=\"og:image:type\" content=\"image\/jpeg\" \/>\n<meta name=\"author\" content=\"Leila Menzel\" \/>\n<meta name=\"twitter:card\" content=\"summary_large_image\" \/>\n<meta name=\"twitter:title\" content=\"Resid\u00eancia M\u00e9dica PSU-GO 2026: edital, vagas, cronogramas e mais! - Blog de Medcof: conte\u00fados, editais, revalida e mais!\" \/>\n<meta name=\"twitter:description\" content=\"Raio-X Editais Saiba tudo das etapas da Resid\u00eancia M\u00e9dica PSU-GO 2023.\" \/>\n<meta name=\"twitter:label1\" content=\"Escrito por\" \/>\n\t<meta name=\"twitter:data1\" content=\"Leila Menzel\" \/>\n\t<meta name=\"twitter:label2\" content=\"Est. tempo de leitura\" \/>\n\t<meta name=\"twitter:data2\" content=\"5 minutos\" \/>\n<script type=\"application\/ld+json\" class=\"yoast-schema-graph\">{\"@context\":\"https:\\\/\\\/schema.org\",\"@graph\":[{\"@type\":\"Article\",\"@id\":\"https:\\\/\\\/www.grupomedcof.com.br\\\/blog\\\/residencia-medica-psu-go\\\/#article\",\"isPartOf\":{\"@id\":\"https:\\\/\\\/www.grupomedcof.com.br\\\/blog\\\/residencia-medica-psu-go\\\/\"},\"author\":{\"name\":\"Leila Menzel\",\"@id\":\"https:\\\/\\\/www.grupomedcof.com.br\\\/blog\\\/#\\\/schema\\\/person\\\/9a44c2184a836bf5ae6967fdb3a1451e\"},\"headline\":\"Resid\u00eancia M\u00e9dica PSU-GO 2026: edital, vagas, cronogramas e mais!\",\"datePublished\":\"2025-09-08T11:58:56+00:00\",\"dateModified\":\"2025-09-08T12:01:01+00:00\",\"mainEntityOfPage\":{\"@id\":\"https:\\\/\\\/www.grupomedcof.com.br\\\/blog\\\/residencia-medica-psu-go\\\/\"},\"wordCount\":769,\"commentCount\":2,\"publisher\":{\"@id\":\"https:\\\/\\\/www.grupomedcof.com.br\\\/blog\\\/#organization\"},\"image\":{\"@id\":\"https:\\\/\\\/www.grupomedcof.com.br\\\/blog\\\/residencia-medica-psu-go\\\/#primaryimage\"},\"thumbnailUrl\":\"https:\\\/\\\/www.grupomedcof.com.br\\\/blog\\\/wp-content\\\/uploads\\\/2023\\\/03\\\/Modelo-instituicoes-48-scaled.jpg\",\"keywords\":[\"Concorr\u00eancia\",\"Live de Corre\u00e7\u00e3o\",\"Provas de Resid\u00eancia\",\"PSU-GO\",\"Resid\u00eancia M\u00e9dica\",\"Vagas PSU-GO\"],\"articleSection\":[\"Raio-X Editais\"],\"inLanguage\":\"pt-BR\"},{\"@type\":\"WebPage\",\"@id\":\"https:\\\/\\\/www.grupomedcof.com.br\\\/blog\\\/residencia-medica-psu-go\\\/\",\"url\":\"https:\\\/\\\/www.grupomedcof.com.br\\\/blog\\\/residencia-medica-psu-go\\\/\",\"name\":\"Resid\u00eancia M\u00e9dica PSU-GO 2026: edital, vagas, cronogramas e mais! - Blog de Medcof: conte\u00fados, editais, revalida e mais!\",\"isPartOf\":{\"@id\":\"https:\\\/\\\/www.grupomedcof.com.br\\\/blog\\\/#website\"},\"primaryImageOfPage\":{\"@id\":\"https:\\\/\\\/www.grupomedcof.com.br\\\/blog\\\/residencia-medica-psu-go\\\/#primaryimage\"},\"image\":{\"@id\":\"https:\\\/\\\/www.grupomedcof.com.br\\\/blog\\\/residencia-medica-psu-go\\\/#primaryimage\"},\"thumbnailUrl\":\"https:\\\/\\\/www.grupomedcof.com.br\\\/blog\\\/wp-content\\\/uploads\\\/2023\\\/03\\\/Modelo-instituicoes-48-scaled.jpg\",\"datePublished\":\"2025-09-08T11:58:56+00:00\",\"dateModified\":\"2025-09-08T12:01:01+00:00\",\"description\":\"Saiba como foi cada etapa da Resid\u00eancia M\u00e9dica PSU-GO 2025, o Processo Seletivo Unificado de Goi\u00e1s!\",\"breadcrumb\":{\"@id\":\"https:\\\/\\\/www.grupomedcof.com.br\\\/blog\\\/residencia-medica-psu-go\\\/#breadcrumb\"},\"inLanguage\":\"pt-BR\",\"potentialAction\":[{\"@type\":\"ReadAction\",\"target\":[\"https:\\\/\\\/www.grupomedcof.com.br\\\/blog\\\/residencia-medica-psu-go\\\/\"]}]},{\"@type\":\"ImageObject\",\"inLanguage\":\"pt-BR\",\"@id\":\"https:\\\/\\\/www.grupomedcof.com.br\\\/blog\\\/residencia-medica-psu-go\\\/#primaryimage\",\"url\":\"https:\\\/\\\/www.grupomedcof.com.br\\\/blog\\\/wp-content\\\/uploads\\\/2023\\\/03\\\/Modelo-instituicoes-48-scaled.jpg\",\"contentUrl\":\"https:\\\/\\\/www.grupomedcof.com.br\\\/blog\\\/wp-content\\\/uploads\\\/2023\\\/03\\\/Modelo-instituicoes-48-scaled.jpg\",\"width\":2560,\"height\":1440},{\"@type\":\"BreadcrumbList\",\"@id\":\"https:\\\/\\\/www.grupomedcof.com.br\\\/blog\\\/residencia-medica-psu-go\\\/#breadcrumb\",\"itemListElement\":[{\"@type\":\"ListItem\",\"position\":1,\"name\":\"In\u00edcio\",\"item\":\"https:\\\/\\\/www.grupomedcof.com.br\\\/blog\\\/\"},{\"@type\":\"ListItem\",\"position\":2,\"name\":\"Resid\u00eancia M\u00e9dica PSU-GO 2026: edital, vagas, cronogramas e mais!\"}]},{\"@type\":\"WebSite\",\"@id\":\"https:\\\/\\\/www.grupomedcof.com.br\\\/blog\\\/#website\",\"url\":\"https:\\\/\\\/www.grupomedcof.com.br\\\/blog\\\/\",\"name\":\"Blog de Medcof: conte\u00fados, editais, revalida e mais!\",\"description\":\"Acesso o blog de MedCof! Seu portal de conte\u00fados sobre resid\u00eancia m\u00e9dica, an\u00e1lise e editais e muito mais. Clique e confira!\",\"publisher\":{\"@id\":\"https:\\\/\\\/www.grupomedcof.com.br\\\/blog\\\/#organization\"},\"alternateName\":\"Blog de Medcof: conte\u00fados, editais, revalida e mais!\",\"potentialAction\":[{\"@type\":\"SearchAction\",\"target\":{\"@type\":\"EntryPoint\",\"urlTemplate\":\"https:\\\/\\\/www.grupomedcof.com.br\\\/blog\\\/?s={search_term_string}\"},\"query-input\":{\"@type\":\"PropertyValueSpecification\",\"valueRequired\":true,\"valueName\":\"search_term_string\"}}],\"inLanguage\":\"pt-BR\"},{\"@type\":\"Organization\",\"@id\":\"https:\\\/\\\/www.grupomedcof.com.br\\\/blog\\\/#organization\",\"name\":\"Grupo MedCof\",\"url\":\"https:\\\/\\\/www.grupomedcof.com.br\\\/blog\\\/\",\"logo\":{\"@type\":\"ImageObject\",\"inLanguage\":\"pt-BR\",\"@id\":\"https:\\\/\\\/www.grupomedcof.com.br\\\/blog\\\/#\\\/schema\\\/logo\\\/image\\\/\",\"url\":\"https:\\\/\\\/www.grupomedcof.com.br\\\/blog\\\/wp-content\\\/uploads\\\/2022\\\/01\\\/logo-medcof.png\",\"contentUrl\":\"https:\\\/\\\/www.grupomedcof.com.br\\\/blog\\\/wp-content\\\/uploads\\\/2022\\\/01\\\/logo-medcof.png\",\"width\":768,\"height\":269,\"caption\":\"Grupo MedCof\"},\"image\":{\"@id\":\"https:\\\/\\\/www.grupomedcof.com.br\\\/blog\\\/#\\\/schema\\\/logo\\\/image\\\/\"},\"sameAs\":[\"https:\\\/\\\/www.facebook.com\\\/MedCofQbank\\\/\",\"https:\\\/\\\/www.instagram.com\\\/grupomedcof\\\/\",\"https:\\\/\\\/br.linkedin.com\\\/company\\\/medcof\",\"https:\\\/\\\/www.youtube.com\\\/channel\\\/UCdHMuOHKICxcHwecxN8P-AA\"]},{\"@type\":\"Person\",\"@id\":\"https:\\\/\\\/www.grupomedcof.com.br\\\/blog\\\/#\\\/schema\\\/person\\\/9a44c2184a836bf5ae6967fdb3a1451e\",\"name\":\"Leila Menzel\",\"image\":{\"@type\":\"ImageObject\",\"inLanguage\":\"pt-BR\",\"@id\":\"https:\\\/\\\/www.grupomedcof.com.br\\\/blog\\\/wp-content\\\/uploads\\\/2025\\\/09\\\/cropped-eu-96x96.jpeg19a74936d997c0a8b3031618467fa1d0\",\"url\":\"https:\\\/\\\/www.grupomedcof.com.br\\\/blog\\\/wp-content\\\/uploads\\\/2025\\\/09\\\/cropped-eu-96x96.jpeg\",\"contentUrl\":\"https:\\\/\\\/www.grupomedcof.com.br\\\/blog\\\/wp-content\\\/uploads\\\/2025\\\/09\\\/cropped-eu-96x96.jpeg\",\"caption\":\"Leila Menzel\"},\"description\":\"Estudante do 6\u00b0 semestre de jornalismo, amo e escrevo poesias e viajo em livros de romances clich\u00eas.\",\"url\":\"https:\\\/\\\/www.grupomedcof.com.br\\\/blog\\\/author\\\/leila-menzel\\\/\"}]}<\/script>\n<!-- \/ Yoast SEO Premium plugin. -->","yoast_head_json":{"title":"Resid\u00eancia M\u00e9dica PSU-GO 2026: edital, vagas, cronogramas e mais! - Blog de Medcof: conte\u00fados, editais, revalida e mais!","description":"Saiba como foi cada etapa da Resid\u00eancia M\u00e9dica PSU-GO 2025, o Processo Seletivo Unificado de Goi\u00e1s!","robots":{"index":"index","follow":"follow","max-snippet":"max-snippet:-1","max-image-preview":"max-image-preview:large","max-video-preview":"max-video-preview:-1"},"canonical":"https:\/\/www.grupomedcof.com.br\/blog\/residencia-medica-psu-go\/","og_locale":"pt_BR","og_type":"article","og_title":"Resid\u00eancia M\u00e9dica PSU-GO 2026: edital, vagas, cronogramas e mais!","og_description":"Saiba como foi cada etapa da Resid\u00eancia M\u00e9dica PSU-GO 2025, o Processo Seletivo Unificado de Goi\u00e1s!","og_url":"https:\/\/www.grupomedcof.com.br\/blog\/residencia-medica-psu-go\/","og_site_name":"Blog de Medcof: conte\u00fados, editais, revalida e mais!","article_publisher":"https:\/\/www.facebook.com\/MedCofQbank\/","article_published_time":"2025-09-08T11:58:56+00:00","article_modified_time":"2025-09-08T12:01:01+00:00","og_image":[{"width":2560,"height":1440,"url":"https:\/\/www.grupomedcof.com.br\/blog\/wp-content\/uploads\/2023\/03\/Modelo-instituicoes-48-scaled.jpg","type":"image\/jpeg"}],"author":"Leila Menzel","twitter_card":"summary_large_image","twitter_title":"Resid\u00eancia M\u00e9dica PSU-GO 2026: edital, vagas, cronogramas e mais! - Blog de Medcof: conte\u00fados, editais, revalida e mais!","twitter_description":"Raio-X Editais Saiba tudo das etapas da Resid\u00eancia M\u00e9dica PSU-GO 2023.","twitter_misc":{"Escrito por":"Leila Menzel","Est. tempo de leitura":"5 minutos"},"schema":{"@context":"https:\/\/schema.org","@graph":[{"@type":"Article","@id":"https:\/\/www.grupomedcof.com.br\/blog\/residencia-medica-psu-go\/#article","isPartOf":{"@id":"https:\/\/www.grupomedcof.com.br\/blog\/residencia-medica-psu-go\/"},"author":{"name":"Leila Menzel","@id":"https:\/\/www.grupomedcof.com.br\/blog\/#\/schema\/person\/9a44c2184a836bf5ae6967fdb3a1451e"},"headline":"Resid\u00eancia M\u00e9dica PSU-GO 2026: edital, vagas, cronogramas e mais!","datePublished":"2025-09-08T11:58:56+00:00","dateModified":"2025-09-08T12:01:01+00:00","mainEntityOfPage":{"@id":"https:\/\/www.grupomedcof.com.br\/blog\/residencia-medica-psu-go\/"},"wordCount":769,"commentCount":2,"publisher":{"@id":"https:\/\/www.grupomedcof.com.br\/blog\/#organization"},"image":{"@id":"https:\/\/www.grupomedcof.com.br\/blog\/residencia-medica-psu-go\/#primaryimage"},"thumbnailUrl":"https:\/\/www.grupomedcof.com.br\/blog\/wp-content\/uploads\/2023\/03\/Modelo-instituicoes-48-scaled.jpg","keywords":["Concorr\u00eancia","Live de Corre\u00e7\u00e3o","Provas de Resid\u00eancia","PSU-GO","Resid\u00eancia M\u00e9dica","Vagas PSU-GO"],"articleSection":["Raio-X Editais"],"inLanguage":"pt-BR"},{"@type":"WebPage","@id":"https:\/\/www.grupomedcof.com.br\/blog\/residencia-medica-psu-go\/","url":"https:\/\/www.grupomedcof.com.br\/blog\/residencia-medica-psu-go\/","name":"Resid\u00eancia M\u00e9dica PSU-GO 2026: edital, vagas, cronogramas e mais! - Blog de Medcof: conte\u00fados, editais, revalida e mais!","isPartOf":{"@id":"https:\/\/www.grupomedcof.com.br\/blog\/#website"},"primaryImageOfPage":{"@id":"https:\/\/www.grupomedcof.com.br\/blog\/residencia-medica-psu-go\/#primaryimage"},"image":{"@id":"https:\/\/www.grupomedcof.com.br\/blog\/residencia-medica-psu-go\/#primaryimage"},"thumbnailUrl":"https:\/\/www.grupomedcof.com.br\/blog\/wp-content\/uploads\/2023\/03\/Modelo-instituicoes-48-scaled.jpg","datePublished":"2025-09-08T11:58:56+00:00","dateModified":"2025-09-08T12:01:01+00:00","description":"Saiba como foi cada etapa da Resid\u00eancia M\u00e9dica PSU-GO 2025, o Processo Seletivo Unificado de Goi\u00e1s!","breadcrumb":{"@id":"https:\/\/www.grupomedcof.com.br\/blog\/residencia-medica-psu-go\/#breadcrumb"},"inLanguage":"pt-BR","potentialAction":[{"@type":"ReadAction","target":["https:\/\/www.grupomedcof.com.br\/blog\/residencia-medica-psu-go\/"]}]},{"@type":"ImageObject","inLanguage":"pt-BR","@id":"https:\/\/www.grupomedcof.com.br\/blog\/residencia-medica-psu-go\/#primaryimage","url":"https:\/\/www.grupomedcof.com.br\/blog\/wp-content\/uploads\/2023\/03\/Modelo-instituicoes-48-scaled.jpg","contentUrl":"https:\/\/www.grupomedcof.com.br\/blog\/wp-content\/uploads\/2023\/03\/Modelo-instituicoes-48-scaled.jpg","width":2560,"height":1440},{"@type":"BreadcrumbList","@id":"https:\/\/www.grupomedcof.com.br\/blog\/residencia-medica-psu-go\/#breadcrumb","itemListElement":[{"@type":"ListItem","position":1,"name":"In\u00edcio","item":"https:\/\/www.grupomedcof.com.br\/blog\/"},{"@type":"ListItem","position":2,"name":"Resid\u00eancia M\u00e9dica PSU-GO 2026: edital, vagas, cronogramas e mais!"}]},{"@type":"WebSite","@id":"https:\/\/www.grupomedcof.com.br\/blog\/#website","url":"https:\/\/www.grupomedcof.com.br\/blog\/","name":"Blog de Medcof: conte\u00fados, editais, revalida e mais!","description":"Acesso o blog de MedCof! Seu portal de conte\u00fados sobre resid\u00eancia m\u00e9dica, an\u00e1lise e editais e muito mais. Clique e confira!","publisher":{"@id":"https:\/\/www.grupomedcof.com.br\/blog\/#organization"},"alternateName":"Blog de Medcof: conte\u00fados, editais, revalida e mais!","potentialAction":[{"@type":"SearchAction","target":{"@type":"EntryPoint","urlTemplate":"https:\/\/www.grupomedcof.com.br\/blog\/?s={search_term_string}"},"query-input":{"@type":"PropertyValueSpecification","valueRequired":true,"valueName":"search_term_string"}}],"inLanguage":"pt-BR"},{"@type":"Organization","@id":"https:\/\/www.grupomedcof.com.br\/blog\/#organization","name":"Grupo MedCof","url":"https:\/\/www.grupomedcof.com.br\/blog\/","logo":{"@type":"ImageObject","inLanguage":"pt-BR","@id":"https:\/\/www.grupomedcof.com.br\/blog\/#\/schema\/logo\/image\/","url":"https:\/\/www.grupomedcof.com.br\/blog\/wp-content\/uploads\/2022\/01\/logo-medcof.png","contentUrl":"https:\/\/www.grupomedcof.com.br\/blog\/wp-content\/uploads\/2022\/01\/logo-medcof.png","width":768,"height":269,"caption":"Grupo MedCof"},"image":{"@id":"https:\/\/www.grupomedcof.com.br\/blog\/#\/schema\/logo\/image\/"},"sameAs":["https:\/\/www.facebook.com\/MedCofQbank\/","https:\/\/www.instagram.com\/grupomedcof\/","https:\/\/br.linkedin.com\/company\/medcof","https:\/\/www.youtube.com\/channel\/UCdHMuOHKICxcHwecxN8P-AA"]},{"@type":"Person","@id":"https:\/\/www.grupomedcof.com.br\/blog\/#\/schema\/person\/9a44c2184a836bf5ae6967fdb3a1451e","name":"Leila Menzel","image":{"@type":"ImageObject","inLanguage":"pt-BR","@id":"https:\/\/www.grupomedcof.com.br\/blog\/wp-content\/uploads\/2025\/09\/cropped-eu-96x96.jpeg19a74936d997c0a8b3031618467fa1d0","url":"https:\/\/www.grupomedcof.com.br\/blog\/wp-content\/uploads\/2025\/09\/cropped-eu-96x96.jpeg","contentUrl":"https:\/\/www.grupomedcof.com.br\/blog\/wp-content\/uploads\/2025\/09\/cropped-eu-96x96.jpeg","caption":"Leila Menzel"},"description":"Estudante do 6\u00b0 semestre de jornalismo, amo e escrevo poesias e viajo em livros de romances clich\u00eas.","url":"https:\/\/www.grupomedcof.com.br\/blog\/author\/leila-menzel\/"}]}},"authors":[{"term_id":3616,"user_id":20,"is_guest":0,"slug":"leila-menzel","display_name":"Leila Menzel","avatar_url":"https:\/\/www.grupomedcof.com.br\/blog\/wp-content\/uploads\/2025\/09\/cropped-eu-96x96.jpeg","0":null,"1":"","2":"","3":"","4":"","5":"","6":"","7":"","8":""}],"_links":{"self":[{"href":"https:\/\/www.grupomedcof.com.br\/blog\/wp-json\/wp\/v2\/posts\/4817","targetHints":{"allow":["GET"]}}],"collection":[{"href":"https:\/\/www.grupomedcof.com.br\/blog\/wp-json\/wp\/v2\/posts"}],"about":[{"href":"https:\/\/www.grupomedcof.com.br\/blog\/wp-json\/wp\/v2\/types\/post"}],"author":[{"embeddable":true,"href":"https:\/\/www.grupomedcof.com.br\/blog\/wp-json\/wp\/v2\/users\/20"}],"replies":[{"embeddable":true,"href":"https:\/\/www.grupomedcof.com.br\/blog\/wp-json\/wp\/v2\/comments?post=4817"}],"version-history":[{"count":2,"href":"https:\/\/www.grupomedcof.com.br\/blog\/wp-json\/wp\/v2\/posts\/4817\/revisions"}],"predecessor-version":[{"id":37650,"href":"https:\/\/www.grupomedcof.com.br\/blog\/wp-json\/wp\/v2\/posts\/4817\/revisions\/37650"}],"wp:featuredmedia":[{"embeddable":true,"href":"https:\/\/www.grupomedcof.com.br\/blog\/wp-json\/wp\/v2\/media\/32477"}],"wp:attachment":[{"href":"https:\/\/www.grupomedcof.com.br\/blog\/wp-json\/wp\/v2\/media?parent=4817"}],"wp:term":[{"taxonomy":"category","embeddable":true,"href":"https:\/\/www.grupomedcof.com.br\/blog\/wp-json\/wp\/v2\/categories?post=4817"},{"taxonomy":"post_tag","embeddable":true,"href":"https:\/\/www.grupomedcof.com.br\/blog\/wp-json\/wp\/v2\/tags?post=4817"},{"taxonomy":"author","embeddable":true,"href":"https:\/\/www.grupomedcof.com.br\/blog\/wp-json\/wp\/v2\/ppma_author?post=4817"}],"curies":[{"name":"wp","href":"https:\/\/api.w.org\/{rel}","templated":true}]}}