{"id":48725,"date":"2026-08-31T10:01:41","date_gmt":"2026-08-31T13:01:41","guid":{"rendered":"https:\/\/www.grupomedcof.com.br\/blog\/?p=48725"},"modified":"2026-08-31T10:01:43","modified_gmt":"2026-08-31T13:01:43","slug":"sindrome-compartimental-abdominal-diagnostico-e-conduta","status":"publish","type":"post","link":"https:\/\/www.grupomedcof.com.br\/blog\/sindrome-compartimental-abdominal-diagnostico-e-conduta\/","title":{"rendered":"S\u00edndrome Compartimental Abdominal: diagn\u00f3stico e conduta"},"content":{"rendered":"\n<p class=\"wp-block-paragraph\">A <strong>s\u00edndrome compartimental abdominal<\/strong> \u00e9 uma emerg\u00eancia do paciente cr\u00edtico. Ela surge quando a press\u00e3o dentro da cavidade abdominal se eleva de forma sustentada e passa a comprometer a perfus\u00e3o e a fun\u00e7\u00e3o de m\u00faltiplos \u00f3rg\u00e3os.<\/p>\n\n\n\n<p class=\"wp-block-paragraph\">Por reunir fisiologia, diagn\u00f3stico \u00e0 beira-leito e conduta cir\u00fargica, o tema \u00e9 padr\u00e3o de cobran\u00e7a em cirurgia geral e medicina intensiva. Entender bem a progress\u00e3o da hipertens\u00e3o intra-abdominal at\u00e9 a s\u00edndrome estabelecida faz diferen\u00e7a tanto na prova quanto na pr\u00e1tica.<\/p>\n\n\n\n<figure class=\"wp-block-image size-large\"><img loading=\"lazy\" decoding=\"async\" width=\"1024\" height=\"576\" src=\"https:\/\/www.grupomedcof.com.br\/blog\/wp-content\/uploads\/2026\/08\/Blog-MedCof-2026-08-31T094659.317-1024x576.jpg\" alt=\"\" class=\"wp-image-48726\" srcset=\"https:\/\/www.grupomedcof.com.br\/blog\/wp-content\/uploads\/2026\/08\/Blog-MedCof-2026-08-31T094659.317-1024x576.jpg 1024w, https:\/\/www.grupomedcof.com.br\/blog\/wp-content\/uploads\/2026\/08\/Blog-MedCof-2026-08-31T094659.317-300x169.jpg 300w, https:\/\/www.grupomedcof.com.br\/blog\/wp-content\/uploads\/2026\/08\/Blog-MedCof-2026-08-31T094659.317-768x432.jpg 768w, https:\/\/www.grupomedcof.com.br\/blog\/wp-content\/uploads\/2026\/08\/Blog-MedCof-2026-08-31T094659.317-1536x864.jpg 1536w, https:\/\/www.grupomedcof.com.br\/blog\/wp-content\/uploads\/2026\/08\/Blog-MedCof-2026-08-31T094659.317-747x420.jpg 747w, https:\/\/www.grupomedcof.com.br\/blog\/wp-content\/uploads\/2026\/08\/Blog-MedCof-2026-08-31T094659.317-150x84.jpg 150w, https:\/\/www.grupomedcof.com.br\/blog\/wp-content\/uploads\/2026\/08\/Blog-MedCof-2026-08-31T094659.317-696x392.jpg 696w, https:\/\/www.grupomedcof.com.br\/blog\/wp-content\/uploads\/2026\/08\/Blog-MedCof-2026-08-31T094659.317-1068x601.jpg 1068w, https:\/\/www.grupomedcof.com.br\/blog\/wp-content\/uploads\/2026\/08\/Blog-MedCof-2026-08-31T094659.317.jpg 1920w\" sizes=\"auto, (max-width: 1024px) 100vw, 1024px\" \/><\/figure>\n\n\n\n<h2 id=\"h-o-que-e-a-sindrome-compartimental-abdominal\" class=\"wp-block-heading\"><strong>O que \u00e9 a s\u00edndrome compartimental abdominal?<\/strong><\/h2>\n\n\n\n<p class=\"wp-block-paragraph\">A cavidade abdominal tem complac\u00eancia limitada. Qualquer aumento volum\u00e9trico de seus componentes eleva a <strong>press\u00e3o intra-abdominal (PIA)<\/strong>, que, no paciente normal, oscila fisiologicamente entre 5 e 7 mmHg.<\/p>\n\n\n\n<p class=\"wp-block-paragraph\">Fala-se em hipertens\u00e3o intra-abdominal (HIA) quando h\u00e1 valores sustentados de PIA acima de 12 mmHg. Um marcador complementar \u00e9 a press\u00e3o de perfus\u00e3o abdominal (PPC), calculada pela f\u00f3rmula <strong>PPC = PAM \u2212 PIA<\/strong>, considerada indicador cr\u00edtico de viabilidade tecidual.<\/p>\n\n\n\n<h3 id=\"h-diferenca-entre-hipertensao-intra-abdominal-e-sca\" class=\"wp-block-heading\"><strong>Diferen\u00e7a entre hipertens\u00e3o intra-abdominal e SCA<\/strong><\/h3>\n\n\n\n<p class=\"wp-block-paragraph\">Nem toda hipertens\u00e3o intra-abdominal \u00e9 s\u00edndrome compartimental. A HIA descreve apenas a eleva\u00e7\u00e3o sustentada da press\u00e3o. J\u00e1 a SCA \u00e9 definida como HIA de grau III ou IV <strong>associada a uma disfun\u00e7\u00e3o org\u00e2nica nova<\/strong> \u2014 \u00e9 a HIA que passou a causar fal\u00eancia de \u00f3rg\u00e3o.<\/p>\n\n\n\n<h2 id=\"h-como-e-feita-a-classificacao-da-hipertensao-intra-abdominal\" class=\"wp-block-heading\"><strong>Como \u00e9 feita a classifica\u00e7\u00e3o da hipertens\u00e3o intra-abdominal?<\/strong><\/h2>\n\n\n\n<p class=\"wp-block-paragraph\">A gravidade da hipertens\u00e3o \u00e9 estratificada em quatro graus, conforme a faixa de PIA:<\/p>\n\n\n\n<figure class=\"wp-block-table\"><table class=\"has-fixed-layout\"><tbody><tr><td><strong>Grau<\/strong><\/td><td><strong>Faixa de PIA<\/strong><\/td><\/tr><tr><td>Grau I<\/td><td>12 \u2013 15 mmHg<\/td><\/tr><tr><td>Grau II<\/td><td>16 \u2013 20 mmHg<\/td><\/tr><tr><td>Grau III<\/td><td>21 \u2013 25 mmHg<\/td><\/tr><tr><td>Grau IV<\/td><td>&gt; 25 mmHg<\/td><\/tr><\/tbody><\/table><\/figure>\n\n\n\n<p class=\"wp-block-paragraph\">Os <strong>graus da hipertens\u00e3o intra-abdominal<\/strong> orientam a conduta: a SCA costuma se estabelecer nos graus III e IV, quando a press\u00e3o elevada j\u00e1 compromete a perfus\u00e3o dos \u00f3rg\u00e3os.<\/p>\n\n\n\n<figure class=\"wp-block-image size-full is-resized\"><img loading=\"lazy\" decoding=\"async\" width=\"380\" height=\"462\" src=\"https:\/\/www.grupomedcof.com.br\/blog\/wp-content\/uploads\/2026\/08\/image.jpeg\" alt=\"\" class=\"wp-image-48727\" style=\"aspect-ratio:0.8207343412526998;width:380px;height:auto\" srcset=\"https:\/\/www.grupomedcof.com.br\/blog\/wp-content\/uploads\/2026\/08\/image.jpeg 380w, https:\/\/www.grupomedcof.com.br\/blog\/wp-content\/uploads\/2026\/08\/image-247x300.jpeg 247w, https:\/\/www.grupomedcof.com.br\/blog\/wp-content\/uploads\/2026\/08\/image-150x182-1.jpeg 150w, https:\/\/www.grupomedcof.com.br\/blog\/wp-content\/uploads\/2026\/08\/image-299x364.jpeg 299w\" sizes=\"auto, (max-width: 380px) 100vw, 380px\" \/><figcaption class=\"wp-element-caption\">H\u00e9rnia Gigante Incisional. Fonte: <a href=\"https:\/\/doi.org\/10.1590\/S0102-67202010000400015\">https:\/\/doi.org\/10.1590\/S0102-67202010000400015<\/a>&nbsp;<\/figcaption><\/figure>\n\n\n\n<h2 id=\"h-quais-sao-as-causas-da-sindrome-compartimental-abdominal\" class=\"wp-block-heading\"><strong>Quais s\u00e3o as causas da s\u00edndrome compartimental abdominal?<\/strong><\/h2>\n\n\n\n<p class=\"wp-block-paragraph\">As causas s\u00e3o divididas conforme o mecanismo de instala\u00e7\u00e3o:<\/p>\n\n\n\n<ul class=\"wp-block-list\">\n<li><strong>Prim\u00e1ria:<\/strong> decorre de patologias abdominais diretas, como pancreatite aguda grave, hematomas retroperitoneais volumosos, peritonites, trauma abdominal e hernioplastias incisionais gigantes.<\/li>\n\n\n\n<li><strong>Secund\u00e1ria:<\/strong> resulta de condi\u00e7\u00f5es extra-abdominais que geram extravasamento capilar sist\u00eamico, como sepse e grandes queimados.<\/li>\n\n\n\n<li><strong>Terci\u00e1ria ou recorrente:<\/strong> ocorre quando h\u00e1 recidiva da s\u00edndrome ap\u00f3s o tratamento inicial.<\/li>\n<\/ul>\n\n\n\n<h2 id=\"h-quais-as-repercussoes-sistemicas-da-pia-elevada\" class=\"wp-block-heading\"><strong>Quais as repercuss\u00f5es sist\u00eamicas da PIA elevada?<\/strong><\/h2>\n\n\n\n<p class=\"wp-block-paragraph\">A eleva\u00e7\u00e3o da <strong>press\u00e3o intra-abdominal<\/strong> compromete m\u00faltiplos sistemas, por compress\u00e3o direta e por preju\u00edzo ao retorno venoso. Veja o resumo:<\/p>\n\n\n\n<figure class=\"wp-block-table\"><table class=\"has-fixed-layout\"><tbody><tr><td><strong>Sistema<\/strong><\/td><td><strong>Repercuss\u00e3o<\/strong><\/td><\/tr><tr><td>Cardiovascular<\/td><td>Queda do d\u00e9bito card\u00edaco por redu\u00e7\u00e3o da pr\u00e9-carga (compress\u00e3o da veia cava) e aumento da p\u00f3s-carga. H\u00e1 eleva\u00e7\u00e3o da resist\u00eancia vascular perif\u00e9rica e eleva\u00e7\u00f5es fact\u00edcias da PVC e da press\u00e3o de art\u00e9ria pulmonar.<\/td><\/tr><tr><td>Respirat\u00f3rio<\/td><td>Eleva\u00e7\u00e3o do diafragma, com redu\u00e7\u00e3o da expansibilidade pulmonar, aumento da press\u00e3o de pico e da press\u00e3o endotraqueal, al\u00e9m do surgimento de atelectasias.<\/td><\/tr><tr><td>Renal<\/td><td>Redu\u00e7\u00e3o do fluxo sangu\u00edneo renal e da taxa de filtra\u00e7\u00e3o glomerular, manifestando-se como olig\u00faria progressiva.<\/td><\/tr><tr><td>Gastrointestinal<\/td><td>Isquemia da mucosa intestinal e redu\u00e7\u00e3o do fluxo sangu\u00edneo nos eixos cel\u00edaco e mesent\u00e9rico superior.<\/td><\/tr><tr><td>SNC<\/td><td>Aumento da press\u00e3o intracraniana (PIC) e redu\u00e7\u00e3o da press\u00e3o de perfus\u00e3o cerebral.<\/td><\/tr><\/tbody><\/table><\/figure>\n\n\n\n<figure class=\"wp-block-image size-full is-resized\"><img loading=\"lazy\" decoding=\"async\" width=\"768\" height=\"406\" src=\"https:\/\/www.grupomedcof.com.br\/blog\/wp-content\/uploads\/2026\/08\/image-11.png\" alt=\"\" class=\"wp-image-48728\" style=\"aspect-ratio:1.8871473354231976;width:602px;height:auto\" srcset=\"https:\/\/www.grupomedcof.com.br\/blog\/wp-content\/uploads\/2026\/08\/image-11.png 768w, https:\/\/www.grupomedcof.com.br\/blog\/wp-content\/uploads\/2026\/08\/image-11-149x79.png 149w, https:\/\/www.grupomedcof.com.br\/blog\/wp-content\/uploads\/2026\/08\/image-11-300x159.png 300w, https:\/\/www.grupomedcof.com.br\/blog\/wp-content\/uploads\/2026\/08\/image-11-299x158.png 299w, https:\/\/www.grupomedcof.com.br\/blog\/wp-content\/uploads\/2026\/08\/image-11-323x171.png 323w, https:\/\/www.grupomedcof.com.br\/blog\/wp-content\/uploads\/2026\/08\/image-11-150x79.png 150w, https:\/\/www.grupomedcof.com.br\/blog\/wp-content\/uploads\/2026\/08\/image-11-694x367.png 694w\" sizes=\"auto, (max-width: 768px) 100vw, 768px\" \/><figcaption class=\"wp-element-caption\">Radiografia do t\u00f3rax em incid\u00eancia posteroanterior (em A) e em perfil (em B) mostrando opacidade com redu\u00e7\u00e3o volum\u00e9trica do lobo superior esquerdo por atelectasia. Fonte: <a href=\"https:\/\/doi.org\/10.36416\/1806-3756\/e20230064\">https:\/\/doi.org\/10.36416\/1806-3756\/e20230064<\/a>&nbsp;<\/figcaption><\/figure>\n\n\n\n<h2 id=\"h-como-diagnosticar-e-monitorar-a-pressao-intra-abdominal\" class=\"wp-block-heading\"><strong>Como diagnosticar e monitorar a press\u00e3o intra-abdominal?<\/strong><\/h2>\n\n\n\n<p class=\"wp-block-paragraph\">O diagn\u00f3stico exige alto \u00edndice de suspei\u00e7\u00e3o em pacientes com abdome tenso, distendido e piora cl\u00ednica inexplicada \u2014 hipotens\u00e3o, choque ou olig\u00faria. A confirma\u00e7\u00e3o depende da medida objetiva da press\u00e3o:<\/p>\n\n\n\n<ol class=\"wp-block-list\">\n<li><strong>Padr\u00e3o-ouro:<\/strong> a <strong>medida da PIA<\/strong> \u00e9 feita de forma indireta, por cateter intravesical de demora.<\/li>\n\n\n\n<li><strong>T\u00e9cnica:<\/strong> o transdutor deve ser zerado na altura da s\u00ednfise p\u00fabica.<\/li>\n\n\n\n<li><strong>Diagn\u00f3stico diferencial:<\/strong> \u00e9 preciso excluir causas como seda\u00e7\u00e3o insuficiente (esfor\u00e7o muscular) e grandes volumes de l\u00edquido livre intra-abdominal.<\/li>\n<\/ol>\n\n\n\n<h2 id=\"h-qual-o-tratamento-da-sindrome-compartimental-abdominal\" class=\"wp-block-heading\"><strong>Qual o tratamento da s\u00edndrome compartimental abdominal?<\/strong><\/h2>\n\n\n\n<p class=\"wp-block-paragraph\">A conduta se organiza em duas frentes, escolhidas conforme a gravidade e a resposta cl\u00ednica.<\/p>\n\n\n\n<h3 id=\"h-tratamento-clinico\" class=\"wp-block-heading\"><strong>Tratamento cl\u00ednico<\/strong><\/h3>\n\n\n\n<p class=\"wp-block-paragraph\">Indicado para otimizar a complac\u00eancia abdominal e reduzir o volume intraluminal:<\/p>\n\n\n\n<ol class=\"wp-block-list\">\n<li><strong>Seda\u00e7\u00e3o e analgesia otimizadas:<\/strong> reduzem a tens\u00e3o da musculatura da parede.<\/li>\n\n\n\n<li><strong>Descompress\u00e3o de \u00f3rg\u00e3os:<\/strong> sonda nasog\u00e1strica (SNG), sonda retal e pr\u00f3-cin\u00e9ticos.<\/li>\n\n\n\n<li><strong>Bloqueio neuromuscular:<\/strong> considerar em casos de dif\u00edcil controle.<\/li>\n\n\n\n<li><strong>Drenagem de l\u00edquidos:<\/strong> paracentese para cole\u00e7\u00f5es ou ascite.<\/li>\n\n\n\n<li><strong>Controle h\u00eddrico:<\/strong> evitar balan\u00e7o h\u00eddrico positivo; considerar di\u00e1lise se necess\u00e1rio.<\/li>\n\n\n\n<li><strong>Posicionamento:<\/strong> manter a cabeceira em, no m\u00e1ximo, 30\u00b0.<\/li>\n<\/ol>\n\n\n\n<h3 id=\"h-tratamento-cirurgico\" class=\"wp-block-heading\"><strong>Tratamento cir\u00fargico<\/strong><\/h3>\n\n\n\n<p class=\"wp-block-paragraph\">A <strong>descompress\u00e3o cir\u00fargica<\/strong> \u00e9 a conduta definitiva na SCA estabelecida ou na HIA persistentemente elevada (graus III e IV) com disfun\u00e7\u00f5es graves, como choque. O procedimento \u00e9 a <strong>peritoneostomia<\/strong> (abdome aberto), que alivia imediatamente a press\u00e3o e permite tratar a patologia de base, com reabordagem programada.<\/p>\n\n\n\n<h2 id=\"h-conquiste-sua-vaga-na-residencia-com-a-medcof\" class=\"wp-block-heading\"><strong>Conquiste sua vaga na resid\u00eancia com a MedCof<\/strong><\/h2>\n\n\n\n<p class=\"wp-block-paragraph\">Temas como a s\u00edndrome compartimental abdominal re\u00fanem exatamente o que as bancas cobram: fisiologia aplicada, decis\u00e3o diagn\u00f3stica e conduta cir\u00fargica objetiva. Dominar esse padr\u00e3o de cobran\u00e7a \u00e9 o que separa uma boa prova de uma prova de aprova\u00e7\u00e3o.<\/p>\n\n\n\n<p class=\"wp-block-paragraph\">Na MedCof, voc\u00ea estuda os temas recorrentes de cirurgia e medicina intensiva com material atualizado e trilhas voltadas ao seu foco de especialidade. Conhe\u00e7a os cursos e prepare-se para conquistar sua vaga.<\/p>\n\n\n\n<figure class=\"wp-block-image size-large\"><a href=\"https:\/\/www.grupomedcof.com.br\/cofletters\/?clientId=&amp;utm_campaign=newsletter&amp;utm_medium=banner&amp;utm_source=blog&amp;utm_content=inscricao#https:\/\/www.grupomedcof.com.br\/blog\/\" target=\"_blank\" rel=\" noopener\"><img loading=\"lazy\" decoding=\"async\" width=\"1024\" height=\"320\" src=\"https:\/\/www.grupomedcof.com.br\/blog\/wp-content\/uploads\/2025\/11\/Banner-MedCof-Plus-2200x460-11-1343x420-1-1024x320.png\" alt=\"banner\" class=\"wp-image-39227\" srcset=\"https:\/\/www.grupomedcof.com.br\/blog\/wp-content\/uploads\/2025\/11\/Banner-MedCof-Plus-2200x460-11-1343x420-1-1024x320.png 1024w, https:\/\/www.grupomedcof.com.br\/blog\/wp-content\/uploads\/2025\/11\/Banner-MedCof-Plus-2200x460-11-1343x420-1-300x94.png 300w, https:\/\/www.grupomedcof.com.br\/blog\/wp-content\/uploads\/2025\/11\/Banner-MedCof-Plus-2200x460-11-1343x420-1-768x240.png 768w, https:\/\/www.grupomedcof.com.br\/blog\/wp-content\/uploads\/2025\/11\/Banner-MedCof-Plus-2200x460-11-1343x420-1-150x47.png 150w, https:\/\/www.grupomedcof.com.br\/blog\/wp-content\/uploads\/2025\/11\/Banner-MedCof-Plus-2200x460-11-1343x420-1-696x218.png 696w, https:\/\/www.grupomedcof.com.br\/blog\/wp-content\/uploads\/2025\/11\/Banner-MedCof-Plus-2200x460-11-1343x420-1-1068x334.png 1068w, https:\/\/www.grupomedcof.com.br\/blog\/wp-content\/uploads\/2025\/11\/Banner-MedCof-Plus-2200x460-11-1343x420-1.png 1343w\" sizes=\"auto, (max-width: 1024px) 100vw, 1024px\" \/><\/a><\/figure>\n\n\n\n<h2 id=\"h-perguntas-frequentes-sobre-sindrome-compartimental-abdominal\" class=\"wp-block-heading\"><strong>Perguntas frequentes sobre s\u00edndrome compartimental abdominal<\/strong><\/h2>\n\n\n\n<h3 id=\"h-a-partir-de-qual-pressao-intra-abdominal-se-define-hia\" class=\"wp-block-heading\"><strong>A partir de qual press\u00e3o intra-abdominal se define HIA?<\/strong><\/h3>\n\n\n\n<p class=\"wp-block-paragraph\">A hipertens\u00e3o intra-abdominal \u00e9 definida por valores sustentados de PIA acima de 12 mmHg, sendo a PIA fisiol\u00f3gica no paciente cr\u00edtico de 5 a 7 mmHg.<\/p>\n\n\n\n<h3 id=\"h-qual-a-diferenca-entre-hia-e-sindrome-compartimental-abdominal\" class=\"wp-block-heading\"><strong>Qual a diferen\u00e7a entre HIA e s\u00edndrome compartimental abdominal?<\/strong><\/h3>\n\n\n\n<p class=\"wp-block-paragraph\">A HIA \u00e9 a eleva\u00e7\u00e3o sustentada da PIA. A SCA \u00e9 a HIA de grau III ou IV associada a uma disfun\u00e7\u00e3o org\u00e2nica nova, com fal\u00eancia de \u00f3rg\u00e3o.<\/p>\n\n\n\n<h3 id=\"h-como-se-mede-a-pressao-intra-abdominal\" class=\"wp-block-heading\"><strong>Como se mede a press\u00e3o intra-abdominal?<\/strong><\/h3>\n\n\n\n<p class=\"wp-block-paragraph\">O padr\u00e3o-ouro \u00e9 a medida indireta por cateter intravesical de demora, com o transdutor zerado na altura da s\u00ednfise p\u00fabica.<\/p>\n\n\n\n<h3 id=\"h-o-que-e-peritoneostomia\" class=\"wp-block-heading\"><strong>O que \u00e9 peritoneostomia?<\/strong><\/h3>\n\n\n\n<p class=\"wp-block-paragraph\">\u00c9 a descompress\u00e3o cir\u00fargica com abdome aberto, indicada na SCA estabelecida para aliviar a press\u00e3o de imediato e tratar a causa de base.<\/p>\n","protected":false},"excerpt":{"rendered":"<p>Entenda a s\u00edndrome compartimental abdominal: graus, causas, diagn\u00f3stico e tratamento. Domine esse tema recorrente na resid\u00eancia com a MedCof.<\/p>\n","protected":false},"author":21,"featured_media":48726,"comment_status":"closed","ping_status":"closed","sticky":false,"template":"","format":"standard","meta":{"footnotes":""},"categories":[135],"tags":[4563,4562,4564,4565],"ppma_author":[3924,3897],"class_list":["post-48725","post","type-post","status-publish","format-standard","has-post-thumbnail","category-cirurgia-geral","tag-pam","tag-pia","tag-ppc","tag-sca"],"yoast_head":"<!-- This site is optimized with the Yoast SEO Premium plugin v28.1 (Yoast SEO v28.3) - https:\/\/yoast.com\/product\/yoast-seo-premium-wordpress\/ -->\n<title>S\u00edndrome Compartimental Abdominal: guia cl\u00ednico completo<\/title>\n<meta name=\"description\" content=\"Entenda a s\u00edndrome compartimental abdominal: graus, causas, diagn\u00f3stico e tratamento. Domine esse tema recorrente na resid\u00eancia com a MedCof.\" \/>\n<meta name=\"robots\" content=\"index, follow, max-snippet:-1, max-image-preview:large, max-video-preview:-1\" \/>\n<link rel=\"canonical\" href=\"https:\/\/www.grupomedcof.com.br\/blog\/sindrome-compartimental-abdominal-diagnostico-e-conduta\/\" \/>\n<meta property=\"og:locale\" content=\"pt_BR\" \/>\n<meta property=\"og:type\" content=\"article\" \/>\n<meta property=\"og:title\" content=\"S\u00edndrome Compartimental Abdominal: diagn\u00f3stico e conduta\" \/>\n<meta property=\"og:description\" content=\"Entenda a s\u00edndrome compartimental abdominal: graus, causas, diagn\u00f3stico e tratamento. Domine esse tema recorrente na resid\u00eancia com a MedCof.\" \/>\n<meta property=\"og:url\" content=\"https:\/\/www.grupomedcof.com.br\/blog\/sindrome-compartimental-abdominal-diagnostico-e-conduta\/\" \/>\n<meta property=\"og:site_name\" content=\"Blog de Medcof: conte\u00fados, editais, revalida e mais!\" \/>\n<meta property=\"article:publisher\" content=\"https:\/\/www.facebook.com\/MedCofQbank\/\" \/>\n<meta property=\"article:published_time\" content=\"2026-08-31T13:01:41+00:00\" \/>\n<meta property=\"article:modified_time\" content=\"2026-08-31T13:01:43+00:00\" \/>\n<meta property=\"og:image\" content=\"https:\/\/www.grupomedcof.com.br\/blog\/wp-content\/uploads\/2026\/08\/Blog-MedCof-2026-08-31T094659.317.jpg\" \/>\n\t<meta property=\"og:image:width\" content=\"1920\" \/>\n\t<meta property=\"og:image:height\" content=\"1080\" \/>\n\t<meta property=\"og:image:type\" content=\"image\/jpeg\" \/>\n<meta name=\"author\" content=\"Kiara Adelino, Henrique Simonsen Lunardelli\" \/>\n<meta name=\"twitter:card\" content=\"summary_large_image\" \/>\n<meta name=\"twitter:label1\" content=\"Escrito por\" \/>\n\t<meta name=\"twitter:data1\" content=\"Kiara Adelino\" \/>\n\t<meta name=\"twitter:label2\" content=\"Est. tempo de leitura\" \/>\n\t<meta name=\"twitter:data2\" content=\"7 minutos\" \/>\n<script type=\"application\/ld+json\" class=\"yoast-schema-graph\">{\"@context\":\"https:\\\/\\\/schema.org\",\"@graph\":[{\"@type\":\"Article\",\"@id\":\"https:\\\/\\\/www.grupomedcof.com.br\\\/blog\\\/sindrome-compartimental-abdominal-diagnostico-e-conduta\\\/#article\",\"isPartOf\":{\"@id\":\"https:\\\/\\\/www.grupomedcof.com.br\\\/blog\\\/sindrome-compartimental-abdominal-diagnostico-e-conduta\\\/\"},\"author\":{\"name\":\"Kiara Adelino\",\"@id\":\"https:\\\/\\\/www.grupomedcof.com.br\\\/blog\\\/#\\\/schema\\\/person\\\/fe785b3af705d0d9e7a8dc31ff9a5e6d\"},\"headline\":\"S\u00edndrome Compartimental Abdominal: diagn\u00f3stico e conduta\",\"datePublished\":\"2026-08-31T13:01:41+00:00\",\"dateModified\":\"2026-08-31T13:01:43+00:00\",\"mainEntityOfPage\":{\"@id\":\"https:\\\/\\\/www.grupomedcof.com.br\\\/blog\\\/sindrome-compartimental-abdominal-diagnostico-e-conduta\\\/\"},\"wordCount\":1077,\"publisher\":{\"@id\":\"https:\\\/\\\/www.grupomedcof.com.br\\\/blog\\\/#organization\"},\"image\":{\"@id\":\"https:\\\/\\\/www.grupomedcof.com.br\\\/blog\\\/sindrome-compartimental-abdominal-diagnostico-e-conduta\\\/#primaryimage\"},\"thumbnailUrl\":\"https:\\\/\\\/www.grupomedcof.com.br\\\/blog\\\/wp-content\\\/uploads\\\/2026\\\/08\\\/Blog-MedCof-2026-08-31T094659.317.jpg\",\"keywords\":[\"PAM\",\"PIA\",\"PPC\",\"SCA\"],\"articleSection\":[\"Cirurgia Geral\"],\"inLanguage\":\"pt-BR\"},{\"@type\":\"WebPage\",\"@id\":\"https:\\\/\\\/www.grupomedcof.com.br\\\/blog\\\/sindrome-compartimental-abdominal-diagnostico-e-conduta\\\/\",\"url\":\"https:\\\/\\\/www.grupomedcof.com.br\\\/blog\\\/sindrome-compartimental-abdominal-diagnostico-e-conduta\\\/\",\"name\":\"S\u00edndrome Compartimental Abdominal: guia cl\u00ednico completo\",\"isPartOf\":{\"@id\":\"https:\\\/\\\/www.grupomedcof.com.br\\\/blog\\\/#website\"},\"primaryImageOfPage\":{\"@id\":\"https:\\\/\\\/www.grupomedcof.com.br\\\/blog\\\/sindrome-compartimental-abdominal-diagnostico-e-conduta\\\/#primaryimage\"},\"image\":{\"@id\":\"https:\\\/\\\/www.grupomedcof.com.br\\\/blog\\\/sindrome-compartimental-abdominal-diagnostico-e-conduta\\\/#primaryimage\"},\"thumbnailUrl\":\"https:\\\/\\\/www.grupomedcof.com.br\\\/blog\\\/wp-content\\\/uploads\\\/2026\\\/08\\\/Blog-MedCof-2026-08-31T094659.317.jpg\",\"datePublished\":\"2026-08-31T13:01:41+00:00\",\"dateModified\":\"2026-08-31T13:01:43+00:00\",\"description\":\"Entenda a s\u00edndrome compartimental abdominal: graus, causas, diagn\u00f3stico e tratamento. Domine esse tema recorrente na resid\u00eancia com a MedCof.\",\"breadcrumb\":{\"@id\":\"https:\\\/\\\/www.grupomedcof.com.br\\\/blog\\\/sindrome-compartimental-abdominal-diagnostico-e-conduta\\\/#breadcrumb\"},\"inLanguage\":\"pt-BR\",\"potentialAction\":[{\"@type\":\"ReadAction\",\"target\":[\"https:\\\/\\\/www.grupomedcof.com.br\\\/blog\\\/sindrome-compartimental-abdominal-diagnostico-e-conduta\\\/\"]}]},{\"@type\":\"ImageObject\",\"inLanguage\":\"pt-BR\",\"@id\":\"https:\\\/\\\/www.grupomedcof.com.br\\\/blog\\\/sindrome-compartimental-abdominal-diagnostico-e-conduta\\\/#primaryimage\",\"url\":\"https:\\\/\\\/www.grupomedcof.com.br\\\/blog\\\/wp-content\\\/uploads\\\/2026\\\/08\\\/Blog-MedCof-2026-08-31T094659.317.jpg\",\"contentUrl\":\"https:\\\/\\\/www.grupomedcof.com.br\\\/blog\\\/wp-content\\\/uploads\\\/2026\\\/08\\\/Blog-MedCof-2026-08-31T094659.317.jpg\",\"width\":1920,\"height\":1080},{\"@type\":\"BreadcrumbList\",\"@id\":\"https:\\\/\\\/www.grupomedcof.com.br\\\/blog\\\/sindrome-compartimental-abdominal-diagnostico-e-conduta\\\/#breadcrumb\",\"itemListElement\":[{\"@type\":\"ListItem\",\"position\":1,\"name\":\"In\u00edcio\",\"item\":\"https:\\\/\\\/www.grupomedcof.com.br\\\/blog\\\/\"},{\"@type\":\"ListItem\",\"position\":2,\"name\":\"S\u00edndrome Compartimental Abdominal: diagn\u00f3stico e conduta\"}]},{\"@type\":\"WebSite\",\"@id\":\"https:\\\/\\\/www.grupomedcof.com.br\\\/blog\\\/#website\",\"url\":\"https:\\\/\\\/www.grupomedcof.com.br\\\/blog\\\/\",\"name\":\"Blog de Medcof: conte\u00fados, editais, revalida e mais!\",\"description\":\"Acesso o blog de MedCof! Seu portal de conte\u00fados sobre resid\u00eancia m\u00e9dica, an\u00e1lise e editais e muito mais. Clique e confira!\",\"publisher\":{\"@id\":\"https:\\\/\\\/www.grupomedcof.com.br\\\/blog\\\/#organization\"},\"alternateName\":\"Blog de Medcof: conte\u00fados, editais, revalida e mais!\",\"potentialAction\":[{\"@type\":\"SearchAction\",\"target\":{\"@type\":\"EntryPoint\",\"urlTemplate\":\"https:\\\/\\\/www.grupomedcof.com.br\\\/blog\\\/?s={search_term_string}\"},\"query-input\":{\"@type\":\"PropertyValueSpecification\",\"valueRequired\":true,\"valueName\":\"search_term_string\"}}],\"inLanguage\":\"pt-BR\"},{\"@type\":\"Organization\",\"@id\":\"https:\\\/\\\/www.grupomedcof.com.br\\\/blog\\\/#organization\",\"name\":\"Grupo MedCof\",\"url\":\"https:\\\/\\\/www.grupomedcof.com.br\\\/blog\\\/\",\"logo\":{\"@type\":\"ImageObject\",\"inLanguage\":\"pt-BR\",\"@id\":\"https:\\\/\\\/www.grupomedcof.com.br\\\/blog\\\/#\\\/schema\\\/logo\\\/image\\\/\",\"url\":\"https:\\\/\\\/www.grupomedcof.com.br\\\/blog\\\/wp-content\\\/uploads\\\/2022\\\/01\\\/logo-medcof.png\",\"contentUrl\":\"https:\\\/\\\/www.grupomedcof.com.br\\\/blog\\\/wp-content\\\/uploads\\\/2022\\\/01\\\/logo-medcof.png\",\"width\":768,\"height\":269,\"caption\":\"Grupo MedCof\"},\"image\":{\"@id\":\"https:\\\/\\\/www.grupomedcof.com.br\\\/blog\\\/#\\\/schema\\\/logo\\\/image\\\/\"},\"sameAs\":[\"https:\\\/\\\/www.facebook.com\\\/MedCofQbank\\\/\",\"https:\\\/\\\/www.instagram.com\\\/grupomedcof\\\/\",\"https:\\\/\\\/br.linkedin.com\\\/company\\\/medcof\",\"https:\\\/\\\/www.youtube.com\\\/channel\\\/UCdHMuOHKICxcHwecxN8P-AA\"]},{\"@type\":\"Person\",\"@id\":\"https:\\\/\\\/www.grupomedcof.com.br\\\/blog\\\/#\\\/schema\\\/person\\\/fe785b3af705d0d9e7a8dc31ff9a5e6d\",\"name\":\"Kiara Adelino\",\"image\":{\"@type\":\"ImageObject\",\"inLanguage\":\"pt-BR\",\"@id\":\"https:\\\/\\\/www.grupomedcof.com.br\\\/blog\\\/wp-content\\\/uploads\\\/2024\\\/08\\\/cropped-Kiara-Adelino2-96x96.jpega85663bdda67261f8f06f86e555e1e49\",\"url\":\"https:\\\/\\\/www.grupomedcof.com.br\\\/blog\\\/wp-content\\\/uploads\\\/2024\\\/08\\\/cropped-Kiara-Adelino2-96x96.jpeg\",\"contentUrl\":\"https:\\\/\\\/www.grupomedcof.com.br\\\/blog\\\/wp-content\\\/uploads\\\/2024\\\/08\\\/cropped-Kiara-Adelino2-96x96.jpeg\",\"caption\":\"Kiara Adelino\"},\"description\":\"Estudante do 6\u00b0 semestre de Medicina. Gosto bastante de aprender coisas novas, principalmente na \u00e1rea de Neurologia e Anatomia humana.\",\"url\":\"https:\\\/\\\/www.grupomedcof.com.br\\\/blog\\\/author\\\/kiara-adelino\\\/\"}]}<\/script>\n<!-- \/ Yoast SEO Premium plugin. -->","yoast_head_json":{"title":"S\u00edndrome Compartimental Abdominal: guia cl\u00ednico completo","description":"Entenda a s\u00edndrome compartimental abdominal: graus, causas, diagn\u00f3stico e tratamento. Domine esse tema recorrente na resid\u00eancia com a MedCof.","robots":{"index":"index","follow":"follow","max-snippet":"max-snippet:-1","max-image-preview":"max-image-preview:large","max-video-preview":"max-video-preview:-1"},"canonical":"https:\/\/www.grupomedcof.com.br\/blog\/sindrome-compartimental-abdominal-diagnostico-e-conduta\/","og_locale":"pt_BR","og_type":"article","og_title":"S\u00edndrome Compartimental Abdominal: diagn\u00f3stico e conduta","og_description":"Entenda a s\u00edndrome compartimental abdominal: graus, causas, diagn\u00f3stico e tratamento. Domine esse tema recorrente na resid\u00eancia com a MedCof.","og_url":"https:\/\/www.grupomedcof.com.br\/blog\/sindrome-compartimental-abdominal-diagnostico-e-conduta\/","og_site_name":"Blog de Medcof: conte\u00fados, editais, revalida e mais!","article_publisher":"https:\/\/www.facebook.com\/MedCofQbank\/","article_published_time":"2026-08-31T13:01:41+00:00","article_modified_time":"2026-08-31T13:01:43+00:00","og_image":[{"width":1920,"height":1080,"url":"https:\/\/www.grupomedcof.com.br\/blog\/wp-content\/uploads\/2026\/08\/Blog-MedCof-2026-08-31T094659.317.jpg","type":"image\/jpeg"}],"author":"Kiara Adelino, Henrique Simonsen Lunardelli","twitter_card":"summary_large_image","twitter_misc":{"Escrito por":"Kiara Adelino","Est. tempo de leitura":"7 minutos"},"schema":{"@context":"https:\/\/schema.org","@graph":[{"@type":"Article","@id":"https:\/\/www.grupomedcof.com.br\/blog\/sindrome-compartimental-abdominal-diagnostico-e-conduta\/#article","isPartOf":{"@id":"https:\/\/www.grupomedcof.com.br\/blog\/sindrome-compartimental-abdominal-diagnostico-e-conduta\/"},"author":{"name":"Kiara Adelino","@id":"https:\/\/www.grupomedcof.com.br\/blog\/#\/schema\/person\/fe785b3af705d0d9e7a8dc31ff9a5e6d"},"headline":"S\u00edndrome Compartimental Abdominal: diagn\u00f3stico e conduta","datePublished":"2026-08-31T13:01:41+00:00","dateModified":"2026-08-31T13:01:43+00:00","mainEntityOfPage":{"@id":"https:\/\/www.grupomedcof.com.br\/blog\/sindrome-compartimental-abdominal-diagnostico-e-conduta\/"},"wordCount":1077,"publisher":{"@id":"https:\/\/www.grupomedcof.com.br\/blog\/#organization"},"image":{"@id":"https:\/\/www.grupomedcof.com.br\/blog\/sindrome-compartimental-abdominal-diagnostico-e-conduta\/#primaryimage"},"thumbnailUrl":"https:\/\/www.grupomedcof.com.br\/blog\/wp-content\/uploads\/2026\/08\/Blog-MedCof-2026-08-31T094659.317.jpg","keywords":["PAM","PIA","PPC","SCA"],"articleSection":["Cirurgia Geral"],"inLanguage":"pt-BR"},{"@type":"WebPage","@id":"https:\/\/www.grupomedcof.com.br\/blog\/sindrome-compartimental-abdominal-diagnostico-e-conduta\/","url":"https:\/\/www.grupomedcof.com.br\/blog\/sindrome-compartimental-abdominal-diagnostico-e-conduta\/","name":"S\u00edndrome Compartimental Abdominal: guia cl\u00ednico completo","isPartOf":{"@id":"https:\/\/www.grupomedcof.com.br\/blog\/#website"},"primaryImageOfPage":{"@id":"https:\/\/www.grupomedcof.com.br\/blog\/sindrome-compartimental-abdominal-diagnostico-e-conduta\/#primaryimage"},"image":{"@id":"https:\/\/www.grupomedcof.com.br\/blog\/sindrome-compartimental-abdominal-diagnostico-e-conduta\/#primaryimage"},"thumbnailUrl":"https:\/\/www.grupomedcof.com.br\/blog\/wp-content\/uploads\/2026\/08\/Blog-MedCof-2026-08-31T094659.317.jpg","datePublished":"2026-08-31T13:01:41+00:00","dateModified":"2026-08-31T13:01:43+00:00","description":"Entenda a s\u00edndrome compartimental abdominal: graus, causas, diagn\u00f3stico e tratamento. Domine esse tema recorrente na resid\u00eancia com a MedCof.","breadcrumb":{"@id":"https:\/\/www.grupomedcof.com.br\/blog\/sindrome-compartimental-abdominal-diagnostico-e-conduta\/#breadcrumb"},"inLanguage":"pt-BR","potentialAction":[{"@type":"ReadAction","target":["https:\/\/www.grupomedcof.com.br\/blog\/sindrome-compartimental-abdominal-diagnostico-e-conduta\/"]}]},{"@type":"ImageObject","inLanguage":"pt-BR","@id":"https:\/\/www.grupomedcof.com.br\/blog\/sindrome-compartimental-abdominal-diagnostico-e-conduta\/#primaryimage","url":"https:\/\/www.grupomedcof.com.br\/blog\/wp-content\/uploads\/2026\/08\/Blog-MedCof-2026-08-31T094659.317.jpg","contentUrl":"https:\/\/www.grupomedcof.com.br\/blog\/wp-content\/uploads\/2026\/08\/Blog-MedCof-2026-08-31T094659.317.jpg","width":1920,"height":1080},{"@type":"BreadcrumbList","@id":"https:\/\/www.grupomedcof.com.br\/blog\/sindrome-compartimental-abdominal-diagnostico-e-conduta\/#breadcrumb","itemListElement":[{"@type":"ListItem","position":1,"name":"In\u00edcio","item":"https:\/\/www.grupomedcof.com.br\/blog\/"},{"@type":"ListItem","position":2,"name":"S\u00edndrome Compartimental Abdominal: diagn\u00f3stico e conduta"}]},{"@type":"WebSite","@id":"https:\/\/www.grupomedcof.com.br\/blog\/#website","url":"https:\/\/www.grupomedcof.com.br\/blog\/","name":"Blog de Medcof: conte\u00fados, editais, revalida e mais!","description":"Acesso o blog de MedCof! Seu portal de conte\u00fados sobre resid\u00eancia m\u00e9dica, an\u00e1lise e editais e muito mais. Clique e confira!","publisher":{"@id":"https:\/\/www.grupomedcof.com.br\/blog\/#organization"},"alternateName":"Blog de Medcof: conte\u00fados, editais, revalida e mais!","potentialAction":[{"@type":"SearchAction","target":{"@type":"EntryPoint","urlTemplate":"https:\/\/www.grupomedcof.com.br\/blog\/?s={search_term_string}"},"query-input":{"@type":"PropertyValueSpecification","valueRequired":true,"valueName":"search_term_string"}}],"inLanguage":"pt-BR"},{"@type":"Organization","@id":"https:\/\/www.grupomedcof.com.br\/blog\/#organization","name":"Grupo MedCof","url":"https:\/\/www.grupomedcof.com.br\/blog\/","logo":{"@type":"ImageObject","inLanguage":"pt-BR","@id":"https:\/\/www.grupomedcof.com.br\/blog\/#\/schema\/logo\/image\/","url":"https:\/\/www.grupomedcof.com.br\/blog\/wp-content\/uploads\/2022\/01\/logo-medcof.png","contentUrl":"https:\/\/www.grupomedcof.com.br\/blog\/wp-content\/uploads\/2022\/01\/logo-medcof.png","width":768,"height":269,"caption":"Grupo MedCof"},"image":{"@id":"https:\/\/www.grupomedcof.com.br\/blog\/#\/schema\/logo\/image\/"},"sameAs":["https:\/\/www.facebook.com\/MedCofQbank\/","https:\/\/www.instagram.com\/grupomedcof\/","https:\/\/br.linkedin.com\/company\/medcof","https:\/\/www.youtube.com\/channel\/UCdHMuOHKICxcHwecxN8P-AA"]},{"@type":"Person","@id":"https:\/\/www.grupomedcof.com.br\/blog\/#\/schema\/person\/fe785b3af705d0d9e7a8dc31ff9a5e6d","name":"Kiara Adelino","image":{"@type":"ImageObject","inLanguage":"pt-BR","@id":"https:\/\/www.grupomedcof.com.br\/blog\/wp-content\/uploads\/2024\/08\/cropped-Kiara-Adelino2-96x96.jpega85663bdda67261f8f06f86e555e1e49","url":"https:\/\/www.grupomedcof.com.br\/blog\/wp-content\/uploads\/2024\/08\/cropped-Kiara-Adelino2-96x96.jpeg","contentUrl":"https:\/\/www.grupomedcof.com.br\/blog\/wp-content\/uploads\/2024\/08\/cropped-Kiara-Adelino2-96x96.jpeg","caption":"Kiara Adelino"},"description":"Estudante do 6\u00b0 semestre de Medicina. Gosto bastante de aprender coisas novas, principalmente na \u00e1rea de Neurologia e Anatomia humana.","url":"https:\/\/www.grupomedcof.com.br\/blog\/author\/kiara-adelino\/"}]}},"authors":[{"term_id":3924,"user_id":21,"is_guest":0,"slug":"kiara-adelino","display_name":"Kiara Adelino","avatar_url":"https:\/\/www.grupomedcof.com.br\/blog\/wp-content\/uploads\/2024\/08\/cropped-Kiara-Adelino2-96x96.jpeg","0":null,"1":"","2":"","3":"","4":"","5":"","6":"","7":"","8":""},{"term_id":3897,"user_id":55,"is_guest":0,"slug":"henrique-simonsen-lunardelli","display_name":"Henrique Simonsen Lunardelli","avatar_url":{"url":"https:\/\/www.grupomedcof.com.br\/blog\/wp-content\/uploads\/2026\/05\/Foto-27-04-2025-11-03-15-1-scaled-e1779299440319.jpg","url2x":"https:\/\/www.grupomedcof.com.br\/blog\/wp-content\/uploads\/2026\/05\/Foto-27-04-2025-11-03-15-1-scaled-e1779299440319.jpg"},"0":null,"1":"","2":"","3":"","4":"","5":"","6":"","7":"","8":""}],"_links":{"self":[{"href":"https:\/\/www.grupomedcof.com.br\/blog\/wp-json\/wp\/v2\/posts\/48725","targetHints":{"allow":["GET"]}}],"collection":[{"href":"https:\/\/www.grupomedcof.com.br\/blog\/wp-json\/wp\/v2\/posts"}],"about":[{"href":"https:\/\/www.grupomedcof.com.br\/blog\/wp-json\/wp\/v2\/types\/post"}],"author":[{"embeddable":true,"href":"https:\/\/www.grupomedcof.com.br\/blog\/wp-json\/wp\/v2\/users\/21"}],"replies":[{"embeddable":true,"href":"https:\/\/www.grupomedcof.com.br\/blog\/wp-json\/wp\/v2\/comments?post=48725"}],"version-history":[{"count":2,"href":"https:\/\/www.grupomedcof.com.br\/blog\/wp-json\/wp\/v2\/posts\/48725\/revisions"}],"predecessor-version":[{"id":48730,"href":"https:\/\/www.grupomedcof.com.br\/blog\/wp-json\/wp\/v2\/posts\/48725\/revisions\/48730"}],"wp:featuredmedia":[{"embeddable":true,"href":"https:\/\/www.grupomedcof.com.br\/blog\/wp-json\/wp\/v2\/media\/48726"}],"wp:attachment":[{"href":"https:\/\/www.grupomedcof.com.br\/blog\/wp-json\/wp\/v2\/media?parent=48725"}],"wp:term":[{"taxonomy":"category","embeddable":true,"href":"https:\/\/www.grupomedcof.com.br\/blog\/wp-json\/wp\/v2\/categories?post=48725"},{"taxonomy":"post_tag","embeddable":true,"href":"https:\/\/www.grupomedcof.com.br\/blog\/wp-json\/wp\/v2\/tags?post=48725"},{"taxonomy":"author","embeddable":true,"href":"https:\/\/www.grupomedcof.com.br\/blog\/wp-json\/wp\/v2\/ppma_author?post=48725"}],"curies":[{"name":"wp","href":"https:\/\/api.w.org\/{rel}","templated":true}]}}