{"id":48731,"date":"2026-08-31T14:01:39","date_gmt":"2026-08-31T17:01:39","guid":{"rendered":"https:\/\/www.grupomedcof.com.br\/blog\/?p=48731"},"modified":"2026-08-31T14:01:42","modified_gmt":"2026-08-31T17:01:42","slug":"medcof-cirurgia-no-25o-congresso-paulista-de-cirurgia-cbcsp-2026","status":"publish","type":"post","link":"https:\/\/www.grupomedcof.com.br\/blog\/medcof-cirurgia-no-25o-congresso-paulista-de-cirurgia-cbcsp-2026\/","title":{"rendered":"MedCof Cirurgia no 25\u00ba Congresso Paulista de Cirurgia (CBCSP 2026)"},"content":{"rendered":"\n<figure class=\"wp-block-image size-large\"><img loading=\"lazy\" decoding=\"async\" width=\"1024\" height=\"733\" src=\"https:\/\/www.grupomedcof.com.br\/blog\/wp-content\/uploads\/2026\/08\/IMG_3384-scaled-e1788194297780-1024x733.jpg\" alt=\"25\u00ba Congresso Paulista de Cirurgia \u2013 CBCSP2026\" class=\"wp-image-48732\" srcset=\"https:\/\/www.grupomedcof.com.br\/blog\/wp-content\/uploads\/2026\/08\/IMG_3384-scaled-e1788194297780-1024x733.jpg 1024w, https:\/\/www.grupomedcof.com.br\/blog\/wp-content\/uploads\/2026\/08\/IMG_3384-scaled-e1788194297780-300x215.jpg 300w, https:\/\/www.grupomedcof.com.br\/blog\/wp-content\/uploads\/2026\/08\/IMG_3384-scaled-e1788194297780-768x550.jpg 768w, https:\/\/www.grupomedcof.com.br\/blog\/wp-content\/uploads\/2026\/08\/IMG_3384-scaled-e1788194297780-1536x1099.jpg 1536w, https:\/\/www.grupomedcof.com.br\/blog\/wp-content\/uploads\/2026\/08\/IMG_3384-scaled-e1788194297780-587x420.jpg 587w, https:\/\/www.grupomedcof.com.br\/blog\/wp-content\/uploads\/2026\/08\/IMG_3384-scaled-e1788194297780-150x107.jpg 150w, https:\/\/www.grupomedcof.com.br\/blog\/wp-content\/uploads\/2026\/08\/IMG_3384-scaled-e1788194297780-696x498.jpg 696w, https:\/\/www.grupomedcof.com.br\/blog\/wp-content\/uploads\/2026\/08\/IMG_3384-scaled-e1788194297780-1068x764.jpg 1068w, https:\/\/www.grupomedcof.com.br\/blog\/wp-content\/uploads\/2026\/08\/IMG_3384-scaled-e1788194297780.jpg 1920w\" sizes=\"auto, (max-width: 1024px) 100vw, 1024px\" \/><\/figure>\n\n\n\n<p class=\"wp-block-paragraph\">O<strong> 25\u00ba Congresso Paulista de Cirurgia (CBCSP 2026)<\/strong> ocorreu em S\u00e3o Paulo, entre os dias 21 e 22 de agosto. O evento foi marcado por tr\u00eas pilares: rob\u00f3tica e o futuro do centro cir\u00fargico; avalia\u00e7\u00e3o baseada em evid\u00eancias; e integra\u00e7\u00e3o essencial entre cirurgi\u00f5es, enfermagem, nutri\u00e7\u00e3o e gest\u00e3o.<\/p>\n\n\n\n<p class=\"wp-block-paragraph\">Pela segunda vez, o CBCSP reuniu uma <strong>programa\u00e7\u00e3o integrada<\/strong> com o Congresso Paulista da Sociedade Brasileira de H\u00e9rnia, o Congresso do Cap\u00edtulo de S\u00e3o Paulo da Sociedade Brasileira de Cirurgia Bari\u00e1trica e Metab\u00f3lica e do XI Congresso de Transplante de f\u00edgado, P\u00e2ncreas e Intestino.<\/p>\n\n\n\n<p class=\"wp-block-paragraph\">A MedCof marcou presen\u00e7a no evento com sua equipe de Cirurgia: o Dr. Henrique Simonsen Lunardelli, Diretor M\u00e9dico de Cirurgia; e Jade Verena, estagi\u00e1ria parceira da MedCof Cirurgia.\u00a0<\/p>\n\n\n\n<figure class=\"wp-block-image size-large\"><a href=\"https:\/\/mcf.onl\/r\/blog-banner-cbc-preparatorio\" target=\"_blank\" rel=\" noopener\"><img loading=\"lazy\" decoding=\"async\" width=\"1024\" height=\"320\" src=\"https:\/\/www.grupomedcof.com.br\/blog\/wp-content\/uploads\/2026\/07\/Banner-MedCof-Plus-2200x460-63-1024x320.png\" alt=\"\" class=\"wp-image-47071\" srcset=\"https:\/\/www.grupomedcof.com.br\/blog\/wp-content\/uploads\/2026\/07\/Banner-MedCof-Plus-2200x460-63-1024x320.png 1024w, https:\/\/www.grupomedcof.com.br\/blog\/wp-content\/uploads\/2026\/07\/Banner-MedCof-Plus-2200x460-63-300x94.png 300w, https:\/\/www.grupomedcof.com.br\/blog\/wp-content\/uploads\/2026\/07\/Banner-MedCof-Plus-2200x460-63-768x240.png 768w, https:\/\/www.grupomedcof.com.br\/blog\/wp-content\/uploads\/2026\/07\/Banner-MedCof-Plus-2200x460-63-1536x480.png 1536w, https:\/\/www.grupomedcof.com.br\/blog\/wp-content\/uploads\/2026\/07\/Banner-MedCof-Plus-2200x460-63-1344x420.png 1344w, https:\/\/www.grupomedcof.com.br\/blog\/wp-content\/uploads\/2026\/07\/Banner-MedCof-Plus-2200x460-63-150x47.png 150w, https:\/\/www.grupomedcof.com.br\/blog\/wp-content\/uploads\/2026\/07\/Banner-MedCof-Plus-2200x460-63-696x218.png 696w, https:\/\/www.grupomedcof.com.br\/blog\/wp-content\/uploads\/2026\/07\/Banner-MedCof-Plus-2200x460-63-1068x334.png 1068w, https:\/\/www.grupomedcof.com.br\/blog\/wp-content\/uploads\/2026\/07\/Banner-MedCof-Plus-2200x460-63.png 1600w\" sizes=\"auto, (max-width: 1024px) 100vw, 1024px\" \/><\/a><\/figure>\n\n\n\n<h2 id=\"h-quais-temas-mais-chamaram-atencao-no-cbcsp-2026\" class=\"wp-block-heading\"><strong>Quais temas mais chamaram aten\u00e7\u00e3o no CBCSP 2026?<\/strong><\/h2>\n\n\n\n<p class=\"wp-block-paragraph\">Segundo Jade, os temas que marcaram o congresso foram: <strong><a href=\"https:\/\/www.grupomedcof.com.br\/blog\/hernia-incisional\/\" data-type=\"post\" data-id=\"41063\" target=\"_blank\" rel=\"noreferrer noopener\">h\u00e9rnias<\/a> da parede abdominal<\/strong>, papel atual das diferentes abordagens cir\u00fargicas, como a <a href=\"https:\/\/www.grupomedcof.com.br\/blog\/grupo-medcof-no-36o-congresso-brasileiro-de-cirurgia\/\" data-type=\"post\" data-id=\"36915\" target=\"_blank\" rel=\"noreferrer noopener\">cirurgia rob\u00f3tica<\/a>, e a seguran\u00e7a durante a colecistectomia.<\/p>\n\n\n\n<p class=\"wp-block-paragraph\">\u201cHouve uma mensagem muito forte no sentido de que o cirurgi\u00e3o precisa <strong>respeitar os limites impostos pela anatomia<\/strong> e pelo processo inflamat\u00f3rio\u201d, refletiu Verena. Desta forma, a obten\u00e7\u00e3o adequada da Critical View of Safety continua sendo um dos pilares para a preven\u00e7\u00e3o de les\u00f5es da via biliar. Por isso, quando ela n\u00e3o pode ser estabelecida com seguran\u00e7a, insistir na dissec\u00e7\u00e3o n\u00e3o deve ser encarado como perseveran\u00e7a t\u00e9cnica.<\/p>\n\n\n\n<p class=\"wp-block-paragraph\">\u201cNesses cen\u00e1rios, \u00e9 fundamental reconhecer precocemente a necessidade de <strong>estrat\u00e9gias de <em>bailout<\/em><\/strong>\u201d, ressalta Jade. \u201ccomo mudan\u00e7a da estrat\u00e9gia de dissec\u00e7\u00e3o, colecistectomia subtotal ou convers\u00e3o, conforme o contexto\u201d.<\/p>\n\n\n\n<p class=\"wp-block-paragraph\">Para Jade, o ponto mais marcante foi entender que a maturidade cir\u00fargica est\u00e1 em saber escolher, adaptar e reconhecer os limites de cada situa\u00e7\u00e3o. Essa postura vale muito mais do que a defesa intransigente de uma t\u00e9cnica espec\u00edfica.<\/p>\n\n\n\n<figure class=\"wp-block-image size-large\"><img loading=\"lazy\" decoding=\"async\" width=\"1024\" height=\"635\" src=\"https:\/\/www.grupomedcof.com.br\/blog\/wp-content\/uploads\/2026\/08\/IMG_3411-scaled-e1788194450565-1024x635.jpg\" alt=\"25\u00ba Congresso Paulista de Cirurgia \u2013 CBCSP2026\" class=\"wp-image-48733\" srcset=\"https:\/\/www.grupomedcof.com.br\/blog\/wp-content\/uploads\/2026\/08\/IMG_3411-scaled-e1788194450565-1024x635.jpg 1024w, https:\/\/www.grupomedcof.com.br\/blog\/wp-content\/uploads\/2026\/08\/IMG_3411-scaled-e1788194450565-300x186.jpg 300w, https:\/\/www.grupomedcof.com.br\/blog\/wp-content\/uploads\/2026\/08\/IMG_3411-scaled-e1788194450565-768x476.jpg 768w, https:\/\/www.grupomedcof.com.br\/blog\/wp-content\/uploads\/2026\/08\/IMG_3411-scaled-e1788194450565-1536x952.jpg 1536w, https:\/\/www.grupomedcof.com.br\/blog\/wp-content\/uploads\/2026\/08\/IMG_3411-scaled-e1788194450565-678x420.jpg 678w, https:\/\/www.grupomedcof.com.br\/blog\/wp-content\/uploads\/2026\/08\/IMG_3411-scaled-e1788194450565-150x93.jpg 150w, https:\/\/www.grupomedcof.com.br\/blog\/wp-content\/uploads\/2026\/08\/IMG_3411-scaled-e1788194450565-696x431.jpg 696w, https:\/\/www.grupomedcof.com.br\/blog\/wp-content\/uploads\/2026\/08\/IMG_3411-scaled-e1788194450565-1068x662.jpg 1068w, https:\/\/www.grupomedcof.com.br\/blog\/wp-content\/uploads\/2026\/08\/IMG_3411-scaled-e1788194450565.jpg 1920w\" sizes=\"auto, (max-width: 1024px) 100vw, 1024px\" \/><\/figure>\n\n\n\n<h2 id=\"h-compromisso-com-a-formacao-medica\" class=\"wp-block-heading\"><strong>Compromisso com a forma\u00e7\u00e3o m\u00e9dica<\/strong><\/h2>\n\n\n\n<p class=\"wp-block-paragraph\">Assim, a <strong>participa\u00e7\u00e3o da MedCof no CBCSP 2026<\/strong> refor\u00e7a o compromisso da institui\u00e7\u00e3o com a atualiza\u00e7\u00e3o cient\u00edfica cont\u00ednua. Mas acima de tudo, com a prepara\u00e7\u00e3o de m\u00e9dicos para os principais desafios da especialidade.<\/p>\n\n\n\n<p class=\"wp-block-paragraph\">Al\u00e9m disso, garante que seus alunos tenham acesso a conte\u00fados fundamentados nas evid\u00eancias mais recentes e nas tend\u00eancias que devem orientar o futuro da pr\u00e1tica cl\u00ednica e das avalia\u00e7\u00f5es profissionais.<\/p>\n\n\n\n<h2 id=\"h-acompanhe-a-cobertura-completa-do-grupo-medcof\" class=\"wp-block-heading\"><strong>Acompanhe a cobertura completa do Grupo MedCof<\/strong><\/h2>\n\n\n\n<p class=\"wp-block-paragraph\">Estamos trazendo os <strong>principais destaques do CBCSP<\/strong> para os nossos canais oficiais. Para n\u00e3o perder nada, n\u00e3o deixe de espiar as principais informa\u00e7\u00f5es em:<\/p>\n\n\n\n<ul class=\"wp-block-list\">\n<li>Instagram: <strong>@grupomedcof e @papodecirurgiao<\/strong><\/li>\n<\/ul>\n\n\n\n<figure class=\"wp-block-embed is-type-video is-provider-youtube wp-block-embed-youtube wp-embed-aspect-16-9 wp-has-aspect-ratio\"><div class=\"wp-block-embed__wrapper\">\n<iframe loading=\"lazy\" title=\"Como se diferenciar no mercado cir\u00fargico em 2026: carreira e Urologia #PapodeCirurgiao\" width=\"696\" height=\"392\" src=\"https:\/\/www.youtube.com\/embed\/bAlIodUtv_E?feature=oembed\" frameborder=\"0\" allow=\"accelerometer; autoplay; clipboard-write; encrypted-media; gyroscope; picture-in-picture; web-share\" referrerpolicy=\"strict-origin-when-cross-origin\" allowfullscreen><\/iframe>\n<\/div><\/figure>\n","protected":false},"excerpt":{"rendered":"<p>O 25\u00ba Congresso Paulista de Cirurgia (CBCSP 2026) ocorreu em S\u00e3o Paulo, entre os dias 21 e 22 de agosto. O evento foi marcado por tr\u00eas pilares: rob\u00f3tica e o futuro do centro cir\u00fargico; avalia\u00e7\u00e3o baseada em evid\u00eancias; e integra\u00e7\u00e3o essencial entre cirurgi\u00f5es, enfermagem, nutri\u00e7\u00e3o e gest\u00e3o.<\/p>\n","protected":false},"author":41,"featured_media":48732,"comment_status":"closed","ping_status":"closed","sticky":false,"template":"","format":"standard","meta":{"footnotes":""},"categories":[135,3771,173],"tags":[4566,4567,4569,4568,68,1496,4570],"ppma_author":[3629],"class_list":["post-48731","post","type-post","status-publish","format-standard","has-post-thumbnail","category-cirurgia-geral","category-congressos","category-novidades","tag-25o-congresso-paulista-de-cirurgia","tag-cbcsp-2026","tag-congresso-do-capitulo-de-sao-paulo-da-sociedade-brasileira-de-cirurgia-bariatrica","tag-congresso-paulista-da-sociedade-brasileira-de-hernia","tag-residencia-medica","tag-temas-quentes","tag-xi-congresso-de-transplante-de-figado"],"yoast_head":"<!-- This site is optimized with the Yoast SEO Premium plugin v28.1 (Yoast SEO v28.3) - https:\/\/yoast.com\/product\/yoast-seo-premium-wordpress\/ -->\n<title>MedCof no 25\u00ba Congresso Paulista de Cirurgia (CBCSP 2026)<\/title>\n<meta name=\"description\" content=\"Acompanhe a cobertura da MedCof no 25\u00ba CBCSP e veja os destaques sobre cirurgia rob\u00f3tica, seguran\u00e7a na colecistectomia e avan\u00e7os na cirurgia.\" \/>\n<meta name=\"robots\" content=\"index, follow, max-snippet:-1, max-image-preview:large, max-video-preview:-1\" \/>\n<link rel=\"canonical\" href=\"https:\/\/www.grupomedcof.com.br\/blog\/medcof-cirurgia-no-25o-congresso-paulista-de-cirurgia-cbcsp-2026\/\" \/>\n<meta property=\"og:locale\" content=\"pt_BR\" \/>\n<meta property=\"og:type\" content=\"article\" \/>\n<meta property=\"og:title\" content=\"MedCof Cirurgia no 25\u00ba Congresso Paulista de Cirurgia (CBCSP 2026)\" \/>\n<meta property=\"og:description\" content=\"Acompanhe a cobertura da MedCof no 25\u00ba CBCSP e veja os destaques sobre cirurgia rob\u00f3tica, seguran\u00e7a na colecistectomia e avan\u00e7os na cirurgia.\" \/>\n<meta property=\"og:url\" content=\"https:\/\/www.grupomedcof.com.br\/blog\/medcof-cirurgia-no-25o-congresso-paulista-de-cirurgia-cbcsp-2026\/\" \/>\n<meta property=\"og:site_name\" content=\"Blog de Medcof: conte\u00fados, editais, revalida e mais!\" \/>\n<meta property=\"article:publisher\" content=\"https:\/\/www.facebook.com\/MedCofQbank\/\" \/>\n<meta property=\"article:published_time\" content=\"2026-08-31T17:01:39+00:00\" \/>\n<meta property=\"article:modified_time\" content=\"2026-08-31T17:01:42+00:00\" \/>\n<meta property=\"og:image\" content=\"https:\/\/www.grupomedcof.com.br\/blog\/wp-content\/uploads\/2026\/08\/IMG_3384-scaled-e1788194297780.jpg\" \/>\n\t<meta property=\"og:image:width\" content=\"1920\" \/>\n\t<meta property=\"og:image:height\" content=\"1374\" \/>\n\t<meta property=\"og:image:type\" content=\"image\/jpeg\" \/>\n<meta name=\"author\" content=\"Nana N\u00f3brega - Jornalista\" \/>\n<meta name=\"twitter:card\" content=\"summary_large_image\" \/>\n<meta name=\"twitter:label1\" content=\"Escrito por\" \/>\n\t<meta name=\"twitter:data1\" content=\"Nana N\u00f3brega - Jornalista\" \/>\n\t<meta name=\"twitter:label2\" content=\"Est. tempo de leitura\" \/>\n\t<meta name=\"twitter:data2\" content=\"3 minutos\" \/>\n<script type=\"application\/ld+json\" class=\"yoast-schema-graph\">{\"@context\":\"https:\\\/\\\/schema.org\",\"@graph\":[{\"@type\":\"Article\",\"@id\":\"https:\\\/\\\/www.grupomedcof.com.br\\\/blog\\\/medcof-cirurgia-no-25o-congresso-paulista-de-cirurgia-cbcsp-2026\\\/#article\",\"isPartOf\":{\"@id\":\"https:\\\/\\\/www.grupomedcof.com.br\\\/blog\\\/medcof-cirurgia-no-25o-congresso-paulista-de-cirurgia-cbcsp-2026\\\/\"},\"author\":{\"name\":\"Nana N\u00f3brega - Jornalista\",\"@id\":\"https:\\\/\\\/www.grupomedcof.com.br\\\/blog\\\/#\\\/schema\\\/person\\\/70ee71b33df3dbfed84fba8ce195cdc6\"},\"headline\":\"MedCof Cirurgia no 25\u00ba Congresso Paulista de Cirurgia (CBCSP 2026)\",\"datePublished\":\"2026-08-31T17:01:39+00:00\",\"dateModified\":\"2026-08-31T17:01:42+00:00\",\"mainEntityOfPage\":{\"@id\":\"https:\\\/\\\/www.grupomedcof.com.br\\\/blog\\\/medcof-cirurgia-no-25o-congresso-paulista-de-cirurgia-cbcsp-2026\\\/\"},\"wordCount\":468,\"publisher\":{\"@id\":\"https:\\\/\\\/www.grupomedcof.com.br\\\/blog\\\/#organization\"},\"image\":{\"@id\":\"https:\\\/\\\/www.grupomedcof.com.br\\\/blog\\\/medcof-cirurgia-no-25o-congresso-paulista-de-cirurgia-cbcsp-2026\\\/#primaryimage\"},\"thumbnailUrl\":\"https:\\\/\\\/www.grupomedcof.com.br\\\/blog\\\/wp-content\\\/uploads\\\/2026\\\/08\\\/IMG_3384-scaled-e1788194297780.jpg\",\"keywords\":[\"25\u00ba Congresso Paulista de Cirurgia\",\"CBCSP 2026\",\"Congresso do Cap\u00edtulo de S\u00e3o Paulo da Sociedade Brasileira de Cirurgia Bari\u00e1trica\",\"Congresso Paulista da Sociedade Brasileira de H\u00e9rnia\",\"Resid\u00eancia M\u00e9dica\",\"Temas quentes\",\"XI Congresso de Transplante de f\u00edgado\"],\"articleSection\":[\"Cirurgia Geral\",\"Congressos\",\"Novidades\"],\"inLanguage\":\"pt-BR\"},{\"@type\":\"WebPage\",\"@id\":\"https:\\\/\\\/www.grupomedcof.com.br\\\/blog\\\/medcof-cirurgia-no-25o-congresso-paulista-de-cirurgia-cbcsp-2026\\\/\",\"url\":\"https:\\\/\\\/www.grupomedcof.com.br\\\/blog\\\/medcof-cirurgia-no-25o-congresso-paulista-de-cirurgia-cbcsp-2026\\\/\",\"name\":\"MedCof no 25\u00ba Congresso Paulista de Cirurgia (CBCSP 2026)\",\"isPartOf\":{\"@id\":\"https:\\\/\\\/www.grupomedcof.com.br\\\/blog\\\/#website\"},\"primaryImageOfPage\":{\"@id\":\"https:\\\/\\\/www.grupomedcof.com.br\\\/blog\\\/medcof-cirurgia-no-25o-congresso-paulista-de-cirurgia-cbcsp-2026\\\/#primaryimage\"},\"image\":{\"@id\":\"https:\\\/\\\/www.grupomedcof.com.br\\\/blog\\\/medcof-cirurgia-no-25o-congresso-paulista-de-cirurgia-cbcsp-2026\\\/#primaryimage\"},\"thumbnailUrl\":\"https:\\\/\\\/www.grupomedcof.com.br\\\/blog\\\/wp-content\\\/uploads\\\/2026\\\/08\\\/IMG_3384-scaled-e1788194297780.jpg\",\"datePublished\":\"2026-08-31T17:01:39+00:00\",\"dateModified\":\"2026-08-31T17:01:42+00:00\",\"description\":\"Acompanhe a cobertura da MedCof no 25\u00ba CBCSP e veja os destaques sobre cirurgia rob\u00f3tica, seguran\u00e7a na colecistectomia e avan\u00e7os na cirurgia.\",\"breadcrumb\":{\"@id\":\"https:\\\/\\\/www.grupomedcof.com.br\\\/blog\\\/medcof-cirurgia-no-25o-congresso-paulista-de-cirurgia-cbcsp-2026\\\/#breadcrumb\"},\"inLanguage\":\"pt-BR\",\"potentialAction\":[{\"@type\":\"ReadAction\",\"target\":[\"https:\\\/\\\/www.grupomedcof.com.br\\\/blog\\\/medcof-cirurgia-no-25o-congresso-paulista-de-cirurgia-cbcsp-2026\\\/\"]}]},{\"@type\":\"ImageObject\",\"inLanguage\":\"pt-BR\",\"@id\":\"https:\\\/\\\/www.grupomedcof.com.br\\\/blog\\\/medcof-cirurgia-no-25o-congresso-paulista-de-cirurgia-cbcsp-2026\\\/#primaryimage\",\"url\":\"https:\\\/\\\/www.grupomedcof.com.br\\\/blog\\\/wp-content\\\/uploads\\\/2026\\\/08\\\/IMG_3384-scaled-e1788194297780.jpg\",\"contentUrl\":\"https:\\\/\\\/www.grupomedcof.com.br\\\/blog\\\/wp-content\\\/uploads\\\/2026\\\/08\\\/IMG_3384-scaled-e1788194297780.jpg\",\"width\":1920,\"height\":1374,\"caption\":\"25\u00ba Congresso Paulista de Cirurgia \u2013 CBCSP2026\"},{\"@type\":\"BreadcrumbList\",\"@id\":\"https:\\\/\\\/www.grupomedcof.com.br\\\/blog\\\/medcof-cirurgia-no-25o-congresso-paulista-de-cirurgia-cbcsp-2026\\\/#breadcrumb\",\"itemListElement\":[{\"@type\":\"ListItem\",\"position\":1,\"name\":\"In\u00edcio\",\"item\":\"https:\\\/\\\/www.grupomedcof.com.br\\\/blog\\\/\"},{\"@type\":\"ListItem\",\"position\":2,\"name\":\"MedCof Cirurgia no 25\u00ba Congresso Paulista de Cirurgia (CBCSP 2026)\"}]},{\"@type\":\"WebSite\",\"@id\":\"https:\\\/\\\/www.grupomedcof.com.br\\\/blog\\\/#website\",\"url\":\"https:\\\/\\\/www.grupomedcof.com.br\\\/blog\\\/\",\"name\":\"Blog de Medcof: conte\u00fados, editais, revalida e mais!\",\"description\":\"Acesso o blog de MedCof! Seu portal de conte\u00fados sobre resid\u00eancia m\u00e9dica, an\u00e1lise e editais e muito mais. Clique e confira!\",\"publisher\":{\"@id\":\"https:\\\/\\\/www.grupomedcof.com.br\\\/blog\\\/#organization\"},\"alternateName\":\"Blog de Medcof: conte\u00fados, editais, revalida e mais!\",\"potentialAction\":[{\"@type\":\"SearchAction\",\"target\":{\"@type\":\"EntryPoint\",\"urlTemplate\":\"https:\\\/\\\/www.grupomedcof.com.br\\\/blog\\\/?s={search_term_string}\"},\"query-input\":{\"@type\":\"PropertyValueSpecification\",\"valueRequired\":true,\"valueName\":\"search_term_string\"}}],\"inLanguage\":\"pt-BR\"},{\"@type\":\"Organization\",\"@id\":\"https:\\\/\\\/www.grupomedcof.com.br\\\/blog\\\/#organization\",\"name\":\"Grupo MedCof\",\"url\":\"https:\\\/\\\/www.grupomedcof.com.br\\\/blog\\\/\",\"logo\":{\"@type\":\"ImageObject\",\"inLanguage\":\"pt-BR\",\"@id\":\"https:\\\/\\\/www.grupomedcof.com.br\\\/blog\\\/#\\\/schema\\\/logo\\\/image\\\/\",\"url\":\"https:\\\/\\\/www.grupomedcof.com.br\\\/blog\\\/wp-content\\\/uploads\\\/2022\\\/01\\\/logo-medcof.png\",\"contentUrl\":\"https:\\\/\\\/www.grupomedcof.com.br\\\/blog\\\/wp-content\\\/uploads\\\/2022\\\/01\\\/logo-medcof.png\",\"width\":768,\"height\":269,\"caption\":\"Grupo MedCof\"},\"image\":{\"@id\":\"https:\\\/\\\/www.grupomedcof.com.br\\\/blog\\\/#\\\/schema\\\/logo\\\/image\\\/\"},\"sameAs\":[\"https:\\\/\\\/www.facebook.com\\\/MedCofQbank\\\/\",\"https:\\\/\\\/www.instagram.com\\\/grupomedcof\\\/\",\"https:\\\/\\\/br.linkedin.com\\\/company\\\/medcof\",\"https:\\\/\\\/www.youtube.com\\\/channel\\\/UCdHMuOHKICxcHwecxN8P-AA\"]},{\"@type\":\"Person\",\"@id\":\"https:\\\/\\\/www.grupomedcof.com.br\\\/blog\\\/#\\\/schema\\\/person\\\/70ee71b33df3dbfed84fba8ce195cdc6\",\"name\":\"Nana N\u00f3brega - Jornalista\",\"pronouns\":\"ele\\\/ela\",\"image\":{\"@type\":\"ImageObject\",\"inLanguage\":\"pt-BR\",\"@id\":\"https:\\\/\\\/www.grupomedcof.com.br\\\/blog\\\/wp-content\\\/uploads\\\/2026\\\/03\\\/cropped-cropped-WhatsApp-Image-2026-03-19-at-09.30.33.jpega4f3600081af811f8cb877d267a26dad\",\"url\":\"https:\\\/\\\/www.grupomedcof.com.br\\\/blog\\\/wp-content\\\/uploads\\\/2026\\\/03\\\/cropped-cropped-WhatsApp-Image-2026-03-19-at-09.30.33.jpeg\",\"contentUrl\":\"https:\\\/\\\/www.grupomedcof.com.br\\\/blog\\\/wp-content\\\/uploads\\\/2026\\\/03\\\/cropped-cropped-WhatsApp-Image-2026-03-19-at-09.30.33.jpeg\",\"caption\":\"Nana N\u00f3brega - Jornalista\"},\"description\":\"Nana N\u00f3brega \u00e9 jornalista formada pela Universidade Estadual Paulista \\\"J\u00falio de Mesquita Filho\\\" (UNESP) e estudante de letras portugu\u00eas e lingu\u00edstica da Universidade de S\u00e3o Paulo (USP). Possui experi\u00eancia em sa\u00fade, educa\u00e7\u00e3o m\u00e9dica e acessibilidade. Na MedCof, atua na produ\u00e7\u00e3o de conte\u00fados sobre resid\u00eancia m\u00e9dica, concursos m\u00e9dicos, atualiza\u00e7\u00f5es e not\u00edcias da \u00e1rea da sa\u00fade.\",\"jobTitle\":\"jornalista\",\"url\":\"https:\\\/\\\/www.grupomedcof.com.br\\\/blog\\\/author\\\/nana\\\/\"}]}<\/script>\n<!-- \/ Yoast SEO Premium plugin. -->","yoast_head_json":{"title":"MedCof no 25\u00ba Congresso Paulista de Cirurgia (CBCSP 2026)","description":"Acompanhe a cobertura da MedCof no 25\u00ba CBCSP e veja os destaques sobre cirurgia rob\u00f3tica, seguran\u00e7a na colecistectomia e avan\u00e7os na cirurgia.","robots":{"index":"index","follow":"follow","max-snippet":"max-snippet:-1","max-image-preview":"max-image-preview:large","max-video-preview":"max-video-preview:-1"},"canonical":"https:\/\/www.grupomedcof.com.br\/blog\/medcof-cirurgia-no-25o-congresso-paulista-de-cirurgia-cbcsp-2026\/","og_locale":"pt_BR","og_type":"article","og_title":"MedCof Cirurgia no 25\u00ba Congresso Paulista de Cirurgia (CBCSP 2026)","og_description":"Acompanhe a cobertura da MedCof no 25\u00ba CBCSP e veja os destaques sobre cirurgia rob\u00f3tica, seguran\u00e7a na colecistectomia e avan\u00e7os na cirurgia.","og_url":"https:\/\/www.grupomedcof.com.br\/blog\/medcof-cirurgia-no-25o-congresso-paulista-de-cirurgia-cbcsp-2026\/","og_site_name":"Blog de Medcof: conte\u00fados, editais, revalida e mais!","article_publisher":"https:\/\/www.facebook.com\/MedCofQbank\/","article_published_time":"2026-08-31T17:01:39+00:00","article_modified_time":"2026-08-31T17:01:42+00:00","og_image":[{"width":1920,"height":1374,"url":"https:\/\/www.grupomedcof.com.br\/blog\/wp-content\/uploads\/2026\/08\/IMG_3384-scaled-e1788194297780.jpg","type":"image\/jpeg"}],"author":"Nana N\u00f3brega - Jornalista","twitter_card":"summary_large_image","twitter_misc":{"Escrito por":"Nana N\u00f3brega - Jornalista","Est. tempo de leitura":"3 minutos"},"schema":{"@context":"https:\/\/schema.org","@graph":[{"@type":"Article","@id":"https:\/\/www.grupomedcof.com.br\/blog\/medcof-cirurgia-no-25o-congresso-paulista-de-cirurgia-cbcsp-2026\/#article","isPartOf":{"@id":"https:\/\/www.grupomedcof.com.br\/blog\/medcof-cirurgia-no-25o-congresso-paulista-de-cirurgia-cbcsp-2026\/"},"author":{"name":"Nana N\u00f3brega - Jornalista","@id":"https:\/\/www.grupomedcof.com.br\/blog\/#\/schema\/person\/70ee71b33df3dbfed84fba8ce195cdc6"},"headline":"MedCof Cirurgia no 25\u00ba Congresso Paulista de Cirurgia (CBCSP 2026)","datePublished":"2026-08-31T17:01:39+00:00","dateModified":"2026-08-31T17:01:42+00:00","mainEntityOfPage":{"@id":"https:\/\/www.grupomedcof.com.br\/blog\/medcof-cirurgia-no-25o-congresso-paulista-de-cirurgia-cbcsp-2026\/"},"wordCount":468,"publisher":{"@id":"https:\/\/www.grupomedcof.com.br\/blog\/#organization"},"image":{"@id":"https:\/\/www.grupomedcof.com.br\/blog\/medcof-cirurgia-no-25o-congresso-paulista-de-cirurgia-cbcsp-2026\/#primaryimage"},"thumbnailUrl":"https:\/\/www.grupomedcof.com.br\/blog\/wp-content\/uploads\/2026\/08\/IMG_3384-scaled-e1788194297780.jpg","keywords":["25\u00ba Congresso Paulista de Cirurgia","CBCSP 2026","Congresso do Cap\u00edtulo de S\u00e3o Paulo da Sociedade Brasileira de Cirurgia Bari\u00e1trica","Congresso Paulista da Sociedade Brasileira de H\u00e9rnia","Resid\u00eancia M\u00e9dica","Temas quentes","XI Congresso de Transplante de f\u00edgado"],"articleSection":["Cirurgia Geral","Congressos","Novidades"],"inLanguage":"pt-BR"},{"@type":"WebPage","@id":"https:\/\/www.grupomedcof.com.br\/blog\/medcof-cirurgia-no-25o-congresso-paulista-de-cirurgia-cbcsp-2026\/","url":"https:\/\/www.grupomedcof.com.br\/blog\/medcof-cirurgia-no-25o-congresso-paulista-de-cirurgia-cbcsp-2026\/","name":"MedCof no 25\u00ba Congresso Paulista de Cirurgia (CBCSP 2026)","isPartOf":{"@id":"https:\/\/www.grupomedcof.com.br\/blog\/#website"},"primaryImageOfPage":{"@id":"https:\/\/www.grupomedcof.com.br\/blog\/medcof-cirurgia-no-25o-congresso-paulista-de-cirurgia-cbcsp-2026\/#primaryimage"},"image":{"@id":"https:\/\/www.grupomedcof.com.br\/blog\/medcof-cirurgia-no-25o-congresso-paulista-de-cirurgia-cbcsp-2026\/#primaryimage"},"thumbnailUrl":"https:\/\/www.grupomedcof.com.br\/blog\/wp-content\/uploads\/2026\/08\/IMG_3384-scaled-e1788194297780.jpg","datePublished":"2026-08-31T17:01:39+00:00","dateModified":"2026-08-31T17:01:42+00:00","description":"Acompanhe a cobertura da MedCof no 25\u00ba CBCSP e veja os destaques sobre cirurgia rob\u00f3tica, seguran\u00e7a na colecistectomia e avan\u00e7os na cirurgia.","breadcrumb":{"@id":"https:\/\/www.grupomedcof.com.br\/blog\/medcof-cirurgia-no-25o-congresso-paulista-de-cirurgia-cbcsp-2026\/#breadcrumb"},"inLanguage":"pt-BR","potentialAction":[{"@type":"ReadAction","target":["https:\/\/www.grupomedcof.com.br\/blog\/medcof-cirurgia-no-25o-congresso-paulista-de-cirurgia-cbcsp-2026\/"]}]},{"@type":"ImageObject","inLanguage":"pt-BR","@id":"https:\/\/www.grupomedcof.com.br\/blog\/medcof-cirurgia-no-25o-congresso-paulista-de-cirurgia-cbcsp-2026\/#primaryimage","url":"https:\/\/www.grupomedcof.com.br\/blog\/wp-content\/uploads\/2026\/08\/IMG_3384-scaled-e1788194297780.jpg","contentUrl":"https:\/\/www.grupomedcof.com.br\/blog\/wp-content\/uploads\/2026\/08\/IMG_3384-scaled-e1788194297780.jpg","width":1920,"height":1374,"caption":"25\u00ba Congresso Paulista de Cirurgia \u2013 CBCSP2026"},{"@type":"BreadcrumbList","@id":"https:\/\/www.grupomedcof.com.br\/blog\/medcof-cirurgia-no-25o-congresso-paulista-de-cirurgia-cbcsp-2026\/#breadcrumb","itemListElement":[{"@type":"ListItem","position":1,"name":"In\u00edcio","item":"https:\/\/www.grupomedcof.com.br\/blog\/"},{"@type":"ListItem","position":2,"name":"MedCof Cirurgia no 25\u00ba Congresso Paulista de Cirurgia (CBCSP 2026)"}]},{"@type":"WebSite","@id":"https:\/\/www.grupomedcof.com.br\/blog\/#website","url":"https:\/\/www.grupomedcof.com.br\/blog\/","name":"Blog de Medcof: conte\u00fados, editais, revalida e mais!","description":"Acesso o blog de MedCof! Seu portal de conte\u00fados sobre resid\u00eancia m\u00e9dica, an\u00e1lise e editais e muito mais. Clique e confira!","publisher":{"@id":"https:\/\/www.grupomedcof.com.br\/blog\/#organization"},"alternateName":"Blog de Medcof: conte\u00fados, editais, revalida e mais!","potentialAction":[{"@type":"SearchAction","target":{"@type":"EntryPoint","urlTemplate":"https:\/\/www.grupomedcof.com.br\/blog\/?s={search_term_string}"},"query-input":{"@type":"PropertyValueSpecification","valueRequired":true,"valueName":"search_term_string"}}],"inLanguage":"pt-BR"},{"@type":"Organization","@id":"https:\/\/www.grupomedcof.com.br\/blog\/#organization","name":"Grupo MedCof","url":"https:\/\/www.grupomedcof.com.br\/blog\/","logo":{"@type":"ImageObject","inLanguage":"pt-BR","@id":"https:\/\/www.grupomedcof.com.br\/blog\/#\/schema\/logo\/image\/","url":"https:\/\/www.grupomedcof.com.br\/blog\/wp-content\/uploads\/2022\/01\/logo-medcof.png","contentUrl":"https:\/\/www.grupomedcof.com.br\/blog\/wp-content\/uploads\/2022\/01\/logo-medcof.png","width":768,"height":269,"caption":"Grupo MedCof"},"image":{"@id":"https:\/\/www.grupomedcof.com.br\/blog\/#\/schema\/logo\/image\/"},"sameAs":["https:\/\/www.facebook.com\/MedCofQbank\/","https:\/\/www.instagram.com\/grupomedcof\/","https:\/\/br.linkedin.com\/company\/medcof","https:\/\/www.youtube.com\/channel\/UCdHMuOHKICxcHwecxN8P-AA"]},{"@type":"Person","@id":"https:\/\/www.grupomedcof.com.br\/blog\/#\/schema\/person\/70ee71b33df3dbfed84fba8ce195cdc6","name":"Nana N\u00f3brega - Jornalista","pronouns":"ele\/ela","image":{"@type":"ImageObject","inLanguage":"pt-BR","@id":"https:\/\/www.grupomedcof.com.br\/blog\/wp-content\/uploads\/2026\/03\/cropped-cropped-WhatsApp-Image-2026-03-19-at-09.30.33.jpega4f3600081af811f8cb877d267a26dad","url":"https:\/\/www.grupomedcof.com.br\/blog\/wp-content\/uploads\/2026\/03\/cropped-cropped-WhatsApp-Image-2026-03-19-at-09.30.33.jpeg","contentUrl":"https:\/\/www.grupomedcof.com.br\/blog\/wp-content\/uploads\/2026\/03\/cropped-cropped-WhatsApp-Image-2026-03-19-at-09.30.33.jpeg","caption":"Nana N\u00f3brega - Jornalista"},"description":"Nana N\u00f3brega \u00e9 jornalista formada pela Universidade Estadual Paulista \"J\u00falio de Mesquita Filho\" (UNESP) e estudante de letras portugu\u00eas e lingu\u00edstica da Universidade de S\u00e3o Paulo (USP). Possui experi\u00eancia em sa\u00fade, educa\u00e7\u00e3o m\u00e9dica e acessibilidade. Na MedCof, atua na produ\u00e7\u00e3o de conte\u00fados sobre resid\u00eancia m\u00e9dica, concursos m\u00e9dicos, atualiza\u00e7\u00f5es e not\u00edcias da \u00e1rea da sa\u00fade.","jobTitle":"jornalista","url":"https:\/\/www.grupomedcof.com.br\/blog\/author\/nana\/"}]}},"authors":[{"term_id":3629,"user_id":41,"is_guest":0,"slug":"nana","display_name":"Nana N\u00f3brega - Jornalista","avatar_url":{"url":"https:\/\/www.grupomedcof.com.br\/blog\/wp-content\/uploads\/2026\/03\/cropped-cropped-WhatsApp-Image-2026-03-19-at-09.30.33.jpeg","url2x":"https:\/\/www.grupomedcof.com.br\/blog\/wp-content\/uploads\/2026\/03\/cropped-cropped-WhatsApp-Image-2026-03-19-at-09.30.33.jpeg"},"0":null,"1":"","2":"","3":"","4":"","5":"","6":"","7":"","8":""}],"_links":{"self":[{"href":"https:\/\/www.grupomedcof.com.br\/blog\/wp-json\/wp\/v2\/posts\/48731","targetHints":{"allow":["GET"]}}],"collection":[{"href":"https:\/\/www.grupomedcof.com.br\/blog\/wp-json\/wp\/v2\/posts"}],"about":[{"href":"https:\/\/www.grupomedcof.com.br\/blog\/wp-json\/wp\/v2\/types\/post"}],"author":[{"embeddable":true,"href":"https:\/\/www.grupomedcof.com.br\/blog\/wp-json\/wp\/v2\/users\/41"}],"replies":[{"embeddable":true,"href":"https:\/\/www.grupomedcof.com.br\/blog\/wp-json\/wp\/v2\/comments?post=48731"}],"version-history":[{"count":2,"href":"https:\/\/www.grupomedcof.com.br\/blog\/wp-json\/wp\/v2\/posts\/48731\/revisions"}],"predecessor-version":[{"id":48736,"href":"https:\/\/www.grupomedcof.com.br\/blog\/wp-json\/wp\/v2\/posts\/48731\/revisions\/48736"}],"wp:featuredmedia":[{"embeddable":true,"href":"https:\/\/www.grupomedcof.com.br\/blog\/wp-json\/wp\/v2\/media\/48732"}],"wp:attachment":[{"href":"https:\/\/www.grupomedcof.com.br\/blog\/wp-json\/wp\/v2\/media?parent=48731"}],"wp:term":[{"taxonomy":"category","embeddable":true,"href":"https:\/\/www.grupomedcof.com.br\/blog\/wp-json\/wp\/v2\/categories?post=48731"},{"taxonomy":"post_tag","embeddable":true,"href":"https:\/\/www.grupomedcof.com.br\/blog\/wp-json\/wp\/v2\/tags?post=48731"},{"taxonomy":"author","embeddable":true,"href":"https:\/\/www.grupomedcof.com.br\/blog\/wp-json\/wp\/v2\/ppma_author?post=48731"}],"curies":[{"name":"wp","href":"https:\/\/api.w.org\/{rel}","templated":true}]}}