{"id":48734,"date":"2026-08-31T14:06:47","date_gmt":"2026-08-31T17:06:47","guid":{"rendered":"https:\/\/www.grupomedcof.com.br\/blog\/?p=48734"},"modified":"2026-08-31T14:06:50","modified_gmt":"2026-08-31T17:06:50","slug":"edital-residencia-medica-hospital-cema","status":"publish","type":"post","link":"https:\/\/www.grupomedcof.com.br\/blog\/edital-residencia-medica-hospital-cema\/","title":{"rendered":"Primeiras informa\u00e7\u00f5es de resid\u00eancia m\u00e9dica do Hospital CEMA 2026\/2027"},"content":{"rendered":"\n<figure class=\"wp-block-image size-large\"><img loading=\"lazy\" decoding=\"async\" width=\"1024\" height=\"576\" src=\"https:\/\/www.grupomedcof.com.br\/blog\/wp-content\/uploads\/2026\/08\/Modelo-instituicoes-2026-08-31T140515.860-1024x576.jpg\" alt=\"\" class=\"wp-image-48737\" srcset=\"https:\/\/www.grupomedcof.com.br\/blog\/wp-content\/uploads\/2026\/08\/Modelo-instituicoes-2026-08-31T140515.860-1024x576.jpg 1024w, https:\/\/www.grupomedcof.com.br\/blog\/wp-content\/uploads\/2026\/08\/Modelo-instituicoes-2026-08-31T140515.860-300x169.jpg 300w, https:\/\/www.grupomedcof.com.br\/blog\/wp-content\/uploads\/2026\/08\/Modelo-instituicoes-2026-08-31T140515.860-768x432.jpg 768w, https:\/\/www.grupomedcof.com.br\/blog\/wp-content\/uploads\/2026\/08\/Modelo-instituicoes-2026-08-31T140515.860-1536x864.jpg 1536w, https:\/\/www.grupomedcof.com.br\/blog\/wp-content\/uploads\/2026\/08\/Modelo-instituicoes-2026-08-31T140515.860-747x420.jpg 747w, https:\/\/www.grupomedcof.com.br\/blog\/wp-content\/uploads\/2026\/08\/Modelo-instituicoes-2026-08-31T140515.860-150x84.jpg 150w, https:\/\/www.grupomedcof.com.br\/blog\/wp-content\/uploads\/2026\/08\/Modelo-instituicoes-2026-08-31T140515.860-696x392.jpg 696w, https:\/\/www.grupomedcof.com.br\/blog\/wp-content\/uploads\/2026\/08\/Modelo-instituicoes-2026-08-31T140515.860-1068x601.jpg 1068w, https:\/\/www.grupomedcof.com.br\/blog\/wp-content\/uploads\/2026\/08\/Modelo-instituicoes-2026-08-31T140515.860.jpg 1920w\" sizes=\"auto, (max-width: 1024px) 100vw, 1024px\" \/><\/figure>\n\n\n\n<p class=\"wp-block-paragraph\">O Hospital CEMA, em S\u00e3o Paulo, j\u00e1 divulgou as primeiras informa\u00e7\u00f5es sobre o processo seletivo para os programas de <strong>Resid\u00eancia M\u00e9dica com ingresso em 2027<\/strong>.<\/p>\n\n\n\n<p class=\"wp-block-paragraph\">De acordo com a institui\u00e7\u00e3o, ser\u00e3o ofertadas vagas para <strong>Oftalmologia e Otorrinolaringologia<\/strong>, com programas credenciados pelo Minist\u00e9rio da Educa\u00e7\u00e3o (MEC). A sele\u00e7\u00e3o ter\u00e1 prova objetiva e entrevista, enquanto o edital completo est\u00e1 previsto para ser publicado em dezembro de 2026.<\/p>\n\n\n\n<p class=\"wp-block-paragraph\">Confira, a seguir, as principais informa\u00e7\u00f5es j\u00e1 divulgadas sobre a <strong>Resid\u00eancia M\u00e9dica CEMA 2026\/2027<\/strong>.<\/p>\n\n\n\n<h2 id=\"h-informacoes-da-residencia-medica-cema-2026-2027\" class=\"wp-block-heading\"><strong>Informa\u00e7\u00f5es da Resid\u00eancia M\u00e9dica CEMA 2026\/2027<\/strong><\/h2>\n\n\n\n<p class=\"wp-block-paragraph\">O<a href=\"https:\/\/www.cemahospital.com.br\/residencia-medica-cema\/\" target=\"_blank\" rel=\"noreferrer noopener\"> Hospital CEMA<\/a> oferece programas de forma\u00e7\u00e3o especializada em <strong>Oftalmologia e Otorrinolaringologia<\/strong>. Ambos s\u00e3o credenciados pelo MEC. Al\u00e9m disso, o programa de Oftalmologia possui credenciamento pelo Conselho Brasileiro de Oftalmologia (CBO), enquanto o de Otorrinolaringologia \u00e9 credenciado pela Associa\u00e7\u00e3o Brasileira de Otorrinolaringologia e Cirurgia C\u00e9rvico-Facial (ABORL-CCF).<\/p>\n\n\n\n<p class=\"wp-block-paragraph\">At\u00e9 o momento, o hospital j\u00e1 confirmou a quantidade de vagas e as principais datas previstas para o processo seletivo.<\/p>\n\n\n\n<figure class=\"wp-block-table\"><table class=\"has-fixed-layout\"><tbody><tr><th>Informa\u00e7\u00e3o<\/th><th>Resid\u00eancia M\u00e9dica CEMA 2027<\/th><\/tr><tr><td>Institui\u00e7\u00e3o<\/td><td>Hospital CEMA<\/td><\/tr><tr><td>Localiza\u00e7\u00e3o<\/td><td>S\u00e3o Paulo \u2013 SP<\/td><\/tr><tr><td>Programas<\/td><td>Oftalmologia e Otorrinolaringologia<\/td><\/tr><tr><td>Vagas em Oftalmologia<\/td><td>12<\/td><\/tr><tr><td>Vagas em Otorrinolaringologia<\/td><td>10<\/td><\/tr><tr><td>Total de vagas<\/td><td>22<\/td><\/tr><tr><td>Dura\u00e7\u00e3o<\/td><td>3 anos<\/td><\/tr><tr><td>In\u00edcio dos programas<\/td><td>01\/03\/2027<\/td><\/tr><tr><td>Edital<\/td><td>Previs\u00e3o para dezembro de 2026<\/td><\/tr><tr><td>1\u00aa fase<\/td><td>Prova de Medicina Geral<\/td><\/tr><tr><td>2\u00aa fase<\/td><td>Entrevista<\/td><\/tr><\/tbody><\/table><\/figure>\n\n\n\n<h2 class=\"wp-block-heading\"><strong>Vagas da Resid\u00eancia M\u00e9dica CEMA 2027<\/strong><\/h2>\n\n\n\n<p class=\"wp-block-paragraph\">Para o ingresso em 2027, o Hospital CEMA informa a oferta de <strong>22 vagas<\/strong>, distribu\u00eddas entre os dois programas.<\/p>\n\n\n\n<figure class=\"wp-block-table\"><table class=\"has-fixed-layout\"><tbody><tr><th>Especialidade<\/th><th>Total de vagas<\/th><th>Vagas MEC<\/th><th>Vagas CBO\/ABORL-CCF<\/th><\/tr><tr><td>Oftalmologia<\/td><td>12<\/td><td>4<\/td><td>8<\/td><\/tr><tr><td>Otorrinolaringologia<\/td><td>10<\/td><td>4<\/td><td>6<\/td><\/tr><tr><td><strong>Total<\/strong><\/td><td><strong>22<\/strong><\/td><td><strong>8<\/strong><\/td><td><strong>14<\/strong><\/td><\/tr><\/tbody><\/table><figcaption class=\"wp-element-caption\">Na Oftalmologia, s\u00e3o 4 vagas vinculadas ao credenciamento pelo MEC e 8 pelo CBO. J\u00e1 em Otorrinolaringologia, s\u00e3o 4 vagas pelo MEC e 6 pela ABORL-CCF.<\/figcaption><\/figure>\n\n\n\n<figure class=\"wp-block-image size-large\"><a href=\"https:\/\/www.grupomedcof.com.br\/cofletters\/?clientId=&amp;utm_campaign=newsletter&amp;utm_medium=banner&amp;utm_source=blog&amp;utm_content=inscricao#https:\/\/www.grupomedcof.com.br\/blog\/\" target=\"_blank\" rel=\" noopener\"><img loading=\"lazy\" decoding=\"async\" width=\"1024\" height=\"320\" src=\"https:\/\/www.grupomedcof.com.br\/blog\/wp-content\/uploads\/2025\/11\/Banner-MedCof-Plus-2200x460-11-1343x420-1-1024x320.png\" alt=\"banner\" class=\"wp-image-39227\" srcset=\"https:\/\/www.grupomedcof.com.br\/blog\/wp-content\/uploads\/2025\/11\/Banner-MedCof-Plus-2200x460-11-1343x420-1-1024x320.png 1024w, https:\/\/www.grupomedcof.com.br\/blog\/wp-content\/uploads\/2025\/11\/Banner-MedCof-Plus-2200x460-11-1343x420-1-300x94.png 300w, https:\/\/www.grupomedcof.com.br\/blog\/wp-content\/uploads\/2025\/11\/Banner-MedCof-Plus-2200x460-11-1343x420-1-768x240.png 768w, https:\/\/www.grupomedcof.com.br\/blog\/wp-content\/uploads\/2025\/11\/Banner-MedCof-Plus-2200x460-11-1343x420-1-150x47.png 150w, https:\/\/www.grupomedcof.com.br\/blog\/wp-content\/uploads\/2025\/11\/Banner-MedCof-Plus-2200x460-11-1343x420-1-696x218.png 696w, https:\/\/www.grupomedcof.com.br\/blog\/wp-content\/uploads\/2025\/11\/Banner-MedCof-Plus-2200x460-11-1343x420-1-1068x334.png 1068w, https:\/\/www.grupomedcof.com.br\/blog\/wp-content\/uploads\/2025\/11\/Banner-MedCof-Plus-2200x460-11-1343x420-1.png 1343w\" sizes=\"auto, (max-width: 1024px) 100vw, 1024px\" \/><\/a><\/figure>\n\n\n\n<h2 class=\"wp-block-heading\"><strong>Processo seletivo CEMA 2026\/2027<\/strong><\/h2>\n\n\n\n<p class=\"wp-block-paragraph\">Embora o edital completo ainda n\u00e3o tenha sido publicado, o Hospital CEMA j\u00e1 divulgou a estrutura inicial do processo seletivo para ingresso em 2027.<\/p>\n\n\n\n<p class=\"wp-block-paragraph\">A sele\u00e7\u00e3o ser\u00e1 composta por <strong>duas fases<\/strong>:<\/p>\n\n\n\n<h3 class=\"wp-block-heading\"><strong>1\u00aa fase \u2013 Prova de Medicina Geral<\/strong><\/h3>\n\n\n\n<p class=\"wp-block-paragraph\">A primeira etapa ser\u00e1 realizada por meio de uma <strong>prova de Medicina Geral com quest\u00f5es de m\u00faltipla escolha<\/strong>.<\/p>\n\n\n\n<p class=\"wp-block-paragraph\">A aplica\u00e7\u00e3o est\u00e1 prevista para o dia <strong>24 de janeiro de 2027<\/strong>.<\/p>\n\n\n\n<p class=\"wp-block-paragraph\">Os port\u00f5es ser\u00e3o abertos \u00e0s 8h e fechados \u00e0s 8h30. A prova ser\u00e1 realizada na <strong>UniPaulistana \u2013 Centro Universit\u00e1rio Paulistana<\/strong>, localizada na Rua Madre Cabrini, 38, Vila Mariana, S\u00e3o Paulo \u2013 SP.<\/p>\n\n\n\n<h3 class=\"wp-block-heading\"><strong>2\u00aa fase \u2013 Entrevista<\/strong><\/h3>\n\n\n\n<p class=\"wp-block-paragraph\">Os candidatos classificados para a segunda etapa participar\u00e3o de uma entrevista no Hospital CEMA.<\/p>\n\n\n\n<p class=\"wp-block-paragraph\">Para <strong>Otorrinolaringologia<\/strong>, a entrevista est\u00e1 prevista para <strong>28 de janeiro de 2027<\/strong>, a partir das 8h30.<\/p>\n\n\n\n<p class=\"wp-block-paragraph\">Para <strong>Oftalmologia<\/strong>, a institui\u00e7\u00e3o informa a realiza\u00e7\u00e3o da entrevista em <strong>29 de janeiro de 2027<\/strong>, tamb\u00e9m a partir das 8h30.<\/p>\n\n\n\n<p class=\"wp-block-paragraph\">As entrevistas ser\u00e3o realizadas no audit\u00f3rio do Hospital CEMA, localizado na Rua Padre Adelino, 333, no bairro Bel\u00e9m, em S\u00e3o Paulo.<\/p>\n\n\n\n<h2 class=\"wp-block-heading\"><strong>Cronograma da Resid\u00eancia M\u00e9dica CEMA 2026\/2027<\/strong><\/h2>\n\n\n\n<p class=\"wp-block-paragraph\">Como o edital oficial ainda ser\u00e1 publicado, o cronograma completo de inscri\u00e7\u00f5es, recursos, resultados e matr\u00edcula ainda n\u00e3o est\u00e1 dispon\u00edvel.<\/p>\n\n\n\n<p class=\"wp-block-paragraph\">Por enquanto, as seguintes datas j\u00e1 foram informadas pelo Hospital CEMA:<\/p>\n\n\n\n<figure class=\"wp-block-table\"><table class=\"has-fixed-layout\"><tbody><tr><th>Etapa<\/th><th>Data<\/th><\/tr><tr><td>Publica\u00e7\u00e3o prevista do edital<\/td><td>Dezembro\/2026<\/td><\/tr><tr><td>Prova de Medicina Geral \u2013 1\u00aa fase<\/td><td>24\/01\/2027<\/td><\/tr><tr><td>Entrevista \u2013 Otorrinolaringologia<\/td><td>28\/01\/2027<\/td><\/tr><tr><td>Entrevista \u2013 Oftalmologia<\/td><td>29\/01\/2027<\/td><\/tr><tr><td>In\u00edcio dos programas<\/td><td>01\/03\/2027<\/td><\/tr><\/tbody><\/table><\/figure>\n\n\n\n<p class=\"wp-block-paragraph\">As informa\u00e7\u00f5es sobre <strong>per\u00edodo de inscri\u00e7\u00f5es, taxa de inscri\u00e7\u00e3o, documentos necess\u00e1rios e demais etapas<\/strong> ser\u00e3o divulgadas posteriormente, com a publica\u00e7\u00e3o do edital prevista para dezembro de 2026.<\/p>\n\n\n\n<h2 class=\"wp-block-heading\"><strong>Edital CEMA 2026\/2027<\/strong><\/h2>\n\n\n\n<p class=\"wp-block-paragraph\">O <strong>edital completo da Resid\u00eancia M\u00e9dica CEMA 2026\/2027 ainda n\u00e3o foi publicado<\/strong>. Segundo a institui\u00e7\u00e3o, os editais referentes aos processos seletivos ser\u00e3o disponibilizados em <strong>dezembro de 2026<\/strong>.<\/p>\n\n\n\n<p class=\"wp-block-paragraph\">Assim que o documento for divulgado, esta p\u00e1gina ser\u00e1 atualizada com todas as informa\u00e7\u00f5es do processo seletivo, incluindo:<\/p>\n\n\n\n<ul class=\"wp-block-list\">\n<li>Per\u00edodo de inscri\u00e7\u00f5es;<\/li>\n\n\n\n<li>Taxa de inscri\u00e7\u00e3o;<\/li>\n\n\n\n<li>Crit\u00e9rios de isen\u00e7\u00e3o;<\/li>\n\n\n\n<li>Conte\u00fado da prova;<\/li>\n\n\n\n<li>N\u00famero de quest\u00f5es;<\/li>\n\n\n\n<li>Crit\u00e9rios de classifica\u00e7\u00e3o;<\/li>\n\n\n\n<li>Regras da segunda fase;<\/li>\n\n\n\n<li>Documentos necess\u00e1rios;<\/li>\n\n\n\n<li>Cronograma completo;<\/li>\n\n\n\n<li>Resultados;<\/li>\n\n\n\n<li>Matr\u00edcula.<\/li>\n<\/ul>\n\n\n\n<h2 class=\"wp-block-heading\"><strong>Quer se preparar para a Resid\u00eancia M\u00e9dica CEMA 2027?<\/strong><\/h2>\n\n\n\n<p class=\"wp-block-paragraph\">Acompanhe as pr\u00f3ximas atualiza\u00e7\u00f5es do processo seletivo e prepare-se para as provas de resid\u00eancia m\u00e9dica com conte\u00fados direcionados aos temas mais cobrados. <strong>Confira as novidades sobre o edital CEMA 2027 e organize sua prepara\u00e7\u00e3o com a MedCof!<\/strong><\/p>\n\n\n\n<figure class=\"wp-block-embed is-type-video is-provider-youtube wp-block-embed-youtube wp-embed-aspect-16-9 wp-has-aspect-ratio\"><div class=\"wp-block-embed__wrapper\">\n<div class=\"youtube-embed\" data-video_id=\"57yW_XfAtzM\"><iframe loading=\"lazy\" title=\"Mentalidade de prova: como pensar para passar em qualquer concurso ou resid\u00eancia | SingularCast\" width=\"696\" height=\"392\" src=\"https:\/\/www.youtube.com\/embed\/57yW_XfAtzM?feature=oembed&#038;enablejsapi=1\" frameborder=\"0\" allow=\"accelerometer; autoplay; clipboard-write; encrypted-media; gyroscope; picture-in-picture; web-share\" referrerpolicy=\"strict-origin-when-cross-origin\" allowfullscreen><\/iframe><\/div>\n<\/div><\/figure>\n","protected":false},"excerpt":{"rendered":"<p>Resid\u00eancia M\u00e9dica CEMA 2027: confira vagas, especialidades, etapas da sele\u00e7\u00e3o, cronograma e previs\u00e3o de publica\u00e7\u00e3o do edital.<\/p>\n","protected":false},"author":20,"featured_media":48737,"comment_status":"closed","ping_status":"closed","sticky":false,"template":"","format":"standard","meta":{"footnotes":""},"categories":[2023],"tags":[1568,1452,117,68],"ppma_author":[3616],"class_list":["post-48734","post","type-post","status-publish","format-standard","has-post-thumbnail","category-editais","tag-edital","tag-provas","tag-provas-de-residencia","tag-residencia-medica"],"yoast_head":"<!-- This site is optimized with the Yoast SEO Premium plugin v28.1 (Yoast SEO v28.3) - https:\/\/yoast.com\/product\/yoast-seo-premium-wordpress\/ -->\n<title>Resid\u00eancia M\u00e9dica CEMA 2027: vagas, edital e cronograma<\/title>\n<meta name=\"description\" content=\"Resid\u00eancia M\u00e9dica CEMA 2027: confira vagas, especialidades, etapas da sele\u00e7\u00e3o, cronograma e previs\u00e3o de publica\u00e7\u00e3o do edital.\" \/>\n<meta name=\"robots\" content=\"index, follow, max-snippet:-1, max-image-preview:large, max-video-preview:-1\" \/>\n<link rel=\"canonical\" href=\"https:\/\/www.grupomedcof.com.br\/blog\/edital-residencia-medica-hospital-cema\/\" \/>\n<meta property=\"og:locale\" content=\"pt_BR\" \/>\n<meta property=\"og:type\" content=\"article\" \/>\n<meta property=\"og:title\" content=\"Primeiras informa\u00e7\u00f5es de resid\u00eancia m\u00e9dica do Hospital CEMA 2026\/2027\" \/>\n<meta property=\"og:description\" content=\"Resid\u00eancia M\u00e9dica CEMA 2027: confira vagas, especialidades, etapas da sele\u00e7\u00e3o, cronograma e previs\u00e3o de publica\u00e7\u00e3o do edital.\" \/>\n<meta property=\"og:url\" content=\"https:\/\/www.grupomedcof.com.br\/blog\/edital-residencia-medica-hospital-cema\/\" \/>\n<meta property=\"og:site_name\" content=\"Blog de Medcof: conte\u00fados, editais, revalida e mais!\" \/>\n<meta property=\"article:publisher\" content=\"https:\/\/www.facebook.com\/MedCofQbank\/\" \/>\n<meta property=\"article:published_time\" content=\"2026-08-31T17:06:47+00:00\" \/>\n<meta property=\"article:modified_time\" content=\"2026-08-31T17:06:50+00:00\" \/>\n<meta property=\"og:image\" content=\"https:\/\/www.grupomedcof.com.br\/blog\/wp-content\/uploads\/2026\/08\/Modelo-instituicoes-2026-08-31T140515.860.jpg\" \/>\n\t<meta property=\"og:image:width\" content=\"1920\" \/>\n\t<meta property=\"og:image:height\" content=\"1080\" \/>\n\t<meta property=\"og:image:type\" content=\"image\/jpeg\" \/>\n<meta name=\"author\" content=\"Leila Menzel\" \/>\n<meta name=\"twitter:card\" content=\"summary_large_image\" \/>\n<meta name=\"twitter:label1\" content=\"Escrito por\" \/>\n\t<meta name=\"twitter:data1\" content=\"Leila Menzel\" \/>\n\t<meta name=\"twitter:label2\" content=\"Est. tempo de leitura\" \/>\n\t<meta name=\"twitter:data2\" content=\"5 minutos\" \/>\n<script type=\"application\/ld+json\" class=\"yoast-schema-graph\">{\"@context\":\"https:\\\/\\\/schema.org\",\"@graph\":[{\"@type\":\"Article\",\"@id\":\"https:\\\/\\\/www.grupomedcof.com.br\\\/blog\\\/edital-residencia-medica-hospital-cema\\\/#article\",\"isPartOf\":{\"@id\":\"https:\\\/\\\/www.grupomedcof.com.br\\\/blog\\\/edital-residencia-medica-hospital-cema\\\/\"},\"author\":{\"name\":\"Leila Menzel\",\"@id\":\"https:\\\/\\\/www.grupomedcof.com.br\\\/blog\\\/#\\\/schema\\\/person\\\/6c9d76c2d1abb71d1cbff62ad7c6f83e\"},\"headline\":\"Primeiras informa\u00e7\u00f5es de resid\u00eancia m\u00e9dica do Hospital CEMA 2026\\\/2027\",\"datePublished\":\"2026-08-31T17:06:47+00:00\",\"dateModified\":\"2026-08-31T17:06:50+00:00\",\"mainEntityOfPage\":{\"@id\":\"https:\\\/\\\/www.grupomedcof.com.br\\\/blog\\\/edital-residencia-medica-hospital-cema\\\/\"},\"wordCount\":716,\"publisher\":{\"@id\":\"https:\\\/\\\/www.grupomedcof.com.br\\\/blog\\\/#organization\"},\"image\":{\"@id\":\"https:\\\/\\\/www.grupomedcof.com.br\\\/blog\\\/edital-residencia-medica-hospital-cema\\\/#primaryimage\"},\"thumbnailUrl\":\"https:\\\/\\\/www.grupomedcof.com.br\\\/blog\\\/wp-content\\\/uploads\\\/2026\\\/08\\\/Modelo-instituicoes-2026-08-31T140515.860.jpg\",\"keywords\":[\"Edital\",\"Provas\",\"Provas de Resid\u00eancia\",\"Resid\u00eancia M\u00e9dica\"],\"articleSection\":[\"Editais\"],\"inLanguage\":\"pt-BR\"},{\"@type\":\"WebPage\",\"@id\":\"https:\\\/\\\/www.grupomedcof.com.br\\\/blog\\\/edital-residencia-medica-hospital-cema\\\/\",\"url\":\"https:\\\/\\\/www.grupomedcof.com.br\\\/blog\\\/edital-residencia-medica-hospital-cema\\\/\",\"name\":\"Resid\u00eancia M\u00e9dica CEMA 2027: vagas, edital e cronograma\",\"isPartOf\":{\"@id\":\"https:\\\/\\\/www.grupomedcof.com.br\\\/blog\\\/#website\"},\"primaryImageOfPage\":{\"@id\":\"https:\\\/\\\/www.grupomedcof.com.br\\\/blog\\\/edital-residencia-medica-hospital-cema\\\/#primaryimage\"},\"image\":{\"@id\":\"https:\\\/\\\/www.grupomedcof.com.br\\\/blog\\\/edital-residencia-medica-hospital-cema\\\/#primaryimage\"},\"thumbnailUrl\":\"https:\\\/\\\/www.grupomedcof.com.br\\\/blog\\\/wp-content\\\/uploads\\\/2026\\\/08\\\/Modelo-instituicoes-2026-08-31T140515.860.jpg\",\"datePublished\":\"2026-08-31T17:06:47+00:00\",\"dateModified\":\"2026-08-31T17:06:50+00:00\",\"description\":\"Resid\u00eancia M\u00e9dica CEMA 2027: confira vagas, especialidades, etapas da sele\u00e7\u00e3o, cronograma e previs\u00e3o de publica\u00e7\u00e3o do edital.\",\"breadcrumb\":{\"@id\":\"https:\\\/\\\/www.grupomedcof.com.br\\\/blog\\\/edital-residencia-medica-hospital-cema\\\/#breadcrumb\"},\"inLanguage\":\"pt-BR\",\"potentialAction\":[{\"@type\":\"ReadAction\",\"target\":[\"https:\\\/\\\/www.grupomedcof.com.br\\\/blog\\\/edital-residencia-medica-hospital-cema\\\/\"]}]},{\"@type\":\"ImageObject\",\"inLanguage\":\"pt-BR\",\"@id\":\"https:\\\/\\\/www.grupomedcof.com.br\\\/blog\\\/edital-residencia-medica-hospital-cema\\\/#primaryimage\",\"url\":\"https:\\\/\\\/www.grupomedcof.com.br\\\/blog\\\/wp-content\\\/uploads\\\/2026\\\/08\\\/Modelo-instituicoes-2026-08-31T140515.860.jpg\",\"contentUrl\":\"https:\\\/\\\/www.grupomedcof.com.br\\\/blog\\\/wp-content\\\/uploads\\\/2026\\\/08\\\/Modelo-instituicoes-2026-08-31T140515.860.jpg\",\"width\":1920,\"height\":1080},{\"@type\":\"BreadcrumbList\",\"@id\":\"https:\\\/\\\/www.grupomedcof.com.br\\\/blog\\\/edital-residencia-medica-hospital-cema\\\/#breadcrumb\",\"itemListElement\":[{\"@type\":\"ListItem\",\"position\":1,\"name\":\"In\u00edcio\",\"item\":\"https:\\\/\\\/www.grupomedcof.com.br\\\/blog\\\/\"},{\"@type\":\"ListItem\",\"position\":2,\"name\":\"Primeiras informa\u00e7\u00f5es de resid\u00eancia m\u00e9dica do Hospital CEMA 2026\\\/2027\"}]},{\"@type\":\"WebSite\",\"@id\":\"https:\\\/\\\/www.grupomedcof.com.br\\\/blog\\\/#website\",\"url\":\"https:\\\/\\\/www.grupomedcof.com.br\\\/blog\\\/\",\"name\":\"Blog de Medcof: conte\u00fados, editais, revalida e mais!\",\"description\":\"Acesso o blog de MedCof! Seu portal de conte\u00fados sobre resid\u00eancia m\u00e9dica, an\u00e1lise e editais e muito mais. Clique e confira!\",\"publisher\":{\"@id\":\"https:\\\/\\\/www.grupomedcof.com.br\\\/blog\\\/#organization\"},\"alternateName\":\"Blog de Medcof: conte\u00fados, editais, revalida e mais!\",\"potentialAction\":[{\"@type\":\"SearchAction\",\"target\":{\"@type\":\"EntryPoint\",\"urlTemplate\":\"https:\\\/\\\/www.grupomedcof.com.br\\\/blog\\\/?s={search_term_string}\"},\"query-input\":{\"@type\":\"PropertyValueSpecification\",\"valueRequired\":true,\"valueName\":\"search_term_string\"}}],\"inLanguage\":\"pt-BR\"},{\"@type\":\"Organization\",\"@id\":\"https:\\\/\\\/www.grupomedcof.com.br\\\/blog\\\/#organization\",\"name\":\"Grupo MedCof\",\"url\":\"https:\\\/\\\/www.grupomedcof.com.br\\\/blog\\\/\",\"logo\":{\"@type\":\"ImageObject\",\"inLanguage\":\"pt-BR\",\"@id\":\"https:\\\/\\\/www.grupomedcof.com.br\\\/blog\\\/#\\\/schema\\\/logo\\\/image\\\/\",\"url\":\"https:\\\/\\\/www.grupomedcof.com.br\\\/blog\\\/wp-content\\\/uploads\\\/2022\\\/01\\\/logo-medcof.png\",\"contentUrl\":\"https:\\\/\\\/www.grupomedcof.com.br\\\/blog\\\/wp-content\\\/uploads\\\/2022\\\/01\\\/logo-medcof.png\",\"width\":768,\"height\":269,\"caption\":\"Grupo MedCof\"},\"image\":{\"@id\":\"https:\\\/\\\/www.grupomedcof.com.br\\\/blog\\\/#\\\/schema\\\/logo\\\/image\\\/\"},\"sameAs\":[\"https:\\\/\\\/www.facebook.com\\\/MedCofQbank\\\/\",\"https:\\\/\\\/www.instagram.com\\\/grupomedcof\\\/\",\"https:\\\/\\\/br.linkedin.com\\\/company\\\/medcof\",\"https:\\\/\\\/www.youtube.com\\\/channel\\\/UCdHMuOHKICxcHwecxN8P-AA\"]},{\"@type\":\"Person\",\"@id\":\"https:\\\/\\\/www.grupomedcof.com.br\\\/blog\\\/#\\\/schema\\\/person\\\/6c9d76c2d1abb71d1cbff62ad7c6f83e\",\"name\":\"Leila Menzel\",\"image\":{\"@type\":\"ImageObject\",\"inLanguage\":\"pt-BR\",\"@id\":\"https:\\\/\\\/www.grupomedcof.com.br\\\/blog\\\/wp-content\\\/uploads\\\/2025\\\/09\\\/cropped-eu-96x96.jpeg19a74936d997c0a8b3031618467fa1d0\",\"url\":\"https:\\\/\\\/www.grupomedcof.com.br\\\/blog\\\/wp-content\\\/uploads\\\/2025\\\/09\\\/cropped-eu-96x96.jpeg\",\"contentUrl\":\"https:\\\/\\\/www.grupomedcof.com.br\\\/blog\\\/wp-content\\\/uploads\\\/2025\\\/09\\\/cropped-eu-96x96.jpeg\",\"caption\":\"Leila Menzel\"},\"description\":\"Estudante do 7\u00b0 semestre de jornalismo. Atuo na cobertura de not\u00edcias e atualiza\u00e7\u00f5es sobre sa\u00fade, com foco em resid\u00eancia m\u00e9dica.\",\"url\":\"https:\\\/\\\/www.grupomedcof.com.br\\\/blog\\\/author\\\/leila-menzel\\\/\"}]}<\/script>\n<!-- \/ Yoast SEO Premium plugin. -->","yoast_head_json":{"title":"Resid\u00eancia M\u00e9dica CEMA 2027: vagas, edital e cronograma","description":"Resid\u00eancia M\u00e9dica CEMA 2027: confira vagas, especialidades, etapas da sele\u00e7\u00e3o, cronograma e previs\u00e3o de publica\u00e7\u00e3o do edital.","robots":{"index":"index","follow":"follow","max-snippet":"max-snippet:-1","max-image-preview":"max-image-preview:large","max-video-preview":"max-video-preview:-1"},"canonical":"https:\/\/www.grupomedcof.com.br\/blog\/edital-residencia-medica-hospital-cema\/","og_locale":"pt_BR","og_type":"article","og_title":"Primeiras informa\u00e7\u00f5es de resid\u00eancia m\u00e9dica do Hospital CEMA 2026\/2027","og_description":"Resid\u00eancia M\u00e9dica CEMA 2027: confira vagas, especialidades, etapas da sele\u00e7\u00e3o, cronograma e previs\u00e3o de publica\u00e7\u00e3o do edital.","og_url":"https:\/\/www.grupomedcof.com.br\/blog\/edital-residencia-medica-hospital-cema\/","og_site_name":"Blog de Medcof: conte\u00fados, editais, revalida e mais!","article_publisher":"https:\/\/www.facebook.com\/MedCofQbank\/","article_published_time":"2026-08-31T17:06:47+00:00","article_modified_time":"2026-08-31T17:06:50+00:00","og_image":[{"width":1920,"height":1080,"url":"https:\/\/www.grupomedcof.com.br\/blog\/wp-content\/uploads\/2026\/08\/Modelo-instituicoes-2026-08-31T140515.860.jpg","type":"image\/jpeg"}],"author":"Leila Menzel","twitter_card":"summary_large_image","twitter_misc":{"Escrito por":"Leila Menzel","Est. tempo de leitura":"5 minutos"},"schema":{"@context":"https:\/\/schema.org","@graph":[{"@type":"Article","@id":"https:\/\/www.grupomedcof.com.br\/blog\/edital-residencia-medica-hospital-cema\/#article","isPartOf":{"@id":"https:\/\/www.grupomedcof.com.br\/blog\/edital-residencia-medica-hospital-cema\/"},"author":{"name":"Leila Menzel","@id":"https:\/\/www.grupomedcof.com.br\/blog\/#\/schema\/person\/6c9d76c2d1abb71d1cbff62ad7c6f83e"},"headline":"Primeiras informa\u00e7\u00f5es de resid\u00eancia m\u00e9dica do Hospital CEMA 2026\/2027","datePublished":"2026-08-31T17:06:47+00:00","dateModified":"2026-08-31T17:06:50+00:00","mainEntityOfPage":{"@id":"https:\/\/www.grupomedcof.com.br\/blog\/edital-residencia-medica-hospital-cema\/"},"wordCount":716,"publisher":{"@id":"https:\/\/www.grupomedcof.com.br\/blog\/#organization"},"image":{"@id":"https:\/\/www.grupomedcof.com.br\/blog\/edital-residencia-medica-hospital-cema\/#primaryimage"},"thumbnailUrl":"https:\/\/www.grupomedcof.com.br\/blog\/wp-content\/uploads\/2026\/08\/Modelo-instituicoes-2026-08-31T140515.860.jpg","keywords":["Edital","Provas","Provas de Resid\u00eancia","Resid\u00eancia M\u00e9dica"],"articleSection":["Editais"],"inLanguage":"pt-BR"},{"@type":"WebPage","@id":"https:\/\/www.grupomedcof.com.br\/blog\/edital-residencia-medica-hospital-cema\/","url":"https:\/\/www.grupomedcof.com.br\/blog\/edital-residencia-medica-hospital-cema\/","name":"Resid\u00eancia M\u00e9dica CEMA 2027: vagas, edital e cronograma","isPartOf":{"@id":"https:\/\/www.grupomedcof.com.br\/blog\/#website"},"primaryImageOfPage":{"@id":"https:\/\/www.grupomedcof.com.br\/blog\/edital-residencia-medica-hospital-cema\/#primaryimage"},"image":{"@id":"https:\/\/www.grupomedcof.com.br\/blog\/edital-residencia-medica-hospital-cema\/#primaryimage"},"thumbnailUrl":"https:\/\/www.grupomedcof.com.br\/blog\/wp-content\/uploads\/2026\/08\/Modelo-instituicoes-2026-08-31T140515.860.jpg","datePublished":"2026-08-31T17:06:47+00:00","dateModified":"2026-08-31T17:06:50+00:00","description":"Resid\u00eancia M\u00e9dica CEMA 2027: confira vagas, especialidades, etapas da sele\u00e7\u00e3o, cronograma e previs\u00e3o de publica\u00e7\u00e3o do edital.","breadcrumb":{"@id":"https:\/\/www.grupomedcof.com.br\/blog\/edital-residencia-medica-hospital-cema\/#breadcrumb"},"inLanguage":"pt-BR","potentialAction":[{"@type":"ReadAction","target":["https:\/\/www.grupomedcof.com.br\/blog\/edital-residencia-medica-hospital-cema\/"]}]},{"@type":"ImageObject","inLanguage":"pt-BR","@id":"https:\/\/www.grupomedcof.com.br\/blog\/edital-residencia-medica-hospital-cema\/#primaryimage","url":"https:\/\/www.grupomedcof.com.br\/blog\/wp-content\/uploads\/2026\/08\/Modelo-instituicoes-2026-08-31T140515.860.jpg","contentUrl":"https:\/\/www.grupomedcof.com.br\/blog\/wp-content\/uploads\/2026\/08\/Modelo-instituicoes-2026-08-31T140515.860.jpg","width":1920,"height":1080},{"@type":"BreadcrumbList","@id":"https:\/\/www.grupomedcof.com.br\/blog\/edital-residencia-medica-hospital-cema\/#breadcrumb","itemListElement":[{"@type":"ListItem","position":1,"name":"In\u00edcio","item":"https:\/\/www.grupomedcof.com.br\/blog\/"},{"@type":"ListItem","position":2,"name":"Primeiras informa\u00e7\u00f5es de resid\u00eancia m\u00e9dica do Hospital CEMA 2026\/2027"}]},{"@type":"WebSite","@id":"https:\/\/www.grupomedcof.com.br\/blog\/#website","url":"https:\/\/www.grupomedcof.com.br\/blog\/","name":"Blog de Medcof: conte\u00fados, editais, revalida e mais!","description":"Acesso o blog de MedCof! Seu portal de conte\u00fados sobre resid\u00eancia m\u00e9dica, an\u00e1lise e editais e muito mais. Clique e confira!","publisher":{"@id":"https:\/\/www.grupomedcof.com.br\/blog\/#organization"},"alternateName":"Blog de Medcof: conte\u00fados, editais, revalida e mais!","potentialAction":[{"@type":"SearchAction","target":{"@type":"EntryPoint","urlTemplate":"https:\/\/www.grupomedcof.com.br\/blog\/?s={search_term_string}"},"query-input":{"@type":"PropertyValueSpecification","valueRequired":true,"valueName":"search_term_string"}}],"inLanguage":"pt-BR"},{"@type":"Organization","@id":"https:\/\/www.grupomedcof.com.br\/blog\/#organization","name":"Grupo MedCof","url":"https:\/\/www.grupomedcof.com.br\/blog\/","logo":{"@type":"ImageObject","inLanguage":"pt-BR","@id":"https:\/\/www.grupomedcof.com.br\/blog\/#\/schema\/logo\/image\/","url":"https:\/\/www.grupomedcof.com.br\/blog\/wp-content\/uploads\/2022\/01\/logo-medcof.png","contentUrl":"https:\/\/www.grupomedcof.com.br\/blog\/wp-content\/uploads\/2022\/01\/logo-medcof.png","width":768,"height":269,"caption":"Grupo MedCof"},"image":{"@id":"https:\/\/www.grupomedcof.com.br\/blog\/#\/schema\/logo\/image\/"},"sameAs":["https:\/\/www.facebook.com\/MedCofQbank\/","https:\/\/www.instagram.com\/grupomedcof\/","https:\/\/br.linkedin.com\/company\/medcof","https:\/\/www.youtube.com\/channel\/UCdHMuOHKICxcHwecxN8P-AA"]},{"@type":"Person","@id":"https:\/\/www.grupomedcof.com.br\/blog\/#\/schema\/person\/6c9d76c2d1abb71d1cbff62ad7c6f83e","name":"Leila Menzel","image":{"@type":"ImageObject","inLanguage":"pt-BR","@id":"https:\/\/www.grupomedcof.com.br\/blog\/wp-content\/uploads\/2025\/09\/cropped-eu-96x96.jpeg19a74936d997c0a8b3031618467fa1d0","url":"https:\/\/www.grupomedcof.com.br\/blog\/wp-content\/uploads\/2025\/09\/cropped-eu-96x96.jpeg","contentUrl":"https:\/\/www.grupomedcof.com.br\/blog\/wp-content\/uploads\/2025\/09\/cropped-eu-96x96.jpeg","caption":"Leila Menzel"},"description":"Estudante do 7\u00b0 semestre de jornalismo. Atuo na cobertura de not\u00edcias e atualiza\u00e7\u00f5es sobre sa\u00fade, com foco em resid\u00eancia m\u00e9dica.","url":"https:\/\/www.grupomedcof.com.br\/blog\/author\/leila-menzel\/"}]}},"authors":[{"term_id":3616,"user_id":20,"is_guest":0,"slug":"leila-menzel","display_name":"Leila Menzel","avatar_url":"https:\/\/www.grupomedcof.com.br\/blog\/wp-content\/uploads\/2025\/09\/cropped-eu-96x96.jpeg","0":null,"1":"","2":"","3":"","4":"","5":"","6":"","7":"","8":""}],"_links":{"self":[{"href":"https:\/\/www.grupomedcof.com.br\/blog\/wp-json\/wp\/v2\/posts\/48734","targetHints":{"allow":["GET"]}}],"collection":[{"href":"https:\/\/www.grupomedcof.com.br\/blog\/wp-json\/wp\/v2\/posts"}],"about":[{"href":"https:\/\/www.grupomedcof.com.br\/blog\/wp-json\/wp\/v2\/types\/post"}],"author":[{"embeddable":true,"href":"https:\/\/www.grupomedcof.com.br\/blog\/wp-json\/wp\/v2\/users\/20"}],"replies":[{"embeddable":true,"href":"https:\/\/www.grupomedcof.com.br\/blog\/wp-json\/wp\/v2\/comments?post=48734"}],"version-history":[{"count":1,"href":"https:\/\/www.grupomedcof.com.br\/blog\/wp-json\/wp\/v2\/posts\/48734\/revisions"}],"predecessor-version":[{"id":48738,"href":"https:\/\/www.grupomedcof.com.br\/blog\/wp-json\/wp\/v2\/posts\/48734\/revisions\/48738"}],"wp:featuredmedia":[{"embeddable":true,"href":"https:\/\/www.grupomedcof.com.br\/blog\/wp-json\/wp\/v2\/media\/48737"}],"wp:attachment":[{"href":"https:\/\/www.grupomedcof.com.br\/blog\/wp-json\/wp\/v2\/media?parent=48734"}],"wp:term":[{"taxonomy":"category","embeddable":true,"href":"https:\/\/www.grupomedcof.com.br\/blog\/wp-json\/wp\/v2\/categories?post=48734"},{"taxonomy":"post_tag","embeddable":true,"href":"https:\/\/www.grupomedcof.com.br\/blog\/wp-json\/wp\/v2\/tags?post=48734"},{"taxonomy":"author","embeddable":true,"href":"https:\/\/www.grupomedcof.com.br\/blog\/wp-json\/wp\/v2\/ppma_author?post=48734"}],"curies":[{"name":"wp","href":"https:\/\/api.w.org\/{rel}","templated":true}]}}