{"id":48741,"date":"2026-08-31T16:28:19","date_gmt":"2026-08-31T19:28:19","guid":{"rendered":"https:\/\/www.grupomedcof.com.br\/blog\/?p=48741"},"modified":"2026-08-31T16:28:21","modified_gmt":"2026-08-31T19:28:21","slug":"sus-tres-novos-medicamentos-cancer-pulmao","status":"publish","type":"post","link":"https:\/\/www.grupomedcof.com.br\/blog\/sus-tres-novos-medicamentos-cancer-pulmao\/","title":{"rendered":"SUS amplia tratamento do c\u00e2ncer de pulm\u00e3o com tr\u00eas novos medicamentos"},"content":{"rendered":"\n<figure class=\"wp-block-image size-large\"><img loading=\"lazy\" decoding=\"async\" width=\"1024\" height=\"576\" src=\"https:\/\/www.grupomedcof.com.br\/blog\/wp-content\/uploads\/2026\/08\/Blog-MedCof-2026-08-31T162419.089-1024x576.jpg\" alt=\"\" class=\"wp-image-48742\" srcset=\"https:\/\/www.grupomedcof.com.br\/blog\/wp-content\/uploads\/2026\/08\/Blog-MedCof-2026-08-31T162419.089-1024x576.jpg 1024w, https:\/\/www.grupomedcof.com.br\/blog\/wp-content\/uploads\/2026\/08\/Blog-MedCof-2026-08-31T162419.089-300x169.jpg 300w, https:\/\/www.grupomedcof.com.br\/blog\/wp-content\/uploads\/2026\/08\/Blog-MedCof-2026-08-31T162419.089-768x432.jpg 768w, https:\/\/www.grupomedcof.com.br\/blog\/wp-content\/uploads\/2026\/08\/Blog-MedCof-2026-08-31T162419.089-1536x864.jpg 1536w, https:\/\/www.grupomedcof.com.br\/blog\/wp-content\/uploads\/2026\/08\/Blog-MedCof-2026-08-31T162419.089-747x420.jpg 747w, https:\/\/www.grupomedcof.com.br\/blog\/wp-content\/uploads\/2026\/08\/Blog-MedCof-2026-08-31T162419.089-150x84.jpg 150w, https:\/\/www.grupomedcof.com.br\/blog\/wp-content\/uploads\/2026\/08\/Blog-MedCof-2026-08-31T162419.089-696x392.jpg 696w, https:\/\/www.grupomedcof.com.br\/blog\/wp-content\/uploads\/2026\/08\/Blog-MedCof-2026-08-31T162419.089-1068x601.jpg 1068w, https:\/\/www.grupomedcof.com.br\/blog\/wp-content\/uploads\/2026\/08\/Blog-MedCof-2026-08-31T162419.089.jpg 1920w\" sizes=\"auto, (max-width: 1024px) 100vw, 1024px\" \/><\/figure>\n\n\n\n<p class=\"wp-block-paragraph\">O <strong>Sistema \u00danico de Sa\u00fade (SUS) <\/strong>vai ampliar a oferta de tratamentos para o <strong>c\u00e2ncer de pulm\u00e3o<\/strong> com a disponibiliza\u00e7\u00e3o de tr\u00eas novos medicamentos: <strong>brigatinibe, gefitinibe e durvalumabe<\/strong>. A distribui\u00e7\u00e3o ser\u00e1 realizada de forma gradual, com previs\u00e3o de in\u00edcio em outubro de 2026.<\/p>\n\n\n\n<p class=\"wp-block-paragraph\">De acordo com o Minist\u00e9rio da Sa\u00fade, cerca de <strong>1,9 mil pacientes<\/strong> poder\u00e3o ser beneficiados pela medida. Os medicamentos ser\u00e3o financiados integralmente pelo Governo Federal por meio da <strong>Assist\u00eancia Farmac\u00eautica Oncol\u00f3gica (AF-Onco)<\/strong>, nova pol\u00edtica voltada \u00e0 amplia\u00e7\u00e3o do acesso a medicamentos oncol\u00f3gicos de alto custo.<\/p>\n\n\n\n<h2 id=\"h-quais-medicamentos-serao-disponibilizados-pelo-sus\" class=\"wp-block-heading\"><strong>Quais medicamentos ser\u00e3o disponibilizados pelo SUS?<\/strong><\/h2>\n\n\n\n<p class=\"wp-block-paragraph\">Os tr\u00eas medicamentos possuem mecanismos de a\u00e7\u00e3o diferentes e ser\u00e3o destinados a situa\u00e7\u00f5es espec\u00edficas do tratamento do c\u00e2ncer de pulm\u00e3o.<\/p>\n\n\n\n<p class=\"wp-block-paragraph\">O <strong>brigatinibe<\/strong> e o <strong>gefitinibe<\/strong> s\u00e3o terapias-alvo administradas por via oral. Esses medicamentos atuam sobre altera\u00e7\u00f5es espec\u00edficas presentes nas c\u00e9lulas cancer\u00edgenas e fazem parte de estrat\u00e9gias de tratamento direcionadas \u00e0s caracter\u00edsticas moleculares do tumor.<\/p>\n\n\n\n<p class=\"wp-block-paragraph\">Por serem medicamentos de uso oral, a administra\u00e7\u00e3o pode ser realizada em casa, conforme indica\u00e7\u00e3o e acompanhamento da equipe de sa\u00fade. O Minist\u00e9rio da Sa\u00fade destaca ainda que essas terapias apresentam menor incid\u00eancia de eventos adversos quando comparadas a alguns esquemas convencionais de quimioterapia.<\/p>\n\n\n\n<p class=\"wp-block-paragraph\">J\u00e1 o <strong>durvalumabe<\/strong> \u00e9 uma imunoterapia que atua estimulando ou potencializando a resposta do sistema imunol\u00f3gico contra as c\u00e9lulas tumorais. A previs\u00e3o \u00e9 de utiliza\u00e7\u00e3o para pacientes com <strong>c\u00e2ncer de pulm\u00e3o em est\u00e1gio III que n\u00e3o podem ser submetidos \u00e0 cirurgia<\/strong>. Segundo o Minist\u00e9rio da Sa\u00fade, o tratamento apresenta benef\u00edcios em sobrevida global.<\/p>\n\n\n\n<h3 id=\"h-distribuicao-dos-medicamentos-comeca-em-outubro\" class=\"wp-block-heading\"><strong>Distribui\u00e7\u00e3o dos medicamentos come\u00e7a em outubro<\/strong><\/h3>\n\n\n\n<p class=\"wp-block-paragraph\">A oferta dos tr\u00eas medicamentos ser\u00e1 gradual e depende das tratativas de aquisi\u00e7\u00e3o com os fornecedores e das caracter\u00edsticas operacionais de cada tecnologia. A previs\u00e3o do Minist\u00e9rio da Sa\u00fade \u00e9 que as primeiras entregas ocorram a partir de <strong>outubro de 2026<\/strong>.<\/p>\n\n\n\n<p class=\"wp-block-paragraph\">A forma de aquisi\u00e7\u00e3o tamb\u00e9m ser\u00e1 diferente para cada medicamento:<\/p>\n\n\n\n<figure class=\"wp-block-table\"><table class=\"has-fixed-layout\"><thead><tr><th>Medicamento<\/th><th>Forma de aquisi\u00e7\u00e3o<\/th><\/tr><\/thead><tbody><tr><td><strong>Brigatinibe<\/strong><\/td><td>Centralizada, com compra e distribui\u00e7\u00e3o pelo Minist\u00e9rio da Sa\u00fade<\/td><\/tr><tr><td><strong>Gefitinibe<\/strong><\/td><td>Descentralizada, com aquisi\u00e7\u00e3o pelos hospitais e gestores locais e repasse federal<\/td><\/tr><tr><td><strong>Durvalumabe<\/strong><\/td><td>Ata de Negocia\u00e7\u00e3o Nacional, com negocia\u00e7\u00e3o de pre\u00e7o pelo Minist\u00e9rio da Sa\u00fade<\/td><\/tr><\/tbody><\/table><\/figure>\n\n\n\n<p class=\"wp-block-paragraph\">A organiza\u00e7\u00e3o da aquisi\u00e7\u00e3o faz parte da implementa\u00e7\u00e3o da <strong>AF-Onco<\/strong>, que estabelece diferentes mecanismos para garantir o abastecimento dos medicamentos oncol\u00f3gicos no SUS.<\/p>\n\n\n\n<h2 id=\"h-nova-politica-amplia-oferta-de-medicamentos-oncologicos\" class=\"wp-block-heading\"><strong>Nova pol\u00edtica amplia oferta de medicamentos oncol\u00f3gicos<\/strong><\/h2>\n\n\n\n<p class=\"wp-block-paragraph\">A oferta dos tr\u00eas medicamentos para c\u00e2ncer de pulm\u00e3o integra uma pol\u00edtica mais ampla de assist\u00eancia farmac\u00eautica oncol\u00f3gica. Ao todo, a AF-Onco prev\u00ea a disponibiliza\u00e7\u00e3o de <strong>23 medicamentos oncol\u00f3gicos de alto custo<\/strong>, incluindo novas tecnologias e amplia\u00e7\u00f5es de indica\u00e7\u00f5es de uso.<\/p>\n\n\n\n<p class=\"wp-block-paragraph\">Segundo o Minist\u00e9rio da Sa\u00fade, a medida representa uma amplia\u00e7\u00e3o de <strong>35% na oferta de tratamentos<\/strong> na rede p\u00fablica. A estimativa \u00e9 que mais de <strong>100 mil pessoas<\/strong> sejam contempladas pela pol\u00edtica, com or\u00e7amento anual previsto de <strong>R$ 2,1 bilh\u00f5es<\/strong>, financiado pela Uni\u00e3o.<\/p>\n\n\n\n<p class=\"wp-block-paragraph\">No caso espec\u00edfico do c\u00e2ncer de pulm\u00e3o, a amplia\u00e7\u00e3o inclui medicamentos que atuam por diferentes mecanismos, permitindo que a escolha terap\u00eautica continue considerando as caracter\u00edsticas cl\u00ednicas e moleculares de cada paciente.<\/p>\n\n\n\n<figure class=\"wp-block-image size-large\"><a href=\"https:\/\/www.grupomedcof.com.br\/cofletters\/?clientId=&amp;utm_campaign=newsletter&amp;utm_medium=banner&amp;utm_source=blog&amp;utm_content=inscricao#https:\/\/www.grupomedcof.com.br\/blog\/\" target=\"_blank\" rel=\" noopener\"><img loading=\"lazy\" decoding=\"async\" width=\"1024\" height=\"320\" src=\"https:\/\/www.grupomedcof.com.br\/blog\/wp-content\/uploads\/2025\/11\/Banner-MedCof-Plus-2200x460-11-1343x420-1-1024x320.png\" alt=\"banner\" class=\"wp-image-39227\" srcset=\"https:\/\/www.grupomedcof.com.br\/blog\/wp-content\/uploads\/2025\/11\/Banner-MedCof-Plus-2200x460-11-1343x420-1-1024x320.png 1024w, https:\/\/www.grupomedcof.com.br\/blog\/wp-content\/uploads\/2025\/11\/Banner-MedCof-Plus-2200x460-11-1343x420-1-300x94.png 300w, https:\/\/www.grupomedcof.com.br\/blog\/wp-content\/uploads\/2025\/11\/Banner-MedCof-Plus-2200x460-11-1343x420-1-768x240.png 768w, https:\/\/www.grupomedcof.com.br\/blog\/wp-content\/uploads\/2025\/11\/Banner-MedCof-Plus-2200x460-11-1343x420-1-150x47.png 150w, https:\/\/www.grupomedcof.com.br\/blog\/wp-content\/uploads\/2025\/11\/Banner-MedCof-Plus-2200x460-11-1343x420-1-696x218.png 696w, https:\/\/www.grupomedcof.com.br\/blog\/wp-content\/uploads\/2025\/11\/Banner-MedCof-Plus-2200x460-11-1343x420-1-1068x334.png 1068w, https:\/\/www.grupomedcof.com.br\/blog\/wp-content\/uploads\/2025\/11\/Banner-MedCof-Plus-2200x460-11-1343x420-1.png 1343w\" sizes=\"auto, (max-width: 1024px) 100vw, 1024px\" \/><\/a><\/figure>\n\n\n\n<h2 id=\"h-como-e-o-tratamento-do-cancer-de-pulmao-pelo-sus\" class=\"wp-block-heading\"><strong>Como \u00e9 o tratamento do c\u00e2ncer de pulm\u00e3o pelo SUS?<\/strong><\/h2>\n\n\n\n<p class=\"wp-block-paragraph\">O tratamento do c\u00e2ncer de pulm\u00e3o no SUS \u00e9 realizado nos servi\u00e7os habilitados em oncologia e considera as caracter\u00edsticas cl\u00ednicas e moleculares de cada caso.<\/p>\n\n\n\n<p class=\"wp-block-paragraph\">Entre as modalidades terap\u00eauticas dispon\u00edveis est\u00e3o <strong>cirurgia, radioterapia, quimioterapia, terapias sist\u00eamicas e terapias-alvo<\/strong>, de acordo com as indica\u00e7\u00f5es cl\u00ednicas e as tecnologias disponibilizadas na rede p\u00fablica.<\/p>\n\n\n\n<p class=\"wp-block-paragraph\">Com a implementa\u00e7\u00e3o da AF-Onco, brigatinibe, gefitinibe e durvalumabe passam a integrar a amplia\u00e7\u00e3o das op\u00e7\u00f5es terap\u00eauticas financiadas pelo Governo Federal para pacientes com c\u00e2ncer de pulm\u00e3o.<\/p>\n\n\n\n<h3 id=\"h-o-que-muda-para-os-pacientes\" class=\"wp-block-heading\"><strong>O que muda para os pacientes?<\/strong><\/h3>\n\n\n\n<p class=\"wp-block-paragraph\">A principal mudan\u00e7a \u00e9 a amplia\u00e7\u00e3o do acesso, pelo SUS, a tr\u00eas medicamentos de alta tecnologia para situa\u00e7\u00f5es espec\u00edficas do c\u00e2ncer de pulm\u00e3o.<\/p>\n\n\n\n<p class=\"wp-block-paragraph\">A disponibiliza\u00e7\u00e3o ser\u00e1 feita de maneira gradual a partir de outubro de 2026, conforme a aquisi\u00e7\u00e3o e a log\u00edstica necess\u00e1ria para cada medicamento. A expectativa inicial \u00e9 de que aproximadamente <strong>1,9 mil pacientes<\/strong> sejam beneficiados.<\/p>\n\n\n\n<p class=\"wp-block-paragraph\">A medida ocorre durante o m\u00eas de agosto, per\u00edodo marcado por a\u00e7\u00f5es de conscientiza\u00e7\u00e3o sobre o c\u00e2ncer de pulm\u00e3o, e faz parte da estrat\u00e9gia do Minist\u00e9rio da Sa\u00fade para ampliar o acesso a tratamentos oncol\u00f3gicos na rede p\u00fablica.<\/p>\n\n\n\n<h2 class=\"wp-block-heading\"><strong>Quer revisar os principais temas de Oncologia para as provas?<\/strong><\/h2>\n\n\n\n<p class=\"wp-block-paragraph\">O c\u00e2ncer de pulm\u00e3o e os avan\u00e7os no tratamento oncol\u00f3gico tamb\u00e9m fazem parte dos temas que exigem atualiza\u00e7\u00e3o constante na Medicina. <strong>Acesse os conte\u00fados do Blog MedCof e revise os principais conceitos de Oncologia para as provas de resid\u00eancia m\u00e9dica.<\/strong><\/p>\n\n\n\n<figure class=\"wp-block-embed is-type-video is-provider-youtube wp-block-embed-youtube wp-embed-aspect-16-9 wp-has-aspect-ratio\"><div class=\"wp-block-embed__wrapper\">\n<div class=\"youtube-embed\" data-video_id=\"UyV_6BHBalk\"><iframe loading=\"lazy\" title=\"Emerg\u00eancias Oncol\u00f3gicas: O que Voc\u00ea Precisa Saber. Com Dra. Mariana Gouveia\" width=\"696\" height=\"392\" src=\"https:\/\/www.youtube.com\/embed\/UyV_6BHBalk?feature=oembed&#038;enablejsapi=1\" frameborder=\"0\" allow=\"accelerometer; autoplay; clipboard-write; encrypted-media; gyroscope; picture-in-picture; web-share\" referrerpolicy=\"strict-origin-when-cross-origin\" allowfullscreen><\/iframe><\/div>\n<\/div><\/figure>\n","protected":false},"excerpt":{"rendered":"<p>SUS vai ofertar brigatinibe, gefitinibe e durvalumabe para c\u00e2ncer de pulm\u00e3o. Distribui\u00e7\u00e3o ser\u00e1 gradual e come\u00e7a a partir de outubro de 2026.<\/p>\n","protected":false},"author":20,"featured_media":48742,"comment_status":"closed","ping_status":"closed","sticky":false,"template":"","format":"standard","meta":{"footnotes":""},"categories":[240,74],"tags":[112],"ppma_author":[3616],"class_list":["post-48741","post","type-post","status-publish","format-standard","has-post-thumbnail","category-noticias","category-oncologia","tag-oncologia"],"yoast_head":"<!-- This site is optimized with the Yoast SEO Premium plugin v28.1 (Yoast SEO v28.3) - https:\/\/yoast.com\/product\/yoast-seo-premium-wordpress\/ -->\n<title>SUS ter\u00e1 tr\u00eas novos medicamentos para c\u00e2ncer de pulm\u00e3o<\/title>\n<meta name=\"description\" content=\"SUS vai ofertar brigatinibe, gefitinibe e durvalumabe para c\u00e2ncer de pulm\u00e3o. Distribui\u00e7\u00e3o ser\u00e1 gradual e come\u00e7a a partir de outubro de 2026.\" \/>\n<meta name=\"robots\" content=\"index, follow, max-snippet:-1, max-image-preview:large, max-video-preview:-1\" \/>\n<link rel=\"canonical\" href=\"https:\/\/www.grupomedcof.com.br\/blog\/sus-tres-novos-medicamentos-cancer-pulmao\/\" \/>\n<meta property=\"og:locale\" content=\"pt_BR\" \/>\n<meta property=\"og:type\" content=\"article\" \/>\n<meta property=\"og:title\" content=\"SUS amplia tratamento do c\u00e2ncer de pulm\u00e3o com tr\u00eas novos medicamentos\" \/>\n<meta property=\"og:description\" content=\"SUS vai ofertar brigatinibe, gefitinibe e durvalumabe para c\u00e2ncer de pulm\u00e3o. Distribui\u00e7\u00e3o ser\u00e1 gradual e come\u00e7a a partir de outubro de 2026.\" \/>\n<meta property=\"og:url\" content=\"https:\/\/www.grupomedcof.com.br\/blog\/sus-tres-novos-medicamentos-cancer-pulmao\/\" \/>\n<meta property=\"og:site_name\" content=\"Blog de Medcof: conte\u00fados, editais, revalida e mais!\" \/>\n<meta property=\"article:publisher\" content=\"https:\/\/www.facebook.com\/MedCofQbank\/\" \/>\n<meta property=\"article:published_time\" content=\"2026-08-31T19:28:19+00:00\" \/>\n<meta property=\"article:modified_time\" content=\"2026-08-31T19:28:21+00:00\" \/>\n<meta property=\"og:image\" content=\"https:\/\/www.grupomedcof.com.br\/blog\/wp-content\/uploads\/2026\/08\/Blog-MedCof-2026-08-31T162419.089.jpg\" \/>\n\t<meta property=\"og:image:width\" content=\"1920\" \/>\n\t<meta property=\"og:image:height\" content=\"1080\" \/>\n\t<meta property=\"og:image:type\" content=\"image\/jpeg\" \/>\n<meta name=\"author\" content=\"Leila Menzel\" \/>\n<meta name=\"twitter:card\" content=\"summary_large_image\" \/>\n<meta name=\"twitter:label1\" content=\"Escrito por\" \/>\n\t<meta name=\"twitter:data1\" content=\"Leila Menzel\" \/>\n\t<meta name=\"twitter:label2\" content=\"Est. tempo de leitura\" \/>\n\t<meta name=\"twitter:data2\" content=\"5 minutos\" \/>\n<script type=\"application\/ld+json\" class=\"yoast-schema-graph\">{\"@context\":\"https:\\\/\\\/schema.org\",\"@graph\":[{\"@type\":\"Article\",\"@id\":\"https:\\\/\\\/www.grupomedcof.com.br\\\/blog\\\/sus-tres-novos-medicamentos-cancer-pulmao\\\/#article\",\"isPartOf\":{\"@id\":\"https:\\\/\\\/www.grupomedcof.com.br\\\/blog\\\/sus-tres-novos-medicamentos-cancer-pulmao\\\/\"},\"author\":{\"name\":\"Leila Menzel\",\"@id\":\"https:\\\/\\\/www.grupomedcof.com.br\\\/blog\\\/#\\\/schema\\\/person\\\/6c9d76c2d1abb71d1cbff62ad7c6f83e\"},\"headline\":\"SUS amplia tratamento do c\u00e2ncer de pulm\u00e3o com tr\u00eas novos medicamentos\",\"datePublished\":\"2026-08-31T19:28:19+00:00\",\"dateModified\":\"2026-08-31T19:28:21+00:00\",\"mainEntityOfPage\":{\"@id\":\"https:\\\/\\\/www.grupomedcof.com.br\\\/blog\\\/sus-tres-novos-medicamentos-cancer-pulmao\\\/\"},\"wordCount\":882,\"publisher\":{\"@id\":\"https:\\\/\\\/www.grupomedcof.com.br\\\/blog\\\/#organization\"},\"image\":{\"@id\":\"https:\\\/\\\/www.grupomedcof.com.br\\\/blog\\\/sus-tres-novos-medicamentos-cancer-pulmao\\\/#primaryimage\"},\"thumbnailUrl\":\"https:\\\/\\\/www.grupomedcof.com.br\\\/blog\\\/wp-content\\\/uploads\\\/2026\\\/08\\\/Blog-MedCof-2026-08-31T162419.089.jpg\",\"keywords\":[\"Oncologia\"],\"articleSection\":[\"Not\u00edcias\",\"Oncologia\"],\"inLanguage\":\"pt-BR\"},{\"@type\":\"WebPage\",\"@id\":\"https:\\\/\\\/www.grupomedcof.com.br\\\/blog\\\/sus-tres-novos-medicamentos-cancer-pulmao\\\/\",\"url\":\"https:\\\/\\\/www.grupomedcof.com.br\\\/blog\\\/sus-tres-novos-medicamentos-cancer-pulmao\\\/\",\"name\":\"SUS ter\u00e1 tr\u00eas novos medicamentos para c\u00e2ncer de pulm\u00e3o\",\"isPartOf\":{\"@id\":\"https:\\\/\\\/www.grupomedcof.com.br\\\/blog\\\/#website\"},\"primaryImageOfPage\":{\"@id\":\"https:\\\/\\\/www.grupomedcof.com.br\\\/blog\\\/sus-tres-novos-medicamentos-cancer-pulmao\\\/#primaryimage\"},\"image\":{\"@id\":\"https:\\\/\\\/www.grupomedcof.com.br\\\/blog\\\/sus-tres-novos-medicamentos-cancer-pulmao\\\/#primaryimage\"},\"thumbnailUrl\":\"https:\\\/\\\/www.grupomedcof.com.br\\\/blog\\\/wp-content\\\/uploads\\\/2026\\\/08\\\/Blog-MedCof-2026-08-31T162419.089.jpg\",\"datePublished\":\"2026-08-31T19:28:19+00:00\",\"dateModified\":\"2026-08-31T19:28:21+00:00\",\"description\":\"SUS vai ofertar brigatinibe, gefitinibe e durvalumabe para c\u00e2ncer de pulm\u00e3o. Distribui\u00e7\u00e3o ser\u00e1 gradual e come\u00e7a a partir de outubro de 2026.\",\"breadcrumb\":{\"@id\":\"https:\\\/\\\/www.grupomedcof.com.br\\\/blog\\\/sus-tres-novos-medicamentos-cancer-pulmao\\\/#breadcrumb\"},\"inLanguage\":\"pt-BR\",\"potentialAction\":[{\"@type\":\"ReadAction\",\"target\":[\"https:\\\/\\\/www.grupomedcof.com.br\\\/blog\\\/sus-tres-novos-medicamentos-cancer-pulmao\\\/\"]}]},{\"@type\":\"ImageObject\",\"inLanguage\":\"pt-BR\",\"@id\":\"https:\\\/\\\/www.grupomedcof.com.br\\\/blog\\\/sus-tres-novos-medicamentos-cancer-pulmao\\\/#primaryimage\",\"url\":\"https:\\\/\\\/www.grupomedcof.com.br\\\/blog\\\/wp-content\\\/uploads\\\/2026\\\/08\\\/Blog-MedCof-2026-08-31T162419.089.jpg\",\"contentUrl\":\"https:\\\/\\\/www.grupomedcof.com.br\\\/blog\\\/wp-content\\\/uploads\\\/2026\\\/08\\\/Blog-MedCof-2026-08-31T162419.089.jpg\",\"width\":1920,\"height\":1080},{\"@type\":\"BreadcrumbList\",\"@id\":\"https:\\\/\\\/www.grupomedcof.com.br\\\/blog\\\/sus-tres-novos-medicamentos-cancer-pulmao\\\/#breadcrumb\",\"itemListElement\":[{\"@type\":\"ListItem\",\"position\":1,\"name\":\"In\u00edcio\",\"item\":\"https:\\\/\\\/www.grupomedcof.com.br\\\/blog\\\/\"},{\"@type\":\"ListItem\",\"position\":2,\"name\":\"SUS amplia tratamento do c\u00e2ncer de pulm\u00e3o com tr\u00eas novos medicamentos\"}]},{\"@type\":\"WebSite\",\"@id\":\"https:\\\/\\\/www.grupomedcof.com.br\\\/blog\\\/#website\",\"url\":\"https:\\\/\\\/www.grupomedcof.com.br\\\/blog\\\/\",\"name\":\"Blog de Medcof: conte\u00fados, editais, revalida e mais!\",\"description\":\"Acesso o blog de MedCof! Seu portal de conte\u00fados sobre resid\u00eancia m\u00e9dica, an\u00e1lise e editais e muito mais. Clique e confira!\",\"publisher\":{\"@id\":\"https:\\\/\\\/www.grupomedcof.com.br\\\/blog\\\/#organization\"},\"alternateName\":\"Blog de Medcof: conte\u00fados, editais, revalida e mais!\",\"potentialAction\":[{\"@type\":\"SearchAction\",\"target\":{\"@type\":\"EntryPoint\",\"urlTemplate\":\"https:\\\/\\\/www.grupomedcof.com.br\\\/blog\\\/?s={search_term_string}\"},\"query-input\":{\"@type\":\"PropertyValueSpecification\",\"valueRequired\":true,\"valueName\":\"search_term_string\"}}],\"inLanguage\":\"pt-BR\"},{\"@type\":\"Organization\",\"@id\":\"https:\\\/\\\/www.grupomedcof.com.br\\\/blog\\\/#organization\",\"name\":\"Grupo MedCof\",\"url\":\"https:\\\/\\\/www.grupomedcof.com.br\\\/blog\\\/\",\"logo\":{\"@type\":\"ImageObject\",\"inLanguage\":\"pt-BR\",\"@id\":\"https:\\\/\\\/www.grupomedcof.com.br\\\/blog\\\/#\\\/schema\\\/logo\\\/image\\\/\",\"url\":\"https:\\\/\\\/www.grupomedcof.com.br\\\/blog\\\/wp-content\\\/uploads\\\/2022\\\/01\\\/logo-medcof.png\",\"contentUrl\":\"https:\\\/\\\/www.grupomedcof.com.br\\\/blog\\\/wp-content\\\/uploads\\\/2022\\\/01\\\/logo-medcof.png\",\"width\":768,\"height\":269,\"caption\":\"Grupo MedCof\"},\"image\":{\"@id\":\"https:\\\/\\\/www.grupomedcof.com.br\\\/blog\\\/#\\\/schema\\\/logo\\\/image\\\/\"},\"sameAs\":[\"https:\\\/\\\/www.facebook.com\\\/MedCofQbank\\\/\",\"https:\\\/\\\/www.instagram.com\\\/grupomedcof\\\/\",\"https:\\\/\\\/br.linkedin.com\\\/company\\\/medcof\",\"https:\\\/\\\/www.youtube.com\\\/channel\\\/UCdHMuOHKICxcHwecxN8P-AA\"]},{\"@type\":\"Person\",\"@id\":\"https:\\\/\\\/www.grupomedcof.com.br\\\/blog\\\/#\\\/schema\\\/person\\\/6c9d76c2d1abb71d1cbff62ad7c6f83e\",\"name\":\"Leila Menzel\",\"image\":{\"@type\":\"ImageObject\",\"inLanguage\":\"pt-BR\",\"@id\":\"https:\\\/\\\/www.grupomedcof.com.br\\\/blog\\\/wp-content\\\/uploads\\\/2025\\\/09\\\/cropped-eu-96x96.jpeg19a74936d997c0a8b3031618467fa1d0\",\"url\":\"https:\\\/\\\/www.grupomedcof.com.br\\\/blog\\\/wp-content\\\/uploads\\\/2025\\\/09\\\/cropped-eu-96x96.jpeg\",\"contentUrl\":\"https:\\\/\\\/www.grupomedcof.com.br\\\/blog\\\/wp-content\\\/uploads\\\/2025\\\/09\\\/cropped-eu-96x96.jpeg\",\"caption\":\"Leila Menzel\"},\"description\":\"Estudante do 7\u00b0 semestre de jornalismo. Atuo na cobertura de not\u00edcias e atualiza\u00e7\u00f5es sobre sa\u00fade, com foco em resid\u00eancia m\u00e9dica.\",\"url\":\"https:\\\/\\\/www.grupomedcof.com.br\\\/blog\\\/author\\\/leila-menzel\\\/\"}]}<\/script>\n<!-- \/ Yoast SEO Premium plugin. -->","yoast_head_json":{"title":"SUS ter\u00e1 tr\u00eas novos medicamentos para c\u00e2ncer de pulm\u00e3o","description":"SUS vai ofertar brigatinibe, gefitinibe e durvalumabe para c\u00e2ncer de pulm\u00e3o. Distribui\u00e7\u00e3o ser\u00e1 gradual e come\u00e7a a partir de outubro de 2026.","robots":{"index":"index","follow":"follow","max-snippet":"max-snippet:-1","max-image-preview":"max-image-preview:large","max-video-preview":"max-video-preview:-1"},"canonical":"https:\/\/www.grupomedcof.com.br\/blog\/sus-tres-novos-medicamentos-cancer-pulmao\/","og_locale":"pt_BR","og_type":"article","og_title":"SUS amplia tratamento do c\u00e2ncer de pulm\u00e3o com tr\u00eas novos medicamentos","og_description":"SUS vai ofertar brigatinibe, gefitinibe e durvalumabe para c\u00e2ncer de pulm\u00e3o. Distribui\u00e7\u00e3o ser\u00e1 gradual e come\u00e7a a partir de outubro de 2026.","og_url":"https:\/\/www.grupomedcof.com.br\/blog\/sus-tres-novos-medicamentos-cancer-pulmao\/","og_site_name":"Blog de Medcof: conte\u00fados, editais, revalida e mais!","article_publisher":"https:\/\/www.facebook.com\/MedCofQbank\/","article_published_time":"2026-08-31T19:28:19+00:00","article_modified_time":"2026-08-31T19:28:21+00:00","og_image":[{"width":1920,"height":1080,"url":"https:\/\/www.grupomedcof.com.br\/blog\/wp-content\/uploads\/2026\/08\/Blog-MedCof-2026-08-31T162419.089.jpg","type":"image\/jpeg"}],"author":"Leila Menzel","twitter_card":"summary_large_image","twitter_misc":{"Escrito por":"Leila Menzel","Est. tempo de leitura":"5 minutos"},"schema":{"@context":"https:\/\/schema.org","@graph":[{"@type":"Article","@id":"https:\/\/www.grupomedcof.com.br\/blog\/sus-tres-novos-medicamentos-cancer-pulmao\/#article","isPartOf":{"@id":"https:\/\/www.grupomedcof.com.br\/blog\/sus-tres-novos-medicamentos-cancer-pulmao\/"},"author":{"name":"Leila Menzel","@id":"https:\/\/www.grupomedcof.com.br\/blog\/#\/schema\/person\/6c9d76c2d1abb71d1cbff62ad7c6f83e"},"headline":"SUS amplia tratamento do c\u00e2ncer de pulm\u00e3o com tr\u00eas novos medicamentos","datePublished":"2026-08-31T19:28:19+00:00","dateModified":"2026-08-31T19:28:21+00:00","mainEntityOfPage":{"@id":"https:\/\/www.grupomedcof.com.br\/blog\/sus-tres-novos-medicamentos-cancer-pulmao\/"},"wordCount":882,"publisher":{"@id":"https:\/\/www.grupomedcof.com.br\/blog\/#organization"},"image":{"@id":"https:\/\/www.grupomedcof.com.br\/blog\/sus-tres-novos-medicamentos-cancer-pulmao\/#primaryimage"},"thumbnailUrl":"https:\/\/www.grupomedcof.com.br\/blog\/wp-content\/uploads\/2026\/08\/Blog-MedCof-2026-08-31T162419.089.jpg","keywords":["Oncologia"],"articleSection":["Not\u00edcias","Oncologia"],"inLanguage":"pt-BR"},{"@type":"WebPage","@id":"https:\/\/www.grupomedcof.com.br\/blog\/sus-tres-novos-medicamentos-cancer-pulmao\/","url":"https:\/\/www.grupomedcof.com.br\/blog\/sus-tres-novos-medicamentos-cancer-pulmao\/","name":"SUS ter\u00e1 tr\u00eas novos medicamentos para c\u00e2ncer de pulm\u00e3o","isPartOf":{"@id":"https:\/\/www.grupomedcof.com.br\/blog\/#website"},"primaryImageOfPage":{"@id":"https:\/\/www.grupomedcof.com.br\/blog\/sus-tres-novos-medicamentos-cancer-pulmao\/#primaryimage"},"image":{"@id":"https:\/\/www.grupomedcof.com.br\/blog\/sus-tres-novos-medicamentos-cancer-pulmao\/#primaryimage"},"thumbnailUrl":"https:\/\/www.grupomedcof.com.br\/blog\/wp-content\/uploads\/2026\/08\/Blog-MedCof-2026-08-31T162419.089.jpg","datePublished":"2026-08-31T19:28:19+00:00","dateModified":"2026-08-31T19:28:21+00:00","description":"SUS vai ofertar brigatinibe, gefitinibe e durvalumabe para c\u00e2ncer de pulm\u00e3o. Distribui\u00e7\u00e3o ser\u00e1 gradual e come\u00e7a a partir de outubro de 2026.","breadcrumb":{"@id":"https:\/\/www.grupomedcof.com.br\/blog\/sus-tres-novos-medicamentos-cancer-pulmao\/#breadcrumb"},"inLanguage":"pt-BR","potentialAction":[{"@type":"ReadAction","target":["https:\/\/www.grupomedcof.com.br\/blog\/sus-tres-novos-medicamentos-cancer-pulmao\/"]}]},{"@type":"ImageObject","inLanguage":"pt-BR","@id":"https:\/\/www.grupomedcof.com.br\/blog\/sus-tres-novos-medicamentos-cancer-pulmao\/#primaryimage","url":"https:\/\/www.grupomedcof.com.br\/blog\/wp-content\/uploads\/2026\/08\/Blog-MedCof-2026-08-31T162419.089.jpg","contentUrl":"https:\/\/www.grupomedcof.com.br\/blog\/wp-content\/uploads\/2026\/08\/Blog-MedCof-2026-08-31T162419.089.jpg","width":1920,"height":1080},{"@type":"BreadcrumbList","@id":"https:\/\/www.grupomedcof.com.br\/blog\/sus-tres-novos-medicamentos-cancer-pulmao\/#breadcrumb","itemListElement":[{"@type":"ListItem","position":1,"name":"In\u00edcio","item":"https:\/\/www.grupomedcof.com.br\/blog\/"},{"@type":"ListItem","position":2,"name":"SUS amplia tratamento do c\u00e2ncer de pulm\u00e3o com tr\u00eas novos medicamentos"}]},{"@type":"WebSite","@id":"https:\/\/www.grupomedcof.com.br\/blog\/#website","url":"https:\/\/www.grupomedcof.com.br\/blog\/","name":"Blog de Medcof: conte\u00fados, editais, revalida e mais!","description":"Acesso o blog de MedCof! Seu portal de conte\u00fados sobre resid\u00eancia m\u00e9dica, an\u00e1lise e editais e muito mais. Clique e confira!","publisher":{"@id":"https:\/\/www.grupomedcof.com.br\/blog\/#organization"},"alternateName":"Blog de Medcof: conte\u00fados, editais, revalida e mais!","potentialAction":[{"@type":"SearchAction","target":{"@type":"EntryPoint","urlTemplate":"https:\/\/www.grupomedcof.com.br\/blog\/?s={search_term_string}"},"query-input":{"@type":"PropertyValueSpecification","valueRequired":true,"valueName":"search_term_string"}}],"inLanguage":"pt-BR"},{"@type":"Organization","@id":"https:\/\/www.grupomedcof.com.br\/blog\/#organization","name":"Grupo MedCof","url":"https:\/\/www.grupomedcof.com.br\/blog\/","logo":{"@type":"ImageObject","inLanguage":"pt-BR","@id":"https:\/\/www.grupomedcof.com.br\/blog\/#\/schema\/logo\/image\/","url":"https:\/\/www.grupomedcof.com.br\/blog\/wp-content\/uploads\/2022\/01\/logo-medcof.png","contentUrl":"https:\/\/www.grupomedcof.com.br\/blog\/wp-content\/uploads\/2022\/01\/logo-medcof.png","width":768,"height":269,"caption":"Grupo MedCof"},"image":{"@id":"https:\/\/www.grupomedcof.com.br\/blog\/#\/schema\/logo\/image\/"},"sameAs":["https:\/\/www.facebook.com\/MedCofQbank\/","https:\/\/www.instagram.com\/grupomedcof\/","https:\/\/br.linkedin.com\/company\/medcof","https:\/\/www.youtube.com\/channel\/UCdHMuOHKICxcHwecxN8P-AA"]},{"@type":"Person","@id":"https:\/\/www.grupomedcof.com.br\/blog\/#\/schema\/person\/6c9d76c2d1abb71d1cbff62ad7c6f83e","name":"Leila Menzel","image":{"@type":"ImageObject","inLanguage":"pt-BR","@id":"https:\/\/www.grupomedcof.com.br\/blog\/wp-content\/uploads\/2025\/09\/cropped-eu-96x96.jpeg19a74936d997c0a8b3031618467fa1d0","url":"https:\/\/www.grupomedcof.com.br\/blog\/wp-content\/uploads\/2025\/09\/cropped-eu-96x96.jpeg","contentUrl":"https:\/\/www.grupomedcof.com.br\/blog\/wp-content\/uploads\/2025\/09\/cropped-eu-96x96.jpeg","caption":"Leila Menzel"},"description":"Estudante do 7\u00b0 semestre de jornalismo. Atuo na cobertura de not\u00edcias e atualiza\u00e7\u00f5es sobre sa\u00fade, com foco em resid\u00eancia m\u00e9dica.","url":"https:\/\/www.grupomedcof.com.br\/blog\/author\/leila-menzel\/"}]}},"authors":[{"term_id":3616,"user_id":20,"is_guest":0,"slug":"leila-menzel","display_name":"Leila Menzel","avatar_url":"https:\/\/www.grupomedcof.com.br\/blog\/wp-content\/uploads\/2025\/09\/cropped-eu-96x96.jpeg","0":null,"1":"","2":"","3":"","4":"","5":"","6":"","7":"","8":""}],"_links":{"self":[{"href":"https:\/\/www.grupomedcof.com.br\/blog\/wp-json\/wp\/v2\/posts\/48741","targetHints":{"allow":["GET"]}}],"collection":[{"href":"https:\/\/www.grupomedcof.com.br\/blog\/wp-json\/wp\/v2\/posts"}],"about":[{"href":"https:\/\/www.grupomedcof.com.br\/blog\/wp-json\/wp\/v2\/types\/post"}],"author":[{"embeddable":true,"href":"https:\/\/www.grupomedcof.com.br\/blog\/wp-json\/wp\/v2\/users\/20"}],"replies":[{"embeddable":true,"href":"https:\/\/www.grupomedcof.com.br\/blog\/wp-json\/wp\/v2\/comments?post=48741"}],"version-history":[{"count":1,"href":"https:\/\/www.grupomedcof.com.br\/blog\/wp-json\/wp\/v2\/posts\/48741\/revisions"}],"predecessor-version":[{"id":48743,"href":"https:\/\/www.grupomedcof.com.br\/blog\/wp-json\/wp\/v2\/posts\/48741\/revisions\/48743"}],"wp:featuredmedia":[{"embeddable":true,"href":"https:\/\/www.grupomedcof.com.br\/blog\/wp-json\/wp\/v2\/media\/48742"}],"wp:attachment":[{"href":"https:\/\/www.grupomedcof.com.br\/blog\/wp-json\/wp\/v2\/media?parent=48741"}],"wp:term":[{"taxonomy":"category","embeddable":true,"href":"https:\/\/www.grupomedcof.com.br\/blog\/wp-json\/wp\/v2\/categories?post=48741"},{"taxonomy":"post_tag","embeddable":true,"href":"https:\/\/www.grupomedcof.com.br\/blog\/wp-json\/wp\/v2\/tags?post=48741"},{"taxonomy":"author","embeddable":true,"href":"https:\/\/www.grupomedcof.com.br\/blog\/wp-json\/wp\/v2\/ppma_author?post=48741"}],"curies":[{"name":"wp","href":"https:\/\/api.w.org\/{rel}","templated":true}]}}