{"id":48765,"date":"2026-09-01T12:50:10","date_gmt":"2026-09-01T15:50:10","guid":{"rendered":"https:\/\/www.grupomedcof.com.br\/blog\/?p=48765"},"modified":"2026-09-01T12:50:13","modified_gmt":"2026-09-01T15:50:13","slug":"edital-residencia-medica-instituto-ims","status":"publish","type":"post","link":"https:\/\/www.grupomedcof.com.br\/blog\/edital-residencia-medica-instituto-ims\/","title":{"rendered":"Edital Instituto IMS para resid\u00eancia m\u00e9dica 2026\/2027"},"content":{"rendered":"\n<figure class=\"wp-block-image size-large\"><img loading=\"lazy\" decoding=\"async\" width=\"1024\" height=\"576\" src=\"https:\/\/www.grupomedcof.com.br\/blog\/wp-content\/uploads\/2026\/09\/Modelo-instituicoes-2026-09-01T124905.613-1024x576.jpg\" alt=\"\" class=\"wp-image-48767\" srcset=\"https:\/\/www.grupomedcof.com.br\/blog\/wp-content\/uploads\/2026\/09\/Modelo-instituicoes-2026-09-01T124905.613-1024x576.jpg 1024w, https:\/\/www.grupomedcof.com.br\/blog\/wp-content\/uploads\/2026\/09\/Modelo-instituicoes-2026-09-01T124905.613-300x169.jpg 300w, https:\/\/www.grupomedcof.com.br\/blog\/wp-content\/uploads\/2026\/09\/Modelo-instituicoes-2026-09-01T124905.613-768x432.jpg 768w, https:\/\/www.grupomedcof.com.br\/blog\/wp-content\/uploads\/2026\/09\/Modelo-instituicoes-2026-09-01T124905.613-1536x864.jpg 1536w, https:\/\/www.grupomedcof.com.br\/blog\/wp-content\/uploads\/2026\/09\/Modelo-instituicoes-2026-09-01T124905.613-747x420.jpg 747w, https:\/\/www.grupomedcof.com.br\/blog\/wp-content\/uploads\/2026\/09\/Modelo-instituicoes-2026-09-01T124905.613-150x84.jpg 150w, https:\/\/www.grupomedcof.com.br\/blog\/wp-content\/uploads\/2026\/09\/Modelo-instituicoes-2026-09-01T124905.613-696x392.jpg 696w, https:\/\/www.grupomedcof.com.br\/blog\/wp-content\/uploads\/2026\/09\/Modelo-instituicoes-2026-09-01T124905.613-1068x601.jpg 1068w, https:\/\/www.grupomedcof.com.br\/blog\/wp-content\/uploads\/2026\/09\/Modelo-instituicoes-2026-09-01T124905.613.jpg 1920w\" sizes=\"auto, (max-width: 1024px) 100vw, 1024px\" \/><\/figure>\n\n\n\n<p class=\"wp-block-paragraph\">O<strong> Instituto IMS <\/strong>publicou o edital do processo seletivo para Resid\u00eancia M\u00e9dica em 2027, com execu\u00e7\u00e3o do Instituto ACCESS. O documento traz as <strong>regras de abertura, inscri\u00e7\u00e3o e sele\u00e7\u00e3o para ingresso no programa.<\/strong><\/p>\n\n\n\n<p class=\"wp-block-paragraph\">Neste artigo, voc\u00ea encontra as principais informa\u00e7\u00f5es sobre<strong> inscri\u00e7\u00f5es, vagas, cronograma e processo seletivo. <\/strong>Tamb\u00e9m est\u00e3o reunidos os dados de reserva de vagas, etapas de avalia\u00e7\u00e3o e prazos previstos no edital.<\/p>\n\n\n\n<h2 id=\"h-informacoes-edital-instituto-ims-2026-2027\" class=\"wp-block-heading\"><strong>Informa\u00e7\u00f5es edital Instituto IMS 2026\/2027<\/strong><\/h2>\n\n\n\n<p class=\"wp-block-paragraph\">Para se inscrever, os candidatos ter\u00e3o a partir das <strong>14h do dia 16 de setembro at\u00e9 as 23h59 do dia 5 de novembro de 2026<\/strong>, com uma taxa no valor de <strong>R$ 850,00<\/strong>.<\/p>\n\n\n\n<p class=\"wp-block-paragraph\">Entretanto, para aqueles que julgarem necess\u00e1rio, o per\u00edodo para solicitar a isen\u00e7\u00e3o da taxa ser\u00e1 de <strong>16 a 17 de setembro de 2026<\/strong>.<\/p>\n\n\n\n<figure class=\"wp-block-image size-large\"><a href=\"https:\/\/www.grupomedcof.com.br\/cofletters\/?clientId=&amp;utm_campaign=newsletter&amp;utm_medium=banner&amp;utm_source=blog&amp;utm_content=inscricao#https:\/\/www.grupomedcof.com.br\/blog\/\" target=\"_blank\" rel=\" noopener\"><img loading=\"lazy\" decoding=\"async\" width=\"1024\" height=\"320\" src=\"https:\/\/www.grupomedcof.com.br\/blog\/wp-content\/uploads\/2025\/11\/Banner-MedCof-Plus-2200x460-11-1343x420-1-1024x320.png\" alt=\"banner\" class=\"wp-image-39227\" srcset=\"https:\/\/www.grupomedcof.com.br\/blog\/wp-content\/uploads\/2025\/11\/Banner-MedCof-Plus-2200x460-11-1343x420-1-1024x320.png 1024w, https:\/\/www.grupomedcof.com.br\/blog\/wp-content\/uploads\/2025\/11\/Banner-MedCof-Plus-2200x460-11-1343x420-1-300x94.png 300w, https:\/\/www.grupomedcof.com.br\/blog\/wp-content\/uploads\/2025\/11\/Banner-MedCof-Plus-2200x460-11-1343x420-1-768x240.png 768w, https:\/\/www.grupomedcof.com.br\/blog\/wp-content\/uploads\/2025\/11\/Banner-MedCof-Plus-2200x460-11-1343x420-1-150x47.png 150w, https:\/\/www.grupomedcof.com.br\/blog\/wp-content\/uploads\/2025\/11\/Banner-MedCof-Plus-2200x460-11-1343x420-1-696x218.png 696w, https:\/\/www.grupomedcof.com.br\/blog\/wp-content\/uploads\/2025\/11\/Banner-MedCof-Plus-2200x460-11-1343x420-1-1068x334.png 1068w, https:\/\/www.grupomedcof.com.br\/blog\/wp-content\/uploads\/2025\/11\/Banner-MedCof-Plus-2200x460-11-1343x420-1.png 1343w\" sizes=\"auto, (max-width: 1024px) 100vw, 1024px\" \/><\/a><\/figure>\n\n\n\n<h2 id=\"h-vagas-ofertadas\" class=\"wp-block-heading\"><strong>Vagas ofertadas<\/strong><\/h2>\n\n\n\n<figure class=\"wp-block-table\"><table class=\"has-fixed-layout\"><thead><tr><th class=\"has-text-align-left\" data-align=\"left\">Especialidade<\/th><th class=\"has-text-align-left\" data-align=\"left\">Total de Vagas<\/th><th class=\"has-text-align-left\" data-align=\"left\">Ampla Concorr\u00eancia<\/th><th class=\"has-text-align-left\" data-align=\"left\">Pessoas com Defici\u00eancia<\/th><th class=\"has-text-align-left\" data-align=\"left\">Pretos e Pardos<\/th><th class=\"has-text-align-left\" data-align=\"left\">Observa\u00e7\u00f5es<\/th><\/tr><\/thead><tbody><tr><td class=\"has-text-align-left\" data-align=\"left\">Dermatologia<\/td><td class=\"has-text-align-left\" data-align=\"left\">5<\/td><td class=\"has-text-align-left\" data-align=\"left\">3<\/td><td class=\"has-text-align-left\" data-align=\"left\">1<\/td><td class=\"has-text-align-left\" data-align=\"left\">1<\/td><td class=\"has-text-align-left\" data-align=\"left\">1 vaga reservada para PcD e 1 vaga reservada para pretos e pardos.<\/td><\/tr><\/tbody><\/table><\/figure>\n\n\n\n<h2 class=\"wp-block-heading\"><strong>Processo Seletivo<\/strong><\/h2>\n\n\n\n<h3 class=\"wp-block-heading\"><strong>Prova objetiva<\/strong><\/h3>\n\n\n\n<p class=\"wp-block-paragraph\">Etapa eliminat\u00f3ria e classificat\u00f3ria, com 100 quest\u00f5es de m\u00faltipla escolha. Ser\u00e1 aplicada no dia <strong>6 de dezembro de 2026,<\/strong> na cidade do Rio de Janeiro &#8211; RJ, no turno da tarde. Para aprova\u00e7\u00e3o, o candidato deve alcan\u00e7ar no m\u00ednimo 50% da pontua\u00e7\u00e3o m\u00e1xima.<\/p>\n\n\n\n<h3 class=\"wp-block-heading\"><strong>Avalia\u00e7\u00e3o curricular<\/strong><\/h3>\n\n\n\n<p class=\"wp-block-paragraph\">Etapa meramente classificat\u00f3ria, com valor m\u00e1ximo de 10 pontos. Os documentos devem ser enviados pela \u00c1rea do Candidato durante o per\u00edodo de inscri\u00e7\u00f5es. A an\u00e1lise \u00e9 feita ap\u00f3s a prova objetiva, conforme o edital.<\/p>\n\n\n\n<h2 id=\"h-cronograma-instituto-ims-2026-2027\" class=\"wp-block-heading\"><strong>Cronograma Instituto IMS 2026\/2027<\/strong><\/h2>\n\n\n\n<figure class=\"wp-block-table\"><table class=\"has-fixed-layout\"><thead><tr><th class=\"has-text-align-left\" data-align=\"left\">Etapa<\/th><th class=\"has-text-align-left\" data-align=\"left\">Data<\/th><\/tr><\/thead><tbody><tr><td class=\"has-text-align-left\" data-align=\"left\">Publica\u00e7\u00e3o do edital de abertura<\/td><td class=\"has-text-align-left\" data-align=\"left\">1\/9\/2026<\/td><\/tr><tr><td class=\"has-text-align-left\" data-align=\"left\">Per\u00edodo para impugna\u00e7\u00e3o ao edital de abertura<\/td><td class=\"has-text-align-left\" data-align=\"left\">2 a 4\/9\/2026<\/td><\/tr><tr><td class=\"has-text-align-left\" data-align=\"left\">Publica\u00e7\u00e3o das respostas \u00e0s impugna\u00e7\u00f5es ao edital de abertura, se existentes<\/td><td class=\"has-text-align-left\" data-align=\"left\">8\/9\/2026<\/td><\/tr><tr><td class=\"has-text-align-left\" data-align=\"left\">Per\u00edodo das inscri\u00e7\u00f5es<\/td><td class=\"has-text-align-left\" data-align=\"left\">16\/9 a 5\/11\/2026<\/td><\/tr><tr><td class=\"has-text-align-left\" data-align=\"left\">Per\u00edodo para envio de documentos da avalia\u00e7\u00e3o curricular<\/td><td class=\"has-text-align-left\" data-align=\"left\">16\/9 a 5\/11\/2026<\/td><\/tr><tr><td class=\"has-text-align-left\" data-align=\"left\">Per\u00edodo para solicita\u00e7\u00e3o de isen\u00e7\u00e3o da taxa de inscri\u00e7\u00e3o<\/td><td class=\"has-text-align-left\" data-align=\"left\">16 e 17\/9\/2026<\/td><\/tr><tr><td class=\"has-text-align-left\" data-align=\"left\">Divulga\u00e7\u00e3o do resultado preliminar dos pedidos de isen\u00e7\u00e3o da taxa de inscri\u00e7\u00e3o<\/td><td class=\"has-text-align-left\" data-align=\"left\">28\/9\/2026<\/td><\/tr><tr><td class=\"has-text-align-left\" data-align=\"left\">Prazo para interposi\u00e7\u00e3o de recurso contra o resultado preliminar dos pedidos de isen\u00e7\u00e3o da taxa de inscri\u00e7\u00e3o<\/td><td class=\"has-text-align-left\" data-align=\"left\">29 a 30\/9\/2026<\/td><\/tr><tr><td class=\"has-text-align-left\" data-align=\"left\">Divulga\u00e7\u00e3o do resultado definitivo dos pedidos de isen\u00e7\u00e3o da taxa de inscri\u00e7\u00e3o<\/td><td class=\"has-text-align-left\" data-align=\"left\">13\/10\/2026<\/td><\/tr><tr><td class=\"has-text-align-left\" data-align=\"left\">\u00daltimo dia para reimpress\u00e3o do boleto e pagamento da taxa de inscri\u00e7\u00e3o<\/td><td class=\"has-text-align-left\" data-align=\"left\">6\/11\/2026<\/td><\/tr><tr><td class=\"has-text-align-left\" data-align=\"left\">Resultado preliminar da homologa\u00e7\u00e3o das inscri\u00e7\u00f5es<\/td><td class=\"has-text-align-left\" data-align=\"left\">17\/11\/2026<\/td><\/tr><tr><td class=\"has-text-align-left\" data-align=\"left\">Prazo para interposi\u00e7\u00e3o de recurso contra a homologa\u00e7\u00e3o das inscri\u00e7\u00f5es<\/td><td class=\"has-text-align-left\" data-align=\"left\">18 e 19\/11\/2026<\/td><\/tr><tr><td class=\"has-text-align-left\" data-align=\"left\">Resultado definitivo da homologa\u00e7\u00e3o das inscri\u00e7\u00f5es<\/td><td class=\"has-text-align-left\" data-align=\"left\">24\/11\/2026<\/td><\/tr><tr><td class=\"has-text-align-left\" data-align=\"left\">Divulga\u00e7\u00e3o dos locais de prova, por meio da disponibiliza\u00e7\u00e3o do cart\u00e3o de convoca\u00e7\u00e3o individual (comprovante de inscri\u00e7\u00e3o)<\/td><td class=\"has-text-align-left\" data-align=\"left\">30\/11\/2026<\/td><\/tr><tr><td class=\"has-text-align-left\" data-align=\"left\">Realiza\u00e7\u00e3o da prova objetiva<\/td><td class=\"has-text-align-left\" data-align=\"left\">6\/12\/2026<\/td><\/tr><tr><td class=\"has-text-align-left\" data-align=\"left\">Divulga\u00e7\u00e3o dos gabaritos preliminares da prova objetiva<\/td><td class=\"has-text-align-left\" data-align=\"left\">7\/12\/2026<\/td><\/tr><tr><td class=\"has-text-align-left\" data-align=\"left\">Prazo para interposi\u00e7\u00e3o de recurso contra o gabarito preliminar da prova objetiva<\/td><td class=\"has-text-align-left\" data-align=\"left\">8 a 10\/12\/2026<\/td><\/tr><tr><td class=\"has-text-align-left\" data-align=\"left\">Divulga\u00e7\u00e3o do gabarito definitivo da prova objetiva<\/td><td class=\"has-text-align-left\" data-align=\"left\">18\/12\/2026<\/td><\/tr><tr><td class=\"has-text-align-left\" data-align=\"left\">Divulga\u00e7\u00e3o do resultado preliminar da prova objetiva<\/td><td class=\"has-text-align-left\" data-align=\"left\">18\/12\/2026<\/td><\/tr><tr><td class=\"has-text-align-left\" data-align=\"left\">Prazo para interposi\u00e7\u00e3o de recurso contra o resultado preliminar da prova objetiva<\/td><td class=\"has-text-align-left\" data-align=\"left\">21 a 23\/12\/2026<\/td><\/tr><tr><td class=\"has-text-align-left\" data-align=\"left\">Divulga\u00e7\u00e3o do resultado final da prova objetiva<\/td><td class=\"has-text-align-left\" data-align=\"left\">29\/12\/2026<\/td><\/tr><tr><td class=\"has-text-align-left\" data-align=\"left\">Divulga\u00e7\u00e3o do resultado preliminar da avalia\u00e7\u00e3o curricular<\/td><td class=\"has-text-align-left\" data-align=\"left\">5\/1\/2027<\/td><\/tr><tr><td class=\"has-text-align-left\" data-align=\"left\">Prazo para interposi\u00e7\u00e3o de recurso contra o resultado preliminar da avalia\u00e7\u00e3o curricular<\/td><td class=\"has-text-align-left\" data-align=\"left\">6 a 8\/1\/2027<\/td><\/tr><tr><td class=\"has-text-align-left\" data-align=\"left\">Divulga\u00e7\u00e3o do resultado final da avalia\u00e7\u00e3o curricular<\/td><td class=\"has-text-align-left\" data-align=\"left\">19\/1\/2027<\/td><\/tr><tr><td class=\"has-text-align-left\" data-align=\"left\">Convoca\u00e7\u00e3o para a avalia\u00e7\u00e3o da caracteriza\u00e7\u00e3o da defici\u00eancia (se houver) e a confirma\u00e7\u00e3o complementar de pretos e pardos<\/td><td class=\"has-text-align-left\" data-align=\"left\">19\/1\/2027<\/td><\/tr><tr><td class=\"has-text-align-left\" data-align=\"left\">Realiza\u00e7\u00e3o da avalia\u00e7\u00e3o da caracteriza\u00e7\u00e3o da defici\u00eancia (se houver) e da confirma\u00e7\u00e3o complementar de pretos e pardos<\/td><td class=\"has-text-align-left\" data-align=\"left\">20\/1\/2027<\/td><\/tr><tr><td class=\"has-text-align-left\" data-align=\"left\">Resultado preliminar da caracteriza\u00e7\u00e3o da defici\u00eancia (se houver) e da confirma\u00e7\u00e3o complementar de pretos e pardos<\/td><td class=\"has-text-align-left\" data-align=\"left\">21\/1\/2027<\/td><\/tr><tr><td class=\"has-text-align-left\" data-align=\"left\">Prazo para interposi\u00e7\u00e3o de recursos acerca do resultado preliminar caracteriza\u00e7\u00e3o da defici\u00eancia (se houver) e da confirma\u00e7\u00e3o complementar de pretos e pardos<\/td><td class=\"has-text-align-left\" data-align=\"left\">22 e 23\/1\/2027<\/td><\/tr><tr><td class=\"has-text-align-left\" data-align=\"left\">Divulga\u00e7\u00e3o do resultado final do processo seletivo e convoca\u00e7\u00e3o para a matr\u00edcula<\/td><td class=\"has-text-align-left\" data-align=\"left\">26\/1\/2027<\/td><\/tr><tr><td class=\"has-text-align-left\" data-align=\"left\">Confirma\u00e7\u00e3o de interesse ou desist\u00eancia dos aprovados e per\u00edodo para a matr\u00edcula<\/td><td class=\"has-text-align-left\" data-align=\"left\">2 a 4\/2\/2027<\/td><\/tr><tr><td class=\"has-text-align-left\" data-align=\"left\">Convoca\u00e7\u00e3o de excedentes por desist\u00eancia com libera\u00e7\u00e3o de vagas<\/td><td class=\"has-text-align-left\" data-align=\"left\">A partir de 5\/2\/2027<\/td><\/tr><tr><td class=\"has-text-align-left\" data-align=\"left\">Convoca\u00e7\u00e3o de excedentes que n\u00e3o estejam ou tenham estado matriculados em algum programa ap\u00f3s 15 de mar\u00e7o \u2013 iniciado em 2027<\/td><td class=\"has-text-align-left\" data-align=\"left\">16 a 31\/3\/2027<\/td><\/tr><tr><td class=\"has-text-align-left\" data-align=\"left\">Reclassifica\u00e7\u00e3o de candidatos excedentes para preenchimento de vagas remanescentes mediante manifesta\u00e7\u00e3o de interesse no per\u00edodo especificado na oferta da vaga divulgada (via sistema \u2013 endere\u00e7o&nbsp;<a href=\"http:\/\/www.access.org.br\/\" rel=\"noopener\" target=\"_blank\">www.access.org.br<\/a>)<\/td><td class=\"has-text-align-left\" data-align=\"left\">16 a 31\/3\/2027<\/td><\/tr><tr><td class=\"has-text-align-left\" data-align=\"left\">Convoca\u00e7\u00e3o de excedentes \/reclassificados desde que n\u00e3o estejam ou tenham estado matriculados em resid\u00eancia m\u00e9dica ap\u00f3s 15 de mar\u00e7o &#8211; iniciada em 2027<\/td><td class=\"has-text-align-left\" data-align=\"left\">16 a 31\/3\/2027<\/td><\/tr><tr><td class=\"has-text-align-left\" data-align=\"left\">Reuni\u00e3o para op\u00e7\u00e3o para ocupar vagas em outros Programas desde que o candidato tenha sido selecionado e n\u00e3o esteja ou tenha estado matriculado em nenhum programa de Resid\u00eancia M\u00e9dica ap\u00f3s 15 de mar\u00e7o iniciado em 2027<\/td><td class=\"has-text-align-left\" data-align=\"left\">Ap\u00f3s 20\/3\/2027<\/td><\/tr><tr><td class=\"has-text-align-left\" data-align=\"left\">In\u00edcio do Programa de Resid\u00eancia m\u00e9dica<\/td><td class=\"has-text-align-left\" data-align=\"left\">1\/3\/2027<\/td><\/tr><\/tbody><\/table><\/figure>\n\n\n\n<h2 id=\"h-edital-na-integra\" class=\"wp-block-heading\"><strong>Edital na \u00edntegra<\/strong><\/h2>\n\n\n\n<div class=\"wp-block-buttons is-layout-flex wp-block-buttons-is-layout-flex\">\n<div class=\"wp-block-button\"><a class=\"wp-block-button__link wp-element-button\" href=\"https:\/\/www.grupomedcof.com.br\/blog\/wp-content\/uploads\/2026\/09\/Edital-Instituto-IMS-2027.pdf\" target=\"_blank\" rel=\"noopener\">Edital Instituto IMS 2027<\/a><\/div>\n<\/div>\n\n\n\n<h2 id=\"h-agora-e-hora-de-transformar-informacao-em-preparacao\" class=\"wp-block-heading\"><strong>Agora \u00e9 hora de transformar informa\u00e7\u00e3o em prepara\u00e7\u00e3o!<\/strong><\/h2>\n\n\n\n<p class=\"wp-block-paragraph\">Acompanhe o edital, confira todas as datas e organize seus estudos para chegar mais preparado \u00e0 prova de resid\u00eancia m\u00e9dica. E, para potencializar sua prepara\u00e7\u00e3o, conte com a MedCof. <strong><a href=\"https:\/\/www.grupomedcof.com.br\/\" target=\"_blank\" rel=\"noreferrer noopener\">Conhe\u00e7a nossas solu\u00e7\u00f5es e d\u00ea o pr\u00f3ximo passo rumo \u00e0 sua aprova\u00e7\u00e3o.<\/a><\/strong><\/p>\n\n\n\n<figure class=\"wp-block-embed is-type-video is-provider-youtube wp-block-embed-youtube wp-embed-aspect-16-9 wp-has-aspect-ratio\"><div class=\"wp-block-embed__wrapper\">\n<div class=\"youtube-embed\" data-video_id=\"LOmeh8ESXS4\"><iframe loading=\"lazy\" title=\"NOVO TPI-DERMA | Teste de Progresso Integrado em Dermatologia\" width=\"696\" height=\"392\" src=\"https:\/\/www.youtube.com\/embed\/LOmeh8ESXS4?feature=oembed&#038;enablejsapi=1\" frameborder=\"0\" allow=\"accelerometer; autoplay; clipboard-write; encrypted-media; gyroscope; picture-in-picture; web-share\" referrerpolicy=\"strict-origin-when-cross-origin\" allowfullscreen><\/iframe><\/div>\n<\/div><\/figure>\n","protected":false},"excerpt":{"rendered":"<p>Confira o edital Instituto IMS 2027 para Resid\u00eancia M\u00e9dica em Dermatologia: vagas, inscri\u00e7\u00f5es, taxa, prova, etapas e cronograma completo.<\/p>\n","protected":false},"author":20,"featured_media":48767,"comment_status":"closed","ping_status":"closed","sticky":false,"template":"","format":"standard","meta":{"footnotes":""},"categories":[2023],"tags":[204,1568,1452,117,68],"ppma_author":[3616],"class_list":["post-48765","post","type-post","status-publish","format-standard","has-post-thumbnail","category-editais","tag-dermatologia","tag-edital","tag-provas","tag-provas-de-residencia","tag-residencia-medica"],"yoast_head":"<!-- This site is optimized with the Yoast SEO Premium plugin v28.1 (Yoast SEO v28.4) - https:\/\/yoast.com\/product\/yoast-seo-premium-wordpress\/ -->\n<title>Edital Instituto IMS 2027: Resid\u00eancia M\u00e9dica em Dermatologia<\/title>\n<meta name=\"description\" content=\"Confira o edital Instituto IMS 2027 para Resid\u00eancia M\u00e9dica em Dermatologia: vagas, inscri\u00e7\u00f5es, taxa, prova, etapas e cronograma completo.\" \/>\n<meta name=\"robots\" content=\"index, follow, max-snippet:-1, max-image-preview:large, max-video-preview:-1\" \/>\n<link rel=\"canonical\" href=\"https:\/\/www.grupomedcof.com.br\/blog\/edital-residencia-medica-instituto-ims\/\" \/>\n<meta property=\"og:locale\" content=\"pt_BR\" \/>\n<meta property=\"og:type\" content=\"article\" \/>\n<meta property=\"og:title\" content=\"Edital Instituto IMS para resid\u00eancia m\u00e9dica 2026\/2027\" \/>\n<meta property=\"og:description\" content=\"Confira o edital Instituto IMS 2027 para Resid\u00eancia M\u00e9dica em Dermatologia: vagas, inscri\u00e7\u00f5es, taxa, prova, etapas e cronograma completo.\" \/>\n<meta property=\"og:url\" content=\"https:\/\/www.grupomedcof.com.br\/blog\/edital-residencia-medica-instituto-ims\/\" \/>\n<meta property=\"og:site_name\" content=\"Blog de Medcof: conte\u00fados, editais, revalida e mais!\" \/>\n<meta property=\"article:publisher\" content=\"https:\/\/www.facebook.com\/MedCofQbank\/\" \/>\n<meta property=\"article:published_time\" content=\"2026-09-01T15:50:10+00:00\" \/>\n<meta property=\"article:modified_time\" content=\"2026-09-01T15:50:13+00:00\" \/>\n<meta property=\"og:image\" content=\"https:\/\/www.grupomedcof.com.br\/blog\/wp-content\/uploads\/2026\/09\/Modelo-instituicoes-2026-09-01T124905.613.jpg\" \/>\n\t<meta property=\"og:image:width\" content=\"1920\" \/>\n\t<meta property=\"og:image:height\" content=\"1080\" \/>\n\t<meta property=\"og:image:type\" content=\"image\/jpeg\" \/>\n<meta name=\"author\" content=\"Leila Menzel\" \/>\n<meta name=\"twitter:card\" content=\"summary_large_image\" \/>\n<meta name=\"twitter:label1\" content=\"Escrito por\" \/>\n\t<meta name=\"twitter:data1\" content=\"Leila Menzel\" \/>\n\t<meta name=\"twitter:label2\" content=\"Est. tempo de leitura\" \/>\n\t<meta name=\"twitter:data2\" content=\"6 minutos\" \/>\n<script type=\"application\/ld+json\" class=\"yoast-schema-graph\">{\"@context\":\"https:\\\/\\\/schema.org\",\"@graph\":[{\"@type\":\"Article\",\"@id\":\"https:\\\/\\\/www.grupomedcof.com.br\\\/blog\\\/edital-residencia-medica-instituto-ims\\\/#article\",\"isPartOf\":{\"@id\":\"https:\\\/\\\/www.grupomedcof.com.br\\\/blog\\\/edital-residencia-medica-instituto-ims\\\/\"},\"author\":{\"name\":\"Leila Menzel\",\"@id\":\"https:\\\/\\\/www.grupomedcof.com.br\\\/blog\\\/#\\\/schema\\\/person\\\/6c9d76c2d1abb71d1cbff62ad7c6f83e\"},\"headline\":\"Edital Instituto IMS para resid\u00eancia m\u00e9dica 2026\\\/2027\",\"datePublished\":\"2026-09-01T15:50:10+00:00\",\"dateModified\":\"2026-09-01T15:50:13+00:00\",\"mainEntityOfPage\":{\"@id\":\"https:\\\/\\\/www.grupomedcof.com.br\\\/blog\\\/edital-residencia-medica-instituto-ims\\\/\"},\"wordCount\":886,\"publisher\":{\"@id\":\"https:\\\/\\\/www.grupomedcof.com.br\\\/blog\\\/#organization\"},\"image\":{\"@id\":\"https:\\\/\\\/www.grupomedcof.com.br\\\/blog\\\/edital-residencia-medica-instituto-ims\\\/#primaryimage\"},\"thumbnailUrl\":\"https:\\\/\\\/www.grupomedcof.com.br\\\/blog\\\/wp-content\\\/uploads\\\/2026\\\/09\\\/Modelo-instituicoes-2026-09-01T124905.613.jpg\",\"keywords\":[\"Dermatologia\",\"Edital\",\"Provas\",\"Provas de Resid\u00eancia\",\"Resid\u00eancia M\u00e9dica\"],\"articleSection\":[\"Editais\"],\"inLanguage\":\"pt-BR\"},{\"@type\":\"WebPage\",\"@id\":\"https:\\\/\\\/www.grupomedcof.com.br\\\/blog\\\/edital-residencia-medica-instituto-ims\\\/\",\"url\":\"https:\\\/\\\/www.grupomedcof.com.br\\\/blog\\\/edital-residencia-medica-instituto-ims\\\/\",\"name\":\"Edital Instituto IMS 2027: Resid\u00eancia M\u00e9dica em Dermatologia\",\"isPartOf\":{\"@id\":\"https:\\\/\\\/www.grupomedcof.com.br\\\/blog\\\/#website\"},\"primaryImageOfPage\":{\"@id\":\"https:\\\/\\\/www.grupomedcof.com.br\\\/blog\\\/edital-residencia-medica-instituto-ims\\\/#primaryimage\"},\"image\":{\"@id\":\"https:\\\/\\\/www.grupomedcof.com.br\\\/blog\\\/edital-residencia-medica-instituto-ims\\\/#primaryimage\"},\"thumbnailUrl\":\"https:\\\/\\\/www.grupomedcof.com.br\\\/blog\\\/wp-content\\\/uploads\\\/2026\\\/09\\\/Modelo-instituicoes-2026-09-01T124905.613.jpg\",\"datePublished\":\"2026-09-01T15:50:10+00:00\",\"dateModified\":\"2026-09-01T15:50:13+00:00\",\"description\":\"Confira o edital Instituto IMS 2027 para Resid\u00eancia M\u00e9dica em Dermatologia: vagas, inscri\u00e7\u00f5es, taxa, prova, etapas e cronograma completo.\",\"breadcrumb\":{\"@id\":\"https:\\\/\\\/www.grupomedcof.com.br\\\/blog\\\/edital-residencia-medica-instituto-ims\\\/#breadcrumb\"},\"inLanguage\":\"pt-BR\",\"potentialAction\":[{\"@type\":\"ReadAction\",\"target\":[\"https:\\\/\\\/www.grupomedcof.com.br\\\/blog\\\/edital-residencia-medica-instituto-ims\\\/\"]}]},{\"@type\":\"ImageObject\",\"inLanguage\":\"pt-BR\",\"@id\":\"https:\\\/\\\/www.grupomedcof.com.br\\\/blog\\\/edital-residencia-medica-instituto-ims\\\/#primaryimage\",\"url\":\"https:\\\/\\\/www.grupomedcof.com.br\\\/blog\\\/wp-content\\\/uploads\\\/2026\\\/09\\\/Modelo-instituicoes-2026-09-01T124905.613.jpg\",\"contentUrl\":\"https:\\\/\\\/www.grupomedcof.com.br\\\/blog\\\/wp-content\\\/uploads\\\/2026\\\/09\\\/Modelo-instituicoes-2026-09-01T124905.613.jpg\",\"width\":1920,\"height\":1080},{\"@type\":\"BreadcrumbList\",\"@id\":\"https:\\\/\\\/www.grupomedcof.com.br\\\/blog\\\/edital-residencia-medica-instituto-ims\\\/#breadcrumb\",\"itemListElement\":[{\"@type\":\"ListItem\",\"position\":1,\"name\":\"In\u00edcio\",\"item\":\"https:\\\/\\\/www.grupomedcof.com.br\\\/blog\\\/\"},{\"@type\":\"ListItem\",\"position\":2,\"name\":\"Edital Instituto IMS para resid\u00eancia m\u00e9dica 2026\\\/2027\"}]},{\"@type\":\"WebSite\",\"@id\":\"https:\\\/\\\/www.grupomedcof.com.br\\\/blog\\\/#website\",\"url\":\"https:\\\/\\\/www.grupomedcof.com.br\\\/blog\\\/\",\"name\":\"Blog de Medcof: conte\u00fados, editais, revalida e mais!\",\"description\":\"Acesso o blog de MedCof! Seu portal de conte\u00fados sobre resid\u00eancia m\u00e9dica, an\u00e1lise e editais e muito mais. Clique e confira!\",\"publisher\":{\"@id\":\"https:\\\/\\\/www.grupomedcof.com.br\\\/blog\\\/#organization\"},\"alternateName\":\"Blog de Medcof: conte\u00fados, editais, revalida e mais!\",\"potentialAction\":[{\"@type\":\"SearchAction\",\"target\":{\"@type\":\"EntryPoint\",\"urlTemplate\":\"https:\\\/\\\/www.grupomedcof.com.br\\\/blog\\\/?s={search_term_string}\"},\"query-input\":{\"@type\":\"PropertyValueSpecification\",\"valueRequired\":true,\"valueName\":\"search_term_string\"}}],\"inLanguage\":\"pt-BR\"},{\"@type\":\"Organization\",\"@id\":\"https:\\\/\\\/www.grupomedcof.com.br\\\/blog\\\/#organization\",\"name\":\"Grupo MedCof\",\"url\":\"https:\\\/\\\/www.grupomedcof.com.br\\\/blog\\\/\",\"logo\":{\"@type\":\"ImageObject\",\"inLanguage\":\"pt-BR\",\"@id\":\"https:\\\/\\\/www.grupomedcof.com.br\\\/blog\\\/#\\\/schema\\\/logo\\\/image\\\/\",\"url\":\"https:\\\/\\\/www.grupomedcof.com.br\\\/blog\\\/wp-content\\\/uploads\\\/2022\\\/01\\\/logo-medcof.png\",\"contentUrl\":\"https:\\\/\\\/www.grupomedcof.com.br\\\/blog\\\/wp-content\\\/uploads\\\/2022\\\/01\\\/logo-medcof.png\",\"width\":768,\"height\":269,\"caption\":\"Grupo MedCof\"},\"image\":{\"@id\":\"https:\\\/\\\/www.grupomedcof.com.br\\\/blog\\\/#\\\/schema\\\/logo\\\/image\\\/\"},\"sameAs\":[\"https:\\\/\\\/www.facebook.com\\\/MedCofQbank\\\/\",\"https:\\\/\\\/www.instagram.com\\\/grupomedcof\\\/\",\"https:\\\/\\\/br.linkedin.com\\\/company\\\/medcof\",\"https:\\\/\\\/www.youtube.com\\\/channel\\\/UCdHMuOHKICxcHwecxN8P-AA\"]},{\"@type\":\"Person\",\"@id\":\"https:\\\/\\\/www.grupomedcof.com.br\\\/blog\\\/#\\\/schema\\\/person\\\/6c9d76c2d1abb71d1cbff62ad7c6f83e\",\"name\":\"Leila Menzel\",\"image\":{\"@type\":\"ImageObject\",\"inLanguage\":\"pt-BR\",\"@id\":\"https:\\\/\\\/www.grupomedcof.com.br\\\/blog\\\/wp-content\\\/uploads\\\/2025\\\/09\\\/cropped-eu-96x96.jpeg19a74936d997c0a8b3031618467fa1d0\",\"url\":\"https:\\\/\\\/www.grupomedcof.com.br\\\/blog\\\/wp-content\\\/uploads\\\/2025\\\/09\\\/cropped-eu-96x96.jpeg\",\"contentUrl\":\"https:\\\/\\\/www.grupomedcof.com.br\\\/blog\\\/wp-content\\\/uploads\\\/2025\\\/09\\\/cropped-eu-96x96.jpeg\",\"caption\":\"Leila Menzel\"},\"description\":\"Estudante do 7\u00b0 semestre de jornalismo. Atuo na cobertura de not\u00edcias e atualiza\u00e7\u00f5es sobre sa\u00fade, com foco em resid\u00eancia m\u00e9dica.\",\"url\":\"https:\\\/\\\/www.grupomedcof.com.br\\\/blog\\\/author\\\/leila-menzel\\\/\"}]}<\/script>\n<!-- \/ Yoast SEO Premium plugin. -->","yoast_head_json":{"title":"Edital Instituto IMS 2027: Resid\u00eancia M\u00e9dica em Dermatologia","description":"Confira o edital Instituto IMS 2027 para Resid\u00eancia M\u00e9dica em Dermatologia: vagas, inscri\u00e7\u00f5es, taxa, prova, etapas e cronograma completo.","robots":{"index":"index","follow":"follow","max-snippet":"max-snippet:-1","max-image-preview":"max-image-preview:large","max-video-preview":"max-video-preview:-1"},"canonical":"https:\/\/www.grupomedcof.com.br\/blog\/edital-residencia-medica-instituto-ims\/","og_locale":"pt_BR","og_type":"article","og_title":"Edital Instituto IMS para resid\u00eancia m\u00e9dica 2026\/2027","og_description":"Confira o edital Instituto IMS 2027 para Resid\u00eancia M\u00e9dica em Dermatologia: vagas, inscri\u00e7\u00f5es, taxa, prova, etapas e cronograma completo.","og_url":"https:\/\/www.grupomedcof.com.br\/blog\/edital-residencia-medica-instituto-ims\/","og_site_name":"Blog de Medcof: conte\u00fados, editais, revalida e mais!","article_publisher":"https:\/\/www.facebook.com\/MedCofQbank\/","article_published_time":"2026-09-01T15:50:10+00:00","article_modified_time":"2026-09-01T15:50:13+00:00","og_image":[{"width":1920,"height":1080,"url":"https:\/\/www.grupomedcof.com.br\/blog\/wp-content\/uploads\/2026\/09\/Modelo-instituicoes-2026-09-01T124905.613.jpg","type":"image\/jpeg"}],"author":"Leila Menzel","twitter_card":"summary_large_image","twitter_misc":{"Escrito por":"Leila Menzel","Est. tempo de leitura":"6 minutos"},"schema":{"@context":"https:\/\/schema.org","@graph":[{"@type":"Article","@id":"https:\/\/www.grupomedcof.com.br\/blog\/edital-residencia-medica-instituto-ims\/#article","isPartOf":{"@id":"https:\/\/www.grupomedcof.com.br\/blog\/edital-residencia-medica-instituto-ims\/"},"author":{"name":"Leila Menzel","@id":"https:\/\/www.grupomedcof.com.br\/blog\/#\/schema\/person\/6c9d76c2d1abb71d1cbff62ad7c6f83e"},"headline":"Edital Instituto IMS para resid\u00eancia m\u00e9dica 2026\/2027","datePublished":"2026-09-01T15:50:10+00:00","dateModified":"2026-09-01T15:50:13+00:00","mainEntityOfPage":{"@id":"https:\/\/www.grupomedcof.com.br\/blog\/edital-residencia-medica-instituto-ims\/"},"wordCount":886,"publisher":{"@id":"https:\/\/www.grupomedcof.com.br\/blog\/#organization"},"image":{"@id":"https:\/\/www.grupomedcof.com.br\/blog\/edital-residencia-medica-instituto-ims\/#primaryimage"},"thumbnailUrl":"https:\/\/www.grupomedcof.com.br\/blog\/wp-content\/uploads\/2026\/09\/Modelo-instituicoes-2026-09-01T124905.613.jpg","keywords":["Dermatologia","Edital","Provas","Provas de Resid\u00eancia","Resid\u00eancia M\u00e9dica"],"articleSection":["Editais"],"inLanguage":"pt-BR"},{"@type":"WebPage","@id":"https:\/\/www.grupomedcof.com.br\/blog\/edital-residencia-medica-instituto-ims\/","url":"https:\/\/www.grupomedcof.com.br\/blog\/edital-residencia-medica-instituto-ims\/","name":"Edital Instituto IMS 2027: Resid\u00eancia M\u00e9dica em Dermatologia","isPartOf":{"@id":"https:\/\/www.grupomedcof.com.br\/blog\/#website"},"primaryImageOfPage":{"@id":"https:\/\/www.grupomedcof.com.br\/blog\/edital-residencia-medica-instituto-ims\/#primaryimage"},"image":{"@id":"https:\/\/www.grupomedcof.com.br\/blog\/edital-residencia-medica-instituto-ims\/#primaryimage"},"thumbnailUrl":"https:\/\/www.grupomedcof.com.br\/blog\/wp-content\/uploads\/2026\/09\/Modelo-instituicoes-2026-09-01T124905.613.jpg","datePublished":"2026-09-01T15:50:10+00:00","dateModified":"2026-09-01T15:50:13+00:00","description":"Confira o edital Instituto IMS 2027 para Resid\u00eancia M\u00e9dica em Dermatologia: vagas, inscri\u00e7\u00f5es, taxa, prova, etapas e cronograma completo.","breadcrumb":{"@id":"https:\/\/www.grupomedcof.com.br\/blog\/edital-residencia-medica-instituto-ims\/#breadcrumb"},"inLanguage":"pt-BR","potentialAction":[{"@type":"ReadAction","target":["https:\/\/www.grupomedcof.com.br\/blog\/edital-residencia-medica-instituto-ims\/"]}]},{"@type":"ImageObject","inLanguage":"pt-BR","@id":"https:\/\/www.grupomedcof.com.br\/blog\/edital-residencia-medica-instituto-ims\/#primaryimage","url":"https:\/\/www.grupomedcof.com.br\/blog\/wp-content\/uploads\/2026\/09\/Modelo-instituicoes-2026-09-01T124905.613.jpg","contentUrl":"https:\/\/www.grupomedcof.com.br\/blog\/wp-content\/uploads\/2026\/09\/Modelo-instituicoes-2026-09-01T124905.613.jpg","width":1920,"height":1080},{"@type":"BreadcrumbList","@id":"https:\/\/www.grupomedcof.com.br\/blog\/edital-residencia-medica-instituto-ims\/#breadcrumb","itemListElement":[{"@type":"ListItem","position":1,"name":"In\u00edcio","item":"https:\/\/www.grupomedcof.com.br\/blog\/"},{"@type":"ListItem","position":2,"name":"Edital Instituto IMS para resid\u00eancia m\u00e9dica 2026\/2027"}]},{"@type":"WebSite","@id":"https:\/\/www.grupomedcof.com.br\/blog\/#website","url":"https:\/\/www.grupomedcof.com.br\/blog\/","name":"Blog de Medcof: conte\u00fados, editais, revalida e mais!","description":"Acesso o blog de MedCof! Seu portal de conte\u00fados sobre resid\u00eancia m\u00e9dica, an\u00e1lise e editais e muito mais. Clique e confira!","publisher":{"@id":"https:\/\/www.grupomedcof.com.br\/blog\/#organization"},"alternateName":"Blog de Medcof: conte\u00fados, editais, revalida e mais!","potentialAction":[{"@type":"SearchAction","target":{"@type":"EntryPoint","urlTemplate":"https:\/\/www.grupomedcof.com.br\/blog\/?s={search_term_string}"},"query-input":{"@type":"PropertyValueSpecification","valueRequired":true,"valueName":"search_term_string"}}],"inLanguage":"pt-BR"},{"@type":"Organization","@id":"https:\/\/www.grupomedcof.com.br\/blog\/#organization","name":"Grupo MedCof","url":"https:\/\/www.grupomedcof.com.br\/blog\/","logo":{"@type":"ImageObject","inLanguage":"pt-BR","@id":"https:\/\/www.grupomedcof.com.br\/blog\/#\/schema\/logo\/image\/","url":"https:\/\/www.grupomedcof.com.br\/blog\/wp-content\/uploads\/2022\/01\/logo-medcof.png","contentUrl":"https:\/\/www.grupomedcof.com.br\/blog\/wp-content\/uploads\/2022\/01\/logo-medcof.png","width":768,"height":269,"caption":"Grupo MedCof"},"image":{"@id":"https:\/\/www.grupomedcof.com.br\/blog\/#\/schema\/logo\/image\/"},"sameAs":["https:\/\/www.facebook.com\/MedCofQbank\/","https:\/\/www.instagram.com\/grupomedcof\/","https:\/\/br.linkedin.com\/company\/medcof","https:\/\/www.youtube.com\/channel\/UCdHMuOHKICxcHwecxN8P-AA"]},{"@type":"Person","@id":"https:\/\/www.grupomedcof.com.br\/blog\/#\/schema\/person\/6c9d76c2d1abb71d1cbff62ad7c6f83e","name":"Leila Menzel","image":{"@type":"ImageObject","inLanguage":"pt-BR","@id":"https:\/\/www.grupomedcof.com.br\/blog\/wp-content\/uploads\/2025\/09\/cropped-eu-96x96.jpeg19a74936d997c0a8b3031618467fa1d0","url":"https:\/\/www.grupomedcof.com.br\/blog\/wp-content\/uploads\/2025\/09\/cropped-eu-96x96.jpeg","contentUrl":"https:\/\/www.grupomedcof.com.br\/blog\/wp-content\/uploads\/2025\/09\/cropped-eu-96x96.jpeg","caption":"Leila Menzel"},"description":"Estudante do 7\u00b0 semestre de jornalismo. Atuo na cobertura de not\u00edcias e atualiza\u00e7\u00f5es sobre sa\u00fade, com foco em resid\u00eancia m\u00e9dica.","url":"https:\/\/www.grupomedcof.com.br\/blog\/author\/leila-menzel\/"}]}},"authors":[{"term_id":3616,"user_id":20,"is_guest":0,"slug":"leila-menzel","display_name":"Leila Menzel","avatar_url":"https:\/\/www.grupomedcof.com.br\/blog\/wp-content\/uploads\/2025\/09\/cropped-eu-96x96.jpeg","0":null,"1":"","2":"","3":"","4":"","5":"","6":"","7":"","8":""}],"_links":{"self":[{"href":"https:\/\/www.grupomedcof.com.br\/blog\/wp-json\/wp\/v2\/posts\/48765","targetHints":{"allow":["GET"]}}],"collection":[{"href":"https:\/\/www.grupomedcof.com.br\/blog\/wp-json\/wp\/v2\/posts"}],"about":[{"href":"https:\/\/www.grupomedcof.com.br\/blog\/wp-json\/wp\/v2\/types\/post"}],"author":[{"embeddable":true,"href":"https:\/\/www.grupomedcof.com.br\/blog\/wp-json\/wp\/v2\/users\/20"}],"replies":[{"embeddable":true,"href":"https:\/\/www.grupomedcof.com.br\/blog\/wp-json\/wp\/v2\/comments?post=48765"}],"version-history":[{"count":1,"href":"https:\/\/www.grupomedcof.com.br\/blog\/wp-json\/wp\/v2\/posts\/48765\/revisions"}],"predecessor-version":[{"id":48768,"href":"https:\/\/www.grupomedcof.com.br\/blog\/wp-json\/wp\/v2\/posts\/48765\/revisions\/48768"}],"wp:featuredmedia":[{"embeddable":true,"href":"https:\/\/www.grupomedcof.com.br\/blog\/wp-json\/wp\/v2\/media\/48767"}],"wp:attachment":[{"href":"https:\/\/www.grupomedcof.com.br\/blog\/wp-json\/wp\/v2\/media?parent=48765"}],"wp:term":[{"taxonomy":"category","embeddable":true,"href":"https:\/\/www.grupomedcof.com.br\/blog\/wp-json\/wp\/v2\/categories?post=48765"},{"taxonomy":"post_tag","embeddable":true,"href":"https:\/\/www.grupomedcof.com.br\/blog\/wp-json\/wp\/v2\/tags?post=48765"},{"taxonomy":"author","embeddable":true,"href":"https:\/\/www.grupomedcof.com.br\/blog\/wp-json\/wp\/v2\/ppma_author?post=48765"}],"curies":[{"name":"wp","href":"https:\/\/api.w.org\/{rel}","templated":true}]}}