{"id":48772,"date":"2026-09-01T14:43:58","date_gmt":"2026-09-01T17:43:58","guid":{"rendered":"https:\/\/www.grupomedcof.com.br\/blog\/?p=48772"},"modified":"2026-09-01T14:44:01","modified_gmt":"2026-09-01T17:44:01","slug":"concurso-taquarituba-sp","status":"publish","type":"post","link":"https:\/\/www.grupomedcof.com.br\/blog\/concurso-taquarituba-sp\/","title":{"rendered":"Concurso Taquarituba\/SP: vagas com sal\u00e1rios de at\u00e9 R$ 22.537,36"},"content":{"rendered":"\n<figure class=\"wp-block-image size-large\"><img loading=\"lazy\" decoding=\"async\" width=\"1024\" height=\"576\" src=\"https:\/\/www.grupomedcof.com.br\/blog\/wp-content\/uploads\/2026\/09\/Modelo-instituicoes-2026-09-01T144000.395-1024x576.jpg\" alt=\"concurso taquarituba\" class=\"wp-image-48777\" srcset=\"https:\/\/www.grupomedcof.com.br\/blog\/wp-content\/uploads\/2026\/09\/Modelo-instituicoes-2026-09-01T144000.395-1024x576.jpg 1024w, https:\/\/www.grupomedcof.com.br\/blog\/wp-content\/uploads\/2026\/09\/Modelo-instituicoes-2026-09-01T144000.395-300x169.jpg 300w, https:\/\/www.grupomedcof.com.br\/blog\/wp-content\/uploads\/2026\/09\/Modelo-instituicoes-2026-09-01T144000.395-768x432.jpg 768w, https:\/\/www.grupomedcof.com.br\/blog\/wp-content\/uploads\/2026\/09\/Modelo-instituicoes-2026-09-01T144000.395-1536x864.jpg 1536w, https:\/\/www.grupomedcof.com.br\/blog\/wp-content\/uploads\/2026\/09\/Modelo-instituicoes-2026-09-01T144000.395-747x420.jpg 747w, https:\/\/www.grupomedcof.com.br\/blog\/wp-content\/uploads\/2026\/09\/Modelo-instituicoes-2026-09-01T144000.395-150x84.jpg 150w, https:\/\/www.grupomedcof.com.br\/blog\/wp-content\/uploads\/2026\/09\/Modelo-instituicoes-2026-09-01T144000.395-696x392.jpg 696w, https:\/\/www.grupomedcof.com.br\/blog\/wp-content\/uploads\/2026\/09\/Modelo-instituicoes-2026-09-01T144000.395-1068x601.jpg 1068w, https:\/\/www.grupomedcof.com.br\/blog\/wp-content\/uploads\/2026\/09\/Modelo-instituicoes-2026-09-01T144000.395.jpg 1920w\" sizes=\"auto, (max-width: 1024px) 100vw, 1024px\" \/><\/figure>\n\n\n\n<p class=\"wp-block-paragraph\">O <strong>concurso em Taquarituba<\/strong>, no interior de S\u00e3o Paulo, chegou com mais de 20 vagas imediatas e cadastro de reserva para profissionais de diversos n\u00edveis de escolaridade. A Prefeitura Municipal de Taquarituba, no centro-sul paulista, publicou o Edital do Concurso P\u00fablico n\u00ba 01\/2026 para provimento de vagas em seu quadro de pessoal.<\/p>\n\n\n\n<p class=\"wp-block-paragraph\">O certame oferece 22 vagas de provimento imediato, al\u00e9m de cadastro de reserva, distribu\u00eddas em 31 cargos diferentes dos n\u00edveis fundamental, m\u00e9dio e superior. <strong>Os sal\u00e1rios chegam a R$ 22.537,36 para o cargo de M\u00e9dico do Programa da Sa\u00fade da Fam\u00edlia (40 horas semanais).<\/strong> O Instituto de Estudos Unidos pela Qualifica\u00e7\u00e3o de Pesquisas Sociais e Educacionais (UNIQUE) organiza e executa todo o processo seletivo.<\/p>\n\n\n\n<p class=\"wp-block-paragraph\">O edital foi retificado pela Errata n\u00ba 01\/2026, que ampliou as hip\u00f3teses de isen\u00e7\u00e3o da taxa de inscri\u00e7\u00e3o e ajustou a numera\u00e7\u00e3o das se\u00e7\u00f5es. As informa\u00e7\u00f5es abaixo j\u00e1 consideram o texto consolidado.<\/p>\n\n\n\n<figure class=\"wp-block-image is-resized\"><a href=\"https:\/\/concursus.grupomedcof.com.br\/extensivo-concursus?clientId=&amp;utm_campaign=outros-continua-awareness-topo&amp;utm_medium=conteudo&amp;utm_source=blog#https:\/\/concursus.grupomedcof.com.br\/\" target=\"_blank\" rel=\"noopener\"><img loading=\"lazy\" decoding=\"async\" width=\"1024\" height=\"320\" src=\"https:\/\/www.grupomedcof.com.br\/blog\/wp-content\/uploads\/2026\/07\/Banner-MedCof-Plus-2200x460-5-1024x320.png\" alt=\"banner concursus\" class=\"wp-image-46770\" style=\"aspect-ratio:3.2;width:1024px;height:auto\" srcset=\"https:\/\/www.grupomedcof.com.br\/blog\/wp-content\/uploads\/2026\/07\/Banner-MedCof-Plus-2200x460-5-1024x320.png 1024w, https:\/\/www.grupomedcof.com.br\/blog\/wp-content\/uploads\/2026\/07\/Banner-MedCof-Plus-2200x460-5-300x94.png 300w, https:\/\/www.grupomedcof.com.br\/blog\/wp-content\/uploads\/2026\/07\/Banner-MedCof-Plus-2200x460-5-768x240.png 768w, https:\/\/www.grupomedcof.com.br\/blog\/wp-content\/uploads\/2026\/07\/Banner-MedCof-Plus-2200x460-5-1536x480.png 1536w, https:\/\/www.grupomedcof.com.br\/blog\/wp-content\/uploads\/2026\/07\/Banner-MedCof-Plus-2200x460-5-1344x420.png 1344w, https:\/\/www.grupomedcof.com.br\/blog\/wp-content\/uploads\/2026\/07\/Banner-MedCof-Plus-2200x460-5-150x47.png 150w, https:\/\/www.grupomedcof.com.br\/blog\/wp-content\/uploads\/2026\/07\/Banner-MedCof-Plus-2200x460-5-696x218.png 696w, https:\/\/www.grupomedcof.com.br\/blog\/wp-content\/uploads\/2026\/07\/Banner-MedCof-Plus-2200x460-5-1068x334.png 1068w, https:\/\/www.grupomedcof.com.br\/blog\/wp-content\/uploads\/2026\/07\/Banner-MedCof-Plus-2200x460-5.png 1600w\" sizes=\"auto, (max-width: 1024px) 100vw, 1024px\" \/><\/a><\/figure>\n\n\n\n<h2 id=\"h-quais-sao-as-vagas-disponiveis-no-concurso-em-taquarituba\" class=\"wp-block-heading\"><strong>Quais s\u00e3o as vagas dispon\u00edveis no concurso em Taquarituba?<\/strong><\/h2>\n\n\n\n<p class=\"wp-block-paragraph\">O edital contempla vagas de provimento imediato e de cadastro de reserva (CR), distribu\u00eddas entre cargos de n\u00edvel fundamental, m\u00e9dio e superior. Todos os cargos s\u00e3o regidos pelo Regime Jur\u00eddico \u00danico Estatut\u00e1rio. Confira abaixo a rela\u00e7\u00e3o completa:<\/p>\n\n\n\n<h3 id=\"h-superior\" class=\"wp-block-heading\"><strong>Superior<\/strong><\/h3>\n\n\n\n<figure class=\"wp-block-table\"><table class=\"has-fixed-layout\"><tbody><tr><td><strong>Cargo<\/strong><\/td><td><strong>Vagas<\/strong><\/td><td><strong>Carga Hor\u00e1ria<\/strong><\/td><td><strong>Sal\u00e1rio<\/strong><\/td><\/tr><tr><td>Professor II \u2013 Educa\u00e7\u00e3o F\u00edsica<\/td><td>01<\/td><td>30h semanais<\/td><td>R$ 4.202,33<\/td><\/tr><tr><td>Professor II \u2013 Arte<\/td><td>01<\/td><td>30h semanais<\/td><td>R$ 4.202,33<\/td><\/tr><tr><td>Professor III<\/td><td>01<\/td><td>30h semanais<\/td><td>R$ 4.202,33<\/td><\/tr><tr><td>Professor de L\u00edngua Estrangeira \u2013 Ingl\u00eas<\/td><td>CR<\/td><td>30h semanais<\/td><td>R$ 4.202,33<\/td><\/tr><tr><td>Assistente Social<\/td><td>01<\/td><td>30h semanais<\/td><td>R$ 6.154,54<\/td><\/tr><tr><td>Enfermeiro<\/td><td>01<\/td><td>40h semanais<\/td><td>R$ 8.206,05<\/td><\/tr><tr><td>M\u00e9dico Neurologista<\/td><td>01<\/td><td>10h semanais<\/td><td>R$ 6.334,28<\/td><\/tr><tr><td><a href=\"https:\/\/www.grupomedcof.com.br\/blog\/atencao-primaria-de-saude\/\" data-type=\"post\" data-id=\"27627\" target=\"_blank\" rel=\"noreferrer noopener\">M\u00e9dico do Programa da Sa\u00fade da Fam\u00edlia<\/a><\/td><td>CR<\/td><td>40h semanais<\/td><td>R$ 22.537,36<\/td><\/tr><tr><td><a href=\"https:\/\/www.grupomedcof.com.br\/blog\/residencias-de-psiquiatria-mais-requisitadas-na-regiao-sudeste\/\" data-type=\"post\" data-id=\"34755\" target=\"_blank\" rel=\"noreferrer noopener\">M\u00e9dico Psiquiatra<\/a><\/td><td>CR<\/td><td>10h semanais<\/td><td>R$ 6.334,28<\/td><\/tr><tr><td><a href=\"https:\/\/www.grupomedcof.com.br\/blog\/melhores-residencias-de-oftalmologia-do-pais\/\" data-type=\"post\" data-id=\"36033\" target=\"_blank\" rel=\"noreferrer noopener\">M\u00e9dico Oftalmologista<\/a><\/td><td>01<\/td><td>10h semanais<\/td><td>R$ 6.334,28<\/td><\/tr><tr><td>Cirurgi\u00e3o Dentista do Programa de Sa\u00fade da Fam\u00edlia (PSF)<\/td><td>CR<\/td><td>40h semanais<\/td><td>R$ 11.783,31<\/td><\/tr><tr><td>Fisioterapeuta<\/td><td>CR<\/td><td>30h semanais<\/td><td>R$ 6.154,54<\/td><\/tr><\/tbody><\/table><\/figure>\n\n\n\n<p class=\"wp-block-paragraph\">Os cargos da \u00e1rea da sa\u00fade exigem forma\u00e7\u00e3o superior e registro no conselho profissional correspondente: CRM para os m\u00e9dicos, COREN para Enfermeiro, CRO para Cirurgi\u00e3o Dentista, CRESS para Assistente Social e CREFITO para Fisioterapeuta. Os cargos m\u00e9dicos especializados (Neurologista, Psiquiatra e Oftalmologista) pedem, ainda, especializa\u00e7\u00e3o na respectiva \u00e1rea.<\/p>\n\n\n\n<h3 id=\"h-fundamental\" class=\"wp-block-heading\"><strong>Fundamental<\/strong><\/h3>\n\n\n\n<figure class=\"wp-block-table\"><table class=\"has-fixed-layout\"><tbody><tr><td><strong>Cargo<\/strong><\/td><td><strong>Vagas<\/strong><\/td><td><strong>Carga Hor\u00e1ria<\/strong><\/td><td><strong>Sal\u00e1rio<\/strong><\/td><\/tr><tr><td>Servi\u00e7os Gerais<\/td><td>01<\/td><td>40h semanais<\/td><td>R$ 1.936,54<\/td><\/tr><tr><td>Coletor de Lixo<\/td><td>01<\/td><td>40h semanais<\/td><td>R$ 1.936,54<\/td><\/tr><tr><td>Jardineiro<\/td><td>01<\/td><td>40h semanais<\/td><td>R$ 1.936,54<\/td><\/tr><tr><td>Servente<\/td><td>01<\/td><td>40h semanais<\/td><td>R$ 1.936,54<\/td><\/tr><\/tbody><\/table><\/figure>\n\n\n\n<h3 id=\"h-nivel-medio-tecnico\" class=\"wp-block-heading\"><strong>N\u00edvel M\u00e9dio \/ T\u00e9cnico<\/strong><\/h3>\n\n\n\n<figure class=\"wp-block-table\"><table class=\"has-fixed-layout\"><tbody><tr><td><strong>Cargo<\/strong><\/td><td><strong>Vagas<\/strong><\/td><td><strong>Carga Hor\u00e1ria<\/strong><\/td><td><strong>Sal\u00e1rio<\/strong><\/td><\/tr><tr><td>Inspetor de Alunos<\/td><td>01<\/td><td>40h semanais<\/td><td>R$ 2.162,94<\/td><\/tr><tr><td>Auxiliar Administrativo<\/td><td>01<\/td><td>40h semanais<\/td><td>R$ 2.852,01<\/td><\/tr><tr><td>Agente de Fiscaliza\u00e7\u00e3o de Atividades Urbanas<\/td><td>CR<\/td><td>40h semanais<\/td><td>R$ 4.103,03<\/td><\/tr><tr><td>Agente Comunit\u00e1rio de Sa\u00fade \u2013 ESF Gino Chamorro (Bairro Parque S\u00e3o Roque) \u2013 \u00c1rea 01<\/td><td>01<\/td><td>40h semanais<\/td><td>R$ 3.242,00<\/td><\/tr><tr><td>Agente Comunit\u00e1rio de Sa\u00fade \u2013 ESF Juca Pena (Bairro Pedro Barros) \u2013 \u00c1rea 06<\/td><td>01<\/td><td>40h semanais<\/td><td>R$ 3.242,00<\/td><\/tr><tr><td>Agente Comunit\u00e1rio de Sa\u00fade \u2013 UBS Vila Santa Rita de C\u00e1ssia \u2013 \u00c1rea 07<\/td><td>01<\/td><td>40h semanais<\/td><td>R$ 3.242,00<\/td><\/tr><tr><td>Motorista<\/td><td>01<\/td><td>40h semanais<\/td><td>R$ 2.750,76<\/td><\/tr><tr><td>T\u00e9cnico em Enfermagem<\/td><td>01<\/td><td>40h semanais<\/td><td>R$ 3.959,78<\/td><\/tr><tr><td>Auxiliar de Educador\/Cuidador<\/td><td>01<\/td><td>40h (escala 12&#215;36)<\/td><td>R$ 2.162,94<\/td><\/tr><tr><td>Carpinteiro<\/td><td>01<\/td><td>40h semanais<\/td><td>R$ 2.750,76<\/td><\/tr><tr><td>Pedreiro<\/td><td>01<\/td><td>40h semanais<\/td><td>R$ 2.750,76<\/td><\/tr><tr><td>Operador de M\u00e1quinas Rodovi\u00e1rias<\/td><td>01<\/td><td>40h semanais<\/td><td>R$ 3.084,53<\/td><\/tr><tr><td>Encanador Hidr\u00e1ulico<\/td><td>CR<\/td><td>40h semanais<\/td><td>R$ 3.084,53<\/td><\/tr><tr><td>Monitor de Artes<\/td><td>CR<\/td><td>40h semanais<\/td><td>R$ 2.852,01<\/td><\/tr><tr><td>Fiscal de Higiene<\/td><td>CR<\/td><td>40h semanais<\/td><td>R$ 2.852,01<\/td><\/tr><\/tbody><\/table><\/figure>\n\n\n\n<p class=\"wp-block-paragraph\">Os tr\u00eas cargos de Agente Comunit\u00e1rio de Sa\u00fade exigem Ensino M\u00e9dio ou curso t\u00e9cnico na \u00e1rea da sa\u00fade e resid\u00eancia na respectiva \u00e1rea de atua\u00e7\u00e3o. O T\u00e9cnico em Enfermagem precisa de curso t\u00e9cnico com registro no COREN.<\/p>\n\n\n\n<h2 id=\"h-como-se-inscrever-no-concurso\" class=\"wp-block-heading\"><strong>Como se inscrever no concurso?<\/strong><\/h2>\n\n\n\n<p class=\"wp-block-paragraph\">As inscri\u00e7\u00f5es acontecem exclusivamente pela internet, <strong>no per\u00edodo de 26\/09\/2026 a 23\/10\/2026,<\/strong> pelo site www.institutounique.org.br. A taxa de inscri\u00e7\u00e3o varia conforme o n\u00edvel de escolaridade do cargo:<\/p>\n\n\n\n<figure class=\"wp-block-table\"><table class=\"has-fixed-layout\"><tbody><tr><td><strong>N\u00edvel<\/strong><\/td><td><strong>Taxa<\/strong><\/td><\/tr><tr><td>N\u00edvel Fundamental<\/td><td>R$ 48,50<\/td><\/tr><tr><td>N\u00edvel M\u00e9dio \/ T\u00e9cnico<\/td><td>R$ 77,00<\/td><\/tr><tr><td>N\u00edvel Superior<\/td><td>R$ 107,00<\/td><\/tr><\/tbody><\/table><\/figure>\n\n\n\n<p class=\"wp-block-paragraph\"><strong>Isen\u00e7\u00e3o da taxa:<\/strong> o pedido de isen\u00e7\u00e3o deve ser solicitado no in\u00edcio do per\u00edodo de inscri\u00e7\u00f5es, encerrando-se em 04\/09\/2026, \u00e0s 23h59. T\u00eam direito ao benef\u00edcio os candidatos inscritos no Cadastro \u00danico (Cad\u00danico) com renda familiar per capita de at\u00e9 meio sal\u00e1rio-m\u00ednimo nacional e os doadores de medula \u00f3ssea reconhecidos pelo Minist\u00e9rio da Sa\u00fade \u2014 hip\u00f3tese acrescentada pela Errata n\u00ba 01\/2026. O resultado dos pedidos de isen\u00e7\u00e3o ser\u00e1 divulgado em 09\/09\/2026, com prazo de recurso nos dias 10 e 11\/09\/2026.<\/p>\n\n\n\n<p class=\"wp-block-paragraph\">Vale lembrar que a inscri\u00e7\u00e3o s\u00f3 se concretiza ap\u00f3s a confirma\u00e7\u00e3o do pagamento pela institui\u00e7\u00e3o banc\u00e1ria. O candidato deve retornar ao site da banca a partir de <strong>28\/10\/2026<\/strong> para confirmar o deferimento de sua inscri\u00e7\u00e3o.<\/p>\n\n\n\n<h2 id=\"h-como-vai-funcionar-o-concurso-em-taquarituba\" class=\"wp-block-heading\"><strong>Como vai funcionar o concurso em Taquarituba?<\/strong><\/h2>\n\n\n\n<p class=\"wp-block-paragraph\">A banca exige a Prova Objetiva para todos os inscritos, prevendo Prova de T\u00edtulos para o n\u00edvel superior, Prova Pr\u00e1tica e Teste de Aptid\u00e3o F\u00edsica (T.A.F.) para fun\u00e7\u00f5es espec\u00edficas. A institui\u00e7\u00e3o realiza os exames objetivos ao longo de dois domingos consecutivos, nos dias 15 e 22 de novembro de 2026.<\/p>\n\n\n\n<h3 id=\"h-provas-objetivas\" class=\"wp-block-heading\"><strong>Provas Objetivas<\/strong><\/h3>\n\n\n\n<p class=\"wp-block-paragraph\">A prova tem dura\u00e7\u00e3o de 3 horas para todos os cargos e \u00e9 composta por quest\u00f5es de m\u00faltipla escolha com 4 alternativas cada. A composi\u00e7\u00e3o varia conforme o n\u00edvel de escolaridade:<\/p>\n\n\n\n<p class=\"wp-block-paragraph\"><strong>Fundamental (25 quest\u00f5es):<\/strong><\/p>\n\n\n\n<figure class=\"wp-block-table\"><table class=\"has-fixed-layout\"><tbody><tr><td><strong>\u00c1rea de Conhecimento<\/strong><\/td><td><strong>N\u00ba de Quest\u00f5es<\/strong><\/td><td><strong>Peso<\/strong><\/td><\/tr><tr><td>Conhecimentos Espec\u00edficos<\/td><td>10<\/td><td>5,00<\/td><\/tr><tr><td>L\u00edngua Portuguesa<\/td><td>5<\/td><td>4,00<\/td><\/tr><tr><td>Matem\u00e1tica<\/td><td>5<\/td><td>3,00<\/td><\/tr><tr><td>Conhecimentos Gerais e Atualidades<\/td><td>5<\/td><td>3,00<\/td><\/tr><\/tbody><\/table><\/figure>\n\n\n\n<p class=\"wp-block-paragraph\"><strong>N\u00edvel M\u00e9dio (30 quest\u00f5es):<\/strong><\/p>\n\n\n\n<figure class=\"wp-block-table\"><table class=\"has-fixed-layout\"><tbody><tr><td><strong>\u00c1rea de Conhecimento<\/strong><\/td><td><strong>N\u00ba de Quest\u00f5es<\/strong><\/td><td><strong>Peso<\/strong><\/td><\/tr><tr><td>Conhecimentos Espec\u00edficos<\/td><td>10<\/td><td>5,00<\/td><\/tr><tr><td>L\u00edngua Portuguesa<\/td><td>10<\/td><td>3,00<\/td><\/tr><tr><td>Matem\u00e1tica<\/td><td>5<\/td><td>2,00<\/td><\/tr><tr><td>Conhecimentos Gerais e Atualidades<\/td><td>5<\/td><td>2,00<\/td><\/tr><\/tbody><\/table><\/figure>\n\n\n\n<p class=\"wp-block-paragraph\"><strong>Superior (40 quest\u00f5es):<\/strong><\/p>\n\n\n\n<figure class=\"wp-block-table\"><table class=\"has-fixed-layout\"><tbody><tr><td><strong>\u00c1rea de Conhecimento<\/strong><\/td><td><strong>N\u00ba de Quest\u00f5es<\/strong><\/td><td><strong>Peso<\/strong><\/td><\/tr><tr><td>Conhecimentos Espec\u00edficos<\/td><td>15<\/td><td>2,50<\/td><\/tr><tr><td>L\u00edngua Portuguesa<\/td><td>10<\/td><td>2,50<\/td><\/tr><tr><td>Matem\u00e1tica<\/td><td>10<\/td><td>2,50<\/td><\/tr><tr><td>Conhecimentos Gerais e Atualidades<\/td><td>5<\/td><td>2,50<\/td><\/tr><\/tbody><\/table><\/figure>\n\n\n\n<p class=\"wp-block-paragraph\">O edital estabelece a nota de corte em 50% do total da prova objetiva. A organiza\u00e7\u00e3o desclassifica imediatamente o participante com aproveitamento inferior a essa pontua\u00e7\u00e3o.<\/p>\n\n\n\n<h3 id=\"h-prova-de-titulos\" class=\"wp-block-heading\"><strong>Prova de T\u00edtulos<\/strong><\/h3>\n\n\n\n<p class=\"wp-block-paragraph\">A prova de t\u00edtulos tem car\u00e1ter classificat\u00f3rio e soma pontos apenas para os cargos de n\u00edvel superior. Somente ter\u00e3o os t\u00edtulos avaliados os candidatos aprovados na prova objetiva. A entrega dos t\u00edtulos ocorre no mesmo per\u00edodo das inscri\u00e7\u00f5es (26\/08 a 23\/10\/2026).<\/p>\n\n\n\n<figure class=\"wp-block-table\"><table class=\"has-fixed-layout\"><tbody><tr><td><strong>T\u00edtulo<\/strong><\/td><td><strong>Valor Unit\u00e1rio<\/strong><\/td><td><strong>Valor M\u00e1ximo<\/strong><\/td><\/tr><tr><td>Doutorado na \u00e1rea do cargo<\/td><td>10 pontos<\/td><td>10 pontos<\/td><\/tr><tr><td>Mestrado na \u00e1rea do cargo<\/td><td>5 pontos<\/td><td>5 pontos<\/td><\/tr><tr><td>Especializa\u00e7\u00e3o (m\u00edn. 360h) na \u00e1rea do cargo<\/td><td>2 pontos<\/td><td>4 pontos<\/td><\/tr><tr><td>Aprova\u00e7\u00e3o em concurso p\u00fablico ou processo seletivo<\/td><td>0,5 ponto<\/td><td>1 ponto<\/td><\/tr><\/tbody><\/table><\/figure>\n\n\n\n<p class=\"wp-block-paragraph\">A pontua\u00e7\u00e3o m\u00e1xima da prova de t\u00edtulos \u00e9 de 10 pontos.<\/p>\n\n\n\n<h3 id=\"h-prova-pratica-e-teste-de-aptidao-fisica\" class=\"wp-block-heading\"><strong>Prova Pr\u00e1tica e Teste de Aptid\u00e3o F\u00edsica<\/strong><\/h3>\n\n\n\n<p class=\"wp-block-paragraph\">Haver\u00e1 Prova Pr\u00e1tica para os cargos de Motorista, Pedreiro, Jardineiro, Operador de M\u00e1quinas Rodovi\u00e1rias, Carpinteiro e Encanador Hidr\u00e1ulico. O cargo de Servi\u00e7os Gerais passar\u00e1 por Teste de Aptid\u00e3o F\u00edsica (T.A.F.). Em ambos os casos, \u00e9 necess\u00e1rio atingir no m\u00ednimo 50% dos pontos da prova objetiva para ser convocado a essa etapa.<\/p>\n\n\n\n<figure class=\"wp-block-image is-resized\"><a href=\"https:\/\/www.instagram.com\/concursus.medcof\/?clientId=#https:\/\/www.instagram.com\/\" target=\"_blank\" rel=\"noopener\"><img loading=\"lazy\" decoding=\"async\" width=\"1024\" height=\"320\" src=\"https:\/\/www.grupomedcof.com.br\/blog\/wp-content\/uploads\/2026\/07\/Banner-MedCof-Plus-2200x460-6-1024x320.png\" alt=\"banner concursus\" class=\"wp-image-46769\" style=\"aspect-ratio:3.2;width:1024px;height:auto\" srcset=\"https:\/\/www.grupomedcof.com.br\/blog\/wp-content\/uploads\/2026\/07\/Banner-MedCof-Plus-2200x460-6-1024x320.png 1024w, https:\/\/www.grupomedcof.com.br\/blog\/wp-content\/uploads\/2026\/07\/Banner-MedCof-Plus-2200x460-6-300x94.png 300w, https:\/\/www.grupomedcof.com.br\/blog\/wp-content\/uploads\/2026\/07\/Banner-MedCof-Plus-2200x460-6-768x240.png 768w, https:\/\/www.grupomedcof.com.br\/blog\/wp-content\/uploads\/2026\/07\/Banner-MedCof-Plus-2200x460-6-1536x480.png 1536w, https:\/\/www.grupomedcof.com.br\/blog\/wp-content\/uploads\/2026\/07\/Banner-MedCof-Plus-2200x460-6-1344x420.png 1344w, https:\/\/www.grupomedcof.com.br\/blog\/wp-content\/uploads\/2026\/07\/Banner-MedCof-Plus-2200x460-6-150x47.png 150w, https:\/\/www.grupomedcof.com.br\/blog\/wp-content\/uploads\/2026\/07\/Banner-MedCof-Plus-2200x460-6-696x218.png 696w, https:\/\/www.grupomedcof.com.br\/blog\/wp-content\/uploads\/2026\/07\/Banner-MedCof-Plus-2200x460-6-1068x334.png 1068w, https:\/\/www.grupomedcof.com.br\/blog\/wp-content\/uploads\/2026\/07\/Banner-MedCof-Plus-2200x460-6.png 1600w\" sizes=\"auto, (max-width: 1024px) 100vw, 1024px\" \/><\/a><\/figure>\n\n\n\n<h2 id=\"h-vagas-para-pessoas-com-deficiencia\" class=\"wp-block-heading\"><strong>Vagas para pessoas com defici\u00eancia<\/strong><\/h2>\n\n\n\n<p class=\"wp-block-paragraph\">O concurso em Taquarituba n\u00e3o disponibiliza vagas exclusivas para pessoas com defici\u00eancia neste momento, porque o percentual m\u00ednimo de 5% aplicado ao n\u00famero de vagas de cada cargo n\u00e3o atinge nenhuma vaga imediata. <strong>A banca aplica a reserva de vagas exclusivamente sobre as nomea\u00e7\u00f5es futuras do concurso. A convoca\u00e7\u00e3o dos candidatos cotistas ocorre nas 21\u00aa, 41\u00aa e 61\u00aa vagas, mantendo a propor\u00e7\u00e3o cont\u00ednua de 5%.<\/strong><\/p>\n\n\n\n<p class=\"wp-block-paragraph\">Ainda assim, \u00e9 assegurado o direito de inscri\u00e7\u00e3o na condi\u00e7\u00e3o de PcD. Para concorrer, o candidato deve declarar a defici\u00eancia no ato da inscri\u00e7\u00e3o e enviar laudo m\u00e9dico atualizado (expedido nos \u00faltimos 6 meses) pelo site da banca, dentro do per\u00edodo de inscri\u00e7\u00f5es.<\/p>\n\n\n\n<h2 id=\"h-cronograma-completo-do-concurso-em-taquarituba\" class=\"wp-block-heading\"><strong>Cronograma completo do concurso em Taquarituba<\/strong><\/h2>\n\n\n\n<figure class=\"wp-block-table\"><table class=\"has-fixed-layout\"><tbody><tr><td><strong>Evento<\/strong><\/td><td><strong>Data<\/strong><\/td><\/tr><tr><td>Publica\u00e7\u00e3o do Edital<\/td><td>25\/08\/2026<\/td><\/tr><tr><td><strong>In\u00edcio das Inscri\u00e7\u00f5es, T\u00edtulos, pedidos PcD e isen\u00e7\u00e3o<\/strong><\/td><td><strong>26\/08\/2026<\/strong><\/td><\/tr><tr><td>Encerramento dos pedidos de isen\u00e7\u00e3o<\/td><td>04\/09\/2026<\/td><\/tr><tr><td>Resultado dos pedidos de isen\u00e7\u00e3o<\/td><td>09\/09\/2026<\/td><\/tr><tr><td>Recursos sobre a isen\u00e7\u00e3o<\/td><td>10 e 11\/09\/2026<\/td><\/tr><tr><td><strong>Encerramento das Inscri\u00e7\u00f5es \/ \u00daltimo dia para pagamento do boleto<\/strong><\/td><td><strong>23\/10\/2026<\/strong><\/td><\/tr><tr><td>Deferimento provis\u00f3rio das inscri\u00e7\u00f5es<\/td><td>28\/10\/2026<\/td><\/tr><tr><td>Homologa\u00e7\u00e3o das inscri\u00e7\u00f5es e convoca\u00e7\u00e3o para as provas<\/td><td>10\/11\/2026<\/td><\/tr><tr><td><strong>Provas Objetivas \u2013 1\u00ba dia<\/strong><\/td><td><strong>15\/11\/2026<\/strong><\/td><\/tr><tr><td>Gabarito \u2013 1\u00ba dia<\/td><td>16\/11\/2026<\/td><\/tr><tr><td><strong>Provas Objetivas \u2013 2\u00ba dia<\/strong><\/td><td><strong>22\/11\/2026<\/strong><\/td><\/tr><tr><td>Gabarito \u2013 2\u00ba dia<\/td><td>23\/11\/2026<\/td><\/tr><tr><td>Recursos sobre as quest\u00f5es<\/td><td>24 e 25\/11\/2026<\/td><\/tr><tr><td><strong>Resultado provis\u00f3rio das objetivas e t\u00edtulos<\/strong><\/td><td><strong>03\/12\/2026<\/strong><\/td><\/tr><tr><td>Provas Pr\u00e1ticas (Motorista, Pedreiro, Jardineiro)<\/td><td>13\/12\/2026<\/td><\/tr><tr><td>Provas Pr\u00e1ticas (Operador de M\u00e1quinas, Carpinteiro, Encanador)<\/td><td>20\/12\/2026<\/td><\/tr><tr><td>Teste de Aptid\u00e3o F\u00edsica (Servi\u00e7os Gerais)<\/td><td>10\/01\/2027<\/td><\/tr><tr><td><strong>Resultado Final<\/strong><\/td><td><strong>21\/01\/2027<\/strong><\/td><\/tr><tr><td>Homologa\u00e7\u00e3o dos Resultados<\/td><td>22\/01\/2027<\/td><\/tr><\/tbody><\/table><\/figure>\n\n\n\n<p class=\"wp-block-paragraph\">O cronograma \u00e9 estimativo e pode sofrer altera\u00e7\u00f5es. Por isso, o candidato deve acompanhar diariamente os comunicados no portal do Instituto UNIQUE (www.institutounique.org.br) e no Di\u00e1rio Oficial Eletr\u00f4nico do Munic\u00edpio de Taquarituba (www.taquarituba.sp.gov.br).<\/p>\n\n\n\n<h2 id=\"h-regime-de-contratacao-e-validade\" class=\"wp-block-heading\"><strong>Regime de contrata\u00e7\u00e3o e validade<\/strong><\/h2>\n\n\n\n<p class=\"wp-block-paragraph\">Os profissionais aprovados no concurso em Taquarituba ingressam sob o Regime Jur\u00eddico \u00danico Estatut\u00e1rio, com vincula\u00e7\u00e3o ao Regime Pr\u00f3prio de Previd\u00eancia Social (RPPS). O prazo de validade do concurso \u00e9 de 1 (um) ano, a contar da data de homologa\u00e7\u00e3o, prorrog\u00e1vel por igual per\u00edodo a crit\u00e9rio da Administra\u00e7\u00e3o Municipal.<\/p>\n\n\n\n<h2 id=\"h-para-mais-informacoes-confira-o-edital\" class=\"wp-block-heading\"><strong>Para mais informa\u00e7\u00f5es, confira o edital!<\/strong><\/h2>\n\n\n\n<div data-wp-interactive=\"core\/file\" class=\"wp-block-file\"><object data-wp-bind--hidden=\"!state.hasPdfPreview\" hidden class=\"wp-block-file__embed\" data=\"https:\/\/www.grupomedcof.com.br\/blog\/wp-content\/uploads\/2026\/09\/0a8299dd50b48dc7f0426627c5f3e1c8.pdf\" type=\"application\/pdf\" style=\"width:100%;height:600px\" aria-label=\"Incorporado de edital taquarituba.\"><\/object><a id=\"wp-block-file--media-100450a6-df13-4981-86fd-c2ef43e8b26a\" href=\"https:\/\/www.grupomedcof.com.br\/blog\/wp-content\/uploads\/2026\/09\/0a8299dd50b48dc7f0426627c5f3e1c8.pdf\">edital taquarituba<\/a><a href=\"https:\/\/www.grupomedcof.com.br\/blog\/wp-content\/uploads\/2026\/09\/0a8299dd50b48dc7f0426627c5f3e1c8.pdf\" class=\"wp-block-file__button wp-element-button\" download aria-describedby=\"wp-block-file--media-100450a6-df13-4981-86fd-c2ef43e8b26a\">Baixar<\/a><\/div>\n\n\n\n<h2 class=\"wp-block-heading\"><strong>Conquiste sua aprova\u00e7\u00e3o com a MedCof!<\/strong><\/h2>\n\n\n\n<p class=\"wp-block-paragraph\">Se voc\u00ea quer ir al\u00e9m da prepara\u00e7\u00e3o tradicional, os preparat\u00f3rios da\u00a0<a href=\"https:\/\/www.grupomedcof.com.br\/home\/\"><strong>MedCof<\/strong><\/a>\u00a0s\u00e3o desenvolvidos especificamente para quem busca aprova\u00e7\u00e3o em concursos m\u00e9dicos como o de Taquarituba.<\/p>\n\n\n\n<p class=\"wp-block-paragraph\">A metodologia combina:<\/p>\n\n\n\n<ul class=\"wp-block-list\">\n<li><strong>Banco inteligente de quest\u00f5es<\/strong><\/li>\n\n\n\n<li><strong>An\u00e1lise de desempenho com uso de dados<\/strong><\/li>\n\n\n\n<li><strong>Estudo direcionado por incid\u00eancia de temas<\/strong><\/li>\n\n\n\n<li><strong>Treinamento focado no perfil da banca<\/strong><\/li>\n<\/ul>\n\n\n\n<p class=\"wp-block-paragraph\">Isso permite que voc\u00ea estude com estrat\u00e9gia, priorizando o que realmente aumenta suas chances de aprova\u00e7\u00e3o \u2014 e n\u00e3o apenas acumulando conte\u00fado. Para entender melhor,&nbsp;<a href=\"http:\/\/grupomedcof.com.br\/home\/?page=sobre-nos\">conhe\u00e7a a MedCof<\/a>.<\/p>\n\n\n\n<figure class=\"wp-block-image is-resized\"><a href=\"https:\/\/mcf.onl\/r\/blog-banner-calendario-concursus\" target=\"_blank\" rel=\"noopener\"><img loading=\"lazy\" decoding=\"async\" width=\"1024\" height=\"320\" src=\"https:\/\/www.grupomedcof.com.br\/blog\/wp-content\/uploads\/2026\/06\/Banner-MedCof-Plus-2200x460-2-1024x320.png\" alt=\"\" class=\"wp-image-46159\" style=\"aspect-ratio:3.2;width:1024px;height:auto\" srcset=\"https:\/\/www.grupomedcof.com.br\/blog\/wp-content\/uploads\/2026\/06\/Banner-MedCof-Plus-2200x460-2-1024x320.png 1024w, https:\/\/www.grupomedcof.com.br\/blog\/wp-content\/uploads\/2026\/06\/Banner-MedCof-Plus-2200x460-2-300x94.png 300w, https:\/\/www.grupomedcof.com.br\/blog\/wp-content\/uploads\/2026\/06\/Banner-MedCof-Plus-2200x460-2-768x240.png 768w, https:\/\/www.grupomedcof.com.br\/blog\/wp-content\/uploads\/2026\/06\/Banner-MedCof-Plus-2200x460-2-1536x480.png 1536w, https:\/\/www.grupomedcof.com.br\/blog\/wp-content\/uploads\/2026\/06\/Banner-MedCof-Plus-2200x460-2-1344x420.png 1344w, https:\/\/www.grupomedcof.com.br\/blog\/wp-content\/uploads\/2026\/06\/Banner-MedCof-Plus-2200x460-2-150x47.png 150w, https:\/\/www.grupomedcof.com.br\/blog\/wp-content\/uploads\/2026\/06\/Banner-MedCof-Plus-2200x460-2-696x218.png 696w, https:\/\/www.grupomedcof.com.br\/blog\/wp-content\/uploads\/2026\/06\/Banner-MedCof-Plus-2200x460-2-1068x334.png 1068w, https:\/\/www.grupomedcof.com.br\/blog\/wp-content\/uploads\/2026\/06\/Banner-MedCof-Plus-2200x460-2.png 1600w\" sizes=\"auto, (max-width: 1024px) 100vw, 1024px\" \/><\/a><\/figure>\n","protected":false},"excerpt":{"rendered":"<p>O concurso em Taquarituba, no interior de S\u00e3o Paulo, chegou com mais de 20 vagas imediatas e cadastro de reserva para profissionais de diversos n\u00edveis de escolaridade. A Prefeitura Municipal de Taquarituba, no centro-sul paulista, publicou o Edital do Concurso P\u00fablico n\u00ba 01\/2026 para provimento de vagas em seu quadro de pessoal.<\/p>\n","protected":false},"author":41,"featured_media":48777,"comment_status":"closed","ping_status":"closed","sticky":false,"template":"","format":"standard","meta":{"footnotes":""},"categories":[55,213,2023,3140],"tags":[3645,1568,93,1452,4090,805,4574],"ppma_author":[3629],"class_list":["post-48772","post","type-post","status-publish","format-standard","has-post-thumbnail","category-carreira-medica","category-concurso-publico","category-editais","category-sus","tag-concurso-publico","tag-edital","tag-especialidades-medicas","tag-provas","tag-sao-paulo","tag-sus","tag-taquarituba"],"yoast_head":"<!-- This site is optimized with the Yoast SEO Premium plugin v28.1 (Yoast SEO v28.4) - https:\/\/yoast.com\/product\/yoast-seo-premium-wordpress\/ -->\n<title>Concurso Taquarituba\/SP: vagas com sal\u00e1rios de at\u00e9 R$ 22.537,36 - Blog de Medcof: conte\u00fados, editais, revalida e mais!<\/title>\n<meta name=\"description\" content=\"Inscri\u00e7\u00f5es pelo site do Instituto UNIQUE; oportunidades v\u00e3o do n\u00edvel fundamental ao superior em diversas \u00e1reas, incluindo sa\u00fade e educa\u00e7\u00e3o.\" \/>\n<meta name=\"robots\" content=\"index, follow, max-snippet:-1, max-image-preview:large, max-video-preview:-1\" \/>\n<link rel=\"canonical\" href=\"https:\/\/www.grupomedcof.com.br\/blog\/concurso-taquarituba-sp\/\" \/>\n<meta property=\"og:locale\" content=\"pt_BR\" \/>\n<meta property=\"og:type\" content=\"article\" \/>\n<meta property=\"og:title\" content=\"Concurso Taquarituba\/SP: vagas com sal\u00e1rios de at\u00e9 R$ 22.537,36\" \/>\n<meta property=\"og:description\" content=\"Inscri\u00e7\u00f5es pelo site do Instituto UNIQUE; oportunidades v\u00e3o do n\u00edvel fundamental ao superior em diversas \u00e1reas, incluindo sa\u00fade e educa\u00e7\u00e3o.\" \/>\n<meta property=\"og:url\" content=\"https:\/\/www.grupomedcof.com.br\/blog\/concurso-taquarituba-sp\/\" \/>\n<meta property=\"og:site_name\" content=\"Blog de Medcof: conte\u00fados, editais, revalida e mais!\" \/>\n<meta property=\"article:publisher\" content=\"https:\/\/www.facebook.com\/MedCofQbank\/\" \/>\n<meta property=\"article:published_time\" content=\"2026-09-01T17:43:58+00:00\" \/>\n<meta property=\"article:modified_time\" content=\"2026-09-01T17:44:01+00:00\" \/>\n<meta property=\"og:image\" content=\"https:\/\/www.grupomedcof.com.br\/blog\/wp-content\/uploads\/2026\/09\/Modelo-instituicoes-2026-09-01T144000.395.jpg\" \/>\n\t<meta property=\"og:image:width\" content=\"1920\" \/>\n\t<meta property=\"og:image:height\" content=\"1080\" \/>\n\t<meta property=\"og:image:type\" content=\"image\/jpeg\" \/>\n<meta name=\"author\" content=\"Nana N\u00f3brega - Jornalista\" \/>\n<meta name=\"twitter:card\" content=\"summary_large_image\" \/>\n<meta name=\"twitter:label1\" content=\"Escrito por\" \/>\n\t<meta name=\"twitter:data1\" content=\"Nana N\u00f3brega - Jornalista\" \/>\n\t<meta name=\"twitter:label2\" content=\"Est. tempo de leitura\" \/>\n\t<meta name=\"twitter:data2\" content=\"10 minutos\" \/>\n<script type=\"application\/ld+json\" class=\"yoast-schema-graph\">{\"@context\":\"https:\\\/\\\/schema.org\",\"@graph\":[{\"@type\":\"Article\",\"@id\":\"https:\\\/\\\/www.grupomedcof.com.br\\\/blog\\\/concurso-taquarituba-sp\\\/#article\",\"isPartOf\":{\"@id\":\"https:\\\/\\\/www.grupomedcof.com.br\\\/blog\\\/concurso-taquarituba-sp\\\/\"},\"author\":{\"name\":\"Nana N\u00f3brega - Jornalista\",\"@id\":\"https:\\\/\\\/www.grupomedcof.com.br\\\/blog\\\/#\\\/schema\\\/person\\\/70ee71b33df3dbfed84fba8ce195cdc6\"},\"headline\":\"Concurso Taquarituba\\\/SP: vagas com sal\u00e1rios de at\u00e9 R$ 22.537,36\",\"datePublished\":\"2026-09-01T17:43:58+00:00\",\"dateModified\":\"2026-09-01T17:44:01+00:00\",\"mainEntityOfPage\":{\"@id\":\"https:\\\/\\\/www.grupomedcof.com.br\\\/blog\\\/concurso-taquarituba-sp\\\/\"},\"wordCount\":1619,\"publisher\":{\"@id\":\"https:\\\/\\\/www.grupomedcof.com.br\\\/blog\\\/#organization\"},\"image\":{\"@id\":\"https:\\\/\\\/www.grupomedcof.com.br\\\/blog\\\/concurso-taquarituba-sp\\\/#primaryimage\"},\"thumbnailUrl\":\"https:\\\/\\\/www.grupomedcof.com.br\\\/blog\\\/wp-content\\\/uploads\\\/2026\\\/09\\\/Modelo-instituicoes-2026-09-01T144000.395.jpg\",\"keywords\":[\"concurso p\u00fablico\",\"Edital\",\"Especialidades m\u00e9dicas\",\"Provas\",\"S\u00e3o Paulo\",\"SUS\",\"Taquarituba\"],\"articleSection\":[\"Carreira M\u00e9dica\",\"Concurso P\u00fablico\",\"Editais\",\"SUS\"],\"inLanguage\":\"pt-BR\"},{\"@type\":\"WebPage\",\"@id\":\"https:\\\/\\\/www.grupomedcof.com.br\\\/blog\\\/concurso-taquarituba-sp\\\/\",\"url\":\"https:\\\/\\\/www.grupomedcof.com.br\\\/blog\\\/concurso-taquarituba-sp\\\/\",\"name\":\"Concurso Taquarituba\\\/SP: vagas com sal\u00e1rios de at\u00e9 R$ 22.537,36 - Blog de Medcof: conte\u00fados, editais, revalida e mais!\",\"isPartOf\":{\"@id\":\"https:\\\/\\\/www.grupomedcof.com.br\\\/blog\\\/#website\"},\"primaryImageOfPage\":{\"@id\":\"https:\\\/\\\/www.grupomedcof.com.br\\\/blog\\\/concurso-taquarituba-sp\\\/#primaryimage\"},\"image\":{\"@id\":\"https:\\\/\\\/www.grupomedcof.com.br\\\/blog\\\/concurso-taquarituba-sp\\\/#primaryimage\"},\"thumbnailUrl\":\"https:\\\/\\\/www.grupomedcof.com.br\\\/blog\\\/wp-content\\\/uploads\\\/2026\\\/09\\\/Modelo-instituicoes-2026-09-01T144000.395.jpg\",\"datePublished\":\"2026-09-01T17:43:58+00:00\",\"dateModified\":\"2026-09-01T17:44:01+00:00\",\"description\":\"Inscri\u00e7\u00f5es pelo site do Instituto UNIQUE; oportunidades v\u00e3o do n\u00edvel fundamental ao superior em diversas \u00e1reas, incluindo sa\u00fade e educa\u00e7\u00e3o.\",\"breadcrumb\":{\"@id\":\"https:\\\/\\\/www.grupomedcof.com.br\\\/blog\\\/concurso-taquarituba-sp\\\/#breadcrumb\"},\"inLanguage\":\"pt-BR\",\"potentialAction\":[{\"@type\":\"ReadAction\",\"target\":[\"https:\\\/\\\/www.grupomedcof.com.br\\\/blog\\\/concurso-taquarituba-sp\\\/\"]}]},{\"@type\":\"ImageObject\",\"inLanguage\":\"pt-BR\",\"@id\":\"https:\\\/\\\/www.grupomedcof.com.br\\\/blog\\\/concurso-taquarituba-sp\\\/#primaryimage\",\"url\":\"https:\\\/\\\/www.grupomedcof.com.br\\\/blog\\\/wp-content\\\/uploads\\\/2026\\\/09\\\/Modelo-instituicoes-2026-09-01T144000.395.jpg\",\"contentUrl\":\"https:\\\/\\\/www.grupomedcof.com.br\\\/blog\\\/wp-content\\\/uploads\\\/2026\\\/09\\\/Modelo-instituicoes-2026-09-01T144000.395.jpg\",\"width\":1920,\"height\":1080,\"caption\":\"concurso taquarituba\"},{\"@type\":\"BreadcrumbList\",\"@id\":\"https:\\\/\\\/www.grupomedcof.com.br\\\/blog\\\/concurso-taquarituba-sp\\\/#breadcrumb\",\"itemListElement\":[{\"@type\":\"ListItem\",\"position\":1,\"name\":\"In\u00edcio\",\"item\":\"https:\\\/\\\/www.grupomedcof.com.br\\\/blog\\\/\"},{\"@type\":\"ListItem\",\"position\":2,\"name\":\"Concurso Taquarituba\\\/SP: vagas com sal\u00e1rios de at\u00e9 R$ 22.537,36\"}]},{\"@type\":\"WebSite\",\"@id\":\"https:\\\/\\\/www.grupomedcof.com.br\\\/blog\\\/#website\",\"url\":\"https:\\\/\\\/www.grupomedcof.com.br\\\/blog\\\/\",\"name\":\"Blog de Medcof: conte\u00fados, editais, revalida e mais!\",\"description\":\"Acesso o blog de MedCof! Seu portal de conte\u00fados sobre resid\u00eancia m\u00e9dica, an\u00e1lise e editais e muito mais. Clique e confira!\",\"publisher\":{\"@id\":\"https:\\\/\\\/www.grupomedcof.com.br\\\/blog\\\/#organization\"},\"alternateName\":\"Blog de Medcof: conte\u00fados, editais, revalida e mais!\",\"potentialAction\":[{\"@type\":\"SearchAction\",\"target\":{\"@type\":\"EntryPoint\",\"urlTemplate\":\"https:\\\/\\\/www.grupomedcof.com.br\\\/blog\\\/?s={search_term_string}\"},\"query-input\":{\"@type\":\"PropertyValueSpecification\",\"valueRequired\":true,\"valueName\":\"search_term_string\"}}],\"inLanguage\":\"pt-BR\"},{\"@type\":\"Organization\",\"@id\":\"https:\\\/\\\/www.grupomedcof.com.br\\\/blog\\\/#organization\",\"name\":\"Grupo MedCof\",\"url\":\"https:\\\/\\\/www.grupomedcof.com.br\\\/blog\\\/\",\"logo\":{\"@type\":\"ImageObject\",\"inLanguage\":\"pt-BR\",\"@id\":\"https:\\\/\\\/www.grupomedcof.com.br\\\/blog\\\/#\\\/schema\\\/logo\\\/image\\\/\",\"url\":\"https:\\\/\\\/www.grupomedcof.com.br\\\/blog\\\/wp-content\\\/uploads\\\/2022\\\/01\\\/logo-medcof.png\",\"contentUrl\":\"https:\\\/\\\/www.grupomedcof.com.br\\\/blog\\\/wp-content\\\/uploads\\\/2022\\\/01\\\/logo-medcof.png\",\"width\":768,\"height\":269,\"caption\":\"Grupo MedCof\"},\"image\":{\"@id\":\"https:\\\/\\\/www.grupomedcof.com.br\\\/blog\\\/#\\\/schema\\\/logo\\\/image\\\/\"},\"sameAs\":[\"https:\\\/\\\/www.facebook.com\\\/MedCofQbank\\\/\",\"https:\\\/\\\/www.instagram.com\\\/grupomedcof\\\/\",\"https:\\\/\\\/br.linkedin.com\\\/company\\\/medcof\",\"https:\\\/\\\/www.youtube.com\\\/channel\\\/UCdHMuOHKICxcHwecxN8P-AA\"]},{\"@type\":\"Person\",\"@id\":\"https:\\\/\\\/www.grupomedcof.com.br\\\/blog\\\/#\\\/schema\\\/person\\\/70ee71b33df3dbfed84fba8ce195cdc6\",\"name\":\"Nana N\u00f3brega - Jornalista\",\"pronouns\":\"ele\\\/ela\",\"image\":{\"@type\":\"ImageObject\",\"inLanguage\":\"pt-BR\",\"@id\":\"https:\\\/\\\/www.grupomedcof.com.br\\\/blog\\\/wp-content\\\/uploads\\\/2026\\\/03\\\/cropped-cropped-WhatsApp-Image-2026-03-19-at-09.30.33.jpega4f3600081af811f8cb877d267a26dad\",\"url\":\"https:\\\/\\\/www.grupomedcof.com.br\\\/blog\\\/wp-content\\\/uploads\\\/2026\\\/03\\\/cropped-cropped-WhatsApp-Image-2026-03-19-at-09.30.33.jpeg\",\"contentUrl\":\"https:\\\/\\\/www.grupomedcof.com.br\\\/blog\\\/wp-content\\\/uploads\\\/2026\\\/03\\\/cropped-cropped-WhatsApp-Image-2026-03-19-at-09.30.33.jpeg\",\"caption\":\"Nana N\u00f3brega - Jornalista\"},\"description\":\"Nana N\u00f3brega \u00e9 jornalista formada pela Universidade Estadual Paulista \\\"J\u00falio de Mesquita Filho\\\" (UNESP) e estudante de letras portugu\u00eas e lingu\u00edstica da Universidade de S\u00e3o Paulo (USP). Possui experi\u00eancia em sa\u00fade, educa\u00e7\u00e3o m\u00e9dica e acessibilidade. Na MedCof, atua na produ\u00e7\u00e3o de conte\u00fados sobre resid\u00eancia m\u00e9dica, concursos m\u00e9dicos, atualiza\u00e7\u00f5es e not\u00edcias da \u00e1rea da sa\u00fade.\",\"jobTitle\":\"jornalista\",\"url\":\"https:\\\/\\\/www.grupomedcof.com.br\\\/blog\\\/author\\\/nana\\\/\"}]}<\/script>\n<!-- \/ Yoast SEO Premium plugin. -->","yoast_head_json":{"title":"Concurso Taquarituba\/SP: vagas com sal\u00e1rios de at\u00e9 R$ 22.537,36 - Blog de Medcof: conte\u00fados, editais, revalida e mais!","description":"Inscri\u00e7\u00f5es pelo site do Instituto UNIQUE; oportunidades v\u00e3o do n\u00edvel fundamental ao superior em diversas \u00e1reas, incluindo sa\u00fade e educa\u00e7\u00e3o.","robots":{"index":"index","follow":"follow","max-snippet":"max-snippet:-1","max-image-preview":"max-image-preview:large","max-video-preview":"max-video-preview:-1"},"canonical":"https:\/\/www.grupomedcof.com.br\/blog\/concurso-taquarituba-sp\/","og_locale":"pt_BR","og_type":"article","og_title":"Concurso Taquarituba\/SP: vagas com sal\u00e1rios de at\u00e9 R$ 22.537,36","og_description":"Inscri\u00e7\u00f5es pelo site do Instituto UNIQUE; oportunidades v\u00e3o do n\u00edvel fundamental ao superior em diversas \u00e1reas, incluindo sa\u00fade e educa\u00e7\u00e3o.","og_url":"https:\/\/www.grupomedcof.com.br\/blog\/concurso-taquarituba-sp\/","og_site_name":"Blog de Medcof: conte\u00fados, editais, revalida e mais!","article_publisher":"https:\/\/www.facebook.com\/MedCofQbank\/","article_published_time":"2026-09-01T17:43:58+00:00","article_modified_time":"2026-09-01T17:44:01+00:00","og_image":[{"width":1920,"height":1080,"url":"https:\/\/www.grupomedcof.com.br\/blog\/wp-content\/uploads\/2026\/09\/Modelo-instituicoes-2026-09-01T144000.395.jpg","type":"image\/jpeg"}],"author":"Nana N\u00f3brega - Jornalista","twitter_card":"summary_large_image","twitter_misc":{"Escrito por":"Nana N\u00f3brega - Jornalista","Est. tempo de leitura":"10 minutos"},"schema":{"@context":"https:\/\/schema.org","@graph":[{"@type":"Article","@id":"https:\/\/www.grupomedcof.com.br\/blog\/concurso-taquarituba-sp\/#article","isPartOf":{"@id":"https:\/\/www.grupomedcof.com.br\/blog\/concurso-taquarituba-sp\/"},"author":{"name":"Nana N\u00f3brega - Jornalista","@id":"https:\/\/www.grupomedcof.com.br\/blog\/#\/schema\/person\/70ee71b33df3dbfed84fba8ce195cdc6"},"headline":"Concurso Taquarituba\/SP: vagas com sal\u00e1rios de at\u00e9 R$ 22.537,36","datePublished":"2026-09-01T17:43:58+00:00","dateModified":"2026-09-01T17:44:01+00:00","mainEntityOfPage":{"@id":"https:\/\/www.grupomedcof.com.br\/blog\/concurso-taquarituba-sp\/"},"wordCount":1619,"publisher":{"@id":"https:\/\/www.grupomedcof.com.br\/blog\/#organization"},"image":{"@id":"https:\/\/www.grupomedcof.com.br\/blog\/concurso-taquarituba-sp\/#primaryimage"},"thumbnailUrl":"https:\/\/www.grupomedcof.com.br\/blog\/wp-content\/uploads\/2026\/09\/Modelo-instituicoes-2026-09-01T144000.395.jpg","keywords":["concurso p\u00fablico","Edital","Especialidades m\u00e9dicas","Provas","S\u00e3o Paulo","SUS","Taquarituba"],"articleSection":["Carreira M\u00e9dica","Concurso P\u00fablico","Editais","SUS"],"inLanguage":"pt-BR"},{"@type":"WebPage","@id":"https:\/\/www.grupomedcof.com.br\/blog\/concurso-taquarituba-sp\/","url":"https:\/\/www.grupomedcof.com.br\/blog\/concurso-taquarituba-sp\/","name":"Concurso Taquarituba\/SP: vagas com sal\u00e1rios de at\u00e9 R$ 22.537,36 - Blog de Medcof: conte\u00fados, editais, revalida e mais!","isPartOf":{"@id":"https:\/\/www.grupomedcof.com.br\/blog\/#website"},"primaryImageOfPage":{"@id":"https:\/\/www.grupomedcof.com.br\/blog\/concurso-taquarituba-sp\/#primaryimage"},"image":{"@id":"https:\/\/www.grupomedcof.com.br\/blog\/concurso-taquarituba-sp\/#primaryimage"},"thumbnailUrl":"https:\/\/www.grupomedcof.com.br\/blog\/wp-content\/uploads\/2026\/09\/Modelo-instituicoes-2026-09-01T144000.395.jpg","datePublished":"2026-09-01T17:43:58+00:00","dateModified":"2026-09-01T17:44:01+00:00","description":"Inscri\u00e7\u00f5es pelo site do Instituto UNIQUE; oportunidades v\u00e3o do n\u00edvel fundamental ao superior em diversas \u00e1reas, incluindo sa\u00fade e educa\u00e7\u00e3o.","breadcrumb":{"@id":"https:\/\/www.grupomedcof.com.br\/blog\/concurso-taquarituba-sp\/#breadcrumb"},"inLanguage":"pt-BR","potentialAction":[{"@type":"ReadAction","target":["https:\/\/www.grupomedcof.com.br\/blog\/concurso-taquarituba-sp\/"]}]},{"@type":"ImageObject","inLanguage":"pt-BR","@id":"https:\/\/www.grupomedcof.com.br\/blog\/concurso-taquarituba-sp\/#primaryimage","url":"https:\/\/www.grupomedcof.com.br\/blog\/wp-content\/uploads\/2026\/09\/Modelo-instituicoes-2026-09-01T144000.395.jpg","contentUrl":"https:\/\/www.grupomedcof.com.br\/blog\/wp-content\/uploads\/2026\/09\/Modelo-instituicoes-2026-09-01T144000.395.jpg","width":1920,"height":1080,"caption":"concurso taquarituba"},{"@type":"BreadcrumbList","@id":"https:\/\/www.grupomedcof.com.br\/blog\/concurso-taquarituba-sp\/#breadcrumb","itemListElement":[{"@type":"ListItem","position":1,"name":"In\u00edcio","item":"https:\/\/www.grupomedcof.com.br\/blog\/"},{"@type":"ListItem","position":2,"name":"Concurso Taquarituba\/SP: vagas com sal\u00e1rios de at\u00e9 R$ 22.537,36"}]},{"@type":"WebSite","@id":"https:\/\/www.grupomedcof.com.br\/blog\/#website","url":"https:\/\/www.grupomedcof.com.br\/blog\/","name":"Blog de Medcof: conte\u00fados, editais, revalida e mais!","description":"Acesso o blog de MedCof! Seu portal de conte\u00fados sobre resid\u00eancia m\u00e9dica, an\u00e1lise e editais e muito mais. Clique e confira!","publisher":{"@id":"https:\/\/www.grupomedcof.com.br\/blog\/#organization"},"alternateName":"Blog de Medcof: conte\u00fados, editais, revalida e mais!","potentialAction":[{"@type":"SearchAction","target":{"@type":"EntryPoint","urlTemplate":"https:\/\/www.grupomedcof.com.br\/blog\/?s={search_term_string}"},"query-input":{"@type":"PropertyValueSpecification","valueRequired":true,"valueName":"search_term_string"}}],"inLanguage":"pt-BR"},{"@type":"Organization","@id":"https:\/\/www.grupomedcof.com.br\/blog\/#organization","name":"Grupo MedCof","url":"https:\/\/www.grupomedcof.com.br\/blog\/","logo":{"@type":"ImageObject","inLanguage":"pt-BR","@id":"https:\/\/www.grupomedcof.com.br\/blog\/#\/schema\/logo\/image\/","url":"https:\/\/www.grupomedcof.com.br\/blog\/wp-content\/uploads\/2022\/01\/logo-medcof.png","contentUrl":"https:\/\/www.grupomedcof.com.br\/blog\/wp-content\/uploads\/2022\/01\/logo-medcof.png","width":768,"height":269,"caption":"Grupo MedCof"},"image":{"@id":"https:\/\/www.grupomedcof.com.br\/blog\/#\/schema\/logo\/image\/"},"sameAs":["https:\/\/www.facebook.com\/MedCofQbank\/","https:\/\/www.instagram.com\/grupomedcof\/","https:\/\/br.linkedin.com\/company\/medcof","https:\/\/www.youtube.com\/channel\/UCdHMuOHKICxcHwecxN8P-AA"]},{"@type":"Person","@id":"https:\/\/www.grupomedcof.com.br\/blog\/#\/schema\/person\/70ee71b33df3dbfed84fba8ce195cdc6","name":"Nana N\u00f3brega - Jornalista","pronouns":"ele\/ela","image":{"@type":"ImageObject","inLanguage":"pt-BR","@id":"https:\/\/www.grupomedcof.com.br\/blog\/wp-content\/uploads\/2026\/03\/cropped-cropped-WhatsApp-Image-2026-03-19-at-09.30.33.jpega4f3600081af811f8cb877d267a26dad","url":"https:\/\/www.grupomedcof.com.br\/blog\/wp-content\/uploads\/2026\/03\/cropped-cropped-WhatsApp-Image-2026-03-19-at-09.30.33.jpeg","contentUrl":"https:\/\/www.grupomedcof.com.br\/blog\/wp-content\/uploads\/2026\/03\/cropped-cropped-WhatsApp-Image-2026-03-19-at-09.30.33.jpeg","caption":"Nana N\u00f3brega - Jornalista"},"description":"Nana N\u00f3brega \u00e9 jornalista formada pela Universidade Estadual Paulista \"J\u00falio de Mesquita Filho\" (UNESP) e estudante de letras portugu\u00eas e lingu\u00edstica da Universidade de S\u00e3o Paulo (USP). Possui experi\u00eancia em sa\u00fade, educa\u00e7\u00e3o m\u00e9dica e acessibilidade. Na MedCof, atua na produ\u00e7\u00e3o de conte\u00fados sobre resid\u00eancia m\u00e9dica, concursos m\u00e9dicos, atualiza\u00e7\u00f5es e not\u00edcias da \u00e1rea da sa\u00fade.","jobTitle":"jornalista","url":"https:\/\/www.grupomedcof.com.br\/blog\/author\/nana\/"}]}},"authors":[{"term_id":3629,"user_id":41,"is_guest":0,"slug":"nana","display_name":"Nana N\u00f3brega - Jornalista","avatar_url":{"url":"https:\/\/www.grupomedcof.com.br\/blog\/wp-content\/uploads\/2026\/03\/cropped-cropped-WhatsApp-Image-2026-03-19-at-09.30.33.jpeg","url2x":"https:\/\/www.grupomedcof.com.br\/blog\/wp-content\/uploads\/2026\/03\/cropped-cropped-WhatsApp-Image-2026-03-19-at-09.30.33.jpeg"},"0":null,"1":"","2":"","3":"","4":"","5":"","6":"","7":"","8":""}],"_links":{"self":[{"href":"https:\/\/www.grupomedcof.com.br\/blog\/wp-json\/wp\/v2\/posts\/48772","targetHints":{"allow":["GET"]}}],"collection":[{"href":"https:\/\/www.grupomedcof.com.br\/blog\/wp-json\/wp\/v2\/posts"}],"about":[{"href":"https:\/\/www.grupomedcof.com.br\/blog\/wp-json\/wp\/v2\/types\/post"}],"author":[{"embeddable":true,"href":"https:\/\/www.grupomedcof.com.br\/blog\/wp-json\/wp\/v2\/users\/41"}],"replies":[{"embeddable":true,"href":"https:\/\/www.grupomedcof.com.br\/blog\/wp-json\/wp\/v2\/comments?post=48772"}],"version-history":[{"count":2,"href":"https:\/\/www.grupomedcof.com.br\/blog\/wp-json\/wp\/v2\/posts\/48772\/revisions"}],"predecessor-version":[{"id":48778,"href":"https:\/\/www.grupomedcof.com.br\/blog\/wp-json\/wp\/v2\/posts\/48772\/revisions\/48778"}],"wp:featuredmedia":[{"embeddable":true,"href":"https:\/\/www.grupomedcof.com.br\/blog\/wp-json\/wp\/v2\/media\/48777"}],"wp:attachment":[{"href":"https:\/\/www.grupomedcof.com.br\/blog\/wp-json\/wp\/v2\/media?parent=48772"}],"wp:term":[{"taxonomy":"category","embeddable":true,"href":"https:\/\/www.grupomedcof.com.br\/blog\/wp-json\/wp\/v2\/categories?post=48772"},{"taxonomy":"post_tag","embeddable":true,"href":"https:\/\/www.grupomedcof.com.br\/blog\/wp-json\/wp\/v2\/tags?post=48772"},{"taxonomy":"author","embeddable":true,"href":"https:\/\/www.grupomedcof.com.br\/blog\/wp-json\/wp\/v2\/ppma_author?post=48772"}],"curies":[{"name":"wp","href":"https:\/\/api.w.org\/{rel}","templated":true}]}}