{"id":48811,"date":"2026-09-03T10:09:40","date_gmt":"2026-09-03T13:09:40","guid":{"rendered":"https:\/\/www.grupomedcof.com.br\/blog\/?p=48811"},"modified":"2026-09-03T10:26:05","modified_gmt":"2026-09-03T13:26:05","slug":"concurso-hospital-odilon-behrens-mg","status":"publish","type":"post","link":"https:\/\/www.grupomedcof.com.br\/blog\/concurso-hospital-odilon-behrens-mg\/","title":{"rendered":"Concurso Hospital Odilon Behrens\/MG: vagas de at\u00e9 R$ 7.397,55"},"content":{"rendered":"\n<figure class=\"wp-block-image size-large\"><img loading=\"lazy\" decoding=\"async\" width=\"1024\" height=\"576\" src=\"https:\/\/www.grupomedcof.com.br\/blog\/wp-content\/uploads\/2026\/09\/Modelo-instituicoes-2026-09-03T095846.738-1024x576.jpg\" alt=\"Concurso Hospital Odilon Behrens\" class=\"wp-image-48814\" srcset=\"https:\/\/www.grupomedcof.com.br\/blog\/wp-content\/uploads\/2026\/09\/Modelo-instituicoes-2026-09-03T095846.738-1024x576.jpg 1024w, https:\/\/www.grupomedcof.com.br\/blog\/wp-content\/uploads\/2026\/09\/Modelo-instituicoes-2026-09-03T095846.738-300x169.jpg 300w, https:\/\/www.grupomedcof.com.br\/blog\/wp-content\/uploads\/2026\/09\/Modelo-instituicoes-2026-09-03T095846.738-768x432.jpg 768w, https:\/\/www.grupomedcof.com.br\/blog\/wp-content\/uploads\/2026\/09\/Modelo-instituicoes-2026-09-03T095846.738-1536x864.jpg 1536w, https:\/\/www.grupomedcof.com.br\/blog\/wp-content\/uploads\/2026\/09\/Modelo-instituicoes-2026-09-03T095846.738-747x420.jpg 747w, https:\/\/www.grupomedcof.com.br\/blog\/wp-content\/uploads\/2026\/09\/Modelo-instituicoes-2026-09-03T095846.738-150x84.jpg 150w, https:\/\/www.grupomedcof.com.br\/blog\/wp-content\/uploads\/2026\/09\/Modelo-instituicoes-2026-09-03T095846.738-696x392.jpg 696w, https:\/\/www.grupomedcof.com.br\/blog\/wp-content\/uploads\/2026\/09\/Modelo-instituicoes-2026-09-03T095846.738-1068x601.jpg 1068w, https:\/\/www.grupomedcof.com.br\/blog\/wp-content\/uploads\/2026\/09\/Modelo-instituicoes-2026-09-03T095846.738.jpg 1920w\" sizes=\"auto, (max-width: 1024px) 100vw, 1024px\" \/><\/figure>\n\n\n\n<p class=\"wp-block-paragraph\">O <strong>concurso do<\/strong> <strong>Hospital Odilon Behrens<\/strong> <strong>em Belo Horizonte<\/strong> chegou com mais de 200 oportunidades para profissionais da sa\u00fade. O Hospital Metropolitano Odilon Behrens (HOB), unidade da Prefeitura de Belo Horizonte, publicou o Edital n\u00ba 01\/2026 para provimento de cargos p\u00fablicos no quadro de pessoal do Complexo Hospitalar Odilon Behrens \u2014 que inclui a sede, a UPA Noroeste (UPA-NO-HOB), a Unidade Hospital Dia Cir\u00fargico (UHDIA), a Unidade Hospital Nossa Senhora Aparecida (UHNSA) e a Casa da Gestante, Beb\u00ea e Pu\u00e9rpera.<\/p>\n\n\n\n<p class=\"wp-block-paragraph\">O certame oferece um total de 230 vagas distribu\u00eddas em dezenas de cargos e especialidades, com sal\u00e1rios que chegam a R$ 7.397,55 para diversos cargos m\u00e9dicos e para o Cirurgi\u00e3o Geral. O <strong>Instituto Brasileiro de Gest\u00e3o e Pesquisa (IBGP) <\/strong>organiza e executa todo o processo seletivo. A institui\u00e7\u00e3o realiza a aplica\u00e7\u00e3o das provas na cidade de Belo Horizonte.<\/p>\n\n\n\n<figure class=\"wp-block-image is-resized\"><a href=\"https:\/\/concursus.grupomedcof.com.br\/extensivo-concursus?clientId=&amp;utm_campaign=outros-continua-awareness-topo&amp;utm_medium=conteudo&amp;utm_source=blog#https:\/\/concursus.grupomedcof.com.br\/\" target=\"_blank\" rel=\"noopener\"><img loading=\"lazy\" decoding=\"async\" width=\"1024\" height=\"320\" src=\"https:\/\/www.grupomedcof.com.br\/blog\/wp-content\/uploads\/2026\/07\/Banner-MedCof-Plus-2200x460-5-1024x320.png\" alt=\"banner concursus\" class=\"wp-image-46770\" style=\"aspect-ratio:3.2;width:1024px;height:auto\" srcset=\"https:\/\/www.grupomedcof.com.br\/blog\/wp-content\/uploads\/2026\/07\/Banner-MedCof-Plus-2200x460-5-1024x320.png 1024w, https:\/\/www.grupomedcof.com.br\/blog\/wp-content\/uploads\/2026\/07\/Banner-MedCof-Plus-2200x460-5-300x94.png 300w, https:\/\/www.grupomedcof.com.br\/blog\/wp-content\/uploads\/2026\/07\/Banner-MedCof-Plus-2200x460-5-768x240.png 768w, https:\/\/www.grupomedcof.com.br\/blog\/wp-content\/uploads\/2026\/07\/Banner-MedCof-Plus-2200x460-5-1536x480.png 1536w, https:\/\/www.grupomedcof.com.br\/blog\/wp-content\/uploads\/2026\/07\/Banner-MedCof-Plus-2200x460-5-1344x420.png 1344w, https:\/\/www.grupomedcof.com.br\/blog\/wp-content\/uploads\/2026\/07\/Banner-MedCof-Plus-2200x460-5-150x47.png 150w, https:\/\/www.grupomedcof.com.br\/blog\/wp-content\/uploads\/2026\/07\/Banner-MedCof-Plus-2200x460-5-696x218.png 696w, https:\/\/www.grupomedcof.com.br\/blog\/wp-content\/uploads\/2026\/07\/Banner-MedCof-Plus-2200x460-5-1068x334.png 1068w, https:\/\/www.grupomedcof.com.br\/blog\/wp-content\/uploads\/2026\/07\/Banner-MedCof-Plus-2200x460-5.png 1600w\" sizes=\"auto, (max-width: 1024px) 100vw, 1024px\" \/><\/a><\/figure>\n\n\n\n<h2 id=\"h-quais-sao-as-vagas-disponiveis-no-concurso-em-belo-horizonte\" class=\"wp-block-heading\"><strong>Quais s\u00e3o as vagas dispon\u00edveis no concurso em Belo Horizonte?<\/strong><\/h2>\n\n\n\n<p class=\"wp-block-paragraph\">O edital contempla vagas de provimento imediato e cadastro reserva, do n\u00edvel m\u00e9dio\/t\u00e9cnico ao superior, distribu\u00eddas nas \u00e1reas de administra\u00e7\u00e3o, t\u00e9cnica de sa\u00fade, enfermagem, odontologia, medicina e demais categorias assistenciais. Do total de <strong>230 vagas, 174 s\u00e3o de ampla concorr\u00eancia, 20 reservadas a Pessoas com Defici\u00eancia (PcD) e 36 a Pessoas Negras<\/strong>. Confira abaixo a rela\u00e7\u00e3o de cargos por n\u00edvel de escolaridade:<\/p>\n\n\n\n<h3 id=\"h-superior-completo-com-especializacao\" class=\"wp-block-heading\"><strong>Superior Completo com Especializa\u00e7\u00e3o<\/strong><\/h3>\n\n\n\n<figure class=\"wp-block-table\"><table class=\"has-fixed-layout\"><tbody><tr><td><strong>Cargo<\/strong><\/td><td><strong>Vagas<\/strong><\/td><td><strong>Carga Hor\u00e1ria<\/strong><\/td><td><strong>Sal\u00e1rio<\/strong><\/td><\/tr><tr><td>Cirurgi\u00e3o Dentista B \u2014 Disfun\u00e7\u00e3o Temporomandibular e Dor Orofacial<\/td><td>1<\/td><td>24h semanais<\/td><td>R$ 4.622,47<\/td><\/tr><tr><td>Cirurgi\u00e3o Dentista B \u2014 Especialista em Odontologia Hospitalar<\/td><td>1<\/td><td>24h semanais<\/td><td>R$ 4.622,47<\/td><\/tr><tr><td>Enfermeiro B \u2014 Obstetra<\/td><td>1<\/td><td>30h semanais<\/td><td>R$ 4.684,31<\/td><\/tr><tr><td>Enfermeiro B \u2014 do Trabalho<\/td><td>1<\/td><td>30h semanais<\/td><td>R$ 4.684,31<\/td><\/tr><tr><td><a href=\"https:\/\/www.grupomedcof.com.br\/blog\/as-melhores-residencias-em-anestesiologia\/\" data-type=\"post\" data-id=\"32631\" target=\"_blank\" rel=\"noreferrer noopener\">M\u00e9dico B \u2014 Anestesiologista<\/a><\/td><td>44<\/td><td>12h semanais<\/td><td>R$ 3.698,78<\/td><\/tr><tr><td><a href=\"https:\/\/www.grupomedcof.com.br\/blog\/preparatorio-cirurgia-geral\/\" data-type=\"post\" data-id=\"47065\" target=\"_blank\" rel=\"noreferrer noopener\">M\u00e9dico B \u2014 Cirurgi\u00e3o Geral<\/a><\/td><td>4<\/td><td>24h semanais<\/td><td>R$ 7.397,55<\/td><\/tr><tr><td><a href=\"https:\/\/www.grupomedcof.com.br\/blog\/cirurgia-pediatrica-veja-como-e-a-residencia\/\" data-type=\"post\" data-id=\"2499\" target=\"_blank\" rel=\"noreferrer noopener\">M\u00e9dico B \u2014 Cirurgi\u00e3o Pedi\u00e1trico<\/a><\/td><td>2<\/td><td>12h semanais<\/td><td>R$ 3.698,78<\/td><\/tr><tr><td><a href=\"https:\/\/www.grupomedcof.com.br\/blog\/cirurgia-dicas-sobre-enxertos-na-pratica-medica\/\" data-type=\"post\" data-id=\"28888\" target=\"_blank\" rel=\"noreferrer noopener\">M\u00e9dico B \u2014 Cirurgi\u00e3o Pl\u00e1stico<\/a><\/td><td>2<\/td><td>12h semanais<\/td><td>R$ 3.698,78<\/td><\/tr><tr><td><a href=\"https:\/\/www.grupomedcof.com.br\/blog\/curiosidades-sobre-pos-operatorio-da-cirurgia-cardiaca\/\" data-type=\"post\" data-id=\"30420\">M\u00e9dico B \u2014 Cirurgi\u00e3o T<\/a><a href=\"https:\/\/www.grupomedcof.com.br\/blog\/curiosidades-sobre-pos-operatorio-da-cirurgia-cardiaca\/\" data-type=\"post\" data-id=\"30420\" target=\"_blank\" rel=\"noreferrer noopener\">o<\/a><a href=\"https:\/\/www.grupomedcof.com.br\/blog\/curiosidades-sobre-pos-operatorio-da-cirurgia-cardiaca\/\" data-type=\"post\" data-id=\"30420\">r\u00e1cico<\/a><\/td><td>2<\/td><td>12h semanais<\/td><td>R$ 3.698,78<\/td><\/tr><tr><td><a href=\"https:\/\/www.grupomedcof.com.br\/blog\/cirurgia-vascular\/\" data-type=\"post\" data-id=\"34089\" target=\"_blank\" rel=\"noreferrer noopener\">M\u00e9dico B \u2014 Cirurgi\u00e3o Vascular<\/a><\/td><td>2<\/td><td>12h semanais<\/td><td>R$ 3.698,78<\/td><\/tr><tr><td><a href=\"https:\/\/www.grupomedcof.com.br\/blog\/quanto-ganha-um-clinico-geral\/\" data-type=\"post\" data-id=\"44462\" target=\"_blank\" rel=\"noreferrer noopener\">M\u00e9dico B \u2014 Cl\u00ednico Geral<\/a><\/td><td>46<\/td><td>24h semanais<\/td><td>R$ 7.397,55<\/td><\/tr><tr><td><a href=\"https:\/\/www.grupomedcof.com.br\/blog\/guia-geral-sobre-medicina-legal-e-do-trabalho\/\" data-type=\"post\" data-id=\"28727\" target=\"_blank\" rel=\"noreferrer noopener\">M\u00e9dico B \u2014 do Trabalho<\/a><\/td><td>1<\/td><td>24h semanais<\/td><td>R$ 7.397,55<\/td><\/tr><tr><td><a href=\"https:\/\/www.grupomedcof.com.br\/blog\/residencia-em-cardiologia-como-funciona-quanto-ganha-e-onde-estudar\/\" data-type=\"post\" data-id=\"2444\" target=\"_blank\" rel=\"noreferrer noopener\">M\u00e9dico B \u2014 Ecocardiografista<\/a><\/td><td>2<\/td><td>12h semanais<\/td><td>R$ 3.698,78<\/td><\/tr><tr><td><a href=\"https:\/\/www.grupomedcof.com.br\/blog\/medicina-de-emergencia-residencia-salario-e-mais\/\" data-type=\"post\" data-id=\"2457\" target=\"_blank\" rel=\"noreferrer noopener\">M\u00e9dico B \u2014 Emergencista<\/a><\/td><td>15<\/td><td>24h semanais<\/td><td>R$ 7.397,55<\/td><\/tr><tr><td><a href=\"https:\/\/www.grupomedcof.com.br\/blog\/medicina-de-emergencia-residencia-salario-e-mais\/\" data-type=\"post\" data-id=\"2457\" target=\"_blank\" rel=\"noreferrer noopener\">M\u00e9dico B \u2014 Emergencista Pedi\u00e1trico<\/a><\/td><td>1<\/td><td>24h semanais<\/td><td>R$ 7.397,55<\/td><\/tr><tr><td><a href=\"https:\/\/www.grupomedcof.com.br\/blog\/endoscopia\/\" data-type=\"post\" data-id=\"33018\" target=\"_blank\" rel=\"noreferrer noopener\">M\u00e9dico B \u2014 Endoscopista<\/a><\/td><td>4<\/td><td>12h semanais<\/td><td>R$ 3.698,78<\/td><\/tr><tr><td><a href=\"https:\/\/www.grupomedcof.com.br\/blog\/residencias-de-ginecologia-e-obstetricia-pelo-brasil\/\" data-type=\"post\" data-id=\"35132\" target=\"_blank\" rel=\"noreferrer noopener\">M\u00e9dico B \u2014 Ginecologista Obstetra<\/a><\/td><td>1<\/td><td>24h semanais<\/td><td>R$ 7.397,55<\/td><\/tr><tr><td><a href=\"https:\/\/www.grupomedcof.com.br\/blog\/hematologia\/\" data-type=\"post\" data-id=\"33685\" target=\"_blank\" rel=\"noreferrer noopener\">M\u00e9dico B \u2014 Hematologista<\/a><\/td><td>1<\/td><td>24h semanais<\/td><td>R$ 7.397,55<\/td><\/tr><tr><td><a href=\"https:\/\/www.grupomedcof.com.br\/blog\/residencia-em-medicina-intensiva\/\" data-type=\"post\" data-id=\"41803\" target=\"_blank\" rel=\"noreferrer noopener\">M\u00e9dico B \u2014 Intensivista<\/a><\/td><td>16<\/td><td>24h semanais<\/td><td>R$ 7.397,55<\/td><\/tr><tr><td><a href=\"https:\/\/www.grupomedcof.com.br\/blog\/medicina-intensiva\/\" data-type=\"post\" data-id=\"34830\" target=\"_blank\" rel=\"noreferrer noopener\">M\u00e9dico B \u2014 Intensivista Pedi\u00e1trico<\/a><\/td><td>2<\/td><td>12h semanais<\/td><td>R$ 3.698,78<\/td><\/tr><tr><td><a href=\"https:\/\/www.grupomedcof.com.br\/blog\/neonatologia\/\" data-type=\"post\" data-id=\"33810\" target=\"_blank\" rel=\"noreferrer noopener\">M\u00e9dico B \u2014 Neonatologista<\/a><\/td><td>2<\/td><td>12h semanais<\/td><td>R$ 3.698,78<\/td><\/tr><tr><td><a href=\"https:\/\/www.grupomedcof.com.br\/blog\/quanto-ganha-um-neurocirurgiao\/\" data-type=\"post\" data-id=\"48665\" target=\"_blank\" rel=\"noreferrer noopener\">M\u00e9dico B \u2014 Neurocirurgi\u00e3o<\/a><\/td><td>12<\/td><td>12h semanais<\/td><td>R$ 3.698,78<\/td><\/tr><tr><td><a href=\"https:\/\/www.grupomedcof.com.br\/blog\/curiosidades-sobre-residencia-em-neurologia\/\" data-type=\"post\" data-id=\"27552\" target=\"_blank\" rel=\"noreferrer noopener\">M\u00e9dico B \u2014 Neurologista<\/a><\/td><td>6<\/td><td>12h semanais<\/td><td>R$ 3.698,78<\/td><\/tr><tr><td>M\u00e9dico B \u2014 Neuropediatra<\/td><td>2<\/td><td>12h semanais<\/td><td>R$ 3.698,78<\/td><\/tr><tr><td><a href=\"https:\/\/www.grupomedcof.com.br\/blog\/residencia-em-nutrologia\/\" data-type=\"post\" data-id=\"41819\" target=\"_blank\" rel=\"noreferrer noopener\">M\u00e9dico B \u2014 Nutr\u00f3logo<\/a><\/td><td>1<\/td><td>24h semanais<\/td><td>R$ 7.397,55<\/td><\/tr><tr><td><a href=\"https:\/\/www.grupomedcof.com.br\/blog\/traumatologia-na-ortopedia-classificacao-do-trauma\/\" data-type=\"post\" data-id=\"31845\" target=\"_blank\" rel=\"noreferrer noopener\">M\u00e9dico B \u2014 Ortopedista<\/a><\/td><td>1<\/td><td>24h semanais<\/td><td>R$ 7.397,55<\/td><\/tr><tr><td><a href=\"https:\/\/www.grupomedcof.com.br\/blog\/otorrinolaringologia\/\" data-type=\"post\" data-id=\"33021\" target=\"_blank\" rel=\"noreferrer noopener\">M\u00e9dico B \u2014 Otorrinolaringologista (Ouvido e Mast\u00f3ide)<\/a><\/td><td>4<\/td><td>12h semanais<\/td><td>R$ 3.698,78<\/td><\/tr><tr><td><a href=\"https:\/\/www.grupomedcof.com.br\/blog\/oncopediatria-no-plantao-decifrando-sinais-de-alerta\/\" data-type=\"post\" data-id=\"41401\" target=\"_blank\" rel=\"noreferrer noopener\">M\u00e9dico B \u2014 Pediatra<\/a><\/td><td>1<\/td><td>24h semanais<\/td><td>R$ 7.397,55<\/td><\/tr><tr><td><a href=\"https:\/\/www.grupomedcof.com.br\/blog\/psiquiatria\/\" data-type=\"post\" data-id=\"33688\" target=\"_blank\" rel=\"noreferrer noopener\">M\u00e9dico B \u2014 Psiquiatra Adulto<\/a><\/td><td>1<\/td><td>24h semanais<\/td><td>R$ 7.397,55<\/td><\/tr><tr><td><a href=\"https:\/\/www.grupomedcof.com.br\/blog\/residencias-de-psiquiatria-mais-requisitadas-na-regiao-sudeste\/\" data-type=\"post\" data-id=\"34755\" target=\"_blank\" rel=\"noreferrer noopener\">M\u00e9dico B \u2014 Psiquiatra Infantil<\/a><\/td><td>2<\/td><td>12h semanais<\/td><td>R$ 3.698,78<\/td><\/tr><tr><td><a href=\"https:\/\/www.grupomedcof.com.br\/blog\/inteligencia-artificial-na-radiologia\/\" data-type=\"post\" data-id=\"38092\" target=\"_blank\" rel=\"noreferrer noopener\">M\u00e9dico B \u2014 Radiologista<\/a><\/td><td>3<\/td><td>24h semanais<\/td><td>R$ 7.397,55<\/td><\/tr><tr><td><a href=\"https:\/\/www.grupomedcof.com.br\/blog\/ultrassonografia-geral\/\" data-type=\"post\" data-id=\"44864\" target=\"_blank\" rel=\"noreferrer noopener\">M\u00e9dico B \u2014 Ultrassonografista<\/a><\/td><td>6<\/td><td>12h semanais<\/td><td>R$ 3.698,78<\/td><\/tr><tr><td><a href=\"https:\/\/www.grupomedcof.com.br\/blog\/ultrassonografia-geral\/\" data-type=\"post\" data-id=\"44864\" target=\"_blank\" rel=\"noreferrer noopener\">M\u00e9dico B \u2014 Ultrassonografista em Ginecologia e Obstetr\u00edcia<\/a><\/td><td>2<\/td><td>12h semanais<\/td><td>R$ 3.698,78<\/td><\/tr><tr><td><a href=\"https:\/\/www.grupomedcof.com.br\/blog\/edital-residencia-medica-iun-urologia\/\" data-type=\"post\" data-id=\"30975\" target=\"_blank\" rel=\"noreferrer noopener\">M\u00e9dico B \u2014 Urologista<\/a><\/td><td>2<\/td><td>12h semanais<\/td><td>R$ 3.698,78<\/td><\/tr><tr><td>Fisioterapeuta Respirat\u00f3rio 24 horas<\/td><td>1<\/td><td>24h semanais<\/td><td>R$ 3.747,45<\/td><\/tr><tr><td>Fisioterapeuta Respirat\u00f3rio 30 horas<\/td><td>1<\/td><td>30h semanais<\/td><td>R$ 4.684,31<\/td><\/tr><tr><td>Fisioterapeuta Sa\u00fade da Mulher<\/td><td>1<\/td><td>30h semanais<\/td><td>R$ 4.684,31<\/td><\/tr><tr><td>Fonoaudi\u00f3logo Hospitalar<\/td><td>1<\/td><td>30h semanais<\/td><td>R$ 4.684,31<\/td><\/tr><\/tbody><\/table><\/figure>\n\n\n\n<h3 id=\"h-nivel-medio-tecnico-completo\" class=\"wp-block-heading\"><strong>N\u00edvel M\u00e9dio \/ T\u00e9cnico Completo<\/strong><\/h3>\n\n\n\n<figure class=\"wp-block-table\"><table class=\"has-fixed-layout\"><tbody><tr><td><strong>Cargo<\/strong><\/td><td><strong>Vagas<\/strong><\/td><td><strong>Carga Hor\u00e1ria<\/strong><\/td><td><strong>Sal\u00e1rio<\/strong><\/td><\/tr><tr><td>T\u00e9cnico em Administra\u00e7\u00e3o<\/td><td>2<\/td><td>40h semanais<\/td><td>R$ 2.969,60<\/td><\/tr><tr><td>T\u00e9cnico em Eletr\u00f4nica<\/td><td>1<\/td><td>40h semanais<\/td><td>R$ 2.969,60<\/td><\/tr><tr><td>T\u00e9cnico em Enfermagem<\/td><td>10<\/td><td>30h semanais<\/td><td>R$ 2.003,25<\/td><\/tr><tr><td>T\u00e9cnico em Nutri\u00e7\u00e3o<\/td><td>5<\/td><td>30h semanais<\/td><td>R$ 2.003,25<\/td><\/tr><tr><td>T\u00e9cnico em Patologia Cl\u00ednica<\/td><td>1<\/td><td>30h semanais<\/td><td>R$ 2.003,25<\/td><\/tr><tr><td>T\u00e9cnico em Radiologia<\/td><td>1<\/td><td>24h semanais<\/td><td>R$ 2.003,25<\/td><\/tr><\/tbody><\/table><\/figure>\n\n\n\n<h3 id=\"h-superior-completo\" class=\"wp-block-heading\"><strong>Superior Completo<\/strong><\/h3>\n\n\n\n<figure class=\"wp-block-table\"><table class=\"has-fixed-layout\"><tbody><tr><td><strong>Cargo<\/strong><\/td><td><strong>Vagas<\/strong><\/td><td><strong>Carga Hor\u00e1ria<\/strong><\/td><td><strong>Sal\u00e1rio<\/strong><\/td><\/tr><tr><td>Cirurgi\u00e3o Dentista Cl\u00ednico Geral<\/td><td>3<\/td><td>24h semanais<\/td><td>R$ 4.402,35<\/td><\/tr><tr><td>Enfermeiro 24 horas<\/td><td>1<\/td><td>24h semanais<\/td><td>R$ 3.569,00<\/td><\/tr><tr><td>Enfermeiro 30 horas<\/td><td>1<\/td><td>30h semanais<\/td><td>R$ 4.461,25<\/td><\/tr><tr><td>Assistente Social<\/td><td>1<\/td><td>30h semanais<\/td><td>R$ 4.461,25<\/td><\/tr><tr><td>Farmac\u00eautico<\/td><td>1<\/td><td>30h semanais<\/td><td>R$ 4.461,25<\/td><\/tr><tr><td>Farmac\u00eautico Bioqu\u00edmico<\/td><td>1<\/td><td>30h semanais<\/td><td>R$ 4.461,25<\/td><\/tr><tr><td>Fisioterapeuta<\/td><td>1<\/td><td>30h semanais<\/td><td>R$ 4.461,25<\/td><\/tr><tr><td>Nutricionista<\/td><td>1<\/td><td>30h semanais<\/td><td>R$ 4.461,25<\/td><\/tr><tr><td>Psic\u00f3logo<\/td><td>1<\/td><td>30h semanais<\/td><td>R$ 4.461,25<\/td><\/tr><tr><td>Terapeuta Ocupacional<\/td><td>1<\/td><td>30h semanais<\/td><td>R$ 4.461,25<\/td><\/tr><\/tbody><\/table><\/figure>\n\n\n\n<p class=\"wp-block-paragraph\">A institui\u00e7\u00e3o assegura o pagamento do piso salarial aos profissionais da Enfermagem. A remunera\u00e7\u00e3o segue os valores fixados pela Lei Federal n\u00ba 14.434\/2022 para cada categoria.<\/p>\n\n\n\n<p class=\"wp-block-paragraph\">Os maiores volumes de vagas concentram-se em M\u00e9dico B \u2014 Cl\u00ednico Geral (46), M\u00e9dico B \u2014 Anestesiologista (44), M\u00e9dico B \u2014 Intensivista (16) e M\u00e9dico B \u2014 Emergencista (15). Todos os cargos exigem, al\u00e9m da escolaridade e habilita\u00e7\u00e3o legal, o registro no respectivo Conselho de Classe, e os cargos m\u00e9dicos exigem certificado de conclus\u00e3o de resid\u00eancia m\u00e9dica na especialidade ou t\u00edtulo de especialista reconhecido pela Associa\u00e7\u00e3o M\u00e9dica Brasileira, com registro do RQE.<\/p>\n\n\n\n<h2 id=\"h-como-se-inscrever-no-concurso\" class=\"wp-block-heading\"><strong>Como se inscrever no concurso?<\/strong><\/h2>\n\n\n\n<p class=\"wp-block-paragraph\">As inscri\u00e7\u00f5es acontecem exclusivamente pela internet, <strong>no per\u00edodo das 9h do dia 09\/09\/2026 \u00e0s 16h do dia 08\/10\/2026,<\/strong> pelo site <a href=\"http:\/\/www.ibgpconcursos.com.br\">www.ibgpconcursos.com.br<\/a>. A taxa de inscri\u00e7\u00e3o varia conforme o n\u00edvel do cargo:<\/p>\n\n\n\n<figure class=\"wp-block-table\"><table class=\"has-fixed-layout\"><tbody><tr><td><strong>N\u00edvel de Escolaridade<\/strong><\/td><td><strong>Taxa<\/strong><\/td><\/tr><tr><td>T\u00e9cnico de Servi\u00e7o de Sa\u00fade \/ T\u00e9cnico de N\u00edvel M\u00e9dio<\/td><td>R$ 80,00<\/td><\/tr><tr><td>T\u00e9cnico Superior de Sa\u00fade \/ Enfermeiro e Cirurgi\u00e3o Dentista<\/td><td>R$ 110,00<\/td><\/tr><tr><td>M\u00e9dico<\/td><td>R$ 140,00<\/td><\/tr><\/tbody><\/table><\/figure>\n\n\n\n<p class=\"wp-block-paragraph\">O candidato pode solicitar a isen\u00e7\u00e3o da taxa entre os dias 09\/09\/2026 e 11\/09\/2026. A banca concede o benef\u00edcio a inscritos no <strong>Cad\u00danico com NIS v\u00e1lido, cidad\u00e3os desempregados ou pessoas em situa\u00e7\u00e3o de insufici\u00eancia econ\u00f4mica<\/strong>, nos termos da Lei Municipal n\u00ba 18.369\/2023. O resultado preliminar da isen\u00e7\u00e3o sai em 21\/09\/2026.<\/p>\n\n\n\n<p class=\"wp-block-paragraph\">Vale lembrar que a inscri\u00e7\u00e3o s\u00f3 se concretiza ap\u00f3s a confirma\u00e7\u00e3o do pagamento, e o candidato poder\u00e1 realizar somente uma inscri\u00e7\u00e3o neste concurso p\u00fablico \u2014 <strong>havendo mais de uma, prevalecer\u00e1 a \u00faltima.<\/strong><\/p>\n\n\n\n<h2 id=\"h-como-vai-funcionar-o-concurso-do-hospital-odilon-behrens\" class=\"wp-block-heading\"><strong>Como vai funcionar o concurso do Hospital Odilon Behrens?<\/strong><\/h2>\n\n\n\n<p class=\"wp-block-paragraph\">O certame ser\u00e1 composto por <strong>Prova Objetiva de M\u00faltipla Escolha (para todos os cargos) e Prova de T\u00edtulos (para os cargos de T\u00e9cnico de Servi\u00e7os de Sa\u00fade e de n\u00edvel superior).<\/strong> H\u00e1 ainda Per\u00edcia M\u00e9dica e Avalia\u00e7\u00e3o Biopsicossocial para candidatos PcD e Procedimento de Heteroidentifica\u00e7\u00e3o para candidatos negros.<\/p>\n\n\n\n<h3 id=\"h-prova-objetiva\" class=\"wp-block-heading\"><strong>Prova Objetiva<\/strong><\/h3>\n\n\n\n<p class=\"wp-block-paragraph\">A prova ter\u00e1 dura\u00e7\u00e3o de 3 horas e ser\u00e1 composta por 50 quest\u00f5es de m\u00faltipla escolha, com 4 alternativas cada, distribu\u00eddas da seguinte forma:<\/p>\n\n\n\n<figure class=\"wp-block-table\"><table class=\"has-fixed-layout\"><tbody><tr><td><strong>\u00c1rea de Conhecimento<\/strong><\/td><td><strong>N\u00ba de Quest\u00f5es<\/strong><\/td><td><strong>Peso<\/strong><\/td><\/tr><tr><td>L\u00edngua Portuguesa<\/td><td>10<\/td><td>2<\/td><\/tr><tr><td>Pol\u00edticas de Sa\u00fade P\u00fablica<\/td><td>10<\/td><td>2<\/td><\/tr><tr><td>Conhecimentos Espec\u00edficos<\/td><td>30<\/td><td>2<\/td><\/tr><\/tbody><\/table><\/figure>\n\n\n\n<p class=\"wp-block-paragraph\">A prova totaliza 100 pontos. Para ser aprovado, o candidato precisa atingir no m\u00ednimo 60% do total de pontos atribu\u00eddos \u00e0 prova objetiva.<\/p>\n\n\n\n<h3 id=\"h-prova-de-titulos\" class=\"wp-block-heading\"><strong>Prova de T\u00edtulos<\/strong><\/h3>\n\n\n\n<p class=\"wp-block-paragraph\">A Prova de T\u00edtulos tem car\u00e1ter classificat\u00f3rio e valer\u00e1 at\u00e9 10 pontos. A banca pontua a experi\u00eancia profissional para os cargos de T\u00e9cnico de Servi\u00e7os de Sa\u00fade, avaliando a forma\u00e7\u00e3o acad\u00eamica e a experi\u00eancia para as fun\u00e7\u00f5es de n\u00edvel superior. O candidato que n\u00e3o apresentar t\u00edtulos recebe nota zero na etapa, mas permanece na disputa do concurso.<\/p>\n\n\n\n<figure class=\"wp-block-image is-resized\"><a href=\"https:\/\/www.instagram.com\/concursus.medcof\/?clientId=#https:\/\/www.instagram.com\/\" target=\"_blank\" rel=\"noopener\"><img loading=\"lazy\" decoding=\"async\" width=\"1024\" height=\"320\" src=\"https:\/\/www.grupomedcof.com.br\/blog\/wp-content\/uploads\/2026\/07\/Banner-MedCof-Plus-2200x460-6-1024x320.png\" alt=\"banner concursus\" class=\"wp-image-46769\" style=\"aspect-ratio:3.2;width:1024px;height:auto\" srcset=\"https:\/\/www.grupomedcof.com.br\/blog\/wp-content\/uploads\/2026\/07\/Banner-MedCof-Plus-2200x460-6-1024x320.png 1024w, https:\/\/www.grupomedcof.com.br\/blog\/wp-content\/uploads\/2026\/07\/Banner-MedCof-Plus-2200x460-6-300x94.png 300w, https:\/\/www.grupomedcof.com.br\/blog\/wp-content\/uploads\/2026\/07\/Banner-MedCof-Plus-2200x460-6-768x240.png 768w, https:\/\/www.grupomedcof.com.br\/blog\/wp-content\/uploads\/2026\/07\/Banner-MedCof-Plus-2200x460-6-1536x480.png 1536w, https:\/\/www.grupomedcof.com.br\/blog\/wp-content\/uploads\/2026\/07\/Banner-MedCof-Plus-2200x460-6-1344x420.png 1344w, https:\/\/www.grupomedcof.com.br\/blog\/wp-content\/uploads\/2026\/07\/Banner-MedCof-Plus-2200x460-6-150x47.png 150w, https:\/\/www.grupomedcof.com.br\/blog\/wp-content\/uploads\/2026\/07\/Banner-MedCof-Plus-2200x460-6-696x218.png 696w, https:\/\/www.grupomedcof.com.br\/blog\/wp-content\/uploads\/2026\/07\/Banner-MedCof-Plus-2200x460-6-1068x334.png 1068w, https:\/\/www.grupomedcof.com.br\/blog\/wp-content\/uploads\/2026\/07\/Banner-MedCof-Plus-2200x460-6.png 1600w\" sizes=\"auto, (max-width: 1024px) 100vw, 1024px\" \/><\/a><\/figure>\n\n\n\n<h2 id=\"h-vagas-para-pessoas-com-deficiencia-e-pessoas-negras\" class=\"wp-block-heading\"><strong>Vagas para Pessoas com Defici\u00eancia e Pessoas Negras<\/strong><\/h2>\n\n\n\n<p class=\"wp-block-paragraph\">O concurso em Belo Horizonte reserva, no m\u00ednimo, <strong>10% das vagas de cada cargo para candidatos com defici\u00eancia (totalizando 20 vagas)<\/strong>, conforme o art. 113 da Lei Municipal n\u00ba 11.416\/2022. Para concorrer nessa condi\u00e7\u00e3o, o candidato deve declarar a defici\u00eancia no ato da inscri\u00e7\u00e3o e enviar, pelo site do IBGP dentro do per\u00edodo de inscri\u00e7\u00f5es, laudo m\u00e9dico conforme o Anexo VI \u2014 emitido por m\u00e9dico especialista na \u00e1rea da defici\u00eancia, com CRM e RQE.<\/p>\n\n\n\n<p class=\"wp-block-paragraph\">S\u00e3o tamb\u00e9m reservadas <strong>20% das vagas \u00e0s Pessoas Negras (pretas ou pardas), totalizando 36 vagas,<\/strong> conforme a Lei Municipal n\u00ba 10.924\/2016, mediante autodeclara\u00e7\u00e3o no ato da inscri\u00e7\u00e3o. Os candidatos autodeclarados aprovados ser\u00e3o convocados para o Procedimento de Heteroidentifica\u00e7\u00e3o, presencial, em Belo Horizonte.<\/p>\n\n\n\n<h2 id=\"h-cronograma-completo-do-concurso-hospital-odilon-behrens\" class=\"wp-block-heading\"><strong>Cronograma completo do concurso Hospital Odilon Behrens<\/strong><\/h2>\n\n\n\n<figure class=\"wp-block-table\"><table class=\"has-fixed-layout\"><tbody><tr><td><strong>Evento<\/strong><\/td><td><strong>Data<\/strong><\/td><\/tr><tr><td>Publica\u00e7\u00e3o do Edital<\/td><td>07\/07\/2026<\/td><\/tr><tr><td>Per\u00edodo de Solicita\u00e7\u00e3o de Isen\u00e7\u00e3o<\/td><td>09\/09 a 11\/09\/2026<\/td><\/tr><tr><td><strong>Per\u00edodo de Inscri\u00e7\u00f5es \/ PcD \/ Negros \/ Condi\u00e7\u00e3o Especial \/ Laudos<\/strong><\/td><td><strong>09\/09 a 08\/10\/2026<\/strong><\/td><\/tr><tr><td>Resultado preliminar da Isen\u00e7\u00e3o<\/td><td>21\/09\/2026<\/td><\/tr><tr><td>Resultado p\u00f3s-recurso da Isen\u00e7\u00e3o<\/td><td>28\/09\/2026<\/td><\/tr><tr><td>2\u00aa via e pagamento do boleto (DRAM)<\/td><td>09\/10\/2026<\/td><\/tr><tr><td>Resultado preliminar de Inscri\u00e7\u00f5es \/ PcD \/ Negros<\/td><td>26\/10\/2026<\/td><\/tr><tr><td>Resultado p\u00f3s-recurso de Inscri\u00e7\u00f5es \/ PcD \/ Negros<\/td><td>03\/11\/2026<\/td><\/tr><tr><td>Comprovante Definitivo de Inscri\u00e7\u00e3o (CDI)<\/td><td>19\/11\/2026<\/td><\/tr><tr><td><strong>Prova Objetiva<\/strong><\/td><td><strong>29\/11\/2026<\/strong><\/td><\/tr><tr><td>Gabarito preliminar<\/td><td>29\/11\/2026<\/td><\/tr><tr><td>Gabarito p\u00f3s-recurso<\/td><td>18\/12\/2026<\/td><\/tr><tr><td>Resultado preliminar da Totaliza\u00e7\u00e3o da Prova Objetiva<\/td><td>08\/01\/2027<\/td><\/tr><tr><td>Resultado p\u00f3s-recurso da Totaliza\u00e7\u00e3o<\/td><td>18\/01\/2027<\/td><\/tr><tr><td>Convoca\u00e7\u00e3o para Prova de T\u00edtulos<\/td><td>18\/01\/2027<\/td><\/tr><tr><td>Per\u00edodo para envio dos t\u00edtulos<\/td><td>19\/01 a 21\/01\/2027<\/td><\/tr><tr><td>Resultado preliminar da Prova de T\u00edtulos<\/td><td>23\/02\/2027<\/td><\/tr><tr><td>Resultado p\u00f3s-recurso da Prova de T\u00edtulos<\/td><td>03\/03\/2027<\/td><\/tr><tr><td>Procedimento de Heteroidentifica\u00e7\u00e3o \/ Per\u00edcia M\u00e9dica e Avalia\u00e7\u00e3o Biopsicossocial<\/td><td>13\/03 e\/ou 14\/03\/2027<\/td><\/tr><tr><td><strong>Classifica\u00e7\u00e3o Final<\/strong><\/td><td><strong>07\/04\/2027<\/strong><\/td><\/tr><tr><td>Homologa\u00e7\u00e3o<\/td><td>Ap\u00f3s 08\/04\/2027<\/td><\/tr><\/tbody><\/table><\/figure>\n\n\n\n<p class=\"wp-block-paragraph\"><strong>O cronograma \u00e9 estimativo e pode sofrer altera\u00e7\u00f5es.<\/strong> Por isso, o candidato deve acompanhar diariamente os comunicados no portal do IBGP (<a href=\"http:\/\/www.ibgpconcursos.com.br\">www.ibgpconcursos.com.br<\/a>) e no Di\u00e1rio Oficial do Munic\u00edpio de Belo Horizonte (dom-web.pbh.gov.br).<\/p>\n\n\n\n<h2 id=\"h-regime-de-contratacao-e-validade\" class=\"wp-block-heading\"><strong>Regime de contrata\u00e7\u00e3o e validade<\/strong><\/h2>\n\n\n\n<p class=\"wp-block-paragraph\">Os profissionais aprovados no concurso em Belo Horizonte ingressam sob o <strong>Regime Jur\u00eddico Estatut\u00e1rio,<\/strong> conforme a legisla\u00e7\u00e3o do munic\u00edpio, e assumem cargos p\u00fablicos efetivos. O prazo de validade do concurso \u00e9 de 2 anos, a contar da publica\u00e7\u00e3o da homologa\u00e7\u00e3o do resultado final, podendo ser prorrogado uma \u00fanica vez, por igual per\u00edodo, a crit\u00e9rio da Administra\u00e7\u00e3o.<\/p>\n\n\n\n<h2 id=\"h-para-mais-informacoes-confira-o-edital\" class=\"wp-block-heading\"><strong>Para mais informa\u00e7\u00f5es, confira o edital!<\/strong><\/h2>\n\n\n\n<div data-wp-interactive=\"core\/file\" class=\"wp-block-file\"><object data-wp-bind--hidden=\"!state.hasPdfPreview\" hidden class=\"wp-block-file__embed\" data=\"https:\/\/www.grupomedcof.com.br\/blog\/wp-content\/uploads\/2026\/09\/00-EDITAL-01-2026-CONCURSO-HOB_Retificacao-1.pdf\" type=\"application\/pdf\" style=\"width:100%;height:600px\" aria-label=\"Incorporado de Concurso Hospital Odilon Behrens.\"><\/object><a id=\"wp-block-file--media-e007fce6-1029-4593-b84d-7f0b88dadf00\" href=\"https:\/\/www.grupomedcof.com.br\/blog\/wp-content\/uploads\/2026\/09\/00-EDITAL-01-2026-CONCURSO-HOB_Retificacao-1.pdf\">Concurso Hospital Odilon Behrens<\/a><a href=\"https:\/\/www.grupomedcof.com.br\/blog\/wp-content\/uploads\/2026\/09\/00-EDITAL-01-2026-CONCURSO-HOB_Retificacao-1.pdf\" class=\"wp-block-file__button wp-element-button\" download aria-describedby=\"wp-block-file--media-e007fce6-1029-4593-b84d-7f0b88dadf00\">Baixar<\/a><\/div>\n\n\n\n<h2 class=\"wp-block-heading\"><strong>Conquiste sua aprova\u00e7\u00e3o com a MedCof!<\/strong><\/h2>\n\n\n\n<p class=\"wp-block-paragraph\">Se voc\u00ea quer ir al\u00e9m da prepara\u00e7\u00e3o tradicional, os preparat\u00f3rios da\u00a0<a href=\"https:\/\/www.grupomedcof.com.br\/home\/\"><strong>MedCof<\/strong><\/a>\u00a0s\u00e3o desenvolvidos especificamente para quem busca aprova\u00e7\u00e3o em concursos m\u00e9dicos como o do Hospital Odilon Behrens.<\/p>\n\n\n\n<p class=\"wp-block-paragraph\">A metodologia combina:<\/p>\n\n\n\n<ul class=\"wp-block-list\">\n<li><strong>Banco inteligente de quest\u00f5es<\/strong><\/li>\n\n\n\n<li><strong>An\u00e1lise de desempenho com uso de dados<\/strong><\/li>\n\n\n\n<li><strong>Estudo direcionado por incid\u00eancia de temas<\/strong><\/li>\n\n\n\n<li><strong>Treinamento focado no perfil da banca<\/strong><\/li>\n<\/ul>\n\n\n\n<p class=\"wp-block-paragraph\">Isso permite que voc\u00ea estude com estrat\u00e9gia, priorizando o que realmente aumenta suas chances de aprova\u00e7\u00e3o \u2014 e n\u00e3o apenas acumulando conte\u00fado. Para entender melhor,&nbsp;<a href=\"http:\/\/grupomedcof.com.br\/home\/?page=sobre-nos\">conhe\u00e7a a MedCof<\/a>.<\/p>\n\n\n\n<figure class=\"wp-block-image is-resized\"><a href=\"https:\/\/mcf.onl\/r\/blog-banner-calendario-concursus\" target=\"_blank\" rel=\"noopener\"><img loading=\"lazy\" decoding=\"async\" width=\"1024\" height=\"320\" src=\"https:\/\/www.grupomedcof.com.br\/blog\/wp-content\/uploads\/2026\/06\/Banner-MedCof-Plus-2200x460-2-1024x320.png\" alt=\"\" class=\"wp-image-46159\" style=\"aspect-ratio:3.2;width:1024px;height:auto\" srcset=\"https:\/\/www.grupomedcof.com.br\/blog\/wp-content\/uploads\/2026\/06\/Banner-MedCof-Plus-2200x460-2-1024x320.png 1024w, https:\/\/www.grupomedcof.com.br\/blog\/wp-content\/uploads\/2026\/06\/Banner-MedCof-Plus-2200x460-2-300x94.png 300w, https:\/\/www.grupomedcof.com.br\/blog\/wp-content\/uploads\/2026\/06\/Banner-MedCof-Plus-2200x460-2-768x240.png 768w, https:\/\/www.grupomedcof.com.br\/blog\/wp-content\/uploads\/2026\/06\/Banner-MedCof-Plus-2200x460-2-1536x480.png 1536w, https:\/\/www.grupomedcof.com.br\/blog\/wp-content\/uploads\/2026\/06\/Banner-MedCof-Plus-2200x460-2-1344x420.png 1344w, https:\/\/www.grupomedcof.com.br\/blog\/wp-content\/uploads\/2026\/06\/Banner-MedCof-Plus-2200x460-2-150x47.png 150w, https:\/\/www.grupomedcof.com.br\/blog\/wp-content\/uploads\/2026\/06\/Banner-MedCof-Plus-2200x460-2-696x218.png 696w, https:\/\/www.grupomedcof.com.br\/blog\/wp-content\/uploads\/2026\/06\/Banner-MedCof-Plus-2200x460-2-1068x334.png 1068w, https:\/\/www.grupomedcof.com.br\/blog\/wp-content\/uploads\/2026\/06\/Banner-MedCof-Plus-2200x460-2.png 1600w\" sizes=\"auto, (max-width: 1024px) 100vw, 1024px\" \/><\/a><\/figure>\n","protected":false},"excerpt":{"rendered":"<p>O concurso do Hospital Odilon Behrens em Belo Horizonte chegou com mais de 200 oportunidades para profissionais da sa\u00fade. O Hospital Metropolitano Odilon Behrens (HOB), unidade da Prefeitura de Belo Horizonte, publicou o Edital n\u00ba 01\/2026 para provimento de cargos p\u00fablicos no quadro de pessoal do Complexo Hospitalar Odilon Behrens \u2014 que inclui a sede, a UPA Noroeste (UPA-NO-HOB), a Unidade Hospital Dia Cir\u00fargico (UHDIA), a Unidade Hospital Nossa Senhora Aparecida (UHNSA) e a Casa da Gestante, Beb\u00ea e Pu\u00e9rpera.<\/p>\n","protected":false},"author":41,"featured_media":48814,"comment_status":"closed","ping_status":"closed","sticky":false,"template":"","format":"standard","meta":{"footnotes":""},"categories":[55,213,2023,3140],"tags":[4583,4581,3645,1568,4582,1480,1452,805],"ppma_author":[3629],"class_list":["post-48811","post","type-post","status-publish","format-standard","has-post-thumbnail","category-carreira-medica","category-concurso-publico","category-editais","category-sus","tag-belo-horizonte","tag-concurso-hospital-odilon-behrens","tag-concurso-publico","tag-edital","tag-hospital-metropolitano-odilon-behrens-hob","tag-minas-gerais","tag-provas","tag-sus"],"yoast_head":"<!-- This site is optimized with the Yoast SEO Premium plugin v28.1 (Yoast SEO v28.4) - https:\/\/yoast.com\/product\/yoast-seo-premium-wordpress\/ -->\n<title>Concurso Hospital Odilon Behrens\/MG: vagas de at\u00e9 R$ 7.397,55 - Blog de Medcof: conte\u00fados, editais, revalida e mais!<\/title>\n<meta name=\"description\" content=\"Concurso do Hospital Odilon Behrens (BH) abre 230 vagas com sal\u00e1rios de at\u00e9 R$ 7.397,55. Inscri\u00e7\u00f5es pelo IBGP de 9\/9 a 8\/10.\" \/>\n<meta name=\"robots\" content=\"index, follow, max-snippet:-1, max-image-preview:large, max-video-preview:-1\" \/>\n<link rel=\"canonical\" href=\"https:\/\/www.grupomedcof.com.br\/blog\/concurso-hospital-odilon-behrens-mg\/\" \/>\n<meta property=\"og:locale\" content=\"pt_BR\" \/>\n<meta property=\"og:type\" content=\"article\" \/>\n<meta property=\"og:title\" content=\"Concurso Hospital Odilon Behrens\/MG: vagas de at\u00e9 R$ 7.397,55\" \/>\n<meta property=\"og:description\" content=\"Concurso do Hospital Odilon Behrens (BH) abre 230 vagas com sal\u00e1rios de at\u00e9 R$ 7.397,55. Inscri\u00e7\u00f5es pelo IBGP de 9\/9 a 8\/10.\" \/>\n<meta property=\"og:url\" content=\"https:\/\/www.grupomedcof.com.br\/blog\/concurso-hospital-odilon-behrens-mg\/\" \/>\n<meta property=\"og:site_name\" content=\"Blog de Medcof: conte\u00fados, editais, revalida e mais!\" \/>\n<meta property=\"article:publisher\" content=\"https:\/\/www.facebook.com\/MedCofQbank\/\" \/>\n<meta property=\"article:published_time\" content=\"2026-09-03T13:09:40+00:00\" \/>\n<meta property=\"article:modified_time\" content=\"2026-09-03T13:26:05+00:00\" \/>\n<meta property=\"og:image\" content=\"https:\/\/www.grupomedcof.com.br\/blog\/wp-content\/uploads\/2026\/09\/Modelo-instituicoes-2026-09-03T095846.738.jpg\" \/>\n\t<meta property=\"og:image:width\" content=\"1920\" \/>\n\t<meta property=\"og:image:height\" content=\"1080\" \/>\n\t<meta property=\"og:image:type\" content=\"image\/jpeg\" \/>\n<meta name=\"author\" content=\"Nana N\u00f3brega\" \/>\n<meta name=\"twitter:card\" content=\"summary_large_image\" \/>\n<meta name=\"twitter:label1\" content=\"Escrito por\" \/>\n\t<meta name=\"twitter:data1\" content=\"Nana N\u00f3brega\" \/>\n\t<meta name=\"twitter:label2\" content=\"Est. tempo de leitura\" \/>\n\t<meta name=\"twitter:data2\" content=\"10 minutos\" \/>\n<script type=\"application\/ld+json\" class=\"yoast-schema-graph\">{\"@context\":\"https:\\\/\\\/schema.org\",\"@graph\":[{\"@type\":\"Article\",\"@id\":\"https:\\\/\\\/www.grupomedcof.com.br\\\/blog\\\/concurso-hospital-odilon-behrens-mg\\\/#article\",\"isPartOf\":{\"@id\":\"https:\\\/\\\/www.grupomedcof.com.br\\\/blog\\\/concurso-hospital-odilon-behrens-mg\\\/\"},\"author\":{\"name\":\"Nana N\u00f3brega\",\"@id\":\"https:\\\/\\\/www.grupomedcof.com.br\\\/blog\\\/#\\\/schema\\\/person\\\/70ee71b33df3dbfed84fba8ce195cdc6\"},\"headline\":\"Concurso Hospital Odilon Behrens\\\/MG: vagas de at\u00e9 R$ 7.397,55\",\"datePublished\":\"2026-09-03T13:09:40+00:00\",\"dateModified\":\"2026-09-03T13:26:05+00:00\",\"mainEntityOfPage\":{\"@id\":\"https:\\\/\\\/www.grupomedcof.com.br\\\/blog\\\/concurso-hospital-odilon-behrens-mg\\\/\"},\"wordCount\":1669,\"publisher\":{\"@id\":\"https:\\\/\\\/www.grupomedcof.com.br\\\/blog\\\/#organization\"},\"image\":{\"@id\":\"https:\\\/\\\/www.grupomedcof.com.br\\\/blog\\\/concurso-hospital-odilon-behrens-mg\\\/#primaryimage\"},\"thumbnailUrl\":\"https:\\\/\\\/www.grupomedcof.com.br\\\/blog\\\/wp-content\\\/uploads\\\/2026\\\/09\\\/Modelo-instituicoes-2026-09-03T095846.738.jpg\",\"keywords\":[\"Belo Horizonte\",\"Concurso Hospital Odilon Behrens\",\"concurso p\u00fablico\",\"Edital\",\"Hospital Metropolitano Odilon Behrens (HOB)\",\"Minas Gerais\",\"Provas\",\"SUS\"],\"articleSection\":[\"Carreira M\u00e9dica\",\"Concurso P\u00fablico\",\"Editais\",\"SUS\"],\"inLanguage\":\"pt-BR\"},{\"@type\":\"WebPage\",\"@id\":\"https:\\\/\\\/www.grupomedcof.com.br\\\/blog\\\/concurso-hospital-odilon-behrens-mg\\\/\",\"url\":\"https:\\\/\\\/www.grupomedcof.com.br\\\/blog\\\/concurso-hospital-odilon-behrens-mg\\\/\",\"name\":\"Concurso Hospital Odilon Behrens\\\/MG: vagas de at\u00e9 R$ 7.397,55 - Blog de Medcof: conte\u00fados, editais, revalida e mais!\",\"isPartOf\":{\"@id\":\"https:\\\/\\\/www.grupomedcof.com.br\\\/blog\\\/#website\"},\"primaryImageOfPage\":{\"@id\":\"https:\\\/\\\/www.grupomedcof.com.br\\\/blog\\\/concurso-hospital-odilon-behrens-mg\\\/#primaryimage\"},\"image\":{\"@id\":\"https:\\\/\\\/www.grupomedcof.com.br\\\/blog\\\/concurso-hospital-odilon-behrens-mg\\\/#primaryimage\"},\"thumbnailUrl\":\"https:\\\/\\\/www.grupomedcof.com.br\\\/blog\\\/wp-content\\\/uploads\\\/2026\\\/09\\\/Modelo-instituicoes-2026-09-03T095846.738.jpg\",\"datePublished\":\"2026-09-03T13:09:40+00:00\",\"dateModified\":\"2026-09-03T13:26:05+00:00\",\"description\":\"Concurso do Hospital Odilon Behrens (BH) abre 230 vagas com sal\u00e1rios de at\u00e9 R$ 7.397,55. Inscri\u00e7\u00f5es pelo IBGP de 9\\\/9 a 8\\\/10.\",\"breadcrumb\":{\"@id\":\"https:\\\/\\\/www.grupomedcof.com.br\\\/blog\\\/concurso-hospital-odilon-behrens-mg\\\/#breadcrumb\"},\"inLanguage\":\"pt-BR\",\"potentialAction\":[{\"@type\":\"ReadAction\",\"target\":[\"https:\\\/\\\/www.grupomedcof.com.br\\\/blog\\\/concurso-hospital-odilon-behrens-mg\\\/\"]}]},{\"@type\":\"ImageObject\",\"inLanguage\":\"pt-BR\",\"@id\":\"https:\\\/\\\/www.grupomedcof.com.br\\\/blog\\\/concurso-hospital-odilon-behrens-mg\\\/#primaryimage\",\"url\":\"https:\\\/\\\/www.grupomedcof.com.br\\\/blog\\\/wp-content\\\/uploads\\\/2026\\\/09\\\/Modelo-instituicoes-2026-09-03T095846.738.jpg\",\"contentUrl\":\"https:\\\/\\\/www.grupomedcof.com.br\\\/blog\\\/wp-content\\\/uploads\\\/2026\\\/09\\\/Modelo-instituicoes-2026-09-03T095846.738.jpg\",\"width\":1920,\"height\":1080,\"caption\":\"Concurso Hospital Odilon Behrens\"},{\"@type\":\"BreadcrumbList\",\"@id\":\"https:\\\/\\\/www.grupomedcof.com.br\\\/blog\\\/concurso-hospital-odilon-behrens-mg\\\/#breadcrumb\",\"itemListElement\":[{\"@type\":\"ListItem\",\"position\":1,\"name\":\"In\u00edcio\",\"item\":\"https:\\\/\\\/www.grupomedcof.com.br\\\/blog\\\/\"},{\"@type\":\"ListItem\",\"position\":2,\"name\":\"Concurso Hospital Odilon Behrens\\\/MG: vagas de at\u00e9 R$ 7.397,55\"}]},{\"@type\":\"WebSite\",\"@id\":\"https:\\\/\\\/www.grupomedcof.com.br\\\/blog\\\/#website\",\"url\":\"https:\\\/\\\/www.grupomedcof.com.br\\\/blog\\\/\",\"name\":\"Blog de Medcof: conte\u00fados, editais, revalida e mais!\",\"description\":\"Acesso o blog de MedCof! Seu portal de conte\u00fados sobre resid\u00eancia m\u00e9dica, an\u00e1lise e editais e muito mais. Clique e confira!\",\"publisher\":{\"@id\":\"https:\\\/\\\/www.grupomedcof.com.br\\\/blog\\\/#organization\"},\"alternateName\":\"Blog de Medcof: conte\u00fados, editais, revalida e mais!\",\"potentialAction\":[{\"@type\":\"SearchAction\",\"target\":{\"@type\":\"EntryPoint\",\"urlTemplate\":\"https:\\\/\\\/www.grupomedcof.com.br\\\/blog\\\/?s={search_term_string}\"},\"query-input\":{\"@type\":\"PropertyValueSpecification\",\"valueRequired\":true,\"valueName\":\"search_term_string\"}}],\"inLanguage\":\"pt-BR\"},{\"@type\":\"Organization\",\"@id\":\"https:\\\/\\\/www.grupomedcof.com.br\\\/blog\\\/#organization\",\"name\":\"Grupo MedCof\",\"url\":\"https:\\\/\\\/www.grupomedcof.com.br\\\/blog\\\/\",\"logo\":{\"@type\":\"ImageObject\",\"inLanguage\":\"pt-BR\",\"@id\":\"https:\\\/\\\/www.grupomedcof.com.br\\\/blog\\\/#\\\/schema\\\/logo\\\/image\\\/\",\"url\":\"https:\\\/\\\/www.grupomedcof.com.br\\\/blog\\\/wp-content\\\/uploads\\\/2022\\\/01\\\/logo-medcof.png\",\"contentUrl\":\"https:\\\/\\\/www.grupomedcof.com.br\\\/blog\\\/wp-content\\\/uploads\\\/2022\\\/01\\\/logo-medcof.png\",\"width\":768,\"height\":269,\"caption\":\"Grupo MedCof\"},\"image\":{\"@id\":\"https:\\\/\\\/www.grupomedcof.com.br\\\/blog\\\/#\\\/schema\\\/logo\\\/image\\\/\"},\"sameAs\":[\"https:\\\/\\\/www.facebook.com\\\/MedCofQbank\\\/\",\"https:\\\/\\\/www.instagram.com\\\/grupomedcof\\\/\",\"https:\\\/\\\/br.linkedin.com\\\/company\\\/medcof\",\"https:\\\/\\\/www.youtube.com\\\/channel\\\/UCdHMuOHKICxcHwecxN8P-AA\"]},{\"@type\":\"Person\",\"@id\":\"https:\\\/\\\/www.grupomedcof.com.br\\\/blog\\\/#\\\/schema\\\/person\\\/70ee71b33df3dbfed84fba8ce195cdc6\",\"name\":\"Nana N\u00f3brega\",\"pronouns\":\"ele\\\/ela\",\"image\":{\"@type\":\"ImageObject\",\"inLanguage\":\"pt-BR\",\"@id\":\"https:\\\/\\\/www.grupomedcof.com.br\\\/blog\\\/wp-content\\\/uploads\\\/2026\\\/03\\\/cropped-cropped-WhatsApp-Image-2026-03-19-at-09.30.33.jpega4f3600081af811f8cb877d267a26dad\",\"url\":\"https:\\\/\\\/www.grupomedcof.com.br\\\/blog\\\/wp-content\\\/uploads\\\/2026\\\/03\\\/cropped-cropped-WhatsApp-Image-2026-03-19-at-09.30.33.jpeg\",\"contentUrl\":\"https:\\\/\\\/www.grupomedcof.com.br\\\/blog\\\/wp-content\\\/uploads\\\/2026\\\/03\\\/cropped-cropped-WhatsApp-Image-2026-03-19-at-09.30.33.jpeg\",\"caption\":\"Nana N\u00f3brega\"},\"description\":\"Nana N\u00f3brega \u00e9 jornalista formada pela Universidade Estadual Paulista \\\"J\u00falio de Mesquita Filho\\\" (UNESP) e estudante de letras portugu\u00eas e lingu\u00edstica da Universidade de S\u00e3o Paulo (USP). Possui experi\u00eancia em sa\u00fade, educa\u00e7\u00e3o m\u00e9dica e acessibilidade. Na MedCof, atua na produ\u00e7\u00e3o de conte\u00fados sobre resid\u00eancia m\u00e9dica, concursos m\u00e9dicos, atualiza\u00e7\u00f5es e not\u00edcias da \u00e1rea da sa\u00fade.\",\"jobTitle\":\"jornalista\",\"url\":\"https:\\\/\\\/www.grupomedcof.com.br\\\/blog\\\/author\\\/nana\\\/\"}]}<\/script>\n<!-- \/ Yoast SEO Premium plugin. -->","yoast_head_json":{"title":"Concurso Hospital Odilon Behrens\/MG: vagas de at\u00e9 R$ 7.397,55 - Blog de Medcof: conte\u00fados, editais, revalida e mais!","description":"Concurso do Hospital Odilon Behrens (BH) abre 230 vagas com sal\u00e1rios de at\u00e9 R$ 7.397,55. Inscri\u00e7\u00f5es pelo IBGP de 9\/9 a 8\/10.","robots":{"index":"index","follow":"follow","max-snippet":"max-snippet:-1","max-image-preview":"max-image-preview:large","max-video-preview":"max-video-preview:-1"},"canonical":"https:\/\/www.grupomedcof.com.br\/blog\/concurso-hospital-odilon-behrens-mg\/","og_locale":"pt_BR","og_type":"article","og_title":"Concurso Hospital Odilon Behrens\/MG: vagas de at\u00e9 R$ 7.397,55","og_description":"Concurso do Hospital Odilon Behrens (BH) abre 230 vagas com sal\u00e1rios de at\u00e9 R$ 7.397,55. Inscri\u00e7\u00f5es pelo IBGP de 9\/9 a 8\/10.","og_url":"https:\/\/www.grupomedcof.com.br\/blog\/concurso-hospital-odilon-behrens-mg\/","og_site_name":"Blog de Medcof: conte\u00fados, editais, revalida e mais!","article_publisher":"https:\/\/www.facebook.com\/MedCofQbank\/","article_published_time":"2026-09-03T13:09:40+00:00","article_modified_time":"2026-09-03T13:26:05+00:00","og_image":[{"width":1920,"height":1080,"url":"https:\/\/www.grupomedcof.com.br\/blog\/wp-content\/uploads\/2026\/09\/Modelo-instituicoes-2026-09-03T095846.738.jpg","type":"image\/jpeg"}],"author":"Nana N\u00f3brega","twitter_card":"summary_large_image","twitter_misc":{"Escrito por":"Nana N\u00f3brega","Est. tempo de leitura":"10 minutos"},"schema":{"@context":"https:\/\/schema.org","@graph":[{"@type":"Article","@id":"https:\/\/www.grupomedcof.com.br\/blog\/concurso-hospital-odilon-behrens-mg\/#article","isPartOf":{"@id":"https:\/\/www.grupomedcof.com.br\/blog\/concurso-hospital-odilon-behrens-mg\/"},"author":{"name":"Nana N\u00f3brega","@id":"https:\/\/www.grupomedcof.com.br\/blog\/#\/schema\/person\/70ee71b33df3dbfed84fba8ce195cdc6"},"headline":"Concurso Hospital Odilon Behrens\/MG: vagas de at\u00e9 R$ 7.397,55","datePublished":"2026-09-03T13:09:40+00:00","dateModified":"2026-09-03T13:26:05+00:00","mainEntityOfPage":{"@id":"https:\/\/www.grupomedcof.com.br\/blog\/concurso-hospital-odilon-behrens-mg\/"},"wordCount":1669,"publisher":{"@id":"https:\/\/www.grupomedcof.com.br\/blog\/#organization"},"image":{"@id":"https:\/\/www.grupomedcof.com.br\/blog\/concurso-hospital-odilon-behrens-mg\/#primaryimage"},"thumbnailUrl":"https:\/\/www.grupomedcof.com.br\/blog\/wp-content\/uploads\/2026\/09\/Modelo-instituicoes-2026-09-03T095846.738.jpg","keywords":["Belo Horizonte","Concurso Hospital Odilon Behrens","concurso p\u00fablico","Edital","Hospital Metropolitano Odilon Behrens (HOB)","Minas Gerais","Provas","SUS"],"articleSection":["Carreira M\u00e9dica","Concurso P\u00fablico","Editais","SUS"],"inLanguage":"pt-BR"},{"@type":"WebPage","@id":"https:\/\/www.grupomedcof.com.br\/blog\/concurso-hospital-odilon-behrens-mg\/","url":"https:\/\/www.grupomedcof.com.br\/blog\/concurso-hospital-odilon-behrens-mg\/","name":"Concurso Hospital Odilon Behrens\/MG: vagas de at\u00e9 R$ 7.397,55 - Blog de Medcof: conte\u00fados, editais, revalida e mais!","isPartOf":{"@id":"https:\/\/www.grupomedcof.com.br\/blog\/#website"},"primaryImageOfPage":{"@id":"https:\/\/www.grupomedcof.com.br\/blog\/concurso-hospital-odilon-behrens-mg\/#primaryimage"},"image":{"@id":"https:\/\/www.grupomedcof.com.br\/blog\/concurso-hospital-odilon-behrens-mg\/#primaryimage"},"thumbnailUrl":"https:\/\/www.grupomedcof.com.br\/blog\/wp-content\/uploads\/2026\/09\/Modelo-instituicoes-2026-09-03T095846.738.jpg","datePublished":"2026-09-03T13:09:40+00:00","dateModified":"2026-09-03T13:26:05+00:00","description":"Concurso do Hospital Odilon Behrens (BH) abre 230 vagas com sal\u00e1rios de at\u00e9 R$ 7.397,55. Inscri\u00e7\u00f5es pelo IBGP de 9\/9 a 8\/10.","breadcrumb":{"@id":"https:\/\/www.grupomedcof.com.br\/blog\/concurso-hospital-odilon-behrens-mg\/#breadcrumb"},"inLanguage":"pt-BR","potentialAction":[{"@type":"ReadAction","target":["https:\/\/www.grupomedcof.com.br\/blog\/concurso-hospital-odilon-behrens-mg\/"]}]},{"@type":"ImageObject","inLanguage":"pt-BR","@id":"https:\/\/www.grupomedcof.com.br\/blog\/concurso-hospital-odilon-behrens-mg\/#primaryimage","url":"https:\/\/www.grupomedcof.com.br\/blog\/wp-content\/uploads\/2026\/09\/Modelo-instituicoes-2026-09-03T095846.738.jpg","contentUrl":"https:\/\/www.grupomedcof.com.br\/blog\/wp-content\/uploads\/2026\/09\/Modelo-instituicoes-2026-09-03T095846.738.jpg","width":1920,"height":1080,"caption":"Concurso Hospital Odilon Behrens"},{"@type":"BreadcrumbList","@id":"https:\/\/www.grupomedcof.com.br\/blog\/concurso-hospital-odilon-behrens-mg\/#breadcrumb","itemListElement":[{"@type":"ListItem","position":1,"name":"In\u00edcio","item":"https:\/\/www.grupomedcof.com.br\/blog\/"},{"@type":"ListItem","position":2,"name":"Concurso Hospital Odilon Behrens\/MG: vagas de at\u00e9 R$ 7.397,55"}]},{"@type":"WebSite","@id":"https:\/\/www.grupomedcof.com.br\/blog\/#website","url":"https:\/\/www.grupomedcof.com.br\/blog\/","name":"Blog de Medcof: conte\u00fados, editais, revalida e mais!","description":"Acesso o blog de MedCof! Seu portal de conte\u00fados sobre resid\u00eancia m\u00e9dica, an\u00e1lise e editais e muito mais. Clique e confira!","publisher":{"@id":"https:\/\/www.grupomedcof.com.br\/blog\/#organization"},"alternateName":"Blog de Medcof: conte\u00fados, editais, revalida e mais!","potentialAction":[{"@type":"SearchAction","target":{"@type":"EntryPoint","urlTemplate":"https:\/\/www.grupomedcof.com.br\/blog\/?s={search_term_string}"},"query-input":{"@type":"PropertyValueSpecification","valueRequired":true,"valueName":"search_term_string"}}],"inLanguage":"pt-BR"},{"@type":"Organization","@id":"https:\/\/www.grupomedcof.com.br\/blog\/#organization","name":"Grupo MedCof","url":"https:\/\/www.grupomedcof.com.br\/blog\/","logo":{"@type":"ImageObject","inLanguage":"pt-BR","@id":"https:\/\/www.grupomedcof.com.br\/blog\/#\/schema\/logo\/image\/","url":"https:\/\/www.grupomedcof.com.br\/blog\/wp-content\/uploads\/2022\/01\/logo-medcof.png","contentUrl":"https:\/\/www.grupomedcof.com.br\/blog\/wp-content\/uploads\/2022\/01\/logo-medcof.png","width":768,"height":269,"caption":"Grupo MedCof"},"image":{"@id":"https:\/\/www.grupomedcof.com.br\/blog\/#\/schema\/logo\/image\/"},"sameAs":["https:\/\/www.facebook.com\/MedCofQbank\/","https:\/\/www.instagram.com\/grupomedcof\/","https:\/\/br.linkedin.com\/company\/medcof","https:\/\/www.youtube.com\/channel\/UCdHMuOHKICxcHwecxN8P-AA"]},{"@type":"Person","@id":"https:\/\/www.grupomedcof.com.br\/blog\/#\/schema\/person\/70ee71b33df3dbfed84fba8ce195cdc6","name":"Nana N\u00f3brega","pronouns":"ele\/ela","image":{"@type":"ImageObject","inLanguage":"pt-BR","@id":"https:\/\/www.grupomedcof.com.br\/blog\/wp-content\/uploads\/2026\/03\/cropped-cropped-WhatsApp-Image-2026-03-19-at-09.30.33.jpega4f3600081af811f8cb877d267a26dad","url":"https:\/\/www.grupomedcof.com.br\/blog\/wp-content\/uploads\/2026\/03\/cropped-cropped-WhatsApp-Image-2026-03-19-at-09.30.33.jpeg","contentUrl":"https:\/\/www.grupomedcof.com.br\/blog\/wp-content\/uploads\/2026\/03\/cropped-cropped-WhatsApp-Image-2026-03-19-at-09.30.33.jpeg","caption":"Nana N\u00f3brega"},"description":"Nana N\u00f3brega \u00e9 jornalista formada pela Universidade Estadual Paulista \"J\u00falio de Mesquita Filho\" (UNESP) e estudante de letras portugu\u00eas e lingu\u00edstica da Universidade de S\u00e3o Paulo (USP). Possui experi\u00eancia em sa\u00fade, educa\u00e7\u00e3o m\u00e9dica e acessibilidade. Na MedCof, atua na produ\u00e7\u00e3o de conte\u00fados sobre resid\u00eancia m\u00e9dica, concursos m\u00e9dicos, atualiza\u00e7\u00f5es e not\u00edcias da \u00e1rea da sa\u00fade.","jobTitle":"jornalista","url":"https:\/\/www.grupomedcof.com.br\/blog\/author\/nana\/"}]}},"authors":[{"term_id":3629,"user_id":41,"is_guest":0,"slug":"nana","display_name":"Nana N\u00f3brega","avatar_url":{"url":"https:\/\/www.grupomedcof.com.br\/blog\/wp-content\/uploads\/2026\/03\/cropped-cropped-WhatsApp-Image-2026-03-19-at-09.30.33.jpeg","url2x":"https:\/\/www.grupomedcof.com.br\/blog\/wp-content\/uploads\/2026\/03\/cropped-cropped-WhatsApp-Image-2026-03-19-at-09.30.33.jpeg"},"0":null,"1":"","2":"","3":"","4":"","5":"","6":"","7":"","8":""}],"_links":{"self":[{"href":"https:\/\/www.grupomedcof.com.br\/blog\/wp-json\/wp\/v2\/posts\/48811","targetHints":{"allow":["GET"]}}],"collection":[{"href":"https:\/\/www.grupomedcof.com.br\/blog\/wp-json\/wp\/v2\/posts"}],"about":[{"href":"https:\/\/www.grupomedcof.com.br\/blog\/wp-json\/wp\/v2\/types\/post"}],"author":[{"embeddable":true,"href":"https:\/\/www.grupomedcof.com.br\/blog\/wp-json\/wp\/v2\/users\/41"}],"replies":[{"embeddable":true,"href":"https:\/\/www.grupomedcof.com.br\/blog\/wp-json\/wp\/v2\/comments?post=48811"}],"version-history":[{"count":3,"href":"https:\/\/www.grupomedcof.com.br\/blog\/wp-json\/wp\/v2\/posts\/48811\/revisions"}],"predecessor-version":[{"id":48818,"href":"https:\/\/www.grupomedcof.com.br\/blog\/wp-json\/wp\/v2\/posts\/48811\/revisions\/48818"}],"wp:featuredmedia":[{"embeddable":true,"href":"https:\/\/www.grupomedcof.com.br\/blog\/wp-json\/wp\/v2\/media\/48814"}],"wp:attachment":[{"href":"https:\/\/www.grupomedcof.com.br\/blog\/wp-json\/wp\/v2\/media?parent=48811"}],"wp:term":[{"taxonomy":"category","embeddable":true,"href":"https:\/\/www.grupomedcof.com.br\/blog\/wp-json\/wp\/v2\/categories?post=48811"},{"taxonomy":"post_tag","embeddable":true,"href":"https:\/\/www.grupomedcof.com.br\/blog\/wp-json\/wp\/v2\/tags?post=48811"},{"taxonomy":"author","embeddable":true,"href":"https:\/\/www.grupomedcof.com.br\/blog\/wp-json\/wp\/v2\/ppma_author?post=48811"}],"curies":[{"name":"wp","href":"https:\/\/api.w.org\/{rel}","templated":true}]}}