{"id":48843,"date":"2026-09-03T14:02:22","date_gmt":"2026-09-03T17:02:22","guid":{"rendered":"https:\/\/www.grupomedcof.com.br\/blog\/?p=48843"},"modified":"2026-09-03T14:03:31","modified_gmt":"2026-09-03T17:03:31","slug":"nova-lei-amplia-acesso-a-remedios-para-infarto-e-avc-no-samu-e-nas-upas","status":"publish","type":"post","link":"https:\/\/www.grupomedcof.com.br\/blog\/nova-lei-amplia-acesso-a-remedios-para-infarto-e-avc-no-samu-e-nas-upas\/","title":{"rendered":"Nova lei amplia acesso a rem\u00e9dios para infarto e AVC no Samu e nas UPAs"},"content":{"rendered":"\n<figure class=\"wp-block-image size-large\"><img loading=\"lazy\" decoding=\"async\" width=\"1024\" height=\"576\" src=\"https:\/\/www.grupomedcof.com.br\/blog\/wp-content\/uploads\/2026\/09\/Blog-MedCof-2026-09-03T135241.809-1024x576.jpg\" alt=\"Nova lei amplia acesso a rem\u00e9dios para infarto e AVC no Samu e nas UPAs de todo o pa\u00eds\" class=\"wp-image-48845\" srcset=\"https:\/\/www.grupomedcof.com.br\/blog\/wp-content\/uploads\/2026\/09\/Blog-MedCof-2026-09-03T135241.809-1024x576.jpg 1024w, https:\/\/www.grupomedcof.com.br\/blog\/wp-content\/uploads\/2026\/09\/Blog-MedCof-2026-09-03T135241.809-300x169.jpg 300w, https:\/\/www.grupomedcof.com.br\/blog\/wp-content\/uploads\/2026\/09\/Blog-MedCof-2026-09-03T135241.809-768x432.jpg 768w, https:\/\/www.grupomedcof.com.br\/blog\/wp-content\/uploads\/2026\/09\/Blog-MedCof-2026-09-03T135241.809-1536x864.jpg 1536w, https:\/\/www.grupomedcof.com.br\/blog\/wp-content\/uploads\/2026\/09\/Blog-MedCof-2026-09-03T135241.809-747x420.jpg 747w, https:\/\/www.grupomedcof.com.br\/blog\/wp-content\/uploads\/2026\/09\/Blog-MedCof-2026-09-03T135241.809-150x84.jpg 150w, https:\/\/www.grupomedcof.com.br\/blog\/wp-content\/uploads\/2026\/09\/Blog-MedCof-2026-09-03T135241.809-696x392.jpg 696w, https:\/\/www.grupomedcof.com.br\/blog\/wp-content\/uploads\/2026\/09\/Blog-MedCof-2026-09-03T135241.809-1068x601.jpg 1068w, https:\/\/www.grupomedcof.com.br\/blog\/wp-content\/uploads\/2026\/09\/Blog-MedCof-2026-09-03T135241.809.jpg 1920w\" sizes=\"auto, (max-width: 1024px) 100vw, 1024px\" \/><figcaption class=\"wp-element-caption\">Imagem de Canva<\/figcaption><\/figure>\n\n\n\n<p class=\"wp-block-paragraph\">Nesta quarta-feira (02), foi <strong>sancionada a<\/strong> <a href=\"https:\/\/www.camara.leg.br\/proposicoesWeb\/prop_mostrarintegra?codteor=2374283&amp;filename=PL%205972\/2023\" target=\"_blank\" rel=\"noreferrer noopener\"><strong>Lei n\u00ba 5.972\/2023<\/strong><\/a><strong>,<\/strong> que amplia a oferta de medicamentos trombol\u00edticos na rede de urg\u00eancia e emerg\u00eancia, principalmente em unidades de pronto atendimento (UPAs) e o Servi\u00e7o de Atendimento M\u00f3vel de Urg\u00eancia (Samu 192).\u00a0<\/p>\n\n\n\n<p class=\"wp-block-paragraph\">Esses tratamentos s\u00e3o usados por pessoas com <strong><a href=\"https:\/\/www.grupomedcof.com.br\/blog\/infarto-agudo-do-miocardio-o-que-acontece-se-for-no-ventriculo-direito\/\" data-type=\"post\" data-id=\"35824\" target=\"_blank\" rel=\"noreferrer noopener\">Infarto Agudo do Mioc\u00e1rdio (IAM)<\/a> e <a href=\"https:\/\/www.grupomedcof.com.br\/blog\/avc-isquemico-sinais-e-sintomas\/\" data-type=\"post\" data-id=\"7648\" target=\"_blank\" rel=\"noreferrer noopener\">Acidente Vascular Cerebral (AVC)<\/a> isqu\u00eamico.<\/strong> O objetivo \u00e9 dissolver os co\u00e1gulos sangu\u00edneos que bloqueiam a circula\u00e7\u00e3o dos vasos do cora\u00e7\u00e3o ou do c\u00e9rebro \u2014 para restabelecer a circula\u00e7\u00e3o do sangue.\u00a0<\/p>\n\n\n\n<h2 id=\"h-qual-a-motivacao\" class=\"wp-block-heading\"><strong>Qual a motiva\u00e7\u00e3o?<\/strong><\/h2>\n\n\n\n<p class=\"wp-block-paragraph\">A amplia\u00e7\u00e3o agiliza a jornada do paciente com emerg\u00eancias cardiovasculares at\u00e9 a UPA. O diagn\u00f3stico precoce garante o in\u00edcio r\u00e1pido do tratamento, aumentando as chances de sobreviv\u00eancia e reduzindo o risco de sequelas.<\/p>\n\n\n\n<p class=\"wp-block-paragraph\">A equipe m\u00e9dica indica o uso do trombol\u00edtico quando o local n\u00e3o oferece procedimentos de maior complexidade a tempo. O medicamento substitui temporariamente interven\u00e7\u00f5es <strong>como a <a href=\"https:\/\/www.grupomedcof.com.br\/blog\/cirurgia-vascular\/\" data-type=\"post\" data-id=\"34089\" target=\"_blank\" rel=\"noreferrer noopener\">angioplastia<\/a> <\/strong>para evitar atrasos no socorro do paciente. Desta forma, o paciente recebe o medicamento enquanto a equipe de sa\u00fade providencia o atendimento na rede de sa\u00fade.\u00a0\u00a0<\/p>\n\n\n\n<p class=\"wp-block-paragraph\">O SUS j\u00e1 oferece protocolos para o <strong>tratamento de IAM e AVC com trombol\u00edticos nos servi\u00e7os de urg\u00eancia e emerg\u00eancia.<\/strong> Cada gestor local de sa\u00fade adquire esses medicamentos de acordo com as necessidades da sua rede<\/p>\n\n\n\n<p class=\"wp-block-paragraph\">Desta forma, a lei tem como principal fun\u00e7\u00e3o, a amplia\u00e7\u00e3o e o aprimoramento da oferta desses rem\u00e9dios na <strong>rede p\u00fablica de todo o Brasil.&nbsp;<\/strong><\/p>\n\n\n\n<p class=\"wp-block-paragraph\">O ministro da pasta da sa\u00fade, Alexandre Padilha, assinou a portaria que institui o <strong>Comit\u00ea de Acompanhamento da Implementa\u00e7\u00e3o das Linhas de Cuidado dos Agravos Cerebrovasculares e Cardiovasculares Tempo-Dependentes: Acidente Vascular Cerebral (AVC) e Infarto Agudo do Mioc\u00e1rdio (IAM).<\/strong><\/p>\n\n\n\n<p class=\"wp-block-paragraph\">Esse grupo ficar\u00e1 respons\u00e1vel por analisar e propor a\u00e7\u00f5es para tornar os trombol\u00edticos mais acess\u00edveis e qualificar a assist\u00eancia aos pacientes.&nbsp;<\/p>\n\n\n\n<h2 id=\"h-cenario-brasileiro\" class=\"wp-block-heading\"><strong>Cen\u00e1rio brasileiro<\/strong><\/h2>\n\n\n\n<p class=\"wp-block-paragraph\">O AVC \u00e9 uma das principais causas de morte e incapacidade no Brasil. O pa\u00eds registra entre 300 mil e 400 mil casos de infarto por ano. As equipes das UPAs realizam o diagn\u00f3stico e avaliam a indica\u00e7\u00e3o cl\u00ednica para iniciar o tratamento do IAM e do AVC isqu\u00eamico com trombol\u00edticos. <strong>No Samu 192, os profissionais aplicam o medicamento diretamente nas unidades de Suporte Avan\u00e7ado de Vida habilitadas.<\/strong><\/p>\n\n\n\n<p class=\"wp-block-paragraph\">Em 2025, o SUS contabilizou <strong>218 mil atendimentos por AVC isqu\u00eamico<\/strong>, sendo feitas 861 aplica\u00e7\u00f5es de trombol\u00edticos pelo Samu em todo Brasil.<\/p>\n\n\n\n<h2 class=\"wp-block-heading\"><strong>Informa\u00e7\u00e3o de qualidade tamb\u00e9m faz parte da prepara\u00e7\u00e3o<\/strong><\/h2>\n\n\n\n<p class=\"wp-block-paragraph\">Ficar alerta para\u00a0<strong>atualiza\u00e7\u00f5es de <a href=\"https:\/\/www.grupomedcof.com.br\/blog\/prova-de-titulo-medicina-de-emergencia\/\" data-type=\"post\" data-id=\"36239\" target=\"_blank\" rel=\"noreferrer noopener\">medicina de emerg\u00eancia<\/a><\/strong>\u00a0\u00e9 essencial tanto para a pr\u00e1tica m\u00e9dica quanto para as\u00a0<strong>provas de resid\u00eancia.<\/strong>\u00a0Continue acompanhando o Blog do MedCof para aprofundar seus conhecimentos com conte\u00fados atualizados e baseados em evid\u00eancias!<\/p>\n\n\n\n<p class=\"wp-block-paragraph\"><strong><a href=\"https:\/\/www.grupomedcof.com.br\/blog\/categorias\/noticias\/\" target=\"_blank\" rel=\"noopener\">Confira outros artigos e fique por dentro das principais not\u00edcias e atualiza\u00e7\u00f5es da Medicina.<\/a><\/strong><\/p>\n\n\n\n<figure class=\"wp-block-embed is-type-video is-provider-youtube wp-block-embed-youtube wp-embed-aspect-16-9 wp-has-aspect-ratio\"><div class=\"wp-block-embed__wrapper\">\n<div class=\"youtube-embed\" data-video_id=\"\"><iframe loading=\"lazy\" title=\"Reta final TEME: principais temas e simula\u00e7\u00e3o da prova pr\u00e1tica ao vivo #MedcofTEME\" width=\"696\" height=\"392\" src=\"https:\/\/www.youtube.com\/embed\/pOKz83ttqmY?feature=oembed&#038;enablejsapi=1\" frameborder=\"0\" allow=\"accelerometer; autoplay; clipboard-write; encrypted-media; gyroscope; picture-in-picture; web-share\" referrerpolicy=\"strict-origin-when-cross-origin\" allowfullscreen><\/iframe><\/div>\n<\/div><\/figure>\n","protected":false},"excerpt":{"rendered":"<p>Nesta quarta-feira (02), foi sancionada a Lei n\u00ba 5.972\/2023, que amplia a oferta de medicamentos trombol\u00edticos na rede de urg\u00eancia e emerg\u00eancia, principalmente em unidades de pronto atendimento (UPAs) e o Servi\u00e7o de Atendimento M\u00f3vel de Urg\u00eancia (Samu 192).<\/p>\n","protected":false},"author":41,"featured_media":48845,"comment_status":"closed","ping_status":"closed","sticky":false,"template":"","format":"standard","meta":{"footnotes":""},"categories":[2625,258,202,240,173,3140],"tags":[4590,4588,4585,805,4587,4586],"ppma_author":[3629],"class_list":["post-48843","post","type-post","status-publish","format-standard","has-post-thumbnail","category-angiologia","category-atualizacoes","category-emergencias","category-noticias","category-novidades","category-sus","tag-acidente-vascular-cerebral","tag-infarto-agudo-do-miocardio","tag-samu-192","tag-sus","tag-tromboliticos","tag-upa"],"yoast_head":"<!-- This site is optimized with the Yoast SEO Premium plugin v28.1 (Yoast SEO v28.4) - https:\/\/yoast.com\/product\/yoast-seo-premium-wordpress\/ -->\n<title>Nova lei amplia acesso a rem\u00e9dios para infarto e AVC no Samu e nas UPAs - Blog de Medcof: conte\u00fados, editais, revalida e mais!<\/title>\n<meta name=\"robots\" content=\"index, follow, max-snippet:-1, max-image-preview:large, max-video-preview:-1\" \/>\n<link rel=\"canonical\" href=\"https:\/\/www.grupomedcof.com.br\/blog\/nova-lei-amplia-acesso-a-remedios-para-infarto-e-avc-no-samu-e-nas-upas\/\" \/>\n<meta property=\"og:locale\" content=\"pt_BR\" \/>\n<meta property=\"og:type\" content=\"article\" \/>\n<meta property=\"og:title\" content=\"Nova lei amplia acesso a rem\u00e9dios para infarto e AVC no Samu e nas UPAs\" \/>\n<meta property=\"og:description\" content=\"Nesta quarta-feira (02), foi sancionada a Lei n\u00ba 5.972\/2023, que amplia a oferta de medicamentos trombol\u00edticos na rede de urg\u00eancia e emerg\u00eancia, principalmente em unidades de pronto atendimento (UPAs) e o Servi\u00e7o de Atendimento M\u00f3vel de Urg\u00eancia (Samu 192).\" \/>\n<meta property=\"og:url\" content=\"https:\/\/www.grupomedcof.com.br\/blog\/nova-lei-amplia-acesso-a-remedios-para-infarto-e-avc-no-samu-e-nas-upas\/\" \/>\n<meta property=\"og:site_name\" content=\"Blog de Medcof: conte\u00fados, editais, revalida e mais!\" \/>\n<meta property=\"article:publisher\" content=\"https:\/\/www.facebook.com\/MedCofQbank\/\" \/>\n<meta property=\"article:published_time\" content=\"2026-09-03T17:02:22+00:00\" \/>\n<meta property=\"article:modified_time\" content=\"2026-09-03T17:03:31+00:00\" \/>\n<meta property=\"og:image\" content=\"https:\/\/www.grupomedcof.com.br\/blog\/wp-content\/uploads\/2026\/09\/Blog-MedCof-2026-09-03T135241.809.jpg\" \/>\n\t<meta property=\"og:image:width\" content=\"1920\" \/>\n\t<meta property=\"og:image:height\" content=\"1080\" \/>\n\t<meta property=\"og:image:type\" content=\"image\/jpeg\" \/>\n<meta name=\"author\" content=\"Nana N\u00f3brega\" \/>\n<meta name=\"twitter:card\" content=\"summary_large_image\" \/>\n<meta name=\"twitter:label1\" content=\"Escrito por\" \/>\n\t<meta name=\"twitter:data1\" content=\"Nana N\u00f3brega\" \/>\n\t<meta name=\"twitter:label2\" content=\"Est. tempo de leitura\" \/>\n\t<meta name=\"twitter:data2\" content=\"3 minutos\" \/>\n<script type=\"application\/ld+json\" class=\"yoast-schema-graph\">{\"@context\":\"https:\\\/\\\/schema.org\",\"@graph\":[{\"@type\":\"Article\",\"@id\":\"https:\\\/\\\/www.grupomedcof.com.br\\\/blog\\\/nova-lei-amplia-acesso-a-remedios-para-infarto-e-avc-no-samu-e-nas-upas\\\/#article\",\"isPartOf\":{\"@id\":\"https:\\\/\\\/www.grupomedcof.com.br\\\/blog\\\/nova-lei-amplia-acesso-a-remedios-para-infarto-e-avc-no-samu-e-nas-upas\\\/\"},\"author\":{\"name\":\"Nana N\u00f3brega\",\"@id\":\"https:\\\/\\\/www.grupomedcof.com.br\\\/blog\\\/#\\\/schema\\\/person\\\/70ee71b33df3dbfed84fba8ce195cdc6\"},\"headline\":\"Nova lei amplia acesso a rem\u00e9dios para infarto e AVC no Samu e nas UPAs\",\"datePublished\":\"2026-09-03T17:02:22+00:00\",\"dateModified\":\"2026-09-03T17:03:31+00:00\",\"mainEntityOfPage\":{\"@id\":\"https:\\\/\\\/www.grupomedcof.com.br\\\/blog\\\/nova-lei-amplia-acesso-a-remedios-para-infarto-e-avc-no-samu-e-nas-upas\\\/\"},\"wordCount\":529,\"publisher\":{\"@id\":\"https:\\\/\\\/www.grupomedcof.com.br\\\/blog\\\/#organization\"},\"image\":{\"@id\":\"https:\\\/\\\/www.grupomedcof.com.br\\\/blog\\\/nova-lei-amplia-acesso-a-remedios-para-infarto-e-avc-no-samu-e-nas-upas\\\/#primaryimage\"},\"thumbnailUrl\":\"https:\\\/\\\/www.grupomedcof.com.br\\\/blog\\\/wp-content\\\/uploads\\\/2026\\\/09\\\/Blog-MedCof-2026-09-03T135241.809.jpg\",\"keywords\":[\"Acidente Vascular Cerebral\",\"Infarto Agudo do Mioc\u00e1rdio\",\"SAMU 192\",\"SUS\",\"Trombol\u00edticos\",\"UPA\"],\"articleSection\":[\"Angiologia\",\"Atualiza\u00e7\u00f5es\",\"Emerg\u00eancias\",\"Not\u00edcias\",\"Novidades\",\"SUS\"],\"inLanguage\":\"pt-BR\"},{\"@type\":\"WebPage\",\"@id\":\"https:\\\/\\\/www.grupomedcof.com.br\\\/blog\\\/nova-lei-amplia-acesso-a-remedios-para-infarto-e-avc-no-samu-e-nas-upas\\\/\",\"url\":\"https:\\\/\\\/www.grupomedcof.com.br\\\/blog\\\/nova-lei-amplia-acesso-a-remedios-para-infarto-e-avc-no-samu-e-nas-upas\\\/\",\"name\":\"Nova lei amplia acesso a rem\u00e9dios para infarto e AVC no Samu e nas UPAs - Blog de Medcof: conte\u00fados, editais, revalida e mais!\",\"isPartOf\":{\"@id\":\"https:\\\/\\\/www.grupomedcof.com.br\\\/blog\\\/#website\"},\"primaryImageOfPage\":{\"@id\":\"https:\\\/\\\/www.grupomedcof.com.br\\\/blog\\\/nova-lei-amplia-acesso-a-remedios-para-infarto-e-avc-no-samu-e-nas-upas\\\/#primaryimage\"},\"image\":{\"@id\":\"https:\\\/\\\/www.grupomedcof.com.br\\\/blog\\\/nova-lei-amplia-acesso-a-remedios-para-infarto-e-avc-no-samu-e-nas-upas\\\/#primaryimage\"},\"thumbnailUrl\":\"https:\\\/\\\/www.grupomedcof.com.br\\\/blog\\\/wp-content\\\/uploads\\\/2026\\\/09\\\/Blog-MedCof-2026-09-03T135241.809.jpg\",\"datePublished\":\"2026-09-03T17:02:22+00:00\",\"dateModified\":\"2026-09-03T17:03:31+00:00\",\"breadcrumb\":{\"@id\":\"https:\\\/\\\/www.grupomedcof.com.br\\\/blog\\\/nova-lei-amplia-acesso-a-remedios-para-infarto-e-avc-no-samu-e-nas-upas\\\/#breadcrumb\"},\"inLanguage\":\"pt-BR\",\"potentialAction\":[{\"@type\":\"ReadAction\",\"target\":[\"https:\\\/\\\/www.grupomedcof.com.br\\\/blog\\\/nova-lei-amplia-acesso-a-remedios-para-infarto-e-avc-no-samu-e-nas-upas\\\/\"]}]},{\"@type\":\"ImageObject\",\"inLanguage\":\"pt-BR\",\"@id\":\"https:\\\/\\\/www.grupomedcof.com.br\\\/blog\\\/nova-lei-amplia-acesso-a-remedios-para-infarto-e-avc-no-samu-e-nas-upas\\\/#primaryimage\",\"url\":\"https:\\\/\\\/www.grupomedcof.com.br\\\/blog\\\/wp-content\\\/uploads\\\/2026\\\/09\\\/Blog-MedCof-2026-09-03T135241.809.jpg\",\"contentUrl\":\"https:\\\/\\\/www.grupomedcof.com.br\\\/blog\\\/wp-content\\\/uploads\\\/2026\\\/09\\\/Blog-MedCof-2026-09-03T135241.809.jpg\",\"width\":1920,\"height\":1080,\"caption\":\"Imagem de Canva\"},{\"@type\":\"BreadcrumbList\",\"@id\":\"https:\\\/\\\/www.grupomedcof.com.br\\\/blog\\\/nova-lei-amplia-acesso-a-remedios-para-infarto-e-avc-no-samu-e-nas-upas\\\/#breadcrumb\",\"itemListElement\":[{\"@type\":\"ListItem\",\"position\":1,\"name\":\"In\u00edcio\",\"item\":\"https:\\\/\\\/www.grupomedcof.com.br\\\/blog\\\/\"},{\"@type\":\"ListItem\",\"position\":2,\"name\":\"Nova lei amplia acesso a rem\u00e9dios para infarto e AVC no Samu e nas UPAs\"}]},{\"@type\":\"WebSite\",\"@id\":\"https:\\\/\\\/www.grupomedcof.com.br\\\/blog\\\/#website\",\"url\":\"https:\\\/\\\/www.grupomedcof.com.br\\\/blog\\\/\",\"name\":\"Blog de Medcof: conte\u00fados, editais, revalida e mais!\",\"description\":\"Acesso o blog de MedCof! Seu portal de conte\u00fados sobre resid\u00eancia m\u00e9dica, an\u00e1lise e editais e muito mais. Clique e confira!\",\"publisher\":{\"@id\":\"https:\\\/\\\/www.grupomedcof.com.br\\\/blog\\\/#organization\"},\"alternateName\":\"Blog de Medcof: conte\u00fados, editais, revalida e mais!\",\"potentialAction\":[{\"@type\":\"SearchAction\",\"target\":{\"@type\":\"EntryPoint\",\"urlTemplate\":\"https:\\\/\\\/www.grupomedcof.com.br\\\/blog\\\/?s={search_term_string}\"},\"query-input\":{\"@type\":\"PropertyValueSpecification\",\"valueRequired\":true,\"valueName\":\"search_term_string\"}}],\"inLanguage\":\"pt-BR\"},{\"@type\":\"Organization\",\"@id\":\"https:\\\/\\\/www.grupomedcof.com.br\\\/blog\\\/#organization\",\"name\":\"Grupo MedCof\",\"url\":\"https:\\\/\\\/www.grupomedcof.com.br\\\/blog\\\/\",\"logo\":{\"@type\":\"ImageObject\",\"inLanguage\":\"pt-BR\",\"@id\":\"https:\\\/\\\/www.grupomedcof.com.br\\\/blog\\\/#\\\/schema\\\/logo\\\/image\\\/\",\"url\":\"https:\\\/\\\/www.grupomedcof.com.br\\\/blog\\\/wp-content\\\/uploads\\\/2022\\\/01\\\/logo-medcof.png\",\"contentUrl\":\"https:\\\/\\\/www.grupomedcof.com.br\\\/blog\\\/wp-content\\\/uploads\\\/2022\\\/01\\\/logo-medcof.png\",\"width\":768,\"height\":269,\"caption\":\"Grupo MedCof\"},\"image\":{\"@id\":\"https:\\\/\\\/www.grupomedcof.com.br\\\/blog\\\/#\\\/schema\\\/logo\\\/image\\\/\"},\"sameAs\":[\"https:\\\/\\\/www.facebook.com\\\/MedCofQbank\\\/\",\"https:\\\/\\\/www.instagram.com\\\/grupomedcof\\\/\",\"https:\\\/\\\/br.linkedin.com\\\/company\\\/medcof\",\"https:\\\/\\\/www.youtube.com\\\/channel\\\/UCdHMuOHKICxcHwecxN8P-AA\"]},{\"@type\":\"Person\",\"@id\":\"https:\\\/\\\/www.grupomedcof.com.br\\\/blog\\\/#\\\/schema\\\/person\\\/70ee71b33df3dbfed84fba8ce195cdc6\",\"name\":\"Nana N\u00f3brega\",\"pronouns\":\"ele\\\/ela\",\"image\":{\"@type\":\"ImageObject\",\"inLanguage\":\"pt-BR\",\"@id\":\"https:\\\/\\\/www.grupomedcof.com.br\\\/blog\\\/wp-content\\\/uploads\\\/2026\\\/03\\\/cropped-cropped-WhatsApp-Image-2026-03-19-at-09.30.33.jpega4f3600081af811f8cb877d267a26dad\",\"url\":\"https:\\\/\\\/www.grupomedcof.com.br\\\/blog\\\/wp-content\\\/uploads\\\/2026\\\/03\\\/cropped-cropped-WhatsApp-Image-2026-03-19-at-09.30.33.jpeg\",\"contentUrl\":\"https:\\\/\\\/www.grupomedcof.com.br\\\/blog\\\/wp-content\\\/uploads\\\/2026\\\/03\\\/cropped-cropped-WhatsApp-Image-2026-03-19-at-09.30.33.jpeg\",\"caption\":\"Nana N\u00f3brega\"},\"description\":\"Nana N\u00f3brega \u00e9 jornalista formada pela Universidade Estadual Paulista \\\"J\u00falio de Mesquita Filho\\\" (UNESP) e estudante de letras portugu\u00eas e lingu\u00edstica da Universidade de S\u00e3o Paulo (USP). Possui experi\u00eancia em sa\u00fade, educa\u00e7\u00e3o m\u00e9dica e acessibilidade. Na MedCof, atua na produ\u00e7\u00e3o de conte\u00fados sobre resid\u00eancia m\u00e9dica, concursos m\u00e9dicos, atualiza\u00e7\u00f5es e not\u00edcias da \u00e1rea da sa\u00fade.\",\"jobTitle\":\"jornalista\",\"url\":\"https:\\\/\\\/www.grupomedcof.com.br\\\/blog\\\/author\\\/nana\\\/\"}]}<\/script>\n<!-- \/ Yoast SEO Premium plugin. -->","yoast_head_json":{"title":"Nova lei amplia acesso a rem\u00e9dios para infarto e AVC no Samu e nas UPAs - Blog de Medcof: conte\u00fados, editais, revalida e mais!","robots":{"index":"index","follow":"follow","max-snippet":"max-snippet:-1","max-image-preview":"max-image-preview:large","max-video-preview":"max-video-preview:-1"},"canonical":"https:\/\/www.grupomedcof.com.br\/blog\/nova-lei-amplia-acesso-a-remedios-para-infarto-e-avc-no-samu-e-nas-upas\/","og_locale":"pt_BR","og_type":"article","og_title":"Nova lei amplia acesso a rem\u00e9dios para infarto e AVC no Samu e nas UPAs","og_description":"Nesta quarta-feira (02), foi sancionada a Lei n\u00ba 5.972\/2023, que amplia a oferta de medicamentos trombol\u00edticos na rede de urg\u00eancia e emerg\u00eancia, principalmente em unidades de pronto atendimento (UPAs) e o Servi\u00e7o de Atendimento M\u00f3vel de Urg\u00eancia (Samu 192).","og_url":"https:\/\/www.grupomedcof.com.br\/blog\/nova-lei-amplia-acesso-a-remedios-para-infarto-e-avc-no-samu-e-nas-upas\/","og_site_name":"Blog de Medcof: conte\u00fados, editais, revalida e mais!","article_publisher":"https:\/\/www.facebook.com\/MedCofQbank\/","article_published_time":"2026-09-03T17:02:22+00:00","article_modified_time":"2026-09-03T17:03:31+00:00","og_image":[{"width":1920,"height":1080,"url":"https:\/\/www.grupomedcof.com.br\/blog\/wp-content\/uploads\/2026\/09\/Blog-MedCof-2026-09-03T135241.809.jpg","type":"image\/jpeg"}],"author":"Nana N\u00f3brega","twitter_card":"summary_large_image","twitter_misc":{"Escrito por":"Nana N\u00f3brega","Est. tempo de leitura":"3 minutos"},"schema":{"@context":"https:\/\/schema.org","@graph":[{"@type":"Article","@id":"https:\/\/www.grupomedcof.com.br\/blog\/nova-lei-amplia-acesso-a-remedios-para-infarto-e-avc-no-samu-e-nas-upas\/#article","isPartOf":{"@id":"https:\/\/www.grupomedcof.com.br\/blog\/nova-lei-amplia-acesso-a-remedios-para-infarto-e-avc-no-samu-e-nas-upas\/"},"author":{"name":"Nana N\u00f3brega","@id":"https:\/\/www.grupomedcof.com.br\/blog\/#\/schema\/person\/70ee71b33df3dbfed84fba8ce195cdc6"},"headline":"Nova lei amplia acesso a rem\u00e9dios para infarto e AVC no Samu e nas UPAs","datePublished":"2026-09-03T17:02:22+00:00","dateModified":"2026-09-03T17:03:31+00:00","mainEntityOfPage":{"@id":"https:\/\/www.grupomedcof.com.br\/blog\/nova-lei-amplia-acesso-a-remedios-para-infarto-e-avc-no-samu-e-nas-upas\/"},"wordCount":529,"publisher":{"@id":"https:\/\/www.grupomedcof.com.br\/blog\/#organization"},"image":{"@id":"https:\/\/www.grupomedcof.com.br\/blog\/nova-lei-amplia-acesso-a-remedios-para-infarto-e-avc-no-samu-e-nas-upas\/#primaryimage"},"thumbnailUrl":"https:\/\/www.grupomedcof.com.br\/blog\/wp-content\/uploads\/2026\/09\/Blog-MedCof-2026-09-03T135241.809.jpg","keywords":["Acidente Vascular Cerebral","Infarto Agudo do Mioc\u00e1rdio","SAMU 192","SUS","Trombol\u00edticos","UPA"],"articleSection":["Angiologia","Atualiza\u00e7\u00f5es","Emerg\u00eancias","Not\u00edcias","Novidades","SUS"],"inLanguage":"pt-BR"},{"@type":"WebPage","@id":"https:\/\/www.grupomedcof.com.br\/blog\/nova-lei-amplia-acesso-a-remedios-para-infarto-e-avc-no-samu-e-nas-upas\/","url":"https:\/\/www.grupomedcof.com.br\/blog\/nova-lei-amplia-acesso-a-remedios-para-infarto-e-avc-no-samu-e-nas-upas\/","name":"Nova lei amplia acesso a rem\u00e9dios para infarto e AVC no Samu e nas UPAs - Blog de Medcof: conte\u00fados, editais, revalida e mais!","isPartOf":{"@id":"https:\/\/www.grupomedcof.com.br\/blog\/#website"},"primaryImageOfPage":{"@id":"https:\/\/www.grupomedcof.com.br\/blog\/nova-lei-amplia-acesso-a-remedios-para-infarto-e-avc-no-samu-e-nas-upas\/#primaryimage"},"image":{"@id":"https:\/\/www.grupomedcof.com.br\/blog\/nova-lei-amplia-acesso-a-remedios-para-infarto-e-avc-no-samu-e-nas-upas\/#primaryimage"},"thumbnailUrl":"https:\/\/www.grupomedcof.com.br\/blog\/wp-content\/uploads\/2026\/09\/Blog-MedCof-2026-09-03T135241.809.jpg","datePublished":"2026-09-03T17:02:22+00:00","dateModified":"2026-09-03T17:03:31+00:00","breadcrumb":{"@id":"https:\/\/www.grupomedcof.com.br\/blog\/nova-lei-amplia-acesso-a-remedios-para-infarto-e-avc-no-samu-e-nas-upas\/#breadcrumb"},"inLanguage":"pt-BR","potentialAction":[{"@type":"ReadAction","target":["https:\/\/www.grupomedcof.com.br\/blog\/nova-lei-amplia-acesso-a-remedios-para-infarto-e-avc-no-samu-e-nas-upas\/"]}]},{"@type":"ImageObject","inLanguage":"pt-BR","@id":"https:\/\/www.grupomedcof.com.br\/blog\/nova-lei-amplia-acesso-a-remedios-para-infarto-e-avc-no-samu-e-nas-upas\/#primaryimage","url":"https:\/\/www.grupomedcof.com.br\/blog\/wp-content\/uploads\/2026\/09\/Blog-MedCof-2026-09-03T135241.809.jpg","contentUrl":"https:\/\/www.grupomedcof.com.br\/blog\/wp-content\/uploads\/2026\/09\/Blog-MedCof-2026-09-03T135241.809.jpg","width":1920,"height":1080,"caption":"Imagem de Canva"},{"@type":"BreadcrumbList","@id":"https:\/\/www.grupomedcof.com.br\/blog\/nova-lei-amplia-acesso-a-remedios-para-infarto-e-avc-no-samu-e-nas-upas\/#breadcrumb","itemListElement":[{"@type":"ListItem","position":1,"name":"In\u00edcio","item":"https:\/\/www.grupomedcof.com.br\/blog\/"},{"@type":"ListItem","position":2,"name":"Nova lei amplia acesso a rem\u00e9dios para infarto e AVC no Samu e nas UPAs"}]},{"@type":"WebSite","@id":"https:\/\/www.grupomedcof.com.br\/blog\/#website","url":"https:\/\/www.grupomedcof.com.br\/blog\/","name":"Blog de Medcof: conte\u00fados, editais, revalida e mais!","description":"Acesso o blog de MedCof! Seu portal de conte\u00fados sobre resid\u00eancia m\u00e9dica, an\u00e1lise e editais e muito mais. Clique e confira!","publisher":{"@id":"https:\/\/www.grupomedcof.com.br\/blog\/#organization"},"alternateName":"Blog de Medcof: conte\u00fados, editais, revalida e mais!","potentialAction":[{"@type":"SearchAction","target":{"@type":"EntryPoint","urlTemplate":"https:\/\/www.grupomedcof.com.br\/blog\/?s={search_term_string}"},"query-input":{"@type":"PropertyValueSpecification","valueRequired":true,"valueName":"search_term_string"}}],"inLanguage":"pt-BR"},{"@type":"Organization","@id":"https:\/\/www.grupomedcof.com.br\/blog\/#organization","name":"Grupo MedCof","url":"https:\/\/www.grupomedcof.com.br\/blog\/","logo":{"@type":"ImageObject","inLanguage":"pt-BR","@id":"https:\/\/www.grupomedcof.com.br\/blog\/#\/schema\/logo\/image\/","url":"https:\/\/www.grupomedcof.com.br\/blog\/wp-content\/uploads\/2022\/01\/logo-medcof.png","contentUrl":"https:\/\/www.grupomedcof.com.br\/blog\/wp-content\/uploads\/2022\/01\/logo-medcof.png","width":768,"height":269,"caption":"Grupo MedCof"},"image":{"@id":"https:\/\/www.grupomedcof.com.br\/blog\/#\/schema\/logo\/image\/"},"sameAs":["https:\/\/www.facebook.com\/MedCofQbank\/","https:\/\/www.instagram.com\/grupomedcof\/","https:\/\/br.linkedin.com\/company\/medcof","https:\/\/www.youtube.com\/channel\/UCdHMuOHKICxcHwecxN8P-AA"]},{"@type":"Person","@id":"https:\/\/www.grupomedcof.com.br\/blog\/#\/schema\/person\/70ee71b33df3dbfed84fba8ce195cdc6","name":"Nana N\u00f3brega","pronouns":"ele\/ela","image":{"@type":"ImageObject","inLanguage":"pt-BR","@id":"https:\/\/www.grupomedcof.com.br\/blog\/wp-content\/uploads\/2026\/03\/cropped-cropped-WhatsApp-Image-2026-03-19-at-09.30.33.jpega4f3600081af811f8cb877d267a26dad","url":"https:\/\/www.grupomedcof.com.br\/blog\/wp-content\/uploads\/2026\/03\/cropped-cropped-WhatsApp-Image-2026-03-19-at-09.30.33.jpeg","contentUrl":"https:\/\/www.grupomedcof.com.br\/blog\/wp-content\/uploads\/2026\/03\/cropped-cropped-WhatsApp-Image-2026-03-19-at-09.30.33.jpeg","caption":"Nana N\u00f3brega"},"description":"Nana N\u00f3brega \u00e9 jornalista formada pela Universidade Estadual Paulista \"J\u00falio de Mesquita Filho\" (UNESP) e estudante de letras portugu\u00eas e lingu\u00edstica da Universidade de S\u00e3o Paulo (USP). Possui experi\u00eancia em sa\u00fade, educa\u00e7\u00e3o m\u00e9dica e acessibilidade. Na MedCof, atua na produ\u00e7\u00e3o de conte\u00fados sobre resid\u00eancia m\u00e9dica, concursos m\u00e9dicos, atualiza\u00e7\u00f5es e not\u00edcias da \u00e1rea da sa\u00fade.","jobTitle":"jornalista","url":"https:\/\/www.grupomedcof.com.br\/blog\/author\/nana\/"}]}},"authors":[{"term_id":3629,"user_id":41,"is_guest":0,"slug":"nana","display_name":"Nana N\u00f3brega","avatar_url":{"url":"https:\/\/www.grupomedcof.com.br\/blog\/wp-content\/uploads\/2026\/03\/cropped-cropped-WhatsApp-Image-2026-03-19-at-09.30.33.jpeg","url2x":"https:\/\/www.grupomedcof.com.br\/blog\/wp-content\/uploads\/2026\/03\/cropped-cropped-WhatsApp-Image-2026-03-19-at-09.30.33.jpeg"},"0":null,"1":"","2":"","3":"","4":"","5":"","6":"","7":"","8":""}],"_links":{"self":[{"href":"https:\/\/www.grupomedcof.com.br\/blog\/wp-json\/wp\/v2\/posts\/48843","targetHints":{"allow":["GET"]}}],"collection":[{"href":"https:\/\/www.grupomedcof.com.br\/blog\/wp-json\/wp\/v2\/posts"}],"about":[{"href":"https:\/\/www.grupomedcof.com.br\/blog\/wp-json\/wp\/v2\/types\/post"}],"author":[{"embeddable":true,"href":"https:\/\/www.grupomedcof.com.br\/blog\/wp-json\/wp\/v2\/users\/41"}],"replies":[{"embeddable":true,"href":"https:\/\/www.grupomedcof.com.br\/blog\/wp-json\/wp\/v2\/comments?post=48843"}],"version-history":[{"count":3,"href":"https:\/\/www.grupomedcof.com.br\/blog\/wp-json\/wp\/v2\/posts\/48843\/revisions"}],"predecessor-version":[{"id":48848,"href":"https:\/\/www.grupomedcof.com.br\/blog\/wp-json\/wp\/v2\/posts\/48843\/revisions\/48848"}],"wp:featuredmedia":[{"embeddable":true,"href":"https:\/\/www.grupomedcof.com.br\/blog\/wp-json\/wp\/v2\/media\/48845"}],"wp:attachment":[{"href":"https:\/\/www.grupomedcof.com.br\/blog\/wp-json\/wp\/v2\/media?parent=48843"}],"wp:term":[{"taxonomy":"category","embeddable":true,"href":"https:\/\/www.grupomedcof.com.br\/blog\/wp-json\/wp\/v2\/categories?post=48843"},{"taxonomy":"post_tag","embeddable":true,"href":"https:\/\/www.grupomedcof.com.br\/blog\/wp-json\/wp\/v2\/tags?post=48843"},{"taxonomy":"author","embeddable":true,"href":"https:\/\/www.grupomedcof.com.br\/blog\/wp-json\/wp\/v2\/ppma_author?post=48843"}],"curies":[{"name":"wp","href":"https:\/\/api.w.org\/{rel}","templated":true}]}}