{"id":5648,"date":"2023-04-19T12:45:18","date_gmt":"2023-04-19T15:45:18","guid":{"rendered":"https:\/\/www.grupomedcof.com.br\/blog\/?p=5648"},"modified":"2025-03-03T10:46:57","modified_gmt":"2025-03-03T13:46:57","slug":"cbc-colegio-brasileiro-de-cirurgioes","status":"publish","type":"post","link":"https:\/\/www.grupomedcof.com.br\/blog\/cbc-colegio-brasileiro-de-cirurgioes\/","title":{"rendered":"Col\u00e9gio Brasileiro de Cirurgi\u00f5es"},"content":{"rendered":"<div id=\"ez-toc-container\" class=\"ez-toc-v2_0_74 counter-hierarchy ez-toc-counter ez-toc-transparent ez-toc-container-direction\">\n<div class=\"ez-toc-title-container\">\n<p class=\"ez-toc-title\" style=\"cursor:inherit\">Sum\u00e1rio<\/p>\n<span class=\"ez-toc-title-toggle\"><a href=\"#\" class=\"ez-toc-pull-right ez-toc-btn ez-toc-btn-xs ez-toc-btn-default ez-toc-toggle\" aria-label=\"Alternar tabela de conte\u00fado\"><span class=\"ez-toc-js-icon-con\"><span class=\"\"><span class=\"eztoc-hide\" style=\"display:none;\">Toggle<\/span><span class=\"ez-toc-icon-toggle-span\"><svg style=\"fill: #999;color:#999\" xmlns=\"http:\/\/www.w3.org\/2000\/svg\" class=\"list-377408\" width=\"20px\" height=\"20px\" viewBox=\"0 0 24 24\" fill=\"none\"><path d=\"M6 6H4v2h2V6zm14 0H8v2h12V6zM4 11h2v2H4v-2zm16 0H8v2h12v-2zM4 16h2v2H4v-2zm16 0H8v2h12v-2z\" fill=\"currentColor\"><\/path><\/svg><svg style=\"fill: #999;color:#999\" class=\"arrow-unsorted-368013\" xmlns=\"http:\/\/www.w3.org\/2000\/svg\" width=\"10px\" height=\"10px\" viewBox=\"0 0 24 24\" version=\"1.2\" baseProfile=\"tiny\"><path d=\"M18.2 9.3l-6.2-6.3-6.2 6.3c-.2.2-.3.4-.3.7s.1.5.3.7c.2.2.4.3.7.3h11c.3 0 .5-.1.7-.3.2-.2.3-.5.3-.7s-.1-.5-.3-.7zM5.8 14.7l6.2 6.3 6.2-6.3c.2-.2.3-.5.3-.7s-.1-.5-.3-.7c-.2-.2-.4-.3-.7-.3h-11c-.3 0-.5.1-.7.3-.2.2-.3.5-.3.7s.1.5.3.7z\"\/><\/svg><\/span><\/span><\/span><\/a><\/span><\/div>\n<nav><ul class='ez-toc-list ez-toc-list-level-1 ' ><li class='ez-toc-page-1 ez-toc-heading-level-2'><a class=\"ez-toc-link ez-toc-heading-1\" href=\"https:\/\/www.grupomedcof.com.br\/blog\/cbc-colegio-brasileiro-de-cirurgioes\/#Sobre_o_Colegio_Brasileiro_de_Cirurgioes\" >Sobre o Col\u00e9gio Brasileiro de Cirurgi\u00f5es<\/a><ul class='ez-toc-list-level-3' ><li class='ez-toc-heading-level-3'><a class=\"ez-toc-link ez-toc-heading-2\" href=\"https:\/\/www.grupomedcof.com.br\/blog\/cbc-colegio-brasileiro-de-cirurgioes\/#Como_associar-se_ao_CBC\" >Como associar-se ao CBC?<\/a><\/li><li class='ez-toc-page-1 ez-toc-heading-level-3'><a class=\"ez-toc-link ez-toc-heading-3\" href=\"https:\/\/www.grupomedcof.com.br\/blog\/cbc-colegio-brasileiro-de-cirurgioes\/#Oportunidades_com_titulo_CBC\" >Oportunidades com t\u00edtulo CBC<\/a><\/li><\/ul><\/li><li class='ez-toc-page-1 ez-toc-heading-level-2'><a class=\"ez-toc-link ez-toc-heading-4\" href=\"https:\/\/www.grupomedcof.com.br\/blog\/cbc-colegio-brasileiro-de-cirurgioes\/#A_Especialidade_de_Cirurgia_Geral\" >A Especialidade de Cirurgia Geral<\/a><\/li><li class='ez-toc-page-1 ez-toc-heading-level-2'><a class=\"ez-toc-link ez-toc-heading-5\" href=\"https:\/\/www.grupomedcof.com.br\/blog\/cbc-colegio-brasileiro-de-cirurgioes\/#Como_adquirir_o_Titulo_do_CBC\" >Como adquirir o T\u00edtulo do CBC?<\/a><\/li><li class='ez-toc-page-1 ez-toc-heading-level-2'><a class=\"ez-toc-link ez-toc-heading-6\" href=\"https:\/\/www.grupomedcof.com.br\/blog\/cbc-colegio-brasileiro-de-cirurgioes\/#Como_foi_a_edicao_de_2022_do_CBC\" >Como foi a edi\u00e7\u00e3o de 2022 do CBC<\/a><ul class='ez-toc-list-level-3' ><li class='ez-toc-heading-level-3'><a class=\"ez-toc-link ez-toc-heading-7\" href=\"https:\/\/www.grupomedcof.com.br\/blog\/cbc-colegio-brasileiro-de-cirurgioes\/#Prova_Objetiva\" >Prova Objetiva&nbsp;<\/a><\/li><li class='ez-toc-page-1 ez-toc-heading-level-3'><a class=\"ez-toc-link ez-toc-heading-8\" href=\"https:\/\/www.grupomedcof.com.br\/blog\/cbc-colegio-brasileiro-de-cirurgioes\/#Prova_Pratica\" >Prova Pr\u00e1tica&nbsp;<\/a><\/li><\/ul><\/li><li class='ez-toc-page-1 ez-toc-heading-level-2'><a class=\"ez-toc-link ez-toc-heading-9\" href=\"https:\/\/www.grupomedcof.com.br\/blog\/cbc-colegio-brasileiro-de-cirurgioes\/#Seja_um_MedCofer\" >Seja um MedCofer!<\/a><\/li><li class='ez-toc-page-1 ez-toc-heading-level-2'><a class=\"ez-toc-link ez-toc-heading-10\" href=\"https:\/\/www.grupomedcof.com.br\/blog\/cbc-colegio-brasileiro-de-cirurgioes\/#Preparatorio_para_a_prova_CBC\" >Preparat\u00f3rio para a prova CBC<\/a><\/li><\/ul><\/nav><\/div>\n\n<figure class=\"wp-block-table\"><table class=\"has-fixed-layout\"><tbody><tr><td rowspan=\"2\"><\/td><\/tr><\/tbody><\/table><\/figure>\n\n\n\n<figure class=\"wp-block-image\"><img decoding=\"async\" src=\"https:\/\/www.grupomedcof.com.br\/blog\/wp-content\/uploads\/2023\/04\/saiba-mais-sobre-a-32-1024x576.png\" alt=\"CBC - Col\u00e9gio Brasileiro de Cirurgi\u00f5es\"\/><figcaption class=\"wp-element-caption\">Saiba mais sobre o CBC, Col\u00e9gio Brasileiro de Cirurgi\u00f5es e sobre o T\u00edtulo de Especialista em Cirurgia Geral<\/figcaption><\/figure>\n\n\n\n<h2 class=\"wp-block-heading\" id=\"h-sobre-o-colegio-brasileiro-de-cirurgioes\"><span class=\"ez-toc-section\" id=\"Sobre_o_Colegio_Brasileiro_de_Cirurgioes\"><\/span><b>Sobre<\/b> <b>o Col\u00e9gio Brasileiro de Cirurgi\u00f5es<\/b><span class=\"ez-toc-section-end\"><\/span><\/h2>\n\n\n\n<figure class=\"wp-block-image\"><img decoding=\"async\" src=\"https:\/\/www.grupomedcof.com.br\/blog\/wp-content\/uploads\/2023\/04\/Logo-CBC.jpg\" alt=\"CBC - Col\u00e9gio Brasileiro de Cirurgi\u00f5es\"\/><\/figure>\n\n\n\n<p>Fundado em 1929, aos moldes do&nbsp;<em><a href=\"https:\/\/www.facs.org\/\" target=\"_blank\" rel=\"noopener\">American College of Surgeons<\/a>,<\/em> o CBC, Col\u00e9gio Brasileiro de Cirurgi\u00f5es \u00e9 considerado a<strong> maior entidade<\/strong><b> Cir\u00fargica da Am\u00e9rica Latina<\/b>. Ele \u00e9 respons\u00e1vel por proporcionar aos profissionais da \u00e1rea <b>maior renome<\/b>, al\u00e9m de acesso \u00e0 <b>melhores materiais e oportunidades de estudo.&nbsp;<\/b><\/p>\n\n\n\n<p>Assim, o CBC integra cerca de<b> 5 mil membros<\/b> e possui outras <b>sociedades nacionais e internacionais conveniadas<\/b>, como Ginecologia e Obstetr\u00edcia, Oftalmologia e Infectologia, entre diversas outras.<\/p>\n\n\n\n<p>Segundo a institui\u00e7\u00e3o, o prop\u00f3sito \u00e9 tornar-se um \u00f3rg\u00e3o cientificamente atuante, preocupado em apresentar para seus membros as&nbsp;discuss\u00f5es sobre a modernidade da cirurgia,&nbsp;valorizando os avan\u00e7os atuais e&nbsp;priorizando as evid\u00eancias. Dessa forma, acredita-se na possibilidade de discutir solu\u00e7\u00f5es atuais para as doen\u00e7as cir\u00fargicas que atingem pessoas dos mais diferentes n\u00edveis socioculturais.<\/p>\n\n\n\n<p>De acordo com o edital, os candidatos aprovados no T\u00edtulo de Especialista em Cirurgia Geral&nbsp; ter\u00e3o o selo de especialista e o perfil personalizado na&nbsp; p\u00e1gina de membro do site CBC. Al\u00e9m disso, eles ganhar\u00e3o acesso \u00e0 assessoria jur\u00eddica, descontos em cursos, congressos, livros acad\u00eamicos, educa\u00e7\u00e3o continuada em cirurgia geral, al\u00e9m de pesquisa em mais de 2 mil revistas internacionais. Portanto, para ser uma associado do CBC \u00e9 necess\u00e1rio concluir a<strong>&nbsp;resid\u00eancia m\u00e9dica em&nbsp;Cirurgia Geral.<\/strong>&nbsp;Esta \u00e9 uma das&nbsp;especialidade&nbsp;mais abrangentes dentro da medicina, pois engloba \u00e1reas como&nbsp;<a href=\"https:\/\/www.grupomedcof.com.br\/blog\/cirurgia-do-trauma-tudo-sobre-a-formacao-e-atuacao-na-area\/\" target=\"_blank\" rel=\"noreferrer noopener\">Cirurgia do Trauma<\/a>, Cirurgia abdominal e possibilita realizar cirurgias eletivas, plant\u00f5es em emerg\u00eancias, atendimentos ambulatoriais, bem como atuar em prontos-socorros.<\/p>\n\n\n\n<figure class=\"wp-block-image\"><img decoding=\"async\" src=\"https:\/\/www.grupomedcof.com.br\/blog\/wp-content\/uploads\/2023\/04\/saiba-mais-sobre-a-30-768x432.png\" alt=\"O que \u00e9 o CBC?\"\/><\/figure>\n\n\n\n<h3 class=\"wp-block-heading\" id=\"h-como-associar-se-ao-cbc\"><span class=\"ez-toc-section\" id=\"Como_associar-se_ao_CBC\"><\/span><b>Como associar-se ao CBC?<\/b><span class=\"ez-toc-section-end\"><\/span><\/h3>\n\n\n\n<p>Desse modo, atrav\u00e9s da associa\u00e7\u00e3o, \u00e9 poss\u00edvel assumir cargos como titular, titular-colaborador, adjunto internacional, aspirante e acad\u00eamico, sendo, inclusive,&nbsp;permitido que&nbsp;estudantes manifestem interesse&nbsp;e assumam o posto caso sejam aprovados. Neste caso, para o cargo de titular, exige-se ter o diploma de Medicina, h\u00e1 no m\u00ednimo 6 anos.<\/p>\n\n\n\n<p>Para associar-se \u00e9 necess\u00e1rio enviar uma c\u00f3pia do curr\u00edculo e pagar a taxa estabelecida. Ap\u00f3s o envio, a Secretaria Geral da institui\u00e7\u00e3o avalia os documentos e contata os candidatos por e-mail em at\u00e9 30 dias \u00fateis. Saiba os pr\u00e9-requisitos acessando o&nbsp;<a href=\"https:\/\/cbc.org.br\/servicos\/associe-se\/\">site<\/a> do CBC.<\/p>\n\n\n\n<h3 class=\"wp-block-heading\" id=\"h-oportunidades-com-titulo-cbc\"><span class=\"ez-toc-section\" id=\"Oportunidades_com_titulo_CBC\"><\/span><strong>Oportunidades com t\u00edtulo CBC<\/strong><span class=\"ez-toc-section-end\"><\/span><\/h3>\n\n\n\n<p>Pensado nisso, os candidatos aprovados ter\u00e3o o <b>selo de especialista<\/b> e o<b> perfil personalizado na&nbsp; p\u00e1gina<\/b> de membro do site CBC, bem como o acesso \u00e0 assessoria jur\u00eddica, descontos em cursos, congressos, livros acad\u00eamicos, educa\u00e7\u00e3o continuada em cirurgia geral, al\u00e9m de pesquisas em mais de 2 mil revistas internacionais.<\/p>\n\n\n\n<h2 class=\"wp-block-heading\" id=\"h-a-especialidade-de-cirurgia-geral\"><span class=\"ez-toc-section\" id=\"A_Especialidade_de_Cirurgia_Geral\"><\/span><strong>A Especialidade de Cirurgia Geral<\/strong><figure><img loading=\"lazy\" decoding=\"async\" src=\"https:\/\/www.grupomedcof.com.br\/blog\/wp-content\/uploads\/2023\/04\/saiba-mais-sobre-a-31-1024x576.png\" sizes=\"auto, (max-width: 800px) 100vw, 800px\" srcset=\"https:\/\/www.grupomedcof.com.br\/blog\/wp-content\/uploads\/2023\/04\/saiba-mais-sobre-a-31-1024x576.png 1024w, https:\/\/www.grupomedcof.com.br\/blog\/wp-content\/uploads\/2023\/04\/saiba-mais-sobre-a-31-300x169.png 300w, https:\/\/www.grupomedcof.com.br\/blog\/wp-content\/uploads\/2023\/04\/saiba-mais-sobre-a-31-768x432.png 768w, https:\/\/www.grupomedcof.com.br\/blog\/wp-content\/uploads\/2023\/04\/saiba-mais-sobre-a-31-1536x864.png 1536w, https:\/\/www.grupomedcof.com.br\/blog\/wp-content\/uploads\/2023\/04\/saiba-mais-sobre-a-31-2048x1152.png 2048w\" alt=\"Especialista em Cirurgia Geral\" width=\"800\" height=\"450\"><\/figure><span class=\"ez-toc-section-end\"><\/span><\/h2>\n\n\n\n<p>Portanto, para ser um associado do CBC \u00e9 necess\u00e1rio ter feito a <b>resid\u00eancia m\u00e9dica em <a href=\"https:\/\/www.grupomedcof.com.br\/blog\/cirurgia-geral-o-que-e-e-como-fazer-essa-especializacao\/\">Cirurgia Geral.<\/a> <\/b>Esta \u00e9 uma das&nbsp;especialidade&nbsp;mais abrangentes dentro da medicina, pois engloba \u00e1reas como&nbsp;<a href=\"https:\/\/www.grupomedcof.com.br\/blog\/cirurgia-do-trauma-tudo-sobre-a-formacao-e-atuacao-na-area\/\" target=\"_blank\" rel=\"noopener\">Cirurgia do Trauma<\/a>, Cirurgia abdominal e possibilita realizar cirurgias eletivas, plant\u00f5es em emerg\u00eancias, atendimentos ambulatoriais, bem como atuar em prontos-socorros.<\/p>\n\n\n\n<p>Al\u00e9m disso, uma das raz\u00f5es da resid\u00eancia em Cirurgia Geral ter grande concorr\u00eancia, se deve ao fato dela ser <b>pr\u00e9-requisito para outras \u00e1reas cir\u00fargicas<\/b>, como:<\/p>\n\n\n\n<ul class=\"wp-block-list\">\n<li>Urologia;<\/li>\n\n\n\n<li>Mastologia;<\/li>\n\n\n\n<li>Cirurgia Pl\u00e1stica;<\/li>\n\n\n\n<li>Cirurgia Tor\u00e1cica;<\/li>\n\n\n\n<li>Medicina Intensiva;<\/li>\n\n\n\n<li>Cirurgia do Aparelho Digestivo;<\/li>\n\n\n\n<li>Cirurgia de cabe\u00e7a e pesco\u00e7o<\/li>\n<\/ul>\n\n\n\n<p>Pertencendo ao programa de Acesso Direto e com a<b> dura\u00e7\u00e3o de 3 anos<\/b>, espera-se do profissional que ao fim de sua forma\u00e7\u00e3o de especialista, adquira as habilidades necess\u00e1rias para atuar em todos os campos da Cirurgia Geral.<\/p>\n\n\n\n<p>Quer tirar suas principais d\u00favidas sobre a especialidade e a resid\u00eancia em Cirurgia Geral? Ent\u00e3o confira o primeiro epis\u00f3dio do <b>podcast&nbsp;<a href=\"https:\/\/open.spotify.com\/show\/3MyFcLlKhKequpHll6qpue?si=abb6d2b16b92401f\" target=\"_blank\" rel=\"noopener\">Papo de Residente<\/a><\/b>!<\/p>\n\n\n\n<p>Neste epis\u00f3dio, Jessyca Nobre, acad\u00eamica do segundo ano de medicina, conversa com o Dr. Henrique Lunardelli, formado em Geral Avan\u00e7ada e Cirurgia do Trauma pela USP-SP e com o Dr. Felipe Fernandes, formado em Cirurgia do Aparelho Digestivo pela USP-SP!<\/p>\n\n\n\n<h2 class=\"wp-block-heading\" id=\"h-como-adquirir-o-titulo-do-cbc\"><span class=\"ez-toc-section\" id=\"Como_adquirir_o_Titulo_do_CBC\"><\/span><b>Como adquirir o T\u00edtulo do CBC?<\/b><span class=\"ez-toc-section-end\"><\/span><\/h2>\n\n\n\n<p>O <b>T\u00edtulo de Especialista em Cirurgia Geral <\/b>pode ser adquirido automaticamente ao fim programa de Resid\u00eancia M\u00e9dica. Entretanto, aqueles que optarem por cursar \u00c1rea Cirurgia B\u00e1sica, ao final do segundo ano de resid\u00eancia, poder\u00e3o disputar a vaga para o pr\u00f3ximo ano e, assim, adquirir o t\u00edtulo.<\/p>\n\n\n\n<p>Al\u00e9m disso, h\u00e1 possibilidade de realizar&nbsp;a prova CBC. Esta op\u00e7\u00e3o \u00e9 disponibilizada para os candidatos que realizaram&nbsp;treinamentos de dois anos servi\u00e7os credenciados pelo CBC, acrescidos de 2 anos de exerc\u00edcio na especialidade, ou para aqueles registrados no CRM no m\u00ednimo h\u00e1 6 anos com atividades comprovadas.<\/p>\n\n\n\n<h2 class=\"wp-block-heading\" id=\"h-como-foi-a-edicao-de-2022-do-cbc\"><span class=\"ez-toc-section\" id=\"Como_foi_a_edicao_de_2022_do_CBC\"><\/span><b>Como foi a edi\u00e7\u00e3o de 2022 do CBC<\/b><span class=\"ez-toc-section-end\"><\/span><\/h2>\n\n\n\n<p>Dessa forma, a publica\u00e7\u00e3o do&nbsp;<a href=\"https:\/\/cbc.org.br\/wp-content\/uploads\/2022\/09\/Edital-Concurso-de-T%C3%ADtulo-de-Especialista-em-Cirurgia-Geral-2022.pdf\">edital<\/a>&nbsp;para a prova de <strong>T\u00edtulo de especialista em Cirurgia Geral (CBC 2022) <\/strong>ocorreu atrav\u00e9s do site do Col\u00e9gio Brasileiro de Cirurgi\u00f5es, no qual os candidatos conferiram as principais informa\u00e7\u00f5es sobre a edi\u00e7\u00e3o de 2022 e os requisitos exigidos.<\/p>\n\n\n\n<p>A taxa de inscri\u00e7\u00e3o para a primeira fase, foi definida no valor de<strong>&nbsp;R$ 850,00 para s\u00f3cios da AMB<\/strong>&nbsp;(Associa\u00e7\u00e3o M\u00e9dica Brasileira) e&nbsp;<strong>R$1.275,00 para n\u00e3o s\u00f3cios<\/strong>. Desse modo, os candidatos aprovados tiveram conhecimento do valor da taxa da segunda fase atrav\u00e9s do e-mail.<\/p>\n\n\n\n<h3 class=\"wp-block-heading\" id=\"h-prova-objetiva-nbsp\"><span class=\"ez-toc-section\" id=\"Prova_Objetiva\"><\/span><strong>Prova Objetiva&nbsp;<\/strong><span class=\"ez-toc-section-end\"><\/span><\/h3>\n\n\n\n<p>Dessa forma, conforme o cronograma, a aplica\u00e7\u00e3o da prova objetiva do CBC ocorreu no dia<strong>&nbsp;11 de dezembro de 2022<\/strong>, \u00e0s 9h e com 3h de dura\u00e7\u00e3o (hor\u00e1rio de Bras\u00edlia). Realizada de maneira online, ela conteve&nbsp;<strong>100 quest\u00f5es de m\u00faltipla<\/strong>&nbsp;escolha com 4 alternativas e uma \u00fanica correta.<\/p>\n\n\n\n<p>Assim,&nbsp;o acesso para a prova foi feito&nbsp;por meio de um&nbsp;<strong>browser seguro e instalado no computador do candidato.<\/strong>&nbsp;Ap\u00f3s a realiza\u00e7\u00e3o, tanto o gabarito e quanto a c\u00f3pia do caderno de quest\u00f5es estiveram dispon\u00edveis 2h depois do encerramento, acessados por e-mail com o m\u00ednimo de 48h de anteced\u00eancia do inicio do prazo para interposi\u00e7\u00e3o dos recursos.<\/p>\n\n\n\n<p>Por fim, em rela\u00e7\u00e3o ao resultado final para o T\u00edtulo de Especialista em Cirurgia Geral, a divulga\u00e7\u00e3o foi feita at\u00e9 o per\u00edodo de&nbsp;<strong>30 dias ap\u00f3s a realiza\u00e7\u00e3o da prova pr\u00e1tica<\/strong>, tamb\u00e9m disponibilizada por e-mail.<\/p>\n\n\n\n<h3 class=\"wp-block-heading\" id=\"h-prova-pratica-nbsp\"><span class=\"ez-toc-section\" id=\"Prova_Pratica\"><\/span><strong>Prova Pr\u00e1tica&nbsp;<\/strong><span class=\"ez-toc-section-end\"><\/span><\/h3>\n\n\n\n<p>Desse modo, aqueles que obtiveram pontua\u00e7\u00e3o suficiente prosseguiram para a pr\u00f3xima, a prova pr\u00e1tica. Realizada no dia<strong>&nbsp;26 de mar\u00e7o de 2023<\/strong>, na cidade do Rio de Janeiro, de forma presencial e durante 10 horas.<\/p>\n\n\n\n<p>Assim, os candidatos forma avaliados atrav\u00e9s de discuss\u00f5es de casos cl\u00ednicos cir\u00fargicos, exames complementares e perguntas sobre o programa. Al\u00e9m disso, tamb\u00e9m houveram esta\u00e7\u00f5es pr\u00e1ticas para atendimento de casos cl\u00ednicos que comp\u00f5em o caderno de situa\u00e7\u00f5es cl\u00ednicas que representam o programa te\u00f3rico do concurso.<\/p>\n\n\n\n<h2 class=\"wp-block-heading\" id=\"h-seja-um-medcofer\"><span class=\"ez-toc-section\" id=\"Seja_um_MedCofer\"><\/span><strong>Seja um MedCofer!<\/strong><span class=\"ez-toc-section-end\"><\/span><\/h2>\n\n\n\n<p>Quer alcan\u00e7ar a aprova\u00e7\u00e3o nas provas de resid\u00eancia m\u00e9dica? Ent\u00e3o seja um&nbsp;<a href=\"https:\/\/www.grupomedcof.com.br\/home\/\" target=\"_blank\" rel=\"noreferrer noopener\">MedCoffer<\/a>! Aqui te ajudaremos na busca da aprova\u00e7\u00e3o com conte\u00fados de qualidade e uma&nbsp;<a href=\"https:\/\/www.grupomedcof.com.br\/blog\/presenca-da-medcof-nas-aprovacoes-em-residencia-medica-no-brasil\/\" target=\"_blank\" rel=\"noreferrer noopener\">metodologia que j\u00e1 aprovou mais de 10 mil residentes no pa\u00eds!&nbsp;<\/a>Por fim, acesse o nosso<a href=\"https:\/\/www.youtube.com\/@GrupoMedcof\/featured\" target=\"_blank\" rel=\"noreferrer noopener\">&nbsp;<strong>canal do youtube&nbsp;<\/strong><\/a>para ver o nosso material de revis\u00e3o e corre\u00e7\u00e3o.<\/p>\n\n\n\n<figure class=\"wp-block-embed is-type-video is-provider-youtube wp-block-embed-youtube wp-embed-aspect-16-9 wp-has-aspect-ratio\"><div class=\"wp-block-embed__wrapper\">\n<div class=\"youtube-embed\" data-video_id=\"FJ6ttcVSUvM\"><iframe loading=\"lazy\" title=\"Masterclass - Dominando a Prova do CBC\" width=\"696\" height=\"392\" src=\"https:\/\/www.youtube.com\/embed\/FJ6ttcVSUvM?start=34&#038;feature=oembed\" frameborder=\"0\" allow=\"accelerometer; autoplay; clipboard-write; encrypted-media; gyroscope; picture-in-picture; web-share\" referrerpolicy=\"strict-origin-when-cross-origin\" allowfullscreen><\/iframe><\/div>\n<\/div><\/figure>\n\n\n\n<p>Sendo assim,&nbsp; a segunda fase comporta uma <b>avalia\u00e7\u00e3o oral juntamente com uma simula\u00e7\u00e3o<\/b>. Ela \u00e9 feita de maneira presencial e avaliar\u00e1 a <b>discuss\u00e3o de casos cl\u00ednicos cir\u00fargicos, exames complementares e perguntas sobre o programa. <\/b>J\u00e1 a simula\u00e7\u00e3o envolve esta\u00e7\u00f5es pr\u00e1ticas para atendimentos de casos cl\u00ednicos.<\/p>\n\n\n\n<p>Desse modo, o candidato que obter a pontua\u00e7\u00e3o necess\u00e1ria ter\u00e1 o T\u00edtulo de Especialista em Cirurgia Geral e poder\u00e1 usufruir dos benef\u00edcios que o selo concede.<\/p>\n\n\n\n<h2 class=\"wp-block-heading\" id=\"h-preparatorio-para-a-prova-cbc\"><span class=\"ez-toc-section\" id=\"Preparatorio_para_a_prova_CBC\"><\/span><b>Preparat\u00f3rio para a prova CBC<\/b><span class=\"ez-toc-section-end\"><\/span><\/h2>\n\n\n\n<p>Tem interesse em adquirir o t\u00edtulo CBC por meio da provas da pr\u00f3xima edi\u00e7\u00e3o, ou quer se preparar para a avalia\u00e7\u00e3o oral e as simula\u00e7\u00f5es? O <b>Grupo MedCof<\/b> pensou em um curso exclusivo para voc\u00ea, o&nbsp;<b><a href=\"https:\/\/www.grupomedcof.com.br\/titulo-cbc-curso\/?gclid=CjwKCAjw3POhBhBQEiwAqTCuBjgJ090ONB5-HNlp2jQS2JWMQnFiMv55FAV0cRdtM_WU0v239WaAvBoCWRAQAvD_BwE\" target=\"_blank\" rel=\"noopener\">Preparat\u00f3rio para a Prova CBC<\/a>!<\/b> Nele, voc\u00ea ter\u00e1 conhecimentos que s\u00f3 um especialista na \u00e1rea poderia compartilhar! Confira e aumente as suas chances de ser aprovado!<\/p>\n\n\n\n<figure class=\"wp-block-image\"><img decoding=\"async\" src=\"https:\/\/www.grupomedcof.com.br\/blog\/wp-content\/uploads\/2023\/04\/Captura-de-tela-2023-04-17-095952-1024x452.png\" alt=\"Preparat\u00f3rio para a Prova CBC\"\/><\/figure>\n\n\n\n<p><\/p>\n","protected":false},"excerpt":{"rendered":"<p>Saiba mais sobre o T\u00edtulo CBC e o Col\u00e9gio Brasileiro de Cirurgi\u00f5es. Considerado a maior entidade Cir\u00fargica da Am\u00e9rica Latina.<\/p>\n","protected":false},"author":6,"featured_media":5704,"comment_status":"open","ping_status":"open","sticky":false,"template":"","format":"standard","meta":{"footnotes":""},"categories":[1409],"tags":[959,2667,118,1410,160,960],"ppma_author":[3609],"class_list":{"0":"post-5648","1":"post","2":"type-post","3":"status-publish","4":"format-standard","5":"has-post-thumbnail","7":"category-prova-de-titulo","8":"tag-cbc","9":"tag-cbc-2022","10":"tag-cirurgia-geral","11":"tag-colegio-brasileiro-de-cirurgioes","12":"tag-especialidades-cirurgicas","13":"tag-prova-de-titulo-do-cbc"},"yoast_head":"<!-- This site is optimized with the Yoast SEO Premium plugin v24.3 (Yoast SEO v27.4) - https:\/\/yoast.com\/product\/yoast-seo-premium-wordpress\/ -->\n<title>Col\u00e9gio Brasileiro de Cirurgi\u00f5es - Blog de Medcof: conte\u00fados, editais, revalida e mais!<\/title>\n<meta name=\"description\" content=\"Saiba mais sobre o T\u00edtulo CBC e o Col\u00e9gio Brasileiro de Cirurgi\u00f5es. Considerado a maior entidade Cir\u00fargica da Am\u00e9rica Latina.\" \/>\n<meta name=\"robots\" content=\"index, follow, max-snippet:-1, max-image-preview:large, max-video-preview:-1\" \/>\n<link rel=\"canonical\" href=\"https:\/\/www.grupomedcof.com.br\/blog\/cbc-colegio-brasileiro-de-cirurgioes\/\" \/>\n<meta property=\"og:locale\" content=\"pt_BR\" \/>\n<meta property=\"og:type\" content=\"article\" \/>\n<meta property=\"og:title\" content=\"Col\u00e9gio Brasileiro de Cirurgi\u00f5es\" \/>\n<meta property=\"og:description\" content=\"Saiba mais sobre o T\u00edtulo CBC e o Col\u00e9gio Brasileiro de Cirurgi\u00f5es. Considerado a maior entidade Cir\u00fargica da Am\u00e9rica Latina.\" \/>\n<meta property=\"og:url\" content=\"https:\/\/www.grupomedcof.com.br\/blog\/cbc-colegio-brasileiro-de-cirurgioes\/\" \/>\n<meta property=\"og:site_name\" content=\"Blog de Medcof: conte\u00fados, editais, revalida e mais!\" \/>\n<meta property=\"article:publisher\" content=\"https:\/\/www.facebook.com\/MedCofQbank\/\" \/>\n<meta property=\"article:published_time\" content=\"2023-04-19T15:45:18+00:00\" \/>\n<meta property=\"article:modified_time\" content=\"2025-03-03T13:46:57+00:00\" \/>\n<meta property=\"og:image\" content=\"https:\/\/www.grupomedcof.com.br\/blog\/wp-content\/uploads\/2023\/04\/saiba-mais-sobre-a-32-1024x576.png\" \/>\n\t<meta property=\"og:image:width\" content=\"1024\" \/>\n\t<meta property=\"og:image:height\" content=\"576\" \/>\n\t<meta property=\"og:image:type\" content=\"image\/png\" \/>\n<meta name=\"author\" content=\"J\u00falia Moreira\" \/>\n<meta name=\"twitter:card\" content=\"summary_large_image\" \/>\n<meta name=\"twitter:label1\" content=\"Escrito por\" \/>\n\t<meta name=\"twitter:data1\" content=\"J\u00falia Moreira\" \/>\n\t<meta name=\"twitter:label2\" content=\"Est. tempo de leitura\" \/>\n\t<meta name=\"twitter:data2\" content=\"8 minutos\" \/>\n<script type=\"application\/ld+json\" class=\"yoast-schema-graph\">{\"@context\":\"https:\\\/\\\/schema.org\",\"@graph\":[{\"@type\":\"Article\",\"@id\":\"https:\\\/\\\/www.grupomedcof.com.br\\\/blog\\\/cbc-colegio-brasileiro-de-cirurgioes\\\/#article\",\"isPartOf\":{\"@id\":\"https:\\\/\\\/www.grupomedcof.com.br\\\/blog\\\/cbc-colegio-brasileiro-de-cirurgioes\\\/\"},\"author\":{\"name\":\"J\u00falia Moreira\",\"@id\":\"https:\\\/\\\/www.grupomedcof.com.br\\\/blog\\\/#\\\/schema\\\/person\\\/1375e0ce724529d7a1d8156ea7f8ceaa\"},\"headline\":\"Col\u00e9gio Brasileiro de Cirurgi\u00f5es\",\"datePublished\":\"2023-04-19T15:45:18+00:00\",\"dateModified\":\"2025-03-03T13:46:57+00:00\",\"mainEntityOfPage\":{\"@id\":\"https:\\\/\\\/www.grupomedcof.com.br\\\/blog\\\/cbc-colegio-brasileiro-de-cirurgioes\\\/\"},\"wordCount\":1430,\"commentCount\":3,\"publisher\":{\"@id\":\"https:\\\/\\\/www.grupomedcof.com.br\\\/blog\\\/#organization\"},\"image\":{\"@id\":\"https:\\\/\\\/www.grupomedcof.com.br\\\/blog\\\/cbc-colegio-brasileiro-de-cirurgioes\\\/#primaryimage\"},\"thumbnailUrl\":\"https:\\\/\\\/www.grupomedcof.com.br\\\/blog\\\/wp-content\\\/uploads\\\/2023\\\/04\\\/saiba-mais-sobre-a-32.png\",\"keywords\":[\"cbc\",\"CBC 2022\",\"Cirurgia Geral\",\"Col\u00e9gio Brasileiro de Cirurgi\u00f5es\",\"Especialidades cir\u00fargicas\",\"prova de t\u00edtulo do cbc\"],\"articleSection\":[\"Prova de T\u00edtulo: dicas e informa\u00e7\u00f5es confi\u00e1veis e atualizadas\"],\"inLanguage\":\"pt-BR\"},{\"@type\":\"WebPage\",\"@id\":\"https:\\\/\\\/www.grupomedcof.com.br\\\/blog\\\/cbc-colegio-brasileiro-de-cirurgioes\\\/\",\"url\":\"https:\\\/\\\/www.grupomedcof.com.br\\\/blog\\\/cbc-colegio-brasileiro-de-cirurgioes\\\/\",\"name\":\"Col\u00e9gio Brasileiro de Cirurgi\u00f5es - Blog de Medcof: conte\u00fados, editais, revalida e mais!\",\"isPartOf\":{\"@id\":\"https:\\\/\\\/www.grupomedcof.com.br\\\/blog\\\/#website\"},\"primaryImageOfPage\":{\"@id\":\"https:\\\/\\\/www.grupomedcof.com.br\\\/blog\\\/cbc-colegio-brasileiro-de-cirurgioes\\\/#primaryimage\"},\"image\":{\"@id\":\"https:\\\/\\\/www.grupomedcof.com.br\\\/blog\\\/cbc-colegio-brasileiro-de-cirurgioes\\\/#primaryimage\"},\"thumbnailUrl\":\"https:\\\/\\\/www.grupomedcof.com.br\\\/blog\\\/wp-content\\\/uploads\\\/2023\\\/04\\\/saiba-mais-sobre-a-32.png\",\"datePublished\":\"2023-04-19T15:45:18+00:00\",\"dateModified\":\"2025-03-03T13:46:57+00:00\",\"description\":\"Saiba mais sobre o T\u00edtulo CBC e o Col\u00e9gio Brasileiro de Cirurgi\u00f5es. Considerado a maior entidade Cir\u00fargica da Am\u00e9rica Latina.\",\"breadcrumb\":{\"@id\":\"https:\\\/\\\/www.grupomedcof.com.br\\\/blog\\\/cbc-colegio-brasileiro-de-cirurgioes\\\/#breadcrumb\"},\"inLanguage\":\"pt-BR\",\"potentialAction\":[{\"@type\":\"ReadAction\",\"target\":[\"https:\\\/\\\/www.grupomedcof.com.br\\\/blog\\\/cbc-colegio-brasileiro-de-cirurgioes\\\/\"]}]},{\"@type\":\"ImageObject\",\"inLanguage\":\"pt-BR\",\"@id\":\"https:\\\/\\\/www.grupomedcof.com.br\\\/blog\\\/cbc-colegio-brasileiro-de-cirurgioes\\\/#primaryimage\",\"url\":\"https:\\\/\\\/www.grupomedcof.com.br\\\/blog\\\/wp-content\\\/uploads\\\/2023\\\/04\\\/saiba-mais-sobre-a-32.png\",\"contentUrl\":\"https:\\\/\\\/www.grupomedcof.com.br\\\/blog\\\/wp-content\\\/uploads\\\/2023\\\/04\\\/saiba-mais-sobre-a-32.png\",\"width\":2560,\"height\":1440,\"caption\":\"Saiba mais sobre o CBC, Col\u00e9gio Brasileiro de Cirurgi\u00f5es e sobre o T\u00edtulo de Especialista em Cirurgia Geral\"},{\"@type\":\"BreadcrumbList\",\"@id\":\"https:\\\/\\\/www.grupomedcof.com.br\\\/blog\\\/cbc-colegio-brasileiro-de-cirurgioes\\\/#breadcrumb\",\"itemListElement\":[{\"@type\":\"ListItem\",\"position\":1,\"name\":\"In\u00edcio\",\"item\":\"https:\\\/\\\/www.grupomedcof.com.br\\\/blog\\\/\"},{\"@type\":\"ListItem\",\"position\":2,\"name\":\"Col\u00e9gio Brasileiro de Cirurgi\u00f5es\"}]},{\"@type\":\"WebSite\",\"@id\":\"https:\\\/\\\/www.grupomedcof.com.br\\\/blog\\\/#website\",\"url\":\"https:\\\/\\\/www.grupomedcof.com.br\\\/blog\\\/\",\"name\":\"Blog de Medcof: conte\u00fados, editais, revalida e mais!\",\"description\":\"Acesso o blog de MedCof! Seu portal de conte\u00fados sobre resid\u00eancia m\u00e9dica, an\u00e1lise e editais e muito mais. Clique e confira!\",\"publisher\":{\"@id\":\"https:\\\/\\\/www.grupomedcof.com.br\\\/blog\\\/#organization\"},\"alternateName\":\"Blog de Medcof: conte\u00fados, editais, revalida e mais!\",\"potentialAction\":[{\"@type\":\"SearchAction\",\"target\":{\"@type\":\"EntryPoint\",\"urlTemplate\":\"https:\\\/\\\/www.grupomedcof.com.br\\\/blog\\\/?s={search_term_string}\"},\"query-input\":{\"@type\":\"PropertyValueSpecification\",\"valueRequired\":true,\"valueName\":\"search_term_string\"}}],\"inLanguage\":\"pt-BR\"},{\"@type\":\"Organization\",\"@id\":\"https:\\\/\\\/www.grupomedcof.com.br\\\/blog\\\/#organization\",\"name\":\"Grupo MedCof\",\"url\":\"https:\\\/\\\/www.grupomedcof.com.br\\\/blog\\\/\",\"logo\":{\"@type\":\"ImageObject\",\"inLanguage\":\"pt-BR\",\"@id\":\"https:\\\/\\\/www.grupomedcof.com.br\\\/blog\\\/#\\\/schema\\\/logo\\\/image\\\/\",\"url\":\"https:\\\/\\\/www.grupomedcof.com.br\\\/blog\\\/wp-content\\\/uploads\\\/2022\\\/01\\\/logo-medcof.png\",\"contentUrl\":\"https:\\\/\\\/www.grupomedcof.com.br\\\/blog\\\/wp-content\\\/uploads\\\/2022\\\/01\\\/logo-medcof.png\",\"width\":768,\"height\":269,\"caption\":\"Grupo MedCof\"},\"image\":{\"@id\":\"https:\\\/\\\/www.grupomedcof.com.br\\\/blog\\\/#\\\/schema\\\/logo\\\/image\\\/\"},\"sameAs\":[\"https:\\\/\\\/www.facebook.com\\\/MedCofQbank\\\/\",\"https:\\\/\\\/www.instagram.com\\\/grupomedcof\\\/\",\"https:\\\/\\\/br.linkedin.com\\\/company\\\/medcof\",\"https:\\\/\\\/www.youtube.com\\\/channel\\\/UCdHMuOHKICxcHwecxN8P-AA\"]},{\"@type\":\"Person\",\"@id\":\"https:\\\/\\\/www.grupomedcof.com.br\\\/blog\\\/#\\\/schema\\\/person\\\/1375e0ce724529d7a1d8156ea7f8ceaa\",\"name\":\"J\u00falia Moreira\",\"image\":{\"@type\":\"ImageObject\",\"inLanguage\":\"pt-BR\",\"@id\":\"https:\\\/\\\/www.grupomedcof.com.br\\\/blog\\\/wp-content\\\/uploads\\\/2024\\\/12\\\/cropped-Captura-de-tela-2023-12-15-094946-96x96.png6a0083ac34a0445de97d55fae63a4a41\",\"url\":\"https:\\\/\\\/www.grupomedcof.com.br\\\/blog\\\/wp-content\\\/uploads\\\/2024\\\/12\\\/cropped-Captura-de-tela-2023-12-15-094946-96x96.png\",\"contentUrl\":\"https:\\\/\\\/www.grupomedcof.com.br\\\/blog\\\/wp-content\\\/uploads\\\/2024\\\/12\\\/cropped-Captura-de-tela-2023-12-15-094946-96x96.png\",\"caption\":\"J\u00falia Moreira\"},\"description\":\"Estudante do 8\u00ba semestre de Jornalismo na ECA-USP, f\u00e3 de filmes de terror e m\u00fasica popular sul-coreana.\",\"sameAs\":[\"https:\\\/\\\/www.grupomedcof.com.br\\\/\"],\"url\":\"https:\\\/\\\/www.grupomedcof.com.br\\\/blog\\\/author\\\/julia\\\/\"}]}<\/script>\n<!-- \/ Yoast SEO Premium plugin. -->","yoast_head_json":{"title":"Col\u00e9gio Brasileiro de Cirurgi\u00f5es - Blog de Medcof: conte\u00fados, editais, revalida e mais!","description":"Saiba mais sobre o T\u00edtulo CBC e o Col\u00e9gio Brasileiro de Cirurgi\u00f5es. Considerado a maior entidade Cir\u00fargica da Am\u00e9rica Latina.","robots":{"index":"index","follow":"follow","max-snippet":"max-snippet:-1","max-image-preview":"max-image-preview:large","max-video-preview":"max-video-preview:-1"},"canonical":"https:\/\/www.grupomedcof.com.br\/blog\/cbc-colegio-brasileiro-de-cirurgioes\/","og_locale":"pt_BR","og_type":"article","og_title":"Col\u00e9gio Brasileiro de Cirurgi\u00f5es","og_description":"Saiba mais sobre o T\u00edtulo CBC e o Col\u00e9gio Brasileiro de Cirurgi\u00f5es. Considerado a maior entidade Cir\u00fargica da Am\u00e9rica Latina.","og_url":"https:\/\/www.grupomedcof.com.br\/blog\/cbc-colegio-brasileiro-de-cirurgioes\/","og_site_name":"Blog de Medcof: conte\u00fados, editais, revalida e mais!","article_publisher":"https:\/\/www.facebook.com\/MedCofQbank\/","article_published_time":"2023-04-19T15:45:18+00:00","article_modified_time":"2025-03-03T13:46:57+00:00","og_image":[{"width":1024,"height":576,"url":"https:\/\/www.grupomedcof.com.br\/blog\/wp-content\/uploads\/2023\/04\/saiba-mais-sobre-a-32-1024x576.png","type":"image\/png"}],"author":"J\u00falia Moreira","twitter_card":"summary_large_image","twitter_misc":{"Escrito por":"J\u00falia Moreira","Est. tempo de leitura":"8 minutos"},"schema":{"@context":"https:\/\/schema.org","@graph":[{"@type":"Article","@id":"https:\/\/www.grupomedcof.com.br\/blog\/cbc-colegio-brasileiro-de-cirurgioes\/#article","isPartOf":{"@id":"https:\/\/www.grupomedcof.com.br\/blog\/cbc-colegio-brasileiro-de-cirurgioes\/"},"author":{"name":"J\u00falia Moreira","@id":"https:\/\/www.grupomedcof.com.br\/blog\/#\/schema\/person\/1375e0ce724529d7a1d8156ea7f8ceaa"},"headline":"Col\u00e9gio Brasileiro de Cirurgi\u00f5es","datePublished":"2023-04-19T15:45:18+00:00","dateModified":"2025-03-03T13:46:57+00:00","mainEntityOfPage":{"@id":"https:\/\/www.grupomedcof.com.br\/blog\/cbc-colegio-brasileiro-de-cirurgioes\/"},"wordCount":1430,"commentCount":3,"publisher":{"@id":"https:\/\/www.grupomedcof.com.br\/blog\/#organization"},"image":{"@id":"https:\/\/www.grupomedcof.com.br\/blog\/cbc-colegio-brasileiro-de-cirurgioes\/#primaryimage"},"thumbnailUrl":"https:\/\/www.grupomedcof.com.br\/blog\/wp-content\/uploads\/2023\/04\/saiba-mais-sobre-a-32.png","keywords":["cbc","CBC 2022","Cirurgia Geral","Col\u00e9gio Brasileiro de Cirurgi\u00f5es","Especialidades cir\u00fargicas","prova de t\u00edtulo do cbc"],"articleSection":["Prova de T\u00edtulo: dicas e informa\u00e7\u00f5es confi\u00e1veis e atualizadas"],"inLanguage":"pt-BR"},{"@type":"WebPage","@id":"https:\/\/www.grupomedcof.com.br\/blog\/cbc-colegio-brasileiro-de-cirurgioes\/","url":"https:\/\/www.grupomedcof.com.br\/blog\/cbc-colegio-brasileiro-de-cirurgioes\/","name":"Col\u00e9gio Brasileiro de Cirurgi\u00f5es - Blog de Medcof: conte\u00fados, editais, revalida e mais!","isPartOf":{"@id":"https:\/\/www.grupomedcof.com.br\/blog\/#website"},"primaryImageOfPage":{"@id":"https:\/\/www.grupomedcof.com.br\/blog\/cbc-colegio-brasileiro-de-cirurgioes\/#primaryimage"},"image":{"@id":"https:\/\/www.grupomedcof.com.br\/blog\/cbc-colegio-brasileiro-de-cirurgioes\/#primaryimage"},"thumbnailUrl":"https:\/\/www.grupomedcof.com.br\/blog\/wp-content\/uploads\/2023\/04\/saiba-mais-sobre-a-32.png","datePublished":"2023-04-19T15:45:18+00:00","dateModified":"2025-03-03T13:46:57+00:00","description":"Saiba mais sobre o T\u00edtulo CBC e o Col\u00e9gio Brasileiro de Cirurgi\u00f5es. Considerado a maior entidade Cir\u00fargica da Am\u00e9rica Latina.","breadcrumb":{"@id":"https:\/\/www.grupomedcof.com.br\/blog\/cbc-colegio-brasileiro-de-cirurgioes\/#breadcrumb"},"inLanguage":"pt-BR","potentialAction":[{"@type":"ReadAction","target":["https:\/\/www.grupomedcof.com.br\/blog\/cbc-colegio-brasileiro-de-cirurgioes\/"]}]},{"@type":"ImageObject","inLanguage":"pt-BR","@id":"https:\/\/www.grupomedcof.com.br\/blog\/cbc-colegio-brasileiro-de-cirurgioes\/#primaryimage","url":"https:\/\/www.grupomedcof.com.br\/blog\/wp-content\/uploads\/2023\/04\/saiba-mais-sobre-a-32.png","contentUrl":"https:\/\/www.grupomedcof.com.br\/blog\/wp-content\/uploads\/2023\/04\/saiba-mais-sobre-a-32.png","width":2560,"height":1440,"caption":"Saiba mais sobre o CBC, Col\u00e9gio Brasileiro de Cirurgi\u00f5es e sobre o T\u00edtulo de Especialista em Cirurgia Geral"},{"@type":"BreadcrumbList","@id":"https:\/\/www.grupomedcof.com.br\/blog\/cbc-colegio-brasileiro-de-cirurgioes\/#breadcrumb","itemListElement":[{"@type":"ListItem","position":1,"name":"In\u00edcio","item":"https:\/\/www.grupomedcof.com.br\/blog\/"},{"@type":"ListItem","position":2,"name":"Col\u00e9gio Brasileiro de Cirurgi\u00f5es"}]},{"@type":"WebSite","@id":"https:\/\/www.grupomedcof.com.br\/blog\/#website","url":"https:\/\/www.grupomedcof.com.br\/blog\/","name":"Blog de Medcof: conte\u00fados, editais, revalida e mais!","description":"Acesso o blog de MedCof! Seu portal de conte\u00fados sobre resid\u00eancia m\u00e9dica, an\u00e1lise e editais e muito mais. Clique e confira!","publisher":{"@id":"https:\/\/www.grupomedcof.com.br\/blog\/#organization"},"alternateName":"Blog de Medcof: conte\u00fados, editais, revalida e mais!","potentialAction":[{"@type":"SearchAction","target":{"@type":"EntryPoint","urlTemplate":"https:\/\/www.grupomedcof.com.br\/blog\/?s={search_term_string}"},"query-input":{"@type":"PropertyValueSpecification","valueRequired":true,"valueName":"search_term_string"}}],"inLanguage":"pt-BR"},{"@type":"Organization","@id":"https:\/\/www.grupomedcof.com.br\/blog\/#organization","name":"Grupo MedCof","url":"https:\/\/www.grupomedcof.com.br\/blog\/","logo":{"@type":"ImageObject","inLanguage":"pt-BR","@id":"https:\/\/www.grupomedcof.com.br\/blog\/#\/schema\/logo\/image\/","url":"https:\/\/www.grupomedcof.com.br\/blog\/wp-content\/uploads\/2022\/01\/logo-medcof.png","contentUrl":"https:\/\/www.grupomedcof.com.br\/blog\/wp-content\/uploads\/2022\/01\/logo-medcof.png","width":768,"height":269,"caption":"Grupo MedCof"},"image":{"@id":"https:\/\/www.grupomedcof.com.br\/blog\/#\/schema\/logo\/image\/"},"sameAs":["https:\/\/www.facebook.com\/MedCofQbank\/","https:\/\/www.instagram.com\/grupomedcof\/","https:\/\/br.linkedin.com\/company\/medcof","https:\/\/www.youtube.com\/channel\/UCdHMuOHKICxcHwecxN8P-AA"]},{"@type":"Person","@id":"https:\/\/www.grupomedcof.com.br\/blog\/#\/schema\/person\/1375e0ce724529d7a1d8156ea7f8ceaa","name":"J\u00falia Moreira","image":{"@type":"ImageObject","inLanguage":"pt-BR","@id":"https:\/\/www.grupomedcof.com.br\/blog\/wp-content\/uploads\/2024\/12\/cropped-Captura-de-tela-2023-12-15-094946-96x96.png6a0083ac34a0445de97d55fae63a4a41","url":"https:\/\/www.grupomedcof.com.br\/blog\/wp-content\/uploads\/2024\/12\/cropped-Captura-de-tela-2023-12-15-094946-96x96.png","contentUrl":"https:\/\/www.grupomedcof.com.br\/blog\/wp-content\/uploads\/2024\/12\/cropped-Captura-de-tela-2023-12-15-094946-96x96.png","caption":"J\u00falia Moreira"},"description":"Estudante do 8\u00ba semestre de Jornalismo na ECA-USP, f\u00e3 de filmes de terror e m\u00fasica popular sul-coreana.","sameAs":["https:\/\/www.grupomedcof.com.br\/"],"url":"https:\/\/www.grupomedcof.com.br\/blog\/author\/julia\/"}]}},"authors":[{"term_id":3609,"user_id":6,"is_guest":0,"slug":"julia","display_name":"J\u00falia Moreira","avatar_url":"https:\/\/www.grupomedcof.com.br\/blog\/wp-content\/uploads\/2024\/12\/cropped-Captura-de-tela-2023-12-15-094946-96x96.png","0":null,"1":"","2":"","3":"","4":"","5":"","6":"","7":"","8":""}],"_links":{"self":[{"href":"https:\/\/www.grupomedcof.com.br\/blog\/wp-json\/wp\/v2\/posts\/5648","targetHints":{"allow":["GET"]}}],"collection":[{"href":"https:\/\/www.grupomedcof.com.br\/blog\/wp-json\/wp\/v2\/posts"}],"about":[{"href":"https:\/\/www.grupomedcof.com.br\/blog\/wp-json\/wp\/v2\/types\/post"}],"author":[{"embeddable":true,"href":"https:\/\/www.grupomedcof.com.br\/blog\/wp-json\/wp\/v2\/users\/6"}],"replies":[{"embeddable":true,"href":"https:\/\/www.grupomedcof.com.br\/blog\/wp-json\/wp\/v2\/comments?post=5648"}],"version-history":[{"count":0,"href":"https:\/\/www.grupomedcof.com.br\/blog\/wp-json\/wp\/v2\/posts\/5648\/revisions"}],"wp:featuredmedia":[{"embeddable":true,"href":"https:\/\/www.grupomedcof.com.br\/blog\/wp-json\/wp\/v2\/media\/5704"}],"wp:attachment":[{"href":"https:\/\/www.grupomedcof.com.br\/blog\/wp-json\/wp\/v2\/media?parent=5648"}],"wp:term":[{"taxonomy":"category","embeddable":true,"href":"https:\/\/www.grupomedcof.com.br\/blog\/wp-json\/wp\/v2\/categories?post=5648"},{"taxonomy":"post_tag","embeddable":true,"href":"https:\/\/www.grupomedcof.com.br\/blog\/wp-json\/wp\/v2\/tags?post=5648"},{"taxonomy":"author","embeddable":true,"href":"https:\/\/www.grupomedcof.com.br\/blog\/wp-json\/wp\/v2\/ppma_author?post=5648"}],"curies":[{"name":"wp","href":"https:\/\/api.w.org\/{rel}","templated":true}]}}