{"id":596,"date":"2022-04-22T12:00:12","date_gmt":"2022-04-22T15:00:12","guid":{"rendered":"https:\/\/blog.grupomedcof.com.br\/?p=596"},"modified":"2022-04-22T12:00:12","modified_gmt":"2022-04-22T15:00:12","slug":"meu-paciente-fez-hipocalcemia-apos-tireoidectomia-e-agora","status":"publish","type":"post","link":"https:\/\/www.grupomedcof.com.br\/blog\/meu-paciente-fez-hipocalcemia-apos-tireoidectomia-e-agora\/","title":{"rendered":"Meu paciente fez hipocalcemia ap\u00f3s tireoidectomia. E agora?"},"content":{"rendered":"<blockquote><p><strong>Situa\u00e7\u00e3o hipot\u00e9tica:<\/strong> por conta de uma neoplasia de tireoide, seu paciente foi submetido \u00e0 excis\u00e3o total da gl\u00e2ndula. De madrugada, te chamam para avali\u00e1-lo, pois est\u00e1 se queixando de dorm\u00eancia em extremidades e espasmos musculares. Voc\u00ea sabe o que est\u00e1 acontecendo? Sabe o que fazer? \u00c9 o que revisaremos neste artigo.<\/p><\/blockquote>\n<p>&nbsp;<\/p>\n<p>&nbsp;<\/p>\n<p>A complica\u00e7\u00e3o aguda mais comum da tireoidectomia \u00e9 a flutua\u00e7\u00e3o dos n\u00edveis de c\u00e1lcio s\u00e9rico secund\u00e1ria ao hipoparatireoidismo, cuja incid\u00eancia varia com a literatura, mas pode atingir at\u00e9 15% dos pacientes. Existem v\u00e1rias classifica\u00e7\u00f5es do hipoparatireoidismo secund\u00e1rio \u00e0 tireoidectomia, mas o que importa a esta discuss\u00e3o \u00e9 o hipoparatireoidismo transit\u00f3rio, definido como insufici\u00eancia paratireoidea com repercuss\u00e3o cl\u00ednica e laboratorial (baixos n\u00edveis s\u00e9ricos de horm\u00f4nio paratireoideo \u2013 PTH, e de c\u00e1lcio) que inicia ap\u00f3s a cirurgia e dura menos de 6 meses.<\/p>\n<p>&nbsp;<\/p>\n<p>De maneira geral, o problema do hipoparatireoidismo p\u00f3s-cir\u00fargico reside no ato operat\u00f3rio em si. Sabemos que o suprimento sangu\u00edneo das paratireoides \u00e9 extremamente delicado, o que facilita les\u00e3o, seja por dano direto da vasculatura ou indireto (les\u00e3o t\u00e9rmica por eletrocaut\u00e9rio). Tamb\u00e9m h\u00e1 risco de ex\u00e9rese inadvertida de uma ou mais gl\u00e2ndulas paratireoideas.<\/p>\n<p><img loading=\"lazy\" decoding=\"async\" class=\"aligncenter size-full wp-image-597\" src=\"https:\/\/www.grupomedcof.com.br\/blog\/wp-content\/uploads\/2022\/04\/hipocalcemia.png\" alt=\"hipocalcemia\" width=\"271\" height=\"279\" \/><\/p>\n<p>Os sintomas s\u00e3o decorrentes dos baixos n\u00edveis de c\u00e1lcio. Os mais comuns est\u00e3o relacionados \u00e0 hiperexcitabilidade neuronal, o que explica as parestesias, c\u00e3ibras e dorm\u00eancia, geralmente iniciam na regi\u00e3o perioral e nas pontas dos dedos. Espasmos musculares e rigidez muscular tamb\u00e9m s\u00e3o comuns. Quando grave, a hipocalcemia pode levar \u00e0 tetania esp\u00e1stica, laringoespasmo e convuls\u00f5es, situa\u00e7\u00f5es amea\u00e7adoras da vida.<\/p>\n<p>&nbsp;<\/p>\n<p>Dois sinais semiol\u00f3gicos cl\u00e1ssicos que as provas de resid\u00eancia gostam de nos lembrar s\u00e3o os sinais de Trousseau e de Chvostek. O sinal de Trousseau \u00e9 a contratura esp\u00e1stica carpopedal quando ocorre oclus\u00e3o da art\u00e9ria braquial mediante insufla\u00e7\u00e3o do manguito do esfigmoman\u00f4metro em valores superiores \u00e0 press\u00e3o sist\u00f3lica por 3 minutos. J\u00e1 o sinal de Chvostek \u00e9 a contratura facial ap\u00f3s percuss\u00e3o do trajeto do nervo facial na regi\u00e3o pr\u00e9-auricular. Apesar de cl\u00e1ssicos, s\u00e3o incomuns.<\/p>\n<p>&nbsp;<\/p>\n<p>Outra complica\u00e7\u00e3o important\u00edssima da hipocalcemia \u00e9 a instabilidade el\u00e9trica card\u00edaca. O prolongamento do intervalo QT (tempo entre despolariza\u00e7\u00e3o e repolariza\u00e7\u00e3o ventricular) predisp\u00f5e a arritmias malignas, notavelmente a <em>Torsades des Pointes<\/em>, uma taquicardia ventricular polim\u00f3rfica que pode degenerar para fibrila\u00e7\u00e3o ventricular e parada card\u00edaca.<\/p>\n<p>&nbsp;<\/p>\n<p>Sem contar na influ\u00eancia do c\u00e1lcio como cofator para coagula\u00e7\u00e3o. A hipocalcemia aumenta o tempo de coagula\u00e7\u00e3o ativada e predisp\u00f5e mais sangramentos e forma\u00e7\u00e3o de hematoma no s\u00edtio cir\u00fargico. Um hematoma na regi\u00e3o cervical, por compress\u00e3o dos vasos da bainha carot\u00eddea e da traqueia, \u00e9 potencial amea\u00e7ador da vida.<\/p>\n<p>&nbsp;<\/p>\n<p>&nbsp;<\/p>\n<h4>Tratamento<\/h4>\n<p>Em resumo, vemos que as complica\u00e7\u00f5es relacionadas aos baixos n\u00edveis de c\u00e1lcio s\u00e9rico podem ser bem s\u00e9rias. E o que fazer diante desta situa\u00e7\u00e3o? A primeira coisa a se fazer, como diria um chefe meu na resid\u00eancia, \u00e9 a \u201cprofilaxia da incomoda\u00e7\u00e3o\u201d.<\/p>\n<p>&nbsp;<\/p>\n<p>Em 1\u00ba lugar, seguir a t\u00e9cnica cir\u00fargica e ter profundo conhecimento da anatomia da regi\u00e3o \u00e9 fundamental, para evitar les\u00f5es ou ressec\u00e7\u00f5es iatrog\u00eanicas. Ao extrair a tireoide ap\u00f3s sua ex\u00e9rese, \u00e9 sempre bom revisar o esp\u00e9cime cir\u00fargico \u00e0 procura de tecido paratireoideo ressecado inadvertidamente. Algumas revis\u00f5es apontam que o baixo volume cir\u00fargico do servi\u00e7o \u00e9 fator de risco para hipoparatireoidismo p\u00f3s-cir\u00fargico.<\/p>\n<p>&nbsp;<\/p>\n<p>Em 2\u00ba lugar, \u00e9 ideal realizar monitoriza\u00e7\u00e3o dos n\u00edveis do c\u00e1lcio no p\u00f3s-operat\u00f3rio, com a 1\u00aa coleta em torno de 4 a 6h ap\u00f3s a cirurgia, para flagrar a hipocalcemia leve antes dos sintomas se instalarem.\u00a0 Alguns servi\u00e7os j\u00e1 indicam suplementa\u00e7\u00e3o de c\u00e1lcio de rotina e suplementa\u00e7\u00e3o adicional caso desenvolvam sintomas ou a bioqu\u00edmica revele hipocalcemia.<\/p>\n<p>&nbsp;<\/p>\n<p>Caso o paciente seja do grupo de risco para hipoparatireoidismo p\u00f3s-operat\u00f3rio (popula\u00e7\u00e3o pedi\u00e1trica, aqueles submetidos \u00e0 tireoidectomia total devido doen\u00e7a de Graves, dissec\u00e7\u00e3o extensa ou bilateral etc.), j\u00e1 tenha hist\u00f3ria, nos exames pr\u00e9-operat\u00f3rios, de n\u00edveis baixos de vitamina D (ou normais, mas pr\u00f3ximos do limite inferior), ele tamb\u00e9m se beneficia de suplementa\u00e7\u00e3o com calcitriol.<\/p>\n<p>&nbsp;<\/p>\n<p>Em geral, os n\u00edveis de c\u00e1lcio s\u00e9rico est\u00e3o normais quando entre 8,5 e 10 mg\/dL. Quando abaixo de 8,0 mg\/dL, geralmente j\u00e1 notamos sintomas da hipocalcemia. Os efeitos fisiol\u00f3gicos s\u00e3o mais dependentes da velocidade de instala\u00e7\u00e3o da hipocalcemia do que dos valores em si e dist\u00farbios associados (desequil\u00edbrio \u00e1cido-b\u00e1sico e hipomagnesemia) acentuam este efeito.<\/p>\n<p>&nbsp;<\/p>\n<p>As op\u00e7\u00f5es de prescri\u00e7\u00e3o no p\u00f3s-operat\u00f3rio imediato para aqueles que se apresentam com hipocalcemia s\u00e3o:<\/p>\n<p>&nbsp;<\/p>\n<p>&#8211; Carbonato de C\u00e1lcio 1250 mg (equivale a 500 mg de c\u00e1lcio elementar): 1 a 2 cp\/dia.<\/p>\n<p>O carbonato de c\u00e1lcio necessita de meio \u00e1cido para sua absor\u00e7\u00e3o. Esteja atento aos usu\u00e1rios cr\u00f4nicos de inibidores de bomba de pr\u00f3tons ou outras condi\u00e7\u00f5es que possam levar \u00e0 hipocloridria. Nestes casos, existe a op\u00e7\u00e3o de reposi\u00e7\u00e3o com citrato de c\u00e1lcio (dose varia com a formula\u00e7\u00e3o, mas deve ser o suficiente para fornecer um equivalente de 500 a 1000 mg de c\u00e1lcio elementar, em geral tamb\u00e9m \u00e9 1 a 2 cp\/dia).<\/p>\n<p>&nbsp;<\/p>\n<p>&#8211; Calcitriol 0,25 mcg\/cp: 1 a 2 cp VO de 12\/12h.<\/p>\n<p>Ambos podem ser usados profilaticamente, seja rotina do servi\u00e7o ou indicado apenas nos pacientes de maior risco. Para aqueles que se apresentem com as formas graves da hipocalcemia (tetania esp\u00e1stica, convuls\u00f5es, arritmias card\u00edacas) ou est\u00e3o refrat\u00e1rios \u00e0 reposi\u00e7\u00e3o de c\u00e1lcio e calcitriol, deve ser realizada reposi\u00e7\u00e3o por via intravenosa com gluconato de c\u00e1lcio. Dependendo da gravidade da hipocalcemia (Ca &lt; 7,5 mg\/dL), recomendamos iniciar direto com reposi\u00e7\u00e3o combinada de c\u00e1lcio, IV e VO.<\/p>\n<p>&nbsp;<\/p>\n<p>&#8211; Gluconato de C\u00e1lcio 10% (1 amp tem 1 g de gluconato de c\u00e1lcio em 10 mL, equivalente a 90 mg de c\u00e1lcio elementar): Diluir 2 ampolas em 50 mL de SF 0,9% ou SG 0,5% e infundir IV em pelo menos 20 min (idealmente utilizar bomba de infus\u00e3o, pois infus\u00f5es mais r\u00e1pidas est\u00e3o associadas \u00e0 tromboflebite e arritmias card\u00edacas). Novas infus\u00f5es podem ser necess\u00e1rias.<\/p>\n<p>&nbsp;<\/p>\n<p>&#8211; Cloreto de C\u00e1lcio 10% (1 amp corresponde a 270 mg de c\u00e1lcio elementar em 10 mL): Dilui\u00e7\u00e3o e administra\u00e7\u00e3o equivalente ao do gluconato. Cuidado com risco de extravasamento, pois o cloreto de c\u00e1lcio causa necrose tecidual.<\/p>\n<p>Se o paciente se mantiver com hipocalcemia resistente, \u00e9 necess\u00e1rio manter infus\u00e3o cont\u00ednua de c\u00e1lcio elementar na dose de 0,5 a 1,5 mg\/kg\/h, at\u00e9 normaliza\u00e7\u00e3o dos n\u00edveis de c\u00e1lcio. Uma maneira de preparar a solu\u00e7\u00e3o cont\u00ednua \u00e9 a seguinte:<\/p>\n<p>&nbsp;<\/p>\n<p>&#8211; Gluconato de C\u00e1lcio 10% 11 amp (110 mL) + 890 mL de SF 0,9% ou SG 5% (solu\u00e7\u00e3o aproximada de 1 mg\/mL de c\u00e1lcio elementar). A dose fica, portanto, de 0,5 a 1,5 mL\/kg\/h. Em geral, d\u00e1 para come\u00e7ar com 50 mL\/h e ir ajustando conforme dosagens de calcemia subsequentes.<\/p>\n<p>&nbsp;<\/p>\n<p>Em geral, a corre\u00e7\u00e3o dos n\u00edveis de c\u00e1lcio \u00e9 r\u00e1pida, n\u00e3o prolongando a interna\u00e7\u00e3o por mais que 2 ou 3 dias. Nos casos graves e refrat\u00e1rios, o paciente deve ser admitido em UTI para monitoriza\u00e7\u00e3o frequente.<\/p>\n<p>&nbsp;<\/p>\n<p>Sempre checar demais eletr\u00f3litos e equil\u00edbrio \u00e1cido-b\u00e1sico (principalmente magn\u00e9sio, pot\u00e1ssio e fosfato) e realizar corre\u00e7\u00f5es conforme necess\u00e1rio. Manter carbonato de c\u00e1lcio e calcitriol para a alta hospitalar, com retorno precoce e com exames laboratoriais (incluindo dosagem de vit. D, PTH) para manejo do hipoparatireoidismo p\u00f3s-operat\u00f3rio. A discuss\u00e3o do hipoparatireoidismo persistente (&gt; 6 meses) \u00e9 mais complexa e fica para outro momento.<\/p>\n<p>&nbsp;<\/p>\n<p>&nbsp;<\/p>\n<h4>Take-Home Messages:<\/h4>\n<p>&#8211; Hipocalcemia \u00e9 complica\u00e7\u00e3o comum no p\u00f3s-cir\u00fargico de tireoidectomia;<\/p>\n<p>&nbsp;<\/p>\n<p>&#8211; Sintomas podem ser variados, desde leves (espasmos, parestesias) \u00e0 sintomas graves que amea\u00e7am a vida (tetania, laringoespasmo, convuls\u00f5es, arritmias e parada card\u00edaca);<\/p>\n<p>&nbsp;<\/p>\n<p>&#8211; A reposi\u00e7\u00e3o de c\u00e1lcio deve ser guiada pelos sintomas e pelas dosagens de c\u00e1lcio s\u00e9rico;<\/p>\n<p>&nbsp;<\/p>\n<p>&#8211; Casos leves devem ser tratados com reposi\u00e7\u00e3o de c\u00e1lcio (carbonato de c\u00e1lcio, citrato de c\u00e1lcio) e calcitriol, ambos via oral.<\/p>\n<p>&nbsp;<\/p>\n<p>&#8211; Casos graves e os refrat\u00e1rios devem ser tratados com a op\u00e7\u00e3o anterior + reposi\u00e7\u00e3o intravenosa de c\u00e1lcio (formula\u00e7\u00f5es com gluconato e cloreto de c\u00e1lcio s\u00e3o as mais comuns). Doses vide texto.<\/p>\n<p>&nbsp;<\/p>\n<p>&#8211; Sempre checar dist\u00farbios associados.<\/p>\n<p>&nbsp;<\/p>\n<p>&nbsp;<\/p>\n<p>&nbsp;<\/p>\n<p>&nbsp;<\/p>\n<p>&nbsp;<\/p>\n<h6>Refer\u00eancias do Texto<\/h6>\n<p><em>Orloff, LA et al.\u00a0American Thyroid Association Statement on Postoperative Hypoparathyroidism: Diagnosis, Prevention, and Management in Adults. Thyroid, 2018. 28(7), 830\u2013841.<\/em><\/p>\n<p><em>Lukinovi\u0107 J, Bili\u0107 M. Overview of Thyroid Surgery Complications. Acta Clin Croat. 2020 Jun;59(Suppl 1):81-86.<\/em><\/p>\n<p><em>Jin S, Sugitani I. Narrative review of management of thyroid surgery complications.\u00a0Gland Surg. 2021;10(3):1135-1146. doi:10.21037\/gs-20-859<\/em><\/p>\n<p><em>Suh, I, Sosa JA. Thyroid in: Sabiston Textbook of surgery: the biological basis of modern surgical practice. 21<sup>th<\/sup> Ed. Elsevier, 2022.<\/em><\/p>\n<p><em>Junior, JMV, de Azevedo, LCP. Dist\u00farbios eletrol\u00edticos in: Medicina intensiva: abordagem pr\u00e1tica. 2\u00aa Ed. Manole, 2015.<\/em><\/p>\n<p><em>Neto, RAB, Marino LO. Hipocalcemia in: Medicina de Emerg\u00eancia: abordagem pr\u00e1tica. 14\u00aa Ed. Manole, 2020.<\/em><\/p>\n<p>&nbsp;<\/p>\n<p>&nbsp;<\/p>\n<p>&nbsp;<\/p>\n<p><em><strong>Por\u00a0<\/strong><\/em><strong><em>Diego Vitor Barbosa Fernandes<\/em><\/strong><br \/>\n<em>M\u00e9dico &#8211; UFPB<\/em><br \/>\n<em>Cirurgi\u00e3o Geral &#8211; HG de Caxias do Sul<\/em><br \/>\n<em>MR Cirurgia Cardiovascular &#8211; Instituto de Cardiologia do RS<\/em><\/p>\n<p>&nbsp;<\/p>\n<p>&nbsp;<\/p>\n<p>&nbsp;<\/p>\n<p><em>Voc\u00ea tamb\u00e9m pode gostar de:<\/em><\/p>\n<ul>\n<li><em><span style=\"color: #0000ff;\"><a style=\"color: #0000ff;\" href=\"https:\/\/www.grupomedcof.com.br\/blog\/a-importancia-da-comunicacao-para-o-medico\/\">A import\u00e2ncia da comunica\u00e7\u00e3o para o m\u00e9dico<\/a><\/span><\/em><\/li>\n<li><em><span style=\"color: #0000ff;\"><a style=\"color: #0000ff;\" href=\"https:\/\/www.grupomedcof.com.br\/blog\/voce-conhece-a-escala-de-alvarado\/\">Voc\u00ea conhece a Escala de Alvarado?<\/a><\/span><\/em><\/li>\n<\/ul>\n<p>&nbsp;<\/p>\n<p>&nbsp;<\/p>\n<p>&nbsp;<\/p>\n","protected":false},"excerpt":{"rendered":"<p>Situa\u00e7\u00e3o hipot\u00e9tica: por conta de uma neoplasia de tireoide, seu paciente foi submetido \u00e0 excis\u00e3o total da gl\u00e2ndula. De madrugada, te chamam para avali\u00e1-lo, pois est\u00e1 se queixando de dorm\u00eancia em extremidades e espasmos musculares. Voc\u00ea sabe o que est\u00e1 acontecendo? Sabe o que fazer? \u00c9 o que revisaremos neste artigo. &nbsp; &nbsp; A complica\u00e7\u00e3o [&hellip;]<\/p>\n","protected":false},"author":2,"featured_media":904,"comment_status":"open","ping_status":"open","sticky":false,"template":"","format":"standard","meta":{"footnotes":""},"categories":[37],"tags":[39,40,38],"ppma_author":[3612],"class_list":{"0":"post-596","1":"post","2":"type-post","3":"status-publish","4":"format-standard","5":"has-post-thumbnail","7":"category-cirurgia-de-cabeca-e-pescoco","8":"tag-hipocalcemia","9":"tag-hipoparatireoidismo-transitorio","10":"tag-tireoidectomia"},"yoast_head":"<!-- This site is optimized with the Yoast SEO Premium plugin v24.3 (Yoast SEO v27.4) - https:\/\/yoast.com\/product\/yoast-seo-premium-wordpress\/ -->\n<title>Hipocalcemia ap\u00f3s tireoidectomia, e agora? - Blog de Medcof: conte\u00fados, editais, revalida e mais!<\/title>\n<meta name=\"description\" content=\"Situa\u00e7\u00e3o hipot\u00e9tica: por conta de uma neoplasia de tireoide, seu paciente foi submetido \u00e0 excis\u00e3o total da gl\u00e2ndula.\" \/>\n<meta name=\"robots\" content=\"index, follow, max-snippet:-1, max-image-preview:large, max-video-preview:-1\" \/>\n<link rel=\"canonical\" href=\"https:\/\/www.grupomedcof.com.br\/blog\/meu-paciente-fez-hipocalcemia-apos-tireoidectomia-e-agora\/\" \/>\n<meta property=\"og:locale\" content=\"pt_BR\" \/>\n<meta property=\"og:type\" content=\"article\" \/>\n<meta property=\"og:title\" content=\"Meu paciente fez hipocalcemia ap\u00f3s tireoidectomia. E agora?\" \/>\n<meta property=\"og:description\" content=\"Situa\u00e7\u00e3o hipot\u00e9tica: por conta de uma neoplasia de tireoide, seu paciente foi submetido \u00e0 excis\u00e3o total da gl\u00e2ndula.\" \/>\n<meta property=\"og:url\" content=\"https:\/\/www.grupomedcof.com.br\/blog\/meu-paciente-fez-hipocalcemia-apos-tireoidectomia-e-agora\/\" \/>\n<meta property=\"og:site_name\" content=\"Blog de Medcof: conte\u00fados, editais, revalida e mais!\" \/>\n<meta property=\"article:publisher\" content=\"https:\/\/www.facebook.com\/MedCofQbank\/\" \/>\n<meta property=\"article:published_time\" content=\"2022-04-22T15:00:12+00:00\" \/>\n<meta property=\"og:image\" content=\"https:\/\/www.grupomedcof.com.br\/blog\/wp-content\/uploads\/2022\/04\/tireoidectomia-1024x537.png\" \/>\n\t<meta property=\"og:image:width\" content=\"1024\" \/>\n\t<meta property=\"og:image:height\" content=\"537\" \/>\n\t<meta property=\"og:image:type\" content=\"image\/png\" \/>\n<meta name=\"author\" content=\"Patr\u00edcia Oliveira\" \/>\n<meta name=\"twitter:card\" content=\"summary_large_image\" \/>\n<meta name=\"twitter:label1\" content=\"Escrito por\" \/>\n\t<meta name=\"twitter:data1\" content=\"Patr\u00edcia Oliveira\" \/>\n\t<meta name=\"twitter:label2\" content=\"Est. tempo de leitura\" \/>\n\t<meta name=\"twitter:data2\" content=\"8 minutos\" \/>\n<script type=\"application\/ld+json\" class=\"yoast-schema-graph\">{\"@context\":\"https:\\\/\\\/schema.org\",\"@graph\":[{\"@type\":\"Article\",\"@id\":\"https:\\\/\\\/www.grupomedcof.com.br\\\/blog\\\/meu-paciente-fez-hipocalcemia-apos-tireoidectomia-e-agora\\\/#article\",\"isPartOf\":{\"@id\":\"https:\\\/\\\/www.grupomedcof.com.br\\\/blog\\\/meu-paciente-fez-hipocalcemia-apos-tireoidectomia-e-agora\\\/\"},\"author\":{\"name\":\"Patr\u00edcia Oliveira\",\"@id\":\"https:\\\/\\\/www.grupomedcof.com.br\\\/blog\\\/#\\\/schema\\\/person\\\/7a655db4c3da9796e0166bf55a9ea53a\"},\"headline\":\"Meu paciente fez hipocalcemia ap\u00f3s tireoidectomia. E agora?\",\"datePublished\":\"2022-04-22T15:00:12+00:00\",\"mainEntityOfPage\":{\"@id\":\"https:\\\/\\\/www.grupomedcof.com.br\\\/blog\\\/meu-paciente-fez-hipocalcemia-apos-tireoidectomia-e-agora\\\/\"},\"wordCount\":1642,\"commentCount\":0,\"publisher\":{\"@id\":\"https:\\\/\\\/www.grupomedcof.com.br\\\/blog\\\/#organization\"},\"image\":{\"@id\":\"https:\\\/\\\/www.grupomedcof.com.br\\\/blog\\\/meu-paciente-fez-hipocalcemia-apos-tireoidectomia-e-agora\\\/#primaryimage\"},\"thumbnailUrl\":\"https:\\\/\\\/www.grupomedcof.com.br\\\/blog\\\/wp-content\\\/uploads\\\/2022\\\/04\\\/tireoidectomia.png\",\"keywords\":[\"Hipocalcemia\",\"Hipoparatireoidismo transit\u00f3rio\",\"Tireoidectomia\"],\"articleSection\":[\"Cirurgia de Cabe\u00e7a e Pesco\u00e7o\"],\"inLanguage\":\"pt-BR\"},{\"@type\":\"WebPage\",\"@id\":\"https:\\\/\\\/www.grupomedcof.com.br\\\/blog\\\/meu-paciente-fez-hipocalcemia-apos-tireoidectomia-e-agora\\\/\",\"url\":\"https:\\\/\\\/www.grupomedcof.com.br\\\/blog\\\/meu-paciente-fez-hipocalcemia-apos-tireoidectomia-e-agora\\\/\",\"name\":\"Hipocalcemia ap\u00f3s tireoidectomia, e agora? - Blog de Medcof: conte\u00fados, editais, revalida e mais!\",\"isPartOf\":{\"@id\":\"https:\\\/\\\/www.grupomedcof.com.br\\\/blog\\\/#website\"},\"primaryImageOfPage\":{\"@id\":\"https:\\\/\\\/www.grupomedcof.com.br\\\/blog\\\/meu-paciente-fez-hipocalcemia-apos-tireoidectomia-e-agora\\\/#primaryimage\"},\"image\":{\"@id\":\"https:\\\/\\\/www.grupomedcof.com.br\\\/blog\\\/meu-paciente-fez-hipocalcemia-apos-tireoidectomia-e-agora\\\/#primaryimage\"},\"thumbnailUrl\":\"https:\\\/\\\/www.grupomedcof.com.br\\\/blog\\\/wp-content\\\/uploads\\\/2022\\\/04\\\/tireoidectomia.png\",\"datePublished\":\"2022-04-22T15:00:12+00:00\",\"description\":\"Situa\u00e7\u00e3o hipot\u00e9tica: por conta de uma neoplasia de tireoide, seu paciente foi submetido \u00e0 excis\u00e3o total da gl\u00e2ndula.\",\"breadcrumb\":{\"@id\":\"https:\\\/\\\/www.grupomedcof.com.br\\\/blog\\\/meu-paciente-fez-hipocalcemia-apos-tireoidectomia-e-agora\\\/#breadcrumb\"},\"inLanguage\":\"pt-BR\",\"potentialAction\":[{\"@type\":\"ReadAction\",\"target\":[\"https:\\\/\\\/www.grupomedcof.com.br\\\/blog\\\/meu-paciente-fez-hipocalcemia-apos-tireoidectomia-e-agora\\\/\"]}]},{\"@type\":\"ImageObject\",\"inLanguage\":\"pt-BR\",\"@id\":\"https:\\\/\\\/www.grupomedcof.com.br\\\/blog\\\/meu-paciente-fez-hipocalcemia-apos-tireoidectomia-e-agora\\\/#primaryimage\",\"url\":\"https:\\\/\\\/www.grupomedcof.com.br\\\/blog\\\/wp-content\\\/uploads\\\/2022\\\/04\\\/tireoidectomia.png\",\"contentUrl\":\"https:\\\/\\\/www.grupomedcof.com.br\\\/blog\\\/wp-content\\\/uploads\\\/2022\\\/04\\\/tireoidectomia.png\",\"width\":2208,\"height\":1157,\"caption\":\"tireoidectomia\"},{\"@type\":\"BreadcrumbList\",\"@id\":\"https:\\\/\\\/www.grupomedcof.com.br\\\/blog\\\/meu-paciente-fez-hipocalcemia-apos-tireoidectomia-e-agora\\\/#breadcrumb\",\"itemListElement\":[{\"@type\":\"ListItem\",\"position\":1,\"name\":\"In\u00edcio\",\"item\":\"https:\\\/\\\/www.grupomedcof.com.br\\\/blog\\\/\"},{\"@type\":\"ListItem\",\"position\":2,\"name\":\"Meu paciente fez hipocalcemia ap\u00f3s tireoidectomia. E agora?\"}]},{\"@type\":\"WebSite\",\"@id\":\"https:\\\/\\\/www.grupomedcof.com.br\\\/blog\\\/#website\",\"url\":\"https:\\\/\\\/www.grupomedcof.com.br\\\/blog\\\/\",\"name\":\"Blog de Medcof: conte\u00fados, editais, revalida e mais!\",\"description\":\"Acesso o blog de MedCof! Seu portal de conte\u00fados sobre resid\u00eancia m\u00e9dica, an\u00e1lise e editais e muito mais. Clique e confira!\",\"publisher\":{\"@id\":\"https:\\\/\\\/www.grupomedcof.com.br\\\/blog\\\/#organization\"},\"alternateName\":\"Blog de Medcof: conte\u00fados, editais, revalida e mais!\",\"potentialAction\":[{\"@type\":\"SearchAction\",\"target\":{\"@type\":\"EntryPoint\",\"urlTemplate\":\"https:\\\/\\\/www.grupomedcof.com.br\\\/blog\\\/?s={search_term_string}\"},\"query-input\":{\"@type\":\"PropertyValueSpecification\",\"valueRequired\":true,\"valueName\":\"search_term_string\"}}],\"inLanguage\":\"pt-BR\"},{\"@type\":\"Organization\",\"@id\":\"https:\\\/\\\/www.grupomedcof.com.br\\\/blog\\\/#organization\",\"name\":\"Grupo MedCof\",\"url\":\"https:\\\/\\\/www.grupomedcof.com.br\\\/blog\\\/\",\"logo\":{\"@type\":\"ImageObject\",\"inLanguage\":\"pt-BR\",\"@id\":\"https:\\\/\\\/www.grupomedcof.com.br\\\/blog\\\/#\\\/schema\\\/logo\\\/image\\\/\",\"url\":\"https:\\\/\\\/www.grupomedcof.com.br\\\/blog\\\/wp-content\\\/uploads\\\/2022\\\/01\\\/logo-medcof.png\",\"contentUrl\":\"https:\\\/\\\/www.grupomedcof.com.br\\\/blog\\\/wp-content\\\/uploads\\\/2022\\\/01\\\/logo-medcof.png\",\"width\":768,\"height\":269,\"caption\":\"Grupo MedCof\"},\"image\":{\"@id\":\"https:\\\/\\\/www.grupomedcof.com.br\\\/blog\\\/#\\\/schema\\\/logo\\\/image\\\/\"},\"sameAs\":[\"https:\\\/\\\/www.facebook.com\\\/MedCofQbank\\\/\",\"https:\\\/\\\/www.instagram.com\\\/grupomedcof\\\/\",\"https:\\\/\\\/br.linkedin.com\\\/company\\\/medcof\",\"https:\\\/\\\/www.youtube.com\\\/channel\\\/UCdHMuOHKICxcHwecxN8P-AA\"]},{\"@type\":\"Person\",\"@id\":\"https:\\\/\\\/www.grupomedcof.com.br\\\/blog\\\/#\\\/schema\\\/person\\\/7a655db4c3da9796e0166bf55a9ea53a\",\"name\":\"Patr\u00edcia Oliveira\",\"image\":{\"@type\":\"ImageObject\",\"inLanguage\":\"pt-BR\",\"@id\":\"https:\\\/\\\/www.grupomedcof.com.br\\\/blog\\\/wp-content\\\/uploads\\\/2022\\\/03\\\/furacao-96x96.png19e0d43e5696aaa42a3bb896953b331f\",\"url\":\"https:\\\/\\\/www.grupomedcof.com.br\\\/blog\\\/wp-content\\\/uploads\\\/2022\\\/03\\\/furacao-96x96.png\",\"contentUrl\":\"https:\\\/\\\/www.grupomedcof.com.br\\\/blog\\\/wp-content\\\/uploads\\\/2022\\\/03\\\/furacao-96x96.png\",\"caption\":\"Patr\u00edcia Oliveira\"},\"sameAs\":[\"https:\\\/\\\/www.grupomedcof.com.br\\\/\"],\"url\":\"https:\\\/\\\/www.grupomedcof.com.br\\\/blog\\\/author\\\/patricia\\\/\"}]}<\/script>\n<!-- \/ Yoast SEO Premium plugin. -->","yoast_head_json":{"title":"Hipocalcemia ap\u00f3s tireoidectomia, e agora? - Blog de Medcof: conte\u00fados, editais, revalida e mais!","description":"Situa\u00e7\u00e3o hipot\u00e9tica: por conta de uma neoplasia de tireoide, seu paciente foi submetido \u00e0 excis\u00e3o total da gl\u00e2ndula.","robots":{"index":"index","follow":"follow","max-snippet":"max-snippet:-1","max-image-preview":"max-image-preview:large","max-video-preview":"max-video-preview:-1"},"canonical":"https:\/\/www.grupomedcof.com.br\/blog\/meu-paciente-fez-hipocalcemia-apos-tireoidectomia-e-agora\/","og_locale":"pt_BR","og_type":"article","og_title":"Meu paciente fez hipocalcemia ap\u00f3s tireoidectomia. E agora?","og_description":"Situa\u00e7\u00e3o hipot\u00e9tica: por conta de uma neoplasia de tireoide, seu paciente foi submetido \u00e0 excis\u00e3o total da gl\u00e2ndula.","og_url":"https:\/\/www.grupomedcof.com.br\/blog\/meu-paciente-fez-hipocalcemia-apos-tireoidectomia-e-agora\/","og_site_name":"Blog de Medcof: conte\u00fados, editais, revalida e mais!","article_publisher":"https:\/\/www.facebook.com\/MedCofQbank\/","article_published_time":"2022-04-22T15:00:12+00:00","og_image":[{"width":1024,"height":537,"url":"https:\/\/www.grupomedcof.com.br\/blog\/wp-content\/uploads\/2022\/04\/tireoidectomia-1024x537.png","type":"image\/png"}],"author":"Patr\u00edcia Oliveira","twitter_card":"summary_large_image","twitter_misc":{"Escrito por":"Patr\u00edcia Oliveira","Est. tempo de leitura":"8 minutos"},"schema":{"@context":"https:\/\/schema.org","@graph":[{"@type":"Article","@id":"https:\/\/www.grupomedcof.com.br\/blog\/meu-paciente-fez-hipocalcemia-apos-tireoidectomia-e-agora\/#article","isPartOf":{"@id":"https:\/\/www.grupomedcof.com.br\/blog\/meu-paciente-fez-hipocalcemia-apos-tireoidectomia-e-agora\/"},"author":{"name":"Patr\u00edcia Oliveira","@id":"https:\/\/www.grupomedcof.com.br\/blog\/#\/schema\/person\/7a655db4c3da9796e0166bf55a9ea53a"},"headline":"Meu paciente fez hipocalcemia ap\u00f3s tireoidectomia. E agora?","datePublished":"2022-04-22T15:00:12+00:00","mainEntityOfPage":{"@id":"https:\/\/www.grupomedcof.com.br\/blog\/meu-paciente-fez-hipocalcemia-apos-tireoidectomia-e-agora\/"},"wordCount":1642,"commentCount":0,"publisher":{"@id":"https:\/\/www.grupomedcof.com.br\/blog\/#organization"},"image":{"@id":"https:\/\/www.grupomedcof.com.br\/blog\/meu-paciente-fez-hipocalcemia-apos-tireoidectomia-e-agora\/#primaryimage"},"thumbnailUrl":"https:\/\/www.grupomedcof.com.br\/blog\/wp-content\/uploads\/2022\/04\/tireoidectomia.png","keywords":["Hipocalcemia","Hipoparatireoidismo transit\u00f3rio","Tireoidectomia"],"articleSection":["Cirurgia de Cabe\u00e7a e Pesco\u00e7o"],"inLanguage":"pt-BR"},{"@type":"WebPage","@id":"https:\/\/www.grupomedcof.com.br\/blog\/meu-paciente-fez-hipocalcemia-apos-tireoidectomia-e-agora\/","url":"https:\/\/www.grupomedcof.com.br\/blog\/meu-paciente-fez-hipocalcemia-apos-tireoidectomia-e-agora\/","name":"Hipocalcemia ap\u00f3s tireoidectomia, e agora? - Blog de Medcof: conte\u00fados, editais, revalida e mais!","isPartOf":{"@id":"https:\/\/www.grupomedcof.com.br\/blog\/#website"},"primaryImageOfPage":{"@id":"https:\/\/www.grupomedcof.com.br\/blog\/meu-paciente-fez-hipocalcemia-apos-tireoidectomia-e-agora\/#primaryimage"},"image":{"@id":"https:\/\/www.grupomedcof.com.br\/blog\/meu-paciente-fez-hipocalcemia-apos-tireoidectomia-e-agora\/#primaryimage"},"thumbnailUrl":"https:\/\/www.grupomedcof.com.br\/blog\/wp-content\/uploads\/2022\/04\/tireoidectomia.png","datePublished":"2022-04-22T15:00:12+00:00","description":"Situa\u00e7\u00e3o hipot\u00e9tica: por conta de uma neoplasia de tireoide, seu paciente foi submetido \u00e0 excis\u00e3o total da gl\u00e2ndula.","breadcrumb":{"@id":"https:\/\/www.grupomedcof.com.br\/blog\/meu-paciente-fez-hipocalcemia-apos-tireoidectomia-e-agora\/#breadcrumb"},"inLanguage":"pt-BR","potentialAction":[{"@type":"ReadAction","target":["https:\/\/www.grupomedcof.com.br\/blog\/meu-paciente-fez-hipocalcemia-apos-tireoidectomia-e-agora\/"]}]},{"@type":"ImageObject","inLanguage":"pt-BR","@id":"https:\/\/www.grupomedcof.com.br\/blog\/meu-paciente-fez-hipocalcemia-apos-tireoidectomia-e-agora\/#primaryimage","url":"https:\/\/www.grupomedcof.com.br\/blog\/wp-content\/uploads\/2022\/04\/tireoidectomia.png","contentUrl":"https:\/\/www.grupomedcof.com.br\/blog\/wp-content\/uploads\/2022\/04\/tireoidectomia.png","width":2208,"height":1157,"caption":"tireoidectomia"},{"@type":"BreadcrumbList","@id":"https:\/\/www.grupomedcof.com.br\/blog\/meu-paciente-fez-hipocalcemia-apos-tireoidectomia-e-agora\/#breadcrumb","itemListElement":[{"@type":"ListItem","position":1,"name":"In\u00edcio","item":"https:\/\/www.grupomedcof.com.br\/blog\/"},{"@type":"ListItem","position":2,"name":"Meu paciente fez hipocalcemia ap\u00f3s tireoidectomia. E agora?"}]},{"@type":"WebSite","@id":"https:\/\/www.grupomedcof.com.br\/blog\/#website","url":"https:\/\/www.grupomedcof.com.br\/blog\/","name":"Blog de Medcof: conte\u00fados, editais, revalida e mais!","description":"Acesso o blog de MedCof! Seu portal de conte\u00fados sobre resid\u00eancia m\u00e9dica, an\u00e1lise e editais e muito mais. Clique e confira!","publisher":{"@id":"https:\/\/www.grupomedcof.com.br\/blog\/#organization"},"alternateName":"Blog de Medcof: conte\u00fados, editais, revalida e mais!","potentialAction":[{"@type":"SearchAction","target":{"@type":"EntryPoint","urlTemplate":"https:\/\/www.grupomedcof.com.br\/blog\/?s={search_term_string}"},"query-input":{"@type":"PropertyValueSpecification","valueRequired":true,"valueName":"search_term_string"}}],"inLanguage":"pt-BR"},{"@type":"Organization","@id":"https:\/\/www.grupomedcof.com.br\/blog\/#organization","name":"Grupo MedCof","url":"https:\/\/www.grupomedcof.com.br\/blog\/","logo":{"@type":"ImageObject","inLanguage":"pt-BR","@id":"https:\/\/www.grupomedcof.com.br\/blog\/#\/schema\/logo\/image\/","url":"https:\/\/www.grupomedcof.com.br\/blog\/wp-content\/uploads\/2022\/01\/logo-medcof.png","contentUrl":"https:\/\/www.grupomedcof.com.br\/blog\/wp-content\/uploads\/2022\/01\/logo-medcof.png","width":768,"height":269,"caption":"Grupo MedCof"},"image":{"@id":"https:\/\/www.grupomedcof.com.br\/blog\/#\/schema\/logo\/image\/"},"sameAs":["https:\/\/www.facebook.com\/MedCofQbank\/","https:\/\/www.instagram.com\/grupomedcof\/","https:\/\/br.linkedin.com\/company\/medcof","https:\/\/www.youtube.com\/channel\/UCdHMuOHKICxcHwecxN8P-AA"]},{"@type":"Person","@id":"https:\/\/www.grupomedcof.com.br\/blog\/#\/schema\/person\/7a655db4c3da9796e0166bf55a9ea53a","name":"Patr\u00edcia Oliveira","image":{"@type":"ImageObject","inLanguage":"pt-BR","@id":"https:\/\/www.grupomedcof.com.br\/blog\/wp-content\/uploads\/2022\/03\/furacao-96x96.png19e0d43e5696aaa42a3bb896953b331f","url":"https:\/\/www.grupomedcof.com.br\/blog\/wp-content\/uploads\/2022\/03\/furacao-96x96.png","contentUrl":"https:\/\/www.grupomedcof.com.br\/blog\/wp-content\/uploads\/2022\/03\/furacao-96x96.png","caption":"Patr\u00edcia Oliveira"},"sameAs":["https:\/\/www.grupomedcof.com.br\/"],"url":"https:\/\/www.grupomedcof.com.br\/blog\/author\/patricia\/"}]}},"authors":[{"term_id":3612,"user_id":2,"is_guest":0,"slug":"patricia","display_name":"Patr\u00edcia Oliveira","avatar_url":"https:\/\/www.grupomedcof.com.br\/blog\/wp-content\/uploads\/2022\/03\/furacao-96x96.png","0":null,"1":"","2":"","3":"","4":"","5":"","6":"","7":"","8":""}],"_links":{"self":[{"href":"https:\/\/www.grupomedcof.com.br\/blog\/wp-json\/wp\/v2\/posts\/596","targetHints":{"allow":["GET"]}}],"collection":[{"href":"https:\/\/www.grupomedcof.com.br\/blog\/wp-json\/wp\/v2\/posts"}],"about":[{"href":"https:\/\/www.grupomedcof.com.br\/blog\/wp-json\/wp\/v2\/types\/post"}],"author":[{"embeddable":true,"href":"https:\/\/www.grupomedcof.com.br\/blog\/wp-json\/wp\/v2\/users\/2"}],"replies":[{"embeddable":true,"href":"https:\/\/www.grupomedcof.com.br\/blog\/wp-json\/wp\/v2\/comments?post=596"}],"version-history":[{"count":0,"href":"https:\/\/www.grupomedcof.com.br\/blog\/wp-json\/wp\/v2\/posts\/596\/revisions"}],"wp:featuredmedia":[{"embeddable":true,"href":"https:\/\/www.grupomedcof.com.br\/blog\/wp-json\/wp\/v2\/media\/904"}],"wp:attachment":[{"href":"https:\/\/www.grupomedcof.com.br\/blog\/wp-json\/wp\/v2\/media?parent=596"}],"wp:term":[{"taxonomy":"category","embeddable":true,"href":"https:\/\/www.grupomedcof.com.br\/blog\/wp-json\/wp\/v2\/categories?post=596"},{"taxonomy":"post_tag","embeddable":true,"href":"https:\/\/www.grupomedcof.com.br\/blog\/wp-json\/wp\/v2\/tags?post=596"},{"taxonomy":"author","embeddable":true,"href":"https:\/\/www.grupomedcof.com.br\/blog\/wp-json\/wp\/v2\/ppma_author?post=596"}],"curies":[{"name":"wp","href":"https:\/\/api.w.org\/{rel}","templated":true}]}}