{"id":6019,"date":"2023-04-25T14:47:46","date_gmt":"2023-04-25T17:47:46","guid":{"rendered":"https:\/\/www.grupomedcof.com.br\/blog\/?p=6019"},"modified":"2023-04-25T14:47:46","modified_gmt":"2023-04-25T17:47:46","slug":"pro-residencia-instituicoes-contempladas","status":"publish","type":"post","link":"https:\/\/www.grupomedcof.com.br\/blog\/pro-residencia-instituicoes-contempladas\/","title":{"rendered":"Pr\u00f3-Resid\u00eancia: Institui\u00e7\u00f5es contempladas"},"content":{"rendered":"<div id=\"ez-toc-container\" class=\"ez-toc-v2_0_74 counter-hierarchy ez-toc-counter ez-toc-transparent ez-toc-container-direction\">\n<div class=\"ez-toc-title-container\">\n<p class=\"ez-toc-title\" style=\"cursor:inherit\">Sum\u00e1rio<\/p>\n<span class=\"ez-toc-title-toggle\"><a href=\"#\" class=\"ez-toc-pull-right ez-toc-btn ez-toc-btn-xs ez-toc-btn-default ez-toc-toggle\" aria-label=\"Alternar tabela de conte\u00fado\"><span class=\"ez-toc-js-icon-con\"><span class=\"\"><span class=\"eztoc-hide\" style=\"display:none;\">Toggle<\/span><span class=\"ez-toc-icon-toggle-span\"><svg style=\"fill: #999;color:#999\" xmlns=\"http:\/\/www.w3.org\/2000\/svg\" class=\"list-377408\" width=\"20px\" height=\"20px\" viewBox=\"0 0 24 24\" fill=\"none\"><path d=\"M6 6H4v2h2V6zm14 0H8v2h12V6zM4 11h2v2H4v-2zm16 0H8v2h12v-2zM4 16h2v2H4v-2zm16 0H8v2h12v-2z\" fill=\"currentColor\"><\/path><\/svg><svg style=\"fill: #999;color:#999\" class=\"arrow-unsorted-368013\" xmlns=\"http:\/\/www.w3.org\/2000\/svg\" width=\"10px\" height=\"10px\" viewBox=\"0 0 24 24\" version=\"1.2\" baseProfile=\"tiny\"><path d=\"M18.2 9.3l-6.2-6.3-6.2 6.3c-.2.2-.3.4-.3.7s.1.5.3.7c.2.2.4.3.7.3h11c.3 0 .5-.1.7-.3.2-.2.3-.5.3-.7s-.1-.5-.3-.7zM5.8 14.7l6.2 6.3 6.2-6.3c.2-.2.3-.5.3-.7s-.1-.5-.3-.7c-.2-.2-.4-.3-.7-.3h-11c-.3 0-.5.1-.7.3-.2.2-.3.5-.3.7s.1.5.3.7z\"\/><\/svg><\/span><\/span><\/span><\/a><\/span><\/div>\n<nav><ul class='ez-toc-list ez-toc-list-level-1 ' ><li class='ez-toc-page-1 ez-toc-heading-level-2'><a class=\"ez-toc-link ez-toc-heading-1\" href=\"https:\/\/www.grupomedcof.com.br\/blog\/pro-residencia-instituicoes-contempladas\/#Edital_Pro-Residencia\" >Edital Pr\u00f3-Resid\u00eancia<\/a><\/li><li class='ez-toc-page-1 ez-toc-heading-level-2'><a class=\"ez-toc-link ez-toc-heading-2\" href=\"https:\/\/www.grupomedcof.com.br\/blog\/pro-residencia-instituicoes-contempladas\/#Sobre_o_Pro-Residencia\" >Sobre o Pr\u00f3-Resid\u00eancia<\/a><\/li><li class='ez-toc-page-1 ez-toc-heading-level-2'><a class=\"ez-toc-link ez-toc-heading-3\" href=\"https:\/\/www.grupomedcof.com.br\/blog\/pro-residencia-instituicoes-contempladas\/#Areas_prioritarias_do_SUS\" >\u00c1reas priorit\u00e1rias do SUS<\/a><\/li><li class='ez-toc-page-1 ez-toc-heading-level-2'><a class=\"ez-toc-link ez-toc-heading-4\" href=\"https:\/\/www.grupomedcof.com.br\/blog\/pro-residencia-instituicoes-contempladas\/#Instituicoes_Contempladas\" >Institui\u00e7\u00f5es Contempladas<\/a><ul class='ez-toc-list-level-3' ><li class='ez-toc-heading-level-3'><a class=\"ez-toc-link ez-toc-heading-5\" href=\"https:\/\/www.grupomedcof.com.br\/blog\/pro-residencia-instituicoes-contempladas\/#Maranhao\" >Maranh\u00e3o<\/a><\/li><li class='ez-toc-page-1 ez-toc-heading-level-3'><a class=\"ez-toc-link ez-toc-heading-6\" href=\"https:\/\/www.grupomedcof.com.br\/blog\/pro-residencia-instituicoes-contempladas\/#Amazonas\" >Amazonas<\/a><\/li><li class='ez-toc-page-1 ez-toc-heading-level-3'><a class=\"ez-toc-link ez-toc-heading-7\" href=\"https:\/\/www.grupomedcof.com.br\/blog\/pro-residencia-instituicoes-contempladas\/#Sergipe\" >Sergipe<\/a><\/li><li class='ez-toc-page-1 ez-toc-heading-level-3'><a class=\"ez-toc-link ez-toc-heading-8\" href=\"https:\/\/www.grupomedcof.com.br\/blog\/pro-residencia-instituicoes-contempladas\/#Pernambuco\" >Pernambuco<\/a><\/li><li class='ez-toc-page-1 ez-toc-heading-level-3'><a class=\"ez-toc-link ez-toc-heading-9\" href=\"https:\/\/www.grupomedcof.com.br\/blog\/pro-residencia-instituicoes-contempladas\/#Alagoas\" >Alagoas<\/a><\/li><li class='ez-toc-page-1 ez-toc-heading-level-3'><a class=\"ez-toc-link ez-toc-heading-10\" href=\"https:\/\/www.grupomedcof.com.br\/blog\/pro-residencia-instituicoes-contempladas\/#Rio_Grande_do_Norte\" >Rio Grande do Norte<\/a><\/li><li class='ez-toc-page-1 ez-toc-heading-level-3'><a class=\"ez-toc-link ez-toc-heading-11\" href=\"https:\/\/www.grupomedcof.com.br\/blog\/pro-residencia-instituicoes-contempladas\/#Paraiba\" >Para\u00edba<\/a><\/li><li class='ez-toc-page-1 ez-toc-heading-level-3'><a class=\"ez-toc-link ez-toc-heading-12\" href=\"https:\/\/www.grupomedcof.com.br\/blog\/pro-residencia-instituicoes-contempladas\/#Distrito_Federal\" >Distrito Federal<\/a><\/li><li class='ez-toc-page-1 ez-toc-heading-level-3'><a class=\"ez-toc-link ez-toc-heading-13\" href=\"https:\/\/www.grupomedcof.com.br\/blog\/pro-residencia-instituicoes-contempladas\/#Para\" >Par\u00e1<\/a><\/li><li class='ez-toc-page-1 ez-toc-heading-level-3'><a class=\"ez-toc-link ez-toc-heading-14\" href=\"https:\/\/www.grupomedcof.com.br\/blog\/pro-residencia-instituicoes-contempladas\/#Tocantins\" >Tocantins<\/a><\/li><li class='ez-toc-page-1 ez-toc-heading-level-3'><a class=\"ez-toc-link ez-toc-heading-15\" href=\"https:\/\/www.grupomedcof.com.br\/blog\/pro-residencia-instituicoes-contempladas\/#Bahia\" >Bahia<\/a><\/li><li class='ez-toc-page-1 ez-toc-heading-level-3'><a class=\"ez-toc-link ez-toc-heading-16\" href=\"https:\/\/www.grupomedcof.com.br\/blog\/pro-residencia-instituicoes-contempladas\/#Rondonia\" >Rond\u00f4nia<\/a><\/li><li class='ez-toc-page-1 ez-toc-heading-level-3'><a class=\"ez-toc-link ez-toc-heading-17\" href=\"https:\/\/www.grupomedcof.com.br\/blog\/pro-residencia-instituicoes-contempladas\/#Rio_de_Janeiro\" >Rio de Janeiro<\/a><\/li><li class='ez-toc-page-1 ez-toc-heading-level-3'><a class=\"ez-toc-link ez-toc-heading-18\" href=\"https:\/\/www.grupomedcof.com.br\/blog\/pro-residencia-instituicoes-contempladas\/#Mato_Grosso\" >Mato Grosso<\/a><\/li><li class='ez-toc-page-1 ez-toc-heading-level-3'><a class=\"ez-toc-link ez-toc-heading-19\" href=\"https:\/\/www.grupomedcof.com.br\/blog\/pro-residencia-instituicoes-contempladas\/#Goias\" >Goi\u00e1s<\/a><\/li><li class='ez-toc-page-1 ez-toc-heading-level-3'><a class=\"ez-toc-link ez-toc-heading-20\" href=\"https:\/\/www.grupomedcof.com.br\/blog\/pro-residencia-instituicoes-contempladas\/#Ceara\" >Cear\u00e1<\/a><\/li><li class='ez-toc-page-1 ez-toc-heading-level-3'><a class=\"ez-toc-link ez-toc-heading-21\" href=\"https:\/\/www.grupomedcof.com.br\/blog\/pro-residencia-instituicoes-contempladas\/#Mato_Grosso_do_Sul\" >Mato Grosso do Sul<\/a><\/li><li class='ez-toc-page-1 ez-toc-heading-level-3'><a class=\"ez-toc-link ez-toc-heading-22\" href=\"https:\/\/www.grupomedcof.com.br\/blog\/pro-residencia-instituicoes-contempladas\/#Espirito_Santo\" >Esp\u00edrito Santo<\/a><\/li><li class='ez-toc-page-1 ez-toc-heading-level-3'><a class=\"ez-toc-link ez-toc-heading-23\" href=\"https:\/\/www.grupomedcof.com.br\/blog\/pro-residencia-instituicoes-contempladas\/#Sao_Paulo\" >S\u00e3o Paulo<\/a><\/li><li class='ez-toc-page-1 ez-toc-heading-level-3'><a class=\"ez-toc-link ez-toc-heading-24\" href=\"https:\/\/www.grupomedcof.com.br\/blog\/pro-residencia-instituicoes-contempladas\/#Rio_Grande_do_Sul\" >Rio Grande do Sul<\/a><\/li><\/ul><\/li><li class='ez-toc-page-1 ez-toc-heading-level-2'><a class=\"ez-toc-link ez-toc-heading-25\" href=\"https:\/\/www.grupomedcof.com.br\/blog\/pro-residencia-instituicoes-contempladas\/#Santa_Catarina\" >Santa Catarina<\/a><\/li><li class='ez-toc-page-1 ez-toc-heading-level-2'><a class=\"ez-toc-link ez-toc-heading-26\" href=\"https:\/\/www.grupomedcof.com.br\/blog\/pro-residencia-instituicoes-contempladas\/#Minas_Gerais\" >Minas Gerais<\/a><\/li><li class='ez-toc-page-1 ez-toc-heading-level-2'><a class=\"ez-toc-link ez-toc-heading-27\" href=\"https:\/\/www.grupomedcof.com.br\/blog\/pro-residencia-instituicoes-contempladas\/#Parana\" >Paran\u00e1<\/a><\/li><li class='ez-toc-page-1 ez-toc-heading-level-2'><a class=\"ez-toc-link ez-toc-heading-28\" href=\"https:\/\/www.grupomedcof.com.br\/blog\/pro-residencia-instituicoes-contempladas\/#Conquiste_a_aprovacao\" >Conquiste a aprova\u00e7\u00e3o!<\/a><\/li><\/ul><\/nav><\/div>\n<p><img loading=\"lazy\" decoding=\"async\" width=\"800\" height=\"450\" src=\"https:\/\/www.grupomedcof.com.br\/blog\/wp-content\/uploads\/2023\/04\/saiba-mais-sobre-a-45-1024x576.png\" alt=\"Institui\u00e7\u00f5es contempladas pelo Pr\u00f3-Resid\u00eancia\" srcset=\"https:\/\/www.grupomedcof.com.br\/blog\/wp-content\/uploads\/2023\/04\/saiba-mais-sobre-a-45-1024x576.png 1024w, https:\/\/www.grupomedcof.com.br\/blog\/wp-content\/uploads\/2023\/04\/saiba-mais-sobre-a-45-300x169.png 300w, https:\/\/www.grupomedcof.com.br\/blog\/wp-content\/uploads\/2023\/04\/saiba-mais-sobre-a-45-768x432.png 768w, https:\/\/www.grupomedcof.com.br\/blog\/wp-content\/uploads\/2023\/04\/saiba-mais-sobre-a-45-1536x864.png 1536w, https:\/\/www.grupomedcof.com.br\/blog\/wp-content\/uploads\/2023\/04\/saiba-mais-sobre-a-45-2048x1152.png 2048w\" sizes=\"auto, (max-width: 800px) 100vw, 800px\" \/>\t\t\t\t\t\t\t\t\t\t\t\t\t\t\t<\/p>\n<p>Saiba quais foram as\u00a0Institui\u00e7\u00f5es contempladas pelo Pr\u00f3-Resid\u00eancia divulgadas atrav\u00e9s da Portaria N\u00ba7.<\/p>\n<h4>\n\t\t\t\tSaiba mais\t\t\t<\/h4>\n<p>O Di\u00e1rio Oficial da Uni\u00e3o publicou no dia <b>20 de abril<\/b> o\u00a0<a href=\"https:\/\/www.in.gov.br\/en\/web\/dou\/-\/portaria-n-7-de-19-de-abril-de-2023-478262955\" target=\"_blank\" rel=\"noopener\">Resultado Final<\/a><b>\u00a0das institui\u00e7\u00f5es compladas pelo Pr\u00f3-Resid\u00eancia.<\/b> De acordo com a proposta, elas receber\u00e3o <b>vagas adicionais<\/b> destinadas aos programas de resid\u00eancia m\u00e9dica deste ano. Dessa forma, a divulga\u00e7\u00e3o ocorreu ap\u00f3s o encerramento do per\u00edodo de ades\u00e3o, de 15 a 24 de Mar\u00e7o. Seguido do per\u00edodo de an\u00e1lise feito pelo Minist\u00e9rio da Sa\u00fade (MS), realizado entre os dias 27 a 19 de abril de 2023.<\/p>\n<h2 style=\"font-family: Poppins, sans-serif; color: #7a7a7a;\"><span class=\"ez-toc-section\" id=\"Edital_Pro-Residencia\"><\/span><strong>Edital Pr\u00f3-Resid\u00eancia<\/strong><span class=\"ez-toc-section-end\"><\/span><\/h2>\n<p><b>A publica\u00e7\u00e3o do edital<\/b> convocando as institui\u00e7\u00f5es interessadas em aderir ao Pr\u00f3-Resid\u00eancia, ocorreu no dia<b> 14 de mar\u00e7o<\/b> pelo MS. Desse modo, o\u00a0<a href=\"https:\/\/cdn.medblog.estrategiaeducacional.com.br\/wp-content\/uploads\/2023\/04\/pro-resid-preliminar-1.pdf\" target=\"_blank\" rel=\"noopener\">Resultado Preliminar<\/a>\u00a0esteve dispon\u00edvel no dia<b> 11 abril<\/b> com todas as institui\u00e7\u00f5es que demonstraram interesse na amplia\u00e7\u00e3o ou cria\u00e7\u00e3o de novas vagas para resid\u00eancia m\u00e9dica.\u00a0<\/p>\n<p>\u00a0<\/p>\n<p>Posteriormente, <b>ap\u00f3s o dia 19 de abril,<\/b> data que marcou o per\u00edodo para interposi\u00e7\u00e3o foi divulgado o resultado preliminar da an\u00e1lise. No documento pode-se conferir o status do pedido de homologa\u00e7\u00e3o para bolsas extras.<\/p>\n<h2 style=\"font-family: Poppins, sans-serif; color: #7a7a7a;\"><span class=\"ez-toc-section\" id=\"Sobre_o_Pro-Residencia\"><\/span><strong>Sobre o Pr\u00f3-Resid\u00eancia<\/strong><span class=\"ez-toc-section-end\"><\/span><\/h2>\n<p>Em<b> 22 de outubro de 2009<\/b> a <b>Portaria Interministerial N\u00ba 1001\/MEC\/MS instituiu o Programa Nacional de Apoio \u00e0 Forma\u00e7\u00e3o de M\u00e9dicos Especialista em \u00c1reas Estrat\u00e9gicas (Pr\u00f3-Resid\u00eancia).<\/b> At\u00e9 hoje, o programa contou com<b> duas edi\u00e7\u00f5es,<\/b> uma realizada em 2009 e outra em 2010.\u00a0 Assim sendo, a retomada do programa, anunciada em 6 de mar\u00e7o de 2023, trouxe 963 novas bolsas com o objetivo de incentivar a forma\u00e7\u00e3o de m\u00e9dicos especializados em regi\u00f5es consideradas priorit\u00e1rias pelo SUS.<\/p>\n<p>Dessa forma, podiam solicitar a expans\u00e3o das vagas para resid\u00eancia m\u00e9dica:<\/p>\n<ul style=\"font-size: 16px; background-color: #ffffff;\">\n<li style=\"font-size: 16px;\">Institui\u00e7\u00f5es federais vinculadas ao Minist\u00e9rio da Sa\u00fade ou ao Minist\u00e9rio da Educa\u00e7\u00e3o (MEC),<\/li>\n<li style=\"font-size: 16px;\">\u00d3rg\u00e3os e institui\u00e7\u00f5es p\u00fablicas, distrital, estaduais, municipais<\/li>\n<li style=\"font-size: 16px;\">Institui\u00e7\u00f5es privadas, mas sem fins lucrativos<\/li>\n<\/ul>\n<p>\u00a0<\/p>\n<p>Contanto que estas ofertassem programas credenciados pelo MEC.<\/p>\n<p>Assim, os candidatos aos programas de resid\u00eancia m\u00e9dica participar\u00e3o do processo seletivo oferecido pelas pr\u00f3prias institui\u00e7\u00f5es aderentes ou n\u00e3o ao Pr\u00f3-Resid\u00eancia. A divulga\u00e7\u00e3o dos editais acontecer\u00e3o a partir do 2\u00ba semestre deste ano.<\/p>\n<h2 style=\"font-family: Poppins, sans-serif; color: #7a7a7a;\"><span class=\"ez-toc-section\" id=\"Areas_prioritarias_do_SUS\"><\/span><strong>\u00c1reas priorit\u00e1rias do SUS<\/strong><span class=\"ez-toc-section-end\"><\/span><\/h2>\n<p>Portanto, com base no \u00cdndice de Vulnerabilidade Social e na quantidade de bolsas concedidas \u00e0s Unidades Federativas, foi definido o crit\u00e9rio territorial para classifica\u00e7\u00e3o de prioridade do Pr\u00f3-Resid\u00eancia durante toda a sua reg\u00eancia.<\/p>\n<p>\u00a0<\/p>\n<table style=\"background-color: #ffffff; width: 800px;\">\n<tbody>\n<tr>\n<td style=\"border-color: rgba(128, 128, 128, 0.5); background-color: rgba(128, 128, 128, 0.07);\" data-align=\"center\">Classifica\u00e7\u00e3o<\/td>\n<td style=\"border-color: rgba(128, 128, 128, 0.5); background-color: rgba(128, 128, 128, 0.07);\" data-align=\"center\">Estado<\/td>\n<\/tr>\n<tr>\n<td style=\"border-color: rgba(128, 128, 128, 0.5);\" data-align=\"center\">1\u00ba<\/td>\n<td style=\"border-color: rgba(128, 128, 128, 0.5);\" data-align=\"center\">Acre<\/td>\n<\/tr>\n<tr>\n<td style=\"border-color: rgba(128, 128, 128, 0.5); background-color: rgba(128, 128, 128, 0.07);\" data-align=\"center\">2\u00ba<\/td>\n<td style=\"border-color: rgba(128, 128, 128, 0.5); background-color: rgba(128, 128, 128, 0.07);\" data-align=\"center\">Maranh\u00e3o<\/td>\n<\/tr>\n<tr>\n<td style=\"border-color: rgba(128, 128, 128, 0.5);\" data-align=\"center\">3\u00ba<\/td>\n<td style=\"border-color: rgba(128, 128, 128, 0.5);\" data-align=\"center\">Amazonas<\/td>\n<\/tr>\n<tr>\n<td style=\"border-color: rgba(128, 128, 128, 0.5); background-color: rgba(128, 128, 128, 0.07);\" data-align=\"center\">4\u00ba<\/td>\n<td style=\"border-color: rgba(128, 128, 128, 0.5); background-color: rgba(128, 128, 128, 0.07);\" data-align=\"center\">Sergipe<\/td>\n<\/tr>\n<tr>\n<td style=\"border-color: rgba(128, 128, 128, 0.5);\" data-align=\"center\">5\u00ba<\/td>\n<td style=\"border-color: rgba(128, 128, 128, 0.5);\" data-align=\"center\">Piau\u00ed<\/td>\n<\/tr>\n<tr>\n<td style=\"border-color: rgba(128, 128, 128, 0.5); background-color: rgba(128, 128, 128, 0.07);\" data-align=\"center\">6\u00ba<\/td>\n<td style=\"border-color: rgba(128, 128, 128, 0.5); background-color: rgba(128, 128, 128, 0.07);\" data-align=\"center\">Pernambuco<\/td>\n<\/tr>\n<tr>\n<td style=\"border-color: rgba(128, 128, 128, 0.5);\" data-align=\"center\">7\u00ba<\/td>\n<td style=\"border-color: rgba(128, 128, 128, 0.5);\" data-align=\"center\">Alagoas<\/td>\n<\/tr>\n<tr>\n<td style=\"border-color: rgba(128, 128, 128, 0.5); background-color: rgba(128, 128, 128, 0.07);\" data-align=\"center\">8\u00ba<\/td>\n<td style=\"border-color: rgba(128, 128, 128, 0.5); background-color: rgba(128, 128, 128, 0.07);\" data-align=\"center\">Rio Grande do norte<\/td>\n<\/tr>\n<tr>\n<td style=\"border-color: rgba(128, 128, 128, 0.5);\" data-align=\"center\">9\u00ba<\/td>\n<td style=\"border-color: rgba(128, 128, 128, 0.5);\" data-align=\"center\">Roraima<\/td>\n<\/tr>\n<tr>\n<td style=\"border-color: rgba(128, 128, 128, 0.5); background-color: rgba(128, 128, 128, 0.07);\" data-align=\"center\">10\u00ba<\/td>\n<td style=\"border-color: rgba(128, 128, 128, 0.5); background-color: rgba(128, 128, 128, 0.07);\" data-align=\"center\">Para\u00edba<\/td>\n<\/tr>\n<tr>\n<td style=\"border-color: rgba(128, 128, 128, 0.5);\" data-align=\"center\">11\u00ba<\/td>\n<td style=\"border-color: rgba(128, 128, 128, 0.5);\" data-align=\"center\">Amap\u00e1<\/td>\n<\/tr>\n<tr>\n<td style=\"border-color: rgba(128, 128, 128, 0.5); background-color: rgba(128, 128, 128, 0.07);\" data-align=\"center\">12\u00ba<\/td>\n<td style=\"border-color: rgba(128, 128, 128, 0.5); background-color: rgba(128, 128, 128, 0.07);\" data-align=\"center\">Distrito Federal<\/td>\n<\/tr>\n<tr>\n<td style=\"border-color: rgba(128, 128, 128, 0.5);\" data-align=\"center\">13\u00ba<\/td>\n<td style=\"border-color: rgba(128, 128, 128, 0.5);\" data-align=\"center\">Par\u00e1<\/td>\n<\/tr>\n<tr>\n<td style=\"border-color: rgba(128, 128, 128, 0.5); background-color: rgba(128, 128, 128, 0.07);\" data-align=\"center\">14\u00ba<\/td>\n<td style=\"border-color: rgba(128, 128, 128, 0.5); background-color: rgba(128, 128, 128, 0.07);\" data-align=\"center\">Tocantins<\/td>\n<\/tr>\n<tr>\n<td style=\"border-color: rgba(128, 128, 128, 0.5);\" data-align=\"center\">15\u00ba<\/td>\n<td style=\"border-color: rgba(128, 128, 128, 0.5);\" data-align=\"center\">Bahia<\/td>\n<\/tr>\n<tr>\n<td style=\"border-color: rgba(128, 128, 128, 0.5); background-color: rgba(128, 128, 128, 0.07);\" data-align=\"center\">16\u00ba<\/td>\n<td style=\"border-color: rgba(128, 128, 128, 0.5); background-color: rgba(128, 128, 128, 0.07);\" data-align=\"center\">Rond\u00f4nia<\/td>\n<\/tr>\n<tr>\n<td style=\"border-color: rgba(128, 128, 128, 0.5);\" data-align=\"center\">17\u00ba<\/td>\n<td style=\"border-color: rgba(128, 128, 128, 0.5);\" data-align=\"center\">Rio de Janeiro<\/td>\n<\/tr>\n<tr>\n<td style=\"border-color: rgba(128, 128, 128, 0.5); background-color: rgba(128, 128, 128, 0.07);\" data-align=\"center\">18\u00ba<\/td>\n<td style=\"border-color: rgba(128, 128, 128, 0.5); background-color: rgba(128, 128, 128, 0.07);\" data-align=\"center\">Mato Grosso<\/td>\n<\/tr>\n<tr>\n<td style=\"border-color: rgba(128, 128, 128, 0.5);\" data-align=\"center\">19\u00ba<\/td>\n<td style=\"border-color: rgba(128, 128, 128, 0.5);\" data-align=\"center\">Goi\u00e1s<\/td>\n<\/tr>\n<tr>\n<td style=\"border-color: rgba(128, 128, 128, 0.5); background-color: rgba(128, 128, 128, 0.07);\" data-align=\"center\">20\u00ba<\/td>\n<td style=\"border-color: rgba(128, 128, 128, 0.5); background-color: rgba(128, 128, 128, 0.07);\" data-align=\"center\">Cear\u00e1<\/td>\n<\/tr>\n<tr>\n<td style=\"border-color: rgba(128, 128, 128, 0.5);\" data-align=\"center\">21\u00ba<\/td>\n<td style=\"border-color: rgba(128, 128, 128, 0.5);\" data-align=\"center\">Mato Grosso do Sul<\/td>\n<\/tr>\n<tr>\n<td style=\"border-color: rgba(128, 128, 128, 0.5); background-color: rgba(128, 128, 128, 0.07);\" data-align=\"center\">22\u00ba<\/td>\n<td style=\"border-color: rgba(128, 128, 128, 0.5); background-color: rgba(128, 128, 128, 0.07);\" data-align=\"center\">Esp\u00edrito Santo<\/td>\n<\/tr>\n<tr>\n<td style=\"border-color: rgba(128, 128, 128, 0.5);\" data-align=\"center\">23\u00ba<\/td>\n<td style=\"border-color: rgba(128, 128, 128, 0.5);\" data-align=\"center\">S\u00e3o Paulo<\/td>\n<\/tr>\n<tr>\n<td style=\"border-color: rgba(128, 128, 128, 0.5); background-color: rgba(128, 128, 128, 0.07);\" data-align=\"center\">24\u00ba<\/td>\n<td style=\"border-color: rgba(128, 128, 128, 0.5); background-color: rgba(128, 128, 128, 0.07);\" data-align=\"center\">Rio Grande do Sul<\/td>\n<\/tr>\n<tr>\n<td style=\"border-color: rgba(128, 128, 128, 0.5);\" data-align=\"center\">25\u00ba<\/td>\n<td style=\"border-color: rgba(128, 128, 128, 0.5);\" data-align=\"center\">Santa Catarina<\/td>\n<\/tr>\n<tr>\n<td style=\"border-color: rgba(128, 128, 128, 0.5); background-color: rgba(128, 128, 128, 0.07);\" data-align=\"center\">26\u00ba<\/td>\n<td style=\"border-color: rgba(128, 128, 128, 0.5); background-color: rgba(128, 128, 128, 0.07);\" data-align=\"center\">Minas Gerais<\/td>\n<\/tr>\n<tr>\n<td style=\"border-color: rgba(128, 128, 128, 0.5);\" data-align=\"center\">27\u00ba<\/td>\n<td style=\"border-color: rgba(128, 128, 128, 0.5);\" data-align=\"center\">Paran\u00e1<\/td>\n<\/tr>\n<\/tbody>\n<\/table>\n<p>Assim, veja abaixo as institui\u00e7\u00f5es contempladas pelo Pr\u00f3-Resid\u00eancia de acordo com o estado e a quantidade de bolsas extras concedidas:<\/p>\n<p>&nbsp;<\/p>\n<h2><span class=\"ez-toc-section\" id=\"Instituicoes_Contempladas\"><\/span><strong>Institui\u00e7\u00f5es Contempladas<\/strong><span class=\"ez-toc-section-end\"><\/span><\/h2>\n<h3><span class=\"ez-toc-section\" id=\"Maranhao\"><\/span><strong>Maranh\u00e3o<\/strong><span class=\"ez-toc-section-end\"><\/span><\/h3>\n<ul>\n<li>Secretaria de Estado da Sa\u00fade (Novo Programa)<\/li>\n<\/ul>\n<table>\n<thead>\n<tr>\n<th data-align=\"center\">Especialidade<\/th>\n<th data-align=\"center\">Vagas Concedidas<\/th>\n<\/tr>\n<\/thead>\n<tbody>\n<tr>\n<td data-align=\"center\">Cl\u00ednica M\u00e9dica<\/td>\n<td data-align=\"center\">5<\/td>\n<\/tr>\n<tr>\n<td data-align=\"center\">Neonatologia<\/td>\n<td data-align=\"center\">2<\/td>\n<\/tr>\n<tr>\n<td data-align=\"center\">Cl\u00ednica M\u00e9dica<\/td>\n<td data-align=\"center\">3<\/td>\n<\/tr>\n<tr>\n<td data-align=\"center\">Medicina Intensiva<\/td>\n<td data-align=\"center\">2<\/td>\n<\/tr>\n<tr>\n<td data-align=\"center\">Ginecologia e Obstetr\u00edcia<\/td>\n<td data-align=\"center\">8<\/td>\n<\/tr>\n<tr>\n<td data-align=\"center\">Anestesiologia<\/td>\n<td data-align=\"center\">5<\/td>\n<\/tr>\n<\/tbody>\n<\/table>\n<h3><span class=\"ez-toc-section\" id=\"Amazonas\"><\/span><strong>Amazonas<\/strong><span class=\"ez-toc-section-end\"><\/span><\/h3>\n<ul>\n<li>Secretaria Municipal de Sa\u00fade de Manaus (Amplia\u00e7\u00e3o de Vagas)<\/li>\n<\/ul>\n<table>\n<thead>\n<tr>\n<th data-align=\"center\">Especialidade<\/th>\n<th data-align=\"center\">Vagas Concedidas<\/th>\n<\/tr>\n<\/thead>\n<tbody>\n<tr>\n<td data-align=\"center\">Medicina de Fam\u00edlia e Comunidade<\/td>\n<td data-align=\"center\">10<\/td>\n<\/tr>\n<\/tbody>\n<\/table>\n<h3><span class=\"ez-toc-section\" id=\"Sergipe\"><\/span><strong>Sergipe<\/strong><span class=\"ez-toc-section-end\"><\/span><\/h3>\n<ul>\n<li>Empresa Brasileira de Servi\u00e7os Hospitalares (EBSERH) (Novo Programa)<\/li>\n<\/ul>\n<table>\n<thead>\n<tr>\n<th data-align=\"center\">Especialidade<\/th>\n<th data-align=\"center\">Vagas Concedidas<\/th>\n<\/tr>\n<\/thead>\n<tbody>\n<tr>\n<td data-align=\"center\">Pediatria<\/td>\n<td data-align=\"center\">2<\/td>\n<\/tr>\n<tr>\n<td data-align=\"center\">Cirurgia Geral<\/td>\n<td data-align=\"center\">3<\/td>\n<\/tr>\n<\/tbody>\n<\/table>\n<h3><span class=\"ez-toc-section\" id=\"Pernambuco\"><\/span><strong>Pernambuco<\/strong><span class=\"ez-toc-section-end\"><\/span><\/h3>\n<ul>\n<li>Real Hospital Portugu\u00eas de Benefic\u00eancia em Pernambuco (Novo Programa)<\/li>\n<\/ul>\n<table>\n<thead>\n<tr>\n<th data-align=\"center\">Especialidade<\/th>\n<th data-align=\"center\">Vagas Concedidas<\/th>\n<\/tr>\n<\/thead>\n<tbody>\n<tr>\n<td data-align=\"center\">Medicina de Fam\u00edlia e Comunidade<\/td>\n<td data-align=\"center\">4<\/td>\n<\/tr>\n<\/tbody>\n<\/table>\n<h3><span class=\"ez-toc-section\" id=\"Alagoas\"><\/span><strong>Alagoas<\/strong><span class=\"ez-toc-section-end\"><\/span><\/h3>\n<ul>\n<li>Santa Casa de Miseric\u00f3rdia de Macei\u00f3<\/li>\n<\/ul>\n<table>\n<thead>\n<tr>\n<th data-align=\"center\">Especialidade<\/th>\n<th data-align=\"center\">Vagas Concedidas<\/th>\n<\/tr>\n<\/thead>\n<tbody>\n<tr>\n<td data-align=\"center\">Endoscopia<\/td>\n<td data-align=\"center\">1<\/td>\n<\/tr>\n<\/tbody>\n<\/table>\n<ul>\n<li>Universidade Estadual de Ci\u00eancias da Sa\u00fade de Alagoas<\/li>\n<\/ul>\n<table>\n<thead>\n<tr>\n<th data-align=\"center\">Especialidade<\/th>\n<th data-align=\"center\">Vagas Concedidas<\/th>\n<\/tr>\n<\/thead>\n<tbody>\n<tr>\n<td data-align=\"center\">Ginecologia e Obstetr\u00edcia<\/td>\n<td data-align=\"center\">6<\/td>\n<\/tr>\n<\/tbody>\n<\/table>\n<ul>\n<li>Secretaria de Estado da Sa\u00fade (Novo Programa)<\/li>\n<\/ul>\n<table>\n<thead>\n<tr>\n<th data-align=\"center\">Especialidade<\/th>\n<th data-align=\"center\">Vagas Concedidas<\/th>\n<\/tr>\n<\/thead>\n<tbody>\n<tr>\n<td data-align=\"center\">Cl\u00ednica M\u00e9dica<\/td>\n<td data-align=\"center\">4<\/td>\n<\/tr>\n<tr>\n<td data-align=\"center\">Anestesiologia<\/td>\n<td data-align=\"center\">2<\/td>\n<\/tr>\n<tr>\n<td data-align=\"center\">Endoscopia<\/td>\n<td data-align=\"center\">1<\/td>\n<\/tr>\n<\/tbody>\n<\/table>\n<h3><span class=\"ez-toc-section\" id=\"Rio_Grande_do_Norte\"><\/span><strong>Rio Grande do Norte<\/strong><span class=\"ez-toc-section-end\"><\/span><\/h3>\n<ul>\n<li>Sociedade Professor Heitor Carrilho (Novo programa)<\/li>\n<\/ul>\n<table>\n<thead>\n<tr>\n<th data-align=\"center\">Especialidade<\/th>\n<th data-align=\"center\">Vagas Concedidas<\/th>\n<\/tr>\n<\/thead>\n<tbody>\n<tr>\n<td data-align=\"center\">Psiquiatria<\/td>\n<td data-align=\"center\">3<\/td>\n<\/tr>\n<\/tbody>\n<\/table>\n<h3><span class=\"ez-toc-section\" id=\"Paraiba\"><\/span><strong>Para\u00edba<\/strong><span class=\"ez-toc-section-end\"><\/span><\/h3>\n<ul>\n<li>Secretaria de Estado da Sa\u00fade &#8211; SES (Novo Programa)<\/li>\n<\/ul>\n<table>\n<thead>\n<tr>\n<th data-align=\"center\">Especialidade<\/th>\n<th data-align=\"center\">Vagas Concedidas<\/th>\n<\/tr>\n<\/thead>\n<tbody>\n<tr>\n<td data-align=\"center\">Endoscopia Ginecol\u00f3gica<\/td>\n<td data-align=\"center\">2<\/td>\n<\/tr>\n<tr>\n<td data-align=\"center\">Medicina Intensiva Pedi\u00e1trica<\/td>\n<td data-align=\"center\">2<\/td>\n<\/tr>\n<tr>\n<td data-align=\"center\">Cirurgia Geral<\/td>\n<td data-align=\"center\">2<\/td>\n<\/tr>\n<tr>\n<td data-align=\"center\">Ginecologia e Obstetr\u00edcia<\/td>\n<td data-align=\"center\">2<\/td>\n<\/tr>\n<tr>\n<td data-align=\"center\">Pediatria<\/td>\n<td data-align=\"center\">3<\/td>\n<\/tr>\n<tr>\n<td data-align=\"center\">Neonatologia<\/td>\n<td data-align=\"center\">2<\/td>\n<\/tr>\n<tr>\n<td data-align=\"center\">Cirurgia Geral<\/td>\n<td data-align=\"center\">6<\/td>\n<\/tr>\n<tr>\n<td data-align=\"center\">Medicina de Emerg\u00eancia<\/td>\n<td data-align=\"center\">2<\/td>\n<\/tr>\n<\/tbody>\n<\/table>\n<ul>\n<li>Secretaria de Estado da Sa\u00fade &#8211; SES (Amplia\u00e7\u00e3o das Vagas)<\/li>\n<\/ul>\n<table>\n<thead>\n<tr>\n<th data-align=\"center\">Especialidade<\/th>\n<th data-align=\"center\">Vagas Concedidas<\/th>\n<\/tr>\n<\/thead>\n<tbody>\n<tr>\n<td data-align=\"center\">Medicina da Fam\u00edlia e Comunidade<\/td>\n<td data-align=\"center\">10<\/td>\n<\/tr>\n<\/tbody>\n<\/table>\n<ul>\n<li>Universidade Federal de Campina Grande (Novo Programa)<\/li>\n<\/ul>\n<table>\n<thead>\n<tr>\n<th data-align=\"center\">Especialidade<\/th>\n<th data-align=\"center\">Vagas Concedidas<\/th>\n<\/tr>\n<tr>\n<td data-align=\"center\">Pneumologia<\/td>\n<td data-align=\"center\">2<\/td>\n<\/tr>\n<\/thead>\n<tbody>\n<tr>\n<td data-align=\"center\">Radiologia e Diagn\u00f3stico por Imagem<\/td>\n<td data-align=\"center\">2<\/td>\n<\/tr>\n<\/tbody>\n<\/table>\n<h3><span class=\"ez-toc-section\" id=\"Distrito_Federal\"><\/span><strong>Distrito Federal<\/strong><span class=\"ez-toc-section-end\"><\/span><\/h3>\n<ul>\n<li>Distrito Federal Secretaria de Sa\u00fade (Novo Programa)<\/li>\n<\/ul>\n<table>\n<thead>\n<tr>\n<th data-align=\"center\">Especialidade<\/th>\n<th data-align=\"center\">Vagas Concedidas<\/th>\n<\/tr>\n<\/thead>\n<tbody>\n<tr>\n<td data-align=\"center\">Psiquiatria<\/td>\n<td data-align=\"center\">4<\/td>\n<\/tr>\n<\/tbody>\n<\/table>\n<ul>\n<li>Funda\u00e7\u00e3o Universit\u00e1ria de Cardiologia (Novo Programa)<\/li>\n<\/ul>\n<table>\n<thead>\n<tr>\n<th data-align=\"center\">Especialidade<\/th>\n<th data-align=\"center\">Vagas Concedidas<\/th>\n<\/tr>\n<\/thead>\n<tbody>\n<tr>\n<td data-align=\"center\">Transplante de Medula \u00d3ssea<\/td>\n<td data-align=\"center\">1<\/td>\n<\/tr>\n<\/tbody>\n<\/table>\n<h3><span class=\"ez-toc-section\" id=\"Para\"><\/span><strong>Par\u00e1<\/strong><span class=\"ez-toc-section-end\"><\/span><\/h3>\n<ul>\n<li>Comando da Aeron\u00e1utica (Novo Programa)<\/li>\n<\/ul>\n<table>\n<thead>\n<tr>\n<th data-align=\"center\">Especialidade<\/th>\n<th data-align=\"center\">Vagas Concedidas<\/th>\n<\/tr>\n<\/thead>\n<tbody>\n<tr>\n<td data-align=\"center\">Cl\u00ednica M\u00e9dica<\/td>\n<td data-align=\"center\">2<\/td>\n<\/tr>\n<\/tbody>\n<\/table>\n<h3><span class=\"ez-toc-section\" id=\"Tocantins\"><\/span><strong>Tocantins<\/strong><span class=\"ez-toc-section-end\"><\/span><\/h3>\n<ul>\n<li>Secretaria da Sa\u00fade (Novo Programa)<\/li>\n<\/ul>\n<table>\n<thead>\n<tr>\n<th data-align=\"center\">Especialidade<\/th>\n<th data-align=\"center\">Vagas Concedidas<\/th>\n<\/tr>\n<\/thead>\n<tbody>\n<tr>\n<td data-align=\"center\">Pediatria<\/td>\n<td data-align=\"center\">1<\/td>\n<\/tr>\n<\/tbody>\n<\/table>\n<h3><span class=\"ez-toc-section\" id=\"Bahia\"><\/span><strong>Bahia<\/strong><span class=\"ez-toc-section-end\"><\/span><\/h3>\n<ul>\n<li>Munic\u00edpio de Salvador (Novo Programa)<\/li>\n<\/ul>\n<table>\n<thead>\n<tr>\n<th data-align=\"center\">Especialidade<\/th>\n<th data-align=\"center\">Vagas Concedidas<\/th>\n<\/tr>\n<\/thead>\n<tbody>\n<tr>\n<td data-align=\"center\">Medicina Intensiva (Novo Programa)<\/td>\n<td data-align=\"center\">3<\/td>\n<\/tr>\n<tr>\n<td data-align=\"center\">Medicina da Fam\u00edlia e Comunidade (Amplia\u00e7\u00e3o das Vagas)<\/td>\n<td data-align=\"center\">3<\/td>\n<\/tr>\n<\/tbody>\n<\/table>\n<h3><span class=\"ez-toc-section\" id=\"Rondonia\"><\/span><strong>Rond\u00f4nia<\/strong><span class=\"ez-toc-section-end\"><\/span><\/h3>\n<ul>\n<li>Rond\u00f4nia Secretaria de Estado da Sa\u00fade<\/li>\n<\/ul>\n<table>\n<thead>\n<tr>\n<th data-align=\"center\">Especialidade<\/th>\n<th data-align=\"center\">Vagas Concedidas<\/th>\n<\/tr>\n<\/thead>\n<tbody>\n<tr>\n<td data-align=\"center\">Cirurgia Geral (Novo Programa)<\/td>\n<td data-align=\"center\">2<\/td>\n<\/tr>\n<tr>\n<td data-align=\"center\">Cl\u00ednica M\u00e9dica&nbsp; (Amplia\u00e7\u00e3o das Vagas)<\/td>\n<td data-align=\"center\">1<\/td>\n<\/tr>\n<\/tbody>\n<\/table>\n<h3><span class=\"ez-toc-section\" id=\"Rio_de_Janeiro\"><\/span><strong>Rio de Janeiro<\/strong><span class=\"ez-toc-section-end\"><\/span><\/h3>\n<\/p>\n<table>\n<thead>\n<tr>\n<th data-align=\"center\">Institui\u00e7\u00f5es<\/th>\n<th data-align=\"center\">Especialidades<\/th>\n<th data-align=\"center\">Vagas Concedidas<\/th>\n<\/tr>\n<tr>\n<td data-align=\"center\">Funda\u00e7\u00e3o Benedito Pereira Nunes<br \/>(Novo programa)<\/td>\n<td data-align=\"center\">Medicina Intensiva<\/td>\n<td data-align=\"center\">2<\/td>\n<\/tr>\n<tr>\n<td data-align=\"center\">Santa Casa de Miseric\u00f3rdia de Barra Mansa<br \/>(Novo programa)<\/td>\n<td data-align=\"center\">Medicina Intensiva<\/td>\n<td data-align=\"center\">1<\/td>\n<\/tr>\n<tr>\n<td data-align=\"center\">Funda\u00e7\u00e3o Educacional D Andr\u00e9 Arcoverde<br \/>(Novo programa)<\/td>\n<td data-align=\"center\">Cirurgia Geral<\/td>\n<td data-align=\"center\">4<\/td>\n<\/tr>\n<tr>\n<td data-align=\"center\">Hospital Federal Cardoso Pontes<br \/>\u2013 Minist\u00e9rio da Sa\u00fade<br \/>(Novo programa)<\/td>\n<td data-align=\"center\">Medicina Intensiva<\/td>\n<td data-align=\"center\">2<\/td>\n<\/tr>\n<tr>\n<td data-align=\"center\">Funda\u00e7\u00e3o Educacional Severino Sombra<br \/>(Novo programa)<\/td>\n<td data-align=\"center\">Medicina Intensiva<\/td>\n<td data-align=\"center\">1<\/td>\n<\/tr>\n<tr>\n<td data-align=\"center\">Santa Casa de Miseric\u00f3rdia de Barra Mansa<br \/>(Novo programa)<\/td>\n<td data-align=\"center\">Cirurgia Oncol\u00f3gica<\/td>\n<td data-align=\"center\">1<\/td>\n<\/tr>\n<tr>\n<td data-align=\"center\">Instituto do C\u00e2ncer do Cear\u00e1<br \/>(Novo programa)<\/td>\n<td data-align=\"center\">Pediatria<\/td>\n<td data-align=\"center\">2<\/td>\n<\/tr>\n<tr>\n<td data-align=\"center\">Instituto do C\u00e2ncer do Cear\u00e1<br \/>(Novo programa)<\/td>\n<td data-align=\"center\">Cl\u00ednica M\u00e9dica<\/td>\n<td data-align=\"center\">2<\/td>\n<\/tr>\n<tr>\n<td data-align=\"center\">Hospital Geral de Ipanema &#8211; Minist\u00e9rio da Sa\u00fade<br \/>(Novo programa)<\/td>\n<td data-align=\"center\">Radiologia e Diagn\u00f3stico por Imagem<\/td>\n<td data-align=\"center\">2<\/td>\n<\/tr>\n<tr>\n<td data-align=\"center\">Hospital Servidores do Estado \u2013Minist\u00e9rio da Sa\u00fade<br \/>(Novo programa)<\/td>\n<td data-align=\"center\">Hematologia e Hemoterapia<\/td>\n<td data-align=\"center\">4<\/td>\n<\/tr>\n<tr>\n<td data-align=\"center\">Funda\u00e7\u00e3o Educacional Severino Sombra<br \/>(Novo programa)<\/td>\n<td data-align=\"center\">Oncologia Cl\u00ednica<\/td>\n<td data-align=\"center\">2<\/td>\n<\/tr>\n<tr>\n<td data-align=\"center\">Instituto do C\u00e2ncer do Cear\u00e1<br \/>(Novo programa)<\/td>\n<td data-align=\"center\">Cirurgia Geral<\/td>\n<td data-align=\"center\">2<\/td>\n<\/tr>\n<\/thead>\n<\/table>\n<h3><span class=\"ez-toc-section\" id=\"Mato_Grosso\"><\/span><b>Mato Grosso<\/b><span class=\"ez-toc-section-end\"><\/span><\/h3>\n<\/p>\n<table>\n<thead>\n<tr>\n<th data-align=\"center\">Institui\u00e7\u00f5es<\/th>\n<th data-align=\"center\">Especialidades<\/th>\n<th data-align=\"center\">Vagas Concedidas<\/th>\n<\/tr>\n<tr>\n<td data-align=\"center\">Fundo Municipal de Sa\u00fade de V\u00e1rzea Grande<br \/>(Novo programa)<\/td>\n<td data-align=\"center\">Cl\u00ednica M\u00e9dica<\/td>\n<td data-align=\"center\">2<\/td>\n<\/tr>\n<tr>\n<td data-align=\"center\">Fundo Municipal de Sa\u00fade de V\u00e1rzea Grande<br \/>(Novo programa)<\/td>\n<td data-align=\"center\">Cirurgia Geral<\/td>\n<td data-align=\"center\">2<\/td>\n<\/tr>\n<tr>\n<td data-align=\"center\">Institui\u00e7\u00e3o Municipal Matogrossense &#8211; IEMAT<br \/>(Novo programa)<\/td>\n<td data-align=\"center\">Medicina de Fam\u00edlia e Comunidade<\/td>\n<td data-align=\"center\">1<\/td>\n<\/tr>\n<tr>\n<td data-align=\"center\">Institui\u00e7\u00e3o Municipal Matogrossense &#8211; IEMAT<br \/>(Novo programa)<\/td>\n<td data-align=\"center\">Pediatria<\/td>\n<td data-align=\"center\">1<\/td>\n<\/tr>\n<tr>\n<td data-align=\"center\">Institui\u00e7\u00e3o Municipal Matogrossense &#8211; IEMAT<br \/>(Novo programa)<\/td>\n<td data-align=\"center\">Cl\u00ednica M\u00e9dica<\/td>\n<td data-align=\"center\">1<\/td>\n<\/tr>\n<tr>\n<td data-align=\"center\">Associa\u00e7\u00e3o Matogrossense de Combate ao C\u00e2ncer<br \/>(Novo programa)<\/td>\n<td data-align=\"center\">Medicina Intensiva Pedi\u00e1trica<\/td>\n<td data-align=\"center\">2<\/td>\n<\/tr>\n<tr>\n<td data-align=\"center\">Associa\u00e7\u00e3o Matogrossense de Combate ao C\u00e2ncer<br \/>(Amplia\u00e7\u00e3o de Vagas)<\/td>\n<td data-align=\"center\">Cl\u00ednica M\u00e9dica<\/td>\n<td data-align=\"center\">2<\/td>\n<\/tr>\n<\/thead>\n<\/table>\n<h3><span class=\"ez-toc-section\" id=\"Goias\"><\/span><b>Goi\u00e1s<\/b><span class=\"ez-toc-section-end\"><\/span><\/h3>\n<table>\n<thead>\n<tr>\n<th data-align=\"center\">Institui\u00e7\u00f5es<\/th>\n<th data-align=\"center\">Especialidades<\/th>\n<th data-align=\"center\">Vagas Concedidas<\/th>\n<\/tr>\n<tr>\n<td data-align=\"center\">Associa\u00e7\u00e3o de Gest\u00e3o, Inova\u00e7\u00e3o e Resultado em Sa\u00fade<br \/>(Novo programa)<\/td>\n<td data-align=\"center\">Cirurgia Geral<\/td>\n<td data-align=\"center\">4<\/td>\n<\/tr>\n<tr>\n<td data-align=\"center\">Associa\u00e7\u00e3o Animus Cuerae &#8211; AAC<br \/>(Novo programa)<\/td>\n<td data-align=\"center\">Oftalmologia<\/td>\n<td data-align=\"center\">3<\/td>\n<\/tr>\n<tr>\n<td data-align=\"center\">Universidade Geral de Jatai<br \/>(Novo programa)<\/td>\n<td data-align=\"center\">Cl\u00ednica M\u00e9dica<\/td>\n<td data-align=\"center\">4<\/td>\n<\/tr>\n<tr>\n<td data-align=\"center\">Universidade Geral de Jatai<br \/>(Novo programa)<\/td>\n<td data-align=\"center\">Medicina Intensiva<\/td>\n<td data-align=\"center\">1<\/td>\n<\/tr>\n<tr>\n<td data-align=\"center\">Funda\u00e7\u00e3o Universit\u00e1ria Evang\u00e9lica &#8211; FUNEV<br \/>(Novo programa)<\/td>\n<td data-align=\"center\">Anestesiologia<\/td>\n<td data-align=\"center\">3<\/td>\n<\/tr>\n<tr>\n<td data-align=\"center\">Funda\u00e7\u00e3o Universit\u00e1ria Evang\u00e9lica &#8211; FUNEV<br \/>(Novo programa)<\/td>\n<td data-align=\"center\">Ortopedia e Traumatologia<\/td>\n<td data-align=\"center\">3<\/td>\n<\/tr>\n<tr>\n<td data-align=\"center\">Associa\u00e7\u00e3o de Gest\u00e3o, Inova\u00e7\u00e3o e Resultado em Sa\u00fade<br \/>(Novo programa)<\/td>\n<td data-align=\"center\">Medicina Intensiva<\/td>\n<td data-align=\"center\">2<\/td>\n<\/tr>\n<tr>\n<td data-align=\"center\">Assoc. de Sa\u00fade Mental Infantil de Goi\u00e1s<br \/>(Novo programa)<\/td>\n<td data-align=\"center\">Psicogeriatria<\/td>\n<td data-align=\"center\">2<\/td>\n<\/tr>\n<tr>\n<td data-align=\"center\">Associa\u00e7\u00e3o de Gest\u00e3o, Inova\u00e7\u00e3o e Resultado em Sa\u00fade<br \/>(Novo programa)<\/td>\n<td data-align=\"center\">Anestesiologia<\/td>\n<td data-align=\"center\">3<\/td>\n<\/tr>\n<tr>\n<td data-align=\"center\">Cl\u00ednica M\u00e9dica e&nbsp; Interna\u00e7\u00e3o Avore da Vida-<br \/>Hospital Maria C\u00e2ndida Teixeira<br \/>(Novo programa)<\/td>\n<td data-align=\"center\">Psiquiatria<\/td>\n<td data-align=\"center\">3<\/td>\n<\/tr>\n<tr>\n<td data-align=\"center\">Secretaria de Estado da Sa\u00fade<br \/>(Novo programa)<\/td>\n<td data-align=\"center\">Medicina Paliativa<\/td>\n<td data-align=\"center\">1<\/td>\n<\/tr>\n<tr>\n<td data-align=\"center\">Associa\u00e7\u00e3o de Gest\u00e3o, Inova\u00e7\u00e3o e Resultado em Sa\u00fade<br \/>(Novo programa)<\/td>\n<td data-align=\"center\">Gastroenterologia<\/td>\n<td data-align=\"center\">2<\/td>\n<\/tr>\n<tr>\n<td data-align=\"center\">Assoc. de Sa\u00fade Mental Infantil de Goi\u00e1s (Amplia\u00e7\u00e3o de Vagas)<\/td>\n<td data-align=\"center\">Psiquiatria da Inf\u00e2ncia e Adolesc\u00eancia<\/td>\n<td data-align=\"center\">2<\/td>\n<\/tr>\n<\/thead>\n<\/table>\n<h3><span class=\"ez-toc-section\" id=\"Ceara\"><\/span><b>Cear\u00e1<\/b><span class=\"ez-toc-section-end\"><\/span><\/h3>\n<table>\n<thead>\n<tr>\n<th data-align=\"center\">Institui\u00e7\u00f5es<\/th>\n<th data-align=\"center\">Especialidades<\/th>\n<th data-align=\"center\">Vagas Concedidas<\/th>\n<\/tr>\n<tr>\n<td data-align=\"center\">Secretaria da Sa\u00fade do Estado do Cear\u00e1<br \/>(Novo programa)<\/td>\n<td data-align=\"center\">Cl\u00ednica M\u00e9dica<\/td>\n<td data-align=\"center\">4<\/td>\n<\/tr>\n<tr>\n<td data-align=\"center\">Secretaria da Sa\u00fade do Estado do Cear\u00e1<br \/>(Novo programa)<\/td>\n<td data-align=\"center\">Reumatologia<\/td>\n<td data-align=\"center\">1<\/td>\n<\/tr>\n<tr>\n<td data-align=\"center\">Instituto de Sa\u00fade e Gest\u00e3o Hospitalar<br \/>(Novo programa)<\/td>\n<td data-align=\"center\">Psiquiatria<\/td>\n<td data-align=\"center\">4<\/td>\n<\/tr>\n<tr>\n<td data-align=\"center\">Instituto de Sa\u00fade e Gest\u00e3o Hospitalar<br \/>(Novo programa)<\/td>\n<td data-align=\"center\">Ginecologia e Obstetr\u00edcia<\/td>\n<td data-align=\"center\">2<\/td>\n<\/tr>\n<tr>\n<td data-align=\"center\">Instituto de Sa\u00fade e Gest\u00e3o Hospitalar<br \/>(Novo programa)<\/td>\n<td data-align=\"center\">Cl\u00ednica M\u00e9dica<\/td>\n<td data-align=\"center\">4<\/td>\n<\/tr>\n<tr>\n<td data-align=\"center\">Instituto de Sa\u00fade e Gest\u00e3o Hospitalar<br \/>(Novo programa)<\/td>\n<td data-align=\"center\">Medicina Intensiva<\/td>\n<td data-align=\"center\">2<\/td>\n<\/tr>\n<tr>\n<td data-align=\"center\">Instituto de Sa\u00fade e Gest\u00e3o Hospitalar<br \/>(Novo programa)<\/td>\n<td data-align=\"center\">Cl\u00ednica M\u00e9dica<\/td>\n<td data-align=\"center\">2<\/td>\n<\/tr>\n<tr>\n<td data-align=\"center\">Instituto de Sa\u00fade e Gest\u00e3o Hospitalar<br \/>(Novo programa)<\/td>\n<td data-align=\"center\">Neonatologia<\/td>\n<td data-align=\"center\">1<\/td>\n<\/tr>\n<tr>\n<td data-align=\"center\">Secretaria da Sa\u00fade do Estado do Cear\u00e1<br \/>(Novo programa)<\/td>\n<td data-align=\"center\">Medicina Intensiva<\/td>\n<td data-align=\"center\">4<\/td>\n<\/tr>\n<tr>\n<td data-align=\"center\">Instituto de Sa\u00fade e Gest\u00e3o Hospitalar<br \/>(Novo programa)<\/td>\n<td data-align=\"center\">Medicina Intensiva<\/td>\n<td data-align=\"center\">2<\/td>\n<\/tr>\n<tr>\n<td data-align=\"center\">Escola de Sa\u00fade P\u00fablica do Cear\u00e1<br \/>(Novo programa)<\/td>\n<td data-align=\"center\">Cirurgia Geral<\/td>\n<td data-align=\"center\">1<\/td>\n<\/tr>\n<tr>\n<td data-align=\"center\">Secretaria da Sa\u00fade do Estado do Cear\u00e1<br \/>(Novo programa)<\/td>\n<td data-align=\"center\">Medicina Intensiva<\/td>\n<td data-align=\"center\">2<\/td>\n<\/tr>\n<tr>\n<td data-align=\"center\">Escola de Sa\u00fade P\u00fablica do Cear\u00e1<br \/>(Novo programa)<\/td>\n<td data-align=\"center\">Emerg\u00eancia Pedi\u00e1trica<\/td>\n<td data-align=\"center\">4<\/td>\n<\/tr>\n<tr>\n<td data-align=\"center\">Instituto de Sa\u00fade e Gest\u00e3o Hospitalar<br \/>(Novo programa)<\/td>\n<td data-align=\"center\">Cirurgia Geral<\/td>\n<td data-align=\"center\">4<\/td>\n<\/tr>\n<tr>\n<td data-align=\"center\">Secretaria da Sa\u00fade do Estado do Cear\u00e1<br \/>(Novo programa)<\/td>\n<td data-align=\"center\">Cirurgia Geral<\/td>\n<td data-align=\"center\">1<\/td>\n<\/tr>\n<tr>\n<td data-align=\"center\">Escola de Sa\u00fade P\u00fablica do Cear\u00e1<br \/>(Novo programa)<\/td>\n<td data-align=\"center\">Medicina Esportiva<\/td>\n<td data-align=\"center\">2<\/td>\n<\/tr>\n<tr>\n<td data-align=\"center\">Secretaria da Sa\u00fade do Estado do Cear\u00e1<br \/>(Novo programa)<\/td>\n<td data-align=\"center\">Neonatologia<\/td>\n<td data-align=\"center\">2<\/td>\n<\/tr>\n<tr>\n<td data-align=\"center\">Secretaria da Sa\u00fade do Estado do Cear\u00e1<br \/>(Amplia\u00e7\u00e3o de vagas)<\/td>\n<td data-align=\"center\">Psiquiatria da Inf\u00e2ncia e Adolesc\u00eancia<\/td>\n<td data-align=\"center\">2<\/td>\n<\/tr>\n<tr>\n<td data-align=\"center\">Instituto de Sa\u00fade e Gest\u00e3o Hospitalar<br \/>(Amplia\u00e7\u00e3o de vagas)<\/td>\n<td data-align=\"center\">Cl\u00ednica M\u00e9dica<\/td>\n<td data-align=\"center\">4<\/td>\n<\/tr>\n<tr>\n<td data-align=\"center\">Universidade Federal do Cear\u00e1<br \/>(Amplia\u00e7\u00e3o de vagas)<\/td>\n<td data-align=\"center\">Geriatria<\/td>\n<td data-align=\"center\">2<\/td>\n<\/tr>\n<\/thead>\n<\/table>\n<h3><span class=\"ez-toc-section\" id=\"Mato_Grosso_do_Sul\"><\/span><b>Mato Grosso do Sul<\/b><span class=\"ez-toc-section-end\"><\/span><\/h3>\n<table>\n<thead>\n<tr>\n<th data-align=\"center\">Institui\u00e7\u00f5es<\/th>\n<th data-align=\"center\">Especialidades<\/th>\n<th data-align=\"center\">Vagas Concedidas<\/th>\n<\/tr>\n<tr>\n<td data-align=\"center\">Funda\u00e7\u00e3o Universidade Federal da Grande Dourados<br \/>(Novo Programa)<\/td>\n<td data-align=\"center\">Medicina Intensiva<\/td>\n<td data-align=\"center\">2<\/td>\n<\/tr>\n<tr>\n<td data-align=\"center\">Funda\u00e7\u00e3o Servi\u00e7os de Sa\u00fade de Mato Grosso do Sul -MS<br \/>(Novo Programa)<\/td>\n<td data-align=\"center\">Coloproctologia<\/td>\n<td data-align=\"center\">1<\/td>\n<\/tr>\n<tr>\n<td data-align=\"center\">Associa\u00e7\u00e3o Beneficente Santa Casa de Campo Grande<br \/>(Novo Programa)<\/td>\n<td data-align=\"center\">Cardiologia<\/td>\n<td data-align=\"center\">2<\/td>\n<\/tr>\n<tr>\n<td data-align=\"center\">Funda\u00e7\u00e3o Servi\u00e7os de Sa\u00fade de Mato Grosso do Sul -MS<br \/>(Amplia\u00e7\u00e3o de vagas)<\/td>\n<td data-align=\"center\">Cirurgia Geral<\/td>\n<td data-align=\"center\">1<\/td>\n<\/tr>\n<tr>\n<td data-align=\"center\">Associa\u00e7\u00e3o Beneficente Santa Casa de Campo Grande<br \/>(Amplia\u00e7\u00e3o de vagas)<\/td>\n<td data-align=\"center\">Medicina de Emerg\u00eancia<\/td>\n<td data-align=\"center\">1<\/td>\n<\/tr>\n<\/thead>\n<\/table>\n<h3><span class=\"ez-toc-section\" id=\"Espirito_Santo\"><\/span><b>Esp\u00edrito Santo<\/b><span class=\"ez-toc-section-end\"><\/span><\/h3>\n<table>\n<thead>\n<tr>\n<th data-align=\"center\">Institui\u00e7\u00f5es<\/th>\n<th data-align=\"center\">Especialidades<\/th>\n<th data-align=\"center\">Vagas Concedidas<\/th>\n<\/tr>\n<tr>\n<td data-align=\"center\">Secretaria de Estado da Sa\u00fade<br \/>(Novo programa)<\/td>\n<td data-align=\"center\">Acupuntura<\/td>\n<td data-align=\"center\">4<\/td>\n<\/tr>\n<tr>\n<td data-align=\"center\">Irmandade da Santa Casa de Miseric\u00f3rdia de Vit\u00f3ria<br \/>(Novo programa)<\/td>\n<td data-align=\"center\">Cirurgia Tor\u00e1cica<\/td>\n<td data-align=\"center\">1<\/td>\n<\/tr>\n<tr>\n<td data-align=\"center\">Associa\u00e7\u00e3o Evang\u00e9lica Beneficente Esp\u00edrito-Santense &#8211; AEBES<br \/>(Novo programa)<\/td>\n<td data-align=\"center\">Medicina Intensiva<\/td>\n<td data-align=\"center\">2<\/td>\n<\/tr>\n<tr>\n<td data-align=\"center\">Associa\u00e7\u00e3o Feminina de Educa\u00e7\u00e3o e Combate ao C\u00e2ncer<br \/>(Novo programa)<\/td>\n<td data-align=\"center\">Cl\u00ednica M\u00e9dica<\/td>\n<td data-align=\"center\">2<\/td>\n<\/tr>\n<tr>\n<td data-align=\"center\">Associa\u00e7\u00e3o Evang\u00e9lica Beneficente Esp\u00edrito-Santense &#8211; AEBES<br \/>(Novo programa)<\/td>\n<td data-align=\"center\">Medicina Intensiva<\/td>\n<td data-align=\"center\">4<\/td>\n<\/tr>\n<tr>\n<td data-align=\"center\">Secretaria de Estado da Sa\u00fade<br \/>(Novo programa)<\/td>\n<td data-align=\"center\">Cl\u00ednica M\u00e9dica<\/td>\n<td data-align=\"center\">2<\/td>\n<\/tr>\n<tr>\n<td data-align=\"center\">Hospital Evang\u00e9lico de Cachoeiro Itapemirim<br \/>(Novo programa)<\/td>\n<td data-align=\"center\">Oftalmologia<\/td>\n<td data-align=\"center\">1<\/td>\n<\/tr>\n<tr>\n<td data-align=\"center\">Irmandade da Santa Casa de Miseric\u00f3rdia de Vit\u00f3ria<br \/>(Novo programa)<\/td>\n<td data-align=\"center\">Anestesiologia<\/td>\n<td data-align=\"center\">2<\/td>\n<\/tr>\n<tr>\n<td data-align=\"center\">Hospital Infantil Francisco de Assis<br \/>(Novo programa)<\/td>\n<td data-align=\"center\">Ginecologia e Obstetr\u00edcia<\/td>\n<td data-align=\"center\">6<\/td>\n<\/tr>\n<tr>\n<td data-align=\"center\">Hospital Infantil Francisco de Assis<br \/>(Novo programa)<\/td>\n<td data-align=\"center\">Neonatologia<\/td>\n<td data-align=\"center\">2<\/td>\n<\/tr>\n<tr>\n<td data-align=\"center\">Associa\u00e7\u00e3o Evang\u00e9lica Beneficente Esp\u00edrito-Santense &#8211; AEBES<br \/>(Novo programa)<\/td>\n<td data-align=\"center\">Medicina de Emerg\u00eancia<\/td>\n<td data-align=\"center\">2<\/td>\n<\/tr>\n<tr>\n<td data-align=\"center\">Hospital Evang\u00e9lico de Cachoeiro Itapemirim<br \/>(Novo programa)<\/td>\n<td data-align=\"center\">Medicina de Emerg\u00eancia<\/td>\n<td data-align=\"center\">2<\/td>\n<\/tr>\n<tr>\n<td data-align=\"center\">Hospital Infantil Francisco de Assis<br \/>(Novo programa)<\/td>\n<td data-align=\"center\">Pediatria<\/td>\n<td data-align=\"center\">10<\/td>\n<\/tr>\n<tr>\n<td data-align=\"center\">Hospital Infantil Francisco de Assis<br \/>(Novo programa)<\/td>\n<td data-align=\"center\">Medicina Intensiva Pedi\u00e1trica<\/td>\n<td data-align=\"center\">2<\/td>\n<\/tr>\n<tr>\n<td data-align=\"center\">Associa\u00e7\u00e3o Evang\u00e9lica Beneficente Esp\u00edrito-Santense &#8211; AEBES<br \/>(Novo programa)<\/td>\n<td data-align=\"center\">Mastologia<\/td>\n<td data-align=\"center\">1<\/td>\n<\/tr>\n<tr>\n<td data-align=\"center\">Hospital Evang\u00e9lico de Cachoeiro Itapemirim<br \/>(Amplia\u00e7\u00e3o de vagas)<\/td>\n<td data-align=\"center\">Cl\u00ednica M\u00e9dica<\/td>\n<td data-align=\"center\">4<\/td>\n<\/tr>\n<tr>\n<td data-align=\"center\">Associa\u00e7\u00e3o Evang\u00e9lica Beneficente Esp\u00edrito-Santense &#8211; AEBES<br \/>(Amplia\u00e7\u00e3o de vagas)<\/td>\n<td data-align=\"center\">Cirurgia Geral<\/td>\n<td data-align=\"center\">1<\/td>\n<\/tr>\n<tr>\n<td data-align=\"center\">Irmandade da Santa Casa de Miseric\u00f3rdia de Vit\u00f3ria<br \/>(Amplia\u00e7\u00e3o de vagas)<\/td>\n<td data-align=\"center\">Cl\u00ednica M\u00e9dica<\/td>\n<td data-align=\"center\">4<\/td>\n<\/tr>\n<tr>\n<td data-align=\"center\">Hospital Evang\u00e9lico de Cachoeiro Itapemirim<br \/>(Amplia\u00e7\u00e3o de vagas)<\/td>\n<td data-align=\"center\">Anestesiologia<\/td>\n<td data-align=\"center\">2<\/td>\n<\/tr>\n<\/thead>\n<\/table>\n<h3><span class=\"ez-toc-section\" id=\"Sao_Paulo\"><\/span><b>S\u00e3o Paulo<\/b><span class=\"ez-toc-section-end\"><\/span><\/h3>\n<ul>\n<li>Sociedade Portuguesa de Benefic\u00eancia<\/li>\n<\/ul>\n<table>\n<thead>\n<tr>\n<th data-align=\"center\">Especialidade<\/th>\n<th data-align=\"center\">Vagas Concedidas<\/th>\n<\/tr>\n<\/thead>\n<tbody>\n<tr>\n<td data-align=\"center\">Urologia<br \/>(Novo Programa)<\/td>\n<td data-align=\"center\">2<\/td>\n<\/tr>\n<tr>\n<td data-align=\"center\">Cirurgia Tor\u00e1cica<br \/>(Novo Programa)<\/td>\n<td data-align=\"center\">1<\/td>\n<\/tr>\n<tr>\n<td data-align=\"center\">Cirurgia&nbsp; Geral<br \/>(Novo Programa)<\/td>\n<td data-align=\"center\">2<\/td>\n<\/tr>\n<\/tbody>\n<\/table>\n<ul>\n<li>Universidade Estadual Paulista J\u00falio Mesquita Filho<\/li>\n<\/ul>\n<table>\n<thead>\n<tr>\n<th data-align=\"center\">Especialidade<\/th>\n<th data-align=\"center\">Vagas Concedidas<\/th>\n<\/tr>\n<\/thead>\n<tbody>\n<tr>\n<td data-align=\"center\">Medicina de Emerg\u00eancia<br \/>(Novo Programa)<\/td>\n<td data-align=\"center\">2<\/td>\n<\/tr>\n<tr>\n<td data-align=\"center\">Cirurgia Bari\u00e1trica<br \/>(Novo Programa)<\/td>\n<td data-align=\"center\">1<\/td>\n<\/tr>\n<tr>\n<td data-align=\"center\">Cirurgia Geral<br \/>(Novo Programa)<\/td>\n<td data-align=\"center\">5<\/td>\n<\/tr>\n<tr>\n<td data-align=\"center\">Cirurgia Cardiovascular<br \/>(Amplia\u00e7\u00e3o de Vagas)<\/td>\n<td data-align=\"center\">1<\/td>\n<\/tr>\n<tr>\n<td data-align=\"center\">Neurologia Pedi\u00e1trica<br \/>(Amplia\u00e7\u00e3o de Vagas)<\/td>\n<td data-align=\"center\">2<\/td>\n<\/tr>\n<tr>\n<td data-align=\"center\">Ginecologia e Obstetr\u00edcia<br \/>(Amplia\u00e7\u00e3o de Vagas)<\/td>\n<td data-align=\"center\">2<\/td>\n<\/tr>\n<tr>\n<td data-align=\"center\">Cirurgia Pedi\u00e1trica<br \/>(Amplia\u00e7\u00e3o de Vagas)<\/td>\n<td data-align=\"center\">1<\/td>\n<\/tr>\n<tr>\n<td data-align=\"center\">Cardiologia<br \/>(Amplia\u00e7\u00e3o de Vagas)<\/td>\n<td data-align=\"center\">2<\/td>\n<\/tr>\n<\/tbody>\n<\/table>\n<ul>\n<li>Universidade Estadual de Campinas<\/li>\n<\/ul>\n<table>\n<thead>\n<tr>\n<th data-align=\"center\">Especialidade<\/th>\n<th data-align=\"center\">Vagas Concedidas<\/th>\n<\/tr>\n<\/thead>\n<tbody>\n<tr>\n<td data-align=\"center\">Endoscopia<br \/>(Novo Programa)<\/td>\n<td data-align=\"center\">3<\/td>\n<\/tr>\n<tr>\n<td data-align=\"center\">Medicina Intensiva<br \/>(Novo Programa)<\/td>\n<td data-align=\"center\">1<\/td>\n<\/tr>\n<tr>\n<td data-align=\"center\">Cirurgia Bari\u00e1trica<br \/>(Novo Programa)<\/td>\n<td data-align=\"center\">1<\/td>\n<\/tr>\n<tr>\n<td data-align=\"center\">Pneumologia<br \/>(Amplia\u00e7\u00e3o de Vagas)<\/td>\n<td data-align=\"center\">2<\/td>\n<\/tr>\n<tr>\n<td data-align=\"center\">Cirurgia Pedi\u00e1trica<br \/>(Amplia\u00e7\u00e3o de Vagas)<\/td>\n<td data-align=\"center\">1<\/td>\n<\/tr>\n<tr>\n<td data-align=\"center\">Endocrinologia e Metabologia<br \/>(Amplia\u00e7\u00e3o de Vagas)<\/td>\n<td data-align=\"center\">1<\/td>\n<\/tr>\n<tr>\n<td data-align=\"center\">Geriatria<br \/>(Amplia\u00e7\u00e3o de Vagas)<\/td>\n<td data-align=\"center\">3<\/td>\n<\/tr>\n<tr>\n<td data-align=\"center\">Psiquiatria da Inf\u00e2ncia e Adolesc\u00eancia<br \/>(Amplia\u00e7\u00e3o de Vagas)<\/td>\n<td data-align=\"center\">3<\/td>\n<\/tr>\n<tr>\n<td data-align=\"center\">Medicina Fetal<br \/>(Amplia\u00e7\u00e3o de vagas)<\/td>\n<td data-align=\"center\">1<\/td>\n<\/tr>\n<\/tbody>\n<\/table>\n<ul>\n<li>Funda\u00e7\u00e3o Ant\u00f4nio Prudente<\/li>\n<\/ul>\n<table>\n<thead>\n<tr>\n<th data-align=\"center\">Especialidade<\/th>\n<th data-align=\"center\">Vagas Concedidas<\/th>\n<\/tr>\n<\/thead>\n<tbody>\n<tr>\n<td data-align=\"center\">Hematologia e Hemoterapia<br \/>(Novo Programa)<\/td>\n<td data-align=\"center\">6<\/td>\n<\/tr>\n<tr>\n<td data-align=\"center\">Medicina Paliativa<br \/>(Novo Programa)<\/td>\n<td data-align=\"center\">2<\/td>\n<\/tr>\n<\/tbody>\n<\/table>\n<ul>\n<li>Uni\u00e3o Social Camiliana<\/li>\n<\/ul>\n<table>\n<thead>\n<tr>\n<th data-align=\"center\">Especialidade<\/th>\n<th data-align=\"center\">Vagas Concedidas<\/th>\n<\/tr>\n<\/thead>\n<tbody>\n<tr>\n<td data-align=\"center\">Radiologia e Diagn\u00f3stico por Imagem<br \/>(Novo programa)<\/td>\n<td data-align=\"center\">5<\/td>\n<\/tr>\n<tr>\n<td data-align=\"center\">Mastologia<br \/>(Novo programa)<\/td>\n<td data-align=\"center\">6<\/td>\n<\/tr>\n<tr>\n<td data-align=\"center\">Oncologia Cl\u00ednica<br \/>(Novo programa)<\/td>\n<td data-align=\"center\">6<\/td>\n<\/tr>\n<tr>\n<td data-align=\"center\">Dor<br \/>(Novo programa)<\/td>\n<td data-align=\"center\">1<\/td>\n<\/tr>\n<\/tbody>\n<\/table>\n<ul>\n<li>Santa Casa de Miseric\u00f3rdia de Barretos<\/li>\n<\/ul>\n<table>\n<thead>\n<tr>\n<th data-align=\"center\">Especialidades<\/th>\n<th data-align=\"center\">Vagas Concedidas<\/th>\n<\/tr>\n<tr>\n<td data-align=\"center\">Infectologia<br \/>(Novo programa)<\/td>\n<td data-align=\"center\">2<\/td>\n<\/tr>\n<tr>\n<td data-align=\"center\">Reumatologia<br \/>(Novo programa)<\/td>\n<td data-align=\"center\">2<\/td>\n<\/tr>\n<tr>\n<td data-align=\"center\">Neurologia<br \/>(Novo programa)<\/td>\n<td data-align=\"center\">2<\/td>\n<\/tr>\n<tr>\n<td data-align=\"center\">Cirurgia Pl\u00e1stica<br \/>(Novo programa)<\/td>\n<td data-align=\"center\">2<\/td>\n<\/tr>\n<tr>\n<td data-align=\"center\">Nefrologia<br \/>(Novo Programa)<\/td>\n<td data-align=\"center\">2<\/td>\n<\/tr>\n<tr>\n<td data-align=\"center\">Geriatria<br \/>(Novo Programa)<\/td>\n<td data-align=\"center\">2<\/td>\n<\/tr>\n<tr>\n<td data-align=\"center\">Otorrinolaringologia<br \/>(Novo Programa)<\/td>\n<td data-align=\"center\">2<\/td>\n<\/tr>\n<tr>\n<td data-align=\"center\">Psiquiatria<br \/>(Novo Programa)<\/td>\n<td data-align=\"center\">2<\/td>\n<\/tr>\n<tr>\n<td data-align=\"center\">Urologia<br \/>(Novo programa)<\/td>\n<td data-align=\"center\">2<\/td>\n<\/tr>\n<tr>\n<td data-align=\"center\">Ortopedia e Traumatologia<br \/>(Amplia\u00e7\u00e3o de Vagas)<\/td>\n<td data-align=\"center\">2<\/td>\n<\/tr>\n<tr>\n<td data-align=\"center\">Cl\u00ednica M\u00e9dica<br \/>(Amplia\u00e7\u00e3o de Vagas)<\/td>\n<td data-align=\"center\">4<\/td>\n<\/tr>\n<tr>\n<td data-align=\"center\">Medicina de Emerg\u00eancia<br \/>(Amplia\u00e7\u00e3o de Vagas)<\/td>\n<td data-align=\"center\">4<\/td>\n<\/tr>\n<tr>\n<td data-align=\"center\">Pediatria<br \/>(Amplia\u00e7\u00e3o de Vagas)<\/td>\n<td data-align=\"center\">2<\/td>\n<\/tr>\n<\/thead>\n<\/table>\n<ul>\n<li>Funda\u00e7\u00e3o Santa Casa de Miseric\u00f3rdia de Franca<\/li>\n<\/ul>\n<table>\n<thead>\n<tr>\n<th data-align=\"center\">Especialidade<\/th>\n<th data-align=\"center\">Vagas Concedidas<\/th>\n<\/tr>\n<\/thead>\n<tbody>\n<tr>\n<td data-align=\"center\">Cardiologia<br \/>(Novo programa)<\/td>\n<td data-align=\"center\">1<\/td>\n<\/tr>\n<tr>\n<td data-align=\"center\">Otorrinolaringologia<br \/>(Novo programa)<\/td>\n<td data-align=\"center\">1<\/td>\n<\/tr>\n<tr>\n<td data-align=\"center\">Medicina de Emerg\u00eancia<br \/>(Novo programa)<\/td>\n<td data-align=\"center\">1<\/td>\n<\/tr>\n<tr>\n<td data-align=\"center\">Ortopedia e Traumatologia<br \/>(Amplia\u00e7\u00e3o de vagas)<\/td>\n<td data-align=\"center\">2<\/td>\n<\/tr>\n<tr>\n<td data-align=\"center\">&nbsp;Anestesiologia<br \/>(Amplia\u00e7\u00e3o de vagas)<\/td>\n<td data-align=\"center\">2<\/td>\n<\/tr>\n<tr>\n<td data-align=\"center\">Cl\u00ednica M\u00e9dica<br \/>(Amplia\u00e7\u00e3o de vagas)<\/td>\n<td data-align=\"center\">3<\/td>\n<\/tr>\n<tr>\n<td data-align=\"center\">Ginecologia e Obstetr\u00edcia<br \/>(Amplia\u00e7\u00e3o de vagas)<\/td>\n<td data-align=\"center\">3<\/td>\n<\/tr>\n<\/tbody>\n<\/table>\n<ul>\n<li>Funda\u00e7\u00e3o Leonor de Barros Camargo<\/li>\n<\/ul>\n<table>\n<thead>\n<tr>\n<th data-align=\"center\">Especialidade<\/th>\n<th data-align=\"center\">Vagas Concedidas<\/th>\n<\/tr>\n<\/thead>\n<tbody>\n<tr>\n<td data-align=\"center\">Ortopedia e Traumatologia<br \/>(Novo programa)<\/td>\n<td data-align=\"center\">4<\/td>\n<\/tr>\n<tr>\n<td data-align=\"center\">&nbsp;Oftalmologia<br \/>(Amplia\u00e7\u00e3o de vagas)<\/td>\n<td data-align=\"center\">1<\/td>\n<\/tr>\n<tr>\n<td data-align=\"center\">Ginecologia e Obstetr\u00edcia<br \/>(Amplia\u00e7\u00e3o de vagas)<\/td>\n<td data-align=\"center\">2<\/td>\n<\/tr>\n<tr>\n<td data-align=\"center\">Medicina de Emerg\u00eancia<br \/>(Amplia\u00e7\u00e3o de vagas)<\/td>\n<td data-align=\"center\">3<\/td>\n<\/tr>\n<tr>\n<td data-align=\"center\">Cl\u00ednica M\u00e9dica<br \/>(Amplia\u00e7\u00e3o de vagas)<\/td>\n<td data-align=\"center\">7<\/td>\n<\/tr>\n<\/tbody>\n<\/table>\n<ul>\n<li>Faculdade de Medicina de S\u00e3o Jos\u00e9 do Rio Preto<\/li>\n<\/ul>\n<table>\n<thead>\n<tr>\n<th data-align=\"center\">Especialidade<\/th>\n<th data-align=\"center\">Vagas Concedidas<\/th>\n<\/tr>\n<\/thead>\n<tbody>\n<tr>\n<td data-align=\"center\">&nbsp;Radioterapia<br \/>(Novo programa)<\/td>\n<td data-align=\"center\">1<\/td>\n<\/tr>\n<tr>\n<td data-align=\"center\">Cirurgia Geral<br \/>(Novo programa)<\/td>\n<td data-align=\"center\">15<\/td>\n<\/tr>\n<tr>\n<td data-align=\"center\">Nefrologia<br \/>(Amplia\u00e7\u00e3o de Vagas)<\/td>\n<td data-align=\"center\">4<\/td>\n<\/tr>\n<tr>\n<td data-align=\"center\">Infectologia<br \/>(Amplia\u00e7\u00e3o de Vagas)<\/td>\n<td data-align=\"center\">1<\/td>\n<\/tr>\n<tr>\n<td data-align=\"center\">Geriatria<br \/>(Amplia\u00e7\u00e3o de Vagas)<\/td>\n<td data-align=\"center\">1<\/td>\n<\/tr>\n<\/tbody>\n<\/table>\n<ul>\n<li>Obras Sociais e Educacionais de Luz<\/li>\n<\/ul>\n<table>\n<thead>\n<tr>\n<th data-align=\"center\">Especialidade<\/th>\n<th data-align=\"center\">Vagas Concedidas<\/th>\n<\/tr>\n<\/thead>\n<tbody>\n<tr>\n<td data-align=\"center\">Ortopedia e Traumatologia<br \/>(Amplia\u00e7\u00e3o de Vagas)<\/td>\n<td data-align=\"center\">2<\/td>\n<\/tr>\n<tr>\n<td data-align=\"center\">Reumatologia<br \/>(Amplia\u00e7\u00e3o de Vagas)<\/td>\n<td data-align=\"center\">2<\/td>\n<\/tr>\n<tr>\n<td data-align=\"center\">Anestesiologia<br \/>(Amplia\u00e7\u00e3o de Vagas)<\/td>\n<td data-align=\"center\">3<\/td>\n<\/tr>\n<tr>\n<td data-align=\"center\">Psiquiatria<br \/>(Amplia\u00e7\u00e3o de Vagas)<\/td>\n<td data-align=\"center\">2<\/td>\n<\/tr>\n<\/tbody>\n<\/table>\n<ul>\n<li style=\"font-size: 16px;\">Outras&nbsp;&nbsp;institui\u00e7\u00f5es contempladas pelo Pr\u00f3-Resid\u00eancia:<\/li>\n<\/ul>\n<table>\n<thead>\n<tr>\n<th data-align=\"center\">Institui\u00e7\u00f5es<\/th>\n<th data-align=\"center\">Especialidades<\/th>\n<th data-align=\"center\">Vagas Concedidas<\/th>\n<\/tr>\n<tr>\n<td data-align=\"center\">Santa Casa de Miseric\u00f3rdia de Votuporanga<br \/>(Novo programa)<\/td>\n<td data-align=\"center\">Medicina de Fam\u00edlia e Comunidade<\/td>\n<td data-align=\"center\">3<\/td>\n<\/tr>\n<tr>\n<td data-align=\"center\">Irmandade da Santa Casa de Miseric\u00f3rdia de S\u00e3o Carlos<br \/>(Novo programa)<\/td>\n<td data-align=\"center\">Oncologia Cl\u00ednica<\/td>\n<td data-align=\"center\">2<\/td>\n<\/tr>\n<tr>\n<td data-align=\"center\">Sociedade Benef IsraelitaBras Hospital Albert Einstein<br \/>(Novo programa)<\/td>\n<td data-align=\"center\">Psiquiatria<\/td>\n<td data-align=\"center\">4<\/td>\n<\/tr>\n<tr>\n<td data-align=\"center\">Irmandade de Miseric\u00f3rdia do Jahu<br \/>(Novo programa)<\/td>\n<td data-align=\"center\">Pediatria<\/td>\n<td data-align=\"center\">2<\/td>\n<\/tr>\n<tr>\n<td data-align=\"center\">Fundo Municipal de Sa\u00fade<br \/>(Novo programa)<\/td>\n<td data-align=\"center\">Cirurgia Geral<\/td>\n<td data-align=\"center\">6<\/td>\n<\/tr>\n<tr>\n<td data-align=\"center\">Associa\u00e7\u00e3o Santamarense de Benefic\u00eancia&nbsp; do Guaruj\u00e1<br \/>(Novo programa)<\/td>\n<td data-align=\"center\">Cirurgia Geral<\/td>\n<td data-align=\"center\">2<\/td>\n<\/tr>\n<tr>\n<td data-align=\"center\">Irmandade de Miseric\u00f3rdia do Jahu<br \/>(Novo programa)<\/td>\n<td data-align=\"center\">Medicina de Fam\u00edlia e Comunidade<\/td>\n<td data-align=\"center\">10<\/td>\n<\/tr>\n<tr>\n<td data-align=\"center\">Instituto de Pesquisa e Desenvolvimento Social e Tecnol\u00f3gico &#8211; ISAM<br \/>(Novo programa)<\/td>\n<td data-align=\"center\">Ginecologia e Obstetr\u00edcia<\/td>\n<td data-align=\"center\">4<\/td>\n<\/tr>\n<tr>\n<td data-align=\"center\">Secretaria de Estado da Sa\u00fade<br \/>(Novo programa)<\/td>\n<td data-align=\"center\">Pediatria<\/td>\n<td data-align=\"center\">4<\/td>\n<\/tr>\n<tr>\n<td data-align=\"center\">Secretaria de Estado da Sa\u00fade<br \/>(Novo programa)<\/td>\n<td data-align=\"center\">Cl\u00ednica M\u00e9dica<\/td>\n<td data-align=\"center\">7<\/td>\n<\/tr>\n<tr>\n<td data-align=\"center\">Secretaria de Estado da Sa\u00fade<br \/>(Novo programa)<\/td>\n<td data-align=\"center\">Cirurgia Geral<\/td>\n<td data-align=\"center\">2<\/td>\n<\/tr>\n<tr>\n<td data-align=\"center\">Munic\u00edpio de S\u00e3o Jos\u00e9 do Rio Preto<br \/>(Novo programa)<\/td>\n<td data-align=\"center\">Psiquiatria<\/td>\n<td data-align=\"center\">3<\/td>\n<\/tr>\n<tr>\n<td data-align=\"center\">Sociedade B H Santa Casa de Miseric\u00f3rdia de R Preto<br \/>(Amplia\u00e7\u00e3o de vagas)<\/td>\n<td data-align=\"center\">Ortopedia e<br \/>Traumatologia<\/td>\n<td data-align=\"center\">1<\/td>\n<\/tr>\n<tr>\n<td data-align=\"center\">Funda\u00e7\u00e3o S\u00e3o Paulo<br \/>(Amplia\u00e7\u00e3o de vagas)<\/td>\n<td data-align=\"center\">Psiquiatria<\/td>\n<td data-align=\"center\">1<\/td>\n<\/tr>\n<tr>\n<td data-align=\"center\">Universidade Municipal de S\u00e3o Caetano do Sul<br \/>(Amplia\u00e7\u00e3o de vagas)<\/td>\n<td data-align=\"center\">Medicina de Fam\u00edlia e Comunidade<\/td>\n<td data-align=\"center\">4<\/td>\n<\/tr>\n<tr>\n<td data-align=\"center\">Instituto de Pesquisa e Desenvolvimento Social e Tecnol\u00f3gico &#8211; ISAM<br \/>(Amplia\u00e7\u00e3o de vagas)<\/td>\n<td data-align=\"center\">Pediatria<\/td>\n<td data-align=\"center\">2<\/td>\n<\/tr>\n<tr>\n<td data-align=\"center\">Instituto de Pesquisa e Desenvolvimento Social e Tecnol\u00f3gico &#8211; ISAM<br \/>(Amplia\u00e7\u00e3o de vagas)<\/td>\n<td data-align=\"center\">Medicina de Fam\u00edlia e Comunidade<\/td>\n<td data-align=\"center\">12<\/td>\n<\/tr>\n<tr>\n<td data-align=\"center\">Munic\u00edpio de Campinas<br \/>(Amplia\u00e7\u00e3o de vagas)<\/td>\n<td data-align=\"center\">Medicina de Fam\u00edlia e Comunidade<\/td>\n<td data-align=\"center\">10<\/td>\n<\/tr>\n<tr>\n<td data-align=\"center\">Universidade de S\u00e3o Paulo<br \/>(Amplia\u00e7\u00e3o de vagas)<\/td>\n<td data-align=\"center\">Dor<\/td>\n<td data-align=\"center\">2<\/td>\n<\/tr>\n<tr>\n<td data-align=\"center\">Sociedade Benef IsraelitaBras Hospital Albert Einstein<br \/>(Amplia\u00e7\u00e3o de vagas)<\/td>\n<td data-align=\"center\">Cl\u00ednica M\u00e9dica<\/td>\n<td data-align=\"center\">2<\/td>\n<\/tr>\n<tr>\n<td data-align=\"center\">Sociedade Benef IsraelitaBras Hospital Albert Einstein<br \/>(Amplia\u00e7\u00e3o de vagas)<\/td>\n<td data-align=\"center\">Medicina de Emerg\u00eancia<\/td>\n<td data-align=\"center\">4<\/td>\n<\/tr>\n<tr>\n<td data-align=\"center\">Universidade de S\u00e3o Paulo<br \/>(Amplia\u00e7\u00e3o de vagas)<\/td>\n<td data-align=\"center\">Otorrinolaringologia<\/td>\n<td data-align=\"center\">2<\/td>\n<\/tr>\n<\/thead>\n<\/table>\n<h3><span class=\"ez-toc-section\" id=\"Rio_Grande_do_Sul\"><\/span><b>Rio Grande do Sul<\/b><span class=\"ez-toc-section-end\"><\/span><\/h3>\n<table>\n<thead>\n<tr>\n<th data-align=\"center\">Institui\u00e7\u00f5es<\/th>\n<th data-align=\"center\">Especialidades<\/th>\n<th data-align=\"center\">Vagas Concedidas<\/th>\n<\/tr>\n<tr>\n<td data-align=\"center\">Associa\u00e7\u00e3o Hospital de Caridade Ijui<br \/>(Novo programa)<\/td>\n<td data-align=\"center\">Pediatria<\/td>\n<td data-align=\"center\">3<\/td>\n<\/tr>\n<tr>\n<td data-align=\"center\">Associa\u00e7\u00e3o Ant\u00f4nio Vieira<br \/>(Novo programa)<\/td>\n<td data-align=\"center\">Cirurgia Geral<\/td>\n<td data-align=\"center\">2<\/td>\n<\/tr>\n<tr>\n<td data-align=\"center\">Funda\u00e7\u00e3o Hospitalar Santa Terezinha de Erechim<br \/>(Novo programa)<\/td>\n<td data-align=\"center\">Radiologia e Diagn\u00f3stico por Imagem<\/td>\n<td data-align=\"center\">1<\/td>\n<\/tr>\n<tr>\n<td data-align=\"center\">Associa\u00e7\u00e3o Pro Ensino em Santa Cruz do Sul<br \/>(Novo programa)<\/td>\n<td data-align=\"center\">Medicina Intensiva<\/td>\n<td data-align=\"center\">2<\/td>\n<\/tr>\n<\/thead>\n<\/table>\n<h2><span class=\"ez-toc-section\" id=\"Santa_Catarina\"><\/span><b>Santa Catarina<\/b><span class=\"ez-toc-section-end\"><\/span><\/h2>\n<table>\n<thead>\n<tr>\n<th data-align=\"center\">Institui\u00e7\u00f5es<\/th>\n<th data-align=\"center\">Especialidades<\/th>\n<th data-align=\"center\">Vagas Concedidas<\/th>\n<\/tr>\n<tr>\n<td data-align=\"center\">Ordem Aux das Senhoras Evang\u00e9licas de Timbo<br \/>(Novo programa)<\/td>\n<td data-align=\"center\">Cirurgia Geral<\/td>\n<td data-align=\"center\">2<\/td>\n<\/tr>\n<tr>\n<td data-align=\"center\">Ordem Aux das Senhoras Evang\u00e9licas de Timbo<br \/>(Novo programa)<\/td>\n<td data-align=\"center\">Ortopedia e<br \/>Traumatologia<\/td>\n<td data-align=\"center\">2<\/td>\n<\/tr>\n<tr>\n<td data-align=\"center\">Secretaria de Estado de Sa\u00fade<br \/>(Novo programa)<\/td>\n<td data-align=\"center\">Psiquiatria<\/td>\n<td data-align=\"center\">2<\/td>\n<\/tr>\n<tr>\n<td data-align=\"center\">Institutos das Pequenas Mission\u00e1rias de Maria Imaculada<br \/>(Novo programa)<\/td>\n<td data-align=\"center\">Cirurgia Geral<\/td>\n<td data-align=\"center\">1<\/td>\n<\/tr>\n<tr>\n<td data-align=\"center\">Funda\u00e7\u00e3o Hospitalar de Blumenau<br \/>(Amplia\u00e7\u00e3o de vagas)<\/td>\n<td data-align=\"center\">Oncologia Cl\u00ednica<\/td>\n<td data-align=\"center\">1<\/td>\n<\/tr>\n<tr>\n<td data-align=\"center\">Fundo Municipal de Sa\u00fade de Florian\u00f3polis<br \/>(Amplia\u00e7\u00e3o de vagas)<\/td>\n<td data-align=\"center\">Medicina de Fam\u00edlia e Comunidade<\/td>\n<td data-align=\"center\">20<\/td>\n<\/tr>\n<tr>\n<td data-align=\"center\">Funda\u00e7\u00e3o Hospitalar de Blumenau<br \/>(Amplia\u00e7\u00e3o de vagas)<\/td>\n<td data-align=\"center\">Ginecologia e Obstetr\u00edcia<\/td>\n<td data-align=\"center\">3<\/td>\n<\/tr>\n<\/thead>\n<\/table>\n<h2><span class=\"ez-toc-section\" id=\"Minas_Gerais\"><\/span><b>Minas Gerais<\/b><span class=\"ez-toc-section-end\"><\/span><\/h2>\n<ul>\n<li>Irmandade da Santa Casa de Miseric\u00f3rdia de Passos<\/li>\n<\/ul>\n<table>\n<thead>\n<tr>\n<th data-align=\"center\">Especialidade<\/th>\n<th data-align=\"center\">Vagas Concedidas<\/th>\n<\/tr>\n<\/thead>\n<tbody>\n<tr>\n<td data-align=\"center\">Medicina de Emerg\u00eancia<br \/>(Novo programa)<\/td>\n<td data-align=\"center\">2<\/td>\n<\/tr>\n<tr>\n<td data-align=\"center\">Cardiologia Pedi\u00e1trica<br \/>(Novo programa)<\/td>\n<td data-align=\"center\">1<\/td>\n<\/tr>\n<tr>\n<td data-align=\"center\">Medicina Intensiva Pedi\u00e1trica<br \/>(Novo programa)<\/td>\n<td data-align=\"center\">2<\/td>\n<\/tr>\n<\/tbody>\n<\/table>\n<ul>\n<li>Irmandade de Nossa senhora das Gra\u00e7as<\/li>\n<\/ul>\n<table>\n<thead>\n<tr>\n<th data-align=\"center\">Especialidade<\/th>\n<th data-align=\"center\">Vagas Concedidas<\/th>\n<\/tr>\n<\/thead>\n<tbody>\n<tr>\n<td data-align=\"center\">Cardiologia<br \/>(Novo programa)<\/td>\n<td data-align=\"center\">2<\/td>\n<\/tr>\n<tr>\n<td data-align=\"center\">Medicina Intensiva<br \/>(Novo programa)<\/td>\n<td data-align=\"center\">2<\/td>\n<\/tr>\n<tr>\n<td data-align=\"center\">Nefrologia<br \/>(Novo programa)<\/td>\n<td data-align=\"center\">2<\/td>\n<\/tr>\n<\/tbody>\n<\/table>\n<ul>\n<li>Santa Casa de Miseric\u00f3rdia de Belo Horizonte<\/li>\n<\/ul>\n<table>\n<thead>\n<tr>\n<th data-align=\"center\">Especialidade<\/th>\n<th data-align=\"center\">Vagas Concedidas<\/th>\n<\/tr>\n<\/thead>\n<tbody>\n<tr>\n<td data-align=\"center\">Cardiologia Pedi\u00e1trica<br \/>(Novo programa)<\/td>\n<td data-align=\"center\">2<\/td>\n<\/tr>\n<tr>\n<td data-align=\"center\">Oftalmologia<br \/>(Amplia\u00e7\u00e3o de vagas)<\/td>\n<td data-align=\"center\">6<\/td>\n<\/tr>\n<tr>\n<td data-align=\"center\">Gastroenterologia<br \/>(Amplia\u00e7\u00e3o de vagas)<\/td>\n<td data-align=\"center\">1<\/td>\n<\/tr>\n<tr>\n<td data-align=\"center\">Endocrinologia e Metabologia<br \/>(Amplia\u00e7\u00e3o de vagas)<\/td>\n<td data-align=\"center\">1<\/td>\n<\/tr>\n<tr>\n<td data-align=\"center\">Dermatologia<br \/>(Amplia\u00e7\u00e3o de vagas)<\/td>\n<td data-align=\"center\">3<\/td>\n<\/tr>\n<\/tbody>\n<\/table>\n<ul>\n<li>Outras&nbsp;&nbsp;institui\u00e7\u00f5es contempladas pelo Pr\u00f3-Resid\u00eancia:<\/li>\n<\/ul>\n<table>\n<thead>\n<tr>\n<th data-align=\"center\">Institui\u00e7\u00f5es<\/th>\n<th data-align=\"center\">Especialidades<\/th>\n<th data-align=\"center\">Vagas Concedidas<\/th>\n<\/tr>\n<tr>\n<td data-align=\"center\">Sociedade Educacional Uberabense<br \/>(Novo programa)<\/td>\n<td data-align=\"center\">Anestesiologia<\/td>\n<td data-align=\"center\">2<\/td>\n<\/tr>\n<tr>\n<td data-align=\"center\">Funda\u00e7\u00e3o Benjamin Guimar\u00e3es<br \/>(Novo programa)<\/td>\n<td data-align=\"center\">Cl\u00ednica M\u00e9dica<\/td>\n<td data-align=\"center\">2<\/td>\n<\/tr>\n<tr>\n<td data-align=\"center\">Funda\u00e7\u00e3o Geraldo Correa<br \/>(Novo programa)<\/td>\n<td data-align=\"center\">Oncologia Cl\u00ednica<\/td>\n<td data-align=\"center\">2<\/td>\n<\/tr>\n<tr>\n<td data-align=\"center\">Universidade Federal de Uberl\u00e2ndia<br \/>(Novo programa)<\/td>\n<td data-align=\"center\">Hansenologia<\/td>\n<td data-align=\"center\">2<\/td>\n<\/tr>\n<tr>\n<td data-align=\"center\">Funda\u00e7\u00e3o Educacional Lucas Machado Feluma<br \/>(Novo programa)<\/td>\n<td data-align=\"center\">Medicina de Fam\u00edlia e Comunidade<\/td>\n<td data-align=\"center\">5<\/td>\n<\/tr>\n<tr>\n<td data-align=\"center\">Funda\u00e7\u00e3o Educacional Lucas Machado Feluma<br \/>(Novo programa)<\/td>\n<td data-align=\"center\">Pneumologia<\/td>\n<td data-align=\"center\">1<\/td>\n<\/tr>\n<tr>\n<td data-align=\"center\">Hospital e Maternidade Therezinha de Jesus<br \/>(Novo programa)<\/td>\n<td data-align=\"center\">Alergia e Imunologia<\/td>\n<td data-align=\"center\">1<\/td>\n<\/tr>\n<tr>\n<td data-align=\"center\">Hospital Metropolitano Odilon Behrens &#8211; HOB<br \/>(Novo programa)<\/td>\n<td data-align=\"center\">Medicina Intensiva<\/td>\n<td data-align=\"center\">3<\/td>\n<\/tr>\n<tr>\n<td data-align=\"center\">Hospital e Maternidade Therezinha de Jesus<br \/>(Novo programa)<\/td>\n<td data-align=\"center\">Coloproctologia<\/td>\n<td data-align=\"center\">1<\/td>\n<\/tr>\n<tr>\n<td data-align=\"center\">Benefic\u00eancia Social Bom Samaritano<br \/>(Novo programa)<\/td>\n<td data-align=\"center\">Oftalmologia<\/td>\n<td data-align=\"center\">2<\/td>\n<\/tr>\n<tr>\n<td data-align=\"center\">Casa de Caridade de Carangola<br \/>(Novo programa)<\/td>\n<td data-align=\"center\">Cardiologia<\/td>\n<td data-align=\"center\">1<\/td>\n<\/tr>\n<tr>\n<td data-align=\"center\">Hospital Santo Ant\u00f4nio<br \/>(Novo programa)<\/td>\n<td data-align=\"center\">Cirurgia Geral<\/td>\n<td data-align=\"center\">2<\/td>\n<\/tr>\n<tr>\n<td data-align=\"center\">Funda\u00e7\u00e3o Geraldo Correa<br \/>(Novo programa)<\/td>\n<td data-align=\"center\">Medicina Intensiva<\/td>\n<td data-align=\"center\">3<\/td>\n<\/tr>\n<tr>\n<td data-align=\"center\">Universidade Federal de Minas gerais<br \/>(Novo programa)<\/td>\n<td data-align=\"center\">Endoscopia<\/td>\n<td data-align=\"center\">2<\/td>\n<\/tr>\n<tr>\n<td data-align=\"center\">Instituto das Pequenas Mission\u00e1rios de Maria Imaculada(Amplia\u00e7\u00e3o de vagas)<\/td>\n<td data-align=\"center\">Cl\u00ednica M\u00e9dica<\/td>\n<td data-align=\"center\">4<\/td>\n<\/tr>\n<tr>\n<td data-align=\"center\">Irmandade Nossa Senhora das Merces de Monte Carlos(Amplia\u00e7\u00e3o de vagas)<\/td>\n<td data-align=\"center\">Cl\u00ednica M\u00e9dica<\/td>\n<td data-align=\"center\">2<\/td>\n<\/tr>\n<tr>\n<td data-align=\"center\">Funda\u00e7\u00e3o de Desenvolvimento da Pesquisa<br \/>(Amplia\u00e7\u00e3o de vagas)<\/td>\n<td data-align=\"center\">Ortopedia e<br \/>Traumatologia<\/td>\n<td data-align=\"center\">2<\/td>\n<\/tr>\n<tr>\n<td data-align=\"center\">Funda\u00e7\u00e3o de Ensino e Tecnologia de Alfenas(Amplia\u00e7\u00e3o de vagas)<\/td>\n<td data-align=\"center\">Cl\u00ednica M\u00e9dica<\/td>\n<td data-align=\"center\">2<\/td>\n<\/tr>\n<tr>\n<td data-align=\"center\">Irmandade Nossa Senhora das Merces de Monte Carlos<br \/>(Amplia\u00e7\u00e3o de vagas)<\/td>\n<td data-align=\"center\">Cirurgia Geral<\/td>\n<td data-align=\"center\">3<\/td>\n<\/tr>\n<tr>\n<td data-align=\"center\">Casa de Caridade de Alfenas N S P Socorro<br \/>(Amplia\u00e7\u00e3o de vagas)<\/td>\n<td data-align=\"center\">Anestesiologia<\/td>\n<td data-align=\"center\">1<\/td>\n<\/tr>\n<tr>\n<td data-align=\"center\">Fundo Municipal de Sa\u00fade<br \/>(Amplia\u00e7\u00e3o de vagas)<\/td>\n<td data-align=\"center\">Medicina de Fam\u00edlia e Comunidade<\/td>\n<td data-align=\"center\">4<\/td>\n<\/tr>\n<tr>\n<td data-align=\"center\">Associa\u00e7\u00e3o M\u00e1rio Penna<br \/>(Amplia\u00e7\u00e3o de vagas)<\/td>\n<td data-align=\"center\">Anestesiologia<\/td>\n<td data-align=\"center\">1<\/td>\n<\/tr>\n<\/thead>\n<\/table>\n<h2><span class=\"ez-toc-section\" id=\"Parana\"><\/span><b>Paran\u00e1<\/b><span class=\"ez-toc-section-end\"><\/span><\/h2>\n<ul>\n<li>SISNOR &#8211; Sistema Integrado de Sa\u00fade do Norte do Paran\u00e1<\/li>\n<\/ul>\n<table>\n<thead>\n<tr>\n<th data-align=\"center\">Especialidade<\/th>\n<th data-align=\"center\">Vagas Concedidas<\/th>\n<\/tr>\n<\/thead>\n<tbody>\n<tr>\n<td data-align=\"center\">Anestesiologia<br \/>(Novo programa)<\/td>\n<td data-align=\"center\">4<\/td>\n<\/tr>\n<tr>\n<td data-align=\"center\">Cardiologia<br \/>(Novo programa)<\/td>\n<td data-align=\"center\">4<\/td>\n<\/tr>\n<tr>\n<td data-align=\"center\">Cl\u00ednica M\u00e9dica<br \/>(Novo programa)<\/td>\n<td data-align=\"center\">4<\/td>\n<\/tr>\n<tr>\n<td data-align=\"center\">Medicina Intensiva<br \/>(Novo programa)<\/td>\n<td data-align=\"center\">4<\/td>\n<\/tr>\n<tr>\n<td data-align=\"center\">Ortopedia e Traumatologia<br \/>(Novo programa)<\/td>\n<td data-align=\"center\">4<\/td>\n<\/tr>\n<tr>\n<td data-align=\"center\">Radiologia e Diagn\u00f3stico por Imagem<br \/>(Novo programa)<\/td>\n<td data-align=\"center\">4<\/td>\n<\/tr>\n<\/tbody>\n<\/table>\n<ul>\n<li>Santa Casa de Miseric\u00f3rdia de Ponta Grossa<\/li>\n<\/ul>\n<table>\n<thead>\n<tr>\n<th data-align=\"center\">Especialidade<\/th>\n<th data-align=\"center\">Vagas Concedidas<\/th>\n<\/tr>\n<\/thead>\n<tbody>\n<tr>\n<td data-align=\"center\">Nefrologia<br \/>(Novo programa)<\/td>\n<td data-align=\"center\">2<\/td>\n<\/tr>\n<tr>\n<td data-align=\"center\">Medicina Intensiva<br \/>(Novo programa)<\/td>\n<td data-align=\"center\">2<\/td>\n<\/tr>\n<tr>\n<td data-align=\"center\">Neurocirurgia<br \/>(Novo programa)<\/td>\n<td data-align=\"center\">1<\/td>\n<\/tr>\n<tr>\n<td data-align=\"center\">Neurologia<br \/>(Novo programa)<\/td>\n<td data-align=\"center\">2<\/td>\n<\/tr>\n<\/tbody>\n<\/table>\n<ul>\n<li>ICETI &#8211; Instituto Cesumar de Ci\u00eancia, Tecnologia e Inova\u00e7\u00e3o<\/li>\n<\/ul>\n<table>\n<thead>\n<tr>\n<th data-align=\"center\">Especialidades<\/th>\n<th data-align=\"center\">Vagas Concedidas<\/th>\n<\/tr>\n<tr>\n<td data-align=\"center\">Cirurgia Geral<br \/>(Novo programa)<\/td>\n<td data-align=\"center\">2<\/td>\n<\/tr>\n<tr>\n<td data-align=\"center\">Cl\u00ednica M\u00e9dica<br \/>(Novo programa)<\/td>\n<td data-align=\"center\">4<\/td>\n<\/tr>\n<tr>\n<td data-align=\"center\">Cirurgia Oncol\u00f3gica<br \/>(Novo programa)<\/td>\n<td data-align=\"center\">2<\/td>\n<\/tr>\n<tr>\n<td data-align=\"center\">&nbsp;Coloproctologia<br \/>(Novo programa)<\/td>\n<td data-align=\"center\">2<\/td>\n<\/tr>\n<tr>\n<td data-align=\"center\">&nbsp;Ginecologia e Obstetr\u00edcia<br \/>(Novo programa)<\/td>\n<td data-align=\"center\">2<\/td>\n<\/tr>\n<tr>\n<td data-align=\"center\">Medicina de Fam\u00edlia e Comunidade<br \/>(Novo programa)<\/td>\n<td data-align=\"center\">4<\/td>\n<\/tr>\n<tr>\n<td data-align=\"center\">Medicina Intensiva<br \/>(Novo programa)<\/td>\n<td data-align=\"center\">4<\/td>\n<\/tr>\n<tr>\n<td data-align=\"center\">Pediatria<br \/>(Novo programa)<\/td>\n<td data-align=\"center\">6<\/td>\n<\/tr>\n<tr>\n<td data-align=\"center\">Psiquiatria<br \/>(Novo programa)<\/td>\n<td data-align=\"center\">4<\/td>\n<\/tr>\n<tr>\n<td data-align=\"center\">Oncologia Cl\u00ednica<br \/>(Novo programa)<\/td>\n<td data-align=\"center\">2<\/td>\n<\/tr>\n<\/thead>\n<\/table>\n<ul>\n<li>Associa\u00e7\u00e3o Norte Paraense de Combate ao C\u00e2ncer<\/li>\n<\/ul>\n<table>\n<thead>\n<tr>\n<th data-align=\"center\">Especialidade<\/th>\n<th data-align=\"center\">Vagas Concedidas<\/th>\n<\/tr>\n<\/thead>\n<tbody>\n<tr>\n<td data-align=\"center\">Anestesiologia<br \/>(Amplia\u00e7\u00e3o de vagas)<\/td>\n<td data-align=\"center\">2<\/td>\n<\/tr>\n<tr>\n<td data-align=\"center\">Cirurgia Geral<br \/>(Amplia\u00e7\u00e3o de vagas)<\/td>\n<td data-align=\"center\">2<\/td>\n<\/tr>\n<tr>\n<td data-align=\"center\">Cl\u00ednica M\u00e9dica<br \/>(Amplia\u00e7\u00e3o de vagas)<\/td>\n<td data-align=\"center\">2<\/td>\n<\/tr>\n<tr>\n<td data-align=\"center\">Ortopedia e Traumatologia<br \/>(Amplia\u00e7\u00e3o de vagas)<\/td>\n<td data-align=\"center\">2<\/td>\n<\/tr>\n<tr>\n<td data-align=\"center\">Urologia<br \/>(Amplia\u00e7\u00e3o de vagas)<\/td>\n<td data-align=\"center\">2<\/td>\n<\/tr>\n<\/tbody>\n<\/table>\n<ul>\n<li style=\"font-size: 16px;\">Outras&nbsp;&nbsp;institui\u00e7\u00f5es contempladas pelo Pr\u00f3-Resid\u00eancia:<\/li>\n<\/ul>\n<table>\n<thead>\n<tr>\n<th data-align=\"center\">Institui\u00e7\u00f5es<\/th>\n<th data-align=\"center\">Especialidades<\/th>\n<th data-align=\"center\">Vagas Concedidas<\/th>\n<\/tr>\n<tr>\n<td data-align=\"center\">Funda\u00e7\u00e3o Hospitalar S\u00e3o Lucas<br \/>(Novo programa)<\/td>\n<td data-align=\"center\">Otorrinolaringologia<\/td>\n<td data-align=\"center\">1<\/td>\n<\/tr>\n<tr>\n<td data-align=\"center\">Secretaria de Estado de Sa\u00fade<br \/>(Novo programa)<\/td>\n<td data-align=\"center\">Dermatologia<\/td>\n<td data-align=\"center\">3<\/td>\n<\/tr>\n<tr>\n<td data-align=\"center\">Hospital Nossa Senhora das Gra\u00e7as<br \/>(Novo programa)<\/td>\n<td data-align=\"center\">Anestesiologia<\/td>\n<td data-align=\"center\">3<\/td>\n<\/tr>\n<tr>\n<td data-align=\"center\">Santa Casa de Paranava\u00ed<br \/>(Novo programa)<\/td>\n<td data-align=\"center\">Ortopedia e<br \/>Traumatologia<\/td>\n<td data-align=\"center\">4<\/td>\n<\/tr>\n<tr>\n<td data-align=\"center\">Instituto Honorp<br \/>(Novo programa)<\/td>\n<td data-align=\"center\">Oftalmologia<\/td>\n<td data-align=\"center\">4<\/td>\n<\/tr>\n<tr>\n<td data-align=\"center\">Irmandade Santa Casa de Miseric\u00f3rdia de Curitiba<br \/>(Novo programa)<\/td>\n<td data-align=\"center\">Cirurgia Oncol\u00f3gica<\/td>\n<td data-align=\"center\">2<\/td>\n<\/tr>\n<tr>\n<td data-align=\"center\">Fundo Municipal de Sa\u00fade de Pato Branco<br \/>(Novo programa)<\/td>\n<td data-align=\"center\">Medicina de Fam\u00edlia e Comunidade<\/td>\n<td data-align=\"center\">2<\/td>\n<\/tr>\n<tr>\n<td data-align=\"center\">Associa\u00e7\u00e3o de Amigos, Familiares e Doentes Mentais de Londrina<br \/>(Novo programa)<\/td>\n<td data-align=\"center\">Psiquiatria<\/td>\n<td data-align=\"center\">3<\/td>\n<\/tr>\n<tr>\n<td data-align=\"center\">Santa Casa de Paranava\u00ed<br \/>(Amplia\u00e7\u00e3o de vagas)<\/td>\n<td data-align=\"center\">Cirurgia Geral<\/td>\n<td data-align=\"center\">2<\/td>\n<\/tr>\n<tr>\n<td data-align=\"center\">Associa\u00e7\u00e3o Beneficente de Sa\u00fade do Noroeste do Paran\u00e1<br \/>(Amplia\u00e7\u00e3o de vagas)<\/td>\n<td data-align=\"center\">Pediatria<\/td>\n<td data-align=\"center\">2<\/td>\n<\/tr>\n<tr>\n<td data-align=\"center\">Santa Casa de Paranava\u00ed<br \/>(Amplia\u00e7\u00e3o de vagas)<\/td>\n<td data-align=\"center\">Cl\u00ednica M\u00e9dica<\/td>\n<td data-align=\"center\">2<\/td>\n<\/tr>\n<tr>\n<td data-align=\"center\">Funda\u00e7\u00e3o Hospitalar S\u00e3o Lucas<br \/>(Amplia\u00e7\u00e3o de vagas)<\/td>\n<td data-align=\"center\">Ginecologia e Obstetr\u00edcia<\/td>\n<td data-align=\"center\">1<\/td>\n<\/tr>\n<tr>\n<td data-align=\"center\">Funda\u00e7\u00e3o de Sa\u00fade Itaiguapy<br \/>(Amplia\u00e7\u00e3o de vagas)<\/td>\n<td data-align=\"center\">Anestesiologia<\/td>\n<td data-align=\"center\">1<\/td>\n<\/tr>\n<tr>\n<td data-align=\"center\">Munic\u00edpio de Foz do Igua\u00e7u<br \/>(Amplia\u00e7\u00e3o de vagas)<\/td>\n<td data-align=\"center\">Ortopedia e<br \/>Traumatologia<\/td>\n<td data-align=\"center\">1<\/td>\n<\/tr>\n<\/thead>\n<\/table>\n<h2><span class=\"ez-toc-section\" id=\"Conquiste_a_aprovacao\"><\/span>Conquiste a aprova\u00e7\u00e3o!<span class=\"ez-toc-section-end\"><\/span><\/h2>\n<p>A&nbsp;<a href=\"https:\/\/www.grupomedcof.com.br\/links-revalida\/#\" target\"_blank\"=\"\">Medcof<\/a>&nbsp;tem um cat\u00e1logo repleto de cursos que te guiar\u00e3o na jornada \u00e0 Resid\u00eancia M\u00e9dica dos sonhos! Ent\u00e3o, confira os nossos cursos&nbsp; e seja<a href=\"https:\/\/www.grupomedcof.com.br\/blog\/presenca-da-medcof-nas-aprovacoes-em-residencia-medica-no-brasil\/\">&nbsp;mais um aprovado<\/a>&nbsp;nas melhores institui\u00e7\u00f5es do pa\u00eds!<img loading=\"lazy\" decoding=\"async\" width=\"800\" height=\"397\" src=\"https:\/\/www.grupomedcof.com.br\/blog\/wp-content\/uploads\/2023\/03\/aprovados-1024x508.png\" alt=\"Aprovados medcof\" srcset=\"https:\/\/www.grupomedcof.com.br\/blog\/wp-content\/uploads\/2023\/03\/aprovados-1024x508.png 1024w, https:\/\/www.grupomedcof.com.br\/blog\/wp-content\/uploads\/2023\/03\/aprovados-300x149.png 300w, https:\/\/www.grupomedcof.com.br\/blog\/wp-content\/uploads\/2023\/03\/aprovados-768x381.png 768w, https:\/\/www.grupomedcof.com.br\/blog\/wp-content\/uploads\/2023\/03\/aprovados.png 1436w\" sizes=\"auto, (max-width: 800px) 100vw, 800px\"><\/p>\n","protected":false},"excerpt":{"rendered":"<p>Saiba quais foram as\u00a0Institui\u00e7\u00f5es contempladas pelo Pr\u00f3-Resid\u00eancia divulgadas atrav\u00e9s da Portaria N\u00ba7. Saiba mais O Di\u00e1rio Oficial da Uni\u00e3o publicou no dia 20 de abril o\u00a0Resultado Final\u00a0das institui\u00e7\u00f5es compladas pelo Pr\u00f3-Resid\u00eancia. De acordo com a proposta, elas receber\u00e3o vagas adicionais destinadas aos programas de resid\u00eancia m\u00e9dica deste ano. Dessa forma, a divulga\u00e7\u00e3o ocorreu ap\u00f3s o [&hellip;]<\/p>\n","protected":false},"author":6,"featured_media":6035,"comment_status":"open","ping_status":"open","sticky":false,"template":"","format":"standard","meta":{"footnotes":""},"categories":[55,174],"tags":[160,93,68],"ppma_author":[3609],"class_list":{"0":"post-6019","1":"post","2":"type-post","3":"status-publish","4":"format-standard","5":"has-post-thumbnail","7":"category-carreira-medica","8":"category-residencia-medica","9":"tag-especialidades-cirurgicas","10":"tag-especialidades-medicas","11":"tag-residencia-medica"},"yoast_head":"<!-- This site is optimized with the Yoast SEO Premium plugin v24.3 (Yoast SEO v27.5) - https:\/\/yoast.com\/product\/yoast-seo-premium-wordpress\/ -->\n<title>Pr\u00f3-Resid\u00eancia: Institui\u00e7\u00f5es contempladas - Blog de Medcof: conte\u00fados, editais, revalida e mais!<\/title>\n<meta name=\"description\" content=\"A divulga\u00e7\u00e3o do Resultado Final da ades\u00e3o das Institui\u00e7\u00f5es ao Pr\u00f3-Resid\u00eancia. Saiba as principais informa\u00e7\u00f5es sobre o programa.\" \/>\n<meta name=\"robots\" content=\"index, follow, max-snippet:-1, max-image-preview:large, max-video-preview:-1\" \/>\n<link rel=\"canonical\" href=\"https:\/\/www.grupomedcof.com.br\/blog\/pro-residencia-instituicoes-contempladas\/\" \/>\n<meta property=\"og:locale\" content=\"pt_BR\" \/>\n<meta property=\"og:type\" content=\"article\" \/>\n<meta property=\"og:title\" content=\"Pr\u00f3-Resid\u00eancia: Institui\u00e7\u00f5es contempladas\" \/>\n<meta property=\"og:description\" content=\"A divulga\u00e7\u00e3o do Resultado Final da ades\u00e3o das Institui\u00e7\u00f5es ao Pr\u00f3-Resid\u00eancia. Saiba as principais informa\u00e7\u00f5es sobre o programa.\" \/>\n<meta property=\"og:url\" content=\"https:\/\/www.grupomedcof.com.br\/blog\/pro-residencia-instituicoes-contempladas\/\" \/>\n<meta property=\"og:site_name\" content=\"Blog de Medcof: conte\u00fados, editais, revalida e mais!\" \/>\n<meta property=\"article:publisher\" content=\"https:\/\/www.facebook.com\/MedCofQbank\/\" \/>\n<meta property=\"article:published_time\" content=\"2023-04-25T17:47:46+00:00\" \/>\n<meta property=\"og:image\" content=\"https:\/\/www.grupomedcof.com.br\/blog\/wp-content\/uploads\/2023\/04\/saiba-mais-sobre-a-45-1024x576.png\" \/>\n\t<meta property=\"og:image:width\" content=\"1024\" \/>\n\t<meta property=\"og:image:height\" content=\"576\" \/>\n\t<meta property=\"og:image:type\" content=\"image\/png\" \/>\n<meta name=\"author\" content=\"J\u00falia Moreira\" \/>\n<meta name=\"twitter:card\" content=\"summary_large_image\" \/>\n<meta name=\"twitter:label1\" content=\"Escrito por\" \/>\n\t<meta name=\"twitter:data1\" content=\"J\u00falia Moreira\" \/>\n<script type=\"application\/ld+json\" class=\"yoast-schema-graph\">{\"@context\":\"https:\\\/\\\/schema.org\",\"@graph\":[{\"@type\":\"Article\",\"@id\":\"https:\\\/\\\/www.grupomedcof.com.br\\\/blog\\\/pro-residencia-instituicoes-contempladas\\\/#article\",\"isPartOf\":{\"@id\":\"https:\\\/\\\/www.grupomedcof.com.br\\\/blog\\\/pro-residencia-instituicoes-contempladas\\\/\"},\"author\":{\"name\":\"J\u00falia Moreira\",\"@id\":\"https:\\\/\\\/www.grupomedcof.com.br\\\/blog\\\/#\\\/schema\\\/person\\\/1375e0ce724529d7a1d8156ea7f8ceaa\"},\"headline\":\"Pr\u00f3-Resid\u00eancia: Institui\u00e7\u00f5es contempladas\",\"datePublished\":\"2023-04-25T17:47:46+00:00\",\"mainEntityOfPage\":{\"@id\":\"https:\\\/\\\/www.grupomedcof.com.br\\\/blog\\\/pro-residencia-instituicoes-contempladas\\\/\"},\"wordCount\":3463,\"commentCount\":8,\"publisher\":{\"@id\":\"https:\\\/\\\/www.grupomedcof.com.br\\\/blog\\\/#organization\"},\"image\":{\"@id\":\"https:\\\/\\\/www.grupomedcof.com.br\\\/blog\\\/pro-residencia-instituicoes-contempladas\\\/#primaryimage\"},\"thumbnailUrl\":\"https:\\\/\\\/www.grupomedcof.com.br\\\/blog\\\/wp-content\\\/uploads\\\/2023\\\/04\\\/saiba-mais-sobre-a-45.png\",\"keywords\":[\"Especialidades cir\u00fargicas\",\"Especialidades m\u00e9dicas\",\"Resid\u00eancia M\u00e9dica\"],\"articleSection\":[\"Carreira M\u00e9dica\",\"Resid\u00eancia m\u00e9dica: editais, resultados, temas quentes e mais\"],\"inLanguage\":\"pt-BR\"},{\"@type\":\"WebPage\",\"@id\":\"https:\\\/\\\/www.grupomedcof.com.br\\\/blog\\\/pro-residencia-instituicoes-contempladas\\\/\",\"url\":\"https:\\\/\\\/www.grupomedcof.com.br\\\/blog\\\/pro-residencia-instituicoes-contempladas\\\/\",\"name\":\"Pr\u00f3-Resid\u00eancia: Institui\u00e7\u00f5es contempladas - Blog de Medcof: conte\u00fados, editais, revalida e mais!\",\"isPartOf\":{\"@id\":\"https:\\\/\\\/www.grupomedcof.com.br\\\/blog\\\/#website\"},\"primaryImageOfPage\":{\"@id\":\"https:\\\/\\\/www.grupomedcof.com.br\\\/blog\\\/pro-residencia-instituicoes-contempladas\\\/#primaryimage\"},\"image\":{\"@id\":\"https:\\\/\\\/www.grupomedcof.com.br\\\/blog\\\/pro-residencia-instituicoes-contempladas\\\/#primaryimage\"},\"thumbnailUrl\":\"https:\\\/\\\/www.grupomedcof.com.br\\\/blog\\\/wp-content\\\/uploads\\\/2023\\\/04\\\/saiba-mais-sobre-a-45.png\",\"datePublished\":\"2023-04-25T17:47:46+00:00\",\"description\":\"A divulga\u00e7\u00e3o do Resultado Final da ades\u00e3o das Institui\u00e7\u00f5es ao Pr\u00f3-Resid\u00eancia. Saiba as principais informa\u00e7\u00f5es sobre o programa.\",\"breadcrumb\":{\"@id\":\"https:\\\/\\\/www.grupomedcof.com.br\\\/blog\\\/pro-residencia-instituicoes-contempladas\\\/#breadcrumb\"},\"inLanguage\":\"pt-BR\",\"potentialAction\":[{\"@type\":\"ReadAction\",\"target\":[\"https:\\\/\\\/www.grupomedcof.com.br\\\/blog\\\/pro-residencia-instituicoes-contempladas\\\/\"]}]},{\"@type\":\"ImageObject\",\"inLanguage\":\"pt-BR\",\"@id\":\"https:\\\/\\\/www.grupomedcof.com.br\\\/blog\\\/pro-residencia-instituicoes-contempladas\\\/#primaryimage\",\"url\":\"https:\\\/\\\/www.grupomedcof.com.br\\\/blog\\\/wp-content\\\/uploads\\\/2023\\\/04\\\/saiba-mais-sobre-a-45.png\",\"contentUrl\":\"https:\\\/\\\/www.grupomedcof.com.br\\\/blog\\\/wp-content\\\/uploads\\\/2023\\\/04\\\/saiba-mais-sobre-a-45.png\",\"width\":2560,\"height\":1440,\"caption\":\"Institui\u00e7\u00f5es contempladas pelo Pr\u00f3-Resid\u00eancia\"},{\"@type\":\"BreadcrumbList\",\"@id\":\"https:\\\/\\\/www.grupomedcof.com.br\\\/blog\\\/pro-residencia-instituicoes-contempladas\\\/#breadcrumb\",\"itemListElement\":[{\"@type\":\"ListItem\",\"position\":1,\"name\":\"In\u00edcio\",\"item\":\"https:\\\/\\\/www.grupomedcof.com.br\\\/blog\\\/\"},{\"@type\":\"ListItem\",\"position\":2,\"name\":\"Pr\u00f3-Resid\u00eancia: Institui\u00e7\u00f5es contempladas\"}]},{\"@type\":\"WebSite\",\"@id\":\"https:\\\/\\\/www.grupomedcof.com.br\\\/blog\\\/#website\",\"url\":\"https:\\\/\\\/www.grupomedcof.com.br\\\/blog\\\/\",\"name\":\"Blog de Medcof: conte\u00fados, editais, revalida e mais!\",\"description\":\"Acesso o blog de MedCof! Seu portal de conte\u00fados sobre resid\u00eancia m\u00e9dica, an\u00e1lise e editais e muito mais. Clique e confira!\",\"publisher\":{\"@id\":\"https:\\\/\\\/www.grupomedcof.com.br\\\/blog\\\/#organization\"},\"alternateName\":\"Blog de Medcof: conte\u00fados, editais, revalida e mais!\",\"potentialAction\":[{\"@type\":\"SearchAction\",\"target\":{\"@type\":\"EntryPoint\",\"urlTemplate\":\"https:\\\/\\\/www.grupomedcof.com.br\\\/blog\\\/?s={search_term_string}\"},\"query-input\":{\"@type\":\"PropertyValueSpecification\",\"valueRequired\":true,\"valueName\":\"search_term_string\"}}],\"inLanguage\":\"pt-BR\"},{\"@type\":\"Organization\",\"@id\":\"https:\\\/\\\/www.grupomedcof.com.br\\\/blog\\\/#organization\",\"name\":\"Grupo MedCof\",\"url\":\"https:\\\/\\\/www.grupomedcof.com.br\\\/blog\\\/\",\"logo\":{\"@type\":\"ImageObject\",\"inLanguage\":\"pt-BR\",\"@id\":\"https:\\\/\\\/www.grupomedcof.com.br\\\/blog\\\/#\\\/schema\\\/logo\\\/image\\\/\",\"url\":\"https:\\\/\\\/www.grupomedcof.com.br\\\/blog\\\/wp-content\\\/uploads\\\/2022\\\/01\\\/logo-medcof.png\",\"contentUrl\":\"https:\\\/\\\/www.grupomedcof.com.br\\\/blog\\\/wp-content\\\/uploads\\\/2022\\\/01\\\/logo-medcof.png\",\"width\":768,\"height\":269,\"caption\":\"Grupo MedCof\"},\"image\":{\"@id\":\"https:\\\/\\\/www.grupomedcof.com.br\\\/blog\\\/#\\\/schema\\\/logo\\\/image\\\/\"},\"sameAs\":[\"https:\\\/\\\/www.facebook.com\\\/MedCofQbank\\\/\",\"https:\\\/\\\/www.instagram.com\\\/grupomedcof\\\/\",\"https:\\\/\\\/br.linkedin.com\\\/company\\\/medcof\",\"https:\\\/\\\/www.youtube.com\\\/channel\\\/UCdHMuOHKICxcHwecxN8P-AA\"]},{\"@type\":\"Person\",\"@id\":\"https:\\\/\\\/www.grupomedcof.com.br\\\/blog\\\/#\\\/schema\\\/person\\\/1375e0ce724529d7a1d8156ea7f8ceaa\",\"name\":\"J\u00falia Moreira\",\"image\":{\"@type\":\"ImageObject\",\"inLanguage\":\"pt-BR\",\"@id\":\"https:\\\/\\\/www.grupomedcof.com.br\\\/blog\\\/wp-content\\\/uploads\\\/2024\\\/12\\\/cropped-Captura-de-tela-2023-12-15-094946-96x96.png6a0083ac34a0445de97d55fae63a4a41\",\"url\":\"https:\\\/\\\/www.grupomedcof.com.br\\\/blog\\\/wp-content\\\/uploads\\\/2024\\\/12\\\/cropped-Captura-de-tela-2023-12-15-094946-96x96.png\",\"contentUrl\":\"https:\\\/\\\/www.grupomedcof.com.br\\\/blog\\\/wp-content\\\/uploads\\\/2024\\\/12\\\/cropped-Captura-de-tela-2023-12-15-094946-96x96.png\",\"caption\":\"J\u00falia Moreira\"},\"description\":\"Estudante do 8\u00ba semestre de Jornalismo na ECA-USP, f\u00e3 de filmes de terror e m\u00fasica popular sul-coreana.\",\"sameAs\":[\"https:\\\/\\\/www.grupomedcof.com.br\\\/\"],\"url\":\"https:\\\/\\\/www.grupomedcof.com.br\\\/blog\\\/author\\\/julia\\\/\"}]}<\/script>\n<!-- \/ Yoast SEO Premium plugin. -->","yoast_head_json":{"title":"Pr\u00f3-Resid\u00eancia: Institui\u00e7\u00f5es contempladas - Blog de Medcof: conte\u00fados, editais, revalida e mais!","description":"A divulga\u00e7\u00e3o do Resultado Final da ades\u00e3o das Institui\u00e7\u00f5es ao Pr\u00f3-Resid\u00eancia. Saiba as principais informa\u00e7\u00f5es sobre o programa.","robots":{"index":"index","follow":"follow","max-snippet":"max-snippet:-1","max-image-preview":"max-image-preview:large","max-video-preview":"max-video-preview:-1"},"canonical":"https:\/\/www.grupomedcof.com.br\/blog\/pro-residencia-instituicoes-contempladas\/","og_locale":"pt_BR","og_type":"article","og_title":"Pr\u00f3-Resid\u00eancia: Institui\u00e7\u00f5es contempladas","og_description":"A divulga\u00e7\u00e3o do Resultado Final da ades\u00e3o das Institui\u00e7\u00f5es ao Pr\u00f3-Resid\u00eancia. Saiba as principais informa\u00e7\u00f5es sobre o programa.","og_url":"https:\/\/www.grupomedcof.com.br\/blog\/pro-residencia-instituicoes-contempladas\/","og_site_name":"Blog de Medcof: conte\u00fados, editais, revalida e mais!","article_publisher":"https:\/\/www.facebook.com\/MedCofQbank\/","article_published_time":"2023-04-25T17:47:46+00:00","og_image":[{"width":1024,"height":576,"url":"https:\/\/www.grupomedcof.com.br\/blog\/wp-content\/uploads\/2023\/04\/saiba-mais-sobre-a-45-1024x576.png","type":"image\/png"}],"author":"J\u00falia Moreira","twitter_card":"summary_large_image","twitter_misc":{"Escrito por":"J\u00falia Moreira"},"schema":{"@context":"https:\/\/schema.org","@graph":[{"@type":"Article","@id":"https:\/\/www.grupomedcof.com.br\/blog\/pro-residencia-instituicoes-contempladas\/#article","isPartOf":{"@id":"https:\/\/www.grupomedcof.com.br\/blog\/pro-residencia-instituicoes-contempladas\/"},"author":{"name":"J\u00falia Moreira","@id":"https:\/\/www.grupomedcof.com.br\/blog\/#\/schema\/person\/1375e0ce724529d7a1d8156ea7f8ceaa"},"headline":"Pr\u00f3-Resid\u00eancia: Institui\u00e7\u00f5es contempladas","datePublished":"2023-04-25T17:47:46+00:00","mainEntityOfPage":{"@id":"https:\/\/www.grupomedcof.com.br\/blog\/pro-residencia-instituicoes-contempladas\/"},"wordCount":3463,"commentCount":8,"publisher":{"@id":"https:\/\/www.grupomedcof.com.br\/blog\/#organization"},"image":{"@id":"https:\/\/www.grupomedcof.com.br\/blog\/pro-residencia-instituicoes-contempladas\/#primaryimage"},"thumbnailUrl":"https:\/\/www.grupomedcof.com.br\/blog\/wp-content\/uploads\/2023\/04\/saiba-mais-sobre-a-45.png","keywords":["Especialidades cir\u00fargicas","Especialidades m\u00e9dicas","Resid\u00eancia M\u00e9dica"],"articleSection":["Carreira M\u00e9dica","Resid\u00eancia m\u00e9dica: editais, resultados, temas quentes e mais"],"inLanguage":"pt-BR"},{"@type":"WebPage","@id":"https:\/\/www.grupomedcof.com.br\/blog\/pro-residencia-instituicoes-contempladas\/","url":"https:\/\/www.grupomedcof.com.br\/blog\/pro-residencia-instituicoes-contempladas\/","name":"Pr\u00f3-Resid\u00eancia: Institui\u00e7\u00f5es contempladas - Blog de Medcof: conte\u00fados, editais, revalida e mais!","isPartOf":{"@id":"https:\/\/www.grupomedcof.com.br\/blog\/#website"},"primaryImageOfPage":{"@id":"https:\/\/www.grupomedcof.com.br\/blog\/pro-residencia-instituicoes-contempladas\/#primaryimage"},"image":{"@id":"https:\/\/www.grupomedcof.com.br\/blog\/pro-residencia-instituicoes-contempladas\/#primaryimage"},"thumbnailUrl":"https:\/\/www.grupomedcof.com.br\/blog\/wp-content\/uploads\/2023\/04\/saiba-mais-sobre-a-45.png","datePublished":"2023-04-25T17:47:46+00:00","description":"A divulga\u00e7\u00e3o do Resultado Final da ades\u00e3o das Institui\u00e7\u00f5es ao Pr\u00f3-Resid\u00eancia. Saiba as principais informa\u00e7\u00f5es sobre o programa.","breadcrumb":{"@id":"https:\/\/www.grupomedcof.com.br\/blog\/pro-residencia-instituicoes-contempladas\/#breadcrumb"},"inLanguage":"pt-BR","potentialAction":[{"@type":"ReadAction","target":["https:\/\/www.grupomedcof.com.br\/blog\/pro-residencia-instituicoes-contempladas\/"]}]},{"@type":"ImageObject","inLanguage":"pt-BR","@id":"https:\/\/www.grupomedcof.com.br\/blog\/pro-residencia-instituicoes-contempladas\/#primaryimage","url":"https:\/\/www.grupomedcof.com.br\/blog\/wp-content\/uploads\/2023\/04\/saiba-mais-sobre-a-45.png","contentUrl":"https:\/\/www.grupomedcof.com.br\/blog\/wp-content\/uploads\/2023\/04\/saiba-mais-sobre-a-45.png","width":2560,"height":1440,"caption":"Institui\u00e7\u00f5es contempladas pelo Pr\u00f3-Resid\u00eancia"},{"@type":"BreadcrumbList","@id":"https:\/\/www.grupomedcof.com.br\/blog\/pro-residencia-instituicoes-contempladas\/#breadcrumb","itemListElement":[{"@type":"ListItem","position":1,"name":"In\u00edcio","item":"https:\/\/www.grupomedcof.com.br\/blog\/"},{"@type":"ListItem","position":2,"name":"Pr\u00f3-Resid\u00eancia: Institui\u00e7\u00f5es contempladas"}]},{"@type":"WebSite","@id":"https:\/\/www.grupomedcof.com.br\/blog\/#website","url":"https:\/\/www.grupomedcof.com.br\/blog\/","name":"Blog de Medcof: conte\u00fados, editais, revalida e mais!","description":"Acesso o blog de MedCof! Seu portal de conte\u00fados sobre resid\u00eancia m\u00e9dica, an\u00e1lise e editais e muito mais. Clique e confira!","publisher":{"@id":"https:\/\/www.grupomedcof.com.br\/blog\/#organization"},"alternateName":"Blog de Medcof: conte\u00fados, editais, revalida e mais!","potentialAction":[{"@type":"SearchAction","target":{"@type":"EntryPoint","urlTemplate":"https:\/\/www.grupomedcof.com.br\/blog\/?s={search_term_string}"},"query-input":{"@type":"PropertyValueSpecification","valueRequired":true,"valueName":"search_term_string"}}],"inLanguage":"pt-BR"},{"@type":"Organization","@id":"https:\/\/www.grupomedcof.com.br\/blog\/#organization","name":"Grupo MedCof","url":"https:\/\/www.grupomedcof.com.br\/blog\/","logo":{"@type":"ImageObject","inLanguage":"pt-BR","@id":"https:\/\/www.grupomedcof.com.br\/blog\/#\/schema\/logo\/image\/","url":"https:\/\/www.grupomedcof.com.br\/blog\/wp-content\/uploads\/2022\/01\/logo-medcof.png","contentUrl":"https:\/\/www.grupomedcof.com.br\/blog\/wp-content\/uploads\/2022\/01\/logo-medcof.png","width":768,"height":269,"caption":"Grupo MedCof"},"image":{"@id":"https:\/\/www.grupomedcof.com.br\/blog\/#\/schema\/logo\/image\/"},"sameAs":["https:\/\/www.facebook.com\/MedCofQbank\/","https:\/\/www.instagram.com\/grupomedcof\/","https:\/\/br.linkedin.com\/company\/medcof","https:\/\/www.youtube.com\/channel\/UCdHMuOHKICxcHwecxN8P-AA"]},{"@type":"Person","@id":"https:\/\/www.grupomedcof.com.br\/blog\/#\/schema\/person\/1375e0ce724529d7a1d8156ea7f8ceaa","name":"J\u00falia Moreira","image":{"@type":"ImageObject","inLanguage":"pt-BR","@id":"https:\/\/www.grupomedcof.com.br\/blog\/wp-content\/uploads\/2024\/12\/cropped-Captura-de-tela-2023-12-15-094946-96x96.png6a0083ac34a0445de97d55fae63a4a41","url":"https:\/\/www.grupomedcof.com.br\/blog\/wp-content\/uploads\/2024\/12\/cropped-Captura-de-tela-2023-12-15-094946-96x96.png","contentUrl":"https:\/\/www.grupomedcof.com.br\/blog\/wp-content\/uploads\/2024\/12\/cropped-Captura-de-tela-2023-12-15-094946-96x96.png","caption":"J\u00falia Moreira"},"description":"Estudante do 8\u00ba semestre de Jornalismo na ECA-USP, f\u00e3 de filmes de terror e m\u00fasica popular sul-coreana.","sameAs":["https:\/\/www.grupomedcof.com.br\/"],"url":"https:\/\/www.grupomedcof.com.br\/blog\/author\/julia\/"}]}},"authors":[{"term_id":3609,"user_id":6,"is_guest":0,"slug":"julia","display_name":"J\u00falia Moreira","avatar_url":"https:\/\/www.grupomedcof.com.br\/blog\/wp-content\/uploads\/2024\/12\/cropped-Captura-de-tela-2023-12-15-094946-96x96.png","0":null,"1":"","2":"","3":"","4":"","5":"","6":"","7":"","8":""}],"_links":{"self":[{"href":"https:\/\/www.grupomedcof.com.br\/blog\/wp-json\/wp\/v2\/posts\/6019","targetHints":{"allow":["GET"]}}],"collection":[{"href":"https:\/\/www.grupomedcof.com.br\/blog\/wp-json\/wp\/v2\/posts"}],"about":[{"href":"https:\/\/www.grupomedcof.com.br\/blog\/wp-json\/wp\/v2\/types\/post"}],"author":[{"embeddable":true,"href":"https:\/\/www.grupomedcof.com.br\/blog\/wp-json\/wp\/v2\/users\/6"}],"replies":[{"embeddable":true,"href":"https:\/\/www.grupomedcof.com.br\/blog\/wp-json\/wp\/v2\/comments?post=6019"}],"version-history":[{"count":0,"href":"https:\/\/www.grupomedcof.com.br\/blog\/wp-json\/wp\/v2\/posts\/6019\/revisions"}],"wp:featuredmedia":[{"embeddable":true,"href":"https:\/\/www.grupomedcof.com.br\/blog\/wp-json\/wp\/v2\/media\/6035"}],"wp:attachment":[{"href":"https:\/\/www.grupomedcof.com.br\/blog\/wp-json\/wp\/v2\/media?parent=6019"}],"wp:term":[{"taxonomy":"category","embeddable":true,"href":"https:\/\/www.grupomedcof.com.br\/blog\/wp-json\/wp\/v2\/categories?post=6019"},{"taxonomy":"post_tag","embeddable":true,"href":"https:\/\/www.grupomedcof.com.br\/blog\/wp-json\/wp\/v2\/tags?post=6019"},{"taxonomy":"author","embeddable":true,"href":"https:\/\/www.grupomedcof.com.br\/blog\/wp-json\/wp\/v2\/ppma_author?post=6019"}],"curies":[{"name":"wp","href":"https:\/\/api.w.org\/{rel}","templated":true}]}}