{"id":6205,"date":"2023-04-28T15:30:13","date_gmt":"2023-04-28T18:30:13","guid":{"rendered":"https:\/\/www.grupomedcof.com.br\/blog\/?p=6205"},"modified":"2024-12-03T17:27:22","modified_gmt":"2024-12-03T20:27:22","slug":"bronquiolite-viral-aguda-bva","status":"publish","type":"post","link":"https:\/\/www.grupomedcof.com.br\/blog\/bronquiolite-viral-aguda-bva\/","title":{"rendered":"Bronquiolite Viral Aguda (BVA)"},"content":{"rendered":"<div id=\"ez-toc-container\" class=\"ez-toc-v2_0_74 counter-hierarchy ez-toc-counter ez-toc-transparent ez-toc-container-direction\">\n<div class=\"ez-toc-title-container\">\n<p class=\"ez-toc-title\" style=\"cursor:inherit\">Sum\u00e1rio<\/p>\n<span class=\"ez-toc-title-toggle\"><a href=\"#\" class=\"ez-toc-pull-right ez-toc-btn ez-toc-btn-xs ez-toc-btn-default ez-toc-toggle\" aria-label=\"Alternar tabela de conte\u00fado\"><span class=\"ez-toc-js-icon-con\"><span class=\"\"><span class=\"eztoc-hide\" style=\"display:none;\">Toggle<\/span><span class=\"ez-toc-icon-toggle-span\"><svg style=\"fill: #999;color:#999\" xmlns=\"http:\/\/www.w3.org\/2000\/svg\" class=\"list-377408\" width=\"20px\" height=\"20px\" viewBox=\"0 0 24 24\" fill=\"none\"><path d=\"M6 6H4v2h2V6zm14 0H8v2h12V6zM4 11h2v2H4v-2zm16 0H8v2h12v-2zM4 16h2v2H4v-2zm16 0H8v2h12v-2z\" fill=\"currentColor\"><\/path><\/svg><svg style=\"fill: #999;color:#999\" class=\"arrow-unsorted-368013\" xmlns=\"http:\/\/www.w3.org\/2000\/svg\" width=\"10px\" height=\"10px\" viewBox=\"0 0 24 24\" version=\"1.2\" baseProfile=\"tiny\"><path d=\"M18.2 9.3l-6.2-6.3-6.2 6.3c-.2.2-.3.4-.3.7s.1.5.3.7c.2.2.4.3.7.3h11c.3 0 .5-.1.7-.3.2-.2.3-.5.3-.7s-.1-.5-.3-.7zM5.8 14.7l6.2 6.3 6.2-6.3c.2-.2.3-.5.3-.7s-.1-.5-.3-.7c-.2-.2-.4-.3-.7-.3h-11c-.3 0-.5.1-.7.3-.2.2-.3.5-.3.7s.1.5.3.7z\"\/><\/svg><\/span><\/span><\/span><\/a><\/span><\/div>\n<nav><ul class='ez-toc-list ez-toc-list-level-1 ' ><li class='ez-toc-page-1 ez-toc-heading-level-2'><a class=\"ez-toc-link ez-toc-heading-1\" href=\"https:\/\/www.grupomedcof.com.br\/blog\/bronquiolite-viral-aguda-bva\/#Saiba_mais\" >Saiba mais<\/a><\/li><li class='ez-toc-page-1 ez-toc-heading-level-2'><a class=\"ez-toc-link ez-toc-heading-2\" href=\"https:\/\/www.grupomedcof.com.br\/blog\/bronquiolite-viral-aguda-bva\/#Definicao\" >Defini\u00e7\u00e3o<\/a><\/li><li class='ez-toc-page-1 ez-toc-heading-level-2'><a class=\"ez-toc-link ez-toc-heading-3\" href=\"https:\/\/www.grupomedcof.com.br\/blog\/bronquiolite-viral-aguda-bva\/#Diagnostico\" >Diagn\u00f3stico<\/a><\/li><li class='ez-toc-page-1 ez-toc-heading-level-2'><a class=\"ez-toc-link ez-toc-heading-4\" href=\"https:\/\/www.grupomedcof.com.br\/blog\/bronquiolite-viral-aguda-bva\/#Tratamento\" >Tratamento<\/a><\/li><li class='ez-toc-page-1 ez-toc-heading-level-2'><a class=\"ez-toc-link ez-toc-heading-5\" href=\"https:\/\/www.grupomedcof.com.br\/blog\/bronquiolite-viral-aguda-bva\/#O_que_fazer_na_BVA\" >O que fazer na BVA?<\/a><\/li><li class='ez-toc-page-1 ez-toc-heading-level-2'><a class=\"ez-toc-link ez-toc-heading-6\" href=\"https:\/\/www.grupomedcof.com.br\/blog\/bronquiolite-viral-aguda-bva\/#Conquiste_a_aprovacao\" >Conquiste a aprova\u00e7\u00e3o!<\/a><\/li><\/ul><\/nav><\/div>\n<p><img loading=\"lazy\" decoding=\"async\" width=\"800\" height=\"450\" src=\"https:\/\/www.grupomedcof.com.br\/blog\/wp-content\/uploads\/2023\/04\/saiba-mais-sobre-a-59-1024x576.png\" alt=\"diagn\u00f3stico e tratamento da bronquiolite viral aguda BVA\" srcset=\"https:\/\/www.grupomedcof.com.br\/blog\/wp-content\/uploads\/2023\/04\/saiba-mais-sobre-a-59-1024x576.png 1024w, https:\/\/www.grupomedcof.com.br\/blog\/wp-content\/uploads\/2023\/04\/saiba-mais-sobre-a-59-300x169.png 300w, https:\/\/www.grupomedcof.com.br\/blog\/wp-content\/uploads\/2023\/04\/saiba-mais-sobre-a-59-768x432.png 768w, https:\/\/www.grupomedcof.com.br\/blog\/wp-content\/uploads\/2023\/04\/saiba-mais-sobre-a-59-1536x864.png 1536w, https:\/\/www.grupomedcof.com.br\/blog\/wp-content\/uploads\/2023\/04\/saiba-mais-sobre-a-59-2048x1152.png 2048w\" sizes=\"auto, (max-width: 800px) 100vw, 800px\" \/>\t\t\t\t\t\t\t\t\t\t\t\t\t\t\t<\/p>\n<p>O que sabemos sobre o tratamento da Bronquiolite Viral Aguda (BVA)?&nbsp;Talvez esse seja um diagn\u00f3stico n\u00e3o t\u00e3o dif\u00edcil, mas super angustiante de dar para um respons\u00e1vel que tr\u00e1s o seu filho ao pronto-socorro!<\/p>\n<h2><span class=\"ez-toc-section\" id=\"Saiba_mais\"><\/span>\n\t\t\t\tSaiba mais\t\t\t<span class=\"ez-toc-section-end\"><\/span><\/h2>\n<h2><span class=\"ez-toc-section\" id=\"Definicao\"><\/span><strong>Defini\u00e7\u00e3o<\/strong><span class=\"ez-toc-section-end\"><\/span><\/h2>\n<p>\u00a0<\/p>\n<p>Doen\u00e7a viral das vias a\u00e9reas inferiores, geralmente causada pelo\u00a0V\u00edrus Sincicial Respirat\u00f3rio,\u00a0autolimitada\u00a0que acomete crian\u00e7as de at\u00e9 2 anos de idade.<\/p>\n<p>Tamb\u00e9m \u00e9 definida, como\u00a0primeiro epis\u00f3dio de sibil\u00e2ncia em menores de 12 meses.<\/p>\n<h2><span class=\"ez-toc-section\" id=\"Diagnostico\"><\/span><strong>Diagn\u00f3stico<\/strong><span class=\"ez-toc-section-end\"><\/span><\/h2>\n<p>Dessa forma, o diagn\u00f3stico da Bronquiolite Viral Aguda (BVA) \u00e9 eminentemente\u00a0cl\u00ednico!<\/p>\n<p>Geralmente o\u00a0quadro cl\u00ednico\u00a0envolve um quadro inicial de sintomas catarrais (coriza e congest\u00e3o) que evolui com uma tosse persistente, com ou sem a presen\u00e7a de taquidispneia.<\/p>\n<p>&#x1fa7a; LEMBRE-SE:&nbsp;Na pediatria a taquipneia \u00e9 definida como:<\/p>\n<p>&lt; 2 meses : &gt; 60 irpm<br \/>2 a 12 meses: &gt; 50 irpm<br \/>1 a 5 anos: &gt; 40 irpm<\/p>\n<ul style=\"font-size: 16px; background-color: rgb(255, 255, 255);\">\n<\/ul>\n<p>Desse modo, o\u00a0exame f\u00edsico,\u00a0al\u00e9m da taquipneia, pode ser evidenciado sinais de desconforto respirat\u00f3rio, como tiragens e batimento de asa nasal. Assim, na\u00a0ausculta\u00a0pode-se perceber\u00a0sibil\u00e2ncia\u00a0e\u00a0tempo expirat\u00f3rio prolongado, com ou sem estertores associados.<\/p>\n<p>\u00a0<\/p>\n<p>Al\u00e9m disso, a sibil\u00e2ncia na BVA n\u00e3o ocorre por broncoconstric\u00e7\u00e3o, mas devido a forma\u00e7\u00f5es de plugs intraluminais devido \u00e0 inflama\u00e7\u00e3o, provocando uma obstru\u00e7\u00e3o luminal\u00a0vari\u00e1vel,\u00a0o que explica\u00a0o curso cl\u00ednico din\u00e2mico da BVA\u00a0(melhoras e pioras ao longo do mesmo dia) &#8211;\u00a0<em>Essa informa\u00e7\u00e3o \u00e9 importante pois guia o tratamento!!!<\/em><\/p>\n<p><em>\u00a0<\/em><\/p>\n<p>Exames Complementares n\u00e3o devem ser pedidos de rotina!!!\u00a0Portanto, devem ser considerados apenas em caso de d\u00favida diagn\u00f3stica.<\/p>\n<h2><span class=\"ez-toc-section\" id=\"Tratamento\"><\/span><strong>T<\/strong><b>ratamento<\/b><b><\/b><span class=\"ez-toc-section-end\"><\/span><\/h2>\n<p>Pensando nisso, talvez esse seja o ponto mais pol\u00eamico da BVA, pois o tratamento \u00e9 suporte!! Sim, o paciente pode ficar bastante grave, podendo cursar com insufici\u00eancia respirat\u00f3ria aguda e o tratamento continua sendo\u00a0suporte!<\/p>\n<h2><span class=\"ez-toc-section\" id=\"O_que_fazer_na_BVA\"><\/span><strong>O que fazer na BVA?<\/strong><span class=\"ez-toc-section-end\"><\/span><\/h2>\n<p>&nbsp;<\/p>\n<ol style=\"font-size: 16px; background-color: #ffffff;\">\n<li style=\"font-size: 16px;\">Avaliar necessidade de internamento Desconforto respirat\u00f3rio moderado ou grave; Apneia; Hipoxemia; Lactentes jovens; Incapacidade familiar de ter os cuidados necess\u00e1rios; N\u00e3o tolera alimenta\u00e7\u00e3o e\/ou \u00e1gua; Queda do estado geral;<\/li>\n<li style=\"font-size: 16px;\">M\u00ednimo manuseio da crian\u00e7a! Manusear a crian\u00e7a sem necessidade pode piorar o quadro de agita\u00e7\u00e3o e da taquidispneia da crian\u00e7a.<\/li>\n<li style=\"font-size: 16px;\">Manuten\u00e7\u00e3o de hidrata\u00e7\u00e3o, preferencialmente via oral!<\/li>\n<li style=\"font-size: 16px;\">Desobstru\u00e7\u00e3o nasal se congest\u00e3o. Lavagem nasal com soro fisiol\u00f3gico.<\/li>\n<li style=\"font-size: 16px;\">Oxigenoterapia se necess\u00e1rio!&nbsp;Indica\u00e7\u00e3o:&nbsp;Satura\u00e7\u00e3o de O2 &lt; 90%<\/li>\n<li style=\"font-size: 16px;\">Identifica\u00e7\u00e3o precoce de complica\u00e7\u00f5es;<\/li>\n<li style=\"font-size: 16px;\">Questionar sobre a indica\u00e7\u00e3o do Palivizumabe. O Palivizumabe \u00e9 um anticorpo monoclonal contra o VSR, que diminui o risco de desenvolvimento de doen\u00e7a grave<\/li>\n<\/ol>\n<p><\/p>\n<table style=\"background-color: rgb(255, 255, 255); width: 800px;\">\n<thead>\n<tr>\n<th style=\"border-color: rgba(128, 128, 128, 0.5);\">Indica\u00e7\u00e3o do Minist\u00e9rio da Sa\u00fade<\/th>\n<th data-align=\"center\" style=\"border-color: rgba(128, 128, 128, 0.5);\">Indica\u00e7\u00e3o da Sociedade Brasileira de Pediatria<\/th>\n<\/tr>\n<\/thead>\n<tbody>\n<tr>\n<td style=\"border-color: rgba(128, 128, 128, 0.5); background-color: rgba(128, 128, 128, 0.07);\">\n<p>&#8211; IG &lt; 29 semanas (at\u00e9 1 ano);<\/p>\n<p>&#8211; Doen\u00e7a pulmonar cr\u00f4nica ou cardiopatia cong\u00eanita com repercuss\u00e3o (at\u00e9 2 anos).<\/p>\n<\/td>\n<td data-align=\"center\" style=\"border-color: rgba(128, 128, 128, 0.5); background-color: rgba(128, 128, 128, 0.07);\">&#8211; IG &lt; 29 semanas (at\u00e9 1 ano);<br \/>&#8211; Doen\u00e7a pulmonar cr\u00f4nica ou<br \/>cardiopatia cong\u00eanita com<br \/>repercuss\u00e3o (at\u00e9 2 anos).<br \/>&#8211; IG &lt; 32 semanas (at\u00e9 6<br \/>meses)<\/p>\n<\/td>\n<\/tr>\n<\/tbody>\n<\/table>\n<p><strong>O que N\u00c3O fazer na BVA?<br \/><\/strong>\u00a0<\/p>\n<p>Pode ser que, t\u00e3o importante quanto saber o que voc\u00ea deve fazer, \u00e9 o que voc\u00ea n\u00e3o deve fazer nos casos de BVA.<\/p>\n<ul style=\"font-size: 16px; background-color: #ffffff;\">\n<li style=\"font-size: 16px;\">Beta-2-agonista;<\/li>\n<li style=\"font-size: 16px;\">Nebuliza\u00e7\u00e3o com adrenalina;<\/li>\n<li style=\"font-size: 16px;\">Corticoterapia;<\/li>\n<li style=\"font-size: 16px;\">Antibi\u00f3ticos e antivirais;<\/li>\n<li style=\"font-size: 16px;\">Antituss\u00edgenos e expectorantes;<\/li>\n<li style=\"font-size: 16px;\">Fisioterapia respirat\u00f3ria.<\/li>\n<\/ul>\n<p>\t\t\t\t\t\t\t\t\t\t\t\t\t\t\t<img loading=\"lazy\" decoding=\"async\" width=\"768\" height=\"808\" src=\"https:\/\/www.grupomedcof.com.br\/blog\/wp-content\/uploads\/2023\/04\/Imagem1-768x808.png\" alt=\"Tabela BVA\" srcset=\"https:\/\/www.grupomedcof.com.br\/blog\/wp-content\/uploads\/2023\/04\/Imagem1-768x808.png 768w, https:\/\/www.grupomedcof.com.br\/blog\/wp-content\/uploads\/2023\/04\/Imagem1-285x300.png 285w, https:\/\/www.grupomedcof.com.br\/blog\/wp-content\/uploads\/2023\/04\/Imagem1-973x1024.png 973w, https:\/\/www.grupomedcof.com.br\/blog\/wp-content\/uploads\/2023\/04\/Imagem1-1460x1536.png 1460w, https:\/\/www.grupomedcof.com.br\/blog\/wp-content\/uploads\/2023\/04\/Imagem1-1946x2048.png 1946w\" sizes=\"auto, (max-width: 768px) 100vw, 768px\" \/>\t\t\t\t\t\t\t\t\t\t\t\t\t\t\t<\/p>\n<p>Fonte: SBP, 2017.<\/p>\n<h2><span class=\"ez-toc-section\" id=\"Conquiste_a_aprovacao\"><\/span><strong style=\"color: inherit; font-family: inherit; font-size: 2rem;\">Conquiste a aprova\u00e7\u00e3o!<\/strong><span class=\"ez-toc-section-end\"><\/span><\/h2>\n<p>\u00a0<\/p>\n<p>O\u00a0<a href=\"https:\/\/www.grupomedcof.com.br\/?gclid=Cj0KCQjw8e-gBhD0ARIsAJiDsaUz-mNWdi4Bci_xv8R7Pvns5xJ1jXKOUtr21FPSIHqycP9rlxRT9XcaAu3hEALw_wcB\" target=\"_blank\" rel=\"noopener\">Grupo MedCof<\/a>\u00a0 tem um cat\u00e1logo repleto de cursos que ir\u00e3o te guiar na jornada \u00e0 Resid\u00eancia M\u00e9dica dos sonhos! Portanto, confira os nossos cursos e\u00a0<a href=\"https:\/\/www.grupomedcof.com.br\/blog\/presenca-da-medcof-nas-aprovacoes-em-residencia-medica-no-brasil\/\">seja mais um aprovado<\/a>\u00a0nas melhores institui\u00e7\u00f5es do pa\u00eds.<\/p>\n<p>\t\t\t\t\t\t\t\t\t\t\t\t\t\t\t<img loading=\"lazy\" decoding=\"async\" width=\"800\" height=\"397\" src=\"https:\/\/www.grupomedcof.com.br\/blog\/wp-content\/uploads\/2023\/03\/aprovados-1024x508.png\" alt=\"Aprovados medcof\" srcset=\"https:\/\/www.grupomedcof.com.br\/blog\/wp-content\/uploads\/2023\/03\/aprovados-1024x508.png 1024w, https:\/\/www.grupomedcof.com.br\/blog\/wp-content\/uploads\/2023\/03\/aprovados-300x149.png 300w, https:\/\/www.grupomedcof.com.br\/blog\/wp-content\/uploads\/2023\/03\/aprovados-768x381.png 768w, https:\/\/www.grupomedcof.com.br\/blog\/wp-content\/uploads\/2023\/03\/aprovados.png 1436w\" sizes=\"auto, (max-width: 800px) 100vw, 800px\" \/><\/p>\n","protected":false},"excerpt":{"rendered":"<p>O que sabemos sobre o tratamento da Bronquiolite Viral Aguda (BVA)?&nbsp;Talvez esse seja um diagn\u00f3stico n\u00e3o t\u00e3o dif\u00edcil, mas super angustiante de dar para um respons\u00e1vel que tr\u00e1s o seu filho ao pronto-socorro! Saiba mais Defini\u00e7\u00e3o \u00a0 Doen\u00e7a viral das vias a\u00e9reas inferiores, geralmente causada pelo\u00a0V\u00edrus Sincicial Respirat\u00f3rio,\u00a0autolimitada\u00a0que acomete crian\u00e7as de at\u00e9 2 anos de [&hellip;]<\/p>\n","protected":false},"author":10,"featured_media":6286,"comment_status":"open","ping_status":"open","sticky":false,"template":"","format":"standard","meta":{"footnotes":""},"categories":[120],"tags":[93,109,108],"ppma_author":[3613],"class_list":{"0":"post-6205","1":"post","2":"type-post","3":"status-publish","4":"format-standard","5":"has-post-thumbnail","7":"category-pediatria","8":"tag-especialidades-medicas","9":"tag-pediatria","10":"tag-residencia-em-pediatria"},"yoast_head":"<!-- This site is optimized with the Yoast SEO Premium plugin v24.3 (Yoast SEO v27.5) - https:\/\/yoast.com\/product\/yoast-seo-premium-wordpress\/ -->\n<title>Bronquiolite Viral Aguda (BVA) - Blog de Medcof: conte\u00fados, editais, revalida e mais!<\/title>\n<meta name=\"description\" content=\"O que sabemos sobre a Bronquiolite Viral Aguda (BVA)? Embora o diagn\u00f3stico n\u00e3o seja t\u00e3o dif\u00edcil, pode ser angustiante d\u00e1-lo ao respons\u00e1vel.\" \/>\n<meta name=\"robots\" content=\"index, follow, max-snippet:-1, max-image-preview:large, max-video-preview:-1\" \/>\n<link rel=\"canonical\" href=\"https:\/\/www.grupomedcof.com.br\/blog\/bronquiolite-viral-aguda-bva\/\" \/>\n<meta property=\"og:locale\" content=\"pt_BR\" \/>\n<meta property=\"og:type\" content=\"article\" \/>\n<meta property=\"og:title\" content=\"Bronquiolite Viral Aguda (BVA)\" \/>\n<meta property=\"og:description\" content=\"O que sabemos sobre a Bronquiolite Viral Aguda (BVA)? Embora o diagn\u00f3stico n\u00e3o seja t\u00e3o dif\u00edcil, pode ser angustiante d\u00e1-lo ao respons\u00e1vel.\" \/>\n<meta property=\"og:url\" content=\"https:\/\/www.grupomedcof.com.br\/blog\/bronquiolite-viral-aguda-bva\/\" \/>\n<meta property=\"og:site_name\" content=\"Blog de Medcof: conte\u00fados, editais, revalida e mais!\" \/>\n<meta property=\"article:publisher\" content=\"https:\/\/www.facebook.com\/MedCofQbank\/\" \/>\n<meta property=\"article:published_time\" content=\"2023-04-28T18:30:13+00:00\" \/>\n<meta property=\"article:modified_time\" content=\"2024-12-03T20:27:22+00:00\" \/>\n<meta property=\"og:image\" content=\"https:\/\/www.grupomedcof.com.br\/blog\/wp-content\/uploads\/2023\/04\/saiba-mais-sobre-a-59-1024x576.png\" \/>\n\t<meta property=\"og:image:width\" content=\"1024\" \/>\n\t<meta property=\"og:image:height\" content=\"576\" \/>\n\t<meta property=\"og:image:type\" content=\"image\/png\" \/>\n<meta name=\"author\" content=\"Grupo MedCof\" \/>\n<meta name=\"twitter:card\" content=\"summary_large_image\" \/>\n<meta name=\"twitter:label1\" content=\"Escrito por\" \/>\n\t<meta name=\"twitter:data1\" content=\"Grupo MedCof\" \/>\n\t<meta name=\"twitter:label2\" content=\"Est. tempo de leitura\" \/>\n\t<meta name=\"twitter:data2\" content=\"6 minutos\" \/>\n<script type=\"application\/ld+json\" class=\"yoast-schema-graph\">{\"@context\":\"https:\\\/\\\/schema.org\",\"@graph\":[{\"@type\":\"Article\",\"@id\":\"https:\\\/\\\/www.grupomedcof.com.br\\\/blog\\\/bronquiolite-viral-aguda-bva\\\/#article\",\"isPartOf\":{\"@id\":\"https:\\\/\\\/www.grupomedcof.com.br\\\/blog\\\/bronquiolite-viral-aguda-bva\\\/\"},\"author\":{\"name\":\"Grupo MedCof\",\"@id\":\"https:\\\/\\\/www.grupomedcof.com.br\\\/blog\\\/#\\\/schema\\\/person\\\/5e56a3921255c01181f3d8c20d53f9c0\"},\"headline\":\"Bronquiolite Viral Aguda (BVA)\",\"datePublished\":\"2023-04-28T18:30:13+00:00\",\"dateModified\":\"2024-12-03T20:27:22+00:00\",\"mainEntityOfPage\":{\"@id\":\"https:\\\/\\\/www.grupomedcof.com.br\\\/blog\\\/bronquiolite-viral-aguda-bva\\\/\"},\"wordCount\":604,\"commentCount\":0,\"publisher\":{\"@id\":\"https:\\\/\\\/www.grupomedcof.com.br\\\/blog\\\/#organization\"},\"image\":{\"@id\":\"https:\\\/\\\/www.grupomedcof.com.br\\\/blog\\\/bronquiolite-viral-aguda-bva\\\/#primaryimage\"},\"thumbnailUrl\":\"https:\\\/\\\/www.grupomedcof.com.br\\\/blog\\\/wp-content\\\/uploads\\\/2023\\\/04\\\/saiba-mais-sobre-a-59.png\",\"keywords\":[\"Especialidades m\u00e9dicas\",\"Pediatria\",\"Resid\u00eancia em Pediatria\"],\"articleSection\":[\"Pediatria\"],\"inLanguage\":\"pt-BR\"},{\"@type\":\"WebPage\",\"@id\":\"https:\\\/\\\/www.grupomedcof.com.br\\\/blog\\\/bronquiolite-viral-aguda-bva\\\/\",\"url\":\"https:\\\/\\\/www.grupomedcof.com.br\\\/blog\\\/bronquiolite-viral-aguda-bva\\\/\",\"name\":\"Bronquiolite Viral Aguda (BVA) - Blog de Medcof: conte\u00fados, editais, revalida e mais!\",\"isPartOf\":{\"@id\":\"https:\\\/\\\/www.grupomedcof.com.br\\\/blog\\\/#website\"},\"primaryImageOfPage\":{\"@id\":\"https:\\\/\\\/www.grupomedcof.com.br\\\/blog\\\/bronquiolite-viral-aguda-bva\\\/#primaryimage\"},\"image\":{\"@id\":\"https:\\\/\\\/www.grupomedcof.com.br\\\/blog\\\/bronquiolite-viral-aguda-bva\\\/#primaryimage\"},\"thumbnailUrl\":\"https:\\\/\\\/www.grupomedcof.com.br\\\/blog\\\/wp-content\\\/uploads\\\/2023\\\/04\\\/saiba-mais-sobre-a-59.png\",\"datePublished\":\"2023-04-28T18:30:13+00:00\",\"dateModified\":\"2024-12-03T20:27:22+00:00\",\"description\":\"O que sabemos sobre a Bronquiolite Viral Aguda (BVA)? Embora o diagn\u00f3stico n\u00e3o seja t\u00e3o dif\u00edcil, pode ser angustiante d\u00e1-lo ao respons\u00e1vel.\",\"breadcrumb\":{\"@id\":\"https:\\\/\\\/www.grupomedcof.com.br\\\/blog\\\/bronquiolite-viral-aguda-bva\\\/#breadcrumb\"},\"inLanguage\":\"pt-BR\",\"potentialAction\":[{\"@type\":\"ReadAction\",\"target\":[\"https:\\\/\\\/www.grupomedcof.com.br\\\/blog\\\/bronquiolite-viral-aguda-bva\\\/\"]}]},{\"@type\":\"ImageObject\",\"inLanguage\":\"pt-BR\",\"@id\":\"https:\\\/\\\/www.grupomedcof.com.br\\\/blog\\\/bronquiolite-viral-aguda-bva\\\/#primaryimage\",\"url\":\"https:\\\/\\\/www.grupomedcof.com.br\\\/blog\\\/wp-content\\\/uploads\\\/2023\\\/04\\\/saiba-mais-sobre-a-59.png\",\"contentUrl\":\"https:\\\/\\\/www.grupomedcof.com.br\\\/blog\\\/wp-content\\\/uploads\\\/2023\\\/04\\\/saiba-mais-sobre-a-59.png\",\"width\":2560,\"height\":1440,\"caption\":\"bronquiolite viral aguda BVA\"},{\"@type\":\"BreadcrumbList\",\"@id\":\"https:\\\/\\\/www.grupomedcof.com.br\\\/blog\\\/bronquiolite-viral-aguda-bva\\\/#breadcrumb\",\"itemListElement\":[{\"@type\":\"ListItem\",\"position\":1,\"name\":\"In\u00edcio\",\"item\":\"https:\\\/\\\/www.grupomedcof.com.br\\\/blog\\\/\"},{\"@type\":\"ListItem\",\"position\":2,\"name\":\"Bronquiolite Viral Aguda (BVA)\"}]},{\"@type\":\"WebSite\",\"@id\":\"https:\\\/\\\/www.grupomedcof.com.br\\\/blog\\\/#website\",\"url\":\"https:\\\/\\\/www.grupomedcof.com.br\\\/blog\\\/\",\"name\":\"Blog de Medcof: conte\u00fados, editais, revalida e mais!\",\"description\":\"Acesso o blog de MedCof! Seu portal de conte\u00fados sobre resid\u00eancia m\u00e9dica, an\u00e1lise e editais e muito mais. Clique e confira!\",\"publisher\":{\"@id\":\"https:\\\/\\\/www.grupomedcof.com.br\\\/blog\\\/#organization\"},\"alternateName\":\"Blog de Medcof: conte\u00fados, editais, revalida e mais!\",\"potentialAction\":[{\"@type\":\"SearchAction\",\"target\":{\"@type\":\"EntryPoint\",\"urlTemplate\":\"https:\\\/\\\/www.grupomedcof.com.br\\\/blog\\\/?s={search_term_string}\"},\"query-input\":{\"@type\":\"PropertyValueSpecification\",\"valueRequired\":true,\"valueName\":\"search_term_string\"}}],\"inLanguage\":\"pt-BR\"},{\"@type\":\"Organization\",\"@id\":\"https:\\\/\\\/www.grupomedcof.com.br\\\/blog\\\/#organization\",\"name\":\"Grupo MedCof\",\"url\":\"https:\\\/\\\/www.grupomedcof.com.br\\\/blog\\\/\",\"logo\":{\"@type\":\"ImageObject\",\"inLanguage\":\"pt-BR\",\"@id\":\"https:\\\/\\\/www.grupomedcof.com.br\\\/blog\\\/#\\\/schema\\\/logo\\\/image\\\/\",\"url\":\"https:\\\/\\\/www.grupomedcof.com.br\\\/blog\\\/wp-content\\\/uploads\\\/2022\\\/01\\\/logo-medcof.png\",\"contentUrl\":\"https:\\\/\\\/www.grupomedcof.com.br\\\/blog\\\/wp-content\\\/uploads\\\/2022\\\/01\\\/logo-medcof.png\",\"width\":768,\"height\":269,\"caption\":\"Grupo MedCof\"},\"image\":{\"@id\":\"https:\\\/\\\/www.grupomedcof.com.br\\\/blog\\\/#\\\/schema\\\/logo\\\/image\\\/\"},\"sameAs\":[\"https:\\\/\\\/www.facebook.com\\\/MedCofQbank\\\/\",\"https:\\\/\\\/www.instagram.com\\\/grupomedcof\\\/\",\"https:\\\/\\\/br.linkedin.com\\\/company\\\/medcof\",\"https:\\\/\\\/www.youtube.com\\\/channel\\\/UCdHMuOHKICxcHwecxN8P-AA\"]},{\"@type\":\"Person\",\"@id\":\"https:\\\/\\\/www.grupomedcof.com.br\\\/blog\\\/#\\\/schema\\\/person\\\/5e56a3921255c01181f3d8c20d53f9c0\",\"name\":\"Grupo MedCof\",\"image\":{\"@type\":\"ImageObject\",\"inLanguage\":\"pt-BR\",\"@id\":\"https:\\\/\\\/www.grupomedcof.com.br\\\/blog\\\/wp-content\\\/uploads\\\/2023\\\/04\\\/cropped-cropped-cropped-cropped-logo-96x96.png28585d174f19c23095510da5f63bc127\",\"url\":\"https:\\\/\\\/www.grupomedcof.com.br\\\/blog\\\/wp-content\\\/uploads\\\/2023\\\/04\\\/cropped-cropped-cropped-cropped-logo-96x96.png\",\"contentUrl\":\"https:\\\/\\\/www.grupomedcof.com.br\\\/blog\\\/wp-content\\\/uploads\\\/2023\\\/04\\\/cropped-cropped-cropped-cropped-logo-96x96.png\",\"caption\":\"Grupo MedCof\"},\"description\":\"Tendo aulas baseadas em quest\u00f5es, + de 115 subespecialistas dispon\u00edveis e uma metodologia \u00fanica, voc\u00ea pode se juntar ao nosso time que conta com mais de 10 mil ...\",\"url\":\"https:\\\/\\\/www.grupomedcof.com.br\\\/blog\\\/author\\\/grupo-medcof\\\/\"}]}<\/script>\n<!-- \/ Yoast SEO Premium plugin. -->","yoast_head_json":{"title":"Bronquiolite Viral Aguda (BVA) - Blog de Medcof: conte\u00fados, editais, revalida e mais!","description":"O que sabemos sobre a Bronquiolite Viral Aguda (BVA)? Embora o diagn\u00f3stico n\u00e3o seja t\u00e3o dif\u00edcil, pode ser angustiante d\u00e1-lo ao respons\u00e1vel.","robots":{"index":"index","follow":"follow","max-snippet":"max-snippet:-1","max-image-preview":"max-image-preview:large","max-video-preview":"max-video-preview:-1"},"canonical":"https:\/\/www.grupomedcof.com.br\/blog\/bronquiolite-viral-aguda-bva\/","og_locale":"pt_BR","og_type":"article","og_title":"Bronquiolite Viral Aguda (BVA)","og_description":"O que sabemos sobre a Bronquiolite Viral Aguda (BVA)? Embora o diagn\u00f3stico n\u00e3o seja t\u00e3o dif\u00edcil, pode ser angustiante d\u00e1-lo ao respons\u00e1vel.","og_url":"https:\/\/www.grupomedcof.com.br\/blog\/bronquiolite-viral-aguda-bva\/","og_site_name":"Blog de Medcof: conte\u00fados, editais, revalida e mais!","article_publisher":"https:\/\/www.facebook.com\/MedCofQbank\/","article_published_time":"2023-04-28T18:30:13+00:00","article_modified_time":"2024-12-03T20:27:22+00:00","og_image":[{"width":1024,"height":576,"url":"https:\/\/www.grupomedcof.com.br\/blog\/wp-content\/uploads\/2023\/04\/saiba-mais-sobre-a-59-1024x576.png","type":"image\/png"}],"author":"Grupo MedCof","twitter_card":"summary_large_image","twitter_misc":{"Escrito por":"Grupo MedCof","Est. tempo de leitura":"6 minutos"},"schema":{"@context":"https:\/\/schema.org","@graph":[{"@type":"Article","@id":"https:\/\/www.grupomedcof.com.br\/blog\/bronquiolite-viral-aguda-bva\/#article","isPartOf":{"@id":"https:\/\/www.grupomedcof.com.br\/blog\/bronquiolite-viral-aguda-bva\/"},"author":{"name":"Grupo MedCof","@id":"https:\/\/www.grupomedcof.com.br\/blog\/#\/schema\/person\/5e56a3921255c01181f3d8c20d53f9c0"},"headline":"Bronquiolite Viral Aguda (BVA)","datePublished":"2023-04-28T18:30:13+00:00","dateModified":"2024-12-03T20:27:22+00:00","mainEntityOfPage":{"@id":"https:\/\/www.grupomedcof.com.br\/blog\/bronquiolite-viral-aguda-bva\/"},"wordCount":604,"commentCount":0,"publisher":{"@id":"https:\/\/www.grupomedcof.com.br\/blog\/#organization"},"image":{"@id":"https:\/\/www.grupomedcof.com.br\/blog\/bronquiolite-viral-aguda-bva\/#primaryimage"},"thumbnailUrl":"https:\/\/www.grupomedcof.com.br\/blog\/wp-content\/uploads\/2023\/04\/saiba-mais-sobre-a-59.png","keywords":["Especialidades m\u00e9dicas","Pediatria","Resid\u00eancia em Pediatria"],"articleSection":["Pediatria"],"inLanguage":"pt-BR"},{"@type":"WebPage","@id":"https:\/\/www.grupomedcof.com.br\/blog\/bronquiolite-viral-aguda-bva\/","url":"https:\/\/www.grupomedcof.com.br\/blog\/bronquiolite-viral-aguda-bva\/","name":"Bronquiolite Viral Aguda (BVA) - Blog de Medcof: conte\u00fados, editais, revalida e mais!","isPartOf":{"@id":"https:\/\/www.grupomedcof.com.br\/blog\/#website"},"primaryImageOfPage":{"@id":"https:\/\/www.grupomedcof.com.br\/blog\/bronquiolite-viral-aguda-bva\/#primaryimage"},"image":{"@id":"https:\/\/www.grupomedcof.com.br\/blog\/bronquiolite-viral-aguda-bva\/#primaryimage"},"thumbnailUrl":"https:\/\/www.grupomedcof.com.br\/blog\/wp-content\/uploads\/2023\/04\/saiba-mais-sobre-a-59.png","datePublished":"2023-04-28T18:30:13+00:00","dateModified":"2024-12-03T20:27:22+00:00","description":"O que sabemos sobre a Bronquiolite Viral Aguda (BVA)? Embora o diagn\u00f3stico n\u00e3o seja t\u00e3o dif\u00edcil, pode ser angustiante d\u00e1-lo ao respons\u00e1vel.","breadcrumb":{"@id":"https:\/\/www.grupomedcof.com.br\/blog\/bronquiolite-viral-aguda-bva\/#breadcrumb"},"inLanguage":"pt-BR","potentialAction":[{"@type":"ReadAction","target":["https:\/\/www.grupomedcof.com.br\/blog\/bronquiolite-viral-aguda-bva\/"]}]},{"@type":"ImageObject","inLanguage":"pt-BR","@id":"https:\/\/www.grupomedcof.com.br\/blog\/bronquiolite-viral-aguda-bva\/#primaryimage","url":"https:\/\/www.grupomedcof.com.br\/blog\/wp-content\/uploads\/2023\/04\/saiba-mais-sobre-a-59.png","contentUrl":"https:\/\/www.grupomedcof.com.br\/blog\/wp-content\/uploads\/2023\/04\/saiba-mais-sobre-a-59.png","width":2560,"height":1440,"caption":"bronquiolite viral aguda BVA"},{"@type":"BreadcrumbList","@id":"https:\/\/www.grupomedcof.com.br\/blog\/bronquiolite-viral-aguda-bva\/#breadcrumb","itemListElement":[{"@type":"ListItem","position":1,"name":"In\u00edcio","item":"https:\/\/www.grupomedcof.com.br\/blog\/"},{"@type":"ListItem","position":2,"name":"Bronquiolite Viral Aguda (BVA)"}]},{"@type":"WebSite","@id":"https:\/\/www.grupomedcof.com.br\/blog\/#website","url":"https:\/\/www.grupomedcof.com.br\/blog\/","name":"Blog de Medcof: conte\u00fados, editais, revalida e mais!","description":"Acesso o blog de MedCof! Seu portal de conte\u00fados sobre resid\u00eancia m\u00e9dica, an\u00e1lise e editais e muito mais. Clique e confira!","publisher":{"@id":"https:\/\/www.grupomedcof.com.br\/blog\/#organization"},"alternateName":"Blog de Medcof: conte\u00fados, editais, revalida e mais!","potentialAction":[{"@type":"SearchAction","target":{"@type":"EntryPoint","urlTemplate":"https:\/\/www.grupomedcof.com.br\/blog\/?s={search_term_string}"},"query-input":{"@type":"PropertyValueSpecification","valueRequired":true,"valueName":"search_term_string"}}],"inLanguage":"pt-BR"},{"@type":"Organization","@id":"https:\/\/www.grupomedcof.com.br\/blog\/#organization","name":"Grupo MedCof","url":"https:\/\/www.grupomedcof.com.br\/blog\/","logo":{"@type":"ImageObject","inLanguage":"pt-BR","@id":"https:\/\/www.grupomedcof.com.br\/blog\/#\/schema\/logo\/image\/","url":"https:\/\/www.grupomedcof.com.br\/blog\/wp-content\/uploads\/2022\/01\/logo-medcof.png","contentUrl":"https:\/\/www.grupomedcof.com.br\/blog\/wp-content\/uploads\/2022\/01\/logo-medcof.png","width":768,"height":269,"caption":"Grupo MedCof"},"image":{"@id":"https:\/\/www.grupomedcof.com.br\/blog\/#\/schema\/logo\/image\/"},"sameAs":["https:\/\/www.facebook.com\/MedCofQbank\/","https:\/\/www.instagram.com\/grupomedcof\/","https:\/\/br.linkedin.com\/company\/medcof","https:\/\/www.youtube.com\/channel\/UCdHMuOHKICxcHwecxN8P-AA"]},{"@type":"Person","@id":"https:\/\/www.grupomedcof.com.br\/blog\/#\/schema\/person\/5e56a3921255c01181f3d8c20d53f9c0","name":"Grupo MedCof","image":{"@type":"ImageObject","inLanguage":"pt-BR","@id":"https:\/\/www.grupomedcof.com.br\/blog\/wp-content\/uploads\/2023\/04\/cropped-cropped-cropped-cropped-logo-96x96.png28585d174f19c23095510da5f63bc127","url":"https:\/\/www.grupomedcof.com.br\/blog\/wp-content\/uploads\/2023\/04\/cropped-cropped-cropped-cropped-logo-96x96.png","contentUrl":"https:\/\/www.grupomedcof.com.br\/blog\/wp-content\/uploads\/2023\/04\/cropped-cropped-cropped-cropped-logo-96x96.png","caption":"Grupo MedCof"},"description":"Tendo aulas baseadas em quest\u00f5es, + de 115 subespecialistas dispon\u00edveis e uma metodologia \u00fanica, voc\u00ea pode se juntar ao nosso time que conta com mais de 10 mil ...","url":"https:\/\/www.grupomedcof.com.br\/blog\/author\/grupo-medcof\/"}]}},"authors":[{"term_id":3613,"user_id":10,"is_guest":0,"slug":"grupo-medcof","display_name":"Grupo MedCof","avatar_url":"https:\/\/www.grupomedcof.com.br\/blog\/wp-content\/uploads\/2023\/04\/cropped-cropped-cropped-cropped-logo-96x96.png","0":null,"1":"","2":"","3":"","4":"","5":"","6":"","7":"","8":""}],"_links":{"self":[{"href":"https:\/\/www.grupomedcof.com.br\/blog\/wp-json\/wp\/v2\/posts\/6205","targetHints":{"allow":["GET"]}}],"collection":[{"href":"https:\/\/www.grupomedcof.com.br\/blog\/wp-json\/wp\/v2\/posts"}],"about":[{"href":"https:\/\/www.grupomedcof.com.br\/blog\/wp-json\/wp\/v2\/types\/post"}],"author":[{"embeddable":true,"href":"https:\/\/www.grupomedcof.com.br\/blog\/wp-json\/wp\/v2\/users\/10"}],"replies":[{"embeddable":true,"href":"https:\/\/www.grupomedcof.com.br\/blog\/wp-json\/wp\/v2\/comments?post=6205"}],"version-history":[{"count":0,"href":"https:\/\/www.grupomedcof.com.br\/blog\/wp-json\/wp\/v2\/posts\/6205\/revisions"}],"wp:featuredmedia":[{"embeddable":true,"href":"https:\/\/www.grupomedcof.com.br\/blog\/wp-json\/wp\/v2\/media\/6286"}],"wp:attachment":[{"href":"https:\/\/www.grupomedcof.com.br\/blog\/wp-json\/wp\/v2\/media?parent=6205"}],"wp:term":[{"taxonomy":"category","embeddable":true,"href":"https:\/\/www.grupomedcof.com.br\/blog\/wp-json\/wp\/v2\/categories?post=6205"},{"taxonomy":"post_tag","embeddable":true,"href":"https:\/\/www.grupomedcof.com.br\/blog\/wp-json\/wp\/v2\/tags?post=6205"},{"taxonomy":"author","embeddable":true,"href":"https:\/\/www.grupomedcof.com.br\/blog\/wp-json\/wp\/v2\/ppma_author?post=6205"}],"curies":[{"name":"wp","href":"https:\/\/api.w.org\/{rel}","templated":true}]}}