{"id":6328,"date":"2025-06-21T08:59:47","date_gmt":"2025-06-21T11:59:47","guid":{"rendered":"https:\/\/www.grupomedcof.com.br\/blog\/?p=6328"},"modified":"2025-12-30T11:58:04","modified_gmt":"2025-12-30T14:58:04","slug":"asma-como-classificar-e-tratar","status":"publish","type":"post","link":"https:\/\/www.grupomedcof.com.br\/blog\/asma-como-classificar-e-tratar\/","title":{"rendered":"Crise de asma: fisiopatologia, quadro cl\u00ednico e como manejar exacerba\u00e7\u00f5es"},"content":{"rendered":"<div id=\"ez-toc-container\" class=\"ez-toc-v2_0_74 counter-hierarchy ez-toc-counter ez-toc-transparent ez-toc-container-direction\">\n<div class=\"ez-toc-title-container\">\n<p class=\"ez-toc-title\" style=\"cursor:inherit\">Sum\u00e1rio<\/p>\n<span class=\"ez-toc-title-toggle\"><a href=\"#\" class=\"ez-toc-pull-right ez-toc-btn ez-toc-btn-xs ez-toc-btn-default ez-toc-toggle\" aria-label=\"Alternar tabela de conte\u00fado\"><span class=\"ez-toc-js-icon-con\"><span class=\"\"><span class=\"eztoc-hide\" style=\"display:none;\">Toggle<\/span><span class=\"ez-toc-icon-toggle-span\"><svg style=\"fill: #999;color:#999\" xmlns=\"http:\/\/www.w3.org\/2000\/svg\" class=\"list-377408\" width=\"20px\" height=\"20px\" viewBox=\"0 0 24 24\" fill=\"none\"><path d=\"M6 6H4v2h2V6zm14 0H8v2h12V6zM4 11h2v2H4v-2zm16 0H8v2h12v-2zM4 16h2v2H4v-2zm16 0H8v2h12v-2z\" fill=\"currentColor\"><\/path><\/svg><svg style=\"fill: #999;color:#999\" class=\"arrow-unsorted-368013\" xmlns=\"http:\/\/www.w3.org\/2000\/svg\" width=\"10px\" height=\"10px\" viewBox=\"0 0 24 24\" version=\"1.2\" baseProfile=\"tiny\"><path d=\"M18.2 9.3l-6.2-6.3-6.2 6.3c-.2.2-.3.4-.3.7s.1.5.3.7c.2.2.4.3.7.3h11c.3 0 .5-.1.7-.3.2-.2.3-.5.3-.7s-.1-.5-.3-.7zM5.8 14.7l6.2 6.3 6.2-6.3c.2-.2.3-.5.3-.7s-.1-.5-.3-.7c-.2-.2-.4-.3-.7-.3h-11c-.3 0-.5.1-.7.3-.2.2-.3.5-.3.7s.1.5.3.7z\"\/><\/svg><\/span><\/span><\/span><\/a><\/span><\/div>\n<nav><ul class='ez-toc-list ez-toc-list-level-1 ' ><li class='ez-toc-page-1 ez-toc-heading-level-2'><a class=\"ez-toc-link ez-toc-heading-1\" href=\"https:\/\/www.grupomedcof.com.br\/blog\/asma-como-classificar-e-tratar\/#Fisiopatologia_da_crise_de_asma\" >Fisiopatologia da crise de asma<\/a><\/li><li class='ez-toc-page-1 ez-toc-heading-level-2'><a class=\"ez-toc-link ez-toc-heading-2\" href=\"https:\/\/www.grupomedcof.com.br\/blog\/asma-como-classificar-e-tratar\/#Quadro_clinico_e_sinais_de_gravidade\" >Quadro cl\u00ednico e sinais de gravidade<\/a><\/li><li class='ez-toc-page-1 ez-toc-heading-level-2'><a class=\"ez-toc-link ez-toc-heading-3\" href=\"https:\/\/www.grupomedcof.com.br\/blog\/asma-como-classificar-e-tratar\/#Classificacao_da_gravidade_da_crise_de_asma\" >Classifica\u00e7\u00e3o da gravidade da crise de asma<\/a><\/li><li class='ez-toc-page-1 ez-toc-heading-level-2'><a class=\"ez-toc-link ez-toc-heading-4\" href=\"https:\/\/www.grupomedcof.com.br\/blog\/asma-como-classificar-e-tratar\/#Manejo_da_crise_de_asma_na_emergencia\" >Manejo da crise de asma na emerg\u00eancia<\/a><ul class='ez-toc-list-level-3' ><li class='ez-toc-heading-level-3'><a class=\"ez-toc-link ez-toc-heading-5\" href=\"https:\/\/www.grupomedcof.com.br\/blog\/asma-como-classificar-e-tratar\/#Protocolo_de_abordagem_inicial\" >Protocolo de abordagem inicial<\/a><\/li><li class='ez-toc-page-1 ez-toc-heading-level-3'><a class=\"ez-toc-link ez-toc-heading-6\" href=\"https:\/\/www.grupomedcof.com.br\/blog\/asma-como-classificar-e-tratar\/#Quando_indicar_suporte_ventilatorio\" >Quando indicar suporte ventilat\u00f3rio?<\/a><\/li><\/ul><\/li><li class='ez-toc-page-1 ez-toc-heading-level-2'><a class=\"ez-toc-link ez-toc-heading-7\" href=\"https:\/\/www.grupomedcof.com.br\/blog\/asma-como-classificar-e-tratar\/#Fatores_desencadeantes_e_prevencao_de_novas_crises\" >Fatores desencadeantes e preven\u00e7\u00e3o de novas crises<\/a><\/li><li class='ez-toc-page-1 ez-toc-heading-level-2'><a class=\"ez-toc-link ez-toc-heading-8\" href=\"https:\/\/www.grupomedcof.com.br\/blog\/asma-como-classificar-e-tratar\/#Complicacoes_associadas_a_crise_de_asma\" >Complica\u00e7\u00f5es associadas \u00e0 crise de asma<\/a><\/li><li class='ez-toc-page-1 ez-toc-heading-level-2'><a class=\"ez-toc-link ez-toc-heading-9\" href=\"https:\/\/www.grupomedcof.com.br\/blog\/asma-como-classificar-e-tratar\/#Reavaliacao\" >Reavalia\u00e7\u00e3o<\/a><\/li><li class='ez-toc-page-1 ez-toc-heading-level-2'><a class=\"ez-toc-link ez-toc-heading-10\" href=\"https:\/\/www.grupomedcof.com.br\/blog\/asma-como-classificar-e-tratar\/#Como_a_MedCof_te_prepara_para_ser_um_medico_mais_completo\" >Como a MedCof te prepara para ser um m\u00e9dico mais completo?<\/a><\/li><\/ul><\/nav><\/div>\n\n<figure class=\"wp-block-image\"><img decoding=\"async\" src=\"https:\/\/www.grupomedcof.com.br\/blog\/wp-content\/uploads\/2023\/05\/saiba-mais-sobre-a-61-1024x576.png\" alt=\"asma, sintomas de asma, tratamento para asma, tratamentos para asma, tratamento de asma,\"\/><\/figure>\n\n\n\n<p>A <strong>crise de asma<\/strong> \u00e9 uma <strong>exacerba\u00e7\u00e3o aguda da asma<\/strong>, caracterizada por <strong>estreitamento revers\u00edvel das vias a\u00e9reas<\/strong>, que pode levar \u00e0 insufici\u00eancia respirat\u00f3ria se n\u00e3o for tratada rapidamente. Afeta milh\u00f5es de brasileiros e \u00e9 respons\u00e1vel por mais de <strong>350 mil interna\u00e7\u00f5es anuais<\/strong>, segundo o Minist\u00e9rio da Sa\u00fade, sendo considerada uma emerg\u00eancia m\u00e9dica potencialmente grave.<\/p>\n\n\n\n<h2 class=\"wp-block-heading\" id=\"h-fisiopatologia-da-crise-de-asma\"><span class=\"ez-toc-section\" id=\"Fisiopatologia_da_crise_de_asma\"><\/span><strong>Fisiopatologia da crise de asma<\/strong><span class=\"ez-toc-section-end\"><\/span><\/h2>\n\n\n\n<p>A asma \u00e9 uma <strong>doen\u00e7a inflamat\u00f3ria cr\u00f4nica<\/strong> com epis\u00f3dios de piora aguda. Durante a crise, ocorrem <strong>altera\u00e7\u00f5es fisiopatol\u00f3gicas<\/strong> que comprometem o fluxo a\u00e9reo:<\/p>\n\n\n\n<ul class=\"wp-block-list\">\n<li><strong>Hiperresponsividade br\u00f4nquica<\/strong> a est\u00edmulos como al\u00e9rgenos, v\u00edrus e poluentes;<\/li>\n\n\n\n<li><strong>Inflama\u00e7\u00e3o da mucosa br\u00f4nquica<\/strong>, com infiltra\u00e7\u00e3o de c\u00e9lulas inflamat\u00f3rias;<\/li>\n\n\n\n<li><strong>Broncoconstri\u00e7\u00e3o<\/strong>, resultando na redu\u00e7\u00e3o do calibre das vias a\u00e9reas;<\/li>\n\n\n\n<li><strong>Edema da mucosa<\/strong>, dificultando ainda mais a ventila\u00e7\u00e3o;<\/li>\n\n\n\n<li><strong>Aumento da secre\u00e7\u00e3o de muco<\/strong>, obstruindo o fluxo a\u00e9reo.<\/li>\n<\/ul>\n\n\n\n<p>Esses fatores provocam a <strong>obstru\u00e7\u00e3o revers\u00edvel das <\/strong><a href=\"https:\/\/www.grupomedcof.com.br\/blog\/55-especialidades-medicas\/\"><strong>vias a\u00e9reas<\/strong><\/a>, respons\u00e1vel pelos sintomas da crise.ons\u00e1vel pelos sintomas da crise.<\/p>\n\n\n\n<figure class=\"wp-block-image size-full\"><img loading=\"lazy\" decoding=\"async\" width=\"608\" height=\"560\" src=\"https:\/\/www.grupomedcof.com.br\/blog\/wp-content\/uploads\/2023\/05\/Asma1.jpg\" alt=\"\" class=\"wp-image-36259\" srcset=\"https:\/\/www.grupomedcof.com.br\/blog\/wp-content\/uploads\/2023\/05\/Asma1.jpg 608w, https:\/\/www.grupomedcof.com.br\/blog\/wp-content\/uploads\/2023\/05\/Asma1-300x276.jpg 300w, https:\/\/www.grupomedcof.com.br\/blog\/wp-content\/uploads\/2023\/05\/Asma1-456x420.jpg 456w, https:\/\/www.grupomedcof.com.br\/blog\/wp-content\/uploads\/2023\/05\/Asma1-150x138.jpg 150w\" sizes=\"auto, (max-width: 608px) 100vw, 608px\" \/><figcaption class=\"wp-element-caption\"><em>Fonte: <\/em><a href=\"https:\/\/drpereira.com.br\/?page_id=60\"><em>https:\/\/drpereira.com.br\/?page_id=60<\/em><\/a><\/figcaption><\/figure>\n\n\n\n<h2 class=\"wp-block-heading\"><span class=\"ez-toc-section\" id=\"Quadro_clinico_e_sinais_de_gravidade\"><\/span><strong>Quadro cl\u00ednico e sinais de gravidade<\/strong><span class=\"ez-toc-section-end\"><\/span><\/h2>\n\n\n\n<p>A crise pode variar de <strong>leve<\/strong> a <strong>grave<\/strong>. O reconhecimento dos sinais de alerta \u00e9 essencial para a <a href=\"https:\/\/aulas.grupomedcof.com.br\/atualizacoes-medicas-que-podem-definir-sua-aprovacao\"><strong>conduta adequada<\/strong><\/a>.<\/p>\n\n\n\n<p>Sintomas <strong>t\u00edpicos<\/strong>:<\/p>\n\n\n\n<ul class=\"wp-block-list\">\n<li>Dispneia;<\/li>\n\n\n\n<li>Tosse;<\/li>\n\n\n\n<li>Sibil\u00e2ncia;<\/li>\n\n\n\n<li>Sensa\u00e7\u00e3o de aperto tor\u00e1cico.<\/li>\n<\/ul>\n\n\n\n<p>Sinais de <strong>gravidade<\/strong>:<\/p>\n\n\n\n<ul class=\"wp-block-list\">\n<li>Uso da musculatura acess\u00f3ria para respirar;<\/li>\n\n\n\n<li>Fala entrecortada ou dificuldade para completar frases;<\/li>\n\n\n\n<li>Cianose;<\/li>\n\n\n\n<li>Rebaixamento do sens\u00f3rio;<\/li>\n\n\n\n<li>Sil\u00eancio auscultat\u00f3rio;<\/li>\n\n\n\n<li>Taquipn\u00e9ia intensa e agita\u00e7\u00e3o.<\/li>\n<\/ul>\n\n\n\n<h2 class=\"wp-block-heading\"><span class=\"ez-toc-section\" id=\"Classificacao_da_gravidade_da_crise_de_asma\"><\/span><strong>Classifica\u00e7\u00e3o da gravidade da crise de asma<\/strong><span class=\"ez-toc-section-end\"><\/span><\/h2>\n\n\n\n<p>A estratifica\u00e7\u00e3o da crise orienta o <strong>manejo na emerg\u00eancia<\/strong>:<\/p>\n\n\n\n<figure class=\"wp-block-table\"><table class=\"has-fixed-layout\"><tbody><tr><td><\/td><td><strong>Leve<\/strong><\/td><td><strong>Moderada<\/strong><\/td><td><strong>Grave<\/strong><\/td><\/tr><tr><td><strong>Frequ\u00eancia respirat\u00f3ria<\/strong><\/td><td>Aumentada<\/td><td>Aumentada<\/td><td>Aumentada<\/td><\/tr><tr><td><strong>Frequ\u00eancia card\u00edaca<\/strong><\/td><td>Normal<\/td><td>Aumentada<\/td><td>Aumentada<\/td><\/tr><tr><td><strong>Consci\u00eancia<\/strong><\/td><td>Normal\/agitado<\/td><td>Agitado<\/td><td>Agitado<\/td><\/tr><tr><td><strong>Esfor\u00e7o musculatura<\/strong><\/td><td><\/td><td><\/td><td><\/td><\/tr><tr><td><strong>Acess\u00f3ria<\/strong><\/td><td>N\u00e3o<\/td><td>Sim<\/td><td>Sim<\/td><\/tr><tr><td><strong>Fala<\/strong><\/td><td>Normal<\/td><td>Frases<\/td><td>Palavras<\/td><\/tr><tr><td><strong>Dispn\u00e9ia<\/strong><\/td><td>Andar<\/td><td>Falar<\/td><td>Em repouso n\u00e3o alimenta<\/td><\/tr><tr><td><strong>Sentar\/deitar<\/strong><\/td><td>Consegue deitar<\/td><td>Prefere sentar<\/td><td>Curva-se para frente<\/td><\/tr><tr><td><strong>Sibilos<\/strong><\/td><td>Expirat\u00f3rios<\/td><td>Ins e expirat\u00f3rios<\/td><td>Sil\u00eancio<\/td><\/tr><tr><td><strong>PFE ap\u00f3s Bd<\/strong><\/td><td>&gt;80%<\/td><td>60-80%<\/td><td>&lt;60%<\/td><\/tr><tr><td><strong>SpO\u2082<\/strong><\/td><td>&gt;95%<\/td><td>91-95%<\/td><td>&lt;90%<\/td><\/tr><tr><td><strong>PaCO\u2082<\/strong><\/td><td>Normal<\/td><td>Normal<\/td><td>&gt;45mmHg<\/td><\/tr><\/tbody><\/table><\/figure>\n\n\n\n<p>Fonte: Revista M\u00e9dica de Minas Gerais \u2013 <a href=\"https:\/\/rmmg.org\/artigo\/detalhes\/1256\">https:\/\/rmmg.org\/artigo\/detalhes\/1256<\/a><\/p>\n\n\n\n<h2 class=\"wp-block-heading\"><span class=\"ez-toc-section\" id=\"Manejo_da_crise_de_asma_na_emergencia\"><\/span><strong>Manejo da crise de asma na emerg\u00eancia<\/strong><span class=\"ez-toc-section-end\"><\/span><\/h2>\n\n\n\n<p>O tratamento visa <strong>reverter a obstru\u00e7\u00e3o das vias a\u00e9reas<\/strong> e garantir <strong>oxigena\u00e7\u00e3o adequada<\/strong>.<\/p>\n\n\n\n<h3 class=\"wp-block-heading\"><span class=\"ez-toc-section\" id=\"Protocolo_de_abordagem_inicial\"><\/span>Protocolo de abordagem inicial<span class=\"ez-toc-section-end\"><\/span><\/h3>\n\n\n\n<ol class=\"wp-block-list\">\n<li>Avalia\u00e7\u00e3o cl\u00ednica r\u00e1pida (FR, SatO\u2082, PFE, sens\u00f3rio);<\/li>\n\n\n\n<li>Oxigenoterapia se <strong>SatO\u2082 &lt; 94%<\/strong>;<\/li>\n\n\n\n<li>Broncodilatadores de curta a\u00e7\u00e3o;<\/li>\n\n\n\n<li><strong>Corticoide<\/strong> sist\u00eamico;<\/li>\n\n\n\n<li>Monitoriza\u00e7\u00e3o <strong>cont\u00ednua<\/strong> dos sinais vitais e <strong>reavalia\u00e7\u00e3o ap\u00f3s 20 minutos<\/strong>;<\/li>\n\n\n\n<li>Considerar <strong>sulfato de magn\u00e9sio EV<\/strong> em <strong>crises graves<\/strong>.<\/li>\n<\/ol>\n\n\n\n<h3 class=\"wp-block-heading\"><span class=\"ez-toc-section\" id=\"Quando_indicar_suporte_ventilatorio\"><\/span>Quando indicar suporte ventilat\u00f3rio?<span class=\"ez-toc-section-end\"><\/span><\/h3>\n\n\n\n<p>A necessidade de <strong>VNI<\/strong> ou <strong>IOT<\/strong> surge em pacientes com risco de <strong>exaust\u00e3o respirat\u00f3ria<\/strong>.<\/p>\n\n\n\n<p>Indica\u00e7\u00f5es de <strong>VNI<\/strong> (ventila\u00e7\u00e3o n\u00e3o invasiva):<\/p>\n\n\n\n<ul class=\"wp-block-list\">\n<li>Hipoxemia persistente com <strong>SatO\u2082 &lt; 90%<\/strong>;<\/li>\n\n\n\n<li>Dispneia grave com <strong>esfor\u00e7o respirat\u00f3rio<\/strong>;<\/li>\n\n\n\n<li>Alerta e colaborativo.<\/li>\n<\/ul>\n\n\n\n<p>Indica\u00e7\u00f5es de <strong>IOT<\/strong> (intuba\u00e7\u00e3o orotraqueal):<\/p>\n\n\n\n<ul class=\"wp-block-list\">\n<li><strong>Rebaixamento<\/strong> do n\u00edvel de consci\u00eancia;<\/li>\n\n\n\n<li><strong>Exaust\u00e3o respirat\u00f3ria<\/strong> evidente;<\/li>\n\n\n\n<li><strong>Hipoxemia refrat\u00e1ria \u00e0 VNI<\/strong> e oxigenoterapia;<\/li>\n\n\n\n<li>Sil\u00eancio <strong>auscultat\u00f3rio<\/strong> e <strong>deteriora\u00e7\u00e3o cl\u00ednica<\/strong>.<\/li>\n<\/ul>\n\n\n\n<h2 class=\"wp-block-heading\"><span class=\"ez-toc-section\" id=\"Fatores_desencadeantes_e_prevencao_de_novas_crises\"><\/span><strong>Fatores desencadeantes e preven\u00e7\u00e3o de novas crises<\/strong><span class=\"ez-toc-section-end\"><\/span><\/h2>\n\n\n\n<p>Conhecer os <strong>gatilhos da crise<\/strong> \u00e9 <a href=\"https:\/\/www.grupomedcof.com.br\/blog\/o-que-e-enare\/\"><strong>essencial<\/strong><\/a> para o controle da asma.<\/p>\n\n\n\n<p>Fatores <strong>desencadeantes<\/strong>:<\/p>\n\n\n\n<ul class=\"wp-block-list\">\n<li>Infec\u00e7\u00f5es respirat\u00f3rias virais;<\/li>\n\n\n\n<li>Exposi\u00e7\u00e3o e al\u00e9rgenos (\u00e1caros, p\u00f3len, pelos de animais);<\/li>\n\n\n\n<li>Polui\u00e7\u00e3o e fuma\u00e7a de cigarro;<\/li>\n\n\n\n<li>Mudan\u00e7as clim\u00e1ticas;<\/li>\n\n\n\n<li>Exerc\u00edcio intenso e estresse emocional.<\/li>\n<\/ul>\n\n\n\n<p>Medidas de <strong>preven\u00e7\u00e3o<\/strong>:<\/p>\n\n\n\n<ul class=\"wp-block-list\">\n<li>Controle ambiental (higieniza\u00e7\u00e3o e ventila\u00e7\u00e3o do ambiente);<\/li>\n\n\n\n<li>Ades\u00e3o ao tratamento de manuten\u00e7\u00e3o (corticoide inalat\u00f3rio);<\/li>\n\n\n\n<li>Plano de a\u00e7\u00e3o escrito;<\/li>\n\n\n\n<li>Vacina\u00e7\u00e3o atualizada (Influenza, Covid-19, pneumococo);<\/li>\n\n\n\n<li>Educa\u00e7\u00e3o do paciente sobre sintomas e condutas.<\/li>\n<\/ul>\n\n\n\n<h2 class=\"wp-block-heading\"><span class=\"ez-toc-section\" id=\"Complicacoes_associadas_a_crise_de_asma\"><\/span><strong>Complica\u00e7\u00f5es associadas \u00e0 crise de asma<\/strong><span class=\"ez-toc-section-end\"><\/span><\/h2>\n\n\n\n<p>Crises n\u00e3o tratadas adequadamente podem evoluir para <strong>complica\u00e7\u00f5es graves<\/strong>:<\/p>\n\n\n\n<ul class=\"wp-block-list\">\n<li>Insufici\u00eancia respirat\u00f3ria aguda;<\/li>\n\n\n\n<li>Pneumot\u00f3rax;<\/li>\n\n\n\n<li>Acidose respirat\u00f3ria;<\/li>\n\n\n\n<li>Necessidade de intuba\u00e7\u00e3o orotraqueal (IOT);<\/li>\n\n\n\n<li>Parada respirat\u00f3ria e \u00f3bito.<\/li>\n<\/ul>\n\n\n\n<h2 class=\"wp-block-heading\"><span class=\"ez-toc-section\" id=\"Reavaliacao\"><\/span><strong>Reavalia\u00e7\u00e3o<\/strong><span class=\"ez-toc-section-end\"><\/span><\/h2>\n\n\n\n<p>Desse modo, paciente deve ser reavaliado progressivamente na primeira hora e seu PFE deve ser reavalido. Se PFE entre 60-80% + melhora, podemos programar a alta + prescri\u00e7\u00e3o para casa. Se PFE &lt; 60% + aus\u00eancia de melhora, devemos considerar o internamento.<\/p>\n\n\n\n<p>E agora? Se sente preparado para manejar um caso de crise asm\u00e1tica? Ent\u00e3o, lembre-se de anotar as dicas de prescri\u00e7\u00e3o! Bons estudos.<\/p>\n\n\n\n<h2 class=\"wp-block-heading\"><span class=\"ez-toc-section\" id=\"Como_a_MedCof_te_prepara_para_ser_um_medico_mais_completo\"><\/span><strong>Como a MedCof te prepara para ser um m\u00e9dico mais completo?<\/strong><span class=\"ez-toc-section-end\"><\/span><\/h2>\n\n\n\n<p>Quer alcan\u00e7ar a aprova\u00e7\u00e3o nas provas de <a href=\"https:\/\/www.grupomedcof.com.br\/blog\/o-que-e-residencia-medica\/\"><strong>resid\u00eancia m\u00e9dica<\/strong><\/a>? Ent\u00e3o voc\u00ea precisa <a href=\"https:\/\/www.grupomedcof.com.br\/home\/?page=sobre-nos\"><strong>conhecer<\/strong><\/a> o <strong>Grupo MedCof<\/strong>!<br>Sendo um <a href=\"https:\/\/www.grupomedcof.com.br\/home\/\"><strong>MedCofer<\/strong><\/a>, te ajudaremos na busca da aprova\u00e7\u00e3o com conte\u00fados de qualidade e uma metodologia que j\u00e1 aprovou mais de 10 mil residentes no pa\u00eds!<\/p>\n\n\n\n<figure class=\"wp-block-embed is-type-video is-provider-youtube wp-block-embed-youtube wp-embed-aspect-16-9 wp-has-aspect-ratio\"><div class=\"wp-block-embed__wrapper\">\n<iframe loading=\"lazy\" title=\"Entendendo a Asma: Causas, Sintomas e Tratamentos. Com Dr. Rafael Miranda\" width=\"696\" height=\"392\" src=\"https:\/\/www.youtube.com\/embed\/IDrK4NmJ4Qo?feature=oembed\" frameborder=\"0\" allow=\"accelerometer; autoplay; clipboard-write; encrypted-media; gyroscope; picture-in-picture; web-share\" referrerpolicy=\"strict-origin-when-cross-origin\" allowfullscreen><\/iframe>\n<\/div><\/figure>\n\n\n\n<p><\/p>\n","protected":false},"excerpt":{"rendered":"<p>Aprenda fisiopatologia, sinais de gravidade e conduta na crise de asma. Veja como manejar na emerg\u00eancia e se preparar com a MedCof.<\/p>\n","protected":false},"author":10,"featured_media":6332,"comment_status":"open","ping_status":"open","sticky":false,"template":"","format":"standard","meta":{"footnotes":""},"categories":[89],"tags":[186,93,185],"ppma_author":[3613],"class_list":{"0":"post-6328","1":"post","2":"type-post","3":"status-publish","4":"format-standard","5":"has-post-thumbnail","7":"category-pneumologia","8":"tag-asma","9":"tag-especialidades-medicas","10":"tag-pneumologia"},"yoast_head":"<!-- This site is optimized with the Yoast SEO Premium plugin v24.3 (Yoast SEO v27.4) - https:\/\/yoast.com\/product\/yoast-seo-premium-wordpress\/ -->\n<title>Crise de asma: tratamento, fisiopatologia e gravidade<\/title>\n<meta name=\"description\" content=\"Aprenda fisiopatologia, sinais de gravidade e conduta na crise de asma. Veja como manejar na emerg\u00eancia e se preparar com a MedCof.\" \/>\n<meta name=\"robots\" content=\"index, follow, max-snippet:-1, max-image-preview:large, max-video-preview:-1\" \/>\n<link rel=\"canonical\" href=\"https:\/\/www.grupomedcof.com.br\/blog\/asma-como-classificar-e-tratar\/\" \/>\n<meta property=\"og:locale\" content=\"pt_BR\" \/>\n<meta property=\"og:type\" content=\"article\" \/>\n<meta property=\"og:title\" content=\"Crise de asma: fisiopatologia, quadro cl\u00ednico e como manejar exacerba\u00e7\u00f5es\" \/>\n<meta property=\"og:description\" content=\"Aprenda fisiopatologia, sinais de gravidade e conduta na crise de asma. Veja como manejar na emerg\u00eancia e se preparar com a MedCof.\" \/>\n<meta property=\"og:url\" content=\"https:\/\/www.grupomedcof.com.br\/blog\/asma-como-classificar-e-tratar\/\" \/>\n<meta property=\"og:site_name\" content=\"Blog de Medcof: conte\u00fados, editais, revalida e mais!\" \/>\n<meta property=\"article:publisher\" content=\"https:\/\/www.facebook.com\/MedCofQbank\/\" \/>\n<meta property=\"article:published_time\" content=\"2025-06-21T11:59:47+00:00\" \/>\n<meta property=\"article:modified_time\" content=\"2025-12-30T14:58:04+00:00\" \/>\n<meta property=\"og:image\" content=\"https:\/\/www.grupomedcof.com.br\/blog\/wp-content\/uploads\/2023\/05\/saiba-mais-sobre-a-61-1024x576.png\" \/>\n\t<meta property=\"og:image:width\" content=\"1024\" \/>\n\t<meta property=\"og:image:height\" content=\"576\" \/>\n\t<meta property=\"og:image:type\" content=\"image\/png\" \/>\n<meta name=\"author\" content=\"Grupo MedCof\" \/>\n<meta name=\"twitter:card\" content=\"summary_large_image\" \/>\n<meta name=\"twitter:label1\" content=\"Escrito por\" \/>\n\t<meta name=\"twitter:data1\" content=\"Grupo MedCof\" \/>\n\t<meta name=\"twitter:label2\" content=\"Est. tempo de leitura\" \/>\n\t<meta name=\"twitter:data2\" content=\"5 minutos\" \/>\n<script type=\"application\/ld+json\" class=\"yoast-schema-graph\">{\"@context\":\"https:\\\/\\\/schema.org\",\"@graph\":[{\"@type\":\"Article\",\"@id\":\"https:\\\/\\\/www.grupomedcof.com.br\\\/blog\\\/asma-como-classificar-e-tratar\\\/#article\",\"isPartOf\":{\"@id\":\"https:\\\/\\\/www.grupomedcof.com.br\\\/blog\\\/asma-como-classificar-e-tratar\\\/\"},\"author\":{\"name\":\"Grupo MedCof\",\"@id\":\"https:\\\/\\\/www.grupomedcof.com.br\\\/blog\\\/#\\\/schema\\\/person\\\/5e56a3921255c01181f3d8c20d53f9c0\"},\"headline\":\"Crise de asma: fisiopatologia, quadro cl\u00ednico e como manejar exacerba\u00e7\u00f5es\",\"datePublished\":\"2025-06-21T11:59:47+00:00\",\"dateModified\":\"2025-12-30T14:58:04+00:00\",\"mainEntityOfPage\":{\"@id\":\"https:\\\/\\\/www.grupomedcof.com.br\\\/blog\\\/asma-como-classificar-e-tratar\\\/\"},\"wordCount\":800,\"commentCount\":0,\"publisher\":{\"@id\":\"https:\\\/\\\/www.grupomedcof.com.br\\\/blog\\\/#organization\"},\"image\":{\"@id\":\"https:\\\/\\\/www.grupomedcof.com.br\\\/blog\\\/asma-como-classificar-e-tratar\\\/#primaryimage\"},\"thumbnailUrl\":\"https:\\\/\\\/www.grupomedcof.com.br\\\/blog\\\/wp-content\\\/uploads\\\/2023\\\/05\\\/saiba-mais-sobre-a-61.png\",\"keywords\":[\"Asma\",\"Especialidades m\u00e9dicas\",\"Pneumologia\"],\"articleSection\":[\"Pneumologia\"],\"inLanguage\":\"pt-BR\"},{\"@type\":\"WebPage\",\"@id\":\"https:\\\/\\\/www.grupomedcof.com.br\\\/blog\\\/asma-como-classificar-e-tratar\\\/\",\"url\":\"https:\\\/\\\/www.grupomedcof.com.br\\\/blog\\\/asma-como-classificar-e-tratar\\\/\",\"name\":\"Crise de asma: tratamento, fisiopatologia e gravidade\",\"isPartOf\":{\"@id\":\"https:\\\/\\\/www.grupomedcof.com.br\\\/blog\\\/#website\"},\"primaryImageOfPage\":{\"@id\":\"https:\\\/\\\/www.grupomedcof.com.br\\\/blog\\\/asma-como-classificar-e-tratar\\\/#primaryimage\"},\"image\":{\"@id\":\"https:\\\/\\\/www.grupomedcof.com.br\\\/blog\\\/asma-como-classificar-e-tratar\\\/#primaryimage\"},\"thumbnailUrl\":\"https:\\\/\\\/www.grupomedcof.com.br\\\/blog\\\/wp-content\\\/uploads\\\/2023\\\/05\\\/saiba-mais-sobre-a-61.png\",\"datePublished\":\"2025-06-21T11:59:47+00:00\",\"dateModified\":\"2025-12-30T14:58:04+00:00\",\"description\":\"Aprenda fisiopatologia, sinais de gravidade e conduta na crise de asma. Veja como manejar na emerg\u00eancia e se preparar com a MedCof.\",\"breadcrumb\":{\"@id\":\"https:\\\/\\\/www.grupomedcof.com.br\\\/blog\\\/asma-como-classificar-e-tratar\\\/#breadcrumb\"},\"inLanguage\":\"pt-BR\",\"potentialAction\":[{\"@type\":\"ReadAction\",\"target\":[\"https:\\\/\\\/www.grupomedcof.com.br\\\/blog\\\/asma-como-classificar-e-tratar\\\/\"]}]},{\"@type\":\"ImageObject\",\"inLanguage\":\"pt-BR\",\"@id\":\"https:\\\/\\\/www.grupomedcof.com.br\\\/blog\\\/asma-como-classificar-e-tratar\\\/#primaryimage\",\"url\":\"https:\\\/\\\/www.grupomedcof.com.br\\\/blog\\\/wp-content\\\/uploads\\\/2023\\\/05\\\/saiba-mais-sobre-a-61.png\",\"contentUrl\":\"https:\\\/\\\/www.grupomedcof.com.br\\\/blog\\\/wp-content\\\/uploads\\\/2023\\\/05\\\/saiba-mais-sobre-a-61.png\",\"width\":2560,\"height\":1440,\"caption\":\"Relembre neste artigo como classificar e tratar a asma, bem como o que envolve um quadro de asma n\u00e3o controlada, parcialmente ou controlada.\"},{\"@type\":\"BreadcrumbList\",\"@id\":\"https:\\\/\\\/www.grupomedcof.com.br\\\/blog\\\/asma-como-classificar-e-tratar\\\/#breadcrumb\",\"itemListElement\":[{\"@type\":\"ListItem\",\"position\":1,\"name\":\"In\u00edcio\",\"item\":\"https:\\\/\\\/www.grupomedcof.com.br\\\/blog\\\/\"},{\"@type\":\"ListItem\",\"position\":2,\"name\":\"Crise de asma: fisiopatologia, quadro cl\u00ednico e como manejar exacerba\u00e7\u00f5es\"}]},{\"@type\":\"WebSite\",\"@id\":\"https:\\\/\\\/www.grupomedcof.com.br\\\/blog\\\/#website\",\"url\":\"https:\\\/\\\/www.grupomedcof.com.br\\\/blog\\\/\",\"name\":\"Blog de Medcof: conte\u00fados, editais, revalida e mais!\",\"description\":\"Acesso o blog de MedCof! Seu portal de conte\u00fados sobre resid\u00eancia m\u00e9dica, an\u00e1lise e editais e muito mais. Clique e confira!\",\"publisher\":{\"@id\":\"https:\\\/\\\/www.grupomedcof.com.br\\\/blog\\\/#organization\"},\"alternateName\":\"Blog de Medcof: conte\u00fados, editais, revalida e mais!\",\"potentialAction\":[{\"@type\":\"SearchAction\",\"target\":{\"@type\":\"EntryPoint\",\"urlTemplate\":\"https:\\\/\\\/www.grupomedcof.com.br\\\/blog\\\/?s={search_term_string}\"},\"query-input\":{\"@type\":\"PropertyValueSpecification\",\"valueRequired\":true,\"valueName\":\"search_term_string\"}}],\"inLanguage\":\"pt-BR\"},{\"@type\":\"Organization\",\"@id\":\"https:\\\/\\\/www.grupomedcof.com.br\\\/blog\\\/#organization\",\"name\":\"Grupo MedCof\",\"url\":\"https:\\\/\\\/www.grupomedcof.com.br\\\/blog\\\/\",\"logo\":{\"@type\":\"ImageObject\",\"inLanguage\":\"pt-BR\",\"@id\":\"https:\\\/\\\/www.grupomedcof.com.br\\\/blog\\\/#\\\/schema\\\/logo\\\/image\\\/\",\"url\":\"https:\\\/\\\/www.grupomedcof.com.br\\\/blog\\\/wp-content\\\/uploads\\\/2022\\\/01\\\/logo-medcof.png\",\"contentUrl\":\"https:\\\/\\\/www.grupomedcof.com.br\\\/blog\\\/wp-content\\\/uploads\\\/2022\\\/01\\\/logo-medcof.png\",\"width\":768,\"height\":269,\"caption\":\"Grupo MedCof\"},\"image\":{\"@id\":\"https:\\\/\\\/www.grupomedcof.com.br\\\/blog\\\/#\\\/schema\\\/logo\\\/image\\\/\"},\"sameAs\":[\"https:\\\/\\\/www.facebook.com\\\/MedCofQbank\\\/\",\"https:\\\/\\\/www.instagram.com\\\/grupomedcof\\\/\",\"https:\\\/\\\/br.linkedin.com\\\/company\\\/medcof\",\"https:\\\/\\\/www.youtube.com\\\/channel\\\/UCdHMuOHKICxcHwecxN8P-AA\"]},{\"@type\":\"Person\",\"@id\":\"https:\\\/\\\/www.grupomedcof.com.br\\\/blog\\\/#\\\/schema\\\/person\\\/5e56a3921255c01181f3d8c20d53f9c0\",\"name\":\"Grupo MedCof\",\"image\":{\"@type\":\"ImageObject\",\"inLanguage\":\"pt-BR\",\"@id\":\"https:\\\/\\\/www.grupomedcof.com.br\\\/blog\\\/wp-content\\\/uploads\\\/2023\\\/04\\\/cropped-cropped-cropped-cropped-logo-96x96.png28585d174f19c23095510da5f63bc127\",\"url\":\"https:\\\/\\\/www.grupomedcof.com.br\\\/blog\\\/wp-content\\\/uploads\\\/2023\\\/04\\\/cropped-cropped-cropped-cropped-logo-96x96.png\",\"contentUrl\":\"https:\\\/\\\/www.grupomedcof.com.br\\\/blog\\\/wp-content\\\/uploads\\\/2023\\\/04\\\/cropped-cropped-cropped-cropped-logo-96x96.png\",\"caption\":\"Grupo MedCof\"},\"description\":\"Tendo aulas baseadas em quest\u00f5es, + de 115 subespecialistas dispon\u00edveis e uma metodologia \u00fanica, voc\u00ea pode se juntar ao nosso time que conta com mais de 10 mil ...\",\"url\":\"https:\\\/\\\/www.grupomedcof.com.br\\\/blog\\\/author\\\/grupo-medcof\\\/\"}]}<\/script>\n<!-- \/ Yoast SEO Premium plugin. -->","yoast_head_json":{"title":"Crise de asma: tratamento, fisiopatologia e gravidade","description":"Aprenda fisiopatologia, sinais de gravidade e conduta na crise de asma. Veja como manejar na emerg\u00eancia e se preparar com a MedCof.","robots":{"index":"index","follow":"follow","max-snippet":"max-snippet:-1","max-image-preview":"max-image-preview:large","max-video-preview":"max-video-preview:-1"},"canonical":"https:\/\/www.grupomedcof.com.br\/blog\/asma-como-classificar-e-tratar\/","og_locale":"pt_BR","og_type":"article","og_title":"Crise de asma: fisiopatologia, quadro cl\u00ednico e como manejar exacerba\u00e7\u00f5es","og_description":"Aprenda fisiopatologia, sinais de gravidade e conduta na crise de asma. Veja como manejar na emerg\u00eancia e se preparar com a MedCof.","og_url":"https:\/\/www.grupomedcof.com.br\/blog\/asma-como-classificar-e-tratar\/","og_site_name":"Blog de Medcof: conte\u00fados, editais, revalida e mais!","article_publisher":"https:\/\/www.facebook.com\/MedCofQbank\/","article_published_time":"2025-06-21T11:59:47+00:00","article_modified_time":"2025-12-30T14:58:04+00:00","og_image":[{"width":1024,"height":576,"url":"https:\/\/www.grupomedcof.com.br\/blog\/wp-content\/uploads\/2023\/05\/saiba-mais-sobre-a-61-1024x576.png","type":"image\/png"}],"author":"Grupo MedCof","twitter_card":"summary_large_image","twitter_misc":{"Escrito por":"Grupo MedCof","Est. tempo de leitura":"5 minutos"},"schema":{"@context":"https:\/\/schema.org","@graph":[{"@type":"Article","@id":"https:\/\/www.grupomedcof.com.br\/blog\/asma-como-classificar-e-tratar\/#article","isPartOf":{"@id":"https:\/\/www.grupomedcof.com.br\/blog\/asma-como-classificar-e-tratar\/"},"author":{"name":"Grupo MedCof","@id":"https:\/\/www.grupomedcof.com.br\/blog\/#\/schema\/person\/5e56a3921255c01181f3d8c20d53f9c0"},"headline":"Crise de asma: fisiopatologia, quadro cl\u00ednico e como manejar exacerba\u00e7\u00f5es","datePublished":"2025-06-21T11:59:47+00:00","dateModified":"2025-12-30T14:58:04+00:00","mainEntityOfPage":{"@id":"https:\/\/www.grupomedcof.com.br\/blog\/asma-como-classificar-e-tratar\/"},"wordCount":800,"commentCount":0,"publisher":{"@id":"https:\/\/www.grupomedcof.com.br\/blog\/#organization"},"image":{"@id":"https:\/\/www.grupomedcof.com.br\/blog\/asma-como-classificar-e-tratar\/#primaryimage"},"thumbnailUrl":"https:\/\/www.grupomedcof.com.br\/blog\/wp-content\/uploads\/2023\/05\/saiba-mais-sobre-a-61.png","keywords":["Asma","Especialidades m\u00e9dicas","Pneumologia"],"articleSection":["Pneumologia"],"inLanguage":"pt-BR"},{"@type":"WebPage","@id":"https:\/\/www.grupomedcof.com.br\/blog\/asma-como-classificar-e-tratar\/","url":"https:\/\/www.grupomedcof.com.br\/blog\/asma-como-classificar-e-tratar\/","name":"Crise de asma: tratamento, fisiopatologia e gravidade","isPartOf":{"@id":"https:\/\/www.grupomedcof.com.br\/blog\/#website"},"primaryImageOfPage":{"@id":"https:\/\/www.grupomedcof.com.br\/blog\/asma-como-classificar-e-tratar\/#primaryimage"},"image":{"@id":"https:\/\/www.grupomedcof.com.br\/blog\/asma-como-classificar-e-tratar\/#primaryimage"},"thumbnailUrl":"https:\/\/www.grupomedcof.com.br\/blog\/wp-content\/uploads\/2023\/05\/saiba-mais-sobre-a-61.png","datePublished":"2025-06-21T11:59:47+00:00","dateModified":"2025-12-30T14:58:04+00:00","description":"Aprenda fisiopatologia, sinais de gravidade e conduta na crise de asma. Veja como manejar na emerg\u00eancia e se preparar com a MedCof.","breadcrumb":{"@id":"https:\/\/www.grupomedcof.com.br\/blog\/asma-como-classificar-e-tratar\/#breadcrumb"},"inLanguage":"pt-BR","potentialAction":[{"@type":"ReadAction","target":["https:\/\/www.grupomedcof.com.br\/blog\/asma-como-classificar-e-tratar\/"]}]},{"@type":"ImageObject","inLanguage":"pt-BR","@id":"https:\/\/www.grupomedcof.com.br\/blog\/asma-como-classificar-e-tratar\/#primaryimage","url":"https:\/\/www.grupomedcof.com.br\/blog\/wp-content\/uploads\/2023\/05\/saiba-mais-sobre-a-61.png","contentUrl":"https:\/\/www.grupomedcof.com.br\/blog\/wp-content\/uploads\/2023\/05\/saiba-mais-sobre-a-61.png","width":2560,"height":1440,"caption":"Relembre neste artigo como classificar e tratar a asma, bem como o que envolve um quadro de asma n\u00e3o controlada, parcialmente ou controlada."},{"@type":"BreadcrumbList","@id":"https:\/\/www.grupomedcof.com.br\/blog\/asma-como-classificar-e-tratar\/#breadcrumb","itemListElement":[{"@type":"ListItem","position":1,"name":"In\u00edcio","item":"https:\/\/www.grupomedcof.com.br\/blog\/"},{"@type":"ListItem","position":2,"name":"Crise de asma: fisiopatologia, quadro cl\u00ednico e como manejar exacerba\u00e7\u00f5es"}]},{"@type":"WebSite","@id":"https:\/\/www.grupomedcof.com.br\/blog\/#website","url":"https:\/\/www.grupomedcof.com.br\/blog\/","name":"Blog de Medcof: conte\u00fados, editais, revalida e mais!","description":"Acesso o blog de MedCof! Seu portal de conte\u00fados sobre resid\u00eancia m\u00e9dica, an\u00e1lise e editais e muito mais. Clique e confira!","publisher":{"@id":"https:\/\/www.grupomedcof.com.br\/blog\/#organization"},"alternateName":"Blog de Medcof: conte\u00fados, editais, revalida e mais!","potentialAction":[{"@type":"SearchAction","target":{"@type":"EntryPoint","urlTemplate":"https:\/\/www.grupomedcof.com.br\/blog\/?s={search_term_string}"},"query-input":{"@type":"PropertyValueSpecification","valueRequired":true,"valueName":"search_term_string"}}],"inLanguage":"pt-BR"},{"@type":"Organization","@id":"https:\/\/www.grupomedcof.com.br\/blog\/#organization","name":"Grupo MedCof","url":"https:\/\/www.grupomedcof.com.br\/blog\/","logo":{"@type":"ImageObject","inLanguage":"pt-BR","@id":"https:\/\/www.grupomedcof.com.br\/blog\/#\/schema\/logo\/image\/","url":"https:\/\/www.grupomedcof.com.br\/blog\/wp-content\/uploads\/2022\/01\/logo-medcof.png","contentUrl":"https:\/\/www.grupomedcof.com.br\/blog\/wp-content\/uploads\/2022\/01\/logo-medcof.png","width":768,"height":269,"caption":"Grupo MedCof"},"image":{"@id":"https:\/\/www.grupomedcof.com.br\/blog\/#\/schema\/logo\/image\/"},"sameAs":["https:\/\/www.facebook.com\/MedCofQbank\/","https:\/\/www.instagram.com\/grupomedcof\/","https:\/\/br.linkedin.com\/company\/medcof","https:\/\/www.youtube.com\/channel\/UCdHMuOHKICxcHwecxN8P-AA"]},{"@type":"Person","@id":"https:\/\/www.grupomedcof.com.br\/blog\/#\/schema\/person\/5e56a3921255c01181f3d8c20d53f9c0","name":"Grupo MedCof","image":{"@type":"ImageObject","inLanguage":"pt-BR","@id":"https:\/\/www.grupomedcof.com.br\/blog\/wp-content\/uploads\/2023\/04\/cropped-cropped-cropped-cropped-logo-96x96.png28585d174f19c23095510da5f63bc127","url":"https:\/\/www.grupomedcof.com.br\/blog\/wp-content\/uploads\/2023\/04\/cropped-cropped-cropped-cropped-logo-96x96.png","contentUrl":"https:\/\/www.grupomedcof.com.br\/blog\/wp-content\/uploads\/2023\/04\/cropped-cropped-cropped-cropped-logo-96x96.png","caption":"Grupo MedCof"},"description":"Tendo aulas baseadas em quest\u00f5es, + de 115 subespecialistas dispon\u00edveis e uma metodologia \u00fanica, voc\u00ea pode se juntar ao nosso time que conta com mais de 10 mil ...","url":"https:\/\/www.grupomedcof.com.br\/blog\/author\/grupo-medcof\/"}]}},"authors":[{"term_id":3613,"user_id":10,"is_guest":0,"slug":"grupo-medcof","display_name":"Grupo MedCof","avatar_url":"https:\/\/www.grupomedcof.com.br\/blog\/wp-content\/uploads\/2023\/04\/cropped-cropped-cropped-cropped-logo-96x96.png","0":null,"1":"","2":"","3":"","4":"","5":"","6":"","7":"","8":""}],"_links":{"self":[{"href":"https:\/\/www.grupomedcof.com.br\/blog\/wp-json\/wp\/v2\/posts\/6328","targetHints":{"allow":["GET"]}}],"collection":[{"href":"https:\/\/www.grupomedcof.com.br\/blog\/wp-json\/wp\/v2\/posts"}],"about":[{"href":"https:\/\/www.grupomedcof.com.br\/blog\/wp-json\/wp\/v2\/types\/post"}],"author":[{"embeddable":true,"href":"https:\/\/www.grupomedcof.com.br\/blog\/wp-json\/wp\/v2\/users\/10"}],"replies":[{"embeddable":true,"href":"https:\/\/www.grupomedcof.com.br\/blog\/wp-json\/wp\/v2\/comments?post=6328"}],"version-history":[{"count":2,"href":"https:\/\/www.grupomedcof.com.br\/blog\/wp-json\/wp\/v2\/posts\/6328\/revisions"}],"predecessor-version":[{"id":40471,"href":"https:\/\/www.grupomedcof.com.br\/blog\/wp-json\/wp\/v2\/posts\/6328\/revisions\/40471"}],"wp:featuredmedia":[{"embeddable":true,"href":"https:\/\/www.grupomedcof.com.br\/blog\/wp-json\/wp\/v2\/media\/6332"}],"wp:attachment":[{"href":"https:\/\/www.grupomedcof.com.br\/blog\/wp-json\/wp\/v2\/media?parent=6328"}],"wp:term":[{"taxonomy":"category","embeddable":true,"href":"https:\/\/www.grupomedcof.com.br\/blog\/wp-json\/wp\/v2\/categories?post=6328"},{"taxonomy":"post_tag","embeddable":true,"href":"https:\/\/www.grupomedcof.com.br\/blog\/wp-json\/wp\/v2\/tags?post=6328"},{"taxonomy":"author","embeddable":true,"href":"https:\/\/www.grupomedcof.com.br\/blog\/wp-json\/wp\/v2\/ppma_author?post=6328"}],"curies":[{"name":"wp","href":"https:\/\/api.w.org\/{rel}","templated":true}]}}