{"id":6426,"date":"2026-04-23T09:35:29","date_gmt":"2026-04-23T12:35:29","guid":{"rendered":"https:\/\/www.grupomedcof.com.br\/blog\/?p=6426"},"modified":"2026-04-24T16:42:18","modified_gmt":"2026-04-24T19:42:18","slug":"sindrome-de-guillain-barre-sgb","status":"publish","type":"post","link":"https:\/\/www.grupomedcof.com.br\/blog\/sindrome-de-guillain-barre-sgb\/","title":{"rendered":"S\u00edndrome de Guillain-Barr\u00e9: saiba sua fisiopatologia e diagn\u00f3stico"},"content":{"rendered":"<div id=\"ez-toc-container\" class=\"ez-toc-v2_0_74 counter-hierarchy ez-toc-counter ez-toc-transparent ez-toc-container-direction\">\n<div class=\"ez-toc-title-container\">\n<p class=\"ez-toc-title\" style=\"cursor:inherit\">Sum\u00e1rio<\/p>\n<span class=\"ez-toc-title-toggle\"><a href=\"#\" class=\"ez-toc-pull-right ez-toc-btn ez-toc-btn-xs ez-toc-btn-default ez-toc-toggle\" aria-label=\"Alternar tabela de conte\u00fado\"><span class=\"ez-toc-js-icon-con\"><span class=\"\"><span class=\"eztoc-hide\" style=\"display:none;\">Toggle<\/span><span class=\"ez-toc-icon-toggle-span\"><svg style=\"fill: #999;color:#999\" xmlns=\"http:\/\/www.w3.org\/2000\/svg\" class=\"list-377408\" width=\"20px\" height=\"20px\" viewBox=\"0 0 24 24\" fill=\"none\"><path d=\"M6 6H4v2h2V6zm14 0H8v2h12V6zM4 11h2v2H4v-2zm16 0H8v2h12v-2zM4 16h2v2H4v-2zm16 0H8v2h12v-2z\" fill=\"currentColor\"><\/path><\/svg><svg style=\"fill: #999;color:#999\" class=\"arrow-unsorted-368013\" xmlns=\"http:\/\/www.w3.org\/2000\/svg\" width=\"10px\" height=\"10px\" viewBox=\"0 0 24 24\" version=\"1.2\" baseProfile=\"tiny\"><path d=\"M18.2 9.3l-6.2-6.3-6.2 6.3c-.2.2-.3.4-.3.7s.1.5.3.7c.2.2.4.3.7.3h11c.3 0 .5-.1.7-.3.2-.2.3-.5.3-.7s-.1-.5-.3-.7zM5.8 14.7l6.2 6.3 6.2-6.3c.2-.2.3-.5.3-.7s-.1-.5-.3-.7c-.2-.2-.4-.3-.7-.3h-11c-.3 0-.5.1-.7.3-.2.2-.3.5-.3.7s.1.5.3.7z\"\/><\/svg><\/span><\/span><\/span><\/a><\/span><\/div>\n<nav><ul class='ez-toc-list ez-toc-list-level-1 ' ><li class='ez-toc-page-1 ez-toc-heading-level-2'><a class=\"ez-toc-link ez-toc-heading-1\" href=\"https:\/\/www.grupomedcof.com.br\/blog\/sindrome-de-guillain-barre-sgb\/#Definicao_e_fisiopatologia_da_Sindrome_de_Guillain-Barre\" >Defini\u00e7\u00e3o e fisiopatologia da S\u00edndrome de Guillain-Barr\u00e9<\/a><ul class='ez-toc-list-level-3' ><li class='ez-toc-heading-level-3'><a class=\"ez-toc-link ez-toc-heading-2\" href=\"https:\/\/www.grupomedcof.com.br\/blog\/sindrome-de-guillain-barre-sgb\/#_Variantes_clinico-patologicas_da_Sindrome_de_Guillain-Barre\" >&nbsp;Variantes cl\u00ednico-patol\u00f3gicas da S\u00edndrome de Guillain-Barr\u00e9<\/a><\/li><\/ul><\/li><li class='ez-toc-page-1 ez-toc-heading-level-2'><a class=\"ez-toc-link ez-toc-heading-3\" href=\"https:\/\/www.grupomedcof.com.br\/blog\/sindrome-de-guillain-barre-sgb\/#Etiologia_e_fatores_desencadeantes\" >Etiologia e fatores desencadeantes<\/a><\/li><li class='ez-toc-page-1 ez-toc-heading-level-2'><a class=\"ez-toc-link ez-toc-heading-4\" href=\"https:\/\/www.grupomedcof.com.br\/blog\/sindrome-de-guillain-barre-sgb\/#Sintomas_da_Sindrome_de_Guillain-Barre\" >Sintomas da S\u00edndrome de Guillain-Barr\u00e9<\/a><ul class='ez-toc-list-level-3' ><li class='ez-toc-heading-level-3'><a class=\"ez-toc-link ez-toc-heading-5\" href=\"https:\/\/www.grupomedcof.com.br\/blog\/sindrome-de-guillain-barre-sgb\/#Sinais_de_alerta_e_complicacoes_potenciais\" >Sinais de alerta e complica\u00e7\u00f5es potenciais<\/a><\/li><\/ul><\/li><li class='ez-toc-page-1 ez-toc-heading-level-2'><a class=\"ez-toc-link ez-toc-heading-6\" href=\"https:\/\/www.grupomedcof.com.br\/blog\/sindrome-de-guillain-barre-sgb\/#Diagnostico_da_Sindrome_de_Guillain-Barre\" >Diagn\u00f3stico da S\u00edndrome de Guillain-Barr\u00e9<\/a><ul class='ez-toc-list-level-3' ><li class='ez-toc-heading-level-3'><a class=\"ez-toc-link ez-toc-heading-7\" href=\"https:\/\/www.grupomedcof.com.br\/blog\/sindrome-de-guillain-barre-sgb\/#Exames\" >Exames&nbsp;<\/a><\/li><\/ul><\/li><li class='ez-toc-page-1 ez-toc-heading-level-2'><a class=\"ez-toc-link ez-toc-heading-8\" href=\"https:\/\/www.grupomedcof.com.br\/blog\/sindrome-de-guillain-barre-sgb\/#Tratamento_da_Sindrome_de_Guillain-Barre\" >Tratamento da S\u00edndrome de Guillain-Barr\u00e9<\/a><ul class='ez-toc-list-level-3' ><li class='ez-toc-heading-level-3'><a class=\"ez-toc-link ez-toc-heading-9\" href=\"https:\/\/www.grupomedcof.com.br\/blog\/sindrome-de-guillain-barre-sgb\/#Cuidados_de_suporte_fundamentais\" >Cuidados de suporte fundamentais<\/a><\/li><\/ul><\/li><li class='ez-toc-page-1 ez-toc-heading-level-2'><a class=\"ez-toc-link ez-toc-heading-10\" href=\"https:\/\/www.grupomedcof.com.br\/blog\/sindrome-de-guillain-barre-sgb\/#Prognostico_e_reabilitacao_da_sindrome_de_Guillain-Barre\" >Progn\u00f3stico e reabilita\u00e7\u00e3o da s\u00edndrome de Guillain-Barr\u00e9<\/a><\/li><li class='ez-toc-page-1 ez-toc-heading-level-2'><a class=\"ez-toc-link ez-toc-heading-11\" href=\"https:\/\/www.grupomedcof.com.br\/blog\/sindrome-de-guillain-barre-sgb\/#Como_a_MedCof_te_prepara_para_ser_um_medico_mais_completo\" >Como a MedCof te prepara para ser um m\u00e9dico mais completo?<\/a><\/li><li class='ez-toc-page-1 ez-toc-heading-level-2'><a class=\"ez-toc-link ez-toc-heading-12\" href=\"https:\/\/www.grupomedcof.com.br\/blog\/sindrome-de-guillain-barre-sgb\/#Aula_completa_sobre_Guillain-Barre_diagnostico_e_tratamento_em_detalhes\" >Aula completa sobre Guillain-Barr\u00e9: diagn\u00f3stico e tratamento em detalhes<\/a><\/li><\/ul><\/nav><\/div>\n\n<figure class=\"wp-block-image size-large\"><img loading=\"lazy\" decoding=\"async\" width=\"1024\" height=\"576\" src=\"https:\/\/www.grupomedcof.com.br\/blog\/wp-content\/uploads\/2023\/05\/Blog-MedCof-2025-07-21T160902.978-1024x576.jpg\" alt=\"\" class=\"wp-image-36627\" srcset=\"https:\/\/www.grupomedcof.com.br\/blog\/wp-content\/uploads\/2023\/05\/Blog-MedCof-2025-07-21T160902.978-1024x576.jpg 1024w, https:\/\/www.grupomedcof.com.br\/blog\/wp-content\/uploads\/2023\/05\/Blog-MedCof-2025-07-21T160902.978-300x169.jpg 300w, https:\/\/www.grupomedcof.com.br\/blog\/wp-content\/uploads\/2023\/05\/Blog-MedCof-2025-07-21T160902.978-768x432.jpg 768w, https:\/\/www.grupomedcof.com.br\/blog\/wp-content\/uploads\/2023\/05\/Blog-MedCof-2025-07-21T160902.978-1536x864.jpg 1536w, https:\/\/www.grupomedcof.com.br\/blog\/wp-content\/uploads\/2023\/05\/Blog-MedCof-2025-07-21T160902.978-747x420.jpg 747w, https:\/\/www.grupomedcof.com.br\/blog\/wp-content\/uploads\/2023\/05\/Blog-MedCof-2025-07-21T160902.978-150x84.jpg 150w, https:\/\/www.grupomedcof.com.br\/blog\/wp-content\/uploads\/2023\/05\/Blog-MedCof-2025-07-21T160902.978-696x392.jpg 696w, https:\/\/www.grupomedcof.com.br\/blog\/wp-content\/uploads\/2023\/05\/Blog-MedCof-2025-07-21T160902.978-1068x601.jpg 1068w, https:\/\/www.grupomedcof.com.br\/blog\/wp-content\/uploads\/2023\/05\/Blog-MedCof-2025-07-21T160902.978.jpg 1920w\" sizes=\"auto, (max-width: 1024px) 100vw, 1024px\" \/><figcaption class=\"wp-element-caption\">Imagem: Canva.<\/figcaption><\/figure>\n\n\n\n<p>A <strong>S\u00edndrome de Guillain-Barr\u00e9<\/strong> (SGB) \u00e9 uma polirradiculoneuropatia desmielinizante inflamat\u00f3ria aguda de origem autoimune, caracterizada por fraqueza muscular progressiva e perda de reflexos. Com incid\u00eancia de 1 a 4 casos por 100 mil habitantes, trata-se de uma emerg\u00eancia neurol\u00f3gica potencialmente grave, que exige reconhecimento precoce e interven\u00e7\u00e3o imediata.&nbsp;<\/p>\n\n\n\n<p>Este artigo aborda os <strong>aspectos essenciais da fisiopatologia e do diagn\u00f3stico da SGB<\/strong>, com foco na forma\u00e7\u00e3o m\u00e9dica e em conte\u00fados relevantes para provas de resid\u00eancia.<\/p>\n\n\n\n<h2 class=\"wp-block-heading\" id=\"h-definicao-e-fisiopatologia-da-sindrome-de-guillain-barre\"><span class=\"ez-toc-section\" id=\"Definicao_e_fisiopatologia_da_Sindrome_de_Guillain-Barre\"><\/span><strong>Defini\u00e7\u00e3o e fisiopatologia da S\u00edndrome de Guillain-Barr\u00e9<\/strong><span class=\"ez-toc-section-end\"><\/span><\/h2>\n\n\n\n<p>A <strong>fisiopatologia da S\u00edndrome de Guillain-Barr\u00e9 est\u00e1 ancorada <\/strong>em um mecanismo autoimune no qual o sistema imunol\u00f3gico, ap\u00f3s exposi\u00e7\u00e3o a agentes infecciosos, <strong>passa a atacar estruturas do sistema nervoso perif\u00e9rico (SNP)<\/strong>. Esse ataque ocorre devido ao <strong>mimetismo molecular<\/strong>, processo no qual ant\u00edgenos de pat\u00f3genos compartilham similaridades estruturais com componentes das membranas neuronais, como ganglios\u00eddeos.<\/p>\n\n\n\n<p><strong>Essa resposta imunol\u00f3gica leva \u00e0 ativa\u00e7\u00e3o de linf\u00f3citos T<\/strong>, produ\u00e7\u00e3o de anticorpos e libera\u00e7\u00e3o de citocinas pr\u00f3-inflamat\u00f3rias, promovendo infiltrado inflamat\u00f3rio, dep\u00f3sito de complemento e destrui\u00e7\u00e3o da bainha de mielina (na forma desmielinizante) ou do ax\u00f4nio (nas formas axonais). <strong>O resultado \u00e9 a interrup\u00e7\u00e3o da condu\u00e7\u00e3o nervosa<\/strong>, gerando fraqueza, paralisia fl\u00e1cida e perda sensitiva em graus vari\u00e1veis, com progress\u00e3o geralmente ascendente.<\/p>\n\n\n\n<h3 class=\"wp-block-heading\" id=\"h-variantes-clinico-patologicas-da-sindrome-de-guillain-barre\"><span class=\"ez-toc-section\" id=\"_Variantes_clinico-patologicas_da_Sindrome_de_Guillain-Barre\"><\/span><strong>&nbsp;Variantes cl\u00ednico-patol\u00f3gicas da S\u00edndrome de Guillain-Barr\u00e9<\/strong><span class=\"ez-toc-section-end\"><\/span><\/h3>\n\n\n\n<p>A <strong>AIDP (Polirradiculoneuropatia Desmielinizante Inflamat\u00f3ria Aguda)<\/strong> \u00e9 a forma cl\u00e1ssica e mais comum. Clinicamente, apresenta <strong>fraqueza ascendente sim\u00e9trica<\/strong>, <strong>arreflexia e disfun\u00e7\u00e3o auton\u00f4mica frequente.<\/strong>&nbsp;<\/p>\n\n\n\n<p>Eletrofisiologicamente, h\u00e1 desmieliniza\u00e7\u00e3o com lentifica\u00e7\u00e3o da condu\u00e7\u00e3o nervosa e bloqueios de condu\u00e7\u00e3o; patologicamente, observa-se infiltra\u00e7\u00e3o inflamat\u00f3ria perivascular e desmieliniza\u00e7\u00e3o segmentar. O progn\u00f3stico \u00e9 geralmente bom, com recupera\u00e7\u00e3o significativa em meses.<\/p>\n\n\n\n<p>A <strong>AMAN (Neuropatia Axonal Motora Aguda)<\/strong> ocorre mais na \u00c1sia e Am\u00e9rica Latina, associada a <em>Campylobacter jejuni<\/em> e anticorpos anti-GM1. Caracteriza-se por paralisia fl\u00e1cida r\u00e1pida sem acometimento sensitivo significativo. Eletrofisiologicamente, h\u00e1 degenera\u00e7\u00e3o axonal motora pura com amplitudes reduzidas de potenciais motores; a patologia demonstra degenera\u00e7\u00e3o axonal prim\u00e1ria sem inflama\u00e7\u00e3o significativa.&nbsp;<\/p>\n\n\n\n<p>O progn\u00f3stico varia, mas alguns casos recuperam rapidamente pela revers\u00e3o funcional dos n\u00f3dulos de Ranvier.<\/p>\n\n\n\n<p>A <strong>AMSAN (Neuropatia Axonal Motora e Sensitiva Aguda)<\/strong> \u00e9 mais grave e menos comum, com acometimento motor e sensitivo importante. Eletrofisiologia evidencia degenera\u00e7\u00e3o axonal difusa com potenciais motores e sensitivos muito reduzidos ou ausentes; histologicamente, h\u00e1 perda axonal extensa. O progn\u00f3stico \u00e9 pior, com recupera\u00e7\u00e3o lenta e frequentes sequelas residuais.<\/p>\n\n\n\n<p>A <a href=\"https:\/\/www.grupomedcof.com.br\/blog\/sindrome-de-miller-fisher-entenda-essa-apresentacao-atipica-da-sindrome-guillain-barre\/\"><strong>S\u00edndrome de Miller-Fisher<\/strong><\/a><strong> (SMF)<\/strong>, mais prevalente no Jap\u00e3o, apresenta a tr\u00edade cl\u00e1ssica: <strong>oftalmoplegia, ataxia e arreflexia<\/strong>, frequentemente com anticorpos anti-GQ1b. Eletrofisiologicamente, pode ser normal ou mostrar altera\u00e7\u00f5es sensoriais discretas; a patologia sugere desmieliniza\u00e7\u00e3o em nervos cranianos. Entre variantes raras destacam-se a <strong>Bickerstaff encefalite do tronco<\/strong> (similar \u00e0 SMF, mas com encefalopatia) e a <strong>paralisia far\u00edngea-cervical-braquial<\/strong>. A distribui\u00e7\u00e3o geogr\u00e1fica reflete predisposi\u00e7\u00f5es imunol\u00f3gicas e exposi\u00e7\u00e3o a pat\u00f3genos espec\u00edficos.<\/p>\n\n\n\n<h4 class=\"wp-block-heading\" id=\"h-confira-um-quadro-comparativo-entre-elas\">Confira um quadro comparativo entre elas:<\/h4>\n\n\n\n<figure class=\"wp-block-table\"><table class=\"has-fixed-layout\"><tbody><tr><td><strong>Subtipo<\/strong><\/td><td><strong>Manifesta\u00e7\u00f5es Cl\u00ednicas<\/strong><\/td><td><strong>Eletrofisiologia<\/strong><\/td><td><strong>Patologia<\/strong><\/td><td><strong>Distribui\u00e7\u00e3o Geogr\u00e1fica<\/strong><\/td><td><strong>Progn\u00f3stico<\/strong><\/td><\/tr><tr><td><strong>AIDP<\/strong> (Polirradiculoneuropatia Desmielinizante Inflamat\u00f3ria Aguda)<\/td><td>Fraqueza ascendente sim\u00e9trica, arreflexia, disfun\u00e7\u00e3o auton\u00f4mica frequente<\/td><td>Condu\u00e7\u00e3o nervosa lenta, lat\u00eancias prolongadas, bloqueios de condu\u00e7\u00e3o (desmieliniza\u00e7\u00e3o)<\/td><td>Desmieliniza\u00e7\u00e3o segmentar e infiltrado inflamat\u00f3rio perivascular<\/td><td>Mais comum em <strong>Europa e Am\u00e9ricas<\/strong><\/td><td>Geralmente <strong>bom<\/strong>, recupera\u00e7\u00e3o em meses<\/td><\/tr><tr><td><strong>AMAN<\/strong> (Neuropatia Axonal Motora Aguda)<\/td><td>Paralisia fl\u00e1cida r\u00e1pida, sem altera\u00e7\u00e3o sensitiva significativa<\/td><td>Amplitude reduzida de potenciais motores, condu\u00e7\u00e3o preservada (axonal)<\/td><td>Degenera\u00e7\u00e3o axonal motora sem inflama\u00e7\u00e3o significativa<\/td><td>Predomina em <strong>\u00c1sia e Am\u00e9rica Latina<\/strong>, associada a <em>C. jejuni<\/em><\/td><td>Vari\u00e1vel, alguns com <strong>recupera\u00e7\u00e3o r\u00e1pida<\/strong><\/td><\/tr><tr><td><strong>AMSAN<\/strong> (Neuropatia Axonal Motora e Sensitiva Aguda)<\/td><td>Fraqueza motora e sensitiva grave, evolu\u00e7\u00e3o r\u00e1pida<\/td><td>Potenciais motores e sensitivos muito reduzidos ou ausentes (axonal difusa)<\/td><td>Perda axonal extensa com degenera\u00e7\u00e3o walleriana<\/td><td>Mais rara, relatada em <strong>\u00c1sia e Am\u00e9rica Latina<\/strong><\/td><td><strong>Pior progn\u00f3stico<\/strong>, recupera\u00e7\u00e3o lenta e com sequelas<\/td><\/tr><tr><td><strong>S\u00edndrome de Miller-Fisher (SMF)<\/strong><\/td><td>Tr\u00edade: oftalmoplegia, ataxia e arreflexia; pode preceder SGB cl\u00e1ssico<\/td><td>Geralmente normal ou com altera\u00e7\u00f5es sensoriais discretas<\/td><td>Desmieliniza\u00e7\u00e3o em nervos cranianos; anticorpos anti-GQ1b<\/td><td>Mais prevalente no <strong>Jap\u00e3o<\/strong> e Leste Asi\u00e1tico<\/td><td><strong>Bom<\/strong>, recupera\u00e7\u00e3o em semanas<\/td><\/tr><tr><td><strong>Outras variantes raras<\/strong><\/td><td><strong>Bickerstaff<\/strong> (oftalmoplegia + encefalopatia), <strong>Paralisia far\u00edngea-cervical-braquial<\/strong><\/td><td>Vari\u00e1vel conforme subtipo<\/td><td>Semelhante \u00e0 SMF ou AIDP<\/td><td>Casos espor\u00e1dicos em v\u00e1rias regi\u00f5es<\/td><td>Geralmente <strong>bom<\/strong>, mas Bickerstaff pode ser mais grave<\/td><\/tr><\/tbody><\/table><\/figure>\n\n\n\n<h2 class=\"wp-block-heading\" id=\"h-etiologia-e-fatores-desencadeantes\"><span class=\"ez-toc-section\" id=\"Etiologia_e_fatores_desencadeantes\"><\/span><strong>Etiologia e fatores desencadeantes<\/strong><span class=\"ez-toc-section-end\"><\/span><\/h2>\n\n\n\n<p>As principais infec\u00e7\u00f5es associadas ao desenvolvimento da S\u00edndrome s\u00e3o:<\/p>\n\n\n\n<ul class=\"wp-block-list\">\n<li><strong>Campylobacter jejuni<\/strong>: Principal agente, ligado a variantes axonais mais graves;<\/li>\n\n\n\n<li><strong>Citomegalov\u00edrus:<\/strong> Relacionado a formas desmielinizantes;<\/li>\n\n\n\n<li><strong>V\u00edrus Epstein-Barr<\/strong> e <strong>Zika: <\/strong>Com forte associa\u00e7\u00e3o em surtos;<\/li>\n\n\n\n<li><strong>Dengue<\/strong>: um <a href=\"http:\/\/nejm.org\/doi\/full\/10.1056\/NEJMc2519008?__cf_chl_tk=3vG0WSbkSEnAdJQBd0D9BRKRapsb7RdAGAU7UGCTJTw-1776947428-1.0.1.1-7ng7Z7UVooQacfVBj6HrPA_mQOFPDyTqHqXs5sEb0rs\" type=\"link\" id=\"nejm.org\/doi\/full\/10.1056\/NEJMc2519008?__cf_chl_tk=3vG0WSbkSEnAdJQBd0D9BRKRapsb7RdAGAU7UGCTJTw-1776947428-1.0.1.1-7ng7Z7UVooQacfVBj6HrPA_mQOFPDyTqHqXs5sEb0rs\">estudo<\/a> mostrou que pessoas infectadas pelo v\u00edrus da dengue tem 17 vezes mais riscos de desenvolver a s\u00edndrome. A cada um milh\u00e3o de infectados, 36 desenvolvem SGB;<\/li>\n\n\n\n<li><strong>Covid-19.&nbsp;<\/strong><\/li>\n<\/ul>\n\n\n\n<p>A rela\u00e7\u00e3o da SGB com vacinas \u00e9 historicamente descrita (como no caso da vacina contra influenza em 1976), por\u00e9m <strong>extremamente rara<\/strong> e, em muitos estudos atuais, n\u00e3o supera a incid\u00eancia de base da s\u00edndrome. Revis\u00f5es recentes refor\u00e7am que o risco de SGB ap\u00f3s infec\u00e7\u00f5es virais, especialmente por COVID-19 ou influenza, \u00e9 muito maior do que ap\u00f3s a vacina\u00e7\u00e3o, justificando a recomenda\u00e7\u00e3o vacinal.<\/p>\n\n\n\n<p>Outros fatores desencadeantes incluem <strong>cirurgias recentes<\/strong> (especialmente ortop\u00e9dicas e gastrointestinais) e <strong>condi\u00e7\u00f5es imunol\u00f3gicas predisponentes<\/strong>, como doen\u00e7as autoimunes pr\u00e9vias. Embora menos comuns, traumas e estresse imunol\u00f3gico intenso tamb\u00e9m podem precipitar a resposta autoimune desregulada que culmina na neuropatia.<\/p>\n\n\n\n<h2 class=\"wp-block-heading\" id=\"h-sintomas-da-sindrome-de-guillain-barre\"><span class=\"ez-toc-section\" id=\"Sintomas_da_Sindrome_de_Guillain-Barre\"><\/span><strong>Sintomas da S\u00edndrome de Guillain-Barr\u00e9<\/strong><span class=\"ez-toc-section-end\"><\/span><\/h2>\n\n\n\n<p>Os sintomas mais comuns da <strong>S\u00edndrome de Guillain-Barr\u00e9<\/strong> incluem:<\/p>\n\n\n\n<ul class=\"wp-block-list\">\n<li>Sensa\u00e7\u00e3o de formigamento ou dorm\u00eancia nas extremidades, que progride para fraqueza muscular nos bra\u00e7os e pernas;<\/li>\n\n\n\n<li>Fraqueza muscular, que pode come\u00e7ar nas pernas e se espalhar para o tronco, bra\u00e7os e rosto;<\/li>\n\n\n\n<li>Dorm\u00eancia ou formigamento nas m\u00e3os, p\u00e9s e dedos;<\/li>\n\n\n\n<li>Dificuldade para falar, engolir ou mastigar;<\/li>\n\n\n\n<li>Altera\u00e7\u00f5es na vis\u00e3o;<\/li>\n\n\n\n<li>Problemas com o controle da bexiga ou do intestino;<\/li>\n\n\n\n<li>Batimentos card\u00edacos irregulares ou press\u00e3o arterial baixa.<\/li>\n<\/ul>\n\n\n\n<p>O in\u00edcio dos sintomas pode ser<strong>&nbsp;s\u00fabito e evoluir rapidamente<\/strong>, em alguns casos, causando danos graves ao sistema nervoso.<\/p>\n\n\n\n<h3 class=\"wp-block-heading\" id=\"h-sinais-de-alerta-e-complicacoes-potenciais\"><span class=\"ez-toc-section\" id=\"Sinais_de_alerta_e_complicacoes_potenciais\"><\/span><strong>Sinais de alerta e complica\u00e7\u00f5es potenciais<\/strong><span class=\"ez-toc-section-end\"><\/span><\/h3>\n\n\n\n<p>Os <strong>sinais de alerta<\/strong> incluem <strong>progress\u00e3o r\u00e1pida da fraqueza<\/strong>, envolvimento de m\u00fasculos bulbares com <strong>disfagia<\/strong> e, principalmente, <strong>comprometimento respirat\u00f3rio<\/strong>. Pacientes com evolu\u00e7\u00e3o em poucos dias ou incapacidade de deambular devem ser avaliados precocemente em ambiente hospitalar.<\/p>\n\n\n\n<p>O <strong>monitoramento respirat\u00f3rio<\/strong> \u00e9 essencial: a <strong>capacidade vital for\u00e7ada (CVF)<\/strong> inferior a 15-20 mL\/kg, queda r\u00e1pida da CVF ou aumento da <strong>PaCO\u2082<\/strong> indicam imin\u00eancia de fal\u00eancia ventilat\u00f3ria. A <strong>oximetria de pulso<\/strong> deve ser acompanhada continuamente, mas a hipoxemia pode ser tardia, sendo a CVF um marcador mais sens\u00edvel.<\/p>\n\n\n\n<p>As <strong>manifesta\u00e7\u00f5es auton\u00f4micas<\/strong> s\u00e3o frequentes e potencialmente fatais, com <strong>instabilidade hemodin\u00e2mica<\/strong> (hipertens\u00e3o ou hipotens\u00e3o s\u00fabita), <strong>arritmias card\u00edacas<\/strong> e altera\u00e7\u00f5es de sudorese. Epis\u00f3dios de bradicardia grave podem ocorrer, exigindo monitoriza\u00e7\u00e3o cont\u00ednua em unidade de cuidados intensivos.<\/p>\n\n\n\n<p>Por fim, a <strong>disfun\u00e7\u00e3o vesical e intestinal<\/strong> \u00e9 comum, com reten\u00e7\u00e3o urin\u00e1ria ou \u00edleo paral\u00edtico, agravando o risco de complica\u00e7\u00f5es infecciosas e metab\u00f3licas. O manejo deve incluir sondagem intermitente, preven\u00e7\u00e3o de constipa\u00e7\u00e3o e vigil\u00e2ncia para disautonomia grave, que pode evoluir rapidamente para colapso cardiovascular.<\/p>\n\n\n\n<h2 class=\"wp-block-heading\" id=\"h-diagnostico-da-sindrome-de-guillain-barre\"><span class=\"ez-toc-section\" id=\"Diagnostico_da_Sindrome_de_Guillain-Barre\"><\/span><strong>Diagn\u00f3stico da S\u00edndrome de Guillain-Barr\u00e9<\/strong><span class=\"ez-toc-section-end\"><\/span><\/h2>\n\n\n\n<p>O <a href=\"https:\/\/www.grupomedcof.com.br\/blog\/sindrome-de-guillain-barre-quando-suspeitar-e-como-diagnosticar\/\"><strong>diagn\u00f3stico <\/strong><\/a><strong>da S\u00edndrome de Guillain-Barr\u00e9 (SGB)<\/strong> baseia-se em <a href=\"https:\/\/www.grupomedcof.com.br\/blog\/55-especialidades-medicas\/\">sinais cl\u00ednicos<\/a> t\u00edpicos, com <strong>fraqueza muscular sim\u00e9trica de in\u00edcio r\u00e1pido<\/strong>, geralmente ascendente, associada a <strong>hipo\/arreflexia<\/strong>. Formigamentos e dorm\u00eancia em m\u00e3os e p\u00e9s s\u00e3o frequentes, e a progress\u00e3o pode atingir m\u00fasculos faciais e respirat\u00f3rios em dias ou semanas.<\/p>\n\n\n\n<p>A <strong>hist\u00f3ria cl\u00ednica<\/strong> \u00e9 essencial, por isso deve-se <strong>questionar infec\u00e7\u00f5es recentes (respirat\u00f3rias, gastrointestinais), dor abdominal, diarreia e hist\u00f3rico vacinal. <\/strong>A associa\u00e7\u00e3o temporal com infec\u00e7\u00f5es de 2 a 4 semanas \u00e9 um dado importante para diferenciar de outras neuropatias.<\/p>\n\n\n\n<p>Embora o diagn\u00f3stico seja principalmente <strong>cl\u00ednico<\/strong>, exames complementares confirmam e excluem outras causas. O l\u00edquor mostra <strong>dissocia\u00e7\u00e3o albumino-citol\u00f3gica<\/strong> (prote\u00edna alta com poucas c\u00e9lulas), e a <strong>eletromiografia<\/strong> evidencia desmieliniza\u00e7\u00e3o ou dano axonal.<\/p>\n\n\n\n<p>Devido ao risco de <strong>progress\u00e3o r\u00e1pida e fal\u00eancia respirat\u00f3ria<\/strong>, a <strong>interna\u00e7\u00e3o precoce<\/strong> \u00e9 essencial, mesmo em casos aparentemente leves. A vigil\u00e2ncia intensiva \u00e9 indicada quando h\u00e1 disfagia, fraqueza em membros proximais ou sinais de disautonomia.<\/p>\n\n\n\n<h3 class=\"wp-block-heading\" id=\"h-exames\"><span class=\"ez-toc-section\" id=\"Exames\"><\/span><strong>Exames&nbsp;<\/strong><span class=\"ez-toc-section-end\"><\/span><\/h3>\n\n\n\n<p>Os <a href=\"https:\/\/www.grupomedcof.com.br\/blog\/reconheca-a-guillain-barre-no-seu-consultorio\/\">exames<\/a> para o diagn\u00f3stico da condi\u00e7\u00e3o geralmente s\u00e3o:<\/p>\n\n\n\n<ul class=\"wp-block-list\">\n<li><strong>L\u00edquor (Pun\u00e7\u00e3o lombar):<\/strong> Mostra a t\u00edpica <strong>dissocia\u00e7\u00e3o albumino-citol\u00f3gica<\/strong> \u2013 prote\u00edna elevada com poucas c\u00e9lulas, sugerindo processo inflamat\u00f3rio perif\u00e9rico.<\/li>\n\n\n\n<li><strong>Eletromiografia (EMG) e estudos de condu\u00e7\u00e3o nervosa:<\/strong> Identificam <strong>desmieliniza\u00e7\u00e3o<\/strong> ou comprometimento axonal, confirmando neuropatia perif\u00e9rica e distinguindo de doen\u00e7as centrais como mielite transversa.<\/li>\n\n\n\n<li><strong>Exames de sangue:<\/strong> Servem para descartar diagn\u00f3sticos diferenciais, como <strong>altera\u00e7\u00f5es eletrol\u00edticas, infec\u00e7\u00f5es ativas ou doen\u00e7as autoimunes<\/strong>. Sorologias podem identificar agentes desencadeantes como Campylobacter jejuni ou citomegalov\u00edrus.<\/li>\n\n\n\n<li><strong>Resson\u00e2ncia magn\u00e9tica:<\/strong> N\u00e3o \u00e9 essencial, mas pode mostrar <strong>realce das ra\u00edzes nervosas<\/strong> e ajuda a excluir les\u00f5es de <strong>medula espinhal<\/strong> que cursam com quadro motor semelhante.<\/li>\n<\/ul>\n\n\n\n<h2 class=\"wp-block-heading\" id=\"h-tratamento-da-sindrome-de-guillain-barre\"><span class=\"ez-toc-section\" id=\"Tratamento_da_Sindrome_de_Guillain-Barre\"><\/span><strong>Tratamento da S\u00edndrome de Guillain-Barr\u00e9<\/strong><span class=\"ez-toc-section-end\"><\/span><\/h2>\n\n\n\n<p>Os tratamentos dispon\u00edveis s\u00e3o:<\/p>\n\n\n\n<ul class=\"wp-block-list\">\n<li><strong>Imunoglobulina intravenosa (IVIG):<\/strong> Tratamento de primeira linha, administrado por 5 dias, reduz a resposta autoimune e acelera a recupera\u00e7\u00e3o neurol\u00f3gica.<\/li>\n\n\n\n<li><strong>Plasmaf\u00e9rese:<\/strong> Alternativa \u00e0 IVIG, indicada em casos graves ou quando o tratamento inicial n\u00e3o est\u00e1 dispon\u00edvel; remove anticorpos patog\u00eanicos circulantes.<\/li>\n\n\n\n<li><strong>Suporte respirat\u00f3rio:<\/strong> <strong>Ventila\u00e7\u00e3o mec\u00e2nica \u00e9 essencial em casos de fal\u00eancia respirat\u00f3ria<\/strong>, sendo indicada quando a <strong>capacidade vital for\u00e7ada &lt;15 mL\/kg<\/strong> ou h\u00e1 hipercapnia progressiva.<\/li>\n\n\n\n<li><strong>Controle auton\u00f4mico e suporte cl\u00ednico:<\/strong> Monitoriza\u00e7\u00e3o em UTI para tratar <strong>arritmias, instabilidade hemodin\u00e2mica e disfun\u00e7\u00e3o vesical ou intestinal<\/strong>; fisioterapia precoce para prevenir complica\u00e7\u00f5es motoras.<\/li>\n<\/ul>\n\n\n\n<h3 class=\"wp-block-heading\" id=\"h-cuidados-de-suporte-fundamentais\"><span class=\"ez-toc-section\" id=\"Cuidados_de_suporte_fundamentais\"><\/span><strong>Cuidados de suporte fundamentais<\/strong><span class=\"ez-toc-section-end\"><\/span><\/h3>\n\n\n\n<p>Os <strong>cuidados de suporte<\/strong> s\u00e3o essenciais para <strong>reduzir complica\u00e7\u00f5es e mortalidade.<\/strong> A monitoriza\u00e7\u00e3o respirat\u00f3ria deve ser cont\u00ednua, com aten\u00e7\u00e3o \u00e0 capacidade vital for\u00e7ada &lt;15-20 mL\/kg, PaCO\u2082 crescente ou sinais de fadiga muscular, que indicam necessidade de ventila\u00e7\u00e3o mec\u00e2nica precoce.<\/p>\n\n\n\n<p>A <strong>preven\u00e7\u00e3o de tromboembolismo venoso<\/strong> inclui <strong>uso de heparina profil\u00e1tica e meias de compress\u00e3o, <\/strong>pois a imobilidade prolongada aumenta o risco de TVP. O manejo da dor neurop\u00e1tica deve ser feito com gabapentinoides ou antidepressivos tric\u00edclicos, evitando opioides quando poss\u00edvel.<\/p>\n\n\n\n<p>Ademais, o <strong>suporte nutricional <\/strong>deve ser precoce, com<strong> dieta hipercal\u00f3rica<\/strong> e, se necess\u00e1rio, via enteral para evitar perda muscular. A <strong>preven\u00e7\u00e3o de \u00falceras de press\u00e3o<\/strong> requer mudan\u00e7as frequentes de posi\u00e7\u00e3o, colch\u00f5es especiais e fisioterapia motora.<\/p>\n\n\n\n<p>Por fim, as complica\u00e7\u00f5es auton\u00f4micas exigem vigil\u00e2ncia intensiva: hipertens\u00e3o ou hipotens\u00e3o podem requerer ajuste com vasopressores ou anti-hipertensivos, e arritmias graves demandam monitoriza\u00e7\u00e3o card\u00edaca cont\u00ednua. A abordagem deve ser multidisciplinar, com fisioterapia e reabilita\u00e7\u00e3o iniciadas precocemente para acelerar a recupera\u00e7\u00e3o funcional.<\/p>\n\n\n\n<h2 class=\"wp-block-heading\" id=\"h-prognostico-e-reabilitacao-da-sindrome-de-guillain-barre\"><span class=\"ez-toc-section\" id=\"Prognostico_e_reabilitacao_da_sindrome_de_Guillain-Barre\"><\/span><strong>Progn\u00f3stico e reabilita\u00e7\u00e3o da s\u00edndrome de Guillain-Barr\u00e9<\/strong><span class=\"ez-toc-section-end\"><\/span><\/h2>\n\n\n\n<p>A maioria dos pacientes com <strong>S\u00edndrome de Guillain-Barr\u00e9 <\/strong>apresenta boa recupera\u00e7\u00e3o, com <strong>80% readquirindo a capacidade de deambular em 6 meses<\/strong>. No entanto, cerca de <strong>20% mant\u00eam d\u00e9ficits motores residuais<\/strong> e <strong>5-10% podem evoluir a \u00f3bito<\/strong>, geralmente por complica\u00e7\u00f5es respirat\u00f3rias ou auton\u00f4micas.<\/p>\n\n\n\n<p>Os fatores associados ao <strong>pior progn\u00f3stico<\/strong> incluem <strong>idade avan\u00e7ada<\/strong>, <strong>necessidade de ventila\u00e7\u00e3o mec\u00e2nica<\/strong>, subtipo axonal (AMAN\/AMSAN) e <strong>atraso no in\u00edcio do tratamento imunomodulador<\/strong>. Esses pacientes tendem a apresentar recupera\u00e7\u00e3o mais lenta e maior risco de sequelas permanentes.<\/p>\n\n\n\n<p>O <strong>tempo m\u00e9dio de recupera\u00e7\u00e3o<\/strong> varia de <strong>6 a 12 meses<\/strong>, mas pode se estender por at\u00e9 2 anos em casos graves. Sequelas como fraqueza distal, fadiga cr\u00f4nica e neuropatia sensitiva persistente s\u00e3o poss\u00edveis, impactando a qualidade de vida.<\/p>\n\n\n\n<p>Assim, a <strong>reabilita\u00e7\u00e3o<\/strong> deve ser progressiva e individualizada: na fase aguda, prioriza-se <strong>preven\u00e7\u00e3o de contraturas e \u00falceras<\/strong>; na fase subaguda, inicia-se <strong>fortalecimento gradual e treino de marcha<\/strong>; e, na fase cr\u00f4nica, foca-se em <strong>recupera\u00e7\u00e3o funcional, fisioterapia intensiva e terapia ocupacional<\/strong>, com suporte psicol\u00f3gico quando necess\u00e1rio.<\/p>\n\n\n\n<h2 class=\"wp-block-heading\" id=\"h-como-a-medcof-te-prepara-para-ser-um-medico-mais-completo\"><span class=\"ez-toc-section\" id=\"Como_a_MedCof_te_prepara_para_ser_um_medico_mais_completo\"><\/span><strong>Como a MedCof te prepara para ser um m\u00e9dico mais completo?<\/strong><span class=\"ez-toc-section-end\"><\/span><\/h2>\n\n\n\n<p>A <a href=\"https:\/\/www.grupomedcof.com.br\/home\/\">MedCof <\/a>vai al\u00e9m da prepara\u00e7\u00e3o para as provas, oferecendo uma forma\u00e7\u00e3o s\u00f3lida nos pilares te\u00f3ricos, cl\u00ednicos e pr\u00e1ticos. Tudo o que cai na <a href=\"https:\/\/www.grupomedcof.com.br\/blog\/o-que-e-residencia-medica\/\">resid\u00eancia <\/a>tamb\u00e9m \u00e9 essencial na vida m\u00e9dica real. Assim, voc\u00ea se torna um m\u00e9dico mais completo e confiante.<\/p>\n\n\n\n<h2 class=\"wp-block-heading\" id=\"h-aula-completa-sobre-guillain-barre-diagnostico-e-tratamento-em-detalhes\"><span class=\"ez-toc-section\" id=\"Aula_completa_sobre_Guillain-Barre_diagnostico_e_tratamento_em_detalhes\"><\/span><strong><strong>Aula completa sobre Guillain-Barr\u00e9: diagn\u00f3stico e tratamento em detalhes<\/strong><\/strong><span class=\"ez-toc-section-end\"><\/span><\/h2>\n\n\n\n<p>Nesta <a href=\"https:\/\/www.grupomedcof.com.br\/home\/?page=sobre-nos\">aula<\/a>, o Doutor Leonardo Bernardes falar\u00e1 sobre a S\u00edndrome de Guillain-Barr\u00e9, com foco nos conceitos iniciais, fisiopatologia, quadro cl\u00ednico, diagn\u00f3stico, tratamento e diagn\u00f3sticos diferenciais.<\/p>\n\n\n\n<figure class=\"wp-block-embed is-type-video is-provider-youtube wp-block-embed-youtube wp-embed-aspect-16-9 wp-has-aspect-ratio\"><div class=\"wp-block-embed__wrapper\">\n<iframe loading=\"lazy\" title=\"S\u00edndrome de Guillain-Barr\u00e9: Saiba tudo sobre. Com Dr. Leonardo Bernardes\" width=\"696\" height=\"392\" src=\"https:\/\/www.youtube.com\/embed\/NxGliHgDTuU?feature=oembed\" frameborder=\"0\" allow=\"accelerometer; autoplay; clipboard-write; encrypted-media; gyroscope; picture-in-picture; web-share\" referrerpolicy=\"strict-origin-when-cross-origin\" allowfullscreen><\/iframe>\n<\/div><\/figure>\n","protected":false},"excerpt":{"rendered":"<p>Entenda a S\u00edndrome de Guillain-Barr\u00e9: mecanismos autoimunes, manifesta\u00e7\u00f5es cl\u00ednicas, crit\u00e9rios diagn\u00f3sticos e abordagens terap\u00eauticas para pr\u00e1tica m\u00e9dica.<\/p>\n","protected":false},"author":10,"featured_media":36627,"comment_status":"open","ping_status":"open","sticky":false,"template":"","format":"standard","meta":{"footnotes":""},"categories":[190],"tags":[191,192,193],"ppma_author":[3613],"class_list":{"0":"post-6426","1":"post","2":"type-post","3":"status-publish","4":"format-standard","5":"has-post-thumbnail","7":"category-neurologia","8":"tag-doencas-neurologicas","9":"tag-sgb","10":"tag-sindrome-de-guillain-barre"},"yoast_head":"<!-- This site is optimized with the Yoast SEO Premium plugin v24.3 (Yoast SEO v27.4) - https:\/\/yoast.com\/product\/yoast-seo-premium-wordpress\/ -->\n<title>Guillain Barr\u00e9: Quando Suspeitar e Como Diagnosticar | Medcof<\/title>\n<meta name=\"description\" content=\"Entenda a S\u00edndrome de Guillain-Barr\u00e9: mecanismos autoimunes, manifesta\u00e7\u00f5es cl\u00ednicas, crit\u00e9rios diagn\u00f3sticos e abordagens terap\u00eauticas para pr\u00e1tica m\u00e9dica.\" \/>\n<meta name=\"robots\" content=\"index, follow, max-snippet:-1, max-image-preview:large, max-video-preview:-1\" \/>\n<link rel=\"canonical\" href=\"https:\/\/www.grupomedcof.com.br\/blog\/sindrome-de-guillain-barre-sgb\/\" \/>\n<meta property=\"og:locale\" content=\"pt_BR\" \/>\n<meta property=\"og:type\" content=\"article\" \/>\n<meta property=\"og:title\" content=\"S\u00edndrome de Guillain-Barr\u00e9: saiba sua fisiopatologia e diagn\u00f3stico\" \/>\n<meta property=\"og:description\" content=\"Entenda a S\u00edndrome de Guillain-Barr\u00e9: mecanismos autoimunes, manifesta\u00e7\u00f5es cl\u00ednicas, crit\u00e9rios diagn\u00f3sticos e abordagens terap\u00eauticas para pr\u00e1tica m\u00e9dica.\" \/>\n<meta property=\"og:url\" content=\"https:\/\/www.grupomedcof.com.br\/blog\/sindrome-de-guillain-barre-sgb\/\" \/>\n<meta property=\"og:site_name\" content=\"Blog de Medcof: conte\u00fados, editais, revalida e mais!\" \/>\n<meta property=\"article:publisher\" content=\"https:\/\/www.facebook.com\/MedCofQbank\/\" \/>\n<meta property=\"article:published_time\" content=\"2026-04-23T12:35:29+00:00\" \/>\n<meta property=\"article:modified_time\" content=\"2026-04-24T19:42:18+00:00\" \/>\n<meta property=\"og:image\" content=\"https:\/\/www.grupomedcof.com.br\/blog\/wp-content\/uploads\/2023\/05\/Blog-MedCof-2025-07-21T160902.978.jpg\" \/>\n\t<meta property=\"og:image:width\" content=\"1920\" \/>\n\t<meta property=\"og:image:height\" content=\"1080\" \/>\n\t<meta property=\"og:image:type\" content=\"image\/jpeg\" \/>\n<meta name=\"author\" content=\"Grupo MedCof\" \/>\n<meta name=\"twitter:card\" content=\"summary_large_image\" \/>\n<meta name=\"twitter:label1\" content=\"Escrito por\" \/>\n\t<meta name=\"twitter:data1\" content=\"Grupo MedCof\" \/>\n\t<meta name=\"twitter:label2\" content=\"Est. tempo de leitura\" \/>\n\t<meta name=\"twitter:data2\" content=\"11 minutos\" \/>\n<script type=\"application\/ld+json\" class=\"yoast-schema-graph\">{\"@context\":\"https:\\\/\\\/schema.org\",\"@graph\":[{\"@type\":\"Article\",\"@id\":\"https:\\\/\\\/www.grupomedcof.com.br\\\/blog\\\/sindrome-de-guillain-barre-sgb\\\/#article\",\"isPartOf\":{\"@id\":\"https:\\\/\\\/www.grupomedcof.com.br\\\/blog\\\/sindrome-de-guillain-barre-sgb\\\/\"},\"author\":{\"name\":\"Grupo MedCof\",\"@id\":\"https:\\\/\\\/www.grupomedcof.com.br\\\/blog\\\/#\\\/schema\\\/person\\\/5e56a3921255c01181f3d8c20d53f9c0\"},\"headline\":\"S\u00edndrome de Guillain-Barr\u00e9: saiba sua fisiopatologia e diagn\u00f3stico\",\"datePublished\":\"2026-04-23T12:35:29+00:00\",\"dateModified\":\"2026-04-24T19:42:18+00:00\",\"mainEntityOfPage\":{\"@id\":\"https:\\\/\\\/www.grupomedcof.com.br\\\/blog\\\/sindrome-de-guillain-barre-sgb\\\/\"},\"wordCount\":2206,\"commentCount\":1,\"publisher\":{\"@id\":\"https:\\\/\\\/www.grupomedcof.com.br\\\/blog\\\/#organization\"},\"image\":{\"@id\":\"https:\\\/\\\/www.grupomedcof.com.br\\\/blog\\\/sindrome-de-guillain-barre-sgb\\\/#primaryimage\"},\"thumbnailUrl\":\"https:\\\/\\\/www.grupomedcof.com.br\\\/blog\\\/wp-content\\\/uploads\\\/2023\\\/05\\\/Blog-MedCof-2025-07-21T160902.978.jpg\",\"keywords\":[\"Doen\u00e7as neurol\u00f3gicas\",\"SGB\",\"S\u00edndrome de Guillain-Barr\u00e9\"],\"articleSection\":[\"Neurologia\"],\"inLanguage\":\"pt-BR\"},{\"@type\":\"WebPage\",\"@id\":\"https:\\\/\\\/www.grupomedcof.com.br\\\/blog\\\/sindrome-de-guillain-barre-sgb\\\/\",\"url\":\"https:\\\/\\\/www.grupomedcof.com.br\\\/blog\\\/sindrome-de-guillain-barre-sgb\\\/\",\"name\":\"Guillain Barr\u00e9: Quando Suspeitar e Como Diagnosticar | Medcof\",\"isPartOf\":{\"@id\":\"https:\\\/\\\/www.grupomedcof.com.br\\\/blog\\\/#website\"},\"primaryImageOfPage\":{\"@id\":\"https:\\\/\\\/www.grupomedcof.com.br\\\/blog\\\/sindrome-de-guillain-barre-sgb\\\/#primaryimage\"},\"image\":{\"@id\":\"https:\\\/\\\/www.grupomedcof.com.br\\\/blog\\\/sindrome-de-guillain-barre-sgb\\\/#primaryimage\"},\"thumbnailUrl\":\"https:\\\/\\\/www.grupomedcof.com.br\\\/blog\\\/wp-content\\\/uploads\\\/2023\\\/05\\\/Blog-MedCof-2025-07-21T160902.978.jpg\",\"datePublished\":\"2026-04-23T12:35:29+00:00\",\"dateModified\":\"2026-04-24T19:42:18+00:00\",\"description\":\"Entenda a S\u00edndrome de Guillain-Barr\u00e9: mecanismos autoimunes, manifesta\u00e7\u00f5es cl\u00ednicas, crit\u00e9rios diagn\u00f3sticos e abordagens terap\u00eauticas para pr\u00e1tica m\u00e9dica.\",\"breadcrumb\":{\"@id\":\"https:\\\/\\\/www.grupomedcof.com.br\\\/blog\\\/sindrome-de-guillain-barre-sgb\\\/#breadcrumb\"},\"inLanguage\":\"pt-BR\",\"potentialAction\":[{\"@type\":\"ReadAction\",\"target\":[\"https:\\\/\\\/www.grupomedcof.com.br\\\/blog\\\/sindrome-de-guillain-barre-sgb\\\/\"]}]},{\"@type\":\"ImageObject\",\"inLanguage\":\"pt-BR\",\"@id\":\"https:\\\/\\\/www.grupomedcof.com.br\\\/blog\\\/sindrome-de-guillain-barre-sgb\\\/#primaryimage\",\"url\":\"https:\\\/\\\/www.grupomedcof.com.br\\\/blog\\\/wp-content\\\/uploads\\\/2023\\\/05\\\/Blog-MedCof-2025-07-21T160902.978.jpg\",\"contentUrl\":\"https:\\\/\\\/www.grupomedcof.com.br\\\/blog\\\/wp-content\\\/uploads\\\/2023\\\/05\\\/Blog-MedCof-2025-07-21T160902.978.jpg\",\"width\":1920,\"height\":1080,\"caption\":\"Imagem: Canva.\"},{\"@type\":\"BreadcrumbList\",\"@id\":\"https:\\\/\\\/www.grupomedcof.com.br\\\/blog\\\/sindrome-de-guillain-barre-sgb\\\/#breadcrumb\",\"itemListElement\":[{\"@type\":\"ListItem\",\"position\":1,\"name\":\"In\u00edcio\",\"item\":\"https:\\\/\\\/www.grupomedcof.com.br\\\/blog\\\/\"},{\"@type\":\"ListItem\",\"position\":2,\"name\":\"S\u00edndrome de Guillain-Barr\u00e9: saiba sua fisiopatologia e diagn\u00f3stico\"}]},{\"@type\":\"WebSite\",\"@id\":\"https:\\\/\\\/www.grupomedcof.com.br\\\/blog\\\/#website\",\"url\":\"https:\\\/\\\/www.grupomedcof.com.br\\\/blog\\\/\",\"name\":\"Blog de Medcof: conte\u00fados, editais, revalida e mais!\",\"description\":\"Acesso o blog de MedCof! Seu portal de conte\u00fados sobre resid\u00eancia m\u00e9dica, an\u00e1lise e editais e muito mais. Clique e confira!\",\"publisher\":{\"@id\":\"https:\\\/\\\/www.grupomedcof.com.br\\\/blog\\\/#organization\"},\"alternateName\":\"Blog de Medcof: conte\u00fados, editais, revalida e mais!\",\"potentialAction\":[{\"@type\":\"SearchAction\",\"target\":{\"@type\":\"EntryPoint\",\"urlTemplate\":\"https:\\\/\\\/www.grupomedcof.com.br\\\/blog\\\/?s={search_term_string}\"},\"query-input\":{\"@type\":\"PropertyValueSpecification\",\"valueRequired\":true,\"valueName\":\"search_term_string\"}}],\"inLanguage\":\"pt-BR\"},{\"@type\":\"Organization\",\"@id\":\"https:\\\/\\\/www.grupomedcof.com.br\\\/blog\\\/#organization\",\"name\":\"Grupo MedCof\",\"url\":\"https:\\\/\\\/www.grupomedcof.com.br\\\/blog\\\/\",\"logo\":{\"@type\":\"ImageObject\",\"inLanguage\":\"pt-BR\",\"@id\":\"https:\\\/\\\/www.grupomedcof.com.br\\\/blog\\\/#\\\/schema\\\/logo\\\/image\\\/\",\"url\":\"https:\\\/\\\/www.grupomedcof.com.br\\\/blog\\\/wp-content\\\/uploads\\\/2022\\\/01\\\/logo-medcof.png\",\"contentUrl\":\"https:\\\/\\\/www.grupomedcof.com.br\\\/blog\\\/wp-content\\\/uploads\\\/2022\\\/01\\\/logo-medcof.png\",\"width\":768,\"height\":269,\"caption\":\"Grupo MedCof\"},\"image\":{\"@id\":\"https:\\\/\\\/www.grupomedcof.com.br\\\/blog\\\/#\\\/schema\\\/logo\\\/image\\\/\"},\"sameAs\":[\"https:\\\/\\\/www.facebook.com\\\/MedCofQbank\\\/\",\"https:\\\/\\\/www.instagram.com\\\/grupomedcof\\\/\",\"https:\\\/\\\/br.linkedin.com\\\/company\\\/medcof\",\"https:\\\/\\\/www.youtube.com\\\/channel\\\/UCdHMuOHKICxcHwecxN8P-AA\"]},{\"@type\":\"Person\",\"@id\":\"https:\\\/\\\/www.grupomedcof.com.br\\\/blog\\\/#\\\/schema\\\/person\\\/5e56a3921255c01181f3d8c20d53f9c0\",\"name\":\"Grupo MedCof\",\"image\":{\"@type\":\"ImageObject\",\"inLanguage\":\"pt-BR\",\"@id\":\"https:\\\/\\\/www.grupomedcof.com.br\\\/blog\\\/wp-content\\\/uploads\\\/2023\\\/04\\\/cropped-cropped-cropped-cropped-logo-96x96.png28585d174f19c23095510da5f63bc127\",\"url\":\"https:\\\/\\\/www.grupomedcof.com.br\\\/blog\\\/wp-content\\\/uploads\\\/2023\\\/04\\\/cropped-cropped-cropped-cropped-logo-96x96.png\",\"contentUrl\":\"https:\\\/\\\/www.grupomedcof.com.br\\\/blog\\\/wp-content\\\/uploads\\\/2023\\\/04\\\/cropped-cropped-cropped-cropped-logo-96x96.png\",\"caption\":\"Grupo MedCof\"},\"description\":\"Tendo aulas baseadas em quest\u00f5es, + de 115 subespecialistas dispon\u00edveis e uma metodologia \u00fanica, voc\u00ea pode se juntar ao nosso time que conta com mais de 10 mil ...\",\"url\":\"https:\\\/\\\/www.grupomedcof.com.br\\\/blog\\\/author\\\/grupo-medcof\\\/\"}]}<\/script>\n<!-- \/ Yoast SEO Premium plugin. -->","yoast_head_json":{"title":"Guillain Barr\u00e9: Quando Suspeitar e Como Diagnosticar | Medcof","description":"Entenda a S\u00edndrome de Guillain-Barr\u00e9: mecanismos autoimunes, manifesta\u00e7\u00f5es cl\u00ednicas, crit\u00e9rios diagn\u00f3sticos e abordagens terap\u00eauticas para pr\u00e1tica m\u00e9dica.","robots":{"index":"index","follow":"follow","max-snippet":"max-snippet:-1","max-image-preview":"max-image-preview:large","max-video-preview":"max-video-preview:-1"},"canonical":"https:\/\/www.grupomedcof.com.br\/blog\/sindrome-de-guillain-barre-sgb\/","og_locale":"pt_BR","og_type":"article","og_title":"S\u00edndrome de Guillain-Barr\u00e9: saiba sua fisiopatologia e diagn\u00f3stico","og_description":"Entenda a S\u00edndrome de Guillain-Barr\u00e9: mecanismos autoimunes, manifesta\u00e7\u00f5es cl\u00ednicas, crit\u00e9rios diagn\u00f3sticos e abordagens terap\u00eauticas para pr\u00e1tica m\u00e9dica.","og_url":"https:\/\/www.grupomedcof.com.br\/blog\/sindrome-de-guillain-barre-sgb\/","og_site_name":"Blog de Medcof: conte\u00fados, editais, revalida e mais!","article_publisher":"https:\/\/www.facebook.com\/MedCofQbank\/","article_published_time":"2026-04-23T12:35:29+00:00","article_modified_time":"2026-04-24T19:42:18+00:00","og_image":[{"width":1920,"height":1080,"url":"https:\/\/www.grupomedcof.com.br\/blog\/wp-content\/uploads\/2023\/05\/Blog-MedCof-2025-07-21T160902.978.jpg","type":"image\/jpeg"}],"author":"Grupo MedCof","twitter_card":"summary_large_image","twitter_misc":{"Escrito por":"Grupo MedCof","Est. tempo de leitura":"11 minutos"},"schema":{"@context":"https:\/\/schema.org","@graph":[{"@type":"Article","@id":"https:\/\/www.grupomedcof.com.br\/blog\/sindrome-de-guillain-barre-sgb\/#article","isPartOf":{"@id":"https:\/\/www.grupomedcof.com.br\/blog\/sindrome-de-guillain-barre-sgb\/"},"author":{"name":"Grupo MedCof","@id":"https:\/\/www.grupomedcof.com.br\/blog\/#\/schema\/person\/5e56a3921255c01181f3d8c20d53f9c0"},"headline":"S\u00edndrome de Guillain-Barr\u00e9: saiba sua fisiopatologia e diagn\u00f3stico","datePublished":"2026-04-23T12:35:29+00:00","dateModified":"2026-04-24T19:42:18+00:00","mainEntityOfPage":{"@id":"https:\/\/www.grupomedcof.com.br\/blog\/sindrome-de-guillain-barre-sgb\/"},"wordCount":2206,"commentCount":1,"publisher":{"@id":"https:\/\/www.grupomedcof.com.br\/blog\/#organization"},"image":{"@id":"https:\/\/www.grupomedcof.com.br\/blog\/sindrome-de-guillain-barre-sgb\/#primaryimage"},"thumbnailUrl":"https:\/\/www.grupomedcof.com.br\/blog\/wp-content\/uploads\/2023\/05\/Blog-MedCof-2025-07-21T160902.978.jpg","keywords":["Doen\u00e7as neurol\u00f3gicas","SGB","S\u00edndrome de Guillain-Barr\u00e9"],"articleSection":["Neurologia"],"inLanguage":"pt-BR"},{"@type":"WebPage","@id":"https:\/\/www.grupomedcof.com.br\/blog\/sindrome-de-guillain-barre-sgb\/","url":"https:\/\/www.grupomedcof.com.br\/blog\/sindrome-de-guillain-barre-sgb\/","name":"Guillain Barr\u00e9: Quando Suspeitar e Como Diagnosticar | Medcof","isPartOf":{"@id":"https:\/\/www.grupomedcof.com.br\/blog\/#website"},"primaryImageOfPage":{"@id":"https:\/\/www.grupomedcof.com.br\/blog\/sindrome-de-guillain-barre-sgb\/#primaryimage"},"image":{"@id":"https:\/\/www.grupomedcof.com.br\/blog\/sindrome-de-guillain-barre-sgb\/#primaryimage"},"thumbnailUrl":"https:\/\/www.grupomedcof.com.br\/blog\/wp-content\/uploads\/2023\/05\/Blog-MedCof-2025-07-21T160902.978.jpg","datePublished":"2026-04-23T12:35:29+00:00","dateModified":"2026-04-24T19:42:18+00:00","description":"Entenda a S\u00edndrome de Guillain-Barr\u00e9: mecanismos autoimunes, manifesta\u00e7\u00f5es cl\u00ednicas, crit\u00e9rios diagn\u00f3sticos e abordagens terap\u00eauticas para pr\u00e1tica m\u00e9dica.","breadcrumb":{"@id":"https:\/\/www.grupomedcof.com.br\/blog\/sindrome-de-guillain-barre-sgb\/#breadcrumb"},"inLanguage":"pt-BR","potentialAction":[{"@type":"ReadAction","target":["https:\/\/www.grupomedcof.com.br\/blog\/sindrome-de-guillain-barre-sgb\/"]}]},{"@type":"ImageObject","inLanguage":"pt-BR","@id":"https:\/\/www.grupomedcof.com.br\/blog\/sindrome-de-guillain-barre-sgb\/#primaryimage","url":"https:\/\/www.grupomedcof.com.br\/blog\/wp-content\/uploads\/2023\/05\/Blog-MedCof-2025-07-21T160902.978.jpg","contentUrl":"https:\/\/www.grupomedcof.com.br\/blog\/wp-content\/uploads\/2023\/05\/Blog-MedCof-2025-07-21T160902.978.jpg","width":1920,"height":1080,"caption":"Imagem: Canva."},{"@type":"BreadcrumbList","@id":"https:\/\/www.grupomedcof.com.br\/blog\/sindrome-de-guillain-barre-sgb\/#breadcrumb","itemListElement":[{"@type":"ListItem","position":1,"name":"In\u00edcio","item":"https:\/\/www.grupomedcof.com.br\/blog\/"},{"@type":"ListItem","position":2,"name":"S\u00edndrome de Guillain-Barr\u00e9: saiba sua fisiopatologia e diagn\u00f3stico"}]},{"@type":"WebSite","@id":"https:\/\/www.grupomedcof.com.br\/blog\/#website","url":"https:\/\/www.grupomedcof.com.br\/blog\/","name":"Blog de Medcof: conte\u00fados, editais, revalida e mais!","description":"Acesso o blog de MedCof! Seu portal de conte\u00fados sobre resid\u00eancia m\u00e9dica, an\u00e1lise e editais e muito mais. Clique e confira!","publisher":{"@id":"https:\/\/www.grupomedcof.com.br\/blog\/#organization"},"alternateName":"Blog de Medcof: conte\u00fados, editais, revalida e mais!","potentialAction":[{"@type":"SearchAction","target":{"@type":"EntryPoint","urlTemplate":"https:\/\/www.grupomedcof.com.br\/blog\/?s={search_term_string}"},"query-input":{"@type":"PropertyValueSpecification","valueRequired":true,"valueName":"search_term_string"}}],"inLanguage":"pt-BR"},{"@type":"Organization","@id":"https:\/\/www.grupomedcof.com.br\/blog\/#organization","name":"Grupo MedCof","url":"https:\/\/www.grupomedcof.com.br\/blog\/","logo":{"@type":"ImageObject","inLanguage":"pt-BR","@id":"https:\/\/www.grupomedcof.com.br\/blog\/#\/schema\/logo\/image\/","url":"https:\/\/www.grupomedcof.com.br\/blog\/wp-content\/uploads\/2022\/01\/logo-medcof.png","contentUrl":"https:\/\/www.grupomedcof.com.br\/blog\/wp-content\/uploads\/2022\/01\/logo-medcof.png","width":768,"height":269,"caption":"Grupo MedCof"},"image":{"@id":"https:\/\/www.grupomedcof.com.br\/blog\/#\/schema\/logo\/image\/"},"sameAs":["https:\/\/www.facebook.com\/MedCofQbank\/","https:\/\/www.instagram.com\/grupomedcof\/","https:\/\/br.linkedin.com\/company\/medcof","https:\/\/www.youtube.com\/channel\/UCdHMuOHKICxcHwecxN8P-AA"]},{"@type":"Person","@id":"https:\/\/www.grupomedcof.com.br\/blog\/#\/schema\/person\/5e56a3921255c01181f3d8c20d53f9c0","name":"Grupo MedCof","image":{"@type":"ImageObject","inLanguage":"pt-BR","@id":"https:\/\/www.grupomedcof.com.br\/blog\/wp-content\/uploads\/2023\/04\/cropped-cropped-cropped-cropped-logo-96x96.png28585d174f19c23095510da5f63bc127","url":"https:\/\/www.grupomedcof.com.br\/blog\/wp-content\/uploads\/2023\/04\/cropped-cropped-cropped-cropped-logo-96x96.png","contentUrl":"https:\/\/www.grupomedcof.com.br\/blog\/wp-content\/uploads\/2023\/04\/cropped-cropped-cropped-cropped-logo-96x96.png","caption":"Grupo MedCof"},"description":"Tendo aulas baseadas em quest\u00f5es, + de 115 subespecialistas dispon\u00edveis e uma metodologia \u00fanica, voc\u00ea pode se juntar ao nosso time que conta com mais de 10 mil ...","url":"https:\/\/www.grupomedcof.com.br\/blog\/author\/grupo-medcof\/"}]}},"authors":[{"term_id":3613,"user_id":10,"is_guest":0,"slug":"grupo-medcof","display_name":"Grupo MedCof","avatar_url":"https:\/\/www.grupomedcof.com.br\/blog\/wp-content\/uploads\/2023\/04\/cropped-cropped-cropped-cropped-logo-96x96.png","0":null,"1":"","2":"","3":"","4":"","5":"","6":"","7":"","8":""}],"_links":{"self":[{"href":"https:\/\/www.grupomedcof.com.br\/blog\/wp-json\/wp\/v2\/posts\/6426","targetHints":{"allow":["GET"]}}],"collection":[{"href":"https:\/\/www.grupomedcof.com.br\/blog\/wp-json\/wp\/v2\/posts"}],"about":[{"href":"https:\/\/www.grupomedcof.com.br\/blog\/wp-json\/wp\/v2\/types\/post"}],"author":[{"embeddable":true,"href":"https:\/\/www.grupomedcof.com.br\/blog\/wp-json\/wp\/v2\/users\/10"}],"replies":[{"embeddable":true,"href":"https:\/\/www.grupomedcof.com.br\/blog\/wp-json\/wp\/v2\/comments?post=6426"}],"version-history":[{"count":2,"href":"https:\/\/www.grupomedcof.com.br\/blog\/wp-json\/wp\/v2\/posts\/6426\/revisions"}],"predecessor-version":[{"id":43286,"href":"https:\/\/www.grupomedcof.com.br\/blog\/wp-json\/wp\/v2\/posts\/6426\/revisions\/43286"}],"wp:featuredmedia":[{"embeddable":true,"href":"https:\/\/www.grupomedcof.com.br\/blog\/wp-json\/wp\/v2\/media\/36627"}],"wp:attachment":[{"href":"https:\/\/www.grupomedcof.com.br\/blog\/wp-json\/wp\/v2\/media?parent=6426"}],"wp:term":[{"taxonomy":"category","embeddable":true,"href":"https:\/\/www.grupomedcof.com.br\/blog\/wp-json\/wp\/v2\/categories?post=6426"},{"taxonomy":"post_tag","embeddable":true,"href":"https:\/\/www.grupomedcof.com.br\/blog\/wp-json\/wp\/v2\/tags?post=6426"},{"taxonomy":"author","embeddable":true,"href":"https:\/\/www.grupomedcof.com.br\/blog\/wp-json\/wp\/v2\/ppma_author?post=6426"}],"curies":[{"name":"wp","href":"https:\/\/api.w.org\/{rel}","templated":true}]}}