{"id":6447,"date":"2023-05-04T12:15:42","date_gmt":"2023-05-04T15:15:42","guid":{"rendered":"https:\/\/www.grupomedcof.com.br\/blog\/?p=6447"},"modified":"2023-05-04T12:15:42","modified_gmt":"2023-05-04T15:15:42","slug":"edital-hifa-2023-2","status":"publish","type":"post","link":"https:\/\/www.grupomedcof.com.br\/blog\/edital-hifa-2023-2\/","title":{"rendered":"Edital HIFA 2023.2"},"content":{"rendered":"<div id=\"ez-toc-container\" class=\"ez-toc-v2_0_74 counter-hierarchy ez-toc-counter ez-toc-transparent ez-toc-container-direction\">\n<div class=\"ez-toc-title-container\">\n<p class=\"ez-toc-title\" style=\"cursor:inherit\">Sum\u00e1rio<\/p>\n<span class=\"ez-toc-title-toggle\"><a href=\"#\" class=\"ez-toc-pull-right ez-toc-btn ez-toc-btn-xs ez-toc-btn-default ez-toc-toggle\" aria-label=\"Alternar tabela de conte\u00fado\"><span class=\"ez-toc-js-icon-con\"><span class=\"\"><span class=\"eztoc-hide\" style=\"display:none;\">Toggle<\/span><span class=\"ez-toc-icon-toggle-span\"><svg style=\"fill: #999;color:#999\" xmlns=\"http:\/\/www.w3.org\/2000\/svg\" class=\"list-377408\" width=\"20px\" height=\"20px\" viewBox=\"0 0 24 24\" fill=\"none\"><path d=\"M6 6H4v2h2V6zm14 0H8v2h12V6zM4 11h2v2H4v-2zm16 0H8v2h12v-2zM4 16h2v2H4v-2zm16 0H8v2h12v-2z\" fill=\"currentColor\"><\/path><\/svg><svg style=\"fill: #999;color:#999\" class=\"arrow-unsorted-368013\" xmlns=\"http:\/\/www.w3.org\/2000\/svg\" width=\"10px\" height=\"10px\" viewBox=\"0 0 24 24\" version=\"1.2\" baseProfile=\"tiny\"><path d=\"M18.2 9.3l-6.2-6.3-6.2 6.3c-.2.2-.3.4-.3.7s.1.5.3.7c.2.2.4.3.7.3h11c.3 0 .5-.1.7-.3.2-.2.3-.5.3-.7s-.1-.5-.3-.7zM5.8 14.7l6.2 6.3 6.2-6.3c.2-.2.3-.5.3-.7s-.1-.5-.3-.7c-.2-.2-.4-.3-.7-.3h-11c-.3 0-.5.1-.7.3-.2.2-.3.5-.3.7s.1.5.3.7z\"\/><\/svg><\/span><\/span><\/span><\/a><\/span><\/div>\n<nav><ul class='ez-toc-list ez-toc-list-level-1 ' ><li class='ez-toc-page-1 ez-toc-heading-level-2'><a class=\"ez-toc-link ez-toc-heading-1\" href=\"https:\/\/www.grupomedcof.com.br\/blog\/edital-hifa-2023-2\/#Sobre_o_edital_HIFA_20231\" >Sobre o edital HIFA 2023.1<\/a><\/li><li class='ez-toc-page-1 ez-toc-heading-level-2'><a class=\"ez-toc-link ez-toc-heading-2\" href=\"https:\/\/www.grupomedcof.com.br\/blog\/edital-hifa-2023-2\/#Cronograma_HIFA_20232\" >Cronograma HIFA 2023.2<\/a><\/li><li class='ez-toc-page-1 ez-toc-heading-level-2'><a class=\"ez-toc-link ez-toc-heading-3\" href=\"https:\/\/www.grupomedcof.com.br\/blog\/edital-hifa-2023-2\/#Processo_seletivo\" >Processo seletivo<\/a><\/li><li class='ez-toc-page-1 ez-toc-heading-level-2'><a class=\"ez-toc-link ez-toc-heading-4\" href=\"https:\/\/www.grupomedcof.com.br\/blog\/edital-hifa-2023-2\/#Sobre_o_Pro-Residencia\" >Sobre o Pr\u00f3-Resid\u00eancia<\/a><\/li><li class='ez-toc-page-1 ez-toc-heading-level-2'><a class=\"ez-toc-link ez-toc-heading-5\" href=\"https:\/\/www.grupomedcof.com.br\/blog\/edital-hifa-2023-2\/#Alcance_a_aprovacao\" >Alcance a aprova\u00e7\u00e3o!<\/a><\/li><\/ul><\/nav><\/div>\n<p><img loading=\"lazy\" decoding=\"async\" width=\"800\" height=\"450\" src=\"https:\/\/www.grupomedcof.com.br\/blog\/wp-content\/uploads\/2023\/05\/saiba-mais-sobre-a-69-1024x576.png\" alt=\"Hospital infantil Francisco de Assis\" srcset=\"https:\/\/www.grupomedcof.com.br\/blog\/wp-content\/uploads\/2023\/05\/saiba-mais-sobre-a-69-1024x576.png 1024w, https:\/\/www.grupomedcof.com.br\/blog\/wp-content\/uploads\/2023\/05\/saiba-mais-sobre-a-69-300x169.png 300w, https:\/\/www.grupomedcof.com.br\/blog\/wp-content\/uploads\/2023\/05\/saiba-mais-sobre-a-69-768x432.png 768w, https:\/\/www.grupomedcof.com.br\/blog\/wp-content\/uploads\/2023\/05\/saiba-mais-sobre-a-69-1536x864.png 1536w, https:\/\/www.grupomedcof.com.br\/blog\/wp-content\/uploads\/2023\/05\/saiba-mais-sobre-a-69-2048x1152.png 2048w\" sizes=\"auto, (max-width: 800px) 100vw, 800px\" \/>\t\t\t\t\t\t\t\t\t\t\t\t\t\t\t<\/p>\n<p>Confira o edital extempor\u00e2neo do Hospital Infantil Francisco de Assis (HIFA) de 2023.2. O processo seletivo para resid\u00eancia m\u00e9dica oferecer\u00e1 duas vagas para a especialidade de Neonatologia.<\/p>\n<h4>\n\t\t\t\tSaiba mais\t\t\t<\/h4>\n<h2><span class=\"ez-toc-section\" id=\"Sobre_o_edital_HIFA_20231\"><\/span>Sobre o edital HIFA 2023.1<span class=\"ez-toc-section-end\"><\/span><\/h2>\n<p>A publica\u00e7\u00e3o do\u00a0<a href=\"http:\/\/www.hifa.org.br\/arquivos\/Edital%2002_2023Neo.pdf\" target=\"_blank\" rel=\"noopener\">edital<\/a>\u00a0para o<b> HIFA 2023.2 <\/b>com vagas para o segundo semestre deste ano ocorreu no dia <b>24 de abril de 2023<\/b>. Destinadas ao Hospital Infantil Francisco de Assis (HIFA), localizado em Cachoeiro de Itapemirim (ES), as vagas extempor\u00e2neas se devem \u00e0 aquisi\u00e7\u00e3o de 20 bolsas extras oferecidas pelo Minst\u00e9rio da Sa\u00fade, pela institui\u00e7\u00e3o ter aderido ao Programa Nacional de Apoio \u00e0 Forma\u00e7\u00e3o de M\u00e9dicos Especialistas em \u00c1reas Estrat\u00e9gicas (Pr\u00f3-Resid\u00eancia).<\/p>\n<p>\u00a0<\/p>\n<p>\u00a0<\/p>\n<p>De acordo com o\u00a0 edital, h\u00e1 2<b> vagas para o programa de neonatologia<\/b>, com pr\u00e9-requisito em Pediatria. Dessa forma, os candidatos interessados dever\u00e3o entre os dias<b> 8\u00a0 e 10 de maio<\/b> para inscreverem-se atrav\u00e9s no site do HIFA. O valor da taxa de inscri\u00e7\u00e3o foi estabelecido em <b>R$ 300,00<\/b>.<\/p>\n<h2><span class=\"ez-toc-section\" id=\"Cronograma_HIFA_20232\"><\/span>Cronograma HIFA 2023.2<span class=\"ez-toc-section-end\"><\/span><\/h2>\n<ul>\n<li style=\"font-size: 16px; background-color: #ffffff;\">Inscri\u00e7\u00f5es:\u00a008 a 10\/05\/2023<\/li>\n<li style=\"font-size: 16px; background-color: #ffffff;\">Prova objetiva:\u00a028\/05\/02023<\/li>\n<li style=\"font-size: 16px; background-color: #ffffff;\">Gabarito Preliminar e Resultado Preliminar:\u00a001\/06\/2023<\/li>\n<li style=\"font-size: 16px; background-color: #ffffff;\">Recursos:\u00a005\/06\/2023<\/li>\n<li style=\"font-size: 16px; background-color: #ffffff;\">Respostas ao Recursos:\u00a008\/06\/2023<\/li>\n<li style=\"font-size: 16px; background-color: #ffffff;\">Gabarito final:\u00a009\/06\/2023<\/li>\n<li style=\"font-size: 16px; background-color: #ffffff;\">Resultado Final:\u00a014\/06\/2023<\/li>\n<li style=\"font-size: 16px; background-color: #ffffff;\">Matr\u00edcula 1\u00aa chamada:\u00a016 a 23\/06\/2023<\/li>\n<li style=\"font-size: 16px; background-color: #ffffff;\">In\u00edcio dos programas:\u00a001\/07\/2023<\/li>\n<\/ul>\n<h2 style=\"font-family: Poppins, sans-serif; color: rgb(122, 122, 122);\"><span class=\"ez-toc-section\" id=\"Processo_seletivo\"><\/span>Processo seletivo<span class=\"ez-toc-section-end\"><\/span><\/h2>\n<p>A aplica\u00e7\u00e3o da prova objetiva ocorrer\u00e1 no dia<b> 28 de maio de 2023<\/b> no Centro de Estudos do HIFA, em Cachoeiro de Itapemirim (ES), com horas de dura\u00e7\u00e3o. Desse modo, os candidatos dever\u00e3o com <b>30 minutos de anteced\u00eancia<\/b>, portando caneta esferogr\u00e1fica transparente da cor preta ou azul, bem como um documento oficial com foto.\u00a0Portanto, por se tratar de uma prova te\u00f3rica de car\u00e1ter eliminat\u00f3rio, aqueles que atingirem a pontua\u00e7\u00e3o m\u00ednima de <b>50% de acertos<\/b> prosseguir\u00e3o para a pr\u00f3xima etapa, a an\u00e1lise curricular.<\/p>\n<p>\u00a0<\/p>\n<p>\u00a0<\/p>\n<p>Dessa forma, para 2\u00aa fase do processo seletivo os <b>documentos dever\u00e3o ser enviados durante a inscri\u00e7\u00e3o. Mas atende<\/b>-se aos requisitos contidos no edital!<\/p>\n<h2><span class=\"ez-toc-section\" id=\"Sobre_o_Pro-Residencia\"><\/span>Sobre o Pr\u00f3-Resid\u00eancia<span class=\"ez-toc-section-end\"><\/span><\/h2>\n<p>Em&nbsp;22 de outubro de 2009&nbsp;a&nbsp;Portaria Interministerial N\u00ba 1001\/MEC\/MS instituiu o Programa Nacional de Apoio \u00e0 Forma\u00e7\u00e3o de M\u00e9dicos Especialista em \u00c1reas Estrat\u00e9gicas (Pr\u00f3-Resid\u00eancia).&nbsp;At\u00e9 hoje, o programa contou com&nbsp;duas edi\u00e7\u00f5es,&nbsp;uma realizada em 2009 e outra em 2010.&nbsp; Assim sendo, a retomada do programa, anunciada em 6 de mar\u00e7o de 2023, trouxe 963&nbsp;<a href=\"https:\/\/www.grupomedcof.com.br\/blog\/pro-residencia-vagas-para-o-2o-semestre\/\" target=\"_blank\" rel=\"noopener\">novas bolsas&nbsp;<\/a>com o objetivo de incentivar a forma\u00e7\u00e3o de m\u00e9dicos especializados em regi\u00f5es consideradas priorit\u00e1rias pelo SUS.<\/p>\n<p>Dessa forma, podiam solicitar a expans\u00e3o das vagas para resid\u00eancia m\u00e9dica:<\/p>\n<ul style=\"font-size: 16px; background-color: rgb(255, 255, 255);\">\n<li style=\"font-size: 16px;\">Institui\u00e7\u00f5es federais vinculadas ao Minist\u00e9rio da Sa\u00fade ou ao Minist\u00e9rio da Educa\u00e7\u00e3o (MEC),<\/li>\n<li style=\"font-size: 16px;\">\u00d3rg\u00e3os e institui\u00e7\u00f5es p\u00fablicas, distrital, estaduais, municipais<\/li>\n<li style=\"font-size: 16px;\">Institui\u00e7\u00f5es privadas, mas sem fins lucrativos<\/li>\n<\/ul>\n<p>Contanto que estas ofertassem programas credenciados pelo MEC.<\/p>\n<p>Assim, os candidatos aos programas de resid\u00eancia m\u00e9dica participar\u00e3o do processo seletivo oferecido pelas pr\u00f3prias institui\u00e7\u00f5es aderentes ou n\u00e3o ao Pr\u00f3-Resid\u00eancia.<\/p>\n<h2 style=\"font-family: Poppins, sans-serif; color: rgb(122, 122, 122);\"><span class=\"ez-toc-section\" id=\"Alcance_a_aprovacao\"><\/span>Alcance a aprova\u00e7\u00e3o!<span class=\"ez-toc-section-end\"><\/span><\/h2>\n<p>A&nbsp;<a href=\"https:\/\/www.grupomedcof.com.br\/links-revalida\/#\" target=\"\" rel=\"noopener\" style=\"background-color: rgb(255, 255, 255); font-family: var( --e-global-typography-text-font-family ), Sans-serif; font-weight: var( --e-global-typography-text-font-weight );\">Medcof<\/a>&nbsp;tem um cat\u00e1logo repleto de cursos que te guiar\u00e3o na jornada \u00e0 Resid\u00eancia M\u00e9dica dos sonhos! Ent\u00e3o, confira os nossos cursos&nbsp; e seja<a href=\"https:\/\/www.grupomedcof.com.br\/blog\/presenca-da-medcof-nas-aprovacoes-em-residencia-medica-no-brasil\/\" style=\"background-color: rgb(255, 255, 255); font-family: var( --e-global-typography-text-font-family ), Sans-serif; font-weight: var( --e-global-typography-text-font-weight );\">&nbsp;mais um aprovado<\/a>&nbsp;nas melhores institui\u00e7\u00f5es do pa\u00eds!<\/p>\n<p>\t\t\t\t\t\t\t\t\t\t\t\t\t\t\t<img loading=\"lazy\" decoding=\"async\" width=\"800\" height=\"397\" src=\"https:\/\/www.grupomedcof.com.br\/blog\/wp-content\/uploads\/2023\/03\/aprovados-1024x508.png\" alt=\"Aprovados medcof\" srcset=\"https:\/\/www.grupomedcof.com.br\/blog\/wp-content\/uploads\/2023\/03\/aprovados-1024x508.png 1024w, https:\/\/www.grupomedcof.com.br\/blog\/wp-content\/uploads\/2023\/03\/aprovados-300x149.png 300w, https:\/\/www.grupomedcof.com.br\/blog\/wp-content\/uploads\/2023\/03\/aprovados-768x381.png 768w, https:\/\/www.grupomedcof.com.br\/blog\/wp-content\/uploads\/2023\/03\/aprovados.png 1436w\" sizes=\"auto, (max-width: 800px) 100vw, 800px\" \/><\/p>\n","protected":false},"excerpt":{"rendered":"<p>Confira o edital extempor\u00e2neo do Hospital Infantil Francisco de Assis (HIFA) de 2023.2. O processo seletivo para resid\u00eancia m\u00e9dica oferecer\u00e1 duas vagas para a especialidade de Neonatologia. Saiba mais Sobre o edital HIFA 2023.1 A publica\u00e7\u00e3o do\u00a0edital\u00a0para o HIFA 2023.2 com vagas para o segundo semestre deste ano ocorreu no dia 24 de abril de [&hellip;]<\/p>\n","protected":false},"author":6,"featured_media":6450,"comment_status":"open","ping_status":"open","sticky":false,"template":"","format":"standard","meta":{"footnotes":""},"categories":[10],"tags":[93,117,68],"ppma_author":[3609],"class_list":{"0":"post-6447","1":"post","2":"type-post","3":"status-publish","4":"format-standard","5":"has-post-thumbnail","7":"category-raio-x-editais","8":"tag-especialidades-medicas","9":"tag-provas-de-residencia","10":"tag-residencia-medica"},"yoast_head":"<!-- This site is optimized with the Yoast SEO Premium plugin v24.3 (Yoast SEO v27.4) - https:\/\/yoast.com\/product\/yoast-seo-premium-wordpress\/ -->\n<title>Edital HIFA 2023.2 - Blog de Medcof: conte\u00fados, editais, revalida e mais!<\/title>\n<meta name=\"description\" content=\"O Hospital Infantil de Assis (HIFA) publicou o edital de 2023.2 com as vagas extempor\u00e2neas para neonatologia.\" \/>\n<meta name=\"robots\" content=\"index, follow, max-snippet:-1, max-image-preview:large, max-video-preview:-1\" \/>\n<link rel=\"canonical\" href=\"https:\/\/www.grupomedcof.com.br\/blog\/edital-hifa-2023-2\/\" \/>\n<meta property=\"og:locale\" content=\"pt_BR\" \/>\n<meta property=\"og:type\" content=\"article\" \/>\n<meta property=\"og:title\" content=\"Edital HIFA 2023.2\" \/>\n<meta property=\"og:description\" content=\"O Hospital Infantil de Assis (HIFA) publicou o edital de 2023.2 com as vagas extempor\u00e2neas para neonatologia.\" \/>\n<meta property=\"og:url\" content=\"https:\/\/www.grupomedcof.com.br\/blog\/edital-hifa-2023-2\/\" \/>\n<meta property=\"og:site_name\" content=\"Blog de Medcof: conte\u00fados, editais, revalida e mais!\" \/>\n<meta property=\"article:publisher\" content=\"https:\/\/www.facebook.com\/MedCofQbank\/\" \/>\n<meta property=\"article:published_time\" content=\"2023-05-04T15:15:42+00:00\" \/>\n<meta property=\"og:image\" content=\"https:\/\/www.grupomedcof.com.br\/blog\/wp-content\/uploads\/2023\/05\/saiba-mais-sobre-a-69-1024x576.png\" \/>\n\t<meta property=\"og:image:width\" content=\"1024\" \/>\n\t<meta property=\"og:image:height\" content=\"576\" \/>\n\t<meta property=\"og:image:type\" content=\"image\/png\" \/>\n<meta name=\"author\" content=\"J\u00falia Moreira\" \/>\n<meta name=\"twitter:card\" content=\"summary_large_image\" \/>\n<meta name=\"twitter:label1\" content=\"Escrito por\" \/>\n\t<meta name=\"twitter:data1\" content=\"J\u00falia Moreira\" \/>\n\t<meta name=\"twitter:label2\" content=\"Est. tempo de leitura\" \/>\n\t<meta name=\"twitter:data2\" content=\"6 minutos\" \/>\n<script type=\"application\/ld+json\" class=\"yoast-schema-graph\">{\"@context\":\"https:\\\/\\\/schema.org\",\"@graph\":[{\"@type\":\"Article\",\"@id\":\"https:\\\/\\\/www.grupomedcof.com.br\\\/blog\\\/edital-hifa-2023-2\\\/#article\",\"isPartOf\":{\"@id\":\"https:\\\/\\\/www.grupomedcof.com.br\\\/blog\\\/edital-hifa-2023-2\\\/\"},\"author\":{\"name\":\"J\u00falia Moreira\",\"@id\":\"https:\\\/\\\/www.grupomedcof.com.br\\\/blog\\\/#\\\/schema\\\/person\\\/1375e0ce724529d7a1d8156ea7f8ceaa\"},\"headline\":\"Edital HIFA 2023.2\",\"datePublished\":\"2023-05-04T15:15:42+00:00\",\"mainEntityOfPage\":{\"@id\":\"https:\\\/\\\/www.grupomedcof.com.br\\\/blog\\\/edital-hifa-2023-2\\\/\"},\"wordCount\":536,\"commentCount\":0,\"publisher\":{\"@id\":\"https:\\\/\\\/www.grupomedcof.com.br\\\/blog\\\/#organization\"},\"image\":{\"@id\":\"https:\\\/\\\/www.grupomedcof.com.br\\\/blog\\\/edital-hifa-2023-2\\\/#primaryimage\"},\"thumbnailUrl\":\"https:\\\/\\\/www.grupomedcof.com.br\\\/blog\\\/wp-content\\\/uploads\\\/2023\\\/05\\\/saiba-mais-sobre-a-69.png\",\"keywords\":[\"Especialidades m\u00e9dicas\",\"Provas de Resid\u00eancia\",\"Resid\u00eancia M\u00e9dica\"],\"articleSection\":[\"Raio-X Editais\"],\"inLanguage\":\"pt-BR\"},{\"@type\":\"WebPage\",\"@id\":\"https:\\\/\\\/www.grupomedcof.com.br\\\/blog\\\/edital-hifa-2023-2\\\/\",\"url\":\"https:\\\/\\\/www.grupomedcof.com.br\\\/blog\\\/edital-hifa-2023-2\\\/\",\"name\":\"Edital HIFA 2023.2 - Blog de Medcof: conte\u00fados, editais, revalida e mais!\",\"isPartOf\":{\"@id\":\"https:\\\/\\\/www.grupomedcof.com.br\\\/blog\\\/#website\"},\"primaryImageOfPage\":{\"@id\":\"https:\\\/\\\/www.grupomedcof.com.br\\\/blog\\\/edital-hifa-2023-2\\\/#primaryimage\"},\"image\":{\"@id\":\"https:\\\/\\\/www.grupomedcof.com.br\\\/blog\\\/edital-hifa-2023-2\\\/#primaryimage\"},\"thumbnailUrl\":\"https:\\\/\\\/www.grupomedcof.com.br\\\/blog\\\/wp-content\\\/uploads\\\/2023\\\/05\\\/saiba-mais-sobre-a-69.png\",\"datePublished\":\"2023-05-04T15:15:42+00:00\",\"description\":\"O Hospital Infantil de Assis (HIFA) publicou o edital de 2023.2 com as vagas extempor\u00e2neas para neonatologia.\",\"breadcrumb\":{\"@id\":\"https:\\\/\\\/www.grupomedcof.com.br\\\/blog\\\/edital-hifa-2023-2\\\/#breadcrumb\"},\"inLanguage\":\"pt-BR\",\"potentialAction\":[{\"@type\":\"ReadAction\",\"target\":[\"https:\\\/\\\/www.grupomedcof.com.br\\\/blog\\\/edital-hifa-2023-2\\\/\"]}]},{\"@type\":\"ImageObject\",\"inLanguage\":\"pt-BR\",\"@id\":\"https:\\\/\\\/www.grupomedcof.com.br\\\/blog\\\/edital-hifa-2023-2\\\/#primaryimage\",\"url\":\"https:\\\/\\\/www.grupomedcof.com.br\\\/blog\\\/wp-content\\\/uploads\\\/2023\\\/05\\\/saiba-mais-sobre-a-69.png\",\"contentUrl\":\"https:\\\/\\\/www.grupomedcof.com.br\\\/blog\\\/wp-content\\\/uploads\\\/2023\\\/05\\\/saiba-mais-sobre-a-69.png\",\"width\":2560,\"height\":1440,\"caption\":\"Hospital infantil Francisco de Assis\"},{\"@type\":\"BreadcrumbList\",\"@id\":\"https:\\\/\\\/www.grupomedcof.com.br\\\/blog\\\/edital-hifa-2023-2\\\/#breadcrumb\",\"itemListElement\":[{\"@type\":\"ListItem\",\"position\":1,\"name\":\"In\u00edcio\",\"item\":\"https:\\\/\\\/www.grupomedcof.com.br\\\/blog\\\/\"},{\"@type\":\"ListItem\",\"position\":2,\"name\":\"Edital HIFA 2023.2\"}]},{\"@type\":\"WebSite\",\"@id\":\"https:\\\/\\\/www.grupomedcof.com.br\\\/blog\\\/#website\",\"url\":\"https:\\\/\\\/www.grupomedcof.com.br\\\/blog\\\/\",\"name\":\"Blog de Medcof: conte\u00fados, editais, revalida e mais!\",\"description\":\"Acesso o blog de MedCof! Seu portal de conte\u00fados sobre resid\u00eancia m\u00e9dica, an\u00e1lise e editais e muito mais. Clique e confira!\",\"publisher\":{\"@id\":\"https:\\\/\\\/www.grupomedcof.com.br\\\/blog\\\/#organization\"},\"alternateName\":\"Blog de Medcof: conte\u00fados, editais, revalida e mais!\",\"potentialAction\":[{\"@type\":\"SearchAction\",\"target\":{\"@type\":\"EntryPoint\",\"urlTemplate\":\"https:\\\/\\\/www.grupomedcof.com.br\\\/blog\\\/?s={search_term_string}\"},\"query-input\":{\"@type\":\"PropertyValueSpecification\",\"valueRequired\":true,\"valueName\":\"search_term_string\"}}],\"inLanguage\":\"pt-BR\"},{\"@type\":\"Organization\",\"@id\":\"https:\\\/\\\/www.grupomedcof.com.br\\\/blog\\\/#organization\",\"name\":\"Grupo MedCof\",\"url\":\"https:\\\/\\\/www.grupomedcof.com.br\\\/blog\\\/\",\"logo\":{\"@type\":\"ImageObject\",\"inLanguage\":\"pt-BR\",\"@id\":\"https:\\\/\\\/www.grupomedcof.com.br\\\/blog\\\/#\\\/schema\\\/logo\\\/image\\\/\",\"url\":\"https:\\\/\\\/www.grupomedcof.com.br\\\/blog\\\/wp-content\\\/uploads\\\/2022\\\/01\\\/logo-medcof.png\",\"contentUrl\":\"https:\\\/\\\/www.grupomedcof.com.br\\\/blog\\\/wp-content\\\/uploads\\\/2022\\\/01\\\/logo-medcof.png\",\"width\":768,\"height\":269,\"caption\":\"Grupo MedCof\"},\"image\":{\"@id\":\"https:\\\/\\\/www.grupomedcof.com.br\\\/blog\\\/#\\\/schema\\\/logo\\\/image\\\/\"},\"sameAs\":[\"https:\\\/\\\/www.facebook.com\\\/MedCofQbank\\\/\",\"https:\\\/\\\/www.instagram.com\\\/grupomedcof\\\/\",\"https:\\\/\\\/br.linkedin.com\\\/company\\\/medcof\",\"https:\\\/\\\/www.youtube.com\\\/channel\\\/UCdHMuOHKICxcHwecxN8P-AA\"]},{\"@type\":\"Person\",\"@id\":\"https:\\\/\\\/www.grupomedcof.com.br\\\/blog\\\/#\\\/schema\\\/person\\\/1375e0ce724529d7a1d8156ea7f8ceaa\",\"name\":\"J\u00falia Moreira\",\"image\":{\"@type\":\"ImageObject\",\"inLanguage\":\"pt-BR\",\"@id\":\"https:\\\/\\\/www.grupomedcof.com.br\\\/blog\\\/wp-content\\\/uploads\\\/2024\\\/12\\\/cropped-Captura-de-tela-2023-12-15-094946-96x96.png6a0083ac34a0445de97d55fae63a4a41\",\"url\":\"https:\\\/\\\/www.grupomedcof.com.br\\\/blog\\\/wp-content\\\/uploads\\\/2024\\\/12\\\/cropped-Captura-de-tela-2023-12-15-094946-96x96.png\",\"contentUrl\":\"https:\\\/\\\/www.grupomedcof.com.br\\\/blog\\\/wp-content\\\/uploads\\\/2024\\\/12\\\/cropped-Captura-de-tela-2023-12-15-094946-96x96.png\",\"caption\":\"J\u00falia Moreira\"},\"description\":\"Estudante do 8\u00ba semestre de Jornalismo na ECA-USP, f\u00e3 de filmes de terror e m\u00fasica popular sul-coreana.\",\"sameAs\":[\"https:\\\/\\\/www.grupomedcof.com.br\\\/\"],\"url\":\"https:\\\/\\\/www.grupomedcof.com.br\\\/blog\\\/author\\\/julia\\\/\"}]}<\/script>\n<!-- \/ Yoast SEO Premium plugin. -->","yoast_head_json":{"title":"Edital HIFA 2023.2 - Blog de Medcof: conte\u00fados, editais, revalida e mais!","description":"O Hospital Infantil de Assis (HIFA) publicou o edital de 2023.2 com as vagas extempor\u00e2neas para neonatologia.","robots":{"index":"index","follow":"follow","max-snippet":"max-snippet:-1","max-image-preview":"max-image-preview:large","max-video-preview":"max-video-preview:-1"},"canonical":"https:\/\/www.grupomedcof.com.br\/blog\/edital-hifa-2023-2\/","og_locale":"pt_BR","og_type":"article","og_title":"Edital HIFA 2023.2","og_description":"O Hospital Infantil de Assis (HIFA) publicou o edital de 2023.2 com as vagas extempor\u00e2neas para neonatologia.","og_url":"https:\/\/www.grupomedcof.com.br\/blog\/edital-hifa-2023-2\/","og_site_name":"Blog de Medcof: conte\u00fados, editais, revalida e mais!","article_publisher":"https:\/\/www.facebook.com\/MedCofQbank\/","article_published_time":"2023-05-04T15:15:42+00:00","og_image":[{"width":1024,"height":576,"url":"https:\/\/www.grupomedcof.com.br\/blog\/wp-content\/uploads\/2023\/05\/saiba-mais-sobre-a-69-1024x576.png","type":"image\/png"}],"author":"J\u00falia Moreira","twitter_card":"summary_large_image","twitter_misc":{"Escrito por":"J\u00falia Moreira","Est. tempo de leitura":"6 minutos"},"schema":{"@context":"https:\/\/schema.org","@graph":[{"@type":"Article","@id":"https:\/\/www.grupomedcof.com.br\/blog\/edital-hifa-2023-2\/#article","isPartOf":{"@id":"https:\/\/www.grupomedcof.com.br\/blog\/edital-hifa-2023-2\/"},"author":{"name":"J\u00falia Moreira","@id":"https:\/\/www.grupomedcof.com.br\/blog\/#\/schema\/person\/1375e0ce724529d7a1d8156ea7f8ceaa"},"headline":"Edital HIFA 2023.2","datePublished":"2023-05-04T15:15:42+00:00","mainEntityOfPage":{"@id":"https:\/\/www.grupomedcof.com.br\/blog\/edital-hifa-2023-2\/"},"wordCount":536,"commentCount":0,"publisher":{"@id":"https:\/\/www.grupomedcof.com.br\/blog\/#organization"},"image":{"@id":"https:\/\/www.grupomedcof.com.br\/blog\/edital-hifa-2023-2\/#primaryimage"},"thumbnailUrl":"https:\/\/www.grupomedcof.com.br\/blog\/wp-content\/uploads\/2023\/05\/saiba-mais-sobre-a-69.png","keywords":["Especialidades m\u00e9dicas","Provas de Resid\u00eancia","Resid\u00eancia M\u00e9dica"],"articleSection":["Raio-X Editais"],"inLanguage":"pt-BR"},{"@type":"WebPage","@id":"https:\/\/www.grupomedcof.com.br\/blog\/edital-hifa-2023-2\/","url":"https:\/\/www.grupomedcof.com.br\/blog\/edital-hifa-2023-2\/","name":"Edital HIFA 2023.2 - Blog de Medcof: conte\u00fados, editais, revalida e mais!","isPartOf":{"@id":"https:\/\/www.grupomedcof.com.br\/blog\/#website"},"primaryImageOfPage":{"@id":"https:\/\/www.grupomedcof.com.br\/blog\/edital-hifa-2023-2\/#primaryimage"},"image":{"@id":"https:\/\/www.grupomedcof.com.br\/blog\/edital-hifa-2023-2\/#primaryimage"},"thumbnailUrl":"https:\/\/www.grupomedcof.com.br\/blog\/wp-content\/uploads\/2023\/05\/saiba-mais-sobre-a-69.png","datePublished":"2023-05-04T15:15:42+00:00","description":"O Hospital Infantil de Assis (HIFA) publicou o edital de 2023.2 com as vagas extempor\u00e2neas para neonatologia.","breadcrumb":{"@id":"https:\/\/www.grupomedcof.com.br\/blog\/edital-hifa-2023-2\/#breadcrumb"},"inLanguage":"pt-BR","potentialAction":[{"@type":"ReadAction","target":["https:\/\/www.grupomedcof.com.br\/blog\/edital-hifa-2023-2\/"]}]},{"@type":"ImageObject","inLanguage":"pt-BR","@id":"https:\/\/www.grupomedcof.com.br\/blog\/edital-hifa-2023-2\/#primaryimage","url":"https:\/\/www.grupomedcof.com.br\/blog\/wp-content\/uploads\/2023\/05\/saiba-mais-sobre-a-69.png","contentUrl":"https:\/\/www.grupomedcof.com.br\/blog\/wp-content\/uploads\/2023\/05\/saiba-mais-sobre-a-69.png","width":2560,"height":1440,"caption":"Hospital infantil Francisco de Assis"},{"@type":"BreadcrumbList","@id":"https:\/\/www.grupomedcof.com.br\/blog\/edital-hifa-2023-2\/#breadcrumb","itemListElement":[{"@type":"ListItem","position":1,"name":"In\u00edcio","item":"https:\/\/www.grupomedcof.com.br\/blog\/"},{"@type":"ListItem","position":2,"name":"Edital HIFA 2023.2"}]},{"@type":"WebSite","@id":"https:\/\/www.grupomedcof.com.br\/blog\/#website","url":"https:\/\/www.grupomedcof.com.br\/blog\/","name":"Blog de Medcof: conte\u00fados, editais, revalida e mais!","description":"Acesso o blog de MedCof! Seu portal de conte\u00fados sobre resid\u00eancia m\u00e9dica, an\u00e1lise e editais e muito mais. Clique e confira!","publisher":{"@id":"https:\/\/www.grupomedcof.com.br\/blog\/#organization"},"alternateName":"Blog de Medcof: conte\u00fados, editais, revalida e mais!","potentialAction":[{"@type":"SearchAction","target":{"@type":"EntryPoint","urlTemplate":"https:\/\/www.grupomedcof.com.br\/blog\/?s={search_term_string}"},"query-input":{"@type":"PropertyValueSpecification","valueRequired":true,"valueName":"search_term_string"}}],"inLanguage":"pt-BR"},{"@type":"Organization","@id":"https:\/\/www.grupomedcof.com.br\/blog\/#organization","name":"Grupo MedCof","url":"https:\/\/www.grupomedcof.com.br\/blog\/","logo":{"@type":"ImageObject","inLanguage":"pt-BR","@id":"https:\/\/www.grupomedcof.com.br\/blog\/#\/schema\/logo\/image\/","url":"https:\/\/www.grupomedcof.com.br\/blog\/wp-content\/uploads\/2022\/01\/logo-medcof.png","contentUrl":"https:\/\/www.grupomedcof.com.br\/blog\/wp-content\/uploads\/2022\/01\/logo-medcof.png","width":768,"height":269,"caption":"Grupo MedCof"},"image":{"@id":"https:\/\/www.grupomedcof.com.br\/blog\/#\/schema\/logo\/image\/"},"sameAs":["https:\/\/www.facebook.com\/MedCofQbank\/","https:\/\/www.instagram.com\/grupomedcof\/","https:\/\/br.linkedin.com\/company\/medcof","https:\/\/www.youtube.com\/channel\/UCdHMuOHKICxcHwecxN8P-AA"]},{"@type":"Person","@id":"https:\/\/www.grupomedcof.com.br\/blog\/#\/schema\/person\/1375e0ce724529d7a1d8156ea7f8ceaa","name":"J\u00falia Moreira","image":{"@type":"ImageObject","inLanguage":"pt-BR","@id":"https:\/\/www.grupomedcof.com.br\/blog\/wp-content\/uploads\/2024\/12\/cropped-Captura-de-tela-2023-12-15-094946-96x96.png6a0083ac34a0445de97d55fae63a4a41","url":"https:\/\/www.grupomedcof.com.br\/blog\/wp-content\/uploads\/2024\/12\/cropped-Captura-de-tela-2023-12-15-094946-96x96.png","contentUrl":"https:\/\/www.grupomedcof.com.br\/blog\/wp-content\/uploads\/2024\/12\/cropped-Captura-de-tela-2023-12-15-094946-96x96.png","caption":"J\u00falia Moreira"},"description":"Estudante do 8\u00ba semestre de Jornalismo na ECA-USP, f\u00e3 de filmes de terror e m\u00fasica popular sul-coreana.","sameAs":["https:\/\/www.grupomedcof.com.br\/"],"url":"https:\/\/www.grupomedcof.com.br\/blog\/author\/julia\/"}]}},"authors":[{"term_id":3609,"user_id":6,"is_guest":0,"slug":"julia","display_name":"J\u00falia Moreira","avatar_url":"https:\/\/www.grupomedcof.com.br\/blog\/wp-content\/uploads\/2024\/12\/cropped-Captura-de-tela-2023-12-15-094946-96x96.png","0":null,"1":"","2":"","3":"","4":"","5":"","6":"","7":"","8":""}],"_links":{"self":[{"href":"https:\/\/www.grupomedcof.com.br\/blog\/wp-json\/wp\/v2\/posts\/6447","targetHints":{"allow":["GET"]}}],"collection":[{"href":"https:\/\/www.grupomedcof.com.br\/blog\/wp-json\/wp\/v2\/posts"}],"about":[{"href":"https:\/\/www.grupomedcof.com.br\/blog\/wp-json\/wp\/v2\/types\/post"}],"author":[{"embeddable":true,"href":"https:\/\/www.grupomedcof.com.br\/blog\/wp-json\/wp\/v2\/users\/6"}],"replies":[{"embeddable":true,"href":"https:\/\/www.grupomedcof.com.br\/blog\/wp-json\/wp\/v2\/comments?post=6447"}],"version-history":[{"count":0,"href":"https:\/\/www.grupomedcof.com.br\/blog\/wp-json\/wp\/v2\/posts\/6447\/revisions"}],"wp:featuredmedia":[{"embeddable":true,"href":"https:\/\/www.grupomedcof.com.br\/blog\/wp-json\/wp\/v2\/media\/6450"}],"wp:attachment":[{"href":"https:\/\/www.grupomedcof.com.br\/blog\/wp-json\/wp\/v2\/media?parent=6447"}],"wp:term":[{"taxonomy":"category","embeddable":true,"href":"https:\/\/www.grupomedcof.com.br\/blog\/wp-json\/wp\/v2\/categories?post=6447"},{"taxonomy":"post_tag","embeddable":true,"href":"https:\/\/www.grupomedcof.com.br\/blog\/wp-json\/wp\/v2\/tags?post=6447"},{"taxonomy":"author","embeddable":true,"href":"https:\/\/www.grupomedcof.com.br\/blog\/wp-json\/wp\/v2\/ppma_author?post=6447"}],"curies":[{"name":"wp","href":"https:\/\/api.w.org\/{rel}","templated":true}]}}