{"id":6637,"date":"2023-05-09T13:16:01","date_gmt":"2023-05-09T16:16:01","guid":{"rendered":"https:\/\/www.grupomedcof.com.br\/blog\/?p=6637"},"modified":"2024-05-06T18:31:37","modified_gmt":"2024-05-06T21:31:37","slug":"residencia-medica-surce-2023-2-2","status":"publish","type":"post","link":"https:\/\/www.grupomedcof.com.br\/blog\/residencia-medica-surce-2023-2-2\/","title":{"rendered":"Resid\u00eancia M\u00e9dica: SURCE 2023.2"},"content":{"rendered":"<div id=\"ez-toc-container\" class=\"ez-toc-v2_0_74 counter-hierarchy ez-toc-counter ez-toc-transparent ez-toc-container-direction\">\n<div class=\"ez-toc-title-container\">\n<p class=\"ez-toc-title\" style=\"cursor:inherit\">Sum\u00e1rio<\/p>\n<span class=\"ez-toc-title-toggle\"><a href=\"#\" class=\"ez-toc-pull-right ez-toc-btn ez-toc-btn-xs ez-toc-btn-default ez-toc-toggle\" aria-label=\"Alternar tabela de conte\u00fado\"><span class=\"ez-toc-js-icon-con\"><span class=\"\"><span class=\"eztoc-hide\" style=\"display:none;\">Toggle<\/span><span class=\"ez-toc-icon-toggle-span\"><svg style=\"fill: #999;color:#999\" xmlns=\"http:\/\/www.w3.org\/2000\/svg\" class=\"list-377408\" width=\"20px\" height=\"20px\" viewBox=\"0 0 24 24\" fill=\"none\"><path d=\"M6 6H4v2h2V6zm14 0H8v2h12V6zM4 11h2v2H4v-2zm16 0H8v2h12v-2zM4 16h2v2H4v-2zm16 0H8v2h12v-2z\" fill=\"currentColor\"><\/path><\/svg><svg style=\"fill: #999;color:#999\" class=\"arrow-unsorted-368013\" xmlns=\"http:\/\/www.w3.org\/2000\/svg\" width=\"10px\" height=\"10px\" viewBox=\"0 0 24 24\" version=\"1.2\" baseProfile=\"tiny\"><path d=\"M18.2 9.3l-6.2-6.3-6.2 6.3c-.2.2-.3.4-.3.7s.1.5.3.7c.2.2.4.3.7.3h11c.3 0 .5-.1.7-.3.2-.2.3-.5.3-.7s-.1-.5-.3-.7zM5.8 14.7l6.2 6.3 6.2-6.3c.2-.2.3-.5.3-.7s-.1-.5-.3-.7c-.2-.2-.4-.3-.7-.3h-11c-.3 0-.5.1-.7.3-.2.2-.3.5-.3.7s.1.5.3.7z\"\/><\/svg><\/span><\/span><\/span><\/a><\/span><\/div>\n<nav><ul class='ez-toc-list ez-toc-list-level-1 ' ><li class='ez-toc-page-1 ez-toc-heading-level-2'><a class=\"ez-toc-link ez-toc-heading-1\" href=\"https:\/\/www.grupomedcof.com.br\/blog\/residencia-medica-surce-2023-2-2\/#Residencia_Medica_SURCE_20232\" >Resid\u00eancia M\u00e9dica: SURCE 2023.2<\/a><\/li><li class='ez-toc-page-1 ez-toc-heading-level-2'><a class=\"ez-toc-link ez-toc-heading-2\" href=\"https:\/\/www.grupomedcof.com.br\/blog\/residencia-medica-surce-2023-2-2\/#Vagas_SURCE_20232\" >Vagas SURCE 2023.2<\/a><\/li><li class='ez-toc-page-1 ez-toc-heading-level-2'><a class=\"ez-toc-link ez-toc-heading-3\" href=\"https:\/\/www.grupomedcof.com.br\/blog\/residencia-medica-surce-2023-2-2\/#Cronograma_SURCE_20232\" >Cronograma SURCE 2023.2<\/a><\/li><li class='ez-toc-page-1 ez-toc-heading-level-2'><a class=\"ez-toc-link ez-toc-heading-4\" href=\"https:\/\/www.grupomedcof.com.br\/blog\/residencia-medica-surce-2023-2-2\/#Processo_Seletivo\" >Processo Seletivo<\/a><\/li><li class='ez-toc-page-1 ez-toc-heading-level-2'><a class=\"ez-toc-link ez-toc-heading-5\" href=\"https:\/\/www.grupomedcof.com.br\/blog\/residencia-medica-surce-2023-2-2\/#Sobre_a_SURCE\" >Sobre a SURCE<\/a><\/li><li class='ez-toc-page-1 ez-toc-heading-level-2'><a class=\"ez-toc-link ez-toc-heading-6\" href=\"https:\/\/www.grupomedcof.com.br\/blog\/residencia-medica-surce-2023-2-2\/#Pro-Residencia\" >Pr\u00f3-Resid\u00eancia<\/a><\/li><li class='ez-toc-page-1 ez-toc-heading-level-2'><a class=\"ez-toc-link ez-toc-heading-7\" href=\"https:\/\/www.grupomedcof.com.br\/blog\/residencia-medica-surce-2023-2-2\/#Conquiste_a_aprovacao\" >Conquiste a aprova\u00e7\u00e3o!<\/a><\/li><\/ul><\/nav><\/div>\n<p><img loading=\"lazy\" decoding=\"async\" src=\"https:\/\/www.grupomedcof.com.br\/blog\/wp-content\/uploads\/2023\/05\/saiba-mais-sobre-a-83-1024x576.png\" sizes=\"auto, (max-width: 800px) 100vw, 800px\" srcset=\"https:\/\/www.grupomedcof.com.br\/blog\/wp-content\/uploads\/2023\/05\/saiba-mais-sobre-a-83-1024x576.png 1024w, https:\/\/www.grupomedcof.com.br\/blog\/wp-content\/uploads\/2023\/05\/saiba-mais-sobre-a-83-300x169.png 300w, https:\/\/www.grupomedcof.com.br\/blog\/wp-content\/uploads\/2023\/05\/saiba-mais-sobre-a-83-768x432.png 768w, https:\/\/www.grupomedcof.com.br\/blog\/wp-content\/uploads\/2023\/05\/saiba-mais-sobre-a-83-1536x864.png 1536w, https:\/\/www.grupomedcof.com.br\/blog\/wp-content\/uploads\/2023\/05\/saiba-mais-sobre-a-83-2048x1152.png 2048w\" alt=\"surce 2023.2, surce, surce 2023, edital surce, surce 2023 edital\" width=\"800\" height=\"450\" \/><\/p>\n<p>Ap\u00f3s aderir ao Pr\u00f3-Resid\u00eancia, a SURCE publicou os editais para o processo seletivo de resid\u00eancia m\u00e9dica para 2023.2. Assim, foram <b>8 vagas autorizadas e distribu\u00eddas entre as especialidades de Cl\u00ednica M\u00e9dica, Medicina do Esporte e Geriatria<\/b>. Confira a seguir as principais informa\u00e7\u00f5es contidas no edital extempor\u00e2neo.<\/p>\n<h2><span class=\"ez-toc-section\" id=\"Residencia_Medica_SURCE_20232\"><\/span><strong>Resid\u00eancia M\u00e9dica: SURCE 2023.2<\/strong><span class=\"ez-toc-section-end\"><\/span><\/h2>\n<p>A\u00a0<a href=\"https:\/\/www.grupomedcof.com.br\/blog\/residencia-medica-surce-2023-2\/\" target=\"_blank\" rel=\"noopener\">Sele\u00e7\u00e3o Unificada para resid\u00eancia M\u00e9dica do Estado do Cear\u00e1<\/a>\u00a0(SURCE), publicou no dia\u00a08 de maio de 2023\u00a0os editais completos para o processo seletivo para resid\u00eancia m\u00e9dica que ocorrer\u00e1 no 2\u00ba semestre deste ano. Dessa forma, candidatos que quiserem concorrer \u00e0s vagas, ter\u00e3o entre os dias<b> 22 e 24 de maio de 2023 <\/b>para efetuarem a inscri\u00e7\u00e3o e pagar a taxa no valor de<b> R$ 650,00. <\/b>Al\u00e9m disso, h\u00e1 o adicional de R$ 350,00 caso haja interesse em mais<b> <\/b>de um programa.<br \/>\n<a href=\"https:\/\/www.resmedceara.ufc.br\/ares\/wp-content\/uploads\/2023\/05\/Edital-01.2023-Acesso-Direto-extemporaneo.docx.pdf\" target=\"_blank\" rel=\"nofollow noopener\"><br \/>\nEdital Acesso Direto<br \/>\n<\/a><br \/>\n<a href=\"https:\/\/www.resmedceara.ufc.br\/ares\/wp-content\/uploads\/2023\/05\/Edital-02.2023-Pre-requisito-extemporaneo..docx.pdf\" target=\"_blank\" rel=\"nofollow noopener\"><br \/>\nEdital Pr\u00e9-Requisito<br \/>\n<\/a><\/p>\n<h2><span class=\"ez-toc-section\" id=\"Vagas_SURCE_20232\"><\/span><strong>Vagas SURCE 2023.2<\/strong><span class=\"ez-toc-section-end\"><\/span><\/h2>\n<p>De acordo com os editais publicados, abaixo voc\u00ea poder\u00e1 conferir a quantidade de vagas oferecidas conforme a especialidade e a institui\u00e7\u00e3o participante:<\/p>\n<table style=\"background-color: #ffffff; width: 800px;\">\n<thead>\n<tr>\n<th style=\"border-color: rgba(128, 128, 128, 0.5);\">Institui\u00e7\u00e3o<\/th>\n<th style=\"border-color: rgba(128, 128, 128, 0.5);\" data-align=\"center\">Especialidade<\/th>\n<th style=\"border-color: rgba(128, 128, 128, 0.5);\" data-align=\"center\">Vagas<\/th>\n<\/tr>\n<\/thead>\n<tbody>\n<tr>\n<td style=\"border-color: rgba(128, 128, 128, 0.5); background-color: rgba(128, 128, 128, 0.07);\">Hospital e Maternidade Regional Sert\u00e3o Central<\/td>\n<td style=\"border-color: rgba(128, 128, 128, 0.5); background-color: rgba(128, 128, 128, 0.07);\" data-align=\"center\">Cl\u00ednica M\u00e9dica<\/td>\n<td style=\"border-color: rgba(128, 128, 128, 0.5); background-color: rgba(128, 128, 128, 0.07);\" data-align=\"center\">2<\/td>\n<\/tr>\n<tr>\n<td style=\"border-color: rgba(128, 128, 128, 0.5);\">Hospital regional do Cariri<\/td>\n<td style=\"border-color: rgba(128, 128, 128, 0.5);\" data-align=\"center\">Cl\u00ednica M\u00e9dica<\/td>\n<td style=\"border-color: rgba(128, 128, 128, 0.5);\" data-align=\"center\">2<\/td>\n<\/tr>\n<tr>\n<td style=\"border-color: rgba(128, 128, 128, 0.5); background-color: rgba(128, 128, 128, 0.07);\">Escola de Sa\u00fade P\u00fablica do Cear\u00e1<\/td>\n<td style=\"border-color: rgba(128, 128, 128, 0.5); background-color: rgba(128, 128, 128, 0.07);\" data-align=\"center\">Medicina do Esporte<\/td>\n<td style=\"border-color: rgba(128, 128, 128, 0.5); background-color: rgba(128, 128, 128, 0.07);\" data-align=\"center\">2<\/td>\n<\/tr>\n<tr>\n<td style=\"border-color: rgba(128, 128, 128, 0.5);\">Universidade federal do Cear\u00e1<\/td>\n<td style=\"border-color: rgba(128, 128, 128, 0.5);\" data-align=\"center\">Geriatria<\/td>\n<td style=\"border-color: rgba(128, 128, 128, 0.5);\" data-align=\"center\">2<\/td>\n<\/tr>\n<\/tbody>\n<\/table>\n<h2><span class=\"ez-toc-section\" id=\"Cronograma_SURCE_20232\"><\/span><strong>Cronograma SURCE 2023.2<\/strong><span class=\"ez-toc-section-end\"><\/span><\/h2>\n<p>Veja ent\u00e3o o cronograma com as principais datas para o SURCE 2023.2:<\/p>\n<ul style=\"font-size: 16px; background-color: #ffffff;\">\n<li style=\"font-size: 16px;\">Solicita\u00e7\u00e3o de isen\u00e7\u00e3o da taxa:\u00a012\/05\/2023<\/li>\n<li style=\"font-size: 16px;\">Inscri\u00e7\u00f5es:\u00a022\/05 a 24\/05\/2023<\/li>\n<li style=\"font-size: 16px;\">Divulga\u00e7\u00e3o dos locais de prova:\u00a002\/06\/2023<\/li>\n<li style=\"font-size: 16px;\">Prova Objetiva:\u00a004\/06\/2023<\/li>\n<li style=\"font-size: 16px;\">Gabarito Preliminar:\u00a004\/06\/2023<\/li>\n<li style=\"font-size: 16px;\">Recursos:\u00a005\/06\/2023<\/li>\n<li style=\"font-size: 16px;\">Gabarito Final:\u00a007\/06\/2023<\/li>\n<li style=\"font-size: 16px;\">Resultado Final:\u00a015\/06\/2023<\/li>\n<li style=\"font-size: 16px;\">Matr\u00edcula:\u00a021\/06\/2023<\/li>\n<li style=\"font-size: 16px;\">In\u00edcio dos programas:\u00a001\/07\/2023<\/li>\n<\/ul>\n<h2 style=\"font-family: Poppins, sans-serif; color: #7a7a7a;\"><span class=\"ez-toc-section\" id=\"Processo_Seletivo\"><\/span><strong>Processo Seletivo<\/strong><span class=\"ez-toc-section-end\"><\/span><\/h2>\n<p>O processo seletivo extempor\u00e2neo da SURCE ter\u00e1 uma \u00fanica fase avaliativa que ocorrer\u00e1 no dia\u00a004 de junho de 2023. Assim, de car\u00e1ter eliminat\u00f3rio e classificat\u00f3rio, ele ser\u00e1 composto por uma\u00a0prova objetiva de m\u00faltipla escolha\u00a0em que os candidatos ter\u00e3o seus conhecimentos, atitudes e valores avaliados. Dessa forma, ela conter\u00e1\u00a040 quest\u00f5es valendo 2,5 pontos cada\u00a0e distribu\u00eddas entre as 5 grandes \u00e1reas m\u00e9dicas:<\/p>\n<ul style=\"font-size: 16px; background-color: #ffffff;\">\n<li style=\"font-size: 16px;\">Cl\u00ednica M\u00e9dica;<\/li>\n<li style=\"font-size: 16px;\">Cirurgia Geral;<\/li>\n<li style=\"font-size: 16px;\">Pediatria;<\/li>\n<li style=\"font-size: 16px;\">Ginecologia e Obstetr\u00edcia;<\/li>\n<li style=\"font-size: 16px;\">Medicina Geral de Fam\u00edlia e Comunidade.<\/li>\n<\/ul>\n<p>Al\u00e9m disso, tamb\u00e9m constar\u00e1 na prova quest\u00f5es relacionadas \u00e0 Sa\u00fade mental e Medicina de Urg\u00eancia. Portanto, os candidatos que obtiverem o percentual m\u00ednimo de <b>50% de acertos,<\/b> estar\u00e3o habilitados para concorrer \u00e0s vagas ofertadas.<\/p>\n<p>Desse modo, em caso de empate ser\u00e3o considerados os seguintes crit\u00e9rios:<\/p>\n<ol style=\"font-size: 16px; background-color: #ffffff;\">\n<li style=\"font-size: 16px;\">maior idade, considerando dia, m\u00eas e ano;<\/li>\n<li style=\"font-size: 16px;\">maior n\u00famero de acertos em Cl\u00ednica M\u00e9dica;<\/li>\n<li style=\"font-size: 16px;\">maior n\u00famero de acertos em Pediatria;<\/li>\n<li style=\"font-size: 16px;\">maior n\u00famero de acertos em Medicina Preventiva e Social (Sa\u00fade Coletiva e Medicina Geral de Fam\u00edlia e Comunidade);<\/li>\n<li style=\"font-size: 16px;\">maior n\u00famero de acertos em Obstetr\u00edcia e Ginecologia;<\/li>\n<li style=\"font-size: 16px;\">maior n\u00famero de acertos em Cirurgia Geral;<\/li>\n<li style=\"font-size: 16px;\">Em caso, ainda, de persist\u00eancia no empate, poder\u00e1 ser realizado sorteio, na presen\u00e7a dos Participantes empatados, por meio do n\u00famero de inscri\u00e7\u00e3o.<\/li>\n<\/ol>\n<p>De acordo com os editais o resultado ocorrer\u00e1 no dia\u00a015 de junho de 2023.<\/p>\n<h2 style=\"font-family: Poppins, sans-serif; color: #7a7a7a;\"><span class=\"ez-toc-section\" id=\"Sobre_a_SURCE\"><\/span><strong>Sobre a SURCE<\/strong><span class=\"ez-toc-section-end\"><\/span><\/h2>\n<p><img loading=\"lazy\" decoding=\"async\" src=\"https:\/\/www.grupomedcof.com.br\/blog\/wp-content\/uploads\/2023\/03\/Logo_Surce.png\" alt=\"SURCE- Sele\u00e7\u00e3o Unificada para Resid\u00eancia M\u00e9dica no Estado do Cear\u00e1\" width=\"292\" height=\"91\" \/><\/p>\n<p>A\u00a0SURCE 2023, tamb\u00e9m conhecida como\u00a0<em>PSU-CE,<\/em>\u00a0em parceria com outras institui\u00e7\u00f5es busca aprimorar os os processos seletivos para a\u00a0Resid\u00eancia M\u00e9dica no Estado do Cear\u00e1. Assim,\u00a0O intuito \u00e9 torn\u00e1-los mais acess\u00edveis, objetivos e personalizados para os candidatos.<\/p>\n<p>Para isso,\u00a0 procura-se garantir que os m\u00e9dicos em forma\u00e7\u00e3o tenham\u00a0 oportunidade de aprimorar suas habilidades e conhecimentos, contribuindo assim para a melhoria da sa\u00fade da popula\u00e7\u00e3o cearense.<\/p>\n<h2 style=\"font-family: Poppins, sans-serif; color: #7a7a7a;\"><span class=\"ez-toc-section\" id=\"Pro-Residencia\"><\/span><strong>Pr\u00f3-Resid\u00eancia<\/strong><span class=\"ez-toc-section-end\"><\/span><\/h2>\n<p>O Pr\u00f3-Resid\u00eancia autorizou o preenchimento de\u00a0753 vagas para o 2\u00ba Semestre de 2023. Desse modo, as institui\u00e7\u00f5es devidamente credenciadas que realizar\u00e3o processos seletivos extempor\u00e2neos com base na nova Resolu\u00e7\u00e3o da CNRM (Comiss\u00e3o Nacional de Resid\u00eancia M\u00e9dica) j\u00e1 receber\u00e3o os novos residentes este ano.<\/p>\n<p>Ademais, ainda de acordo com o documento publicado, as condi\u00e7\u00f5es e as fases do processo seletivo de cada institui\u00e7\u00e3o participante do programa Pr\u00f3-Resid\u00eancia estar\u00e3o dispon\u00edveis nos editais de cada COREME.\u00a0<a href=\"https:\/\/www.grupomedcof.com.br\/blog\/pro-residencia-instituicoes-contempladas\/\" target=\"_blank\" rel=\"noopener\">Confira quais intui\u00e7\u00f5es participam e suas respectivas vagas!<\/a><\/p>\n<h2><span class=\"ez-toc-section\" id=\"Conquiste_a_aprovacao\"><\/span><b style=\"color: inherit; font-family: inherit; font-size: 2rem;\">Conquiste a aprova\u00e7\u00e3o!<\/b><span class=\"ez-toc-section-end\"><\/span><\/h2>\n<p>A\u00a0<a href=\"https:\/\/www.grupomedcof.com.br\/\" target=\"_balnk\" rel=\"noopener\">Medcof<\/a>\u00a0tem um cat\u00e1logo repleto de cursos que te guiar\u00e3o na jornada \u00e0 Resid\u00eancia M\u00e9dica dos sonhos! Ent\u00e3o, confira os nossos cursos\u00a0 e seja<a href=\"https:\/\/www.grupomedcof.com.br\/blog\/presenca-da-medcof-nas-aprovacoes-em-residencia-medica-no-brasil\/\">\u00a0mais um aprovado<\/a>\u00a0nas melhores institui\u00e7\u00f5es do pa\u00eds!<br \/>\n<img loading=\"lazy\" decoding=\"async\" src=\"https:\/\/www.grupomedcof.com.br\/blog\/wp-content\/uploads\/2023\/03\/aprovados-1024x508.png\" sizes=\"auto, (max-width: 800px) 100vw, 800px\" srcset=\"https:\/\/www.grupomedcof.com.br\/blog\/wp-content\/uploads\/2023\/03\/aprovados-1024x508.png 1024w, https:\/\/www.grupomedcof.com.br\/blog\/wp-content\/uploads\/2023\/03\/aprovados-300x149.png 300w, https:\/\/www.grupomedcof.com.br\/blog\/wp-content\/uploads\/2023\/03\/aprovados-768x381.png 768w, https:\/\/www.grupomedcof.com.br\/blog\/wp-content\/uploads\/2023\/03\/aprovados.png 1436w\" alt=\"Aprovados medcof\" width=\"800\" height=\"397\" \/><\/p>\n","protected":false},"excerpt":{"rendered":"<p>A SURCE anunciou 8 vagas para o processo seletivo para resid\u00eancia m\u00e9dica de 2023.2. Veja as principais informa\u00e7\u00f5es contidas nos editais!<\/p>\n","protected":false},"author":6,"featured_media":6638,"comment_status":"open","ping_status":"open","sticky":false,"template":"","format":"standard","meta":{"footnotes":""},"categories":[174],"tags":[93,187,138,252],"ppma_author":[3609],"class_list":{"0":"post-6637","1":"post","2":"type-post","3":"status-publish","4":"format-standard","5":"has-post-thumbnail","7":"category-residencia-medica","8":"tag-especialidades-medicas","9":"tag-revalida-2023","10":"tag-revalidacao-de-diploma","11":"tag-surce"},"yoast_head":"<!-- This site is optimized with the Yoast SEO Premium plugin v24.3 (Yoast SEO v27.4) - https:\/\/yoast.com\/product\/yoast-seo-premium-wordpress\/ -->\n<title>Resid\u00eancia M\u00e9dica: SURCE 2023.2 - Blog de Medcof: conte\u00fados, editais, revalida e mais!<\/title>\n<meta name=\"description\" content=\"A SURCE anunciou 8 vagas para o processo seletivo para resid\u00eancia m\u00e9dica de 2023.2. Veja as principais informa\u00e7\u00f5es contidas nos editais!\" \/>\n<meta name=\"robots\" content=\"index, follow, max-snippet:-1, max-image-preview:large, max-video-preview:-1\" \/>\n<link rel=\"canonical\" href=\"https:\/\/www.grupomedcof.com.br\/blog\/residencia-medica-surce-2023-2-2\/\" \/>\n<meta property=\"og:locale\" content=\"pt_BR\" \/>\n<meta property=\"og:type\" content=\"article\" \/>\n<meta property=\"og:title\" content=\"Resid\u00eancia M\u00e9dica: SURCE 2023.2\" \/>\n<meta property=\"og:description\" content=\"A SURCE anunciou 8 vagas para o processo seletivo para resid\u00eancia m\u00e9dica de 2023.2. Veja as principais informa\u00e7\u00f5es contidas nos editais!\" \/>\n<meta property=\"og:url\" content=\"https:\/\/www.grupomedcof.com.br\/blog\/residencia-medica-surce-2023-2-2\/\" \/>\n<meta property=\"og:site_name\" content=\"Blog de Medcof: conte\u00fados, editais, revalida e mais!\" \/>\n<meta property=\"article:publisher\" content=\"https:\/\/www.facebook.com\/MedCofQbank\/\" \/>\n<meta property=\"article:published_time\" content=\"2023-05-09T16:16:01+00:00\" \/>\n<meta property=\"article:modified_time\" content=\"2024-05-06T21:31:37+00:00\" \/>\n<meta property=\"og:image\" content=\"https:\/\/www.grupomedcof.com.br\/blog\/wp-content\/uploads\/2023\/05\/saiba-mais-sobre-a-83-1024x576.png\" \/>\n\t<meta property=\"og:image:width\" content=\"1024\" \/>\n\t<meta property=\"og:image:height\" content=\"576\" \/>\n\t<meta property=\"og:image:type\" content=\"image\/png\" \/>\n<meta name=\"author\" content=\"J\u00falia Moreira\" \/>\n<meta name=\"twitter:card\" content=\"summary_large_image\" \/>\n<meta name=\"twitter:label1\" content=\"Escrito por\" \/>\n\t<meta name=\"twitter:data1\" content=\"J\u00falia Moreira\" \/>\n\t<meta name=\"twitter:label2\" content=\"Est. tempo de leitura\" \/>\n\t<meta name=\"twitter:data2\" content=\"5 minutos\" \/>\n<script type=\"application\/ld+json\" class=\"yoast-schema-graph\">{\"@context\":\"https:\\\/\\\/schema.org\",\"@graph\":[{\"@type\":\"Article\",\"@id\":\"https:\\\/\\\/www.grupomedcof.com.br\\\/blog\\\/residencia-medica-surce-2023-2-2\\\/#article\",\"isPartOf\":{\"@id\":\"https:\\\/\\\/www.grupomedcof.com.br\\\/blog\\\/residencia-medica-surce-2023-2-2\\\/\"},\"author\":{\"name\":\"J\u00falia Moreira\",\"@id\":\"https:\\\/\\\/www.grupomedcof.com.br\\\/blog\\\/#\\\/schema\\\/person\\\/1375e0ce724529d7a1d8156ea7f8ceaa\"},\"headline\":\"Resid\u00eancia M\u00e9dica: SURCE 2023.2\",\"datePublished\":\"2023-05-09T16:16:01+00:00\",\"dateModified\":\"2024-05-06T21:31:37+00:00\",\"mainEntityOfPage\":{\"@id\":\"https:\\\/\\\/www.grupomedcof.com.br\\\/blog\\\/residencia-medica-surce-2023-2-2\\\/\"},\"wordCount\":726,\"commentCount\":0,\"publisher\":{\"@id\":\"https:\\\/\\\/www.grupomedcof.com.br\\\/blog\\\/#organization\"},\"image\":{\"@id\":\"https:\\\/\\\/www.grupomedcof.com.br\\\/blog\\\/residencia-medica-surce-2023-2-2\\\/#primaryimage\"},\"thumbnailUrl\":\"https:\\\/\\\/www.grupomedcof.com.br\\\/blog\\\/wp-content\\\/uploads\\\/2023\\\/05\\\/saiba-mais-sobre-a-83.png\",\"keywords\":[\"Especialidades m\u00e9dicas\",\"Revalida 2023\",\"Revalida\u00e7\u00e3o de Diploma\",\"SURCE\"],\"articleSection\":[\"Resid\u00eancia m\u00e9dica: editais, resultados, temas quentes e mais\"],\"inLanguage\":\"pt-BR\"},{\"@type\":\"WebPage\",\"@id\":\"https:\\\/\\\/www.grupomedcof.com.br\\\/blog\\\/residencia-medica-surce-2023-2-2\\\/\",\"url\":\"https:\\\/\\\/www.grupomedcof.com.br\\\/blog\\\/residencia-medica-surce-2023-2-2\\\/\",\"name\":\"Resid\u00eancia M\u00e9dica: SURCE 2023.2 - Blog de Medcof: conte\u00fados, editais, revalida e mais!\",\"isPartOf\":{\"@id\":\"https:\\\/\\\/www.grupomedcof.com.br\\\/blog\\\/#website\"},\"primaryImageOfPage\":{\"@id\":\"https:\\\/\\\/www.grupomedcof.com.br\\\/blog\\\/residencia-medica-surce-2023-2-2\\\/#primaryimage\"},\"image\":{\"@id\":\"https:\\\/\\\/www.grupomedcof.com.br\\\/blog\\\/residencia-medica-surce-2023-2-2\\\/#primaryimage\"},\"thumbnailUrl\":\"https:\\\/\\\/www.grupomedcof.com.br\\\/blog\\\/wp-content\\\/uploads\\\/2023\\\/05\\\/saiba-mais-sobre-a-83.png\",\"datePublished\":\"2023-05-09T16:16:01+00:00\",\"dateModified\":\"2024-05-06T21:31:37+00:00\",\"description\":\"A SURCE anunciou 8 vagas para o processo seletivo para resid\u00eancia m\u00e9dica de 2023.2. Veja as principais informa\u00e7\u00f5es contidas nos editais!\",\"breadcrumb\":{\"@id\":\"https:\\\/\\\/www.grupomedcof.com.br\\\/blog\\\/residencia-medica-surce-2023-2-2\\\/#breadcrumb\"},\"inLanguage\":\"pt-BR\",\"potentialAction\":[{\"@type\":\"ReadAction\",\"target\":[\"https:\\\/\\\/www.grupomedcof.com.br\\\/blog\\\/residencia-medica-surce-2023-2-2\\\/\"]}]},{\"@type\":\"ImageObject\",\"inLanguage\":\"pt-BR\",\"@id\":\"https:\\\/\\\/www.grupomedcof.com.br\\\/blog\\\/residencia-medica-surce-2023-2-2\\\/#primaryimage\",\"url\":\"https:\\\/\\\/www.grupomedcof.com.br\\\/blog\\\/wp-content\\\/uploads\\\/2023\\\/05\\\/saiba-mais-sobre-a-83.png\",\"contentUrl\":\"https:\\\/\\\/www.grupomedcof.com.br\\\/blog\\\/wp-content\\\/uploads\\\/2023\\\/05\\\/saiba-mais-sobre-a-83.png\",\"width\":2560,\"height\":1440,\"caption\":\"A SURCE anunciou 8 vagas para o processo seletivo para resid\u00eancia m\u00e9dica de 2023.2. Veja as principais informa\u00e7\u00f5es contidas nos editais!\"},{\"@type\":\"BreadcrumbList\",\"@id\":\"https:\\\/\\\/www.grupomedcof.com.br\\\/blog\\\/residencia-medica-surce-2023-2-2\\\/#breadcrumb\",\"itemListElement\":[{\"@type\":\"ListItem\",\"position\":1,\"name\":\"In\u00edcio\",\"item\":\"https:\\\/\\\/www.grupomedcof.com.br\\\/blog\\\/\"},{\"@type\":\"ListItem\",\"position\":2,\"name\":\"Resid\u00eancia M\u00e9dica: SURCE 2023.2\"}]},{\"@type\":\"WebSite\",\"@id\":\"https:\\\/\\\/www.grupomedcof.com.br\\\/blog\\\/#website\",\"url\":\"https:\\\/\\\/www.grupomedcof.com.br\\\/blog\\\/\",\"name\":\"Blog de Medcof: conte\u00fados, editais, revalida e mais!\",\"description\":\"Acesso o blog de MedCof! Seu portal de conte\u00fados sobre resid\u00eancia m\u00e9dica, an\u00e1lise e editais e muito mais. Clique e confira!\",\"publisher\":{\"@id\":\"https:\\\/\\\/www.grupomedcof.com.br\\\/blog\\\/#organization\"},\"alternateName\":\"Blog de Medcof: conte\u00fados, editais, revalida e mais!\",\"potentialAction\":[{\"@type\":\"SearchAction\",\"target\":{\"@type\":\"EntryPoint\",\"urlTemplate\":\"https:\\\/\\\/www.grupomedcof.com.br\\\/blog\\\/?s={search_term_string}\"},\"query-input\":{\"@type\":\"PropertyValueSpecification\",\"valueRequired\":true,\"valueName\":\"search_term_string\"}}],\"inLanguage\":\"pt-BR\"},{\"@type\":\"Organization\",\"@id\":\"https:\\\/\\\/www.grupomedcof.com.br\\\/blog\\\/#organization\",\"name\":\"Grupo MedCof\",\"url\":\"https:\\\/\\\/www.grupomedcof.com.br\\\/blog\\\/\",\"logo\":{\"@type\":\"ImageObject\",\"inLanguage\":\"pt-BR\",\"@id\":\"https:\\\/\\\/www.grupomedcof.com.br\\\/blog\\\/#\\\/schema\\\/logo\\\/image\\\/\",\"url\":\"https:\\\/\\\/www.grupomedcof.com.br\\\/blog\\\/wp-content\\\/uploads\\\/2022\\\/01\\\/logo-medcof.png\",\"contentUrl\":\"https:\\\/\\\/www.grupomedcof.com.br\\\/blog\\\/wp-content\\\/uploads\\\/2022\\\/01\\\/logo-medcof.png\",\"width\":768,\"height\":269,\"caption\":\"Grupo MedCof\"},\"image\":{\"@id\":\"https:\\\/\\\/www.grupomedcof.com.br\\\/blog\\\/#\\\/schema\\\/logo\\\/image\\\/\"},\"sameAs\":[\"https:\\\/\\\/www.facebook.com\\\/MedCofQbank\\\/\",\"https:\\\/\\\/www.instagram.com\\\/grupomedcof\\\/\",\"https:\\\/\\\/br.linkedin.com\\\/company\\\/medcof\",\"https:\\\/\\\/www.youtube.com\\\/channel\\\/UCdHMuOHKICxcHwecxN8P-AA\"]},{\"@type\":\"Person\",\"@id\":\"https:\\\/\\\/www.grupomedcof.com.br\\\/blog\\\/#\\\/schema\\\/person\\\/1375e0ce724529d7a1d8156ea7f8ceaa\",\"name\":\"J\u00falia Moreira\",\"image\":{\"@type\":\"ImageObject\",\"inLanguage\":\"pt-BR\",\"@id\":\"https:\\\/\\\/www.grupomedcof.com.br\\\/blog\\\/wp-content\\\/uploads\\\/2024\\\/12\\\/cropped-Captura-de-tela-2023-12-15-094946-96x96.png6a0083ac34a0445de97d55fae63a4a41\",\"url\":\"https:\\\/\\\/www.grupomedcof.com.br\\\/blog\\\/wp-content\\\/uploads\\\/2024\\\/12\\\/cropped-Captura-de-tela-2023-12-15-094946-96x96.png\",\"contentUrl\":\"https:\\\/\\\/www.grupomedcof.com.br\\\/blog\\\/wp-content\\\/uploads\\\/2024\\\/12\\\/cropped-Captura-de-tela-2023-12-15-094946-96x96.png\",\"caption\":\"J\u00falia Moreira\"},\"description\":\"Estudante do 8\u00ba semestre de Jornalismo na ECA-USP, f\u00e3 de filmes de terror e m\u00fasica popular sul-coreana.\",\"sameAs\":[\"https:\\\/\\\/www.grupomedcof.com.br\\\/\"],\"url\":\"https:\\\/\\\/www.grupomedcof.com.br\\\/blog\\\/author\\\/julia\\\/\"}]}<\/script>\n<!-- \/ Yoast SEO Premium plugin. -->","yoast_head_json":{"title":"Resid\u00eancia M\u00e9dica: SURCE 2023.2 - Blog de Medcof: conte\u00fados, editais, revalida e mais!","description":"A SURCE anunciou 8 vagas para o processo seletivo para resid\u00eancia m\u00e9dica de 2023.2. Veja as principais informa\u00e7\u00f5es contidas nos editais!","robots":{"index":"index","follow":"follow","max-snippet":"max-snippet:-1","max-image-preview":"max-image-preview:large","max-video-preview":"max-video-preview:-1"},"canonical":"https:\/\/www.grupomedcof.com.br\/blog\/residencia-medica-surce-2023-2-2\/","og_locale":"pt_BR","og_type":"article","og_title":"Resid\u00eancia M\u00e9dica: SURCE 2023.2","og_description":"A SURCE anunciou 8 vagas para o processo seletivo para resid\u00eancia m\u00e9dica de 2023.2. Veja as principais informa\u00e7\u00f5es contidas nos editais!","og_url":"https:\/\/www.grupomedcof.com.br\/blog\/residencia-medica-surce-2023-2-2\/","og_site_name":"Blog de Medcof: conte\u00fados, editais, revalida e mais!","article_publisher":"https:\/\/www.facebook.com\/MedCofQbank\/","article_published_time":"2023-05-09T16:16:01+00:00","article_modified_time":"2024-05-06T21:31:37+00:00","og_image":[{"width":1024,"height":576,"url":"https:\/\/www.grupomedcof.com.br\/blog\/wp-content\/uploads\/2023\/05\/saiba-mais-sobre-a-83-1024x576.png","type":"image\/png"}],"author":"J\u00falia Moreira","twitter_card":"summary_large_image","twitter_misc":{"Escrito por":"J\u00falia Moreira","Est. tempo de leitura":"5 minutos"},"schema":{"@context":"https:\/\/schema.org","@graph":[{"@type":"Article","@id":"https:\/\/www.grupomedcof.com.br\/blog\/residencia-medica-surce-2023-2-2\/#article","isPartOf":{"@id":"https:\/\/www.grupomedcof.com.br\/blog\/residencia-medica-surce-2023-2-2\/"},"author":{"name":"J\u00falia Moreira","@id":"https:\/\/www.grupomedcof.com.br\/blog\/#\/schema\/person\/1375e0ce724529d7a1d8156ea7f8ceaa"},"headline":"Resid\u00eancia M\u00e9dica: SURCE 2023.2","datePublished":"2023-05-09T16:16:01+00:00","dateModified":"2024-05-06T21:31:37+00:00","mainEntityOfPage":{"@id":"https:\/\/www.grupomedcof.com.br\/blog\/residencia-medica-surce-2023-2-2\/"},"wordCount":726,"commentCount":0,"publisher":{"@id":"https:\/\/www.grupomedcof.com.br\/blog\/#organization"},"image":{"@id":"https:\/\/www.grupomedcof.com.br\/blog\/residencia-medica-surce-2023-2-2\/#primaryimage"},"thumbnailUrl":"https:\/\/www.grupomedcof.com.br\/blog\/wp-content\/uploads\/2023\/05\/saiba-mais-sobre-a-83.png","keywords":["Especialidades m\u00e9dicas","Revalida 2023","Revalida\u00e7\u00e3o de Diploma","SURCE"],"articleSection":["Resid\u00eancia m\u00e9dica: editais, resultados, temas quentes e mais"],"inLanguage":"pt-BR"},{"@type":"WebPage","@id":"https:\/\/www.grupomedcof.com.br\/blog\/residencia-medica-surce-2023-2-2\/","url":"https:\/\/www.grupomedcof.com.br\/blog\/residencia-medica-surce-2023-2-2\/","name":"Resid\u00eancia M\u00e9dica: SURCE 2023.2 - Blog de Medcof: conte\u00fados, editais, revalida e mais!","isPartOf":{"@id":"https:\/\/www.grupomedcof.com.br\/blog\/#website"},"primaryImageOfPage":{"@id":"https:\/\/www.grupomedcof.com.br\/blog\/residencia-medica-surce-2023-2-2\/#primaryimage"},"image":{"@id":"https:\/\/www.grupomedcof.com.br\/blog\/residencia-medica-surce-2023-2-2\/#primaryimage"},"thumbnailUrl":"https:\/\/www.grupomedcof.com.br\/blog\/wp-content\/uploads\/2023\/05\/saiba-mais-sobre-a-83.png","datePublished":"2023-05-09T16:16:01+00:00","dateModified":"2024-05-06T21:31:37+00:00","description":"A SURCE anunciou 8 vagas para o processo seletivo para resid\u00eancia m\u00e9dica de 2023.2. Veja as principais informa\u00e7\u00f5es contidas nos editais!","breadcrumb":{"@id":"https:\/\/www.grupomedcof.com.br\/blog\/residencia-medica-surce-2023-2-2\/#breadcrumb"},"inLanguage":"pt-BR","potentialAction":[{"@type":"ReadAction","target":["https:\/\/www.grupomedcof.com.br\/blog\/residencia-medica-surce-2023-2-2\/"]}]},{"@type":"ImageObject","inLanguage":"pt-BR","@id":"https:\/\/www.grupomedcof.com.br\/blog\/residencia-medica-surce-2023-2-2\/#primaryimage","url":"https:\/\/www.grupomedcof.com.br\/blog\/wp-content\/uploads\/2023\/05\/saiba-mais-sobre-a-83.png","contentUrl":"https:\/\/www.grupomedcof.com.br\/blog\/wp-content\/uploads\/2023\/05\/saiba-mais-sobre-a-83.png","width":2560,"height":1440,"caption":"A SURCE anunciou 8 vagas para o processo seletivo para resid\u00eancia m\u00e9dica de 2023.2. Veja as principais informa\u00e7\u00f5es contidas nos editais!"},{"@type":"BreadcrumbList","@id":"https:\/\/www.grupomedcof.com.br\/blog\/residencia-medica-surce-2023-2-2\/#breadcrumb","itemListElement":[{"@type":"ListItem","position":1,"name":"In\u00edcio","item":"https:\/\/www.grupomedcof.com.br\/blog\/"},{"@type":"ListItem","position":2,"name":"Resid\u00eancia M\u00e9dica: SURCE 2023.2"}]},{"@type":"WebSite","@id":"https:\/\/www.grupomedcof.com.br\/blog\/#website","url":"https:\/\/www.grupomedcof.com.br\/blog\/","name":"Blog de Medcof: conte\u00fados, editais, revalida e mais!","description":"Acesso o blog de MedCof! Seu portal de conte\u00fados sobre resid\u00eancia m\u00e9dica, an\u00e1lise e editais e muito mais. Clique e confira!","publisher":{"@id":"https:\/\/www.grupomedcof.com.br\/blog\/#organization"},"alternateName":"Blog de Medcof: conte\u00fados, editais, revalida e mais!","potentialAction":[{"@type":"SearchAction","target":{"@type":"EntryPoint","urlTemplate":"https:\/\/www.grupomedcof.com.br\/blog\/?s={search_term_string}"},"query-input":{"@type":"PropertyValueSpecification","valueRequired":true,"valueName":"search_term_string"}}],"inLanguage":"pt-BR"},{"@type":"Organization","@id":"https:\/\/www.grupomedcof.com.br\/blog\/#organization","name":"Grupo MedCof","url":"https:\/\/www.grupomedcof.com.br\/blog\/","logo":{"@type":"ImageObject","inLanguage":"pt-BR","@id":"https:\/\/www.grupomedcof.com.br\/blog\/#\/schema\/logo\/image\/","url":"https:\/\/www.grupomedcof.com.br\/blog\/wp-content\/uploads\/2022\/01\/logo-medcof.png","contentUrl":"https:\/\/www.grupomedcof.com.br\/blog\/wp-content\/uploads\/2022\/01\/logo-medcof.png","width":768,"height":269,"caption":"Grupo MedCof"},"image":{"@id":"https:\/\/www.grupomedcof.com.br\/blog\/#\/schema\/logo\/image\/"},"sameAs":["https:\/\/www.facebook.com\/MedCofQbank\/","https:\/\/www.instagram.com\/grupomedcof\/","https:\/\/br.linkedin.com\/company\/medcof","https:\/\/www.youtube.com\/channel\/UCdHMuOHKICxcHwecxN8P-AA"]},{"@type":"Person","@id":"https:\/\/www.grupomedcof.com.br\/blog\/#\/schema\/person\/1375e0ce724529d7a1d8156ea7f8ceaa","name":"J\u00falia Moreira","image":{"@type":"ImageObject","inLanguage":"pt-BR","@id":"https:\/\/www.grupomedcof.com.br\/blog\/wp-content\/uploads\/2024\/12\/cropped-Captura-de-tela-2023-12-15-094946-96x96.png6a0083ac34a0445de97d55fae63a4a41","url":"https:\/\/www.grupomedcof.com.br\/blog\/wp-content\/uploads\/2024\/12\/cropped-Captura-de-tela-2023-12-15-094946-96x96.png","contentUrl":"https:\/\/www.grupomedcof.com.br\/blog\/wp-content\/uploads\/2024\/12\/cropped-Captura-de-tela-2023-12-15-094946-96x96.png","caption":"J\u00falia Moreira"},"description":"Estudante do 8\u00ba semestre de Jornalismo na ECA-USP, f\u00e3 de filmes de terror e m\u00fasica popular sul-coreana.","sameAs":["https:\/\/www.grupomedcof.com.br\/"],"url":"https:\/\/www.grupomedcof.com.br\/blog\/author\/julia\/"}]}},"authors":[{"term_id":3609,"user_id":6,"is_guest":0,"slug":"julia","display_name":"J\u00falia Moreira","avatar_url":"https:\/\/www.grupomedcof.com.br\/blog\/wp-content\/uploads\/2024\/12\/cropped-Captura-de-tela-2023-12-15-094946-96x96.png","0":null,"1":"","2":"","3":"","4":"","5":"","6":"","7":"","8":""}],"_links":{"self":[{"href":"https:\/\/www.grupomedcof.com.br\/blog\/wp-json\/wp\/v2\/posts\/6637","targetHints":{"allow":["GET"]}}],"collection":[{"href":"https:\/\/www.grupomedcof.com.br\/blog\/wp-json\/wp\/v2\/posts"}],"about":[{"href":"https:\/\/www.grupomedcof.com.br\/blog\/wp-json\/wp\/v2\/types\/post"}],"author":[{"embeddable":true,"href":"https:\/\/www.grupomedcof.com.br\/blog\/wp-json\/wp\/v2\/users\/6"}],"replies":[{"embeddable":true,"href":"https:\/\/www.grupomedcof.com.br\/blog\/wp-json\/wp\/v2\/comments?post=6637"}],"version-history":[{"count":0,"href":"https:\/\/www.grupomedcof.com.br\/blog\/wp-json\/wp\/v2\/posts\/6637\/revisions"}],"wp:featuredmedia":[{"embeddable":true,"href":"https:\/\/www.grupomedcof.com.br\/blog\/wp-json\/wp\/v2\/media\/6638"}],"wp:attachment":[{"href":"https:\/\/www.grupomedcof.com.br\/blog\/wp-json\/wp\/v2\/media?parent=6637"}],"wp:term":[{"taxonomy":"category","embeddable":true,"href":"https:\/\/www.grupomedcof.com.br\/blog\/wp-json\/wp\/v2\/categories?post=6637"},{"taxonomy":"post_tag","embeddable":true,"href":"https:\/\/www.grupomedcof.com.br\/blog\/wp-json\/wp\/v2\/tags?post=6637"},{"taxonomy":"author","embeddable":true,"href":"https:\/\/www.grupomedcof.com.br\/blog\/wp-json\/wp\/v2\/ppma_author?post=6637"}],"curies":[{"name":"wp","href":"https:\/\/api.w.org\/{rel}","templated":true}]}}