{"id":6681,"date":"2023-05-10T11:50:01","date_gmt":"2023-05-10T14:50:01","guid":{"rendered":"https:\/\/www.grupomedcof.com.br\/blog\/?p=6681"},"modified":"2023-05-10T11:50:01","modified_gmt":"2023-05-10T14:50:01","slug":"residencia-medica-santa-casa-de-bh","status":"publish","type":"post","link":"https:\/\/www.grupomedcof.com.br\/blog\/residencia-medica-santa-casa-de-bh\/","title":{"rendered":"Resid\u00eancia M\u00e9dica: Santa Casa de BH"},"content":{"rendered":"<div id=\"ez-toc-container\" class=\"ez-toc-v2_0_74 counter-hierarchy ez-toc-counter ez-toc-transparent ez-toc-container-direction\">\n<div class=\"ez-toc-title-container\">\n<p class=\"ez-toc-title\" style=\"cursor:inherit\">Sum\u00e1rio<\/p>\n<span class=\"ez-toc-title-toggle\"><a href=\"#\" class=\"ez-toc-pull-right ez-toc-btn ez-toc-btn-xs ez-toc-btn-default ez-toc-toggle\" aria-label=\"Alternar tabela de conte\u00fado\"><span class=\"ez-toc-js-icon-con\"><span class=\"\"><span class=\"eztoc-hide\" style=\"display:none;\">Toggle<\/span><span class=\"ez-toc-icon-toggle-span\"><svg style=\"fill: #999;color:#999\" xmlns=\"http:\/\/www.w3.org\/2000\/svg\" class=\"list-377408\" width=\"20px\" height=\"20px\" viewBox=\"0 0 24 24\" fill=\"none\"><path d=\"M6 6H4v2h2V6zm14 0H8v2h12V6zM4 11h2v2H4v-2zm16 0H8v2h12v-2zM4 16h2v2H4v-2zm16 0H8v2h12v-2z\" fill=\"currentColor\"><\/path><\/svg><svg style=\"fill: #999;color:#999\" class=\"arrow-unsorted-368013\" xmlns=\"http:\/\/www.w3.org\/2000\/svg\" width=\"10px\" height=\"10px\" viewBox=\"0 0 24 24\" version=\"1.2\" baseProfile=\"tiny\"><path d=\"M18.2 9.3l-6.2-6.3-6.2 6.3c-.2.2-.3.4-.3.7s.1.5.3.7c.2.2.4.3.7.3h11c.3 0 .5-.1.7-.3.2-.2.3-.5.3-.7s-.1-.5-.3-.7zM5.8 14.7l6.2 6.3 6.2-6.3c.2-.2.3-.5.3-.7s-.1-.5-.3-.7c-.2-.2-.4-.3-.7-.3h-11c-.3 0-.5.1-.7.3-.2.2-.3.5-.3.7s.1.5.3.7z\"\/><\/svg><\/span><\/span><\/span><\/a><\/span><\/div>\n<nav><ul class='ez-toc-list ez-toc-list-level-1 ' ><li class='ez-toc-page-1 ez-toc-heading-level-2'><a class=\"ez-toc-link ez-toc-heading-1\" href=\"https:\/\/www.grupomedcof.com.br\/blog\/residencia-medica-santa-casa-de-bh\/#Saiba_mais\" >Saiba mais<\/a><\/li><li class='ez-toc-page-1 ez-toc-heading-level-2'><a class=\"ez-toc-link ez-toc-heading-2\" href=\"https:\/\/www.grupomedcof.com.br\/blog\/residencia-medica-santa-casa-de-bh\/#Residencia_Medica_Santa_Casa_de_BH\" >Resid\u00eancia M\u00e9dica: Santa Casa de BH<\/a><\/li><li class='ez-toc-page-1 ez-toc-heading-level-2'><a class=\"ez-toc-link ez-toc-heading-3\" href=\"https:\/\/www.grupomedcof.com.br\/blog\/residencia-medica-santa-casa-de-bh\/#Processo_seletivo_Santa_Casa_de_BH\" >Processo seletivo Santa Casa de BH<\/a><\/li><li class='ez-toc-page-1 ez-toc-heading-level-2'><a class=\"ez-toc-link ez-toc-heading-4\" href=\"https:\/\/www.grupomedcof.com.br\/blog\/residencia-medica-santa-casa-de-bh\/#Cronograma_SCMBH\" >Cronograma SCMBH&nbsp;<\/a><\/li><li class='ez-toc-page-1 ez-toc-heading-level-2'><a class=\"ez-toc-link ez-toc-heading-5\" href=\"https:\/\/www.grupomedcof.com.br\/blog\/residencia-medica-santa-casa-de-bh\/#Pro-Residencia\" >Pr\u00f3-Resid\u00eancia<\/a><\/li><li class='ez-toc-page-1 ez-toc-heading-level-2'><a class=\"ez-toc-link ez-toc-heading-6\" href=\"https:\/\/www.grupomedcof.com.br\/blog\/residencia-medica-santa-casa-de-bh\/#Conquiste_a_aprovacao\" >Conquiste a aprova\u00e7\u00e3o!<\/a><\/li><\/ul><\/nav><\/div>\n<p><img loading=\"lazy\" decoding=\"async\" width=\"800\" height=\"450\" src=\"https:\/\/www.grupomedcof.com.br\/blog\/wp-content\/uploads\/2023\/05\/saiba-mais-sobre-a-84-1024x576.png\" alt=\"hospital santa casa de belo horizonte, hospital santa casa de misericordia de bh, santa casa bh, santa casa de belo horizonte\" srcset=\"https:\/\/www.grupomedcof.com.br\/blog\/wp-content\/uploads\/2023\/05\/saiba-mais-sobre-a-84-1024x576.png 1024w, https:\/\/www.grupomedcof.com.br\/blog\/wp-content\/uploads\/2023\/05\/saiba-mais-sobre-a-84-300x169.png 300w, https:\/\/www.grupomedcof.com.br\/blog\/wp-content\/uploads\/2023\/05\/saiba-mais-sobre-a-84-768x432.png 768w, https:\/\/www.grupomedcof.com.br\/blog\/wp-content\/uploads\/2023\/05\/saiba-mais-sobre-a-84-1536x864.png 1536w, https:\/\/www.grupomedcof.com.br\/blog\/wp-content\/uploads\/2023\/05\/saiba-mais-sobre-a-84-2048x1152.png 2048w\" sizes=\"auto, (max-width: 800px) 100vw, 800px\" \/>\t\t\t\t\t\t\t\t\t\t\t\t\t\t\t<\/p>\n<p>A Santa Casa de Miseric\u00f3rdia de BH, Belo Horizonte, publicou o <strong><a href=\"https:\/\/www.ibgpconcursos.com.br\/concursos\/DetalheConcurso.aspx?id=346\" target=\"_blank\" rel=\"noopener\">edital extempor\u00e2neo<\/a><\/strong> com vagas para Resid\u00eancia M\u00e9dica em<strong> 2023.2.<\/strong> Confira ent\u00e3o as principais informa\u00e7\u00f5es contidas no edital da SCMBH.<\/p>\n<h2><span class=\"ez-toc-section\" id=\"Saiba_mais\"><\/span>\n\t\t\t\tSaiba mais\t\t\t<span class=\"ez-toc-section-end\"><\/span><\/h2>\n<h2 style=\"font-family: Poppins, sans-serif; color: #7a7a7a;\"><span class=\"ez-toc-section\" id=\"Residencia_Medica_Santa_Casa_de_BH\"><\/span><strong>Resid\u00eancia M\u00e9dica: Santa Casa de BH<\/strong><span class=\"ez-toc-section-end\"><\/span><\/h2>\n<p>Ap\u00f3s aderir ao Programa Nacional de Apoio \u00e0 Forma\u00e7\u00e3o de M\u00e9dicos Especialistas em \u00c1reas Estrat\u00e9gicas (<a href=\"https:\/\/www.grupomedcof.com.br\/blog\/pro-residencia-instituicoes-contempladas\/\">Pr\u00f3-Resid\u00eancia<\/a>), a Santa Casa de BH ganhou novas vagas nas especialidades de Dermatologia, Endocrinologia, Gastroenterologia e Cardiologia Pedi\u00e1trica.<\/p>\n<table style=\"background-color: #ffffff; width: 800px;\">\n<tbody>\n<tr>\n<td style=\"border-color: rgba(128, 128, 128, 0.5); background-color: rgba(128, 128, 128, 0.07);\">Especialidades<\/td>\n<td style=\"border-color: rgba(128, 128, 128, 0.5); background-color: rgba(128, 128, 128, 0.07);\" data-align=\"center\">Vagas ofertadas<\/td>\n<\/tr>\n<tr>\n<td style=\"border-color: rgba(128, 128, 128, 0.5);\">Dermatologia<\/td>\n<td style=\"border-color: rgba(128, 128, 128, 0.5);\" data-align=\"center\">2<\/td>\n<\/tr>\n<tr>\n<td style=\"border-color: rgba(128, 128, 128, 0.5); background-color: rgba(128, 128, 128, 0.07);\">Endocrinologia<\/td>\n<td style=\"border-color: rgba(128, 128, 128, 0.5); background-color: rgba(128, 128, 128, 0.07);\" data-align=\"center\">1<\/td>\n<\/tr>\n<tr>\n<td style=\"border-color: rgba(128, 128, 128, 0.5);\">Gastroenterologia<\/td>\n<td style=\"border-color: rgba(128, 128, 128, 0.5);\" data-align=\"center\">1<\/td>\n<\/tr>\n<tr>\n<td style=\"border-color: rgba(128, 128, 128, 0.5); background-color: rgba(128, 128, 128, 0.07);\">Cardiologia Pedi\u00e1trica<\/td>\n<td style=\"border-color: rgba(128, 128, 128, 0.5); background-color: rgba(128, 128, 128, 0.07);\">\u00a0 \u00a0 \u00a0 \u00a0 \u00a0 \u00a0 \u00a0 \u00a0 \u00a0 \u00a0 \u00a0 \u00a0 \u00a0 \u00a0 \u00a0 \u00a0 \u00a0 \u00a0 \u00a0 \u00a0 \u00a0 \u00a0 \u00a0 \u00a0 \u00a0 \u00a0 \u00a02<\/td>\n<\/tr>\n<\/tbody>\n<\/table>\n<p>De acordo com o edital, os candidatos poder\u00e3o se inscrever entre os dias\u00a013 e 21 de maio, ap\u00f3s preencherem o formul\u00e1rio de inscri\u00e7\u00e3o, enviarem a documenta\u00e7\u00e3o necess\u00e1ria e pagarem a taxa no valor de\u00a0R$ 640,00,\u00a0sem a possibilidade de solicitar isen\u00e7\u00e3o.\u00a0 Entretanto, os candidatos que ingressaram na gradua\u00e7\u00e3o de medicina atrav\u00e9s das cotas dispon\u00edveis no\u00a0SISU ou no PROUNI, pagar\u00e3o o valor de R$ 320,00.<\/p>\n<h2 style=\"font-family: Poppins, sans-serif; color: #7a7a7a;\"><span class=\"ez-toc-section\" id=\"Processo_seletivo_Santa_Casa_de_BH\"><\/span><strong>Processo seletivo Santa Casa de BH<\/strong><span class=\"ez-toc-section-end\"><\/span><\/h2>\n<p>Desse modo, o processo Seletivo para resid\u00eancia m\u00e9dica da SCMBH ter\u00e1 <strong>2 etapas, uma prova objetiva e uma prova de t\u00edtulo<\/strong>, em que os curr\u00edculos dos candidatos ser\u00e3o analisados.<\/p>\n<p>\u00a0<\/p>\n<p>Sendo assim, a 1\u00aa etapa ocorrer\u00e1 no dia<strong> 28 de maio de 2023<\/strong> e corresponder\u00e1 a uma prova objetiva de m\u00faltipla escolha. Veja abaixo a composi\u00e7\u00e3o de acordo com cada especialidade.<\/p>\n<p>\u00a0<\/p>\n<ul style=\"font-size: 16px; background-color: #ffffff;\">\n<li style=\"font-size: 16px;\">Dermatologia (Acesso Direto):\u00a050 quest\u00f5es divididas entre Cl\u00ednica M\u00e9dica, Cirurgia, Pediatria, Ginecologia e Obstetr\u00edcia e Medicina Preventiva e Social.<\/li>\n<li style=\"font-size: 16px;\">Cardiologia Pedi\u00e1trica (Pr\u00e9-Requisito):\u00a030 quest\u00f5es\u00a0 &#8211; 15 de cardiologia e 15 de Pediatria<\/li>\n<li style=\"font-size: 16px;\">Endocrinologia e Gastroenterologia:\u00a030 quest\u00f5es de Cl\u00ednica M\u00e9dica<\/li>\n<\/ul>\n<p>\u00a0<\/p>\n<p>Dessa forma, a 2\u00aa etapa do processo seletivo ser\u00e1 uma Prova de T\u00edtulo, de car\u00e1ter classificat\u00f3rio. Assim, os candidatos dever\u00e3o enviar os curr\u00edculos para an\u00e1lise entre os dias\u00a013 e 21 de maio de 2023.<\/p>\n<p>J\u00e1 a divulga\u00e7\u00e3o do&nbsp; Resultado Final est\u00e1 previsto para o dia&nbsp;14 de junho de 2023<\/p>\n<h2 style=\"font-family: Poppins, sans-serif; color: rgb(122, 122, 122);\"><span class=\"ez-toc-section\" id=\"Cronograma_SCMBH\"><\/span>Cronograma SCMBH&nbsp;<span class=\"ez-toc-section-end\"><\/span><\/h2>\n<p>Portanto, confira abaixo as principais datas do processo seletivo extempor\u00e2neo:<\/p>\n<ul style=\"font-size: 16px; background-color: rgb(255, 255, 255);\">\n<li style=\"font-size: 16px;\">Inscri\u00e7\u00f5es e envio dos curr\u00edculos para an\u00e1lise:&nbsp;13 a 12\/05\/2023<\/li>\n<li style=\"font-size: 16px;\">Prova Objetiva (1\u00aa etapa) e Gabarito Preliminar: 28\/05\/2023<\/li>\n<li style=\"font-size: 16px;\">Recursos:&nbsp;29\/05\/2023<\/li>\n<li style=\"font-size: 16px;\">Gabarito Definitivo e Resultado Preliminar da 2\u00aa etapa: 06\/06\/2023<\/li>\n<li style=\"font-size: 16px;\">Recursos contra a 2\u00aa etapa:&nbsp;07\/06\/2023<\/li>\n<li style=\"font-size: 16px;\">Resultado Preliminar e Classifica\u00e7\u00e3o:&nbsp;12\/06\/2023<\/li>\n<li style=\"font-size: 16px;\">Recursos:&nbsp;13\/06\/2023<\/li>\n<li style=\"font-size: 16px;\">Resultado Final:&nbsp;14\/06\/2023<\/li>\n<li style=\"font-size: 16px;\">Matr\u00edculas:&nbsp;16 a 20\/06\/2023<\/li>\n<li style=\"font-size: 16px;\">In\u00edcio dos programas:&nbsp;01\/07\/2023<\/li>\n<\/ul>\n<h2><span class=\"ez-toc-section\" id=\"Pro-Residencia\"><\/span>Pr\u00f3-Resid\u00eancia<span class=\"ez-toc-section-end\"><\/span><\/h2>\n<p>O Pr\u00f3-Resid\u00eancia autorizou o preenchimento de\u00a0<strong>753 vagas para o 2\u00ba Semestre de 2023<\/strong>. Desse modo, as institui\u00e7\u00f5es devidamente credenciadas que realizar\u00e3o processos seletivos extempor\u00e2neos com base na nova Resolu\u00e7\u00e3o da CNRM (Comiss\u00e3o Nacional de Resid\u00eancia M\u00e9dica) j\u00e1 receber\u00e3o os novos residentes este ano.<\/p>\n<p>Ademais, ainda de acordo com o documento publicado, as condi\u00e7\u00f5es e as fases do processo seletivo de cada institui\u00e7\u00e3o participante do programa Pr\u00f3-Resid\u00eancia estar\u00e3o dispon\u00edveis nos editais de cada COREME.\u00a0<a href=\"https:\/\/www.grupomedcof.com.br\/blog\/pro-residencia-instituicoes-contempladas\/\" target=\"_blank\" rel=\"noopener\">Confira quais intui\u00e7\u00f5es participam e suas respectivas vagas!<\/a><\/p>\n<h2><span class=\"ez-toc-section\" id=\"Conquiste_a_aprovacao\"><\/span>Conquiste a aprova\u00e7\u00e3o!<span class=\"ez-toc-section-end\"><\/span><\/h2>\n<p>A\u00a0<a href=\"https:\/\/www.grupomedcof.com.br\/\" target=\"_balnk\" rel=\"noopener\">Medcof<\/a>\u00a0tem um cat\u00e1logo repleto de cursos que te guiar\u00e3o na jornada \u00e0 Resid\u00eancia M\u00e9dica dos sonhos! Ent\u00e3o, confira os nossos cursos e seja<a href=\"https:\/\/www.grupomedcof.com.br\/blog\/presenca-da-medcof-nas-aprovacoes-em-residencia-medica-no-brasil\/\">\u00a0mais um aprovado<\/a>\u00a0nas melhores institui\u00e7\u00f5es do pa\u00eds!<br \/>\n\t\t\t\t\t\t\t\t\t\t\t\t\t\t\t<img loading=\"lazy\" decoding=\"async\" width=\"800\" height=\"397\" src=\"https:\/\/www.grupomedcof.com.br\/blog\/wp-content\/uploads\/2023\/03\/aprovados-1024x508.png\" alt=\"Aprovados medcof\" srcset=\"https:\/\/www.grupomedcof.com.br\/blog\/wp-content\/uploads\/2023\/03\/aprovados-1024x508.png 1024w, https:\/\/www.grupomedcof.com.br\/blog\/wp-content\/uploads\/2023\/03\/aprovados-300x149.png 300w, https:\/\/www.grupomedcof.com.br\/blog\/wp-content\/uploads\/2023\/03\/aprovados-768x381.png 768w, https:\/\/www.grupomedcof.com.br\/blog\/wp-content\/uploads\/2023\/03\/aprovados.png 1436w\" sizes=\"auto, (max-width: 800px) 100vw, 800px\" \/><\/p>\n","protected":false},"excerpt":{"rendered":"<p>A Santa Casa de Miseric\u00f3rdia de BH, Belo Horizonte, publicou o edital extempor\u00e2neo com vagas para Resid\u00eancia M\u00e9dica em 2023.2. Confira ent\u00e3o as principais informa\u00e7\u00f5es contidas no edital da SCMBH. Saiba mais Resid\u00eancia M\u00e9dica: Santa Casa de BH Ap\u00f3s aderir ao Programa Nacional de Apoio \u00e0 Forma\u00e7\u00e3o de M\u00e9dicos Especialistas em \u00c1reas Estrat\u00e9gicas (Pr\u00f3-Resid\u00eancia), a [&hellip;]<\/p>\n","protected":false},"author":6,"featured_media":6685,"comment_status":"open","ping_status":"open","sticky":false,"template":"","format":"standard","meta":{"footnotes":""},"categories":[10],"tags":[93,117,68],"ppma_author":[3609],"class_list":{"0":"post-6681","1":"post","2":"type-post","3":"status-publish","4":"format-standard","5":"has-post-thumbnail","7":"category-raio-x-editais","8":"tag-especialidades-medicas","9":"tag-provas-de-residencia","10":"tag-residencia-medica"},"yoast_head":"<!-- This site is optimized with the Yoast SEO Premium plugin v24.3 (Yoast SEO v27.4) - https:\/\/yoast.com\/product\/yoast-seo-premium-wordpress\/ -->\n<title>Resid\u00eancia M\u00e9dica: Santa Casa de BH - Blog de Medcof: conte\u00fados, editais, revalida e mais!<\/title>\n<meta name=\"description\" content=\"Ap\u00f3s ades\u00e3o ao Pr\u00f3-Resid\u00eancia, Santa Casa de BH publica edital para o processo seletivo para resid\u00eancia m\u00e9dica 2023.2.\" \/>\n<meta name=\"robots\" content=\"index, follow, max-snippet:-1, max-image-preview:large, max-video-preview:-1\" \/>\n<link rel=\"canonical\" href=\"https:\/\/www.grupomedcof.com.br\/blog\/residencia-medica-santa-casa-de-bh\/\" \/>\n<meta property=\"og:locale\" content=\"pt_BR\" \/>\n<meta property=\"og:type\" content=\"article\" \/>\n<meta property=\"og:title\" content=\"Resid\u00eancia M\u00e9dica: Santa Casa de BH\" \/>\n<meta property=\"og:description\" content=\"Ap\u00f3s ades\u00e3o ao Pr\u00f3-Resid\u00eancia, Santa Casa de BH publica edital para o processo seletivo para resid\u00eancia m\u00e9dica 2023.2.\" \/>\n<meta property=\"og:url\" content=\"https:\/\/www.grupomedcof.com.br\/blog\/residencia-medica-santa-casa-de-bh\/\" \/>\n<meta property=\"og:site_name\" content=\"Blog de Medcof: conte\u00fados, editais, revalida e mais!\" \/>\n<meta property=\"article:publisher\" content=\"https:\/\/www.facebook.com\/MedCofQbank\/\" \/>\n<meta property=\"article:published_time\" content=\"2023-05-10T14:50:01+00:00\" \/>\n<meta property=\"og:image\" content=\"https:\/\/www.grupomedcof.com.br\/blog\/wp-content\/uploads\/2023\/05\/saiba-mais-sobre-a-84-1024x576.png\" \/>\n\t<meta property=\"og:image:width\" content=\"1024\" \/>\n\t<meta property=\"og:image:height\" content=\"576\" \/>\n\t<meta property=\"og:image:type\" content=\"image\/png\" \/>\n<meta name=\"author\" content=\"J\u00falia Moreira\" \/>\n<meta name=\"twitter:card\" content=\"summary_large_image\" \/>\n<meta name=\"twitter:label1\" content=\"Escrito por\" \/>\n\t<meta name=\"twitter:data1\" content=\"J\u00falia Moreira\" \/>\n\t<meta name=\"twitter:label2\" content=\"Est. tempo de leitura\" \/>\n\t<meta name=\"twitter:data2\" content=\"7 minutos\" \/>\n<script type=\"application\/ld+json\" class=\"yoast-schema-graph\">{\"@context\":\"https:\\\/\\\/schema.org\",\"@graph\":[{\"@type\":\"Article\",\"@id\":\"https:\\\/\\\/www.grupomedcof.com.br\\\/blog\\\/residencia-medica-santa-casa-de-bh\\\/#article\",\"isPartOf\":{\"@id\":\"https:\\\/\\\/www.grupomedcof.com.br\\\/blog\\\/residencia-medica-santa-casa-de-bh\\\/\"},\"author\":{\"name\":\"J\u00falia Moreira\",\"@id\":\"https:\\\/\\\/www.grupomedcof.com.br\\\/blog\\\/#\\\/schema\\\/person\\\/1375e0ce724529d7a1d8156ea7f8ceaa\"},\"headline\":\"Resid\u00eancia M\u00e9dica: Santa Casa de BH\",\"datePublished\":\"2023-05-10T14:50:01+00:00\",\"mainEntityOfPage\":{\"@id\":\"https:\\\/\\\/www.grupomedcof.com.br\\\/blog\\\/residencia-medica-santa-casa-de-bh\\\/\"},\"wordCount\":551,\"commentCount\":0,\"publisher\":{\"@id\":\"https:\\\/\\\/www.grupomedcof.com.br\\\/blog\\\/#organization\"},\"image\":{\"@id\":\"https:\\\/\\\/www.grupomedcof.com.br\\\/blog\\\/residencia-medica-santa-casa-de-bh\\\/#primaryimage\"},\"thumbnailUrl\":\"https:\\\/\\\/www.grupomedcof.com.br\\\/blog\\\/wp-content\\\/uploads\\\/2023\\\/05\\\/saiba-mais-sobre-a-84.png\",\"keywords\":[\"Especialidades m\u00e9dicas\",\"Provas de Resid\u00eancia\",\"Resid\u00eancia M\u00e9dica\"],\"articleSection\":[\"Raio-X Editais\"],\"inLanguage\":\"pt-BR\"},{\"@type\":\"WebPage\",\"@id\":\"https:\\\/\\\/www.grupomedcof.com.br\\\/blog\\\/residencia-medica-santa-casa-de-bh\\\/\",\"url\":\"https:\\\/\\\/www.grupomedcof.com.br\\\/blog\\\/residencia-medica-santa-casa-de-bh\\\/\",\"name\":\"Resid\u00eancia M\u00e9dica: Santa Casa de BH - Blog de Medcof: conte\u00fados, editais, revalida e mais!\",\"isPartOf\":{\"@id\":\"https:\\\/\\\/www.grupomedcof.com.br\\\/blog\\\/#website\"},\"primaryImageOfPage\":{\"@id\":\"https:\\\/\\\/www.grupomedcof.com.br\\\/blog\\\/residencia-medica-santa-casa-de-bh\\\/#primaryimage\"},\"image\":{\"@id\":\"https:\\\/\\\/www.grupomedcof.com.br\\\/blog\\\/residencia-medica-santa-casa-de-bh\\\/#primaryimage\"},\"thumbnailUrl\":\"https:\\\/\\\/www.grupomedcof.com.br\\\/blog\\\/wp-content\\\/uploads\\\/2023\\\/05\\\/saiba-mais-sobre-a-84.png\",\"datePublished\":\"2023-05-10T14:50:01+00:00\",\"description\":\"Ap\u00f3s ades\u00e3o ao Pr\u00f3-Resid\u00eancia, Santa Casa de BH publica edital para o processo seletivo para resid\u00eancia m\u00e9dica 2023.2.\",\"breadcrumb\":{\"@id\":\"https:\\\/\\\/www.grupomedcof.com.br\\\/blog\\\/residencia-medica-santa-casa-de-bh\\\/#breadcrumb\"},\"inLanguage\":\"pt-BR\",\"potentialAction\":[{\"@type\":\"ReadAction\",\"target\":[\"https:\\\/\\\/www.grupomedcof.com.br\\\/blog\\\/residencia-medica-santa-casa-de-bh\\\/\"]}]},{\"@type\":\"ImageObject\",\"inLanguage\":\"pt-BR\",\"@id\":\"https:\\\/\\\/www.grupomedcof.com.br\\\/blog\\\/residencia-medica-santa-casa-de-bh\\\/#primaryimage\",\"url\":\"https:\\\/\\\/www.grupomedcof.com.br\\\/blog\\\/wp-content\\\/uploads\\\/2023\\\/05\\\/saiba-mais-sobre-a-84.png\",\"contentUrl\":\"https:\\\/\\\/www.grupomedcof.com.br\\\/blog\\\/wp-content\\\/uploads\\\/2023\\\/05\\\/saiba-mais-sobre-a-84.png\",\"width\":2560,\"height\":1440,\"caption\":\"Ap\u00f3s ades\u00e3o ao Pr\u00f3-Resid\u00eancia, Santa Casa de BH publica edital para o processo seletivo para resid\u00eancia m\u00e9dica 2023.2.\"},{\"@type\":\"BreadcrumbList\",\"@id\":\"https:\\\/\\\/www.grupomedcof.com.br\\\/blog\\\/residencia-medica-santa-casa-de-bh\\\/#breadcrumb\",\"itemListElement\":[{\"@type\":\"ListItem\",\"position\":1,\"name\":\"In\u00edcio\",\"item\":\"https:\\\/\\\/www.grupomedcof.com.br\\\/blog\\\/\"},{\"@type\":\"ListItem\",\"position\":2,\"name\":\"Resid\u00eancia M\u00e9dica: Santa Casa de BH\"}]},{\"@type\":\"WebSite\",\"@id\":\"https:\\\/\\\/www.grupomedcof.com.br\\\/blog\\\/#website\",\"url\":\"https:\\\/\\\/www.grupomedcof.com.br\\\/blog\\\/\",\"name\":\"Blog de Medcof: conte\u00fados, editais, revalida e mais!\",\"description\":\"Acesso o blog de MedCof! Seu portal de conte\u00fados sobre resid\u00eancia m\u00e9dica, an\u00e1lise e editais e muito mais. Clique e confira!\",\"publisher\":{\"@id\":\"https:\\\/\\\/www.grupomedcof.com.br\\\/blog\\\/#organization\"},\"alternateName\":\"Blog de Medcof: conte\u00fados, editais, revalida e mais!\",\"potentialAction\":[{\"@type\":\"SearchAction\",\"target\":{\"@type\":\"EntryPoint\",\"urlTemplate\":\"https:\\\/\\\/www.grupomedcof.com.br\\\/blog\\\/?s={search_term_string}\"},\"query-input\":{\"@type\":\"PropertyValueSpecification\",\"valueRequired\":true,\"valueName\":\"search_term_string\"}}],\"inLanguage\":\"pt-BR\"},{\"@type\":\"Organization\",\"@id\":\"https:\\\/\\\/www.grupomedcof.com.br\\\/blog\\\/#organization\",\"name\":\"Grupo MedCof\",\"url\":\"https:\\\/\\\/www.grupomedcof.com.br\\\/blog\\\/\",\"logo\":{\"@type\":\"ImageObject\",\"inLanguage\":\"pt-BR\",\"@id\":\"https:\\\/\\\/www.grupomedcof.com.br\\\/blog\\\/#\\\/schema\\\/logo\\\/image\\\/\",\"url\":\"https:\\\/\\\/www.grupomedcof.com.br\\\/blog\\\/wp-content\\\/uploads\\\/2022\\\/01\\\/logo-medcof.png\",\"contentUrl\":\"https:\\\/\\\/www.grupomedcof.com.br\\\/blog\\\/wp-content\\\/uploads\\\/2022\\\/01\\\/logo-medcof.png\",\"width\":768,\"height\":269,\"caption\":\"Grupo MedCof\"},\"image\":{\"@id\":\"https:\\\/\\\/www.grupomedcof.com.br\\\/blog\\\/#\\\/schema\\\/logo\\\/image\\\/\"},\"sameAs\":[\"https:\\\/\\\/www.facebook.com\\\/MedCofQbank\\\/\",\"https:\\\/\\\/www.instagram.com\\\/grupomedcof\\\/\",\"https:\\\/\\\/br.linkedin.com\\\/company\\\/medcof\",\"https:\\\/\\\/www.youtube.com\\\/channel\\\/UCdHMuOHKICxcHwecxN8P-AA\"]},{\"@type\":\"Person\",\"@id\":\"https:\\\/\\\/www.grupomedcof.com.br\\\/blog\\\/#\\\/schema\\\/person\\\/1375e0ce724529d7a1d8156ea7f8ceaa\",\"name\":\"J\u00falia Moreira\",\"image\":{\"@type\":\"ImageObject\",\"inLanguage\":\"pt-BR\",\"@id\":\"https:\\\/\\\/www.grupomedcof.com.br\\\/blog\\\/wp-content\\\/uploads\\\/2024\\\/12\\\/cropped-Captura-de-tela-2023-12-15-094946-96x96.png6a0083ac34a0445de97d55fae63a4a41\",\"url\":\"https:\\\/\\\/www.grupomedcof.com.br\\\/blog\\\/wp-content\\\/uploads\\\/2024\\\/12\\\/cropped-Captura-de-tela-2023-12-15-094946-96x96.png\",\"contentUrl\":\"https:\\\/\\\/www.grupomedcof.com.br\\\/blog\\\/wp-content\\\/uploads\\\/2024\\\/12\\\/cropped-Captura-de-tela-2023-12-15-094946-96x96.png\",\"caption\":\"J\u00falia Moreira\"},\"description\":\"Estudante do 8\u00ba semestre de Jornalismo na ECA-USP, f\u00e3 de filmes de terror e m\u00fasica popular sul-coreana.\",\"sameAs\":[\"https:\\\/\\\/www.grupomedcof.com.br\\\/\"],\"url\":\"https:\\\/\\\/www.grupomedcof.com.br\\\/blog\\\/author\\\/julia\\\/\"}]}<\/script>\n<!-- \/ Yoast SEO Premium plugin. -->","yoast_head_json":{"title":"Resid\u00eancia M\u00e9dica: Santa Casa de BH - Blog de Medcof: conte\u00fados, editais, revalida e mais!","description":"Ap\u00f3s ades\u00e3o ao Pr\u00f3-Resid\u00eancia, Santa Casa de BH publica edital para o processo seletivo para resid\u00eancia m\u00e9dica 2023.2.","robots":{"index":"index","follow":"follow","max-snippet":"max-snippet:-1","max-image-preview":"max-image-preview:large","max-video-preview":"max-video-preview:-1"},"canonical":"https:\/\/www.grupomedcof.com.br\/blog\/residencia-medica-santa-casa-de-bh\/","og_locale":"pt_BR","og_type":"article","og_title":"Resid\u00eancia M\u00e9dica: Santa Casa de BH","og_description":"Ap\u00f3s ades\u00e3o ao Pr\u00f3-Resid\u00eancia, Santa Casa de BH publica edital para o processo seletivo para resid\u00eancia m\u00e9dica 2023.2.","og_url":"https:\/\/www.grupomedcof.com.br\/blog\/residencia-medica-santa-casa-de-bh\/","og_site_name":"Blog de Medcof: conte\u00fados, editais, revalida e mais!","article_publisher":"https:\/\/www.facebook.com\/MedCofQbank\/","article_published_time":"2023-05-10T14:50:01+00:00","og_image":[{"width":1024,"height":576,"url":"https:\/\/www.grupomedcof.com.br\/blog\/wp-content\/uploads\/2023\/05\/saiba-mais-sobre-a-84-1024x576.png","type":"image\/png"}],"author":"J\u00falia Moreira","twitter_card":"summary_large_image","twitter_misc":{"Escrito por":"J\u00falia Moreira","Est. tempo de leitura":"7 minutos"},"schema":{"@context":"https:\/\/schema.org","@graph":[{"@type":"Article","@id":"https:\/\/www.grupomedcof.com.br\/blog\/residencia-medica-santa-casa-de-bh\/#article","isPartOf":{"@id":"https:\/\/www.grupomedcof.com.br\/blog\/residencia-medica-santa-casa-de-bh\/"},"author":{"name":"J\u00falia Moreira","@id":"https:\/\/www.grupomedcof.com.br\/blog\/#\/schema\/person\/1375e0ce724529d7a1d8156ea7f8ceaa"},"headline":"Resid\u00eancia M\u00e9dica: Santa Casa de BH","datePublished":"2023-05-10T14:50:01+00:00","mainEntityOfPage":{"@id":"https:\/\/www.grupomedcof.com.br\/blog\/residencia-medica-santa-casa-de-bh\/"},"wordCount":551,"commentCount":0,"publisher":{"@id":"https:\/\/www.grupomedcof.com.br\/blog\/#organization"},"image":{"@id":"https:\/\/www.grupomedcof.com.br\/blog\/residencia-medica-santa-casa-de-bh\/#primaryimage"},"thumbnailUrl":"https:\/\/www.grupomedcof.com.br\/blog\/wp-content\/uploads\/2023\/05\/saiba-mais-sobre-a-84.png","keywords":["Especialidades m\u00e9dicas","Provas de Resid\u00eancia","Resid\u00eancia M\u00e9dica"],"articleSection":["Raio-X Editais"],"inLanguage":"pt-BR"},{"@type":"WebPage","@id":"https:\/\/www.grupomedcof.com.br\/blog\/residencia-medica-santa-casa-de-bh\/","url":"https:\/\/www.grupomedcof.com.br\/blog\/residencia-medica-santa-casa-de-bh\/","name":"Resid\u00eancia M\u00e9dica: Santa Casa de BH - Blog de Medcof: conte\u00fados, editais, revalida e mais!","isPartOf":{"@id":"https:\/\/www.grupomedcof.com.br\/blog\/#website"},"primaryImageOfPage":{"@id":"https:\/\/www.grupomedcof.com.br\/blog\/residencia-medica-santa-casa-de-bh\/#primaryimage"},"image":{"@id":"https:\/\/www.grupomedcof.com.br\/blog\/residencia-medica-santa-casa-de-bh\/#primaryimage"},"thumbnailUrl":"https:\/\/www.grupomedcof.com.br\/blog\/wp-content\/uploads\/2023\/05\/saiba-mais-sobre-a-84.png","datePublished":"2023-05-10T14:50:01+00:00","description":"Ap\u00f3s ades\u00e3o ao Pr\u00f3-Resid\u00eancia, Santa Casa de BH publica edital para o processo seletivo para resid\u00eancia m\u00e9dica 2023.2.","breadcrumb":{"@id":"https:\/\/www.grupomedcof.com.br\/blog\/residencia-medica-santa-casa-de-bh\/#breadcrumb"},"inLanguage":"pt-BR","potentialAction":[{"@type":"ReadAction","target":["https:\/\/www.grupomedcof.com.br\/blog\/residencia-medica-santa-casa-de-bh\/"]}]},{"@type":"ImageObject","inLanguage":"pt-BR","@id":"https:\/\/www.grupomedcof.com.br\/blog\/residencia-medica-santa-casa-de-bh\/#primaryimage","url":"https:\/\/www.grupomedcof.com.br\/blog\/wp-content\/uploads\/2023\/05\/saiba-mais-sobre-a-84.png","contentUrl":"https:\/\/www.grupomedcof.com.br\/blog\/wp-content\/uploads\/2023\/05\/saiba-mais-sobre-a-84.png","width":2560,"height":1440,"caption":"Ap\u00f3s ades\u00e3o ao Pr\u00f3-Resid\u00eancia, Santa Casa de BH publica edital para o processo seletivo para resid\u00eancia m\u00e9dica 2023.2."},{"@type":"BreadcrumbList","@id":"https:\/\/www.grupomedcof.com.br\/blog\/residencia-medica-santa-casa-de-bh\/#breadcrumb","itemListElement":[{"@type":"ListItem","position":1,"name":"In\u00edcio","item":"https:\/\/www.grupomedcof.com.br\/blog\/"},{"@type":"ListItem","position":2,"name":"Resid\u00eancia M\u00e9dica: Santa Casa de BH"}]},{"@type":"WebSite","@id":"https:\/\/www.grupomedcof.com.br\/blog\/#website","url":"https:\/\/www.grupomedcof.com.br\/blog\/","name":"Blog de Medcof: conte\u00fados, editais, revalida e mais!","description":"Acesso o blog de MedCof! Seu portal de conte\u00fados sobre resid\u00eancia m\u00e9dica, an\u00e1lise e editais e muito mais. Clique e confira!","publisher":{"@id":"https:\/\/www.grupomedcof.com.br\/blog\/#organization"},"alternateName":"Blog de Medcof: conte\u00fados, editais, revalida e mais!","potentialAction":[{"@type":"SearchAction","target":{"@type":"EntryPoint","urlTemplate":"https:\/\/www.grupomedcof.com.br\/blog\/?s={search_term_string}"},"query-input":{"@type":"PropertyValueSpecification","valueRequired":true,"valueName":"search_term_string"}}],"inLanguage":"pt-BR"},{"@type":"Organization","@id":"https:\/\/www.grupomedcof.com.br\/blog\/#organization","name":"Grupo MedCof","url":"https:\/\/www.grupomedcof.com.br\/blog\/","logo":{"@type":"ImageObject","inLanguage":"pt-BR","@id":"https:\/\/www.grupomedcof.com.br\/blog\/#\/schema\/logo\/image\/","url":"https:\/\/www.grupomedcof.com.br\/blog\/wp-content\/uploads\/2022\/01\/logo-medcof.png","contentUrl":"https:\/\/www.grupomedcof.com.br\/blog\/wp-content\/uploads\/2022\/01\/logo-medcof.png","width":768,"height":269,"caption":"Grupo MedCof"},"image":{"@id":"https:\/\/www.grupomedcof.com.br\/blog\/#\/schema\/logo\/image\/"},"sameAs":["https:\/\/www.facebook.com\/MedCofQbank\/","https:\/\/www.instagram.com\/grupomedcof\/","https:\/\/br.linkedin.com\/company\/medcof","https:\/\/www.youtube.com\/channel\/UCdHMuOHKICxcHwecxN8P-AA"]},{"@type":"Person","@id":"https:\/\/www.grupomedcof.com.br\/blog\/#\/schema\/person\/1375e0ce724529d7a1d8156ea7f8ceaa","name":"J\u00falia Moreira","image":{"@type":"ImageObject","inLanguage":"pt-BR","@id":"https:\/\/www.grupomedcof.com.br\/blog\/wp-content\/uploads\/2024\/12\/cropped-Captura-de-tela-2023-12-15-094946-96x96.png6a0083ac34a0445de97d55fae63a4a41","url":"https:\/\/www.grupomedcof.com.br\/blog\/wp-content\/uploads\/2024\/12\/cropped-Captura-de-tela-2023-12-15-094946-96x96.png","contentUrl":"https:\/\/www.grupomedcof.com.br\/blog\/wp-content\/uploads\/2024\/12\/cropped-Captura-de-tela-2023-12-15-094946-96x96.png","caption":"J\u00falia Moreira"},"description":"Estudante do 8\u00ba semestre de Jornalismo na ECA-USP, f\u00e3 de filmes de terror e m\u00fasica popular sul-coreana.","sameAs":["https:\/\/www.grupomedcof.com.br\/"],"url":"https:\/\/www.grupomedcof.com.br\/blog\/author\/julia\/"}]}},"authors":[{"term_id":3609,"user_id":6,"is_guest":0,"slug":"julia","display_name":"J\u00falia Moreira","avatar_url":"https:\/\/www.grupomedcof.com.br\/blog\/wp-content\/uploads\/2024\/12\/cropped-Captura-de-tela-2023-12-15-094946-96x96.png","0":null,"1":"","2":"","3":"","4":"","5":"","6":"","7":"","8":""}],"_links":{"self":[{"href":"https:\/\/www.grupomedcof.com.br\/blog\/wp-json\/wp\/v2\/posts\/6681","targetHints":{"allow":["GET"]}}],"collection":[{"href":"https:\/\/www.grupomedcof.com.br\/blog\/wp-json\/wp\/v2\/posts"}],"about":[{"href":"https:\/\/www.grupomedcof.com.br\/blog\/wp-json\/wp\/v2\/types\/post"}],"author":[{"embeddable":true,"href":"https:\/\/www.grupomedcof.com.br\/blog\/wp-json\/wp\/v2\/users\/6"}],"replies":[{"embeddable":true,"href":"https:\/\/www.grupomedcof.com.br\/blog\/wp-json\/wp\/v2\/comments?post=6681"}],"version-history":[{"count":0,"href":"https:\/\/www.grupomedcof.com.br\/blog\/wp-json\/wp\/v2\/posts\/6681\/revisions"}],"wp:featuredmedia":[{"embeddable":true,"href":"https:\/\/www.grupomedcof.com.br\/blog\/wp-json\/wp\/v2\/media\/6685"}],"wp:attachment":[{"href":"https:\/\/www.grupomedcof.com.br\/blog\/wp-json\/wp\/v2\/media?parent=6681"}],"wp:term":[{"taxonomy":"category","embeddable":true,"href":"https:\/\/www.grupomedcof.com.br\/blog\/wp-json\/wp\/v2\/categories?post=6681"},{"taxonomy":"post_tag","embeddable":true,"href":"https:\/\/www.grupomedcof.com.br\/blog\/wp-json\/wp\/v2\/tags?post=6681"},{"taxonomy":"author","embeddable":true,"href":"https:\/\/www.grupomedcof.com.br\/blog\/wp-json\/wp\/v2\/ppma_author?post=6681"}],"curies":[{"name":"wp","href":"https:\/\/api.w.org\/{rel}","templated":true}]}}