{"id":6735,"date":"2023-05-10T17:40:47","date_gmt":"2023-05-10T20:40:47","guid":{"rendered":"https:\/\/www.grupomedcof.com.br\/blog\/?p=6735"},"modified":"2023-05-10T17:40:47","modified_gmt":"2023-05-10T20:40:47","slug":"residencia-medica-beneficencia-de-rp","status":"publish","type":"post","link":"https:\/\/www.grupomedcof.com.br\/blog\/residencia-medica-beneficencia-de-rp\/","title":{"rendered":"Resid\u00eancia M\u00e9dica: Benefic\u00eancia de RP"},"content":{"rendered":"<div id=\"ez-toc-container\" class=\"ez-toc-v2_0_74 counter-hierarchy ez-toc-counter ez-toc-transparent ez-toc-container-direction\">\n<div class=\"ez-toc-title-container\">\n<p class=\"ez-toc-title\" style=\"cursor:inherit\">Sum\u00e1rio<\/p>\n<span class=\"ez-toc-title-toggle\"><a href=\"#\" class=\"ez-toc-pull-right ez-toc-btn ez-toc-btn-xs ez-toc-btn-default ez-toc-toggle\" aria-label=\"Alternar tabela de conte\u00fado\"><span class=\"ez-toc-js-icon-con\"><span class=\"\"><span class=\"eztoc-hide\" style=\"display:none;\">Toggle<\/span><span class=\"ez-toc-icon-toggle-span\"><svg style=\"fill: #999;color:#999\" xmlns=\"http:\/\/www.w3.org\/2000\/svg\" class=\"list-377408\" width=\"20px\" height=\"20px\" viewBox=\"0 0 24 24\" fill=\"none\"><path d=\"M6 6H4v2h2V6zm14 0H8v2h12V6zM4 11h2v2H4v-2zm16 0H8v2h12v-2zM4 16h2v2H4v-2zm16 0H8v2h12v-2z\" fill=\"currentColor\"><\/path><\/svg><svg style=\"fill: #999;color:#999\" class=\"arrow-unsorted-368013\" xmlns=\"http:\/\/www.w3.org\/2000\/svg\" width=\"10px\" height=\"10px\" viewBox=\"0 0 24 24\" version=\"1.2\" baseProfile=\"tiny\"><path d=\"M18.2 9.3l-6.2-6.3-6.2 6.3c-.2.2-.3.4-.3.7s.1.5.3.7c.2.2.4.3.7.3h11c.3 0 .5-.1.7-.3.2-.2.3-.5.3-.7s-.1-.5-.3-.7zM5.8 14.7l6.2 6.3 6.2-6.3c.2-.2.3-.5.3-.7s-.1-.5-.3-.7c-.2-.2-.4-.3-.7-.3h-11c-.3 0-.5.1-.7.3-.2.2-.3.5-.3.7s.1.5.3.7z\"\/><\/svg><\/span><\/span><\/span><\/a><\/span><\/div>\n<nav><ul class='ez-toc-list ez-toc-list-level-1 ' ><li class='ez-toc-page-1 ez-toc-heading-level-2'><a class=\"ez-toc-link ez-toc-heading-1\" href=\"https:\/\/www.grupomedcof.com.br\/blog\/residencia-medica-beneficencia-de-rp\/#Saiba_mais\" >Saiba mais<\/a><\/li><li class='ez-toc-page-1 ez-toc-heading-level-2'><a class=\"ez-toc-link ez-toc-heading-2\" href=\"https:\/\/www.grupomedcof.com.br\/blog\/residencia-medica-beneficencia-de-rp\/#Residencia_Medica_Beneficencia_de_RP\" >Resid\u00eancia M\u00e9dica: Benefic\u00eancia de RP<\/a><\/li><li class='ez-toc-page-1 ez-toc-heading-level-2'><a class=\"ez-toc-link ez-toc-heading-3\" href=\"https:\/\/www.grupomedcof.com.br\/blog\/residencia-medica-beneficencia-de-rp\/#Processo_Seletivo_Beneficencia_de_RP\" >Processo Seletivo Benefic\u00eancia de RP<\/a><\/li><li class='ez-toc-page-1 ez-toc-heading-level-2'><a class=\"ez-toc-link ez-toc-heading-4\" href=\"https:\/\/www.grupomedcof.com.br\/blog\/residencia-medica-beneficencia-de-rp\/#Cronograma_Beneficencia_de_RP\" >Cronograma Benefic\u00eancia de RP<\/a><\/li><li class='ez-toc-page-1 ez-toc-heading-level-2'><a class=\"ez-toc-link ez-toc-heading-5\" href=\"https:\/\/www.grupomedcof.com.br\/blog\/residencia-medica-beneficencia-de-rp\/#Pro-Residencia\" >Pr\u00f3-Resid\u00eancia<\/a><\/li><li class='ez-toc-page-1 ez-toc-heading-level-2'><a class=\"ez-toc-link ez-toc-heading-6\" href=\"https:\/\/www.grupomedcof.com.br\/blog\/residencia-medica-beneficencia-de-rp\/#Conquiste_a_aprovacao\" >Conquiste a aprova\u00e7\u00e3o!<\/a><\/li><\/ul><\/nav><\/div>\n<p><img loading=\"lazy\" decoding=\"async\" width=\"800\" height=\"450\" src=\"https:\/\/www.grupomedcof.com.br\/blog\/wp-content\/uploads\/2023\/05\/saiba-mais-sobre-a-87-1024x576.png\" alt=\"residencia medica beneficencia de rp, processo seletivo beneficencia de rp\" srcset=\"https:\/\/www.grupomedcof.com.br\/blog\/wp-content\/uploads\/2023\/05\/saiba-mais-sobre-a-87-1024x576.png 1024w, https:\/\/www.grupomedcof.com.br\/blog\/wp-content\/uploads\/2023\/05\/saiba-mais-sobre-a-87-300x169.png 300w, https:\/\/www.grupomedcof.com.br\/blog\/wp-content\/uploads\/2023\/05\/saiba-mais-sobre-a-87-768x432.png 768w, https:\/\/www.grupomedcof.com.br\/blog\/wp-content\/uploads\/2023\/05\/saiba-mais-sobre-a-87-1536x864.png 1536w, https:\/\/www.grupomedcof.com.br\/blog\/wp-content\/uploads\/2023\/05\/saiba-mais-sobre-a-87-2048x1152.png 2048w\" sizes=\"auto, (max-width: 800px) 100vw, 800px\" \/>\t\t\t\t\t\t\t\t\t\t\t\t\t\t\t<\/p>\n<p>A Sociedade Portuguesa de Benefic\u00eancia de RP, de Ribeir\u00e3o Preto divulgou o<a href=\"https:\/\/sis.consesp.com.br\/site\/index.php?pg=concursos\/info&amp;codigo=4085\" target=\"_blank\" rel=\"noopener\"><strong> edital extempor\u00e2neo<\/strong> <\/a>para o processo seletivo para resid\u00eancia m\u00e9dica. Desse modo, ser\u00e3o novas vagas em<b> Cirurgia Geral, Cirurgia Tor\u00e1cica e Urologia<\/b> autorizadas pelo<a href=\"https:\/\/www.grupomedcof.com.br\/blog\/pro-residencia-instituicoes-contempladas\/\" target=\"_blank\" rel=\"noopener\"> Pr\u00f3- Resid\u00eancia,<\/a>\u00a0com os programas come\u00e7ando j\u00e1 no segundo semestre do ano.<\/p>\n<h2><span class=\"ez-toc-section\" id=\"Saiba_mais\"><\/span>\n\t\t\t\tSaiba mais\t\t\t<span class=\"ez-toc-section-end\"><\/span><\/h2>\n<h2 style=\"font-family: Poppins, sans-serif; color: #7a7a7a;\"><span class=\"ez-toc-section\" id=\"Residencia_Medica_Beneficencia_de_RP\"><\/span>Resid\u00eancia M\u00e9dica: Benefic\u00eancia de RP<span class=\"ez-toc-section-end\"><\/span><\/h2>\n<p>De acordo com o edital, <b>ser\u00e3o 5 vagas destinadas \u00e0 Sociedade Portuguesa de Benefic\u00eancia de Ribeir\u00e3o Preto (Nova Bene)<\/b> que aderiu ao Programa Nacional de Apoio \u00e0 Forma\u00e7\u00e3o de M\u00e9dicos Especialistas em \u00c1reas Estrat\u00e9gicas (Pr\u00f3-Resid\u00eancia). Dessa fora, s\u00e3o ofertadas 2 vagas para Cirurgia Geral e 2 para a especialidade de Urologia e 1 para Cirurgia Tor\u00e1cica, de modo que os candidatos ser\u00e3o avaliados em duas etapas.<\/p>\n<p>\u00a0<\/p>\n<p>Sendo assim, os candidatos poder\u00e3o se inscrever entre os dias <b>12 e 17 de maio<\/b>, realizando o <strong>pagamento\u00a0da taxa de R$ 600,00\u00a0<\/strong><strong>at\u00e9 o dia 18 do m\u00eas.<\/strong> Assim, n\u00e3o a possibilidade de solicitar isen\u00e7\u00e3o ou redu\u00e7\u00e3o do valor.<\/p>\n<h2><span class=\"ez-toc-section\" id=\"Processo_Seletivo_Beneficencia_de_RP\"><\/span>Processo Seletivo Benefic\u00eancia de RP<span class=\"ez-toc-section-end\"><\/span><\/h2>\n<p>Pensando nisso, os candidatos enfrentar\u00e3o<strong> 2 etapas avaliativas<\/strong> que ser\u00e3o feitas de forma<strong> online<\/strong>. Portanto, todos os inscritos devem realizar entre os dias <b>27 e 29 de meio, um pr\u00e9-teste <\/b>certificando que n\u00e3o haver\u00e1 problemas no m omento da aplica\u00e7\u00e3o da prova.<\/p>\n<p>\u00a0<\/p>\n<p>\u00a0<\/p>\n<p>Dessa forma, ap\u00f3s a comprova\u00e7\u00e3o do acesso e do preenchimento dos requisitos m\u00ednimos de software e hardware, os candidatos realizar\u00e3o a primeira etapa do processo seletivo. De car\u00e1ter eliminat\u00f3rio e classificat\u00f3rio,<b> a prova ser\u00e1 objetiva com 50 quest\u00f5es de m\u00faltipla escolha.<\/b><\/p>\n<p>Para Cirurgia Geral, especialidade de Acesso Direto, os conte\u00fados cobrados ser\u00e3o referentes \u00e0s 5 grandes \u00e1reas m\u00e9dicas, ou seja:<\/p>\n<p>\u00a0<\/p>\n<ul style=\"font-size: 16px; background-color: #ffffff;\">\n<li style=\"font-size: 16px;\">Cl\u00ednica M\u00e9dica<\/li>\n<li style=\"font-size: 16px;\">Cirurgia<\/li>\n<li style=\"font-size: 16px;\">Pediatria<\/li>\n<li style=\"font-size: 16px;\">Ginecologia e Obstetr\u00edcia<\/li>\n<li style=\"font-size: 16px;\">Medicina Preventiva e Social<\/li>\n<\/ul>\n<p>\u00a0<\/p>\n<p>Assim, devido Urologia e Cirurgia Tor\u00e1cica serem programas de pr\u00e9-requisito, as quest\u00f5es abordar\u00e3o temas referentes \u00e0s ao requisito exigido.<\/p>\n<p>De acordo com o edital, no mesmo dia os candidatos tamb\u00e9m far\u00e3o a segunda etapa do processo seletivo, a <b>an\u00e1lise e argui\u00e7\u00e3o curricular.<\/b> Para tal, o envio dever\u00e1 ocorrer antecipadamente pelo email da institui\u00e7\u00e3o, respeitando as exig\u00eancias do edital.<\/p>\n<p>\u00a0<\/p>\n<p>Por fim, ap\u00f3s a realiza\u00e7\u00e3o das avalia\u00e7\u00f5es e divulga\u00e7\u00f5es subsequentes, o resultado final do processo seletivo ocorrer\u00e1 no dia<b> 14 de junho de 2023.<\/b><\/p>\n<h2><span class=\"ez-toc-section\" id=\"Cronograma_Beneficencia_de_RP\"><\/span>Cronograma Benefic\u00eancia de RP<span class=\"ez-toc-section-end\"><\/span><\/h2>\n<p>Confira ent\u00e3o o resumo das principais datas do processo seletivo extempor\u00e2neo da Sociedade Portuguesa de Benefic\u00eancia de Ribeir\u00e3o Preto:<\/p>\n<p>\u00a0<\/p>\n<ul style=\"font-size: 16px; background-color: #ffffff;\">\n<li style=\"font-size: 16px;\"><strong>Inscri\u00e7\u00f5es:<\/strong> 12 a 17\/05\/2023<\/li>\n<li style=\"font-size: 16px;\"><strong>Envio dos curr\u00edculos:<\/strong> 11 a 21\/05\/2023<\/li>\n<li style=\"font-size: 16px;\"><strong>Pr\u00e9-teste:<\/strong> 27 a 29\/05\/2023<\/li>\n<li style=\"font-size: 16px;\"><strong>Avalia\u00e7\u00f5es (1\u00aa e 2\u00aa etapa):<\/strong> 30\/05\/2023<\/li>\n<li style=\"font-size: 16px;\"><strong>Gabarito preliminar: 30\/05\/2023<\/strong><\/li>\n<li style=\"font-size: 16px;\"><strong>Recursos:<\/strong> 31\/05\/2023<\/li>\n<li style=\"font-size: 16px;\"><strong>Resultado Preliminar:<\/strong> 07\/06\/2023<\/li>\n<li style=\"font-size: 16px;\"><strong>Recursos:<\/strong> 08\/06\/2023<\/li>\n<li style=\"font-size: 16px;\"><strong>Resultado Final:<\/strong> 14\/06\/2023<\/li>\n<li style=\"font-size: 16px;\"><strong>Matr\u00edculas:<\/strong> 16 a 30\/2023<\/li>\n<\/ul>\n<h2><span class=\"ez-toc-section\" id=\"Pro-Residencia\"><\/span><strong>Pr\u00f3-Resid\u00eancia<\/strong><span class=\"ez-toc-section-end\"><\/span><\/h2>\n<p>O Pr\u00f3-Resid\u00eancia autorizou o preenchimento de\u00a0753 vagas para o 2\u00ba Semestre de 2023. Desse modo, as institui\u00e7\u00f5es devidamente credenciadas que realizar\u00e3o processos seletivos extempor\u00e2neos com base na nova Resolu\u00e7\u00e3o da CNRM (Comiss\u00e3o Nacional de Resid\u00eancia M\u00e9dica)\u00a0j\u00e1 receber\u00e3o os novos residentes este ano.<\/p>\n<p>\u00a0<\/p>\n<p>Ademais, ainda de acordo com o documento publicado, as condi\u00e7\u00f5es e as fases do processo seletivo de cada institui\u00e7\u00e3o participante do programa Pr\u00f3-Resid\u00eancia estar\u00e3o dispon\u00edveis nos editais de cada COREME.\u00a0<a href=\"https:\/\/www.grupomedcof.com.br\/blog\/pro-residencia-instituicoes-contempladas\/\" target=\"_blank\" rel=\"noopener\">Confira quais intui\u00e7\u00f5es participam e suas respectivas vagas!<\/a><\/p>\n<h2><span class=\"ez-toc-section\" id=\"Conquiste_a_aprovacao\"><\/span><b style=\"color: inherit; font-family: inherit; font-size: 2rem;\">Conquiste a aprova\u00e7\u00e3o!<\/b><span class=\"ez-toc-section-end\"><\/span><\/h2>\n<p>A\u00a0<a href=\"https:\/\/www.grupomedcof.com.br\/\" target=\"_balnk\" rel=\"noopener\">Medcof<\/a>\u00a0tem um cat\u00e1logo repleto de cursos que te guiar\u00e3o na jornada \u00e0 Resid\u00eancia M\u00e9dica dos sonhos! Ent\u00e3o, confira os nossos cursos\u00a0 e seja<a href=\"https:\/\/www.grupomedcof.com.br\/blog\/presenca-da-medcof-nas-aprovacoes-em-residencia-medica-no-brasil\/\">\u00a0mais um aprovado<\/a>\u00a0nas melhores institui\u00e7\u00f5es do pa\u00eds!<br \/>\n\t\t\t\t\t\t\t\t\t\t\t\t\t\t\t<img loading=\"lazy\" decoding=\"async\" width=\"800\" height=\"397\" src=\"https:\/\/www.grupomedcof.com.br\/blog\/wp-content\/uploads\/2023\/03\/aprovados-1024x508.png\" alt=\"Aprovados medcof\" srcset=\"https:\/\/www.grupomedcof.com.br\/blog\/wp-content\/uploads\/2023\/03\/aprovados-1024x508.png 1024w, https:\/\/www.grupomedcof.com.br\/blog\/wp-content\/uploads\/2023\/03\/aprovados-300x149.png 300w, https:\/\/www.grupomedcof.com.br\/blog\/wp-content\/uploads\/2023\/03\/aprovados-768x381.png 768w, https:\/\/www.grupomedcof.com.br\/blog\/wp-content\/uploads\/2023\/03\/aprovados.png 1436w\" sizes=\"auto, (max-width: 800px) 100vw, 800px\" \/><\/p>\n","protected":false},"excerpt":{"rendered":"<p>A Sociedade Portuguesa de Benefic\u00eancia de RP, de Ribeir\u00e3o Preto divulgou o edital extempor\u00e2neo para o processo seletivo para resid\u00eancia m\u00e9dica. Desse modo, ser\u00e3o novas vagas em Cirurgia Geral, Cirurgia Tor\u00e1cica e Urologia autorizadas pelo Pr\u00f3- Resid\u00eancia,\u00a0com os programas come\u00e7ando j\u00e1 no segundo semestre do ano. Saiba mais Resid\u00eancia M\u00e9dica: Benefic\u00eancia de RP De acordo [&hellip;]<\/p>\n","protected":false},"author":6,"featured_media":6738,"comment_status":"open","ping_status":"open","sticky":false,"template":"","format":"standard","meta":{"footnotes":""},"categories":[10],"tags":[160,117,68,161],"ppma_author":[3609],"class_list":{"0":"post-6735","1":"post","2":"type-post","3":"status-publish","4":"format-standard","5":"has-post-thumbnail","7":"category-raio-x-editais","8":"tag-especialidades-cirurgicas","9":"tag-provas-de-residencia","10":"tag-residencia-medica","11":"tag-residencia-medica-em-cirurgia"},"yoast_head":"<!-- This site is optimized with the Yoast SEO Premium plugin v24.3 (Yoast SEO v27.4) - https:\/\/yoast.com\/product\/yoast-seo-premium-wordpress\/ -->\n<title>Resid\u00eancia M\u00e9dica: Benefic\u00eancia de RP - Blog de Medcof: conte\u00fados, editais, revalida e mais!<\/title>\n<meta name=\"description\" content=\"A Sociedade Portuguesa de Benefic\u00eancia de RP, o edital extempor\u00e2neo para resid\u00eancia m\u00e9dica com novas vagas em Acesso Direto e Pr\u00e9-Requisito.\" \/>\n<meta name=\"robots\" content=\"index, follow, max-snippet:-1, max-image-preview:large, max-video-preview:-1\" \/>\n<link rel=\"canonical\" href=\"https:\/\/www.grupomedcof.com.br\/blog\/residencia-medica-beneficencia-de-rp\/\" \/>\n<meta property=\"og:locale\" content=\"pt_BR\" \/>\n<meta property=\"og:type\" content=\"article\" \/>\n<meta property=\"og:title\" content=\"Resid\u00eancia M\u00e9dica: Benefic\u00eancia de RP\" \/>\n<meta property=\"og:description\" content=\"A Sociedade Portuguesa de Benefic\u00eancia de RP, o edital extempor\u00e2neo para resid\u00eancia m\u00e9dica com novas vagas em Acesso Direto e Pr\u00e9-Requisito.\" \/>\n<meta property=\"og:url\" content=\"https:\/\/www.grupomedcof.com.br\/blog\/residencia-medica-beneficencia-de-rp\/\" \/>\n<meta property=\"og:site_name\" content=\"Blog de Medcof: conte\u00fados, editais, revalida e mais!\" \/>\n<meta property=\"article:publisher\" content=\"https:\/\/www.facebook.com\/MedCofQbank\/\" \/>\n<meta property=\"article:published_time\" content=\"2023-05-10T20:40:47+00:00\" \/>\n<meta property=\"og:image\" content=\"https:\/\/www.grupomedcof.com.br\/blog\/wp-content\/uploads\/2023\/05\/saiba-mais-sobre-a-87-1024x576.png\" \/>\n\t<meta property=\"og:image:width\" content=\"1024\" \/>\n\t<meta property=\"og:image:height\" content=\"576\" \/>\n\t<meta property=\"og:image:type\" content=\"image\/png\" \/>\n<meta name=\"author\" content=\"J\u00falia Moreira\" \/>\n<meta name=\"twitter:card\" content=\"summary_large_image\" \/>\n<meta name=\"twitter:label1\" content=\"Escrito por\" \/>\n\t<meta name=\"twitter:data1\" content=\"J\u00falia Moreira\" \/>\n\t<meta name=\"twitter:label2\" content=\"Est. tempo de leitura\" \/>\n\t<meta name=\"twitter:data2\" content=\"6 minutos\" \/>\n<script type=\"application\/ld+json\" class=\"yoast-schema-graph\">{\"@context\":\"https:\\\/\\\/schema.org\",\"@graph\":[{\"@type\":\"Article\",\"@id\":\"https:\\\/\\\/www.grupomedcof.com.br\\\/blog\\\/residencia-medica-beneficencia-de-rp\\\/#article\",\"isPartOf\":{\"@id\":\"https:\\\/\\\/www.grupomedcof.com.br\\\/blog\\\/residencia-medica-beneficencia-de-rp\\\/\"},\"author\":{\"name\":\"J\u00falia Moreira\",\"@id\":\"https:\\\/\\\/www.grupomedcof.com.br\\\/blog\\\/#\\\/schema\\\/person\\\/1375e0ce724529d7a1d8156ea7f8ceaa\"},\"headline\":\"Resid\u00eancia M\u00e9dica: Benefic\u00eancia de RP\",\"datePublished\":\"2023-05-10T20:40:47+00:00\",\"mainEntityOfPage\":{\"@id\":\"https:\\\/\\\/www.grupomedcof.com.br\\\/blog\\\/residencia-medica-beneficencia-de-rp\\\/\"},\"wordCount\":611,\"commentCount\":0,\"publisher\":{\"@id\":\"https:\\\/\\\/www.grupomedcof.com.br\\\/blog\\\/#organization\"},\"image\":{\"@id\":\"https:\\\/\\\/www.grupomedcof.com.br\\\/blog\\\/residencia-medica-beneficencia-de-rp\\\/#primaryimage\"},\"thumbnailUrl\":\"https:\\\/\\\/www.grupomedcof.com.br\\\/blog\\\/wp-content\\\/uploads\\\/2023\\\/05\\\/saiba-mais-sobre-a-87.png\",\"keywords\":[\"Especialidades cir\u00fargicas\",\"Provas de Resid\u00eancia\",\"Resid\u00eancia M\u00e9dica\",\"Resid\u00eancia M\u00e9dica em Cirurgia\"],\"articleSection\":[\"Raio-X Editais\"],\"inLanguage\":\"pt-BR\"},{\"@type\":\"WebPage\",\"@id\":\"https:\\\/\\\/www.grupomedcof.com.br\\\/blog\\\/residencia-medica-beneficencia-de-rp\\\/\",\"url\":\"https:\\\/\\\/www.grupomedcof.com.br\\\/blog\\\/residencia-medica-beneficencia-de-rp\\\/\",\"name\":\"Resid\u00eancia M\u00e9dica: Benefic\u00eancia de RP - Blog de Medcof: conte\u00fados, editais, revalida e mais!\",\"isPartOf\":{\"@id\":\"https:\\\/\\\/www.grupomedcof.com.br\\\/blog\\\/#website\"},\"primaryImageOfPage\":{\"@id\":\"https:\\\/\\\/www.grupomedcof.com.br\\\/blog\\\/residencia-medica-beneficencia-de-rp\\\/#primaryimage\"},\"image\":{\"@id\":\"https:\\\/\\\/www.grupomedcof.com.br\\\/blog\\\/residencia-medica-beneficencia-de-rp\\\/#primaryimage\"},\"thumbnailUrl\":\"https:\\\/\\\/www.grupomedcof.com.br\\\/blog\\\/wp-content\\\/uploads\\\/2023\\\/05\\\/saiba-mais-sobre-a-87.png\",\"datePublished\":\"2023-05-10T20:40:47+00:00\",\"description\":\"A Sociedade Portuguesa de Benefic\u00eancia de RP, o edital extempor\u00e2neo para resid\u00eancia m\u00e9dica com novas vagas em Acesso Direto e Pr\u00e9-Requisito.\",\"breadcrumb\":{\"@id\":\"https:\\\/\\\/www.grupomedcof.com.br\\\/blog\\\/residencia-medica-beneficencia-de-rp\\\/#breadcrumb\"},\"inLanguage\":\"pt-BR\",\"potentialAction\":[{\"@type\":\"ReadAction\",\"target\":[\"https:\\\/\\\/www.grupomedcof.com.br\\\/blog\\\/residencia-medica-beneficencia-de-rp\\\/\"]}]},{\"@type\":\"ImageObject\",\"inLanguage\":\"pt-BR\",\"@id\":\"https:\\\/\\\/www.grupomedcof.com.br\\\/blog\\\/residencia-medica-beneficencia-de-rp\\\/#primaryimage\",\"url\":\"https:\\\/\\\/www.grupomedcof.com.br\\\/blog\\\/wp-content\\\/uploads\\\/2023\\\/05\\\/saiba-mais-sobre-a-87.png\",\"contentUrl\":\"https:\\\/\\\/www.grupomedcof.com.br\\\/blog\\\/wp-content\\\/uploads\\\/2023\\\/05\\\/saiba-mais-sobre-a-87.png\",\"width\":2560,\"height\":1440,\"caption\":\"A Sociedade Portuguesa de Benefic\u00eancia de RP, o edital extempor\u00e2neo para resid\u00eancia m\u00e9dica com novas vagas em Cirurgia Geral e Urologia.\"},{\"@type\":\"BreadcrumbList\",\"@id\":\"https:\\\/\\\/www.grupomedcof.com.br\\\/blog\\\/residencia-medica-beneficencia-de-rp\\\/#breadcrumb\",\"itemListElement\":[{\"@type\":\"ListItem\",\"position\":1,\"name\":\"In\u00edcio\",\"item\":\"https:\\\/\\\/www.grupomedcof.com.br\\\/blog\\\/\"},{\"@type\":\"ListItem\",\"position\":2,\"name\":\"Resid\u00eancia M\u00e9dica: Benefic\u00eancia de RP\"}]},{\"@type\":\"WebSite\",\"@id\":\"https:\\\/\\\/www.grupomedcof.com.br\\\/blog\\\/#website\",\"url\":\"https:\\\/\\\/www.grupomedcof.com.br\\\/blog\\\/\",\"name\":\"Blog de Medcof: conte\u00fados, editais, revalida e mais!\",\"description\":\"Acesso o blog de MedCof! Seu portal de conte\u00fados sobre resid\u00eancia m\u00e9dica, an\u00e1lise e editais e muito mais. Clique e confira!\",\"publisher\":{\"@id\":\"https:\\\/\\\/www.grupomedcof.com.br\\\/blog\\\/#organization\"},\"alternateName\":\"Blog de Medcof: conte\u00fados, editais, revalida e mais!\",\"potentialAction\":[{\"@type\":\"SearchAction\",\"target\":{\"@type\":\"EntryPoint\",\"urlTemplate\":\"https:\\\/\\\/www.grupomedcof.com.br\\\/blog\\\/?s={search_term_string}\"},\"query-input\":{\"@type\":\"PropertyValueSpecification\",\"valueRequired\":true,\"valueName\":\"search_term_string\"}}],\"inLanguage\":\"pt-BR\"},{\"@type\":\"Organization\",\"@id\":\"https:\\\/\\\/www.grupomedcof.com.br\\\/blog\\\/#organization\",\"name\":\"Grupo MedCof\",\"url\":\"https:\\\/\\\/www.grupomedcof.com.br\\\/blog\\\/\",\"logo\":{\"@type\":\"ImageObject\",\"inLanguage\":\"pt-BR\",\"@id\":\"https:\\\/\\\/www.grupomedcof.com.br\\\/blog\\\/#\\\/schema\\\/logo\\\/image\\\/\",\"url\":\"https:\\\/\\\/www.grupomedcof.com.br\\\/blog\\\/wp-content\\\/uploads\\\/2022\\\/01\\\/logo-medcof.png\",\"contentUrl\":\"https:\\\/\\\/www.grupomedcof.com.br\\\/blog\\\/wp-content\\\/uploads\\\/2022\\\/01\\\/logo-medcof.png\",\"width\":768,\"height\":269,\"caption\":\"Grupo MedCof\"},\"image\":{\"@id\":\"https:\\\/\\\/www.grupomedcof.com.br\\\/blog\\\/#\\\/schema\\\/logo\\\/image\\\/\"},\"sameAs\":[\"https:\\\/\\\/www.facebook.com\\\/MedCofQbank\\\/\",\"https:\\\/\\\/www.instagram.com\\\/grupomedcof\\\/\",\"https:\\\/\\\/br.linkedin.com\\\/company\\\/medcof\",\"https:\\\/\\\/www.youtube.com\\\/channel\\\/UCdHMuOHKICxcHwecxN8P-AA\"]},{\"@type\":\"Person\",\"@id\":\"https:\\\/\\\/www.grupomedcof.com.br\\\/blog\\\/#\\\/schema\\\/person\\\/1375e0ce724529d7a1d8156ea7f8ceaa\",\"name\":\"J\u00falia Moreira\",\"image\":{\"@type\":\"ImageObject\",\"inLanguage\":\"pt-BR\",\"@id\":\"https:\\\/\\\/www.grupomedcof.com.br\\\/blog\\\/wp-content\\\/uploads\\\/2024\\\/12\\\/cropped-Captura-de-tela-2023-12-15-094946-96x96.png6a0083ac34a0445de97d55fae63a4a41\",\"url\":\"https:\\\/\\\/www.grupomedcof.com.br\\\/blog\\\/wp-content\\\/uploads\\\/2024\\\/12\\\/cropped-Captura-de-tela-2023-12-15-094946-96x96.png\",\"contentUrl\":\"https:\\\/\\\/www.grupomedcof.com.br\\\/blog\\\/wp-content\\\/uploads\\\/2024\\\/12\\\/cropped-Captura-de-tela-2023-12-15-094946-96x96.png\",\"caption\":\"J\u00falia Moreira\"},\"description\":\"Estudante do 8\u00ba semestre de Jornalismo na ECA-USP, f\u00e3 de filmes de terror e m\u00fasica popular sul-coreana.\",\"sameAs\":[\"https:\\\/\\\/www.grupomedcof.com.br\\\/\"],\"url\":\"https:\\\/\\\/www.grupomedcof.com.br\\\/blog\\\/author\\\/julia\\\/\"}]}<\/script>\n<!-- \/ Yoast SEO Premium plugin. -->","yoast_head_json":{"title":"Resid\u00eancia M\u00e9dica: Benefic\u00eancia de RP - Blog de Medcof: conte\u00fados, editais, revalida e mais!","description":"A Sociedade Portuguesa de Benefic\u00eancia de RP, o edital extempor\u00e2neo para resid\u00eancia m\u00e9dica com novas vagas em Acesso Direto e Pr\u00e9-Requisito.","robots":{"index":"index","follow":"follow","max-snippet":"max-snippet:-1","max-image-preview":"max-image-preview:large","max-video-preview":"max-video-preview:-1"},"canonical":"https:\/\/www.grupomedcof.com.br\/blog\/residencia-medica-beneficencia-de-rp\/","og_locale":"pt_BR","og_type":"article","og_title":"Resid\u00eancia M\u00e9dica: Benefic\u00eancia de RP","og_description":"A Sociedade Portuguesa de Benefic\u00eancia de RP, o edital extempor\u00e2neo para resid\u00eancia m\u00e9dica com novas vagas em Acesso Direto e Pr\u00e9-Requisito.","og_url":"https:\/\/www.grupomedcof.com.br\/blog\/residencia-medica-beneficencia-de-rp\/","og_site_name":"Blog de Medcof: conte\u00fados, editais, revalida e mais!","article_publisher":"https:\/\/www.facebook.com\/MedCofQbank\/","article_published_time":"2023-05-10T20:40:47+00:00","og_image":[{"width":1024,"height":576,"url":"https:\/\/www.grupomedcof.com.br\/blog\/wp-content\/uploads\/2023\/05\/saiba-mais-sobre-a-87-1024x576.png","type":"image\/png"}],"author":"J\u00falia Moreira","twitter_card":"summary_large_image","twitter_misc":{"Escrito por":"J\u00falia Moreira","Est. tempo de leitura":"6 minutos"},"schema":{"@context":"https:\/\/schema.org","@graph":[{"@type":"Article","@id":"https:\/\/www.grupomedcof.com.br\/blog\/residencia-medica-beneficencia-de-rp\/#article","isPartOf":{"@id":"https:\/\/www.grupomedcof.com.br\/blog\/residencia-medica-beneficencia-de-rp\/"},"author":{"name":"J\u00falia Moreira","@id":"https:\/\/www.grupomedcof.com.br\/blog\/#\/schema\/person\/1375e0ce724529d7a1d8156ea7f8ceaa"},"headline":"Resid\u00eancia M\u00e9dica: Benefic\u00eancia de RP","datePublished":"2023-05-10T20:40:47+00:00","mainEntityOfPage":{"@id":"https:\/\/www.grupomedcof.com.br\/blog\/residencia-medica-beneficencia-de-rp\/"},"wordCount":611,"commentCount":0,"publisher":{"@id":"https:\/\/www.grupomedcof.com.br\/blog\/#organization"},"image":{"@id":"https:\/\/www.grupomedcof.com.br\/blog\/residencia-medica-beneficencia-de-rp\/#primaryimage"},"thumbnailUrl":"https:\/\/www.grupomedcof.com.br\/blog\/wp-content\/uploads\/2023\/05\/saiba-mais-sobre-a-87.png","keywords":["Especialidades cir\u00fargicas","Provas de Resid\u00eancia","Resid\u00eancia M\u00e9dica","Resid\u00eancia M\u00e9dica em Cirurgia"],"articleSection":["Raio-X Editais"],"inLanguage":"pt-BR"},{"@type":"WebPage","@id":"https:\/\/www.grupomedcof.com.br\/blog\/residencia-medica-beneficencia-de-rp\/","url":"https:\/\/www.grupomedcof.com.br\/blog\/residencia-medica-beneficencia-de-rp\/","name":"Resid\u00eancia M\u00e9dica: Benefic\u00eancia de RP - Blog de Medcof: conte\u00fados, editais, revalida e mais!","isPartOf":{"@id":"https:\/\/www.grupomedcof.com.br\/blog\/#website"},"primaryImageOfPage":{"@id":"https:\/\/www.grupomedcof.com.br\/blog\/residencia-medica-beneficencia-de-rp\/#primaryimage"},"image":{"@id":"https:\/\/www.grupomedcof.com.br\/blog\/residencia-medica-beneficencia-de-rp\/#primaryimage"},"thumbnailUrl":"https:\/\/www.grupomedcof.com.br\/blog\/wp-content\/uploads\/2023\/05\/saiba-mais-sobre-a-87.png","datePublished":"2023-05-10T20:40:47+00:00","description":"A Sociedade Portuguesa de Benefic\u00eancia de RP, o edital extempor\u00e2neo para resid\u00eancia m\u00e9dica com novas vagas em Acesso Direto e Pr\u00e9-Requisito.","breadcrumb":{"@id":"https:\/\/www.grupomedcof.com.br\/blog\/residencia-medica-beneficencia-de-rp\/#breadcrumb"},"inLanguage":"pt-BR","potentialAction":[{"@type":"ReadAction","target":["https:\/\/www.grupomedcof.com.br\/blog\/residencia-medica-beneficencia-de-rp\/"]}]},{"@type":"ImageObject","inLanguage":"pt-BR","@id":"https:\/\/www.grupomedcof.com.br\/blog\/residencia-medica-beneficencia-de-rp\/#primaryimage","url":"https:\/\/www.grupomedcof.com.br\/blog\/wp-content\/uploads\/2023\/05\/saiba-mais-sobre-a-87.png","contentUrl":"https:\/\/www.grupomedcof.com.br\/blog\/wp-content\/uploads\/2023\/05\/saiba-mais-sobre-a-87.png","width":2560,"height":1440,"caption":"A Sociedade Portuguesa de Benefic\u00eancia de RP, o edital extempor\u00e2neo para resid\u00eancia m\u00e9dica com novas vagas em Cirurgia Geral e Urologia."},{"@type":"BreadcrumbList","@id":"https:\/\/www.grupomedcof.com.br\/blog\/residencia-medica-beneficencia-de-rp\/#breadcrumb","itemListElement":[{"@type":"ListItem","position":1,"name":"In\u00edcio","item":"https:\/\/www.grupomedcof.com.br\/blog\/"},{"@type":"ListItem","position":2,"name":"Resid\u00eancia M\u00e9dica: Benefic\u00eancia de RP"}]},{"@type":"WebSite","@id":"https:\/\/www.grupomedcof.com.br\/blog\/#website","url":"https:\/\/www.grupomedcof.com.br\/blog\/","name":"Blog de Medcof: conte\u00fados, editais, revalida e mais!","description":"Acesso o blog de MedCof! Seu portal de conte\u00fados sobre resid\u00eancia m\u00e9dica, an\u00e1lise e editais e muito mais. Clique e confira!","publisher":{"@id":"https:\/\/www.grupomedcof.com.br\/blog\/#organization"},"alternateName":"Blog de Medcof: conte\u00fados, editais, revalida e mais!","potentialAction":[{"@type":"SearchAction","target":{"@type":"EntryPoint","urlTemplate":"https:\/\/www.grupomedcof.com.br\/blog\/?s={search_term_string}"},"query-input":{"@type":"PropertyValueSpecification","valueRequired":true,"valueName":"search_term_string"}}],"inLanguage":"pt-BR"},{"@type":"Organization","@id":"https:\/\/www.grupomedcof.com.br\/blog\/#organization","name":"Grupo MedCof","url":"https:\/\/www.grupomedcof.com.br\/blog\/","logo":{"@type":"ImageObject","inLanguage":"pt-BR","@id":"https:\/\/www.grupomedcof.com.br\/blog\/#\/schema\/logo\/image\/","url":"https:\/\/www.grupomedcof.com.br\/blog\/wp-content\/uploads\/2022\/01\/logo-medcof.png","contentUrl":"https:\/\/www.grupomedcof.com.br\/blog\/wp-content\/uploads\/2022\/01\/logo-medcof.png","width":768,"height":269,"caption":"Grupo MedCof"},"image":{"@id":"https:\/\/www.grupomedcof.com.br\/blog\/#\/schema\/logo\/image\/"},"sameAs":["https:\/\/www.facebook.com\/MedCofQbank\/","https:\/\/www.instagram.com\/grupomedcof\/","https:\/\/br.linkedin.com\/company\/medcof","https:\/\/www.youtube.com\/channel\/UCdHMuOHKICxcHwecxN8P-AA"]},{"@type":"Person","@id":"https:\/\/www.grupomedcof.com.br\/blog\/#\/schema\/person\/1375e0ce724529d7a1d8156ea7f8ceaa","name":"J\u00falia Moreira","image":{"@type":"ImageObject","inLanguage":"pt-BR","@id":"https:\/\/www.grupomedcof.com.br\/blog\/wp-content\/uploads\/2024\/12\/cropped-Captura-de-tela-2023-12-15-094946-96x96.png6a0083ac34a0445de97d55fae63a4a41","url":"https:\/\/www.grupomedcof.com.br\/blog\/wp-content\/uploads\/2024\/12\/cropped-Captura-de-tela-2023-12-15-094946-96x96.png","contentUrl":"https:\/\/www.grupomedcof.com.br\/blog\/wp-content\/uploads\/2024\/12\/cropped-Captura-de-tela-2023-12-15-094946-96x96.png","caption":"J\u00falia Moreira"},"description":"Estudante do 8\u00ba semestre de Jornalismo na ECA-USP, f\u00e3 de filmes de terror e m\u00fasica popular sul-coreana.","sameAs":["https:\/\/www.grupomedcof.com.br\/"],"url":"https:\/\/www.grupomedcof.com.br\/blog\/author\/julia\/"}]}},"authors":[{"term_id":3609,"user_id":6,"is_guest":0,"slug":"julia","display_name":"J\u00falia Moreira","avatar_url":"https:\/\/www.grupomedcof.com.br\/blog\/wp-content\/uploads\/2024\/12\/cropped-Captura-de-tela-2023-12-15-094946-96x96.png","0":null,"1":"","2":"","3":"","4":"","5":"","6":"","7":"","8":""}],"_links":{"self":[{"href":"https:\/\/www.grupomedcof.com.br\/blog\/wp-json\/wp\/v2\/posts\/6735","targetHints":{"allow":["GET"]}}],"collection":[{"href":"https:\/\/www.grupomedcof.com.br\/blog\/wp-json\/wp\/v2\/posts"}],"about":[{"href":"https:\/\/www.grupomedcof.com.br\/blog\/wp-json\/wp\/v2\/types\/post"}],"author":[{"embeddable":true,"href":"https:\/\/www.grupomedcof.com.br\/blog\/wp-json\/wp\/v2\/users\/6"}],"replies":[{"embeddable":true,"href":"https:\/\/www.grupomedcof.com.br\/blog\/wp-json\/wp\/v2\/comments?post=6735"}],"version-history":[{"count":0,"href":"https:\/\/www.grupomedcof.com.br\/blog\/wp-json\/wp\/v2\/posts\/6735\/revisions"}],"wp:featuredmedia":[{"embeddable":true,"href":"https:\/\/www.grupomedcof.com.br\/blog\/wp-json\/wp\/v2\/media\/6738"}],"wp:attachment":[{"href":"https:\/\/www.grupomedcof.com.br\/blog\/wp-json\/wp\/v2\/media?parent=6735"}],"wp:term":[{"taxonomy":"category","embeddable":true,"href":"https:\/\/www.grupomedcof.com.br\/blog\/wp-json\/wp\/v2\/categories?post=6735"},{"taxonomy":"post_tag","embeddable":true,"href":"https:\/\/www.grupomedcof.com.br\/blog\/wp-json\/wp\/v2\/tags?post=6735"},{"taxonomy":"author","embeddable":true,"href":"https:\/\/www.grupomedcof.com.br\/blog\/wp-json\/wp\/v2\/ppma_author?post=6735"}],"curies":[{"name":"wp","href":"https:\/\/api.w.org\/{rel}","templated":true}]}}