{"id":6764,"date":"2023-05-11T12:04:03","date_gmt":"2023-05-11T15:04:03","guid":{"rendered":"https:\/\/www.grupomedcof.com.br\/blog\/?p=6764"},"modified":"2024-05-06T18:18:13","modified_gmt":"2024-05-06T21:18:13","slug":"fhemig-processo-seletivo","status":"publish","type":"post","link":"https:\/\/www.grupomedcof.com.br\/blog\/fhemig-processo-seletivo\/","title":{"rendered":"FHEMIG: Processo Seletivo"},"content":{"rendered":"<div id=\"ez-toc-container\" class=\"ez-toc-v2_0_74 counter-hierarchy ez-toc-counter ez-toc-transparent ez-toc-container-direction\">\n<div class=\"ez-toc-title-container\">\n<p class=\"ez-toc-title\" style=\"cursor:inherit\">Sum\u00e1rio<\/p>\n<span class=\"ez-toc-title-toggle\"><a href=\"#\" class=\"ez-toc-pull-right ez-toc-btn ez-toc-btn-xs ez-toc-btn-default ez-toc-toggle\" aria-label=\"Alternar tabela de conte\u00fado\"><span class=\"ez-toc-js-icon-con\"><span class=\"\"><span class=\"eztoc-hide\" style=\"display:none;\">Toggle<\/span><span class=\"ez-toc-icon-toggle-span\"><svg style=\"fill: #999;color:#999\" xmlns=\"http:\/\/www.w3.org\/2000\/svg\" class=\"list-377408\" width=\"20px\" height=\"20px\" viewBox=\"0 0 24 24\" fill=\"none\"><path d=\"M6 6H4v2h2V6zm14 0H8v2h12V6zM4 11h2v2H4v-2zm16 0H8v2h12v-2zM4 16h2v2H4v-2zm16 0H8v2h12v-2z\" fill=\"currentColor\"><\/path><\/svg><svg style=\"fill: #999;color:#999\" class=\"arrow-unsorted-368013\" xmlns=\"http:\/\/www.w3.org\/2000\/svg\" width=\"10px\" height=\"10px\" viewBox=\"0 0 24 24\" version=\"1.2\" baseProfile=\"tiny\"><path d=\"M18.2 9.3l-6.2-6.3-6.2 6.3c-.2.2-.3.4-.3.7s.1.5.3.7c.2.2.4.3.7.3h11c.3 0 .5-.1.7-.3.2-.2.3-.5.3-.7s-.1-.5-.3-.7zM5.8 14.7l6.2 6.3 6.2-6.3c.2-.2.3-.5.3-.7s-.1-.5-.3-.7c-.2-.2-.4-.3-.7-.3h-11c-.3 0-.5.1-.7.3-.2.2-.3.5-.3.7s.1.5.3.7z\"\/><\/svg><\/span><\/span><\/span><\/a><\/span><\/div>\n<nav><ul class='ez-toc-list ez-toc-list-level-1 ' ><li class='ez-toc-page-1 ez-toc-heading-level-2'><a class=\"ez-toc-link ez-toc-heading-1\" href=\"https:\/\/www.grupomedcof.com.br\/blog\/fhemig-processo-seletivo\/#Fundacao_Hospitalar_de_Minas_Gerais\" >Funda\u00e7\u00e3o Hospitalar de Minas Gerais<\/a><\/li><li class='ez-toc-page-1 ez-toc-heading-level-2'><a class=\"ez-toc-link ez-toc-heading-2\" href=\"https:\/\/www.grupomedcof.com.br\/blog\/fhemig-processo-seletivo\/#FHEMIG_Novos_Cargos_Medicos\" >FHEMIG: Novos Cargos M\u00e9dicos<\/a><ul class='ez-toc-list-level-3' ><li class='ez-toc-heading-level-3'><a class=\"ez-toc-link ez-toc-heading-3\" href=\"https:\/\/www.grupomedcof.com.br\/blog\/fhemig-processo-seletivo\/#Vagas_ofertadas_FHEMIG\" >Vagas ofertadas FHEMIG<\/a><\/li><li class='ez-toc-page-1 ez-toc-heading-level-3'><a class=\"ez-toc-link ez-toc-heading-4\" href=\"https:\/\/www.grupomedcof.com.br\/blog\/fhemig-processo-seletivo\/#Belo_Horizonte_e_regiao_metropolitana\" >Belo Horizonte e regi\u00e3o metropolitana<\/a><\/li><li class='ez-toc-page-1 ez-toc-heading-level-3'><a class=\"ez-toc-link ez-toc-heading-5\" href=\"https:\/\/www.grupomedcof.com.br\/blog\/fhemig-processo-seletivo\/#Barbacena\" >Barbacena<\/a><\/li><li class='ez-toc-page-1 ez-toc-heading-level-3'><a class=\"ez-toc-link ez-toc-heading-6\" href=\"https:\/\/www.grupomedcof.com.br\/blog\/fhemig-processo-seletivo\/#Patos_de_Minas\" >Patos de Minas<\/a><\/li><li class='ez-toc-page-1 ez-toc-heading-level-3'><a class=\"ez-toc-link ez-toc-heading-7\" href=\"https:\/\/www.grupomedcof.com.br\/blog\/fhemig-processo-seletivo\/#Uberlandia\" >Uberl\u00e2ndia<\/a><\/li><li class='ez-toc-page-1 ez-toc-heading-level-3'><a class=\"ez-toc-link ez-toc-heading-8\" href=\"https:\/\/www.grupomedcof.com.br\/blog\/fhemig-processo-seletivo\/#Governador_Valadares\" >Governador Valadares<\/a><\/li><li class='ez-toc-page-1 ez-toc-heading-level-3'><a class=\"ez-toc-link ez-toc-heading-9\" href=\"https:\/\/www.grupomedcof.com.br\/blog\/fhemig-processo-seletivo\/#Ipatinga\" >Ipatinga<\/a><\/li><\/ul><\/li><li class='ez-toc-page-1 ez-toc-heading-level-2'><a class=\"ez-toc-link ez-toc-heading-10\" href=\"https:\/\/www.grupomedcof.com.br\/blog\/fhemig-processo-seletivo\/#FHEMIG_Processo_Seletivo\" >FHEMIG: Processo Seletivo<\/a><\/li><li class='ez-toc-page-1 ez-toc-heading-level-2'><a class=\"ez-toc-link ez-toc-heading-11\" href=\"https:\/\/www.grupomedcof.com.br\/blog\/fhemig-processo-seletivo\/#Fundacao_Hospital_do_Estado_de_Minas_Gerais_Avaliacao_de_Titulos\" >Funda\u00e7\u00e3o Hospital do Estado de Minas Gerais: Avalia\u00e7\u00e3o de T\u00edtulos<\/a><\/li><li class='ez-toc-page-1 ez-toc-heading-level-2'><a class=\"ez-toc-link ez-toc-heading-12\" href=\"https:\/\/www.grupomedcof.com.br\/blog\/fhemig-processo-seletivo\/#Cronograma_FHEMIG\" >Cronograma FHEMIG<\/a><\/li><li class='ez-toc-page-1 ez-toc-heading-level-2'><a class=\"ez-toc-link ez-toc-heading-13\" href=\"https:\/\/www.grupomedcof.com.br\/blog\/fhemig-processo-seletivo\/#Conquiste_a_aprovacao\" >Conquiste a aprova\u00e7\u00e3o!<\/a><\/li><\/ul><\/nav><\/div>\n<p><img loading=\"lazy\" decoding=\"async\" src=\"https:\/\/www.grupomedcof.com.br\/blog\/wp-content\/uploads\/2023\/05\/saiba-mais-sobre-a-90-1024x576.png\" sizes=\"auto, (max-width: 800px) 100vw, 800px\" srcset=\"https:\/\/www.grupomedcof.com.br\/blog\/wp-content\/uploads\/2023\/05\/saiba-mais-sobre-a-90-1024x576.png 1024w, https:\/\/www.grupomedcof.com.br\/blog\/wp-content\/uploads\/2023\/05\/saiba-mais-sobre-a-90-300x169.png 300w, https:\/\/www.grupomedcof.com.br\/blog\/wp-content\/uploads\/2023\/05\/saiba-mais-sobre-a-90-768x432.png 768w, https:\/\/www.grupomedcof.com.br\/blog\/wp-content\/uploads\/2023\/05\/saiba-mais-sobre-a-90-1536x864.png 1536w, https:\/\/www.grupomedcof.com.br\/blog\/wp-content\/uploads\/2023\/05\/saiba-mais-sobre-a-90-2048x1152.png 2048w\" alt=\"fhemig funda\u00e7\u00e3o hospitalar do estado de minas gerais\" width=\"800\" height=\"450\" \/><\/p>\n<p>A <strong>Funda\u00e7\u00e3o Hospitalar do estado de Minas Gerais<\/strong> (FHEMIG) divulgou\u00a0<a style=\"background-color: #ffffff;\" href=\"https:\/\/conhecimento.fgv.br\/sites\/default\/files\/concursos\/edital_fhemig.pdf\" target=\"_blank\" rel=\"noopener\">edital<\/a>\u00a0com <b>557 vagas para contrata\u00e7\u00e3o de novos cargos m\u00e9dicos<\/b>. Desse modo, o processo seletivo da FHEMIG abrange a capital de Belo Horizonte, bem como as regi\u00f5es metropolitanas de Juiz de Fora, Barbacena, Patos de Minas, Uberl\u00e2ndia, Governador Valadares e Ipatinga.\u00a0 Al\u00e9m disso, a remunera\u00e7\u00e3o pode variar de <strong>R$ 6.385,13 para as especialidades de Acesso Direto e de R$ 11.982,14 para aquelas com pr\u00e9-requisito.<\/strong><\/p>\n<h2 style=\"font-family: Poppins, sans-serif; color: #7a7a7a;\"><span class=\"ez-toc-section\" id=\"Fundacao_Hospitalar_de_Minas_Gerais\"><\/span>Funda\u00e7\u00e3o Hospitalar de Minas Gerais<span class=\"ez-toc-section-end\"><\/span><\/h2>\n<p>A cria\u00e7\u00e3o da\u00a0Funda\u00e7\u00e3o Hospitalar de Minas Gerais (FHEMIG)\u00a0ocorreu em 1977, sendo hoje, uma da<b>s maiores gestoras dos hospitais p\u00fablicos do pa\u00eds<\/b>. Ela possui m<b>ais de 12 mil funcion\u00e1rios,<\/b> al\u00e9m de<b> 21 unidades assistenciais no interior e na regi\u00e3o metropolitana de belo Horizonte<\/b>. H\u00e1 tamb\u00e9m <strong>6 complexos<\/strong>\u00a0 de urg\u00eancia e emerg\u00eancia, hospitais de refer\u00eancia, especialidades, sa\u00fade mental, de reabilita\u00e7\u00e3o e cuidados integrados, bem como o sistema estadual de transplantes.<\/p>\n<h2 style=\"font-family: Poppins, sans-serif; color: #7a7a7a;\"><span class=\"ez-toc-section\" id=\"FHEMIG_Novos_Cargos_Medicos\"><\/span>FHEMIG: Novos Cargos M\u00e9dicos<span class=\"ez-toc-section-end\"><\/span><\/h2>\n<p>Regido pela Funda\u00e7\u00e3o Get\u00falio Vargas (FGV), o processo seletivo da FHEMIG oferece ao todo mais de\u00a01.753 vagas para diversas \u00e1reas, sendo que destas,\u00a0557 s\u00e3o para cargos m\u00e9dicos. Pensando nisso, os interessados ter\u00e3o entre os dias\u00a020 de junho e 25 de julho de 2023 para realizar a inscri\u00e7\u00e3o\u00a0para processo que ter\u00e1 2 etapas avaliativas. Com o\u00a0pagamento\u00a0 da taxa de R$ 135,00 at\u00e9 o dia 26 de julho de 2023.\u00a0Al\u00e9m disso, os para aqueles que necessitarem requisitar a isen\u00e7\u00e3o do valor, o pedido pode ocorrer entre os dias 20 e 22 de junho e o resultado ser\u00e1 divulgado no dia 25 de julho.<\/p>\n<p>Sendo assim, a partir de novembro haver\u00e1 a divulga\u00e7\u00e3o dos locais de prova, bem como a aplica\u00e7\u00e3o da prova objetiva e discursiva, a publica\u00e7\u00e3o dos respectivos gabaritos e os prazos para solicita\u00e7\u00e3o dos recursos. Ainda de acordo com edital, a partir do ano que vem, ser\u00e3o divulgados os resultados preliminares e definitivos das etapas avaliativas e, por fim, a convoca\u00e7\u00e3o para a realiza\u00e7\u00e3o da Per\u00edcia M\u00e9dica, com a publica\u00e7\u00e3o do resultado final do processo previsto para o dia\u00a006 de maio de 2024.<\/p>\n<h3><span class=\"ez-toc-section\" id=\"Vagas_ofertadas_FHEMIG\"><\/span><strong>Vagas ofertadas FHEMIG<\/strong><span class=\"ez-toc-section-end\"><\/span><\/h3>\n<p>Confira ent\u00e3o a disposi\u00e7\u00e3o das vagas para cada unidade:<\/p>\n<h3 style=\"font-family: Poppins, sans-serif; color: #7a7a7a;\"><span class=\"ez-toc-section\" id=\"Belo_Horizonte_e_regiao_metropolitana\"><\/span>Belo Horizonte e regi\u00e3o metropolitana<span class=\"ez-toc-section-end\"><\/span><\/h3>\n<table style=\"background-color: #ffffff; width: 800px;\">\n<thead>\n<tr>\n<th style=\"border-color: rgba(128, 128, 128, 0.5);\" data-align=\"center\">Especialidade do cargo<\/th>\n<th style=\"border-color: rgba(128, 128, 128, 0.5);\" data-align=\"center\">Vagas Ampla Concorr\u00eancia<\/th>\n<th style=\"border-color: rgba(128, 128, 128, 0.5);\" data-align=\"center\">Vagas PCD<\/th>\n<th style=\"border-color: rgba(128, 128, 128, 0.5);\" data-align=\"center\">Vagas totais<\/th>\n<\/tr>\n<\/thead>\n<tbody>\n<tr>\n<td style=\"border-color: rgba(128, 128, 128, 0.5); background-color: rgba(128, 128, 128, 0.07);\" data-align=\"center\">Anestesiologia<\/td>\n<td style=\"border-color: rgba(128, 128, 128, 0.5); background-color: rgba(128, 128, 128, 0.07);\" data-align=\"center\">72<\/td>\n<td style=\"border-color: rgba(128, 128, 128, 0.5); background-color: rgba(128, 128, 128, 0.07);\" data-align=\"center\">8<\/td>\n<td style=\"border-color: rgba(128, 128, 128, 0.5); background-color: rgba(128, 128, 128, 0.07);\" data-align=\"center\">80<\/td>\n<\/tr>\n<tr>\n<td style=\"border-color: rgba(128, 128, 128, 0.5);\" data-align=\"center\">Cardiologia<\/td>\n<td style=\"border-color: rgba(128, 128, 128, 0.5);\" data-align=\"center\">4<\/td>\n<td style=\"border-color: rgba(128, 128, 128, 0.5);\" data-align=\"center\">1<\/td>\n<td style=\"border-color: rgba(128, 128, 128, 0.5);\" data-align=\"center\">5<\/td>\n<\/tr>\n<tr>\n<td style=\"border-color: rgba(128, 128, 128, 0.5); background-color: rgba(128, 128, 128, 0.07);\" data-align=\"center\">Cirurgia Cardiovascular<\/td>\n<td style=\"border-color: rgba(128, 128, 128, 0.5); background-color: rgba(128, 128, 128, 0.07);\" data-align=\"center\">1<\/td>\n<td style=\"border-color: rgba(128, 128, 128, 0.5); background-color: rgba(128, 128, 128, 0.07);\" data-align=\"center\">0<\/td>\n<td style=\"border-color: rgba(128, 128, 128, 0.5); background-color: rgba(128, 128, 128, 0.07);\" data-align=\"center\">1<\/td>\n<\/tr>\n<tr>\n<td style=\"border-color: rgba(128, 128, 128, 0.5);\" data-align=\"center\">Cirurgia da M\u00e3o<\/td>\n<td style=\"border-color: rgba(128, 128, 128, 0.5);\" data-align=\"center\">4<\/td>\n<td style=\"border-color: rgba(128, 128, 128, 0.5);\" data-align=\"center\">0<\/td>\n<td style=\"border-color: rgba(128, 128, 128, 0.5);\" data-align=\"center\">4<\/td>\n<\/tr>\n<tr>\n<td style=\"border-color: rgba(128, 128, 128, 0.5); background-color: rgba(128, 128, 128, 0.07);\" data-align=\"center\">Cirurgia de Cabe\u00e7a e Pesco\u00e7o<\/td>\n<td style=\"border-color: rgba(128, 128, 128, 0.5); background-color: rgba(128, 128, 128, 0.07);\" data-align=\"center\">3<\/td>\n<td style=\"border-color: rgba(128, 128, 128, 0.5); background-color: rgba(128, 128, 128, 0.07);\" data-align=\"center\">0<\/td>\n<td style=\"border-color: rgba(128, 128, 128, 0.5); background-color: rgba(128, 128, 128, 0.07);\" data-align=\"center\">3<\/td>\n<\/tr>\n<tr>\n<td style=\"border-color: rgba(128, 128, 128, 0.5);\" data-align=\"center\">Cirurgia Geral<\/td>\n<td style=\"border-color: rgba(128, 128, 128, 0.5);\" data-align=\"center\">39<\/td>\n<td style=\"border-color: rgba(128, 128, 128, 0.5);\" data-align=\"center\">4<\/td>\n<td style=\"border-color: rgba(128, 128, 128, 0.5);\" data-align=\"center\">43<\/td>\n<\/tr>\n<tr>\n<td style=\"border-color: rgba(128, 128, 128, 0.5); background-color: rgba(128, 128, 128, 0.07);\" data-align=\"center\">Cirurgia Pedi\u00e1trica<\/td>\n<td style=\"border-color: rgba(128, 128, 128, 0.5); background-color: rgba(128, 128, 128, 0.07);\" data-align=\"center\">4<\/td>\n<td style=\"border-color: rgba(128, 128, 128, 0.5); background-color: rgba(128, 128, 128, 0.07);\" data-align=\"center\">1<\/td>\n<td style=\"border-color: rgba(128, 128, 128, 0.5); background-color: rgba(128, 128, 128, 0.07);\" data-align=\"center\">5<\/td>\n<\/tr>\n<tr>\n<td style=\"border-color: rgba(128, 128, 128, 0.5);\" data-align=\"center\">Cirurgia Pl\u00e1stica<\/td>\n<td style=\"border-color: rgba(128, 128, 128, 0.5);\" data-align=\"center\">11<\/td>\n<td style=\"border-color: rgba(128, 128, 128, 0.5);\" data-align=\"center\">1<\/td>\n<td style=\"border-color: rgba(128, 128, 128, 0.5);\" data-align=\"center\">12<\/td>\n<\/tr>\n<tr>\n<td style=\"border-color: rgba(128, 128, 128, 0.5); background-color: rgba(128, 128, 128, 0.07);\" data-align=\"center\">Cirurgia Tor\u00e1cica<\/td>\n<td style=\"border-color: rgba(128, 128, 128, 0.5); background-color: rgba(128, 128, 128, 0.07);\" data-align=\"center\">5<\/td>\n<td style=\"border-color: rgba(128, 128, 128, 0.5); background-color: rgba(128, 128, 128, 0.07);\" data-align=\"center\">1<\/td>\n<td style=\"border-color: rgba(128, 128, 128, 0.5); background-color: rgba(128, 128, 128, 0.07);\" data-align=\"center\">6<\/td>\n<\/tr>\n<tr>\n<td style=\"border-color: rgba(128, 128, 128, 0.5);\" data-align=\"center\">Cirurgia Vascular<\/td>\n<td style=\"border-color: rgba(128, 128, 128, 0.5);\" data-align=\"center\">2<\/td>\n<td style=\"border-color: rgba(128, 128, 128, 0.5);\" data-align=\"center\">0<\/td>\n<td style=\"border-color: rgba(128, 128, 128, 0.5);\" data-align=\"center\">2<\/td>\n<\/tr>\n<tr>\n<td style=\"border-color: rgba(128, 128, 128, 0.5); background-color: rgba(128, 128, 128, 0.07);\" data-align=\"center\">Cl\u00ednica M\u00e9dica<\/td>\n<td style=\"border-color: rgba(128, 128, 128, 0.5); background-color: rgba(128, 128, 128, 0.07);\" data-align=\"center\">90<\/td>\n<td style=\"border-color: rgba(128, 128, 128, 0.5); background-color: rgba(128, 128, 128, 0.07);\" data-align=\"center\">10<\/td>\n<td style=\"border-color: rgba(128, 128, 128, 0.5); background-color: rgba(128, 128, 128, 0.07);\" data-align=\"center\">100<\/td>\n<\/tr>\n<tr>\n<td style=\"border-color: rgba(128, 128, 128, 0.5);\" data-align=\"center\">Coloproctologia<\/td>\n<td style=\"border-color: rgba(128, 128, 128, 0.5);\" data-align=\"center\">2<\/td>\n<td style=\"border-color: rgba(128, 128, 128, 0.5);\" data-align=\"center\">0<\/td>\n<td style=\"border-color: rgba(128, 128, 128, 0.5);\" data-align=\"center\">2<\/td>\n<\/tr>\n<tr>\n<td style=\"border-color: rgba(128, 128, 128, 0.5); background-color: rgba(128, 128, 128, 0.07);\" data-align=\"center\">Dermatologia<\/td>\n<td style=\"border-color: rgba(128, 128, 128, 0.5); background-color: rgba(128, 128, 128, 0.07);\" data-align=\"center\">1<\/td>\n<td style=\"border-color: rgba(128, 128, 128, 0.5); background-color: rgba(128, 128, 128, 0.07);\" data-align=\"center\">0<\/td>\n<td style=\"border-color: rgba(128, 128, 128, 0.5); background-color: rgba(128, 128, 128, 0.07);\" data-align=\"center\">1<\/td>\n<\/tr>\n<tr>\n<td style=\"border-color: rgba(128, 128, 128, 0.5);\" data-align=\"center\">Endocrinologia e Metabologia<\/td>\n<td style=\"border-color: rgba(128, 128, 128, 0.5);\" data-align=\"center\">2<\/td>\n<td style=\"border-color: rgba(128, 128, 128, 0.5);\" data-align=\"center\">0<\/td>\n<td style=\"border-color: rgba(128, 128, 128, 0.5);\" data-align=\"center\">2<\/td>\n<\/tr>\n<tr>\n<td style=\"border-color: rgba(128, 128, 128, 0.5); background-color: rgba(128, 128, 128, 0.07);\" data-align=\"center\">Gastroenterologia<\/td>\n<td style=\"border-color: rgba(128, 128, 128, 0.5); background-color: rgba(128, 128, 128, 0.07);\" data-align=\"center\">1<\/td>\n<td style=\"border-color: rgba(128, 128, 128, 0.5); background-color: rgba(128, 128, 128, 0.07);\" data-align=\"center\">0<\/td>\n<td style=\"border-color: rgba(128, 128, 128, 0.5); background-color: rgba(128, 128, 128, 0.07);\" data-align=\"center\">1<\/td>\n<\/tr>\n<tr>\n<td style=\"border-color: rgba(128, 128, 128, 0.5);\" data-align=\"center\">Gen\u00e9tica M\u00e9dica<\/td>\n<td style=\"border-color: rgba(128, 128, 128, 0.5);\" data-align=\"center\">2<\/td>\n<td style=\"border-color: rgba(128, 128, 128, 0.5);\" data-align=\"center\">0<\/td>\n<td style=\"border-color: rgba(128, 128, 128, 0.5);\" data-align=\"center\">2<\/td>\n<\/tr>\n<tr>\n<td style=\"border-color: rgba(128, 128, 128, 0.5); background-color: rgba(128, 128, 128, 0.07);\" data-align=\"center\">Ginecologia e Obstetr\u00edcia<\/td>\n<td style=\"border-color: rgba(128, 128, 128, 0.5); background-color: rgba(128, 128, 128, 0.07);\" data-align=\"center\">31<\/td>\n<td style=\"border-color: rgba(128, 128, 128, 0.5); background-color: rgba(128, 128, 128, 0.07);\" data-align=\"center\">4<\/td>\n<td style=\"border-color: rgba(128, 128, 128, 0.5); background-color: rgba(128, 128, 128, 0.07);\" data-align=\"center\">35<\/td>\n<\/tr>\n<tr>\n<td style=\"border-color: rgba(128, 128, 128, 0.5);\" data-align=\"center\">Hematologia e Hemoterapia<\/td>\n<td style=\"border-color: rgba(128, 128, 128, 0.5);\" data-align=\"center\">3<\/td>\n<td style=\"border-color: rgba(128, 128, 128, 0.5);\" data-align=\"center\">0<\/td>\n<td style=\"border-color: rgba(128, 128, 128, 0.5);\" data-align=\"center\">3<\/td>\n<\/tr>\n<tr>\n<td style=\"border-color: rgba(128, 128, 128, 0.5); background-color: rgba(128, 128, 128, 0.07);\" data-align=\"center\">Infectologia<\/td>\n<td style=\"border-color: rgba(128, 128, 128, 0.5); background-color: rgba(128, 128, 128, 0.07);\" data-align=\"center\">19<\/td>\n<td style=\"border-color: rgba(128, 128, 128, 0.5); background-color: rgba(128, 128, 128, 0.07);\" data-align=\"center\">2<\/td>\n<td style=\"border-color: rgba(128, 128, 128, 0.5); background-color: rgba(128, 128, 128, 0.07);\" data-align=\"center\">21<\/td>\n<\/tr>\n<tr>\n<td style=\"border-color: rgba(128, 128, 128, 0.5);\" data-align=\"center\">Infectologia Pedi\u00e1trica<\/td>\n<td style=\"border-color: rgba(128, 128, 128, 0.5);\" data-align=\"center\">1<\/td>\n<td style=\"border-color: rgba(128, 128, 128, 0.5);\" data-align=\"center\">0<\/td>\n<td style=\"border-color: rgba(128, 128, 128, 0.5);\" data-align=\"center\">1<\/td>\n<\/tr>\n<tr>\n<td style=\"border-color: rgba(128, 128, 128, 0.5); background-color: rgba(128, 128, 128, 0.07);\" data-align=\"center\">Mastologia<\/td>\n<td style=\"border-color: rgba(128, 128, 128, 0.5); background-color: rgba(128, 128, 128, 0.07);\" data-align=\"center\">3<\/td>\n<td style=\"border-color: rgba(128, 128, 128, 0.5); background-color: rgba(128, 128, 128, 0.07);\" data-align=\"center\">0<\/td>\n<td style=\"border-color: rgba(128, 128, 128, 0.5); background-color: rgba(128, 128, 128, 0.07);\" data-align=\"center\">3<\/td>\n<\/tr>\n<tr>\n<td style=\"border-color: rgba(128, 128, 128, 0.5);\" data-align=\"center\">Medicina de emerg\u00eancia<\/td>\n<td style=\"border-color: rgba(128, 128, 128, 0.5);\" data-align=\"center\">27<\/td>\n<td style=\"border-color: rgba(128, 128, 128, 0.5);\" data-align=\"center\">3<\/td>\n<td style=\"border-color: rgba(128, 128, 128, 0.5);\" data-align=\"center\">30<\/td>\n<\/tr>\n<tr>\n<td style=\"border-color: rgba(128, 128, 128, 0.5); background-color: rgba(128, 128, 128, 0.07);\" data-align=\"center\">Medicina Fetal<\/td>\n<td style=\"border-color: rgba(128, 128, 128, 0.5); background-color: rgba(128, 128, 128, 0.07);\" data-align=\"center\">2<\/td>\n<td style=\"border-color: rgba(128, 128, 128, 0.5); background-color: rgba(128, 128, 128, 0.07);\" data-align=\"center\">0<\/td>\n<td style=\"border-color: rgba(128, 128, 128, 0.5); background-color: rgba(128, 128, 128, 0.07);\" data-align=\"center\">2<\/td>\n<\/tr>\n<tr>\n<td style=\"border-color: rgba(128, 128, 128, 0.5);\" data-align=\"center\">Medicina Intensiva<\/td>\n<td style=\"border-color: rgba(128, 128, 128, 0.5);\" data-align=\"center\">18<\/td>\n<td style=\"border-color: rgba(128, 128, 128, 0.5);\" data-align=\"center\">2<\/td>\n<td style=\"border-color: rgba(128, 128, 128, 0.5);\" data-align=\"center\">20<\/td>\n<\/tr>\n<tr>\n<td style=\"border-color: rgba(128, 128, 128, 0.5); background-color: rgba(128, 128, 128, 0.07);\" data-align=\"center\">Medicina Intensiva Pedi\u00e1trica<\/td>\n<td style=\"border-color: rgba(128, 128, 128, 0.5); background-color: rgba(128, 128, 128, 0.07);\" data-align=\"center\">4<\/td>\n<td style=\"border-color: rgba(128, 128, 128, 0.5); background-color: rgba(128, 128, 128, 0.07);\" data-align=\"center\">0<\/td>\n<td style=\"border-color: rgba(128, 128, 128, 0.5); background-color: rgba(128, 128, 128, 0.07);\" data-align=\"center\">4<\/td>\n<\/tr>\n<tr>\n<td style=\"border-color: rgba(128, 128, 128, 0.5);\" data-align=\"center\">Nefrologia<\/td>\n<td style=\"border-color: rgba(128, 128, 128, 0.5);\" data-align=\"center\">1<\/td>\n<td style=\"border-color: rgba(128, 128, 128, 0.5);\" data-align=\"center\">0<\/td>\n<td style=\"border-color: rgba(128, 128, 128, 0.5);\" data-align=\"center\">1<\/td>\n<\/tr>\n<tr>\n<td style=\"border-color: rgba(128, 128, 128, 0.5); background-color: rgba(128, 128, 128, 0.07);\" data-align=\"center\">Nefrologia Pedi\u00e1trica<\/td>\n<td style=\"border-color: rgba(128, 128, 128, 0.5); background-color: rgba(128, 128, 128, 0.07);\" data-align=\"center\">1<\/td>\n<td style=\"border-color: rgba(128, 128, 128, 0.5); background-color: rgba(128, 128, 128, 0.07);\" data-align=\"center\">0<\/td>\n<td style=\"border-color: rgba(128, 128, 128, 0.5); background-color: rgba(128, 128, 128, 0.07);\" data-align=\"center\">1<\/td>\n<\/tr>\n<tr>\n<td style=\"border-color: rgba(128, 128, 128, 0.5);\" data-align=\"center\">Neonatologia<\/td>\n<td style=\"border-color: rgba(128, 128, 128, 0.5);\" data-align=\"center\">9<\/td>\n<td style=\"border-color: rgba(128, 128, 128, 0.5);\" data-align=\"center\">1<\/td>\n<td style=\"border-color: rgba(128, 128, 128, 0.5);\" data-align=\"center\">10<\/td>\n<\/tr>\n<tr>\n<td style=\"border-color: rgba(128, 128, 128, 0.5); background-color: rgba(128, 128, 128, 0.07);\" data-align=\"center\">Neurocirurgia<\/td>\n<td style=\"border-color: rgba(128, 128, 128, 0.5); background-color: rgba(128, 128, 128, 0.07);\" data-align=\"center\">13<\/td>\n<td style=\"border-color: rgba(128, 128, 128, 0.5); background-color: rgba(128, 128, 128, 0.07);\" data-align=\"center\">1<\/td>\n<td style=\"border-color: rgba(128, 128, 128, 0.5); background-color: rgba(128, 128, 128, 0.07);\" data-align=\"center\">14<\/td>\n<\/tr>\n<tr>\n<td style=\"border-color: rgba(128, 128, 128, 0.5);\" data-align=\"center\">Neurologia<\/td>\n<td style=\"border-color: rgba(128, 128, 128, 0.5);\" data-align=\"center\">7<\/td>\n<td style=\"border-color: rgba(128, 128, 128, 0.5);\" data-align=\"center\">1<\/td>\n<td style=\"border-color: rgba(128, 128, 128, 0.5);\" data-align=\"center\">8<\/td>\n<\/tr>\n<tr>\n<td style=\"border-color: rgba(128, 128, 128, 0.5); background-color: rgba(128, 128, 128, 0.07);\" data-align=\"center\">Neurologia Pedi\u00e1trica<\/td>\n<td style=\"border-color: rgba(128, 128, 128, 0.5); background-color: rgba(128, 128, 128, 0.07);\" data-align=\"center\">1<\/td>\n<td style=\"border-color: rgba(128, 128, 128, 0.5); background-color: rgba(128, 128, 128, 0.07);\" data-align=\"center\">0<\/td>\n<td style=\"border-color: rgba(128, 128, 128, 0.5); background-color: rgba(128, 128, 128, 0.07);\" data-align=\"center\">1<\/td>\n<\/tr>\n<tr>\n<td style=\"border-color: rgba(128, 128, 128, 0.5);\" data-align=\"center\">Nutrologia<\/td>\n<td style=\"border-color: rgba(128, 128, 128, 0.5);\" data-align=\"center\">4<\/td>\n<td style=\"border-color: rgba(128, 128, 128, 0.5);\" data-align=\"center\">1<\/td>\n<td style=\"border-color: rgba(128, 128, 128, 0.5);\" data-align=\"center\">5<\/td>\n<\/tr>\n<tr>\n<td style=\"border-color: rgba(128, 128, 128, 0.5); background-color: rgba(128, 128, 128, 0.07);\" data-align=\"center\">Oftalmologia<\/td>\n<td style=\"border-color: rgba(128, 128, 128, 0.5); background-color: rgba(128, 128, 128, 0.07);\" data-align=\"center\">4<\/td>\n<td style=\"border-color: rgba(128, 128, 128, 0.5); background-color: rgba(128, 128, 128, 0.07);\" data-align=\"center\">1<\/td>\n<td style=\"border-color: rgba(128, 128, 128, 0.5); background-color: rgba(128, 128, 128, 0.07);\" data-align=\"center\">5<\/td>\n<\/tr>\n<tr>\n<td style=\"border-color: rgba(128, 128, 128, 0.5);\" data-align=\"center\">Oncologia Cl\u00ednica<\/td>\n<td style=\"border-color: rgba(128, 128, 128, 0.5);\" data-align=\"center\">6<\/td>\n<td style=\"border-color: rgba(128, 128, 128, 0.5);\" data-align=\"center\">1<\/td>\n<td style=\"border-color: rgba(128, 128, 128, 0.5);\" data-align=\"center\">7<\/td>\n<\/tr>\n<tr>\n<td style=\"border-color: rgba(128, 128, 128, 0.5); background-color: rgba(128, 128, 128, 0.07);\" data-align=\"center\">Ortopedia e traumatologia<\/td>\n<td style=\"border-color: rgba(128, 128, 128, 0.5); background-color: rgba(128, 128, 128, 0.07);\" data-align=\"center\">27<\/td>\n<td style=\"border-color: rgba(128, 128, 128, 0.5); background-color: rgba(128, 128, 128, 0.07);\" data-align=\"center\">3<\/td>\n<td style=\"border-color: rgba(128, 128, 128, 0.5); background-color: rgba(128, 128, 128, 0.07);\" data-align=\"center\">30<\/td>\n<\/tr>\n<tr>\n<td style=\"border-color: rgba(128, 128, 128, 0.5);\" data-align=\"center\">Otorrinolaringologia<\/td>\n<td style=\"border-color: rgba(128, 128, 128, 0.5);\" data-align=\"center\">2<\/td>\n<td style=\"border-color: rgba(128, 128, 128, 0.5);\" data-align=\"center\">0<\/td>\n<td style=\"border-color: rgba(128, 128, 128, 0.5);\" data-align=\"center\">2<\/td>\n<\/tr>\n<tr>\n<td style=\"border-color: rgba(128, 128, 128, 0.5); background-color: rgba(128, 128, 128, 0.07);\" data-align=\"center\">Pediatria<\/td>\n<td style=\"border-color: rgba(128, 128, 128, 0.5); background-color: rgba(128, 128, 128, 0.07);\" data-align=\"center\">45<\/td>\n<td style=\"border-color: rgba(128, 128, 128, 0.5); background-color: rgba(128, 128, 128, 0.07);\" data-align=\"center\">5<\/td>\n<td style=\"border-color: rgba(128, 128, 128, 0.5); background-color: rgba(128, 128, 128, 0.07);\" data-align=\"center\">50<\/td>\n<\/tr>\n<tr>\n<td style=\"border-color: rgba(128, 128, 128, 0.5);\" data-align=\"center\">Pneumologia<\/td>\n<td style=\"border-color: rgba(128, 128, 128, 0.5);\" data-align=\"center\">2<\/td>\n<td style=\"border-color: rgba(128, 128, 128, 0.5);\" data-align=\"center\">0<\/td>\n<td style=\"border-color: rgba(128, 128, 128, 0.5);\" data-align=\"center\">2<\/td>\n<\/tr>\n<tr>\n<td style=\"border-color: rgba(128, 128, 128, 0.5); background-color: rgba(128, 128, 128, 0.07);\" data-align=\"center\">Pneumologia Pedi\u00e1trica<\/td>\n<td style=\"border-color: rgba(128, 128, 128, 0.5); background-color: rgba(128, 128, 128, 0.07);\" data-align=\"center\">1<\/td>\n<td style=\"border-color: rgba(128, 128, 128, 0.5); background-color: rgba(128, 128, 128, 0.07);\" data-align=\"center\">0<\/td>\n<td style=\"border-color: rgba(128, 128, 128, 0.5); background-color: rgba(128, 128, 128, 0.07);\" data-align=\"center\">1<\/td>\n<\/tr>\n<tr>\n<td style=\"border-color: rgba(128, 128, 128, 0.5);\" data-align=\"center\">Psiquiatria<\/td>\n<td style=\"border-color: rgba(128, 128, 128, 0.5);\" data-align=\"center\">4<\/td>\n<td style=\"border-color: rgba(128, 128, 128, 0.5);\" data-align=\"center\">0<\/td>\n<td style=\"border-color: rgba(128, 128, 128, 0.5);\" data-align=\"center\">4<\/td>\n<\/tr>\n<tr>\n<td style=\"border-color: rgba(128, 128, 128, 0.5); background-color: rgba(128, 128, 128, 0.07);\" data-align=\"center\">Psiquiatria da Inf\u00e2ncia e Adolesc\u00eancia<\/td>\n<td style=\"border-color: rgba(128, 128, 128, 0.5); background-color: rgba(128, 128, 128, 0.07);\" data-align=\"center\">1<\/td>\n<td style=\"border-color: rgba(128, 128, 128, 0.5); background-color: rgba(128, 128, 128, 0.07);\" data-align=\"center\">0<\/td>\n<td style=\"border-color: rgba(128, 128, 128, 0.5); background-color: rgba(128, 128, 128, 0.07);\" data-align=\"center\">1<\/td>\n<\/tr>\n<tr>\n<td style=\"border-color: rgba(128, 128, 128, 0.5);\" data-align=\"center\">Radiologia e Diagn\u00f3stico por Imagem<\/td>\n<td style=\"border-color: rgba(128, 128, 128, 0.5);\" data-align=\"center\">9<\/td>\n<td style=\"border-color: rgba(128, 128, 128, 0.5);\" data-align=\"center\">1<\/td>\n<td style=\"border-color: rgba(128, 128, 128, 0.5);\" data-align=\"center\">10<\/td>\n<\/tr>\n<tr>\n<td style=\"border-color: rgba(128, 128, 128, 0.5); background-color: rgba(128, 128, 128, 0.07);\" data-align=\"center\">Reumatologia<\/td>\n<td style=\"border-color: rgba(128, 128, 128, 0.5); background-color: rgba(128, 128, 128, 0.07);\" data-align=\"center\">1<\/td>\n<td style=\"border-color: rgba(128, 128, 128, 0.5); background-color: rgba(128, 128, 128, 0.07);\" data-align=\"center\">0<\/td>\n<td style=\"border-color: rgba(128, 128, 128, 0.5); background-color: rgba(128, 128, 128, 0.07);\" data-align=\"center\">1<\/td>\n<\/tr>\n<tr>\n<td style=\"border-color: rgba(128, 128, 128, 0.5);\" data-align=\"center\">Reumatologia Pedi\u00e1trica<\/td>\n<td style=\"border-color: rgba(128, 128, 128, 0.5);\" data-align=\"center\">1<\/td>\n<td style=\"border-color: rgba(128, 128, 128, 0.5);\" data-align=\"center\">0<\/td>\n<td style=\"border-color: rgba(128, 128, 128, 0.5);\" data-align=\"center\">1<\/td>\n<\/tr>\n<tr>\n<td style=\"border-color: rgba(128, 128, 128, 0.5); background-color: rgba(128, 128, 128, 0.07);\" data-align=\"center\">Toxicologia M\u00e9dica<\/td>\n<td style=\"border-color: rgba(128, 128, 128, 0.5); background-color: rgba(128, 128, 128, 0.07);\" data-align=\"center\">6<\/td>\n<td style=\"border-color: rgba(128, 128, 128, 0.5); background-color: rgba(128, 128, 128, 0.07);\" data-align=\"center\">1<\/td>\n<td style=\"border-color: rgba(128, 128, 128, 0.5); background-color: rgba(128, 128, 128, 0.07);\" data-align=\"center\">7<\/td>\n<\/tr>\n<tr>\n<td style=\"border-color: rgba(128, 128, 128, 0.5); background-color: rgba(128, 128, 128, 0.1);\" data-align=\"center\">Urologia<\/td>\n<td style=\"border-color: rgba(128, 128, 128, 0.5); background-color: rgba(128, 128, 128, 0.1);\" data-align=\"center\">4<\/td>\n<td style=\"border-color: rgba(128, 128, 128, 0.5); background-color: rgba(128, 128, 128, 0.1);\" data-align=\"center\">1<\/td>\n<td style=\"border-color: rgba(128, 128, 128, 0.5); background-color: rgba(128, 128, 128, 0.1);\" data-align=\"center\">5<\/td>\n<\/tr>\n<\/tbody>\n<\/table>\n<p>Juiz de Fora<\/p>\n<p>De acordo com edital, as vagas destinadas para Juiz de Fora s\u00e3o definidas com base no<b> Cadastro Reserva<\/b>, portanto, n\u00e3o h\u00e1 limita\u00e7\u00e3o da quantidade ofertada. Dessa forma, as especialidades dispon\u00edveis s\u00e3o:<\/p>\n<ul style=\"font-size: 16px; background-color: #ffffff;\">\n<li style=\"font-size: 16px;\">Anestesiologia<\/li>\n<li style=\"font-size: 16px;\">Cirurgia Geral<\/li>\n<li style=\"font-size: 16px;\">Cirurgia Tor\u00e1cica<\/li>\n<li style=\"font-size: 16px;\">Cl\u00ednica M\u00e9dica<\/li>\n<li style=\"font-size: 16px;\">Cirurgia Pl\u00e1stica<\/li>\n<li style=\"font-size: 16px;\">Ginecologia e Obstetr\u00edcia<\/li>\n<li style=\"font-size: 16px;\">Hematologia e Hemoterapia<\/li>\n<li style=\"font-size: 16px;\">Medicina Intensiva<\/li>\n<li style=\"font-size: 16px;\">Neonatologia<\/li>\n<li style=\"font-size: 16px;\">Neurologia<\/li>\n<li style=\"font-size: 16px;\">Pediatria<\/li>\n<li style=\"font-size: 16px;\">Pneumologia<\/li>\n<li style=\"font-size: 16px;\">Radiologia e Diagn\u00f3stico por Imagem<\/li>\n<\/ul>\n<h3 style=\"font-family: Poppins, sans-serif; color: #7a7a7a;\"><span class=\"ez-toc-section\" id=\"Barbacena\"><\/span>Barbacena<span class=\"ez-toc-section-end\"><\/span><\/h3>\n<p>De acordo com edital da Funda\u00e7\u00e3o Hospitalar do Estado de Minas Gerais , as vagas destinadas para Barbacena tamb\u00e9m ser\u00e3o definidas com base no<b> Cadastro Reserva<\/b>, n\u00e3o havendo limita\u00e7\u00e3o da quantidade ofertada. Assim, as especialidades dispon\u00edveis s\u00e3o:<\/p>\n<ul style=\"font-size: 16px; background-color: #ffffff;\">\n<li style=\"font-size: 16px;\">Anestesiologia<\/li>\n<li style=\"font-size: 16px;\">Cirurgia Geral<\/li>\n<li style=\"font-size: 16px;\">Cirurgia Pl\u00e1stica<\/li>\n<li style=\"font-size: 16px;\">Cirurgia Vascular<\/li>\n<li style=\"font-size: 16px;\">Cl\u00ednica M\u00e9dica<\/li>\n<li style=\"font-size: 16px;\">Cirurgia Cardiovascular<\/li>\n<li style=\"font-size: 16px;\">Medicina Intensiva<\/li>\n<li style=\"font-size: 16px;\">Neurocirurgia<\/li>\n<li style=\"font-size: 16px;\">Neurologia<\/li>\n<li style=\"font-size: 16px;\">Psiquiatria<\/li>\n<li style=\"font-size: 16px;\">Medicina de emerg\u00eancia<\/li>\n<li style=\"font-size: 16px;\">Ortopedia e traumatologia<\/li>\n<li style=\"font-size: 16px;\">Radiologia e Diagn\u00f3stico por Imagem<\/li>\n<\/ul>\n<h3 style=\"font-family: Poppins, sans-serif; color: #7a7a7a;\"><span class=\"ez-toc-section\" id=\"Patos_de_Minas\"><\/span>Patos de Minas<span class=\"ez-toc-section-end\"><\/span><\/h3>\n<p>Ainda de acordo com edital, as vagas destinadas para Pato de Minas tamb\u00e9m ser\u00e3o definidas com base no<b> Cadastro Reserva.<\/b> Sendo assim, as especialidades dispon\u00edveis s\u00e3o:<\/p>\n<ul style=\"font-size: 16px; background-color: #ffffff;\">\n<li style=\"font-size: 16px;\">Anestesiologia<\/li>\n<li style=\"font-size: 16px;\">Cardiologia<\/li>\n<li style=\"font-size: 16px;\">Cirurgia Geral<\/li>\n<li style=\"font-size: 16px;\">Cirurgia Cardiovascular<\/li>\n<li style=\"font-size: 16px;\">Cirurgia Pl\u00e1stica<\/li>\n<li style=\"font-size: 16px;\">Cirurgia Pedi\u00e1trica<\/li>\n<li style=\"font-size: 16px;\">Cirurgia Vascular<\/li>\n<li style=\"font-size: 16px;\">Cl\u00ednica M\u00e9dica<\/li>\n<li style=\"font-size: 16px;\">Ginecologia e Obstetr\u00edcia<\/li>\n<li style=\"font-size: 16px;\">Hematologia e Hemoterapia<\/li>\n<li style=\"font-size: 16px;\">Medicina Intensiva<\/li>\n<li style=\"font-size: 16px;\">Neonatologia<\/li>\n<li style=\"font-size: 16px;\">Neurocirurgia<\/li>\n<li style=\"font-size: 16px;\">Neurologia<\/li>\n<li style=\"font-size: 16px;\">Nutrologia<\/li>\n<li style=\"font-size: 16px;\">Otorrinolaringologia<\/li>\n<li style=\"font-size: 16px;\">Ortopedia e traumatologia<\/li>\n<li style=\"font-size: 16px;\">Pediatria<\/li>\n<li style=\"font-size: 16px;\">Urologia<\/li>\n<li style=\"font-size: 16px;\">Radiologia e Diagn\u00f3stico por Imagem<\/li>\n<\/ul>\n<h3 style=\"font-family: Poppins, sans-serif; color: #7a7a7a;\"><span class=\"ez-toc-section\" id=\"Uberlandia\"><\/span>Uberl\u00e2ndia<span class=\"ez-toc-section-end\"><\/span><\/h3>\n<table style=\"background-color: #ffffff; width: 800px;\">\n<thead>\n<tr>\n<th style=\"border-color: rgba(128, 128, 128, 0.5);\" data-align=\"center\">Especialidade do cargo<\/th>\n<th style=\"border-color: rgba(128, 128, 128, 0.5);\" data-align=\"center\">Vagas Ampla Concorr\u00eancia<\/th>\n<th style=\"border-color: rgba(128, 128, 128, 0.5);\" data-align=\"center\">Vagas PCD<\/th>\n<\/tr>\n<\/thead>\n<tbody>\n<tr>\n<td style=\"border-color: rgba(128, 128, 128, 0.5); background-color: rgba(128, 128, 128, 0.07);\" data-align=\"center\">Cl\u00ednica M\u00e9dica<\/td>\n<td style=\"border-color: rgba(128, 128, 128, 0.5); background-color: rgba(128, 128, 128, 0.07);\" data-align=\"center\">1<\/td>\n<td style=\"border-color: rgba(128, 128, 128, 0.5); background-color: rgba(128, 128, 128, 0.07);\" data-align=\"center\">0<\/td>\n<\/tr>\n<\/tbody>\n<\/table>\n<h3 style=\"font-family: Poppins, sans-serif; color: #7a7a7a;\"><span class=\"ez-toc-section\" id=\"Governador_Valadares\"><\/span>Governador Valadares<span class=\"ez-toc-section-end\"><\/span><\/h3>\n<table style=\"background-color: #ffffff; width: 800px;\">\n<thead>\n<tr>\n<th style=\"border-color: rgba(128, 128, 128, 0.5);\" data-align=\"center\">Especialidade do cargo<\/th>\n<th style=\"border-color: rgba(128, 128, 128, 0.5);\" data-align=\"center\">Vagas Ampla Concorr\u00eancia<\/th>\n<th style=\"border-color: rgba(128, 128, 128, 0.5);\" data-align=\"center\">Vagas PCD<\/th>\n<\/tr>\n<\/thead>\n<tbody>\n<tr>\n<td style=\"border-color: rgba(128, 128, 128, 0.5); background-color: rgba(128, 128, 128, 0.07);\" data-align=\"center\">Cl\u00ednica M\u00e9dica<\/td>\n<td style=\"border-color: rgba(128, 128, 128, 0.5); background-color: rgba(128, 128, 128, 0.07);\" data-align=\"center\">1<\/td>\n<td style=\"border-color: rgba(128, 128, 128, 0.5); background-color: rgba(128, 128, 128, 0.07);\" data-align=\"center\">0<\/td>\n<\/tr>\n<\/tbody>\n<\/table>\n<h3 style=\"font-family: Poppins, sans-serif; color: #7a7a7a;\"><span class=\"ez-toc-section\" id=\"Ipatinga\"><\/span>Ipatinga<span class=\"ez-toc-section-end\"><\/span><\/h3>\n<table style=\"background-color: #ffffff; width: 800px;\">\n<thead>\n<tr>\n<th style=\"border-color: rgba(128, 128, 128, 0.5);\" data-align=\"center\">Carreira do cargo<\/th>\n<th style=\"border-color: rgba(128, 128, 128, 0.5);\" data-align=\"center\">\u00a0Vagas Ampla Concorr\u00eancia<\/th>\n<th style=\"border-color: rgba(128, 128, 128, 0.5);\" data-align=\"center\">Vagas PCD<\/th>\n<\/tr>\n<\/thead>\n<tbody>\n<tr>\n<td style=\"border-color: rgba(128, 128, 128, 0.5); background-color: rgba(128, 128, 128, 0.07);\" data-align=\"center\">Cl\u00ednica M\u00e9dica<\/td>\n<td style=\"border-color: rgba(128, 128, 128, 0.5); background-color: rgba(128, 128, 128, 0.07);\" data-align=\"center\">1<\/td>\n<td style=\"border-color: rgba(128, 128, 128, 0.5); background-color: rgba(128, 128, 128, 0.07);\" data-align=\"center\">0<\/td>\n<\/tr>\n<\/tbody>\n<\/table>\n<h2><span class=\"ez-toc-section\" id=\"FHEMIG_Processo_Seletivo\"><\/span><strong>FHEMIG: Processo Seletivo<\/strong><span class=\"ez-toc-section-end\"><\/span><\/h2>\n<p>Desse modo, como dito anteriormente, a composi\u00e7\u00e3o do processo seletivo FHEMIG para os cargos m\u00e9dicos ter\u00e1 3 etapas avaliativas sendo que,<strong> a prova objetiva e discursiva ocorrer\u00e3o no mesmo dia<\/strong>. J\u00e1 a<strong> Avalia\u00e7\u00e3o de T\u00edtulo<\/strong> ocorrer\u00e1 apenas para aqueles aprovados na etapa anterior.<\/p>\n<p>Pensando nisso, a aplica\u00e7\u00e3o das duas prova ocorrer\u00e1 no dia <strong>17 de setembro de 2023<\/strong>, nos locais a serem divulgados no dia 11. <strong>A dura\u00e7\u00e3o prevista \u00e9 de 4h,<\/strong> com in\u00edcio \u00e0s 13h e t\u00e9rmino \u00e0s 17h (hor\u00e1rio de Bras\u00edlia). Segundo o documento, \u00e9 preciso chegar com<strong> anteced\u00eancia de 1h30<\/strong> e portar documento original de identidade, caneta esferogr\u00e1fica transparente na cor preta ou azul, bem como o comprovante de inscri\u00e7\u00e3o de pagamento da taxa.<\/p>\n<p>A <strong>prova objetiva contar\u00e1 com 45 quest\u00f5es<\/strong> <strong>de m\u00faltipla escolha<\/strong> e a pontua\u00e7\u00e3o m\u00e1xima ser\u00e1 de 60 pontos. Abaixo voc\u00ea poder\u00e1 ver o n\u00famero de quest\u00f5es previstas para cada disciplina, o peso e a pontua\u00e7\u00e3o m\u00e1xima:<\/p>\n<table style=\"background-color: #ffffff; width: 800px;\">\n<thead>\n<tr>\n<th style=\"border-color: rgba(128, 128, 128, 0.5);\" data-align=\"center\">Disciplinas<\/th>\n<th style=\"border-color: rgba(128, 128, 128, 0.5);\" data-align=\"center\">N\u00ba de quest\u00f5es<\/th>\n<th style=\"border-color: rgba(128, 128, 128, 0.5);\" data-align=\"center\">Peso<\/th>\n<th style=\"border-color: rgba(128, 128, 128, 0.5);\" data-align=\"center\">Pontua\u00e7\u00e3o m\u00e1xima<\/th>\n<th style=\"border-color: rgba(128, 128, 128, 0.5);\" data-align=\"center\">M\u00f3dulo<\/th>\n<\/tr>\n<\/thead>\n<tbody>\n<tr>\n<td style=\"border-color: rgba(128, 128, 128, 0.5); background-color: rgba(128, 128, 128, 0.07);\" data-align=\"center\">L\u00edngua Portuguesa<\/td>\n<td style=\"border-color: rgba(128, 128, 128, 0.5); background-color: rgba(128, 128, 128, 0.07);\" data-align=\"center\">10<\/td>\n<td style=\"border-color: rgba(128, 128, 128, 0.5); background-color: rgba(128, 128, 128, 0.07);\" data-align=\"center\">01<\/td>\n<td style=\"border-color: rgba(128, 128, 128, 0.5); background-color: rgba(128, 128, 128, 0.07);\" data-align=\"center\">10<\/td>\n<td style=\"border-color: rgba(128, 128, 128, 0.5); background-color: rgba(128, 128, 128, 0.07);\" data-align=\"center\">I \u2013 Conhecimentos b\u00e1sicos<\/td>\n<\/tr>\n<tr>\n<td style=\"border-color: rgba(128, 128, 128, 0.5);\" data-align=\"center\">Racioc\u00ednio L\u00f3gico<\/td>\n<td style=\"border-color: rgba(128, 128, 128, 0.5);\" data-align=\"center\">5<\/td>\n<td style=\"border-color: rgba(128, 128, 128, 0.5);\" data-align=\"center\">01<\/td>\n<td style=\"border-color: rgba(128, 128, 128, 0.5);\" data-align=\"center\">5<\/td>\n<td style=\"border-color: rgba(128, 128, 128, 0.5);\" data-align=\"center\">I \u2013 Conhecimentos b\u00e1sicos<\/td>\n<\/tr>\n<tr>\n<td style=\"border-color: rgba(128, 128, 128, 0.5); background-color: rgba(128, 128, 128, 0.07);\" data-align=\"center\">Atualidades<\/td>\n<td style=\"border-color: rgba(128, 128, 128, 0.5); background-color: rgba(128, 128, 128, 0.07);\" data-align=\"center\">5<\/td>\n<td style=\"border-color: rgba(128, 128, 128, 0.5); background-color: rgba(128, 128, 128, 0.07);\" data-align=\"center\">01<\/td>\n<td style=\"border-color: rgba(128, 128, 128, 0.5); background-color: rgba(128, 128, 128, 0.07);\" data-align=\"center\">5<\/td>\n<td style=\"border-color: rgba(128, 128, 128, 0.5); background-color: rgba(128, 128, 128, 0.07);\" data-align=\"center\">I \u2013 Conhecimentos b\u00e1sicos<\/td>\n<\/tr>\n<tr>\n<td style=\"border-color: rgba(128, 128, 128, 0.5);\" data-align=\"center\">Legisla\u00e7\u00e3o Espec\u00edfica<\/td>\n<td style=\"border-color: rgba(128, 128, 128, 0.5);\" data-align=\"center\">10<\/td>\n<td style=\"border-color: rgba(128, 128, 128, 0.5);\" data-align=\"center\">01<\/td>\n<td style=\"border-color: rgba(128, 128, 128, 0.5);\" data-align=\"center\">10<\/td>\n<td style=\"border-color: rgba(128, 128, 128, 0.5);\" data-align=\"center\">II \u2013 Conhecimentos espec\u00edficos<\/td>\n<\/tr>\n<tr>\n<td style=\"border-color: rgba(128, 128, 128, 0.5); background-color: rgba(128, 128, 128, 0.07);\" data-align=\"center\">Conhecimentos Espec\u00edficos<\/td>\n<td style=\"border-color: rgba(128, 128, 128, 0.5); background-color: rgba(128, 128, 128, 0.07);\" data-align=\"center\">15<\/td>\n<td style=\"border-color: rgba(128, 128, 128, 0.5); background-color: rgba(128, 128, 128, 0.07);\" data-align=\"center\">02<\/td>\n<td style=\"border-color: rgba(128, 128, 128, 0.5); background-color: rgba(128, 128, 128, 0.07);\" data-align=\"center\">20<\/td>\n<td style=\"border-color: rgba(128, 128, 128, 0.5); background-color: rgba(128, 128, 128, 0.07);\" data-align=\"center\">II \u2013 Conhecimentos espec\u00edficos<\/td>\n<\/tr>\n<\/tbody>\n<\/table>\n<p>Sendo assim, a corre\u00e7\u00e3o da prova discursiva ser\u00e1 feita apenas mediante o<b> acerto de 50% da prova e a n\u00e3o obten\u00e7\u00e3o de nota zero em alguma disciplina.<\/b><\/p>\n<p>Em rela\u00e7\u00e3o \u00e0<b> prova discursiva, haver\u00e1 duas quest\u00f5es de conhecimento espec\u00edfico <\/b>que cada uma dever\u00e1 ser respondida em<b> at\u00e9 15 linhas<\/b>. Logo, cada quest\u00e3o valer\u00e1 10 pontos, sendo aprovado o candidato que obter o m\u00ednimo de 50% da nota, ou seja 10, e que n\u00e3o obtenha 0 em alguma das quest\u00f5es.<\/p>\n<h2><span class=\"ez-toc-section\" id=\"Fundacao_Hospital_do_Estado_de_Minas_Gerais_Avaliacao_de_Titulos\"><\/span>Funda\u00e7\u00e3o Hospital do Estado de Minas Gerais: Avalia\u00e7\u00e3o de T\u00edtulos<span class=\"ez-toc-section-end\"><\/span><\/h2>\n<p>Os candidatos aprovados nas duas provas, seguir\u00e3o para a Avalia\u00e7\u00e3o de T\u00edtulos, em que ser\u00e3o considerados documentos como:<\/p>\n<ul style=\"font-size: 16px; background-color: #ffffff;\">\n<li style=\"font-size: 16px;\">Diplomas<\/li>\n<li style=\"font-size: 16px;\">Certificados<\/li>\n<li style=\"font-size: 16px;\">Declara\u00e7\u00e3o de conclus\u00e3o de Curso, de acordo com o expresso no edital.<\/li>\n<\/ul>\n<table style=\"background-color: #ffffff; width: 800px;\">\n<thead>\n<tr>\n<th style=\"border-color: rgba(128, 128, 128, 0.5);\">T\u00edtulo<\/th>\n<th style=\"border-color: rgba(128, 128, 128, 0.5);\" data-align=\"center\">Valor para cada t\u00edtulo<\/th>\n<th style=\"border-color: rgba(128, 128, 128, 0.5);\" data-align=\"center\">Valor m\u00e1ximo<\/th>\n<\/tr>\n<\/thead>\n<tbody>\n<tr>\n<td style=\"border-color: rgba(128, 128, 128, 0.5); background-color: rgba(128, 128, 128, 0.07);\">Doutorado\u00a0\u2013 Diploma, expedido ou revalidado por institui\u00e7\u00e3o de ensino superior reconhecida pelo MEC, de curso de p\u00f3s-gradua\u00e7\u00e3o em n\u00edvel de doutorado (t\u00edtulo de doutor), na \u00e1rea do cargo.<\/p>\n<p>Tamb\u00e9m ser\u00e1 aceito certificado\/declara\u00e7\u00e3o de conclus\u00e3o de curso de Doutorado.<\/td>\n<td style=\"border-color: rgba(128, 128, 128, 0.5); background-color: rgba(128, 128, 128, 0.07);\" data-align=\"center\">1,5<\/td>\n<td style=\"border-color: rgba(128, 128, 128, 0.5); background-color: rgba(128, 128, 128, 0.07);\" data-align=\"center\">1,5<\/td>\n<\/tr>\n<tr>\n<td style=\"border-color: rgba(128, 128, 128, 0.5);\">Mestrado\u2013 Diploma, expedido ou revalidado por institui\u00e7\u00e3o de ensino superior reconhecida pelo MEC, de curso de p\u00f3s-gradua\u00e7\u00e3o em n\u00edvel de mestrado (t\u00edtulo de mestre) na \u00e1rea do cargo.<br \/>\nTamb\u00e9m ser\u00e1 aceito certificado\/declara\u00e7\u00e3o de conclus\u00e3o de curso de Mestrado.<\/td>\n<td style=\"border-color: rgba(128, 128, 128, 0.5);\" data-align=\"center\">1,0<\/td>\n<td style=\"border-color: rgba(128, 128, 128, 0.5);\" data-align=\"center\">1,0<\/td>\n<\/tr>\n<tr>\n<td style=\"border-color: rgba(128, 128, 128, 0.5); background-color: rgba(128, 128, 128, 0.07);\">P\u00f3s Gradua\u00e7\u00e3o\u00a0\u2013 Certificado de curso de p\u00f3s-gradua\u00e7\u00e3o em n\u00edvel de P\u00f3s Gradua\u00e7\u00e3o, com carga hor\u00e1ria m\u00ednima de 360 h\/a na \u00e1rea do cargo.<\/p>\n<p>Tamb\u00e9m ser\u00e1 aceita a declara\u00e7\u00e3o de conclus\u00e3o de p\u00f3s-gradua\u00e7\u00e3o em n\u00edvel de P\u00f3s Gradua\u00e7\u00e3o e\/ou\u00a0RESID\u00caNCIA\u00a0\u2013 Certificado de conclus\u00e3o validado<br \/>\npelo MEC ou \u00d3rg\u00e3o de Classe.<\/td>\n<td style=\"border-color: rgba(128, 128, 128, 0.5); background-color: rgba(128, 128, 128, 0.07);\" data-align=\"center\">0,5<\/td>\n<td style=\"border-color: rgba(128, 128, 128, 0.5); background-color: rgba(128, 128, 128, 0.07);\" data-align=\"center\">1,0<\/td>\n<\/tr>\n<tr>\n<td style=\"border-color: rgba(128, 128, 128, 0.5); background-color: rgba(128, 128, 128, 0.1);\">Experi\u00eancia Profissional\u00a0\u2013 comprovada na \u00e1rea espec\u00edfica da vaga pretendida, seguindo as especifica\u00e7\u00f5es descritas neste Edital.<\/td>\n<td style=\"border-color: rgba(128, 128, 128, 0.5); background-color: rgba(128, 128, 128, 0.1);\" data-align=\"center\">1,25 (por ano completo, sem sobreposi\u00e7\u00e3o<br \/>\nde tempo)<\/td>\n<td style=\"border-color: rgba(128, 128, 128, 0.5); background-color: rgba(128, 128, 128, 0.1);\" data-align=\"center\">2,5<\/td>\n<\/tr>\n<\/tbody>\n<\/table>\n<h2><span class=\"ez-toc-section\" id=\"Cronograma_FHEMIG\"><\/span>Cronograma FHEMIG<span class=\"ez-toc-section-end\"><\/span><\/h2>\n<p>Veja agora o\u00a0<a href=\"https:\/\/conhecimento.fgv.br\/sites\/default\/files\/concursos\/cronograma-previsto-fhemig.pdf\" target=\"_blank\" rel=\"noopener\">cronograma previsto<\/a>\u00a0com todas as datas do processo seletivo da FHEMIG:<\/p>\n<table style=\"background-color: #ffffff; width: 800px;\">\n<tbody>\n<tr>\n<td style=\"border-color: rgba(128, 128, 128, 0.5); background-color: rgba(128, 128, 128, 0.07);\">Per\u00edodo de inscri\u00e7\u00f5es<\/td>\n<td style=\"border-color: rgba(128, 128, 128, 0.5); background-color: rgba(128, 128, 128, 0.07);\" data-align=\"center\">20\/06\/2023 \u2013 25\/07\/2023<\/td>\n<\/tr>\n<tr>\n<td style=\"border-color: rgba(128, 128, 128, 0.5);\">Data limite para pagamento da taxa de inscri\u00e7\u00e3o<\/td>\n<td style=\"border-color: rgba(128, 128, 128, 0.5);\" data-align=\"center\">26\/07\/2023<\/td>\n<\/tr>\n<tr>\n<td style=\"border-color: rgba(128, 128, 128, 0.5); background-color: rgba(128, 128, 128, 0.07);\">Per\u00edodo para solicita\u00e7\u00e3o de isen\u00e7\u00e3o da taxa de inscri\u00e7\u00e3o<\/td>\n<td style=\"border-color: rgba(128, 128, 128, 0.5); background-color: rgba(128, 128, 128, 0.07);\" data-align=\"center\">20\/06\/2023 \u2013 22\/06\/2023<\/td>\n<\/tr>\n<tr>\n<td style=\"border-color: rgba(128, 128, 128, 0.5);\">Publica\u00e7\u00e3o do resultado definitivo da an\u00e1lise dos pedidos de isen\u00e7\u00e3o da taxa de inscri\u00e7\u00e3o<\/td>\n<td style=\"border-color: rgba(128, 128, 128, 0.5);\" data-align=\"center\">25\/07\/2023<\/td>\n<\/tr>\n<tr>\n<td style=\"border-color: rgba(128, 128, 128, 0.5); background-color: rgba(128, 128, 128, 0.07);\">Publica\u00e7\u00e3o dos locais de provas<\/td>\n<td style=\"border-color: rgba(128, 128, 128, 0.5); background-color: rgba(128, 128, 128, 0.07);\" data-align=\"center\">11\/09\/2023<\/td>\n<\/tr>\n<tr>\n<td style=\"border-color: rgba(128, 128, 128, 0.5);\">Aplica\u00e7\u00e3o da prova objetiva e prova discursiva<\/td>\n<td style=\"border-color: rgba(128, 128, 128, 0.5);\" data-align=\"center\">17\/09\/2023<\/td>\n<\/tr>\n<tr>\n<td style=\"border-color: rgba(128, 128, 128, 0.5); background-color: rgba(128, 128, 128, 0.07);\">Divulga\u00e7\u00e3o do gabarito preliminar da prova objetiva<\/td>\n<td style=\"border-color: rgba(128, 128, 128, 0.5); background-color: rgba(128, 128, 128, 0.07);\" data-align=\"center\">20\/09\/2023<\/td>\n<\/tr>\n<tr>\n<td style=\"border-color: rgba(128, 128, 128, 0.5);\">Interposi\u00e7\u00e3o de recursos contra o gabarito preliminar<\/td>\n<td style=\"border-color: rgba(128, 128, 128, 0.5);\" data-align=\"center\">21\/09\/2023 \u2013 22\/09\/2023<\/td>\n<\/tr>\n<tr>\n<td style=\"border-color: rgba(128, 128, 128, 0.5); background-color: rgba(128, 128, 128, 0.07);\">Publica\u00e7\u00e3o do Gabarito Definitivo da Prova Objetiva,<br \/>\nDivulga\u00e7\u00e3o da resposta aos recursos interpostos contra o gabarito preliminar e contra a aplica\u00e7\u00e3o das provas e<br \/>\nPublica\u00e7\u00e3o do Resultado Preliminar da Prova Objetiva<\/td>\n<td style=\"border-color: rgba(128, 128, 128, 0.5); background-color: rgba(128, 128, 128, 0.07);\" data-align=\"center\">20\/10\/2023<\/td>\n<\/tr>\n<tr>\n<td style=\"border-color: rgba(128, 128, 128, 0.5);\">Interposi\u00e7\u00e3o de recursos contra o Resultado Preliminar da Prova Objetiva<\/td>\n<td style=\"border-color: rgba(128, 128, 128, 0.5);\" data-align=\"center\">23\/10\/2023 \u2013 24\/10\/2023<\/td>\n<\/tr>\n<tr>\n<td style=\"border-color: rgba(128, 128, 128, 0.5); background-color: rgba(128, 128, 128, 0.07);\">Publica\u00e7\u00e3o do Resultado Definitivo da Prova Objetiva e<br \/>\nDivulga\u00e7\u00e3o da resposta aos recursos interpostos contra o Resultado Preliminar da Prova Objetiva<\/td>\n<td style=\"border-color: rgba(128, 128, 128, 0.5); background-color: rgba(128, 128, 128, 0.07);\" data-align=\"center\">09\/11\/2023<\/td>\n<\/tr>\n<tr>\n<td style=\"border-color: rgba(128, 128, 128, 0.5);\">Publica\u00e7\u00e3o do Resultado Preliminar da Prova Discursiva<\/td>\n<td style=\"border-color: rgba(128, 128, 128, 0.5);\" data-align=\"center\">13\/12\/2023<\/td>\n<\/tr>\n<tr>\n<td style=\"border-color: rgba(128, 128, 128, 0.5); background-color: rgba(128, 128, 128, 0.07);\">Interposi\u00e7\u00e3o de Recursos contra o Resultado Preliminar da Prova Discursiva<\/td>\n<td style=\"border-color: rgba(128, 128, 128, 0.5); background-color: rgba(128, 128, 128, 0.07);\" data-align=\"center\">14\/12\/2023 \u2013 15\/12\/2023<\/td>\n<\/tr>\n<tr>\n<td style=\"border-color: rgba(128, 128, 128, 0.5);\">Publica\u00e7\u00e3o do Resultado Definitivo da Prova Discursiva<\/td>\n<td style=\"border-color: rgba(128, 128, 128, 0.5);\" data-align=\"center\">11\/01\/2024<\/td>\n<\/tr>\n<tr>\n<td style=\"border-color: rgba(128, 128, 128, 0.5); background-color: rgba(128, 128, 128, 0.07);\">Convoca\u00e7\u00e3o para a Avalia\u00e7\u00e3o de T\u00edtulos<\/td>\n<td style=\"border-color: rgba(128, 128, 128, 0.5); background-color: rgba(128, 128, 128, 0.07);\" data-align=\"center\">09\/11\/2023<\/td>\n<\/tr>\n<tr>\n<td style=\"border-color: rgba(128, 128, 128, 0.5);\">Envio dos t\u00edtulos pelos candidatos<\/td>\n<td style=\"border-color: rgba(128, 128, 128, 0.5);\" data-align=\"center\">10\/11\/2023 \u2013 17\/11\/2023<\/td>\n<\/tr>\n<tr>\n<td style=\"border-color: rgba(128, 128, 128, 0.5); background-color: rgba(128, 128, 128, 0.07);\">Publica\u00e7\u00e3o do Resultado preliminar da Avalia\u00e7\u00e3o de T\u00edtulos<\/td>\n<td style=\"border-color: rgba(128, 128, 128, 0.5); background-color: rgba(128, 128, 128, 0.07);\" data-align=\"center\">11\/01\/2024<\/td>\n<\/tr>\n<tr>\n<td style=\"border-color: rgba(128, 128, 128, 0.5);\">Interposi\u00e7\u00e3o de recursos contra o Resultado da Avalia\u00e7\u00e3o de T\u00edtulos<\/td>\n<td style=\"border-color: rgba(128, 128, 128, 0.5);\" data-align=\"center\">12\/01\/2024 \u2013 15\/01\/2024<\/td>\n<\/tr>\n<tr>\n<td style=\"border-color: rgba(128, 128, 128, 0.5); background-color: rgba(128, 128, 128, 0.07);\">Divulga\u00e7\u00e3o da resposta aos recursos e Publica\u00e7\u00e3o do Resultado definitivo da Avalia\u00e7\u00e3o de T\u00edtulos<\/td>\n<td style=\"border-color: rgba(128, 128, 128, 0.5); background-color: rgba(128, 128, 128, 0.07);\" data-align=\"center\">31\/01\/2024<\/td>\n<\/tr>\n<tr>\n<td style=\"border-color: rgba(128, 128, 128, 0.5);\">Convoca\u00e7\u00e3o para a Per\u00edcia M\u00e9dica \u2013 Somente para candidatos aprovados, inscritos na condi\u00e7\u00e3o PcD<\/td>\n<td style=\"border-color: rgba(128, 128, 128, 0.5);\" data-align=\"center\">31\/01\/2024<\/td>\n<\/tr>\n<tr>\n<td style=\"border-color: rgba(128, 128, 128, 0.5); background-color: rgba(128, 128, 128, 0.07);\">Realiza\u00e7\u00e3o da Per\u00edcia M\u00e9dica<\/td>\n<td style=\"border-color: rgba(128, 128, 128, 0.5); background-color: rgba(128, 128, 128, 0.07);\" data-align=\"center\">17\/02\/2024 \u2013 18\/02\/2024<\/td>\n<\/tr>\n<tr>\n<td style=\"border-color: rgba(128, 128, 128, 0.5);\">Resultado Definitivo da Per\u00edcia M\u00e9dica<\/td>\n<td style=\"border-color: rgba(128, 128, 128, 0.5);\" data-align=\"center\">19\/03\/2024<\/td>\n<\/tr>\n<tr>\n<td style=\"border-color: rgba(128, 128, 128, 0.5); background-color: rgba(128, 128, 128, 0.1);\">Publica\u00e7\u00e3o do Resultado Final<\/td>\n<td style=\"border-color: rgba(128, 128, 128, 0.5); background-color: rgba(128, 128, 128, 0.1);\" data-align=\"center\">06\/05\/2024<\/td>\n<\/tr>\n<\/tbody>\n<\/table>\n<h2><span class=\"ez-toc-section\" id=\"Conquiste_a_aprovacao\"><\/span><b style=\"color: inherit; font-family: inherit; font-size: 2rem;\">Conquiste a aprova\u00e7\u00e3o!<\/b><strong style=\"color: inherit; font-family: inherit; font-size: 2rem;\"><br \/>\n<\/strong><span class=\"ez-toc-section-end\"><\/span><\/h2>\n<p>A\u00a0<a href=\"https:\/\/www.grupomedcof.com.br\/\" target=\"_blank\" rel=\"noopener\">Medcof<\/a>\u00a0tem um cat\u00e1logo repleto de cursos que te guiar\u00e3o na jornada \u00e0 Resid\u00eancia M\u00e9dica dos sonhos! Ent\u00e3o, confira os nossos cursos\u00a0 e seja<a href=\"https:\/\/www.grupomedcof.com.br\/blog\/presenca-da-medcof-nas-aprovacoes-em-residencia-medica-no-brasil\/\">\u00a0mais um aprovado<\/a>\u00a0nas melhores institui\u00e7\u00f5es do pa\u00eds<br \/>\n<img loading=\"lazy\" decoding=\"async\" src=\"https:\/\/www.grupomedcof.com.br\/blog\/wp-content\/uploads\/2023\/03\/aprovados-1024x508.png\" sizes=\"auto, (max-width: 800px) 100vw, 800px\" srcset=\"https:\/\/www.grupomedcof.com.br\/blog\/wp-content\/uploads\/2023\/03\/aprovados-1024x508.png 1024w, https:\/\/www.grupomedcof.com.br\/blog\/wp-content\/uploads\/2023\/03\/aprovados-300x149.png 300w, https:\/\/www.grupomedcof.com.br\/blog\/wp-content\/uploads\/2023\/03\/aprovados-768x381.png 768w, https:\/\/www.grupomedcof.com.br\/blog\/wp-content\/uploads\/2023\/03\/aprovados.png 1436w\" alt=\"Aprovados medcof\" width=\"800\" height=\"397\" \/><\/p>\n","protected":false},"excerpt":{"rendered":"<p>A Funda\u00e7\u00e3o Hospitalar do estado de Minas Gerais (FHEMIG) divulgou edital com processo seletivo para contrata\u00e7\u00e3o de novos cargos m\u00e9dicos.<\/p>\n","protected":false},"author":6,"featured_media":6766,"comment_status":"open","ping_status":"open","sticky":false,"template":"","format":"standard","meta":{"footnotes":""},"categories":[55],"tags":[160,93],"ppma_author":[3609],"class_list":{"0":"post-6764","1":"post","2":"type-post","3":"status-publish","4":"format-standard","5":"has-post-thumbnail","7":"category-carreira-medica","8":"tag-especialidades-cirurgicas","9":"tag-especialidades-medicas"},"yoast_head":"<!-- This site is optimized with the Yoast SEO Premium plugin v24.3 (Yoast SEO v27.4) - https:\/\/yoast.com\/product\/yoast-seo-premium-wordpress\/ -->\n<title>FHEMIG: Processo Seletivo - Blog de Medcof: conte\u00fados, editais, revalida e mais!<\/title>\n<meta name=\"description\" content=\"A Funda\u00e7\u00e3o Hospitalar do estado de Minas Gerais (FHEMIG) divulgou edital com processo seletivo para contrata\u00e7\u00e3o de novos cargos m\u00e9dicos.\" \/>\n<meta name=\"robots\" content=\"index, follow, max-snippet:-1, max-image-preview:large, max-video-preview:-1\" \/>\n<link rel=\"canonical\" href=\"https:\/\/www.grupomedcof.com.br\/blog\/fhemig-processo-seletivo\/\" \/>\n<meta property=\"og:locale\" content=\"pt_BR\" \/>\n<meta property=\"og:type\" content=\"article\" \/>\n<meta property=\"og:title\" content=\"FHEMIG: Processo Seletivo\" \/>\n<meta property=\"og:description\" content=\"A Funda\u00e7\u00e3o Hospitalar do estado de Minas Gerais (FHEMIG) divulgou edital com processo seletivo para contrata\u00e7\u00e3o de novos cargos m\u00e9dicos.\" \/>\n<meta property=\"og:url\" content=\"https:\/\/www.grupomedcof.com.br\/blog\/fhemig-processo-seletivo\/\" \/>\n<meta property=\"og:site_name\" content=\"Blog de Medcof: conte\u00fados, editais, revalida e mais!\" \/>\n<meta property=\"article:publisher\" content=\"https:\/\/www.facebook.com\/MedCofQbank\/\" \/>\n<meta property=\"article:published_time\" content=\"2023-05-11T15:04:03+00:00\" \/>\n<meta property=\"article:modified_time\" content=\"2024-05-06T21:18:13+00:00\" \/>\n<meta property=\"og:image\" content=\"https:\/\/www.grupomedcof.com.br\/blog\/wp-content\/uploads\/2023\/05\/saiba-mais-sobre-a-90-1024x576.png\" \/>\n\t<meta property=\"og:image:width\" content=\"1024\" \/>\n\t<meta property=\"og:image:height\" content=\"576\" \/>\n\t<meta property=\"og:image:type\" content=\"image\/png\" \/>\n<meta name=\"author\" content=\"J\u00falia Moreira\" \/>\n<meta name=\"twitter:card\" content=\"summary_large_image\" \/>\n<meta name=\"twitter:label1\" content=\"Escrito por\" \/>\n\t<meta name=\"twitter:data1\" content=\"J\u00falia Moreira\" \/>\n\t<meta name=\"twitter:label2\" content=\"Est. tempo de leitura\" \/>\n\t<meta name=\"twitter:data2\" content=\"10 minutos\" \/>\n<script type=\"application\/ld+json\" class=\"yoast-schema-graph\">{\"@context\":\"https:\\\/\\\/schema.org\",\"@graph\":[{\"@type\":\"Article\",\"@id\":\"https:\\\/\\\/www.grupomedcof.com.br\\\/blog\\\/fhemig-processo-seletivo\\\/#article\",\"isPartOf\":{\"@id\":\"https:\\\/\\\/www.grupomedcof.com.br\\\/blog\\\/fhemig-processo-seletivo\\\/\"},\"author\":{\"name\":\"J\u00falia Moreira\",\"@id\":\"https:\\\/\\\/www.grupomedcof.com.br\\\/blog\\\/#\\\/schema\\\/person\\\/1375e0ce724529d7a1d8156ea7f8ceaa\"},\"headline\":\"FHEMIG: Processo Seletivo\",\"datePublished\":\"2023-05-11T15:04:03+00:00\",\"dateModified\":\"2024-05-06T21:18:13+00:00\",\"mainEntityOfPage\":{\"@id\":\"https:\\\/\\\/www.grupomedcof.com.br\\\/blog\\\/fhemig-processo-seletivo\\\/\"},\"wordCount\":1648,\"commentCount\":0,\"publisher\":{\"@id\":\"https:\\\/\\\/www.grupomedcof.com.br\\\/blog\\\/#organization\"},\"image\":{\"@id\":\"https:\\\/\\\/www.grupomedcof.com.br\\\/blog\\\/fhemig-processo-seletivo\\\/#primaryimage\"},\"thumbnailUrl\":\"https:\\\/\\\/www.grupomedcof.com.br\\\/blog\\\/wp-content\\\/uploads\\\/2023\\\/05\\\/saiba-mais-sobre-a-90.png\",\"keywords\":[\"Especialidades cir\u00fargicas\",\"Especialidades m\u00e9dicas\"],\"articleSection\":[\"Carreira M\u00e9dica\"],\"inLanguage\":\"pt-BR\"},{\"@type\":\"WebPage\",\"@id\":\"https:\\\/\\\/www.grupomedcof.com.br\\\/blog\\\/fhemig-processo-seletivo\\\/\",\"url\":\"https:\\\/\\\/www.grupomedcof.com.br\\\/blog\\\/fhemig-processo-seletivo\\\/\",\"name\":\"FHEMIG: Processo Seletivo - Blog de Medcof: conte\u00fados, editais, revalida e mais!\",\"isPartOf\":{\"@id\":\"https:\\\/\\\/www.grupomedcof.com.br\\\/blog\\\/#website\"},\"primaryImageOfPage\":{\"@id\":\"https:\\\/\\\/www.grupomedcof.com.br\\\/blog\\\/fhemig-processo-seletivo\\\/#primaryimage\"},\"image\":{\"@id\":\"https:\\\/\\\/www.grupomedcof.com.br\\\/blog\\\/fhemig-processo-seletivo\\\/#primaryimage\"},\"thumbnailUrl\":\"https:\\\/\\\/www.grupomedcof.com.br\\\/blog\\\/wp-content\\\/uploads\\\/2023\\\/05\\\/saiba-mais-sobre-a-90.png\",\"datePublished\":\"2023-05-11T15:04:03+00:00\",\"dateModified\":\"2024-05-06T21:18:13+00:00\",\"description\":\"A Funda\u00e7\u00e3o Hospitalar do estado de Minas Gerais (FHEMIG) divulgou edital com processo seletivo para contrata\u00e7\u00e3o de novos cargos m\u00e9dicos.\",\"breadcrumb\":{\"@id\":\"https:\\\/\\\/www.grupomedcof.com.br\\\/blog\\\/fhemig-processo-seletivo\\\/#breadcrumb\"},\"inLanguage\":\"pt-BR\",\"potentialAction\":[{\"@type\":\"ReadAction\",\"target\":[\"https:\\\/\\\/www.grupomedcof.com.br\\\/blog\\\/fhemig-processo-seletivo\\\/\"]}]},{\"@type\":\"ImageObject\",\"inLanguage\":\"pt-BR\",\"@id\":\"https:\\\/\\\/www.grupomedcof.com.br\\\/blog\\\/fhemig-processo-seletivo\\\/#primaryimage\",\"url\":\"https:\\\/\\\/www.grupomedcof.com.br\\\/blog\\\/wp-content\\\/uploads\\\/2023\\\/05\\\/saiba-mais-sobre-a-90.png\",\"contentUrl\":\"https:\\\/\\\/www.grupomedcof.com.br\\\/blog\\\/wp-content\\\/uploads\\\/2023\\\/05\\\/saiba-mais-sobre-a-90.png\",\"width\":2560,\"height\":1440,\"caption\":\"A Funda\u00e7\u00e3o Hospitalar do estado de Minas Gerais (FHEMIG) divulgou edital com processo seletivo para contrata\u00e7\u00e3o de novos cargos m\u00e9dicos.\"},{\"@type\":\"BreadcrumbList\",\"@id\":\"https:\\\/\\\/www.grupomedcof.com.br\\\/blog\\\/fhemig-processo-seletivo\\\/#breadcrumb\",\"itemListElement\":[{\"@type\":\"ListItem\",\"position\":1,\"name\":\"In\u00edcio\",\"item\":\"https:\\\/\\\/www.grupomedcof.com.br\\\/blog\\\/\"},{\"@type\":\"ListItem\",\"position\":2,\"name\":\"FHEMIG: Processo Seletivo\"}]},{\"@type\":\"WebSite\",\"@id\":\"https:\\\/\\\/www.grupomedcof.com.br\\\/blog\\\/#website\",\"url\":\"https:\\\/\\\/www.grupomedcof.com.br\\\/blog\\\/\",\"name\":\"Blog de Medcof: conte\u00fados, editais, revalida e mais!\",\"description\":\"Acesso o blog de MedCof! Seu portal de conte\u00fados sobre resid\u00eancia m\u00e9dica, an\u00e1lise e editais e muito mais. Clique e confira!\",\"publisher\":{\"@id\":\"https:\\\/\\\/www.grupomedcof.com.br\\\/blog\\\/#organization\"},\"alternateName\":\"Blog de Medcof: conte\u00fados, editais, revalida e mais!\",\"potentialAction\":[{\"@type\":\"SearchAction\",\"target\":{\"@type\":\"EntryPoint\",\"urlTemplate\":\"https:\\\/\\\/www.grupomedcof.com.br\\\/blog\\\/?s={search_term_string}\"},\"query-input\":{\"@type\":\"PropertyValueSpecification\",\"valueRequired\":true,\"valueName\":\"search_term_string\"}}],\"inLanguage\":\"pt-BR\"},{\"@type\":\"Organization\",\"@id\":\"https:\\\/\\\/www.grupomedcof.com.br\\\/blog\\\/#organization\",\"name\":\"Grupo MedCof\",\"url\":\"https:\\\/\\\/www.grupomedcof.com.br\\\/blog\\\/\",\"logo\":{\"@type\":\"ImageObject\",\"inLanguage\":\"pt-BR\",\"@id\":\"https:\\\/\\\/www.grupomedcof.com.br\\\/blog\\\/#\\\/schema\\\/logo\\\/image\\\/\",\"url\":\"https:\\\/\\\/www.grupomedcof.com.br\\\/blog\\\/wp-content\\\/uploads\\\/2022\\\/01\\\/logo-medcof.png\",\"contentUrl\":\"https:\\\/\\\/www.grupomedcof.com.br\\\/blog\\\/wp-content\\\/uploads\\\/2022\\\/01\\\/logo-medcof.png\",\"width\":768,\"height\":269,\"caption\":\"Grupo MedCof\"},\"image\":{\"@id\":\"https:\\\/\\\/www.grupomedcof.com.br\\\/blog\\\/#\\\/schema\\\/logo\\\/image\\\/\"},\"sameAs\":[\"https:\\\/\\\/www.facebook.com\\\/MedCofQbank\\\/\",\"https:\\\/\\\/www.instagram.com\\\/grupomedcof\\\/\",\"https:\\\/\\\/br.linkedin.com\\\/company\\\/medcof\",\"https:\\\/\\\/www.youtube.com\\\/channel\\\/UCdHMuOHKICxcHwecxN8P-AA\"]},{\"@type\":\"Person\",\"@id\":\"https:\\\/\\\/www.grupomedcof.com.br\\\/blog\\\/#\\\/schema\\\/person\\\/1375e0ce724529d7a1d8156ea7f8ceaa\",\"name\":\"J\u00falia Moreira\",\"image\":{\"@type\":\"ImageObject\",\"inLanguage\":\"pt-BR\",\"@id\":\"https:\\\/\\\/www.grupomedcof.com.br\\\/blog\\\/wp-content\\\/uploads\\\/2024\\\/12\\\/cropped-Captura-de-tela-2023-12-15-094946-96x96.png6a0083ac34a0445de97d55fae63a4a41\",\"url\":\"https:\\\/\\\/www.grupomedcof.com.br\\\/blog\\\/wp-content\\\/uploads\\\/2024\\\/12\\\/cropped-Captura-de-tela-2023-12-15-094946-96x96.png\",\"contentUrl\":\"https:\\\/\\\/www.grupomedcof.com.br\\\/blog\\\/wp-content\\\/uploads\\\/2024\\\/12\\\/cropped-Captura-de-tela-2023-12-15-094946-96x96.png\",\"caption\":\"J\u00falia Moreira\"},\"description\":\"Estudante do 8\u00ba semestre de Jornalismo na ECA-USP, f\u00e3 de filmes de terror e m\u00fasica popular sul-coreana.\",\"sameAs\":[\"https:\\\/\\\/www.grupomedcof.com.br\\\/\"],\"url\":\"https:\\\/\\\/www.grupomedcof.com.br\\\/blog\\\/author\\\/julia\\\/\"}]}<\/script>\n<!-- \/ Yoast SEO Premium plugin. -->","yoast_head_json":{"title":"FHEMIG: Processo Seletivo - Blog de Medcof: conte\u00fados, editais, revalida e mais!","description":"A Funda\u00e7\u00e3o Hospitalar do estado de Minas Gerais (FHEMIG) divulgou edital com processo seletivo para contrata\u00e7\u00e3o de novos cargos m\u00e9dicos.","robots":{"index":"index","follow":"follow","max-snippet":"max-snippet:-1","max-image-preview":"max-image-preview:large","max-video-preview":"max-video-preview:-1"},"canonical":"https:\/\/www.grupomedcof.com.br\/blog\/fhemig-processo-seletivo\/","og_locale":"pt_BR","og_type":"article","og_title":"FHEMIG: Processo Seletivo","og_description":"A Funda\u00e7\u00e3o Hospitalar do estado de Minas Gerais (FHEMIG) divulgou edital com processo seletivo para contrata\u00e7\u00e3o de novos cargos m\u00e9dicos.","og_url":"https:\/\/www.grupomedcof.com.br\/blog\/fhemig-processo-seletivo\/","og_site_name":"Blog de Medcof: conte\u00fados, editais, revalida e mais!","article_publisher":"https:\/\/www.facebook.com\/MedCofQbank\/","article_published_time":"2023-05-11T15:04:03+00:00","article_modified_time":"2024-05-06T21:18:13+00:00","og_image":[{"width":1024,"height":576,"url":"https:\/\/www.grupomedcof.com.br\/blog\/wp-content\/uploads\/2023\/05\/saiba-mais-sobre-a-90-1024x576.png","type":"image\/png"}],"author":"J\u00falia Moreira","twitter_card":"summary_large_image","twitter_misc":{"Escrito por":"J\u00falia Moreira","Est. tempo de leitura":"10 minutos"},"schema":{"@context":"https:\/\/schema.org","@graph":[{"@type":"Article","@id":"https:\/\/www.grupomedcof.com.br\/blog\/fhemig-processo-seletivo\/#article","isPartOf":{"@id":"https:\/\/www.grupomedcof.com.br\/blog\/fhemig-processo-seletivo\/"},"author":{"name":"J\u00falia Moreira","@id":"https:\/\/www.grupomedcof.com.br\/blog\/#\/schema\/person\/1375e0ce724529d7a1d8156ea7f8ceaa"},"headline":"FHEMIG: Processo Seletivo","datePublished":"2023-05-11T15:04:03+00:00","dateModified":"2024-05-06T21:18:13+00:00","mainEntityOfPage":{"@id":"https:\/\/www.grupomedcof.com.br\/blog\/fhemig-processo-seletivo\/"},"wordCount":1648,"commentCount":0,"publisher":{"@id":"https:\/\/www.grupomedcof.com.br\/blog\/#organization"},"image":{"@id":"https:\/\/www.grupomedcof.com.br\/blog\/fhemig-processo-seletivo\/#primaryimage"},"thumbnailUrl":"https:\/\/www.grupomedcof.com.br\/blog\/wp-content\/uploads\/2023\/05\/saiba-mais-sobre-a-90.png","keywords":["Especialidades cir\u00fargicas","Especialidades m\u00e9dicas"],"articleSection":["Carreira M\u00e9dica"],"inLanguage":"pt-BR"},{"@type":"WebPage","@id":"https:\/\/www.grupomedcof.com.br\/blog\/fhemig-processo-seletivo\/","url":"https:\/\/www.grupomedcof.com.br\/blog\/fhemig-processo-seletivo\/","name":"FHEMIG: Processo Seletivo - Blog de Medcof: conte\u00fados, editais, revalida e mais!","isPartOf":{"@id":"https:\/\/www.grupomedcof.com.br\/blog\/#website"},"primaryImageOfPage":{"@id":"https:\/\/www.grupomedcof.com.br\/blog\/fhemig-processo-seletivo\/#primaryimage"},"image":{"@id":"https:\/\/www.grupomedcof.com.br\/blog\/fhemig-processo-seletivo\/#primaryimage"},"thumbnailUrl":"https:\/\/www.grupomedcof.com.br\/blog\/wp-content\/uploads\/2023\/05\/saiba-mais-sobre-a-90.png","datePublished":"2023-05-11T15:04:03+00:00","dateModified":"2024-05-06T21:18:13+00:00","description":"A Funda\u00e7\u00e3o Hospitalar do estado de Minas Gerais (FHEMIG) divulgou edital com processo seletivo para contrata\u00e7\u00e3o de novos cargos m\u00e9dicos.","breadcrumb":{"@id":"https:\/\/www.grupomedcof.com.br\/blog\/fhemig-processo-seletivo\/#breadcrumb"},"inLanguage":"pt-BR","potentialAction":[{"@type":"ReadAction","target":["https:\/\/www.grupomedcof.com.br\/blog\/fhemig-processo-seletivo\/"]}]},{"@type":"ImageObject","inLanguage":"pt-BR","@id":"https:\/\/www.grupomedcof.com.br\/blog\/fhemig-processo-seletivo\/#primaryimage","url":"https:\/\/www.grupomedcof.com.br\/blog\/wp-content\/uploads\/2023\/05\/saiba-mais-sobre-a-90.png","contentUrl":"https:\/\/www.grupomedcof.com.br\/blog\/wp-content\/uploads\/2023\/05\/saiba-mais-sobre-a-90.png","width":2560,"height":1440,"caption":"A Funda\u00e7\u00e3o Hospitalar do estado de Minas Gerais (FHEMIG) divulgou edital com processo seletivo para contrata\u00e7\u00e3o de novos cargos m\u00e9dicos."},{"@type":"BreadcrumbList","@id":"https:\/\/www.grupomedcof.com.br\/blog\/fhemig-processo-seletivo\/#breadcrumb","itemListElement":[{"@type":"ListItem","position":1,"name":"In\u00edcio","item":"https:\/\/www.grupomedcof.com.br\/blog\/"},{"@type":"ListItem","position":2,"name":"FHEMIG: Processo Seletivo"}]},{"@type":"WebSite","@id":"https:\/\/www.grupomedcof.com.br\/blog\/#website","url":"https:\/\/www.grupomedcof.com.br\/blog\/","name":"Blog de Medcof: conte\u00fados, editais, revalida e mais!","description":"Acesso o blog de MedCof! Seu portal de conte\u00fados sobre resid\u00eancia m\u00e9dica, an\u00e1lise e editais e muito mais. Clique e confira!","publisher":{"@id":"https:\/\/www.grupomedcof.com.br\/blog\/#organization"},"alternateName":"Blog de Medcof: conte\u00fados, editais, revalida e mais!","potentialAction":[{"@type":"SearchAction","target":{"@type":"EntryPoint","urlTemplate":"https:\/\/www.grupomedcof.com.br\/blog\/?s={search_term_string}"},"query-input":{"@type":"PropertyValueSpecification","valueRequired":true,"valueName":"search_term_string"}}],"inLanguage":"pt-BR"},{"@type":"Organization","@id":"https:\/\/www.grupomedcof.com.br\/blog\/#organization","name":"Grupo MedCof","url":"https:\/\/www.grupomedcof.com.br\/blog\/","logo":{"@type":"ImageObject","inLanguage":"pt-BR","@id":"https:\/\/www.grupomedcof.com.br\/blog\/#\/schema\/logo\/image\/","url":"https:\/\/www.grupomedcof.com.br\/blog\/wp-content\/uploads\/2022\/01\/logo-medcof.png","contentUrl":"https:\/\/www.grupomedcof.com.br\/blog\/wp-content\/uploads\/2022\/01\/logo-medcof.png","width":768,"height":269,"caption":"Grupo MedCof"},"image":{"@id":"https:\/\/www.grupomedcof.com.br\/blog\/#\/schema\/logo\/image\/"},"sameAs":["https:\/\/www.facebook.com\/MedCofQbank\/","https:\/\/www.instagram.com\/grupomedcof\/","https:\/\/br.linkedin.com\/company\/medcof","https:\/\/www.youtube.com\/channel\/UCdHMuOHKICxcHwecxN8P-AA"]},{"@type":"Person","@id":"https:\/\/www.grupomedcof.com.br\/blog\/#\/schema\/person\/1375e0ce724529d7a1d8156ea7f8ceaa","name":"J\u00falia Moreira","image":{"@type":"ImageObject","inLanguage":"pt-BR","@id":"https:\/\/www.grupomedcof.com.br\/blog\/wp-content\/uploads\/2024\/12\/cropped-Captura-de-tela-2023-12-15-094946-96x96.png6a0083ac34a0445de97d55fae63a4a41","url":"https:\/\/www.grupomedcof.com.br\/blog\/wp-content\/uploads\/2024\/12\/cropped-Captura-de-tela-2023-12-15-094946-96x96.png","contentUrl":"https:\/\/www.grupomedcof.com.br\/blog\/wp-content\/uploads\/2024\/12\/cropped-Captura-de-tela-2023-12-15-094946-96x96.png","caption":"J\u00falia Moreira"},"description":"Estudante do 8\u00ba semestre de Jornalismo na ECA-USP, f\u00e3 de filmes de terror e m\u00fasica popular sul-coreana.","sameAs":["https:\/\/www.grupomedcof.com.br\/"],"url":"https:\/\/www.grupomedcof.com.br\/blog\/author\/julia\/"}]}},"authors":[{"term_id":3609,"user_id":6,"is_guest":0,"slug":"julia","display_name":"J\u00falia Moreira","avatar_url":"https:\/\/www.grupomedcof.com.br\/blog\/wp-content\/uploads\/2024\/12\/cropped-Captura-de-tela-2023-12-15-094946-96x96.png","0":null,"1":"","2":"","3":"","4":"","5":"","6":"","7":"","8":""}],"_links":{"self":[{"href":"https:\/\/www.grupomedcof.com.br\/blog\/wp-json\/wp\/v2\/posts\/6764","targetHints":{"allow":["GET"]}}],"collection":[{"href":"https:\/\/www.grupomedcof.com.br\/blog\/wp-json\/wp\/v2\/posts"}],"about":[{"href":"https:\/\/www.grupomedcof.com.br\/blog\/wp-json\/wp\/v2\/types\/post"}],"author":[{"embeddable":true,"href":"https:\/\/www.grupomedcof.com.br\/blog\/wp-json\/wp\/v2\/users\/6"}],"replies":[{"embeddable":true,"href":"https:\/\/www.grupomedcof.com.br\/blog\/wp-json\/wp\/v2\/comments?post=6764"}],"version-history":[{"count":0,"href":"https:\/\/www.grupomedcof.com.br\/blog\/wp-json\/wp\/v2\/posts\/6764\/revisions"}],"wp:featuredmedia":[{"embeddable":true,"href":"https:\/\/www.grupomedcof.com.br\/blog\/wp-json\/wp\/v2\/media\/6766"}],"wp:attachment":[{"href":"https:\/\/www.grupomedcof.com.br\/blog\/wp-json\/wp\/v2\/media?parent=6764"}],"wp:term":[{"taxonomy":"category","embeddable":true,"href":"https:\/\/www.grupomedcof.com.br\/blog\/wp-json\/wp\/v2\/categories?post=6764"},{"taxonomy":"post_tag","embeddable":true,"href":"https:\/\/www.grupomedcof.com.br\/blog\/wp-json\/wp\/v2\/tags?post=6764"},{"taxonomy":"author","embeddable":true,"href":"https:\/\/www.grupomedcof.com.br\/blog\/wp-json\/wp\/v2\/ppma_author?post=6764"}],"curies":[{"name":"wp","href":"https:\/\/api.w.org\/{rel}","templated":true}]}}