{"id":6779,"date":"2023-05-11T14:43:02","date_gmt":"2023-05-11T17:43:02","guid":{"rendered":"https:\/\/www.grupomedcof.com.br\/blog\/?p=6779"},"modified":"2023-05-11T14:43:02","modified_gmt":"2023-05-11T17:43:02","slug":"residencia-medica-ufgd","status":"publish","type":"post","link":"https:\/\/www.grupomedcof.com.br\/blog\/residencia-medica-ufgd\/","title":{"rendered":"Resid\u00eancia M\u00e9dica: UFGD"},"content":{"rendered":"<div id=\"ez-toc-container\" class=\"ez-toc-v2_0_74 counter-hierarchy ez-toc-counter ez-toc-transparent ez-toc-container-direction\">\n<div class=\"ez-toc-title-container\">\n<p class=\"ez-toc-title\" style=\"cursor:inherit\">Sum\u00e1rio<\/p>\n<span class=\"ez-toc-title-toggle\"><a href=\"#\" class=\"ez-toc-pull-right ez-toc-btn ez-toc-btn-xs ez-toc-btn-default ez-toc-toggle\" aria-label=\"Alternar tabela de conte\u00fado\"><span class=\"ez-toc-js-icon-con\"><span class=\"\"><span class=\"eztoc-hide\" style=\"display:none;\">Toggle<\/span><span class=\"ez-toc-icon-toggle-span\"><svg style=\"fill: #999;color:#999\" xmlns=\"http:\/\/www.w3.org\/2000\/svg\" class=\"list-377408\" width=\"20px\" height=\"20px\" viewBox=\"0 0 24 24\" fill=\"none\"><path d=\"M6 6H4v2h2V6zm14 0H8v2h12V6zM4 11h2v2H4v-2zm16 0H8v2h12v-2zM4 16h2v2H4v-2zm16 0H8v2h12v-2z\" fill=\"currentColor\"><\/path><\/svg><svg style=\"fill: #999;color:#999\" class=\"arrow-unsorted-368013\" xmlns=\"http:\/\/www.w3.org\/2000\/svg\" width=\"10px\" height=\"10px\" viewBox=\"0 0 24 24\" version=\"1.2\" baseProfile=\"tiny\"><path d=\"M18.2 9.3l-6.2-6.3-6.2 6.3c-.2.2-.3.4-.3.7s.1.5.3.7c.2.2.4.3.7.3h11c.3 0 .5-.1.7-.3.2-.2.3-.5.3-.7s-.1-.5-.3-.7zM5.8 14.7l6.2 6.3 6.2-6.3c.2-.2.3-.5.3-.7s-.1-.5-.3-.7c-.2-.2-.4-.3-.7-.3h-11c-.3 0-.5.1-.7.3-.2.2-.3.5-.3.7s.1.5.3.7z\"\/><\/svg><\/span><\/span><\/span><\/a><\/span><\/div>\n<nav><ul class='ez-toc-list ez-toc-list-level-1 ' ><li class='ez-toc-page-1 ez-toc-heading-level-2'><a class=\"ez-toc-link ez-toc-heading-1\" href=\"https:\/\/www.grupomedcof.com.br\/blog\/residencia-medica-ufgd\/#Leia_abaixo\" >Leia abaixo<\/a><\/li><li class='ez-toc-page-1 ez-toc-heading-level-2'><a class=\"ez-toc-link ez-toc-heading-2\" href=\"https:\/\/www.grupomedcof.com.br\/blog\/residencia-medica-ufgd\/#Residencia_Medica_UFGD\" >Resid\u00eancia M\u00e9dica: UFGD<\/a><\/li><li class='ez-toc-page-1 ez-toc-heading-level-2'><a class=\"ez-toc-link ez-toc-heading-3\" href=\"https:\/\/www.grupomedcof.com.br\/blog\/residencia-medica-ufgd\/#Processo_Seletivo_UFGD\" >Processo Seletivo UFGD<\/a><\/li><li class='ez-toc-page-1 ez-toc-heading-level-2'><a class=\"ez-toc-link ez-toc-heading-4\" href=\"https:\/\/www.grupomedcof.com.br\/blog\/residencia-medica-ufgd\/#Cronograma_UFGD\" >Cronograma UFGD<\/a><\/li><li class='ez-toc-page-1 ez-toc-heading-level-2'><a class=\"ez-toc-link ez-toc-heading-5\" href=\"https:\/\/www.grupomedcof.com.br\/blog\/residencia-medica-ufgd\/#Pro-Residencia\" >Pr\u00f3-Resid\u00eancia<\/a><\/li><li class='ez-toc-page-1 ez-toc-heading-level-2'><a class=\"ez-toc-link ez-toc-heading-6\" href=\"https:\/\/www.grupomedcof.com.br\/blog\/residencia-medica-ufgd\/#Pro-Residencia-2\" >Pr\u00f3-Resid\u00eancia<\/a><\/li><li class='ez-toc-page-1 ez-toc-heading-level-2'><a class=\"ez-toc-link ez-toc-heading-7\" href=\"https:\/\/www.grupomedcof.com.br\/blog\/residencia-medica-ufgd\/#Conquiste_a_aprovacao\" >Conquiste a aprova\u00e7\u00e3o!<\/a><\/li><\/ul><\/nav><\/div>\n<p><img loading=\"lazy\" decoding=\"async\" width=\"800\" height=\"450\" src=\"https:\/\/www.grupomedcof.com.br\/blog\/wp-content\/uploads\/2023\/05\/saiba-mais-sobre-a-91-1-1024x576.png\" alt=\"residencia medica, pr\u00f3-resid\u00eancia, pro residencia\" srcset=\"https:\/\/www.grupomedcof.com.br\/blog\/wp-content\/uploads\/2023\/05\/saiba-mais-sobre-a-91-1-1024x576.png 1024w, https:\/\/www.grupomedcof.com.br\/blog\/wp-content\/uploads\/2023\/05\/saiba-mais-sobre-a-91-1-300x169.png 300w, https:\/\/www.grupomedcof.com.br\/blog\/wp-content\/uploads\/2023\/05\/saiba-mais-sobre-a-91-1-768x432.png 768w, https:\/\/www.grupomedcof.com.br\/blog\/wp-content\/uploads\/2023\/05\/saiba-mais-sobre-a-91-1-1536x864.png 1536w, https:\/\/www.grupomedcof.com.br\/blog\/wp-content\/uploads\/2023\/05\/saiba-mais-sobre-a-91-1-2048x1152.png 2048w\" sizes=\"auto, (max-width: 800px) 100vw, 800px\" \/>\t\t\t\t\t\t\t\t\t\t\t\t\t\t\t<\/p>\n<p>A<strong> Universidade Federal da Grande Douradas<\/strong> (UFGD) divulgou o<a href=\"https:\/\/www.gov.br\/ebserh\/pt-br\/hospitais-universitarios\/regiao-centro-oeste\/hu-ufgd\/governanca\/ensino-e-pesquisa\/setor-de-gestao-do-ensino\/pos-graduacao\/residencia-medica\/edital_de_abertura_de_processo_seletivo_medicina_intensiva_2023.pdf\" target=\"_blank\" rel=\"noopener\">\u00a0edital extempor\u00e2neo<\/a>\u00a0para o processo seletivo de resid\u00eancia m\u00e9dica em Medicina Intensiva. Assim, ap\u00f3s a ades\u00e3o ao Programa Nacional de Apoio \u00e0 Forma\u00e7\u00e3o de M\u00e9dicos Especialistas em \u00c1reas Estrat\u00e9gicas (Pr\u00f3-Resid\u00eancia)<strong> duas vagas<\/strong> ser\u00e3o ofertadas para a especialidade.<\/p>\n<h2><span class=\"ez-toc-section\" id=\"Leia_abaixo\"><\/span>\n\t\t\t\tLeia abaixo\t\t\t<span class=\"ez-toc-section-end\"><\/span><\/h2>\n<h2 style=\"font-family: Poppins, sans-serif; color: #7a7a7a;\"><span class=\"ez-toc-section\" id=\"Residencia_Medica_UFGD\"><\/span>Resid\u00eancia M\u00e9dica: UFGD<span class=\"ez-toc-section-end\"><\/span><\/h2>\n<p>Desse modo, comtemplada pelo <a href=\"https:\/\/www.grupomedcof.com.br\/blog\/pro-residencia-instituicoes-contempladas\/\">Pr\u00f3-Resid\u00eancia<\/a>, a UFGD oferecer\u00e1 <b>duas vagas para Medicina Intensiva<\/b> e os interessados poder\u00e3o se inscrever apenas no dia<b> 12 de maio entre \u00e0s 7h e 23h59.<\/b> Para isso, o encaminhamento dos documentos requeridos deve ocorrer pelo email c<b>oreme.hugd@ebserh.gov.br<\/b>, n\u00e3o sendo cobrada taxa de inscri\u00e7\u00e3o .<\/p>\n<h2><span class=\"ez-toc-section\" id=\"Processo_Seletivo_UFGD\"><\/span>Processo Seletivo UFGD<span class=\"ez-toc-section-end\"><\/span><\/h2>\n<p>Sendo assim, ser\u00e1 realizada uma \u00fanica fase avaliativa, composta por uma <strong>prova objetiva de m\u00faltipla escolha.<\/strong> Ela acontecer\u00e1 no dia<strong> 28 de maio de 2023<\/strong> contar\u00e1 com<strong> 30 quest\u00f5es<\/strong>, com in\u00edcio a partir das 14h15 e referentes \u00e0s 5 grandes \u00e1reas m\u00e9dicas:<\/p>\n<ul style=\"font-size: 16px; background-color: #ffffff;\">\n<li style=\"font-size: 16px;\">Cl\u00ednica M\u00e9dica;<\/li>\n<li style=\"font-size: 16px;\">Cirurgia;<\/li>\n<li style=\"font-size: 16px;\">Pediatria;<\/li>\n<li style=\"font-size: 16px;\">Ginecologia e Obstetr\u00edcia;<\/li>\n<li style=\"font-size: 16px;\">Medicina Preventiva e Social<\/li>\n<\/ul>\n<p>\u00a0<\/p>\n<p>De acordo com o edital, os candidatos que obterem o<strong> m\u00ednimo de 50% de acertos<\/strong> estar\u00e1 habilitado \u00e0 concorrer \u00e0s vagas. Dessa forma, em casos de empate ser\u00e1 considerado:<\/p>\n<ul style=\"font-size: 16px; background-color: #ffffff;\">\n<li style=\"font-size: 16px;\">Maior nota nas seguintes \u00e1reas e na respectiva ordem:<\/li>\n<\/ul>\n<ol style=\"font-size: 16px; background-color: #ffffff;\">\n<li style=\"font-size: 16px;\">Cl\u00ednica M\u00e9dica<\/li>\n<li style=\"font-size: 16px;\">Cirurgia Geral<\/li>\n<li style=\"font-size: 16px;\">Pediatria<\/li>\n<li style=\"font-size: 16px;\">Ginecologia e Obstetr\u00edcia<\/li>\n<li style=\"font-size: 16px;\">Medicina Preventiva Social<\/li>\n<\/ol>\n<ul style=\"font-size: 16px; background-color: #ffffff;\">\n<li style=\"font-size: 16px;\">Maior idade<\/li>\n<\/ul>\n<h2><span class=\"ez-toc-section\" id=\"Cronograma_UFGD\"><\/span><strong>Cronograma UFGD<\/strong><span class=\"ez-toc-section-end\"><\/span><\/h2>\n<p>Veja ent\u00e3o a o cronograma com as principais datas do processo seletivo:<\/p>\n<p>\u00a0<\/p>\n<ul style=\"font-size: 16px; background-color: #ffffff;\">\n<li style=\"font-size: 16px;\">Inscri\u00e7\u00f5es:\u00a012\/05\/2023<\/li>\n<li style=\"font-size: 16px;\">Prova:\u00a028\/05\/2023<\/li>\n<li style=\"font-size: 16px;\">Gabarito Preliminar:\u00a001\/06\/2023<\/li>\n<li style=\"font-size: 16px;\">Recursos:\u00a0at\u00e9 05\/06\/2023<\/li>\n<li style=\"font-size: 16px;\">Respostas aos recursos:\u00a008\/06\/2023<\/li>\n<li style=\"font-size: 16px;\">Classifica\u00e7\u00e3o e convoca\u00e7\u00e3o:\u00a014\/06\/2023<\/li>\n<li style=\"font-size: 16px;\">Matr\u00edculas:\u00a016\/06\/2023<\/li>\n<\/ul>\n<h2 style=\"font-family: Poppins, sans-serif; color: #7a7a7a;\"><span class=\"ez-toc-section\" id=\"Pro-Residencia\"><\/span>Pr\u00f3-Resid\u00eancia<span class=\"ez-toc-section-end\"><\/span><\/h2>\n<p>O Pr\u00f3-Resid\u00eancia autorizou o preenchimento de\u00a0753 vagas para o 2\u00ba Semestre de 2023.\u00a0Desse modo, as institui\u00e7\u00f5es devidamente credenciadas que realizar\u00e3o processos seletivos extempor\u00e2neos com base na nova Resolu\u00e7\u00e3o da CNRM (Comiss\u00e3o Nacional de Resid\u00eancia M\u00e9dica) j\u00e1 receber\u00e3o os novos residentes este ano.<\/p>\n<p>\u00a0<\/p>\n<p>De acordo com o documento publicado, as condi\u00e7\u00f5es e as fases do processo seletivo de cada institui\u00e7\u00e3o participante do programa Pr\u00f3-Resid\u00eancia estar\u00e3o dispon\u00edveis nos editais de cada COREME.\u00a0<a href=\"https:\/\/www.grupomedcof.com.br\/blog\/pro-residencia-instituicoes-contempladas\/\" target=\"_blank\" rel=\"noopener\">Confira quais intui\u00e7\u00f5es participam e suas respectivas vagas!<\/a><\/p>\n<p>\u00a0<\/p>\n<h2><span class=\"ez-toc-section\" id=\"Pro-Residencia-2\"><\/span><strong>Pr\u00f3-Resid\u00eancia<\/strong><span class=\"ez-toc-section-end\"><\/span><\/h2>\n<p>O Pr\u00f3-Resid\u00eancia autorizou o preenchimento de<strong>\u00a0753 vagas para o 2\u00ba Semestre de 2023.<\/strong>\u00a0Desse modo, as institui\u00e7\u00f5es devidamente credenciadas que realizar\u00e3o processos seletivos extempor\u00e2neos com base na nova Resolu\u00e7\u00e3o da CNRM (Comiss\u00e3o Nacional de Resid\u00eancia M\u00e9dica) j\u00e1 receber\u00e3o os novos residentes este ano.<\/p>\n<p>\u00a0<\/p>\n<p>De acordo com o documento publicado, as condi\u00e7\u00f5es e as fases do processo seletivo de cada institui\u00e7\u00e3o participante do programa Pr\u00f3-Resid\u00eancia estar\u00e3o dispon\u00edveis nos editais de cada COREME.\u00a0<a href=\"https:\/\/www.grupomedcof.com.br\/blog\/pro-residencia-instituicoes-contempladas\/\" target=\"_blank\" rel=\"noopener\">Confira quais intui\u00e7\u00f5es participam e suas respectivas vagas!<\/a><\/p>\n<p>\u00a0<\/p>\n<h2><span class=\"ez-toc-section\" id=\"Conquiste_a_aprovacao\"><\/span><b>Conquiste a aprova\u00e7\u00e3o!<\/b><span class=\"ez-toc-section-end\"><\/span><\/h2>\n<p>A\u00a0<a href=\"https:\/\/www.grupomedcof.com.br\/links-revalida\/#\" target=\"\" rel=\"noopener\">Medcof<\/a>\u00a0tem um cat\u00e1logo repleto de cursos que te guiar\u00e3o na jornada \u00e0 Resid\u00eancia M\u00e9dica dos sonhos! Ent\u00e3o, confira os nossos cursos\u00a0 e seja<a href=\"https:\/\/www.grupomedcof.com.br\/blog\/presenca-da-medcof-nas-aprovacoes-em-residencia-medica-no-brasil\/\">\u00a0mais um aprovado<\/a>\u00a0nas melhores institui\u00e7\u00f5es do pa\u00eds!<br \/>\n\t\t\t\t\t\t\t\t\t\t\t\t\t\t\t<img loading=\"lazy\" decoding=\"async\" width=\"800\" height=\"397\" src=\"https:\/\/www.grupomedcof.com.br\/blog\/wp-content\/uploads\/2023\/03\/aprovados-1024x508.png\" alt=\"Aprovados medcof\" srcset=\"https:\/\/www.grupomedcof.com.br\/blog\/wp-content\/uploads\/2023\/03\/aprovados-1024x508.png 1024w, https:\/\/www.grupomedcof.com.br\/blog\/wp-content\/uploads\/2023\/03\/aprovados-300x149.png 300w, https:\/\/www.grupomedcof.com.br\/blog\/wp-content\/uploads\/2023\/03\/aprovados-768x381.png 768w, https:\/\/www.grupomedcof.com.br\/blog\/wp-content\/uploads\/2023\/03\/aprovados.png 1436w\" sizes=\"auto, (max-width: 800px) 100vw, 800px\" \/><\/p>\n","protected":false},"excerpt":{"rendered":"<p>A Universidade Federal da Grande Douradas (UFGD) divulgou o\u00a0edital extempor\u00e2neo\u00a0para o processo seletivo de resid\u00eancia m\u00e9dica em Medicina Intensiva. Assim, ap\u00f3s a ades\u00e3o ao Programa Nacional de Apoio \u00e0 Forma\u00e7\u00e3o de M\u00e9dicos Especialistas em \u00c1reas Estrat\u00e9gicas (Pr\u00f3-Resid\u00eancia) duas vagas ser\u00e3o ofertadas para a especialidade. Leia abaixo Resid\u00eancia M\u00e9dica: UFGD Desse modo, comtemplada pelo Pr\u00f3-Resid\u00eancia, a [&hellip;]<\/p>\n","protected":false},"author":6,"featured_media":6784,"comment_status":"open","ping_status":"open","sticky":false,"template":"","format":"standard","meta":{"footnotes":""},"categories":[10],"tags":[93,117,68],"ppma_author":[3609],"class_list":{"0":"post-6779","1":"post","2":"type-post","3":"status-publish","4":"format-standard","5":"has-post-thumbnail","7":"category-raio-x-editais","8":"tag-especialidades-medicas","9":"tag-provas-de-residencia","10":"tag-residencia-medica"},"yoast_head":"<!-- This site is optimized with the Yoast SEO Premium plugin v24.3 (Yoast SEO v27.4) - https:\/\/yoast.com\/product\/yoast-seo-premium-wordpress\/ -->\n<title>Resid\u00eancia M\u00e9dica: UFGD - Blog de Medcof: conte\u00fados, editais, revalida e mais!<\/title>\n<meta name=\"description\" content=\"A UFGD divulgou o edital extempor\u00e2neo para o processo seletivo com duas vagas para resid\u00eancia m\u00e9dica em Medicina Intensiva.\" \/>\n<meta name=\"robots\" content=\"index, follow, max-snippet:-1, max-image-preview:large, max-video-preview:-1\" \/>\n<link rel=\"canonical\" href=\"https:\/\/www.grupomedcof.com.br\/blog\/residencia-medica-ufgd\/\" \/>\n<meta property=\"og:locale\" content=\"pt_BR\" \/>\n<meta property=\"og:type\" content=\"article\" \/>\n<meta property=\"og:title\" content=\"Resid\u00eancia M\u00e9dica: UFGD\" \/>\n<meta property=\"og:description\" content=\"A UFGD divulgou o edital extempor\u00e2neo para o processo seletivo com duas vagas para resid\u00eancia m\u00e9dica em Medicina Intensiva.\" \/>\n<meta property=\"og:url\" content=\"https:\/\/www.grupomedcof.com.br\/blog\/residencia-medica-ufgd\/\" \/>\n<meta property=\"og:site_name\" content=\"Blog de Medcof: conte\u00fados, editais, revalida e mais!\" \/>\n<meta property=\"article:publisher\" content=\"https:\/\/www.facebook.com\/MedCofQbank\/\" \/>\n<meta property=\"article:published_time\" content=\"2023-05-11T17:43:02+00:00\" \/>\n<meta property=\"og:image\" content=\"https:\/\/www.grupomedcof.com.br\/blog\/wp-content\/uploads\/2023\/05\/saiba-mais-sobre-a-91-1-1024x576.png\" \/>\n\t<meta property=\"og:image:width\" content=\"1024\" \/>\n\t<meta property=\"og:image:height\" content=\"576\" \/>\n\t<meta property=\"og:image:type\" content=\"image\/png\" \/>\n<meta name=\"author\" content=\"J\u00falia Moreira\" \/>\n<meta name=\"twitter:card\" content=\"summary_large_image\" \/>\n<meta name=\"twitter:label1\" content=\"Escrito por\" \/>\n\t<meta name=\"twitter:data1\" content=\"J\u00falia Moreira\" \/>\n\t<meta name=\"twitter:label2\" content=\"Est. tempo de leitura\" \/>\n\t<meta name=\"twitter:data2\" content=\"7 minutos\" \/>\n<script type=\"application\/ld+json\" class=\"yoast-schema-graph\">{\"@context\":\"https:\\\/\\\/schema.org\",\"@graph\":[{\"@type\":\"Article\",\"@id\":\"https:\\\/\\\/www.grupomedcof.com.br\\\/blog\\\/residencia-medica-ufgd\\\/#article\",\"isPartOf\":{\"@id\":\"https:\\\/\\\/www.grupomedcof.com.br\\\/blog\\\/residencia-medica-ufgd\\\/\"},\"author\":{\"name\":\"J\u00falia Moreira\",\"@id\":\"https:\\\/\\\/www.grupomedcof.com.br\\\/blog\\\/#\\\/schema\\\/person\\\/1375e0ce724529d7a1d8156ea7f8ceaa\"},\"headline\":\"Resid\u00eancia M\u00e9dica: UFGD\",\"datePublished\":\"2023-05-11T17:43:02+00:00\",\"mainEntityOfPage\":{\"@id\":\"https:\\\/\\\/www.grupomedcof.com.br\\\/blog\\\/residencia-medica-ufgd\\\/\"},\"wordCount\":505,\"commentCount\":0,\"publisher\":{\"@id\":\"https:\\\/\\\/www.grupomedcof.com.br\\\/blog\\\/#organization\"},\"image\":{\"@id\":\"https:\\\/\\\/www.grupomedcof.com.br\\\/blog\\\/residencia-medica-ufgd\\\/#primaryimage\"},\"thumbnailUrl\":\"https:\\\/\\\/www.grupomedcof.com.br\\\/blog\\\/wp-content\\\/uploads\\\/2023\\\/05\\\/saiba-mais-sobre-a-91-1.png\",\"keywords\":[\"Especialidades m\u00e9dicas\",\"Provas de Resid\u00eancia\",\"Resid\u00eancia M\u00e9dica\"],\"articleSection\":[\"Raio-X Editais\"],\"inLanguage\":\"pt-BR\"},{\"@type\":\"WebPage\",\"@id\":\"https:\\\/\\\/www.grupomedcof.com.br\\\/blog\\\/residencia-medica-ufgd\\\/\",\"url\":\"https:\\\/\\\/www.grupomedcof.com.br\\\/blog\\\/residencia-medica-ufgd\\\/\",\"name\":\"Resid\u00eancia M\u00e9dica: UFGD - Blog de Medcof: conte\u00fados, editais, revalida e mais!\",\"isPartOf\":{\"@id\":\"https:\\\/\\\/www.grupomedcof.com.br\\\/blog\\\/#website\"},\"primaryImageOfPage\":{\"@id\":\"https:\\\/\\\/www.grupomedcof.com.br\\\/blog\\\/residencia-medica-ufgd\\\/#primaryimage\"},\"image\":{\"@id\":\"https:\\\/\\\/www.grupomedcof.com.br\\\/blog\\\/residencia-medica-ufgd\\\/#primaryimage\"},\"thumbnailUrl\":\"https:\\\/\\\/www.grupomedcof.com.br\\\/blog\\\/wp-content\\\/uploads\\\/2023\\\/05\\\/saiba-mais-sobre-a-91-1.png\",\"datePublished\":\"2023-05-11T17:43:02+00:00\",\"description\":\"A UFGD divulgou o edital extempor\u00e2neo para o processo seletivo com duas vagas para resid\u00eancia m\u00e9dica em Medicina Intensiva.\",\"breadcrumb\":{\"@id\":\"https:\\\/\\\/www.grupomedcof.com.br\\\/blog\\\/residencia-medica-ufgd\\\/#breadcrumb\"},\"inLanguage\":\"pt-BR\",\"potentialAction\":[{\"@type\":\"ReadAction\",\"target\":[\"https:\\\/\\\/www.grupomedcof.com.br\\\/blog\\\/residencia-medica-ufgd\\\/\"]}]},{\"@type\":\"ImageObject\",\"inLanguage\":\"pt-BR\",\"@id\":\"https:\\\/\\\/www.grupomedcof.com.br\\\/blog\\\/residencia-medica-ufgd\\\/#primaryimage\",\"url\":\"https:\\\/\\\/www.grupomedcof.com.br\\\/blog\\\/wp-content\\\/uploads\\\/2023\\\/05\\\/saiba-mais-sobre-a-91-1.png\",\"contentUrl\":\"https:\\\/\\\/www.grupomedcof.com.br\\\/blog\\\/wp-content\\\/uploads\\\/2023\\\/05\\\/saiba-mais-sobre-a-91-1.png\",\"width\":2560,\"height\":1440,\"caption\":\"ufgd, grandes dourados, ufgd dourados\"},{\"@type\":\"BreadcrumbList\",\"@id\":\"https:\\\/\\\/www.grupomedcof.com.br\\\/blog\\\/residencia-medica-ufgd\\\/#breadcrumb\",\"itemListElement\":[{\"@type\":\"ListItem\",\"position\":1,\"name\":\"In\u00edcio\",\"item\":\"https:\\\/\\\/www.grupomedcof.com.br\\\/blog\\\/\"},{\"@type\":\"ListItem\",\"position\":2,\"name\":\"Resid\u00eancia M\u00e9dica: UFGD\"}]},{\"@type\":\"WebSite\",\"@id\":\"https:\\\/\\\/www.grupomedcof.com.br\\\/blog\\\/#website\",\"url\":\"https:\\\/\\\/www.grupomedcof.com.br\\\/blog\\\/\",\"name\":\"Blog de Medcof: conte\u00fados, editais, revalida e mais!\",\"description\":\"Acesso o blog de MedCof! Seu portal de conte\u00fados sobre resid\u00eancia m\u00e9dica, an\u00e1lise e editais e muito mais. Clique e confira!\",\"publisher\":{\"@id\":\"https:\\\/\\\/www.grupomedcof.com.br\\\/blog\\\/#organization\"},\"alternateName\":\"Blog de Medcof: conte\u00fados, editais, revalida e mais!\",\"potentialAction\":[{\"@type\":\"SearchAction\",\"target\":{\"@type\":\"EntryPoint\",\"urlTemplate\":\"https:\\\/\\\/www.grupomedcof.com.br\\\/blog\\\/?s={search_term_string}\"},\"query-input\":{\"@type\":\"PropertyValueSpecification\",\"valueRequired\":true,\"valueName\":\"search_term_string\"}}],\"inLanguage\":\"pt-BR\"},{\"@type\":\"Organization\",\"@id\":\"https:\\\/\\\/www.grupomedcof.com.br\\\/blog\\\/#organization\",\"name\":\"Grupo MedCof\",\"url\":\"https:\\\/\\\/www.grupomedcof.com.br\\\/blog\\\/\",\"logo\":{\"@type\":\"ImageObject\",\"inLanguage\":\"pt-BR\",\"@id\":\"https:\\\/\\\/www.grupomedcof.com.br\\\/blog\\\/#\\\/schema\\\/logo\\\/image\\\/\",\"url\":\"https:\\\/\\\/www.grupomedcof.com.br\\\/blog\\\/wp-content\\\/uploads\\\/2022\\\/01\\\/logo-medcof.png\",\"contentUrl\":\"https:\\\/\\\/www.grupomedcof.com.br\\\/blog\\\/wp-content\\\/uploads\\\/2022\\\/01\\\/logo-medcof.png\",\"width\":768,\"height\":269,\"caption\":\"Grupo MedCof\"},\"image\":{\"@id\":\"https:\\\/\\\/www.grupomedcof.com.br\\\/blog\\\/#\\\/schema\\\/logo\\\/image\\\/\"},\"sameAs\":[\"https:\\\/\\\/www.facebook.com\\\/MedCofQbank\\\/\",\"https:\\\/\\\/www.instagram.com\\\/grupomedcof\\\/\",\"https:\\\/\\\/br.linkedin.com\\\/company\\\/medcof\",\"https:\\\/\\\/www.youtube.com\\\/channel\\\/UCdHMuOHKICxcHwecxN8P-AA\"]},{\"@type\":\"Person\",\"@id\":\"https:\\\/\\\/www.grupomedcof.com.br\\\/blog\\\/#\\\/schema\\\/person\\\/1375e0ce724529d7a1d8156ea7f8ceaa\",\"name\":\"J\u00falia Moreira\",\"image\":{\"@type\":\"ImageObject\",\"inLanguage\":\"pt-BR\",\"@id\":\"https:\\\/\\\/www.grupomedcof.com.br\\\/blog\\\/wp-content\\\/uploads\\\/2024\\\/12\\\/cropped-Captura-de-tela-2023-12-15-094946-96x96.png6a0083ac34a0445de97d55fae63a4a41\",\"url\":\"https:\\\/\\\/www.grupomedcof.com.br\\\/blog\\\/wp-content\\\/uploads\\\/2024\\\/12\\\/cropped-Captura-de-tela-2023-12-15-094946-96x96.png\",\"contentUrl\":\"https:\\\/\\\/www.grupomedcof.com.br\\\/blog\\\/wp-content\\\/uploads\\\/2024\\\/12\\\/cropped-Captura-de-tela-2023-12-15-094946-96x96.png\",\"caption\":\"J\u00falia Moreira\"},\"description\":\"Estudante do 8\u00ba semestre de Jornalismo na ECA-USP, f\u00e3 de filmes de terror e m\u00fasica popular sul-coreana.\",\"sameAs\":[\"https:\\\/\\\/www.grupomedcof.com.br\\\/\"],\"url\":\"https:\\\/\\\/www.grupomedcof.com.br\\\/blog\\\/author\\\/julia\\\/\"}]}<\/script>\n<!-- \/ Yoast SEO Premium plugin. -->","yoast_head_json":{"title":"Resid\u00eancia M\u00e9dica: UFGD - Blog de Medcof: conte\u00fados, editais, revalida e mais!","description":"A UFGD divulgou o edital extempor\u00e2neo para o processo seletivo com duas vagas para resid\u00eancia m\u00e9dica em Medicina Intensiva.","robots":{"index":"index","follow":"follow","max-snippet":"max-snippet:-1","max-image-preview":"max-image-preview:large","max-video-preview":"max-video-preview:-1"},"canonical":"https:\/\/www.grupomedcof.com.br\/blog\/residencia-medica-ufgd\/","og_locale":"pt_BR","og_type":"article","og_title":"Resid\u00eancia M\u00e9dica: UFGD","og_description":"A UFGD divulgou o edital extempor\u00e2neo para o processo seletivo com duas vagas para resid\u00eancia m\u00e9dica em Medicina Intensiva.","og_url":"https:\/\/www.grupomedcof.com.br\/blog\/residencia-medica-ufgd\/","og_site_name":"Blog de Medcof: conte\u00fados, editais, revalida e mais!","article_publisher":"https:\/\/www.facebook.com\/MedCofQbank\/","article_published_time":"2023-05-11T17:43:02+00:00","og_image":[{"width":1024,"height":576,"url":"https:\/\/www.grupomedcof.com.br\/blog\/wp-content\/uploads\/2023\/05\/saiba-mais-sobre-a-91-1-1024x576.png","type":"image\/png"}],"author":"J\u00falia Moreira","twitter_card":"summary_large_image","twitter_misc":{"Escrito por":"J\u00falia Moreira","Est. tempo de leitura":"7 minutos"},"schema":{"@context":"https:\/\/schema.org","@graph":[{"@type":"Article","@id":"https:\/\/www.grupomedcof.com.br\/blog\/residencia-medica-ufgd\/#article","isPartOf":{"@id":"https:\/\/www.grupomedcof.com.br\/blog\/residencia-medica-ufgd\/"},"author":{"name":"J\u00falia Moreira","@id":"https:\/\/www.grupomedcof.com.br\/blog\/#\/schema\/person\/1375e0ce724529d7a1d8156ea7f8ceaa"},"headline":"Resid\u00eancia M\u00e9dica: UFGD","datePublished":"2023-05-11T17:43:02+00:00","mainEntityOfPage":{"@id":"https:\/\/www.grupomedcof.com.br\/blog\/residencia-medica-ufgd\/"},"wordCount":505,"commentCount":0,"publisher":{"@id":"https:\/\/www.grupomedcof.com.br\/blog\/#organization"},"image":{"@id":"https:\/\/www.grupomedcof.com.br\/blog\/residencia-medica-ufgd\/#primaryimage"},"thumbnailUrl":"https:\/\/www.grupomedcof.com.br\/blog\/wp-content\/uploads\/2023\/05\/saiba-mais-sobre-a-91-1.png","keywords":["Especialidades m\u00e9dicas","Provas de Resid\u00eancia","Resid\u00eancia M\u00e9dica"],"articleSection":["Raio-X Editais"],"inLanguage":"pt-BR"},{"@type":"WebPage","@id":"https:\/\/www.grupomedcof.com.br\/blog\/residencia-medica-ufgd\/","url":"https:\/\/www.grupomedcof.com.br\/blog\/residencia-medica-ufgd\/","name":"Resid\u00eancia M\u00e9dica: UFGD - Blog de Medcof: conte\u00fados, editais, revalida e mais!","isPartOf":{"@id":"https:\/\/www.grupomedcof.com.br\/blog\/#website"},"primaryImageOfPage":{"@id":"https:\/\/www.grupomedcof.com.br\/blog\/residencia-medica-ufgd\/#primaryimage"},"image":{"@id":"https:\/\/www.grupomedcof.com.br\/blog\/residencia-medica-ufgd\/#primaryimage"},"thumbnailUrl":"https:\/\/www.grupomedcof.com.br\/blog\/wp-content\/uploads\/2023\/05\/saiba-mais-sobre-a-91-1.png","datePublished":"2023-05-11T17:43:02+00:00","description":"A UFGD divulgou o edital extempor\u00e2neo para o processo seletivo com duas vagas para resid\u00eancia m\u00e9dica em Medicina Intensiva.","breadcrumb":{"@id":"https:\/\/www.grupomedcof.com.br\/blog\/residencia-medica-ufgd\/#breadcrumb"},"inLanguage":"pt-BR","potentialAction":[{"@type":"ReadAction","target":["https:\/\/www.grupomedcof.com.br\/blog\/residencia-medica-ufgd\/"]}]},{"@type":"ImageObject","inLanguage":"pt-BR","@id":"https:\/\/www.grupomedcof.com.br\/blog\/residencia-medica-ufgd\/#primaryimage","url":"https:\/\/www.grupomedcof.com.br\/blog\/wp-content\/uploads\/2023\/05\/saiba-mais-sobre-a-91-1.png","contentUrl":"https:\/\/www.grupomedcof.com.br\/blog\/wp-content\/uploads\/2023\/05\/saiba-mais-sobre-a-91-1.png","width":2560,"height":1440,"caption":"ufgd, grandes dourados, ufgd dourados"},{"@type":"BreadcrumbList","@id":"https:\/\/www.grupomedcof.com.br\/blog\/residencia-medica-ufgd\/#breadcrumb","itemListElement":[{"@type":"ListItem","position":1,"name":"In\u00edcio","item":"https:\/\/www.grupomedcof.com.br\/blog\/"},{"@type":"ListItem","position":2,"name":"Resid\u00eancia M\u00e9dica: UFGD"}]},{"@type":"WebSite","@id":"https:\/\/www.grupomedcof.com.br\/blog\/#website","url":"https:\/\/www.grupomedcof.com.br\/blog\/","name":"Blog de Medcof: conte\u00fados, editais, revalida e mais!","description":"Acesso o blog de MedCof! Seu portal de conte\u00fados sobre resid\u00eancia m\u00e9dica, an\u00e1lise e editais e muito mais. Clique e confira!","publisher":{"@id":"https:\/\/www.grupomedcof.com.br\/blog\/#organization"},"alternateName":"Blog de Medcof: conte\u00fados, editais, revalida e mais!","potentialAction":[{"@type":"SearchAction","target":{"@type":"EntryPoint","urlTemplate":"https:\/\/www.grupomedcof.com.br\/blog\/?s={search_term_string}"},"query-input":{"@type":"PropertyValueSpecification","valueRequired":true,"valueName":"search_term_string"}}],"inLanguage":"pt-BR"},{"@type":"Organization","@id":"https:\/\/www.grupomedcof.com.br\/blog\/#organization","name":"Grupo MedCof","url":"https:\/\/www.grupomedcof.com.br\/blog\/","logo":{"@type":"ImageObject","inLanguage":"pt-BR","@id":"https:\/\/www.grupomedcof.com.br\/blog\/#\/schema\/logo\/image\/","url":"https:\/\/www.grupomedcof.com.br\/blog\/wp-content\/uploads\/2022\/01\/logo-medcof.png","contentUrl":"https:\/\/www.grupomedcof.com.br\/blog\/wp-content\/uploads\/2022\/01\/logo-medcof.png","width":768,"height":269,"caption":"Grupo MedCof"},"image":{"@id":"https:\/\/www.grupomedcof.com.br\/blog\/#\/schema\/logo\/image\/"},"sameAs":["https:\/\/www.facebook.com\/MedCofQbank\/","https:\/\/www.instagram.com\/grupomedcof\/","https:\/\/br.linkedin.com\/company\/medcof","https:\/\/www.youtube.com\/channel\/UCdHMuOHKICxcHwecxN8P-AA"]},{"@type":"Person","@id":"https:\/\/www.grupomedcof.com.br\/blog\/#\/schema\/person\/1375e0ce724529d7a1d8156ea7f8ceaa","name":"J\u00falia Moreira","image":{"@type":"ImageObject","inLanguage":"pt-BR","@id":"https:\/\/www.grupomedcof.com.br\/blog\/wp-content\/uploads\/2024\/12\/cropped-Captura-de-tela-2023-12-15-094946-96x96.png6a0083ac34a0445de97d55fae63a4a41","url":"https:\/\/www.grupomedcof.com.br\/blog\/wp-content\/uploads\/2024\/12\/cropped-Captura-de-tela-2023-12-15-094946-96x96.png","contentUrl":"https:\/\/www.grupomedcof.com.br\/blog\/wp-content\/uploads\/2024\/12\/cropped-Captura-de-tela-2023-12-15-094946-96x96.png","caption":"J\u00falia Moreira"},"description":"Estudante do 8\u00ba semestre de Jornalismo na ECA-USP, f\u00e3 de filmes de terror e m\u00fasica popular sul-coreana.","sameAs":["https:\/\/www.grupomedcof.com.br\/"],"url":"https:\/\/www.grupomedcof.com.br\/blog\/author\/julia\/"}]}},"authors":[{"term_id":3609,"user_id":6,"is_guest":0,"slug":"julia","display_name":"J\u00falia Moreira","avatar_url":"https:\/\/www.grupomedcof.com.br\/blog\/wp-content\/uploads\/2024\/12\/cropped-Captura-de-tela-2023-12-15-094946-96x96.png","0":null,"1":"","2":"","3":"","4":"","5":"","6":"","7":"","8":""}],"_links":{"self":[{"href":"https:\/\/www.grupomedcof.com.br\/blog\/wp-json\/wp\/v2\/posts\/6779","targetHints":{"allow":["GET"]}}],"collection":[{"href":"https:\/\/www.grupomedcof.com.br\/blog\/wp-json\/wp\/v2\/posts"}],"about":[{"href":"https:\/\/www.grupomedcof.com.br\/blog\/wp-json\/wp\/v2\/types\/post"}],"author":[{"embeddable":true,"href":"https:\/\/www.grupomedcof.com.br\/blog\/wp-json\/wp\/v2\/users\/6"}],"replies":[{"embeddable":true,"href":"https:\/\/www.grupomedcof.com.br\/blog\/wp-json\/wp\/v2\/comments?post=6779"}],"version-history":[{"count":0,"href":"https:\/\/www.grupomedcof.com.br\/blog\/wp-json\/wp\/v2\/posts\/6779\/revisions"}],"wp:featuredmedia":[{"embeddable":true,"href":"https:\/\/www.grupomedcof.com.br\/blog\/wp-json\/wp\/v2\/media\/6784"}],"wp:attachment":[{"href":"https:\/\/www.grupomedcof.com.br\/blog\/wp-json\/wp\/v2\/media?parent=6779"}],"wp:term":[{"taxonomy":"category","embeddable":true,"href":"https:\/\/www.grupomedcof.com.br\/blog\/wp-json\/wp\/v2\/categories?post=6779"},{"taxonomy":"post_tag","embeddable":true,"href":"https:\/\/www.grupomedcof.com.br\/blog\/wp-json\/wp\/v2\/tags?post=6779"},{"taxonomy":"author","embeddable":true,"href":"https:\/\/www.grupomedcof.com.br\/blog\/wp-json\/wp\/v2\/ppma_author?post=6779"}],"curies":[{"name":"wp","href":"https:\/\/api.w.org\/{rel}","templated":true}]}}