{"id":6840,"date":"2023-05-12T16:12:40","date_gmt":"2023-05-12T19:12:40","guid":{"rendered":"https:\/\/www.grupomedcof.com.br\/blog\/?p=6840"},"modified":"2023-05-12T16:12:40","modified_gmt":"2023-05-12T19:12:40","slug":"residencia-medica-norospar","status":"publish","type":"post","link":"https:\/\/www.grupomedcof.com.br\/blog\/residencia-medica-norospar\/","title":{"rendered":"Resid\u00eancia M\u00e9dica: NOROSPAR"},"content":{"rendered":"<div id=\"ez-toc-container\" class=\"ez-toc-v2_0_74 counter-hierarchy ez-toc-counter ez-toc-transparent ez-toc-container-direction\">\n<div class=\"ez-toc-title-container\">\n<p class=\"ez-toc-title\" style=\"cursor:inherit\">Sum\u00e1rio<\/p>\n<span class=\"ez-toc-title-toggle\"><a href=\"#\" class=\"ez-toc-pull-right ez-toc-btn ez-toc-btn-xs ez-toc-btn-default ez-toc-toggle\" aria-label=\"Alternar tabela de conte\u00fado\"><span class=\"ez-toc-js-icon-con\"><span class=\"\"><span class=\"eztoc-hide\" style=\"display:none;\">Toggle<\/span><span class=\"ez-toc-icon-toggle-span\"><svg style=\"fill: #999;color:#999\" xmlns=\"http:\/\/www.w3.org\/2000\/svg\" class=\"list-377408\" width=\"20px\" height=\"20px\" viewBox=\"0 0 24 24\" fill=\"none\"><path d=\"M6 6H4v2h2V6zm14 0H8v2h12V6zM4 11h2v2H4v-2zm16 0H8v2h12v-2zM4 16h2v2H4v-2zm16 0H8v2h12v-2z\" fill=\"currentColor\"><\/path><\/svg><svg style=\"fill: #999;color:#999\" class=\"arrow-unsorted-368013\" xmlns=\"http:\/\/www.w3.org\/2000\/svg\" width=\"10px\" height=\"10px\" viewBox=\"0 0 24 24\" version=\"1.2\" baseProfile=\"tiny\"><path d=\"M18.2 9.3l-6.2-6.3-6.2 6.3c-.2.2-.3.4-.3.7s.1.5.3.7c.2.2.4.3.7.3h11c.3 0 .5-.1.7-.3.2-.2.3-.5.3-.7s-.1-.5-.3-.7zM5.8 14.7l6.2 6.3 6.2-6.3c.2-.2.3-.5.3-.7s-.1-.5-.3-.7c-.2-.2-.4-.3-.7-.3h-11c-.3 0-.5.1-.7.3-.2.2-.3.5-.3.7s.1.5.3.7z\"\/><\/svg><\/span><\/span><\/span><\/a><\/span><\/div>\n<nav><ul class='ez-toc-list ez-toc-list-level-1 ' ><li class='ez-toc-page-1 ez-toc-heading-level-2'><a class=\"ez-toc-link ez-toc-heading-1\" href=\"https:\/\/www.grupomedcof.com.br\/blog\/residencia-medica-norospar\/#Confira_a_seguir\" >Confira a seguir<\/a><\/li><li class='ez-toc-page-1 ez-toc-heading-level-2'><a class=\"ez-toc-link ez-toc-heading-2\" href=\"https:\/\/www.grupomedcof.com.br\/blog\/residencia-medica-norospar\/#Residencia_Medica_NOROSPAR\" >Resid\u00eancia M\u00e9dica: NOROSPAR<\/a><\/li><li class='ez-toc-page-1 ez-toc-heading-level-2'><a class=\"ez-toc-link ez-toc-heading-3\" href=\"https:\/\/www.grupomedcof.com.br\/blog\/residencia-medica-norospar\/#Cronograma_NOROSPAR\" >Cronograma NOROSPAR<\/a><\/li><li class='ez-toc-page-1 ez-toc-heading-level-2'><a class=\"ez-toc-link ez-toc-heading-4\" href=\"https:\/\/www.grupomedcof.com.br\/blog\/residencia-medica-norospar\/#Pro-Residencia\" >Pr\u00f3-Resid\u00eancia<\/a><\/li><\/ul><\/nav><\/div>\n<p><img loading=\"lazy\" decoding=\"async\" width=\"800\" height=\"450\" src=\"https:\/\/www.grupomedcof.com.br\/blog\/wp-content\/uploads\/2023\/05\/saiba-mais-sobre-a-96-1024x576.png\" alt=\"residencia medica norospar, resid\u00eancia m\u00e9dica norospar\" srcset=\"https:\/\/www.grupomedcof.com.br\/blog\/wp-content\/uploads\/2023\/05\/saiba-mais-sobre-a-96-1024x576.png 1024w, https:\/\/www.grupomedcof.com.br\/blog\/wp-content\/uploads\/2023\/05\/saiba-mais-sobre-a-96-300x169.png 300w, https:\/\/www.grupomedcof.com.br\/blog\/wp-content\/uploads\/2023\/05\/saiba-mais-sobre-a-96-768x432.png 768w, https:\/\/www.grupomedcof.com.br\/blog\/wp-content\/uploads\/2023\/05\/saiba-mais-sobre-a-96-1536x864.png 1536w, https:\/\/www.grupomedcof.com.br\/blog\/wp-content\/uploads\/2023\/05\/saiba-mais-sobre-a-96-2048x1152.png 2048w\" sizes=\"auto, (max-width: 800px) 100vw, 800px\" \/>\t\t\t\t\t\t\t\t\t\t\t\t\t\t\t<\/p>\n<p>A Associa\u00e7\u00e3o Beneficente de Sa\u00fade do Noroeste do Paran\u00e1 (NOROSPAR)&nbsp; divulgou o&nbsp;<a href=\"https:\/\/www.norospar.com.br\/residencia\" target=\"_blank\" rel=\"noopener\" style=\"background-color: rgb(255, 255, 255);\">edital extempor\u00e2neo&nbsp;<\/a>com vagas para resid\u00eancia m\u00e9dica em Pediatria.<\/p>\n<h2><span class=\"ez-toc-section\" id=\"Confira_a_seguir\"><\/span>\n\t\t\t\tConfira a seguir\t\t\t<span class=\"ez-toc-section-end\"><\/span><\/h2>\n<h2 style=\"font-family: Poppins, sans-serif; color: #7a7a7a;\"><span class=\"ez-toc-section\" id=\"Residencia_Medica_NOROSPAR\"><\/span>Resid\u00eancia M\u00e9dica: NOROSPAR<span class=\"ez-toc-section-end\"><\/span><\/h2>\n<p>Ap\u00f3s a ades\u00e3o ao Programa Nacional de Apoio \u00e0 Forma\u00e7\u00e3o de M\u00e9dicos Especialistas em \u00c1reas Estrat\u00e9gias (<a href=\"https:\/\/www.grupomedcof.com.br\/blog\/pro-residencia-vagas-para-o-2o-semestre\/\">Pr\u00f3-Resid\u00eancia<\/a>), a NOROSPAR abre o processo seletivo com <strong>duas vagas em Pediatria.<\/strong><\/p>\n<p>\u00a0<\/p>\n<p>O Processo seletivo contar\u00e1 com <strong>uma prova te\u00f3rica valendo 90 pontos<\/strong> e uma <strong>an\u00e1lise curricular e entrevista com o m\u00e1ximo de 10 pontos<\/strong>. Dessa forma, os interessados dever\u00e3o realizar o pagamento da taxa de <strong>R$ 400,00 e realizar a inscri\u00e7\u00e3o presencialmente na Secretaria da COREME<\/strong><br \/>na Associa\u00e7\u00e3o Beneficente de Sa\u00fade do Noroeste do Paran\u00e1, localizada na em Umuarama, Paran\u00e1, das 8h \u00e0s 17 horas ou via SEDEX at\u00e9 10\/05\/2023.<\/p>\n<h2><span class=\"ez-toc-section\" id=\"Cronograma_NOROSPAR\"><\/span>Cronograma NOROSPAR<span class=\"ez-toc-section-end\"><\/span><\/h2>\n<p>Portanto, confira o cronograma com as principais datas contidas no edital:<\/p>\n<ul style=\"font-size: 16px; background-color: #ffffff;\">\n<li style=\"font-size: 16px;\">Inscri\u00e7\u00f5es:\u00a008 a 12\/05\/2023<\/li>\n<li style=\"font-size: 16px;\">Prova te\u00f3rica, an\u00e1lise curricular e entrevista:\u00a030\/05\/2023<\/li>\n<li style=\"font-size: 16px;\">Gabarito Oficial:\u00a001\/06\/2023<\/li>\n<li style=\"font-size: 16px;\">Recursos:\u00a001 a 05\/05\/2023<\/li>\n<li style=\"font-size: 16px;\">Resultado Final:\u00a014\/06\/2023<\/li>\n<li style=\"font-size: 16px;\">Matr\u00edcula:\u00a016 a 23\/06\/2023<\/li>\n<li style=\"font-size: 16px;\">In\u00edcio do programa:\u00a001\/07\/2023<\/li>\n<\/ul>\n<p>\u00a0<\/p>\n<p>Quer saber mais sobre a resid\u00eancia m\u00e9dica de pediatria? Ent\u00e3o confira o 5\u00ba epis\u00f3dio do<a href=\"https:\/\/www.youtube.com\/@GrupoMedcof\" target=\"_blank\" rel=\"noopener\"> Papo de Residente<\/a> em que Dra. Amira Saleh falou sobre a sua experi\u00eancia.<\/p>\n<p>https:\/\/youtu.be\/ezM4c41kprw<\/p>\n<h2><span class=\"ez-toc-section\" id=\"Pro-Residencia\"><\/span><strong>Pr\u00f3-Resid\u00eancia<\/strong><span class=\"ez-toc-section-end\"><\/span><\/h2>\n<p>O Pr\u00f3-Resid\u00eancia autorizou o preenchimento de\u00a0753 vagas para o 2\u00ba Semestre de 2023.\u00a0Desse modo, as institui\u00e7\u00f5es devidamente credenciadas que realizar\u00e3o processos seletivos extempor\u00e2neos com base na nova Resolu\u00e7\u00e3o da CNRM (Comiss\u00e3o Nacional de Resid\u00eancia M\u00e9dica) j\u00e1 receber\u00e3o os novos residentes este ano.<\/p>\n<p>\u00a0<\/p>\n<p>De acordo com o documento publicado, as condi\u00e7\u00f5es e as fases do processo seletivo de cada institui\u00e7\u00e3o participante do programa Pr\u00f3-Resid\u00eancia estar\u00e3o dispon\u00edveis nos editais de cada COREME.\u00a0<a href=\"https:\/\/www.grupomedcof.com.br\/blog\/pro-residencia-instituicoes-contempladas\/\" target=\"_blank\" rel=\"noopener\">Confira quais intui\u00e7\u00f5es participam e suas respectivas vagas!<\/a><\/p>\n<p><b style=\"color: inherit; font-family: inherit; font-size: 2rem;\">Conquiste a aprova\u00e7\u00e3o!<\/b><\/p>\n<p>A&nbsp;<a href=\"https:\/\/www.grupomedcof.com.br\/\" target=\"_blank\" rel=\"noopener\">Medcof<\/a>&nbsp;tem um cat\u00e1logo repleto de cursos que te guiar\u00e3o na jornada \u00e0 Resid\u00eancia M\u00e9dica dos sonhos! Ent\u00e3o, confira os nossos cursos&nbsp; e seja<a href=\"https:\/\/www.grupomedcof.com.br\/blog\/presenca-da-medcof-nas-aprovacoes-em-residencia-medica-no-brasil\/\">&nbsp;mais um aprovado<\/a>&nbsp;nas melhores institui\u00e7\u00f5es do pa\u00eds!<br \/>\n\t\t\t\t\t\t\t\t\t\t\t\t\t\t\t<img loading=\"lazy\" decoding=\"async\" width=\"800\" height=\"397\" src=\"https:\/\/www.grupomedcof.com.br\/blog\/wp-content\/uploads\/2023\/03\/aprovados-1024x508.png\" alt=\"Aprovados medcof\" srcset=\"https:\/\/www.grupomedcof.com.br\/blog\/wp-content\/uploads\/2023\/03\/aprovados-1024x508.png 1024w, https:\/\/www.grupomedcof.com.br\/blog\/wp-content\/uploads\/2023\/03\/aprovados-300x149.png 300w, https:\/\/www.grupomedcof.com.br\/blog\/wp-content\/uploads\/2023\/03\/aprovados-768x381.png 768w, https:\/\/www.grupomedcof.com.br\/blog\/wp-content\/uploads\/2023\/03\/aprovados.png 1436w\" sizes=\"auto, (max-width: 800px) 100vw, 800px\" \/><\/p>\n","protected":false},"excerpt":{"rendered":"<p>A Associa\u00e7\u00e3o Beneficente de Sa\u00fade do Noroeste do Paran\u00e1 (NOROSPAR)&nbsp; divulgou o&nbsp;edital extempor\u00e2neo&nbsp;com vagas para resid\u00eancia m\u00e9dica em Pediatria. Confira a seguir Resid\u00eancia M\u00e9dica: NOROSPAR Ap\u00f3s a ades\u00e3o ao Programa Nacional de Apoio \u00e0 Forma\u00e7\u00e3o de M\u00e9dicos Especialistas em \u00c1reas Estrat\u00e9gias (Pr\u00f3-Resid\u00eancia), a NOROSPAR abre o processo seletivo com duas vagas em Pediatria. \u00a0 O [&hellip;]<\/p>\n","protected":false},"author":6,"featured_media":6848,"comment_status":"open","ping_status":"open","sticky":false,"template":"","format":"standard","meta":{"footnotes":""},"categories":[10],"tags":[117,108,68],"ppma_author":[3609],"class_list":{"0":"post-6840","1":"post","2":"type-post","3":"status-publish","4":"format-standard","5":"has-post-thumbnail","7":"category-raio-x-editais","8":"tag-provas-de-residencia","9":"tag-residencia-em-pediatria","10":"tag-residencia-medica"},"yoast_head":"<!-- This site is optimized with the Yoast SEO Premium plugin v24.3 (Yoast SEO v27.4) - https:\/\/yoast.com\/product\/yoast-seo-premium-wordpress\/ -->\n<title>Resid\u00eancia M\u00e9dica: NOROSPAR - Blog de Medcof: conte\u00fados, editais, revalida e mais!<\/title>\n<meta name=\"description\" content=\"A Associa\u00e7\u00e3o Beneficente de Sa\u00fade do Noroeste do Paran\u00e1 (NOROSPAR)\u00a0 divulgou o edital com vagas para resid\u00eancia m\u00e9dica em Pediatria.\" \/>\n<meta name=\"robots\" content=\"index, follow, max-snippet:-1, max-image-preview:large, max-video-preview:-1\" \/>\n<link rel=\"canonical\" href=\"https:\/\/www.grupomedcof.com.br\/blog\/residencia-medica-norospar\/\" \/>\n<meta property=\"og:locale\" content=\"pt_BR\" \/>\n<meta property=\"og:type\" content=\"article\" \/>\n<meta property=\"og:title\" content=\"Resid\u00eancia M\u00e9dica: NOROSPAR\" \/>\n<meta property=\"og:description\" content=\"A Associa\u00e7\u00e3o Beneficente de Sa\u00fade do Noroeste do Paran\u00e1 (NOROSPAR)\u00a0 divulgou o edital com vagas para resid\u00eancia m\u00e9dica em Pediatria.\" \/>\n<meta property=\"og:url\" content=\"https:\/\/www.grupomedcof.com.br\/blog\/residencia-medica-norospar\/\" \/>\n<meta property=\"og:site_name\" content=\"Blog de Medcof: conte\u00fados, editais, revalida e mais!\" \/>\n<meta property=\"article:publisher\" content=\"https:\/\/www.facebook.com\/MedCofQbank\/\" \/>\n<meta property=\"article:published_time\" content=\"2023-05-12T19:12:40+00:00\" \/>\n<meta property=\"og:image\" content=\"https:\/\/www.grupomedcof.com.br\/blog\/wp-content\/uploads\/2023\/05\/saiba-mais-sobre-a-96-1024x576.png\" \/>\n\t<meta property=\"og:image:width\" content=\"1024\" \/>\n\t<meta property=\"og:image:height\" content=\"576\" \/>\n\t<meta property=\"og:image:type\" content=\"image\/png\" \/>\n<meta name=\"author\" content=\"J\u00falia Moreira\" \/>\n<meta name=\"twitter:card\" content=\"summary_large_image\" \/>\n<meta name=\"twitter:label1\" content=\"Escrito por\" \/>\n\t<meta name=\"twitter:data1\" content=\"J\u00falia Moreira\" \/>\n\t<meta name=\"twitter:label2\" content=\"Est. tempo de leitura\" \/>\n\t<meta name=\"twitter:data2\" content=\"5 minutos\" \/>\n<script type=\"application\/ld+json\" class=\"yoast-schema-graph\">{\"@context\":\"https:\\\/\\\/schema.org\",\"@graph\":[{\"@type\":\"Article\",\"@id\":\"https:\\\/\\\/www.grupomedcof.com.br\\\/blog\\\/residencia-medica-norospar\\\/#article\",\"isPartOf\":{\"@id\":\"https:\\\/\\\/www.grupomedcof.com.br\\\/blog\\\/residencia-medica-norospar\\\/\"},\"author\":{\"name\":\"J\u00falia Moreira\",\"@id\":\"https:\\\/\\\/www.grupomedcof.com.br\\\/blog\\\/#\\\/schema\\\/person\\\/1375e0ce724529d7a1d8156ea7f8ceaa\"},\"headline\":\"Resid\u00eancia M\u00e9dica: NOROSPAR\",\"datePublished\":\"2023-05-12T19:12:40+00:00\",\"mainEntityOfPage\":{\"@id\":\"https:\\\/\\\/www.grupomedcof.com.br\\\/blog\\\/residencia-medica-norospar\\\/\"},\"wordCount\":367,\"commentCount\":0,\"publisher\":{\"@id\":\"https:\\\/\\\/www.grupomedcof.com.br\\\/blog\\\/#organization\"},\"image\":{\"@id\":\"https:\\\/\\\/www.grupomedcof.com.br\\\/blog\\\/residencia-medica-norospar\\\/#primaryimage\"},\"thumbnailUrl\":\"https:\\\/\\\/www.grupomedcof.com.br\\\/blog\\\/wp-content\\\/uploads\\\/2023\\\/05\\\/saiba-mais-sobre-a-96.png\",\"keywords\":[\"Provas de Resid\u00eancia\",\"Resid\u00eancia em Pediatria\",\"Resid\u00eancia M\u00e9dica\"],\"articleSection\":[\"Raio-X Editais\"],\"inLanguage\":\"pt-BR\"},{\"@type\":\"WebPage\",\"@id\":\"https:\\\/\\\/www.grupomedcof.com.br\\\/blog\\\/residencia-medica-norospar\\\/\",\"url\":\"https:\\\/\\\/www.grupomedcof.com.br\\\/blog\\\/residencia-medica-norospar\\\/\",\"name\":\"Resid\u00eancia M\u00e9dica: NOROSPAR - Blog de Medcof: conte\u00fados, editais, revalida e mais!\",\"isPartOf\":{\"@id\":\"https:\\\/\\\/www.grupomedcof.com.br\\\/blog\\\/#website\"},\"primaryImageOfPage\":{\"@id\":\"https:\\\/\\\/www.grupomedcof.com.br\\\/blog\\\/residencia-medica-norospar\\\/#primaryimage\"},\"image\":{\"@id\":\"https:\\\/\\\/www.grupomedcof.com.br\\\/blog\\\/residencia-medica-norospar\\\/#primaryimage\"},\"thumbnailUrl\":\"https:\\\/\\\/www.grupomedcof.com.br\\\/blog\\\/wp-content\\\/uploads\\\/2023\\\/05\\\/saiba-mais-sobre-a-96.png\",\"datePublished\":\"2023-05-12T19:12:40+00:00\",\"description\":\"A Associa\u00e7\u00e3o Beneficente de Sa\u00fade do Noroeste do Paran\u00e1 (NOROSPAR)\u00a0 divulgou o edital com vagas para resid\u00eancia m\u00e9dica em Pediatria.\",\"breadcrumb\":{\"@id\":\"https:\\\/\\\/www.grupomedcof.com.br\\\/blog\\\/residencia-medica-norospar\\\/#breadcrumb\"},\"inLanguage\":\"pt-BR\",\"potentialAction\":[{\"@type\":\"ReadAction\",\"target\":[\"https:\\\/\\\/www.grupomedcof.com.br\\\/blog\\\/residencia-medica-norospar\\\/\"]}]},{\"@type\":\"ImageObject\",\"inLanguage\":\"pt-BR\",\"@id\":\"https:\\\/\\\/www.grupomedcof.com.br\\\/blog\\\/residencia-medica-norospar\\\/#primaryimage\",\"url\":\"https:\\\/\\\/www.grupomedcof.com.br\\\/blog\\\/wp-content\\\/uploads\\\/2023\\\/05\\\/saiba-mais-sobre-a-96.png\",\"contentUrl\":\"https:\\\/\\\/www.grupomedcof.com.br\\\/blog\\\/wp-content\\\/uploads\\\/2023\\\/05\\\/saiba-mais-sobre-a-96.png\",\"width\":2560,\"height\":1440,\"caption\":\"A Associa\u00e7\u00e3o Beneficente de Sa\u00fade do Noroeste do Paran\u00e1 (NOROSPAR)\u00a0 divulgou o edital com vagas para resid\u00eancia m\u00e9dica em Pediatria.\"},{\"@type\":\"BreadcrumbList\",\"@id\":\"https:\\\/\\\/www.grupomedcof.com.br\\\/blog\\\/residencia-medica-norospar\\\/#breadcrumb\",\"itemListElement\":[{\"@type\":\"ListItem\",\"position\":1,\"name\":\"In\u00edcio\",\"item\":\"https:\\\/\\\/www.grupomedcof.com.br\\\/blog\\\/\"},{\"@type\":\"ListItem\",\"position\":2,\"name\":\"Resid\u00eancia M\u00e9dica: NOROSPAR\"}]},{\"@type\":\"WebSite\",\"@id\":\"https:\\\/\\\/www.grupomedcof.com.br\\\/blog\\\/#website\",\"url\":\"https:\\\/\\\/www.grupomedcof.com.br\\\/blog\\\/\",\"name\":\"Blog de Medcof: conte\u00fados, editais, revalida e mais!\",\"description\":\"Acesso o blog de MedCof! Seu portal de conte\u00fados sobre resid\u00eancia m\u00e9dica, an\u00e1lise e editais e muito mais. Clique e confira!\",\"publisher\":{\"@id\":\"https:\\\/\\\/www.grupomedcof.com.br\\\/blog\\\/#organization\"},\"alternateName\":\"Blog de Medcof: conte\u00fados, editais, revalida e mais!\",\"potentialAction\":[{\"@type\":\"SearchAction\",\"target\":{\"@type\":\"EntryPoint\",\"urlTemplate\":\"https:\\\/\\\/www.grupomedcof.com.br\\\/blog\\\/?s={search_term_string}\"},\"query-input\":{\"@type\":\"PropertyValueSpecification\",\"valueRequired\":true,\"valueName\":\"search_term_string\"}}],\"inLanguage\":\"pt-BR\"},{\"@type\":\"Organization\",\"@id\":\"https:\\\/\\\/www.grupomedcof.com.br\\\/blog\\\/#organization\",\"name\":\"Grupo MedCof\",\"url\":\"https:\\\/\\\/www.grupomedcof.com.br\\\/blog\\\/\",\"logo\":{\"@type\":\"ImageObject\",\"inLanguage\":\"pt-BR\",\"@id\":\"https:\\\/\\\/www.grupomedcof.com.br\\\/blog\\\/#\\\/schema\\\/logo\\\/image\\\/\",\"url\":\"https:\\\/\\\/www.grupomedcof.com.br\\\/blog\\\/wp-content\\\/uploads\\\/2022\\\/01\\\/logo-medcof.png\",\"contentUrl\":\"https:\\\/\\\/www.grupomedcof.com.br\\\/blog\\\/wp-content\\\/uploads\\\/2022\\\/01\\\/logo-medcof.png\",\"width\":768,\"height\":269,\"caption\":\"Grupo MedCof\"},\"image\":{\"@id\":\"https:\\\/\\\/www.grupomedcof.com.br\\\/blog\\\/#\\\/schema\\\/logo\\\/image\\\/\"},\"sameAs\":[\"https:\\\/\\\/www.facebook.com\\\/MedCofQbank\\\/\",\"https:\\\/\\\/www.instagram.com\\\/grupomedcof\\\/\",\"https:\\\/\\\/br.linkedin.com\\\/company\\\/medcof\",\"https:\\\/\\\/www.youtube.com\\\/channel\\\/UCdHMuOHKICxcHwecxN8P-AA\"]},{\"@type\":\"Person\",\"@id\":\"https:\\\/\\\/www.grupomedcof.com.br\\\/blog\\\/#\\\/schema\\\/person\\\/1375e0ce724529d7a1d8156ea7f8ceaa\",\"name\":\"J\u00falia Moreira\",\"image\":{\"@type\":\"ImageObject\",\"inLanguage\":\"pt-BR\",\"@id\":\"https:\\\/\\\/www.grupomedcof.com.br\\\/blog\\\/wp-content\\\/uploads\\\/2024\\\/12\\\/cropped-Captura-de-tela-2023-12-15-094946-96x96.png6a0083ac34a0445de97d55fae63a4a41\",\"url\":\"https:\\\/\\\/www.grupomedcof.com.br\\\/blog\\\/wp-content\\\/uploads\\\/2024\\\/12\\\/cropped-Captura-de-tela-2023-12-15-094946-96x96.png\",\"contentUrl\":\"https:\\\/\\\/www.grupomedcof.com.br\\\/blog\\\/wp-content\\\/uploads\\\/2024\\\/12\\\/cropped-Captura-de-tela-2023-12-15-094946-96x96.png\",\"caption\":\"J\u00falia Moreira\"},\"description\":\"Estudante do 8\u00ba semestre de Jornalismo na ECA-USP, f\u00e3 de filmes de terror e m\u00fasica popular sul-coreana.\",\"sameAs\":[\"https:\\\/\\\/www.grupomedcof.com.br\\\/\"],\"url\":\"https:\\\/\\\/www.grupomedcof.com.br\\\/blog\\\/author\\\/julia\\\/\"}]}<\/script>\n<!-- \/ Yoast SEO Premium plugin. -->","yoast_head_json":{"title":"Resid\u00eancia M\u00e9dica: NOROSPAR - Blog de Medcof: conte\u00fados, editais, revalida e mais!","description":"A Associa\u00e7\u00e3o Beneficente de Sa\u00fade do Noroeste do Paran\u00e1 (NOROSPAR)\u00a0 divulgou o edital com vagas para resid\u00eancia m\u00e9dica em Pediatria.","robots":{"index":"index","follow":"follow","max-snippet":"max-snippet:-1","max-image-preview":"max-image-preview:large","max-video-preview":"max-video-preview:-1"},"canonical":"https:\/\/www.grupomedcof.com.br\/blog\/residencia-medica-norospar\/","og_locale":"pt_BR","og_type":"article","og_title":"Resid\u00eancia M\u00e9dica: NOROSPAR","og_description":"A Associa\u00e7\u00e3o Beneficente de Sa\u00fade do Noroeste do Paran\u00e1 (NOROSPAR)\u00a0 divulgou o edital com vagas para resid\u00eancia m\u00e9dica em Pediatria.","og_url":"https:\/\/www.grupomedcof.com.br\/blog\/residencia-medica-norospar\/","og_site_name":"Blog de Medcof: conte\u00fados, editais, revalida e mais!","article_publisher":"https:\/\/www.facebook.com\/MedCofQbank\/","article_published_time":"2023-05-12T19:12:40+00:00","og_image":[{"width":1024,"height":576,"url":"https:\/\/www.grupomedcof.com.br\/blog\/wp-content\/uploads\/2023\/05\/saiba-mais-sobre-a-96-1024x576.png","type":"image\/png"}],"author":"J\u00falia Moreira","twitter_card":"summary_large_image","twitter_misc":{"Escrito por":"J\u00falia Moreira","Est. tempo de leitura":"5 minutos"},"schema":{"@context":"https:\/\/schema.org","@graph":[{"@type":"Article","@id":"https:\/\/www.grupomedcof.com.br\/blog\/residencia-medica-norospar\/#article","isPartOf":{"@id":"https:\/\/www.grupomedcof.com.br\/blog\/residencia-medica-norospar\/"},"author":{"name":"J\u00falia Moreira","@id":"https:\/\/www.grupomedcof.com.br\/blog\/#\/schema\/person\/1375e0ce724529d7a1d8156ea7f8ceaa"},"headline":"Resid\u00eancia M\u00e9dica: NOROSPAR","datePublished":"2023-05-12T19:12:40+00:00","mainEntityOfPage":{"@id":"https:\/\/www.grupomedcof.com.br\/blog\/residencia-medica-norospar\/"},"wordCount":367,"commentCount":0,"publisher":{"@id":"https:\/\/www.grupomedcof.com.br\/blog\/#organization"},"image":{"@id":"https:\/\/www.grupomedcof.com.br\/blog\/residencia-medica-norospar\/#primaryimage"},"thumbnailUrl":"https:\/\/www.grupomedcof.com.br\/blog\/wp-content\/uploads\/2023\/05\/saiba-mais-sobre-a-96.png","keywords":["Provas de Resid\u00eancia","Resid\u00eancia em Pediatria","Resid\u00eancia M\u00e9dica"],"articleSection":["Raio-X Editais"],"inLanguage":"pt-BR"},{"@type":"WebPage","@id":"https:\/\/www.grupomedcof.com.br\/blog\/residencia-medica-norospar\/","url":"https:\/\/www.grupomedcof.com.br\/blog\/residencia-medica-norospar\/","name":"Resid\u00eancia M\u00e9dica: NOROSPAR - Blog de Medcof: conte\u00fados, editais, revalida e mais!","isPartOf":{"@id":"https:\/\/www.grupomedcof.com.br\/blog\/#website"},"primaryImageOfPage":{"@id":"https:\/\/www.grupomedcof.com.br\/blog\/residencia-medica-norospar\/#primaryimage"},"image":{"@id":"https:\/\/www.grupomedcof.com.br\/blog\/residencia-medica-norospar\/#primaryimage"},"thumbnailUrl":"https:\/\/www.grupomedcof.com.br\/blog\/wp-content\/uploads\/2023\/05\/saiba-mais-sobre-a-96.png","datePublished":"2023-05-12T19:12:40+00:00","description":"A Associa\u00e7\u00e3o Beneficente de Sa\u00fade do Noroeste do Paran\u00e1 (NOROSPAR)\u00a0 divulgou o edital com vagas para resid\u00eancia m\u00e9dica em Pediatria.","breadcrumb":{"@id":"https:\/\/www.grupomedcof.com.br\/blog\/residencia-medica-norospar\/#breadcrumb"},"inLanguage":"pt-BR","potentialAction":[{"@type":"ReadAction","target":["https:\/\/www.grupomedcof.com.br\/blog\/residencia-medica-norospar\/"]}]},{"@type":"ImageObject","inLanguage":"pt-BR","@id":"https:\/\/www.grupomedcof.com.br\/blog\/residencia-medica-norospar\/#primaryimage","url":"https:\/\/www.grupomedcof.com.br\/blog\/wp-content\/uploads\/2023\/05\/saiba-mais-sobre-a-96.png","contentUrl":"https:\/\/www.grupomedcof.com.br\/blog\/wp-content\/uploads\/2023\/05\/saiba-mais-sobre-a-96.png","width":2560,"height":1440,"caption":"A Associa\u00e7\u00e3o Beneficente de Sa\u00fade do Noroeste do Paran\u00e1 (NOROSPAR)\u00a0 divulgou o edital com vagas para resid\u00eancia m\u00e9dica em Pediatria."},{"@type":"BreadcrumbList","@id":"https:\/\/www.grupomedcof.com.br\/blog\/residencia-medica-norospar\/#breadcrumb","itemListElement":[{"@type":"ListItem","position":1,"name":"In\u00edcio","item":"https:\/\/www.grupomedcof.com.br\/blog\/"},{"@type":"ListItem","position":2,"name":"Resid\u00eancia M\u00e9dica: NOROSPAR"}]},{"@type":"WebSite","@id":"https:\/\/www.grupomedcof.com.br\/blog\/#website","url":"https:\/\/www.grupomedcof.com.br\/blog\/","name":"Blog de Medcof: conte\u00fados, editais, revalida e mais!","description":"Acesso o blog de MedCof! Seu portal de conte\u00fados sobre resid\u00eancia m\u00e9dica, an\u00e1lise e editais e muito mais. Clique e confira!","publisher":{"@id":"https:\/\/www.grupomedcof.com.br\/blog\/#organization"},"alternateName":"Blog de Medcof: conte\u00fados, editais, revalida e mais!","potentialAction":[{"@type":"SearchAction","target":{"@type":"EntryPoint","urlTemplate":"https:\/\/www.grupomedcof.com.br\/blog\/?s={search_term_string}"},"query-input":{"@type":"PropertyValueSpecification","valueRequired":true,"valueName":"search_term_string"}}],"inLanguage":"pt-BR"},{"@type":"Organization","@id":"https:\/\/www.grupomedcof.com.br\/blog\/#organization","name":"Grupo MedCof","url":"https:\/\/www.grupomedcof.com.br\/blog\/","logo":{"@type":"ImageObject","inLanguage":"pt-BR","@id":"https:\/\/www.grupomedcof.com.br\/blog\/#\/schema\/logo\/image\/","url":"https:\/\/www.grupomedcof.com.br\/blog\/wp-content\/uploads\/2022\/01\/logo-medcof.png","contentUrl":"https:\/\/www.grupomedcof.com.br\/blog\/wp-content\/uploads\/2022\/01\/logo-medcof.png","width":768,"height":269,"caption":"Grupo MedCof"},"image":{"@id":"https:\/\/www.grupomedcof.com.br\/blog\/#\/schema\/logo\/image\/"},"sameAs":["https:\/\/www.facebook.com\/MedCofQbank\/","https:\/\/www.instagram.com\/grupomedcof\/","https:\/\/br.linkedin.com\/company\/medcof","https:\/\/www.youtube.com\/channel\/UCdHMuOHKICxcHwecxN8P-AA"]},{"@type":"Person","@id":"https:\/\/www.grupomedcof.com.br\/blog\/#\/schema\/person\/1375e0ce724529d7a1d8156ea7f8ceaa","name":"J\u00falia Moreira","image":{"@type":"ImageObject","inLanguage":"pt-BR","@id":"https:\/\/www.grupomedcof.com.br\/blog\/wp-content\/uploads\/2024\/12\/cropped-Captura-de-tela-2023-12-15-094946-96x96.png6a0083ac34a0445de97d55fae63a4a41","url":"https:\/\/www.grupomedcof.com.br\/blog\/wp-content\/uploads\/2024\/12\/cropped-Captura-de-tela-2023-12-15-094946-96x96.png","contentUrl":"https:\/\/www.grupomedcof.com.br\/blog\/wp-content\/uploads\/2024\/12\/cropped-Captura-de-tela-2023-12-15-094946-96x96.png","caption":"J\u00falia Moreira"},"description":"Estudante do 8\u00ba semestre de Jornalismo na ECA-USP, f\u00e3 de filmes de terror e m\u00fasica popular sul-coreana.","sameAs":["https:\/\/www.grupomedcof.com.br\/"],"url":"https:\/\/www.grupomedcof.com.br\/blog\/author\/julia\/"}]}},"authors":[{"term_id":3609,"user_id":6,"is_guest":0,"slug":"julia","display_name":"J\u00falia Moreira","avatar_url":"https:\/\/www.grupomedcof.com.br\/blog\/wp-content\/uploads\/2024\/12\/cropped-Captura-de-tela-2023-12-15-094946-96x96.png","0":null,"1":"","2":"","3":"","4":"","5":"","6":"","7":"","8":""}],"_links":{"self":[{"href":"https:\/\/www.grupomedcof.com.br\/blog\/wp-json\/wp\/v2\/posts\/6840","targetHints":{"allow":["GET"]}}],"collection":[{"href":"https:\/\/www.grupomedcof.com.br\/blog\/wp-json\/wp\/v2\/posts"}],"about":[{"href":"https:\/\/www.grupomedcof.com.br\/blog\/wp-json\/wp\/v2\/types\/post"}],"author":[{"embeddable":true,"href":"https:\/\/www.grupomedcof.com.br\/blog\/wp-json\/wp\/v2\/users\/6"}],"replies":[{"embeddable":true,"href":"https:\/\/www.grupomedcof.com.br\/blog\/wp-json\/wp\/v2\/comments?post=6840"}],"version-history":[{"count":0,"href":"https:\/\/www.grupomedcof.com.br\/blog\/wp-json\/wp\/v2\/posts\/6840\/revisions"}],"wp:featuredmedia":[{"embeddable":true,"href":"https:\/\/www.grupomedcof.com.br\/blog\/wp-json\/wp\/v2\/media\/6848"}],"wp:attachment":[{"href":"https:\/\/www.grupomedcof.com.br\/blog\/wp-json\/wp\/v2\/media?parent=6840"}],"wp:term":[{"taxonomy":"category","embeddable":true,"href":"https:\/\/www.grupomedcof.com.br\/blog\/wp-json\/wp\/v2\/categories?post=6840"},{"taxonomy":"post_tag","embeddable":true,"href":"https:\/\/www.grupomedcof.com.br\/blog\/wp-json\/wp\/v2\/tags?post=6840"},{"taxonomy":"author","embeddable":true,"href":"https:\/\/www.grupomedcof.com.br\/blog\/wp-json\/wp\/v2\/ppma_author?post=6840"}],"curies":[{"name":"wp","href":"https:\/\/api.w.org\/{rel}","templated":true}]}}