{"id":6907,"date":"2023-05-17T12:38:34","date_gmt":"2023-05-17T15:38:34","guid":{"rendered":"https:\/\/www.grupomedcof.com.br\/blog\/?p=6907"},"modified":"2023-05-17T12:38:34","modified_gmt":"2023-05-17T15:38:34","slug":"dedos-muito-roxos-no-frio-devo-me-preocupar","status":"publish","type":"post","link":"https:\/\/www.grupomedcof.com.br\/blog\/dedos-muito-roxos-no-frio-devo-me-preocupar\/","title":{"rendered":"Dedos muito roxos no frio&#8230; devo me preocupar?"},"content":{"rendered":"<div id=\"ez-toc-container\" class=\"ez-toc-v2_0_74 counter-hierarchy ez-toc-counter ez-toc-transparent ez-toc-container-direction\">\n<div class=\"ez-toc-title-container\">\n<p class=\"ez-toc-title\" style=\"cursor:inherit\">Sum\u00e1rio<\/p>\n<span class=\"ez-toc-title-toggle\"><a href=\"#\" class=\"ez-toc-pull-right ez-toc-btn ez-toc-btn-xs ez-toc-btn-default ez-toc-toggle\" aria-label=\"Alternar tabela de conte\u00fado\"><span class=\"ez-toc-js-icon-con\"><span class=\"\"><span class=\"eztoc-hide\" style=\"display:none;\">Toggle<\/span><span class=\"ez-toc-icon-toggle-span\"><svg style=\"fill: #999;color:#999\" xmlns=\"http:\/\/www.w3.org\/2000\/svg\" class=\"list-377408\" width=\"20px\" height=\"20px\" viewBox=\"0 0 24 24\" fill=\"none\"><path d=\"M6 6H4v2h2V6zm14 0H8v2h12V6zM4 11h2v2H4v-2zm16 0H8v2h12v-2zM4 16h2v2H4v-2zm16 0H8v2h12v-2z\" fill=\"currentColor\"><\/path><\/svg><svg style=\"fill: #999;color:#999\" class=\"arrow-unsorted-368013\" xmlns=\"http:\/\/www.w3.org\/2000\/svg\" width=\"10px\" height=\"10px\" viewBox=\"0 0 24 24\" version=\"1.2\" baseProfile=\"tiny\"><path d=\"M18.2 9.3l-6.2-6.3-6.2 6.3c-.2.2-.3.4-.3.7s.1.5.3.7c.2.2.4.3.7.3h11c.3 0 .5-.1.7-.3.2-.2.3-.5.3-.7s-.1-.5-.3-.7zM5.8 14.7l6.2 6.3 6.2-6.3c.2-.2.3-.5.3-.7s-.1-.5-.3-.7c-.2-.2-.4-.3-.7-.3h-11c-.3 0-.5.1-.7.3-.2.2-.3.5-.3.7s.1.5.3.7z\"\/><\/svg><\/span><\/span><\/span><\/a><\/span><\/div>\n<nav><ul class='ez-toc-list ez-toc-list-level-1 ' ><li class='ez-toc-page-1 ez-toc-heading-level-2'><a class=\"ez-toc-link ez-toc-heading-1\" href=\"https:\/\/www.grupomedcof.com.br\/blog\/dedos-muito-roxos-no-frio-devo-me-preocupar\/#Leia_a_seguir\" >Leia a seguir<\/a><\/li><li class='ez-toc-page-1 ez-toc-heading-level-2'><a class=\"ez-toc-link ez-toc-heading-2\" href=\"https:\/\/www.grupomedcof.com.br\/blog\/dedos-muito-roxos-no-frio-devo-me-preocupar\/#Fenomeno_de_Raynaud\" >Fen\u00f4meno de Raynaud<\/a><ul class='ez-toc-list-level-3' ><li class='ez-toc-heading-level-3'><a class=\"ez-toc-link ez-toc-heading-3\" href=\"https:\/\/www.grupomedcof.com.br\/blog\/dedos-muito-roxos-no-frio-devo-me-preocupar\/#Fenomeno_de_Raynaud_primario\" >Fen\u00f4meno de Raynaud prim\u00e1rio<\/a><\/li><li class='ez-toc-page-1 ez-toc-heading-level-3'><a class=\"ez-toc-link ez-toc-heading-4\" href=\"https:\/\/www.grupomedcof.com.br\/blog\/dedos-muito-roxos-no-frio-devo-me-preocupar\/#Fenomeno_de_Raynaud_secundario\" >Fen\u00f4meno de Raynaud secund\u00e1rio<\/a><\/li><\/ul><\/li><li class='ez-toc-page-1 ez-toc-heading-level-2'><a class=\"ez-toc-link ez-toc-heading-5\" href=\"https:\/\/www.grupomedcof.com.br\/blog\/dedos-muito-roxos-no-frio-devo-me-preocupar\/#Dedos_muito_roxos_no_frio%E2%80%A6_devo_me_preocupar\" >Dedos muito roxos no frio&#8230; devo me preocupar?<\/a><\/li><li class='ez-toc-page-1 ez-toc-heading-level-2'><a class=\"ez-toc-link ez-toc-heading-6\" href=\"https:\/\/www.grupomedcof.com.br\/blog\/dedos-muito-roxos-no-frio-devo-me-preocupar\/#Mensagens_para_casa\" >Mensagens para casa<\/a><\/li><li class='ez-toc-page-1 ez-toc-heading-level-2'><a class=\"ez-toc-link ez-toc-heading-7\" href=\"https:\/\/www.grupomedcof.com.br\/blog\/dedos-muito-roxos-no-frio-devo-me-preocupar\/#Conquiste_a_aprovacao\" >Conquiste a aprova\u00e7\u00e3o!<\/a><\/li><\/ul><\/nav><\/div>\n<p><img loading=\"lazy\" decoding=\"async\" width=\"800\" height=\"450\" src=\"https:\/\/www.grupomedcof.com.br\/blog\/wp-content\/uploads\/2023\/05\/saiba-mais-sobre-a-2023-05-16T143908.742-1024x576.png\" alt=\"fen\u00f4meno de raynaud, sintomas do fen\u00f4meno de reynaud, fen\u00f4meno de reunaud lupus, tratamentos para fen\u00f4meno de reynaund\" srcset=\"https:\/\/www.grupomedcof.com.br\/blog\/wp-content\/uploads\/2023\/05\/saiba-mais-sobre-a-2023-05-16T143908.742-1024x576.png 1024w, https:\/\/www.grupomedcof.com.br\/blog\/wp-content\/uploads\/2023\/05\/saiba-mais-sobre-a-2023-05-16T143908.742-300x169.png 300w, https:\/\/www.grupomedcof.com.br\/blog\/wp-content\/uploads\/2023\/05\/saiba-mais-sobre-a-2023-05-16T143908.742-768x432.png 768w, https:\/\/www.grupomedcof.com.br\/blog\/wp-content\/uploads\/2023\/05\/saiba-mais-sobre-a-2023-05-16T143908.742-1536x864.png 1536w, https:\/\/www.grupomedcof.com.br\/blog\/wp-content\/uploads\/2023\/05\/saiba-mais-sobre-a-2023-05-16T143908.742-2048x1152.png 2048w\" sizes=\"auto, (max-width: 800px) 100vw, 800px\" \/>\t\t\t\t\t\t\t\t\t\t\t\t\t\t\t<\/p>\n<p style=\"font-family: Poppins, sans-serif; color: #7a7a7a;\">&#8220;Meus dedos ficam muito roxos no frio&#8230; devo me preocupar, doutor?&#8221;\u00a0&#8211; Entenda a diferen\u00e7a entre o <strong>F<\/strong><b>en\u00f4meno de Raynaud<\/b> prim\u00e1rio e secund\u00e1rio<\/p>\n<h2><span class=\"ez-toc-section\" id=\"Leia_a_seguir\"><\/span>\n\t\t\t\tLeia a seguir\t\t\t<span class=\"ez-toc-section-end\"><\/span><\/h2>\n<p>Se voc\u00ea j\u00e1 se perguntou por que seus dedos ficam roxos e dormentes no frio, ent\u00e3o \u00e9 poss\u00edvel que esteja experimentando o <strong>Fen\u00f4meno <\/strong><b>de Raynaud<\/b>. Embora possa ser comum sentir desconforto nas extremidades em temperaturas baixas, \u00e9 importante estar ciente das poss\u00edveis etiologias desse fen\u00f4meno.<\/p>\n<h2 style=\"font-family: Poppins, sans-serif; color: rgb(122, 122, 122);\"><span class=\"ez-toc-section\" id=\"Fenomeno_de_Raynaud\"><\/span>Fen\u00f4meno de Raynaud<span class=\"ez-toc-section-end\"><\/span><\/h2>\n<figure>\n\t\t\t\t\t\t\t\t\t\t<img loading=\"lazy\" decoding=\"async\" width=\"300\" height=\"300\" src=\"https:\/\/www.grupomedcof.com.br\/blog\/wp-content\/uploads\/2023\/05\/Imagem1.png\" alt=\"fen\u00f4meno de raynaud, sintomas do fen\u00f4meno de reynaud, fen\u00f4meno de reunaud lupus, tratamentos para fen\u00f4meno de reynaund\" srcset=\"https:\/\/www.grupomedcof.com.br\/blog\/wp-content\/uploads\/2023\/05\/Imagem1.png 300w, https:\/\/www.grupomedcof.com.br\/blog\/wp-content\/uploads\/2023\/05\/Imagem1-150x150.png 150w\" sizes=\"auto, (max-width: 300px) 100vw, 300px\" \/><figcaption>Fonte: Imagem: https:\/\/commons.wikimedia.org\/wiki\/File:Multicolor_Raynaud%27s_Right_Hand.jpg<\/figcaption><\/figure>\n<p>O Fen\u00f4meno de Raynaud \u00e9 uma condi\u00e7\u00e3o em que as art\u00e9rias que fornecem sangue \u00e0s extremidades (como dedos, m\u00e3os, p\u00e9s e nariz) se contraem de maneira <strong>excessiva e intermitente.<\/strong> Podendo assim, causar <strong>sintomas como dor, frio, dorm\u00eancia e uma mudan\u00e7a de cor na pele para branco ou azulada<\/strong>.<\/p>\n<p>\u00a0<\/p>\n<p>Desse modo, em alguns casos, o Fen\u00f4meno de Raynaud tem a possibilidade de ser um sintoma de outra condi\u00e7\u00e3o m\u00e9dica subjacente, como doen\u00e7as autoimunes, doen\u00e7a arterial perif\u00e9rica ou at\u00e9 mesmo alguns medicamentos.<\/p>\n<p>Sendo assim, existem dois tipos principais de Fen\u00f4meno de Raynaud: prim\u00e1rio e secund\u00e1rio:<\/p>\n<h3 style=\"font-family: Poppins, sans-serif; color: #7a7a7a;\"><span class=\"ez-toc-section\" id=\"Fenomeno_de_Raynaud_primario\"><\/span>Fen\u00f4meno de Raynaud prim\u00e1rio<span class=\"ez-toc-section-end\"><\/span><\/h3>\n<p>\u00c9 o <strong>mais comum e ocorre sem nenhuma causa identific\u00e1vel.<\/strong> Dessa forma, \u00e9 uma condi\u00e7\u00e3o benigna e geralmente afeta mulheres jovens e saud\u00e1veis, tendendo a come\u00e7ar no final da adolesc\u00eancia ou no in\u00edcio da vida adulta. Ademais, os sintomas do Fen\u00f4meno de Raynaud prim\u00e1rio s\u00e3o desencadeados por<strong> temperaturas frias, estresse emocional ou exposi\u00e7\u00e3o a vibra\u00e7\u00f5es.<\/strong><\/p>\n<h3 style=\"font-family: Poppins, sans-serif; color: #7a7a7a;\"><span class=\"ez-toc-section\" id=\"Fenomeno_de_Raynaud_secundario\"><\/span>Fen\u00f4meno de Raynaud secund\u00e1rio<span class=\"ez-toc-section-end\"><\/span><\/h3>\n<p>Por outro lado,\u00a0o Fen\u00f4meno de Raynaud secund\u00e1rio\u00a0\u00e9<strong> menos comum e pode ser um sinal de uma condi\u00e7\u00e3o subjacente mais s\u00e9ria<\/strong>. Pensando nisso, ele \u00e9 causado por outra condi\u00e7\u00e3o m\u00e9dica, como doen\u00e7as autoimunes (como esclerose sist\u00eamica, <a href=\"https:\/\/www.grupomedcof.com.br\/blog\/qual-a-relacao-entre-lupus-e-a-luz-solar\/\" target=\"_blank\" rel=\"noopener\">l\u00fapus<\/a>\u00a0ou doen\u00e7a mista do tecido conectivo), doen\u00e7a arterial perif\u00e9rica, ou at\u00e9 mesmo algumas doen\u00e7as card\u00edacas.<\/p>\n<p>\u00a0<\/p>\n<p><strong>Para diferenciar o Fen\u00f4meno de Raynaud prim\u00e1rio do secund\u00e1rio<\/strong>, \u00e9 importante observar a <strong>presen\u00e7a de outros sintomas ou condi\u00e7\u00f5es m\u00e9dicas<\/strong>. Assim, se voc\u00ea experimentar sintomas como dor nas extremidades, \u00falceras nas pontas dos dedos, mudan\u00e7as na textura da pele ou unhas deformadas, \u00e9 poss\u00edvel que esteja sofrendo do Fen\u00f4meno de Raynaud secund\u00e1rio. Portanto, nestes casos, \u00e9 importante<strong> buscar atendimento m\u00e9dico para identificar a causa subjacente do problema e iniciar o tratamento precoce.\u00a0<\/strong><\/p>\n<h2 style=\"font-family: Poppins, sans-serif; color: rgb(122, 122, 122);\"><span class=\"ez-toc-section\" id=\"Dedos_muito_roxos_no_frio%E2%80%A6_devo_me_preocupar\"><\/span>Dedos muito roxos no frio&#8230; devo me preocupar?<span class=\"ez-toc-section-end\"><\/span><\/h2>\n<p>Se voc\u00ea acha que pode estar sofrendo de Fen\u00f4meno de Raynaud, \u00e9 importante&nbsp;procurar um m\u00e9dico reumatologista para avalia\u00e7\u00e3o e diagn\u00f3stico adequados. Desse modo, o seu m\u00e9dico pode ajud\u00e1-lo a determinar se voc\u00ea tem o Fen\u00f4meno de Raynaud prim\u00e1rio ou secund\u00e1rio e pode solicitar&nbsp;exames espec\u00edficos.&nbsp;Assim, com o diagn\u00f3stico e tratamento adequados, \u00e9 poss\u00edvel gerenciar com sucesso o Fen\u00f4meno de Raynaud e&nbsp;manter as extremidades saud\u00e1veis e funcionais.<\/p>\n<h2 style=\"font-family: Poppins, sans-serif; color: #7a7a7a;\"><span class=\"ez-toc-section\" id=\"Mensagens_para_casa\"><\/span>Mensagens para casa<span class=\"ez-toc-section-end\"><\/span><\/h2>\n<ul>\n<li>A principal causa do fen\u00f4meno de Raynaud \u00e9 <b>idiop\u00e1tica<\/b>, uma condi\u00e7\u00e3o benigna e sem grandes repercuss\u00f5es para o paciente. Neste caso, chamamos de fen\u00f4meno de Raynaud de prim\u00e1rio;<\/li>\n<\/ul>\n<p>\u00a0<\/p>\n<ul>\n<li>J\u00e1 o fen\u00f4meno de Raynaud secund\u00e1rio, ocorre quando h\u00e1 <b>alguma doen\u00e7a respons\u00e1vel<\/b> pelo seu aparecimento. Nestes casos, o fen\u00f4meno raramente vem isolado como \u00fanico sintoma como acontece no prim\u00e1rio. Se estiver sentindo dor nas extremidades, notar o aparecimento de \u00falceras nas pontas dos dedos, mudan\u00e7as na textura da pele ou mesmo unhas deformadas, \u00e9 importante buscar o reumatologista para uma avalia\u00e7\u00e3o pormenorizada;<\/li>\n<\/ul>\n<p>\u00a0<\/p>\n<ul>\n<li>Independente se prim\u00e1rio ou secund\u00e1rio, <b>proteger as extremidades do frio com luvas \u00e9 essencial.<\/b><\/li>\n<\/ul>\n<p>Quer saber como \u00e9 a resid\u00eancia de reumatologia? Ent\u00e3o acompanhe o nosso podcast\u00a0<a style=\"background-color: #ffffff;\" href=\"https:\/\/www.youtube.com\/@GrupoMedcof\/videos\" target=\"_blank\" rel=\"noopener\">Papo de Residente<\/a>, no epis\u00f3dio 6 a acad\u00eamica Jessyca Nobre conversou\u00a0 com o Dr. Cavarzan sobre a sua experi\u00eancia.<\/p>\n<p>https:\/\/youtu.be\/QDQGc_0ujGw\t\t<\/p>\n<h2><span class=\"ez-toc-section\" id=\"Conquiste_a_aprovacao\"><\/span><strong style=\"color: inherit; font-family: inherit; font-size: 2rem;\">Conquiste a aprova\u00e7\u00e3o!<\/strong><span class=\"ez-toc-section-end\"><\/span><\/h2>\n<p>A\u00a0<a href=\"https:\/\/www.grupomedcof.com.br\/\" target=\"_blank\" rel=\"noopener\">Medcof<\/a>\u00a0tem um cat\u00e1logo repleto de cursos que te guiar\u00e3o na jornada \u00e0 Resid\u00eancia M\u00e9dica dos sonhos! Ent\u00e3o, confira os nossos cursos\u00a0 e seja<a href=\"https:\/\/www.grupomedcof.com.br\/blog\/presenca-da-medcof-nas-aprovacoes-em-residencia-medica-no-brasil\/\">\u00a0mais um aprovado<\/a>\u00a0nas melhores institui\u00e7\u00f5es do pa\u00eds!<br \/>\n\t\t\t\t\t\t\t\t\t\t\t\t\t\t\t<img loading=\"lazy\" decoding=\"async\" width=\"800\" height=\"397\" src=\"https:\/\/www.grupomedcof.com.br\/blog\/wp-content\/uploads\/2023\/03\/aprovados-1024x508.png\" alt=\"Aprovados medcof\" srcset=\"https:\/\/www.grupomedcof.com.br\/blog\/wp-content\/uploads\/2023\/03\/aprovados-1024x508.png 1024w, https:\/\/www.grupomedcof.com.br\/blog\/wp-content\/uploads\/2023\/03\/aprovados-300x149.png 300w, https:\/\/www.grupomedcof.com.br\/blog\/wp-content\/uploads\/2023\/03\/aprovados-768x381.png 768w, https:\/\/www.grupomedcof.com.br\/blog\/wp-content\/uploads\/2023\/03\/aprovados.png 1436w\" sizes=\"auto, (max-width: 800px) 100vw, 800px\" \/><\/p>\n","protected":false},"excerpt":{"rendered":"<p>&#8220;Meus dedos ficam muito roxos no frio&#8230; devo me preocupar, doutor?&#8221;\u00a0&#8211; Entenda a diferen\u00e7a entre o Fen\u00f4meno de Raynaud prim\u00e1rio e secund\u00e1rio Leia a seguir Se voc\u00ea j\u00e1 se perguntou por que seus dedos ficam roxos e dormentes no frio, ent\u00e3o \u00e9 poss\u00edvel que esteja experimentando o Fen\u00f4meno de Raynaud. Embora possa ser comum sentir [&hellip;]<\/p>\n","protected":false},"author":6,"featured_media":7046,"comment_status":"open","ping_status":"open","sticky":false,"template":"","format":"standard","meta":{"footnotes":""},"categories":[101],"tags":[93,183],"ppma_author":[3609],"class_list":{"0":"post-6907","1":"post","2":"type-post","3":"status-publish","4":"format-standard","5":"has-post-thumbnail","7":"category-reumatologia","8":"tag-especialidades-medicas","9":"tag-reumatologia"},"yoast_head":"<!-- This site is optimized with the Yoast SEO Premium plugin v24.3 (Yoast SEO v27.4) - https:\/\/yoast.com\/product\/yoast-seo-premium-wordpress\/ -->\n<title>Dedos muito roxos no frio... devo me preocupar? - Blog de Medcof: conte\u00fados, editais, revalida e mais!<\/title>\n<meta name=\"description\" content=\"&quot;Meus dedos ficam muito roxos no frio... devo me preocupar, doutor?&quot;. Entenda a diferen\u00e7a entre o Fen\u00f4meno de Raynaud prim\u00e1rio e secund\u00e1rio.\" \/>\n<meta name=\"robots\" content=\"index, follow, max-snippet:-1, max-image-preview:large, max-video-preview:-1\" \/>\n<link rel=\"canonical\" href=\"https:\/\/www.grupomedcof.com.br\/blog\/dedos-muito-roxos-no-frio-devo-me-preocupar\/\" \/>\n<meta property=\"og:locale\" content=\"pt_BR\" \/>\n<meta property=\"og:type\" content=\"article\" \/>\n<meta property=\"og:title\" content=\"Dedos muito roxos no frio... devo me preocupar?\" \/>\n<meta property=\"og:description\" content=\"&quot;Meus dedos ficam muito roxos no frio... devo me preocupar, doutor?&quot;. Entenda a diferen\u00e7a entre o Fen\u00f4meno de Raynaud prim\u00e1rio e secund\u00e1rio.\" \/>\n<meta property=\"og:url\" content=\"https:\/\/www.grupomedcof.com.br\/blog\/dedos-muito-roxos-no-frio-devo-me-preocupar\/\" \/>\n<meta property=\"og:site_name\" content=\"Blog de Medcof: conte\u00fados, editais, revalida e mais!\" \/>\n<meta property=\"article:publisher\" content=\"https:\/\/www.facebook.com\/MedCofQbank\/\" \/>\n<meta property=\"article:published_time\" content=\"2023-05-17T15:38:34+00:00\" \/>\n<meta property=\"og:image\" content=\"https:\/\/www.grupomedcof.com.br\/blog\/wp-content\/uploads\/2023\/05\/saiba-mais-sobre-a-2023-05-16T143908.742-1024x576.png\" \/>\n\t<meta property=\"og:image:width\" content=\"1024\" \/>\n\t<meta property=\"og:image:height\" content=\"576\" \/>\n\t<meta property=\"og:image:type\" content=\"image\/png\" \/>\n<meta name=\"author\" content=\"J\u00falia Moreira\" \/>\n<meta name=\"twitter:card\" content=\"summary_large_image\" \/>\n<meta name=\"twitter:label1\" content=\"Escrito por\" \/>\n\t<meta name=\"twitter:data1\" content=\"J\u00falia Moreira\" \/>\n\t<meta name=\"twitter:label2\" content=\"Est. tempo de leitura\" \/>\n\t<meta name=\"twitter:data2\" content=\"7 minutos\" \/>\n<script type=\"application\/ld+json\" class=\"yoast-schema-graph\">{\"@context\":\"https:\\\/\\\/schema.org\",\"@graph\":[{\"@type\":\"Article\",\"@id\":\"https:\\\/\\\/www.grupomedcof.com.br\\\/blog\\\/dedos-muito-roxos-no-frio-devo-me-preocupar\\\/#article\",\"isPartOf\":{\"@id\":\"https:\\\/\\\/www.grupomedcof.com.br\\\/blog\\\/dedos-muito-roxos-no-frio-devo-me-preocupar\\\/\"},\"author\":{\"name\":\"J\u00falia Moreira\",\"@id\":\"https:\\\/\\\/www.grupomedcof.com.br\\\/blog\\\/#\\\/schema\\\/person\\\/1375e0ce724529d7a1d8156ea7f8ceaa\"},\"headline\":\"Dedos muito roxos no frio&#8230; devo me preocupar?\",\"datePublished\":\"2023-05-17T15:38:34+00:00\",\"mainEntityOfPage\":{\"@id\":\"https:\\\/\\\/www.grupomedcof.com.br\\\/blog\\\/dedos-muito-roxos-no-frio-devo-me-preocupar\\\/\"},\"wordCount\":730,\"commentCount\":0,\"publisher\":{\"@id\":\"https:\\\/\\\/www.grupomedcof.com.br\\\/blog\\\/#organization\"},\"image\":{\"@id\":\"https:\\\/\\\/www.grupomedcof.com.br\\\/blog\\\/dedos-muito-roxos-no-frio-devo-me-preocupar\\\/#primaryimage\"},\"thumbnailUrl\":\"https:\\\/\\\/www.grupomedcof.com.br\\\/blog\\\/wp-content\\\/uploads\\\/2023\\\/05\\\/saiba-mais-sobre-a-2023-05-16T143908.742.png\",\"keywords\":[\"Especialidades m\u00e9dicas\",\"Reumatologia\"],\"articleSection\":[\"Reumatologia\"],\"inLanguage\":\"pt-BR\"},{\"@type\":\"WebPage\",\"@id\":\"https:\\\/\\\/www.grupomedcof.com.br\\\/blog\\\/dedos-muito-roxos-no-frio-devo-me-preocupar\\\/\",\"url\":\"https:\\\/\\\/www.grupomedcof.com.br\\\/blog\\\/dedos-muito-roxos-no-frio-devo-me-preocupar\\\/\",\"name\":\"Dedos muito roxos no frio... devo me preocupar? - Blog de Medcof: conte\u00fados, editais, revalida e mais!\",\"isPartOf\":{\"@id\":\"https:\\\/\\\/www.grupomedcof.com.br\\\/blog\\\/#website\"},\"primaryImageOfPage\":{\"@id\":\"https:\\\/\\\/www.grupomedcof.com.br\\\/blog\\\/dedos-muito-roxos-no-frio-devo-me-preocupar\\\/#primaryimage\"},\"image\":{\"@id\":\"https:\\\/\\\/www.grupomedcof.com.br\\\/blog\\\/dedos-muito-roxos-no-frio-devo-me-preocupar\\\/#primaryimage\"},\"thumbnailUrl\":\"https:\\\/\\\/www.grupomedcof.com.br\\\/blog\\\/wp-content\\\/uploads\\\/2023\\\/05\\\/saiba-mais-sobre-a-2023-05-16T143908.742.png\",\"datePublished\":\"2023-05-17T15:38:34+00:00\",\"description\":\"\\\"Meus dedos ficam muito roxos no frio... devo me preocupar, doutor?\\\". Entenda a diferen\u00e7a entre o Fen\u00f4meno de Raynaud prim\u00e1rio e secund\u00e1rio.\",\"breadcrumb\":{\"@id\":\"https:\\\/\\\/www.grupomedcof.com.br\\\/blog\\\/dedos-muito-roxos-no-frio-devo-me-preocupar\\\/#breadcrumb\"},\"inLanguage\":\"pt-BR\",\"potentialAction\":[{\"@type\":\"ReadAction\",\"target\":[\"https:\\\/\\\/www.grupomedcof.com.br\\\/blog\\\/dedos-muito-roxos-no-frio-devo-me-preocupar\\\/\"]}]},{\"@type\":\"ImageObject\",\"inLanguage\":\"pt-BR\",\"@id\":\"https:\\\/\\\/www.grupomedcof.com.br\\\/blog\\\/dedos-muito-roxos-no-frio-devo-me-preocupar\\\/#primaryimage\",\"url\":\"https:\\\/\\\/www.grupomedcof.com.br\\\/blog\\\/wp-content\\\/uploads\\\/2023\\\/05\\\/saiba-mais-sobre-a-2023-05-16T143908.742.png\",\"contentUrl\":\"https:\\\/\\\/www.grupomedcof.com.br\\\/blog\\\/wp-content\\\/uploads\\\/2023\\\/05\\\/saiba-mais-sobre-a-2023-05-16T143908.742.png\",\"width\":2560,\"height\":1440,\"caption\":\"\\\"Meus dedos ficam muito roxos no frio... devo me preocupar, doutor?\\\" - Entenda a diferen\u00e7a entre o Fen\u00f4meno de Raynaud prim\u00e1rio e secund\u00e1rio\"},{\"@type\":\"BreadcrumbList\",\"@id\":\"https:\\\/\\\/www.grupomedcof.com.br\\\/blog\\\/dedos-muito-roxos-no-frio-devo-me-preocupar\\\/#breadcrumb\",\"itemListElement\":[{\"@type\":\"ListItem\",\"position\":1,\"name\":\"In\u00edcio\",\"item\":\"https:\\\/\\\/www.grupomedcof.com.br\\\/blog\\\/\"},{\"@type\":\"ListItem\",\"position\":2,\"name\":\"Dedos muito roxos no frio&#8230; devo me preocupar?\"}]},{\"@type\":\"WebSite\",\"@id\":\"https:\\\/\\\/www.grupomedcof.com.br\\\/blog\\\/#website\",\"url\":\"https:\\\/\\\/www.grupomedcof.com.br\\\/blog\\\/\",\"name\":\"Blog de Medcof: conte\u00fados, editais, revalida e mais!\",\"description\":\"Acesso o blog de MedCof! Seu portal de conte\u00fados sobre resid\u00eancia m\u00e9dica, an\u00e1lise e editais e muito mais. Clique e confira!\",\"publisher\":{\"@id\":\"https:\\\/\\\/www.grupomedcof.com.br\\\/blog\\\/#organization\"},\"alternateName\":\"Blog de Medcof: conte\u00fados, editais, revalida e mais!\",\"potentialAction\":[{\"@type\":\"SearchAction\",\"target\":{\"@type\":\"EntryPoint\",\"urlTemplate\":\"https:\\\/\\\/www.grupomedcof.com.br\\\/blog\\\/?s={search_term_string}\"},\"query-input\":{\"@type\":\"PropertyValueSpecification\",\"valueRequired\":true,\"valueName\":\"search_term_string\"}}],\"inLanguage\":\"pt-BR\"},{\"@type\":\"Organization\",\"@id\":\"https:\\\/\\\/www.grupomedcof.com.br\\\/blog\\\/#organization\",\"name\":\"Grupo MedCof\",\"url\":\"https:\\\/\\\/www.grupomedcof.com.br\\\/blog\\\/\",\"logo\":{\"@type\":\"ImageObject\",\"inLanguage\":\"pt-BR\",\"@id\":\"https:\\\/\\\/www.grupomedcof.com.br\\\/blog\\\/#\\\/schema\\\/logo\\\/image\\\/\",\"url\":\"https:\\\/\\\/www.grupomedcof.com.br\\\/blog\\\/wp-content\\\/uploads\\\/2022\\\/01\\\/logo-medcof.png\",\"contentUrl\":\"https:\\\/\\\/www.grupomedcof.com.br\\\/blog\\\/wp-content\\\/uploads\\\/2022\\\/01\\\/logo-medcof.png\",\"width\":768,\"height\":269,\"caption\":\"Grupo MedCof\"},\"image\":{\"@id\":\"https:\\\/\\\/www.grupomedcof.com.br\\\/blog\\\/#\\\/schema\\\/logo\\\/image\\\/\"},\"sameAs\":[\"https:\\\/\\\/www.facebook.com\\\/MedCofQbank\\\/\",\"https:\\\/\\\/www.instagram.com\\\/grupomedcof\\\/\",\"https:\\\/\\\/br.linkedin.com\\\/company\\\/medcof\",\"https:\\\/\\\/www.youtube.com\\\/channel\\\/UCdHMuOHKICxcHwecxN8P-AA\"]},{\"@type\":\"Person\",\"@id\":\"https:\\\/\\\/www.grupomedcof.com.br\\\/blog\\\/#\\\/schema\\\/person\\\/1375e0ce724529d7a1d8156ea7f8ceaa\",\"name\":\"J\u00falia Moreira\",\"image\":{\"@type\":\"ImageObject\",\"inLanguage\":\"pt-BR\",\"@id\":\"https:\\\/\\\/www.grupomedcof.com.br\\\/blog\\\/wp-content\\\/uploads\\\/2024\\\/12\\\/cropped-Captura-de-tela-2023-12-15-094946-96x96.png6a0083ac34a0445de97d55fae63a4a41\",\"url\":\"https:\\\/\\\/www.grupomedcof.com.br\\\/blog\\\/wp-content\\\/uploads\\\/2024\\\/12\\\/cropped-Captura-de-tela-2023-12-15-094946-96x96.png\",\"contentUrl\":\"https:\\\/\\\/www.grupomedcof.com.br\\\/blog\\\/wp-content\\\/uploads\\\/2024\\\/12\\\/cropped-Captura-de-tela-2023-12-15-094946-96x96.png\",\"caption\":\"J\u00falia Moreira\"},\"description\":\"Estudante do 8\u00ba semestre de Jornalismo na ECA-USP, f\u00e3 de filmes de terror e m\u00fasica popular sul-coreana.\",\"sameAs\":[\"https:\\\/\\\/www.grupomedcof.com.br\\\/\"],\"url\":\"https:\\\/\\\/www.grupomedcof.com.br\\\/blog\\\/author\\\/julia\\\/\"}]}<\/script>\n<!-- \/ Yoast SEO Premium plugin. -->","yoast_head_json":{"title":"Dedos muito roxos no frio... devo me preocupar? - Blog de Medcof: conte\u00fados, editais, revalida e mais!","description":"\"Meus dedos ficam muito roxos no frio... devo me preocupar, doutor?\". Entenda a diferen\u00e7a entre o Fen\u00f4meno de Raynaud prim\u00e1rio e secund\u00e1rio.","robots":{"index":"index","follow":"follow","max-snippet":"max-snippet:-1","max-image-preview":"max-image-preview:large","max-video-preview":"max-video-preview:-1"},"canonical":"https:\/\/www.grupomedcof.com.br\/blog\/dedos-muito-roxos-no-frio-devo-me-preocupar\/","og_locale":"pt_BR","og_type":"article","og_title":"Dedos muito roxos no frio... devo me preocupar?","og_description":"\"Meus dedos ficam muito roxos no frio... devo me preocupar, doutor?\". Entenda a diferen\u00e7a entre o Fen\u00f4meno de Raynaud prim\u00e1rio e secund\u00e1rio.","og_url":"https:\/\/www.grupomedcof.com.br\/blog\/dedos-muito-roxos-no-frio-devo-me-preocupar\/","og_site_name":"Blog de Medcof: conte\u00fados, editais, revalida e mais!","article_publisher":"https:\/\/www.facebook.com\/MedCofQbank\/","article_published_time":"2023-05-17T15:38:34+00:00","og_image":[{"width":1024,"height":576,"url":"https:\/\/www.grupomedcof.com.br\/blog\/wp-content\/uploads\/2023\/05\/saiba-mais-sobre-a-2023-05-16T143908.742-1024x576.png","type":"image\/png"}],"author":"J\u00falia Moreira","twitter_card":"summary_large_image","twitter_misc":{"Escrito por":"J\u00falia Moreira","Est. tempo de leitura":"7 minutos"},"schema":{"@context":"https:\/\/schema.org","@graph":[{"@type":"Article","@id":"https:\/\/www.grupomedcof.com.br\/blog\/dedos-muito-roxos-no-frio-devo-me-preocupar\/#article","isPartOf":{"@id":"https:\/\/www.grupomedcof.com.br\/blog\/dedos-muito-roxos-no-frio-devo-me-preocupar\/"},"author":{"name":"J\u00falia Moreira","@id":"https:\/\/www.grupomedcof.com.br\/blog\/#\/schema\/person\/1375e0ce724529d7a1d8156ea7f8ceaa"},"headline":"Dedos muito roxos no frio&#8230; devo me preocupar?","datePublished":"2023-05-17T15:38:34+00:00","mainEntityOfPage":{"@id":"https:\/\/www.grupomedcof.com.br\/blog\/dedos-muito-roxos-no-frio-devo-me-preocupar\/"},"wordCount":730,"commentCount":0,"publisher":{"@id":"https:\/\/www.grupomedcof.com.br\/blog\/#organization"},"image":{"@id":"https:\/\/www.grupomedcof.com.br\/blog\/dedos-muito-roxos-no-frio-devo-me-preocupar\/#primaryimage"},"thumbnailUrl":"https:\/\/www.grupomedcof.com.br\/blog\/wp-content\/uploads\/2023\/05\/saiba-mais-sobre-a-2023-05-16T143908.742.png","keywords":["Especialidades m\u00e9dicas","Reumatologia"],"articleSection":["Reumatologia"],"inLanguage":"pt-BR"},{"@type":"WebPage","@id":"https:\/\/www.grupomedcof.com.br\/blog\/dedos-muito-roxos-no-frio-devo-me-preocupar\/","url":"https:\/\/www.grupomedcof.com.br\/blog\/dedos-muito-roxos-no-frio-devo-me-preocupar\/","name":"Dedos muito roxos no frio... devo me preocupar? - Blog de Medcof: conte\u00fados, editais, revalida e mais!","isPartOf":{"@id":"https:\/\/www.grupomedcof.com.br\/blog\/#website"},"primaryImageOfPage":{"@id":"https:\/\/www.grupomedcof.com.br\/blog\/dedos-muito-roxos-no-frio-devo-me-preocupar\/#primaryimage"},"image":{"@id":"https:\/\/www.grupomedcof.com.br\/blog\/dedos-muito-roxos-no-frio-devo-me-preocupar\/#primaryimage"},"thumbnailUrl":"https:\/\/www.grupomedcof.com.br\/blog\/wp-content\/uploads\/2023\/05\/saiba-mais-sobre-a-2023-05-16T143908.742.png","datePublished":"2023-05-17T15:38:34+00:00","description":"\"Meus dedos ficam muito roxos no frio... devo me preocupar, doutor?\". Entenda a diferen\u00e7a entre o Fen\u00f4meno de Raynaud prim\u00e1rio e secund\u00e1rio.","breadcrumb":{"@id":"https:\/\/www.grupomedcof.com.br\/blog\/dedos-muito-roxos-no-frio-devo-me-preocupar\/#breadcrumb"},"inLanguage":"pt-BR","potentialAction":[{"@type":"ReadAction","target":["https:\/\/www.grupomedcof.com.br\/blog\/dedos-muito-roxos-no-frio-devo-me-preocupar\/"]}]},{"@type":"ImageObject","inLanguage":"pt-BR","@id":"https:\/\/www.grupomedcof.com.br\/blog\/dedos-muito-roxos-no-frio-devo-me-preocupar\/#primaryimage","url":"https:\/\/www.grupomedcof.com.br\/blog\/wp-content\/uploads\/2023\/05\/saiba-mais-sobre-a-2023-05-16T143908.742.png","contentUrl":"https:\/\/www.grupomedcof.com.br\/blog\/wp-content\/uploads\/2023\/05\/saiba-mais-sobre-a-2023-05-16T143908.742.png","width":2560,"height":1440,"caption":"\"Meus dedos ficam muito roxos no frio... devo me preocupar, doutor?\" - Entenda a diferen\u00e7a entre o Fen\u00f4meno de Raynaud prim\u00e1rio e secund\u00e1rio"},{"@type":"BreadcrumbList","@id":"https:\/\/www.grupomedcof.com.br\/blog\/dedos-muito-roxos-no-frio-devo-me-preocupar\/#breadcrumb","itemListElement":[{"@type":"ListItem","position":1,"name":"In\u00edcio","item":"https:\/\/www.grupomedcof.com.br\/blog\/"},{"@type":"ListItem","position":2,"name":"Dedos muito roxos no frio&#8230; devo me preocupar?"}]},{"@type":"WebSite","@id":"https:\/\/www.grupomedcof.com.br\/blog\/#website","url":"https:\/\/www.grupomedcof.com.br\/blog\/","name":"Blog de Medcof: conte\u00fados, editais, revalida e mais!","description":"Acesso o blog de MedCof! Seu portal de conte\u00fados sobre resid\u00eancia m\u00e9dica, an\u00e1lise e editais e muito mais. Clique e confira!","publisher":{"@id":"https:\/\/www.grupomedcof.com.br\/blog\/#organization"},"alternateName":"Blog de Medcof: conte\u00fados, editais, revalida e mais!","potentialAction":[{"@type":"SearchAction","target":{"@type":"EntryPoint","urlTemplate":"https:\/\/www.grupomedcof.com.br\/blog\/?s={search_term_string}"},"query-input":{"@type":"PropertyValueSpecification","valueRequired":true,"valueName":"search_term_string"}}],"inLanguage":"pt-BR"},{"@type":"Organization","@id":"https:\/\/www.grupomedcof.com.br\/blog\/#organization","name":"Grupo MedCof","url":"https:\/\/www.grupomedcof.com.br\/blog\/","logo":{"@type":"ImageObject","inLanguage":"pt-BR","@id":"https:\/\/www.grupomedcof.com.br\/blog\/#\/schema\/logo\/image\/","url":"https:\/\/www.grupomedcof.com.br\/blog\/wp-content\/uploads\/2022\/01\/logo-medcof.png","contentUrl":"https:\/\/www.grupomedcof.com.br\/blog\/wp-content\/uploads\/2022\/01\/logo-medcof.png","width":768,"height":269,"caption":"Grupo MedCof"},"image":{"@id":"https:\/\/www.grupomedcof.com.br\/blog\/#\/schema\/logo\/image\/"},"sameAs":["https:\/\/www.facebook.com\/MedCofQbank\/","https:\/\/www.instagram.com\/grupomedcof\/","https:\/\/br.linkedin.com\/company\/medcof","https:\/\/www.youtube.com\/channel\/UCdHMuOHKICxcHwecxN8P-AA"]},{"@type":"Person","@id":"https:\/\/www.grupomedcof.com.br\/blog\/#\/schema\/person\/1375e0ce724529d7a1d8156ea7f8ceaa","name":"J\u00falia Moreira","image":{"@type":"ImageObject","inLanguage":"pt-BR","@id":"https:\/\/www.grupomedcof.com.br\/blog\/wp-content\/uploads\/2024\/12\/cropped-Captura-de-tela-2023-12-15-094946-96x96.png6a0083ac34a0445de97d55fae63a4a41","url":"https:\/\/www.grupomedcof.com.br\/blog\/wp-content\/uploads\/2024\/12\/cropped-Captura-de-tela-2023-12-15-094946-96x96.png","contentUrl":"https:\/\/www.grupomedcof.com.br\/blog\/wp-content\/uploads\/2024\/12\/cropped-Captura-de-tela-2023-12-15-094946-96x96.png","caption":"J\u00falia Moreira"},"description":"Estudante do 8\u00ba semestre de Jornalismo na ECA-USP, f\u00e3 de filmes de terror e m\u00fasica popular sul-coreana.","sameAs":["https:\/\/www.grupomedcof.com.br\/"],"url":"https:\/\/www.grupomedcof.com.br\/blog\/author\/julia\/"}]}},"authors":[{"term_id":3609,"user_id":6,"is_guest":0,"slug":"julia","display_name":"J\u00falia Moreira","avatar_url":"https:\/\/www.grupomedcof.com.br\/blog\/wp-content\/uploads\/2024\/12\/cropped-Captura-de-tela-2023-12-15-094946-96x96.png","0":null,"1":"","2":"","3":"","4":"","5":"","6":"","7":"","8":""}],"_links":{"self":[{"href":"https:\/\/www.grupomedcof.com.br\/blog\/wp-json\/wp\/v2\/posts\/6907","targetHints":{"allow":["GET"]}}],"collection":[{"href":"https:\/\/www.grupomedcof.com.br\/blog\/wp-json\/wp\/v2\/posts"}],"about":[{"href":"https:\/\/www.grupomedcof.com.br\/blog\/wp-json\/wp\/v2\/types\/post"}],"author":[{"embeddable":true,"href":"https:\/\/www.grupomedcof.com.br\/blog\/wp-json\/wp\/v2\/users\/6"}],"replies":[{"embeddable":true,"href":"https:\/\/www.grupomedcof.com.br\/blog\/wp-json\/wp\/v2\/comments?post=6907"}],"version-history":[{"count":0,"href":"https:\/\/www.grupomedcof.com.br\/blog\/wp-json\/wp\/v2\/posts\/6907\/revisions"}],"wp:featuredmedia":[{"embeddable":true,"href":"https:\/\/www.grupomedcof.com.br\/blog\/wp-json\/wp\/v2\/media\/7046"}],"wp:attachment":[{"href":"https:\/\/www.grupomedcof.com.br\/blog\/wp-json\/wp\/v2\/media?parent=6907"}],"wp:term":[{"taxonomy":"category","embeddable":true,"href":"https:\/\/www.grupomedcof.com.br\/blog\/wp-json\/wp\/v2\/categories?post=6907"},{"taxonomy":"post_tag","embeddable":true,"href":"https:\/\/www.grupomedcof.com.br\/blog\/wp-json\/wp\/v2\/tags?post=6907"},{"taxonomy":"author","embeddable":true,"href":"https:\/\/www.grupomedcof.com.br\/blog\/wp-json\/wp\/v2\/ppma_author?post=6907"}],"curies":[{"name":"wp","href":"https:\/\/api.w.org\/{rel}","templated":true}]}}