{"id":7137,"date":"2023-05-18T10:56:02","date_gmt":"2023-05-18T13:56:02","guid":{"rendered":"https:\/\/www.grupomedcof.com.br\/blog\/?p=7137"},"modified":"2024-05-06T18:15:32","modified_gmt":"2024-05-06T21:15:32","slug":"nota-de-corte-2a-etapa-revalida-2023-1","status":"publish","type":"post","link":"https:\/\/www.grupomedcof.com.br\/blog\/nota-de-corte-2a-etapa-revalida-2023-1\/","title":{"rendered":"Nota de Corte 2\u00aa etapa Revalida 2023.1"},"content":{"rendered":"<div id=\"ez-toc-container\" class=\"ez-toc-v2_0_74 counter-hierarchy ez-toc-counter ez-toc-transparent ez-toc-container-direction\">\n<div class=\"ez-toc-title-container\">\n<p class=\"ez-toc-title\" style=\"cursor:inherit\">Sum\u00e1rio<\/p>\n<span class=\"ez-toc-title-toggle\"><a href=\"#\" class=\"ez-toc-pull-right ez-toc-btn ez-toc-btn-xs ez-toc-btn-default ez-toc-toggle\" aria-label=\"Alternar tabela de conte\u00fado\"><span class=\"ez-toc-js-icon-con\"><span class=\"\"><span class=\"eztoc-hide\" style=\"display:none;\">Toggle<\/span><span class=\"ez-toc-icon-toggle-span\"><svg style=\"fill: #999;color:#999\" xmlns=\"http:\/\/www.w3.org\/2000\/svg\" class=\"list-377408\" width=\"20px\" height=\"20px\" viewBox=\"0 0 24 24\" fill=\"none\"><path d=\"M6 6H4v2h2V6zm14 0H8v2h12V6zM4 11h2v2H4v-2zm16 0H8v2h12v-2zM4 16h2v2H4v-2zm16 0H8v2h12v-2z\" fill=\"currentColor\"><\/path><\/svg><svg style=\"fill: #999;color:#999\" class=\"arrow-unsorted-368013\" xmlns=\"http:\/\/www.w3.org\/2000\/svg\" width=\"10px\" height=\"10px\" viewBox=\"0 0 24 24\" version=\"1.2\" baseProfile=\"tiny\"><path d=\"M18.2 9.3l-6.2-6.3-6.2 6.3c-.2.2-.3.4-.3.7s.1.5.3.7c.2.2.4.3.7.3h11c.3 0 .5-.1.7-.3.2-.2.3-.5.3-.7s-.1-.5-.3-.7zM5.8 14.7l6.2 6.3 6.2-6.3c.2-.2.3-.5.3-.7s-.1-.5-.3-.7c-.2-.2-.4-.3-.7-.3h-11c-.3 0-.5.1-.7.3-.2.2-.3.5-.3.7s.1.5.3.7z\"\/><\/svg><\/span><\/span><\/span><\/a><\/span><\/div>\n<nav><ul class='ez-toc-list ez-toc-list-level-1 ' ><li class='ez-toc-page-1 ez-toc-heading-level-2'><a class=\"ez-toc-link ez-toc-heading-1\" href=\"https:\/\/www.grupomedcof.com.br\/blog\/nota-de-corte-2a-etapa-revalida-2023-1\/#Nota_de_Corte_2a_etapa_Revalida_20231\" >Nota de Corte 2\u00aa etapa Revalida 2023.1<\/a><\/li><li class='ez-toc-page-1 ez-toc-heading-level-2'><a class=\"ez-toc-link ez-toc-heading-2\" href=\"https:\/\/www.grupomedcof.com.br\/blog\/nota-de-corte-2a-etapa-revalida-2023-1\/#2a_etapa_Revalida_20231\" >2\u00aa etapa Revalida 2023.1<\/a><\/li><li class='ez-toc-page-1 ez-toc-heading-level-2'><a class=\"ez-toc-link ez-toc-heading-3\" href=\"https:\/\/www.grupomedcof.com.br\/blog\/nota-de-corte-2a-etapa-revalida-2023-1\/#Inscricoes_Revalida\" >Inscri\u00e7\u00f5es Revalida<\/a><\/li><li class='ez-toc-page-1 ez-toc-heading-level-2'><a class=\"ez-toc-link ez-toc-heading-4\" href=\"https:\/\/www.grupomedcof.com.br\/blog\/nota-de-corte-2a-etapa-revalida-2023-1\/#Edital_Revalida_20231\" >Edital Revalida 2023.1<\/a><\/li><li class='ez-toc-page-1 ez-toc-heading-level-2'><a class=\"ez-toc-link ez-toc-heading-5\" href=\"https:\/\/www.grupomedcof.com.br\/blog\/nota-de-corte-2a-etapa-revalida-2023-1\/#Conquiste_a_aprovacao\" >Conquiste a aprova\u00e7\u00e3o!<\/a><\/li><\/ul><\/nav><\/div>\n<p><img loading=\"lazy\" decoding=\"async\" src=\"https:\/\/www.grupomedcof.com.br\/blog\/wp-content\/uploads\/2023\/05\/saiba-mais-sobre-a-2023-05-18T103019.035-1024x576.png\" sizes=\"auto, (max-width: 800px) 100vw, 800px\" srcset=\"https:\/\/www.grupomedcof.com.br\/blog\/wp-content\/uploads\/2023\/05\/saiba-mais-sobre-a-2023-05-18T103019.035-1024x576.png 1024w, https:\/\/www.grupomedcof.com.br\/blog\/wp-content\/uploads\/2023\/05\/saiba-mais-sobre-a-2023-05-18T103019.035-300x169.png 300w, https:\/\/www.grupomedcof.com.br\/blog\/wp-content\/uploads\/2023\/05\/saiba-mais-sobre-a-2023-05-18T103019.035-768x432.png 768w, https:\/\/www.grupomedcof.com.br\/blog\/wp-content\/uploads\/2023\/05\/saiba-mais-sobre-a-2023-05-18T103019.035-1536x864.png 1536w, https:\/\/www.grupomedcof.com.br\/blog\/wp-content\/uploads\/2023\/05\/saiba-mais-sobre-a-2023-05-18T103019.035-2048x1152.png 2048w\" alt=\"revalida 2022.1, revalida inep, revalida 2023, prova revalida, revalida inep 2023, edital revalida 2023, inep revalida 2023, inep revalida\" width=\"800\" height=\"450\" \/><\/p>\n<p>O Inep antecipou a divulga\u00e7\u00e3o a <b>nota de corte da 2\u00aa etapa do Revalida 2023.1<\/b>! Saiba as principais informa\u00e7\u00f5es sobre a pr\u00f3xima etapa.<\/p>\n<h2><span class=\"ez-toc-section\" id=\"Nota_de_Corte_2a_etapa_Revalida_20231\"><\/span>Nota de Corte 2\u00aa etapa Revalida 2023.1<span class=\"ez-toc-section-end\"><\/span><\/h2>\n<p>Antecipando quase uma semana da data contida no edital, de acordo com o\u00a0<a href=\"https:\/\/www.in.gov.br\/en\/web\/dou\/-\/edital-n-32-de-17-de-maio-de-2023-484078300\" target=\"_blank\" rel=\"noopener\">Di\u00e1rio Oficial da Uni\u00e3o<\/a>\u00a0(DOU), publicado no dia<b> 17 de maio de 2023<\/b>, a nota de corte definida pelo Inep para a 2\u00aa etapa do Revalida 2023.1 \u00e9 de<b> 60.722 pontos<\/b>.<\/p>\n<p>Desse modo, para conseguirem a revalida\u00e7\u00e3o do diploma, os candidatos enfrentar\u00e3o o<b> Exame de Habilidades Cl\u00ednicas no dia 24 e 25 de junho deste<\/b>. Sendo assim, a nota deste ano \u00e9 menor se comparada \u00e0 ano anterior definida em 64 pontos.<\/p>\n<p style=\"box-sizing: border-box; margin-top: 0px; margin-bottom: 0px;\">O<a style=\"box-sizing: border-box; background-color: transparent; text-decoration: none; color: #cc3366; box-shadow: none;\" href=\"https:\/\/www.in.gov.br\/web\/dou\/-\/edital-n-28-de-28-de-abril-de-2023-480082082\" target=\"_blank\" rel=\"noopener\">\u00a0edital da 2\u00aa etapa<\/a>\u00a0do processo de Revalida\u00e7\u00e3o de Diplomas M\u00e9dicos Expedidos por Institui\u00e7\u00e3o de Educa\u00e7\u00e3o Estrangeira (Revalida), consistir\u00e1 na aplica\u00e7\u00e3o de<b style=\"box-sizing: border-box; font-weight: bold;\">\u00a0Exame de Habilidades Cl\u00ednicas\u00a0<\/b>entre os dias\u00a0<b style=\"box-sizing: border-box; font-weight: bold;\">24 e 26 de junho<\/b>. Dessa forma, atrav\u00e9s do DOU, os candidatos puderam acessar \u00e0s informa\u00e7\u00f5es sobre as datas, regras e procedimentos na \u00edntegra.<\/p>\n<h2><span class=\"ez-toc-section\" id=\"2a_etapa_Revalida_20231\"><\/span>2\u00aa etapa Revalida 2023.1<span class=\"ez-toc-section-end\"><\/span><\/h2>\n<p>A 2\u00aa etapa do\u00a0Revalida 2023.1\u00a0consiste na aplica\u00e7\u00e3o do Exame de Habilidades Cl\u00ednicas. Assim, atrav\u00e9s de\u00a010 esta\u00e7\u00f5es valendo o m\u00e1ximo de 10 pontos, os inscritos realizar\u00e3o tarefas espec\u00edficas correspondentes \u00e0s 5 grandes \u00e1reas m\u00e9dicas:<\/p>\n<ul style=\"font-size: 16px;\">\n<li style=\"font-size: 16px;\">Cl\u00ednica M\u00e9dica;<\/li>\n<li style=\"font-size: 16px;\">Cirurgia;<\/li>\n<li style=\"font-size: 16px;\">Pediatria;<\/li>\n<li style=\"font-size: 16px;\">Ginecologia e Obstetr\u00edcia;<\/li>\n<li style=\"font-size: 16px;\">Medicina da Fam\u00edlia e Comunidade.<\/li>\n<\/ul>\n<p>Desse modo,\u00a0totalizando 100 pontos, o exame ocorrer\u00e1 em dois dias que corresponder\u00e3o ao final de semana inteiro.<\/p>\n<p>Ademais, esta etapa cont\u00e9m a supervis\u00e3o presencial realizada pelos\u00a0chefes de esta\u00e7\u00e3o. Eles garantem as condi\u00e7\u00f5es para a realiza\u00e7\u00e3o da prova, que ser\u00e1 de forma presencial e depois remota, com a supervis\u00e3o feita\u00a0atrav\u00e9s de filmagens. Portanto, os avaliadores poder\u00e3o acessar as imagens e avaliar cada esta\u00e7\u00e3o com base no\u00a0Padr\u00e3o Esperado de Procedimentos (PEP), que corresponde ao checklist da fase. Ainda de acordo com o edital, cada participante dever\u00e1\u00a0portar o pr\u00f3prio jaleco.<\/p>\n<h2><span class=\"ez-toc-section\" id=\"Inscricoes_Revalida\"><\/span>Inscri\u00e7\u00f5es Revalida<span class=\"ez-toc-section-end\"><\/span><\/h2>\n<p>Pensando nisso, os candidatos aprovados na\u00a0<a href=\"https:\/\/www.grupomedcof.com.br\/blog\/nota-de-corte-revalida-2023-1\/\" target=\"_blank\" rel=\"noopener\">1\u00aa Etapa do Revalida<\/a>\u00a0poder\u00e3o se inscrever entre os dias\u00a015 e 19 de maio. A inscri\u00e7\u00e3o ser\u00e1 atrav\u00e9s do<a href=\"http:\/\/revalida.inep.gov.br\/revalida\/preCadastro\" target=\"_blank\" rel=\"noopener\">\u00a0Sistema Revalida<\/a>, logo ap\u00f3s a divulga\u00e7\u00e3o do Resultado Definitivo da etapa anterior, previsto para o dia\u00a08 de maio. Assim, o pagamento da taxa, estipulado no valor de\u00a0R$ 4.106,09, dever\u00e1 ser pago at\u00e9 o dia\u00a023 de maio de 2023.<\/p>\n<p>Al\u00e9m disso, vale ressaltar que n\u00e3o apenas os candidatos aprovados na 1\u00aa etapa do Revalida 2023.1 poder\u00e3o se inscrever. Nesta edi\u00e7\u00e3o,\u00a0os participantes reprovados na 2\u00aa etapa das\u00a0<a href=\"https:\/\/www.grupomedcof.com.br\/blog\/inep-retifica-cronograma-revalida-2023-1\/\" target=\"_blank\" rel=\"noopener\">edi\u00e7\u00f5es<\/a>\u00a0de 2022.1 e 2022.2 ter\u00e3o a chance de fazer a inscri\u00e7\u00e3o.\u00a0De acordo com o edital, as cidades em que ocorrer\u00e1 a aplica\u00e7\u00e3o da prova e o limite de vagas para cada local estar\u00e3o dispon\u00edveis posteriormente no Site do Revalida.<\/p>\n<h2><span class=\"ez-toc-section\" id=\"Edital_Revalida_20231\"><\/span><strong>Edital Revalida 2023.1<\/strong><span class=\"ez-toc-section-end\"><\/span><\/h2>\n<p>Portanto, veja abaixo o cronograma da\u00a0 2\u00aa etapa do Revalida 2023.1 com as principais datas contidas no edital divulgado pelo Inep:<\/p>\n<ul style=\"font-size: 16px;\">\n<li style=\"font-size: 16px;\">Inscri\u00e7\u00f5es:\u00a015 a 19\/05\/2023;<\/li>\n<li style=\"font-size: 16px;\">Pagamento da taxa de inscri\u00e7\u00e3o:\u00a0at\u00e9 23\/05\/2023;<\/li>\n<li style=\"font-size: 16px;\">Solicita\u00e7\u00e3o de atendimento especializado:\u00a015 a 19\/05\/2023;<\/li>\n<li style=\"font-size: 16px;\">Divulga\u00e7\u00e3o da nota de corte da 2\u00aa Etapa:\u00a0at\u00e9 24\/05\/2023;<\/li>\n<li style=\"font-size: 16px;\">Divulga\u00e7\u00e3o do cart\u00e3o de confirma\u00e7\u00e3o de inscri\u00e7\u00e3o:\u00a026\/05\/2023;<\/li>\n<li style=\"font-size: 16px;\">Aplica\u00e7\u00e3o:\u00a024 e 25\/06\/2023;<\/li>\n<li style=\"font-size: 16px;\">Divulga\u00e7\u00e3o da vers\u00e3o preliminar do Padr\u00e3o Esperado de Procedimentos (PEP):\u00a030\/06\/2023;<\/li>\n<li style=\"font-size: 16px;\">Per\u00edodo para recursos:\u00a030\/06 a 06\/07\/2023;<\/li>\n<li style=\"font-size: 16px;\">Resultados do recurso:\u00a024\/08\/2023;<\/li>\n<li style=\"font-size: 16px;\">Divulga\u00e7\u00e3o do resultado preliminar da prova de habilidades cl\u00ednicas:\u00a024\/08\/2023;<\/li>\n<li style=\"font-size: 16px;\">Per\u00edodo para recurso:\u00a024 a 30\/08\/2023;<\/li>\n<li style=\"font-size: 16px;\">Resultados dos recursos:\u00a029\/09\/2023;<\/li>\n<li style=\"font-size: 16px;\">Resultado final:\u00a029\/09\/2023; por fim<\/li>\n<li style=\"font-size: 16px;\">Indica\u00e7\u00e3o da universidade parceira:\u00a0a partir de 30\/09\/2023.<\/li>\n<\/ul>\n<h2><span class=\"ez-toc-section\" id=\"Conquiste_a_aprovacao\"><\/span><strong style=\"color: inherit; font-family: inherit; font-size: 2rem;\">Conquiste a aprova\u00e7\u00e3o!<\/strong><span class=\"ez-toc-section-end\"><\/span><\/h2>\n<p>O\u00a0<a href=\"https:\/\/www.grupomedcof.com.br\/links-revalida\/#\" target=\"_blank\" rel=\"noopener\">Grupo MedCof<\/a>\u00a0 tem um cat\u00e1logo repleto de cursos que ir\u00e3o te guiar na jornada \u00e0 Resid\u00eancia M\u00e9dica dos sonhos! Ent\u00e3o, confira os nossos cursos e\u00a0<a href=\"https:\/\/www.grupomedcof.com.br\/blog\/presenca-da-medcof-nas-aprovacoes-em-residencia-medica-no-brasil\/\">seja mais um aprovado<\/a>\u00a0nas melhores institui\u00e7\u00f5es do pa\u00eds.<\/p>\n<p><img loading=\"lazy\" decoding=\"async\" src=\"https:\/\/www.grupomedcof.com.br\/blog\/wp-content\/uploads\/2023\/02\/Medcod-Revalida-1024x528.png\" sizes=\"auto, (max-width: 800px) 100vw, 800px\" srcset=\"https:\/\/www.grupomedcof.com.br\/blog\/wp-content\/uploads\/2023\/02\/Medcod-Revalida-1024x528.png 1024w, https:\/\/www.grupomedcof.com.br\/blog\/wp-content\/uploads\/2023\/02\/Medcod-Revalida-300x155.png 300w, https:\/\/www.grupomedcof.com.br\/blog\/wp-content\/uploads\/2023\/02\/Medcod-Revalida-768x396.png 768w, https:\/\/www.grupomedcof.com.br\/blog\/wp-content\/uploads\/2023\/02\/Medcod-Revalida-1536x792.png 1536w, https:\/\/www.grupomedcof.com.br\/blog\/wp-content\/uploads\/2023\/02\/Medcod-Revalida.png 1663w\" alt=\"Confira ent\u00e3o o Revalida 2023 - Curso Medcof Revalida\" width=\"800\" height=\"413\" \/><\/p>\n","protected":false},"excerpt":{"rendered":"<p>O Inep antecipou a divulga\u00e7\u00e3o a nota de corte da 2\u00aa etapa do Revalida 2023.1! Saiba as principais informa\u00e7\u00f5es sobre a pr\u00f3xima etapa.<\/p>\n","protected":false},"author":6,"featured_media":7138,"comment_status":"open","ping_status":"open","sticky":false,"template":"","format":"standard","meta":{"footnotes":""},"categories":[221],"tags":[187,138],"ppma_author":[3609],"class_list":{"0":"post-7137","1":"post","2":"type-post","3":"status-publish","4":"format-standard","5":"has-post-thumbnail","7":"category-revalida","8":"tag-revalida-2023","9":"tag-revalidacao-de-diploma"},"yoast_head":"<!-- This site is optimized with the Yoast SEO Premium plugin v24.3 (Yoast SEO v27.5) - https:\/\/yoast.com\/product\/yoast-seo-premium-wordpress\/ -->\n<title>Nota de Corte 2\u00aa etapa Revalida 2023.1 - Blog de Medcof: conte\u00fados, editais, revalida e mais!<\/title>\n<meta name=\"description\" content=\"O Inep antecipou a divulga\u00e7\u00e3o a nota de corte da 2\u00aa etapa do Revalida 2023.1! Saiba as principais informa\u00e7\u00f5es sobre a pr\u00f3xima etapa.\" \/>\n<meta name=\"robots\" content=\"index, follow, max-snippet:-1, max-image-preview:large, max-video-preview:-1\" \/>\n<link rel=\"canonical\" href=\"https:\/\/www.grupomedcof.com.br\/blog\/nota-de-corte-2a-etapa-revalida-2023-1\/\" \/>\n<meta property=\"og:locale\" content=\"pt_BR\" \/>\n<meta property=\"og:type\" content=\"article\" \/>\n<meta property=\"og:title\" content=\"Nota de Corte 2\u00aa etapa Revalida 2023.1\" \/>\n<meta property=\"og:description\" content=\"O Inep antecipou a divulga\u00e7\u00e3o a nota de corte da 2\u00aa etapa do Revalida 2023.1! Saiba as principais informa\u00e7\u00f5es sobre a pr\u00f3xima etapa.\" \/>\n<meta property=\"og:url\" content=\"https:\/\/www.grupomedcof.com.br\/blog\/nota-de-corte-2a-etapa-revalida-2023-1\/\" \/>\n<meta property=\"og:site_name\" content=\"Blog de Medcof: conte\u00fados, editais, revalida e mais!\" \/>\n<meta property=\"article:publisher\" content=\"https:\/\/www.facebook.com\/MedCofQbank\/\" \/>\n<meta property=\"article:published_time\" content=\"2023-05-18T13:56:02+00:00\" \/>\n<meta property=\"article:modified_time\" content=\"2024-05-06T21:15:32+00:00\" \/>\n<meta property=\"og:image\" content=\"https:\/\/www.grupomedcof.com.br\/blog\/wp-content\/uploads\/2023\/05\/saiba-mais-sobre-a-2023-05-18T103019.035-1024x576.png\" \/>\n\t<meta property=\"og:image:width\" content=\"1024\" \/>\n\t<meta property=\"og:image:height\" content=\"576\" \/>\n\t<meta property=\"og:image:type\" content=\"image\/png\" \/>\n<meta name=\"author\" content=\"J\u00falia Moreira\" \/>\n<meta name=\"twitter:card\" content=\"summary_large_image\" \/>\n<meta name=\"twitter:label1\" content=\"Escrito por\" \/>\n\t<meta name=\"twitter:data1\" content=\"J\u00falia Moreira\" \/>\n\t<meta name=\"twitter:label2\" content=\"Est. tempo de leitura\" \/>\n\t<meta name=\"twitter:data2\" content=\"4 minutos\" \/>\n<script type=\"application\/ld+json\" class=\"yoast-schema-graph\">{\"@context\":\"https:\\\/\\\/schema.org\",\"@graph\":[{\"@type\":\"Article\",\"@id\":\"https:\\\/\\\/www.grupomedcof.com.br\\\/blog\\\/nota-de-corte-2a-etapa-revalida-2023-1\\\/#article\",\"isPartOf\":{\"@id\":\"https:\\\/\\\/www.grupomedcof.com.br\\\/blog\\\/nota-de-corte-2a-etapa-revalida-2023-1\\\/\"},\"author\":{\"name\":\"J\u00falia Moreira\",\"@id\":\"https:\\\/\\\/www.grupomedcof.com.br\\\/blog\\\/#\\\/schema\\\/person\\\/1375e0ce724529d7a1d8156ea7f8ceaa\"},\"headline\":\"Nota de Corte 2\u00aa etapa Revalida 2023.1\",\"datePublished\":\"2023-05-18T13:56:02+00:00\",\"dateModified\":\"2024-05-06T21:15:32+00:00\",\"mainEntityOfPage\":{\"@id\":\"https:\\\/\\\/www.grupomedcof.com.br\\\/blog\\\/nota-de-corte-2a-etapa-revalida-2023-1\\\/\"},\"wordCount\":631,\"commentCount\":0,\"publisher\":{\"@id\":\"https:\\\/\\\/www.grupomedcof.com.br\\\/blog\\\/#organization\"},\"image\":{\"@id\":\"https:\\\/\\\/www.grupomedcof.com.br\\\/blog\\\/nota-de-corte-2a-etapa-revalida-2023-1\\\/#primaryimage\"},\"thumbnailUrl\":\"https:\\\/\\\/www.grupomedcof.com.br\\\/blog\\\/wp-content\\\/uploads\\\/2023\\\/05\\\/saiba-mais-sobre-a-2023-05-18T103019.035.png\",\"keywords\":[\"Revalida 2023\",\"Revalida\u00e7\u00e3o de Diploma\"],\"articleSection\":[\"Revalida: informa\u00e7\u00f5es confi\u00e1veis e atualizadas\"],\"inLanguage\":\"pt-BR\"},{\"@type\":\"WebPage\",\"@id\":\"https:\\\/\\\/www.grupomedcof.com.br\\\/blog\\\/nota-de-corte-2a-etapa-revalida-2023-1\\\/\",\"url\":\"https:\\\/\\\/www.grupomedcof.com.br\\\/blog\\\/nota-de-corte-2a-etapa-revalida-2023-1\\\/\",\"name\":\"Nota de Corte 2\u00aa etapa Revalida 2023.1 - Blog de Medcof: conte\u00fados, editais, revalida e mais!\",\"isPartOf\":{\"@id\":\"https:\\\/\\\/www.grupomedcof.com.br\\\/blog\\\/#website\"},\"primaryImageOfPage\":{\"@id\":\"https:\\\/\\\/www.grupomedcof.com.br\\\/blog\\\/nota-de-corte-2a-etapa-revalida-2023-1\\\/#primaryimage\"},\"image\":{\"@id\":\"https:\\\/\\\/www.grupomedcof.com.br\\\/blog\\\/nota-de-corte-2a-etapa-revalida-2023-1\\\/#primaryimage\"},\"thumbnailUrl\":\"https:\\\/\\\/www.grupomedcof.com.br\\\/blog\\\/wp-content\\\/uploads\\\/2023\\\/05\\\/saiba-mais-sobre-a-2023-05-18T103019.035.png\",\"datePublished\":\"2023-05-18T13:56:02+00:00\",\"dateModified\":\"2024-05-06T21:15:32+00:00\",\"description\":\"O Inep antecipou a divulga\u00e7\u00e3o a nota de corte da 2\u00aa etapa do Revalida 2023.1! Saiba as principais informa\u00e7\u00f5es sobre a pr\u00f3xima etapa.\",\"breadcrumb\":{\"@id\":\"https:\\\/\\\/www.grupomedcof.com.br\\\/blog\\\/nota-de-corte-2a-etapa-revalida-2023-1\\\/#breadcrumb\"},\"inLanguage\":\"pt-BR\",\"potentialAction\":[{\"@type\":\"ReadAction\",\"target\":[\"https:\\\/\\\/www.grupomedcof.com.br\\\/blog\\\/nota-de-corte-2a-etapa-revalida-2023-1\\\/\"]}]},{\"@type\":\"ImageObject\",\"inLanguage\":\"pt-BR\",\"@id\":\"https:\\\/\\\/www.grupomedcof.com.br\\\/blog\\\/nota-de-corte-2a-etapa-revalida-2023-1\\\/#primaryimage\",\"url\":\"https:\\\/\\\/www.grupomedcof.com.br\\\/blog\\\/wp-content\\\/uploads\\\/2023\\\/05\\\/saiba-mais-sobre-a-2023-05-18T103019.035.png\",\"contentUrl\":\"https:\\\/\\\/www.grupomedcof.com.br\\\/blog\\\/wp-content\\\/uploads\\\/2023\\\/05\\\/saiba-mais-sobre-a-2023-05-18T103019.035.png\",\"width\":2560,\"height\":1440,\"caption\":\"O Inep antecipou a divulga\u00e7\u00e3o a nota de corte da 2\u00aa etapa do Revalida 2023.1! Saiba as principais informa\u00e7\u00f5es sobre a pr\u00f3xima etapa.\"},{\"@type\":\"BreadcrumbList\",\"@id\":\"https:\\\/\\\/www.grupomedcof.com.br\\\/blog\\\/nota-de-corte-2a-etapa-revalida-2023-1\\\/#breadcrumb\",\"itemListElement\":[{\"@type\":\"ListItem\",\"position\":1,\"name\":\"In\u00edcio\",\"item\":\"https:\\\/\\\/www.grupomedcof.com.br\\\/blog\\\/\"},{\"@type\":\"ListItem\",\"position\":2,\"name\":\"Nota de Corte 2\u00aa etapa Revalida 2023.1\"}]},{\"@type\":\"WebSite\",\"@id\":\"https:\\\/\\\/www.grupomedcof.com.br\\\/blog\\\/#website\",\"url\":\"https:\\\/\\\/www.grupomedcof.com.br\\\/blog\\\/\",\"name\":\"Blog de Medcof: conte\u00fados, editais, revalida e mais!\",\"description\":\"Acesso o blog de MedCof! Seu portal de conte\u00fados sobre resid\u00eancia m\u00e9dica, an\u00e1lise e editais e muito mais. Clique e confira!\",\"publisher\":{\"@id\":\"https:\\\/\\\/www.grupomedcof.com.br\\\/blog\\\/#organization\"},\"alternateName\":\"Blog de Medcof: conte\u00fados, editais, revalida e mais!\",\"potentialAction\":[{\"@type\":\"SearchAction\",\"target\":{\"@type\":\"EntryPoint\",\"urlTemplate\":\"https:\\\/\\\/www.grupomedcof.com.br\\\/blog\\\/?s={search_term_string}\"},\"query-input\":{\"@type\":\"PropertyValueSpecification\",\"valueRequired\":true,\"valueName\":\"search_term_string\"}}],\"inLanguage\":\"pt-BR\"},{\"@type\":\"Organization\",\"@id\":\"https:\\\/\\\/www.grupomedcof.com.br\\\/blog\\\/#organization\",\"name\":\"Grupo MedCof\",\"url\":\"https:\\\/\\\/www.grupomedcof.com.br\\\/blog\\\/\",\"logo\":{\"@type\":\"ImageObject\",\"inLanguage\":\"pt-BR\",\"@id\":\"https:\\\/\\\/www.grupomedcof.com.br\\\/blog\\\/#\\\/schema\\\/logo\\\/image\\\/\",\"url\":\"https:\\\/\\\/www.grupomedcof.com.br\\\/blog\\\/wp-content\\\/uploads\\\/2022\\\/01\\\/logo-medcof.png\",\"contentUrl\":\"https:\\\/\\\/www.grupomedcof.com.br\\\/blog\\\/wp-content\\\/uploads\\\/2022\\\/01\\\/logo-medcof.png\",\"width\":768,\"height\":269,\"caption\":\"Grupo MedCof\"},\"image\":{\"@id\":\"https:\\\/\\\/www.grupomedcof.com.br\\\/blog\\\/#\\\/schema\\\/logo\\\/image\\\/\"},\"sameAs\":[\"https:\\\/\\\/www.facebook.com\\\/MedCofQbank\\\/\",\"https:\\\/\\\/www.instagram.com\\\/grupomedcof\\\/\",\"https:\\\/\\\/br.linkedin.com\\\/company\\\/medcof\",\"https:\\\/\\\/www.youtube.com\\\/channel\\\/UCdHMuOHKICxcHwecxN8P-AA\"]},{\"@type\":\"Person\",\"@id\":\"https:\\\/\\\/www.grupomedcof.com.br\\\/blog\\\/#\\\/schema\\\/person\\\/1375e0ce724529d7a1d8156ea7f8ceaa\",\"name\":\"J\u00falia Moreira\",\"image\":{\"@type\":\"ImageObject\",\"inLanguage\":\"pt-BR\",\"@id\":\"https:\\\/\\\/www.grupomedcof.com.br\\\/blog\\\/wp-content\\\/uploads\\\/2024\\\/12\\\/cropped-Captura-de-tela-2023-12-15-094946-96x96.png6a0083ac34a0445de97d55fae63a4a41\",\"url\":\"https:\\\/\\\/www.grupomedcof.com.br\\\/blog\\\/wp-content\\\/uploads\\\/2024\\\/12\\\/cropped-Captura-de-tela-2023-12-15-094946-96x96.png\",\"contentUrl\":\"https:\\\/\\\/www.grupomedcof.com.br\\\/blog\\\/wp-content\\\/uploads\\\/2024\\\/12\\\/cropped-Captura-de-tela-2023-12-15-094946-96x96.png\",\"caption\":\"J\u00falia Moreira\"},\"description\":\"Estudante do 8\u00ba semestre de Jornalismo na ECA-USP, f\u00e3 de filmes de terror e m\u00fasica popular sul-coreana.\",\"sameAs\":[\"https:\\\/\\\/www.grupomedcof.com.br\\\/\"],\"url\":\"https:\\\/\\\/www.grupomedcof.com.br\\\/blog\\\/author\\\/julia\\\/\"}]}<\/script>\n<!-- \/ Yoast SEO Premium plugin. -->","yoast_head_json":{"title":"Nota de Corte 2\u00aa etapa Revalida 2023.1 - Blog de Medcof: conte\u00fados, editais, revalida e mais!","description":"O Inep antecipou a divulga\u00e7\u00e3o a nota de corte da 2\u00aa etapa do Revalida 2023.1! Saiba as principais informa\u00e7\u00f5es sobre a pr\u00f3xima etapa.","robots":{"index":"index","follow":"follow","max-snippet":"max-snippet:-1","max-image-preview":"max-image-preview:large","max-video-preview":"max-video-preview:-1"},"canonical":"https:\/\/www.grupomedcof.com.br\/blog\/nota-de-corte-2a-etapa-revalida-2023-1\/","og_locale":"pt_BR","og_type":"article","og_title":"Nota de Corte 2\u00aa etapa Revalida 2023.1","og_description":"O Inep antecipou a divulga\u00e7\u00e3o a nota de corte da 2\u00aa etapa do Revalida 2023.1! Saiba as principais informa\u00e7\u00f5es sobre a pr\u00f3xima etapa.","og_url":"https:\/\/www.grupomedcof.com.br\/blog\/nota-de-corte-2a-etapa-revalida-2023-1\/","og_site_name":"Blog de Medcof: conte\u00fados, editais, revalida e mais!","article_publisher":"https:\/\/www.facebook.com\/MedCofQbank\/","article_published_time":"2023-05-18T13:56:02+00:00","article_modified_time":"2024-05-06T21:15:32+00:00","og_image":[{"width":1024,"height":576,"url":"https:\/\/www.grupomedcof.com.br\/blog\/wp-content\/uploads\/2023\/05\/saiba-mais-sobre-a-2023-05-18T103019.035-1024x576.png","type":"image\/png"}],"author":"J\u00falia Moreira","twitter_card":"summary_large_image","twitter_misc":{"Escrito por":"J\u00falia Moreira","Est. tempo de leitura":"4 minutos"},"schema":{"@context":"https:\/\/schema.org","@graph":[{"@type":"Article","@id":"https:\/\/www.grupomedcof.com.br\/blog\/nota-de-corte-2a-etapa-revalida-2023-1\/#article","isPartOf":{"@id":"https:\/\/www.grupomedcof.com.br\/blog\/nota-de-corte-2a-etapa-revalida-2023-1\/"},"author":{"name":"J\u00falia Moreira","@id":"https:\/\/www.grupomedcof.com.br\/blog\/#\/schema\/person\/1375e0ce724529d7a1d8156ea7f8ceaa"},"headline":"Nota de Corte 2\u00aa etapa Revalida 2023.1","datePublished":"2023-05-18T13:56:02+00:00","dateModified":"2024-05-06T21:15:32+00:00","mainEntityOfPage":{"@id":"https:\/\/www.grupomedcof.com.br\/blog\/nota-de-corte-2a-etapa-revalida-2023-1\/"},"wordCount":631,"commentCount":0,"publisher":{"@id":"https:\/\/www.grupomedcof.com.br\/blog\/#organization"},"image":{"@id":"https:\/\/www.grupomedcof.com.br\/blog\/nota-de-corte-2a-etapa-revalida-2023-1\/#primaryimage"},"thumbnailUrl":"https:\/\/www.grupomedcof.com.br\/blog\/wp-content\/uploads\/2023\/05\/saiba-mais-sobre-a-2023-05-18T103019.035.png","keywords":["Revalida 2023","Revalida\u00e7\u00e3o de Diploma"],"articleSection":["Revalida: informa\u00e7\u00f5es confi\u00e1veis e atualizadas"],"inLanguage":"pt-BR"},{"@type":"WebPage","@id":"https:\/\/www.grupomedcof.com.br\/blog\/nota-de-corte-2a-etapa-revalida-2023-1\/","url":"https:\/\/www.grupomedcof.com.br\/blog\/nota-de-corte-2a-etapa-revalida-2023-1\/","name":"Nota de Corte 2\u00aa etapa Revalida 2023.1 - Blog de Medcof: conte\u00fados, editais, revalida e mais!","isPartOf":{"@id":"https:\/\/www.grupomedcof.com.br\/blog\/#website"},"primaryImageOfPage":{"@id":"https:\/\/www.grupomedcof.com.br\/blog\/nota-de-corte-2a-etapa-revalida-2023-1\/#primaryimage"},"image":{"@id":"https:\/\/www.grupomedcof.com.br\/blog\/nota-de-corte-2a-etapa-revalida-2023-1\/#primaryimage"},"thumbnailUrl":"https:\/\/www.grupomedcof.com.br\/blog\/wp-content\/uploads\/2023\/05\/saiba-mais-sobre-a-2023-05-18T103019.035.png","datePublished":"2023-05-18T13:56:02+00:00","dateModified":"2024-05-06T21:15:32+00:00","description":"O Inep antecipou a divulga\u00e7\u00e3o a nota de corte da 2\u00aa etapa do Revalida 2023.1! Saiba as principais informa\u00e7\u00f5es sobre a pr\u00f3xima etapa.","breadcrumb":{"@id":"https:\/\/www.grupomedcof.com.br\/blog\/nota-de-corte-2a-etapa-revalida-2023-1\/#breadcrumb"},"inLanguage":"pt-BR","potentialAction":[{"@type":"ReadAction","target":["https:\/\/www.grupomedcof.com.br\/blog\/nota-de-corte-2a-etapa-revalida-2023-1\/"]}]},{"@type":"ImageObject","inLanguage":"pt-BR","@id":"https:\/\/www.grupomedcof.com.br\/blog\/nota-de-corte-2a-etapa-revalida-2023-1\/#primaryimage","url":"https:\/\/www.grupomedcof.com.br\/blog\/wp-content\/uploads\/2023\/05\/saiba-mais-sobre-a-2023-05-18T103019.035.png","contentUrl":"https:\/\/www.grupomedcof.com.br\/blog\/wp-content\/uploads\/2023\/05\/saiba-mais-sobre-a-2023-05-18T103019.035.png","width":2560,"height":1440,"caption":"O Inep antecipou a divulga\u00e7\u00e3o a nota de corte da 2\u00aa etapa do Revalida 2023.1! Saiba as principais informa\u00e7\u00f5es sobre a pr\u00f3xima etapa."},{"@type":"BreadcrumbList","@id":"https:\/\/www.grupomedcof.com.br\/blog\/nota-de-corte-2a-etapa-revalida-2023-1\/#breadcrumb","itemListElement":[{"@type":"ListItem","position":1,"name":"In\u00edcio","item":"https:\/\/www.grupomedcof.com.br\/blog\/"},{"@type":"ListItem","position":2,"name":"Nota de Corte 2\u00aa etapa Revalida 2023.1"}]},{"@type":"WebSite","@id":"https:\/\/www.grupomedcof.com.br\/blog\/#website","url":"https:\/\/www.grupomedcof.com.br\/blog\/","name":"Blog de Medcof: conte\u00fados, editais, revalida e mais!","description":"Acesso o blog de MedCof! Seu portal de conte\u00fados sobre resid\u00eancia m\u00e9dica, an\u00e1lise e editais e muito mais. Clique e confira!","publisher":{"@id":"https:\/\/www.grupomedcof.com.br\/blog\/#organization"},"alternateName":"Blog de Medcof: conte\u00fados, editais, revalida e mais!","potentialAction":[{"@type":"SearchAction","target":{"@type":"EntryPoint","urlTemplate":"https:\/\/www.grupomedcof.com.br\/blog\/?s={search_term_string}"},"query-input":{"@type":"PropertyValueSpecification","valueRequired":true,"valueName":"search_term_string"}}],"inLanguage":"pt-BR"},{"@type":"Organization","@id":"https:\/\/www.grupomedcof.com.br\/blog\/#organization","name":"Grupo MedCof","url":"https:\/\/www.grupomedcof.com.br\/blog\/","logo":{"@type":"ImageObject","inLanguage":"pt-BR","@id":"https:\/\/www.grupomedcof.com.br\/blog\/#\/schema\/logo\/image\/","url":"https:\/\/www.grupomedcof.com.br\/blog\/wp-content\/uploads\/2022\/01\/logo-medcof.png","contentUrl":"https:\/\/www.grupomedcof.com.br\/blog\/wp-content\/uploads\/2022\/01\/logo-medcof.png","width":768,"height":269,"caption":"Grupo MedCof"},"image":{"@id":"https:\/\/www.grupomedcof.com.br\/blog\/#\/schema\/logo\/image\/"},"sameAs":["https:\/\/www.facebook.com\/MedCofQbank\/","https:\/\/www.instagram.com\/grupomedcof\/","https:\/\/br.linkedin.com\/company\/medcof","https:\/\/www.youtube.com\/channel\/UCdHMuOHKICxcHwecxN8P-AA"]},{"@type":"Person","@id":"https:\/\/www.grupomedcof.com.br\/blog\/#\/schema\/person\/1375e0ce724529d7a1d8156ea7f8ceaa","name":"J\u00falia Moreira","image":{"@type":"ImageObject","inLanguage":"pt-BR","@id":"https:\/\/www.grupomedcof.com.br\/blog\/wp-content\/uploads\/2024\/12\/cropped-Captura-de-tela-2023-12-15-094946-96x96.png6a0083ac34a0445de97d55fae63a4a41","url":"https:\/\/www.grupomedcof.com.br\/blog\/wp-content\/uploads\/2024\/12\/cropped-Captura-de-tela-2023-12-15-094946-96x96.png","contentUrl":"https:\/\/www.grupomedcof.com.br\/blog\/wp-content\/uploads\/2024\/12\/cropped-Captura-de-tela-2023-12-15-094946-96x96.png","caption":"J\u00falia Moreira"},"description":"Estudante do 8\u00ba semestre de Jornalismo na ECA-USP, f\u00e3 de filmes de terror e m\u00fasica popular sul-coreana.","sameAs":["https:\/\/www.grupomedcof.com.br\/"],"url":"https:\/\/www.grupomedcof.com.br\/blog\/author\/julia\/"}]}},"authors":[{"term_id":3609,"user_id":6,"is_guest":0,"slug":"julia","display_name":"J\u00falia Moreira","avatar_url":"https:\/\/www.grupomedcof.com.br\/blog\/wp-content\/uploads\/2024\/12\/cropped-Captura-de-tela-2023-12-15-094946-96x96.png","0":null,"1":"","2":"","3":"","4":"","5":"","6":"","7":"","8":""}],"_links":{"self":[{"href":"https:\/\/www.grupomedcof.com.br\/blog\/wp-json\/wp\/v2\/posts\/7137","targetHints":{"allow":["GET"]}}],"collection":[{"href":"https:\/\/www.grupomedcof.com.br\/blog\/wp-json\/wp\/v2\/posts"}],"about":[{"href":"https:\/\/www.grupomedcof.com.br\/blog\/wp-json\/wp\/v2\/types\/post"}],"author":[{"embeddable":true,"href":"https:\/\/www.grupomedcof.com.br\/blog\/wp-json\/wp\/v2\/users\/6"}],"replies":[{"embeddable":true,"href":"https:\/\/www.grupomedcof.com.br\/blog\/wp-json\/wp\/v2\/comments?post=7137"}],"version-history":[{"count":0,"href":"https:\/\/www.grupomedcof.com.br\/blog\/wp-json\/wp\/v2\/posts\/7137\/revisions"}],"wp:featuredmedia":[{"embeddable":true,"href":"https:\/\/www.grupomedcof.com.br\/blog\/wp-json\/wp\/v2\/media\/7138"}],"wp:attachment":[{"href":"https:\/\/www.grupomedcof.com.br\/blog\/wp-json\/wp\/v2\/media?parent=7137"}],"wp:term":[{"taxonomy":"category","embeddable":true,"href":"https:\/\/www.grupomedcof.com.br\/blog\/wp-json\/wp\/v2\/categories?post=7137"},{"taxonomy":"post_tag","embeddable":true,"href":"https:\/\/www.grupomedcof.com.br\/blog\/wp-json\/wp\/v2\/tags?post=7137"},{"taxonomy":"author","embeddable":true,"href":"https:\/\/www.grupomedcof.com.br\/blog\/wp-json\/wp\/v2\/ppma_author?post=7137"}],"curies":[{"name":"wp","href":"https:\/\/api.w.org\/{rel}","templated":true}]}}