{"id":7350,"date":"2023-05-22T14:56:38","date_gmt":"2023-05-22T17:56:38","guid":{"rendered":"https:\/\/www.grupomedcof.com.br\/blog\/?p=7350"},"modified":"2023-05-22T14:56:38","modified_gmt":"2023-05-22T17:56:38","slug":"cargos-medicos-prefeitura-de-dois-vizinhos","status":"publish","type":"post","link":"https:\/\/www.grupomedcof.com.br\/blog\/cargos-medicos-prefeitura-de-dois-vizinhos\/","title":{"rendered":"Cargos M\u00e9dicos: Prefeitura de Dois Vizinhos"},"content":{"rendered":"<div id=\"ez-toc-container\" class=\"ez-toc-v2_0_74 counter-hierarchy ez-toc-counter ez-toc-transparent ez-toc-container-direction\">\n<div class=\"ez-toc-title-container\">\n<p class=\"ez-toc-title\" style=\"cursor:inherit\">Sum\u00e1rio<\/p>\n<span class=\"ez-toc-title-toggle\"><a href=\"#\" class=\"ez-toc-pull-right ez-toc-btn ez-toc-btn-xs ez-toc-btn-default ez-toc-toggle\" aria-label=\"Alternar tabela de conte\u00fado\"><span class=\"ez-toc-js-icon-con\"><span class=\"\"><span class=\"eztoc-hide\" style=\"display:none;\">Toggle<\/span><span class=\"ez-toc-icon-toggle-span\"><svg style=\"fill: #999;color:#999\" xmlns=\"http:\/\/www.w3.org\/2000\/svg\" class=\"list-377408\" width=\"20px\" height=\"20px\" viewBox=\"0 0 24 24\" fill=\"none\"><path d=\"M6 6H4v2h2V6zm14 0H8v2h12V6zM4 11h2v2H4v-2zm16 0H8v2h12v-2zM4 16h2v2H4v-2zm16 0H8v2h12v-2z\" fill=\"currentColor\"><\/path><\/svg><svg style=\"fill: #999;color:#999\" class=\"arrow-unsorted-368013\" xmlns=\"http:\/\/www.w3.org\/2000\/svg\" width=\"10px\" height=\"10px\" viewBox=\"0 0 24 24\" version=\"1.2\" baseProfile=\"tiny\"><path d=\"M18.2 9.3l-6.2-6.3-6.2 6.3c-.2.2-.3.4-.3.7s.1.5.3.7c.2.2.4.3.7.3h11c.3 0 .5-.1.7-.3.2-.2.3-.5.3-.7s-.1-.5-.3-.7zM5.8 14.7l6.2 6.3 6.2-6.3c.2-.2.3-.5.3-.7s-.1-.5-.3-.7c-.2-.2-.4-.3-.7-.3h-11c-.3 0-.5.1-.7.3-.2.2-.3.5-.3.7s.1.5.3.7z\"\/><\/svg><\/span><\/span><\/span><\/a><\/span><\/div>\n<nav><ul class='ez-toc-list ez-toc-list-level-1 ' ><li class='ez-toc-page-1 ez-toc-heading-level-2'><a class=\"ez-toc-link ez-toc-heading-1\" href=\"https:\/\/www.grupomedcof.com.br\/blog\/cargos-medicos-prefeitura-de-dois-vizinhos\/#Saiba_mais\" >Saiba mais<\/a><\/li><li class='ez-toc-page-1 ez-toc-heading-level-2'><a class=\"ez-toc-link ez-toc-heading-2\" href=\"https:\/\/www.grupomedcof.com.br\/blog\/cargos-medicos-prefeitura-de-dois-vizinhos\/#Cargos_Medicos_Prefeitura_de_Dois_Vizinhos\" >Cargos M\u00e9dicos: Prefeitura de Dois Vizinhos<\/a><\/li><li class='ez-toc-page-1 ez-toc-heading-level-2'><a class=\"ez-toc-link ez-toc-heading-3\" href=\"https:\/\/www.grupomedcof.com.br\/blog\/cargos-medicos-prefeitura-de-dois-vizinhos\/#Prefeitura_de_Dois_Vizinhos_Vagas_oferecidas\" >Prefeitura de Dois Vizinhos:\u00a0Vagas oferecidas<\/a><\/li><li class='ez-toc-page-1 ez-toc-heading-level-2'><a class=\"ez-toc-link ez-toc-heading-4\" href=\"https:\/\/www.grupomedcof.com.br\/blog\/cargos-medicos-prefeitura-de-dois-vizinhos\/#Processo_seletivo\" >Processo seletivo<\/a><\/li><li class='ez-toc-page-1 ez-toc-heading-level-2'><a class=\"ez-toc-link ez-toc-heading-5\" href=\"https:\/\/www.grupomedcof.com.br\/blog\/cargos-medicos-prefeitura-de-dois-vizinhos\/#i\" >\u00a0<\/a><\/li><li class='ez-toc-page-1 ez-toc-heading-level-2'><a class=\"ez-toc-link ez-toc-heading-6\" href=\"https:\/\/www.grupomedcof.com.br\/blog\/cargos-medicos-prefeitura-de-dois-vizinhos\/#Prefeitura_de_Dois_Vizinhos_Cronograma\" >Prefeitura de Dois Vizinhos: Cronograma<\/a><\/li><li class='ez-toc-page-1 ez-toc-heading-level-2'><a class=\"ez-toc-link ez-toc-heading-7\" href=\"https:\/\/www.grupomedcof.com.br\/blog\/cargos-medicos-prefeitura-de-dois-vizinhos\/#Conquiste_a_aprovacao\" >Conquiste a aprova\u00e7\u00e3o!<\/a><\/li><li class='ez-toc-page-1 ez-toc-heading-level-2'><a class=\"ez-toc-link ez-toc-heading-8\" href=\"https:\/\/www.grupomedcof.com.br\/blog\/cargos-medicos-prefeitura-de-dois-vizinhos\/#Grupo_MedCof\" >Grupo MedCof<\/a><\/li><\/ul><\/nav><\/div>\n<p><img loading=\"lazy\" decoding=\"async\" width=\"800\" height=\"450\" src=\"https:\/\/www.grupomedcof.com.br\/blog\/wp-content\/uploads\/2023\/05\/Blog-MedCof-11-1024x576.png\" alt=\"processo seletivo prefeitura de dois vizinhos\" srcset=\"https:\/\/www.grupomedcof.com.br\/blog\/wp-content\/uploads\/2023\/05\/Blog-MedCof-11-1024x576.png 1024w, https:\/\/www.grupomedcof.com.br\/blog\/wp-content\/uploads\/2023\/05\/Blog-MedCof-11-300x169.png 300w, https:\/\/www.grupomedcof.com.br\/blog\/wp-content\/uploads\/2023\/05\/Blog-MedCof-11-768x432.png 768w, https:\/\/www.grupomedcof.com.br\/blog\/wp-content\/uploads\/2023\/05\/Blog-MedCof-11-1536x864.png 1536w, https:\/\/www.grupomedcof.com.br\/blog\/wp-content\/uploads\/2023\/05\/Blog-MedCof-11-2048x1152.png 2048w\" sizes=\"auto, (max-width: 800px) 100vw, 800px\" \/>\t\t\t\t\t\t\t\t\t\t\t\t\t\t\t<\/p>\n<p>A Prefeitura de Dois Vizinhos, Paran\u00e1, publicou o<a style=\"background-color: #ffffff;\" href=\"https:\/\/www.concursosfau.com.br\/novo\/concurso\/pmdve\" target=\"_blank\" rel=\"noopener\">&nbsp;<strong>edital para o processo seletivo<\/strong><\/a><strong>&nbsp;de cargos m\u00e9dicos no munic\u00edpio<\/strong>. Assim, as <strong>inscri\u00e7\u00f5es v\u00e3o entre os dias 19 de maio<\/strong> <strong>e 02 de junho de 2023<\/strong>, j\u00e1 a remunera\u00e7\u00e3o pode passar de R$ 20 mil.<\/p>\n<h2><span class=\"ez-toc-section\" id=\"Saiba_mais\"><\/span>\n\t\t\t\tSaiba mais\t\t\t<span class=\"ez-toc-section-end\"><\/span><\/h2>\n<h2 style=\"font-family: Poppins, sans-serif; color: #7a7a7a;\"><span class=\"ez-toc-section\" id=\"Cargos_Medicos_Prefeitura_de_Dois_Vizinhos\"><\/span>Cargos M\u00e9dicos: Prefeitura de Dois Vizinhos<span class=\"ez-toc-section-end\"><\/span><\/h2>\n<p>Ao todo, o processo seletivo aberto pela prefeitura conta com <strong>79 vagas, sendo 16 delas dedicadas \u00e0 \u00e1rea m\u00e9dica<\/strong>. Sendo assim<strong>, entre os dias 19 de maio e 02 de junho,<\/strong> tanto m\u00e9dicos generalistas ou especialistas poder\u00e3o se candidatar \u00e0s vagas, bem como realizar o cadastro reserva mediante o pagamento da taxa no valor de <strong>R$ 150,00.<\/strong><\/p>\n<h2 style=\"font-family: Poppins, sans-serif; color: #7a7a7a;\"><span class=\"ez-toc-section\" id=\"Prefeitura_de_Dois_Vizinhos_Vagas_oferecidas\"><\/span>Prefeitura de Dois Vizinhos:\u00a0Vagas oferecidas<span class=\"ez-toc-section-end\"><\/span><\/h2>\n<p>Pensando nisso, veja abaixo as vagas ofertadas contidas no edital. Todas as especialidades possuem possibilidade de cadastramento reserva.<\/p>\n<table style=\"background-color: #ffffff; width: 800px;\">\n<thead>\n<tr>\n<th style=\"border-color: rgba(128, 128, 128, 0.5);\">Cargo<\/th>\n<th style=\"border-color: rgba(128, 128, 128, 0.5);\" data-align=\"center\">Carga Hor\u00e1ria Semanal<\/th>\n<th style=\"border-color: rgba(128, 128, 128, 0.5);\" data-align=\"center\">Vagas<\/th>\n<th style=\"border-color: rgba(128, 128, 128, 0.5);\" data-align=\"center\">Remunera\u00e7\u00e3o<\/th>\n<\/tr>\n<\/thead>\n<tbody>\n<tr>\n<td style=\"border-color: rgba(128, 128, 128, 0.5); background-color: rgba(128, 128, 128, 0.07);\">M\u00e9dico Cirurgi\u00e3o Geral<\/td>\n<td style=\"border-color: rgba(128, 128, 128, 0.5); background-color: rgba(128, 128, 128, 0.07);\" data-align=\"center\">20h<\/td>\n<td style=\"border-color: rgba(128, 128, 128, 0.5); background-color: rgba(128, 128, 128, 0.07);\" data-align=\"center\">01+CR<\/td>\n<td style=\"border-color: rgba(128, 128, 128, 0.5); background-color: rgba(128, 128, 128, 0.07);\" data-align=\"center\">14.020,57<\/td>\n<\/tr>\n<tr>\n<td style=\"border-color: rgba(128, 128, 128, 0.5);\">M\u00e9dico Cl\u00ednico Geral<br \/>(Generalista)<\/td>\n<td style=\"border-color: rgba(128, 128, 128, 0.5);\" data-align=\"center\">40h<\/td>\n<td style=\"border-color: rgba(128, 128, 128, 0.5);\" data-align=\"center\">04+CR+01 (vaga reservada para afrodescentes)<\/td>\n<td style=\"border-color: rgba(128, 128, 128, 0.5);\" data-align=\"center\">20.798,28<\/td>\n<\/tr>\n<tr>\n<td style=\"border-color: rgba(128, 128, 128, 0.5); background-color: rgba(128, 128, 128, 0.07);\">M\u00e9dico Dermatologista<\/td>\n<td style=\"border-color: rgba(128, 128, 128, 0.5); background-color: rgba(128, 128, 128, 0.07);\" data-align=\"center\">20h<\/td>\n<td style=\"border-color: rgba(128, 128, 128, 0.5); background-color: rgba(128, 128, 128, 0.07);\" data-align=\"center\">01+CR<\/td>\n<td style=\"border-color: rgba(128, 128, 128, 0.5); background-color: rgba(128, 128, 128, 0.07);\" data-align=\"center\">14.020,57<\/td>\n<\/tr>\n<tr>\n<td style=\"border-color: rgba(128, 128, 128, 0.5);\">M\u00e9dico<br \/>Endocrinologista<\/td>\n<td style=\"border-color: rgba(128, 128, 128, 0.5);\" data-align=\"center\">20h<\/td>\n<td style=\"border-color: rgba(128, 128, 128, 0.5);\" data-align=\"center\">01+CR<\/td>\n<td style=\"border-color: rgba(128, 128, 128, 0.5);\" data-align=\"center\">14.020,57<\/td>\n<\/tr>\n<tr>\n<td style=\"border-color: rgba(128, 128, 128, 0.5); background-color: rgba(128, 128, 128, 0.07);\">M\u00e9dico<br \/>Gastroenterologista<\/td>\n<td style=\"border-color: rgba(128, 128, 128, 0.5); background-color: rgba(128, 128, 128, 0.07);\" data-align=\"center\">20h<\/td>\n<td style=\"border-color: rgba(128, 128, 128, 0.5); background-color: rgba(128, 128, 128, 0.07);\" data-align=\"center\">01+CR<\/td>\n<td style=\"border-color: rgba(128, 128, 128, 0.5); background-color: rgba(128, 128, 128, 0.07);\" data-align=\"center\">14.020,57<\/td>\n<\/tr>\n<tr>\n<td style=\"border-color: rgba(128, 128, 128, 0.5);\">M\u00e9dico Geriatra<\/td>\n<td style=\"border-color: rgba(128, 128, 128, 0.5);\" data-align=\"center\">20h<\/td>\n<td style=\"border-color: rgba(128, 128, 128, 0.5);\" data-align=\"center\">01+CR<\/td>\n<td style=\"border-color: rgba(128, 128, 128, 0.5);\" data-align=\"center\">14.020,57<\/td>\n<\/tr>\n<tr>\n<td style=\"border-color: rgba(128, 128, 128, 0.5); background-color: rgba(128, 128, 128, 0.07);\">M\u00e9dico Ginecologista<br \/>e Obstetra<\/td>\n<td style=\"border-color: rgba(128, 128, 128, 0.5); background-color: rgba(128, 128, 128, 0.07);\" data-align=\"center\">20h<\/td>\n<td style=\"border-color: rgba(128, 128, 128, 0.5); background-color: rgba(128, 128, 128, 0.07);\" data-align=\"center\">01+CR<\/td>\n<td style=\"border-color: rgba(128, 128, 128, 0.5); background-color: rgba(128, 128, 128, 0.07);\" data-align=\"center\">14.020,57<\/td>\n<\/tr>\n<tr>\n<td style=\"border-color: rgba(128, 128, 128, 0.5);\">M\u00e9dico Neurologista<\/td>\n<td style=\"border-color: rgba(128, 128, 128, 0.5);\" data-align=\"center\">20h<\/td>\n<td style=\"border-color: rgba(128, 128, 128, 0.5);\" data-align=\"center\">01+CR<\/td>\n<td style=\"border-color: rgba(128, 128, 128, 0.5);\" data-align=\"center\">14.020,57<\/td>\n<\/tr>\n<tr>\n<td style=\"border-color: rgba(128, 128, 128, 0.5); background-color: rgba(128, 128, 128, 0.07);\">M\u00e9dico Ortopedista<\/td>\n<td style=\"border-color: rgba(128, 128, 128, 0.5); background-color: rgba(128, 128, 128, 0.07);\" data-align=\"center\">20h<\/td>\n<td style=\"border-color: rgba(128, 128, 128, 0.5); background-color: rgba(128, 128, 128, 0.07);\" data-align=\"center\">01+CR<\/td>\n<td style=\"border-color: rgba(128, 128, 128, 0.5); background-color: rgba(128, 128, 128, 0.07);\" data-align=\"center\">14.020,57<\/td>\n<\/tr>\n<tr>\n<td style=\"border-color: rgba(128, 128, 128, 0.5);\">M\u00e9dico Pediatra<\/td>\n<td style=\"border-color: rgba(128, 128, 128, 0.5);\" data-align=\"center\">20h<\/td>\n<td style=\"border-color: rgba(128, 128, 128, 0.5);\" data-align=\"center\">01+CR<\/td>\n<td style=\"border-color: rgba(128, 128, 128, 0.5);\" data-align=\"center\">14.020,57<\/td>\n<\/tr>\n<tr>\n<td style=\"border-color: rgba(128, 128, 128, 0.5); background-color: rgba(128, 128, 128, 0.07);\">M\u00e9dico Psiquiatra<\/td>\n<td style=\"border-color: rgba(128, 128, 128, 0.5); background-color: rgba(128, 128, 128, 0.07);\" data-align=\"center\">20h<\/td>\n<td style=\"border-color: rgba(128, 128, 128, 0.5); background-color: rgba(128, 128, 128, 0.07);\" data-align=\"center\">01+CR<\/td>\n<td style=\"border-color: rgba(128, 128, 128, 0.5); background-color: rgba(128, 128, 128, 0.07);\" data-align=\"center\">14.020,57<\/td>\n<\/tr>\n<tr>\n<td style=\"border-color: rgba(128, 128, 128, 0.5);\">M\u00e9dico Urologista<\/td>\n<td style=\"border-color: rgba(128, 128, 128, 0.5);\" data-align=\"center\">20h<\/td>\n<td style=\"border-color: rgba(128, 128, 128, 0.5);\" data-align=\"center\">01+CR<\/td>\n<td style=\"border-color: rgba(128, 128, 128, 0.5);\" data-align=\"center\">14.020,57<\/td>\n<\/tr>\n<\/tbody>\n<\/table>\n<h2><span class=\"ez-toc-section\" id=\"Processo_seletivo\"><\/span><strong style=\"color: inherit; font-family: inherit; font-size: 2rem;\">Processo seletivo<\/strong><span class=\"ez-toc-section-end\"><\/span><\/h2>\n<p>Dessa forma, o processo seletivo para cargos m\u00e9dicos para a Prefeitura de Dois Vizinhos contar\u00e1 com <strong>uma \u00fanica fase avaliativa<\/strong>, uma prova objetiva. Assim, com<strong> 50 quest\u00f5es de m\u00faltipla escolha<\/strong>, a aplica\u00e7\u00e3o acontecer\u00e1 no dia <strong>02 de julho de 2023 na cidade de Dois Vizinhos durante 4 horas<\/strong>. Portanto, de car\u00e1ter eliminat\u00f3rio e classificat\u00f3rio a nota m\u00e1xima ser\u00e1 de 100 pontos, sendo o exigido o <strong>m\u00ednimo de 50% de acertos<\/strong> para estar habilitado. Veja ent\u00e3o os conte\u00fados contidos na prova objetiva:<\/p>\n<table>\n<thead>\n<tr>\n<th>\u00c1rea do Conhecimento<\/th>\n<th data-align=\"center\">N\u00ba de quest\u00f5es<\/th>\n<th data-align=\"center\">Pontua\u00e7\u00e3o por Quest\u00e3o<\/th>\n<th data-align=\"center\">Pontua\u00e7\u00e3o total<\/th>\n<\/tr>\n<\/thead>\n<tbody>\n<tr>\n<td>L\u00edngua Portuguesa<\/td>\n<td data-align=\"center\">10<\/td>\n<td data-align=\"center\">2,00<\/td>\n<td data-align=\"center\">20,00<\/td>\n<\/tr>\n<tr>\n<td>Matem\u00e1tica\/racioc\u00ednio l\u00f3gico<\/td>\n<td data-align=\"center\">10<\/td>\n<td data-align=\"center\">1,00<\/td>\n<td data-align=\"center\">10,00<\/td>\n<\/tr>\n<tr>\n<td>Conhecimentos Gerais<\/td>\n<td data-align=\"center\">10<\/td>\n<td data-align=\"center\">1,00<\/td>\n<td data-align=\"center\">10,00<\/td>\n<\/tr>\n<tr>\n<td>Conhecimentos Espec\u00edficos<\/td>\n<td data-align=\"center\">20<\/td>\n<td data-align=\"center\">3,00<\/td>\n<td data-align=\"center\">60,00<\/td>\n<\/tr>\n<\/tbody>\n<\/table>\n<h2><span class=\"ez-toc-section\" id=\"i\"><\/span>\u00a0<span class=\"ez-toc-section-end\"><\/span><\/h2>\n<h2><span class=\"ez-toc-section\" id=\"Prefeitura_de_Dois_Vizinhos_Cronograma\"><\/span><strong>Prefeitura de Dois Vizinhos: Cronograma<\/strong><span class=\"ez-toc-section-end\"><\/span><\/h2>\n<p>Por fim, o cronograma do processo seletivo \u00e9:<\/p>\n<table>\n<tbody>\n<tr>\n<td><strong>Inscri\u00e7\u00f5es<\/strong><\/td>\n<td data-align=\"center\">19\/05 a 02\/06\/2023<\/td>\n<\/tr>\n<tr>\n<td><strong>Solicita\u00e7\u00e3o de isen\u00e7\u00e3o\u00a0<\/strong><\/td>\n<td data-align=\"center\">22 e 23\/05\/2023<\/td>\n<\/tr>\n<tr>\n<td><strong>Local de prova<\/strong><\/td>\n<td data-align=\"center\">A partir de 28\/06\/2023<\/td>\n<\/tr>\n<tr>\n<td><strong>Prova objetiva<\/strong><\/td>\n<td data-align=\"center\">02\/07\/2023<\/td>\n<\/tr>\n<tr>\n<td><strong>Gabarito preliminar<\/strong><\/td>\n<td data-align=\"center\">At\u00e9 \u00e0s 19h do dia<br \/>posterior \u00e0 aplica\u00e7\u00e3o da prova objetiva<\/td>\n<\/tr>\n<tr>\n<td><strong>Recursos<\/strong><\/td>\n<td data-align=\"center\">Dois dias \u00fateis ap\u00f3s a publica\u00e7\u00e3o dos objetos<\/td>\n<\/tr>\n<\/tbody>\n<\/table>\n<section data-id=\"1a5ae50\" data-element_type=\"section\">\n<h2><span class=\"ez-toc-section\" id=\"Conquiste_a_aprovacao\"><\/span><strong>Conquiste a aprova\u00e7\u00e3o!<\/strong><span class=\"ez-toc-section-end\"><\/span><\/h2>\n<\/section>\n<section data-id=\"5f13890\" data-element_type=\"section\">A\u00a0<a href=\"https:\/\/www.grupomedcof.com.br\/\" target=\"_blank\" rel=\"noopener\">Medcof<\/a>\u00a0tem um cat\u00e1logo repleto de cursos que te guiar\u00e3o na jornada \u00e0 Resid\u00eancia M\u00e9dica dos sonhos! Ent\u00e3o, confira os nossos cursos e seja<a href=\"https:\/\/www.grupomedcof.com.br\/blog\/presenca-da-medcof-nas-aprovacoes-em-residencia-medica-no-brasil\/\">\u00a0mais um aprovado<\/a> nas melhores institui\u00e7\u00f5es do pa\u00eds.<\/section>\n<p>\t\t\t\t\t\t\t\t\t\t\t\t\t\t\t<img loading=\"lazy\" decoding=\"async\" width=\"800\" height=\"397\" src=\"https:\/\/www.grupomedcof.com.br\/blog\/wp-content\/uploads\/2023\/03\/aprovados-1024x508.png\" alt=\"Aprovados medcof\" srcset=\"https:\/\/www.grupomedcof.com.br\/blog\/wp-content\/uploads\/2023\/03\/aprovados-1024x508.png 1024w, https:\/\/www.grupomedcof.com.br\/blog\/wp-content\/uploads\/2023\/03\/aprovados-300x149.png 300w, https:\/\/www.grupomedcof.com.br\/blog\/wp-content\/uploads\/2023\/03\/aprovados-768x381.png 768w, https:\/\/www.grupomedcof.com.br\/blog\/wp-content\/uploads\/2023\/03\/aprovados.png 1436w\" sizes=\"auto, (max-width: 800px) 100vw, 800px\" \/>\t\t\t\t\t\t\t\t\t\t\t\t\t\t\t<\/p>\n<h2 style=\"font-family: Poppins, sans-serif; color: #7a7a7a;\"><span class=\"ez-toc-section\" id=\"Grupo_MedCof\"><\/span><strong>Grupo MedCof<\/strong><span class=\"ez-toc-section-end\"><\/span><\/h2>\n<p><a href=\"https:\/\/www.grupomedcof.com.br\/\" target=\"_blank\" rel=\"noopener\">Conhe\u00e7a o Grupo MedCof<\/a>\u00a0e como conseguimos aprovar milhares de m\u00e9dicos nas melhores institui\u00e7\u00f5es do pa\u00eds.<\/p>\n<p>https:\/\/youtu.be\/V0ExWLs5dNE<\/p>\n","protected":false},"excerpt":{"rendered":"<p>A Prefeitura de Dois Vizinhos, Paran\u00e1, publicou o&nbsp;edital para o processo seletivo&nbsp;de cargos m\u00e9dicos no munic\u00edpio. Assim, as inscri\u00e7\u00f5es v\u00e3o entre os dias 19 de maio e 02 de junho de 2023, j\u00e1 a remunera\u00e7\u00e3o pode passar de R$ 20 mil. Saiba mais Cargos M\u00e9dicos: Prefeitura de Dois Vizinhos Ao todo, o processo seletivo aberto [&hellip;]<\/p>\n","protected":false},"author":6,"featured_media":7354,"comment_status":"open","ping_status":"open","sticky":false,"template":"","format":"standard","meta":{"footnotes":""},"categories":[55],"tags":[93],"ppma_author":[3609],"class_list":{"0":"post-7350","1":"post","2":"type-post","3":"status-publish","4":"format-standard","5":"has-post-thumbnail","7":"category-carreira-medica","8":"tag-especialidades-medicas"},"yoast_head":"<!-- This site is optimized with the Yoast SEO Premium plugin v24.3 (Yoast SEO v27.4) - https:\/\/yoast.com\/product\/yoast-seo-premium-wordpress\/ -->\n<title>Cargos M\u00e9dicos: Prefeitura de Dois Vizinhos - Blog de Medcof: conte\u00fados, editais, revalida e mais!<\/title>\n<meta name=\"description\" content=\"A Prefeitura de Dois Vizinhos publicou o edital para o processo seletivo de cargos m\u00e9dicos. As inscri\u00e7\u00f5es v\u00e3o at\u00e9 02 de junho. Saiba mais...\" \/>\n<meta name=\"robots\" content=\"index, follow, max-snippet:-1, max-image-preview:large, max-video-preview:-1\" \/>\n<link rel=\"canonical\" href=\"https:\/\/www.grupomedcof.com.br\/blog\/cargos-medicos-prefeitura-de-dois-vizinhos\/\" \/>\n<meta property=\"og:locale\" content=\"pt_BR\" \/>\n<meta property=\"og:type\" content=\"article\" \/>\n<meta property=\"og:title\" content=\"Cargos M\u00e9dicos: Prefeitura de Dois Vizinhos\" \/>\n<meta property=\"og:description\" content=\"A Prefeitura de Dois Vizinhos publicou o edital para o processo seletivo de cargos m\u00e9dicos. As inscri\u00e7\u00f5es v\u00e3o at\u00e9 02 de junho. Saiba mais...\" \/>\n<meta property=\"og:url\" content=\"https:\/\/www.grupomedcof.com.br\/blog\/cargos-medicos-prefeitura-de-dois-vizinhos\/\" \/>\n<meta property=\"og:site_name\" content=\"Blog de Medcof: conte\u00fados, editais, revalida e mais!\" \/>\n<meta property=\"article:publisher\" content=\"https:\/\/www.facebook.com\/MedCofQbank\/\" \/>\n<meta property=\"article:published_time\" content=\"2023-05-22T17:56:38+00:00\" \/>\n<meta property=\"og:image\" content=\"https:\/\/www.grupomedcof.com.br\/blog\/wp-content\/uploads\/2023\/05\/Blog-MedCof-11-1024x576.png\" \/>\n\t<meta property=\"og:image:width\" content=\"1024\" \/>\n\t<meta property=\"og:image:height\" content=\"576\" \/>\n\t<meta property=\"og:image:type\" content=\"image\/png\" \/>\n<meta name=\"author\" content=\"J\u00falia Moreira\" \/>\n<meta name=\"twitter:card\" content=\"summary_large_image\" \/>\n<meta name=\"twitter:label1\" content=\"Escrito por\" \/>\n\t<meta name=\"twitter:data1\" content=\"J\u00falia Moreira\" \/>\n\t<meta name=\"twitter:label2\" content=\"Est. tempo de leitura\" \/>\n\t<meta name=\"twitter:data2\" content=\"6 minutos\" \/>\n<script type=\"application\/ld+json\" class=\"yoast-schema-graph\">{\"@context\":\"https:\\\/\\\/schema.org\",\"@graph\":[{\"@type\":\"Article\",\"@id\":\"https:\\\/\\\/www.grupomedcof.com.br\\\/blog\\\/cargos-medicos-prefeitura-de-dois-vizinhos\\\/#article\",\"isPartOf\":{\"@id\":\"https:\\\/\\\/www.grupomedcof.com.br\\\/blog\\\/cargos-medicos-prefeitura-de-dois-vizinhos\\\/\"},\"author\":{\"name\":\"J\u00falia Moreira\",\"@id\":\"https:\\\/\\\/www.grupomedcof.com.br\\\/blog\\\/#\\\/schema\\\/person\\\/1375e0ce724529d7a1d8156ea7f8ceaa\"},\"headline\":\"Cargos M\u00e9dicos: Prefeitura de Dois Vizinhos\",\"datePublished\":\"2023-05-22T17:56:38+00:00\",\"mainEntityOfPage\":{\"@id\":\"https:\\\/\\\/www.grupomedcof.com.br\\\/blog\\\/cargos-medicos-prefeitura-de-dois-vizinhos\\\/\"},\"wordCount\":456,\"commentCount\":0,\"publisher\":{\"@id\":\"https:\\\/\\\/www.grupomedcof.com.br\\\/blog\\\/#organization\"},\"image\":{\"@id\":\"https:\\\/\\\/www.grupomedcof.com.br\\\/blog\\\/cargos-medicos-prefeitura-de-dois-vizinhos\\\/#primaryimage\"},\"thumbnailUrl\":\"https:\\\/\\\/www.grupomedcof.com.br\\\/blog\\\/wp-content\\\/uploads\\\/2023\\\/05\\\/Blog-MedCof-11.png\",\"keywords\":[\"Especialidades m\u00e9dicas\"],\"articleSection\":[\"Carreira M\u00e9dica\"],\"inLanguage\":\"pt-BR\"},{\"@type\":\"WebPage\",\"@id\":\"https:\\\/\\\/www.grupomedcof.com.br\\\/blog\\\/cargos-medicos-prefeitura-de-dois-vizinhos\\\/\",\"url\":\"https:\\\/\\\/www.grupomedcof.com.br\\\/blog\\\/cargos-medicos-prefeitura-de-dois-vizinhos\\\/\",\"name\":\"Cargos M\u00e9dicos: Prefeitura de Dois Vizinhos - Blog de Medcof: conte\u00fados, editais, revalida e mais!\",\"isPartOf\":{\"@id\":\"https:\\\/\\\/www.grupomedcof.com.br\\\/blog\\\/#website\"},\"primaryImageOfPage\":{\"@id\":\"https:\\\/\\\/www.grupomedcof.com.br\\\/blog\\\/cargos-medicos-prefeitura-de-dois-vizinhos\\\/#primaryimage\"},\"image\":{\"@id\":\"https:\\\/\\\/www.grupomedcof.com.br\\\/blog\\\/cargos-medicos-prefeitura-de-dois-vizinhos\\\/#primaryimage\"},\"thumbnailUrl\":\"https:\\\/\\\/www.grupomedcof.com.br\\\/blog\\\/wp-content\\\/uploads\\\/2023\\\/05\\\/Blog-MedCof-11.png\",\"datePublished\":\"2023-05-22T17:56:38+00:00\",\"description\":\"A Prefeitura de Dois Vizinhos publicou o edital para o processo seletivo de cargos m\u00e9dicos. As inscri\u00e7\u00f5es v\u00e3o at\u00e9 02 de junho. Saiba mais...\",\"breadcrumb\":{\"@id\":\"https:\\\/\\\/www.grupomedcof.com.br\\\/blog\\\/cargos-medicos-prefeitura-de-dois-vizinhos\\\/#breadcrumb\"},\"inLanguage\":\"pt-BR\",\"potentialAction\":[{\"@type\":\"ReadAction\",\"target\":[\"https:\\\/\\\/www.grupomedcof.com.br\\\/blog\\\/cargos-medicos-prefeitura-de-dois-vizinhos\\\/\"]}]},{\"@type\":\"ImageObject\",\"inLanguage\":\"pt-BR\",\"@id\":\"https:\\\/\\\/www.grupomedcof.com.br\\\/blog\\\/cargos-medicos-prefeitura-de-dois-vizinhos\\\/#primaryimage\",\"url\":\"https:\\\/\\\/www.grupomedcof.com.br\\\/blog\\\/wp-content\\\/uploads\\\/2023\\\/05\\\/Blog-MedCof-11.png\",\"contentUrl\":\"https:\\\/\\\/www.grupomedcof.com.br\\\/blog\\\/wp-content\\\/uploads\\\/2023\\\/05\\\/Blog-MedCof-11.png\",\"width\":2560,\"height\":1440,\"caption\":\"Prefeitura de Dois Vizinhos, publicou o edital para o processo seletivo de cargos m\u00e9dicos. As inscri\u00e7\u00f5es v\u00e3o at\u00e9 02 de junho. Saiba mais...\"},{\"@type\":\"BreadcrumbList\",\"@id\":\"https:\\\/\\\/www.grupomedcof.com.br\\\/blog\\\/cargos-medicos-prefeitura-de-dois-vizinhos\\\/#breadcrumb\",\"itemListElement\":[{\"@type\":\"ListItem\",\"position\":1,\"name\":\"In\u00edcio\",\"item\":\"https:\\\/\\\/www.grupomedcof.com.br\\\/blog\\\/\"},{\"@type\":\"ListItem\",\"position\":2,\"name\":\"Cargos M\u00e9dicos: Prefeitura de Dois Vizinhos\"}]},{\"@type\":\"WebSite\",\"@id\":\"https:\\\/\\\/www.grupomedcof.com.br\\\/blog\\\/#website\",\"url\":\"https:\\\/\\\/www.grupomedcof.com.br\\\/blog\\\/\",\"name\":\"Blog de Medcof: conte\u00fados, editais, revalida e mais!\",\"description\":\"Acesso o blog de MedCof! Seu portal de conte\u00fados sobre resid\u00eancia m\u00e9dica, an\u00e1lise e editais e muito mais. Clique e confira!\",\"publisher\":{\"@id\":\"https:\\\/\\\/www.grupomedcof.com.br\\\/blog\\\/#organization\"},\"alternateName\":\"Blog de Medcof: conte\u00fados, editais, revalida e mais!\",\"potentialAction\":[{\"@type\":\"SearchAction\",\"target\":{\"@type\":\"EntryPoint\",\"urlTemplate\":\"https:\\\/\\\/www.grupomedcof.com.br\\\/blog\\\/?s={search_term_string}\"},\"query-input\":{\"@type\":\"PropertyValueSpecification\",\"valueRequired\":true,\"valueName\":\"search_term_string\"}}],\"inLanguage\":\"pt-BR\"},{\"@type\":\"Organization\",\"@id\":\"https:\\\/\\\/www.grupomedcof.com.br\\\/blog\\\/#organization\",\"name\":\"Grupo MedCof\",\"url\":\"https:\\\/\\\/www.grupomedcof.com.br\\\/blog\\\/\",\"logo\":{\"@type\":\"ImageObject\",\"inLanguage\":\"pt-BR\",\"@id\":\"https:\\\/\\\/www.grupomedcof.com.br\\\/blog\\\/#\\\/schema\\\/logo\\\/image\\\/\",\"url\":\"https:\\\/\\\/www.grupomedcof.com.br\\\/blog\\\/wp-content\\\/uploads\\\/2022\\\/01\\\/logo-medcof.png\",\"contentUrl\":\"https:\\\/\\\/www.grupomedcof.com.br\\\/blog\\\/wp-content\\\/uploads\\\/2022\\\/01\\\/logo-medcof.png\",\"width\":768,\"height\":269,\"caption\":\"Grupo MedCof\"},\"image\":{\"@id\":\"https:\\\/\\\/www.grupomedcof.com.br\\\/blog\\\/#\\\/schema\\\/logo\\\/image\\\/\"},\"sameAs\":[\"https:\\\/\\\/www.facebook.com\\\/MedCofQbank\\\/\",\"https:\\\/\\\/www.instagram.com\\\/grupomedcof\\\/\",\"https:\\\/\\\/br.linkedin.com\\\/company\\\/medcof\",\"https:\\\/\\\/www.youtube.com\\\/channel\\\/UCdHMuOHKICxcHwecxN8P-AA\"]},{\"@type\":\"Person\",\"@id\":\"https:\\\/\\\/www.grupomedcof.com.br\\\/blog\\\/#\\\/schema\\\/person\\\/1375e0ce724529d7a1d8156ea7f8ceaa\",\"name\":\"J\u00falia Moreira\",\"image\":{\"@type\":\"ImageObject\",\"inLanguage\":\"pt-BR\",\"@id\":\"https:\\\/\\\/www.grupomedcof.com.br\\\/blog\\\/wp-content\\\/uploads\\\/2024\\\/12\\\/cropped-Captura-de-tela-2023-12-15-094946-96x96.png6a0083ac34a0445de97d55fae63a4a41\",\"url\":\"https:\\\/\\\/www.grupomedcof.com.br\\\/blog\\\/wp-content\\\/uploads\\\/2024\\\/12\\\/cropped-Captura-de-tela-2023-12-15-094946-96x96.png\",\"contentUrl\":\"https:\\\/\\\/www.grupomedcof.com.br\\\/blog\\\/wp-content\\\/uploads\\\/2024\\\/12\\\/cropped-Captura-de-tela-2023-12-15-094946-96x96.png\",\"caption\":\"J\u00falia Moreira\"},\"description\":\"Estudante do 8\u00ba semestre de Jornalismo na ECA-USP, f\u00e3 de filmes de terror e m\u00fasica popular sul-coreana.\",\"sameAs\":[\"https:\\\/\\\/www.grupomedcof.com.br\\\/\"],\"url\":\"https:\\\/\\\/www.grupomedcof.com.br\\\/blog\\\/author\\\/julia\\\/\"}]}<\/script>\n<!-- \/ Yoast SEO Premium plugin. -->","yoast_head_json":{"title":"Cargos M\u00e9dicos: Prefeitura de Dois Vizinhos - Blog de Medcof: conte\u00fados, editais, revalida e mais!","description":"A Prefeitura de Dois Vizinhos publicou o edital para o processo seletivo de cargos m\u00e9dicos. As inscri\u00e7\u00f5es v\u00e3o at\u00e9 02 de junho. Saiba mais...","robots":{"index":"index","follow":"follow","max-snippet":"max-snippet:-1","max-image-preview":"max-image-preview:large","max-video-preview":"max-video-preview:-1"},"canonical":"https:\/\/www.grupomedcof.com.br\/blog\/cargos-medicos-prefeitura-de-dois-vizinhos\/","og_locale":"pt_BR","og_type":"article","og_title":"Cargos M\u00e9dicos: Prefeitura de Dois Vizinhos","og_description":"A Prefeitura de Dois Vizinhos publicou o edital para o processo seletivo de cargos m\u00e9dicos. As inscri\u00e7\u00f5es v\u00e3o at\u00e9 02 de junho. Saiba mais...","og_url":"https:\/\/www.grupomedcof.com.br\/blog\/cargos-medicos-prefeitura-de-dois-vizinhos\/","og_site_name":"Blog de Medcof: conte\u00fados, editais, revalida e mais!","article_publisher":"https:\/\/www.facebook.com\/MedCofQbank\/","article_published_time":"2023-05-22T17:56:38+00:00","og_image":[{"width":1024,"height":576,"url":"https:\/\/www.grupomedcof.com.br\/blog\/wp-content\/uploads\/2023\/05\/Blog-MedCof-11-1024x576.png","type":"image\/png"}],"author":"J\u00falia Moreira","twitter_card":"summary_large_image","twitter_misc":{"Escrito por":"J\u00falia Moreira","Est. tempo de leitura":"6 minutos"},"schema":{"@context":"https:\/\/schema.org","@graph":[{"@type":"Article","@id":"https:\/\/www.grupomedcof.com.br\/blog\/cargos-medicos-prefeitura-de-dois-vizinhos\/#article","isPartOf":{"@id":"https:\/\/www.grupomedcof.com.br\/blog\/cargos-medicos-prefeitura-de-dois-vizinhos\/"},"author":{"name":"J\u00falia Moreira","@id":"https:\/\/www.grupomedcof.com.br\/blog\/#\/schema\/person\/1375e0ce724529d7a1d8156ea7f8ceaa"},"headline":"Cargos M\u00e9dicos: Prefeitura de Dois Vizinhos","datePublished":"2023-05-22T17:56:38+00:00","mainEntityOfPage":{"@id":"https:\/\/www.grupomedcof.com.br\/blog\/cargos-medicos-prefeitura-de-dois-vizinhos\/"},"wordCount":456,"commentCount":0,"publisher":{"@id":"https:\/\/www.grupomedcof.com.br\/blog\/#organization"},"image":{"@id":"https:\/\/www.grupomedcof.com.br\/blog\/cargos-medicos-prefeitura-de-dois-vizinhos\/#primaryimage"},"thumbnailUrl":"https:\/\/www.grupomedcof.com.br\/blog\/wp-content\/uploads\/2023\/05\/Blog-MedCof-11.png","keywords":["Especialidades m\u00e9dicas"],"articleSection":["Carreira M\u00e9dica"],"inLanguage":"pt-BR"},{"@type":"WebPage","@id":"https:\/\/www.grupomedcof.com.br\/blog\/cargos-medicos-prefeitura-de-dois-vizinhos\/","url":"https:\/\/www.grupomedcof.com.br\/blog\/cargos-medicos-prefeitura-de-dois-vizinhos\/","name":"Cargos M\u00e9dicos: Prefeitura de Dois Vizinhos - Blog de Medcof: conte\u00fados, editais, revalida e mais!","isPartOf":{"@id":"https:\/\/www.grupomedcof.com.br\/blog\/#website"},"primaryImageOfPage":{"@id":"https:\/\/www.grupomedcof.com.br\/blog\/cargos-medicos-prefeitura-de-dois-vizinhos\/#primaryimage"},"image":{"@id":"https:\/\/www.grupomedcof.com.br\/blog\/cargos-medicos-prefeitura-de-dois-vizinhos\/#primaryimage"},"thumbnailUrl":"https:\/\/www.grupomedcof.com.br\/blog\/wp-content\/uploads\/2023\/05\/Blog-MedCof-11.png","datePublished":"2023-05-22T17:56:38+00:00","description":"A Prefeitura de Dois Vizinhos publicou o edital para o processo seletivo de cargos m\u00e9dicos. As inscri\u00e7\u00f5es v\u00e3o at\u00e9 02 de junho. Saiba mais...","breadcrumb":{"@id":"https:\/\/www.grupomedcof.com.br\/blog\/cargos-medicos-prefeitura-de-dois-vizinhos\/#breadcrumb"},"inLanguage":"pt-BR","potentialAction":[{"@type":"ReadAction","target":["https:\/\/www.grupomedcof.com.br\/blog\/cargos-medicos-prefeitura-de-dois-vizinhos\/"]}]},{"@type":"ImageObject","inLanguage":"pt-BR","@id":"https:\/\/www.grupomedcof.com.br\/blog\/cargos-medicos-prefeitura-de-dois-vizinhos\/#primaryimage","url":"https:\/\/www.grupomedcof.com.br\/blog\/wp-content\/uploads\/2023\/05\/Blog-MedCof-11.png","contentUrl":"https:\/\/www.grupomedcof.com.br\/blog\/wp-content\/uploads\/2023\/05\/Blog-MedCof-11.png","width":2560,"height":1440,"caption":"Prefeitura de Dois Vizinhos, publicou o edital para o processo seletivo de cargos m\u00e9dicos. As inscri\u00e7\u00f5es v\u00e3o at\u00e9 02 de junho. Saiba mais..."},{"@type":"BreadcrumbList","@id":"https:\/\/www.grupomedcof.com.br\/blog\/cargos-medicos-prefeitura-de-dois-vizinhos\/#breadcrumb","itemListElement":[{"@type":"ListItem","position":1,"name":"In\u00edcio","item":"https:\/\/www.grupomedcof.com.br\/blog\/"},{"@type":"ListItem","position":2,"name":"Cargos M\u00e9dicos: Prefeitura de Dois Vizinhos"}]},{"@type":"WebSite","@id":"https:\/\/www.grupomedcof.com.br\/blog\/#website","url":"https:\/\/www.grupomedcof.com.br\/blog\/","name":"Blog de Medcof: conte\u00fados, editais, revalida e mais!","description":"Acesso o blog de MedCof! Seu portal de conte\u00fados sobre resid\u00eancia m\u00e9dica, an\u00e1lise e editais e muito mais. Clique e confira!","publisher":{"@id":"https:\/\/www.grupomedcof.com.br\/blog\/#organization"},"alternateName":"Blog de Medcof: conte\u00fados, editais, revalida e mais!","potentialAction":[{"@type":"SearchAction","target":{"@type":"EntryPoint","urlTemplate":"https:\/\/www.grupomedcof.com.br\/blog\/?s={search_term_string}"},"query-input":{"@type":"PropertyValueSpecification","valueRequired":true,"valueName":"search_term_string"}}],"inLanguage":"pt-BR"},{"@type":"Organization","@id":"https:\/\/www.grupomedcof.com.br\/blog\/#organization","name":"Grupo MedCof","url":"https:\/\/www.grupomedcof.com.br\/blog\/","logo":{"@type":"ImageObject","inLanguage":"pt-BR","@id":"https:\/\/www.grupomedcof.com.br\/blog\/#\/schema\/logo\/image\/","url":"https:\/\/www.grupomedcof.com.br\/blog\/wp-content\/uploads\/2022\/01\/logo-medcof.png","contentUrl":"https:\/\/www.grupomedcof.com.br\/blog\/wp-content\/uploads\/2022\/01\/logo-medcof.png","width":768,"height":269,"caption":"Grupo MedCof"},"image":{"@id":"https:\/\/www.grupomedcof.com.br\/blog\/#\/schema\/logo\/image\/"},"sameAs":["https:\/\/www.facebook.com\/MedCofQbank\/","https:\/\/www.instagram.com\/grupomedcof\/","https:\/\/br.linkedin.com\/company\/medcof","https:\/\/www.youtube.com\/channel\/UCdHMuOHKICxcHwecxN8P-AA"]},{"@type":"Person","@id":"https:\/\/www.grupomedcof.com.br\/blog\/#\/schema\/person\/1375e0ce724529d7a1d8156ea7f8ceaa","name":"J\u00falia Moreira","image":{"@type":"ImageObject","inLanguage":"pt-BR","@id":"https:\/\/www.grupomedcof.com.br\/blog\/wp-content\/uploads\/2024\/12\/cropped-Captura-de-tela-2023-12-15-094946-96x96.png6a0083ac34a0445de97d55fae63a4a41","url":"https:\/\/www.grupomedcof.com.br\/blog\/wp-content\/uploads\/2024\/12\/cropped-Captura-de-tela-2023-12-15-094946-96x96.png","contentUrl":"https:\/\/www.grupomedcof.com.br\/blog\/wp-content\/uploads\/2024\/12\/cropped-Captura-de-tela-2023-12-15-094946-96x96.png","caption":"J\u00falia Moreira"},"description":"Estudante do 8\u00ba semestre de Jornalismo na ECA-USP, f\u00e3 de filmes de terror e m\u00fasica popular sul-coreana.","sameAs":["https:\/\/www.grupomedcof.com.br\/"],"url":"https:\/\/www.grupomedcof.com.br\/blog\/author\/julia\/"}]}},"authors":[{"term_id":3609,"user_id":6,"is_guest":0,"slug":"julia","display_name":"J\u00falia Moreira","avatar_url":"https:\/\/www.grupomedcof.com.br\/blog\/wp-content\/uploads\/2024\/12\/cropped-Captura-de-tela-2023-12-15-094946-96x96.png","0":null,"1":"","2":"","3":"","4":"","5":"","6":"","7":"","8":""}],"_links":{"self":[{"href":"https:\/\/www.grupomedcof.com.br\/blog\/wp-json\/wp\/v2\/posts\/7350","targetHints":{"allow":["GET"]}}],"collection":[{"href":"https:\/\/www.grupomedcof.com.br\/blog\/wp-json\/wp\/v2\/posts"}],"about":[{"href":"https:\/\/www.grupomedcof.com.br\/blog\/wp-json\/wp\/v2\/types\/post"}],"author":[{"embeddable":true,"href":"https:\/\/www.grupomedcof.com.br\/blog\/wp-json\/wp\/v2\/users\/6"}],"replies":[{"embeddable":true,"href":"https:\/\/www.grupomedcof.com.br\/blog\/wp-json\/wp\/v2\/comments?post=7350"}],"version-history":[{"count":0,"href":"https:\/\/www.grupomedcof.com.br\/blog\/wp-json\/wp\/v2\/posts\/7350\/revisions"}],"wp:featuredmedia":[{"embeddable":true,"href":"https:\/\/www.grupomedcof.com.br\/blog\/wp-json\/wp\/v2\/media\/7354"}],"wp:attachment":[{"href":"https:\/\/www.grupomedcof.com.br\/blog\/wp-json\/wp\/v2\/media?parent=7350"}],"wp:term":[{"taxonomy":"category","embeddable":true,"href":"https:\/\/www.grupomedcof.com.br\/blog\/wp-json\/wp\/v2\/categories?post=7350"},{"taxonomy":"post_tag","embeddable":true,"href":"https:\/\/www.grupomedcof.com.br\/blog\/wp-json\/wp\/v2\/tags?post=7350"},{"taxonomy":"author","embeddable":true,"href":"https:\/\/www.grupomedcof.com.br\/blog\/wp-json\/wp\/v2\/ppma_author?post=7350"}],"curies":[{"name":"wp","href":"https:\/\/api.w.org\/{rel}","templated":true}]}}