{"id":7383,"date":"2025-05-26T09:15:33","date_gmt":"2025-05-26T12:15:33","guid":{"rendered":"https:\/\/www.grupomedcof.com.br\/blog\/?p=7383"},"modified":"2025-05-26T09:15:35","modified_gmt":"2025-05-26T12:15:35","slug":"dia-mundial-da-pre-eclampsia","status":"publish","type":"post","link":"https:\/\/www.grupomedcof.com.br\/blog\/dia-mundial-da-pre-eclampsia\/","title":{"rendered":"Dia Mundial da Pr\u00e9-Ecl\u00e2mpsia"},"content":{"rendered":"<div id=\"ez-toc-container\" class=\"ez-toc-v2_0_74 counter-hierarchy ez-toc-counter ez-toc-transparent ez-toc-container-direction\">\n<div class=\"ez-toc-title-container\">\n<p class=\"ez-toc-title\" style=\"cursor:inherit\">Sum\u00e1rio<\/p>\n<span class=\"ez-toc-title-toggle\"><a href=\"#\" class=\"ez-toc-pull-right ez-toc-btn ez-toc-btn-xs ez-toc-btn-default ez-toc-toggle\" aria-label=\"Alternar tabela de conte\u00fado\"><span class=\"ez-toc-js-icon-con\"><span class=\"\"><span class=\"eztoc-hide\" style=\"display:none;\">Toggle<\/span><span class=\"ez-toc-icon-toggle-span\"><svg style=\"fill: #999;color:#999\" xmlns=\"http:\/\/www.w3.org\/2000\/svg\" class=\"list-377408\" width=\"20px\" height=\"20px\" viewBox=\"0 0 24 24\" fill=\"none\"><path d=\"M6 6H4v2h2V6zm14 0H8v2h12V6zM4 11h2v2H4v-2zm16 0H8v2h12v-2zM4 16h2v2H4v-2zm16 0H8v2h12v-2z\" fill=\"currentColor\"><\/path><\/svg><svg style=\"fill: #999;color:#999\" class=\"arrow-unsorted-368013\" xmlns=\"http:\/\/www.w3.org\/2000\/svg\" width=\"10px\" height=\"10px\" viewBox=\"0 0 24 24\" version=\"1.2\" baseProfile=\"tiny\"><path d=\"M18.2 9.3l-6.2-6.3-6.2 6.3c-.2.2-.3.4-.3.7s.1.5.3.7c.2.2.4.3.7.3h11c.3 0 .5-.1.7-.3.2-.2.3-.5.3-.7s-.1-.5-.3-.7zM5.8 14.7l6.2 6.3 6.2-6.3c.2-.2.3-.5.3-.7s-.1-.5-.3-.7c-.2-.2-.4-.3-.7-.3h-11c-.3 0-.5.1-.7.3-.2.2-.3.5-.3.7s.1.5.3.7z\"\/><\/svg><\/span><\/span><\/span><\/a><\/span><\/div>\n<nav><ul class='ez-toc-list ez-toc-list-level-1 ' ><li class='ez-toc-page-1 ez-toc-heading-level-2'><a class=\"ez-toc-link ez-toc-heading-1\" href=\"https:\/\/www.grupomedcof.com.br\/blog\/dia-mundial-da-pre-eclampsia\/#Despertando_a_Consciencia_22_de_Maio_Dia_da_Prevencao_da_Pre-eclampsia\" >Despertando a Consci\u00eancia: 22 de Maio, Dia da Preven\u00e7\u00e3o da Pr\u00e9-ecl\u00e2mpsia<\/a><\/li><li class='ez-toc-page-1 ez-toc-heading-level-2'><a class=\"ez-toc-link ez-toc-heading-2\" href=\"https:\/\/www.grupomedcof.com.br\/blog\/dia-mundial-da-pre-eclampsia\/#O_que_sao_as_Sindromes_Hipertensivas_na_gestacao\" >O que s\u00e3o as S\u00edndromes Hipertensivas na gesta\u00e7\u00e3o?<\/a><\/li><li class='ez-toc-page-1 ez-toc-heading-level-2'><a class=\"ez-toc-link ez-toc-heading-3\" href=\"https:\/\/www.grupomedcof.com.br\/blog\/dia-mundial-da-pre-eclampsia\/#Pre-Eclampsia\" >Pr\u00e9-Ecl\u00e2mpsia<\/a><\/li><li class='ez-toc-page-1 ez-toc-heading-level-2'><a class=\"ez-toc-link ez-toc-heading-4\" href=\"https:\/\/www.grupomedcof.com.br\/blog\/dia-mundial-da-pre-eclampsia\/#O_que_causa_pre-eclampsia\" >O que causa pr\u00e9-ecl\u00e2mpsia?<\/a><\/li><li class='ez-toc-page-1 ez-toc-heading-level-2'><a class=\"ez-toc-link ez-toc-heading-5\" href=\"https:\/\/www.grupomedcof.com.br\/blog\/dia-mundial-da-pre-eclampsia\/#Como_classificar_a_Pre-Eclampsia\" >Como classificar a Pr\u00e9-Ecl\u00e2mpsia?<\/a><\/li><li class='ez-toc-page-1 ez-toc-heading-level-2'><a class=\"ez-toc-link ez-toc-heading-6\" href=\"https:\/\/www.grupomedcof.com.br\/blog\/dia-mundial-da-pre-eclampsia\/#Como_manejar_a_Pre-Eclampsia\" >Como manejar a Pr\u00e9-Ecl\u00e2mpsia?<\/a><\/li><li class='ez-toc-page-1 ez-toc-heading-level-2'><a class=\"ez-toc-link ez-toc-heading-7\" href=\"https:\/\/www.grupomedcof.com.br\/blog\/dia-mundial-da-pre-eclampsia\/#Prevencao_da_Pre-Eclampsia\" >Preven\u00e7\u00e3o da Pr\u00e9-Ecl\u00e2mpsia<\/a><\/li><li class='ez-toc-page-1 ez-toc-heading-level-2'><a class=\"ez-toc-link ez-toc-heading-8\" href=\"https:\/\/www.grupomedcof.com.br\/blog\/dia-mundial-da-pre-eclampsia\/#Aumento_do_numero_de_casos_nos_dias_frios\" >Aumento do n\u00famero de casos nos dias frios?<\/a><\/li><li class='ez-toc-page-1 ez-toc-heading-level-2'><a class=\"ez-toc-link ez-toc-heading-9\" href=\"https:\/\/www.grupomedcof.com.br\/blog\/dia-mundial-da-pre-eclampsia\/#Dia_Mundial_da_Pre-Eclampsia\" >Dia Mundial da Pr\u00e9-Ecl\u00e2mpsia<\/a><\/li><li class='ez-toc-page-1 ez-toc-heading-level-2'><a class=\"ez-toc-link ez-toc-heading-10\" href=\"https:\/\/www.grupomedcof.com.br\/blog\/dia-mundial-da-pre-eclampsia\/#O_metodo_que_te_aprova\" >O m\u00e9todo que te aprova!<\/a><\/li><\/ul><\/nav><\/div>\n\n<figure class=\"wp-block-image\"><img decoding=\"async\" src=\"https:\/\/www.grupomedcof.com.br\/blog\/wp-content\/uploads\/2023\/05\/Blog-MedCof-17-1024x576.png\" alt=\"dia mundial da pre eclampsia, pr\u00e9-ecl\u00e2mpsia, pr\u00e9 eclampsia, o que \u00e9 pr\u00e9 eclampsia, pr\u00e9-eclampsia, pr\u00e9 eclampsia sintomas\"\/><\/figure>\n\n\n\n<p>O dia 22 de maio foi estabelecido como o <b>Dia Mundial de Preven\u00e7\u00e3o da Pr\u00e9-Ecl\u00e2mpsia.<\/b> Pensando nisso, a<b> Dra. Nicole Kemberly<\/b>, preparou um texto especial sobre a import\u00e2ncia do conhecimento da doen\u00e7a.<\/p>\n\n\n\n<h2 class=\"wp-block-heading\" id=\"h-despertando-a-consciencia-22-de-maio-dia-da-prevencao-da-pre-eclampsia\"><span class=\"ez-toc-section\" id=\"Despertando_a_Consciencia_22_de_Maio_Dia_da_Prevencao_da_Pre-eclampsia\"><\/span><strong>Despertando a Consci\u00eancia: 22 de Maio, Dia da Preven\u00e7\u00e3o da Pr\u00e9-ecl\u00e2mpsia<\/strong><span class=\"ez-toc-section-end\"><\/span><\/h2>\n\n\n\n<p>Imagine uma condi\u00e7\u00e3o que afeta a sa\u00fade da m\u00e3e e do beb\u00ea durante a gravidez, colocando em risco a vida de ambos. Imagine ainda que, por conta desta condi\u00e7\u00e3o, <strong>9 mulheres morrem no mundo a cada hora e cerca de 20% dos beb\u00eas nascem prematuros<\/strong>. Assustador, n\u00e3o \u00e9 mesmo? Estamos falando da doen\u00e7a hipertensiva espec\u00edfica da gesta\u00e7\u00e3o (DHEG), ou<strong> pr\u00e9-ecl\u00e2mpsia.<\/strong><\/p>\n\n\n\n<h2 class=\"wp-block-heading\" id=\"h-o-que-sao-as-sindromes-hipertensivas-na-gestacao\"><span class=\"ez-toc-section\" id=\"O_que_sao_as_Sindromes_Hipertensivas_na_gestacao\"><\/span><strong>O que s\u00e3o as S\u00edndromes Hipertensivas na gesta\u00e7\u00e3o?<\/strong><span class=\"ez-toc-section-end\"><\/span><\/h2>\n\n\n\n<p>As <strong>s\u00edndromes hipertensivas na gesta\u00e7\u00e3o <\/strong>s\u00e3o condi\u00e7\u00f5es m\u00e9dicas caracterizadas por press\u00e3o arterial elevada durante a gravidez. Elas incluem: Hipertens\u00e3o Gestacional; Pr\u00e9-ecl\u00e2mpsia; Ecl\u00e2mpsia; Hipertens\u00e3o Cr\u00f4nica; Pr\u00e9-ecl\u00e2mpsia sobreposta \u00e0 hipertens\u00e3o cr\u00f4nica.&nbsp;Entenda melhor <a href=\"https:\/\/www.grupomedcof.com.br\/blog\/hipertensao-ou-pre-eclampsia-qual-o-diagnostico-da-minha-paciente\/\" target=\"_blank\" rel=\"noreferrer noopener\">aqui.<\/a><\/p>\n\n\n\n<h2 class=\"wp-block-heading\" id=\"h-pre-eclampsia\"><span class=\"ez-toc-section\" id=\"Pre-Eclampsia\"><\/span><strong>Pr\u00e9-Ecl\u00e2mpsia<\/strong><span class=\"ez-toc-section-end\"><\/span><\/h2>\n\n\n\n<p>A <strong>pr\u00e9-ecl\u00e2mpsia<\/strong> \u00e9 o aumento da press\u00e3o arterial ap\u00f3s a 20a semana de gravidez, em gestante previamente com press\u00e3o normal. Para esse diagn\u00f3stico, al\u00e9m da eleva\u00e7\u00e3o press\u00f3rica, precisamos de outros crit\u00e9rios (perda de prote\u00edna na urina, edema, altera\u00e7\u00f5es laboratoriais), que variam entre os diferentes protocolos. Sendo assim, pode assumir desde formas leves, at\u00e9 formas mais graves.<\/p>\n\n\n\n<h2 class=\"wp-block-heading\" id=\"h-o-que-causa-pre-eclampsia\"><span class=\"ez-toc-section\" id=\"O_que_causa_pre-eclampsia\"><\/span><strong>O que causa pr\u00e9-ecl\u00e2mpsia?<\/strong><span class=\"ez-toc-section-end\"><\/span><\/h2>\n\n\n\n<p>A causa exata da pr\u00e9-ecl\u00e2mpsia permanece desconhecida. Entretanto, temos uma ideia de como ela surge, que \u00e9 <strong>a partir da placenta<\/strong>. <\/p>\n\n\n\n<p>A placenta \u00e9 um \u00f3rg\u00e3o extremamente vascularizado, funcionando como uma &#8220;central de abastecimento&#8221; para o beb\u00ea em crescimento, permitindo trocas entre a m\u00e3e e o feto. Desse modo, este \u00f3rg\u00e3o possui proje\u00e7\u00f5es conhecidas como vilosidades cori\u00f4nicas.<\/p>\n\n\n\n<p>Eles s\u00e3o como pequenos &#8220;dedinhos&#8221; que se projetam da placenta para dentro do \u00fatero, permitindo que a m\u00e3e e o beb\u00ea se conectem. Esses &#8220;dedinhos&#8221; s\u00e3o compostos por vasos sangu\u00edneos que permitem a<strong> troca de subst\u00e2ncias entre o sangue da m\u00e3e e o do beb\u00ea<\/strong>, garantindo que tudo o que o beb\u00ea precisa seja fornecido, enquanto os res\u00edduos sejam eliminados. Portanto, defeitos nesta invas\u00e3o das vilosidades cori\u00f4nicas no \u00fatero, levam \u00e0 libera\u00e7\u00e3o de fatores e a um estado de inflama\u00e7\u00e3o vascular, com repercuss\u00e3o em diferentes \u00f3rg\u00e3os.<\/p>\n\n\n\n<p>Os fatores que definem a\u00a0pr\u00e9-ecl\u00e2mpsia s\u00e3o cruciais!\u00a0<\/p>\n\n\n\n<p><strong>PA \u2265 140\/90 mmHg ap\u00f3s 20 semanas + Protein\u00faria significativa (PTU 24h &gt; 300mg, rela\u00e7\u00e3o prote\u00edna\/creatinina urin\u00e1ria &gt; 0,3mg\/dL, ou PTU fita 1+ ou mais) E\/OU comprometimento sist\u00eamico\/disfun\u00e7\u00e3o de \u00f3rg\u00e3o-alvo.<\/strong><\/p>\n\n\n\n<p>A disfun\u00e7\u00e3o de \u00f3rg\u00e3o-alvo inclui:<\/p>\n\n\n\n<ul class=\"wp-block-list\">\n<li>Trombocitopenia (&lt; 100.000)<\/li>\n\n\n\n<li>Disfun\u00e7\u00e3o hep\u00e1tica (TGO\/TGP elevadas)<\/li>\n\n\n\n<li>Insufici\u00eancia renal (Creatinina elevada)<\/li>\n\n\n\n<li>Edema pulmonar<\/li>\n\n\n\n<li>Imin\u00eancia de ecl\u00e2mpsia<\/li>\n\n\n\n<li>Ecl\u00e2mpsia<\/li>\n\n\n\n<li>Restri\u00e7\u00e3o de Crescimento Fetal (RCF)<\/li>\n\n\n\n<li>Altera\u00e7\u00e3o Dopplervelocimetria<\/li>\n<\/ul>\n\n\n\n<p>\u00c9 importante notar que RCF e altera\u00e7\u00e3o de dopplervelocimetria <strong>n\u00e3o<\/strong> s\u00e3o unanimidade como crit\u00e9rios de disfun\u00e7\u00e3o de \u00f3rg\u00e3o-alvo em todas as diretrizes.<\/p>\n\n\n\n<figure class=\"wp-block-image\"><img decoding=\"async\" src=\"https:\/\/www.grupomedcof.com.br\/blog\/wp-content\/uploads\/2023\/05\/Blog-MedCof-16-1024x576.png\" alt=\"dia mundial da pre eclampsia, pr\u00e9-ecl\u00e2mpsia, pr\u00e9 eclampsia, o que \u00e9 pr\u00e9 eclampsia, pr\u00e9-eclampsia, pr\u00e9 eclampsia sintomas\"\/><\/figure>\n\n\n\n<h2 class=\"wp-block-heading\" id=\"h-como-classificar-a-pre-eclampsia\"><span class=\"ez-toc-section\" id=\"Como_classificar_a_Pre-Eclampsia\"><\/span><strong>Como classificar a Pr\u00e9-Ecl\u00e2mpsia?<\/strong><span class=\"ez-toc-section-end\"><\/span><\/h2>\n\n\n\n<p>A pr\u00e9-ecl\u00e2mpsia pode ser classificada quanto \u00e0 <strong>idade gestacional<\/strong>:&nbsp;<\/p>\n\n\n\n<ol class=\"wp-block-list\">\n<li>Precoce (&lt;34 semanas);<\/li>\n\n\n\n<li>Tardia (\u2265 34 semanas);<\/li>\n\n\n\n<li>\u00a0Pr\u00e9-termo (&lt;37 semanas);<\/li>\n\n\n\n<li>\u00a0P\u00f3s-termo (\u2265 37 semanas);<\/li>\n\n\n\n<li>Pr\u00e9-ecl\u00e2mpsia sobreposta (em paciente com HAC).<\/li>\n<\/ol>\n\n\n\n<h2 class=\"wp-block-heading\" id=\"h-como-manejar-a-pre-eclampsia\"><span class=\"ez-toc-section\" id=\"Como_manejar_a_Pre-Eclampsia\"><\/span><strong>Como manejar a Pr\u00e9-Ecl\u00e2mpsia?<\/strong><span class=\"ez-toc-section-end\"><\/span><\/h2>\n\n\n\n<p>O manejo varia significativamente dependendo da <strong>presen\u00e7a de sinais de gravidade<\/strong> e da <strong>idade gestacional<\/strong>.<\/p>\n\n\n\n<ul class=\"wp-block-list\">\n<li>Pr\u00e9-ecl\u00e2mpsia sem sinais de gravidade<\/li>\n<\/ul>\n\n\n\n<p>\u00c9 sugerido interna\u00e7\u00e3o inicial para <strong>excluir gravidade<\/strong>. O acompanhamento ambulatorial \u00e9 poss\u00edvel se a paciente for informada, tiver acesso ao hospital, aux\u00edlio em casa, aferi\u00e7\u00e3o domiciliar de PA e retorno semanal. Recomenda-se redu\u00e7\u00e3o de atividade f\u00edsica, dieta habitual (restri\u00e7\u00e3o de sal se necess\u00e1rio) e <strong>N\u00c3O repouso absoluto<\/strong>.<\/p>\n\n\n\n<ul class=\"wp-block-list\">\n<li>\u00a0Exames como Hemograma, DHL, BT, Creatinina, TGO e \u00c1cido \u00farico s\u00e3o importantes. O parto \u00e9 indicado <strong>com 37 semanas via obst\u00e9trica.<\/strong><\/li>\n<\/ul>\n\n\n\n<ul class=\"wp-block-list\">\n<li>Pr\u00e9-ecl\u00e2mpsia com sinais de gravidade<\/li>\n<\/ul>\n\n\n\n<p>A conduta \u00e9 mais <strong>complexa<\/strong> e frequentemente exige <strong>interna\u00e7\u00e3o cont\u00ednua<\/strong>.<\/p>\n\n\n\n<ul class=\"wp-block-list\">\n<li>Idade gestacional invi\u00e1vel (24-26 semanas)\u00a0<\/li>\n<\/ul>\n\n\n\n<p><strong>Conduta individualizada<\/strong>.<\/p>\n\n\n\n<ul class=\"wp-block-list\">\n<li>Viabilidade at\u00e9 34 semanas<\/li>\n<\/ul>\n\n\n\n<p>Devemos tentar prolongar a gesta\u00e7\u00e3o <strong>se a cl\u00ednica estiver est\u00e1vel<\/strong>, controle press\u00f3rico eficaz, exames laboratoriais adequados e vitalidade fetal preservada. Realizar <strong>ciclo de corticoide para matura\u00e7\u00e3o pulmonar fetal.<\/strong><\/p>\n\n\n\n<ul class=\"wp-block-list\">\n<li>34 at\u00e9 37 semanas<\/li>\n<\/ul>\n\n\n\n<p>&nbsp;Considerar prolongar at\u00e9 37 semanas se as mesmas condi\u00e7\u00f5es de estabilidade materno-fetal forem mantidas.<\/p>\n\n\n\n<ul class=\"wp-block-list\">\n<li>Interrup\u00e7\u00e3o da gesta\u00e7\u00e3o (independentemente da idade gestacional)<\/li>\n<\/ul>\n\n\n\n<p>Embora tr\u00e1gica, essa conduta \u00e9 a indicada em casos de S\u00edndrome HELLP, Ecl\u00e2mpsia, EAP\/descompensa\u00e7\u00e3o card\u00edaca, piora laboratorial, IRA, DPP, hipertens\u00e3o refrat\u00e1ria com 3 drogas ou altera\u00e7\u00e3o na vitalidade fetal.<\/p>\n\n\n\n<p>Em geral, a via de parto preferencial \u00e9 a vaginal (<strong>via obst\u00e9trica<\/strong>), pois a <strong>ces\u00e1rea aumenta riscos<\/strong> em pacientes que podem ter disfun\u00e7\u00e3o de \u00f3rg\u00e3os como insufici\u00eancia renal ou plaquetopenia.<\/p>\n\n\n\n<h2 class=\"wp-block-heading\" id=\"h-prevencao-da-pre-eclampsia\"><span class=\"ez-toc-section\" id=\"Prevencao_da_Pre-Eclampsia\"><\/span><strong>Preven\u00e7\u00e3o da Pr\u00e9-Ecl\u00e2mpsia<\/strong><span class=\"ez-toc-section-end\"><\/span><\/h2>\n\n\n\n<p>Finalmente partindo para o motivo de conscientiza\u00e7\u00e3o mundial, podemos aplicar uma&nbsp; preven\u00e7\u00e3o focada em <strong>evitar formas graves e precoces<\/strong>, por meio de <strong>AAS<\/strong> 100 mg 1x\/dia e C\u00e1lcio 1-2 g\/dia, iniciados entre 12-16 semanas, para gestantes <strong>com 1 fator de alto<\/strong>).<\/p>\n\n\n\n<figure class=\"wp-block-image size-large is-resized\"><img loading=\"lazy\" decoding=\"async\" width=\"933\" height=\"1024\" src=\"https:\/\/www.grupomedcof.com.br\/blog\/wp-content\/uploads\/2023\/05\/image-933x1024.jpeg\" alt=\"\" class=\"wp-image-35960\" style=\"width:571px;height:auto\" srcset=\"https:\/\/www.grupomedcof.com.br\/blog\/wp-content\/uploads\/2023\/05\/image-933x1024.jpeg 933w, https:\/\/www.grupomedcof.com.br\/blog\/wp-content\/uploads\/2023\/05\/image-273x300.jpeg 273w, https:\/\/www.grupomedcof.com.br\/blog\/wp-content\/uploads\/2023\/05\/image-768x843.jpeg 768w, https:\/\/www.grupomedcof.com.br\/blog\/wp-content\/uploads\/2023\/05\/image-383x420.jpeg 383w, https:\/\/www.grupomedcof.com.br\/blog\/wp-content\/uploads\/2023\/05\/image-150x165.jpeg 150w, https:\/\/www.grupomedcof.com.br\/blog\/wp-content\/uploads\/2023\/05\/image-300x329.jpeg 300w, https:\/\/www.grupomedcof.com.br\/blog\/wp-content\/uploads\/2023\/05\/image-696x764.jpeg 696w, https:\/\/www.grupomedcof.com.br\/blog\/wp-content\/uploads\/2023\/05\/image-1068x1173.jpeg 1068w, https:\/\/www.grupomedcof.com.br\/blog\/wp-content\/uploads\/2023\/05\/image.jpeg 1093w\" sizes=\"auto, (max-width: 933px) 100vw, 933px\" \/><figcaption class=\"wp-element-caption\">Classifica\u00e7\u00e3o de Risco da gestante. Fonte: Acervo de ilustra\u00e7\u00f5es do Grupo Medcof.\u00a0<\/figcaption><\/figure>\n\n\n\n<p>A predi\u00e7\u00e3o pode ser <strong>auxiliada por fatores angiog\u00eanicos<\/strong> como PLGF e <strong>antiangiog\u00eanicos<\/strong> como sFLT-1. Uma rela\u00e7\u00e3o sFLT-1\/PLGF \u2264 38 tem alto valor preditivo negativo para exclus\u00e3o do diagn\u00f3stico na pr\u00f3xima semana<\/p>\n\n\n\n<h2 class=\"wp-block-heading\" id=\"h-aumento-do-numero-de-casos-nos-dias-frios\"><span class=\"ez-toc-section\" id=\"Aumento_do_numero_de_casos_nos_dias_frios\"><\/span><strong>Aumento do n\u00famero de casos nos dias frios?<\/strong><span class=\"ez-toc-section-end\"><\/span><\/h2>\n\n\n\n<p>E o que dizer sobre o <strong>aparente aumento do n\u00famero de casos de pr\u00e9-ecl\u00e2mpsia nos dias frios?<\/strong> Em dias com a temperatura mais baixa, os vasos sangu\u00edneos se contraem (vasoconstri\u00e7\u00e3o) de modo a conservar o calor do corpo. Como a pr\u00e9 ecl\u00e2mpsia \u00e9 uma doen\u00e7a hipertensiva, o diagn\u00f3stico pode ser mais recorrente em dias com a temperatura mais baixa, mas isso <strong>n\u00e3o significa necessariamente que o frio seja a causa do problema.<\/strong> Sendo assim, a influ\u00eancia na gravidade da doen\u00e7a se deve por fatores maternos e espec\u00edficos da gesta\u00e7\u00e3o.<\/p>\n\n\n\n<h2 class=\"wp-block-heading\" id=\"h-dia-mundial-da-pre-eclampsia\"><span class=\"ez-toc-section\" id=\"Dia_Mundial_da_Pre-Eclampsia\"><\/span><strong>Dia Mundial da Pr\u00e9-Ecl\u00e2mpsia<\/strong><span class=\"ez-toc-section-end\"><\/span><\/h2>\n\n\n\n<p>Ademais, \u00e9 importante garantir \u00e0 gestante toda a assist\u00eancia pr\u00e9-natal adequada para avalia\u00e7\u00e3o de seus fatores de risco e uso adequado das medica\u00e7\u00f5es antihipertensivas, de modo a evitar a evolu\u00e7\u00e3o para formas mais graves. O momento do parto depende das condi\u00e7\u00f5es cl\u00ednicas e laboratoriais maternas, da idade gestacional e da vitalidade fetal.<\/p>\n\n\n\n<h2 class=\"wp-block-heading\" id=\"o-m\u00e9todo-que-te-aprova\"><span class=\"ez-toc-section\" id=\"O_metodo_que_te_aprova\"><\/span><strong>O m\u00e9todo que te aprova!<\/strong><span class=\"ez-toc-section-end\"><\/span><\/h2>\n\n\n\n<p>Quer alcan\u00e7ar a aprova\u00e7\u00e3o nas provas de resid\u00eancia m\u00e9dica? Ent\u00e3o seja um&nbsp;<a href=\"https:\/\/www.grupomedcof.com.br\/home\/\" target=\"_blank\" rel=\"noreferrer noopener\">MedCofer<\/a>! Aqui te ajudaremos na busca da aprova\u00e7\u00e3o com conte\u00fados de qualidade e uma&nbsp;<a href=\"https:\/\/www.grupomedcof.com.br\/blog\/presenca-da-medcof-nas-aprovacoes-em-residencia-medica-no-brasil\/\" target=\"_blank\" rel=\"noreferrer noopener\">metodologia que j\u00e1 aprovou mais de 10 mil residentes no pa\u00eds!&nbsp;<\/a>Por fim, acesse o nosso<a href=\"https:\/\/www.youtube.com\/@GrupoMedcof\/featured\" target=\"_blank\" rel=\"noreferrer noopener\">&nbsp;<strong>canal do youtube&nbsp;<\/strong><\/a>para ver o nosso material.<\/p>\n\n\n\n<figure class=\"wp-block-embed is-type-video is-provider-youtube wp-block-embed-youtube wp-embed-aspect-16-9 wp-has-aspect-ratio\"><div class=\"wp-block-embed__wrapper\">\n<div class=\"youtube-embed\" data-video_id=\"44EJ6iL1o0o\"><iframe loading=\"lazy\" title=\"Resumo DHEG - S\u00edndromes Hipertensivas da Gesta\u00e7\u00e3o - Ecl\u00e2mpsia - Pr\u00e9-ecl\u00e2mpsia \/  Cofexpress Medcof\" width=\"696\" height=\"392\" src=\"https:\/\/www.youtube.com\/embed\/44EJ6iL1o0o?feature=oembed&#038;enablejsapi=1\" frameborder=\"0\" allow=\"accelerometer; autoplay; clipboard-write; encrypted-media; gyroscope; picture-in-picture; web-share\" referrerpolicy=\"strict-origin-when-cross-origin\" allowfullscreen><\/iframe><\/div>\n<\/div><\/figure>\n","protected":false},"excerpt":{"rendered":"<p>O dia 22 de maio foi estabelecido como o Dia Mundial de Preven\u00e7\u00e3o da Pr\u00e9-Ecl\u00e2mpsia. Saiba as principais informa\u00e7\u00f5es sobre a doen\u00e7a.<\/p>\n","protected":false},"author":10,"featured_media":7396,"comment_status":"open","ping_status":"open","sticky":false,"template":"","format":"standard","meta":{"footnotes":""},"categories":[125],"tags":[152,282,68],"ppma_author":[3613],"class_list":{"0":"post-7383","1":"post","2":"type-post","3":"status-publish","4":"format-standard","5":"has-post-thumbnail","7":"category-ginecologia-e-obstetricia","8":"tag-ginecologia-e-obstetricia","9":"tag-pre-eclampsia","10":"tag-residencia-medica"},"yoast_head":"<!-- This site is optimized with the Yoast SEO Premium plugin v24.3 (Yoast SEO v27.4) - https:\/\/yoast.com\/product\/yoast-seo-premium-wordpress\/ -->\n<title>Dia Mundial da Pr\u00e9-Ecl\u00e2mpsia - Blog de Medcof: conte\u00fados, editais, revalida e mais!<\/title>\n<meta name=\"description\" content=\"O dia 22 de maio foi estabelecido como o Dia Mundial de Preven\u00e7\u00e3o da Pr\u00e9-Ecl\u00e2mpsia. Saiba as principais informa\u00e7\u00f5es sobre a doen\u00e7a.\" \/>\n<meta name=\"robots\" content=\"index, follow, max-snippet:-1, max-image-preview:large, max-video-preview:-1\" \/>\n<link rel=\"canonical\" href=\"https:\/\/www.grupomedcof.com.br\/blog\/dia-mundial-da-pre-eclampsia\/\" \/>\n<meta property=\"og:locale\" content=\"pt_BR\" \/>\n<meta property=\"og:type\" content=\"article\" \/>\n<meta property=\"og:title\" content=\"Dia Mundial da Pr\u00e9-Ecl\u00e2mpsia\" \/>\n<meta property=\"og:description\" content=\"O dia 22 de maio foi estabelecido como o Dia Mundial de Preven\u00e7\u00e3o da Pr\u00e9-Ecl\u00e2mpsia. Saiba as principais informa\u00e7\u00f5es sobre a doen\u00e7a.\" \/>\n<meta property=\"og:url\" content=\"https:\/\/www.grupomedcof.com.br\/blog\/dia-mundial-da-pre-eclampsia\/\" \/>\n<meta property=\"og:site_name\" content=\"Blog de Medcof: conte\u00fados, editais, revalida e mais!\" \/>\n<meta property=\"article:publisher\" content=\"https:\/\/www.facebook.com\/MedCofQbank\/\" \/>\n<meta property=\"article:published_time\" content=\"2025-05-26T12:15:33+00:00\" \/>\n<meta property=\"article:modified_time\" content=\"2025-05-26T12:15:35+00:00\" \/>\n<meta property=\"og:image\" content=\"https:\/\/www.grupomedcof.com.br\/blog\/wp-content\/uploads\/2023\/05\/Blog-MedCof-17-1024x576.png\" \/>\n\t<meta property=\"og:image:width\" content=\"1024\" \/>\n\t<meta property=\"og:image:height\" content=\"576\" \/>\n\t<meta property=\"og:image:type\" content=\"image\/png\" \/>\n<meta name=\"author\" content=\"Grupo MedCof\" \/>\n<meta name=\"twitter:card\" content=\"summary_large_image\" \/>\n<meta name=\"twitter:label1\" content=\"Escrito por\" \/>\n\t<meta name=\"twitter:data1\" content=\"Grupo MedCof\" \/>\n\t<meta name=\"twitter:label2\" content=\"Est. tempo de leitura\" \/>\n\t<meta name=\"twitter:data2\" content=\"7 minutos\" \/>\n<script type=\"application\/ld+json\" class=\"yoast-schema-graph\">{\"@context\":\"https:\\\/\\\/schema.org\",\"@graph\":[{\"@type\":\"Article\",\"@id\":\"https:\\\/\\\/www.grupomedcof.com.br\\\/blog\\\/dia-mundial-da-pre-eclampsia\\\/#article\",\"isPartOf\":{\"@id\":\"https:\\\/\\\/www.grupomedcof.com.br\\\/blog\\\/dia-mundial-da-pre-eclampsia\\\/\"},\"author\":{\"name\":\"Grupo MedCof\",\"@id\":\"https:\\\/\\\/www.grupomedcof.com.br\\\/blog\\\/#\\\/schema\\\/person\\\/5e56a3921255c01181f3d8c20d53f9c0\"},\"headline\":\"Dia Mundial da Pr\u00e9-Ecl\u00e2mpsia\",\"datePublished\":\"2025-05-26T12:15:33+00:00\",\"dateModified\":\"2025-05-26T12:15:35+00:00\",\"mainEntityOfPage\":{\"@id\":\"https:\\\/\\\/www.grupomedcof.com.br\\\/blog\\\/dia-mundial-da-pre-eclampsia\\\/\"},\"wordCount\":1185,\"commentCount\":1,\"publisher\":{\"@id\":\"https:\\\/\\\/www.grupomedcof.com.br\\\/blog\\\/#organization\"},\"image\":{\"@id\":\"https:\\\/\\\/www.grupomedcof.com.br\\\/blog\\\/dia-mundial-da-pre-eclampsia\\\/#primaryimage\"},\"thumbnailUrl\":\"https:\\\/\\\/www.grupomedcof.com.br\\\/blog\\\/wp-content\\\/uploads\\\/2023\\\/05\\\/Blog-MedCof-17.png\",\"keywords\":[\"Ginecologia e Obstetr\u00edcia\",\"Pr\u00e9-Ecl\u00e2mpsia\",\"Resid\u00eancia M\u00e9dica\"],\"articleSection\":[\"Ginecologia e Obstetr\u00edcia\"],\"inLanguage\":\"pt-BR\"},{\"@type\":\"WebPage\",\"@id\":\"https:\\\/\\\/www.grupomedcof.com.br\\\/blog\\\/dia-mundial-da-pre-eclampsia\\\/\",\"url\":\"https:\\\/\\\/www.grupomedcof.com.br\\\/blog\\\/dia-mundial-da-pre-eclampsia\\\/\",\"name\":\"Dia Mundial da Pr\u00e9-Ecl\u00e2mpsia - Blog de Medcof: conte\u00fados, editais, revalida e mais!\",\"isPartOf\":{\"@id\":\"https:\\\/\\\/www.grupomedcof.com.br\\\/blog\\\/#website\"},\"primaryImageOfPage\":{\"@id\":\"https:\\\/\\\/www.grupomedcof.com.br\\\/blog\\\/dia-mundial-da-pre-eclampsia\\\/#primaryimage\"},\"image\":{\"@id\":\"https:\\\/\\\/www.grupomedcof.com.br\\\/blog\\\/dia-mundial-da-pre-eclampsia\\\/#primaryimage\"},\"thumbnailUrl\":\"https:\\\/\\\/www.grupomedcof.com.br\\\/blog\\\/wp-content\\\/uploads\\\/2023\\\/05\\\/Blog-MedCof-17.png\",\"datePublished\":\"2025-05-26T12:15:33+00:00\",\"dateModified\":\"2025-05-26T12:15:35+00:00\",\"description\":\"O dia 22 de maio foi estabelecido como o Dia Mundial de Preven\u00e7\u00e3o da Pr\u00e9-Ecl\u00e2mpsia. Saiba as principais informa\u00e7\u00f5es sobre a doen\u00e7a.\",\"breadcrumb\":{\"@id\":\"https:\\\/\\\/www.grupomedcof.com.br\\\/blog\\\/dia-mundial-da-pre-eclampsia\\\/#breadcrumb\"},\"inLanguage\":\"pt-BR\",\"potentialAction\":[{\"@type\":\"ReadAction\",\"target\":[\"https:\\\/\\\/www.grupomedcof.com.br\\\/blog\\\/dia-mundial-da-pre-eclampsia\\\/\"]}]},{\"@type\":\"ImageObject\",\"inLanguage\":\"pt-BR\",\"@id\":\"https:\\\/\\\/www.grupomedcof.com.br\\\/blog\\\/dia-mundial-da-pre-eclampsia\\\/#primaryimage\",\"url\":\"https:\\\/\\\/www.grupomedcof.com.br\\\/blog\\\/wp-content\\\/uploads\\\/2023\\\/05\\\/Blog-MedCof-17.png\",\"contentUrl\":\"https:\\\/\\\/www.grupomedcof.com.br\\\/blog\\\/wp-content\\\/uploads\\\/2023\\\/05\\\/Blog-MedCof-17.png\",\"width\":2560,\"height\":1440,\"caption\":\"O dia 22 de maio foi estabelecido como o Dia Mundial de Preven\u00e7\u00e3o da Pr\u00e9-Ecl\u00e2mpsia. Saiba as principais informa\u00e7\u00f5es sobre a doen\u00e7a.\"},{\"@type\":\"BreadcrumbList\",\"@id\":\"https:\\\/\\\/www.grupomedcof.com.br\\\/blog\\\/dia-mundial-da-pre-eclampsia\\\/#breadcrumb\",\"itemListElement\":[{\"@type\":\"ListItem\",\"position\":1,\"name\":\"In\u00edcio\",\"item\":\"https:\\\/\\\/www.grupomedcof.com.br\\\/blog\\\/\"},{\"@type\":\"ListItem\",\"position\":2,\"name\":\"Dia Mundial da Pr\u00e9-Ecl\u00e2mpsia\"}]},{\"@type\":\"WebSite\",\"@id\":\"https:\\\/\\\/www.grupomedcof.com.br\\\/blog\\\/#website\",\"url\":\"https:\\\/\\\/www.grupomedcof.com.br\\\/blog\\\/\",\"name\":\"Blog de Medcof: conte\u00fados, editais, revalida e mais!\",\"description\":\"Acesso o blog de MedCof! Seu portal de conte\u00fados sobre resid\u00eancia m\u00e9dica, an\u00e1lise e editais e muito mais. Clique e confira!\",\"publisher\":{\"@id\":\"https:\\\/\\\/www.grupomedcof.com.br\\\/blog\\\/#organization\"},\"alternateName\":\"Blog de Medcof: conte\u00fados, editais, revalida e mais!\",\"potentialAction\":[{\"@type\":\"SearchAction\",\"target\":{\"@type\":\"EntryPoint\",\"urlTemplate\":\"https:\\\/\\\/www.grupomedcof.com.br\\\/blog\\\/?s={search_term_string}\"},\"query-input\":{\"@type\":\"PropertyValueSpecification\",\"valueRequired\":true,\"valueName\":\"search_term_string\"}}],\"inLanguage\":\"pt-BR\"},{\"@type\":\"Organization\",\"@id\":\"https:\\\/\\\/www.grupomedcof.com.br\\\/blog\\\/#organization\",\"name\":\"Grupo MedCof\",\"url\":\"https:\\\/\\\/www.grupomedcof.com.br\\\/blog\\\/\",\"logo\":{\"@type\":\"ImageObject\",\"inLanguage\":\"pt-BR\",\"@id\":\"https:\\\/\\\/www.grupomedcof.com.br\\\/blog\\\/#\\\/schema\\\/logo\\\/image\\\/\",\"url\":\"https:\\\/\\\/www.grupomedcof.com.br\\\/blog\\\/wp-content\\\/uploads\\\/2022\\\/01\\\/logo-medcof.png\",\"contentUrl\":\"https:\\\/\\\/www.grupomedcof.com.br\\\/blog\\\/wp-content\\\/uploads\\\/2022\\\/01\\\/logo-medcof.png\",\"width\":768,\"height\":269,\"caption\":\"Grupo MedCof\"},\"image\":{\"@id\":\"https:\\\/\\\/www.grupomedcof.com.br\\\/blog\\\/#\\\/schema\\\/logo\\\/image\\\/\"},\"sameAs\":[\"https:\\\/\\\/www.facebook.com\\\/MedCofQbank\\\/\",\"https:\\\/\\\/www.instagram.com\\\/grupomedcof\\\/\",\"https:\\\/\\\/br.linkedin.com\\\/company\\\/medcof\",\"https:\\\/\\\/www.youtube.com\\\/channel\\\/UCdHMuOHKICxcHwecxN8P-AA\"]},{\"@type\":\"Person\",\"@id\":\"https:\\\/\\\/www.grupomedcof.com.br\\\/blog\\\/#\\\/schema\\\/person\\\/5e56a3921255c01181f3d8c20d53f9c0\",\"name\":\"Grupo MedCof\",\"image\":{\"@type\":\"ImageObject\",\"inLanguage\":\"pt-BR\",\"@id\":\"https:\\\/\\\/www.grupomedcof.com.br\\\/blog\\\/wp-content\\\/uploads\\\/2023\\\/04\\\/cropped-cropped-cropped-cropped-logo-96x96.png28585d174f19c23095510da5f63bc127\",\"url\":\"https:\\\/\\\/www.grupomedcof.com.br\\\/blog\\\/wp-content\\\/uploads\\\/2023\\\/04\\\/cropped-cropped-cropped-cropped-logo-96x96.png\",\"contentUrl\":\"https:\\\/\\\/www.grupomedcof.com.br\\\/blog\\\/wp-content\\\/uploads\\\/2023\\\/04\\\/cropped-cropped-cropped-cropped-logo-96x96.png\",\"caption\":\"Grupo MedCof\"},\"description\":\"Tendo aulas baseadas em quest\u00f5es, + de 115 subespecialistas dispon\u00edveis e uma metodologia \u00fanica, voc\u00ea pode se juntar ao nosso time que conta com mais de 10 mil ...\",\"url\":\"https:\\\/\\\/www.grupomedcof.com.br\\\/blog\\\/author\\\/grupo-medcof\\\/\"}]}<\/script>\n<!-- \/ Yoast SEO Premium plugin. -->","yoast_head_json":{"title":"Dia Mundial da Pr\u00e9-Ecl\u00e2mpsia - Blog de Medcof: conte\u00fados, editais, revalida e mais!","description":"O dia 22 de maio foi estabelecido como o Dia Mundial de Preven\u00e7\u00e3o da Pr\u00e9-Ecl\u00e2mpsia. Saiba as principais informa\u00e7\u00f5es sobre a doen\u00e7a.","robots":{"index":"index","follow":"follow","max-snippet":"max-snippet:-1","max-image-preview":"max-image-preview:large","max-video-preview":"max-video-preview:-1"},"canonical":"https:\/\/www.grupomedcof.com.br\/blog\/dia-mundial-da-pre-eclampsia\/","og_locale":"pt_BR","og_type":"article","og_title":"Dia Mundial da Pr\u00e9-Ecl\u00e2mpsia","og_description":"O dia 22 de maio foi estabelecido como o Dia Mundial de Preven\u00e7\u00e3o da Pr\u00e9-Ecl\u00e2mpsia. Saiba as principais informa\u00e7\u00f5es sobre a doen\u00e7a.","og_url":"https:\/\/www.grupomedcof.com.br\/blog\/dia-mundial-da-pre-eclampsia\/","og_site_name":"Blog de Medcof: conte\u00fados, editais, revalida e mais!","article_publisher":"https:\/\/www.facebook.com\/MedCofQbank\/","article_published_time":"2025-05-26T12:15:33+00:00","article_modified_time":"2025-05-26T12:15:35+00:00","og_image":[{"width":1024,"height":576,"url":"https:\/\/www.grupomedcof.com.br\/blog\/wp-content\/uploads\/2023\/05\/Blog-MedCof-17-1024x576.png","type":"image\/png"}],"author":"Grupo MedCof","twitter_card":"summary_large_image","twitter_misc":{"Escrito por":"Grupo MedCof","Est. tempo de leitura":"7 minutos"},"schema":{"@context":"https:\/\/schema.org","@graph":[{"@type":"Article","@id":"https:\/\/www.grupomedcof.com.br\/blog\/dia-mundial-da-pre-eclampsia\/#article","isPartOf":{"@id":"https:\/\/www.grupomedcof.com.br\/blog\/dia-mundial-da-pre-eclampsia\/"},"author":{"name":"Grupo MedCof","@id":"https:\/\/www.grupomedcof.com.br\/blog\/#\/schema\/person\/5e56a3921255c01181f3d8c20d53f9c0"},"headline":"Dia Mundial da Pr\u00e9-Ecl\u00e2mpsia","datePublished":"2025-05-26T12:15:33+00:00","dateModified":"2025-05-26T12:15:35+00:00","mainEntityOfPage":{"@id":"https:\/\/www.grupomedcof.com.br\/blog\/dia-mundial-da-pre-eclampsia\/"},"wordCount":1185,"commentCount":1,"publisher":{"@id":"https:\/\/www.grupomedcof.com.br\/blog\/#organization"},"image":{"@id":"https:\/\/www.grupomedcof.com.br\/blog\/dia-mundial-da-pre-eclampsia\/#primaryimage"},"thumbnailUrl":"https:\/\/www.grupomedcof.com.br\/blog\/wp-content\/uploads\/2023\/05\/Blog-MedCof-17.png","keywords":["Ginecologia e Obstetr\u00edcia","Pr\u00e9-Ecl\u00e2mpsia","Resid\u00eancia M\u00e9dica"],"articleSection":["Ginecologia e Obstetr\u00edcia"],"inLanguage":"pt-BR"},{"@type":"WebPage","@id":"https:\/\/www.grupomedcof.com.br\/blog\/dia-mundial-da-pre-eclampsia\/","url":"https:\/\/www.grupomedcof.com.br\/blog\/dia-mundial-da-pre-eclampsia\/","name":"Dia Mundial da Pr\u00e9-Ecl\u00e2mpsia - Blog de Medcof: conte\u00fados, editais, revalida e mais!","isPartOf":{"@id":"https:\/\/www.grupomedcof.com.br\/blog\/#website"},"primaryImageOfPage":{"@id":"https:\/\/www.grupomedcof.com.br\/blog\/dia-mundial-da-pre-eclampsia\/#primaryimage"},"image":{"@id":"https:\/\/www.grupomedcof.com.br\/blog\/dia-mundial-da-pre-eclampsia\/#primaryimage"},"thumbnailUrl":"https:\/\/www.grupomedcof.com.br\/blog\/wp-content\/uploads\/2023\/05\/Blog-MedCof-17.png","datePublished":"2025-05-26T12:15:33+00:00","dateModified":"2025-05-26T12:15:35+00:00","description":"O dia 22 de maio foi estabelecido como o Dia Mundial de Preven\u00e7\u00e3o da Pr\u00e9-Ecl\u00e2mpsia. Saiba as principais informa\u00e7\u00f5es sobre a doen\u00e7a.","breadcrumb":{"@id":"https:\/\/www.grupomedcof.com.br\/blog\/dia-mundial-da-pre-eclampsia\/#breadcrumb"},"inLanguage":"pt-BR","potentialAction":[{"@type":"ReadAction","target":["https:\/\/www.grupomedcof.com.br\/blog\/dia-mundial-da-pre-eclampsia\/"]}]},{"@type":"ImageObject","inLanguage":"pt-BR","@id":"https:\/\/www.grupomedcof.com.br\/blog\/dia-mundial-da-pre-eclampsia\/#primaryimage","url":"https:\/\/www.grupomedcof.com.br\/blog\/wp-content\/uploads\/2023\/05\/Blog-MedCof-17.png","contentUrl":"https:\/\/www.grupomedcof.com.br\/blog\/wp-content\/uploads\/2023\/05\/Blog-MedCof-17.png","width":2560,"height":1440,"caption":"O dia 22 de maio foi estabelecido como o Dia Mundial de Preven\u00e7\u00e3o da Pr\u00e9-Ecl\u00e2mpsia. Saiba as principais informa\u00e7\u00f5es sobre a doen\u00e7a."},{"@type":"BreadcrumbList","@id":"https:\/\/www.grupomedcof.com.br\/blog\/dia-mundial-da-pre-eclampsia\/#breadcrumb","itemListElement":[{"@type":"ListItem","position":1,"name":"In\u00edcio","item":"https:\/\/www.grupomedcof.com.br\/blog\/"},{"@type":"ListItem","position":2,"name":"Dia Mundial da Pr\u00e9-Ecl\u00e2mpsia"}]},{"@type":"WebSite","@id":"https:\/\/www.grupomedcof.com.br\/blog\/#website","url":"https:\/\/www.grupomedcof.com.br\/blog\/","name":"Blog de Medcof: conte\u00fados, editais, revalida e mais!","description":"Acesso o blog de MedCof! Seu portal de conte\u00fados sobre resid\u00eancia m\u00e9dica, an\u00e1lise e editais e muito mais. Clique e confira!","publisher":{"@id":"https:\/\/www.grupomedcof.com.br\/blog\/#organization"},"alternateName":"Blog de Medcof: conte\u00fados, editais, revalida e mais!","potentialAction":[{"@type":"SearchAction","target":{"@type":"EntryPoint","urlTemplate":"https:\/\/www.grupomedcof.com.br\/blog\/?s={search_term_string}"},"query-input":{"@type":"PropertyValueSpecification","valueRequired":true,"valueName":"search_term_string"}}],"inLanguage":"pt-BR"},{"@type":"Organization","@id":"https:\/\/www.grupomedcof.com.br\/blog\/#organization","name":"Grupo MedCof","url":"https:\/\/www.grupomedcof.com.br\/blog\/","logo":{"@type":"ImageObject","inLanguage":"pt-BR","@id":"https:\/\/www.grupomedcof.com.br\/blog\/#\/schema\/logo\/image\/","url":"https:\/\/www.grupomedcof.com.br\/blog\/wp-content\/uploads\/2022\/01\/logo-medcof.png","contentUrl":"https:\/\/www.grupomedcof.com.br\/blog\/wp-content\/uploads\/2022\/01\/logo-medcof.png","width":768,"height":269,"caption":"Grupo MedCof"},"image":{"@id":"https:\/\/www.grupomedcof.com.br\/blog\/#\/schema\/logo\/image\/"},"sameAs":["https:\/\/www.facebook.com\/MedCofQbank\/","https:\/\/www.instagram.com\/grupomedcof\/","https:\/\/br.linkedin.com\/company\/medcof","https:\/\/www.youtube.com\/channel\/UCdHMuOHKICxcHwecxN8P-AA"]},{"@type":"Person","@id":"https:\/\/www.grupomedcof.com.br\/blog\/#\/schema\/person\/5e56a3921255c01181f3d8c20d53f9c0","name":"Grupo MedCof","image":{"@type":"ImageObject","inLanguage":"pt-BR","@id":"https:\/\/www.grupomedcof.com.br\/blog\/wp-content\/uploads\/2023\/04\/cropped-cropped-cropped-cropped-logo-96x96.png28585d174f19c23095510da5f63bc127","url":"https:\/\/www.grupomedcof.com.br\/blog\/wp-content\/uploads\/2023\/04\/cropped-cropped-cropped-cropped-logo-96x96.png","contentUrl":"https:\/\/www.grupomedcof.com.br\/blog\/wp-content\/uploads\/2023\/04\/cropped-cropped-cropped-cropped-logo-96x96.png","caption":"Grupo MedCof"},"description":"Tendo aulas baseadas em quest\u00f5es, + de 115 subespecialistas dispon\u00edveis e uma metodologia \u00fanica, voc\u00ea pode se juntar ao nosso time que conta com mais de 10 mil ...","url":"https:\/\/www.grupomedcof.com.br\/blog\/author\/grupo-medcof\/"}]}},"authors":[{"term_id":3613,"user_id":10,"is_guest":0,"slug":"grupo-medcof","display_name":"Grupo MedCof","avatar_url":"https:\/\/www.grupomedcof.com.br\/blog\/wp-content\/uploads\/2023\/04\/cropped-cropped-cropped-cropped-logo-96x96.png","0":null,"1":"","2":"","3":"","4":"","5":"","6":"","7":"","8":""}],"_links":{"self":[{"href":"https:\/\/www.grupomedcof.com.br\/blog\/wp-json\/wp\/v2\/posts\/7383","targetHints":{"allow":["GET"]}}],"collection":[{"href":"https:\/\/www.grupomedcof.com.br\/blog\/wp-json\/wp\/v2\/posts"}],"about":[{"href":"https:\/\/www.grupomedcof.com.br\/blog\/wp-json\/wp\/v2\/types\/post"}],"author":[{"embeddable":true,"href":"https:\/\/www.grupomedcof.com.br\/blog\/wp-json\/wp\/v2\/users\/10"}],"replies":[{"embeddable":true,"href":"https:\/\/www.grupomedcof.com.br\/blog\/wp-json\/wp\/v2\/comments?post=7383"}],"version-history":[{"count":2,"href":"https:\/\/www.grupomedcof.com.br\/blog\/wp-json\/wp\/v2\/posts\/7383\/revisions"}],"predecessor-version":[{"id":35961,"href":"https:\/\/www.grupomedcof.com.br\/blog\/wp-json\/wp\/v2\/posts\/7383\/revisions\/35961"}],"wp:featuredmedia":[{"embeddable":true,"href":"https:\/\/www.grupomedcof.com.br\/blog\/wp-json\/wp\/v2\/media\/7396"}],"wp:attachment":[{"href":"https:\/\/www.grupomedcof.com.br\/blog\/wp-json\/wp\/v2\/media?parent=7383"}],"wp:term":[{"taxonomy":"category","embeddable":true,"href":"https:\/\/www.grupomedcof.com.br\/blog\/wp-json\/wp\/v2\/categories?post=7383"},{"taxonomy":"post_tag","embeddable":true,"href":"https:\/\/www.grupomedcof.com.br\/blog\/wp-json\/wp\/v2\/tags?post=7383"},{"taxonomy":"author","embeddable":true,"href":"https:\/\/www.grupomedcof.com.br\/blog\/wp-json\/wp\/v2\/ppma_author?post=7383"}],"curies":[{"name":"wp","href":"https:\/\/api.w.org\/{rel}","templated":true}]}}