{"id":7817,"date":"2023-06-06T11:15:47","date_gmt":"2023-06-06T14:15:47","guid":{"rendered":"https:\/\/www.grupomedcof.com.br\/blog\/?p=7817"},"modified":"2023-06-06T11:15:47","modified_gmt":"2023-06-06T14:15:47","slug":"concurso-publico-mogi-mirim","status":"publish","type":"post","link":"https:\/\/www.grupomedcof.com.br\/blog\/concurso-publico-mogi-mirim\/","title":{"rendered":"Concurso P\u00fablico: Mogi Mirim"},"content":{"rendered":"<div id=\"ez-toc-container\" class=\"ez-toc-v2_0_74 counter-hierarchy ez-toc-counter ez-toc-transparent ez-toc-container-direction\">\n<div class=\"ez-toc-title-container\">\n<p class=\"ez-toc-title\" style=\"cursor:inherit\">Sum\u00e1rio<\/p>\n<span class=\"ez-toc-title-toggle\"><a href=\"#\" class=\"ez-toc-pull-right ez-toc-btn ez-toc-btn-xs ez-toc-btn-default ez-toc-toggle\" aria-label=\"Alternar tabela de conte\u00fado\"><span class=\"ez-toc-js-icon-con\"><span class=\"\"><span class=\"eztoc-hide\" style=\"display:none;\">Toggle<\/span><span class=\"ez-toc-icon-toggle-span\"><svg style=\"fill: #999;color:#999\" xmlns=\"http:\/\/www.w3.org\/2000\/svg\" class=\"list-377408\" width=\"20px\" height=\"20px\" viewBox=\"0 0 24 24\" fill=\"none\"><path d=\"M6 6H4v2h2V6zm14 0H8v2h12V6zM4 11h2v2H4v-2zm16 0H8v2h12v-2zM4 16h2v2H4v-2zm16 0H8v2h12v-2z\" fill=\"currentColor\"><\/path><\/svg><svg style=\"fill: #999;color:#999\" class=\"arrow-unsorted-368013\" xmlns=\"http:\/\/www.w3.org\/2000\/svg\" width=\"10px\" height=\"10px\" viewBox=\"0 0 24 24\" version=\"1.2\" baseProfile=\"tiny\"><path d=\"M18.2 9.3l-6.2-6.3-6.2 6.3c-.2.2-.3.4-.3.7s.1.5.3.7c.2.2.4.3.7.3h11c.3 0 .5-.1.7-.3.2-.2.3-.5.3-.7s-.1-.5-.3-.7zM5.8 14.7l6.2 6.3 6.2-6.3c.2-.2.3-.5.3-.7s-.1-.5-.3-.7c-.2-.2-.4-.3-.7-.3h-11c-.3 0-.5.1-.7.3-.2.2-.3.5-.3.7s.1.5.3.7z\"\/><\/svg><\/span><\/span><\/span><\/a><\/span><\/div>\n<nav><ul class='ez-toc-list ez-toc-list-level-1 ' ><li class='ez-toc-page-1 ez-toc-heading-level-2'><a class=\"ez-toc-link ez-toc-heading-1\" href=\"https:\/\/www.grupomedcof.com.br\/blog\/concurso-publico-mogi-mirim\/#Leia_a_seguir\" >Leia a seguir<\/a><\/li><li class='ez-toc-page-1 ez-toc-heading-level-2'><a class=\"ez-toc-link ez-toc-heading-2\" href=\"https:\/\/www.grupomedcof.com.br\/blog\/concurso-publico-mogi-mirim\/#Concurso_Publico_Mogi_Mirim\" >Concurso P\u00fablico: Mogi Mirim<\/a><\/li><li class='ez-toc-page-1 ez-toc-heading-level-2'><a class=\"ez-toc-link ez-toc-heading-3\" href=\"https:\/\/www.grupomedcof.com.br\/blog\/concurso-publico-mogi-mirim\/#Processo_seletivo_Concurso_Publico_de_Mogi_Mirim\" >Processo seletivo: Concurso P\u00fablico de Mogi Mirim<\/a><\/li><li class='ez-toc-page-1 ez-toc-heading-level-2'><a class=\"ez-toc-link ez-toc-heading-4\" href=\"https:\/\/www.grupomedcof.com.br\/blog\/concurso-publico-mogi-mirim\/#Conquiste_a_aprovacao\" >Conquiste a aprova\u00e7\u00e3o!<\/a><\/li><\/ul><\/nav><\/div>\n<p><a href=\"https:\/\/www.grupomedcof.com.br\/\" target=\"_blank\" rel=\"noopener\"><br \/>\n\t\t\t\t\t\t\t<img loading=\"lazy\" decoding=\"async\" width=\"800\" height=\"450\" src=\"https:\/\/www.grupomedcof.com.br\/blog\/wp-content\/uploads\/2023\/06\/Blog-MedCof-41-1024x576.png\" alt=\"concurso p\u00fablico de mogi mirim, concurso p\u00fablico mogi mirim 2023, cargos m\u00e9dicos em mogi mirim, vagas para concurso p\u00fablico mogi mirim,prefeitura de mogi mirim, concurso p\u00fablico em mogi mirim,\" srcset=\"https:\/\/www.grupomedcof.com.br\/blog\/wp-content\/uploads\/2023\/06\/Blog-MedCof-41-1024x576.png 1024w, https:\/\/www.grupomedcof.com.br\/blog\/wp-content\/uploads\/2023\/06\/Blog-MedCof-41-300x169.png 300w, https:\/\/www.grupomedcof.com.br\/blog\/wp-content\/uploads\/2023\/06\/Blog-MedCof-41-768x432.png 768w, https:\/\/www.grupomedcof.com.br\/blog\/wp-content\/uploads\/2023\/06\/Blog-MedCof-41-1536x864.png 1536w, https:\/\/www.grupomedcof.com.br\/blog\/wp-content\/uploads\/2023\/06\/Blog-MedCof-41-2048x1152.png 2048w\" sizes=\"auto, (max-width: 800px) 100vw, 800px\" \/>\t\t\t\t\t\t\t\t<\/a><\/p>\n<p><b>A Prefeitura de Mogi Mirim publicou o<a href=\"https:\/\/mogimirim.sp.gov.br\/uploads\/noticia\/22395\/HTQqb1GKBoVKviV_92Fvsd_BkH8dZwxW.pdf\" target=\"_blank\" rel=\"noopener\"> edital com o processe seletivo<\/a>\u00a0<\/b>do concurso p\u00fablico da regi\u00e3o. Sendo assim, ser\u00e1 poss\u00edvel realizar o <b>cadastramento reserva para 33 especialidades m\u00e9dicas.<\/b><\/p>\n<h2><span class=\"ez-toc-section\" id=\"Leia_a_seguir\"><\/span>\n\t\t\t\tLeia a seguir\t\t\t<span class=\"ez-toc-section-end\"><\/span><\/h2>\n<h2 style=\"font-family: Poppins, sans-serif; color: #7a7a7a;\"><span class=\"ez-toc-section\" id=\"Concurso_Publico_Mogi_Mirim\"><\/span>Concurso P\u00fablico: Mogi Mirim<span class=\"ez-toc-section-end\"><\/span><\/h2>\n<p>De acordo com o edital, os candidatos interessados poder\u00e3o <b>se inscrever entre 25 de maio e 22 de junho <\/b>atrav\u00e9s do <a href=\"https:\/\/www.ibamsp-concursos.org.br\/site\/concursos\/cargos\/740\" target=\"_blank\" rel=\"nofollow noopener\">site do IBAM<\/a> (Instituto Brasileiro de Administra\u00e7\u00e3o Municipal). Desse modo, deve-se realizar o pagamento da<b> taxa no valor de R$ 94,00\u00a0<\/b>com prazo limite at\u00e9 o dia 23 de junho.<\/p>\n<p>\u00a0<\/p>\n<p>Ademais, aqueles que comprovarem o registro do CAD\u00daNICO (Cadastro \u00danico para Programas Sociais do Governo Federal), tendo renda familiar per capita de at\u00e9 meio sal\u00e1rio m\u00ednimo mensal, poder\u00e3o <b>solicitar a isen\u00e7\u00e3o da taxa de inscri\u00e7\u00e3o entre os dias 25 e 26 de junho.<\/b><\/p>\n<p>\t\t\t\t\t\t\t\t\t\t\t\t\t\t\t\t<a href=\"https:\/\/www.grupomedcof.com.br\/inscricao-hiit-2023\/\" target=\"_blank\" rel=\"noopener\"><br \/>\n\t\t\t\t\t\t\t<img loading=\"lazy\" decoding=\"async\" width=\"800\" height=\"141\" src=\"https:\/\/www.grupomedcof.com.br\/blog\/wp-content\/uploads\/2023\/05\/Captura-de-tela-2023-05-30-121547-1024x181.png\" alt=\"Semana HIIT MedCof, aulas grupo medcof, medcof, aulas medcof, medcof qbank, gupo medcof\" srcset=\"https:\/\/www.grupomedcof.com.br\/blog\/wp-content\/uploads\/2023\/05\/Captura-de-tela-2023-05-30-121547-1024x181.png 1024w, https:\/\/www.grupomedcof.com.br\/blog\/wp-content\/uploads\/2023\/05\/Captura-de-tela-2023-05-30-121547-300x53.png 300w, https:\/\/www.grupomedcof.com.br\/blog\/wp-content\/uploads\/2023\/05\/Captura-de-tela-2023-05-30-121547-768x136.png 768w, https:\/\/www.grupomedcof.com.br\/blog\/wp-content\/uploads\/2023\/05\/Captura-de-tela-2023-05-30-121547-1536x271.png 1536w, https:\/\/www.grupomedcof.com.br\/blog\/wp-content\/uploads\/2023\/05\/Captura-de-tela-2023-05-30-121547.png 1687w\" sizes=\"auto, (max-width: 800px) 100vw, 800px\" \/>\t\t\t\t\t\t\t\t<\/a><\/p>\n<p>Assim, para todos os cargos m\u00e9dicos ofertadas deve-se ter ensino superior em medicina completo, registro de profissional ativo, al\u00e9m da especializa\u00e7\u00e3o na \u00e1rea escolhida. Dessa forma, <b>a jornada de trabalho definida \u00e9 de 20 horas semanais com remunera\u00e7\u00e3o de R$ 4.428,66.<\/b> Portanto, veja a abaixo os as especialidades dispon\u00edveis para o cadastro reserva.<\/p>\n<ul style=\"font-size: 16px; background-color: rgb(255, 255, 255);\">\n<li style=\"font-size: 16px;\">Alergologista<\/li>\n<li style=\"font-size: 16px;\">Angiologia<\/li>\n<li style=\"font-size: 16px;\">Auditor<\/li>\n<li style=\"font-size: 16px;\">Cardiologista<\/li>\n<li style=\"font-size: 16px;\">Cirurgi\u00e3o Geral<\/li>\n<li style=\"font-size: 16px;\">Dermatologista<\/li>\n<li style=\"font-size: 16px;\">M\u00e9dico do Trabalho<\/li>\n<li style=\"font-size: 16px;\">Endocrinogista<\/li>\n<li style=\"font-size: 16px;\">Fisiatra<\/li>\n<li style=\"font-size: 16px;\">Gastroenterologista<\/li>\n<li style=\"font-size: 16px;\">Geriatra<\/li>\n<li style=\"font-size: 16px;\">Gineco-Obstetra<\/li>\n<li style=\"font-size: 16px;\">Hematologista<\/li>\n<li style=\"font-size: 16px;\">Imunologista<\/li>\n<li style=\"font-size: 16px;\">Infectologista<\/li>\n<li style=\"font-size: 16px;\">Mastologista<\/li>\n<\/ul>\n<ul style=\"font-size: 16px; background-color: #ffffff;\">\n<li style=\"font-size: 16px;\">Nefrologista<\/li>\n<li style=\"font-size: 16px;\">Neonatologista<\/li>\n<li style=\"font-size: 16px;\">Neurologista<\/li>\n<li style=\"font-size: 16px;\">Oftalmologista<\/li>\n<li style=\"font-size: 16px;\">Oncologista<\/li>\n<li style=\"font-size: 16px;\">Ortopedista<\/li>\n<li style=\"font-size: 16px;\">Otorrinolaringologista<\/li>\n<li style=\"font-size: 16px;\">Pediatra<\/li>\n<li style=\"font-size: 16px;\">Pneumologista<\/li>\n<li style=\"font-size: 16px;\">PSF (carga hor\u00e1ria de 40h semanais e remunera\u00e7\u00e3o de R$ 8.857,29)<\/li>\n<li style=\"font-size: 16px;\">Psiquiatra<\/li>\n<li style=\"font-size: 16px;\">Reumatologista<\/li>\n<li style=\"font-size: 16px;\">Sanitarista<\/li>\n<li style=\"font-size: 16px;\">Ultrassonografista<\/li>\n<li style=\"font-size: 16px;\">Urologista<\/li>\n<\/ul>\n<h2 style=\"font-family: Poppins, sans-serif; color: #7a7a7a;\"><span class=\"ez-toc-section\" id=\"Processo_seletivo_Concurso_Publico_de_Mogi_Mirim\"><\/span>Processo seletivo: Concurso P\u00fablico de Mogi Mirim<span class=\"ez-toc-section-end\"><\/span><\/h2>\n<p>Dessa forma, o concurso p\u00fablico de Mogi Morim ser\u00e1 composto por <b>uma \u00fanica fase avaliativa<\/b>, consistindo em uma <b>prova objetiva com 40 quest\u00f5es de m\u00faltipla escolha<\/b>. Com previs\u00e3o para ocorrer no<b> dia 30 de julho de 2023 <\/b>na cidade de Mogi Mirim, S\u00e3o Paulo, a prova de car\u00e1ter eliminat\u00f3rio e classificat\u00f3rio ter\u00e1 3 horas de dura\u00e7\u00e3o, sendo desclassificados aqueles que n\u00e3o obtiveram o<b> m\u00ednimo de 50% de acertos<\/b>. Pensando nisso, a divulga\u00e7\u00e3o do hor\u00e1rio e dos locais de prova ocorrer\u00e1 no dia 15 de julho no site do IBAM por meio do <b>Edital de Convoca\u00e7\u00e3o.<\/b><\/p>\n<p>Por fim, veja quais \u00e1reas do conhecimento ser\u00e3o cobradas na prova objetiva, bem como a distribui\u00e7\u00e3o e peso das quest\u00f5es:<\/p>\n<table>\n<thead>\n<tr>\n<th>\u00c1rea de Conhecimento<\/th>\n<th data-align=\"center\">N\u00ba de Quest\u00f5es<\/th>\n<th data-align=\"center\">Peso<\/th>\n<\/tr>\n<\/thead>\n<tbody>\n<tr>\n<td>L\u00edngua Portuguesa<\/td>\n<td data-align=\"center\">15<\/td>\n<td data-align=\"center\">0,10<\/td>\n<\/tr>\n<tr>\n<td>Matem\u00e1tica<\/td>\n<td data-align=\"center\">5<\/td>\n<td data-align=\"center\">0,10<\/td>\n<\/tr>\n<tr>\n<td>Conhecimentos Espec\u00edficos<\/td>\n<td data-align=\"center\">20<\/td>\n<td data-align=\"center\">0,40<\/td>\n<\/tr>\n<\/tbody>\n<\/table>\n<section data-id=\"5f13890\" data-element_type=\"section\">\n<\/section>\n<h2 style=\"font-family: Poppins, sans-serif; color: #7a7a7a;\"><span class=\"ez-toc-section\" id=\"Conquiste_a_aprovacao\"><\/span>Conquiste a aprova\u00e7\u00e3o!<span class=\"ez-toc-section-end\"><\/span><\/h2>\n<section data-id=\"5f13890\" data-element_type=\"section\">\nO<a href=\"https:\/\/www.grupomedcof.com.br\/\" target=\"_blank\" rel=\"noopener\">\u00a0<b>Grupo\u00a0MedCof<\/b><\/a>\u00a0tem um cat\u00e1logo repleto de cursos que te guiar\u00e3o na jornada para as provas de Resid\u00eancia M\u00e9dica que ocorrer\u00e3o em 2023! Ent\u00e3o, confira os nossos cursos e<a href=\"https:\/\/www.grupomedcof.com.br\/blog\/presenca-da-medcof-nas-aprovacoes-em-residencia-medica-no-brasil\/\"><b> seja\u00a0mais um aprovado<\/b><\/a>\u00a0nas melhores resid\u00eancias m\u00e9dicas do pa\u00eds, como a USP-SP, IAMSPE, ENARE, HCPA, AMIRGS e PSU-MG.<br \/>\n<\/section>\n<p>\t\t\t\t\t\t\t\t\t\t\t\t\t\t\t\t<a href=\"https:\/\/www.grupomedcof.com.br\/\" target=\"_blank\" rel=\"noopener\"><br \/>\n\t\t\t\t\t\t\t<img loading=\"lazy\" decoding=\"async\" width=\"800\" height=\"397\" src=\"https:\/\/www.grupomedcof.com.br\/blog\/wp-content\/uploads\/2023\/03\/aprovados-1024x508.png\" alt=\"Aprovados medcof\" srcset=\"https:\/\/www.grupomedcof.com.br\/blog\/wp-content\/uploads\/2023\/03\/aprovados-1024x508.png 1024w, https:\/\/www.grupomedcof.com.br\/blog\/wp-content\/uploads\/2023\/03\/aprovados-300x149.png 300w, https:\/\/www.grupomedcof.com.br\/blog\/wp-content\/uploads\/2023\/03\/aprovados-768x381.png 768w, https:\/\/www.grupomedcof.com.br\/blog\/wp-content\/uploads\/2023\/03\/aprovados.png 1436w\" sizes=\"auto, (max-width: 800px) 100vw, 800px\" \/>\t\t\t\t\t\t\t\t<\/a><\/p>\n","protected":false},"excerpt":{"rendered":"<p>A Prefeitura de Mogi Mirim publicou o edital com o processe seletivo\u00a0do concurso p\u00fablico da regi\u00e3o. Sendo assim, ser\u00e1 poss\u00edvel realizar o cadastramento reserva para 33 especialidades m\u00e9dicas. Leia a seguir Concurso P\u00fablico: Mogi Mirim De acordo com o edital, os candidatos interessados poder\u00e3o se inscrever entre 25 de maio e 22 de junho atrav\u00e9s [&hellip;]<\/p>\n","protected":false},"author":6,"featured_media":7818,"comment_status":"open","ping_status":"open","sticky":false,"template":"","format":"standard","meta":{"footnotes":""},"categories":[55,213],"tags":[160,93,163],"ppma_author":[3609],"class_list":{"0":"post-7817","1":"post","2":"type-post","3":"status-publish","4":"format-standard","5":"has-post-thumbnail","7":"category-carreira-medica","8":"category-concurso-publico","9":"tag-especialidades-cirurgicas","10":"tag-especialidades-medicas","11":"tag-registro-medico"},"yoast_head":"<!-- This site is optimized with the Yoast SEO Premium plugin v24.3 (Yoast SEO v27.4) - https:\/\/yoast.com\/product\/yoast-seo-premium-wordpress\/ -->\n<title>Concurso P\u00fablico: Mogi Mirim - Blog de Medcof: conte\u00fados, editais, revalida e mais!<\/title>\n<meta name=\"description\" content=\"A prefeitura de Mogi Mirim publicou o edital para do concurso p\u00fablico da regi\u00e3o para o cadastramento reserva em 33 especialidades m\u00e9dicas.\" \/>\n<meta name=\"robots\" content=\"index, follow, max-snippet:-1, max-image-preview:large, max-video-preview:-1\" \/>\n<link rel=\"canonical\" href=\"https:\/\/www.grupomedcof.com.br\/blog\/concurso-publico-mogi-mirim\/\" \/>\n<meta property=\"og:locale\" content=\"pt_BR\" \/>\n<meta property=\"og:type\" content=\"article\" \/>\n<meta property=\"og:title\" content=\"Concurso P\u00fablico: Mogi Mirim\" \/>\n<meta property=\"og:description\" content=\"A prefeitura de Mogi Mirim publicou o edital para do concurso p\u00fablico da regi\u00e3o para o cadastramento reserva em 33 especialidades m\u00e9dicas.\" \/>\n<meta property=\"og:url\" content=\"https:\/\/www.grupomedcof.com.br\/blog\/concurso-publico-mogi-mirim\/\" \/>\n<meta property=\"og:site_name\" content=\"Blog de Medcof: conte\u00fados, editais, revalida e mais!\" \/>\n<meta property=\"article:publisher\" content=\"https:\/\/www.facebook.com\/MedCofQbank\/\" \/>\n<meta property=\"article:published_time\" content=\"2023-06-06T14:15:47+00:00\" \/>\n<meta property=\"og:image\" content=\"https:\/\/www.grupomedcof.com.br\/blog\/wp-content\/uploads\/2023\/06\/Blog-MedCof-41-1024x576.png\" \/>\n\t<meta property=\"og:image:width\" content=\"1024\" \/>\n\t<meta property=\"og:image:height\" content=\"576\" \/>\n\t<meta property=\"og:image:type\" content=\"image\/png\" \/>\n<meta name=\"author\" content=\"J\u00falia Moreira\" \/>\n<meta name=\"twitter:card\" content=\"summary_large_image\" \/>\n<meta name=\"twitter:label1\" content=\"Escrito por\" \/>\n\t<meta name=\"twitter:data1\" content=\"J\u00falia Moreira\" \/>\n\t<meta name=\"twitter:label2\" content=\"Est. tempo de leitura\" \/>\n\t<meta name=\"twitter:data2\" content=\"6 minutos\" \/>\n<script type=\"application\/ld+json\" class=\"yoast-schema-graph\">{\"@context\":\"https:\\\/\\\/schema.org\",\"@graph\":[{\"@type\":\"Article\",\"@id\":\"https:\\\/\\\/www.grupomedcof.com.br\\\/blog\\\/concurso-publico-mogi-mirim\\\/#article\",\"isPartOf\":{\"@id\":\"https:\\\/\\\/www.grupomedcof.com.br\\\/blog\\\/concurso-publico-mogi-mirim\\\/\"},\"author\":{\"name\":\"J\u00falia Moreira\",\"@id\":\"https:\\\/\\\/www.grupomedcof.com.br\\\/blog\\\/#\\\/schema\\\/person\\\/1375e0ce724529d7a1d8156ea7f8ceaa\"},\"headline\":\"Concurso P\u00fablico: Mogi Mirim\",\"datePublished\":\"2023-06-06T14:15:47+00:00\",\"mainEntityOfPage\":{\"@id\":\"https:\\\/\\\/www.grupomedcof.com.br\\\/blog\\\/concurso-publico-mogi-mirim\\\/\"},\"wordCount\":455,\"commentCount\":0,\"publisher\":{\"@id\":\"https:\\\/\\\/www.grupomedcof.com.br\\\/blog\\\/#organization\"},\"image\":{\"@id\":\"https:\\\/\\\/www.grupomedcof.com.br\\\/blog\\\/concurso-publico-mogi-mirim\\\/#primaryimage\"},\"thumbnailUrl\":\"https:\\\/\\\/www.grupomedcof.com.br\\\/blog\\\/wp-content\\\/uploads\\\/2023\\\/06\\\/Blog-MedCof-41.png\",\"keywords\":[\"Especialidades cir\u00fargicas\",\"Especialidades m\u00e9dicas\",\"Registro M\u00e9dico\"],\"articleSection\":[\"Carreira M\u00e9dica\",\"Concurso P\u00fablico\"],\"inLanguage\":\"pt-BR\"},{\"@type\":\"WebPage\",\"@id\":\"https:\\\/\\\/www.grupomedcof.com.br\\\/blog\\\/concurso-publico-mogi-mirim\\\/\",\"url\":\"https:\\\/\\\/www.grupomedcof.com.br\\\/blog\\\/concurso-publico-mogi-mirim\\\/\",\"name\":\"Concurso P\u00fablico: Mogi Mirim - Blog de Medcof: conte\u00fados, editais, revalida e mais!\",\"isPartOf\":{\"@id\":\"https:\\\/\\\/www.grupomedcof.com.br\\\/blog\\\/#website\"},\"primaryImageOfPage\":{\"@id\":\"https:\\\/\\\/www.grupomedcof.com.br\\\/blog\\\/concurso-publico-mogi-mirim\\\/#primaryimage\"},\"image\":{\"@id\":\"https:\\\/\\\/www.grupomedcof.com.br\\\/blog\\\/concurso-publico-mogi-mirim\\\/#primaryimage\"},\"thumbnailUrl\":\"https:\\\/\\\/www.grupomedcof.com.br\\\/blog\\\/wp-content\\\/uploads\\\/2023\\\/06\\\/Blog-MedCof-41.png\",\"datePublished\":\"2023-06-06T14:15:47+00:00\",\"description\":\"A prefeitura de Mogi Mirim publicou o edital para do concurso p\u00fablico da regi\u00e3o para o cadastramento reserva em 33 especialidades m\u00e9dicas.\",\"breadcrumb\":{\"@id\":\"https:\\\/\\\/www.grupomedcof.com.br\\\/blog\\\/concurso-publico-mogi-mirim\\\/#breadcrumb\"},\"inLanguage\":\"pt-BR\",\"potentialAction\":[{\"@type\":\"ReadAction\",\"target\":[\"https:\\\/\\\/www.grupomedcof.com.br\\\/blog\\\/concurso-publico-mogi-mirim\\\/\"]}]},{\"@type\":\"ImageObject\",\"inLanguage\":\"pt-BR\",\"@id\":\"https:\\\/\\\/www.grupomedcof.com.br\\\/blog\\\/concurso-publico-mogi-mirim\\\/#primaryimage\",\"url\":\"https:\\\/\\\/www.grupomedcof.com.br\\\/blog\\\/wp-content\\\/uploads\\\/2023\\\/06\\\/Blog-MedCof-41.png\",\"contentUrl\":\"https:\\\/\\\/www.grupomedcof.com.br\\\/blog\\\/wp-content\\\/uploads\\\/2023\\\/06\\\/Blog-MedCof-41.png\",\"width\":2560,\"height\":1440,\"caption\":\"A prefeitura de Mogi Mirim publicou o edital para do concurso p\u00fablico da regi\u00e3o para o cadastramento reserva em 33 especialidades m\u00e9dicas.\"},{\"@type\":\"BreadcrumbList\",\"@id\":\"https:\\\/\\\/www.grupomedcof.com.br\\\/blog\\\/concurso-publico-mogi-mirim\\\/#breadcrumb\",\"itemListElement\":[{\"@type\":\"ListItem\",\"position\":1,\"name\":\"In\u00edcio\",\"item\":\"https:\\\/\\\/www.grupomedcof.com.br\\\/blog\\\/\"},{\"@type\":\"ListItem\",\"position\":2,\"name\":\"Concurso P\u00fablico: Mogi Mirim\"}]},{\"@type\":\"WebSite\",\"@id\":\"https:\\\/\\\/www.grupomedcof.com.br\\\/blog\\\/#website\",\"url\":\"https:\\\/\\\/www.grupomedcof.com.br\\\/blog\\\/\",\"name\":\"Blog de Medcof: conte\u00fados, editais, revalida e mais!\",\"description\":\"Acesso o blog de MedCof! Seu portal de conte\u00fados sobre resid\u00eancia m\u00e9dica, an\u00e1lise e editais e muito mais. Clique e confira!\",\"publisher\":{\"@id\":\"https:\\\/\\\/www.grupomedcof.com.br\\\/blog\\\/#organization\"},\"alternateName\":\"Blog de Medcof: conte\u00fados, editais, revalida e mais!\",\"potentialAction\":[{\"@type\":\"SearchAction\",\"target\":{\"@type\":\"EntryPoint\",\"urlTemplate\":\"https:\\\/\\\/www.grupomedcof.com.br\\\/blog\\\/?s={search_term_string}\"},\"query-input\":{\"@type\":\"PropertyValueSpecification\",\"valueRequired\":true,\"valueName\":\"search_term_string\"}}],\"inLanguage\":\"pt-BR\"},{\"@type\":\"Organization\",\"@id\":\"https:\\\/\\\/www.grupomedcof.com.br\\\/blog\\\/#organization\",\"name\":\"Grupo MedCof\",\"url\":\"https:\\\/\\\/www.grupomedcof.com.br\\\/blog\\\/\",\"logo\":{\"@type\":\"ImageObject\",\"inLanguage\":\"pt-BR\",\"@id\":\"https:\\\/\\\/www.grupomedcof.com.br\\\/blog\\\/#\\\/schema\\\/logo\\\/image\\\/\",\"url\":\"https:\\\/\\\/www.grupomedcof.com.br\\\/blog\\\/wp-content\\\/uploads\\\/2022\\\/01\\\/logo-medcof.png\",\"contentUrl\":\"https:\\\/\\\/www.grupomedcof.com.br\\\/blog\\\/wp-content\\\/uploads\\\/2022\\\/01\\\/logo-medcof.png\",\"width\":768,\"height\":269,\"caption\":\"Grupo MedCof\"},\"image\":{\"@id\":\"https:\\\/\\\/www.grupomedcof.com.br\\\/blog\\\/#\\\/schema\\\/logo\\\/image\\\/\"},\"sameAs\":[\"https:\\\/\\\/www.facebook.com\\\/MedCofQbank\\\/\",\"https:\\\/\\\/www.instagram.com\\\/grupomedcof\\\/\",\"https:\\\/\\\/br.linkedin.com\\\/company\\\/medcof\",\"https:\\\/\\\/www.youtube.com\\\/channel\\\/UCdHMuOHKICxcHwecxN8P-AA\"]},{\"@type\":\"Person\",\"@id\":\"https:\\\/\\\/www.grupomedcof.com.br\\\/blog\\\/#\\\/schema\\\/person\\\/1375e0ce724529d7a1d8156ea7f8ceaa\",\"name\":\"J\u00falia Moreira\",\"image\":{\"@type\":\"ImageObject\",\"inLanguage\":\"pt-BR\",\"@id\":\"https:\\\/\\\/www.grupomedcof.com.br\\\/blog\\\/wp-content\\\/uploads\\\/2024\\\/12\\\/cropped-Captura-de-tela-2023-12-15-094946-96x96.png6a0083ac34a0445de97d55fae63a4a41\",\"url\":\"https:\\\/\\\/www.grupomedcof.com.br\\\/blog\\\/wp-content\\\/uploads\\\/2024\\\/12\\\/cropped-Captura-de-tela-2023-12-15-094946-96x96.png\",\"contentUrl\":\"https:\\\/\\\/www.grupomedcof.com.br\\\/blog\\\/wp-content\\\/uploads\\\/2024\\\/12\\\/cropped-Captura-de-tela-2023-12-15-094946-96x96.png\",\"caption\":\"J\u00falia Moreira\"},\"description\":\"Estudante do 8\u00ba semestre de Jornalismo na ECA-USP, f\u00e3 de filmes de terror e m\u00fasica popular sul-coreana.\",\"sameAs\":[\"https:\\\/\\\/www.grupomedcof.com.br\\\/\"],\"url\":\"https:\\\/\\\/www.grupomedcof.com.br\\\/blog\\\/author\\\/julia\\\/\"}]}<\/script>\n<!-- \/ Yoast SEO Premium plugin. -->","yoast_head_json":{"title":"Concurso P\u00fablico: Mogi Mirim - Blog de Medcof: conte\u00fados, editais, revalida e mais!","description":"A prefeitura de Mogi Mirim publicou o edital para do concurso p\u00fablico da regi\u00e3o para o cadastramento reserva em 33 especialidades m\u00e9dicas.","robots":{"index":"index","follow":"follow","max-snippet":"max-snippet:-1","max-image-preview":"max-image-preview:large","max-video-preview":"max-video-preview:-1"},"canonical":"https:\/\/www.grupomedcof.com.br\/blog\/concurso-publico-mogi-mirim\/","og_locale":"pt_BR","og_type":"article","og_title":"Concurso P\u00fablico: Mogi Mirim","og_description":"A prefeitura de Mogi Mirim publicou o edital para do concurso p\u00fablico da regi\u00e3o para o cadastramento reserva em 33 especialidades m\u00e9dicas.","og_url":"https:\/\/www.grupomedcof.com.br\/blog\/concurso-publico-mogi-mirim\/","og_site_name":"Blog de Medcof: conte\u00fados, editais, revalida e mais!","article_publisher":"https:\/\/www.facebook.com\/MedCofQbank\/","article_published_time":"2023-06-06T14:15:47+00:00","og_image":[{"width":1024,"height":576,"url":"https:\/\/www.grupomedcof.com.br\/blog\/wp-content\/uploads\/2023\/06\/Blog-MedCof-41-1024x576.png","type":"image\/png"}],"author":"J\u00falia Moreira","twitter_card":"summary_large_image","twitter_misc":{"Escrito por":"J\u00falia Moreira","Est. tempo de leitura":"6 minutos"},"schema":{"@context":"https:\/\/schema.org","@graph":[{"@type":"Article","@id":"https:\/\/www.grupomedcof.com.br\/blog\/concurso-publico-mogi-mirim\/#article","isPartOf":{"@id":"https:\/\/www.grupomedcof.com.br\/blog\/concurso-publico-mogi-mirim\/"},"author":{"name":"J\u00falia Moreira","@id":"https:\/\/www.grupomedcof.com.br\/blog\/#\/schema\/person\/1375e0ce724529d7a1d8156ea7f8ceaa"},"headline":"Concurso P\u00fablico: Mogi Mirim","datePublished":"2023-06-06T14:15:47+00:00","mainEntityOfPage":{"@id":"https:\/\/www.grupomedcof.com.br\/blog\/concurso-publico-mogi-mirim\/"},"wordCount":455,"commentCount":0,"publisher":{"@id":"https:\/\/www.grupomedcof.com.br\/blog\/#organization"},"image":{"@id":"https:\/\/www.grupomedcof.com.br\/blog\/concurso-publico-mogi-mirim\/#primaryimage"},"thumbnailUrl":"https:\/\/www.grupomedcof.com.br\/blog\/wp-content\/uploads\/2023\/06\/Blog-MedCof-41.png","keywords":["Especialidades cir\u00fargicas","Especialidades m\u00e9dicas","Registro M\u00e9dico"],"articleSection":["Carreira M\u00e9dica","Concurso P\u00fablico"],"inLanguage":"pt-BR"},{"@type":"WebPage","@id":"https:\/\/www.grupomedcof.com.br\/blog\/concurso-publico-mogi-mirim\/","url":"https:\/\/www.grupomedcof.com.br\/blog\/concurso-publico-mogi-mirim\/","name":"Concurso P\u00fablico: Mogi Mirim - Blog de Medcof: conte\u00fados, editais, revalida e mais!","isPartOf":{"@id":"https:\/\/www.grupomedcof.com.br\/blog\/#website"},"primaryImageOfPage":{"@id":"https:\/\/www.grupomedcof.com.br\/blog\/concurso-publico-mogi-mirim\/#primaryimage"},"image":{"@id":"https:\/\/www.grupomedcof.com.br\/blog\/concurso-publico-mogi-mirim\/#primaryimage"},"thumbnailUrl":"https:\/\/www.grupomedcof.com.br\/blog\/wp-content\/uploads\/2023\/06\/Blog-MedCof-41.png","datePublished":"2023-06-06T14:15:47+00:00","description":"A prefeitura de Mogi Mirim publicou o edital para do concurso p\u00fablico da regi\u00e3o para o cadastramento reserva em 33 especialidades m\u00e9dicas.","breadcrumb":{"@id":"https:\/\/www.grupomedcof.com.br\/blog\/concurso-publico-mogi-mirim\/#breadcrumb"},"inLanguage":"pt-BR","potentialAction":[{"@type":"ReadAction","target":["https:\/\/www.grupomedcof.com.br\/blog\/concurso-publico-mogi-mirim\/"]}]},{"@type":"ImageObject","inLanguage":"pt-BR","@id":"https:\/\/www.grupomedcof.com.br\/blog\/concurso-publico-mogi-mirim\/#primaryimage","url":"https:\/\/www.grupomedcof.com.br\/blog\/wp-content\/uploads\/2023\/06\/Blog-MedCof-41.png","contentUrl":"https:\/\/www.grupomedcof.com.br\/blog\/wp-content\/uploads\/2023\/06\/Blog-MedCof-41.png","width":2560,"height":1440,"caption":"A prefeitura de Mogi Mirim publicou o edital para do concurso p\u00fablico da regi\u00e3o para o cadastramento reserva em 33 especialidades m\u00e9dicas."},{"@type":"BreadcrumbList","@id":"https:\/\/www.grupomedcof.com.br\/blog\/concurso-publico-mogi-mirim\/#breadcrumb","itemListElement":[{"@type":"ListItem","position":1,"name":"In\u00edcio","item":"https:\/\/www.grupomedcof.com.br\/blog\/"},{"@type":"ListItem","position":2,"name":"Concurso P\u00fablico: Mogi Mirim"}]},{"@type":"WebSite","@id":"https:\/\/www.grupomedcof.com.br\/blog\/#website","url":"https:\/\/www.grupomedcof.com.br\/blog\/","name":"Blog de Medcof: conte\u00fados, editais, revalida e mais!","description":"Acesso o blog de MedCof! Seu portal de conte\u00fados sobre resid\u00eancia m\u00e9dica, an\u00e1lise e editais e muito mais. Clique e confira!","publisher":{"@id":"https:\/\/www.grupomedcof.com.br\/blog\/#organization"},"alternateName":"Blog de Medcof: conte\u00fados, editais, revalida e mais!","potentialAction":[{"@type":"SearchAction","target":{"@type":"EntryPoint","urlTemplate":"https:\/\/www.grupomedcof.com.br\/blog\/?s={search_term_string}"},"query-input":{"@type":"PropertyValueSpecification","valueRequired":true,"valueName":"search_term_string"}}],"inLanguage":"pt-BR"},{"@type":"Organization","@id":"https:\/\/www.grupomedcof.com.br\/blog\/#organization","name":"Grupo MedCof","url":"https:\/\/www.grupomedcof.com.br\/blog\/","logo":{"@type":"ImageObject","inLanguage":"pt-BR","@id":"https:\/\/www.grupomedcof.com.br\/blog\/#\/schema\/logo\/image\/","url":"https:\/\/www.grupomedcof.com.br\/blog\/wp-content\/uploads\/2022\/01\/logo-medcof.png","contentUrl":"https:\/\/www.grupomedcof.com.br\/blog\/wp-content\/uploads\/2022\/01\/logo-medcof.png","width":768,"height":269,"caption":"Grupo MedCof"},"image":{"@id":"https:\/\/www.grupomedcof.com.br\/blog\/#\/schema\/logo\/image\/"},"sameAs":["https:\/\/www.facebook.com\/MedCofQbank\/","https:\/\/www.instagram.com\/grupomedcof\/","https:\/\/br.linkedin.com\/company\/medcof","https:\/\/www.youtube.com\/channel\/UCdHMuOHKICxcHwecxN8P-AA"]},{"@type":"Person","@id":"https:\/\/www.grupomedcof.com.br\/blog\/#\/schema\/person\/1375e0ce724529d7a1d8156ea7f8ceaa","name":"J\u00falia Moreira","image":{"@type":"ImageObject","inLanguage":"pt-BR","@id":"https:\/\/www.grupomedcof.com.br\/blog\/wp-content\/uploads\/2024\/12\/cropped-Captura-de-tela-2023-12-15-094946-96x96.png6a0083ac34a0445de97d55fae63a4a41","url":"https:\/\/www.grupomedcof.com.br\/blog\/wp-content\/uploads\/2024\/12\/cropped-Captura-de-tela-2023-12-15-094946-96x96.png","contentUrl":"https:\/\/www.grupomedcof.com.br\/blog\/wp-content\/uploads\/2024\/12\/cropped-Captura-de-tela-2023-12-15-094946-96x96.png","caption":"J\u00falia Moreira"},"description":"Estudante do 8\u00ba semestre de Jornalismo na ECA-USP, f\u00e3 de filmes de terror e m\u00fasica popular sul-coreana.","sameAs":["https:\/\/www.grupomedcof.com.br\/"],"url":"https:\/\/www.grupomedcof.com.br\/blog\/author\/julia\/"}]}},"authors":[{"term_id":3609,"user_id":6,"is_guest":0,"slug":"julia","display_name":"J\u00falia Moreira","avatar_url":"https:\/\/www.grupomedcof.com.br\/blog\/wp-content\/uploads\/2024\/12\/cropped-Captura-de-tela-2023-12-15-094946-96x96.png","0":null,"1":"","2":"","3":"","4":"","5":"","6":"","7":"","8":""}],"_links":{"self":[{"href":"https:\/\/www.grupomedcof.com.br\/blog\/wp-json\/wp\/v2\/posts\/7817","targetHints":{"allow":["GET"]}}],"collection":[{"href":"https:\/\/www.grupomedcof.com.br\/blog\/wp-json\/wp\/v2\/posts"}],"about":[{"href":"https:\/\/www.grupomedcof.com.br\/blog\/wp-json\/wp\/v2\/types\/post"}],"author":[{"embeddable":true,"href":"https:\/\/www.grupomedcof.com.br\/blog\/wp-json\/wp\/v2\/users\/6"}],"replies":[{"embeddable":true,"href":"https:\/\/www.grupomedcof.com.br\/blog\/wp-json\/wp\/v2\/comments?post=7817"}],"version-history":[{"count":0,"href":"https:\/\/www.grupomedcof.com.br\/blog\/wp-json\/wp\/v2\/posts\/7817\/revisions"}],"wp:featuredmedia":[{"embeddable":true,"href":"https:\/\/www.grupomedcof.com.br\/blog\/wp-json\/wp\/v2\/media\/7818"}],"wp:attachment":[{"href":"https:\/\/www.grupomedcof.com.br\/blog\/wp-json\/wp\/v2\/media?parent=7817"}],"wp:term":[{"taxonomy":"category","embeddable":true,"href":"https:\/\/www.grupomedcof.com.br\/blog\/wp-json\/wp\/v2\/categories?post=7817"},{"taxonomy":"post_tag","embeddable":true,"href":"https:\/\/www.grupomedcof.com.br\/blog\/wp-json\/wp\/v2\/tags?post=7817"},{"taxonomy":"author","embeddable":true,"href":"https:\/\/www.grupomedcof.com.br\/blog\/wp-json\/wp\/v2\/ppma_author?post=7817"}],"curies":[{"name":"wp","href":"https:\/\/api.w.org\/{rel}","templated":true}]}}