{"id":7830,"date":"2023-06-12T13:50:10","date_gmt":"2023-06-12T16:50:10","guid":{"rendered":"https:\/\/www.grupomedcof.com.br\/blog\/?p=7830"},"modified":"2023-06-12T13:50:10","modified_gmt":"2023-06-12T16:50:10","slug":"concurso-publico-itapetininga","status":"publish","type":"post","link":"https:\/\/www.grupomedcof.com.br\/blog\/concurso-publico-itapetininga\/","title":{"rendered":"Concurso P\u00fablico: Itapetininga"},"content":{"rendered":"<div id=\"ez-toc-container\" class=\"ez-toc-v2_0_74 counter-hierarchy ez-toc-counter ez-toc-transparent ez-toc-container-direction\">\n<div class=\"ez-toc-title-container\">\n<p class=\"ez-toc-title\" style=\"cursor:inherit\">Sum\u00e1rio<\/p>\n<span class=\"ez-toc-title-toggle\"><a href=\"#\" class=\"ez-toc-pull-right ez-toc-btn ez-toc-btn-xs ez-toc-btn-default ez-toc-toggle\" aria-label=\"Alternar tabela de conte\u00fado\"><span class=\"ez-toc-js-icon-con\"><span class=\"\"><span class=\"eztoc-hide\" style=\"display:none;\">Toggle<\/span><span class=\"ez-toc-icon-toggle-span\"><svg style=\"fill: #999;color:#999\" xmlns=\"http:\/\/www.w3.org\/2000\/svg\" class=\"list-377408\" width=\"20px\" height=\"20px\" viewBox=\"0 0 24 24\" fill=\"none\"><path d=\"M6 6H4v2h2V6zm14 0H8v2h12V6zM4 11h2v2H4v-2zm16 0H8v2h12v-2zM4 16h2v2H4v-2zm16 0H8v2h12v-2z\" fill=\"currentColor\"><\/path><\/svg><svg style=\"fill: #999;color:#999\" class=\"arrow-unsorted-368013\" xmlns=\"http:\/\/www.w3.org\/2000\/svg\" width=\"10px\" height=\"10px\" viewBox=\"0 0 24 24\" version=\"1.2\" baseProfile=\"tiny\"><path d=\"M18.2 9.3l-6.2-6.3-6.2 6.3c-.2.2-.3.4-.3.7s.1.5.3.7c.2.2.4.3.7.3h11c.3 0 .5-.1.7-.3.2-.2.3-.5.3-.7s-.1-.5-.3-.7zM5.8 14.7l6.2 6.3 6.2-6.3c.2-.2.3-.5.3-.7s-.1-.5-.3-.7c-.2-.2-.4-.3-.7-.3h-11c-.3 0-.5.1-.7.3-.2.2-.3.5-.3.7s.1.5.3.7z\"\/><\/svg><\/span><\/span><\/span><\/a><\/span><\/div>\n<nav><ul class='ez-toc-list ez-toc-list-level-1 ' ><li class='ez-toc-page-1 ez-toc-heading-level-2'><a class=\"ez-toc-link ez-toc-heading-1\" href=\"https:\/\/www.grupomedcof.com.br\/blog\/concurso-publico-itapetininga\/#Saiba_mais\" >Saiba mais<\/a><\/li><li class='ez-toc-page-1 ez-toc-heading-level-2'><a class=\"ez-toc-link ez-toc-heading-2\" href=\"https:\/\/www.grupomedcof.com.br\/blog\/concurso-publico-itapetininga\/#Concurso_Publico_Itapetininga\" >Concurso P\u00fablico: Itapetininga<\/a><\/li><li class='ez-toc-page-1 ez-toc-heading-level-2'><a class=\"ez-toc-link ez-toc-heading-3\" href=\"https:\/\/www.grupomedcof.com.br\/blog\/concurso-publico-itapetininga\/#Sobre_o_processo_seletivo\" >Sobre o processo seletivo<\/a><\/li><li class='ez-toc-page-1 ez-toc-heading-level-2'><a class=\"ez-toc-link ez-toc-heading-4\" href=\"https:\/\/www.grupomedcof.com.br\/blog\/concurso-publico-itapetininga\/#Cronograma_Concurso_Publico_de_Itapetininga\" >Cronograma: Concurso P\u00fablico de Itapetininga<\/a><\/li><li class='ez-toc-page-1 ez-toc-heading-level-2'><a class=\"ez-toc-link ez-toc-heading-5\" href=\"https:\/\/www.grupomedcof.com.br\/blog\/concurso-publico-itapetininga\/#Conquiste_a_aprovacao\" >Conquiste a aprova\u00e7\u00e3o!<\/a><\/li><\/ul><\/nav><\/div>\n<p><img loading=\"lazy\" decoding=\"async\" width=\"800\" height=\"450\" src=\"https:\/\/www.grupomedcof.com.br\/blog\/wp-content\/uploads\/2023\/06\/Blog-MedCof-49-1024x576.png\" alt=\"itapetininga, itapetininga sp,concurso p\u00fablico de itapetininga, itapatininga concurso p\u00fablico, cargos m\u00e9dicos me itapetininga, vagas em itapetininga\" srcset=\"https:\/\/www.grupomedcof.com.br\/blog\/wp-content\/uploads\/2023\/06\/Blog-MedCof-49-1024x576.png 1024w, https:\/\/www.grupomedcof.com.br\/blog\/wp-content\/uploads\/2023\/06\/Blog-MedCof-49-300x169.png 300w, https:\/\/www.grupomedcof.com.br\/blog\/wp-content\/uploads\/2023\/06\/Blog-MedCof-49-768x432.png 768w, https:\/\/www.grupomedcof.com.br\/blog\/wp-content\/uploads\/2023\/06\/Blog-MedCof-49-1536x864.png 1536w, https:\/\/www.grupomedcof.com.br\/blog\/wp-content\/uploads\/2023\/06\/Blog-MedCof-49-2048x1152.png 2048w\" sizes=\"auto, (max-width: 800px) 100vw, 800px\" \/>\t\t\t\t\t\t\t\t\t\t\t\t\t\t\t<\/p>\n<p>O Munic\u00edpio de Itapetininga publicou o<a href=\"https:\/\/www.institutomais.org.br\/ckfinder\/userfiles\/files\/CP_01_2023_PM_Itapetininga_Edital%20Retificado_01_23_05_2023(1).pdf\" target=\"_blank\" rel=\"nofollow noopener\"><strong> edital para o concurso p\u00fablico<\/strong><\/a> na regi\u00e3o. Ao todo ofertam-se 222 vagas, sendo<strong> 18 delas para m\u00e9dicos generalistas<\/strong>, al\u00e9m da possibilidade para o cadastro reserva em diversas especialidades.<\/p>\n<h2><span class=\"ez-toc-section\" id=\"Saiba_mais\"><\/span>\n\t\t\t\tSaiba mais\t\t\t<span class=\"ez-toc-section-end\"><\/span><\/h2>\n<h2 style=\"font-family: Poppins, sans-serif; color: #7a7a7a;\"><span class=\"ez-toc-section\" id=\"Concurso_Publico_Itapetininga\"><\/span><strong>Concurso P\u00fablico: Itapetininga<\/strong><span class=\"ez-toc-section-end\"><\/span><\/h2>\n<p>De acordo com edital, o processo seletivo ser\u00e1 organizado pelo Instituto Mais de Gest\u00e3o e Desenvolvimento Social, com per\u00edodo de inscri\u00e7\u00e3o entre os dias <strong>25 de maio e 22 junho<\/strong>. Desse modo, os candidatos interessados dever\u00e3o realizar o pagamento da <strong>taxa no valor de R$ 69,00<\/strong> com vencimento do boleto at\u00e9 o dia 23 de junho. Entretanto, para aqueles que necessitaram da solicita\u00e7\u00e3o de isen\u00e7\u00e3o da taxa, o per\u00edodo se encerrou no dia 26 de maio de 2023.<\/p>\n<p>Sendo assim, a<b> remunera\u00e7\u00e3o foi definida como R$ 103,86 a hora<\/b>, sendo a carga m\u00ednima de 50h e a m\u00e1xima de 120h mensais. Portanto, o ganho mensal para o candidato que preencher a vaga poder\u00e1<b> variar entre R$ 5.193,00 e 12.463,20.<\/b><\/p>\n<p><b>\u00a0<\/b><\/p>\n<p>\u00a0<\/p>\n<p>Ademais, confira as especialidades em que poder\u00e1 realizar cadastramento reserva no concurso p\u00fablico de Itapetininga:<\/p>\n<table>\n<thead>\n<tr>\n<th>Cargo<\/th>\n<th data-align=\"center\">Vagas dispon\u00edveis<\/th>\n<th data-align=\"center\">Cadastro Reserva<\/th>\n<\/tr>\n<\/thead>\n<tbody>\n<tr>\n<td>Cardiologista<\/td>\n<td data-align=\"center\">01<\/td>\n<td data-align=\"center\">08<\/td>\n<\/tr>\n<tr>\n<td>Dermatologista<\/td>\n<td data-align=\"center\">01<\/td>\n<td data-align=\"center\">08<\/td>\n<\/tr>\n<tr>\n<td>Endocrinologista<\/td>\n<td data-align=\"center\">01<\/td>\n<td data-align=\"center\">08<\/td>\n<\/tr>\n<tr>\n<td>Gastroenterologista<\/td>\n<td data-align=\"center\">01<\/td>\n<td data-align=\"center\">08<\/td>\n<\/tr>\n<tr>\n<td>Generalista<\/td>\n<td data-align=\"center\">02<\/td>\n<td data-align=\"center\">07<\/td>\n<\/tr>\n<tr>\n<td>M\u00e9dico Geriatra<\/td>\n<td data-align=\"center\">01<\/td>\n<td data-align=\"center\">08<\/td>\n<\/tr>\n<tr>\n<td>Ginecologista Obstetra<\/td>\n<td data-align=\"center\">01<\/td>\n<td data-align=\"center\">08<\/td>\n<\/tr>\n<tr>\n<td>Nefrologista<\/td>\n<td data-align=\"center\">01<\/td>\n<td data-align=\"center\">08<\/td>\n<\/tr>\n<tr>\n<td>Neurologista infantil<\/td>\n<td data-align=\"center\">01<\/td>\n<td data-align=\"center\">08<\/td>\n<\/tr>\n<tr>\n<td>Oftalmologista<\/td>\n<td data-align=\"center\">01<\/td>\n<td data-align=\"center\">08<\/td>\n<\/tr>\n<tr>\n<td>Ortopedista<\/td>\n<td data-align=\"center\">01<\/td>\n<td data-align=\"center\">08<\/td>\n<\/tr>\n<tr>\n<td>Otorrinolaringologista<\/td>\n<td data-align=\"center\">01<\/td>\n<td data-align=\"center\">08<\/td>\n<\/tr>\n<tr>\n<td>Pediatra<\/td>\n<td data-align=\"center\">02<\/td>\n<td data-align=\"center\">07<\/td>\n<\/tr>\n<tr>\n<td>Psiquiatra<\/td>\n<td data-align=\"center\">01<\/td>\n<td data-align=\"center\">08<\/td>\n<\/tr>\n<tr>\n<td>Urologista<\/td>\n<td data-align=\"center\">01<\/td>\n<td data-align=\"center\">08<\/td>\n<\/tr>\n<tr>\n<td>Vascular<\/td>\n<td data-align=\"center\">01<\/td>\n<td data-align=\"center\">08<\/td>\n<\/tr>\n<\/tbody>\n<\/table>\n<p>\t\t\t\t\t\t\t\t\t\t\t\t\t\t\t\t<a href=\"https:\/\/www.grupomedcof.com.br\/inscricao-hiit-2023\/\" target=\"_blank\" rel=\"noopener\"><br \/>\n\t\t\t\t\t\t\t<img loading=\"lazy\" decoding=\"async\" width=\"800\" height=\"141\" src=\"https:\/\/www.grupomedcof.com.br\/blog\/wp-content\/uploads\/2023\/05\/Captura-de-tela-2023-05-30-121547-1024x181.png\" alt=\"Semana HIIT MedCof, aulas grupo medcof, medcof, aulas medcof, medcof qbank, gupo medcof\" srcset=\"https:\/\/www.grupomedcof.com.br\/blog\/wp-content\/uploads\/2023\/05\/Captura-de-tela-2023-05-30-121547-1024x181.png 1024w, https:\/\/www.grupomedcof.com.br\/blog\/wp-content\/uploads\/2023\/05\/Captura-de-tela-2023-05-30-121547-300x53.png 300w, https:\/\/www.grupomedcof.com.br\/blog\/wp-content\/uploads\/2023\/05\/Captura-de-tela-2023-05-30-121547-768x136.png 768w, https:\/\/www.grupomedcof.com.br\/blog\/wp-content\/uploads\/2023\/05\/Captura-de-tela-2023-05-30-121547-1536x271.png 1536w, https:\/\/www.grupomedcof.com.br\/blog\/wp-content\/uploads\/2023\/05\/Captura-de-tela-2023-05-30-121547.png 1687w\" sizes=\"auto, (max-width: 800px) 100vw, 800px\" \/>\t\t\t\t\t\t\t\t<\/a><\/p>\n<h2><span class=\"ez-toc-section\" id=\"Sobre_o_processo_seletivo\"><\/span><strong>Sobre o processo seletivo<\/strong><span class=\"ez-toc-section-end\"><\/span><\/h2>\n<p>Ainda de acordo com o edital, o processo seletivo para o concurso p\u00fablico de Itapetininga, contar\u00e1 com<b> duas fases avaliativas<\/b>. A primeira consiste na<b> prova objetiva<\/b> com 40 quest\u00f5es de m\u00faltipla escolha que ocorrer\u00e1 no dia <b>16 de julho de 2023<\/b>. De car\u00e1ter eliminat\u00f3rio e classificat\u00f3rio, ela ter\u00e1 dura\u00e7\u00e3o m\u00e1xima de 3 horas e abordar\u00e1 os seguintes conte\u00fados:<\/p>\n<table>\n<thead>\n<tr>\n<th>\u00c1rea do conhecimento<\/th>\n<th data-align=\"center\">N\u00ba de quest\u00f5es<\/th>\n<\/tr>\n<\/thead>\n<tbody>\n<tr>\n<td>L\u00edngua Portuguesa<\/td>\n<td data-align=\"center\">05<\/td>\n<\/tr>\n<tr>\n<td>Pol\u00edticas de Sa\u00fade<\/td>\n<td data-align=\"center\">07<\/td>\n<\/tr>\n<tr>\n<td>Cl\u00ednica M\u00e9dica<\/td>\n<td data-align=\"center\">08<\/td>\n<\/tr>\n<tr>\n<td>Conhecimentos Espec\u00edficos<\/td>\n<td data-align=\"center\">20<\/td>\n<\/tr>\n<\/tbody>\n<\/table>\n<p>Desse modo, para se classificar para a fase seguinte o participante dever\u00e1 obter o<b> m\u00ednimo de 50 pontos<\/b>, sendo a m\u00e1xima de 100 pontos. Ademais, os candidatos dever\u00e3o comparecer ao local de prova com 30 minutos de anteced\u00eancia, tendo em m\u00e3os uma caneta esferogr\u00e1fica transparente de tinta azul ou preta.<\/p>\n<p>\u00a0<\/p>\n<p>Sendo assim, os candidatos classificados seguir\u00e3o para a<b> prova de t\u00edtulo<\/b>. O envio dos documentos exigidos deve ocorrer entre os dias<b> 04 e 06 de setembro de 2023<\/b>. A pontua\u00e7\u00e3o m\u00e1xima ser\u00e1 de 10 pontos, tendo os itens abaixo avaliados:<\/p>\n<table>\n<thead>\n<tr>\n<th data-align=\"center\">T\u00edtulos<\/th>\n<th data-align=\"center\">Peso Unit\u00e1rio<\/th>\n<th data-align=\"center\">Quantidade M\u00e1xima<\/th>\n<th data-align=\"center\">Peso M\u00e1ximo<\/th>\n<\/tr>\n<\/thead>\n<tbody>\n<tr>\n<td data-align=\"center\">a)\u00a0<strong>T\u00edtulo de Doutor na \u00c1rea da Sa\u00fade<\/strong><\/td>\n<td data-align=\"center\">4 pontos<\/td>\n<td data-align=\"center\">01<\/td>\n<td data-align=\"center\">4 pontos<\/td>\n<\/tr>\n<tr>\n<td data-align=\"center\">b)\u00a0<strong>T\u00edtulo de Mestre na \u00c1rea da Sa\u00fade<\/strong><\/td>\n<td data-align=\"center\">2 pontos<\/td>\n<td data-align=\"center\">01<\/td>\n<td data-align=\"center\">2 pontos<\/td>\n<\/tr>\n<tr>\n<td data-align=\"center\">c)\u00a0<strong>Conclus\u00e3o do Curso de Resid\u00eancia M\u00e9dica<\/strong><\/td>\n<td data-align=\"center\">1,5 pontos<strong><br \/><\/strong>por resid\u00eancia enviada<\/td>\n<td data-align=\"center\">02<\/td>\n<td data-align=\"center\">3 pontos<\/td>\n<\/tr>\n<tr>\n<td data-align=\"center\">d)\u00a0<strong>P\u00f3s-Gradua\u00e7\u00e3o Lato Sensu (Especializa\u00e7\u00e3o) na \u00c1rea da Sa\u00fade<\/strong>, com\u00a0<strong>carga hor\u00e1ria m\u00ednima de 360 horas<\/strong><\/td>\n<td data-align=\"center\">0,5 ponto por p\u00f3s-gradua\u00e7\u00e3o enviada<\/td>\n<td data-align=\"center\">02<\/td>\n<td data-align=\"center\">1 ponto<\/td>\n<\/tr>\n<\/tbody>\n<\/table>\n<h2 style=\"font-family: Poppins, sans-serif; color: #7a7a7a;\"><span class=\"ez-toc-section\" id=\"Cronograma_Concurso_Publico_de_Itapetininga\"><\/span><strong>Cronograma: Concurso P\u00fablico de Itapetininga<\/strong><span class=\"ez-toc-section-end\"><\/span><\/h2>\n<p>Por fim, confira o cronograma com as principais datas do processo seletivo para o concurso de Itapetininga:<\/p>\n<ul style=\"font-size: 16px; background-color: #ffffff;\">\n<li style=\"font-size: 16px;\">Inscri\u00e7\u00f5es:\u00a025\/05 a 22\/06\/2023<\/li>\n<li style=\"font-size: 16px;\">Prova objetiva:\u00a016\/07\/2023<\/li>\n<li style=\"font-size: 16px;\">Recursos:\u00a017 e 18\/07\/2023<\/li>\n<li style=\"font-size: 16px;\">Gabarito Preliminar:\u00a017\/07\/2023<\/li>\n<li style=\"font-size: 16px;\">Recursos:\u00a018 e 19\/07\/2023<\/li>\n<li style=\"font-size: 16px;\">Resultado dos recursos e resultado parcial das provas:\u00a021 e 22\/07\/2023<\/li>\n<li style=\"font-size: 16px;\">Resultado Final e Convoca\u00e7\u00e3o para as provas de t\u00edtulos:\u00a001\/09\/2023<\/li>\n<li style=\"font-size: 16px;\">Envio dos documentos:\u00a004 a 06\/2023<\/li>\n<li style=\"font-size: 16px;\">Resultado Preliminar:\u00a022\/09\/2023<\/li>\n<li style=\"font-size: 16px;\">Recursos:\u00a025 e 26\/09\/2023<\/li>\n<li style=\"font-size: 16px;\">Resultado Final:\u00a029\/09\/2023<\/li>\n<\/ul>\n<h2><span class=\"ez-toc-section\" id=\"Conquiste_a_aprovacao\"><\/span><strong style=\"color: inherit; font-family: inherit; font-size: 2rem;\">Conquiste a aprova\u00e7\u00e3o!<\/strong><br \/><span class=\"ez-toc-section-end\"><\/span><\/h2>\n<section data-id=\"5f13890\" data-element_type=\"section\">\nO<a href=\"https:\/\/www.grupomedcof.com.br\/\" target=\"_blank\" rel=\"noopener\">&nbsp;<strong>Grupo&nbsp;MedCof<\/strong><\/a>&nbsp;tem um cat\u00e1logo repleto de cursos que te guiar\u00e3o na jornada para as provas de Resid\u00eancia M\u00e9dica que ocorrer\u00e3o em 2023! Ent\u00e3o, confira os nossos cursos e<a href=\"https:\/\/www.grupomedcof.com.br\/blog\/presenca-da-medcof-nas-aprovacoes-em-residencia-medica-no-brasil\/\"><strong>&nbsp;seja&nbsp;mais um aprovado<\/strong>&nbsp;<\/a>nas melhores resid\u00eancias m\u00e9dicas do pa\u00eds, como a USP-SP, IAMSPE, ENARE, HCPA, AMIRGS e PSU-MG.<br \/>\n<\/section>\n<p>\t\t\t\t\t\t\t\t\t\t\t\t\t\t\t\t<a href=\"https:\/\/www.grupomedcof.com.br\/\" target=\"_blank\" rel=\"noopener\"><br \/>\n\t\t\t\t\t\t\t<img loading=\"lazy\" decoding=\"async\" width=\"800\" height=\"397\" src=\"https:\/\/www.grupomedcof.com.br\/blog\/wp-content\/uploads\/2023\/03\/aprovados-1024x508.png\" alt=\"Aprovados medcof\" srcset=\"https:\/\/www.grupomedcof.com.br\/blog\/wp-content\/uploads\/2023\/03\/aprovados-1024x508.png 1024w, https:\/\/www.grupomedcof.com.br\/blog\/wp-content\/uploads\/2023\/03\/aprovados-300x149.png 300w, https:\/\/www.grupomedcof.com.br\/blog\/wp-content\/uploads\/2023\/03\/aprovados-768x381.png 768w, https:\/\/www.grupomedcof.com.br\/blog\/wp-content\/uploads\/2023\/03\/aprovados.png 1436w\" sizes=\"auto, (max-width: 800px) 100vw, 800px\" \/>\t\t\t\t\t\t\t\t<\/a><\/p>\n","protected":false},"excerpt":{"rendered":"<p>O Munic\u00edpio de Itapetininga publicou o edital para o concurso p\u00fablico na regi\u00e3o. Ao todo ofertam-se 222 vagas, sendo 18 delas para m\u00e9dicos generalistas, al\u00e9m da possibilidade para o cadastro reserva em diversas especialidades.<\/p>\n","protected":false},"author":6,"featured_media":7920,"comment_status":"open","ping_status":"open","sticky":false,"template":"","format":"standard","meta":{"footnotes":""},"categories":[55,213],"tags":[93,201],"ppma_author":[3609],"class_list":{"0":"post-7830","1":"post","2":"type-post","3":"status-publish","4":"format-standard","5":"has-post-thumbnail","7":"category-carreira-medica","8":"category-concurso-publico","9":"tag-especialidades-medicas","10":"tag-mais-medicos"},"yoast_head":"<!-- This site is optimized with the Yoast SEO Premium plugin v24.3 (Yoast SEO v27.4) - https:\/\/yoast.com\/product\/yoast-seo-premium-wordpress\/ -->\n<title>Concurso P\u00fablico: Itapetininga - Blog de Medcof: conte\u00fados, editais, revalida e mais!<\/title>\n<meta name=\"description\" content=\"O Munic\u00edpio de Itapetininga abriu o concurso p\u00fablico com 18 vagas para m\u00e9dicos generalistas, al\u00e9m da possibilidade do cadastro reserva.\" \/>\n<meta name=\"robots\" content=\"index, follow, max-snippet:-1, max-image-preview:large, max-video-preview:-1\" \/>\n<link rel=\"canonical\" href=\"https:\/\/www.grupomedcof.com.br\/blog\/concurso-publico-itapetininga\/\" \/>\n<meta property=\"og:locale\" content=\"pt_BR\" \/>\n<meta property=\"og:type\" content=\"article\" \/>\n<meta property=\"og:title\" content=\"Concurso P\u00fablico: Itapetininga\" \/>\n<meta property=\"og:description\" content=\"O Munic\u00edpio de Itapetininga publicou o edital para o concurso p\u00fablico na regi\u00e3o. Ao todo ofertam-se 222 vagas, sendo 18 delas para m\u00e9dicos generalistas, al\u00e9m da possibilidade para o cadastro reserva em diversas especialidades.\" \/>\n<meta property=\"og:url\" content=\"https:\/\/www.grupomedcof.com.br\/blog\/concurso-publico-itapetininga\/\" \/>\n<meta property=\"og:site_name\" content=\"Blog de Medcof: conte\u00fados, editais, revalida e mais!\" \/>\n<meta property=\"article:publisher\" content=\"https:\/\/www.facebook.com\/MedCofQbank\/\" \/>\n<meta property=\"article:published_time\" content=\"2023-06-12T16:50:10+00:00\" \/>\n<meta property=\"og:image\" content=\"https:\/\/www.grupomedcof.com.br\/blog\/wp-content\/uploads\/2023\/06\/Blog-MedCof-49-1024x576.png\" \/>\n\t<meta property=\"og:image:width\" content=\"1024\" \/>\n\t<meta property=\"og:image:height\" content=\"576\" \/>\n\t<meta property=\"og:image:type\" content=\"image\/png\" \/>\n<meta name=\"author\" content=\"J\u00falia Moreira\" \/>\n<meta name=\"twitter:card\" content=\"summary_large_image\" \/>\n<meta name=\"twitter:description\" content=\"O Munic\u00edpio de Itapetininga publicou o edital para o concurso p\u00fablico na regi\u00e3o. Ao todo ofertam-se 222 vagas, sendo 18 delas para m\u00e9dicos generalistas, al\u00e9m da possibilidade para o cadastro reserva em diversas especialidades.\" \/>\n<meta name=\"twitter:label1\" content=\"Escrito por\" \/>\n\t<meta name=\"twitter:data1\" content=\"J\u00falia Moreira\" \/>\n\t<meta name=\"twitter:label2\" content=\"Est. tempo de leitura\" \/>\n\t<meta name=\"twitter:data2\" content=\"7 minutos\" \/>\n<script type=\"application\/ld+json\" class=\"yoast-schema-graph\">{\"@context\":\"https:\\\/\\\/schema.org\",\"@graph\":[{\"@type\":\"Article\",\"@id\":\"https:\\\/\\\/www.grupomedcof.com.br\\\/blog\\\/concurso-publico-itapetininga\\\/#article\",\"isPartOf\":{\"@id\":\"https:\\\/\\\/www.grupomedcof.com.br\\\/blog\\\/concurso-publico-itapetininga\\\/\"},\"author\":{\"name\":\"J\u00falia Moreira\",\"@id\":\"https:\\\/\\\/www.grupomedcof.com.br\\\/blog\\\/#\\\/schema\\\/person\\\/1375e0ce724529d7a1d8156ea7f8ceaa\"},\"headline\":\"Concurso P\u00fablico: Itapetininga\",\"datePublished\":\"2023-06-12T16:50:10+00:00\",\"mainEntityOfPage\":{\"@id\":\"https:\\\/\\\/www.grupomedcof.com.br\\\/blog\\\/concurso-publico-itapetininga\\\/\"},\"wordCount\":601,\"commentCount\":0,\"publisher\":{\"@id\":\"https:\\\/\\\/www.grupomedcof.com.br\\\/blog\\\/#organization\"},\"image\":{\"@id\":\"https:\\\/\\\/www.grupomedcof.com.br\\\/blog\\\/concurso-publico-itapetininga\\\/#primaryimage\"},\"thumbnailUrl\":\"https:\\\/\\\/www.grupomedcof.com.br\\\/blog\\\/wp-content\\\/uploads\\\/2023\\\/06\\\/Blog-MedCof-49.png\",\"keywords\":[\"Especialidades m\u00e9dicas\",\"Mais M\u00e9dicos\"],\"articleSection\":[\"Carreira M\u00e9dica\",\"Concurso P\u00fablico\"],\"inLanguage\":\"pt-BR\"},{\"@type\":\"WebPage\",\"@id\":\"https:\\\/\\\/www.grupomedcof.com.br\\\/blog\\\/concurso-publico-itapetininga\\\/\",\"url\":\"https:\\\/\\\/www.grupomedcof.com.br\\\/blog\\\/concurso-publico-itapetininga\\\/\",\"name\":\"Concurso P\u00fablico: Itapetininga - Blog de Medcof: conte\u00fados, editais, revalida e mais!\",\"isPartOf\":{\"@id\":\"https:\\\/\\\/www.grupomedcof.com.br\\\/blog\\\/#website\"},\"primaryImageOfPage\":{\"@id\":\"https:\\\/\\\/www.grupomedcof.com.br\\\/blog\\\/concurso-publico-itapetininga\\\/#primaryimage\"},\"image\":{\"@id\":\"https:\\\/\\\/www.grupomedcof.com.br\\\/blog\\\/concurso-publico-itapetininga\\\/#primaryimage\"},\"thumbnailUrl\":\"https:\\\/\\\/www.grupomedcof.com.br\\\/blog\\\/wp-content\\\/uploads\\\/2023\\\/06\\\/Blog-MedCof-49.png\",\"datePublished\":\"2023-06-12T16:50:10+00:00\",\"description\":\"O Munic\u00edpio de Itapetininga abriu o concurso p\u00fablico com 18 vagas para m\u00e9dicos generalistas, al\u00e9m da possibilidade do cadastro reserva.\",\"breadcrumb\":{\"@id\":\"https:\\\/\\\/www.grupomedcof.com.br\\\/blog\\\/concurso-publico-itapetininga\\\/#breadcrumb\"},\"inLanguage\":\"pt-BR\",\"potentialAction\":[{\"@type\":\"ReadAction\",\"target\":[\"https:\\\/\\\/www.grupomedcof.com.br\\\/blog\\\/concurso-publico-itapetininga\\\/\"]}]},{\"@type\":\"ImageObject\",\"inLanguage\":\"pt-BR\",\"@id\":\"https:\\\/\\\/www.grupomedcof.com.br\\\/blog\\\/concurso-publico-itapetininga\\\/#primaryimage\",\"url\":\"https:\\\/\\\/www.grupomedcof.com.br\\\/blog\\\/wp-content\\\/uploads\\\/2023\\\/06\\\/Blog-MedCof-49.png\",\"contentUrl\":\"https:\\\/\\\/www.grupomedcof.com.br\\\/blog\\\/wp-content\\\/uploads\\\/2023\\\/06\\\/Blog-MedCof-49.png\",\"width\":2560,\"height\":1440,\"caption\":\"itapetininga, itapetininga sp,concurso p\u00fablico de itapetininga, itapatininga concurso p\u00fablico, cargos m\u00e9dicos me itapetininga, vagas em itapetininga\"},{\"@type\":\"BreadcrumbList\",\"@id\":\"https:\\\/\\\/www.grupomedcof.com.br\\\/blog\\\/concurso-publico-itapetininga\\\/#breadcrumb\",\"itemListElement\":[{\"@type\":\"ListItem\",\"position\":1,\"name\":\"In\u00edcio\",\"item\":\"https:\\\/\\\/www.grupomedcof.com.br\\\/blog\\\/\"},{\"@type\":\"ListItem\",\"position\":2,\"name\":\"Concurso P\u00fablico: Itapetininga\"}]},{\"@type\":\"WebSite\",\"@id\":\"https:\\\/\\\/www.grupomedcof.com.br\\\/blog\\\/#website\",\"url\":\"https:\\\/\\\/www.grupomedcof.com.br\\\/blog\\\/\",\"name\":\"Blog de Medcof: conte\u00fados, editais, revalida e mais!\",\"description\":\"Acesso o blog de MedCof! Seu portal de conte\u00fados sobre resid\u00eancia m\u00e9dica, an\u00e1lise e editais e muito mais. Clique e confira!\",\"publisher\":{\"@id\":\"https:\\\/\\\/www.grupomedcof.com.br\\\/blog\\\/#organization\"},\"alternateName\":\"Blog de Medcof: conte\u00fados, editais, revalida e mais!\",\"potentialAction\":[{\"@type\":\"SearchAction\",\"target\":{\"@type\":\"EntryPoint\",\"urlTemplate\":\"https:\\\/\\\/www.grupomedcof.com.br\\\/blog\\\/?s={search_term_string}\"},\"query-input\":{\"@type\":\"PropertyValueSpecification\",\"valueRequired\":true,\"valueName\":\"search_term_string\"}}],\"inLanguage\":\"pt-BR\"},{\"@type\":\"Organization\",\"@id\":\"https:\\\/\\\/www.grupomedcof.com.br\\\/blog\\\/#organization\",\"name\":\"Grupo MedCof\",\"url\":\"https:\\\/\\\/www.grupomedcof.com.br\\\/blog\\\/\",\"logo\":{\"@type\":\"ImageObject\",\"inLanguage\":\"pt-BR\",\"@id\":\"https:\\\/\\\/www.grupomedcof.com.br\\\/blog\\\/#\\\/schema\\\/logo\\\/image\\\/\",\"url\":\"https:\\\/\\\/www.grupomedcof.com.br\\\/blog\\\/wp-content\\\/uploads\\\/2022\\\/01\\\/logo-medcof.png\",\"contentUrl\":\"https:\\\/\\\/www.grupomedcof.com.br\\\/blog\\\/wp-content\\\/uploads\\\/2022\\\/01\\\/logo-medcof.png\",\"width\":768,\"height\":269,\"caption\":\"Grupo MedCof\"},\"image\":{\"@id\":\"https:\\\/\\\/www.grupomedcof.com.br\\\/blog\\\/#\\\/schema\\\/logo\\\/image\\\/\"},\"sameAs\":[\"https:\\\/\\\/www.facebook.com\\\/MedCofQbank\\\/\",\"https:\\\/\\\/www.instagram.com\\\/grupomedcof\\\/\",\"https:\\\/\\\/br.linkedin.com\\\/company\\\/medcof\",\"https:\\\/\\\/www.youtube.com\\\/channel\\\/UCdHMuOHKICxcHwecxN8P-AA\"]},{\"@type\":\"Person\",\"@id\":\"https:\\\/\\\/www.grupomedcof.com.br\\\/blog\\\/#\\\/schema\\\/person\\\/1375e0ce724529d7a1d8156ea7f8ceaa\",\"name\":\"J\u00falia Moreira\",\"image\":{\"@type\":\"ImageObject\",\"inLanguage\":\"pt-BR\",\"@id\":\"https:\\\/\\\/www.grupomedcof.com.br\\\/blog\\\/wp-content\\\/uploads\\\/2024\\\/12\\\/cropped-Captura-de-tela-2023-12-15-094946-96x96.png6a0083ac34a0445de97d55fae63a4a41\",\"url\":\"https:\\\/\\\/www.grupomedcof.com.br\\\/blog\\\/wp-content\\\/uploads\\\/2024\\\/12\\\/cropped-Captura-de-tela-2023-12-15-094946-96x96.png\",\"contentUrl\":\"https:\\\/\\\/www.grupomedcof.com.br\\\/blog\\\/wp-content\\\/uploads\\\/2024\\\/12\\\/cropped-Captura-de-tela-2023-12-15-094946-96x96.png\",\"caption\":\"J\u00falia Moreira\"},\"description\":\"Estudante do 8\u00ba semestre de Jornalismo na ECA-USP, f\u00e3 de filmes de terror e m\u00fasica popular sul-coreana.\",\"sameAs\":[\"https:\\\/\\\/www.grupomedcof.com.br\\\/\"],\"url\":\"https:\\\/\\\/www.grupomedcof.com.br\\\/blog\\\/author\\\/julia\\\/\"}]}<\/script>\n<!-- \/ Yoast SEO Premium plugin. -->","yoast_head_json":{"title":"Concurso P\u00fablico: Itapetininga - Blog de Medcof: conte\u00fados, editais, revalida e mais!","description":"O Munic\u00edpio de Itapetininga abriu o concurso p\u00fablico com 18 vagas para m\u00e9dicos generalistas, al\u00e9m da possibilidade do cadastro reserva.","robots":{"index":"index","follow":"follow","max-snippet":"max-snippet:-1","max-image-preview":"max-image-preview:large","max-video-preview":"max-video-preview:-1"},"canonical":"https:\/\/www.grupomedcof.com.br\/blog\/concurso-publico-itapetininga\/","og_locale":"pt_BR","og_type":"article","og_title":"Concurso P\u00fablico: Itapetininga","og_description":"O Munic\u00edpio de Itapetininga publicou o edital para o concurso p\u00fablico na regi\u00e3o. Ao todo ofertam-se 222 vagas, sendo 18 delas para m\u00e9dicos generalistas, al\u00e9m da possibilidade para o cadastro reserva em diversas especialidades.","og_url":"https:\/\/www.grupomedcof.com.br\/blog\/concurso-publico-itapetininga\/","og_site_name":"Blog de Medcof: conte\u00fados, editais, revalida e mais!","article_publisher":"https:\/\/www.facebook.com\/MedCofQbank\/","article_published_time":"2023-06-12T16:50:10+00:00","og_image":[{"width":1024,"height":576,"url":"https:\/\/www.grupomedcof.com.br\/blog\/wp-content\/uploads\/2023\/06\/Blog-MedCof-49-1024x576.png","type":"image\/png"}],"author":"J\u00falia Moreira","twitter_card":"summary_large_image","twitter_description":"O Munic\u00edpio de Itapetininga publicou o edital para o concurso p\u00fablico na regi\u00e3o. Ao todo ofertam-se 222 vagas, sendo 18 delas para m\u00e9dicos generalistas, al\u00e9m da possibilidade para o cadastro reserva em diversas especialidades.","twitter_misc":{"Escrito por":"J\u00falia Moreira","Est. tempo de leitura":"7 minutos"},"schema":{"@context":"https:\/\/schema.org","@graph":[{"@type":"Article","@id":"https:\/\/www.grupomedcof.com.br\/blog\/concurso-publico-itapetininga\/#article","isPartOf":{"@id":"https:\/\/www.grupomedcof.com.br\/blog\/concurso-publico-itapetininga\/"},"author":{"name":"J\u00falia Moreira","@id":"https:\/\/www.grupomedcof.com.br\/blog\/#\/schema\/person\/1375e0ce724529d7a1d8156ea7f8ceaa"},"headline":"Concurso P\u00fablico: Itapetininga","datePublished":"2023-06-12T16:50:10+00:00","mainEntityOfPage":{"@id":"https:\/\/www.grupomedcof.com.br\/blog\/concurso-publico-itapetininga\/"},"wordCount":601,"commentCount":0,"publisher":{"@id":"https:\/\/www.grupomedcof.com.br\/blog\/#organization"},"image":{"@id":"https:\/\/www.grupomedcof.com.br\/blog\/concurso-publico-itapetininga\/#primaryimage"},"thumbnailUrl":"https:\/\/www.grupomedcof.com.br\/blog\/wp-content\/uploads\/2023\/06\/Blog-MedCof-49.png","keywords":["Especialidades m\u00e9dicas","Mais M\u00e9dicos"],"articleSection":["Carreira M\u00e9dica","Concurso P\u00fablico"],"inLanguage":"pt-BR"},{"@type":"WebPage","@id":"https:\/\/www.grupomedcof.com.br\/blog\/concurso-publico-itapetininga\/","url":"https:\/\/www.grupomedcof.com.br\/blog\/concurso-publico-itapetininga\/","name":"Concurso P\u00fablico: Itapetininga - Blog de Medcof: conte\u00fados, editais, revalida e mais!","isPartOf":{"@id":"https:\/\/www.grupomedcof.com.br\/blog\/#website"},"primaryImageOfPage":{"@id":"https:\/\/www.grupomedcof.com.br\/blog\/concurso-publico-itapetininga\/#primaryimage"},"image":{"@id":"https:\/\/www.grupomedcof.com.br\/blog\/concurso-publico-itapetininga\/#primaryimage"},"thumbnailUrl":"https:\/\/www.grupomedcof.com.br\/blog\/wp-content\/uploads\/2023\/06\/Blog-MedCof-49.png","datePublished":"2023-06-12T16:50:10+00:00","description":"O Munic\u00edpio de Itapetininga abriu o concurso p\u00fablico com 18 vagas para m\u00e9dicos generalistas, al\u00e9m da possibilidade do cadastro reserva.","breadcrumb":{"@id":"https:\/\/www.grupomedcof.com.br\/blog\/concurso-publico-itapetininga\/#breadcrumb"},"inLanguage":"pt-BR","potentialAction":[{"@type":"ReadAction","target":["https:\/\/www.grupomedcof.com.br\/blog\/concurso-publico-itapetininga\/"]}]},{"@type":"ImageObject","inLanguage":"pt-BR","@id":"https:\/\/www.grupomedcof.com.br\/blog\/concurso-publico-itapetininga\/#primaryimage","url":"https:\/\/www.grupomedcof.com.br\/blog\/wp-content\/uploads\/2023\/06\/Blog-MedCof-49.png","contentUrl":"https:\/\/www.grupomedcof.com.br\/blog\/wp-content\/uploads\/2023\/06\/Blog-MedCof-49.png","width":2560,"height":1440,"caption":"itapetininga, itapetininga sp,concurso p\u00fablico de itapetininga, itapatininga concurso p\u00fablico, cargos m\u00e9dicos me itapetininga, vagas em itapetininga"},{"@type":"BreadcrumbList","@id":"https:\/\/www.grupomedcof.com.br\/blog\/concurso-publico-itapetininga\/#breadcrumb","itemListElement":[{"@type":"ListItem","position":1,"name":"In\u00edcio","item":"https:\/\/www.grupomedcof.com.br\/blog\/"},{"@type":"ListItem","position":2,"name":"Concurso P\u00fablico: Itapetininga"}]},{"@type":"WebSite","@id":"https:\/\/www.grupomedcof.com.br\/blog\/#website","url":"https:\/\/www.grupomedcof.com.br\/blog\/","name":"Blog de Medcof: conte\u00fados, editais, revalida e mais!","description":"Acesso o blog de MedCof! Seu portal de conte\u00fados sobre resid\u00eancia m\u00e9dica, an\u00e1lise e editais e muito mais. Clique e confira!","publisher":{"@id":"https:\/\/www.grupomedcof.com.br\/blog\/#organization"},"alternateName":"Blog de Medcof: conte\u00fados, editais, revalida e mais!","potentialAction":[{"@type":"SearchAction","target":{"@type":"EntryPoint","urlTemplate":"https:\/\/www.grupomedcof.com.br\/blog\/?s={search_term_string}"},"query-input":{"@type":"PropertyValueSpecification","valueRequired":true,"valueName":"search_term_string"}}],"inLanguage":"pt-BR"},{"@type":"Organization","@id":"https:\/\/www.grupomedcof.com.br\/blog\/#organization","name":"Grupo MedCof","url":"https:\/\/www.grupomedcof.com.br\/blog\/","logo":{"@type":"ImageObject","inLanguage":"pt-BR","@id":"https:\/\/www.grupomedcof.com.br\/blog\/#\/schema\/logo\/image\/","url":"https:\/\/www.grupomedcof.com.br\/blog\/wp-content\/uploads\/2022\/01\/logo-medcof.png","contentUrl":"https:\/\/www.grupomedcof.com.br\/blog\/wp-content\/uploads\/2022\/01\/logo-medcof.png","width":768,"height":269,"caption":"Grupo MedCof"},"image":{"@id":"https:\/\/www.grupomedcof.com.br\/blog\/#\/schema\/logo\/image\/"},"sameAs":["https:\/\/www.facebook.com\/MedCofQbank\/","https:\/\/www.instagram.com\/grupomedcof\/","https:\/\/br.linkedin.com\/company\/medcof","https:\/\/www.youtube.com\/channel\/UCdHMuOHKICxcHwecxN8P-AA"]},{"@type":"Person","@id":"https:\/\/www.grupomedcof.com.br\/blog\/#\/schema\/person\/1375e0ce724529d7a1d8156ea7f8ceaa","name":"J\u00falia Moreira","image":{"@type":"ImageObject","inLanguage":"pt-BR","@id":"https:\/\/www.grupomedcof.com.br\/blog\/wp-content\/uploads\/2024\/12\/cropped-Captura-de-tela-2023-12-15-094946-96x96.png6a0083ac34a0445de97d55fae63a4a41","url":"https:\/\/www.grupomedcof.com.br\/blog\/wp-content\/uploads\/2024\/12\/cropped-Captura-de-tela-2023-12-15-094946-96x96.png","contentUrl":"https:\/\/www.grupomedcof.com.br\/blog\/wp-content\/uploads\/2024\/12\/cropped-Captura-de-tela-2023-12-15-094946-96x96.png","caption":"J\u00falia Moreira"},"description":"Estudante do 8\u00ba semestre de Jornalismo na ECA-USP, f\u00e3 de filmes de terror e m\u00fasica popular sul-coreana.","sameAs":["https:\/\/www.grupomedcof.com.br\/"],"url":"https:\/\/www.grupomedcof.com.br\/blog\/author\/julia\/"}]}},"authors":[{"term_id":3609,"user_id":6,"is_guest":0,"slug":"julia","display_name":"J\u00falia Moreira","avatar_url":"https:\/\/www.grupomedcof.com.br\/blog\/wp-content\/uploads\/2024\/12\/cropped-Captura-de-tela-2023-12-15-094946-96x96.png","0":null,"1":"","2":"","3":"","4":"","5":"","6":"","7":"","8":""}],"_links":{"self":[{"href":"https:\/\/www.grupomedcof.com.br\/blog\/wp-json\/wp\/v2\/posts\/7830","targetHints":{"allow":["GET"]}}],"collection":[{"href":"https:\/\/www.grupomedcof.com.br\/blog\/wp-json\/wp\/v2\/posts"}],"about":[{"href":"https:\/\/www.grupomedcof.com.br\/blog\/wp-json\/wp\/v2\/types\/post"}],"author":[{"embeddable":true,"href":"https:\/\/www.grupomedcof.com.br\/blog\/wp-json\/wp\/v2\/users\/6"}],"replies":[{"embeddable":true,"href":"https:\/\/www.grupomedcof.com.br\/blog\/wp-json\/wp\/v2\/comments?post=7830"}],"version-history":[{"count":0,"href":"https:\/\/www.grupomedcof.com.br\/blog\/wp-json\/wp\/v2\/posts\/7830\/revisions"}],"wp:featuredmedia":[{"embeddable":true,"href":"https:\/\/www.grupomedcof.com.br\/blog\/wp-json\/wp\/v2\/media\/7920"}],"wp:attachment":[{"href":"https:\/\/www.grupomedcof.com.br\/blog\/wp-json\/wp\/v2\/media?parent=7830"}],"wp:term":[{"taxonomy":"category","embeddable":true,"href":"https:\/\/www.grupomedcof.com.br\/blog\/wp-json\/wp\/v2\/categories?post=7830"},{"taxonomy":"post_tag","embeddable":true,"href":"https:\/\/www.grupomedcof.com.br\/blog\/wp-json\/wp\/v2\/tags?post=7830"},{"taxonomy":"author","embeddable":true,"href":"https:\/\/www.grupomedcof.com.br\/blog\/wp-json\/wp\/v2\/ppma_author?post=7830"}],"curies":[{"name":"wp","href":"https:\/\/api.w.org\/{rel}","templated":true}]}}