{"id":7832,"date":"2023-06-06T13:54:54","date_gmt":"2023-06-06T16:54:54","guid":{"rendered":"https:\/\/www.grupomedcof.com.br\/blog\/?p=7832"},"modified":"2024-12-03T17:24:28","modified_gmt":"2024-12-03T20:24:28","slug":"como-fazer-a-desprescricao-no-idoso","status":"publish","type":"post","link":"https:\/\/www.grupomedcof.com.br\/blog\/como-fazer-a-desprescricao-no-idoso\/","title":{"rendered":"Como fazer a desprescri\u00e7\u00e3o no idoso?"},"content":{"rendered":"<div id=\"ez-toc-container\" class=\"ez-toc-v2_0_74 counter-hierarchy ez-toc-counter ez-toc-transparent ez-toc-container-direction\">\n<div class=\"ez-toc-title-container\">\n<p class=\"ez-toc-title\" style=\"cursor:inherit\">Sum\u00e1rio<\/p>\n<span class=\"ez-toc-title-toggle\"><a href=\"#\" class=\"ez-toc-pull-right ez-toc-btn ez-toc-btn-xs ez-toc-btn-default ez-toc-toggle\" aria-label=\"Alternar tabela de conte\u00fado\"><span class=\"ez-toc-js-icon-con\"><span class=\"\"><span class=\"eztoc-hide\" style=\"display:none;\">Toggle<\/span><span class=\"ez-toc-icon-toggle-span\"><svg style=\"fill: #999;color:#999\" xmlns=\"http:\/\/www.w3.org\/2000\/svg\" class=\"list-377408\" width=\"20px\" height=\"20px\" viewBox=\"0 0 24 24\" fill=\"none\"><path d=\"M6 6H4v2h2V6zm14 0H8v2h12V6zM4 11h2v2H4v-2zm16 0H8v2h12v-2zM4 16h2v2H4v-2zm16 0H8v2h12v-2z\" fill=\"currentColor\"><\/path><\/svg><svg style=\"fill: #999;color:#999\" class=\"arrow-unsorted-368013\" xmlns=\"http:\/\/www.w3.org\/2000\/svg\" width=\"10px\" height=\"10px\" viewBox=\"0 0 24 24\" version=\"1.2\" baseProfile=\"tiny\"><path d=\"M18.2 9.3l-6.2-6.3-6.2 6.3c-.2.2-.3.4-.3.7s.1.5.3.7c.2.2.4.3.7.3h11c.3 0 .5-.1.7-.3.2-.2.3-.5.3-.7s-.1-.5-.3-.7zM5.8 14.7l6.2 6.3 6.2-6.3c.2-.2.3-.5.3-.7s-.1-.5-.3-.7c-.2-.2-.4-.3-.7-.3h-11c-.3 0-.5.1-.7.3-.2.2-.3.5-.3.7s.1.5.3.7z\"\/><\/svg><\/span><\/span><\/span><\/a><\/span><\/div>\n<nav><ul class='ez-toc-list ez-toc-list-level-1 ' ><li class='ez-toc-page-1 ez-toc-heading-level-2'><a class=\"ez-toc-link ez-toc-heading-1\" href=\"https:\/\/www.grupomedcof.com.br\/blog\/como-fazer-a-desprescricao-no-idoso\/#Saiba_mais\" >Saiba mais<\/a><\/li><li class='ez-toc-page-1 ez-toc-heading-level-2'><a class=\"ez-toc-link ez-toc-heading-2\" href=\"https:\/\/www.grupomedcof.com.br\/blog\/como-fazer-a-desprescricao-no-idoso\/#Como_fazer_a_desprescricao_no_idoso\" >Como fazer a desprescri\u00e7\u00e3o no idoso?<\/a><\/li><li class='ez-toc-page-1 ez-toc-heading-level-2'><a class=\"ez-toc-link ez-toc-heading-3\" href=\"https:\/\/www.grupomedcof.com.br\/blog\/como-fazer-a-desprescricao-no-idoso\/#Definicao\" >Defini\u00e7\u00e3o<\/a><\/li><li class='ez-toc-page-1 ez-toc-heading-level-2'><a class=\"ez-toc-link ez-toc-heading-4\" href=\"https:\/\/www.grupomedcof.com.br\/blog\/como-fazer-a-desprescricao-no-idoso\/#Como_avaliar_a_necessidade_de_desprescricao\" >Como avaliar a necessidade de desprescri\u00e7\u00e3o?<\/a><\/li><li class='ez-toc-page-1 ez-toc-heading-level-2'><a class=\"ez-toc-link ez-toc-heading-5\" href=\"https:\/\/www.grupomedcof.com.br\/blog\/como-fazer-a-desprescricao-no-idoso\/#Quem_se_beneficiaria_da_desprescricao_de_medicamentos\" >Quem se beneficiaria da desprescri\u00e7\u00e3o de medicamentos?<\/a><\/li><li class='ez-toc-page-1 ez-toc-heading-level-2'><a class=\"ez-toc-link ez-toc-heading-6\" href=\"https:\/\/www.grupomedcof.com.br\/blog\/como-fazer-a-desprescricao-no-idoso\/#Passo_a_passo_para_a_desprescricao\" >Passo a passo para a desprescri\u00e7\u00e3o<\/a><\/li><li class='ez-toc-page-1 ez-toc-heading-level-2'><a class=\"ez-toc-link ez-toc-heading-7\" href=\"https:\/\/www.grupomedcof.com.br\/blog\/como-fazer-a-desprescricao-no-idoso\/#Conquiste_a_aprovacao\" >Conquiste a aprova\u00e7\u00e3o!<\/a><\/li><\/ul><\/nav><\/div>\n<p><img loading=\"lazy\" decoding=\"async\" width=\"800\" height=\"450\" src=\"https:\/\/www.grupomedcof.com.br\/blog\/wp-content\/uploads\/2023\/06\/Blog-MedCof-43-1024x576.png\" alt=\"desprescri\u00e7\u00e3o no idoso, desprescri\u00e7\u00e3o de medicamentos\" srcset=\"https:\/\/www.grupomedcof.com.br\/blog\/wp-content\/uploads\/2023\/06\/Blog-MedCof-43-1024x576.png 1024w, https:\/\/www.grupomedcof.com.br\/blog\/wp-content\/uploads\/2023\/06\/Blog-MedCof-43-300x169.png 300w, https:\/\/www.grupomedcof.com.br\/blog\/wp-content\/uploads\/2023\/06\/Blog-MedCof-43-768x432.png 768w, https:\/\/www.grupomedcof.com.br\/blog\/wp-content\/uploads\/2023\/06\/Blog-MedCof-43-1536x864.png 1536w, https:\/\/www.grupomedcof.com.br\/blog\/wp-content\/uploads\/2023\/06\/Blog-MedCof-43-2048x1152.png 2048w\" sizes=\"auto, (max-width: 800px) 100vw, 800px\" \/>\t\t\t\t\t\t\t\t\t\t\t\t\t\t\t<\/p>\n<p>Voc\u00ea sabe <b>como fazer a desprescri\u00e7\u00e3o no idoso? <\/b>Ent\u00e3o leia esse post e entenda a import\u00e2ncia dessa diretiva.<\/p>\n<h2><span class=\"ez-toc-section\" id=\"Saiba_mais\"><\/span>\n\t\t\t\tSaiba mais\t\t\t<span class=\"ez-toc-section-end\"><\/span><\/h2>\n<h2 style=\"font-family: Poppins, sans-serif; color: #7a7a7a;\"><span class=\"ez-toc-section\" id=\"Como_fazer_a_desprescricao_no_idoso\"><\/span><b>Como fazer a desprescri\u00e7\u00e3o no idoso?<\/b><span class=\"ez-toc-section-end\"><\/span><\/h2>\n<p>Um dos eventos mais comuns da cl\u00ednica \u00e9 quando voc\u00ea pergunta ao seu paciente idoso quais s\u00e3o as medica\u00e7\u00f5es que ele usa e ele despejar v\u00e1rias medica\u00e7\u00f5es ou at\u00e9 mesmo recortes da caixa dos comprimidos para inform\u00e1-lo. Pensando nisso, uma das diretivas base da geriatria \u00e9 a desprescri\u00e7\u00e3o e \u00e9 sobre isso que vamos abordar nesse post.<\/p>\n<h2 style=\"font-family: Poppins, sans-serif; color: #7a7a7a;\"><span class=\"ez-toc-section\" id=\"Definicao\"><\/span><strong>Defini\u00e7\u00e3o<\/strong><span class=\"ez-toc-section-end\"><\/span><\/h2>\n<p>A desprescri\u00e7\u00e3o se refere ao <strong>ato de suspender medicamentos<\/strong> que podem estar causando danos atuais, ou potencialmente causador de eventos futuros, e isso inclui a suspens\u00e3o de medicamentos f\u00fateis (como polivitam\u00ednicos, como exemplo). Desse modo, o ato \u00e9 realizado de <strong>forma individualizada e acompanhada<\/strong>, levando em considera\u00e7\u00e3o custo-benef\u00edcio, condi\u00e7\u00f5es atuais de sa\u00fade e prefer\u00eancias e expectativas do paciente e seus familiares.<\/p>\n<p>\t\t\t\t\t\t\t\t\t\t\t\t\t\t\t\t<a href=\"https:\/\/www.grupomedcof.com.br\/inscricao-hiit-2023\/\" target=\"_blank\" rel=\"noopener\"><br \/>\n\t\t\t\t\t\t\t<img loading=\"lazy\" decoding=\"async\" width=\"800\" height=\"141\" src=\"https:\/\/www.grupomedcof.com.br\/blog\/wp-content\/uploads\/2023\/05\/Captura-de-tela-2023-05-30-121547-1024x181.png\" alt=\"Semana HIIT MedCof, aulas grupo medcof, medcof, aulas medcof, medcof qbank, gupo medcof\" srcset=\"https:\/\/www.grupomedcof.com.br\/blog\/wp-content\/uploads\/2023\/05\/Captura-de-tela-2023-05-30-121547-1024x181.png 1024w, https:\/\/www.grupomedcof.com.br\/blog\/wp-content\/uploads\/2023\/05\/Captura-de-tela-2023-05-30-121547-300x53.png 300w, https:\/\/www.grupomedcof.com.br\/blog\/wp-content\/uploads\/2023\/05\/Captura-de-tela-2023-05-30-121547-768x136.png 768w, https:\/\/www.grupomedcof.com.br\/blog\/wp-content\/uploads\/2023\/05\/Captura-de-tela-2023-05-30-121547-1536x271.png 1536w, https:\/\/www.grupomedcof.com.br\/blog\/wp-content\/uploads\/2023\/05\/Captura-de-tela-2023-05-30-121547.png 1687w\" sizes=\"auto, (max-width: 800px) 100vw, 800px\" \/>\t\t\t\t\t\t\t\t<\/a><\/p>\n<h2><span class=\"ez-toc-section\" id=\"Como_avaliar_a_necessidade_de_desprescricao\"><\/span><strong>Como avaliar a necessidade de desprescri\u00e7\u00e3o?<\/strong><span class=\"ez-toc-section-end\"><\/span><\/h2>\n<p>Estudos recentes mostram que cerca de 30% dos pacientes idoso fazem o uso de \u2265 5 medica\u00e7\u00f5es, e muitos desses possuem agravos na sa\u00fade resultante do uso inapropriado ou desnecess\u00e1rio de medicamentos.<\/p>\n<p>&#x1f4d6;&nbsp;Conceituando: Nomeamos o uso de \u2265 5 medicamentos de&nbsp;polifarm\u00e1cia!<\/p>\n<h2 style=\"font-family: Poppins, sans-serif; color: #7a7a7a;\"><span class=\"ez-toc-section\" id=\"Quem_se_beneficiaria_da_desprescricao_de_medicamentos\"><\/span><strong>Quem se beneficiaria da desprescri\u00e7\u00e3o de medicamentos?<\/strong><span class=\"ez-toc-section-end\"><\/span><\/h2>\n<ul style=\"font-size: 16px; background-color: #ffffff;\">\n<li style=\"font-size: 16px;\">Surgimento de um novo sintoma ou s\u00edndrome cl\u00ednica, compat\u00edveis com um evento adverso;<\/li>\n<li style=\"font-size: 16px;\">Est\u00e1gios finais de doen\u00e7as terminais, fragilidade extrema, grave preju\u00edzo da funcionalidade;<\/li>\n<li style=\"font-size: 16px;\">Uso de medicamentos com alto potencial para complica\u00e7\u00f5es;<\/li>\n<li style=\"font-size: 16px;\">Situa\u00e7\u00f5es em que a interrup\u00e7\u00e3o do medicamento n\u00e3o levar\u00e1 a agravamento da doen\u00e7a em quest\u00e3o;<\/li>\n<li style=\"font-size: 16px;\">Uso de medica\u00e7\u00f5es sem indica\u00e7\u00e3o precisa;<\/li>\n<li style=\"font-size: 16px;\">Duplicidade &#8211; por vezes encontramos pacientes usando 3 tipos de AINES de forma concomitante;<\/li>\n<li style=\"font-size: 16px;\">Rem\u00e9dios que n\u00e3o possuem evid\u00eancia cient\u00edfica;<\/li>\n<\/ul>\n<h2><span class=\"ez-toc-section\" id=\"Passo_a_passo_para_a_desprescricao\"><\/span><strong>Passo a passo para a desprescri\u00e7\u00e3o<\/strong><span class=\"ez-toc-section-end\"><\/span><\/h2>\n<ol style=\"font-size: 16px; background-color: #ffffff;\">\n<li style=\"font-size: 16px;\">Definir quais medicamentos devem ser interrompidos;\n<ol style=\"font-size: 16px;\">\n<li style=\"font-size: 16px;\">Sempre avaliar as medica\u00e7\u00f5es questionando: O que toma? Para que toma? A quanto tempo? Uso adequado? Efeitos vigentes?<\/li>\n<\/ol>\n<\/li>\n<li style=\"font-size: 16px;\">Avaliar se o uso do medicamento \u00e9 compat\u00edvel com a circunst\u00e2ncia de vida naquele determinado momento;\n<ol style=\"font-size: 16px;\">\n<li style=\"font-size: 16px;\">Exemplo disso \u00e9 a manuten\u00e7\u00e3o de estatinas ou anticoagulantes para pacientes em estado de terminalidade;<\/li>\n<\/ol>\n<\/li>\n<li style=\"font-size: 16px;\">Determinar se a rela\u00e7\u00e3o risco-benef\u00edcio da medica\u00e7\u00e3o foi adequadamente avaliada;<\/li>\n<li style=\"font-size: 16px;\">Priorize as medica\u00e7\u00f5es que devem ser descontinuadas;<\/li>\n<li style=\"font-size: 16px;\">Implemente um regime de descontinua\u00e7\u00e3o das medica\u00e7\u00f5es, sempre monitorando os sinais e sintomas que podem advir deste processo.<\/li>\n<\/ol>\n<p>\u00a0<\/p>\n<p>Na imagem abaixo voc\u00ea pode observar um quadro resumo sobre essas e outras abordagens de desprescri\u00e7\u00e3o de forma detalhada.<\/p>\n<figure>\n\t\t\t\t\t\t\t\t\t\t<img loading=\"lazy\" decoding=\"async\" width=\"768\" height=\"699\" src=\"https:\/\/www.grupomedcof.com.br\/blog\/wp-content\/uploads\/2023\/06\/deprescribing_protocol_edit-768x699-1.jpg\" alt=\"Como fazer a desprescri\u00e7\u00e3o no idoso?\" srcset=\"https:\/\/www.grupomedcof.com.br\/blog\/wp-content\/uploads\/2023\/06\/deprescribing_protocol_edit-768x699-1.jpg 768w, https:\/\/www.grupomedcof.com.br\/blog\/wp-content\/uploads\/2023\/06\/deprescribing_protocol_edit-768x699-1-300x273.jpg 300w\" sizes=\"auto, (max-width: 768px) 100vw, 768px\" \/><figcaption>Scott et al, 2016.<\/figcaption><\/figure>\n<h2 style=\"font-family: Poppins, sans-serif; color: rgb(122, 122, 122);\"><span class=\"ez-toc-section\" id=\"Conquiste_a_aprovacao\"><\/span>Conquiste a aprova\u00e7\u00e3o!<span class=\"ez-toc-section-end\"><\/span><\/h2>\n<section data-id=\"5f13890\" data-element_type=\"section\">O<a href=\"https:\/\/www.grupomedcof.com.br\/\" target=\"_blank\" rel=\"noopener\">&nbsp;Grupo&nbsp;MedCof<\/a>&nbsp;tem um cat\u00e1logo repleto de cursos que te guiar\u00e3o na jornada para as provas de Resid\u00eancia M\u00e9dica que ocorrer\u00e3o em 2023! Ent\u00e3o, confira os nossos cursos e<a href=\"https:\/\/www.grupomedcof.com.br\/blog\/presenca-da-medcof-nas-aprovacoes-em-residencia-medica-no-brasil\/\">&nbsp;seja&nbsp;mais um aprovado<\/a>&nbsp;nas melhores resid\u00eancias m\u00e9dicas do pa\u00eds, como a USP-SP, IAMSPE, ENARE, HCPA, AMIRGS e PSU-MG.<\/section>\n<p>\t\t\t\t\t\t\t\t\t\t\t\t\t\t\t\t<a href=\"https:\/\/www.grupomedcof.com.br\/\" target=\"_blank\" rel=\"noopener\"><br \/>\n\t\t\t\t\t\t\t<img loading=\"lazy\" decoding=\"async\" width=\"800\" height=\"397\" src=\"https:\/\/www.grupomedcof.com.br\/blog\/wp-content\/uploads\/2023\/03\/aprovados-1024x508.png\" alt=\"Aprovados medcof\" srcset=\"https:\/\/www.grupomedcof.com.br\/blog\/wp-content\/uploads\/2023\/03\/aprovados-1024x508.png 1024w, https:\/\/www.grupomedcof.com.br\/blog\/wp-content\/uploads\/2023\/03\/aprovados-300x149.png 300w, https:\/\/www.grupomedcof.com.br\/blog\/wp-content\/uploads\/2023\/03\/aprovados-768x381.png 768w, https:\/\/www.grupomedcof.com.br\/blog\/wp-content\/uploads\/2023\/03\/aprovados.png 1436w\" sizes=\"auto, (max-width: 800px) 100vw, 800px\" \/>\t\t\t\t\t\t\t\t<\/a><\/p>\n","protected":false},"excerpt":{"rendered":"<p>Voc\u00ea sabe como fazer a desprescri\u00e7\u00e3o no idoso? Ent\u00e3o leia esse post e entenda a import\u00e2ncia dessa diretiva. Saiba mais Como fazer a desprescri\u00e7\u00e3o no idoso? Um dos eventos mais comuns da cl\u00ednica \u00e9 quando voc\u00ea pergunta ao seu paciente idoso quais s\u00e3o as medica\u00e7\u00f5es que ele usa e ele despejar v\u00e1rias medica\u00e7\u00f5es ou at\u00e9 [&hellip;]<\/p>\n","protected":false},"author":10,"featured_media":7835,"comment_status":"open","ping_status":"open","sticky":false,"template":"","format":"standard","meta":{"footnotes":""},"categories":[220],"tags":[114,117],"ppma_author":[3613],"class_list":{"0":"post-7832","1":"post","2":"type-post","3":"status-publish","4":"format-standard","5":"has-post-thumbnail","7":"category-geriatria","8":"tag-geriatria","9":"tag-provas-de-residencia"},"yoast_head":"<!-- This site is optimized with the Yoast SEO Premium plugin v24.3 (Yoast SEO v27.4) - https:\/\/yoast.com\/product\/yoast-seo-premium-wordpress\/ -->\n<title>Como fazer a desprescri\u00e7\u00e3o no idoso? - Blog de Medcof: conte\u00fados, editais, revalida e mais!<\/title>\n<meta name=\"description\" content=\"\u00c9 comum que pacientes idosos estejam em uso excessivo ou err\u00f4neo de medicamentos. Por isso deve-se saber como fazer a desprescri\u00e7\u00e3o no idoso.\" \/>\n<meta name=\"robots\" content=\"index, follow, max-snippet:-1, max-image-preview:large, max-video-preview:-1\" \/>\n<link rel=\"canonical\" href=\"https:\/\/www.grupomedcof.com.br\/blog\/como-fazer-a-desprescricao-no-idoso\/\" \/>\n<meta property=\"og:locale\" content=\"pt_BR\" \/>\n<meta property=\"og:type\" content=\"article\" \/>\n<meta property=\"og:title\" content=\"Como fazer a desprescri\u00e7\u00e3o no idoso?\" \/>\n<meta property=\"og:description\" content=\"\u00c9 comum que pacientes idosos estejam em uso excessivo ou err\u00f4neo de medicamentos. Por isso deve-se saber como fazer a desprescri\u00e7\u00e3o no idoso.\" \/>\n<meta property=\"og:url\" content=\"https:\/\/www.grupomedcof.com.br\/blog\/como-fazer-a-desprescricao-no-idoso\/\" \/>\n<meta property=\"og:site_name\" content=\"Blog de Medcof: conte\u00fados, editais, revalida e mais!\" \/>\n<meta property=\"article:publisher\" content=\"https:\/\/www.facebook.com\/MedCofQbank\/\" \/>\n<meta property=\"article:published_time\" content=\"2023-06-06T16:54:54+00:00\" \/>\n<meta property=\"article:modified_time\" content=\"2024-12-03T20:24:28+00:00\" \/>\n<meta property=\"og:image\" content=\"https:\/\/www.grupomedcof.com.br\/blog\/wp-content\/uploads\/2023\/06\/Blog-MedCof-43-1024x576.png\" \/>\n\t<meta property=\"og:image:width\" content=\"1024\" \/>\n\t<meta property=\"og:image:height\" content=\"576\" \/>\n\t<meta property=\"og:image:type\" content=\"image\/png\" \/>\n<meta name=\"author\" content=\"Grupo MedCof\" \/>\n<meta name=\"twitter:card\" content=\"summary_large_image\" \/>\n<meta name=\"twitter:label1\" content=\"Escrito por\" \/>\n\t<meta name=\"twitter:data1\" content=\"Grupo MedCof\" \/>\n\t<meta name=\"twitter:label2\" content=\"Est. tempo de leitura\" \/>\n\t<meta name=\"twitter:data2\" content=\"6 minutos\" \/>\n<script type=\"application\/ld+json\" class=\"yoast-schema-graph\">{\"@context\":\"https:\\\/\\\/schema.org\",\"@graph\":[{\"@type\":\"Article\",\"@id\":\"https:\\\/\\\/www.grupomedcof.com.br\\\/blog\\\/como-fazer-a-desprescricao-no-idoso\\\/#article\",\"isPartOf\":{\"@id\":\"https:\\\/\\\/www.grupomedcof.com.br\\\/blog\\\/como-fazer-a-desprescricao-no-idoso\\\/\"},\"author\":{\"name\":\"Grupo MedCof\",\"@id\":\"https:\\\/\\\/www.grupomedcof.com.br\\\/blog\\\/#\\\/schema\\\/person\\\/5e56a3921255c01181f3d8c20d53f9c0\"},\"headline\":\"Como fazer a desprescri\u00e7\u00e3o no idoso?\",\"datePublished\":\"2023-06-06T16:54:54+00:00\",\"dateModified\":\"2024-12-03T20:24:28+00:00\",\"mainEntityOfPage\":{\"@id\":\"https:\\\/\\\/www.grupomedcof.com.br\\\/blog\\\/como-fazer-a-desprescricao-no-idoso\\\/\"},\"wordCount\":515,\"commentCount\":0,\"publisher\":{\"@id\":\"https:\\\/\\\/www.grupomedcof.com.br\\\/blog\\\/#organization\"},\"image\":{\"@id\":\"https:\\\/\\\/www.grupomedcof.com.br\\\/blog\\\/como-fazer-a-desprescricao-no-idoso\\\/#primaryimage\"},\"thumbnailUrl\":\"https:\\\/\\\/www.grupomedcof.com.br\\\/blog\\\/wp-content\\\/uploads\\\/2023\\\/06\\\/Blog-MedCof-43.png\",\"keywords\":[\"Geriatria\",\"Provas de Resid\u00eancia\"],\"articleSection\":[\"Geriatria\"],\"inLanguage\":\"pt-BR\"},{\"@type\":\"WebPage\",\"@id\":\"https:\\\/\\\/www.grupomedcof.com.br\\\/blog\\\/como-fazer-a-desprescricao-no-idoso\\\/\",\"url\":\"https:\\\/\\\/www.grupomedcof.com.br\\\/blog\\\/como-fazer-a-desprescricao-no-idoso\\\/\",\"name\":\"Como fazer a desprescri\u00e7\u00e3o no idoso? - Blog de Medcof: conte\u00fados, editais, revalida e mais!\",\"isPartOf\":{\"@id\":\"https:\\\/\\\/www.grupomedcof.com.br\\\/blog\\\/#website\"},\"primaryImageOfPage\":{\"@id\":\"https:\\\/\\\/www.grupomedcof.com.br\\\/blog\\\/como-fazer-a-desprescricao-no-idoso\\\/#primaryimage\"},\"image\":{\"@id\":\"https:\\\/\\\/www.grupomedcof.com.br\\\/blog\\\/como-fazer-a-desprescricao-no-idoso\\\/#primaryimage\"},\"thumbnailUrl\":\"https:\\\/\\\/www.grupomedcof.com.br\\\/blog\\\/wp-content\\\/uploads\\\/2023\\\/06\\\/Blog-MedCof-43.png\",\"datePublished\":\"2023-06-06T16:54:54+00:00\",\"dateModified\":\"2024-12-03T20:24:28+00:00\",\"description\":\"\u00c9 comum que pacientes idosos estejam em uso excessivo ou err\u00f4neo de medicamentos. Por isso deve-se saber como fazer a desprescri\u00e7\u00e3o no idoso.\",\"breadcrumb\":{\"@id\":\"https:\\\/\\\/www.grupomedcof.com.br\\\/blog\\\/como-fazer-a-desprescricao-no-idoso\\\/#breadcrumb\"},\"inLanguage\":\"pt-BR\",\"potentialAction\":[{\"@type\":\"ReadAction\",\"target\":[\"https:\\\/\\\/www.grupomedcof.com.br\\\/blog\\\/como-fazer-a-desprescricao-no-idoso\\\/\"]}]},{\"@type\":\"ImageObject\",\"inLanguage\":\"pt-BR\",\"@id\":\"https:\\\/\\\/www.grupomedcof.com.br\\\/blog\\\/como-fazer-a-desprescricao-no-idoso\\\/#primaryimage\",\"url\":\"https:\\\/\\\/www.grupomedcof.com.br\\\/blog\\\/wp-content\\\/uploads\\\/2023\\\/06\\\/Blog-MedCof-43.png\",\"contentUrl\":\"https:\\\/\\\/www.grupomedcof.com.br\\\/blog\\\/wp-content\\\/uploads\\\/2023\\\/06\\\/Blog-MedCof-43.png\",\"width\":2560,\"height\":1440,\"caption\":\"desprescri\u00e7\u00e3o no idoso, desprescri\u00e7\u00e3o de medicamentos\"},{\"@type\":\"BreadcrumbList\",\"@id\":\"https:\\\/\\\/www.grupomedcof.com.br\\\/blog\\\/como-fazer-a-desprescricao-no-idoso\\\/#breadcrumb\",\"itemListElement\":[{\"@type\":\"ListItem\",\"position\":1,\"name\":\"In\u00edcio\",\"item\":\"https:\\\/\\\/www.grupomedcof.com.br\\\/blog\\\/\"},{\"@type\":\"ListItem\",\"position\":2,\"name\":\"Como fazer a desprescri\u00e7\u00e3o no idoso?\"}]},{\"@type\":\"WebSite\",\"@id\":\"https:\\\/\\\/www.grupomedcof.com.br\\\/blog\\\/#website\",\"url\":\"https:\\\/\\\/www.grupomedcof.com.br\\\/blog\\\/\",\"name\":\"Blog de Medcof: conte\u00fados, editais, revalida e mais!\",\"description\":\"Acesso o blog de MedCof! Seu portal de conte\u00fados sobre resid\u00eancia m\u00e9dica, an\u00e1lise e editais e muito mais. Clique e confira!\",\"publisher\":{\"@id\":\"https:\\\/\\\/www.grupomedcof.com.br\\\/blog\\\/#organization\"},\"alternateName\":\"Blog de Medcof: conte\u00fados, editais, revalida e mais!\",\"potentialAction\":[{\"@type\":\"SearchAction\",\"target\":{\"@type\":\"EntryPoint\",\"urlTemplate\":\"https:\\\/\\\/www.grupomedcof.com.br\\\/blog\\\/?s={search_term_string}\"},\"query-input\":{\"@type\":\"PropertyValueSpecification\",\"valueRequired\":true,\"valueName\":\"search_term_string\"}}],\"inLanguage\":\"pt-BR\"},{\"@type\":\"Organization\",\"@id\":\"https:\\\/\\\/www.grupomedcof.com.br\\\/blog\\\/#organization\",\"name\":\"Grupo MedCof\",\"url\":\"https:\\\/\\\/www.grupomedcof.com.br\\\/blog\\\/\",\"logo\":{\"@type\":\"ImageObject\",\"inLanguage\":\"pt-BR\",\"@id\":\"https:\\\/\\\/www.grupomedcof.com.br\\\/blog\\\/#\\\/schema\\\/logo\\\/image\\\/\",\"url\":\"https:\\\/\\\/www.grupomedcof.com.br\\\/blog\\\/wp-content\\\/uploads\\\/2022\\\/01\\\/logo-medcof.png\",\"contentUrl\":\"https:\\\/\\\/www.grupomedcof.com.br\\\/blog\\\/wp-content\\\/uploads\\\/2022\\\/01\\\/logo-medcof.png\",\"width\":768,\"height\":269,\"caption\":\"Grupo MedCof\"},\"image\":{\"@id\":\"https:\\\/\\\/www.grupomedcof.com.br\\\/blog\\\/#\\\/schema\\\/logo\\\/image\\\/\"},\"sameAs\":[\"https:\\\/\\\/www.facebook.com\\\/MedCofQbank\\\/\",\"https:\\\/\\\/www.instagram.com\\\/grupomedcof\\\/\",\"https:\\\/\\\/br.linkedin.com\\\/company\\\/medcof\",\"https:\\\/\\\/www.youtube.com\\\/channel\\\/UCdHMuOHKICxcHwecxN8P-AA\"]},{\"@type\":\"Person\",\"@id\":\"https:\\\/\\\/www.grupomedcof.com.br\\\/blog\\\/#\\\/schema\\\/person\\\/5e56a3921255c01181f3d8c20d53f9c0\",\"name\":\"Grupo MedCof\",\"image\":{\"@type\":\"ImageObject\",\"inLanguage\":\"pt-BR\",\"@id\":\"https:\\\/\\\/www.grupomedcof.com.br\\\/blog\\\/wp-content\\\/uploads\\\/2023\\\/04\\\/cropped-cropped-cropped-cropped-logo-96x96.png28585d174f19c23095510da5f63bc127\",\"url\":\"https:\\\/\\\/www.grupomedcof.com.br\\\/blog\\\/wp-content\\\/uploads\\\/2023\\\/04\\\/cropped-cropped-cropped-cropped-logo-96x96.png\",\"contentUrl\":\"https:\\\/\\\/www.grupomedcof.com.br\\\/blog\\\/wp-content\\\/uploads\\\/2023\\\/04\\\/cropped-cropped-cropped-cropped-logo-96x96.png\",\"caption\":\"Grupo MedCof\"},\"description\":\"Tendo aulas baseadas em quest\u00f5es, + de 115 subespecialistas dispon\u00edveis e uma metodologia \u00fanica, voc\u00ea pode se juntar ao nosso time que conta com mais de 10 mil ...\",\"url\":\"https:\\\/\\\/www.grupomedcof.com.br\\\/blog\\\/author\\\/grupo-medcof\\\/\"}]}<\/script>\n<!-- \/ Yoast SEO Premium plugin. -->","yoast_head_json":{"title":"Como fazer a desprescri\u00e7\u00e3o no idoso? - Blog de Medcof: conte\u00fados, editais, revalida e mais!","description":"\u00c9 comum que pacientes idosos estejam em uso excessivo ou err\u00f4neo de medicamentos. Por isso deve-se saber como fazer a desprescri\u00e7\u00e3o no idoso.","robots":{"index":"index","follow":"follow","max-snippet":"max-snippet:-1","max-image-preview":"max-image-preview:large","max-video-preview":"max-video-preview:-1"},"canonical":"https:\/\/www.grupomedcof.com.br\/blog\/como-fazer-a-desprescricao-no-idoso\/","og_locale":"pt_BR","og_type":"article","og_title":"Como fazer a desprescri\u00e7\u00e3o no idoso?","og_description":"\u00c9 comum que pacientes idosos estejam em uso excessivo ou err\u00f4neo de medicamentos. Por isso deve-se saber como fazer a desprescri\u00e7\u00e3o no idoso.","og_url":"https:\/\/www.grupomedcof.com.br\/blog\/como-fazer-a-desprescricao-no-idoso\/","og_site_name":"Blog de Medcof: conte\u00fados, editais, revalida e mais!","article_publisher":"https:\/\/www.facebook.com\/MedCofQbank\/","article_published_time":"2023-06-06T16:54:54+00:00","article_modified_time":"2024-12-03T20:24:28+00:00","og_image":[{"width":1024,"height":576,"url":"https:\/\/www.grupomedcof.com.br\/blog\/wp-content\/uploads\/2023\/06\/Blog-MedCof-43-1024x576.png","type":"image\/png"}],"author":"Grupo MedCof","twitter_card":"summary_large_image","twitter_misc":{"Escrito por":"Grupo MedCof","Est. tempo de leitura":"6 minutos"},"schema":{"@context":"https:\/\/schema.org","@graph":[{"@type":"Article","@id":"https:\/\/www.grupomedcof.com.br\/blog\/como-fazer-a-desprescricao-no-idoso\/#article","isPartOf":{"@id":"https:\/\/www.grupomedcof.com.br\/blog\/como-fazer-a-desprescricao-no-idoso\/"},"author":{"name":"Grupo MedCof","@id":"https:\/\/www.grupomedcof.com.br\/blog\/#\/schema\/person\/5e56a3921255c01181f3d8c20d53f9c0"},"headline":"Como fazer a desprescri\u00e7\u00e3o no idoso?","datePublished":"2023-06-06T16:54:54+00:00","dateModified":"2024-12-03T20:24:28+00:00","mainEntityOfPage":{"@id":"https:\/\/www.grupomedcof.com.br\/blog\/como-fazer-a-desprescricao-no-idoso\/"},"wordCount":515,"commentCount":0,"publisher":{"@id":"https:\/\/www.grupomedcof.com.br\/blog\/#organization"},"image":{"@id":"https:\/\/www.grupomedcof.com.br\/blog\/como-fazer-a-desprescricao-no-idoso\/#primaryimage"},"thumbnailUrl":"https:\/\/www.grupomedcof.com.br\/blog\/wp-content\/uploads\/2023\/06\/Blog-MedCof-43.png","keywords":["Geriatria","Provas de Resid\u00eancia"],"articleSection":["Geriatria"],"inLanguage":"pt-BR"},{"@type":"WebPage","@id":"https:\/\/www.grupomedcof.com.br\/blog\/como-fazer-a-desprescricao-no-idoso\/","url":"https:\/\/www.grupomedcof.com.br\/blog\/como-fazer-a-desprescricao-no-idoso\/","name":"Como fazer a desprescri\u00e7\u00e3o no idoso? - Blog de Medcof: conte\u00fados, editais, revalida e mais!","isPartOf":{"@id":"https:\/\/www.grupomedcof.com.br\/blog\/#website"},"primaryImageOfPage":{"@id":"https:\/\/www.grupomedcof.com.br\/blog\/como-fazer-a-desprescricao-no-idoso\/#primaryimage"},"image":{"@id":"https:\/\/www.grupomedcof.com.br\/blog\/como-fazer-a-desprescricao-no-idoso\/#primaryimage"},"thumbnailUrl":"https:\/\/www.grupomedcof.com.br\/blog\/wp-content\/uploads\/2023\/06\/Blog-MedCof-43.png","datePublished":"2023-06-06T16:54:54+00:00","dateModified":"2024-12-03T20:24:28+00:00","description":"\u00c9 comum que pacientes idosos estejam em uso excessivo ou err\u00f4neo de medicamentos. Por isso deve-se saber como fazer a desprescri\u00e7\u00e3o no idoso.","breadcrumb":{"@id":"https:\/\/www.grupomedcof.com.br\/blog\/como-fazer-a-desprescricao-no-idoso\/#breadcrumb"},"inLanguage":"pt-BR","potentialAction":[{"@type":"ReadAction","target":["https:\/\/www.grupomedcof.com.br\/blog\/como-fazer-a-desprescricao-no-idoso\/"]}]},{"@type":"ImageObject","inLanguage":"pt-BR","@id":"https:\/\/www.grupomedcof.com.br\/blog\/como-fazer-a-desprescricao-no-idoso\/#primaryimage","url":"https:\/\/www.grupomedcof.com.br\/blog\/wp-content\/uploads\/2023\/06\/Blog-MedCof-43.png","contentUrl":"https:\/\/www.grupomedcof.com.br\/blog\/wp-content\/uploads\/2023\/06\/Blog-MedCof-43.png","width":2560,"height":1440,"caption":"desprescri\u00e7\u00e3o no idoso, desprescri\u00e7\u00e3o de medicamentos"},{"@type":"BreadcrumbList","@id":"https:\/\/www.grupomedcof.com.br\/blog\/como-fazer-a-desprescricao-no-idoso\/#breadcrumb","itemListElement":[{"@type":"ListItem","position":1,"name":"In\u00edcio","item":"https:\/\/www.grupomedcof.com.br\/blog\/"},{"@type":"ListItem","position":2,"name":"Como fazer a desprescri\u00e7\u00e3o no idoso?"}]},{"@type":"WebSite","@id":"https:\/\/www.grupomedcof.com.br\/blog\/#website","url":"https:\/\/www.grupomedcof.com.br\/blog\/","name":"Blog de Medcof: conte\u00fados, editais, revalida e mais!","description":"Acesso o blog de MedCof! Seu portal de conte\u00fados sobre resid\u00eancia m\u00e9dica, an\u00e1lise e editais e muito mais. Clique e confira!","publisher":{"@id":"https:\/\/www.grupomedcof.com.br\/blog\/#organization"},"alternateName":"Blog de Medcof: conte\u00fados, editais, revalida e mais!","potentialAction":[{"@type":"SearchAction","target":{"@type":"EntryPoint","urlTemplate":"https:\/\/www.grupomedcof.com.br\/blog\/?s={search_term_string}"},"query-input":{"@type":"PropertyValueSpecification","valueRequired":true,"valueName":"search_term_string"}}],"inLanguage":"pt-BR"},{"@type":"Organization","@id":"https:\/\/www.grupomedcof.com.br\/blog\/#organization","name":"Grupo MedCof","url":"https:\/\/www.grupomedcof.com.br\/blog\/","logo":{"@type":"ImageObject","inLanguage":"pt-BR","@id":"https:\/\/www.grupomedcof.com.br\/blog\/#\/schema\/logo\/image\/","url":"https:\/\/www.grupomedcof.com.br\/blog\/wp-content\/uploads\/2022\/01\/logo-medcof.png","contentUrl":"https:\/\/www.grupomedcof.com.br\/blog\/wp-content\/uploads\/2022\/01\/logo-medcof.png","width":768,"height":269,"caption":"Grupo MedCof"},"image":{"@id":"https:\/\/www.grupomedcof.com.br\/blog\/#\/schema\/logo\/image\/"},"sameAs":["https:\/\/www.facebook.com\/MedCofQbank\/","https:\/\/www.instagram.com\/grupomedcof\/","https:\/\/br.linkedin.com\/company\/medcof","https:\/\/www.youtube.com\/channel\/UCdHMuOHKICxcHwecxN8P-AA"]},{"@type":"Person","@id":"https:\/\/www.grupomedcof.com.br\/blog\/#\/schema\/person\/5e56a3921255c01181f3d8c20d53f9c0","name":"Grupo MedCof","image":{"@type":"ImageObject","inLanguage":"pt-BR","@id":"https:\/\/www.grupomedcof.com.br\/blog\/wp-content\/uploads\/2023\/04\/cropped-cropped-cropped-cropped-logo-96x96.png28585d174f19c23095510da5f63bc127","url":"https:\/\/www.grupomedcof.com.br\/blog\/wp-content\/uploads\/2023\/04\/cropped-cropped-cropped-cropped-logo-96x96.png","contentUrl":"https:\/\/www.grupomedcof.com.br\/blog\/wp-content\/uploads\/2023\/04\/cropped-cropped-cropped-cropped-logo-96x96.png","caption":"Grupo MedCof"},"description":"Tendo aulas baseadas em quest\u00f5es, + de 115 subespecialistas dispon\u00edveis e uma metodologia \u00fanica, voc\u00ea pode se juntar ao nosso time que conta com mais de 10 mil ...","url":"https:\/\/www.grupomedcof.com.br\/blog\/author\/grupo-medcof\/"}]}},"authors":[{"term_id":3613,"user_id":10,"is_guest":0,"slug":"grupo-medcof","display_name":"Grupo MedCof","avatar_url":"https:\/\/www.grupomedcof.com.br\/blog\/wp-content\/uploads\/2023\/04\/cropped-cropped-cropped-cropped-logo-96x96.png","0":null,"1":"","2":"","3":"","4":"","5":"","6":"","7":"","8":""}],"_links":{"self":[{"href":"https:\/\/www.grupomedcof.com.br\/blog\/wp-json\/wp\/v2\/posts\/7832","targetHints":{"allow":["GET"]}}],"collection":[{"href":"https:\/\/www.grupomedcof.com.br\/blog\/wp-json\/wp\/v2\/posts"}],"about":[{"href":"https:\/\/www.grupomedcof.com.br\/blog\/wp-json\/wp\/v2\/types\/post"}],"author":[{"embeddable":true,"href":"https:\/\/www.grupomedcof.com.br\/blog\/wp-json\/wp\/v2\/users\/10"}],"replies":[{"embeddable":true,"href":"https:\/\/www.grupomedcof.com.br\/blog\/wp-json\/wp\/v2\/comments?post=7832"}],"version-history":[{"count":0,"href":"https:\/\/www.grupomedcof.com.br\/blog\/wp-json\/wp\/v2\/posts\/7832\/revisions"}],"wp:featuredmedia":[{"embeddable":true,"href":"https:\/\/www.grupomedcof.com.br\/blog\/wp-json\/wp\/v2\/media\/7835"}],"wp:attachment":[{"href":"https:\/\/www.grupomedcof.com.br\/blog\/wp-json\/wp\/v2\/media?parent=7832"}],"wp:term":[{"taxonomy":"category","embeddable":true,"href":"https:\/\/www.grupomedcof.com.br\/blog\/wp-json\/wp\/v2\/categories?post=7832"},{"taxonomy":"post_tag","embeddable":true,"href":"https:\/\/www.grupomedcof.com.br\/blog\/wp-json\/wp\/v2\/tags?post=7832"},{"taxonomy":"author","embeddable":true,"href":"https:\/\/www.grupomedcof.com.br\/blog\/wp-json\/wp\/v2\/ppma_author?post=7832"}],"curies":[{"name":"wp","href":"https:\/\/api.w.org\/{rel}","templated":true}]}}