{"id":7885,"date":"2023-06-12T09:30:52","date_gmt":"2023-06-12T12:30:52","guid":{"rendered":"https:\/\/www.grupomedcof.com.br\/blog\/?p=7885"},"modified":"2024-12-03T17:24:20","modified_gmt":"2024-12-03T20:24:20","slug":"pneumotorax-traumatico-ou-espontaneo","status":"publish","type":"post","link":"https:\/\/www.grupomedcof.com.br\/blog\/pneumotorax-traumatico-ou-espontaneo\/","title":{"rendered":"Pneumot\u00f3rax: traum\u00e1tico ou espont\u00e2neo"},"content":{"rendered":"<div id=\"ez-toc-container\" class=\"ez-toc-v2_0_74 counter-hierarchy ez-toc-counter ez-toc-transparent ez-toc-container-direction\">\n<div class=\"ez-toc-title-container\">\n<p class=\"ez-toc-title\" style=\"cursor:inherit\">Sum\u00e1rio<\/p>\n<span class=\"ez-toc-title-toggle\"><a href=\"#\" class=\"ez-toc-pull-right ez-toc-btn ez-toc-btn-xs ez-toc-btn-default ez-toc-toggle\" aria-label=\"Alternar tabela de conte\u00fado\"><span class=\"ez-toc-js-icon-con\"><span class=\"\"><span class=\"eztoc-hide\" style=\"display:none;\">Toggle<\/span><span class=\"ez-toc-icon-toggle-span\"><svg style=\"fill: #999;color:#999\" xmlns=\"http:\/\/www.w3.org\/2000\/svg\" class=\"list-377408\" width=\"20px\" height=\"20px\" viewBox=\"0 0 24 24\" fill=\"none\"><path d=\"M6 6H4v2h2V6zm14 0H8v2h12V6zM4 11h2v2H4v-2zm16 0H8v2h12v-2zM4 16h2v2H4v-2zm16 0H8v2h12v-2z\" fill=\"currentColor\"><\/path><\/svg><svg style=\"fill: #999;color:#999\" class=\"arrow-unsorted-368013\" xmlns=\"http:\/\/www.w3.org\/2000\/svg\" width=\"10px\" height=\"10px\" viewBox=\"0 0 24 24\" version=\"1.2\" baseProfile=\"tiny\"><path d=\"M18.2 9.3l-6.2-6.3-6.2 6.3c-.2.2-.3.4-.3.7s.1.5.3.7c.2.2.4.3.7.3h11c.3 0 .5-.1.7-.3.2-.2.3-.5.3-.7s-.1-.5-.3-.7zM5.8 14.7l6.2 6.3 6.2-6.3c.2-.2.3-.5.3-.7s-.1-.5-.3-.7c-.2-.2-.4-.3-.7-.3h-11c-.3 0-.5.1-.7.3-.2.2-.3.5-.3.7s.1.5.3.7z\"\/><\/svg><\/span><\/span><\/span><\/a><\/span><\/div>\n<nav><ul class='ez-toc-list ez-toc-list-level-1 ' ><li class='ez-toc-page-1 ez-toc-heading-level-2'><a class=\"ez-toc-link ez-toc-heading-1\" href=\"https:\/\/www.grupomedcof.com.br\/blog\/pneumotorax-traumatico-ou-espontaneo\/#Saiba_mais_a_seguir\" >Saiba mais a seguir<\/a><\/li><li class='ez-toc-page-1 ez-toc-heading-level-2'><a class=\"ez-toc-link ez-toc-heading-2\" href=\"https:\/\/www.grupomedcof.com.br\/blog\/pneumotorax-traumatico-ou-espontaneo\/#Pneumotorax_traumatico_e_espontaneo\" >Pneumot\u00f3rax: traum\u00e1tico e espont\u00e2neo<\/a><\/li><li class='ez-toc-page-1 ez-toc-heading-level-2'><a class=\"ez-toc-link ez-toc-heading-3\" href=\"https:\/\/www.grupomedcof.com.br\/blog\/pneumotorax-traumatico-ou-espontaneo\/#Pneumotorax_Definicao\" >Pneumot\u00f3rax: Defini\u00e7\u00e3o<\/a><\/li><li class='ez-toc-page-1 ez-toc-heading-level-2'><a class=\"ez-toc-link ez-toc-heading-4\" href=\"https:\/\/www.grupomedcof.com.br\/blog\/pneumotorax-traumatico-ou-espontaneo\/#Achados_Clinicos\" >Achados Cl\u00ednicos<\/a><\/li><li class='ez-toc-page-1 ez-toc-heading-level-2'><a class=\"ez-toc-link ez-toc-heading-5\" href=\"https:\/\/www.grupomedcof.com.br\/blog\/pneumotorax-traumatico-ou-espontaneo\/#Achados_Radiograficos\" >Achados Radiogr\u00e1ficos<\/a><\/li><li class='ez-toc-page-1 ez-toc-heading-level-2'><a class=\"ez-toc-link ez-toc-heading-6\" href=\"https:\/\/www.grupomedcof.com.br\/blog\/pneumotorax-traumatico-ou-espontaneo\/#Conquiste_a_aprovacao\" >Conquiste a aprova\u00e7\u00e3o!<\/a><\/li><\/ul><\/nav><\/div>\n<p><img loading=\"lazy\" decoding=\"async\" width=\"800\" height=\"450\" src=\"https:\/\/www.grupomedcof.com.br\/blog\/wp-content\/uploads\/2023\/06\/Blog-MedCof-47-1024x576.png\" alt=\"pneumot\u00f3rax, pneumot\u00f3rax hipertensivo, pneumot\u00f3rax espont\u00e2neo, pneumot\u00f3rax traum\u00e1tico, pneumot\u00f3rax causas, pneumot\u00f3rax raio x\" srcset=\"https:\/\/www.grupomedcof.com.br\/blog\/wp-content\/uploads\/2023\/06\/Blog-MedCof-47-1024x576.png 1024w, https:\/\/www.grupomedcof.com.br\/blog\/wp-content\/uploads\/2023\/06\/Blog-MedCof-47-300x169.png 300w, https:\/\/www.grupomedcof.com.br\/blog\/wp-content\/uploads\/2023\/06\/Blog-MedCof-47-768x432.png 768w, https:\/\/www.grupomedcof.com.br\/blog\/wp-content\/uploads\/2023\/06\/Blog-MedCof-47-1536x864.png 1536w, https:\/\/www.grupomedcof.com.br\/blog\/wp-content\/uploads\/2023\/06\/Blog-MedCof-47-2048x1152.png 2048w\" sizes=\"auto, (max-width: 800px) 100vw, 800px\" \/>\t\t\t\t\t\t\t\t\t\t\t\t\t\t\t<\/p>\n<p><strong>Pneumot\u00f3rax: traum\u00e1tico e espont\u00e2neo:<\/strong> leia esse post e nunca mais<\/p>\n<p>deixe de&nbsp;identificar&nbsp;na radiografia.<\/p>\n<h2><span class=\"ez-toc-section\" id=\"Saiba_mais_a_seguir\"><\/span>\n\t\t\t\tSaiba mais a seguir\t\t\t<span class=\"ez-toc-section-end\"><\/span><\/h2>\n<h2><span class=\"ez-toc-section\" id=\"Pneumotorax_traumatico_e_espontaneo\"><\/span><strong>Pneumot\u00f3rax: traum\u00e1tico e espont\u00e2neo<\/strong><span class=\"ez-toc-section-end\"><\/span><\/h2>\n<p>O pneumot\u00f3rax \u00e9 uma<strong> emerg\u00eancia cl\u00ednica<\/strong> que necessita de diagn\u00f3stico e manejo r\u00e1pido e preciso, portanto nesse post vamos abordar os principais achados cl\u00ednicos e radiogr\u00e1ficos do pneumot\u00f3rax.<\/p>\n<h2 style=\"font-family: Poppins, sans-serif; color: #7a7a7a;\"><span class=\"ez-toc-section\" id=\"Pneumotorax_Definicao\"><\/span><strong>Pneumot\u00f3rax: Defini\u00e7\u00e3o<\/strong><span class=\"ez-toc-section-end\"><\/span><\/h2>\n<p>A caracteriza\u00e7\u00e3o do pneumot\u00f3rax se deve pela <strong>presen\u00e7a de ar no espa\u00e7o pleural<\/strong>, que pode ocorrer de forma espont\u00e2nea ou traum\u00e1tica. Assim, a classifica\u00e7\u00e3o do pneumot\u00f3rax espont\u00e2neo pode ser prim\u00e1ria quando n\u00e3o houver uma causa evidente. Ademais, o pneumot\u00f3rax secund\u00e1rio, ocorre devido a condi\u00e7\u00f5es subjacentes, como doen\u00e7as pulmonares, trauma ou certos procedimentos m\u00e9dicos.<\/p>\n<p>\t\t\t\t\t\t\t\t\t\t\t\t\t\t\t\t<a href=\"https:\/\/www.grupomedcof.com.br\/inscricao-hiit-2023\/\" target=\"_blank\" rel=\"noopener\"><br \/>\n\t\t\t\t\t\t\t<img loading=\"lazy\" decoding=\"async\" width=\"800\" height=\"141\" src=\"https:\/\/www.grupomedcof.com.br\/blog\/wp-content\/uploads\/2023\/05\/Captura-de-tela-2023-05-30-121547-1024x181.png\" alt=\"Semana HIIT MedCof, aulas grupo medcof, medcof, aulas medcof, medcof qbank, gupo medcof\" srcset=\"https:\/\/www.grupomedcof.com.br\/blog\/wp-content\/uploads\/2023\/05\/Captura-de-tela-2023-05-30-121547-1024x181.png 1024w, https:\/\/www.grupomedcof.com.br\/blog\/wp-content\/uploads\/2023\/05\/Captura-de-tela-2023-05-30-121547-300x53.png 300w, https:\/\/www.grupomedcof.com.br\/blog\/wp-content\/uploads\/2023\/05\/Captura-de-tela-2023-05-30-121547-768x136.png 768w, https:\/\/www.grupomedcof.com.br\/blog\/wp-content\/uploads\/2023\/05\/Captura-de-tela-2023-05-30-121547-1536x271.png 1536w, https:\/\/www.grupomedcof.com.br\/blog\/wp-content\/uploads\/2023\/05\/Captura-de-tela-2023-05-30-121547.png 1687w\" sizes=\"auto, (max-width: 800px) 100vw, 800px\" \/>\t\t\t\t\t\t\t\t<\/a><\/p>\n<h2 style=\"font-family: Poppins, sans-serif; color: #7a7a7a;\"><span class=\"ez-toc-section\" id=\"Achados_Clinicos\"><\/span><strong>Achados Cl\u00ednicos<\/strong><span class=\"ez-toc-section-end\"><\/span><\/h2>\n<p>A apresenta\u00e7\u00e3o cl\u00ednica <strong>\u00e9 vari\u00e1vel<\/strong> e depender\u00e1 tanto do mecanismo que gerou o pneumot\u00f3rax e sua<strong> extens\u00e3o<\/strong>, como da<strong> condi\u00e7\u00e3o cl\u00ednica do paciente<\/strong>.<\/p>\n<p>\u00a0<\/p>\n<p>\u00a0<\/p>\n<p>Sendo assim, os pacientes podem apresentar dor tor\u00e1cica s\u00fabita e intensa, insufici\u00eancia respirat\u00f3ria, taquicardia, dispneia e hipotens\u00e3o. J\u00e1 no pneumot\u00f3rax hipertensivo, por exemplo, pode-se observar a turg\u00eancia jugular, desvio traqueal e parada cardiorrespirat\u00f3ria, podendo levar o paciente ao \u00f3bito.<\/p>\n<p>\u00a0<\/p>\n<p>\u00a0<\/p>\n<p>Desse modo, no <strong>exame f\u00edsico<\/strong> pode-se observar a redu\u00e7\u00e3o ou aus\u00eancia de murm\u00farios vesiculares na ausculta pulmonar, hipertimpanismo \u00e0 percuss\u00e3o, e presen\u00e7a de crepita\u00e7\u00e3o \u00e0 palpa\u00e7\u00e3o (enfisema cut\u00e3neo).<\/p>\n<h2><span class=\"ez-toc-section\" id=\"Achados_Radiograficos\"><\/span><strong>Achados Radiogr\u00e1ficos<\/strong><span class=\"ez-toc-section-end\"><\/span><\/h2>\n<p>Por fim, a radiografia de t\u00f3rax em ortostase \u00e9 um excelente exame para se avaliar uma suspeita cl\u00ednica de pneumot\u00f3rax. Podemos encontrar como achados:<\/p>\n<p>\u00a0<\/p>\n<ul style=\"font-size: 16px; background-color: #ffffff;\">\n<li style=\"font-size: 16px;\">Borda pleural visceral vis\u00edvel \u00e9 vista como uma linha branca muito fina e n\u00edtida;<\/li>\n<li style=\"font-size: 16px;\">Nenhuma marca\u00e7\u00e3o pulmonar \u00e9 vista perif\u00e9rica a esta linha;<\/li>\n<li style=\"font-size: 16px;\">Presen\u00e7a de hipertransparente em compara\u00e7\u00e3o com o pulm\u00e3o adjacente;<\/li>\n<li style=\"font-size: 16px;\">Pode-se encontrar o pulm\u00e3o completamente colapsado;<\/li>\n<li style=\"font-size: 16px;\">Enfisema subcut\u00e2neo\u00a0e\u00a0pneumomediastino\u00a0tamb\u00e9m podem estar presentes;<\/li>\n<\/ul>\n<figure>\n\t\t\t\t\t\t\t\t\t\t<img loading=\"lazy\" decoding=\"async\" width=\"800\" height=\"792\" src=\"https:\/\/www.grupomedcof.com.br\/blog\/wp-content\/uploads\/2023\/06\/Untitled-39.png\" alt=\"pneumot\u00f3rax, pneumot\u00f3rax hipertensivo, pneumot\u00f3rax espont\u00e2neo, pneumot\u00f3rax traum\u00e1tico, pneumot\u00f3rax causas, pneumot\u00f3rax raio x\" srcset=\"https:\/\/www.grupomedcof.com.br\/blog\/wp-content\/uploads\/2023\/06\/Untitled-39.png 1024w, https:\/\/www.grupomedcof.com.br\/blog\/wp-content\/uploads\/2023\/06\/Untitled-39-300x297.png 300w, https:\/\/www.grupomedcof.com.br\/blog\/wp-content\/uploads\/2023\/06\/Untitled-39-150x150.png 150w, https:\/\/www.grupomedcof.com.br\/blog\/wp-content\/uploads\/2023\/06\/Untitled-39-768x761.png 768w\" sizes=\"auto, (max-width: 800px) 100vw, 800px\" \/><figcaption>Grande pneumot\u00f3rax do lado esquerdo com colapso total do pulm\u00e3o esquerdo.\u00a0Pequeno desvio do mediastino. (Fonte: Radiopaedia.)<\/figcaption><\/figure>\n<figure>\n\t\t\t\t\t\t\t\t\t\t<img loading=\"lazy\" decoding=\"async\" width=\"800\" height=\"976\" src=\"https:\/\/www.grupomedcof.com.br\/blog\/wp-content\/uploads\/2023\/06\/Untitled-40.png\" alt=\"pneumot\u00f3rax, pneumot\u00f3rax hipertensivo, pneumot\u00f3rax espont\u00e2neo, pneumot\u00f3rax traum\u00e1tico, pneumot\u00f3rax causas, pneumot\u00f3rax raio x\" srcset=\"https:\/\/www.grupomedcof.com.br\/blog\/wp-content\/uploads\/2023\/06\/Untitled-40.png 839w, https:\/\/www.grupomedcof.com.br\/blog\/wp-content\/uploads\/2023\/06\/Untitled-40-246x300.png 246w, https:\/\/www.grupomedcof.com.br\/blog\/wp-content\/uploads\/2023\/06\/Untitled-40-768x937.png 768w\" sizes=\"auto, (max-width: 800px) 100vw, 800px\" \/><figcaption>Borda pleural visceral vis\u00edvel \u00e9 vista como uma linha branca muito fina e n\u00edtida, denotando um pneumot\u00f3rax \u00e0 esquerda. (Fonte Radiopaedia)<\/figcaption><\/figure>\n<p>Portanto, sobre o Pneumot\u00f3rax seja ele traum\u00e1tico ou espont\u00e2neo &#8211; Lembre-se que o pneumot\u00f3rax \u00e9 uma condi\u00e7\u00e3o m\u00e9dica que <strong>requer identifica\u00e7\u00e3o precoce para um manejo adequado.<\/strong><\/p>\n<p><strong>\u00a0<\/strong><\/p>\n<p>\u00a0<\/p>\n<p>Sendo assim, continue nos acompanhando para ficar por dentro dos principais temas da medicina!<\/p>\n<h2><span class=\"ez-toc-section\" id=\"Conquiste_a_aprovacao\"><\/span><strong>Conquiste a aprova\u00e7\u00e3o!<\/strong><span class=\"ez-toc-section-end\"><\/span><\/h2>\n<section data-id=\"5f13890\" data-element_type=\"section\"><a href=\"https:\/\/www.grupomedcof.com.br\/blog\/presenca-da-medcof-nas-aprovacoes-em-residencia-medica-no-brasil\/\" target=\"_blank\" rel=\"noopener\"><strong>Seja\u00a0mais um aprovado<\/strong><\/a>\u00a0nas melhores resid\u00eancias m\u00e9dicas do pa\u00eds com o<strong><a href=\"https:\/\/www.grupomedcof.com.br\/\" target=\"_blank\" rel=\"noopener\">\u00a0Grupo\u00a0MedCof<\/a>!<\/strong> Temos um cat\u00e1logo repleto de cursos que te guiar\u00e3o na jornada para as provas de Resid\u00eancia M\u00e9dica que ocorrer\u00e3o em 2023!\u00a0Mas, se voc\u00ea \u00e9 novo por aqui, que tal se inscrever na<strong><a href=\"https:\/\/www.grupomedcof.com.br\/inscricao-hiit-2023\/\" target=\"_blank\" rel=\"noopener\"> Semana HIIT<\/a><\/strong>? Ser\u00e1 um evento <strong>100% gratuito e online<\/strong> que te permitir\u00e1 conhecer um pouco do nosso m\u00e9todo de ensino!<\/section>\n<p>\t\t\t\t\t\t\t\t\t\t\t\t\t\t\t\t<a href=\"https:\/\/www.grupomedcof.com.br\/inscricao-hiit-2023\/\" target=\"_blank\" rel=\"noopener\"><br \/>\n\t\t\t\t\t\t\t<img loading=\"lazy\" decoding=\"async\" width=\"800\" height=\"442\" src=\"https:\/\/www.grupomedcof.com.br\/blog\/wp-content\/uploads\/2023\/05\/Inscricao-Semana-HIIT-1024x566.png\" alt=\"Semana HIIT MedCof, aulas grupo medcof, medcof, aulas medcof, medcof qbank, gupo medcof\" srcset=\"https:\/\/www.grupomedcof.com.br\/blog\/wp-content\/uploads\/2023\/05\/Inscricao-Semana-HIIT-1024x566.png 1024w, https:\/\/www.grupomedcof.com.br\/blog\/wp-content\/uploads\/2023\/05\/Inscricao-Semana-HIIT-300x166.png 300w, https:\/\/www.grupomedcof.com.br\/blog\/wp-content\/uploads\/2023\/05\/Inscricao-Semana-HIIT-768x425.png 768w, https:\/\/www.grupomedcof.com.br\/blog\/wp-content\/uploads\/2023\/05\/Inscricao-Semana-HIIT.png 1242w\" sizes=\"auto, (max-width: 800px) 100vw, 800px\" \/>\t\t\t\t\t\t\t\t<\/a><\/p>\n","protected":false},"excerpt":{"rendered":"<p>O pneumot\u00f3rax \u00e9 uma emerg\u00eancia cl\u00ednica que necessita de diagn\u00f3stico e manejo r\u00e1pido e preciso, portanto nesse post vamos abordar os principais achados cl\u00ednicos e radiogr\u00e1ficos do pneumot\u00f3rax.<\/p>\n","protected":false},"author":10,"featured_media":7887,"comment_status":"open","ping_status":"open","sticky":false,"template":"","format":"standard","meta":{"footnotes":""},"categories":[222],"tags":[223,224],"ppma_author":[3613],"class_list":{"0":"post-7885","1":"post","2":"type-post","3":"status-publish","4":"format-standard","5":"has-post-thumbnail","7":"category-radiologia","8":"tag-pneumotorax","9":"tag-radiologia"},"yoast_head":"<!-- This site is optimized with the Yoast SEO Premium plugin v24.3 (Yoast SEO v27.4) - https:\/\/yoast.com\/product\/yoast-seo-premium-wordpress\/ -->\n<title>Pneumot\u00f3rax: traum\u00e1tico ou espont\u00e2neo - Blog de Medcof: conte\u00fados, editais, revalida e mais!<\/title>\n<meta name=\"description\" content=\"O pneumot\u00f3rax \u00e9 caracterizado pela presen\u00e7a de ar no espa\u00e7o pleural, que pode ocorrer de forma espont\u00e2nea ou traum\u00e1tica.\" \/>\n<meta name=\"robots\" content=\"index, follow, max-snippet:-1, max-image-preview:large, max-video-preview:-1\" \/>\n<link rel=\"canonical\" href=\"https:\/\/www.grupomedcof.com.br\/blog\/pneumotorax-traumatico-ou-espontaneo\/\" \/>\n<meta property=\"og:locale\" content=\"pt_BR\" \/>\n<meta property=\"og:type\" content=\"article\" \/>\n<meta property=\"og:title\" content=\"Pneumot\u00f3rax: traum\u00e1tico ou espont\u00e2neo\" \/>\n<meta property=\"og:description\" content=\"O pneumot\u00f3rax \u00e9 uma emerg\u00eancia cl\u00ednica que necessita de diagn\u00f3stico e manejo r\u00e1pido e preciso, portanto nesse post vamos abordar os principais achados cl\u00ednicos e radiogr\u00e1ficos do pneumot\u00f3rax.\" \/>\n<meta property=\"og:url\" content=\"https:\/\/www.grupomedcof.com.br\/blog\/pneumotorax-traumatico-ou-espontaneo\/\" \/>\n<meta property=\"og:site_name\" content=\"Blog de Medcof: conte\u00fados, editais, revalida e mais!\" \/>\n<meta property=\"article:publisher\" content=\"https:\/\/www.facebook.com\/MedCofQbank\/\" \/>\n<meta property=\"article:published_time\" content=\"2023-06-12T12:30:52+00:00\" \/>\n<meta property=\"article:modified_time\" content=\"2024-12-03T20:24:20+00:00\" \/>\n<meta property=\"og:image\" content=\"https:\/\/www.grupomedcof.com.br\/blog\/wp-content\/uploads\/2023\/06\/Blog-MedCof-48-1024x576.png\" \/>\n\t<meta property=\"og:image:width\" content=\"1024\" \/>\n\t<meta property=\"og:image:height\" content=\"576\" \/>\n\t<meta property=\"og:image:type\" content=\"image\/png\" \/>\n<meta name=\"author\" content=\"Grupo MedCof\" \/>\n<meta name=\"twitter:card\" content=\"summary_large_image\" \/>\n<meta name=\"twitter:description\" content=\"O pneumot\u00f3rax \u00e9 uma emerg\u00eancia cl\u00ednica que necessita de diagn\u00f3stico e manejo r\u00e1pido e preciso, portanto nesse post vamos abordar os principais achados cl\u00ednicos e radiogr\u00e1ficos do pneumot\u00f3rax.\" \/>\n<meta name=\"twitter:label1\" content=\"Escrito por\" \/>\n\t<meta name=\"twitter:data1\" content=\"Grupo MedCof\" \/>\n\t<meta name=\"twitter:label2\" content=\"Est. tempo de leitura\" \/>\n\t<meta name=\"twitter:data2\" content=\"6 minutos\" \/>\n<script type=\"application\/ld+json\" class=\"yoast-schema-graph\">{\"@context\":\"https:\\\/\\\/schema.org\",\"@graph\":[{\"@type\":\"Article\",\"@id\":\"https:\\\/\\\/www.grupomedcof.com.br\\\/blog\\\/pneumotorax-traumatico-ou-espontaneo\\\/#article\",\"isPartOf\":{\"@id\":\"https:\\\/\\\/www.grupomedcof.com.br\\\/blog\\\/pneumotorax-traumatico-ou-espontaneo\\\/\"},\"author\":{\"name\":\"Grupo MedCof\",\"@id\":\"https:\\\/\\\/www.grupomedcof.com.br\\\/blog\\\/#\\\/schema\\\/person\\\/5e56a3921255c01181f3d8c20d53f9c0\"},\"headline\":\"Pneumot\u00f3rax: traum\u00e1tico ou espont\u00e2neo\",\"datePublished\":\"2023-06-12T12:30:52+00:00\",\"dateModified\":\"2024-12-03T20:24:20+00:00\",\"mainEntityOfPage\":{\"@id\":\"https:\\\/\\\/www.grupomedcof.com.br\\\/blog\\\/pneumotorax-traumatico-ou-espontaneo\\\/\"},\"wordCount\":507,\"commentCount\":0,\"publisher\":{\"@id\":\"https:\\\/\\\/www.grupomedcof.com.br\\\/blog\\\/#organization\"},\"image\":{\"@id\":\"https:\\\/\\\/www.grupomedcof.com.br\\\/blog\\\/pneumotorax-traumatico-ou-espontaneo\\\/#primaryimage\"},\"thumbnailUrl\":\"https:\\\/\\\/www.grupomedcof.com.br\\\/blog\\\/wp-content\\\/uploads\\\/2023\\\/06\\\/Blog-MedCof-48.png\",\"keywords\":[\"Pneumot\u00f3rax\",\"Radiologia\"],\"articleSection\":[\"Radiologia\"],\"inLanguage\":\"pt-BR\"},{\"@type\":\"WebPage\",\"@id\":\"https:\\\/\\\/www.grupomedcof.com.br\\\/blog\\\/pneumotorax-traumatico-ou-espontaneo\\\/\",\"url\":\"https:\\\/\\\/www.grupomedcof.com.br\\\/blog\\\/pneumotorax-traumatico-ou-espontaneo\\\/\",\"name\":\"Pneumot\u00f3rax: traum\u00e1tico ou espont\u00e2neo - Blog de Medcof: conte\u00fados, editais, revalida e mais!\",\"isPartOf\":{\"@id\":\"https:\\\/\\\/www.grupomedcof.com.br\\\/blog\\\/#website\"},\"primaryImageOfPage\":{\"@id\":\"https:\\\/\\\/www.grupomedcof.com.br\\\/blog\\\/pneumotorax-traumatico-ou-espontaneo\\\/#primaryimage\"},\"image\":{\"@id\":\"https:\\\/\\\/www.grupomedcof.com.br\\\/blog\\\/pneumotorax-traumatico-ou-espontaneo\\\/#primaryimage\"},\"thumbnailUrl\":\"https:\\\/\\\/www.grupomedcof.com.br\\\/blog\\\/wp-content\\\/uploads\\\/2023\\\/06\\\/Blog-MedCof-48.png\",\"datePublished\":\"2023-06-12T12:30:52+00:00\",\"dateModified\":\"2024-12-03T20:24:20+00:00\",\"description\":\"O pneumot\u00f3rax \u00e9 caracterizado pela presen\u00e7a de ar no espa\u00e7o pleural, que pode ocorrer de forma espont\u00e2nea ou traum\u00e1tica.\",\"breadcrumb\":{\"@id\":\"https:\\\/\\\/www.grupomedcof.com.br\\\/blog\\\/pneumotorax-traumatico-ou-espontaneo\\\/#breadcrumb\"},\"inLanguage\":\"pt-BR\",\"potentialAction\":[{\"@type\":\"ReadAction\",\"target\":[\"https:\\\/\\\/www.grupomedcof.com.br\\\/blog\\\/pneumotorax-traumatico-ou-espontaneo\\\/\"]}]},{\"@type\":\"ImageObject\",\"inLanguage\":\"pt-BR\",\"@id\":\"https:\\\/\\\/www.grupomedcof.com.br\\\/blog\\\/pneumotorax-traumatico-ou-espontaneo\\\/#primaryimage\",\"url\":\"https:\\\/\\\/www.grupomedcof.com.br\\\/blog\\\/wp-content\\\/uploads\\\/2023\\\/06\\\/Blog-MedCof-48.png\",\"contentUrl\":\"https:\\\/\\\/www.grupomedcof.com.br\\\/blog\\\/wp-content\\\/uploads\\\/2023\\\/06\\\/Blog-MedCof-48.png\",\"width\":2560,\"height\":1440,\"caption\":\"O pneumot\u00f3rax \u00e9 caracterizado pela presen\u00e7a de ar no espa\u00e7o pleural, que pode ocorrer de forma espont\u00e2nea ou traum\u00e1tica.\"},{\"@type\":\"BreadcrumbList\",\"@id\":\"https:\\\/\\\/www.grupomedcof.com.br\\\/blog\\\/pneumotorax-traumatico-ou-espontaneo\\\/#breadcrumb\",\"itemListElement\":[{\"@type\":\"ListItem\",\"position\":1,\"name\":\"In\u00edcio\",\"item\":\"https:\\\/\\\/www.grupomedcof.com.br\\\/blog\\\/\"},{\"@type\":\"ListItem\",\"position\":2,\"name\":\"Pneumot\u00f3rax: traum\u00e1tico ou espont\u00e2neo\"}]},{\"@type\":\"WebSite\",\"@id\":\"https:\\\/\\\/www.grupomedcof.com.br\\\/blog\\\/#website\",\"url\":\"https:\\\/\\\/www.grupomedcof.com.br\\\/blog\\\/\",\"name\":\"Blog de Medcof: conte\u00fados, editais, revalida e mais!\",\"description\":\"Acesso o blog de MedCof! Seu portal de conte\u00fados sobre resid\u00eancia m\u00e9dica, an\u00e1lise e editais e muito mais. Clique e confira!\",\"publisher\":{\"@id\":\"https:\\\/\\\/www.grupomedcof.com.br\\\/blog\\\/#organization\"},\"alternateName\":\"Blog de Medcof: conte\u00fados, editais, revalida e mais!\",\"potentialAction\":[{\"@type\":\"SearchAction\",\"target\":{\"@type\":\"EntryPoint\",\"urlTemplate\":\"https:\\\/\\\/www.grupomedcof.com.br\\\/blog\\\/?s={search_term_string}\"},\"query-input\":{\"@type\":\"PropertyValueSpecification\",\"valueRequired\":true,\"valueName\":\"search_term_string\"}}],\"inLanguage\":\"pt-BR\"},{\"@type\":\"Organization\",\"@id\":\"https:\\\/\\\/www.grupomedcof.com.br\\\/blog\\\/#organization\",\"name\":\"Grupo MedCof\",\"url\":\"https:\\\/\\\/www.grupomedcof.com.br\\\/blog\\\/\",\"logo\":{\"@type\":\"ImageObject\",\"inLanguage\":\"pt-BR\",\"@id\":\"https:\\\/\\\/www.grupomedcof.com.br\\\/blog\\\/#\\\/schema\\\/logo\\\/image\\\/\",\"url\":\"https:\\\/\\\/www.grupomedcof.com.br\\\/blog\\\/wp-content\\\/uploads\\\/2022\\\/01\\\/logo-medcof.png\",\"contentUrl\":\"https:\\\/\\\/www.grupomedcof.com.br\\\/blog\\\/wp-content\\\/uploads\\\/2022\\\/01\\\/logo-medcof.png\",\"width\":768,\"height\":269,\"caption\":\"Grupo MedCof\"},\"image\":{\"@id\":\"https:\\\/\\\/www.grupomedcof.com.br\\\/blog\\\/#\\\/schema\\\/logo\\\/image\\\/\"},\"sameAs\":[\"https:\\\/\\\/www.facebook.com\\\/MedCofQbank\\\/\",\"https:\\\/\\\/www.instagram.com\\\/grupomedcof\\\/\",\"https:\\\/\\\/br.linkedin.com\\\/company\\\/medcof\",\"https:\\\/\\\/www.youtube.com\\\/channel\\\/UCdHMuOHKICxcHwecxN8P-AA\"]},{\"@type\":\"Person\",\"@id\":\"https:\\\/\\\/www.grupomedcof.com.br\\\/blog\\\/#\\\/schema\\\/person\\\/5e56a3921255c01181f3d8c20d53f9c0\",\"name\":\"Grupo MedCof\",\"image\":{\"@type\":\"ImageObject\",\"inLanguage\":\"pt-BR\",\"@id\":\"https:\\\/\\\/www.grupomedcof.com.br\\\/blog\\\/wp-content\\\/uploads\\\/2023\\\/04\\\/cropped-cropped-cropped-cropped-logo-96x96.png28585d174f19c23095510da5f63bc127\",\"url\":\"https:\\\/\\\/www.grupomedcof.com.br\\\/blog\\\/wp-content\\\/uploads\\\/2023\\\/04\\\/cropped-cropped-cropped-cropped-logo-96x96.png\",\"contentUrl\":\"https:\\\/\\\/www.grupomedcof.com.br\\\/blog\\\/wp-content\\\/uploads\\\/2023\\\/04\\\/cropped-cropped-cropped-cropped-logo-96x96.png\",\"caption\":\"Grupo MedCof\"},\"description\":\"Tendo aulas baseadas em quest\u00f5es, + de 115 subespecialistas dispon\u00edveis e uma metodologia \u00fanica, voc\u00ea pode se juntar ao nosso time que conta com mais de 10 mil ...\",\"url\":\"https:\\\/\\\/www.grupomedcof.com.br\\\/blog\\\/author\\\/grupo-medcof\\\/\"}]}<\/script>\n<!-- \/ Yoast SEO Premium plugin. -->","yoast_head_json":{"title":"Pneumot\u00f3rax: traum\u00e1tico ou espont\u00e2neo - Blog de Medcof: conte\u00fados, editais, revalida e mais!","description":"O pneumot\u00f3rax \u00e9 caracterizado pela presen\u00e7a de ar no espa\u00e7o pleural, que pode ocorrer de forma espont\u00e2nea ou traum\u00e1tica.","robots":{"index":"index","follow":"follow","max-snippet":"max-snippet:-1","max-image-preview":"max-image-preview:large","max-video-preview":"max-video-preview:-1"},"canonical":"https:\/\/www.grupomedcof.com.br\/blog\/pneumotorax-traumatico-ou-espontaneo\/","og_locale":"pt_BR","og_type":"article","og_title":"Pneumot\u00f3rax: traum\u00e1tico ou espont\u00e2neo","og_description":"O pneumot\u00f3rax \u00e9 uma emerg\u00eancia cl\u00ednica que necessita de diagn\u00f3stico e manejo r\u00e1pido e preciso, portanto nesse post vamos abordar os principais achados cl\u00ednicos e radiogr\u00e1ficos do pneumot\u00f3rax.","og_url":"https:\/\/www.grupomedcof.com.br\/blog\/pneumotorax-traumatico-ou-espontaneo\/","og_site_name":"Blog de Medcof: conte\u00fados, editais, revalida e mais!","article_publisher":"https:\/\/www.facebook.com\/MedCofQbank\/","article_published_time":"2023-06-12T12:30:52+00:00","article_modified_time":"2024-12-03T20:24:20+00:00","og_image":[{"width":1024,"height":576,"url":"https:\/\/www.grupomedcof.com.br\/blog\/wp-content\/uploads\/2023\/06\/Blog-MedCof-48-1024x576.png","type":"image\/png"}],"author":"Grupo MedCof","twitter_card":"summary_large_image","twitter_description":"O pneumot\u00f3rax \u00e9 uma emerg\u00eancia cl\u00ednica que necessita de diagn\u00f3stico e manejo r\u00e1pido e preciso, portanto nesse post vamos abordar os principais achados cl\u00ednicos e radiogr\u00e1ficos do pneumot\u00f3rax.","twitter_misc":{"Escrito por":"Grupo MedCof","Est. tempo de leitura":"6 minutos"},"schema":{"@context":"https:\/\/schema.org","@graph":[{"@type":"Article","@id":"https:\/\/www.grupomedcof.com.br\/blog\/pneumotorax-traumatico-ou-espontaneo\/#article","isPartOf":{"@id":"https:\/\/www.grupomedcof.com.br\/blog\/pneumotorax-traumatico-ou-espontaneo\/"},"author":{"name":"Grupo MedCof","@id":"https:\/\/www.grupomedcof.com.br\/blog\/#\/schema\/person\/5e56a3921255c01181f3d8c20d53f9c0"},"headline":"Pneumot\u00f3rax: traum\u00e1tico ou espont\u00e2neo","datePublished":"2023-06-12T12:30:52+00:00","dateModified":"2024-12-03T20:24:20+00:00","mainEntityOfPage":{"@id":"https:\/\/www.grupomedcof.com.br\/blog\/pneumotorax-traumatico-ou-espontaneo\/"},"wordCount":507,"commentCount":0,"publisher":{"@id":"https:\/\/www.grupomedcof.com.br\/blog\/#organization"},"image":{"@id":"https:\/\/www.grupomedcof.com.br\/blog\/pneumotorax-traumatico-ou-espontaneo\/#primaryimage"},"thumbnailUrl":"https:\/\/www.grupomedcof.com.br\/blog\/wp-content\/uploads\/2023\/06\/Blog-MedCof-48.png","keywords":["Pneumot\u00f3rax","Radiologia"],"articleSection":["Radiologia"],"inLanguage":"pt-BR"},{"@type":"WebPage","@id":"https:\/\/www.grupomedcof.com.br\/blog\/pneumotorax-traumatico-ou-espontaneo\/","url":"https:\/\/www.grupomedcof.com.br\/blog\/pneumotorax-traumatico-ou-espontaneo\/","name":"Pneumot\u00f3rax: traum\u00e1tico ou espont\u00e2neo - Blog de Medcof: conte\u00fados, editais, revalida e mais!","isPartOf":{"@id":"https:\/\/www.grupomedcof.com.br\/blog\/#website"},"primaryImageOfPage":{"@id":"https:\/\/www.grupomedcof.com.br\/blog\/pneumotorax-traumatico-ou-espontaneo\/#primaryimage"},"image":{"@id":"https:\/\/www.grupomedcof.com.br\/blog\/pneumotorax-traumatico-ou-espontaneo\/#primaryimage"},"thumbnailUrl":"https:\/\/www.grupomedcof.com.br\/blog\/wp-content\/uploads\/2023\/06\/Blog-MedCof-48.png","datePublished":"2023-06-12T12:30:52+00:00","dateModified":"2024-12-03T20:24:20+00:00","description":"O pneumot\u00f3rax \u00e9 caracterizado pela presen\u00e7a de ar no espa\u00e7o pleural, que pode ocorrer de forma espont\u00e2nea ou traum\u00e1tica.","breadcrumb":{"@id":"https:\/\/www.grupomedcof.com.br\/blog\/pneumotorax-traumatico-ou-espontaneo\/#breadcrumb"},"inLanguage":"pt-BR","potentialAction":[{"@type":"ReadAction","target":["https:\/\/www.grupomedcof.com.br\/blog\/pneumotorax-traumatico-ou-espontaneo\/"]}]},{"@type":"ImageObject","inLanguage":"pt-BR","@id":"https:\/\/www.grupomedcof.com.br\/blog\/pneumotorax-traumatico-ou-espontaneo\/#primaryimage","url":"https:\/\/www.grupomedcof.com.br\/blog\/wp-content\/uploads\/2023\/06\/Blog-MedCof-48.png","contentUrl":"https:\/\/www.grupomedcof.com.br\/blog\/wp-content\/uploads\/2023\/06\/Blog-MedCof-48.png","width":2560,"height":1440,"caption":"O pneumot\u00f3rax \u00e9 caracterizado pela presen\u00e7a de ar no espa\u00e7o pleural, que pode ocorrer de forma espont\u00e2nea ou traum\u00e1tica."},{"@type":"BreadcrumbList","@id":"https:\/\/www.grupomedcof.com.br\/blog\/pneumotorax-traumatico-ou-espontaneo\/#breadcrumb","itemListElement":[{"@type":"ListItem","position":1,"name":"In\u00edcio","item":"https:\/\/www.grupomedcof.com.br\/blog\/"},{"@type":"ListItem","position":2,"name":"Pneumot\u00f3rax: traum\u00e1tico ou espont\u00e2neo"}]},{"@type":"WebSite","@id":"https:\/\/www.grupomedcof.com.br\/blog\/#website","url":"https:\/\/www.grupomedcof.com.br\/blog\/","name":"Blog de Medcof: conte\u00fados, editais, revalida e mais!","description":"Acesso o blog de MedCof! Seu portal de conte\u00fados sobre resid\u00eancia m\u00e9dica, an\u00e1lise e editais e muito mais. Clique e confira!","publisher":{"@id":"https:\/\/www.grupomedcof.com.br\/blog\/#organization"},"alternateName":"Blog de Medcof: conte\u00fados, editais, revalida e mais!","potentialAction":[{"@type":"SearchAction","target":{"@type":"EntryPoint","urlTemplate":"https:\/\/www.grupomedcof.com.br\/blog\/?s={search_term_string}"},"query-input":{"@type":"PropertyValueSpecification","valueRequired":true,"valueName":"search_term_string"}}],"inLanguage":"pt-BR"},{"@type":"Organization","@id":"https:\/\/www.grupomedcof.com.br\/blog\/#organization","name":"Grupo MedCof","url":"https:\/\/www.grupomedcof.com.br\/blog\/","logo":{"@type":"ImageObject","inLanguage":"pt-BR","@id":"https:\/\/www.grupomedcof.com.br\/blog\/#\/schema\/logo\/image\/","url":"https:\/\/www.grupomedcof.com.br\/blog\/wp-content\/uploads\/2022\/01\/logo-medcof.png","contentUrl":"https:\/\/www.grupomedcof.com.br\/blog\/wp-content\/uploads\/2022\/01\/logo-medcof.png","width":768,"height":269,"caption":"Grupo MedCof"},"image":{"@id":"https:\/\/www.grupomedcof.com.br\/blog\/#\/schema\/logo\/image\/"},"sameAs":["https:\/\/www.facebook.com\/MedCofQbank\/","https:\/\/www.instagram.com\/grupomedcof\/","https:\/\/br.linkedin.com\/company\/medcof","https:\/\/www.youtube.com\/channel\/UCdHMuOHKICxcHwecxN8P-AA"]},{"@type":"Person","@id":"https:\/\/www.grupomedcof.com.br\/blog\/#\/schema\/person\/5e56a3921255c01181f3d8c20d53f9c0","name":"Grupo MedCof","image":{"@type":"ImageObject","inLanguage":"pt-BR","@id":"https:\/\/www.grupomedcof.com.br\/blog\/wp-content\/uploads\/2023\/04\/cropped-cropped-cropped-cropped-logo-96x96.png28585d174f19c23095510da5f63bc127","url":"https:\/\/www.grupomedcof.com.br\/blog\/wp-content\/uploads\/2023\/04\/cropped-cropped-cropped-cropped-logo-96x96.png","contentUrl":"https:\/\/www.grupomedcof.com.br\/blog\/wp-content\/uploads\/2023\/04\/cropped-cropped-cropped-cropped-logo-96x96.png","caption":"Grupo MedCof"},"description":"Tendo aulas baseadas em quest\u00f5es, + de 115 subespecialistas dispon\u00edveis e uma metodologia \u00fanica, voc\u00ea pode se juntar ao nosso time que conta com mais de 10 mil ...","url":"https:\/\/www.grupomedcof.com.br\/blog\/author\/grupo-medcof\/"}]}},"authors":[{"term_id":3613,"user_id":10,"is_guest":0,"slug":"grupo-medcof","display_name":"Grupo MedCof","avatar_url":"https:\/\/www.grupomedcof.com.br\/blog\/wp-content\/uploads\/2023\/04\/cropped-cropped-cropped-cropped-logo-96x96.png","0":null,"1":"","2":"","3":"","4":"","5":"","6":"","7":"","8":""}],"_links":{"self":[{"href":"https:\/\/www.grupomedcof.com.br\/blog\/wp-json\/wp\/v2\/posts\/7885","targetHints":{"allow":["GET"]}}],"collection":[{"href":"https:\/\/www.grupomedcof.com.br\/blog\/wp-json\/wp\/v2\/posts"}],"about":[{"href":"https:\/\/www.grupomedcof.com.br\/blog\/wp-json\/wp\/v2\/types\/post"}],"author":[{"embeddable":true,"href":"https:\/\/www.grupomedcof.com.br\/blog\/wp-json\/wp\/v2\/users\/10"}],"replies":[{"embeddable":true,"href":"https:\/\/www.grupomedcof.com.br\/blog\/wp-json\/wp\/v2\/comments?post=7885"}],"version-history":[{"count":0,"href":"https:\/\/www.grupomedcof.com.br\/blog\/wp-json\/wp\/v2\/posts\/7885\/revisions"}],"wp:featuredmedia":[{"embeddable":true,"href":"https:\/\/www.grupomedcof.com.br\/blog\/wp-json\/wp\/v2\/media\/7887"}],"wp:attachment":[{"href":"https:\/\/www.grupomedcof.com.br\/blog\/wp-json\/wp\/v2\/media?parent=7885"}],"wp:term":[{"taxonomy":"category","embeddable":true,"href":"https:\/\/www.grupomedcof.com.br\/blog\/wp-json\/wp\/v2\/categories?post=7885"},{"taxonomy":"post_tag","embeddable":true,"href":"https:\/\/www.grupomedcof.com.br\/blog\/wp-json\/wp\/v2\/tags?post=7885"},{"taxonomy":"author","embeddable":true,"href":"https:\/\/www.grupomedcof.com.br\/blog\/wp-json\/wp\/v2\/ppma_author?post=7885"}],"curies":[{"name":"wp","href":"https:\/\/api.w.org\/{rel}","templated":true}]}}