{"id":7953,"date":"2023-06-13T08:53:17","date_gmt":"2023-06-13T11:53:17","guid":{"rendered":"https:\/\/www.grupomedcof.com.br\/blog\/?p=7953"},"modified":"2024-12-03T17:24:12","modified_gmt":"2024-12-03T20:24:12","slug":"puericultura-como-avaliar-o-crescimento-da-crianca","status":"publish","type":"post","link":"https:\/\/www.grupomedcof.com.br\/blog\/puericultura-como-avaliar-o-crescimento-da-crianca\/","title":{"rendered":"Puericultura: Como avaliar o crescimento da crian\u00e7a?"},"content":{"rendered":"<div id=\"ez-toc-container\" class=\"ez-toc-v2_0_74 counter-hierarchy ez-toc-counter ez-toc-transparent ez-toc-container-direction\">\n<div class=\"ez-toc-title-container\">\n<p class=\"ez-toc-title\" style=\"cursor:inherit\">Sum\u00e1rio<\/p>\n<span class=\"ez-toc-title-toggle\"><a href=\"#\" class=\"ez-toc-pull-right ez-toc-btn ez-toc-btn-xs ez-toc-btn-default ez-toc-toggle\" aria-label=\"Alternar tabela de conte\u00fado\"><span class=\"ez-toc-js-icon-con\"><span class=\"\"><span class=\"eztoc-hide\" style=\"display:none;\">Toggle<\/span><span class=\"ez-toc-icon-toggle-span\"><svg style=\"fill: #999;color:#999\" xmlns=\"http:\/\/www.w3.org\/2000\/svg\" class=\"list-377408\" width=\"20px\" height=\"20px\" viewBox=\"0 0 24 24\" fill=\"none\"><path d=\"M6 6H4v2h2V6zm14 0H8v2h12V6zM4 11h2v2H4v-2zm16 0H8v2h12v-2zM4 16h2v2H4v-2zm16 0H8v2h12v-2z\" fill=\"currentColor\"><\/path><\/svg><svg style=\"fill: #999;color:#999\" class=\"arrow-unsorted-368013\" xmlns=\"http:\/\/www.w3.org\/2000\/svg\" width=\"10px\" height=\"10px\" viewBox=\"0 0 24 24\" version=\"1.2\" baseProfile=\"tiny\"><path d=\"M18.2 9.3l-6.2-6.3-6.2 6.3c-.2.2-.3.4-.3.7s.1.5.3.7c.2.2.4.3.7.3h11c.3 0 .5-.1.7-.3.2-.2.3-.5.3-.7s-.1-.5-.3-.7zM5.8 14.7l6.2 6.3 6.2-6.3c.2-.2.3-.5.3-.7s-.1-.5-.3-.7c-.2-.2-.4-.3-.7-.3h-11c-.3 0-.5.1-.7.3-.2.2-.3.5-.3.7s.1.5.3.7z\"\/><\/svg><\/span><\/span><\/span><\/a><\/span><\/div>\n<nav><ul class='ez-toc-list ez-toc-list-level-1 ' ><li class='ez-toc-page-1 ez-toc-heading-level-2'><a class=\"ez-toc-link ez-toc-heading-1\" href=\"https:\/\/www.grupomedcof.com.br\/blog\/puericultura-como-avaliar-o-crescimento-da-crianca\/#Leia_abaixo\" >Leia abaixo<\/a><\/li><li class='ez-toc-page-1 ez-toc-heading-level-2'><a class=\"ez-toc-link ez-toc-heading-2\" href=\"https:\/\/www.grupomedcof.com.br\/blog\/puericultura-como-avaliar-o-crescimento-da-crianca\/#Crescimento_da_crianca_Introducao\" >Crescimento da crian\u00e7a: Introdu\u00e7\u00e3o<\/a><\/li><li class='ez-toc-page-1 ez-toc-heading-level-2'><a class=\"ez-toc-link ez-toc-heading-3\" href=\"https:\/\/www.grupomedcof.com.br\/blog\/puericultura-como-avaliar-o-crescimento-da-crianca\/#Avaliacao_da_Estatura\" >Avalia\u00e7\u00e3o da Estatura<\/a><ul class='ez-toc-list-level-3' ><li class='ez-toc-heading-level-3'><a class=\"ez-toc-link ez-toc-heading-4\" href=\"https:\/\/www.grupomedcof.com.br\/blog\/puericultura-como-avaliar-o-crescimento-da-crianca\/#Velocidade_de_Crescimento_infantil\" >Velocidade de Crescimento infantil<\/a><\/li><li class='ez-toc-page-1 ez-toc-heading-level-3'><a class=\"ez-toc-link ez-toc-heading-5\" href=\"https:\/\/www.grupomedcof.com.br\/blog\/puericultura-como-avaliar-o-crescimento-da-crianca\/#Perimetro_cefalico\" >Per\u00edmetro cef\u00e1lico<\/a><\/li><\/ul><\/li><li class='ez-toc-page-1 ez-toc-heading-level-2'><a class=\"ez-toc-link ez-toc-heading-6\" href=\"https:\/\/www.grupomedcof.com.br\/blog\/puericultura-como-avaliar-o-crescimento-da-crianca\/#Puericultura_Como_avaliar_o_crescimento_da_crianca\" >Puericultura: Como avaliar o crescimento da crian\u00e7a?<\/a><\/li><li class='ez-toc-page-1 ez-toc-heading-level-2'><a class=\"ez-toc-link ez-toc-heading-7\" href=\"https:\/\/www.grupomedcof.com.br\/blog\/puericultura-como-avaliar-o-crescimento-da-crianca\/#Graficos_de_crescimento\" >Gr\u00e1ficos de crescimento<\/a><ul class='ez-toc-list-level-3' ><li class='ez-toc-heading-level-3'><a class=\"ez-toc-link ez-toc-heading-8\" href=\"https:\/\/www.grupomedcof.com.br\/blog\/puericultura-como-avaliar-o-crescimento-da-crianca\/#O_que_e_percentil\" >O que \u00e9 percentil?<\/a><\/li><li class='ez-toc-page-1 ez-toc-heading-level-3'><a class=\"ez-toc-link ez-toc-heading-9\" href=\"https:\/\/www.grupomedcof.com.br\/blog\/puericultura-como-avaliar-o-crescimento-da-crianca\/#O_que_e_escore_Z\" >O que \u00e9 escore Z?<\/a><\/li><\/ul><\/li><li class='ez-toc-page-1 ez-toc-heading-level-2'><a class=\"ez-toc-link ez-toc-heading-10\" href=\"https:\/\/www.grupomedcof.com.br\/blog\/puericultura-como-avaliar-o-crescimento-da-crianca\/#Como_avaliar_o_crescimento_da_crianca_Graficos\" >Como avaliar o crescimento da crian\u00e7a: Gr\u00e1ficos<\/a><\/li><li class='ez-toc-page-1 ez-toc-heading-level-2'><a class=\"ez-toc-link ez-toc-heading-11\" href=\"https:\/\/www.grupomedcof.com.br\/blog\/puericultura-como-avaliar-o-crescimento-da-crianca\/#_Interpretando_o_grafico\" >\u00a0Interpretando o gr\u00e1fico<\/a><ul class='ez-toc-list-level-3' ><li class='ez-toc-heading-level-3'><a class=\"ez-toc-link ez-toc-heading-12\" href=\"https:\/\/www.grupomedcof.com.br\/blog\/puericultura-como-avaliar-o-crescimento-da-crianca\/#%F0%9F%93%9D_Como_cai_na_prova\" >&#x1f4dd;\u00a0Como cai na prova?<\/a><\/li><\/ul><\/li><li class='ez-toc-page-1 ez-toc-heading-level-2'><a class=\"ez-toc-link ez-toc-heading-13\" href=\"https:\/\/www.grupomedcof.com.br\/blog\/puericultura-como-avaliar-o-crescimento-da-crianca\/#Conquiste_a_aprovacao\" >Conquiste a aprova\u00e7\u00e3o!<\/a><\/li><\/ul><\/nav><\/div>\n<p><img loading=\"lazy\" decoding=\"async\" width=\"800\" height=\"450\" src=\"https:\/\/www.grupomedcof.com.br\/blog\/wp-content\/uploads\/2023\/06\/Blog-MedCof-51-1024x576.png\" alt=\"puericultura, crescimento crian\u00e7a, Velocidade de Crescimento infantil, curva de crescimento infantil,\" srcset=\"https:\/\/www.grupomedcof.com.br\/blog\/wp-content\/uploads\/2023\/06\/Blog-MedCof-51-1024x576.png 1024w, https:\/\/www.grupomedcof.com.br\/blog\/wp-content\/uploads\/2023\/06\/Blog-MedCof-51-300x169.png 300w, https:\/\/www.grupomedcof.com.br\/blog\/wp-content\/uploads\/2023\/06\/Blog-MedCof-51-768x432.png 768w, https:\/\/www.grupomedcof.com.br\/blog\/wp-content\/uploads\/2023\/06\/Blog-MedCof-51-1536x864.png 1536w, https:\/\/www.grupomedcof.com.br\/blog\/wp-content\/uploads\/2023\/06\/Blog-MedCof-51-2048x1152.png 2048w\" sizes=\"auto, (max-width: 800px) 100vw, 800px\" \/>\t\t\t\t\t\t\t\t\t\t\t\t\t\t\t<\/p>\n<p>Puericultura: Como avaliar o crescimento da crian\u00e7a? Este \u00e9 um&nbsp;tema que cai de forma recorrente nas provas de resid\u00eancia,&nbsp;portanto, voc\u00ea n\u00e3o pode deix\u00e1-lo de lado!&nbsp;Sendo assim, neste post vamos tratar sobre como avaliar o crescimento da crian\u00e7a, bem como avaliar o perfil dela nas curvas de crescimento da OMS.<\/p>\n<h2><span class=\"ez-toc-section\" id=\"Leia_abaixo\"><\/span>\n\t\t\t\tLeia abaixo\t\t\t<span class=\"ez-toc-section-end\"><\/span><\/h2>\n<h2 style=\"font-family: Poppins, sans-serif; color: #7a7a7a;\"><span class=\"ez-toc-section\" id=\"Crescimento_da_crianca_Introducao\"><\/span><strong>Crescimento da crian\u00e7a: Introdu\u00e7\u00e3o<\/strong><span class=\"ez-toc-section-end\"><\/span><\/h2>\n<p>O crescimento da crian\u00e7a \u00e9 um importante indicador de sa\u00fade, \u00e9 extremamente sens\u00edvel para identifica\u00e7\u00e3o de dist\u00farbios (sejam nutricionais, metab\u00f3licos e at\u00e9 gen\u00e9ticos) na pediatria.<\/p>\n<p>\u00a0<\/p>\n<p>Dessa forma, ele \u00e9 avaliado pelas\u00a0medidas antropom\u00e9tricas (peso, estatura e per\u00edmetro cef\u00e1lico),\u00a0e \u00e9 importante lembrarmos que o crescimento ocorre de forma\u00a0desacelerada\u00a0ao passar dos anos.<\/p>\n<h2 style=\"font-family: Poppins, sans-serif; color: #7a7a7a;\"><span class=\"ez-toc-section\" id=\"Avaliacao_da_Estatura\"><\/span><strong>Avalia\u00e7\u00e3o da Estatura<\/strong><span class=\"ez-toc-section-end\"><\/span><\/h2>\n<p>A estatura \u00e9 um par\u00e2metro de\u00a0altera\u00e7\u00e3o cr\u00f4nica\u00a0do crescimento da crian\u00e7a, e assim como as demais medidas antroprom\u00e9tricas, \u00e9 necess\u00e1rio avali\u00e1-la de forma comparativa ao longo do tempo.<\/p>\n<p>\u00a0<\/p>\n<p>Desse modo, a estatura\u00a0ao nascer\u00a0\u00e9 aferida muitas vezes ainda na sala de parto com o uso do\u00a0antrop\u00f4metro. De acordo com a m\u00e9dia, os beb\u00eas do sexo masculino medem em torno de 50 cm e do sexo feminino em torno de 49 cm (com varia\u00e7\u00e3o de +\/- 2 cm).<\/p>\n<p>\u00a0<\/p>\n<p>Sendo assim, ap\u00f3s o nascimento \u00e9 esperado um\u00a0aumento da estatura m\u00e9dio\u00a0de\u00a03 cm\/m\u00eas,\u00a0no\u00a01\u00b0 Trimestre,\u00a0e de\u00a02cm\/m\u00eas\u00a0no\u00a02\u00b0 Trimestre.<\/p>\n<p>&#x1f6a8;&nbsp;Preste aten\u00e7\u00e3o!&nbsp;At\u00e9 os&nbsp;2 anos&nbsp;de idade a estatura \u00e9 aferida a partir do&nbsp;comprimento, com a crian\u00e7a deitada como uso do antrop\u00f4metro.&nbsp;Ap\u00f3s os 2 anos, a estatura \u00e9 aferida a partir da&nbsp;altura, com a crian\u00e7a em p\u00e9 com antrop\u00f4metro fixado da parede.<\/p>\n<h3 style=\"font-family: Poppins, sans-serif; color: #7a7a7a;\"><span class=\"ez-toc-section\" id=\"Velocidade_de_Crescimento_infantil\"><\/span><strong>Velocidade de Crescimento infantil<\/strong><span class=\"ez-toc-section-end\"><\/span><\/h3>\n<p>A\u00a0velocidade de crescimento\u00a0\u00e9 um dos par\u00e2metros utilizados na avalia\u00e7\u00e3o cl\u00ednica e precisamos lembrar de 3 momentos importantes na vida da crian\u00e7a:<\/p>\n<ul style=\"font-size: 16px; background-color: #ffffff;\">\n<li style=\"font-size: 16px;\">Primeiro ano de vida: 20-25 cm;<\/li>\n<li style=\"font-size: 16px;\">Segundo ano de vida: 10-12 cm;<\/li>\n<li style=\"font-size: 16px;\">A partir do terceiro ano de vida: 5-6 cm\/ano;<\/li>\n<li style=\"font-size: 16px;\">Fase Puberal: momento de excess\u00e3o, h\u00e1 uma\u00a0acelera\u00e7\u00e3o do crescimento,\u00a0com novo pico de crescimento;\n<ul style=\"font-size: 16px;\">\n<li style=\"font-size: 16px;\">Meninos: 10 cm\/ano;<\/li>\n<li style=\"font-size: 16px;\">Meninas: 8 cm\/ano;<\/li>\n<\/ul>\n<\/li>\n<\/ul>\n<h3 style=\"font-family: Poppins, sans-serif; color: #7a7a7a;\"><span class=\"ez-toc-section\" id=\"Perimetro_cefalico\"><\/span><strong>Per\u00edmetro cef\u00e1lico<\/strong><span class=\"ez-toc-section-end\"><\/span><\/h3>\n<p>A aferi\u00e7\u00e3o do\u00a0per\u00edmetro cef\u00e1lico\u00a0\u00e9 extremamente importante e deve ser realizado nas consultas de puericultura\u00a0at\u00e9 os 2 anos de idade.\u00a0Al\u00e9m disso, ele \u00e9 uma medida sens\u00edvel para avaliar o desenvolvimento do Sistema Nervoso Central da crian\u00e7a.<\/p>\n<p>O\u00a0per\u00edmetro cef\u00e1lico ao nascer\u00a0\u00e9 em m\u00e9dia\u00a035cm,\u00a0no\u00a01\u00b0 Trimestre\u00a0o aumento \u00e9 de\u00a02 cm\/m\u00eas,\u00a0no\u00a02\u00b0 Trimestre\u00a0\u00e9 de\u00a01cm\/m\u00eas, e no\u00a03\u00b0 Trimestre\u00a0****\u00e9 de\u00a00,5 cm\/m\u00eas.<\/p>\n<h2 style=\"font-family: Poppins, sans-serif; color: #7a7a7a;\"><span class=\"ez-toc-section\" id=\"Puericultura_Como_avaliar_o_crescimento_da_crianca\"><\/span><strong>Puericultura: Como avaliar o crescimento da crian\u00e7a?<\/strong><span class=\"ez-toc-section-end\"><\/span><\/h2>\n<p>\t\t\t\t\t\t\t\t\t\t\t\t\t\t\t\t<a href=\"https:\/\/www.grupomedcof.com.br\/inscricao-hiit-2023\/\" target=\"_blank\" rel=\"noopener\"><br \/>\n\t\t\t\t\t\t\t<img loading=\"lazy\" decoding=\"async\" width=\"800\" height=\"141\" src=\"https:\/\/www.grupomedcof.com.br\/blog\/wp-content\/uploads\/2023\/05\/Captura-de-tela-2023-05-30-121547-1024x181.png\" alt=\"Semana HIIT MedCof, aulas grupo medcof, medcof, aulas medcof, medcof qbank, gupo medcof\" srcset=\"https:\/\/www.grupomedcof.com.br\/blog\/wp-content\/uploads\/2023\/05\/Captura-de-tela-2023-05-30-121547-1024x181.png 1024w, https:\/\/www.grupomedcof.com.br\/blog\/wp-content\/uploads\/2023\/05\/Captura-de-tela-2023-05-30-121547-300x53.png 300w, https:\/\/www.grupomedcof.com.br\/blog\/wp-content\/uploads\/2023\/05\/Captura-de-tela-2023-05-30-121547-768x136.png 768w, https:\/\/www.grupomedcof.com.br\/blog\/wp-content\/uploads\/2023\/05\/Captura-de-tela-2023-05-30-121547-1536x271.png 1536w, https:\/\/www.grupomedcof.com.br\/blog\/wp-content\/uploads\/2023\/05\/Captura-de-tela-2023-05-30-121547.png 1687w\" sizes=\"auto, (max-width: 800px) 100vw, 800px\" \/>\t\t\t\t\t\t\t\t<\/a><\/p>\n<h2><span class=\"ez-toc-section\" id=\"Graficos_de_crescimento\"><\/span><strong>Gr\u00e1ficos de crescimento<\/strong><span class=\"ez-toc-section-end\"><\/span><\/h2>\n<p>Ademais, al\u00e9m de simplesmente verificar a estatura, voc\u00ea precisa interpret\u00e1-lo a partir dos <strong>percentis e score Z<\/strong>.<\/p>\n<h3><span class=\"ez-toc-section\" id=\"O_que_e_percentil\"><\/span><strong>O que \u00e9 percentil?<\/strong><span class=\"ez-toc-section-end\"><\/span><\/h3>\n<p>S\u00e3o os valores esperados de algum par\u00e2metro para uma determinada popula\u00e7\u00e3o.<\/p>\n<p>Por exemplo, uma crian\u00e7a no percentil 97 na curva de estatura indica que 97% dos pacientes com essa idade e g\u00eanero est\u00e3o com estatura abaixo dessa crian\u00e7a e 3% dos pacientes do mesmo g\u00eanero e idade t\u00eam estatura acima dessa crian\u00e7a<\/p>\n<h3><span class=\"ez-toc-section\" id=\"O_que_e_escore_Z\"><\/span><strong>O que \u00e9 escore Z?<\/strong><span class=\"ez-toc-section-end\"><\/span><\/h3>\n<p>\u00c9 o desvio padr\u00e3o em que uma pontua\u00e7\u00e3o est\u00e1 acima ou abaixo da mediana de uma popula\u00e7\u00e3o. Observe as equival\u00eancias:<\/p>\n<table id=\"a35809aa-5e03-471e-a596-57b6d7f66088\">\n<tbody>\n<tr id=\"504c8986-a83f-4863-8656-b9d72e5f469b\">\n<td id=\"Y}j@\"><strong>Percentil<\/strong><\/td>\n<td id=\"bLY[\"><strong>Escore Z<\/strong><\/td>\n<\/tr>\n<tr id=\"7c9077a4-91fe-406c-8b28-23866eb41f01\">\n<td id=\"Y}j@\">p99,9<\/td>\n<td id=\"bLY[\">+3<\/td>\n<\/tr>\n<tr id=\"a895f30f-7a52-489b-94c4-c40566808b31\">\n<td id=\"Y}j@\">p97<\/td>\n<td id=\"bLY[\">+2<\/td>\n<\/tr>\n<tr id=\"1e59705f-51ba-454a-a513-5a78f0e7f2cd\">\n<td id=\"Y}j@\">p85<\/td>\n<td id=\"bLY[\">+1<\/td>\n<\/tr>\n<tr id=\"fda41da1-40ef-4876-ac37-3ac027670573\">\n<td id=\"Y}j@\">p50<\/td>\n<td id=\"bLY[\">0<\/td>\n<\/tr>\n<tr id=\"1627f292-a896-4d31-a295-a63bdef06f5e\">\n<td id=\"Y}j@\">p15<\/td>\n<td id=\"bLY[\">-1<\/td>\n<\/tr>\n<tr id=\"574f1704-47bb-4483-bf37-4e3800e874a1\">\n<td id=\"Y}j@\">p3<\/td>\n<td id=\"bLY[\">-2<\/td>\n<\/tr>\n<tr id=\"a11eb395-b5f6-4e76-b3e5-6791ec9d8bf1\">\n<td id=\"Y}j@\">p0,01<\/td>\n<td id=\"bLY[\">-3<\/td>\n<\/tr>\n<\/tbody>\n<\/table>\n<h2><span class=\"ez-toc-section\" id=\"Como_avaliar_o_crescimento_da_crianca_Graficos\"><\/span><strong>Como avaliar o crescimento da crian\u00e7a: Gr\u00e1ficos<\/strong><span class=\"ez-toc-section-end\"><\/span><\/h2>\n<figure>\n\t\t\t\t\t\t\t\t\t\t<img loading=\"lazy\" decoding=\"async\" width=\"640\" height=\"450\" src=\"https:\/\/www.grupomedcof.com.br\/blog\/wp-content\/uploads\/2023\/06\/Untitled-42.png\" alt=\"puericultura, crescimento crian\u00e7a, Velocidade de Crescimento infantil, curva de crescimento infantil,\" srcset=\"https:\/\/www.grupomedcof.com.br\/blog\/wp-content\/uploads\/2023\/06\/Untitled-42.png 640w, https:\/\/www.grupomedcof.com.br\/blog\/wp-content\/uploads\/2023\/06\/Untitled-42-300x211.png 300w\" sizes=\"auto, (max-width: 640px) 100vw, 640px\" \/><figcaption>Fonte: Organiza\u00e7\u00e3o Mundial da Sa\u00fade.<\/figcaption><\/figure>\n<figure>\n\t\t\t\t\t\t\t\t\t\t<img loading=\"lazy\" decoding=\"async\" width=\"640\" height=\"450\" src=\"https:\/\/www.grupomedcof.com.br\/blog\/wp-content\/uploads\/2023\/06\/Untitled-42.png\" alt=\"puericultura, crescimento crian\u00e7a, Velocidade de Crescimento infantil, curva de crescimento infantil,\" srcset=\"https:\/\/www.grupomedcof.com.br\/blog\/wp-content\/uploads\/2023\/06\/Untitled-42.png 640w, https:\/\/www.grupomedcof.com.br\/blog\/wp-content\/uploads\/2023\/06\/Untitled-42-300x211.png 300w\" sizes=\"auto, (max-width: 640px) 100vw, 640px\" \/><figcaption>Fonte: Organiza\u00e7\u00e3o Mundial da Sa\u00fade.<\/figcaption><\/figure>\n<p>Aqui est\u00e1 alguns exemplos de gr\u00e1ficos de crescimento relacionando\u00a0estatura\u00a0para a idade usando percentil e Z-Score, preste aten\u00e7\u00e3o que os gr\u00e1ficos mudam em rela\u00e7\u00e3o a\u00a0idade e o sexo.<\/p>\n<p>\u00a0<\/p>\n<p>\u2192 Voc\u00ea pode encontrar todos os gr\u00e1ficos de crescimento da OMS<strong> <a href=\"https:\/\/www.sbp.com.br\/departamentos\/endocrinologia\/graficos-de-crescimento\/\" target=\"_blank\" rel=\"nofollow noopener\">neste site da SBP<\/a>.<\/strong><\/p>\n<h2><span class=\"ez-toc-section\" id=\"_Interpretando_o_grafico\"><\/span>\u00a0<strong style=\"color: inherit; font-family: inherit; font-size: 2rem;\">Interpretando o gr\u00e1fico<\/strong><span class=\"ez-toc-section-end\"><\/span><\/h2>\n<table id=\"8d38c386-5f81-4940-9de5-0d354e8aad77\">\n<tbody>\n<tr id=\"e7d4e3e0-e29e-43b9-bdbe-c8e6f9864005\">\n<td id=\"JFe;\"><strong>Z-Score<\/strong><\/td>\n<td id=\"[KWB\"><strong>Percentil<\/strong><\/td>\n<td id=\"HR[h\"><strong>Estatura\/Idade<\/strong><\/td>\n<\/tr>\n<tr id=\"1cc59a40-3956-4f50-a0a7-02ededfc31bf\">\n<td id=\"JFe;\">&lt; -3<\/td>\n<td id=\"[KWB\">&lt; p0,1<\/td>\n<td id=\"HR[h\">Muito baixa estatura<\/td>\n<\/tr>\n<tr id=\"3c1ec6f8-d28d-42ae-9672-43167b2ffccc\">\n<td id=\"JFe;\">\u2265 -3 e&lt; -2<\/td>\n<td id=\"[KWB\">\u2265 p0,1 e &lt; p3<\/td>\n<td id=\"HR[h\">Baixa estatura<\/td>\n<\/tr>\n<tr id=\"5189c42d-758d-4506-8c7f-4871195c3808\">\n<td id=\"JFe;\">\u2265 -2 e \u2264 +2<\/td>\n<td id=\"[KWB\">\u2265 p3 e \u2264 p97<\/td>\n<td id=\"HR[h\">Estatura adequada para a idade<\/td>\n<\/tr>\n<\/tbody>\n<\/table>\n<h3 style=\"font-family: Poppins, sans-serif; color: #7a7a7a;\"><span class=\"ez-toc-section\" id=\"%F0%9F%93%9D_Como_cai_na_prova\"><\/span>&#x1f4dd;\u00a0Como cai na prova?<span class=\"ez-toc-section-end\"><\/span><\/h3>\n<p><em>(SURCE 2018 ACESSO DIRETO) \u2013 Aos 3 meses de vida, uma crian\u00e7a em aleitamento materno exclusivo comparece ao posto de sa\u00fade para consulta de rotina. Tem hist\u00f3ria confirmada por exame laboratorial que a m\u00e3e teve infec\u00e7\u00e3o por Zyka no \u00faltimo m\u00eas de gesta\u00e7\u00e3o e ela est\u00e1 apreensiva com o crescimento da cabe\u00e7a da crian\u00e7a. Ao nascer, a menina pesou 2780 g e per\u00edmetro cef\u00e1lico de 33 cm. Os dados atuais s\u00e3o de 4800g e per\u00edmetro cef\u00e1lico de 40 cm. Qual a melhor conduta quanto ao crescimento da menina?<\/em><\/p>\n<p><em>A) Referenciar imediatamente por atraso no crescimento do per\u00edmetro cef\u00e1lico.<\/em><\/p>\n<p><em> B) Reavaliar em 15 dias, pois ambos peso e per\u00edmetro cef\u00e1licos est\u00e3o baixos. <\/em><\/p>\n<p><em>C) Reagendar em 1 semana por apresentar baixo ganho ponderal. <\/em><\/p>\n<p><em>D) Considerar crescimento som\u00e1tico normal e tranquilizar a m\u00e3e.<\/em><\/p>\n<p><strong>Resposta:<\/strong> Letra D.<\/p>\n<p>E a\u00ed, j\u00e1 sabe como avaliar o crescimento da crian\u00e7a na puericultura? Ent\u00e3o, fique atento ao nosso blog para ver mais conte\u00fados m\u00e9dicos que poder\u00e3o te ajudar na prova!<\/p>\n<h2><span class=\"ez-toc-section\" id=\"Conquiste_a_aprovacao\"><\/span>Conquiste a aprova\u00e7\u00e3o!<br \/><span class=\"ez-toc-section-end\"><\/span><\/h2>\n<section data-id=\"5f13890\" data-element_type=\"section\">\n<section data-id=\"5f13890\" data-element_type=\"section\">\n<a href=\"https:\/\/www.grupomedcof.com.br\/blog\/presenca-da-medcof-nas-aprovacoes-em-residencia-medica-no-brasil\/\" target=\"_blank\" rel=\"noopener\">Seja&nbsp;mais um aprovado<\/a>&nbsp;nas melhores resid\u00eancias m\u00e9dicas do pa\u00eds com o<a href=\"https:\/\/www.grupomedcof.com.br\/\" target=\"_blank\" rel=\"noopener\">&nbsp;Grupo&nbsp;MedCof<\/a>!&nbsp;Temos um cat\u00e1logo repleto de cursos que te guiar\u00e3o na jornada para as provas de Resid\u00eancia M\u00e9dica que ocorrer\u00e3o em 2023!<br \/>\n&nbsp;<br \/>\nMas, se voc\u00ea \u00e9 novo por aqui, que tal se inscrever na<a href=\"https:\/\/www.grupomedcof.com.br\/inscricao-hiit-2023\/\" target=\"_blank\" rel=\"noopener\">&nbsp;Semana HIIT<\/a>? Ser\u00e1 um evento&nbsp;100% gratuito e online&nbsp;que te permitir\u00e1 conhecer um pouco do nosso m\u00e9todo de ensino!<br \/>\n<br \/>\n<\/section>\n<\/section>\n<p>\t\t\t\t\t\t\t\t\t\t\t\t\t\t\t\t<a href=\"https:\/\/www.grupomedcof.com.br\/inscricao-hiit-2023\/\" target=\"_blank\" rel=\"noopener\"><br \/>\n\t\t\t\t\t\t\t<img loading=\"lazy\" decoding=\"async\" width=\"800\" height=\"442\" src=\"https:\/\/www.grupomedcof.com.br\/blog\/wp-content\/uploads\/2023\/05\/Inscricao-Semana-HIIT-1024x566.png\" alt=\"Semana HIIT MedCof, aulas grupo medcof, medcof, aulas medcof, medcof qbank, gupo medcof\" srcset=\"https:\/\/www.grupomedcof.com.br\/blog\/wp-content\/uploads\/2023\/05\/Inscricao-Semana-HIIT-1024x566.png 1024w, https:\/\/www.grupomedcof.com.br\/blog\/wp-content\/uploads\/2023\/05\/Inscricao-Semana-HIIT-300x166.png 300w, https:\/\/www.grupomedcof.com.br\/blog\/wp-content\/uploads\/2023\/05\/Inscricao-Semana-HIIT-768x425.png 768w, https:\/\/www.grupomedcof.com.br\/blog\/wp-content\/uploads\/2023\/05\/Inscricao-Semana-HIIT.png 1242w\" sizes=\"auto, (max-width: 800px) 100vw, 800px\" \/>\t\t\t\t\t\t\t\t<\/a><\/p>\n","protected":false},"excerpt":{"rendered":"<p>Puericultura: Como avaliar o crescimento da crian\u00e7a? Este \u00e9 um tema que cai de forma recorrente nas provas de resid\u00eancia, portanto, voc\u00ea n\u00e3o pode deix\u00e1-lo de lado! Sendo assim, neste post vamos tratar sobre como avaliar o crescimento da crian\u00e7a, bem como avaliar o perfil dela nas curvas de crescimento da OMS.<\/p>\n","protected":false},"author":10,"featured_media":7954,"comment_status":"open","ping_status":"open","sticky":false,"template":"","format":"standard","meta":{"footnotes":""},"categories":[120],"tags":[93,109,117,68],"ppma_author":[3613],"class_list":{"0":"post-7953","1":"post","2":"type-post","3":"status-publish","4":"format-standard","5":"has-post-thumbnail","7":"category-pediatria","8":"tag-especialidades-medicas","9":"tag-pediatria","10":"tag-provas-de-residencia","11":"tag-residencia-medica"},"yoast_head":"<!-- This site is optimized with the Yoast SEO Premium plugin v24.3 (Yoast SEO v27.4) - https:\/\/yoast.com\/product\/yoast-seo-premium-wordpress\/ -->\n<title>Puericultura: Como avaliar o crescimento da crian\u00e7a? - Blog de Medcof: conte\u00fados, editais, revalida e mais!<\/title>\n<meta name=\"description\" content=\"Puericultura: O crescimento da crian\u00e7a \u00e9 um importante indicador de sa\u00fade, e \u00e9 extremamente sens\u00edvel para identifica\u00e7\u00e3o de dist\u00farbios.\" \/>\n<meta name=\"robots\" content=\"index, follow, max-snippet:-1, max-image-preview:large, max-video-preview:-1\" \/>\n<link rel=\"canonical\" href=\"https:\/\/www.grupomedcof.com.br\/blog\/puericultura-como-avaliar-o-crescimento-da-crianca\/\" \/>\n<meta property=\"og:locale\" content=\"pt_BR\" \/>\n<meta property=\"og:type\" content=\"article\" \/>\n<meta property=\"og:title\" content=\"Puericultura: Como avaliar o crescimento da crian\u00e7a?\" \/>\n<meta property=\"og:description\" content=\"Puericultura: Como avaliar o crescimento da crian\u00e7a? Este \u00e9 um tema que cai de forma recorrente nas provas de resid\u00eancia, portanto, voc\u00ea n\u00e3o pode deix\u00e1-lo de lado! Sendo assim, neste post vamos tratar sobre como avaliar o crescimento da crian\u00e7a, bem como avaliar o perfil dela nas curvas de crescimento da OMS.\" \/>\n<meta property=\"og:url\" content=\"https:\/\/www.grupomedcof.com.br\/blog\/puericultura-como-avaliar-o-crescimento-da-crianca\/\" \/>\n<meta property=\"og:site_name\" content=\"Blog de Medcof: conte\u00fados, editais, revalida e mais!\" \/>\n<meta property=\"article:publisher\" content=\"https:\/\/www.facebook.com\/MedCofQbank\/\" \/>\n<meta property=\"article:published_time\" content=\"2023-06-13T11:53:17+00:00\" \/>\n<meta property=\"article:modified_time\" content=\"2024-12-03T20:24:12+00:00\" \/>\n<meta property=\"og:image\" content=\"https:\/\/www.grupomedcof.com.br\/blog\/wp-content\/uploads\/2023\/06\/Blog-MedCof-50-1024x576.png\" \/>\n\t<meta property=\"og:image:width\" content=\"1024\" \/>\n\t<meta property=\"og:image:height\" content=\"576\" \/>\n\t<meta property=\"og:image:type\" content=\"image\/png\" \/>\n<meta name=\"author\" content=\"Grupo MedCof\" \/>\n<meta name=\"twitter:card\" content=\"summary_large_image\" \/>\n<meta name=\"twitter:description\" content=\"Puericultura: Como avaliar o crescimento da crian\u00e7a? Este \u00e9 um tema que cai de forma recorrente nas provas de resid\u00eancia, portanto, voc\u00ea n\u00e3o pode deix\u00e1-lo de lado! Sendo assim, neste post vamos tratar sobre como avaliar o crescimento da crian\u00e7a, bem como avaliar o perfil dela nas curvas de crescimento da OMS.\" \/>\n<meta name=\"twitter:label1\" content=\"Escrito por\" \/>\n\t<meta name=\"twitter:data1\" content=\"Grupo MedCof\" \/>\n\t<meta name=\"twitter:label2\" content=\"Est. tempo de leitura\" \/>\n\t<meta name=\"twitter:data2\" content=\"9 minutos\" \/>\n<script type=\"application\/ld+json\" class=\"yoast-schema-graph\">{\"@context\":\"https:\\\/\\\/schema.org\",\"@graph\":[{\"@type\":\"Article\",\"@id\":\"https:\\\/\\\/www.grupomedcof.com.br\\\/blog\\\/puericultura-como-avaliar-o-crescimento-da-crianca\\\/#article\",\"isPartOf\":{\"@id\":\"https:\\\/\\\/www.grupomedcof.com.br\\\/blog\\\/puericultura-como-avaliar-o-crescimento-da-crianca\\\/\"},\"author\":{\"name\":\"Grupo MedCof\",\"@id\":\"https:\\\/\\\/www.grupomedcof.com.br\\\/blog\\\/#\\\/schema\\\/person\\\/5e56a3921255c01181f3d8c20d53f9c0\"},\"headline\":\"Puericultura: Como avaliar o crescimento da crian\u00e7a?\",\"datePublished\":\"2023-06-13T11:53:17+00:00\",\"dateModified\":\"2024-12-03T20:24:12+00:00\",\"mainEntityOfPage\":{\"@id\":\"https:\\\/\\\/www.grupomedcof.com.br\\\/blog\\\/puericultura-como-avaliar-o-crescimento-da-crianca\\\/\"},\"wordCount\":972,\"commentCount\":1,\"publisher\":{\"@id\":\"https:\\\/\\\/www.grupomedcof.com.br\\\/blog\\\/#organization\"},\"image\":{\"@id\":\"https:\\\/\\\/www.grupomedcof.com.br\\\/blog\\\/puericultura-como-avaliar-o-crescimento-da-crianca\\\/#primaryimage\"},\"thumbnailUrl\":\"https:\\\/\\\/www.grupomedcof.com.br\\\/blog\\\/wp-content\\\/uploads\\\/2023\\\/06\\\/Blog-MedCof-50.png\",\"keywords\":[\"Especialidades m\u00e9dicas\",\"Pediatria\",\"Provas de Resid\u00eancia\",\"Resid\u00eancia M\u00e9dica\"],\"articleSection\":[\"Pediatria\"],\"inLanguage\":\"pt-BR\"},{\"@type\":\"WebPage\",\"@id\":\"https:\\\/\\\/www.grupomedcof.com.br\\\/blog\\\/puericultura-como-avaliar-o-crescimento-da-crianca\\\/\",\"url\":\"https:\\\/\\\/www.grupomedcof.com.br\\\/blog\\\/puericultura-como-avaliar-o-crescimento-da-crianca\\\/\",\"name\":\"Puericultura: Como avaliar o crescimento da crian\u00e7a? - Blog de Medcof: conte\u00fados, editais, revalida e mais!\",\"isPartOf\":{\"@id\":\"https:\\\/\\\/www.grupomedcof.com.br\\\/blog\\\/#website\"},\"primaryImageOfPage\":{\"@id\":\"https:\\\/\\\/www.grupomedcof.com.br\\\/blog\\\/puericultura-como-avaliar-o-crescimento-da-crianca\\\/#primaryimage\"},\"image\":{\"@id\":\"https:\\\/\\\/www.grupomedcof.com.br\\\/blog\\\/puericultura-como-avaliar-o-crescimento-da-crianca\\\/#primaryimage\"},\"thumbnailUrl\":\"https:\\\/\\\/www.grupomedcof.com.br\\\/blog\\\/wp-content\\\/uploads\\\/2023\\\/06\\\/Blog-MedCof-50.png\",\"datePublished\":\"2023-06-13T11:53:17+00:00\",\"dateModified\":\"2024-12-03T20:24:12+00:00\",\"description\":\"Puericultura: O crescimento da crian\u00e7a \u00e9 um importante indicador de sa\u00fade, e \u00e9 extremamente sens\u00edvel para identifica\u00e7\u00e3o de dist\u00farbios.\",\"breadcrumb\":{\"@id\":\"https:\\\/\\\/www.grupomedcof.com.br\\\/blog\\\/puericultura-como-avaliar-o-crescimento-da-crianca\\\/#breadcrumb\"},\"inLanguage\":\"pt-BR\",\"potentialAction\":[{\"@type\":\"ReadAction\",\"target\":[\"https:\\\/\\\/www.grupomedcof.com.br\\\/blog\\\/puericultura-como-avaliar-o-crescimento-da-crianca\\\/\"]}]},{\"@type\":\"ImageObject\",\"inLanguage\":\"pt-BR\",\"@id\":\"https:\\\/\\\/www.grupomedcof.com.br\\\/blog\\\/puericultura-como-avaliar-o-crescimento-da-crianca\\\/#primaryimage\",\"url\":\"https:\\\/\\\/www.grupomedcof.com.br\\\/blog\\\/wp-content\\\/uploads\\\/2023\\\/06\\\/Blog-MedCof-50.png\",\"contentUrl\":\"https:\\\/\\\/www.grupomedcof.com.br\\\/blog\\\/wp-content\\\/uploads\\\/2023\\\/06\\\/Blog-MedCof-50.png\",\"width\":2560,\"height\":1440,\"caption\":\"Puericultura: O crescimento da crian\u00e7a \u00e9 um importante indicador de sa\u00fade, e \u00e9 extremamente sens\u00edvel para identifica\u00e7\u00e3o de dist\u00farbios.\"},{\"@type\":\"BreadcrumbList\",\"@id\":\"https:\\\/\\\/www.grupomedcof.com.br\\\/blog\\\/puericultura-como-avaliar-o-crescimento-da-crianca\\\/#breadcrumb\",\"itemListElement\":[{\"@type\":\"ListItem\",\"position\":1,\"name\":\"In\u00edcio\",\"item\":\"https:\\\/\\\/www.grupomedcof.com.br\\\/blog\\\/\"},{\"@type\":\"ListItem\",\"position\":2,\"name\":\"Puericultura: Como avaliar o crescimento da crian\u00e7a?\"}]},{\"@type\":\"WebSite\",\"@id\":\"https:\\\/\\\/www.grupomedcof.com.br\\\/blog\\\/#website\",\"url\":\"https:\\\/\\\/www.grupomedcof.com.br\\\/blog\\\/\",\"name\":\"Blog de Medcof: conte\u00fados, editais, revalida e mais!\",\"description\":\"Acesso o blog de MedCof! Seu portal de conte\u00fados sobre resid\u00eancia m\u00e9dica, an\u00e1lise e editais e muito mais. Clique e confira!\",\"publisher\":{\"@id\":\"https:\\\/\\\/www.grupomedcof.com.br\\\/blog\\\/#organization\"},\"alternateName\":\"Blog de Medcof: conte\u00fados, editais, revalida e mais!\",\"potentialAction\":[{\"@type\":\"SearchAction\",\"target\":{\"@type\":\"EntryPoint\",\"urlTemplate\":\"https:\\\/\\\/www.grupomedcof.com.br\\\/blog\\\/?s={search_term_string}\"},\"query-input\":{\"@type\":\"PropertyValueSpecification\",\"valueRequired\":true,\"valueName\":\"search_term_string\"}}],\"inLanguage\":\"pt-BR\"},{\"@type\":\"Organization\",\"@id\":\"https:\\\/\\\/www.grupomedcof.com.br\\\/blog\\\/#organization\",\"name\":\"Grupo MedCof\",\"url\":\"https:\\\/\\\/www.grupomedcof.com.br\\\/blog\\\/\",\"logo\":{\"@type\":\"ImageObject\",\"inLanguage\":\"pt-BR\",\"@id\":\"https:\\\/\\\/www.grupomedcof.com.br\\\/blog\\\/#\\\/schema\\\/logo\\\/image\\\/\",\"url\":\"https:\\\/\\\/www.grupomedcof.com.br\\\/blog\\\/wp-content\\\/uploads\\\/2022\\\/01\\\/logo-medcof.png\",\"contentUrl\":\"https:\\\/\\\/www.grupomedcof.com.br\\\/blog\\\/wp-content\\\/uploads\\\/2022\\\/01\\\/logo-medcof.png\",\"width\":768,\"height\":269,\"caption\":\"Grupo MedCof\"},\"image\":{\"@id\":\"https:\\\/\\\/www.grupomedcof.com.br\\\/blog\\\/#\\\/schema\\\/logo\\\/image\\\/\"},\"sameAs\":[\"https:\\\/\\\/www.facebook.com\\\/MedCofQbank\\\/\",\"https:\\\/\\\/www.instagram.com\\\/grupomedcof\\\/\",\"https:\\\/\\\/br.linkedin.com\\\/company\\\/medcof\",\"https:\\\/\\\/www.youtube.com\\\/channel\\\/UCdHMuOHKICxcHwecxN8P-AA\"]},{\"@type\":\"Person\",\"@id\":\"https:\\\/\\\/www.grupomedcof.com.br\\\/blog\\\/#\\\/schema\\\/person\\\/5e56a3921255c01181f3d8c20d53f9c0\",\"name\":\"Grupo MedCof\",\"image\":{\"@type\":\"ImageObject\",\"inLanguage\":\"pt-BR\",\"@id\":\"https:\\\/\\\/www.grupomedcof.com.br\\\/blog\\\/wp-content\\\/uploads\\\/2023\\\/04\\\/cropped-cropped-cropped-cropped-logo-96x96.png28585d174f19c23095510da5f63bc127\",\"url\":\"https:\\\/\\\/www.grupomedcof.com.br\\\/blog\\\/wp-content\\\/uploads\\\/2023\\\/04\\\/cropped-cropped-cropped-cropped-logo-96x96.png\",\"contentUrl\":\"https:\\\/\\\/www.grupomedcof.com.br\\\/blog\\\/wp-content\\\/uploads\\\/2023\\\/04\\\/cropped-cropped-cropped-cropped-logo-96x96.png\",\"caption\":\"Grupo MedCof\"},\"description\":\"Tendo aulas baseadas em quest\u00f5es, + de 115 subespecialistas dispon\u00edveis e uma metodologia \u00fanica, voc\u00ea pode se juntar ao nosso time que conta com mais de 10 mil ...\",\"url\":\"https:\\\/\\\/www.grupomedcof.com.br\\\/blog\\\/author\\\/grupo-medcof\\\/\"}]}<\/script>\n<!-- \/ Yoast SEO Premium plugin. -->","yoast_head_json":{"title":"Puericultura: Como avaliar o crescimento da crian\u00e7a? - Blog de Medcof: conte\u00fados, editais, revalida e mais!","description":"Puericultura: O crescimento da crian\u00e7a \u00e9 um importante indicador de sa\u00fade, e \u00e9 extremamente sens\u00edvel para identifica\u00e7\u00e3o de dist\u00farbios.","robots":{"index":"index","follow":"follow","max-snippet":"max-snippet:-1","max-image-preview":"max-image-preview:large","max-video-preview":"max-video-preview:-1"},"canonical":"https:\/\/www.grupomedcof.com.br\/blog\/puericultura-como-avaliar-o-crescimento-da-crianca\/","og_locale":"pt_BR","og_type":"article","og_title":"Puericultura: Como avaliar o crescimento da crian\u00e7a?","og_description":"Puericultura: Como avaliar o crescimento da crian\u00e7a? Este \u00e9 um tema que cai de forma recorrente nas provas de resid\u00eancia, portanto, voc\u00ea n\u00e3o pode deix\u00e1-lo de lado! Sendo assim, neste post vamos tratar sobre como avaliar o crescimento da crian\u00e7a, bem como avaliar o perfil dela nas curvas de crescimento da OMS.","og_url":"https:\/\/www.grupomedcof.com.br\/blog\/puericultura-como-avaliar-o-crescimento-da-crianca\/","og_site_name":"Blog de Medcof: conte\u00fados, editais, revalida e mais!","article_publisher":"https:\/\/www.facebook.com\/MedCofQbank\/","article_published_time":"2023-06-13T11:53:17+00:00","article_modified_time":"2024-12-03T20:24:12+00:00","og_image":[{"width":1024,"height":576,"url":"https:\/\/www.grupomedcof.com.br\/blog\/wp-content\/uploads\/2023\/06\/Blog-MedCof-50-1024x576.png","type":"image\/png"}],"author":"Grupo MedCof","twitter_card":"summary_large_image","twitter_description":"Puericultura: Como avaliar o crescimento da crian\u00e7a? Este \u00e9 um tema que cai de forma recorrente nas provas de resid\u00eancia, portanto, voc\u00ea n\u00e3o pode deix\u00e1-lo de lado! Sendo assim, neste post vamos tratar sobre como avaliar o crescimento da crian\u00e7a, bem como avaliar o perfil dela nas curvas de crescimento da OMS.","twitter_misc":{"Escrito por":"Grupo MedCof","Est. tempo de leitura":"9 minutos"},"schema":{"@context":"https:\/\/schema.org","@graph":[{"@type":"Article","@id":"https:\/\/www.grupomedcof.com.br\/blog\/puericultura-como-avaliar-o-crescimento-da-crianca\/#article","isPartOf":{"@id":"https:\/\/www.grupomedcof.com.br\/blog\/puericultura-como-avaliar-o-crescimento-da-crianca\/"},"author":{"name":"Grupo MedCof","@id":"https:\/\/www.grupomedcof.com.br\/blog\/#\/schema\/person\/5e56a3921255c01181f3d8c20d53f9c0"},"headline":"Puericultura: Como avaliar o crescimento da crian\u00e7a?","datePublished":"2023-06-13T11:53:17+00:00","dateModified":"2024-12-03T20:24:12+00:00","mainEntityOfPage":{"@id":"https:\/\/www.grupomedcof.com.br\/blog\/puericultura-como-avaliar-o-crescimento-da-crianca\/"},"wordCount":972,"commentCount":1,"publisher":{"@id":"https:\/\/www.grupomedcof.com.br\/blog\/#organization"},"image":{"@id":"https:\/\/www.grupomedcof.com.br\/blog\/puericultura-como-avaliar-o-crescimento-da-crianca\/#primaryimage"},"thumbnailUrl":"https:\/\/www.grupomedcof.com.br\/blog\/wp-content\/uploads\/2023\/06\/Blog-MedCof-50.png","keywords":["Especialidades m\u00e9dicas","Pediatria","Provas de Resid\u00eancia","Resid\u00eancia M\u00e9dica"],"articleSection":["Pediatria"],"inLanguage":"pt-BR"},{"@type":"WebPage","@id":"https:\/\/www.grupomedcof.com.br\/blog\/puericultura-como-avaliar-o-crescimento-da-crianca\/","url":"https:\/\/www.grupomedcof.com.br\/blog\/puericultura-como-avaliar-o-crescimento-da-crianca\/","name":"Puericultura: Como avaliar o crescimento da crian\u00e7a? - Blog de Medcof: conte\u00fados, editais, revalida e mais!","isPartOf":{"@id":"https:\/\/www.grupomedcof.com.br\/blog\/#website"},"primaryImageOfPage":{"@id":"https:\/\/www.grupomedcof.com.br\/blog\/puericultura-como-avaliar-o-crescimento-da-crianca\/#primaryimage"},"image":{"@id":"https:\/\/www.grupomedcof.com.br\/blog\/puericultura-como-avaliar-o-crescimento-da-crianca\/#primaryimage"},"thumbnailUrl":"https:\/\/www.grupomedcof.com.br\/blog\/wp-content\/uploads\/2023\/06\/Blog-MedCof-50.png","datePublished":"2023-06-13T11:53:17+00:00","dateModified":"2024-12-03T20:24:12+00:00","description":"Puericultura: O crescimento da crian\u00e7a \u00e9 um importante indicador de sa\u00fade, e \u00e9 extremamente sens\u00edvel para identifica\u00e7\u00e3o de dist\u00farbios.","breadcrumb":{"@id":"https:\/\/www.grupomedcof.com.br\/blog\/puericultura-como-avaliar-o-crescimento-da-crianca\/#breadcrumb"},"inLanguage":"pt-BR","potentialAction":[{"@type":"ReadAction","target":["https:\/\/www.grupomedcof.com.br\/blog\/puericultura-como-avaliar-o-crescimento-da-crianca\/"]}]},{"@type":"ImageObject","inLanguage":"pt-BR","@id":"https:\/\/www.grupomedcof.com.br\/blog\/puericultura-como-avaliar-o-crescimento-da-crianca\/#primaryimage","url":"https:\/\/www.grupomedcof.com.br\/blog\/wp-content\/uploads\/2023\/06\/Blog-MedCof-50.png","contentUrl":"https:\/\/www.grupomedcof.com.br\/blog\/wp-content\/uploads\/2023\/06\/Blog-MedCof-50.png","width":2560,"height":1440,"caption":"Puericultura: O crescimento da crian\u00e7a \u00e9 um importante indicador de sa\u00fade, e \u00e9 extremamente sens\u00edvel para identifica\u00e7\u00e3o de dist\u00farbios."},{"@type":"BreadcrumbList","@id":"https:\/\/www.grupomedcof.com.br\/blog\/puericultura-como-avaliar-o-crescimento-da-crianca\/#breadcrumb","itemListElement":[{"@type":"ListItem","position":1,"name":"In\u00edcio","item":"https:\/\/www.grupomedcof.com.br\/blog\/"},{"@type":"ListItem","position":2,"name":"Puericultura: Como avaliar o crescimento da crian\u00e7a?"}]},{"@type":"WebSite","@id":"https:\/\/www.grupomedcof.com.br\/blog\/#website","url":"https:\/\/www.grupomedcof.com.br\/blog\/","name":"Blog de Medcof: conte\u00fados, editais, revalida e mais!","description":"Acesso o blog de MedCof! Seu portal de conte\u00fados sobre resid\u00eancia m\u00e9dica, an\u00e1lise e editais e muito mais. Clique e confira!","publisher":{"@id":"https:\/\/www.grupomedcof.com.br\/blog\/#organization"},"alternateName":"Blog de Medcof: conte\u00fados, editais, revalida e mais!","potentialAction":[{"@type":"SearchAction","target":{"@type":"EntryPoint","urlTemplate":"https:\/\/www.grupomedcof.com.br\/blog\/?s={search_term_string}"},"query-input":{"@type":"PropertyValueSpecification","valueRequired":true,"valueName":"search_term_string"}}],"inLanguage":"pt-BR"},{"@type":"Organization","@id":"https:\/\/www.grupomedcof.com.br\/blog\/#organization","name":"Grupo MedCof","url":"https:\/\/www.grupomedcof.com.br\/blog\/","logo":{"@type":"ImageObject","inLanguage":"pt-BR","@id":"https:\/\/www.grupomedcof.com.br\/blog\/#\/schema\/logo\/image\/","url":"https:\/\/www.grupomedcof.com.br\/blog\/wp-content\/uploads\/2022\/01\/logo-medcof.png","contentUrl":"https:\/\/www.grupomedcof.com.br\/blog\/wp-content\/uploads\/2022\/01\/logo-medcof.png","width":768,"height":269,"caption":"Grupo MedCof"},"image":{"@id":"https:\/\/www.grupomedcof.com.br\/blog\/#\/schema\/logo\/image\/"},"sameAs":["https:\/\/www.facebook.com\/MedCofQbank\/","https:\/\/www.instagram.com\/grupomedcof\/","https:\/\/br.linkedin.com\/company\/medcof","https:\/\/www.youtube.com\/channel\/UCdHMuOHKICxcHwecxN8P-AA"]},{"@type":"Person","@id":"https:\/\/www.grupomedcof.com.br\/blog\/#\/schema\/person\/5e56a3921255c01181f3d8c20d53f9c0","name":"Grupo MedCof","image":{"@type":"ImageObject","inLanguage":"pt-BR","@id":"https:\/\/www.grupomedcof.com.br\/blog\/wp-content\/uploads\/2023\/04\/cropped-cropped-cropped-cropped-logo-96x96.png28585d174f19c23095510da5f63bc127","url":"https:\/\/www.grupomedcof.com.br\/blog\/wp-content\/uploads\/2023\/04\/cropped-cropped-cropped-cropped-logo-96x96.png","contentUrl":"https:\/\/www.grupomedcof.com.br\/blog\/wp-content\/uploads\/2023\/04\/cropped-cropped-cropped-cropped-logo-96x96.png","caption":"Grupo MedCof"},"description":"Tendo aulas baseadas em quest\u00f5es, + de 115 subespecialistas dispon\u00edveis e uma metodologia \u00fanica, voc\u00ea pode se juntar ao nosso time que conta com mais de 10 mil ...","url":"https:\/\/www.grupomedcof.com.br\/blog\/author\/grupo-medcof\/"}]}},"authors":[{"term_id":3613,"user_id":10,"is_guest":0,"slug":"grupo-medcof","display_name":"Grupo MedCof","avatar_url":"https:\/\/www.grupomedcof.com.br\/blog\/wp-content\/uploads\/2023\/04\/cropped-cropped-cropped-cropped-logo-96x96.png","0":null,"1":"","2":"","3":"","4":"","5":"","6":"","7":"","8":""}],"_links":{"self":[{"href":"https:\/\/www.grupomedcof.com.br\/blog\/wp-json\/wp\/v2\/posts\/7953","targetHints":{"allow":["GET"]}}],"collection":[{"href":"https:\/\/www.grupomedcof.com.br\/blog\/wp-json\/wp\/v2\/posts"}],"about":[{"href":"https:\/\/www.grupomedcof.com.br\/blog\/wp-json\/wp\/v2\/types\/post"}],"author":[{"embeddable":true,"href":"https:\/\/www.grupomedcof.com.br\/blog\/wp-json\/wp\/v2\/users\/10"}],"replies":[{"embeddable":true,"href":"https:\/\/www.grupomedcof.com.br\/blog\/wp-json\/wp\/v2\/comments?post=7953"}],"version-history":[{"count":0,"href":"https:\/\/www.grupomedcof.com.br\/blog\/wp-json\/wp\/v2\/posts\/7953\/revisions"}],"wp:featuredmedia":[{"embeddable":true,"href":"https:\/\/www.grupomedcof.com.br\/blog\/wp-json\/wp\/v2\/media\/7954"}],"wp:attachment":[{"href":"https:\/\/www.grupomedcof.com.br\/blog\/wp-json\/wp\/v2\/media?parent=7953"}],"wp:term":[{"taxonomy":"category","embeddable":true,"href":"https:\/\/www.grupomedcof.com.br\/blog\/wp-json\/wp\/v2\/categories?post=7953"},{"taxonomy":"post_tag","embeddable":true,"href":"https:\/\/www.grupomedcof.com.br\/blog\/wp-json\/wp\/v2\/tags?post=7953"},{"taxonomy":"author","embeddable":true,"href":"https:\/\/www.grupomedcof.com.br\/blog\/wp-json\/wp\/v2\/ppma_author?post=7953"}],"curies":[{"name":"wp","href":"https:\/\/api.w.org\/{rel}","templated":true}]}}