{"id":8003,"date":"2023-06-14T09:49:33","date_gmt":"2023-06-14T12:49:33","guid":{"rendered":"https:\/\/www.grupomedcof.com.br\/blog\/?p=8003"},"modified":"2024-12-03T17:24:05","modified_gmt":"2024-12-03T20:24:05","slug":"voce-sabe-diferenciar-os-subtipos-da-esquizofrenia","status":"publish","type":"post","link":"https:\/\/www.grupomedcof.com.br\/blog\/voce-sabe-diferenciar-os-subtipos-da-esquizofrenia\/","title":{"rendered":"Voc\u00ea sabe diferenciar os subtipos da esquizofrenia?"},"content":{"rendered":"<div id=\"ez-toc-container\" class=\"ez-toc-v2_0_74 counter-hierarchy ez-toc-counter ez-toc-transparent ez-toc-container-direction\">\n<div class=\"ez-toc-title-container\">\n<p class=\"ez-toc-title\" style=\"cursor:inherit\">Sum\u00e1rio<\/p>\n<span class=\"ez-toc-title-toggle\"><a href=\"#\" class=\"ez-toc-pull-right ez-toc-btn ez-toc-btn-xs ez-toc-btn-default ez-toc-toggle\" aria-label=\"Alternar tabela de conte\u00fado\"><span class=\"ez-toc-js-icon-con\"><span class=\"\"><span class=\"eztoc-hide\" style=\"display:none;\">Toggle<\/span><span class=\"ez-toc-icon-toggle-span\"><svg style=\"fill: #999;color:#999\" xmlns=\"http:\/\/www.w3.org\/2000\/svg\" class=\"list-377408\" width=\"20px\" height=\"20px\" viewBox=\"0 0 24 24\" fill=\"none\"><path d=\"M6 6H4v2h2V6zm14 0H8v2h12V6zM4 11h2v2H4v-2zm16 0H8v2h12v-2zM4 16h2v2H4v-2zm16 0H8v2h12v-2z\" fill=\"currentColor\"><\/path><\/svg><svg style=\"fill: #999;color:#999\" class=\"arrow-unsorted-368013\" xmlns=\"http:\/\/www.w3.org\/2000\/svg\" width=\"10px\" height=\"10px\" viewBox=\"0 0 24 24\" version=\"1.2\" baseProfile=\"tiny\"><path d=\"M18.2 9.3l-6.2-6.3-6.2 6.3c-.2.2-.3.4-.3.7s.1.5.3.7c.2.2.4.3.7.3h11c.3 0 .5-.1.7-.3.2-.2.3-.5.3-.7s-.1-.5-.3-.7zM5.8 14.7l6.2 6.3 6.2-6.3c.2-.2.3-.5.3-.7s-.1-.5-.3-.7c-.2-.2-.4-.3-.7-.3h-11c-.3 0-.5.1-.7.3-.2.2-.3.5-.3.7s.1.5.3.7z\"\/><\/svg><\/span><\/span><\/span><\/a><\/span><\/div>\n<nav><ul class='ez-toc-list ez-toc-list-level-1 ' ><li class='ez-toc-page-1 ez-toc-heading-level-2'><a class=\"ez-toc-link ez-toc-heading-1\" href=\"https:\/\/www.grupomedcof.com.br\/blog\/voce-sabe-diferenciar-os-subtipos-da-esquizofrenia\/#Saiba_mais\" >Saiba mais<\/a><\/li><li class='ez-toc-page-1 ez-toc-heading-level-2'><a class=\"ez-toc-link ez-toc-heading-2\" href=\"https:\/\/www.grupomedcof.com.br\/blog\/voce-sabe-diferenciar-os-subtipos-da-esquizofrenia\/#Esquizofrenia_Aspectos_Gerais\" >Esquizofrenia: Aspectos Gerais<\/a><\/li><li class='ez-toc-page-1 ez-toc-heading-level-2'><a class=\"ez-toc-link ez-toc-heading-3\" href=\"https:\/\/www.grupomedcof.com.br\/blog\/voce-sabe-diferenciar-os-subtipos-da-esquizofrenia\/#Voce_sabe_diferenciar_os_subtipos_da_esquizofrenia\" >Voc\u00ea sabe diferenciar os subtipos da esquizofrenia?<\/a><ul class='ez-toc-list-level-3' ><li class='ez-toc-heading-level-3'><a class=\"ez-toc-link ez-toc-heading-4\" href=\"https:\/\/www.grupomedcof.com.br\/blog\/voce-sabe-diferenciar-os-subtipos-da-esquizofrenia\/#Subtipos_da_esquizofrenia\" >Subtipos da esquizofrenia<\/a><\/li><li class='ez-toc-page-1 ez-toc-heading-level-3'><a class=\"ez-toc-link ez-toc-heading-5\" href=\"https:\/\/www.grupomedcof.com.br\/blog\/voce-sabe-diferenciar-os-subtipos-da-esquizofrenia\/#Subtipo_paranoide\" >Subtipo paranoide<\/a><\/li><li class='ez-toc-page-1 ez-toc-heading-level-3'><a class=\"ez-toc-link ez-toc-heading-6\" href=\"https:\/\/www.grupomedcof.com.br\/blog\/voce-sabe-diferenciar-os-subtipos-da-esquizofrenia\/#Subtipo_desorganizado\" >Subtipo desorganizado<\/a><\/li><li class='ez-toc-page-1 ez-toc-heading-level-3'><a class=\"ez-toc-link ez-toc-heading-7\" href=\"https:\/\/www.grupomedcof.com.br\/blog\/voce-sabe-diferenciar-os-subtipos-da-esquizofrenia\/#Subtipo_catatonico\" >Subtipo catat\u00f4nico<\/a><\/li><li class='ez-toc-page-1 ez-toc-heading-level-3'><a class=\"ez-toc-link ez-toc-heading-8\" href=\"https:\/\/www.grupomedcof.com.br\/blog\/voce-sabe-diferenciar-os-subtipos-da-esquizofrenia\/#Subtipo_Indiferenciado\" >Subtipo Indiferenciado<\/a><\/li><li class='ez-toc-page-1 ez-toc-heading-level-3'><a class=\"ez-toc-link ez-toc-heading-9\" href=\"https:\/\/www.grupomedcof.com.br\/blog\/voce-sabe-diferenciar-os-subtipos-da-esquizofrenia\/#Subtipo_Residual\" >Subtipo Residual<\/a><\/li><li class='ez-toc-page-1 ez-toc-heading-level-3'><a class=\"ez-toc-link ez-toc-heading-10\" href=\"https:\/\/www.grupomedcof.com.br\/blog\/voce-sabe-diferenciar-os-subtipos-da-esquizofrenia\/#Conquiste_a_aprovacao\" >Conquiste a aprova\u00e7\u00e3o!<\/a><\/li><\/ul><\/li><\/ul><\/nav><\/div>\n<p><img loading=\"lazy\" decoding=\"async\" width=\"800\" height=\"450\" src=\"https:\/\/www.grupomedcof.com.br\/blog\/wp-content\/uploads\/2023\/06\/Blog-MedCof-53-1024x576.png\" alt=\"esquizofrenia, subtipos da esquizofrenia, quais s\u00e3o os subtipos da esquizofrenia, esquizofrenia subtipos\" srcset=\"https:\/\/www.grupomedcof.com.br\/blog\/wp-content\/uploads\/2023\/06\/Blog-MedCof-53-1024x576.png 1024w, https:\/\/www.grupomedcof.com.br\/blog\/wp-content\/uploads\/2023\/06\/Blog-MedCof-53-300x169.png 300w, https:\/\/www.grupomedcof.com.br\/blog\/wp-content\/uploads\/2023\/06\/Blog-MedCof-53-768x432.png 768w, https:\/\/www.grupomedcof.com.br\/blog\/wp-content\/uploads\/2023\/06\/Blog-MedCof-53-1536x864.png 1536w, https:\/\/www.grupomedcof.com.br\/blog\/wp-content\/uploads\/2023\/06\/Blog-MedCof-53-2048x1152.png 2048w\" sizes=\"auto, (max-width: 800px) 100vw, 800px\" \/>\t\t\t\t\t\t\t\t\t\t\t\t\t\t\t<\/p>\n<p>Voc\u00ea sabe <strong>diferenciar os subtipos da esquizofrenia<\/strong>? Leia esse post&nbsp;<\/p>\n<p>e&nbsp;relembre&nbsp;as principais caracter\u00edsticas de cada uma delas.<\/p>\n<h2><span class=\"ez-toc-section\" id=\"Saiba_mais\"><\/span>\n\t\t\t\tSaiba mais\t\t\t<span class=\"ez-toc-section-end\"><\/span><\/h2>\n<p>A esquizofrenia \u00e9 um <strong>transtorno psic\u00f3tico grave<\/strong>,<strong> heterog\u00eaneo<\/strong>, e de <strong>progn\u00f3stico sombrio<\/strong> que prejudicam de forma expressiva o funcionamento social dos pacientes. Sendo assim, neste post vamos tratar sobre os subtipos da esquizofrenia<\/p>\n<h2 style=\"font-family: Poppins, sans-serif; color: #7a7a7a;\"><span class=\"ez-toc-section\" id=\"Esquizofrenia_Aspectos_Gerais\"><\/span><strong>Esquizofrenia: Aspectos Gerais<\/strong><span class=\"ez-toc-section-end\"><\/span><\/h2>\n<p>A esquizofrenia \u00e9 um transtorno mental<strong> complexo e cr\u00f4nico<\/strong> que afeta uma propor\u00e7\u00e3o significativa da popula\u00e7\u00e3o adulta em todo o mundo, al\u00e9m de ter um progn\u00f3stico sombrio.<\/p>\n<p>\u00a0<\/p>\n<p>As manifesta\u00e7\u00f5es cl\u00ednicas da esquizofrenia s\u00e3o vari\u00e1veis, mas podemos destacar dentre eles\u00a0aus\u00eancia de insight da doen\u00e7a, sintomas positivos\u00a0(alucina\u00e7\u00f5es, del\u00edrio e desorganiza\u00e7\u00e3o do discurso),\u00a0sintomas negativos\u00a0(embotamento afetivo, retraimento social, anedonia) e outras altera\u00e7\u00f5es como mem\u00f3ria de trabalho prejudicada, disfun\u00e7\u00e3o executiva, d\u00e9fcits de aten\u00e7\u00e3o. Al\u00e9m disso, tamb\u00e9m h\u00e1\u00a0sintomas psicomotores\u00a0(catatonia, estereotipia, anormalidades motoras).<\/p>\n<h2 style=\"font-family: Poppins, sans-serif; color: rgb(122, 122, 122);\"><span class=\"ez-toc-section\" id=\"Voce_sabe_diferenciar_os_subtipos_da_esquizofrenia\"><\/span>Voc\u00ea sabe diferenciar os subtipos da esquizofrenia?<span class=\"ez-toc-section-end\"><\/span><\/h2>\n<p>\t\t\t\t\t\t\t\t\t\t\t\t\t\t\t\t<a href=\"https:\/\/www.grupomedcof.com.br\/inscricao-hiit-2023\/\" target=\"_blank\" rel=\"noopener\"><br \/>\n\t\t\t\t\t\t\t<img loading=\"lazy\" decoding=\"async\" width=\"800\" height=\"141\" src=\"https:\/\/www.grupomedcof.com.br\/blog\/wp-content\/uploads\/2023\/05\/Captura-de-tela-2023-05-30-121547-1024x181.png\" alt=\"Semana HIIT MedCof, aulas grupo medcof, medcof, aulas medcof, medcof qbank, gupo medcof\" srcset=\"https:\/\/www.grupomedcof.com.br\/blog\/wp-content\/uploads\/2023\/05\/Captura-de-tela-2023-05-30-121547-1024x181.png 1024w, https:\/\/www.grupomedcof.com.br\/blog\/wp-content\/uploads\/2023\/05\/Captura-de-tela-2023-05-30-121547-300x53.png 300w, https:\/\/www.grupomedcof.com.br\/blog\/wp-content\/uploads\/2023\/05\/Captura-de-tela-2023-05-30-121547-768x136.png 768w, https:\/\/www.grupomedcof.com.br\/blog\/wp-content\/uploads\/2023\/05\/Captura-de-tela-2023-05-30-121547-1536x271.png 1536w, https:\/\/www.grupomedcof.com.br\/blog\/wp-content\/uploads\/2023\/05\/Captura-de-tela-2023-05-30-121547.png 1687w\" sizes=\"auto, (max-width: 800px) 100vw, 800px\" \/>\t\t\t\t\t\t\t\t<\/a><\/p>\n<h3 style=\"font-family: Poppins, sans-serif; color: #7a7a7a;\"><span class=\"ez-toc-section\" id=\"Subtipos_da_esquizofrenia\"><\/span><strong>Subtipos da esquizofrenia<\/strong><span class=\"ez-toc-section-end\"><\/span><\/h3>\n<p>Ao longo dos anos, os pesquisadores identificaram <strong>subtipos distintos do transtorno esquizoafetivo <\/strong>com base nos padr\u00f5es de sintomas, fornecendo informa\u00e7\u00f5es valiosas sobre o diagn\u00f3stico, tratamento e progn\u00f3stico da doen\u00e7a.<\/p>\n<p>\u00a0<\/p>\n<p>Assim, conhecendo esses subtipos \u00e9 poss\u00edve<strong>l elaborar estrat\u00e9gias de tratamento<\/strong> que proporcionem<strong> maior direcionamento e individualiza\u00e7\u00e3o<\/strong>, mediante cada apresenta\u00e7\u00e3o do paciente.<\/p>\n<h3><span class=\"ez-toc-section\" id=\"Subtipo_paranoide\"><\/span><strong>Subtipo paranoide<\/strong><span class=\"ez-toc-section-end\"><\/span><\/h3>\n<p>O subtipo paranoide \u00e9 a<strong> forma mais comum<\/strong> de apresenta\u00e7\u00e3o da esquizofrenia, tendo como caracter\u00edstica<strong> sintomas positivos proeminentes<\/strong>, como del\u00edrios e alucina\u00e7\u00f5es, geralmente com inicio em uma idade mais avan\u00e7ada.<\/p>\n<p>\u00a0<\/p>\n<p>Desse modo, indiv\u00edduos com esse subtipo geralmente exibem uma preocupa\u00e7\u00e3o com<strong> del\u00edrios grandiosos ou persecut\u00f3rios<\/strong>, levando \u00e0 desconfian\u00e7a, hostilidade e agress\u00e3o.<\/p>\n<p>\u00a0<\/p>\n<p>Entretanto, apesar da presen\u00e7a de sintomas psic\u00f3ticos, os indiv\u00edduos com o subtipo paranoide <strong>tendem a manter um melhor funcionamento cognitivo<\/strong>. Isso ocorre pois h\u00e1 regress\u00e3o das faculdades mentais, respostas emocionais e comportamento, de tal modo que a intelig\u00eancia nas \u00e1reas em que n\u00e3o h\u00e1 invas\u00e3o pela psicose tende a permanecer intacta.<\/p>\n<p>\u00a0<\/p>\n<p>Sendo assim, esses paciente apresentam maior probabilidade de responder a medicamentos antipsic\u00f3ticos.<\/p>\n<p>\t\t\t\t\t\t\t\t\t\t\t\t\t\t\t\t<a href=\"https:\/\/www.grupomedcof.com.br\/blog\/qbank-medcof\/\" target=\"_blank\" rel=\"noopener\"><br \/>\n\t\t\t\t\t\t\t<img loading=\"lazy\" decoding=\"async\" width=\"800\" height=\"160\" src=\"https:\/\/www.grupomedcof.com.br\/blog\/wp-content\/uploads\/2023\/06\/Conheca-o-Qbank-MedCof-1024x205.png\" alt=\"medcof qbank, medcof aulas, grupo medcof, aulas medcof, qbank, banco de questoes medcof, medcof banco de questoes\" srcset=\"https:\/\/www.grupomedcof.com.br\/blog\/wp-content\/uploads\/2023\/06\/Conheca-o-Qbank-MedCof-1024x205.png 1024w, https:\/\/www.grupomedcof.com.br\/blog\/wp-content\/uploads\/2023\/06\/Conheca-o-Qbank-MedCof-300x60.png 300w, https:\/\/www.grupomedcof.com.br\/blog\/wp-content\/uploads\/2023\/06\/Conheca-o-Qbank-MedCof-768x154.png 768w, https:\/\/www.grupomedcof.com.br\/blog\/wp-content\/uploads\/2023\/06\/Conheca-o-Qbank-MedCof-1536x307.png 1536w, https:\/\/www.grupomedcof.com.br\/blog\/wp-content\/uploads\/2023\/06\/Conheca-o-Qbank-MedCof-2048x410.png 2048w\" sizes=\"auto, (max-width: 800px) 100vw, 800px\" \/>\t\t\t\t\t\t\t\t<\/a><\/p>\n<h3 style=\"font-family: Poppins, sans-serif; color: #7a7a7a;\"><span class=\"ez-toc-section\" id=\"Subtipo_desorganizado\"><\/span><strong>Subtipo desorganizado<\/strong><span class=\"ez-toc-section-end\"><\/span><\/h3>\n<p>O subtipo desorganizado, tamb\u00e9m conhecido como <strong>esquizofrenia hebefr\u00eanica<\/strong>, tem como caracter\u00edstica a desorganiza\u00e7\u00e3o do pensamento, fala e comportamento. Dessa forma, indiv\u00edduos com esse subtipo geralmente iniciam os <strong>sintomas numa idade precoce<\/strong>, abaixo dos 25 anos.<\/p>\n<p>\u00a0<\/p>\n<p>\u00a0<\/p>\n<p>Esses pacientes apresentam fala incoerente, afeto inapropriado e autocuidado ruim. Al\u00e9m disso, tamb\u00e9m possuem regress\u00e3o acentuada para um comportamento desinibido e primitivo, e, sintomas negativos, como avoli\u00e7\u00e3o e retraimento social, s\u00e3o comumente observados.<\/p>\n<p>\u00a0<\/p>\n<p>Ademais, o tratamento para o subtipo desorganizado pode envolver uma combina\u00e7\u00e3o de medicamentos antipsic\u00f3ticos, interven\u00e7\u00f5es psicossociais e suporte para atividades da vida di\u00e1ria.<\/p>\n<h3 style=\"font-family: Poppins, sans-serif; color: #7a7a7a;\"><span class=\"ez-toc-section\" id=\"Subtipo_catatonico\"><\/span><strong>Subtipo catat\u00f4nico<\/strong><span class=\"ez-toc-section-end\"><\/span><\/h3>\n<p>A carater\u00edstica da esquizofrenia catat\u00f4nica \u00e9 a variedade de anormalidades motoras e dist\u00farbios no movimento volitivo.<\/p>\n<p>\u00a0<\/p>\n<p>Assim, indiv\u00edduos com este subtipo podem apresentar extrema rigidez, mutismo, estereotipias, maneirismos, tiques, postura ou atividade motora excessiva e\/ou bizarras.<\/p>\n<p>\u00a0<\/p>\n<p>A catatonia pode prejudicar significativamente o funcionamento di\u00e1rio e <strong>requer<\/strong> <strong>reconhecimento e interven\u00e7\u00e3o imediatos<\/strong>.<\/p>\n<h3 style=\"font-family: Poppins, sans-serif; color: #7a7a7a;\"><span class=\"ez-toc-section\" id=\"Subtipo_Indiferenciado\"><\/span><strong>Subtipo Indiferenciado<\/strong><span class=\"ez-toc-section-end\"><\/span><\/h3>\n<p>O subtipo indiferenciado refere-se a <strong>casos que n\u00e3o se enquadram claramente em nenhum subtipo espec\u00edfico<\/strong> devido \u00e0 presen\u00e7a de sintomas mistos ou gravidade insuficiente dos sintomas para atender aos crit\u00e9rios de um subtipo espec\u00edfico.<\/p>\n<h3 style=\"font-family: Poppins, sans-serif; color: #7a7a7a;\"><span class=\"ez-toc-section\" id=\"Subtipo_Residual\"><\/span><strong>Subtipo Residual<\/strong><span class=\"ez-toc-section-end\"><\/span><\/h3>\n<p>Por fim, o subtipo residual \u00e9 caracterizado por uma <strong>hist\u00f3ria de pelo menos um epis\u00f3dio<\/strong> de esquizofrenia, mas com aus\u00eancia atual de sintomas ativos proeminentes.<\/p>\n<p>No entanto, os indiv\u00edduos podem apresentar<strong> sintomas residuais negativos ou cognitivos.<\/strong> Manter a estabilidade, prevenir reca\u00eddas e otimizar o funcionamento psicossocial s\u00e3o os principais objetivos do tratamento para indiv\u00edduos com o subtipo residual.<\/p>\n<p>\u00a0<\/p>\n<p>E agora, j\u00e1 sabe diferenciar os subtipos da esquizofrenia? Ent\u00e3o acompanhe o nosso blog e n\u00e3o perca nenhuma atualiza\u00e7\u00e3o!<\/p>\n<\/p>\n<h3 style=\"font-family: Poppins, sans-serif; color: #7a7a7a;\"><span class=\"ez-toc-section\" id=\"Conquiste_a_aprovacao\"><\/span>Conquiste a aprova\u00e7\u00e3o!<br \/><span class=\"ez-toc-section-end\"><\/span><\/h3>\n<section data-id=\"5f13890\" data-element_type=\"section\">\n<a href=\"https:\/\/www.grupomedcof.com.br\/blog\/presenca-da-medcof-nas-aprovacoes-em-residencia-medica-no-brasil\/\" target=\"_blank\" rel=\"noopener\">Seja&nbsp;mais um aprovado<\/a>&nbsp;nas melhores resid\u00eancias m\u00e9dicas do pa\u00eds com o<a href=\"https:\/\/www.grupomedcof.com.br\/\" target=\"_blank\" rel=\"noopener\">&nbsp;Grupo&nbsp;MedCof<\/a>!&nbsp;Temos um cat\u00e1logo repleto de cursos que te guiar\u00e3o na jornada para as provas de Resid\u00eancia M\u00e9dica que ocorrer\u00e3o em 2023!<br \/>\n&nbsp;<br \/>\nMas, se voc\u00ea \u00e9 novo por aqui, que tal se inscrever na<a href=\"https:\/\/www.grupomedcof.com.br\/inscricao-hiit-2023\/\" target=\"_blank\" rel=\"noopener\">&nbsp;Semana HIIT<\/a>? Ser\u00e1 um evento&nbsp;100% gratuito e online&nbsp;que te permitir\u00e1 conhecer um pouco do nosso m\u00e9todo de ensino!<br \/>\n<\/section>\n<p>\t\t\t\t\t\t\t\t\t\t\t\t\t\t\t\t<a href=\"https:\/\/www.grupomedcof.com.br\/inscricao-hiit-2023\/\" target=\"_blank\" rel=\"noopener\"><br \/>\n\t\t\t\t\t\t\t<img loading=\"lazy\" decoding=\"async\" width=\"800\" height=\"442\" src=\"https:\/\/www.grupomedcof.com.br\/blog\/wp-content\/uploads\/2023\/05\/Inscricao-Semana-HIIT-1024x566.png\" alt=\"Semana HIIT MedCof, aulas grupo medcof, medcof, aulas medcof, medcof qbank, gupo medcof\" srcset=\"https:\/\/www.grupomedcof.com.br\/blog\/wp-content\/uploads\/2023\/05\/Inscricao-Semana-HIIT-1024x566.png 1024w, https:\/\/www.grupomedcof.com.br\/blog\/wp-content\/uploads\/2023\/05\/Inscricao-Semana-HIIT-300x166.png 300w, https:\/\/www.grupomedcof.com.br\/blog\/wp-content\/uploads\/2023\/05\/Inscricao-Semana-HIIT-768x425.png 768w, https:\/\/www.grupomedcof.com.br\/blog\/wp-content\/uploads\/2023\/05\/Inscricao-Semana-HIIT.png 1242w\" sizes=\"auto, (max-width: 800px) 100vw, 800px\" \/>\t\t\t\t\t\t\t\t<\/a><\/p>\n","protected":false},"excerpt":{"rendered":"<p>A esquizofrenia \u00e9 um transtorno psic\u00f3tico grave, heterog\u00eaneo, e de progn\u00f3stico sombrio que prejudicam de forma expressiva o funcionamento social dos pacientes. <\/p>\n","protected":false},"author":10,"featured_media":8004,"comment_status":"open","ping_status":"open","sticky":false,"template":"","format":"standard","meta":{"footnotes":""},"categories":[216],"tags":[227,218,226],"ppma_author":[3613],"class_list":{"0":"post-8003","1":"post","2":"type-post","3":"status-publish","4":"format-standard","5":"has-post-thumbnail","7":"category-psiquiatria","8":"tag-esquizofrenia","9":"tag-psiquiatria","10":"tag-transtornos-psicologicos"},"yoast_head":"<!-- This site is optimized with the Yoast SEO Premium plugin v24.3 (Yoast SEO v27.4) - https:\/\/yoast.com\/product\/yoast-seo-premium-wordpress\/ -->\n<title>Voc\u00ea sabe diferenciar os subtipos da esquizofrenia? - Blog de Medcof: conte\u00fados, editais, revalida e mais!<\/title>\n<meta name=\"description\" content=\"Voc\u00ea sabe diferenciar os subtipos da esquizofrenia? Ela \u00e9 um transtorno psic\u00f3tico grave, heterog\u00eaneo e prejudica o funcionamento social...\" \/>\n<meta name=\"robots\" content=\"index, follow, max-snippet:-1, max-image-preview:large, max-video-preview:-1\" \/>\n<link rel=\"canonical\" href=\"https:\/\/www.grupomedcof.com.br\/blog\/voce-sabe-diferenciar-os-subtipos-da-esquizofrenia\/\" \/>\n<meta property=\"og:locale\" content=\"pt_BR\" \/>\n<meta property=\"og:type\" content=\"article\" \/>\n<meta property=\"og:title\" content=\"Voc\u00ea sabe diferenciar os subtipos da esquizofrenia?\" \/>\n<meta property=\"og:description\" content=\"A esquizofrenia \u00e9 um transtorno psic\u00f3tico grave, heterog\u00eaneo, e de progn\u00f3stico sombrio que prejudicam de forma expressiva o funcionamento social dos pacientes.\" \/>\n<meta property=\"og:url\" content=\"https:\/\/www.grupomedcof.com.br\/blog\/voce-sabe-diferenciar-os-subtipos-da-esquizofrenia\/\" \/>\n<meta property=\"og:site_name\" content=\"Blog de Medcof: conte\u00fados, editais, revalida e mais!\" \/>\n<meta property=\"article:publisher\" content=\"https:\/\/www.facebook.com\/MedCofQbank\/\" \/>\n<meta property=\"article:published_time\" content=\"2023-06-14T12:49:33+00:00\" \/>\n<meta property=\"article:modified_time\" content=\"2024-12-03T20:24:05+00:00\" \/>\n<meta property=\"og:image\" content=\"https:\/\/www.grupomedcof.com.br\/blog\/wp-content\/uploads\/2023\/06\/Blog-MedCof-54-1024x576.png\" \/>\n\t<meta property=\"og:image:width\" content=\"1024\" \/>\n\t<meta property=\"og:image:height\" content=\"576\" \/>\n\t<meta property=\"og:image:type\" content=\"image\/png\" \/>\n<meta name=\"author\" content=\"Grupo MedCof\" \/>\n<meta name=\"twitter:card\" content=\"summary_large_image\" \/>\n<meta name=\"twitter:description\" content=\"A esquizofrenia \u00e9 um transtorno psic\u00f3tico grave, heterog\u00eaneo, e de progn\u00f3stico sombrio que prejudicam de forma expressiva o funcionamento social dos pacientes.\" \/>\n<meta name=\"twitter:label1\" content=\"Escrito por\" \/>\n\t<meta name=\"twitter:data1\" content=\"Grupo MedCof\" \/>\n\t<meta name=\"twitter:label2\" content=\"Est. tempo de leitura\" \/>\n\t<meta name=\"twitter:data2\" content=\"7 minutos\" \/>\n<script type=\"application\/ld+json\" class=\"yoast-schema-graph\">{\"@context\":\"https:\\\/\\\/schema.org\",\"@graph\":[{\"@type\":\"Article\",\"@id\":\"https:\\\/\\\/www.grupomedcof.com.br\\\/blog\\\/voce-sabe-diferenciar-os-subtipos-da-esquizofrenia\\\/#article\",\"isPartOf\":{\"@id\":\"https:\\\/\\\/www.grupomedcof.com.br\\\/blog\\\/voce-sabe-diferenciar-os-subtipos-da-esquizofrenia\\\/\"},\"author\":{\"name\":\"Grupo MedCof\",\"@id\":\"https:\\\/\\\/www.grupomedcof.com.br\\\/blog\\\/#\\\/schema\\\/person\\\/5e56a3921255c01181f3d8c20d53f9c0\"},\"headline\":\"Voc\u00ea sabe diferenciar os subtipos da esquizofrenia?\",\"datePublished\":\"2023-06-14T12:49:33+00:00\",\"dateModified\":\"2024-12-03T20:24:05+00:00\",\"mainEntityOfPage\":{\"@id\":\"https:\\\/\\\/www.grupomedcof.com.br\\\/blog\\\/voce-sabe-diferenciar-os-subtipos-da-esquizofrenia\\\/\"},\"wordCount\":752,\"commentCount\":0,\"publisher\":{\"@id\":\"https:\\\/\\\/www.grupomedcof.com.br\\\/blog\\\/#organization\"},\"image\":{\"@id\":\"https:\\\/\\\/www.grupomedcof.com.br\\\/blog\\\/voce-sabe-diferenciar-os-subtipos-da-esquizofrenia\\\/#primaryimage\"},\"thumbnailUrl\":\"https:\\\/\\\/www.grupomedcof.com.br\\\/blog\\\/wp-content\\\/uploads\\\/2023\\\/06\\\/Blog-MedCof-54.png\",\"keywords\":[\"Esquizofrenia\",\"Psiquiatria\",\"Transtornos Psicol\u00f3gicos\"],\"articleSection\":[\"Psiquiatria\"],\"inLanguage\":\"pt-BR\"},{\"@type\":\"WebPage\",\"@id\":\"https:\\\/\\\/www.grupomedcof.com.br\\\/blog\\\/voce-sabe-diferenciar-os-subtipos-da-esquizofrenia\\\/\",\"url\":\"https:\\\/\\\/www.grupomedcof.com.br\\\/blog\\\/voce-sabe-diferenciar-os-subtipos-da-esquizofrenia\\\/\",\"name\":\"Voc\u00ea sabe diferenciar os subtipos da esquizofrenia? - Blog de Medcof: conte\u00fados, editais, revalida e mais!\",\"isPartOf\":{\"@id\":\"https:\\\/\\\/www.grupomedcof.com.br\\\/blog\\\/#website\"},\"primaryImageOfPage\":{\"@id\":\"https:\\\/\\\/www.grupomedcof.com.br\\\/blog\\\/voce-sabe-diferenciar-os-subtipos-da-esquizofrenia\\\/#primaryimage\"},\"image\":{\"@id\":\"https:\\\/\\\/www.grupomedcof.com.br\\\/blog\\\/voce-sabe-diferenciar-os-subtipos-da-esquizofrenia\\\/#primaryimage\"},\"thumbnailUrl\":\"https:\\\/\\\/www.grupomedcof.com.br\\\/blog\\\/wp-content\\\/uploads\\\/2023\\\/06\\\/Blog-MedCof-54.png\",\"datePublished\":\"2023-06-14T12:49:33+00:00\",\"dateModified\":\"2024-12-03T20:24:05+00:00\",\"description\":\"Voc\u00ea sabe diferenciar os subtipos da esquizofrenia? Ela \u00e9 um transtorno psic\u00f3tico grave, heterog\u00eaneo e prejudica o funcionamento social...\",\"breadcrumb\":{\"@id\":\"https:\\\/\\\/www.grupomedcof.com.br\\\/blog\\\/voce-sabe-diferenciar-os-subtipos-da-esquizofrenia\\\/#breadcrumb\"},\"inLanguage\":\"pt-BR\",\"potentialAction\":[{\"@type\":\"ReadAction\",\"target\":[\"https:\\\/\\\/www.grupomedcof.com.br\\\/blog\\\/voce-sabe-diferenciar-os-subtipos-da-esquizofrenia\\\/\"]}]},{\"@type\":\"ImageObject\",\"inLanguage\":\"pt-BR\",\"@id\":\"https:\\\/\\\/www.grupomedcof.com.br\\\/blog\\\/voce-sabe-diferenciar-os-subtipos-da-esquizofrenia\\\/#primaryimage\",\"url\":\"https:\\\/\\\/www.grupomedcof.com.br\\\/blog\\\/wp-content\\\/uploads\\\/2023\\\/06\\\/Blog-MedCof-54.png\",\"contentUrl\":\"https:\\\/\\\/www.grupomedcof.com.br\\\/blog\\\/wp-content\\\/uploads\\\/2023\\\/06\\\/Blog-MedCof-54.png\",\"width\":2560,\"height\":1440,\"caption\":\"Voc\u00ea sabe diferenciar os subtipos da esquizofrenia? Ela \u00e9 um transtorno psic\u00f3tico grave, heterog\u00eaneo e prejudica o funcionamento social...\"},{\"@type\":\"BreadcrumbList\",\"@id\":\"https:\\\/\\\/www.grupomedcof.com.br\\\/blog\\\/voce-sabe-diferenciar-os-subtipos-da-esquizofrenia\\\/#breadcrumb\",\"itemListElement\":[{\"@type\":\"ListItem\",\"position\":1,\"name\":\"In\u00edcio\",\"item\":\"https:\\\/\\\/www.grupomedcof.com.br\\\/blog\\\/\"},{\"@type\":\"ListItem\",\"position\":2,\"name\":\"Voc\u00ea sabe diferenciar os subtipos da esquizofrenia?\"}]},{\"@type\":\"WebSite\",\"@id\":\"https:\\\/\\\/www.grupomedcof.com.br\\\/blog\\\/#website\",\"url\":\"https:\\\/\\\/www.grupomedcof.com.br\\\/blog\\\/\",\"name\":\"Blog de Medcof: conte\u00fados, editais, revalida e mais!\",\"description\":\"Acesso o blog de MedCof! Seu portal de conte\u00fados sobre resid\u00eancia m\u00e9dica, an\u00e1lise e editais e muito mais. Clique e confira!\",\"publisher\":{\"@id\":\"https:\\\/\\\/www.grupomedcof.com.br\\\/blog\\\/#organization\"},\"alternateName\":\"Blog de Medcof: conte\u00fados, editais, revalida e mais!\",\"potentialAction\":[{\"@type\":\"SearchAction\",\"target\":{\"@type\":\"EntryPoint\",\"urlTemplate\":\"https:\\\/\\\/www.grupomedcof.com.br\\\/blog\\\/?s={search_term_string}\"},\"query-input\":{\"@type\":\"PropertyValueSpecification\",\"valueRequired\":true,\"valueName\":\"search_term_string\"}}],\"inLanguage\":\"pt-BR\"},{\"@type\":\"Organization\",\"@id\":\"https:\\\/\\\/www.grupomedcof.com.br\\\/blog\\\/#organization\",\"name\":\"Grupo MedCof\",\"url\":\"https:\\\/\\\/www.grupomedcof.com.br\\\/blog\\\/\",\"logo\":{\"@type\":\"ImageObject\",\"inLanguage\":\"pt-BR\",\"@id\":\"https:\\\/\\\/www.grupomedcof.com.br\\\/blog\\\/#\\\/schema\\\/logo\\\/image\\\/\",\"url\":\"https:\\\/\\\/www.grupomedcof.com.br\\\/blog\\\/wp-content\\\/uploads\\\/2022\\\/01\\\/logo-medcof.png\",\"contentUrl\":\"https:\\\/\\\/www.grupomedcof.com.br\\\/blog\\\/wp-content\\\/uploads\\\/2022\\\/01\\\/logo-medcof.png\",\"width\":768,\"height\":269,\"caption\":\"Grupo MedCof\"},\"image\":{\"@id\":\"https:\\\/\\\/www.grupomedcof.com.br\\\/blog\\\/#\\\/schema\\\/logo\\\/image\\\/\"},\"sameAs\":[\"https:\\\/\\\/www.facebook.com\\\/MedCofQbank\\\/\",\"https:\\\/\\\/www.instagram.com\\\/grupomedcof\\\/\",\"https:\\\/\\\/br.linkedin.com\\\/company\\\/medcof\",\"https:\\\/\\\/www.youtube.com\\\/channel\\\/UCdHMuOHKICxcHwecxN8P-AA\"]},{\"@type\":\"Person\",\"@id\":\"https:\\\/\\\/www.grupomedcof.com.br\\\/blog\\\/#\\\/schema\\\/person\\\/5e56a3921255c01181f3d8c20d53f9c0\",\"name\":\"Grupo MedCof\",\"image\":{\"@type\":\"ImageObject\",\"inLanguage\":\"pt-BR\",\"@id\":\"https:\\\/\\\/www.grupomedcof.com.br\\\/blog\\\/wp-content\\\/uploads\\\/2023\\\/04\\\/cropped-cropped-cropped-cropped-logo-96x96.png28585d174f19c23095510da5f63bc127\",\"url\":\"https:\\\/\\\/www.grupomedcof.com.br\\\/blog\\\/wp-content\\\/uploads\\\/2023\\\/04\\\/cropped-cropped-cropped-cropped-logo-96x96.png\",\"contentUrl\":\"https:\\\/\\\/www.grupomedcof.com.br\\\/blog\\\/wp-content\\\/uploads\\\/2023\\\/04\\\/cropped-cropped-cropped-cropped-logo-96x96.png\",\"caption\":\"Grupo MedCof\"},\"description\":\"Tendo aulas baseadas em quest\u00f5es, + de 115 subespecialistas dispon\u00edveis e uma metodologia \u00fanica, voc\u00ea pode se juntar ao nosso time que conta com mais de 10 mil ...\",\"url\":\"https:\\\/\\\/www.grupomedcof.com.br\\\/blog\\\/author\\\/grupo-medcof\\\/\"}]}<\/script>\n<!-- \/ Yoast SEO Premium plugin. -->","yoast_head_json":{"title":"Voc\u00ea sabe diferenciar os subtipos da esquizofrenia? - Blog de Medcof: conte\u00fados, editais, revalida e mais!","description":"Voc\u00ea sabe diferenciar os subtipos da esquizofrenia? Ela \u00e9 um transtorno psic\u00f3tico grave, heterog\u00eaneo e prejudica o funcionamento social...","robots":{"index":"index","follow":"follow","max-snippet":"max-snippet:-1","max-image-preview":"max-image-preview:large","max-video-preview":"max-video-preview:-1"},"canonical":"https:\/\/www.grupomedcof.com.br\/blog\/voce-sabe-diferenciar-os-subtipos-da-esquizofrenia\/","og_locale":"pt_BR","og_type":"article","og_title":"Voc\u00ea sabe diferenciar os subtipos da esquizofrenia?","og_description":"A esquizofrenia \u00e9 um transtorno psic\u00f3tico grave, heterog\u00eaneo, e de progn\u00f3stico sombrio que prejudicam de forma expressiva o funcionamento social dos pacientes.","og_url":"https:\/\/www.grupomedcof.com.br\/blog\/voce-sabe-diferenciar-os-subtipos-da-esquizofrenia\/","og_site_name":"Blog de Medcof: conte\u00fados, editais, revalida e mais!","article_publisher":"https:\/\/www.facebook.com\/MedCofQbank\/","article_published_time":"2023-06-14T12:49:33+00:00","article_modified_time":"2024-12-03T20:24:05+00:00","og_image":[{"width":1024,"height":576,"url":"https:\/\/www.grupomedcof.com.br\/blog\/wp-content\/uploads\/2023\/06\/Blog-MedCof-54-1024x576.png","type":"image\/png"}],"author":"Grupo MedCof","twitter_card":"summary_large_image","twitter_description":"A esquizofrenia \u00e9 um transtorno psic\u00f3tico grave, heterog\u00eaneo, e de progn\u00f3stico sombrio que prejudicam de forma expressiva o funcionamento social dos pacientes.","twitter_misc":{"Escrito por":"Grupo MedCof","Est. tempo de leitura":"7 minutos"},"schema":{"@context":"https:\/\/schema.org","@graph":[{"@type":"Article","@id":"https:\/\/www.grupomedcof.com.br\/blog\/voce-sabe-diferenciar-os-subtipos-da-esquizofrenia\/#article","isPartOf":{"@id":"https:\/\/www.grupomedcof.com.br\/blog\/voce-sabe-diferenciar-os-subtipos-da-esquizofrenia\/"},"author":{"name":"Grupo MedCof","@id":"https:\/\/www.grupomedcof.com.br\/blog\/#\/schema\/person\/5e56a3921255c01181f3d8c20d53f9c0"},"headline":"Voc\u00ea sabe diferenciar os subtipos da esquizofrenia?","datePublished":"2023-06-14T12:49:33+00:00","dateModified":"2024-12-03T20:24:05+00:00","mainEntityOfPage":{"@id":"https:\/\/www.grupomedcof.com.br\/blog\/voce-sabe-diferenciar-os-subtipos-da-esquizofrenia\/"},"wordCount":752,"commentCount":0,"publisher":{"@id":"https:\/\/www.grupomedcof.com.br\/blog\/#organization"},"image":{"@id":"https:\/\/www.grupomedcof.com.br\/blog\/voce-sabe-diferenciar-os-subtipos-da-esquizofrenia\/#primaryimage"},"thumbnailUrl":"https:\/\/www.grupomedcof.com.br\/blog\/wp-content\/uploads\/2023\/06\/Blog-MedCof-54.png","keywords":["Esquizofrenia","Psiquiatria","Transtornos Psicol\u00f3gicos"],"articleSection":["Psiquiatria"],"inLanguage":"pt-BR"},{"@type":"WebPage","@id":"https:\/\/www.grupomedcof.com.br\/blog\/voce-sabe-diferenciar-os-subtipos-da-esquizofrenia\/","url":"https:\/\/www.grupomedcof.com.br\/blog\/voce-sabe-diferenciar-os-subtipos-da-esquizofrenia\/","name":"Voc\u00ea sabe diferenciar os subtipos da esquizofrenia? - Blog de Medcof: conte\u00fados, editais, revalida e mais!","isPartOf":{"@id":"https:\/\/www.grupomedcof.com.br\/blog\/#website"},"primaryImageOfPage":{"@id":"https:\/\/www.grupomedcof.com.br\/blog\/voce-sabe-diferenciar-os-subtipos-da-esquizofrenia\/#primaryimage"},"image":{"@id":"https:\/\/www.grupomedcof.com.br\/blog\/voce-sabe-diferenciar-os-subtipos-da-esquizofrenia\/#primaryimage"},"thumbnailUrl":"https:\/\/www.grupomedcof.com.br\/blog\/wp-content\/uploads\/2023\/06\/Blog-MedCof-54.png","datePublished":"2023-06-14T12:49:33+00:00","dateModified":"2024-12-03T20:24:05+00:00","description":"Voc\u00ea sabe diferenciar os subtipos da esquizofrenia? Ela \u00e9 um transtorno psic\u00f3tico grave, heterog\u00eaneo e prejudica o funcionamento social...","breadcrumb":{"@id":"https:\/\/www.grupomedcof.com.br\/blog\/voce-sabe-diferenciar-os-subtipos-da-esquizofrenia\/#breadcrumb"},"inLanguage":"pt-BR","potentialAction":[{"@type":"ReadAction","target":["https:\/\/www.grupomedcof.com.br\/blog\/voce-sabe-diferenciar-os-subtipos-da-esquizofrenia\/"]}]},{"@type":"ImageObject","inLanguage":"pt-BR","@id":"https:\/\/www.grupomedcof.com.br\/blog\/voce-sabe-diferenciar-os-subtipos-da-esquizofrenia\/#primaryimage","url":"https:\/\/www.grupomedcof.com.br\/blog\/wp-content\/uploads\/2023\/06\/Blog-MedCof-54.png","contentUrl":"https:\/\/www.grupomedcof.com.br\/blog\/wp-content\/uploads\/2023\/06\/Blog-MedCof-54.png","width":2560,"height":1440,"caption":"Voc\u00ea sabe diferenciar os subtipos da esquizofrenia? Ela \u00e9 um transtorno psic\u00f3tico grave, heterog\u00eaneo e prejudica o funcionamento social..."},{"@type":"BreadcrumbList","@id":"https:\/\/www.grupomedcof.com.br\/blog\/voce-sabe-diferenciar-os-subtipos-da-esquizofrenia\/#breadcrumb","itemListElement":[{"@type":"ListItem","position":1,"name":"In\u00edcio","item":"https:\/\/www.grupomedcof.com.br\/blog\/"},{"@type":"ListItem","position":2,"name":"Voc\u00ea sabe diferenciar os subtipos da esquizofrenia?"}]},{"@type":"WebSite","@id":"https:\/\/www.grupomedcof.com.br\/blog\/#website","url":"https:\/\/www.grupomedcof.com.br\/blog\/","name":"Blog de Medcof: conte\u00fados, editais, revalida e mais!","description":"Acesso o blog de MedCof! Seu portal de conte\u00fados sobre resid\u00eancia m\u00e9dica, an\u00e1lise e editais e muito mais. Clique e confira!","publisher":{"@id":"https:\/\/www.grupomedcof.com.br\/blog\/#organization"},"alternateName":"Blog de Medcof: conte\u00fados, editais, revalida e mais!","potentialAction":[{"@type":"SearchAction","target":{"@type":"EntryPoint","urlTemplate":"https:\/\/www.grupomedcof.com.br\/blog\/?s={search_term_string}"},"query-input":{"@type":"PropertyValueSpecification","valueRequired":true,"valueName":"search_term_string"}}],"inLanguage":"pt-BR"},{"@type":"Organization","@id":"https:\/\/www.grupomedcof.com.br\/blog\/#organization","name":"Grupo MedCof","url":"https:\/\/www.grupomedcof.com.br\/blog\/","logo":{"@type":"ImageObject","inLanguage":"pt-BR","@id":"https:\/\/www.grupomedcof.com.br\/blog\/#\/schema\/logo\/image\/","url":"https:\/\/www.grupomedcof.com.br\/blog\/wp-content\/uploads\/2022\/01\/logo-medcof.png","contentUrl":"https:\/\/www.grupomedcof.com.br\/blog\/wp-content\/uploads\/2022\/01\/logo-medcof.png","width":768,"height":269,"caption":"Grupo MedCof"},"image":{"@id":"https:\/\/www.grupomedcof.com.br\/blog\/#\/schema\/logo\/image\/"},"sameAs":["https:\/\/www.facebook.com\/MedCofQbank\/","https:\/\/www.instagram.com\/grupomedcof\/","https:\/\/br.linkedin.com\/company\/medcof","https:\/\/www.youtube.com\/channel\/UCdHMuOHKICxcHwecxN8P-AA"]},{"@type":"Person","@id":"https:\/\/www.grupomedcof.com.br\/blog\/#\/schema\/person\/5e56a3921255c01181f3d8c20d53f9c0","name":"Grupo MedCof","image":{"@type":"ImageObject","inLanguage":"pt-BR","@id":"https:\/\/www.grupomedcof.com.br\/blog\/wp-content\/uploads\/2023\/04\/cropped-cropped-cropped-cropped-logo-96x96.png28585d174f19c23095510da5f63bc127","url":"https:\/\/www.grupomedcof.com.br\/blog\/wp-content\/uploads\/2023\/04\/cropped-cropped-cropped-cropped-logo-96x96.png","contentUrl":"https:\/\/www.grupomedcof.com.br\/blog\/wp-content\/uploads\/2023\/04\/cropped-cropped-cropped-cropped-logo-96x96.png","caption":"Grupo MedCof"},"description":"Tendo aulas baseadas em quest\u00f5es, + de 115 subespecialistas dispon\u00edveis e uma metodologia \u00fanica, voc\u00ea pode se juntar ao nosso time que conta com mais de 10 mil ...","url":"https:\/\/www.grupomedcof.com.br\/blog\/author\/grupo-medcof\/"}]}},"authors":[{"term_id":3613,"user_id":10,"is_guest":0,"slug":"grupo-medcof","display_name":"Grupo MedCof","avatar_url":"https:\/\/www.grupomedcof.com.br\/blog\/wp-content\/uploads\/2023\/04\/cropped-cropped-cropped-cropped-logo-96x96.png","0":null,"1":"","2":"","3":"","4":"","5":"","6":"","7":"","8":""}],"_links":{"self":[{"href":"https:\/\/www.grupomedcof.com.br\/blog\/wp-json\/wp\/v2\/posts\/8003","targetHints":{"allow":["GET"]}}],"collection":[{"href":"https:\/\/www.grupomedcof.com.br\/blog\/wp-json\/wp\/v2\/posts"}],"about":[{"href":"https:\/\/www.grupomedcof.com.br\/blog\/wp-json\/wp\/v2\/types\/post"}],"author":[{"embeddable":true,"href":"https:\/\/www.grupomedcof.com.br\/blog\/wp-json\/wp\/v2\/users\/10"}],"replies":[{"embeddable":true,"href":"https:\/\/www.grupomedcof.com.br\/blog\/wp-json\/wp\/v2\/comments?post=8003"}],"version-history":[{"count":0,"href":"https:\/\/www.grupomedcof.com.br\/blog\/wp-json\/wp\/v2\/posts\/8003\/revisions"}],"wp:featuredmedia":[{"embeddable":true,"href":"https:\/\/www.grupomedcof.com.br\/blog\/wp-json\/wp\/v2\/media\/8004"}],"wp:attachment":[{"href":"https:\/\/www.grupomedcof.com.br\/blog\/wp-json\/wp\/v2\/media?parent=8003"}],"wp:term":[{"taxonomy":"category","embeddable":true,"href":"https:\/\/www.grupomedcof.com.br\/blog\/wp-json\/wp\/v2\/categories?post=8003"},{"taxonomy":"post_tag","embeddable":true,"href":"https:\/\/www.grupomedcof.com.br\/blog\/wp-json\/wp\/v2\/tags?post=8003"},{"taxonomy":"author","embeddable":true,"href":"https:\/\/www.grupomedcof.com.br\/blog\/wp-json\/wp\/v2\/ppma_author?post=8003"}],"curies":[{"name":"wp","href":"https:\/\/api.w.org\/{rel}","templated":true}]}}